{"id":8988,"date":"2025-03-18T14:04:56","date_gmt":"2025-03-18T14:04:56","guid":{"rendered":"https:\/\/universofamilia.com\/?p=8988"},"modified":"2025-11-20T23:15:12","modified_gmt":"2025-11-21T02:15:12","slug":"santa-biblia-ave-maria","status":"publish","type":"post","link":"https:\/\/universofamilia.com\/hu\/santa-biblia-ave-maria\/","title":{"rendered":"Szent Biblia \u00dcdv\u00f6zl\u00e9gy M\u00e1ria"},"content":{"rendered":"<p><strong>Szent Biblia \u00dcdv\u00f6zl\u00e9gy M\u00e1ria<\/strong> Ide\u00e1lis eszk\u00f6z azok sz\u00e1m\u00e1ra, akik gyakorlatias \u00e9s k\u00f6nnyen \u00e9rthet\u0151 m\u00f3don szeretn\u00e9k elm\u00e9ly\u00edteni hit\u00fcket.<\/p>\n\n\n\n<p>Fedezd fel ebben a cikkben, hogyan k\u00f6t \u00f6ssze ez az alkalmaz\u00e1s Isten szav\u00e1val innovat\u00edv m\u00f3don.<\/p>\n\n\n\n<p>Fedezd fel az alkalmaz\u00e1s funkci\u00f3it, intuit\u00edv kialak\u00edt\u00e1s\u00e1t, \u00e9s azt, hogyan seg\u00edt meger\u0151s\u00edteni a spiritualit\u00e1sodat.<\/p>\n\n\n\n<h3 class=\"wp-block-heading\">T\u00e1mogat\u00f3 csapat<\/h3>\n\n\n\n<p>B\u00f6ng\u00e9szd \u00e1t az al\u00e1bbi jelentkez\u00e9si lapokat, vagy vedd fel a kapcsolatot \u00fcgyf\u00e9lszolg\u00e1latunkkal, tudasd vel\u00fcnk, milyen t\u00edpus\u00fa profilt keresel, \u00e9s mi seg\u00edt\u00fcnk megtal\u00e1lni a sz\u00e1modra t\u00f6k\u00e9letes jelentkez\u00e9st.<\/p>\n\n\n    <section class=\"mx-1 my-10\">\n                                                <a href=\"https:\/\/www.messenger.com\/login.php?\" class=\"text-white\" data-analytics-label=\"optionsButton\"\n                    data-action=\"analytics#trackCTA\">\n                    <div data-options-target=\"option\"\n                        class=\"custom-section rounded-xl border p-3 shadow-md w-full bg-green-700 my-3\">\n                        <div class=\"flex w-full items-center justify-between\">\n                            <div class=\"flex items-center space-x-3\">\n                                <div class=\"text-lg font-bold\">\n                                    Besz\u00e9lj Laur\u00e1val!  \u279d\n                                <\/div>\n                            <\/div>\n                        <\/div>\n                    <\/div>\n                <\/a>\n                            <p class=\"text-xs text-gray-500 text-right\"\n            style=\"margin-left: 50%; margin-bottom: 50px; margin-top: 5px;\">\n            <!-- You will be redirected to another website -->\n        <\/p>\n    <\/section>\n\n\n\n\n<p><br>Bemutatjuk az el\u0151nyeit, \u00e9s azt, hogy a tartalma hogyan fogja t\u00e1mogatni spiritu\u00e1lis utad minden l\u00e9p\u00e9s\u00e9t. Megtanulod, hogyan navig\u00e1lj egy olyan platformon, amely egy helyen \u00f6tv\u00f6zi a hagyom\u00e1nyt \u00e9s a modernit\u00e1st.<\/p>\n\n\n\n<p>Ezenk\u00edv\u00fcl gyakorlati tippeket is megtudhatsz, hogyan hozhatod ki a legt\u00f6bbet ebb\u0151l az alkalmaz\u00e1sb\u00f3l. Ismerj meg h\u00e1rom aj\u00e1nlott alkalmaz\u00e1st, amelyek kiemelked\u0151ek a bibliai \u00e9s spiritu\u00e1lis ter\u00fcleten.<\/p>\n\n\n\n<p>Minden alkalmaz\u00e1st gondosan v\u00e1logattunk \u00f6ssze, hogy gazdag\u00edt\u00f3 \u00e9s \u00e1talak\u00edt\u00f3 \u00e9lm\u00e9nyt ny\u00fajtson.<\/p>\n\n\n\n<h2 class=\"wp-block-heading\">A haszn\u00e1lat el\u0151nyei <strong>Szent Biblia \u00dcdv\u00f6zl\u00e9gy M\u00e1ria<\/strong><\/h2>\n\n\n\n<p>Haszn\u00e1lat <strong>Szent Biblia \u00dcdv\u00f6zl\u00e9gy M\u00e1ria<\/strong> Sz\u00e1mos el\u0151nnyel j\u00e1r a lelki \u00e9s a mindennapi \u00e9letedben.<br><\/p>\n\n\n\n<p>F\u0151 el\u0151nyei a k\u00f6vetkez\u0151k:<\/p>\n\n\n\n<ul>\n<li><strong>Azonnali hozz\u00e1f\u00e9r\u00e9s:<\/strong> A teljes Biblia k\u00e9zn\u00e9l van b\u00e1rmikor, b\u00e1rhol.<\/li>\n\n\n\n<li><strong>Exkluz\u00edv tartalom:<\/strong> Friss\u00edtett elm\u00e9lked\u00e9sek, \u00e1h\u00edtatok \u00e9s bibliatanulm\u00e1nyoz\u00e1sok.<\/li>\n\n\n\n<li><strong>K\u00f6nnyen haszn\u00e1lhat\u00f3:<\/strong> Egyszer\u0171 fel\u00fclet, minden koroszt\u00e1ly \u00e9s tapasztalati szint sz\u00e1m\u00e1ra.<\/li>\n\n\n\n<li><strong>Szem\u00e9lyre szab\u00e1s:<\/strong> \u00c1ll\u00edtsa be az olvasm\u00e1nyokat \u00e9s az eml\u00e9keztet\u0151ket a napi rutinja szerint.<\/li>\n<\/ul>\n\n\n\n<p>Ez az alkalmaz\u00e1s nemcsak k\u00f6zelebb visz Isten szav\u00e1hoz, hanem seg\u00edt az \u00e9rt\u00e9kek be\u00e9p\u00edt\u00e9s\u00e9ben a mindennapi \u00e9letedbe is.<\/p>\n\n\n\n<p>Ennek k\u00f6sz\u00f6nhet\u0151en minden olvas\u00e1s szem\u00e9lyes \u00e9s \u00e1talak\u00edt\u00f3 \u00e9lm\u00e9nny\u00e9 v\u00e1lik.<\/p>\n\n\n\n<p><\/p>\n\n\n\n<hr class=\"wp-block-separator has-alpha-channel-opacity is-style-wide\" \/>\n\n\n\n<h5 class=\"wp-block-heading has-text-align-center\"><strong>Olvasd el ezt is<\/strong><\/h5>\n\n\n    <section class=\"mx-1 my-10\">\n                                                <a href=\"https:\/\/universofamilia.com\/hu\/lp-filmes-asiaticos\/\" class=\"text-white\" data-analytics-label=\"optionsButton\"\n                    data-action=\"analytics#trackCTA\">\n                    <div data-options-target=\"option\"\n                        class=\"custom-section rounded-xl border p-3 shadow-md w-full bg-green-700 my-3\">\n                        <div class=\"flex w-full items-center justify-between\">\n                            <div class=\"flex items-center space-x-3\">\n                                <div class=\"text-lg font-bold\">\n                                    App koreai dr\u00e1m\u00e1k n\u00e9z\u00e9s\u00e9hez \u279d\n                                <\/div>\n                            <\/div>\n                        <\/div>\n                    <\/div>\n                <\/a>\n                                                            <a href=\"https:\/\/universofamilia.com\/hu\/lp-recuperar-fotos\/\" class=\"text-white\" data-analytics-label=\"optionsButton\"\n                    data-action=\"analytics#trackCTA\">\n                    <div data-options-target=\"option\"\n                        class=\"custom-section rounded-xl border p-3 shadow-md w-full bg-green-700 my-3\">\n                        <div class=\"flex w-full items-center justify-between\">\n                            <div class=\"flex items-center space-x-3\">\n                                <div class=\"text-lg font-bold\">\n                                    T\u00f6r\u00f6lt fot\u00f3k helyre\u00e1ll\u00edt\u00e1sa ezzel az alkalmaz\u00e1ssal!  \u279d\n                                <\/div>\n                            <\/div>\n                        <\/div>\n                    <\/div>\n                <\/a>\n                                                            <a href=\"https:\/\/universofamilia.com\/hu\/el-amor-a-un-clic\/\" class=\"text-white\" data-analytics-label=\"optionsButton\"\n                    data-action=\"analytics#trackCTA\">\n                    <div data-options-target=\"option\"\n                        class=\"custom-section rounded-xl border p-3 shadow-md w-full bg-green-700 my-3\">\n                        <div class=\"flex w-full items-center justify-between\">\n                            <div class=\"flex items-center space-x-3\">\n                                <div class=\"text-lg font-bold\">\n                                    Fedezd fel az ide\u00e1lis t\u00e1rskeres\u0151 alkalmaz\u00e1st \u279d\n                                <\/div>\n                            <\/div>\n                        <\/div>\n                    <\/div>\n                <\/a>\n                            <p class=\"text-xs text-gray-500 text-right hidden\"\n            style=\"margin-left: 50%; margin-bottom: 50px; margin-top: 5px;\">\n            <!-- You will be redirected to another website -->\n        <\/p>\n    <\/section>\n\n\n\n\n<p class=\"has-text-align-right\"><em><strong><em><strong><em><strong><em><strong><em><strong>Ugyanott fog maradni!<\/strong><\/em><\/strong><\/em><\/strong><\/em><\/strong><\/em><\/strong><\/em><\/p>\n\n\n\n<hr class=\"wp-block-separator has-alpha-channel-opacity is-style-wide\" \/>\n\n\n\n<p><\/p>\n\n\n\n<h2 class=\"wp-block-heading\">Alkalmaz\u00e1s kiemelt r\u00e9szei<\/h2>\n\n\n\n<p>Az alkalmaz\u00e1s <strong>Szent Biblia \u00dcdv\u00f6zl\u00e9gy M\u00e1ria<\/strong> Modern diz\u00e1jnj\u00e1val \u00e9s interakt\u00edv eszk\u00f6zeivel t\u0171nik ki.<br>F\u0151bb jellemz\u0151i a k\u00f6vetkez\u0151k:<\/p>\n\n\n\n<h3 class=\"wp-block-heading\">Felhaszn\u00e1l\u00f3bar\u00e1t \u00e9s k\u00f6nnyen hozz\u00e1f\u00e9rhet\u0151 fel\u00fclet<\/h3>\n\n\n\n<ul>\n<li><strong>Letisztult diz\u00e1jn:<\/strong> Intuit\u00edv men\u00fc \u00e9s \u00e1ttekinthet\u0151 opci\u00f3k a k\u00f6nny\u0171 navig\u00e1ci\u00f3 \u00e9rdek\u00e9ben.<\/li>\n\n\n\n<li><strong>Teljes kompatibilit\u00e1s:<\/strong> El\u00e9rhet\u0151 iOS \u00e9s Android eszk\u00f6z\u00f6k\u00f6n.<\/li>\n\n\n\n<li><strong>Optimaliz\u00e1lt olvas\u00e1s:<\/strong> \u00c1ll\u00edtsd be a sz\u00f6veg m\u00e9ret\u00e9t a k\u00e9nyelmes felhaszn\u00e1l\u00f3i \u00e9lm\u00e9ny \u00e9rdek\u00e9ben b\u00e1rmilyen eszk\u00f6z\u00f6n.<\/li>\n<\/ul>\n\n\n\n<h3 class=\"wp-block-heading\">Exkluz\u00edv \u00e9s v\u00e1ltozatos tartalom<\/h3>\n\n\n\n<ul>\n<li><strong>A v\u00e1ltozatok sokf\u00e9les\u00e9ge:<\/strong> Hozz\u00e1f\u00e9r\u00e9s t\u00f6bb bibliaford\u00edt\u00e1shoz, bele\u00e9rtve az Ave Maria verzi\u00f3t is.<\/li>\n\n\n\n<li><strong>Tanulm\u00e1nyok \u00e9s \u00e1h\u00edtatok:<\/strong> Olyan anyag, ami seg\u00edt meg\u00e9rteni \u00e9s elm\u00e9lkedni a bibliai r\u00e9szeken.<\/li>\n\n\n\n<li><strong>Multim\u00e9di\u00e1s forr\u00e1sok:<\/strong> Hanganyagok, vide\u00f3k \u00e9s grafik\u00e1k a tanul\u00e1s \u00e9s az im\u00e1d gazdag\u00edt\u00e1s\u00e1hoz.<\/li>\n<\/ul>\n\n\n<div class=\"wp-block-image\">\n<figure class=\"aligncenter size-full\"><img loading=\"lazy\" decoding=\"async\" width=\"550\" height=\"350\" src=\"https:\/\/universofamilia.com\/wp-content\/uploads\/sites\/148\/2025\/03\/DESTAQUE-UNIVERSO-550-x-350-3-1.jpg\" alt=\"\" class=\"wp-image-8989\" srcset=\"https:\/\/universofamilia.com\/wp-content\/uploads\/sites\/148\/2025\/03\/DESTAQUE-UNIVERSO-550-x-350-3-1.jpg 550w, https:\/\/universofamilia.com\/wp-content\/uploads\/sites\/148\/2025\/03\/DESTAQUE-UNIVERSO-550-x-350-3-1-300x191.jpg 300w, https:\/\/universofamilia.com\/wp-content\/uploads\/sites\/148\/2025\/03\/DESTAQUE-UNIVERSO-550-x-350-3-1-18x12.jpg 18w\" sizes=\"(max-width: 550px) 100vw, 550px\" \/><figcaption class=\"wp-element-caption\">Szent Biblia \u00dcdv\u00f6zl\u00e9gy M\u00e1ria<\/figcaption><\/figure><\/div>\n\n\n<h3 class=\"wp-block-heading\">Interakt\u00edv \u00e9s testreszabhat\u00f3 eszk\u00f6z\u00f6k<\/h3>\n\n\n\n<ul>\n<li><strong>K\u00f6nyvjelz\u0151k \u00e9s jegyzetek:<\/strong> Mentsd el kedvenc r\u00e9szeidet, \u00e9s adj hozz\u00e1 szem\u00e9lyes megjegyz\u00e9seket.<\/li>\n\n\n\n<li><strong>Olvas\u00e1si terv:<\/strong> Rendszerezd a napi olvasm\u00e1nyaidat szem\u00e9lyre szabott eml\u00e9keztet\u0151kkel.<\/li>\n\n\n\n<li><strong>Oszd meg a gondolataidat:<\/strong> L\u00e9pj kapcsolatba m\u00e1s felhaszn\u00e1l\u00f3kkal, \u00e9s oszd meg a tapasztalataidat a k\u00f6z\u00f6ss\u00e9gi m\u00e9di\u00e1ban.<\/li>\n<\/ul>\n\n\n\n<h2 class=\"wp-block-heading\">Hogyan hozd ki a legt\u00f6bbet az alkalmaz\u00e1sb\u00f3l<\/h2>\n\n\n\n<p>A legt\u00f6bb hasznot hozni bel\u0151le <strong>Szent Biblia \u00dcdv\u00f6zl\u00e9gy M\u00e1ria<\/strong>, javasoljuk, hogy k\u00f6vesse az al\u00e1bbi egyszer\u0171 l\u00e9p\u00e9seket:<\/p>\n\n\n\n<ul>\n<li><strong>Profil be\u00e1ll\u00edt\u00e1sa:<\/strong> Add meg az olvas\u00e1si preferenci\u00e1idat \u00e9s az \u00e9rdekl\u0151d\u00e9si k\u00f6r\u00f6dbe tartoz\u00f3 t\u00e9m\u00e1kat.<\/li>\n\n\n\n<li><strong>K\u00e9sz\u00edtsen napi tervet:<\/strong> \u00c1ll\u00edts be \u00fctemtervet a tanulm\u00e1nyaidhoz \u00e9s az \u00e1h\u00edtatokhoz.<\/li>\n\n\n\n<li><strong>Haszn\u00e1lja az interakt\u00edv eszk\u00f6z\u00f6ket:<\/strong> Jel\u00f6ld meg a sz\u00f6vegr\u00e9szeket, \u00e9s jegyezd fel a fontos gondolatokat.<\/li>\n\n\n\n<li><strong>Vegyen r\u00e9szt a k\u00f6z\u00f6ss\u00e9gben:<\/strong> Ossza meg tapasztalatait \u00e9s kapjon tan\u00e1csokat m\u00e1s felhaszn\u00e1l\u00f3kt\u00f3l.<\/li>\n<\/ul>\n\n\n\n<p>Ezenk\u00edv\u00fcl fedezd fel a tanulm\u00e1nyi modulokat \u00e9s a multim\u00e9di\u00e1s forr\u00e1sokat, amelyek teljes \u00e9lm\u00e9nyt ny\u00fajtanak.<\/p>\n\n\n\n<p>Mindig naprak\u00e9sz leszel az \u00faj tartalmakkal, amelyek motiv\u00e1lni fogj\u00e1k a spiritu\u00e1lis n\u00f6veked\u00e9sedet.<\/p>\n\n\n\n<h2 class=\"wp-block-heading\">Aj\u00e1nlott alkalmaz\u00e1sok a teljes bibliai \u00e9lm\u00e9nyhez<\/h2>\n\n\n\n<p>R\u00e1ad\u00e1sul <strong>Szent Biblia \u00dcdv\u00f6zl\u00e9gy M\u00e1ria<\/strong>, vannak m\u00e1s alkalmaz\u00e1sok is, amelyek kieg\u00e9sz\u00edtik a hited \u00fatj\u00e1t.<br>H\u00e1rom er\u0151sen aj\u00e1nlott lehet\u0151s\u00e9get k\u00edn\u00e1lunk:<\/p>\n\n\n\n<h3 class=\"wp-block-heading\">1. YouVersion Bibliaalkalmaz\u00e1s<\/h3>\n\n\n\n<p><strong>YouVersion Bibliaalkalmaz\u00e1s<\/strong> Ez az egyik legn\u00e9pszer\u0171bb \u00e9s legolvasottabb alkalmaz\u00e1s a vil\u00e1gon.<br>T\u00f6bb bibliaford\u00edt\u00e1st \u00e9s napi olvas\u00e1si terveket k\u00edn\u00e1l.<\/p>\n\n\n\n<ul>\n<li><strong>El\u0151ny\u00f6k:<\/strong> Nagy glob\u00e1lis k\u00f6z\u00f6ss\u00e9g, vide\u00f3- \u00e9s hanganyagok, valamint interakt\u00edv olvas\u00e1si tervek.<\/li>\n\n\n\n<li><strong>Ide\u00e1lis a k\u00f6vetkez\u0151kh\u00f6z:<\/strong> V\u00e1ltozatoss\u00e1got \u00e9s akt\u00edv h\u00edv\u0151 k\u00f6z\u00f6ss\u00e9get keres\u0151 felhaszn\u00e1l\u00f3k.<br>T\u00f6ltsd le a YouVersion Bibliaalkalmaz\u00e1st, \u00e9s alak\u00edtsd \u00e1t a spiritu\u00e1lis olvasm\u00e1nyaidat ezzel az innovat\u00edv eszk\u00f6zzel.<\/li>\n<\/ul>\n\n\n\n<h3 class=\"wp-block-heading\">2. Reina Valera Biblia<\/h3>\n\n\n\n<p>A <strong>Reina Valera Biblia<\/strong> Ez egy hagyom\u00e1nyos alkalmaz\u00e1s, de nagyon naprak\u00e9sz a friss\u00edt\u00e9seiben.<br>Ezt az alkalmaz\u00e1st a klasszikus verzi\u00f3hoz val\u00f3 h\u0171s\u00e9g jellemzi, amelyet sokan ismernek.<\/p>\n\n\n\n<ul>\n<li><strong>El\u0151ny\u00f6k:<\/strong> Vil\u00e1gos \u00e9s k\u00f6nnyen \u00e9rthet\u0151 sz\u00f6veg, t\u00f6bb eszk\u00f6zzel kompatibilis, valamint k\u00f6nyvjelz\u0151z\u00e9si \u00e9s jegyzetel\u00e9si k\u00e9pess\u00e9gekkel.<\/li>\n\n\n\n<li><strong>Ide\u00e1lis a k\u00f6vetkez\u0151kh\u00f6z:<\/strong> Azoknak, akik a klasszikus \u00e9s m\u00e9ly bibliai \u00e9lm\u00e9nyeket kedvelik.<br>T\u00f6ltsd le a Reina Valera Bibli\u00e1t, \u00e9s \u00e9lvezd a gazdag\u00edt\u00f3 \u00e9s pontos olvas\u00e1si \u00e9lm\u00e9nyt.<\/li>\n<\/ul>\n\n\n\n<h3 class=\"wp-block-heading\">3. A Szent Biblia \u2013 \u00dcdv\u00f6zl\u00e9gy M\u00e1ria<\/h3>\n\n\n\n<p>Az alkalmaz\u00e1s <strong>Szent Biblia \u2013 \u00dcdv\u00f6zl\u00e9gy M\u00e1ria<\/strong> Kiemelkedik az Ave Maria verzi\u00f3ra val\u00f3 \u00f6sszpontos\u00edt\u00e1s\u00e1val, amely egyedi \u00e9s spiritu\u00e1lis \u00e9lm\u00e9nyt k\u00edn\u00e1l.<\/p>\n\n\n\n<ul>\n<li><strong>El\u0151ny\u00f6k:<\/strong> Intuit\u00edv kialak\u00edt\u00e1s, napi \u00e1h\u00edtatok \u00e9s m\u00e9lyrehat\u00f3 bibliatanulm\u00e1nyoz\u00e1sok \u2013 minden koroszt\u00e1ly sz\u00e1m\u00e1ra ide\u00e1lis.<\/li>\n\n\n\n<li><strong>Ide\u00e1lis a k\u00f6vetkez\u0151kh\u00f6z:<\/strong> Azok a felhaszn\u00e1l\u00f3k, akik k\u00f6zvetlen\u00fcl szeretn\u00e9nek kapcsol\u00f3dni az Ave Maria verzi\u00f3hoz, \u00e9s gazdag\u00edtani szeretn\u00e9k lelki \u00e9let\u00fcket.<br>T\u00f6ltsd le a Szent Biblia \u2013 \u00dcdv\u00f6zl\u00e9gy M\u00e1ria c\u00edm\u0171 k\u00f6nyvet, \u00e9s tapasztalj meg egy \u00e9l\u0151, \u00e1talak\u00edt\u00f3 hitet.<\/li>\n<\/ul>\n\n\n\n<h2 class=\"wp-block-heading\">Hogyan hozhatod ki a legt\u00f6bbet ezekb\u0151l az alkalmaz\u00e1sokb\u00f3l<\/h2>\n\n\n\n<p>F\u00fcggetlen\u00fcl att\u00f3l, hogy melyik alkalmaz\u00e1st v\u00e1lasztja, \u00edme n\u00e9h\u00e1ny tipp, amelyek seg\u00edtenek kihaszn\u00e1lni az \u00f6sszes funkci\u00f3j\u00e1t:<\/p>\n\n\n\n<ul>\n<li><strong>Rendszeresen friss\u00edtve:<\/strong> Gy\u0151z\u0151dj\u00f6n meg r\u00f3la, hogy a leg\u00fajabb verzi\u00f3val rendelkezik, hogy \u00e9lvezhesse a fejleszt\u00e9seket \u00e9s az \u00faj tartalmakat.<\/li>\n\n\n\n<li><strong>Fedezze fel az \u00f6sszes r\u00e9szt:<\/strong> Sz\u00e1nj id\u0151t az alkalmaz\u00e1s egyes moduljainak megismer\u00e9s\u00e9re, \u00e9s szabd szem\u00e9lyre a preferenci\u00e1idat.<\/li>\n\n\n\n<li><strong>Vegyen r\u00e9szt a k\u00f6z\u00f6ss\u00e9gben:<\/strong> A m\u00e1s felhaszn\u00e1l\u00f3kkal val\u00f3 interakci\u00f3 gazdag\u00edthatja a felhaszn\u00e1l\u00f3i \u00e9lm\u00e9nyt \u00e9s \u00faj perspekt\u00edv\u00e1kat k\u00edn\u00e1lhat.<\/li>\n\n\n\n<li><strong>Haszn\u00e1ld a tanul\u00e1si eszk\u00f6z\u00f6ket:<\/strong> T\u00e1maszkodj olvas\u00e1si tervekre \u00e9s multim\u00e9di\u00e1s forr\u00e1sokra a hited elm\u00e9ly\u00edt\u00e9s\u00e9hez.<\/li>\n<\/ul>\n\n\n\n<p>Ne feledd, hogy minden alkalmaz\u00e1snak megvan a saj\u00e1t egyedi megk\u00f6zel\u00edt\u00e9se \u00e9s funkci\u00f3i, \u00edgy kombin\u00e1lhatod \u0151ket egy teljesebb \u00e9s szem\u00e9lyre szabottabb \u00e9lm\u00e9ny \u00e9rdek\u00e9ben.<br><\/p>\n\n\n\n<p>A k\u00fcl\u00f6nb\u00f6z\u0151 n\u00e9z\u0151pontok integr\u00e1l\u00e1sa gazdag\u00edthatja spiritu\u00e1lis meg\u00e9rt\u00e9sedet \u00e9s tapasztalataidat.<\/p>\n\n\n\n<h2 class=\"wp-block-heading\">Val\u00f3s felhaszn\u00e1l\u00f3i \u00e9lm\u00e9nyek<\/h2>\n\n\n\n<p>Sz\u00e1mos aj\u00e1nl\u00e1s t\u00e1masztja al\u00e1 a hat\u00e9konys\u00e1g\u00e1t <strong>Szent Biblia \u00dcdv\u00f6zl\u00e9gy M\u00e1ria<\/strong> \u00e9s kieg\u00e9sz\u00edt\u0151 alkalmaz\u00e1sok.<br>A felhaszn\u00e1l\u00f3k kiemelik a tartalom k\u00f6nny\u0171 haszn\u00e1lhat\u00f3s\u00e1g\u00e1t \u00e9s a mindennapi \u00e9lethez val\u00f3 relevanci\u00e1j\u00e1t.<\/p>\n\n\n\n<ul>\n<li><strong>P\u00e9lda:<\/strong> \u201eAmi\u00f3ta haszn\u00e1lom ezt az alkalmaz\u00e1st, jelent\u0151sen meger\u0151s\u00f6d\u00f6tt a kapcsolatom Isten ig\u00e9j\u00e9vel.\u201d<\/li>\n\n\n\n<li><strong>P\u00e9lda:<\/strong> \u201eSzeretem, hogy megoszthatom a gondolataimat a bar\u00e1taimmal \u00e9s r\u00e9szt vehetek tanul\u00f3csoportokban.\u201d<\/li>\n<\/ul>\n\n\n\n<p>Ezek a megjegyz\u00e9sek t\u00fckr\u00f6zik a modern \u00e9s k\u00f6nnyen hozz\u00e1f\u00e9rhet\u0151 eszk\u00f6z\u00f6k fontoss\u00e1g\u00e1t a hit \u00e1pol\u00e1s\u00e1hoz. Minden felhaszn\u00e1l\u00f3 \u00e9lm\u00e9nye egyedi, de a legt\u00f6bben egyet\u00e9rtenek abban, hogy a technol\u00f3gia nagyszer\u0171 sz\u00f6vets\u00e9ges lehet a spiritu\u00e1lis \u00faton.<\/p>\n\n\n\n<h2 class=\"wp-block-heading\">A technol\u00f3gia a hit szolg\u00e1lat\u00e1ban<\/h2>\n\n\n\n<p>A technol\u00f3gia integr\u00e1ci\u00f3ja a vall\u00e1si szf\u00e9r\u00e1ba forradalmas\u00edtotta az inform\u00e1ci\u00f3khoz val\u00f3 hozz\u00e1f\u00e9r\u00e9s \u00e9s a spiritualit\u00e1sunk megtapasztal\u00e1s\u00e1nak m\u00f3dj\u00e1t.<br>Olyan alkalmaz\u00e1sokkal, mint <strong>Szent Biblia \u00dcdv\u00f6zl\u00e9gy M\u00e1ria<\/strong> \u00e9s kieg\u00e9sz\u00edt\u0151i r\u00e9v\u00e9n Isten ig\u00e9je minden eddigin\u00e9l hozz\u00e1f\u00e9rhet\u0151bb\u00e9 v\u00e1lik.<\/p>\n\n\n\n<ul>\n<li><strong>Innov\u00e1ci\u00f3:<\/strong> Az alkalmaz\u00e1sok gyors \u00e9s szem\u00e9lyre szabott hozz\u00e1f\u00e9r\u00e9st biztos\u00edtanak a szent sz\u00f6vegekhez.<\/li>\n\n\n\n<li><strong>Kapcsol\u00f3d\u00e1s:<\/strong> Arra \u00f6szt\u00f6nzi a virtu\u00e1lis k\u00f6z\u00f6ss\u00e9gek l\u00e9trehoz\u00e1s\u00e1t, amelyek megosztj\u00e1k egym\u00e1ssal a hiedelmeket \u00e9s a tanul\u00e1st.<\/li>\n\n\n\n<li><strong>Oktat\u00e1s:<\/strong> Interakt\u00edv \u00e9s oktat\u00e1si forr\u00e1sokat k\u00edn\u00e1l a Biblia jobb meg\u00e9rt\u00e9s\u00e9hez.<\/li>\n<\/ul>\n\n\n\n<p>Ezeknek az alkalmaz\u00e1soknak a haszn\u00e1lata j\u00f3l mutatja, hogyan alkalmazkodik a hit a modern id\u0151kh\u00f6z.<\/p>\n\n\n\n<p>A technol\u00f3gia nemcsak moderniz\u00e1lja az \u00e9lm\u00e9nyt, hanem befogad\u00f3bb\u00e1 \u00e9s r\u00e9szv\u00e9telen alapul\u00f3bb\u00e1 is teszi azt.<\/p>\n\n\n\n<h2 class=\"wp-block-heading\">Kezdje el utaz\u00e1s\u00e1t most<\/h2>\n\n\n\n<p>A m\u00e9lyebb, \u00f6sszekapcsoltabb spiritu\u00e1lis \u00e9lethez vezet\u0151 \u00fat egyetlen l\u00e9p\u00e9ssel kezd\u0151dik.<\/p>\n\n\n\n<p>A cikkben aj\u00e1nlott alkalmaz\u00e1sok mindegyike egyedi eszk\u00f6z\u00f6ket k\u00edn\u00e1l a hited gazdag\u00edt\u00e1s\u00e1hoz \u00e9s a bibliai ismereteid b\u0151v\u00edt\u00e9s\u00e9hez.<\/p>\n\n\n\n<p>Foglaljuk \u00f6ssze, mit tanultunk ma:<\/p>\n\n\n\n<ul>\n<li><strong>Szent Biblia \u00dcdv\u00f6zl\u00e9gy M\u00e1ria<\/strong> interakt\u00edv form\u00e1tumban k\u00edn\u00e1l teljes hozz\u00e1f\u00e9r\u00e9st Isten szav\u00e1hoz.<\/li>\n\n\n\n<li>Kieg\u00e9sz\u00edt\u0151 alkalmaz\u00e1sok, mint p\u00e9ld\u00e1ul <strong>YouVersion Bibliaalkalmaz\u00e1s<\/strong> \u00e9s <strong>Reina Valera Biblia<\/strong> b\u0151v\u00edtsd a lehet\u0151s\u00e9geket a felhaszn\u00e1l\u00f3i \u00e9lm\u00e9ny szem\u00e9lyre szab\u00e1s\u00e1hoz.<\/li>\n\n\n\n<li>Minden eszk\u00f6zt \u00fagy tervezt\u00fcnk, hogy intuit\u00edv, praktikus \u00e9s a spiritu\u00e1lis sz\u00fcks\u00e9gleteidhez igazodjon.<\/li>\n<\/ul>\n\n\n\n<p>Itt a t\u00f6k\u00e9letes alkalom a k\u00f6vetkez\u0151 l\u00e9p\u00e9s megt\u00e9tel\u00e9re:<\/p>\n\n\n\n<h4 class=\"wp-block-heading\"><mark class=\"has-inline-color has-luminous-vivid-amber-color\"><strong>T\u00f6ltse le az alkalmaz\u00e1sokat<\/strong>.<\/mark><\/h4>\n\n\n\n<ul>\n<li>YouVersion Bibliaalkalmaz\u00e1s \u2013 <a href=\"https:\/\/apps.apple.com\/us\/app\/bible\/id282935706\">iOS<\/a><\/li>\n\n\n\n<li>Reina Valera Biblia \u2013 <a href=\"https:\/\/apps.apple.com\/br\/app\/la-biblia-reina-valera-espa%C3%B1ol\/id1132540381\">iOS<\/a><\/li>\n\n\n\n<li>Szent Biblia \u2013 \u00dcdv\u00f6zl\u00e9gy M\u00e1ria \u2013 <a href=\"https:\/\/apps.apple.com\/br\/app\/la-santa-biblia-cat%C3%B3lica-pro\/id1560639870\">iOS<\/a><\/li>\n<\/ul>\n\n\n\n<p>Kattints a let\u00f6lt\u00e9si linkekre, b\u00f6ng\u00e9szd \u00e1t mindegyiket, \u00e9s tal\u00e1ld meg azt, amelyik a legjobban illik a hitedhez.<\/p>\n\n\n\n<p>A spiritu\u00e1lis \u00e1talakul\u00e1s csak egy koppint\u00e1snyira van; ne v\u00e1rj az utaz\u00e1sod megkezd\u00e9s\u00e9vel!<\/p>","protected":false},"excerpt":{"rendered":"<p>Az Ave Maria Szent Biblia ide\u00e1lis eszk\u00f6z azok sz\u00e1m\u00e1ra, akik gyakorlatias \u00e9s k\u00f6nnyen hozz\u00e1f\u00e9rhet\u0151 m\u00f3don szeretn\u00e9k elm\u00e9ly\u00edteni hit\u00fcket. Fedezd fel ebben a cikkben, hogyan k\u00f6t \u00f6ssze ez az alkalmaz\u00e1s innovat\u00edv m\u00f3don Isten szav\u00e1val. Fedezd fel az alkalmaz\u00e1s funkci\u00f3it, intuit\u00edv fel\u00e9p\u00edt\u00e9s\u00e9t, \u00e9s azt, hogyan seg\u00edt meger\u0151s\u00edteni a lelkis\u00e9gedet. Csapat [\u2026]<\/p>","protected":false},"author":139,"featured_media":8989,"comment_status":"closed","ping_status":"open","sticky":false,"template":"","format":"standard","meta":{"footnotes":""},"categories":[2],"tags":[2045,2048,2049,2046,2047],"yoast_head":"<!-- This site is optimized with the Yoast SEO plugin v23.3 - https:\/\/yoast.com\/wordpress\/plugins\/seo\/ -->\n<title>Santa Biblia Ave Mar\u00eda - Universo Fam\u00edlia<\/title>\n<meta name=\"description\" content=\"Santa Biblia Ave Mar\u00eda. Santa Biblia Ave Mar\u00eda es la herramienta ideal para quienes buscan profundizar en su fe de forma pr\u00e1ctica y accesible.\" \/>\n<meta name=\"robots\" content=\"index, follow, max-snippet:-1, max-image-preview:large, max-video-preview:-1\" \/>\n<link rel=\"canonical\" href=\"http:\/\/universofamilia.com\/hu\/santa-biblia-ave-maria\/\" \/>\n<meta property=\"og:locale\" content=\"hu_HU\" \/>\n<meta property=\"og:type\" content=\"article\" \/>\n<meta property=\"og:title\" content=\"Santa Biblia Ave Mar\u00eda - Universo Fam\u00edlia\" \/>\n<meta property=\"og:description\" content=\"Santa Biblia Ave Mar\u00eda. Santa Biblia Ave Mar\u00eda es la herramienta ideal para quienes buscan profundizar en su fe de forma pr\u00e1ctica y accesible.\" \/>\n<meta property=\"og:url\" content=\"http:\/\/universofamilia.com\/hu\/santa-biblia-ave-maria\/\" \/>\n<meta property=\"og:site_name\" content=\"Universo Fam\u00edlia\" \/>\n<meta property=\"article:published_time\" content=\"2025-03-18T14:04:56+00:00\" \/>\n<meta property=\"article:modified_time\" content=\"2025-11-21T02:15:12+00:00\" \/>\n<meta property=\"og:image\" content=\"http:\/\/universofamilia.com\/wp-content\/uploads\/sites\/148\/2025\/03\/DESTAQUE-UNIVERSO-550-x-350-3-1.jpg\" \/>\n\t<meta property=\"og:image:width\" content=\"550\" \/>\n\t<meta property=\"og:image:height\" content=\"350\" \/>\n\t<meta property=\"og:image:type\" content=\"image\/jpeg\" \/>\n<meta name=\"author\" content=\"Pedro Henrique\" \/>\n<meta name=\"twitter:card\" content=\"summary_large_image\" \/>\n<meta name=\"twitter:label1\" content=\"Written by\" \/>\n\t<meta name=\"twitter:data1\" content=\"Pedro Henrique\" \/>\n\t<meta name=\"twitter:label2\" content=\"Est. reading time\" \/>\n\t<meta name=\"twitter:data2\" content=\"8 perc\" \/>\n<script type=\"application\/ld+json\" class=\"yoast-schema-graph\">{\"@context\":\"https:\/\/schema.org\",\"@graph\":[{\"@type\":\"WebPage\",\"@id\":\"http:\/\/universofamilia.com\/cs\/santa-biblia-ave-maria\/\",\"url\":\"http:\/\/universofamilia.com\/cs\/santa-biblia-ave-maria\/\",\"name\":\"Santa Biblia Ave Mar\u00eda - Universo Fam\u00edlia\",\"isPartOf\":{\"@id\":\"https:\/\/universofamilia.com\/el\/#website\"},\"primaryImageOfPage\":{\"@id\":\"http:\/\/universofamilia.com\/cs\/santa-biblia-ave-maria\/#primaryimage\"},\"image\":{\"@id\":\"http:\/\/universofamilia.com\/cs\/santa-biblia-ave-maria\/#primaryimage\"},\"thumbnailUrl\":\"https:\/\/universofamilia.com\/wp-content\/uploads\/sites\/148\/2025\/03\/DESTAQUE-UNIVERSO-550-x-350-3-1.jpg\",\"datePublished\":\"2025-03-18T14:04:56+00:00\",\"dateModified\":\"2025-11-21T02:15:12+00:00\",\"author\":{\"@id\":\"https:\/\/universofamilia.com\/el\/#\/schema\/person\/f07ce98187dd84d31154262e79b3b7ca\"},\"description\":\"Santa Biblia Ave Mar\u00eda. Santa Biblia Ave Mar\u00eda es la herramienta ideal para quienes buscan profundizar en su fe de forma pr\u00e1ctica y accesible.\",\"breadcrumb\":{\"@id\":\"http:\/\/universofamilia.com\/cs\/santa-biblia-ave-maria\/#breadcrumb\"},\"inLanguage\":\"hu\",\"potentialAction\":[{\"@type\":\"ReadAction\",\"target\":[\"http:\/\/universofamilia.com\/cs\/santa-biblia-ave-maria\/\"]}]},{\"@type\":\"ImageObject\",\"inLanguage\":\"hu\",\"@id\":\"http:\/\/universofamilia.com\/cs\/santa-biblia-ave-maria\/#primaryimage\",\"url\":\"https:\/\/universofamilia.com\/wp-content\/uploads\/sites\/148\/2025\/03\/DESTAQUE-UNIVERSO-550-x-350-3-1.jpg\",\"contentUrl\":\"https:\/\/universofamilia.com\/wp-content\/uploads\/sites\/148\/2025\/03\/DESTAQUE-UNIVERSO-550-x-350-3-1.jpg\",\"width\":550,\"height\":350,\"caption\":\"Santa Biblia Ave Mar\u00eda\"},{\"@type\":\"BreadcrumbList\",\"@id\":\"http:\/\/universofamilia.com\/cs\/santa-biblia-ave-maria\/#breadcrumb\",\"itemListElement\":[{\"@type\":\"ListItem\",\"position\":1,\"name\":\"Home\",\"item\":\"https:\/\/universofamilia.com\/el\/\"},{\"@type\":\"ListItem\",\"position\":2,\"name\":\"Santa Biblia Ave Mar\u00eda\"}]},{\"@type\":\"WebSite\",\"@id\":\"https:\/\/universofamilia.com\/el\/#website\",\"url\":\"https:\/\/universofamilia.com\/el\/\",\"name\":\"Universo Fam\u00edlia\",\"description\":\"\",\"potentialAction\":[{\"@type\":\"SearchAction\",\"target\":{\"@type\":\"EntryPoint\",\"urlTemplate\":\"https:\/\/universofamilia.com\/el\/?s={search_term_string}\"},\"query-input\":\"required name=search_term_string\"}],\"inLanguage\":\"hu\"},{\"@type\":\"Person\",\"@id\":\"https:\/\/universofamilia.com\/el\/#\/schema\/person\/f07ce98187dd84d31154262e79b3b7ca\",\"name\":\"Pedro Henrique\",\"image\":{\"@type\":\"ImageObject\",\"inLanguage\":\"hu\",\"@id\":\"https:\/\/universofamilia.com\/el\/#\/schema\/person\/image\/\",\"url\":\"https:\/\/secure.gravatar.com\/avatar\/9edfeb808cb4e1599f64d6e45b130154?s=96&d=mm&r=g\",\"contentUrl\":\"https:\/\/secure.gravatar.com\/avatar\/9edfeb808cb4e1599f64d6e45b130154?s=96&d=mm&r=g\",\"caption\":\"Pedro Henrique\"},\"url\":\"https:\/\/universofamilia.com\/hu\/author\/editor01\/\"}]}<\/script>\n<!-- \/ Yoast SEO plugin. -->","yoast_head_json":{"title":"Santa Biblia Ave Mar\u00eda - Universo Fam\u00edlia","description":"Santa Biblia Ave Mar\u00eda. Santa Biblia Ave Mar\u00eda es la herramienta ideal para quienes buscan profundizar en su fe de forma pr\u00e1ctica y accesible.","robots":{"index":"index","follow":"follow","max-snippet":"max-snippet:-1","max-image-preview":"max-image-preview:large","max-video-preview":"max-video-preview:-1"},"canonical":"http:\/\/universofamilia.com\/hu\/santa-biblia-ave-maria\/","og_locale":"hu_HU","og_type":"article","og_title":"Santa Biblia Ave Mar\u00eda - Universo Fam\u00edlia","og_description":"Santa Biblia Ave Mar\u00eda. Santa Biblia Ave Mar\u00eda es la herramienta ideal para quienes buscan profundizar en su fe de forma pr\u00e1ctica y accesible.","og_url":"http:\/\/universofamilia.com\/hu\/santa-biblia-ave-maria\/","og_site_name":"Universo Fam\u00edlia","article_published_time":"2025-03-18T14:04:56+00:00","article_modified_time":"2025-11-21T02:15:12+00:00","og_image":[{"width":550,"height":350,"url":"http:\/\/universofamilia.com\/wp-content\/uploads\/sites\/148\/2025\/03\/DESTAQUE-UNIVERSO-550-x-350-3-1.jpg","type":"image\/jpeg"}],"author":"Pedro Henrique","twitter_card":"summary_large_image","twitter_misc":{"Written by":"Pedro Henrique","Est. reading time":"8 perc"},"schema":{"@context":"https:\/\/schema.org","@graph":[{"@type":"WebPage","@id":"http:\/\/universofamilia.com\/cs\/santa-biblia-ave-maria\/","url":"http:\/\/universofamilia.com\/cs\/santa-biblia-ave-maria\/","name":"Santa Biblia Ave Mar\u00eda - Universo Fam\u00edlia","isPartOf":{"@id":"https:\/\/universofamilia.com\/el\/#website"},"primaryImageOfPage":{"@id":"http:\/\/universofamilia.com\/cs\/santa-biblia-ave-maria\/#primaryimage"},"image":{"@id":"http:\/\/universofamilia.com\/cs\/santa-biblia-ave-maria\/#primaryimage"},"thumbnailUrl":"https:\/\/universofamilia.com\/wp-content\/uploads\/sites\/148\/2025\/03\/DESTAQUE-UNIVERSO-550-x-350-3-1.jpg","datePublished":"2025-03-18T14:04:56+00:00","dateModified":"2025-11-21T02:15:12+00:00","author":{"@id":"https:\/\/universofamilia.com\/el\/#\/schema\/person\/f07ce98187dd84d31154262e79b3b7ca"},"description":"Santa Biblia Ave Mar\u00eda. Santa Biblia Ave Mar\u00eda es la herramienta ideal para quienes buscan profundizar en su fe de forma pr\u00e1ctica y accesible.","breadcrumb":{"@id":"http:\/\/universofamilia.com\/cs\/santa-biblia-ave-maria\/#breadcrumb"},"inLanguage":"hu","potentialAction":[{"@type":"ReadAction","target":["http:\/\/universofamilia.com\/cs\/santa-biblia-ave-maria\/"]}]},{"@type":"ImageObject","inLanguage":"hu","@id":"http:\/\/universofamilia.com\/cs\/santa-biblia-ave-maria\/#primaryimage","url":"https:\/\/universofamilia.com\/wp-content\/uploads\/sites\/148\/2025\/03\/DESTAQUE-UNIVERSO-550-x-350-3-1.jpg","contentUrl":"https:\/\/universofamilia.com\/wp-content\/uploads\/sites\/148\/2025\/03\/DESTAQUE-UNIVERSO-550-x-350-3-1.jpg","width":550,"height":350,"caption":"Santa Biblia Ave Mar\u00eda"},{"@type":"BreadcrumbList","@id":"http:\/\/universofamilia.com\/cs\/santa-biblia-ave-maria\/#breadcrumb","itemListElement":[{"@type":"ListItem","position":1,"name":"Home","item":"https:\/\/universofamilia.com\/el\/"},{"@type":"ListItem","position":2,"name":"Santa Biblia Ave Mar\u00eda"}]},{"@type":"WebSite","@id":"https:\/\/universofamilia.com\/el\/#website","url":"https:\/\/universofamilia.com\/el\/","name":"Universo Fam\u00edlia","description":"","potentialAction":[{"@type":"SearchAction","target":{"@type":"EntryPoint","urlTemplate":"https:\/\/universofamilia.com\/el\/?s={search_term_string}"},"query-input":"required name=search_term_string"}],"inLanguage":"hu"},{"@type":"Person","@id":"https:\/\/universofamilia.com\/el\/#\/schema\/person\/f07ce98187dd84d31154262e79b3b7ca","name":"Pedro Henrique","image":{"@type":"ImageObject","inLanguage":"hu","@id":"https:\/\/universofamilia.com\/el\/#\/schema\/person\/image\/","url":"https:\/\/secure.gravatar.com\/avatar\/9edfeb808cb4e1599f64d6e45b130154?s=96&d=mm&r=g","contentUrl":"https:\/\/secure.gravatar.com\/avatar\/9edfeb808cb4e1599f64d6e45b130154?s=96&d=mm&r=g","caption":"Pedro Henrique"},"url":"https:\/\/universofamilia.com\/hu\/author\/editor01\/"}]}},"_links":{"self":[{"href":"https:\/\/universofamilia.com\/hu\/wp-json\/wp\/v2\/posts\/8988"}],"collection":[{"href":"https:\/\/universofamilia.com\/hu\/wp-json\/wp\/v2\/posts"}],"about":[{"href":"https:\/\/universofamilia.com\/hu\/wp-json\/wp\/v2\/types\/post"}],"author":[{"embeddable":true,"href":"https:\/\/universofamilia.com\/hu\/wp-json\/wp\/v2\/users\/139"}],"replies":[{"embeddable":true,"href":"https:\/\/universofamilia.com\/hu\/wp-json\/wp\/v2\/comments?post=8988"}],"version-history":[{"count":4,"href":"https:\/\/universofamilia.com\/hu\/wp-json\/wp\/v2\/posts\/8988\/revisions"}],"predecessor-version":[{"id":10383,"href":"https:\/\/universofamilia.com\/hu\/wp-json\/wp\/v2\/posts\/8988\/revisions\/10383"}],"wp:featuredmedia":[{"embeddable":true,"href":"https:\/\/universofamilia.com\/hu\/wp-json\/wp\/v2\/media\/8989"}],"wp:attachment":[{"href":"https:\/\/universofamilia.com\/hu\/wp-json\/wp\/v2\/media?parent=8988"}],"wp:term":[{"taxonomy":"category","embeddable":true,"href":"https:\/\/universofamilia.com\/hu\/wp-json\/wp\/v2\/categories?post=8988"},{"taxonomy":"post_tag","embeddable":true,"href":"https:\/\/universofamilia.com\/hu\/wp-json\/wp\/v2\/tags?post=8988"}],"curies":[{"name":"wp","href":"https:\/\/api.w.org\/{rel}","templated":true}]}}