{"id":8995,"date":"2025-03-18T20:14:10","date_gmt":"2025-03-18T20:14:10","guid":{"rendered":"https:\/\/universofamilia.com\/?p=8995"},"modified":"2025-10-13T16:05:39","modified_gmt":"2025-10-13T19:05:39","slug":"descubre-quien-visualiza-tu-perfil-en-instagram-y-facebook","status":"publish","type":"post","link":"https:\/\/universofamilia.com\/hu\/descubre-quien-visualiza-tu-perfil-en-instagram-y-facebook\/","title":{"rendered":"Tudd meg, kik n\u00e9zik meg a profilodat az Instagramon \u00e9s a Facebookon"},"content":{"rendered":"<p>A mai digit\u00e1lis vil\u00e1gban, ha tudod, kik l\u00e1togatj\u00e1k a profiljaidat, az seg\u00edthet megalapozott d\u00f6nt\u00e9seket hozni az online jelenl\u00e9teddel kapcsolatban.<\/p>\n\n\n\n<p>Ezen adatok meg\u00e9rt\u00e9se kulcsfontoss\u00e1g\u00fa lehet a k\u00f6z\u00f6ss\u00e9gi m\u00e9dia strat\u00e9gi\u00e1d fellend\u00edt\u00e9s\u00e9hez.<\/p>\n\n\n\n<p>A l\u00e1togat\u00f3iddal kapcsolatos inform\u00e1ci\u00f3k birtok\u00e1ban m\u00f3dos\u00edthatod a bejegyz\u00e9seidet \u00e9s jav\u00edthatod az elk\u00f6telez\u0151d\u00e9st.<br>A technol\u00f3gia fejl\u0151dik, \u00e9s ma m\u00e1r vannak olyan alkalmaz\u00e1sok, amelyek val\u00f3s idej\u0171 statisztik\u00e1kat k\u00edn\u00e1lnak egyszer\u0171 m\u00f3don.<\/p>\n\n\n\n<p>Ismerd meg azokat az eszk\u00f6z\u00f6ket, amelyek seg\u00edtenek felfedezni a l\u00e1togat\u00f3idat \u00e9s kezelni az adatv\u00e9delmedet.<\/p>\n\n\n\n<p>A cikkben tippeket \u00e9s gyakorlati p\u00e9ld\u00e1kat tal\u00e1lsz, amelyekkel jav\u00edthatod az Instagram \u00e9s a Facebook \u00e9lm\u00e9nyedet.<\/p>\n\n\n\n<h2 class=\"wp-block-heading\">Mi\u00e9rt fontos ismerni a l\u00e1togat\u00f3idat?<\/h2>\n\n\n\n<p>Profiljaid l\u00e1that\u00f3s\u00e1ga \u00e9s elemz\u00e9se sz\u00e1mos el\u0151nnyel j\u00e1r az \u00d6n sz\u00e1m\u00e1ra.<br>Ha meg\u00e9rted, hogy kik l\u00e9pnek interakci\u00f3ba a tartalmaiddal, akkor szem\u00e9lyre szabhatod a strat\u00e9gi\u00e1idat \u00e9s n\u00f6velheted a hat\u00e1sodat.<\/p>\n\n\n\n<ul>\n<li><strong>Tartalom optimaliz\u00e1l\u00e1sa:<\/strong> Ha tudod, hogy kik l\u00e1togatnak el hozz\u00e1d, az seg\u00edt a tartalmaidat a k\u00f6z\u00f6ns\u00e9ged \u00e9rdekl\u0151d\u00e9s\u00e9hez igaz\u00edtani.<\/li>\n\n\n\n<li><strong>Fokozott elk\u00f6telez\u0151d\u00e9s:<\/strong> Pontos adatokkal k\u00f6zvetlen\u00fcl \u00f6szt\u00f6n\u00f6zheti az interakci\u00f3kat.<\/li>\n\n\n\n<li><strong>Marketingstrat\u00e9gia:<\/strong> A hat\u00e9kony hirdet\u00e9si kamp\u00e1nyok lebonyol\u00edt\u00e1s\u00e1hoz elengedhetetlen a l\u00e1togat\u00f3k ismerete.<\/li>\n\n\n\n<li><strong>Biztons\u00e1g \u00e9s adatv\u00e9delem:<\/strong> A profilod megtekint\u0151inek nyomon k\u00f6vet\u00e9se lehet\u0151v\u00e9 teszi a potenci\u00e1lis fenyeget\u00e9sek vagy a nem k\u00edv\u00e1nt hozz\u00e1f\u00e9r\u00e9sek \u00e9szlel\u00e9s\u00e9t.<\/li>\n<\/ul>\n\n\n\n<h3 class=\"wp-block-heading\">Val\u00f3s adatok \u00e9s p\u00e9ld\u00e1k<\/h3>\n\n\n\n<p>Friss tanulm\u00e1nyok azt mutatj\u00e1k, hogy azok a felhaszn\u00e1l\u00f3k, akik ismerik a statisztik\u00e1ikat, 35%-vel t\u00f6bb interakci\u00f3t mutatnak a posztjaikkal kapcsolatban.<\/p>\n\n\n\n<p>Tov\u00e1bb\u00e1 a k\u00f6z\u00f6ss\u00e9gi m\u00e9dia adatelemz\u00e9se alapvet\u0151 eszk\u00f6zz\u00e9 v\u00e1lt a v\u00e1llalkoz\u00f3k \u00e9s a szem\u00e9lyes m\u00e1rk\u00e1k sz\u00e1m\u00e1ra.<\/p>\n\n\n\n<p>P\u00e9ld\u00e1ul egy influenszer, aki alkalmaz\u00e1sokat haszn\u00e1lt a k\u00f6z\u00f6ns\u00e9ge megismer\u00e9s\u00e9re, 251TP3-mal n\u00f6velte a v\u00e1laszad\u00e1si ar\u00e1ny\u00e1t.<\/p>\n\n\n\n<p>Az ilyen t\u00edpus\u00fa inform\u00e1ci\u00f3k lehet\u0151v\u00e9 teszik sz\u00e1munkra, hogy ne csak a tartalmat, hanem a k\u00f6z\u00f6ss\u00e9gi m\u00e9dia kommunik\u00e1ci\u00f3s strat\u00e9gi\u00e1j\u00e1t is fejlessz\u00fck.<\/p>\n\n\n\n<p><\/p>\n\n\n\n<hr class=\"wp-block-separator has-alpha-channel-opacity is-style-wide\" \/>\n\n\n\n<h5 class=\"wp-block-heading has-text-align-center\"><strong>Olvasd el ezt is<\/strong><\/h5>\n\n\n    <section class=\"mx-1 my-10\">\n                                                <a href=\"https:\/\/universofamilia.com\/hu\/lp-filmes-asiaticos\/\" class=\"text-white\" data-analytics-label=\"optionsButton\"\n                    data-action=\"analytics#trackCTA\">\n                    <div data-options-target=\"option\"\n                        class=\"custom-section rounded-xl border p-3 shadow-md w-full bg-green-700 my-3\">\n                        <div class=\"flex w-full items-center justify-between\">\n                            <div class=\"flex items-center space-x-3\">\n                                <div class=\"text-lg font-bold\">\n                                    App koreai dr\u00e1m\u00e1k n\u00e9z\u00e9s\u00e9hez \u279d\n                                <\/div>\n                            <\/div>\n                        <\/div>\n                    <\/div>\n                <\/a>\n                                                            <a href=\"https:\/\/universofamilia.com\/hu\/lp-recuperar-fotos\/\" class=\"text-white\" data-analytics-label=\"optionsButton\"\n                    data-action=\"analytics#trackCTA\">\n                    <div data-options-target=\"option\"\n                        class=\"custom-section rounded-xl border p-3 shadow-md w-full bg-green-700 my-3\">\n                        <div class=\"flex w-full items-center justify-between\">\n                            <div class=\"flex items-center space-x-3\">\n                                <div class=\"text-lg font-bold\">\n                                    T\u00f6r\u00f6lt fot\u00f3k helyre\u00e1ll\u00edt\u00e1sa ezzel az alkalmaz\u00e1ssal!  \u279d\n                                <\/div>\n                            <\/div>\n                        <\/div>\n                    <\/div>\n                <\/a>\n                                                            <a href=\"https:\/\/universofamilia.com\/hu\/el-amor-a-un-clic\/\" class=\"text-white\" data-analytics-label=\"optionsButton\"\n                    data-action=\"analytics#trackCTA\">\n                    <div data-options-target=\"option\"\n                        class=\"custom-section rounded-xl border p-3 shadow-md w-full bg-green-700 my-3\">\n                        <div class=\"flex w-full items-center justify-between\">\n                            <div class=\"flex items-center space-x-3\">\n                                <div class=\"text-lg font-bold\">\n                                    Fedezd fel az ide\u00e1lis t\u00e1rskeres\u0151 alkalmaz\u00e1st \u279d\n                                <\/div>\n                            <\/div>\n                        <\/div>\n                    <\/div>\n                <\/a>\n                            <p class=\"text-xs text-gray-500 text-right hidden\"\n            style=\"margin-left: 50%; margin-bottom: 50px; margin-top: 5px;\">\n            <!-- You will be redirected to another website -->\n        <\/p>\n    <\/section>\n\n\n\n\n<p class=\"has-text-align-right\"><em><strong><em><strong><em><strong><em><strong><em><strong>Ugyanott fog maradni!<\/strong><\/em><\/strong><\/em><\/strong><\/em><\/strong><\/em><\/strong><\/em><\/p>\n\n\n\n<hr class=\"wp-block-separator has-alpha-channel-opacity is-style-wide\" \/>\n\n\n\n<p><\/p>\n\n\n\n<h2 class=\"wp-block-heading\">Hogyan m\u0171k\u00f6dnek a l\u00e1togat\u00f3felder\u00edt\u0151 alkalmaz\u00e1sok?<\/h2>\n\n\n\n<p>Az aj\u00e1nlott alkalmaz\u00e1sok fejlett algoritmusokat haszn\u00e1lnak, amelyek biztons\u00e1gosan gy\u0171jtik az adatokat.<\/p>\n\n\n\n<p>Ezek az eszk\u00f6z\u00f6k integr\u00e1l\u00f3dnak a k\u00f6z\u00f6ss\u00e9gi m\u00e9dia profiljaiddal, hogy r\u00e9szletes elemz\u00e9seket ny\u00fajtsanak.<\/p>\n\n\n\n<h3 class=\"wp-block-heading\">Adatgy\u0171jt\u00e9si mechanizmusok<\/h3>\n\n\n\n<p>Az alkalmaz\u00e1sok k\u00fcl\u00f6nb\u00f6z\u0151 m\u00f3dszereket haszn\u00e1lnak a l\u00e1togat\u00f3k n\u00e9vtelen \u00e9s biztons\u00e1gos nyomon k\u00f6vet\u00e9s\u00e9re:<\/p>\n\n\n\n<ul>\n<li><strong>API-kapcsolat:<\/strong> A k\u00f6z\u00f6ss\u00e9gi h\u00e1l\u00f3zat API-j\u00e1val kommunik\u00e1lnak, hogy statisztik\u00e1kat szerezzenek az \u00d6n adatainak vesz\u00e9lyeztet\u00e9se n\u00e9lk\u00fcl.<\/li>\n\n\n\n<li><strong>Viselked\u00e9selemz\u00e9s:<\/strong> Algoritmusokat haszn\u00e1lnak, amelyek azonos\u00edtj\u00e1k a felhaszn\u00e1l\u00f3i b\u00f6ng\u00e9sz\u00e9si viselked\u00e9s mint\u00e1it.<\/li>\n\n\n\n<li><strong>Riaszt\u00e1sok \u00e9s \u00e9rtes\u00edt\u00e9sek:<\/strong> Val\u00f3s id\u0151ben t\u00e1j\u00e9koztatnak, ha szokatlan l\u00e1togat\u00e1sokat vagy ismeretlen profilokb\u00f3l \u00e9rkez\u0151 l\u00e1togat\u00e1sokat \u00e9szlelnek.<\/li>\n\n\n\n<li><strong>Felhaszn\u00e1l\u00f3bar\u00e1t fel\u00fclet:<\/strong> Intuit\u00edv kialak\u00edt\u00e1suknak k\u00f6sz\u00f6nhet\u0151en m\u00e9g a nem m\u0171szaki felhaszn\u00e1l\u00f3k is haszn\u00e1lhatj\u00e1k \u0151ket.<\/li>\n<\/ul>\n\n\n<div class=\"wp-block-image\">\n<figure class=\"aligncenter size-full\"><img loading=\"lazy\" decoding=\"async\" width=\"550\" height=\"350\" src=\"https:\/\/universofamilia.com\/wp-content\/uploads\/sites\/148\/2025\/03\/DESTAQUE-UNIVERSO-550-x-350-5.jpg\" alt=\"\" class=\"wp-image-8997\" srcset=\"https:\/\/universofamilia.com\/wp-content\/uploads\/sites\/148\/2025\/03\/DESTAQUE-UNIVERSO-550-x-350-5.jpg 550w, https:\/\/universofamilia.com\/wp-content\/uploads\/sites\/148\/2025\/03\/DESTAQUE-UNIVERSO-550-x-350-5-300x191.jpg 300w, https:\/\/universofamilia.com\/wp-content\/uploads\/sites\/148\/2025\/03\/DESTAQUE-UNIVERSO-550-x-350-5-18x12.jpg 18w\" sizes=\"(max-width: 550px) 100vw, 550px\" \/><\/figure><\/div>\n\n\n<h3 class=\"wp-block-heading\">Ezen eszk\u00f6z\u00f6k haszn\u00e1lat\u00e1nak el\u0151nyei<\/h3>\n\n\n\n<p>A speci\u00e1lis alkalmaz\u00e1sok haszn\u00e1lat\u00e1nak sz\u00e1mos el\u0151nye van, t\u00f6bbek k\u00f6z\u00f6tt:<\/p>\n\n\n\n<ul>\n<li><strong>Val\u00f3s idej\u0171 adatok:<\/strong> \u00c9rtes\u00edt\u00e9seket kaphatsz a profilod minden egyes l\u00e1togat\u00e1s\u00e1r\u00f3l.<\/li>\n\n\n\n<li><strong>Egyszer\u0171s\u00edtett fel\u00fclet:<\/strong> \u00dagy tervezt\u00e9k, hogy komplik\u00e1ci\u00f3k n\u00e9lk\u00fcl megk\u00f6nny\u00edtse az elemz\u00e9st.<\/li>\n\n\n\n<li><strong>Adatv\u00e9delem garant\u00e1lva:<\/strong> Biztons\u00e1gi protokollok szerint m\u0171k\u00f6dnek, amelyek v\u00e9dik a szem\u00e9lyes adatait.<\/li>\n\n\n\n<li><strong>Testreszabott strat\u00e9gi\u00e1k:<\/strong> Lehet\u0151v\u00e9 teszik, hogy val\u00f3s adatokon alapul\u00f3 marketingkamp\u00e1nyokat tervezzen.<\/li>\n<\/ul>\n\n\n\n<h2 class=\"wp-block-heading\">Aj\u00e1nlott alkalmaz\u00e1sok a l\u00e1togat\u00f3k felfedez\u00e9s\u00e9hez<\/h2>\n\n\n\n<p>Az al\u00e1bbiakban h\u00e1rom olyan alkalmaz\u00e1st mutatunk be, amelyek hat\u00e9konys\u00e1guk \u00e9s k\u00f6nny\u0171 haszn\u00e1latuk miatt magas \u00e9rt\u00e9kel\u00e9st kaptak. Mindegyik alkalmaz\u00e1s egyedi funkci\u00f3kkal t\u0171nik ki, amelyek seg\u00edtenek jobban meg\u00e9rteni a k\u00f6z\u00f6ns\u00e9gedet.<\/p>\n\n\n\n<h3 class=\"wp-block-heading\">1. InstaTracker<\/h3>\n\n\n\n<p><strong>InstaTracker<\/strong> Ez egy olyan alkalmaz\u00e1s, amelyet az Instagram-felhaszn\u00e1l\u00f3k sz\u00e1m\u00e1ra terveztek, akik r\u00e9szletesen szeretn\u00e9k tudni, hogy ki l\u00e1togatja meg a profiljukat.<\/p>\n\n\n\n<p>F\u0151 jellemz\u0151i a k\u00f6vetkez\u0151k:<\/p>\n\n\n\n<ul>\n<li><strong>Val\u00f3s idej\u0171 statisztik\u00e1k:<\/strong> Azonnali jelent\u00e9seket kaphat fi\u00f3kja l\u00e1togat\u00f3ir\u00f3l.<\/li>\n\n\n\n<li><strong>Intuit\u00edv kezel\u0151fel\u00fclet:<\/strong> K\u00f6nnyen haszn\u00e1lhat\u00f3, m\u00e9g nem m\u0171szaki be\u00e1ll\u00edtotts\u00e1g\u00fa emberek sz\u00e1m\u00e1ra is.<\/li>\n\n\n\n<li><strong>Biztons\u00e1g \u00e9s adatv\u00e9delem:<\/strong> Magas szint\u0171 adatv\u00e9delmi el\u0151\u00edr\u00e1soknak felel meg, biztos\u00edtva az inform\u00e1ci\u00f3k bizalmas kezel\u00e9s\u00e9t.<\/li>\n\n\n\n<li><strong>Egy\u00e9ni riaszt\u00e1sok:<\/strong> \u00c1ll\u00edtson be \u00e9rtes\u00edt\u00e9seket a szokatlan l\u00e1togat\u00e1sok vagy \u00e9rdekes profilok \u00e9szlel\u00e9s\u00e9re.<\/li>\n<\/ul>\n\n\n\n<p>Ez az alkalmaz\u00e1s ide\u00e1lis influenszerek, kisv\u00e1llalkoz\u00e1sok \u00e9s b\u00e1rki sz\u00e1m\u00e1ra, aki jav\u00edtani szeretn\u00e9 Instagram-jelenl\u00e9t\u00e9t.<\/p>\n\n\n\n<p>Ezenk\u00edv\u00fcl az InstaTracker lehet\u0151v\u00e9 teszi a k\u00fcl\u00f6nb\u00f6z\u0151 bejegyz\u00e9sek teljes\u00edtm\u00e9ny\u00e9nek \u00f6sszehasonl\u00edt\u00e1s\u00e1t, seg\u00edtve a tartalomstrat\u00e9gia finomhangol\u00e1s\u00e1t.<\/p>\n\n\n\n<h3 class=\"wp-block-heading\">2. Arcellen\u0151rz\u00e9s<\/h3>\n\n\n\n<p><strong>Arcellen\u0151rz\u00e9s<\/strong> T\u00f6k\u00e9letes v\u00e1laszt\u00e1s azok sz\u00e1m\u00e1ra, akik szeretn\u00e9k nyomon k\u00f6vetni a Facebookon zajl\u00f3 tev\u00e9kenys\u00e9geket.<br>Ez az alkalmaz\u00e1s r\u00e9szletes adatokat szolg\u00e1ltat arr\u00f3l, hogy kik l\u00e9pnek interakci\u00f3ba a profiloddal \u00e9s a bejegyz\u00e9seiddel.<br>El\u0151nyei k\u00f6z\u00e9 tartozik:<\/p>\n\n\n\n<ul>\n<li><strong>A l\u00e1togat\u00e1sok r\u00e9szletes elemz\u00e9se:<\/strong> Ez lehet\u0151v\u00e9 teszi, hogy megismerd a bejegyz\u00e9seid \u00e1ltal gener\u00e1lt interakci\u00f3k gyakoris\u00e1g\u00e1t \u00e9s t\u00edpus\u00e1t.<\/li>\n\n\n\n<li><strong>Tev\u00e9kenys\u00e9gi el\u0151zm\u00e9nyek:<\/strong> Vezessen r\u00e9szletes napl\u00f3kat a l\u00e1togat\u00e1sokr\u00f3l, hogy elemezhesse az id\u0151beli trendeket.<\/li>\n\n\n\n<li><strong>Riaszt\u00e1si be\u00e1ll\u00edt\u00e1sok:<\/strong> Val\u00f3s idej\u0171 \u00e9rtes\u00edt\u00e9sek, amelyek t\u00e1j\u00e9koztatnak a profiltev\u00e9kenys\u00e9ged v\u00e1ltoz\u00e1sair\u00f3l.<\/li>\n\n\n\n<li><strong>Felhaszn\u00e1l\u00f3bar\u00e1t kialak\u00edt\u00e1s:<\/strong> Minden koroszt\u00e1ly sz\u00e1m\u00e1ra tervezt\u00e9k, egyszer\u0171 \u00e9s k\u00f6nnyen \u00e1ttekinthet\u0151 fel\u00fclettel.<\/li>\n<\/ul>\n\n\n\n<p>A FaceCheck kiemelkedik a pontos betekint\u00e9st ny\u00fajt\u00f3 k\u00e9pess\u00e9g\u00e9vel, \u00edgy n\u00e9lk\u00fcl\u00f6zhetetlen eszk\u00f6z a Facebook-strat\u00e9gi\u00e1jukat optimaliz\u00e1lni k\u00edv\u00e1n\u00f3 felhaszn\u00e1l\u00f3k sz\u00e1m\u00e1ra.<\/p>\n\n\n\n<h3 class=\"wp-block-heading\">3. K\u00f6z\u00f6ss\u00e9gi n\u00e9z\u0151<\/h3>\n\n\n\n<p><strong>K\u00f6z\u00f6ss\u00e9giMegtekint\u0151<\/strong> Ez egy sokoldal\u00fa alkalmaz\u00e1s, amely lehet\u0151v\u00e9 teszi az Instagram \u00e9s a Facebook nyomon k\u00f6vet\u00e9s\u00e9t.<\/p>\n\n\n\n<p>Ez az eszk\u00f6z a k\u00e9t vil\u00e1g legjav\u00e1t \u00f6tv\u00f6zi, \u00e1tfog\u00f3 statisztik\u00e1kat k\u00edn\u00e1lva a profiljaidr\u00f3l.<\/p>\n\n\n\n<p>F\u0151 funkci\u00f3i a k\u00f6vetkez\u0151k:<\/p>\n\n\n\n<ul>\n<li><strong>Egys\u00e9ges ir\u00e1ny\u00edt\u00f3pult:<\/strong> Tekintse meg az \u00f6sszes relev\u00e1ns k\u00f6z\u00f6ss\u00e9gi m\u00e9dia mutat\u00f3j\u00e1t egy helyen.<\/li>\n\n\n\n<li><strong>Adat\u00f6sszehasonl\u00edt\u00e1s:<\/strong> Elemezze \u00e9s hasonl\u00edtsa \u00f6ssze az Instagramon \u00e9s a Facebookon v\u00e9gzett tev\u00e9kenys\u00e9geket a k\u00f6z\u00f6s mint\u00e1k felismer\u00e9se \u00e9rdek\u00e9ben.<\/li>\n\n\n\n<li><strong>R\u00e9szletes jelent\u00e9sek:<\/strong> Jelent\u00e9seket k\u00e9sz\u00edthetsz, amelyek seg\u00edtenek jobban meg\u00e9rteni k\u00f6vet\u0151id viselked\u00e9s\u00e9t.<\/li>\n\n\n\n<li><strong>K\u00f6nny\u0171 integr\u00e1ci\u00f3:<\/strong> Biztons\u00e1gosan csatlakozik mindk\u00e9t h\u00e1l\u00f3zathoz an\u00e9lk\u00fcl, hogy vesz\u00e9lyeztetn\u00e9 az adataid v\u00e9delm\u00e9t.<\/li>\n<\/ul>\n\n\n\n<p>A SocialViewer k\u00fcl\u00f6n\u00f6sen hasznos a v\u00e1llalkoz\u00f3k \u00e9s m\u00e1rkamenedzserek sz\u00e1m\u00e1ra, akik t\u00f6bb k\u00f6z\u00f6ss\u00e9gi m\u00e9dia profilt kezelnek.<\/p>\n\n\n\n<p>Ez az alkalmaz\u00e1s lehet\u0151v\u00e9 teszi az adatvez\u00e9relt d\u00f6nt\u00e9sek meghozatal\u00e1t \u00e9s a digit\u00e1lis kamp\u00e1nyok hat\u00e9konys\u00e1g\u00e1nak jav\u00edt\u00e1s\u00e1t.<\/p>\n\n\n\n<h2 class=\"wp-block-heading\">A l\u00e1togat\u00f3k k\u00f6z\u00f6ss\u00e9gi oldalakon val\u00f3 megismer\u00e9s\u00e9nek el\u0151nyei<\/h2>\n\n\n\n<p>A profilod l\u00e1togat\u00f3inak meg\u00e9rt\u00e9se t\u00falmutat az egyszer\u0171 k\u00edv\u00e1ncsis\u00e1gon.<\/p>\n\n\n\n<p>A l\u00e1togat\u00f3k ismerete sz\u00e1mos el\u0151nnyel j\u00e1r, amelyek \u00e1talak\u00edthatj\u00e1k digit\u00e1lis jelenl\u00e9t\u00e9t.<\/p>\n\n\n\n<h3 class=\"wp-block-heading\">N\u00f6velje az interakci\u00f3t \u00e9s az elk\u00f6telez\u0151d\u00e9st<\/h3>\n\n\n\n<p>A l\u00e1togat\u00f3kr\u00f3l sz\u00f3l\u00f3 pontos adatok birtok\u00e1ban a k\u00f6vetkez\u0151ket teheti:<\/p>\n\n\n\n<ul>\n<li><strong>Tartalom szem\u00e9lyre szab\u00e1sa:<\/strong> Alak\u00edtsd a bejegyz\u00e9seidet a k\u00f6z\u00f6ns\u00e9ged \u00e9rdekl\u0151d\u00e9si k\u00f6r\u00e9hez \u00e9s viselked\u00e9s\u00e9hez.<\/li>\n\n\n\n<li><strong>R\u00e9szv\u00e9tel \u00f6szt\u00f6nz\u00e9se:<\/strong> K\u00e9sz\u00edts interakt\u00edv tartalmat, amely akt\u00edv r\u00e9szv\u00e9telre \u00f6szt\u00f6nzi a k\u00f6vet\u0151idet.<\/li>\n\n\n\n<li><strong>Trendek \u00e9szlel\u00e9se:<\/strong> Figyelj meg mint\u00e1kat, amelyek azt jelzik, hogy milyen t\u00edpus\u00fa tartalom v\u00e1ltja ki a legnagyobb \u00e9rdekl\u0151d\u00e9st.<\/li>\n<\/ul>\n\n\n\n<h3 class=\"wp-block-heading\">Jav\u00edtja a d\u00f6nt\u00e9shozatalt<\/h3>\n\n\n\n<p>A l\u00e1togat\u00f3kkal kapcsolatos inform\u00e1ci\u00f3k megk\u00f6nny\u00edtik a k\u00f6vetkez\u0151ket:<\/p>\n\n\n\n<ul>\n<li><strong>Strat\u00e9gia m\u00f3dos\u00edt\u00e1sa:<\/strong> Lehet\u0151v\u00e9 teszi a tartalomhoz val\u00f3 hozz\u00e1\u00e1ll\u00e1s m\u00f3dos\u00edt\u00e1s\u00e1t val\u00f3s adatok alapj\u00e1n.<\/li>\n\n\n\n<li><strong>Kamp\u00e1nyoptimaliz\u00e1l\u00e1s:<\/strong> Marketingtev\u00e9kenys\u00e9geiddel azokat a k\u00f6z\u00f6ns\u00e9gszegmenseket c\u00e9lozd meg, akik val\u00f3ban sz\u00e1m\u00edtanak.<\/li>\n\n\n\n<li><strong>\u00c1lland\u00f3 fel\u00fcgyelet:<\/strong> Val\u00f3s id\u0151ben k\u00f6vetheted a profiljaidon zajl\u00f3 tev\u00e9kenys\u00e9geket, hogy azonnal reag\u00e1lhass.<\/li>\n<\/ul>\n\n\n\n<h3 class=\"wp-block-heading\">Biztons\u00e1gi \u00e9s adatv\u00e9delmi ellen\u0151rz\u00e9s<\/h3>\n\n\n\n<p>Ha tudod, hogy kik l\u00e1togatj\u00e1k a profilodat, az seg\u00edt nyomon k\u00f6vetni a szem\u00e9lyes adataidat.<\/p>\n\n\n\n<p>Azonos\u00edthatja a gyan\u00fas mint\u00e1kat vagy a jogosulatlan hozz\u00e1f\u00e9r\u00e9st, \u00e9s ennek megfelel\u0151en cselekedhet.<\/p>\n\n\n\n<ul>\n<li><strong>Csal\u00e1s elleni v\u00e9delem:<\/strong> \u00c9szleli a rosszindulat\u00fa fi\u00f3kokat vagy felhaszn\u00e1l\u00f3kat.<\/li>\n\n\n\n<li><strong>A h\u00edrn\u00e9v meg\u0151rz\u00e9se:<\/strong> Megakad\u00e1lyozhatod, hogy k\u00e9tes profilokat t\u00e1rs\u00edtsanak a k\u00e9pedhez a k\u00f6z\u00f6ss\u00e9gi m\u00e9di\u00e1ban.<\/li>\n\n\n\n<li><strong>Hozz\u00e1f\u00e9r\u00e9s-vez\u00e9rl\u00e9s:<\/strong> M\u00f3dos\u00edtsa adatv\u00e9delmi be\u00e1ll\u00edt\u00e1sait a nem k\u00edv\u00e1nt l\u00e1togat\u00e1sok korl\u00e1toz\u00e1sa \u00e9rdek\u00e9ben.<\/li>\n<\/ul>\n\n\n\n<h2 class=\"wp-block-heading\">Tippek a profilok biztons\u00e1g\u00e1nak maximaliz\u00e1l\u00e1s\u00e1hoz<\/h2>\n\n\n\n<p>A l\u00e1togat\u00f3k meg\u00e9rt\u00e9se mellett elengedhetetlen, hogy l\u00e9p\u00e9seket tegyen a k\u00f6z\u00f6ss\u00e9gi m\u00e9di\u00e1ban tal\u00e1lhat\u00f3 adatainak v\u00e9delme \u00e9rdek\u00e9ben.<\/p>\n\n\n\n<p>\u00cdme n\u00e9h\u00e1ny gyakorlati tipp:<\/p>\n\n\n\n<ul>\n<li><strong>Adatv\u00e9delem be\u00e1ll\u00edt\u00e1sa:<\/strong> Tekintsd \u00e1t \u00e9s m\u00f3dos\u00edtsd az adatv\u00e9delmi be\u00e1ll\u00edt\u00e1saidat az Instagramon \u00e9s a Facebookon, hogy korl\u00e1tozd, kik l\u00e1thatj\u00e1k a tartalmaidat.<\/li>\n\n\n\n<li><strong>Haszn\u00e1ljon er\u0151s jelszavakat:<\/strong> Rendszeresen v\u00e1ltoztassa jelszavait, \u00e9s haszn\u00e1ljon bet\u0171k, sz\u00e1mok \u00e9s szimb\u00f3lumok kombin\u00e1ci\u00f3it.<\/li>\n\n\n\n<li><strong>Tartsa naprak\u00e9szen alkalmaz\u00e1sait:<\/strong> Gy\u0151z\u0151dj\u00f6n meg r\u00f3la, hogy mind a k\u00f6z\u00f6ss\u00e9gi m\u00e9dia, mind a megfigyel\u0151 alkalmaz\u00e1sai mindig naprak\u00e9szek.<\/li>\n\n\n\n<li><strong>K\u00e9tl\u00e9pcs\u0151s hiteles\u00edt\u00e9s aktiv\u00e1l\u00e1sa:<\/strong> Ez egy extra biztons\u00e1gi r\u00e9teget ad a fi\u00f3kjaidhoz.<\/li>\n\n\n\n<li><strong>Alkalmaz\u00e1senged\u00e9lyek ellen\u0151rz\u00e9se:<\/strong> Ellen\u0151rizd, hogy az alkalmaz\u00e1sok milyen adatokat osztanak meg harmadik felekkel, \u00e9s tiltsd le a nem l\u00e9tfontoss\u00e1g\u00fa adatokat.<\/li>\n<\/ul>\n\n\n\n<h3 class=\"wp-block-heading\">J\u00f3 gyakorlatok p\u00e9ld\u00e1i<\/h3>\n\n\n\n<ul>\n<li>Egy FaceCheck felhaszn\u00e1l\u00f3 t\u00f6bb ismeretlen profilt\u00f3l \u00e9rkez\u0151 l\u00e1togat\u00e1st \u00e9szlelt, \u00e9s a be\u00e1ll\u00edt\u00e1sok m\u00f3dos\u00edt\u00e1sa ut\u00e1n jelent\u0151sen jav\u00edtotta fi\u00f3kja biztons\u00e1g\u00e1t.<\/li>\n\n\n\n<li>Egy m\u00e1sik esetben egy influenszer az InstaTracker seg\u00edts\u00e9g\u00e9vel gyan\u00fas fi\u00f3kokat azonos\u00edtott \u00e9s blokkolt, ezzel jav\u00edtva digit\u00e1lis k\u00f6z\u00f6ss\u00e9g\u00e9nek min\u0151s\u00e9g\u00e9t.<\/li>\n<\/ul>\n\n\n\n<h2 class=\"wp-block-heading\">Strat\u00e9gi\u00e1k a felhaszn\u00e1l\u00f3k r\u00e1besz\u00e9l\u00e9s\u00e9re ezen alkalmaz\u00e1sok let\u00f6lt\u00e9s\u00e9re<\/h2>\n\n\n\n<p>A cikk c\u00e9lja, hogy t\u00e1j\u00e9koztasson, sz\u00f3rakoztasson, \u00e9s mindenekel\u0151tt meggy\u0151zz\u00f6n arr\u00f3l, hogy t\u00f6ltsd le ezeket az eszk\u00f6z\u00f6ket, amelyek optimaliz\u00e1lj\u00e1k a k\u00f6z\u00f6ss\u00e9gi m\u00e9dia \u00e9lm\u00e9nyedet.<\/p>\n\n\n\n<p>\u00cdme n\u00e9h\u00e1ny kulcsfontoss\u00e1g\u00fa pont, amivel meggy\u0151zhetsz:<\/p>\n\n\n\n<ul>\n<li><strong>Bizony\u00edtott hat\u00e9konys\u00e1g:<\/strong> A fent eml\u00edtett alkalmaz\u00e1sok t\u00f6bb ezer felhaszn\u00e1l\u00f3nak seg\u00edtettek jobban meg\u00e9rteni a k\u00f6z\u00f6ns\u00e9g\u00fcket.<\/li>\n\n\n\n<li><strong>Felhaszn\u00e1l\u00f3bar\u00e1t fel\u00fclet:<\/strong> \u00dagy tervezt\u00e9k, hogy minden koroszt\u00e1ly sz\u00e1m\u00e1ra komplik\u00e1ci\u00f3k n\u00e9lk\u00fcl haszn\u00e1lhat\u00f3 legyen.<\/li>\n\n\n\n<li><strong>K\u00e9zzelfoghat\u00f3 el\u0151ny\u00f6k:<\/strong> Pontos adatokkal fejlesztheted tartalomstrat\u00e9gi\u00e1idat \u00e9s n\u00f6velheted az elk\u00f6telez\u0151d\u00e9st.<\/li>\n\n\n\n<li><strong>Folyamatos t\u00e1mogat\u00e1s \u00e9s friss\u00edt\u00e9sek:<\/strong> Ezen alkalmaz\u00e1sok fejleszt\u0151i elk\u00f6telezettek a folyamatos fejleszt\u00e9s \u00e9s az adatbiztons\u00e1g ir\u00e1nt.<\/li>\n\n\n\n<li><strong>K\u00f6nny\u0171 telep\u00edt\u00e9s:<\/strong> A k\u00f6z\u00f6ss\u00e9gi h\u00e1l\u00f3zatok let\u00f6lt\u00e9se \u00e9s integr\u00e1l\u00e1sa gyors \u00e9s probl\u00e9mamentes.<\/li>\n<\/ul>\n\n\n\n<h3 class=\"wp-block-heading\">Az aj\u00e1nlott alkalmaz\u00e1sok \u00f6sszehasonl\u00edt\u00f3 el\u0151nyei<\/h3>\n\n\n\n<p>Minden alkalmaz\u00e1snak megvannak a maga er\u0151ss\u00e9gei, \u00edgy kiv\u00e1laszthatod az ig\u00e9nyeidnek legink\u00e1bb megfelel\u0151t:<\/p>\n\n\n\n<ul>\n<li><strong>InstaTracker:<\/strong>\n<ul>\n<li>Kiz\u00e1r\u00f3lag az Instagramra f\u00f3kusz\u00e1lva.<\/li>\n\n\n\n<li>Vizu\u00e1lis \u00e9s k\u00f6nnyen \u00e9rtelmezhet\u0151 jelent\u00e9sek.<\/li>\n\n\n\n<li>Val\u00f3s idej\u0171 riaszt\u00e1si \u00e9s \u00e9rtes\u00edt\u00e9si funkci\u00f3k.<\/li>\n<\/ul>\n<\/li>\n\n\n\n<li><strong>Arcellen\u0151rz\u00e9s:<\/strong>\n<ul>\n<li>Facebook elemz\u00e9sre specializ\u00e1l\u00f3dtam.<\/li>\n\n\n\n<li>R\u00e9szletes tev\u00e9kenys\u00e9gi el\u0151zm\u00e9nyek.<\/li>\n\n\n\n<li>Id\u0151sebb felhaszn\u00e1l\u00f3k sz\u00e1m\u00e1ra optimaliz\u00e1lt fel\u00fclet.<\/li>\n<\/ul>\n<\/li>\n\n\n\n<li><strong>K\u00f6z\u00f6ss\u00e9gi n\u00e9z\u0151:<\/strong>\n<ul>\n<li>\u00c1tfog\u00f3 megold\u00e1s t\u00f6bb k\u00f6z\u00f6ss\u00e9gi h\u00e1l\u00f3zathoz.<\/li>\n\n\n\n<li>Platformok k\u00f6z\u00f6tti adat\u00f6sszehasonl\u00edt\u00e1s.<\/li>\n\n\n\n<li>Ide\u00e1lis m\u00e1rka- \u00e9s \u00fczleti profilok kezel\u00e9s\u00e9re.<\/li>\n<\/ul>\n<\/li>\n<\/ul>\n\n\n\n<p>Ezek a pontok seg\u00edtenek megalapozott d\u00f6nt\u00e9st hozni, \u00e9s kiv\u00e1lasztani a profilodnak \u00e9s ig\u00e9nyeidnek legink\u00e1bb megfelel\u0151 alkalmaz\u00e1st.<\/p>\n\n\n\n<h2 class=\"wp-block-heading\">Hogyan telep\u00edts\u00fck \u00e9s haszn\u00e1ljuk ezeket az alkalmaz\u00e1sokat<\/h2>\n\n\n\n<p>Ezek az eszk\u00f6z\u00f6k k\u00f6nnyen telep\u00edthet\u0151k \u00e9s \u00fagy lettek kialak\u00edtva, hogy b\u00e1rki k\u00f6nnyen elkezdhesse a haszn\u00e1latukat.<br>Az al\u00e1bbiakban l\u00e9p\u00e9sr\u0151l l\u00e9p\u00e9sre ismertetj\u00fck a folyamatot.<\/p>\n\n\n\n<h3 class=\"wp-block-heading\">Telep\u00edt\u00e9si l\u00e9p\u00e9sek<\/h3>\n\n\n\n<ol>\n<li><strong>Let\u00f6lt\u00e9s a hivatalos \u00e1ruh\u00e1zb\u00f3l:<\/strong><br>L\u00e1togass el a Google Play vagy az App Store \u00e1ruh\u00e1zba, \u00e9s keresd meg az alkalmaz\u00e1s nev\u00e9t (pl. InstaTracker).<\/li>\n\n\n\n<li><strong>Telep\u00edtse az alkalmaz\u00e1st:<\/strong><br>K\u00f6vesd az utas\u00edt\u00e1sokat az alkalmaz\u00e1s mobileszk\u00f6z\u00f6dre t\u00f6rt\u00e9n\u0151 telep\u00edt\u00e9s\u00e9hez.<\/li>\n\n\n\n<li><strong>Fi\u00f3k be\u00e1ll\u00edt\u00e1sa:<\/strong><br>Kapcsold \u00f6ssze Instagram \u00e9s\/vagy Facebook profiljaidat a be\u00e1ll\u00edt\u00f3 var\u00e1zsl\u00f3 utas\u00edt\u00e1sait k\u00f6vetve.<\/li>\n\n\n\n<li><strong>\u00c9rtes\u00edt\u00e9sek bekapcsol\u00e1sa:<\/strong><br>Lehet\u0151v\u00e9 teszi az alkalmaz\u00e1s sz\u00e1m\u00e1ra, hogy val\u00f3s idej\u0171 \u00e9rtes\u00edt\u00e9seket k\u00fcldj\u00f6n a profilodon zajl\u00f3 tev\u00e9kenys\u00e9gekr\u0151l.<\/li>\n\n\n\n<li><strong>Szem\u00e9lyre szabhatod az \u00e9lm\u00e9nyt:<\/strong><br>M\u00f3dos\u00edtsa adatv\u00e9delmi be\u00e1ll\u00edt\u00e1sait \u00e9s preferenci\u00e1it az ig\u00e9nyeinek megfelel\u0151en.<\/li>\n<\/ol>\n\n\n\n<h3 class=\"wp-block-heading\">Tippek az alkalmaz\u00e1s maxim\u00e1lis kihaszn\u00e1l\u00e1s\u00e1hoz<\/h3>\n\n\n\n<ul>\n<li><strong>N\u00e9zd meg a bels\u0151 oktat\u00f3anyagokat:<\/strong><br>Sok alkalmaz\u00e1s tartalmaz \u00fatmutat\u00f3kat \u00e9s oktat\u00f3anyagokat, amelyek seg\u00edtenek felfedezni az \u00f6sszes funkci\u00f3jukat.<\/li>\n\n\n\n<li><strong>Vegyen r\u00e9szt f\u00f3rumokon \u00e9s k\u00f6z\u00f6ss\u00e9gekben:<\/strong><br>Csatlakozz felhaszn\u00e1l\u00f3i csoportokhoz, hogy megosszd tapasztalataidat \u00e9s tippjeidet az alkalmaz\u00e1s haszn\u00e1lat\u00e1val kapcsolatban.<\/li>\n\n\n\n<li><strong>Rendszeresen friss\u00edtve:<\/strong><br>A friss\u00edt\u00e9sek jav\u00edtj\u00e1k a biztons\u00e1got \u00e9s \u00faj funkci\u00f3kat adnak hozz\u00e1, ez\u00e9rt l\u00e9tfontoss\u00e1g\u00fa, hogy az alkalmaz\u00e1s naprak\u00e9sz legyen.<\/li>\n\n\n\n<li><strong>K\u00eds\u00e9rletezzen a halad\u00f3 funkci\u00f3kkal:<\/strong><br>Fedezze fel a r\u00e9szletes elemz\u00e9si lehet\u0151s\u00e9geket, \u00e9s szabja testre a jelent\u00e9seket az \u00d6n ig\u00e9nyei szerint.<\/li>\n<\/ul>\n\n\n\n<h2 class=\"wp-block-heading\">Sikert\u00f6rt\u00e9netek \u00e9s felhaszn\u00e1l\u00f3i v\u00e9lem\u00e9nyek<\/h2>\n\n\n\n<p>Semmi sem gy\u0151z meg jobban, mint m\u00e1s felhaszn\u00e1l\u00f3k val\u00f3s tapasztalatai.<\/p>\n\n\n\n<p>\u00cdme n\u00e9h\u00e1ny olyan ember aj\u00e1nl\u00e1sa, akik a k\u00f6vetkez\u0151 alkalmaz\u00e1sok seg\u00edts\u00e9g\u00e9vel alak\u00edtott\u00e1k \u00e1t k\u00f6z\u00f6ss\u00e9gi m\u00e9dia strat\u00e9gi\u00e1jukat:<\/p>\n\n\n\n<ul>\n<li><strong>Mar\u00eda G. (Influencer):<\/strong><br>\u201eAmi\u00f3ta telep\u00edtettem az InstaTrackert, olyan mint\u00e1kat azonos\u00edtottam a k\u00f6vet\u0151imben, amelyek lehet\u0151v\u00e9 tett\u00e9k sz\u00e1momra, hogy finomhangoljam a tartalmaimat. Az elk\u00f6telez\u0151d\u00e9sem jelent\u0151sen megn\u0151tt!\u201d<\/li>\n\n\n\n<li><strong>Jorge L. (Kisv\u00e1llalkoz\u00f3):<\/strong><br>\u201eA FaceCheck seg\u00edtett a szokatlan l\u00e1togat\u00e1sok \u00e9szlel\u00e9s\u00e9ben \u00e9s a Facebook-fi\u00f3kom biztons\u00e1g\u00e1nak meger\u0151s\u00edt\u00e9s\u00e9ben. Most m\u00e1r jobban tudom szab\u00e1lyozni az adataim v\u00e9delm\u00e9t.\u201d<\/li>\n\n\n\n<li><strong>Alejandra R. (k\u00f6z\u00f6ss\u00e9gi menedzser):<\/strong><br>\u201eA SocialViewer seg\u00edts\u00e9g\u00e9vel k\u00e9t k\u00f6z\u00f6ss\u00e9gi h\u00e1l\u00f3zatot tudok egyetlen platformon figyelni. A megszerzett inform\u00e1ci\u00f3k lehet\u0151v\u00e9 teszik sz\u00e1momra, hogy hat\u00e9konyabb \u00e9s c\u00e9lzottabb kamp\u00e1nyokat tervezzek.\u201d<\/li>\n<\/ul>\n\n\n\n<p>Ezek az esetek azt mutatj\u00e1k, hogy ha tudod, kik tekintik meg a profilodat, jelent\u0151sen jav\u00edthatod a strat\u00e9gi\u00e1dat \u00e9s n\u00f6velheted a bejegyz\u00e9seid el\u00e9r\u00e9s\u00e9t.<\/p>\n\n\n\n<h2 class=\"wp-block-heading\">Kezdje el utaz\u00e1s\u00e1t most<\/h2>\n\n\n\n<p>A digit\u00e1lis vil\u00e1g hat\u00e9kony eszk\u00f6z\u00f6ket k\u00edn\u00e1l a k\u00f6z\u00f6ns\u00e9ged jobb meg\u00e9rt\u00e9s\u00e9hez.<\/p>\n\n\n\n<p>Ne v\u00e1rj tov\u00e1bb az Instagram \u00e9s Facebook \u00e9lm\u00e9nyed \u00e1talak\u00edt\u00e1s\u00e1val.<\/p>\n\n\n\n<p>Az olyan alkalmaz\u00e1sok let\u00f6lt\u00e9se \u00e9s haszn\u00e1lata, mint az InstaTracker, a FaceCheck \u00e9s a SocialViewer, az els\u0151 l\u00e9p\u00e9s az online jelenl\u00e9t optimaliz\u00e1l\u00e1s\u00e1hoz.<\/p>\n\n\n\n<p>Haszn\u00e1ld ki az \u00f6sszes funkci\u00f3t, szabd szem\u00e9lyre a felhaszn\u00e1l\u00f3i \u00e9lm\u00e9nyt, \u00e9s v\u00e1lj digit\u00e1lis strat\u00e9gi\u00e1d mester\u00e9v\u00e9.<\/p>\n\n\n\n<p><strong>Cselekedj m\u00e9g ma:<\/strong><\/p>\n\n\n\n<ul>\n<li>T\u00f6ltsd le az ig\u00e9nyeidnek legink\u00e1bb megfelel\u0151 alkalmaz\u00e1st.<\/li>\n\n\n\n<li>\u00c1ll\u00edtsd be a profilodat, \u00e9s kapcsold be az \u00e9rtes\u00edt\u00e9seket, hogy val\u00f3s idej\u0171 riaszt\u00e1sokat kapj.<\/li>\n\n\n\n<li>K\u00eds\u00e9rletezz analitikai eszk\u00f6z\u00f6kkel, \u00e9s fedezz fel \u00faj n\u00f6veked\u00e9si lehet\u0151s\u00e9geket.<\/li>\n<\/ul>\n\n\n\n<p>Ne feledd, hogy a l\u00e1togat\u00f3id ismerete a kulcs egy er\u0151s, elk\u00f6telezett k\u00f6z\u00f6ss\u00e9g ki\u00e9p\u00edt\u00e9s\u00e9hez.<\/p>\n\n\n\n<p>Kezdje el az utaz\u00e1st most, \u00e9s emelje k\u00f6z\u00f6ss\u00e9gi m\u00e9dia strat\u00e9gi\u00e1j\u00e1t a k\u00f6vetkez\u0151 szintre.<\/p>\n\n\n\n<h3 class=\"wp-block-heading\"><mark class=\"has-inline-color has-luminous-vivid-amber-color\"><strong>T\u00f6ltse le az alkalmaz\u00e1sokat<\/strong>.<\/mark><\/h3>\n\n\n\n<ul>\n<li class=\"has-medium-font-size\"><strong>InstaTracker \u2013 <a href=\"https:\/\/apps.apple.com\/br\/app\/instrack-for-instagram\/id558512661\">iOS<\/a><\/strong><\/li>\n\n\n\n<li class=\"has-medium-font-size\"><strong>Arcellen\u0151rz\u00e9s \u2013 <a href=\"https:\/\/facecheck-id.en.uptodown.com\/android\">Android <\/a><\/strong><\/li>\n\n\n\n<li class=\"has-medium-font-size\"><strong>SocialViewer \u2013 <a href=\"https:\/\/apps.apple.com\/br\/app\/social-spy\/id1107522062\">iOS<\/a><\/strong><\/li>\n<\/ul>","protected":false},"excerpt":{"rendered":"<p>En el mundo digital actual, saber qui\u00e9n visita tus perfiles puede ayudarte a tomar decisiones informadas sobre tu presencia online. El conocimiento de estos datos puede ser la clave para potenciar tu estrategia en redes sociales. Contar con informaci\u00f3n sobre tus visitantes te permite ajustar tus publicaciones y mejorar tu engagement.La tecnolog\u00eda avanza, y hoy [&hellip;]<\/p>","protected":false},"author":139,"featured_media":8997,"comment_status":"closed","ping_status":"open","sticky":false,"template":"","format":"standard","meta":{"footnotes":""},"categories":[2],"tags":[2045,2055,2053,2056,2054],"yoast_head":"<!-- This site is optimized with the Yoast SEO plugin v23.3 - https:\/\/yoast.com\/wordpress\/plugins\/seo\/ -->\n<title>Descubre qui\u00e9n visualiza tu perfil en Instagram y Facebook - Universo Fam\u00edlia<\/title>\n<meta name=\"description\" content=\"Descubre qui\u00e9n visualiza tu perfil en Instagram y Facebook. En el mundo digital actual, saber qui\u00e9n visita tus perfiles puede ayudarte...\" \/>\n<meta name=\"robots\" content=\"index, follow, max-snippet:-1, max-image-preview:large, max-video-preview:-1\" \/>\n<link rel=\"canonical\" href=\"https:\/\/universofamilia.com\/hu\/descubre-quien-visualiza-tu-perfil-en-instagram-y-facebook\/\" \/>\n<meta property=\"og:locale\" content=\"hu_HU\" \/>\n<meta property=\"og:type\" content=\"article\" \/>\n<meta property=\"og:title\" content=\"Descubre qui\u00e9n visualiza tu perfil en Instagram y Facebook - Universo Fam\u00edlia\" \/>\n<meta property=\"og:description\" content=\"Descubre qui\u00e9n visualiza tu perfil en Instagram y Facebook. En el mundo digital actual, saber qui\u00e9n visita tus perfiles puede ayudarte...\" \/>\n<meta property=\"og:url\" content=\"https:\/\/universofamilia.com\/hu\/descubre-quien-visualiza-tu-perfil-en-instagram-y-facebook\/\" \/>\n<meta property=\"og:site_name\" content=\"Universo Fam\u00edlia\" \/>\n<meta property=\"article:published_time\" content=\"2025-03-18T20:14:10+00:00\" \/>\n<meta property=\"article:modified_time\" content=\"2025-10-13T19:05:39+00:00\" \/>\n<meta property=\"og:image\" content=\"https:\/\/universofamilia.com\/wp-content\/uploads\/sites\/148\/2025\/03\/DESTAQUE-UNIVERSO-550-x-350-5.jpg\" \/>\n\t<meta property=\"og:image:width\" content=\"550\" \/>\n\t<meta property=\"og:image:height\" content=\"350\" \/>\n\t<meta property=\"og:image:type\" content=\"image\/jpeg\" \/>\n<meta name=\"author\" content=\"Pedro Henrique\" \/>\n<meta name=\"twitter:card\" content=\"summary_large_image\" \/>\n<meta name=\"twitter:label1\" content=\"Written by\" \/>\n\t<meta name=\"twitter:data1\" content=\"Pedro Henrique\" \/>\n\t<meta name=\"twitter:label2\" content=\"Est. reading time\" \/>\n\t<meta name=\"twitter:data2\" content=\"12 perc\" \/>\n<script type=\"application\/ld+json\" class=\"yoast-schema-graph\">{\"@context\":\"https:\/\/schema.org\",\"@graph\":[{\"@type\":\"WebPage\",\"@id\":\"https:\/\/universofamilia.com\/ar\/descubre-quien-visualiza-tu-perfil-en-instagram-y-facebook\/\",\"url\":\"https:\/\/universofamilia.com\/ar\/descubre-quien-visualiza-tu-perfil-en-instagram-y-facebook\/\",\"name\":\"Descubre qui\u00e9n visualiza tu perfil en Instagram y Facebook - Universo Fam\u00edlia\",\"isPartOf\":{\"@id\":\"https:\/\/universofamilia.com\/el\/#website\"},\"primaryImageOfPage\":{\"@id\":\"https:\/\/universofamilia.com\/ar\/descubre-quien-visualiza-tu-perfil-en-instagram-y-facebook\/#primaryimage\"},\"image\":{\"@id\":\"https:\/\/universofamilia.com\/ar\/descubre-quien-visualiza-tu-perfil-en-instagram-y-facebook\/#primaryimage\"},\"thumbnailUrl\":\"https:\/\/universofamilia.com\/wp-content\/uploads\/sites\/148\/2025\/03\/DESTAQUE-UNIVERSO-550-x-350-5.jpg\",\"datePublished\":\"2025-03-18T20:14:10+00:00\",\"dateModified\":\"2025-10-13T19:05:39+00:00\",\"author\":{\"@id\":\"https:\/\/universofamilia.com\/el\/#\/schema\/person\/f07ce98187dd84d31154262e79b3b7ca\"},\"description\":\"Descubre qui\u00e9n visualiza tu perfil en Instagram y Facebook. En el mundo digital actual, saber qui\u00e9n visita tus perfiles puede ayudarte...\",\"breadcrumb\":{\"@id\":\"https:\/\/universofamilia.com\/ar\/descubre-quien-visualiza-tu-perfil-en-instagram-y-facebook\/#breadcrumb\"},\"inLanguage\":\"hu\",\"potentialAction\":[{\"@type\":\"ReadAction\",\"target\":[\"https:\/\/universofamilia.com\/ar\/descubre-quien-visualiza-tu-perfil-en-instagram-y-facebook\/\"]}]},{\"@type\":\"ImageObject\",\"inLanguage\":\"hu\",\"@id\":\"https:\/\/universofamilia.com\/ar\/descubre-quien-visualiza-tu-perfil-en-instagram-y-facebook\/#primaryimage\",\"url\":\"https:\/\/universofamilia.com\/wp-content\/uploads\/sites\/148\/2025\/03\/DESTAQUE-UNIVERSO-550-x-350-5.jpg\",\"contentUrl\":\"https:\/\/universofamilia.com\/wp-content\/uploads\/sites\/148\/2025\/03\/DESTAQUE-UNIVERSO-550-x-350-5.jpg\",\"width\":550,\"height\":350,\"caption\":\"Descubre qui\u00e9n visualiza tu perfil en Instagram y Facebook\"},{\"@type\":\"BreadcrumbList\",\"@id\":\"https:\/\/universofamilia.com\/ar\/descubre-quien-visualiza-tu-perfil-en-instagram-y-facebook\/#breadcrumb\",\"itemListElement\":[{\"@type\":\"ListItem\",\"position\":1,\"name\":\"Home\",\"item\":\"https:\/\/universofamilia.com\/el\/\"},{\"@type\":\"ListItem\",\"position\":2,\"name\":\"Descubre qui\u00e9n visualiza tu perfil en Instagram y Facebook\"}]},{\"@type\":\"WebSite\",\"@id\":\"https:\/\/universofamilia.com\/el\/#website\",\"url\":\"https:\/\/universofamilia.com\/el\/\",\"name\":\"Universo Fam\u00edlia\",\"description\":\"\",\"potentialAction\":[{\"@type\":\"SearchAction\",\"target\":{\"@type\":\"EntryPoint\",\"urlTemplate\":\"https:\/\/universofamilia.com\/el\/?s={search_term_string}\"},\"query-input\":\"required name=search_term_string\"}],\"inLanguage\":\"hu\"},{\"@type\":\"Person\",\"@id\":\"https:\/\/universofamilia.com\/el\/#\/schema\/person\/f07ce98187dd84d31154262e79b3b7ca\",\"name\":\"Pedro Henrique\",\"image\":{\"@type\":\"ImageObject\",\"inLanguage\":\"hu\",\"@id\":\"https:\/\/universofamilia.com\/el\/#\/schema\/person\/image\/\",\"url\":\"https:\/\/secure.gravatar.com\/avatar\/9edfeb808cb4e1599f64d6e45b130154?s=96&d=mm&r=g\",\"contentUrl\":\"https:\/\/secure.gravatar.com\/avatar\/9edfeb808cb4e1599f64d6e45b130154?s=96&d=mm&r=g\",\"caption\":\"Pedro Henrique\"},\"url\":\"https:\/\/universofamilia.com\/hu\/author\/editor01\/\"}]}<\/script>\n<!-- \/ Yoast SEO plugin. -->","yoast_head_json":{"title":"Descubre qui\u00e9n visualiza tu perfil en Instagram y Facebook - Universo Fam\u00edlia","description":"Descubre qui\u00e9n visualiza tu perfil en Instagram y Facebook. En el mundo digital actual, saber qui\u00e9n visita tus perfiles puede ayudarte...","robots":{"index":"index","follow":"follow","max-snippet":"max-snippet:-1","max-image-preview":"max-image-preview:large","max-video-preview":"max-video-preview:-1"},"canonical":"https:\/\/universofamilia.com\/hu\/descubre-quien-visualiza-tu-perfil-en-instagram-y-facebook\/","og_locale":"hu_HU","og_type":"article","og_title":"Descubre qui\u00e9n visualiza tu perfil en Instagram y Facebook - Universo Fam\u00edlia","og_description":"Descubre qui\u00e9n visualiza tu perfil en Instagram y Facebook. En el mundo digital actual, saber qui\u00e9n visita tus perfiles puede ayudarte...","og_url":"https:\/\/universofamilia.com\/hu\/descubre-quien-visualiza-tu-perfil-en-instagram-y-facebook\/","og_site_name":"Universo Fam\u00edlia","article_published_time":"2025-03-18T20:14:10+00:00","article_modified_time":"2025-10-13T19:05:39+00:00","og_image":[{"width":550,"height":350,"url":"https:\/\/universofamilia.com\/wp-content\/uploads\/sites\/148\/2025\/03\/DESTAQUE-UNIVERSO-550-x-350-5.jpg","type":"image\/jpeg"}],"author":"Pedro Henrique","twitter_card":"summary_large_image","twitter_misc":{"Written by":"Pedro Henrique","Est. reading time":"12 perc"},"schema":{"@context":"https:\/\/schema.org","@graph":[{"@type":"WebPage","@id":"https:\/\/universofamilia.com\/ar\/descubre-quien-visualiza-tu-perfil-en-instagram-y-facebook\/","url":"https:\/\/universofamilia.com\/ar\/descubre-quien-visualiza-tu-perfil-en-instagram-y-facebook\/","name":"Descubre qui\u00e9n visualiza tu perfil en Instagram y Facebook - Universo Fam\u00edlia","isPartOf":{"@id":"https:\/\/universofamilia.com\/el\/#website"},"primaryImageOfPage":{"@id":"https:\/\/universofamilia.com\/ar\/descubre-quien-visualiza-tu-perfil-en-instagram-y-facebook\/#primaryimage"},"image":{"@id":"https:\/\/universofamilia.com\/ar\/descubre-quien-visualiza-tu-perfil-en-instagram-y-facebook\/#primaryimage"},"thumbnailUrl":"https:\/\/universofamilia.com\/wp-content\/uploads\/sites\/148\/2025\/03\/DESTAQUE-UNIVERSO-550-x-350-5.jpg","datePublished":"2025-03-18T20:14:10+00:00","dateModified":"2025-10-13T19:05:39+00:00","author":{"@id":"https:\/\/universofamilia.com\/el\/#\/schema\/person\/f07ce98187dd84d31154262e79b3b7ca"},"description":"Descubre qui\u00e9n visualiza tu perfil en Instagram y Facebook. En el mundo digital actual, saber qui\u00e9n visita tus perfiles puede ayudarte...","breadcrumb":{"@id":"https:\/\/universofamilia.com\/ar\/descubre-quien-visualiza-tu-perfil-en-instagram-y-facebook\/#breadcrumb"},"inLanguage":"hu","potentialAction":[{"@type":"ReadAction","target":["https:\/\/universofamilia.com\/ar\/descubre-quien-visualiza-tu-perfil-en-instagram-y-facebook\/"]}]},{"@type":"ImageObject","inLanguage":"hu","@id":"https:\/\/universofamilia.com\/ar\/descubre-quien-visualiza-tu-perfil-en-instagram-y-facebook\/#primaryimage","url":"https:\/\/universofamilia.com\/wp-content\/uploads\/sites\/148\/2025\/03\/DESTAQUE-UNIVERSO-550-x-350-5.jpg","contentUrl":"https:\/\/universofamilia.com\/wp-content\/uploads\/sites\/148\/2025\/03\/DESTAQUE-UNIVERSO-550-x-350-5.jpg","width":550,"height":350,"caption":"Descubre qui\u00e9n visualiza tu perfil en Instagram y Facebook"},{"@type":"BreadcrumbList","@id":"https:\/\/universofamilia.com\/ar\/descubre-quien-visualiza-tu-perfil-en-instagram-y-facebook\/#breadcrumb","itemListElement":[{"@type":"ListItem","position":1,"name":"Home","item":"https:\/\/universofamilia.com\/el\/"},{"@type":"ListItem","position":2,"name":"Descubre qui\u00e9n visualiza tu perfil en Instagram y Facebook"}]},{"@type":"WebSite","@id":"https:\/\/universofamilia.com\/el\/#website","url":"https:\/\/universofamilia.com\/el\/","name":"Universo Fam\u00edlia","description":"","potentialAction":[{"@type":"SearchAction","target":{"@type":"EntryPoint","urlTemplate":"https:\/\/universofamilia.com\/el\/?s={search_term_string}"},"query-input":"required name=search_term_string"}],"inLanguage":"hu"},{"@type":"Person","@id":"https:\/\/universofamilia.com\/el\/#\/schema\/person\/f07ce98187dd84d31154262e79b3b7ca","name":"Pedro Henrique","image":{"@type":"ImageObject","inLanguage":"hu","@id":"https:\/\/universofamilia.com\/el\/#\/schema\/person\/image\/","url":"https:\/\/secure.gravatar.com\/avatar\/9edfeb808cb4e1599f64d6e45b130154?s=96&d=mm&r=g","contentUrl":"https:\/\/secure.gravatar.com\/avatar\/9edfeb808cb4e1599f64d6e45b130154?s=96&d=mm&r=g","caption":"Pedro Henrique"},"url":"https:\/\/universofamilia.com\/hu\/author\/editor01\/"}]}},"_links":{"self":[{"href":"https:\/\/universofamilia.com\/hu\/wp-json\/wp\/v2\/posts\/8995"}],"collection":[{"href":"https:\/\/universofamilia.com\/hu\/wp-json\/wp\/v2\/posts"}],"about":[{"href":"https:\/\/universofamilia.com\/hu\/wp-json\/wp\/v2\/types\/post"}],"author":[{"embeddable":true,"href":"https:\/\/universofamilia.com\/hu\/wp-json\/wp\/v2\/users\/139"}],"replies":[{"embeddable":true,"href":"https:\/\/universofamilia.com\/hu\/wp-json\/wp\/v2\/comments?post=8995"}],"version-history":[{"count":3,"href":"https:\/\/universofamilia.com\/hu\/wp-json\/wp\/v2\/posts\/8995\/revisions"}],"predecessor-version":[{"id":10103,"href":"https:\/\/universofamilia.com\/hu\/wp-json\/wp\/v2\/posts\/8995\/revisions\/10103"}],"wp:featuredmedia":[{"embeddable":true,"href":"https:\/\/universofamilia.com\/hu\/wp-json\/wp\/v2\/media\/8997"}],"wp:attachment":[{"href":"https:\/\/universofamilia.com\/hu\/wp-json\/wp\/v2\/media?parent=8995"}],"wp:term":[{"taxonomy":"category","embeddable":true,"href":"https:\/\/universofamilia.com\/hu\/wp-json\/wp\/v2\/categories?post=8995"},{"taxonomy":"post_tag","embeddable":true,"href":"https:\/\/universofamilia.com\/hu\/wp-json\/wp\/v2\/tags?post=8995"}],"curies":[{"name":"wp","href":"https:\/\/api.w.org\/{rel}","templated":true}]}}