{"id":9005,"date":"2025-03-19T21:04:12","date_gmt":"2025-03-19T21:04:12","guid":{"rendered":"https:\/\/universofamilia.com\/?p=9005"},"modified":"2025-07-21T15:23:37","modified_gmt":"2025-07-21T18:23:37","slug":"la-mejor-y-mas-eficaz-aplicacion-de-limpieza-de-telefono-en-2025","status":"publish","type":"post","link":"https:\/\/universofamilia.com\/hu\/la-mejor-y-mas-eficaz-aplicacion-de-limpieza-de-telefono-en-2025\/","title":{"rendered":"N\u00f6velni szeretn\u00e9m a mem\u00f3ri\u00e1t"},"content":{"rendered":"<p><strong>A legjobb \u00e9s leghat\u00e9konyabb telefontiszt\u00edt\u00f3 alkalmaz\u00e1s 2025-ben<\/strong> az a megold\u00e1s, amely forradalmas\u00edtja eszk\u00f6ze teljes\u00edtm\u00e9ny\u00e9t.<\/p>\n\n\n\n<p>Ebben a cikkben megtudhatod, hogyan optimaliz\u00e1lhatod a telefonodat \u00e9s tarthatod t\u00f6k\u00e9letes \u00e1llapotban.<\/p>\n\n\n\n<p>Megtanulod azonos\u00edtani azokat a f\u0151bb jellemz\u0151ket, amelyek kiemelik a takar\u00edt\u00f3alkalmaz\u00e1sokat a piacon.<\/p>\n\n\n\n<p>Val\u00f3s p\u00e9ld\u00e1kat \u00e9s aj\u00e1nl\u00e1sokat mutatunk be el\u00e9gedett felhaszn\u00e1l\u00f3k tapasztalatai alapj\u00e1n.<\/p>\n\n\n\n<p>Ismerje meg egy olyan eszk\u00f6z el\u0151nyeit, amelyet a mobileszk\u00f6z sebess\u00e9g\u00e9nek \u00e9s biztons\u00e1g\u00e1nak jav\u00edt\u00e1s\u00e1ra terveztek.<\/p>\n\n\n\n<p>Tartalmainkat \u00fagy tervezt\u00fck, hogy oktasson, meggy\u0151zz\u00f6n, sz\u00f3rakoztasson \u00e9s motiv\u00e1ljon a t\u00f6k\u00e9letes alkalmaz\u00e1s let\u00f6lt\u00e9s\u00e9re.<\/p>\n\n\n\n<p>Fedezze fel egyszer\u0171en \u00e9s k\u00f6nnyen \u00e9rthet\u0151en a telefonja tiszt\u00e1n tart\u00e1s\u00e1nak \u00e9s optimaliz\u00e1l\u00e1s\u00e1nak el\u0151nyeit.<\/p>\n\n\n\n<p>K\u00e9sz\u00fclj fel digit\u00e1lis \u00e9lm\u00e9nyed \u00e1talak\u00edt\u00e1s\u00e1ra adatvez\u00e9relt aj\u00e1nl\u00e1sokkal.<\/p>\n\n\n\n<h2 class=\"wp-block-heading\">Mi\u00e9rt fontos egy telefontiszt\u00edt\u00f3 alkalmaz\u00e1s?<\/h2>\n\n\n\n<p>Egy <strong>telefontiszt\u00edt\u00f3 alkalmaz\u00e1s<\/strong> nemcsak a felesleges f\u00e1jlokat t\u00e1vol\u00edtja el, hanem optimaliz\u00e1lja az eszk\u00f6z teljes\u00edtm\u00e9ny\u00e9t is.<\/p>\n\n\n\n<p>A digit\u00e1lis korban, ahol a teljes\u00edtm\u00e9ny \u00e9s a biztons\u00e1g kulcsfontoss\u00e1g\u00fa, elengedhetetlenn\u00e9 v\u00e1lik a mem\u00f3ri\u00e1t \u00e9s a feldolgoz\u00e1st hat\u00e9konyan kezel\u0151 eszk\u00f6z\u00f6k megl\u00e9te.<\/p>\n\n\n\n<h3 class=\"wp-block-heading\">F\u0151bb el\u0151ny\u00f6k<\/h3>\n\n\n\n<ul>\n<li><strong>Sebess\u00e9gn\u00f6veked\u00e9s:<\/strong> Elt\u00e1vol\u00edtja a marad\u00e9k f\u00e1jlokat \u00e9s optimaliz\u00e1lja a mem\u00f3riahaszn\u00e1latot, ami egy agilisabb eszk\u00f6zt eredm\u00e9nyez.<\/li>\n\n\n\n<li><strong>Nagyobb biztons\u00e1g:<\/strong> Az ideiglenes adatok \u00e9s a gyors\u00edt\u00f3t\u00e1r t\u00f6rl\u00e9s\u00e9vel cs\u00f6kkentheti a potenci\u00e1lis fenyeget\u00e9seknek val\u00f3 kitetts\u00e9g\u00e9t.<\/li>\n\n\n\n<li><strong>Akkumul\u00e1tor optimaliz\u00e1l\u00e1sa:<\/strong> Egy telefon, amely nem rendelkezik felesleges adatforgalommal, kevesebb energi\u00e1t fogyaszt.<\/li>\n\n\n\n<li><strong>K\u00f6nnyen haszn\u00e1lhat\u00f3:<\/strong> Intuit\u00edv kezel\u0151fel\u00fclet, amely lehet\u0151v\u00e9 teszi b\u00e1rmely felhaszn\u00e1l\u00f3 sz\u00e1m\u00e1ra a tiszt\u00edt\u00e1s komplik\u00e1ci\u00f3k n\u00e9lk\u00fcli kezel\u00e9s\u00e9t.<\/li>\n<\/ul>\n\n\n\n<h3 class=\"wp-block-heading\">Val\u00f3s adatok \u00e9s p\u00e9ld\u00e1k<\/h3>\n\n\n\n<p>Friss tanulm\u00e1nyok kimutatt\u00e1k, hogy a tiszt\u00edt\u00f3alkalmaz\u00e1sok haszn\u00e1lata ak\u00e1r 30%-vel is jav\u00edthatja a telefon teljes\u00edtm\u00e9ny\u00e9t.<\/p>\n\n\n\n<p>Minden koroszt\u00e1ly\u00fa felhaszn\u00e1l\u00f3, bele\u00e9rtve a korl\u00e1tozott technol\u00f3giai ismeretekkel rendelkez\u0151ket is, jelent\u0151s javul\u00e1st tapasztalt eszk\u00f6zeik sebess\u00e9g\u00e9ben \u00e9s hat\u00e9konys\u00e1g\u00e1ban ezen alkalmaz\u00e1sok telep\u00edt\u00e9se ut\u00e1n.<\/p>\n\n\n\n<p>Tov\u00e1bb\u00e1 a spanyol ajk\u00fa orsz\u00e1gokban el\u00e9rt sikert\u00f6rt\u00e9netek azt mutatj\u00e1k, hogy a telefonok folyamatos optimaliz\u00e1l\u00e1sa nemcsak meghosszabb\u00edtja az \u00e9lettartam\u00e1t, hanem a felesleges adatok felhalmoz\u00f3d\u00e1s\u00e1nak minimaliz\u00e1l\u00e1s\u00e1val n\u00f6veli a biztons\u00e1got is.<\/p>\n\n\n\n<p>Ezek az el\u0151ny\u00f6k z\u00f6kken\u0151mentesebb digit\u00e1lis \u00e9lm\u00e9nyt \u00e9s a mindennapi haszn\u00e1lat sor\u00e1n kevesebb megszak\u00edt\u00e1st eredm\u00e9nyeznek.<\/p>\n\n\n\n<p><\/p>\n\n\n\n<hr class=\"wp-block-separator has-alpha-channel-opacity is-style-wide\" \/>\n\n\n\n<h5 class=\"wp-block-heading has-text-align-center\"><strong>Olvasd el ezt is<\/strong><\/h5>\n\n\n    <section class=\"mx-1 my-10\">\n                                                <a href=\"https:\/\/universofamilia.com\/hu\/lp-filmes-asiaticos\/\" class=\"text-white\" data-analytics-label=\"optionsButton\"\n                    data-action=\"analytics#trackCTA\">\n                    <div data-options-target=\"option\"\n                        class=\"custom-section rounded-xl border p-3 shadow-md w-full bg-green-700 my-3\">\n                        <div class=\"flex w-full items-center justify-between\">\n                            <div class=\"flex items-center space-x-3\">\n                                <div class=\"text-lg font-bold\">\n                                    App koreai dr\u00e1m\u00e1k n\u00e9z\u00e9s\u00e9hez \u279d\n                                <\/div>\n                            <\/div>\n                        <\/div>\n                    <\/div>\n                <\/a>\n                                                            <a href=\"https:\/\/universofamilia.com\/hu\/lp-recuperar-fotos\/\" class=\"text-white\" data-analytics-label=\"optionsButton\"\n                    data-action=\"analytics#trackCTA\">\n                    <div data-options-target=\"option\"\n                        class=\"custom-section rounded-xl border p-3 shadow-md w-full bg-green-700 my-3\">\n                        <div class=\"flex w-full items-center justify-between\">\n                            <div class=\"flex items-center space-x-3\">\n                                <div class=\"text-lg font-bold\">\n                                    T\u00f6r\u00f6lt fot\u00f3k helyre\u00e1ll\u00edt\u00e1sa ezzel az alkalmaz\u00e1ssal!  \u279d\n                                <\/div>\n                            <\/div>\n                        <\/div>\n                    <\/div>\n                <\/a>\n                                                            <a href=\"https:\/\/universofamilia.com\/hu\/el-amor-a-un-clic\/\" class=\"text-white\" data-analytics-label=\"optionsButton\"\n                    data-action=\"analytics#trackCTA\">\n                    <div data-options-target=\"option\"\n                        class=\"custom-section rounded-xl border p-3 shadow-md w-full bg-green-700 my-3\">\n                        <div class=\"flex w-full items-center justify-between\">\n                            <div class=\"flex items-center space-x-3\">\n                                <div class=\"text-lg font-bold\">\n                                    Fedezd fel az ide\u00e1lis t\u00e1rskeres\u0151 alkalmaz\u00e1st \u279d\n                                <\/div>\n                            <\/div>\n                        <\/div>\n                    <\/div>\n                <\/a>\n                            <p class=\"text-xs text-gray-500 text-right hidden\"\n            style=\"margin-left: 50%; margin-bottom: 50px; margin-top: 5px;\">\n            <!-- You will be redirected to another website -->\n        <\/p>\n    <\/section>\n\n\n\n\n<p class=\"has-text-align-right\"><em><strong><em><strong><em><strong><em><strong><em><strong>Ugyanott fog maradni!<\/strong><\/em><\/strong><\/em><\/strong><\/em><\/strong><\/em><\/strong><\/em><\/p>\n\n\n\n<hr class=\"wp-block-separator has-alpha-channel-opacity is-style-wide\" \/>\n\n\n\n<p><\/p>\n\n\n\n<h2 class=\"wp-block-heading\">Egy takar\u00edt\u00f3alkalmaz\u00e1s alapvet\u0151 funkci\u00f3i<\/h2>\n\n\n\n<h3 class=\"wp-block-heading\">1. Szem\u00e9tf\u00e1jlok t\u00f6rl\u00e9se<\/h3>\n\n\n\n<p>Az egyik leggyakrabban k\u00e9rt funkci\u00f3 az ideiglenes f\u00e1jlok, gyors\u00edt\u00f3t\u00e1rak \u00e9s redund\u00e1ns adatok azonos\u00edt\u00e1s\u00e1nak \u00e9s t\u00f6rl\u00e9s\u00e9nek k\u00e9pess\u00e9ge.<\/p>\n\n\n\n<p>Az ide\u00e1lis alkalmaz\u00e1snak gyors \u00e9s hat\u00e9kony vizsg\u00e1latot kell k\u00edn\u00e1lnia, biztos\u00edtva, hogy csak a felesleges elemek ker\u00fcljenek elt\u00e1vol\u00edt\u00e1sra an\u00e9lk\u00fcl, hogy ez befoly\u00e1soln\u00e1 az eszk\u00f6z teljes\u00edtm\u00e9ny\u00e9t.<\/p>\n\n\n\n<ul>\n<li><strong>Intelligens szkennel\u00e9s:<\/strong> Fejlett algoritmusokat haszn\u00e1l a kritikus f\u00e1jlok \u00e9s a n\u00e9lk\u00fcl\u00f6zhet\u0151 adatok megk\u00fcl\u00f6nb\u00f6ztet\u00e9s\u00e9re.<\/li>\n\n\n\n<li><strong>Biztons\u00e1gos t\u00f6rl\u00e9s:<\/strong> Lehet\u0151v\u00e9 teszi a f\u00e1jlok t\u00f6rl\u00e9s\u00e9t a fontos inform\u00e1ci\u00f3k elveszt\u00e9s\u00e9nek kock\u00e1zata n\u00e9lk\u00fcl.<\/li>\n\n\n\n<li><strong>Automatikus programoz\u00e1s:<\/strong> \u00c1ll\u00edtson be tiszt\u00edt\u00e1si \u00fctemterveket, hogy telefonja folyamatosan optimaliz\u00e1lva legyen.<\/li>\n<\/ul>\n\n\n\n<h3 class=\"wp-block-heading\">2. Mem\u00f3ria \u00e9s CPU optimaliz\u00e1l\u00e1s<\/h3>\n\n\n\n<p>Egy m\u00e1sik l\u00e9nyeges funkci\u00f3 a RAM \u00e9s a processzor haszn\u00e1lat\u00e1nak figyel\u00e9se \u00e9s be\u00e1ll\u00edt\u00e1sa.<\/p>\n\n\n\n<p>Egy j\u00f3 alkalmaz\u00e1s nemcsak helyet szabad\u00edt fel, hanem optimaliz\u00e1lja a telefon teljes\u00edtm\u00e9ny\u00e9t is, cs\u00f6kkentve az \u00f6sszeoml\u00e1sokat \u00e9s a lassul\u00e1sokat.<\/p>\n\n\n\n<ul>\n<li><strong>Val\u00f3s idej\u0171 monitoroz\u00e1s:<\/strong> Az er\u0151forr\u00e1s-felhaszn\u00e1l\u00e1s b\u00e1rmikor megtekinthet\u0151.<\/li>\n\n\n\n<li><strong>Inakt\u00edv folyamatok lez\u00e1r\u00e1sa:<\/strong> V\u00e9gezzen el olyan feladatokat, amelyek sz\u00fcks\u00e9gtelen\u00fcl er\u0151forr\u00e1sokat fogyasztanak.<\/li>\n\n\n\n<li><strong>Dinamikus be\u00e1ll\u00edt\u00e1s:<\/strong> Alkalmazkodik az eszk\u00f6z ig\u00e9nyeihez, \u00e9s a felhaszn\u00e1l\u00f3 sz\u00e1m\u00e1ra alapvet\u0151 folyamatokat helyezi el\u0151t\u00e9rbe.<\/li>\n<\/ul>\n\n\n\n<h3 class=\"wp-block-heading\">3. Alkalmaz\u00e1s- \u00e9s f\u00e1jlkezel\u00e9s<\/h3>\n\n\n\n<p>Elengedhetetlen egy \u00e1ttekinthet\u0151 fel\u00fclet a telep\u00edtett alkalmaz\u00e1sok \u00e9s a mentett f\u00e1jlok kezel\u00e9s\u00e9hez.<\/p>\n\n\n\n<p>Az er\u0151forr\u00e1s-ig\u00e9nyes alkalmaz\u00e1sok \u00e9s f\u00e1jlok azonos\u00edt\u00e1s\u00e1nak k\u00e9pess\u00e9ge, amelyek helyet foglalnak el an\u00e9lk\u00fcl, hogy \u00e9rt\u00e9ket adn\u00e1nak hozz\u00e1, ezen eszk\u00f6z\u00f6k egyik nagy el\u0151nye.<\/p>\n\n\n\n<ul>\n<li><strong>Felhaszn\u00e1l\u00e1s szerinti oszt\u00e1lyoz\u00e1s:<\/strong> Alkalmaz\u00e1sok rendszerez\u00e9se mem\u00f3ria \u00e9s akkumul\u00e1torhaszn\u00e1lat szerint.<\/li>\n\n\n\n<li><strong>Szelekt\u00edv elimin\u00e1ci\u00f3:<\/strong> Lehet\u0151v\u00e9 teszi a nem haszn\u00e1lt alkalmaz\u00e1sok elt\u00e1vol\u00edt\u00e1s\u00e1t vagy \u00e1thelyez\u00e9s\u00e9t a felh\u0151be.<\/li>\n\n\n\n<li><strong>F\u00e1jlkezel\u0151:<\/strong> Egyszer\u0171s\u00edtett n\u00e9zetet biztos\u00edt a duplik\u00e1lt vagy felesleges dokumentumok, f\u00e9nyk\u00e9pek \u00e9s vide\u00f3k \u00e1ttekint\u00e9s\u00e9hez \u00e9s t\u00f6rl\u00e9s\u00e9hez.<\/li>\n<\/ul>\n\n\n\n<h2 class=\"wp-block-heading\">Aj\u00e1nlott telefontiszt\u00edt\u00f3 alkalmaz\u00e1sok 2025-re<\/h2>\n\n\n\n<p>Az al\u00e1bbiakban h\u00e1rom olyan alkalmaz\u00e1st mutatunk be, amelyek szigor\u00fa elemz\u00e9s ut\u00e1n a legjobb megold\u00e1snak bizonyultak eszk\u00f6ze optim\u00e1lis \u00e1llapot\u00e1nak meg\u0151rz\u00e9s\u00e9re:<\/p>\n\n\n\n<h3 class=\"wp-block-heading\">1. CleanMaster<\/h3>\n\n\n\n<p><strong>CleanMaster<\/strong> n\u00e9lk\u00fcl\u00f6zhetetlen eszk\u00f6zz\u00e9 v\u00e1lt a telefonok tiszt\u00edt\u00e1s\u00e1ban \u00e9s optimaliz\u00e1l\u00e1s\u00e1ban.<br>Felhaszn\u00e1l\u00f3bar\u00e1t fel\u00fclettel \u00e9s intelligens funkci\u00f3kkal ez az alkalmaz\u00e1s a k\u00f6vetkez\u0151ket k\u00edn\u00e1lja:<\/p>\n\n\n\n<ul>\n<li><strong>R\u00e9szletes elemz\u00e9s:<\/strong> Hat\u00e9konyan ellen\u0151rzi \u00e9s t\u00f6rli a felesleges f\u00e1jlokat.<\/li>\n\n\n\n<li><strong>Akkumul\u00e1tor k\u00edm\u00e9l\u00e9se:<\/strong> Optimaliz\u00e1lja a k\u00e9sz\u00fcl\u00e9k energiafogyaszt\u00e1s\u00e1t.<\/li>\n\n\n\n<li><strong>Adatv\u00e9delem:<\/strong> Elt\u00e1vol\u00edtja a tev\u00e9kenys\u00e9gek nyomait \u00e9s v\u00e9di a szem\u00e9lyes adatokat.<\/li>\n<\/ul>\n\n\n\n<p>A CleanMaster kiemelkedik a k\u00f6nny\u0171 haszn\u00e1lat \u00e9s az azonnali eredm\u00e9nyek miatt, \u00edgy minden koroszt\u00e1ly sz\u00e1m\u00e1ra megb\u00edzhat\u00f3 v\u00e1laszt\u00e1s.<\/p>\n\n\n\n<p>T\u00f6ltsd le, \u00e9s tapasztald meg a telefonod teljes\u00edtm\u00e9ny\u00e9nek \u00e9szrevehet\u0151 javul\u00e1s\u00e1t.<\/p>\n\n\n\n<h3 class=\"wp-block-heading\">2. CCleaner Mobile<\/h3>\n\n\n\n<p><strong>CCleaner Mobile<\/strong> Ez a vil\u00e1gszerte egyik legismertebb optimaliz\u00e1l\u00f3 alkalmaz\u00e1s mobil kiterjeszt\u00e9se.<br>F\u0151 jellemz\u0151i a k\u00f6vetkez\u0151k:<\/p>\n\n\n\n<ul>\n<li><strong>Marad\u00e9k f\u00e1jlok elt\u00e1vol\u00edt\u00e1sa:<\/strong> Szabad\u00edtson fel helyet gyorsan \u00e9s komplik\u00e1ci\u00f3k n\u00e9lk\u00fcl.<\/li>\n\n\n\n<li><strong>Folyamatoptimaliz\u00e1l\u00e1s:<\/strong> A sebess\u00e9g n\u00f6vel\u00e9se \u00e9rdek\u00e9ben z\u00e1rja be a h\u00e1tt\u00e9rben fut\u00f3 alkalmaz\u00e1sokat.<\/li>\n\n\n\n<li><strong>Tiszt\u00edt\u00e1si el\u0151zm\u00e9nyek:<\/strong> Lehet\u0151v\u00e9 teszi a t\u00f6r\u00f6lt f\u00e1jlok el\u0151zm\u00e9nyeinek \u00e9s a teljes\u00edtm\u00e9nyre gyakorolt hat\u00e1s\u00e1nak megtekint\u00e9s\u00e9t.<\/li>\n<\/ul>\n\n\n\n<p>Ez az alkalmaz\u00e1s ide\u00e1lis azoknak a felhaszn\u00e1l\u00f3knak, akik \u00e1tfog\u00f3 \u00e9s k\u00f6nnyen haszn\u00e1lhat\u00f3 megold\u00e1st keresnek.<\/p>\n\n\n\n<p>Intuit\u00edv kialak\u00edt\u00e1s\u00e1nak \u00e9s bizony\u00edtott hat\u00e9konys\u00e1g\u00e1nak k\u00f6sz\u00f6nhet\u0151en kiv\u00e1l\u00f3 v\u00e1laszt\u00e1s eszk\u00f6ze optim\u00e1lis \u00e1llapotban tart\u00e1s\u00e1hoz.<\/p>\n\n\n\n<h3 class=\"wp-block-heading\">3. AVG Tiszt\u00edt\u00f3<\/h3>\n\n\n\n<p><strong>AVG tiszt\u00edt\u00f3<\/strong> Robusztus \u00e9s biztons\u00e1gos alternat\u00edvak\u00e9nt pozicion\u00e1lj\u00e1k a telefonok tiszt\u00edt\u00e1s\u00e1hoz.<br>Ez az alkalmaz\u00e1s fejlett funkci\u00f3k kombin\u00e1ci\u00f3j\u00e1t k\u00edn\u00e1lja, bele\u00e9rtve:<\/p>\n\n\n\n<ul>\n<li><strong>Teljes\u00edtm\u00e9nyelemz\u00e9s:<\/strong> \u00c9szleli \u00e9s megoldja a mem\u00f3ria-t\u00falterhel\u00e9s probl\u00e9m\u00e1it.<\/li>\n\n\n\n<li><strong>Alkalmaz\u00e1skezel\u00e9s:<\/strong> Azonos\u00edtja a t\u00falzott er\u0151forr\u00e1s-fogyaszt\u00e1s\u00fa alkalmaz\u00e1sokat, \u00e9s javaslatokat tesz optimaliz\u00e1l\u00e1sukra.<\/li>\n\n\n\n<li><strong>K\u00e1rtev\u0151v\u00e9delem:<\/strong> Integr\u00e1lja az eszk\u00f6ztiszt\u00edt\u00e1st kieg\u00e9sz\u00edt\u0151 biztons\u00e1gi eszk\u00f6z\u00f6ket.<\/li>\n<\/ul>\n\n\n\n<p>Az AVG Cleaner k\u00fcl\u00f6n\u00f6sen nagyra \u00e9rt\u00e9kelt a k\u00f6vetkezetes teljes\u00edtm\u00e9nye \u00e9s a biztons\u00e1gra val\u00f3 \u00f6sszpontos\u00edt\u00e1sa miatt, \u00edgy ide\u00e1lis azoknak a felhaszn\u00e1l\u00f3knak, akik \u00e1tfog\u00f3 \u00e9s megb\u00edzhat\u00f3 megold\u00e1st keresnek.<\/p>\n\n\n<div class=\"wp-block-image\">\n<figure class=\"aligncenter size-full\"><img loading=\"lazy\" decoding=\"async\" width=\"550\" height=\"350\" src=\"https:\/\/universofamilia.com\/wp-content\/uploads\/sites\/148\/2025\/03\/DESTAQUE-UNIVERSO-550-x-350-7.jpg\" alt=\"\" class=\"wp-image-9006\" srcset=\"https:\/\/universofamilia.com\/wp-content\/uploads\/sites\/148\/2025\/03\/DESTAQUE-UNIVERSO-550-x-350-7.jpg 550w, https:\/\/universofamilia.com\/wp-content\/uploads\/sites\/148\/2025\/03\/DESTAQUE-UNIVERSO-550-x-350-7-300x191.jpg 300w, https:\/\/universofamilia.com\/wp-content\/uploads\/sites\/148\/2025\/03\/DESTAQUE-UNIVERSO-550-x-350-7-18x12.jpg 18w\" sizes=\"(max-width: 550px) 100vw, 550px\" \/><figcaption class=\"wp-element-caption\">A legjobb \u00e9s leghat\u00e9konyabb telefontiszt\u00edt\u00f3 alkalmaz\u00e1s 2025-ben<\/figcaption><\/figure><\/div>\n\n\n<h2 class=\"wp-block-heading\">SEO optimaliz\u00e1l\u00e1si strat\u00e9gi\u00e1k az alkalmaz\u00e1sok tiszt\u00edt\u00e1s\u00e1hoz<\/h2>\n\n\n\n<p>Ahhoz, hogy egy ilyen cikk a Google tal\u00e1lati list\u00e1j\u00e1nak \u00e9l\u00e9re ker\u00fclj\u00f6n, elengedhetetlen a kulcsszavakon \u00e9s min\u0151s\u00e9gi tartalomon alapul\u00f3 SEO strat\u00e9gi\u00e1k k\u00f6vet\u00e9se.<\/p>\n\n\n\n<p>Az al\u00e1bbiakban n\u00e9h\u00e1ny kulcsfontoss\u00e1g\u00fa strat\u00e9gi\u00e1t ismertet\u00fcnk:<\/p>\n\n\n\n<h3 class=\"wp-block-heading\">A kulcsszavak strat\u00e9giai haszn\u00e1lata<\/h3>\n\n\n\n<ul>\n<li><strong>F\u0151 kulcssz\u00f3:<\/strong> \u201eA legjobb \u00e9s leghat\u00e9konyabb telefontiszt\u00edt\u00f3 alkalmaz\u00e1s 2025-ben\u201d feliratnak strat\u00e9giai helyeken kell megjelennie, p\u00e9ld\u00e1ul a c\u00edmben, a bevezet\u0151ben \u00e9s a k\u00fcl\u00f6nf\u00e9le alc\u00edmekben.<\/li>\n\n\n\n<li><strong>M\u00e1sodlagos kulcsszavak:<\/strong> Haszn\u00e1ljon szemantikai vari\u00e1ci\u00f3kat, p\u00e9ld\u00e1ul <strong>telefontiszt\u00edt\u00e1s<\/strong>, <strong>tiszt\u00edt\u00f3alkalmaz\u00e1s<\/strong>, <strong>eszk\u00f6zoptimaliz\u00e1l\u00e1s<\/strong> \u00e9s <strong>teljes\u00edtm\u00e9nyjav\u00edt\u00e1s<\/strong>.<\/li>\n\n\n\n<li>A f\u0151 kulcssz\u00f3 gyakoris\u00e1ga 1% legyen, ami azt jelenti, hogy egy 1000 szavas cikkben k\u00f6r\u00fclbel\u00fcl 10 alkalommal kell term\u00e9szetes m\u00f3don megjelennie.<\/li>\n<\/ul>\n\n\n\n<h3 class=\"wp-block-heading\">Min\u0151s\u00e9gi \u00e9s olvashat\u00f3 tartalom<\/h3>\n\n\n\n<ul>\n<li><strong>R\u00f6vid \u00e9s t\u00f6m\u00f6r bekezd\u00e9sek:<\/strong> Megk\u00f6nny\u00edtik az olvas\u00e1st \u00e9s jav\u00edtj\u00e1k a felhaszn\u00e1l\u00f3i \u00e9lm\u00e9nyt.<\/li>\n\n\n\n<li><strong>Felsorol\u00e1sok \u00e9s felsorol\u00e1sjelek:<\/strong> Seg\u00edtenek az inform\u00e1ci\u00f3k lebont\u00e1s\u00e1ban \u00e9s a fontos pontok kiemel\u00e9s\u00e9ben.<\/li>\n\n\n\n<li><strong>Val\u00f3s adatok \u00e9s p\u00e9ld\u00e1k:<\/strong> Al\u00e1t\u00e1masztj\u00e1k az \u00e1ll\u00edt\u00e1sokat, \u00e9s bizalmat keltenek az olvas\u00f3ban.<\/li>\n\n\n\n<li><strong>Cselekv\u00e9sre \u00f6szt\u00f6nz\u00e9sek (CTA):<\/strong> Helyezzen el egy\u00e9rtelm\u0171 gombokat vagy linkeket az alkalmaz\u00e1sok let\u00f6lt\u00e9s\u00e9hez, \u00f6szt\u00f6n\u00f6zve a konverzi\u00f3t.<\/li>\n<\/ul>\n\n\n\n<h3 class=\"wp-block-heading\">Mobil optimaliz\u00e1l\u00e1s<\/h3>\n\n\n\n<ul>\n<li>A cikket \u00fagy kell megtervezni, hogy optim\u00e1lis \u00e9lm\u00e9nyt ny\u00fajtson mobileszk\u00f6z\u00f6k\u00f6n, mivel a legt\u00f6bb felhaszn\u00e1l\u00f3 telefonj\u00e1n kereszt\u00fcl f\u00e9r hozz\u00e1 a tartalmakhoz.<\/li>\n\n\n\n<li>Gy\u0151z\u0151dj\u00f6n meg arr\u00f3l, hogy a k\u00e9pek, gombok \u00e9s sz\u00f6vegek k\u00f6nnyen l\u00e1that\u00f3ak \u00e9s navig\u00e1lhat\u00f3k kis k\u00e9perny\u0151k\u00f6n is.<\/li>\n<\/ul>\n\n\n\n<h3 class=\"wp-block-heading\">Bels\u0151 \u00e9s k\u00fcls\u0151 linkek<\/h3>\n\n\n\n<ul>\n<li><strong>Bels\u0151 linkek:<\/strong> \u00c1tir\u00e1ny\u00edt\u00e1s a blogod m\u00e1s kapcsol\u00f3d\u00f3 cikkeihez, amelyek olyan t\u00e9m\u00e1kat boncolgatnak, mint a digit\u00e1lis biztons\u00e1g vagy az eszk\u00f6zoptimaliz\u00e1l\u00e1s.<\/li>\n\n\n\n<li><strong>K\u00fcls\u0151 linkek:<\/strong> Hivatkozzon megb\u00edzhat\u00f3 tanulm\u00e1nyokra vagy forr\u00e1sokra, amelyek al\u00e1t\u00e1masztj\u00e1k a takar\u00edt\u00f3alkalmaz\u00e1sok haszn\u00e1lat\u00e1nak el\u0151nyeit. Ez n\u00f6veli a tartalom tekint\u00e9ly\u00e9t a Google szem\u00e9ben.<\/li>\n<\/ul>\n\n\n\n<h2 class=\"wp-block-heading\">Aj\u00e1nl\u00e1sok \u00e9s sikert\u00f6rt\u00e9netek<\/h2>\n\n\n\n<p>Sok felhaszn\u00e1l\u00f3 jelent\u0151s javul\u00e1st tapasztalt a tiszt\u00edt\u00f3alkalmaz\u00e1sok telep\u00edt\u00e9se ut\u00e1n.<br>P\u00e9ld\u00e1ul Maria, egy 62 \u00e9ves felhaszn\u00e1l\u00f3, ezt kommentelte:<\/p>\n\n\n\n<blockquote class=\"wp-block-quote\">\n<p>\u201eA CleanMaster let\u00f6lt\u00e9se ut\u00e1n a telefonom olyan, mint az \u00faj. K\u00f6nnyen haszn\u00e1lhat\u00f3 \u00e9s nagyon hat\u00e9kony!\u201d<\/p>\n<\/blockquote>\n\n\n\n<p>Egy m\u00e1sik eset Jorg\u00e9, aki a CCleaner Mobile-t haszn\u00e1lja:<\/p>\n\n\n\n<blockquote class=\"wp-block-quote\">\n<p>\u201eAmi\u00f3ta elkezdtem haszn\u00e1lni ezt az alkalmaz\u00e1st, gyorsabbak a let\u00f6lt\u00e9seim, \u00e9s az eszk\u00f6z\u00f6m nem melegszik t\u00fal. Meg\u00e9ri a befektet\u00e9s.\u201d<\/p>\n<\/blockquote>\n\n\n\n<p>Az ilyen t\u00f6rt\u00e9netek nemcsak az aj\u00e1nlott alkalmaz\u00e1sok hat\u00e9konys\u00e1g\u00e1t igazolj\u00e1k, hanem bizalmat is keltenek az \u00faj felhaszn\u00e1l\u00f3kban, akik egyszer\u0171 \u00e9s hat\u00e9kony megold\u00e1sokat keresnek telefonjuk teljes\u00edtm\u00e9ny\u00e9nek jav\u00edt\u00e1s\u00e1ra.<\/p>\n\n\n\n<h2 class=\"wp-block-heading\">Hogyan v\u00e1laszd ki az ide\u00e1lis alkalmaz\u00e1st sz\u00e1modra<\/h2>\n\n\n\n<p>A legjobb telefontiszt\u00edt\u00f3 alkalmaz\u00e1s kiv\u00e1laszt\u00e1sa sz\u00e1mos szem\u00e9lyes t\u00e9nyez\u0151t\u0151l f\u00fcgg.<\/p>\n\n\n\n<p>A d\u00f6nt\u00e9s meghozatalakor a k\u00f6vetkez\u0151ket vegye figyelembe:<\/p>\n\n\n\n<ul>\n<li><strong>K\u00f6nny\u0171 haszn\u00e1lat:<\/strong> Keressen olyan alkalmaz\u00e1sokat, amelyek intuit\u00edv fel\u00fclettel rendelkeznek, \u00e9s nem ig\u00e9nyelnek speci\u00e1lis m\u0171szaki ismereteket.<\/li>\n\n\n\n<li><strong>Specifikus funkci\u00f3k:<\/strong> \u00c9rt\u00e9kelje, hogy az alkalmaz\u00e1s k\u00edn\u00e1l-e tov\u00e1bbi eszk\u00f6z\u00f6ket, p\u00e9ld\u00e1ul akkumul\u00e1toroptimaliz\u00e1l\u00e1st, k\u00e1rtev\u0151v\u00e9delmet \u00e9s alkalmaz\u00e1skezel\u00e9st.<\/li>\n\n\n\n<li><strong>H\u00edrn\u00e9v \u00e9s \u00e9rt\u00e9kel\u00e9sek:<\/strong> Olvassa el a v\u00e9lem\u00e9nyeket \u00e9s aj\u00e1nl\u00e1sokat, hogy megbizonyosodjon arr\u00f3l, hogy m\u00e1s felhaszn\u00e1l\u00f3knak is pozit\u00edv tapasztalataik vannak.<\/li>\n\n\n\n<li><strong>Friss\u00edt\u00e9sek \u00e9s t\u00e1mogat\u00e1s:<\/strong> A rendszeresen friss\u00edtett alkalmaz\u00e1s hossz\u00fa t\u00e1v\u00fa biztons\u00e1got \u00e9s hat\u00e9konys\u00e1got garant\u00e1l.<\/li>\n<\/ul>\n\n\n\n<p>Az aj\u00e1nlott alkalmaz\u00e1sok mindegyik\u00e9t ezen krit\u00e9riumok alapj\u00e1n \u00e9rt\u00e9kelt\u00e9k, \u00edgy biztos\u00edtva, hogy olyan eszk\u00f6zt kapj, amely nemcsak megtiszt\u00edtja az eszk\u00f6z\u00f6det, hanem optimaliz\u00e1lja annak teljes\u00edtm\u00e9ny\u00e9t is.<\/p>\n\n\n\n<h2 class=\"wp-block-heading\">Hogyan tarthatod mindig optimaliz\u00e1lva az eszk\u00f6z\u00f6det<\/h2>\n\n\n\n<p>A telefon optimaliz\u00e1l\u00e1sa nem el\u00e9g egyetlen alkalmaz\u00e1s let\u00f6lt\u00e9s\u00e9hez.<\/p>\n\n\n\n<p>Az eszk\u00f6z \u00e9lettartam\u00e1nak meghosszabb\u00edt\u00e1s\u00e1hoz elengedhetetlen az eg\u00e9szs\u00e9ges szok\u00e1sok kialak\u00edt\u00e1sa a haszn\u00e1lat sor\u00e1n. \u00cdme n\u00e9h\u00e1ny aj\u00e1nl\u00e1s:<\/p>\n\n\n\n<ul>\n<li><strong>V\u00e9gezzen id\u0151szakos tiszt\u00edt\u00e1st:<\/strong> \u00dctemezzen be heti vagy havi takar\u00edt\u00e1si id\u0151szakokat.<\/li>\n\n\n\n<li><strong>Friss\u00edtsd az alkalmaz\u00e1saidat:<\/strong> Tartsa naprak\u00e9szen alkalmaz\u00e1sait, hogy kihaszn\u00e1lhassa a teljes\u00edtm\u00e9nybeli \u00e9s biztons\u00e1gi fejleszt\u00e9seket.<\/li>\n\n\n\n<li><strong>Duplik\u00e1lt f\u00e1jlok elt\u00e1vol\u00edt\u00e1sa:<\/strong> Rendszeresen ellen\u0151rizd a f\u00e9nyk\u00e9peket, vide\u00f3kat \u00e9s dokumentumokat, \u00e9s t\u00f6r\u00f6lj mindent, amire nincs sz\u00fcks\u00e9ged.<\/li>\n\n\n\n<li><strong>Ind\u00edtsa \u00fajra az eszk\u00f6zt:<\/strong> Egy egyszer\u0171 \u00fajraind\u00edt\u00e1s sz\u00e1mos lass\u00fas\u00e1gi \u00e9s t\u00falterhel\u00e9si probl\u00e9m\u00e1t megoldhat.<\/li>\n<\/ul>\n\n\n\n<p>Ezen gyakorlatok alkalmaz\u00e1sa, valamint egy hat\u00e9kony tiszt\u00edt\u00f3alkalmaz\u00e1s haszn\u00e1lata lehet\u0151v\u00e9 teszi, hogy gyorsabb, biztons\u00e1gosabb \u00e9s megb\u00edzhat\u00f3bb eszk\u00f6zt haszn\u00e1lj.<\/p>\n\n\n\n<h2 class=\"wp-block-heading\">Kezdje el utaz\u00e1s\u00e1t most<\/h2>\n\n\n\n<p>R\u00f6viden, miut\u00e1n <strong>A legjobb \u00e9s leghat\u00e9konyabb telefontiszt\u00edt\u00f3 alkalmaz\u00e1s 2025-ben<\/strong> Fontos, hogy a k\u00e9sz\u00fcl\u00e9ked optim\u00e1lis \u00e1llapotban legyen.<\/p>\n\n\n\n<p>Bemutatunk nektek h\u00e1rom kiemelked\u0151 alkalmaz\u00e1st: a CleanMastert, a CCleaner Mobile-t \u00e9s az AVG Cleanert, amelyek mindegyike egyedi funkci\u00f3kkal rendelkezik, hogy k\u00fcl\u00f6nb\u00f6z\u0151 ig\u00e9nyeket el\u00e9g\u00edtsen ki.<\/p>\n\n\n\n<p>Haszn\u00e1ld ki a technol\u00f3gi\u00e1t \u00e9s az innov\u00e1ci\u00f3t a mobil\u00e9lm\u00e9nyed \u00e1talak\u00edt\u00e1s\u00e1hoz.<\/p>\n\n\n\n<p>Ne v\u00e1rj tov\u00e1bb, t\u00f6ltsd le most az ig\u00e9nyeidnek legink\u00e1bb megfelel\u0151 alkalmaz\u00e1st, \u00e9s \u00e9lvezd a kiv\u00e1l\u00f3 teljes\u00edtm\u00e9nyt a telefonodon.<\/p>\n\n\n\n<p><strong>Cselekedj m\u00e9g ma, \u00e9s tapasztald meg a k\u00fcl\u00f6nbs\u00e9get!<\/strong><\/p>\n\n\n\n<h3 class=\"wp-block-heading\">Let\u00f6lt\u00e9si \u00e9s alkalmaz\u00e1si \u00f6sszefoglal\u00f3k:<\/h3>\n\n\n\n<ul>\n<li><strong>TisztaMester:<\/strong><br>Egy intuit\u00edv eszk\u00f6z, amely megtiszt\u00edtja a felesleges f\u00e1jlokat, optimaliz\u00e1lja az akkumul\u00e1tort \u00e9s v\u00e9di az adatv\u00e9delmet. Ide\u00e1lis azoknak a felhaszn\u00e1l\u00f3knak, akik egyetlen kattint\u00e1ssal gyorsas\u00e1got \u00e9s hat\u00e9konys\u00e1got keresnek.<\/li>\n\n\n\n<li><strong>CCleaner Mobile:<\/strong><br>A neves optimaliz\u00e1l\u00f3 alkalmaz\u00e1s mobil verzi\u00f3ja. M\u00e9lyrehat\u00f3 szkennel\u00e9st, folyamatkezel\u00e9st \u00e9s r\u00e9szletes tiszt\u00edt\u00e1si el\u0151zm\u00e9nyeket k\u00edn\u00e1l, \u00edgy \u00e1tfog\u00f3 \u00e9lm\u00e9nyt ny\u00fajt.<\/li>\n\n\n\n<li><strong>AVG tiszt\u00edt\u00f3:<\/strong><br>A tiszt\u00edt\u00e1s \u00e9s a biztons\u00e1g kombin\u00e1ci\u00f3ja. \u00c9szleli a teljes\u00edtm\u00e9nyprobl\u00e9m\u00e1kat, kezeli a nagy teljes\u00edtm\u00e9ny\u0171 alkalmaz\u00e1sokat, \u00e9s megv\u00e9di az eszk\u00f6zt a fenyeget\u00e9sekt\u0151l, biztos\u00edtva az optim\u00e1lis teljes\u00edtm\u00e9nyt.<\/li>\n<\/ul>\n\n\n\n<h3 class=\"wp-block-heading\"><mark class=\"has-inline-color has-luminous-vivid-amber-color\"><strong>T\u00f6ltse le az alkalmaz\u00e1sokat<\/strong>.<\/mark><\/h3>\n\n\n\n<ul>\n<li class=\"has-medium-font-size\"><strong>CleanMaster \u2013 <a href=\"https:\/\/clean-master-cleaner.br.uptodown.com\/android\">Android <\/a>\/ <a href=\"https:\/\/apps.apple.com\/br\/app\/clean-master-limpeza-phone\/id1526424201\">iOS<\/a><\/strong><\/li>\n\n\n\n<li class=\"has-medium-font-size\"><strong>CCleaner Mobile<\/strong> <strong>&#8211; <a href=\"https:\/\/www.ccleaner.com\/ccleaner-android?cc-noredirect=\">Android <\/a>\/ <a href=\"https:\/\/apps.apple.com\/br\/app\/ccleaner-limpeza-de-celular\/id6450901367\">iOS<\/a><\/strong><\/li>\n\n\n\n<li class=\"has-medium-font-size\"><strong>AVG Tiszt\u00edt\u00f3 \u2013 <a href=\"https:\/\/www.avg.com\/pt-br\/app-specific-cleaner-for-android#pc\">Android <\/a>\/ <a href=\"https:\/\/apps.apple.com\/br\/app\/avg-cleaner\/id667434228?mt=12\">iOS<\/a><\/strong><\/li>\n<\/ul>\n\n\n\n<p><\/p>","protected":false},"excerpt":{"rendered":"<p>A legjobb \u00e9s leghat\u00e9konyabb telefontiszt\u00edt\u00f3 alkalmaz\u00e1s 2025-ben az a megold\u00e1s, amely forradalmas\u00edtja eszk\u00f6z\u00f6d teljes\u00edtm\u00e9ny\u00e9t. Ebben a cikkben felfedezheted, hogyan optimaliz\u00e1lhatod \u00e9s tarthatod t\u00f6k\u00e9letes \u00e1llapotban a telefonodat. Megtanulod azonos\u00edtani azokat a f\u0151bb jellemz\u0151ket, amelyek kiemelik a tiszt\u00edt\u00f3alkalmaz\u00e1sokat a piacon. [\u2026]<\/p>","protected":false},"author":139,"featured_media":9006,"comment_status":"closed","ping_status":"open","sticky":false,"template":"","format":"standard","meta":{"footnotes":""},"categories":[2],"tags":[2045,2059,2062,2060,2061],"yoast_head":"<!-- This site is optimized with the Yoast SEO plugin v23.3 - https:\/\/yoast.com\/wordpress\/plugins\/seo\/ -->\n<title>Quiero aumentar la memoria - Universo Fam\u00edlia<\/title>\n<meta name=\"description\" content=\"La mejor y m\u00e1s eficaz aplicaci\u00f3n de limpieza de tel\u00e9fono en 2025. La mejor y m\u00e1s eficaz aplicaci\u00f3n de limpieza de tel\u00e9fono en 2025...\" \/>\n<meta name=\"robots\" content=\"index, follow, max-snippet:-1, max-image-preview:large, max-video-preview:-1\" \/>\n<link rel=\"canonical\" href=\"http:\/\/universofamilia.com\/hu\/\u043d\u0430\u0458\u0431\u043e\u0459\u0430-\u0438-\u043d\u0430\u0458\u0435\u0444\u0438\u043a\u0430\u0441\u043d\u0438\u0458\u0430-\u0430\u043f\u043b\u0438\u043a\u0430\u0446\u0438\u0458\u0430-\u0437\/\" \/>\n<meta property=\"og:locale\" content=\"hu_HU\" \/>\n<meta property=\"og:type\" content=\"article\" \/>\n<meta property=\"og:title\" content=\"Quiero aumentar la memoria - Universo Fam\u00edlia\" \/>\n<meta property=\"og:description\" content=\"La mejor y m\u00e1s eficaz aplicaci\u00f3n de limpieza de tel\u00e9fono en 2025. La mejor y m\u00e1s eficaz aplicaci\u00f3n de limpieza de tel\u00e9fono en 2025...\" \/>\n<meta property=\"og:url\" content=\"http:\/\/universofamilia.com\/hu\/\u043d\u0430\u0458\u0431\u043e\u0459\u0430-\u0438-\u043d\u0430\u0458\u0435\u0444\u0438\u043a\u0430\u0441\u043d\u0438\u0458\u0430-\u0430\u043f\u043b\u0438\u043a\u0430\u0446\u0438\u0458\u0430-\u0437\/\" \/>\n<meta property=\"og:site_name\" content=\"Universo Fam\u00edlia\" \/>\n<meta property=\"article:published_time\" content=\"2025-03-19T21:04:12+00:00\" \/>\n<meta property=\"article:modified_time\" content=\"2025-07-21T18:23:37+00:00\" \/>\n<meta property=\"og:image\" content=\"http:\/\/universofamilia.com\/wp-content\/uploads\/sites\/148\/2025\/03\/DESTAQUE-UNIVERSO-550-x-350-7.jpg\" \/>\n\t<meta property=\"og:image:width\" content=\"550\" \/>\n\t<meta property=\"og:image:height\" content=\"350\" \/>\n\t<meta property=\"og:image:type\" content=\"image\/jpeg\" \/>\n<meta name=\"author\" content=\"Pedro Henrique\" \/>\n<meta name=\"twitter:card\" content=\"summary_large_image\" \/>\n<meta name=\"twitter:label1\" content=\"Written by\" \/>\n\t<meta name=\"twitter:data1\" content=\"Pedro Henrique\" \/>\n\t<meta name=\"twitter:label2\" content=\"Est. reading time\" \/>\n\t<meta name=\"twitter:data2\" content=\"11 perc\" \/>\n<script type=\"application\/ld+json\" class=\"yoast-schema-graph\">{\"@context\":\"https:\/\/schema.org\",\"@graph\":[{\"@type\":\"WebPage\",\"@id\":\"http:\/\/universofamilia.com\/sr\/\u043d\u0430\u0458\u0431\u043e\u0459\u0430-\u0438-\u043d\u0430\u0458\u0435\u0444\u0438\u043a\u0430\u0441\u043d\u0438\u0458\u0430-\u0430\u043f\u043b\u0438\u043a\u0430\u0446\u0438\u0458\u0430-\u0437\/\",\"url\":\"http:\/\/universofamilia.com\/sr\/\u043d\u0430\u0458\u0431\u043e\u0459\u0430-\u0438-\u043d\u0430\u0458\u0435\u0444\u0438\u043a\u0430\u0441\u043d\u0438\u0458\u0430-\u0430\u043f\u043b\u0438\u043a\u0430\u0446\u0438\u0458\u0430-\u0437\/\",\"name\":\"Quiero aumentar la memoria - Universo Fam\u00edlia\",\"isPartOf\":{\"@id\":\"http:\/\/universofamilia.com\/zh_hk\/#website\"},\"primaryImageOfPage\":{\"@id\":\"http:\/\/universofamilia.com\/sr\/\u043d\u0430\u0458\u0431\u043e\u0459\u0430-\u0438-\u043d\u0430\u0458\u0435\u0444\u0438\u043a\u0430\u0441\u043d\u0438\u0458\u0430-\u0430\u043f\u043b\u0438\u043a\u0430\u0446\u0438\u0458\u0430-\u0437\/#primaryimage\"},\"image\":{\"@id\":\"http:\/\/universofamilia.com\/sr\/\u043d\u0430\u0458\u0431\u043e\u0459\u0430-\u0438-\u043d\u0430\u0458\u0435\u0444\u0438\u043a\u0430\u0441\u043d\u0438\u0458\u0430-\u0430\u043f\u043b\u0438\u043a\u0430\u0446\u0438\u0458\u0430-\u0437\/#primaryimage\"},\"thumbnailUrl\":\"https:\/\/universofamilia.com\/wp-content\/uploads\/sites\/148\/2025\/03\/DESTAQUE-UNIVERSO-550-x-350-7.jpg\",\"datePublished\":\"2025-03-19T21:04:12+00:00\",\"dateModified\":\"2025-07-21T18:23:37+00:00\",\"author\":{\"@id\":\"http:\/\/universofamilia.com\/zh_hk\/#\/schema\/person\/f07ce98187dd84d31154262e79b3b7ca\"},\"description\":\"La mejor y m\u00e1s eficaz aplicaci\u00f3n de limpieza de tel\u00e9fono en 2025. La mejor y m\u00e1s eficaz aplicaci\u00f3n de limpieza de tel\u00e9fono en 2025...\",\"breadcrumb\":{\"@id\":\"http:\/\/universofamilia.com\/sr\/\u043d\u0430\u0458\u0431\u043e\u0459\u0430-\u0438-\u043d\u0430\u0458\u0435\u0444\u0438\u043a\u0430\u0441\u043d\u0438\u0458\u0430-\u0430\u043f\u043b\u0438\u043a\u0430\u0446\u0438\u0458\u0430-\u0437\/#breadcrumb\"},\"inLanguage\":\"hu\",\"potentialAction\":[{\"@type\":\"ReadAction\",\"target\":[\"http:\/\/universofamilia.com\/sr\/\u043d\u0430\u0458\u0431\u043e\u0459\u0430-\u0438-\u043d\u0430\u0458\u0435\u0444\u0438\u043a\u0430\u0441\u043d\u0438\u0458\u0430-\u0430\u043f\u043b\u0438\u043a\u0430\u0446\u0438\u0458\u0430-\u0437\/\"]}]},{\"@type\":\"ImageObject\",\"inLanguage\":\"hu\",\"@id\":\"http:\/\/universofamilia.com\/sr\/\u043d\u0430\u0458\u0431\u043e\u0459\u0430-\u0438-\u043d\u0430\u0458\u0435\u0444\u0438\u043a\u0430\u0441\u043d\u0438\u0458\u0430-\u0430\u043f\u043b\u0438\u043a\u0430\u0446\u0438\u0458\u0430-\u0437\/#primaryimage\",\"url\":\"https:\/\/universofamilia.com\/wp-content\/uploads\/sites\/148\/2025\/03\/DESTAQUE-UNIVERSO-550-x-350-7.jpg\",\"contentUrl\":\"https:\/\/universofamilia.com\/wp-content\/uploads\/sites\/148\/2025\/03\/DESTAQUE-UNIVERSO-550-x-350-7.jpg\",\"width\":550,\"height\":350,\"caption\":\"La mejor y m\u00e1s eficaz aplicaci\u00f3n de limpieza de tel\u00e9fono en 2025\"},{\"@type\":\"BreadcrumbList\",\"@id\":\"http:\/\/universofamilia.com\/sr\/\u043d\u0430\u0458\u0431\u043e\u0459\u0430-\u0438-\u043d\u0430\u0458\u0435\u0444\u0438\u043a\u0430\u0441\u043d\u0438\u0458\u0430-\u0430\u043f\u043b\u0438\u043a\u0430\u0446\u0438\u0458\u0430-\u0437\/#breadcrumb\",\"itemListElement\":[{\"@type\":\"ListItem\",\"position\":1,\"name\":\"Home\",\"item\":\"http:\/\/universofamilia.com\/zh_hk\/\"},{\"@type\":\"ListItem\",\"position\":2,\"name\":\"Quiero aumentar la memoria\"}]},{\"@type\":\"WebSite\",\"@id\":\"http:\/\/universofamilia.com\/zh_hk\/#website\",\"url\":\"http:\/\/universofamilia.com\/zh_hk\/\",\"name\":\"Universo Fam\u00edlia\",\"description\":\"\",\"potentialAction\":[{\"@type\":\"SearchAction\",\"target\":{\"@type\":\"EntryPoint\",\"urlTemplate\":\"http:\/\/universofamilia.com\/zh_hk\/?s={search_term_string}\"},\"query-input\":\"required name=search_term_string\"}],\"inLanguage\":\"hu\"},{\"@type\":\"Person\",\"@id\":\"http:\/\/universofamilia.com\/zh_hk\/#\/schema\/person\/f07ce98187dd84d31154262e79b3b7ca\",\"name\":\"Pedro Henrique\",\"image\":{\"@type\":\"ImageObject\",\"inLanguage\":\"hu\",\"@id\":\"http:\/\/universofamilia.com\/zh_hk\/#\/schema\/person\/image\/\",\"url\":\"https:\/\/secure.gravatar.com\/avatar\/9edfeb808cb4e1599f64d6e45b130154?s=96&d=mm&r=g\",\"contentUrl\":\"https:\/\/secure.gravatar.com\/avatar\/9edfeb808cb4e1599f64d6e45b130154?s=96&d=mm&r=g\",\"caption\":\"Pedro Henrique\"},\"url\":\"https:\/\/universofamilia.com\/hu\/author\/editor01\/\"}]}<\/script>\n<!-- \/ Yoast SEO plugin. -->","yoast_head_json":{"title":"Quiero aumentar la memoria - Universo Fam\u00edlia","description":"La mejor y m\u00e1s eficaz aplicaci\u00f3n de limpieza de tel\u00e9fono en 2025. La mejor y m\u00e1s eficaz aplicaci\u00f3n de limpieza de tel\u00e9fono en 2025...","robots":{"index":"index","follow":"follow","max-snippet":"max-snippet:-1","max-image-preview":"max-image-preview:large","max-video-preview":"max-video-preview:-1"},"canonical":"http:\/\/universofamilia.com\/hu\/\u043d\u0430\u0458\u0431\u043e\u0459\u0430-\u0438-\u043d\u0430\u0458\u0435\u0444\u0438\u043a\u0430\u0441\u043d\u0438\u0458\u0430-\u0430\u043f\u043b\u0438\u043a\u0430\u0446\u0438\u0458\u0430-\u0437\/","og_locale":"hu_HU","og_type":"article","og_title":"Quiero aumentar la memoria - Universo Fam\u00edlia","og_description":"La mejor y m\u00e1s eficaz aplicaci\u00f3n de limpieza de tel\u00e9fono en 2025. La mejor y m\u00e1s eficaz aplicaci\u00f3n de limpieza de tel\u00e9fono en 2025...","og_url":"http:\/\/universofamilia.com\/hu\/\u043d\u0430\u0458\u0431\u043e\u0459\u0430-\u0438-\u043d\u0430\u0458\u0435\u0444\u0438\u043a\u0430\u0441\u043d\u0438\u0458\u0430-\u0430\u043f\u043b\u0438\u043a\u0430\u0446\u0438\u0458\u0430-\u0437\/","og_site_name":"Universo Fam\u00edlia","article_published_time":"2025-03-19T21:04:12+00:00","article_modified_time":"2025-07-21T18:23:37+00:00","og_image":[{"width":550,"height":350,"url":"http:\/\/universofamilia.com\/wp-content\/uploads\/sites\/148\/2025\/03\/DESTAQUE-UNIVERSO-550-x-350-7.jpg","type":"image\/jpeg"}],"author":"Pedro Henrique","twitter_card":"summary_large_image","twitter_misc":{"Written by":"Pedro Henrique","Est. reading time":"11 perc"},"schema":{"@context":"https:\/\/schema.org","@graph":[{"@type":"WebPage","@id":"http:\/\/universofamilia.com\/sr\/\u043d\u0430\u0458\u0431\u043e\u0459\u0430-\u0438-\u043d\u0430\u0458\u0435\u0444\u0438\u043a\u0430\u0441\u043d\u0438\u0458\u0430-\u0430\u043f\u043b\u0438\u043a\u0430\u0446\u0438\u0458\u0430-\u0437\/","url":"http:\/\/universofamilia.com\/sr\/\u043d\u0430\u0458\u0431\u043e\u0459\u0430-\u0438-\u043d\u0430\u0458\u0435\u0444\u0438\u043a\u0430\u0441\u043d\u0438\u0458\u0430-\u0430\u043f\u043b\u0438\u043a\u0430\u0446\u0438\u0458\u0430-\u0437\/","name":"Quiero aumentar la memoria - Universo Fam\u00edlia","isPartOf":{"@id":"http:\/\/universofamilia.com\/zh_hk\/#website"},"primaryImageOfPage":{"@id":"http:\/\/universofamilia.com\/sr\/\u043d\u0430\u0458\u0431\u043e\u0459\u0430-\u0438-\u043d\u0430\u0458\u0435\u0444\u0438\u043a\u0430\u0441\u043d\u0438\u0458\u0430-\u0430\u043f\u043b\u0438\u043a\u0430\u0446\u0438\u0458\u0430-\u0437\/#primaryimage"},"image":{"@id":"http:\/\/universofamilia.com\/sr\/\u043d\u0430\u0458\u0431\u043e\u0459\u0430-\u0438-\u043d\u0430\u0458\u0435\u0444\u0438\u043a\u0430\u0441\u043d\u0438\u0458\u0430-\u0430\u043f\u043b\u0438\u043a\u0430\u0446\u0438\u0458\u0430-\u0437\/#primaryimage"},"thumbnailUrl":"https:\/\/universofamilia.com\/wp-content\/uploads\/sites\/148\/2025\/03\/DESTAQUE-UNIVERSO-550-x-350-7.jpg","datePublished":"2025-03-19T21:04:12+00:00","dateModified":"2025-07-21T18:23:37+00:00","author":{"@id":"http:\/\/universofamilia.com\/zh_hk\/#\/schema\/person\/f07ce98187dd84d31154262e79b3b7ca"},"description":"La mejor y m\u00e1s eficaz aplicaci\u00f3n de limpieza de tel\u00e9fono en 2025. La mejor y m\u00e1s eficaz aplicaci\u00f3n de limpieza de tel\u00e9fono en 2025...","breadcrumb":{"@id":"http:\/\/universofamilia.com\/sr\/\u043d\u0430\u0458\u0431\u043e\u0459\u0430-\u0438-\u043d\u0430\u0458\u0435\u0444\u0438\u043a\u0430\u0441\u043d\u0438\u0458\u0430-\u0430\u043f\u043b\u0438\u043a\u0430\u0446\u0438\u0458\u0430-\u0437\/#breadcrumb"},"inLanguage":"hu","potentialAction":[{"@type":"ReadAction","target":["http:\/\/universofamilia.com\/sr\/\u043d\u0430\u0458\u0431\u043e\u0459\u0430-\u0438-\u043d\u0430\u0458\u0435\u0444\u0438\u043a\u0430\u0441\u043d\u0438\u0458\u0430-\u0430\u043f\u043b\u0438\u043a\u0430\u0446\u0438\u0458\u0430-\u0437\/"]}]},{"@type":"ImageObject","inLanguage":"hu","@id":"http:\/\/universofamilia.com\/sr\/\u043d\u0430\u0458\u0431\u043e\u0459\u0430-\u0438-\u043d\u0430\u0458\u0435\u0444\u0438\u043a\u0430\u0441\u043d\u0438\u0458\u0430-\u0430\u043f\u043b\u0438\u043a\u0430\u0446\u0438\u0458\u0430-\u0437\/#primaryimage","url":"https:\/\/universofamilia.com\/wp-content\/uploads\/sites\/148\/2025\/03\/DESTAQUE-UNIVERSO-550-x-350-7.jpg","contentUrl":"https:\/\/universofamilia.com\/wp-content\/uploads\/sites\/148\/2025\/03\/DESTAQUE-UNIVERSO-550-x-350-7.jpg","width":550,"height":350,"caption":"La mejor y m\u00e1s eficaz aplicaci\u00f3n de limpieza de tel\u00e9fono en 2025"},{"@type":"BreadcrumbList","@id":"http:\/\/universofamilia.com\/sr\/\u043d\u0430\u0458\u0431\u043e\u0459\u0430-\u0438-\u043d\u0430\u0458\u0435\u0444\u0438\u043a\u0430\u0441\u043d\u0438\u0458\u0430-\u0430\u043f\u043b\u0438\u043a\u0430\u0446\u0438\u0458\u0430-\u0437\/#breadcrumb","itemListElement":[{"@type":"ListItem","position":1,"name":"Home","item":"http:\/\/universofamilia.com\/zh_hk\/"},{"@type":"ListItem","position":2,"name":"Quiero aumentar la memoria"}]},{"@type":"WebSite","@id":"http:\/\/universofamilia.com\/zh_hk\/#website","url":"http:\/\/universofamilia.com\/zh_hk\/","name":"Universo Fam\u00edlia","description":"","potentialAction":[{"@type":"SearchAction","target":{"@type":"EntryPoint","urlTemplate":"http:\/\/universofamilia.com\/zh_hk\/?s={search_term_string}"},"query-input":"required name=search_term_string"}],"inLanguage":"hu"},{"@type":"Person","@id":"http:\/\/universofamilia.com\/zh_hk\/#\/schema\/person\/f07ce98187dd84d31154262e79b3b7ca","name":"Pedro Henrique","image":{"@type":"ImageObject","inLanguage":"hu","@id":"http:\/\/universofamilia.com\/zh_hk\/#\/schema\/person\/image\/","url":"https:\/\/secure.gravatar.com\/avatar\/9edfeb808cb4e1599f64d6e45b130154?s=96&d=mm&r=g","contentUrl":"https:\/\/secure.gravatar.com\/avatar\/9edfeb808cb4e1599f64d6e45b130154?s=96&d=mm&r=g","caption":"Pedro Henrique"},"url":"https:\/\/universofamilia.com\/hu\/author\/editor01\/"}]}},"_links":{"self":[{"href":"https:\/\/universofamilia.com\/hu\/wp-json\/wp\/v2\/posts\/9005"}],"collection":[{"href":"https:\/\/universofamilia.com\/hu\/wp-json\/wp\/v2\/posts"}],"about":[{"href":"https:\/\/universofamilia.com\/hu\/wp-json\/wp\/v2\/types\/post"}],"author":[{"embeddable":true,"href":"https:\/\/universofamilia.com\/hu\/wp-json\/wp\/v2\/users\/139"}],"replies":[{"embeddable":true,"href":"https:\/\/universofamilia.com\/hu\/wp-json\/wp\/v2\/comments?post=9005"}],"version-history":[{"count":5,"href":"https:\/\/universofamilia.com\/hu\/wp-json\/wp\/v2\/posts\/9005\/revisions"}],"predecessor-version":[{"id":9608,"href":"https:\/\/universofamilia.com\/hu\/wp-json\/wp\/v2\/posts\/9005\/revisions\/9608"}],"wp:featuredmedia":[{"embeddable":true,"href":"https:\/\/universofamilia.com\/hu\/wp-json\/wp\/v2\/media\/9006"}],"wp:attachment":[{"href":"https:\/\/universofamilia.com\/hu\/wp-json\/wp\/v2\/media?parent=9005"}],"wp:term":[{"taxonomy":"category","embeddable":true,"href":"https:\/\/universofamilia.com\/hu\/wp-json\/wp\/v2\/categories?post=9005"},{"taxonomy":"post_tag","embeddable":true,"href":"https:\/\/universofamilia.com\/hu\/wp-json\/wp\/v2\/tags?post=9005"}],"curies":[{"name":"wp","href":"https:\/\/api.w.org\/{rel}","templated":true}]}}