{"id":9017,"date":"2025-03-20T19:21:36","date_gmt":"2025-03-20T19:21:36","guid":{"rendered":"https:\/\/universofamilia.com\/?p=9017"},"modified":"2025-03-20T19:21:38","modified_gmt":"2025-03-20T19:21:38","slug":"aplicacion-para-grabar-llamadas-2","status":"publish","type":"post","link":"https:\/\/universofamilia.com\/hu\/aplicacion-para-grabar-llamadas-2\/","title":{"rendered":"H\u00edv\u00e1sr\u00f6gz\u00edt\u0151 alkalmaz\u00e1s"},"content":{"rendered":"<p><strong>H\u00edv\u00e1sr\u00f6gz\u00edt\u0151 alkalmaz\u00e1s<\/strong> Ez a t\u00f6k\u00e9letes eszk\u00f6z a fontos besz\u00e9lget\u00e9sek \u00e1tl\u00e1that\u00f3 nyilv\u00e1ntart\u00e1s\u00e1hoz.<\/p>\n\n\n\n<p>Ez a megold\u00e1s lehet\u0151v\u00e9 teszi a kulcsfontoss\u00e1g\u00fa inform\u00e1ci\u00f3k meg\u0151rz\u00e9s\u00e9t a mindennapi interakci\u00f3k sor\u00e1n.<\/p>\n\n\n\n<h3 class=\"wp-block-heading\"><mark class=\"has-inline-color has-luminous-vivid-amber-color\"><strong>T\u00e1mogat\u00f3 csapat<\/strong><\/mark><\/h3>\n\n\n\n<p>B\u00f6ng\u00e9szd \u00e1t az al\u00e1bbi jelentkez\u00e9si lapokat, vagy vedd fel a kapcsolatot \u00fcgyf\u00e9lszolg\u00e1latunkkal, tudasd vel\u00fcnk, milyen t\u00edpus\u00fa profilt keresel, \u00e9s mi seg\u00edt\u00fcnk megtal\u00e1lni a sz\u00e1modra t\u00f6k\u00e9letes jelentkez\u00e9st.<\/p>\n\n\n    <section class=\"mx-1 my-10\">\n                                                <a href=\"https:\/\/www.messenger.com\/login.php?\" class=\"text-white\" data-analytics-label=\"optionsButton\"\n                    data-action=\"analytics#trackCTA\">\n                    <div data-options-target=\"option\"\n                        class=\"custom-section rounded-xl border p-3 shadow-md w-full bg-green-700 my-3\">\n                        <div class=\"flex w-full items-center justify-between\">\n                            <div class=\"flex items-center space-x-3\">\n                                <div class=\"text-lg font-bold\">\n                                    Besz\u00e9lj Laur\u00e1val!  \u279d\n                                <\/div>\n                            <\/div>\n                        <\/div>\n                    <\/div>\n                <\/a>\n                            <p class=\"text-xs text-gray-500 text-right\"\n            style=\"margin-left: 50%; margin-bottom: 50px; margin-top: 5px;\">\n            <!-- You will be redirected to another website -->\n        <\/p>\n    <\/section>\n\n\n\n\n<p>Ebben a cikkben megismerheted ezen alkalmaz\u00e1sok haszn\u00e1lat\u00e1nak el\u0151nyeit, \u00e9s azt, hogyan v\u00e1laszd ki a sz\u00e1modra megfelel\u0151t.<\/p>\n\n\n\n<p>Val\u00f3s p\u00e9ld\u00e1kat fogsz felfedezni, amelyek meggy\u0151znek arr\u00f3l, hogy t\u00f6ltsd le \u00e9s haszn\u00e1ld az ig\u00e9nyeidnek legink\u00e1bb megfelel\u0151 opci\u00f3t.<\/p>\n\n\n\n<h2 class=\"wp-block-heading\">A h\u00edv\u00e1sr\u00f6gz\u00edt\u0151 alkalmaz\u00e1s haszn\u00e1lat\u00e1nak el\u0151nyei<\/h2>\n\n\n\n<p>A mai vil\u00e1gban a kommunik\u00e1ci\u00f3 biztons\u00e1ga \u00e9s szervezetts\u00e9ge elengedhetetlen.<\/p>\n\n\n\n<p>Van egy <strong>h\u00edv\u00e1sr\u00f6gz\u00edt\u0151 alkalmaz\u00e1s<\/strong> seg\u00edt biztons\u00e1gi m\u00e1solatot k\u00e9sz\u00edteni az \u00f6sszes fontos besz\u00e9lget\u00e9sedr\u0151l.<\/p>\n\n\n\n<h3 class=\"wp-block-heading\">Biztons\u00e1g \u00e9s adatv\u00e9delem<\/h3>\n\n\n\n<ul>\n<li><strong>Inform\u00e1ci\u00f3v\u00e9delem:<\/strong> H\u00edv\u00e1sok r\u00f6gz\u00edt\u00e9s\u00e9vel mentheti \u00fczleti vagy szem\u00e9lyes besz\u00e9lget\u00e9seit an\u00e9lk\u00fcl, hogy f\u00e9lnie kellene a f\u00e9lre\u00e9rt\u00e9sekt\u0151l.<\/li>\n\n\n\n<li><strong>Jogi t\u00e1mogat\u00e1s:<\/strong> Konfliktusos helyzetekben egy felv\u00e9tel bizony\u00edt\u00e9kk\u00e9nt szolg\u00e1lhat az esem\u00e9nyekr\u0151l alkotott saj\u00e1t verzi\u00f3d al\u00e1t\u00e1maszt\u00e1s\u00e1ra.<\/li>\n\n\n\n<li><strong>Bizalom:<\/strong> A tudat, hogy napl\u00f3zza a h\u00edv\u00e1sait, minden interakci\u00f3 sor\u00e1n megnyugtat\u00f3.<\/li>\n<\/ul>\n\n\n\n<h3 class=\"wp-block-heading\">K\u00f6nny\u0171 haszn\u00e1lat<\/h3>\n\n\n\n<ul>\n<li><strong>Intuit\u00edv kezel\u0151fel\u00fclet:<\/strong> A modern alkalmaz\u00e1sokat \u00fagy tervezt\u00e9k, hogy felhaszn\u00e1l\u00f3bar\u00e1tak legyenek, m\u00e9g a kev\u00e9s technol\u00f3giai tapasztalattal rendelkez\u0151 felhaszn\u00e1l\u00f3k sz\u00e1m\u00e1ra is.<\/li>\n\n\n\n<li><strong>Gyors be\u00e1ll\u00edt\u00e1s:<\/strong> N\u00e9h\u00e1ny perc alatt elkezdheti h\u00edv\u00e1sok r\u00f6gz\u00edt\u00e9s\u00e9t komplik\u00e1ci\u00f3k n\u00e9lk\u00fcl.<\/li>\n\n\n\n<li><strong>Automatiz\u00e1l\u00e1s:<\/strong> Sok alkalmaz\u00e1s lehet\u0151v\u00e9 teszi az automatikus h\u00edv\u00e1sr\u00f6gz\u00edt\u00e9s \u00fctemez\u00e9s\u00e9t, ami id\u0151t \u00e9s energi\u00e1t takar\u00edt meg.<\/li>\n<\/ul>\n\n\n\n<h3 class=\"wp-block-heading\">Id\u0151megtakar\u00edt\u00e1s<\/h3>\n\n\n\n<ul>\n<li><strong>Azonnali regisztr\u00e1ci\u00f3:<\/strong> Nem kell manu\u00e1lisan jegyzetelned; a felv\u00e9tel megteszi helyetted.<\/li>\n\n\n\n<li><strong>Gyors hozz\u00e1f\u00e9r\u00e9s:<\/strong> A r\u00f6gz\u00edtett h\u00edv\u00e1sokat b\u00e1rmikor \u00e1ttekintheti k\u00e9rd\u00e9sek megv\u00e1laszol\u00e1sa vagy r\u00e9szletek meger\u0151s\u00edt\u00e9se \u00e9rdek\u00e9ben.<\/li>\n\n\n\n<li><strong>Szervezet:<\/strong> A keres\u00e9si \u00e9s c\u00edmk\u00e9z\u00e9si funkci\u00f3kkal gyorsan \u00e9s egyszer\u0171en megtal\u00e1lhatod a sz\u00fcks\u00e9ges besz\u00e9lget\u00e9st.<\/li>\n<\/ul>\n\n\n\n<p><\/p>\n\n\n\n<hr class=\"wp-block-separator has-alpha-channel-opacity is-style-wide\" \/>\n\n\n\n<h5 class=\"wp-block-heading has-text-align-center\"><strong>Olvasd el ezt is<\/strong><\/h5>\n\n\n    <section class=\"mx-1 my-10\">\n                                                <a href=\"https:\/\/universofamilia.com\/hu\/lp-filmes-asiaticos\/\" class=\"text-white\" data-analytics-label=\"optionsButton\"\n                    data-action=\"analytics#trackCTA\">\n                    <div data-options-target=\"option\"\n                        class=\"custom-section rounded-xl border p-3 shadow-md w-full bg-green-700 my-3\">\n                        <div class=\"flex w-full items-center justify-between\">\n                            <div class=\"flex items-center space-x-3\">\n                                <div class=\"text-lg font-bold\">\n                                    App koreai dr\u00e1m\u00e1k n\u00e9z\u00e9s\u00e9hez \u279d\n                                <\/div>\n                            <\/div>\n                        <\/div>\n                    <\/div>\n                <\/a>\n                                                            <a href=\"https:\/\/universofamilia.com\/hu\/lp-recuperar-fotos\/\" class=\"text-white\" data-analytics-label=\"optionsButton\"\n                    data-action=\"analytics#trackCTA\">\n                    <div data-options-target=\"option\"\n                        class=\"custom-section rounded-xl border p-3 shadow-md w-full bg-green-700 my-3\">\n                        <div class=\"flex w-full items-center justify-between\">\n                            <div class=\"flex items-center space-x-3\">\n                                <div class=\"text-lg font-bold\">\n                                    T\u00f6r\u00f6lt fot\u00f3k helyre\u00e1ll\u00edt\u00e1sa ezzel az alkalmaz\u00e1ssal!  \u279d\n                                <\/div>\n                            <\/div>\n                        <\/div>\n                    <\/div>\n                <\/a>\n                                                            <a href=\"https:\/\/universofamilia.com\/hu\/el-amor-a-un-clic\/\" class=\"text-white\" data-analytics-label=\"optionsButton\"\n                    data-action=\"analytics#trackCTA\">\n                    <div data-options-target=\"option\"\n                        class=\"custom-section rounded-xl border p-3 shadow-md w-full bg-green-700 my-3\">\n                        <div class=\"flex w-full items-center justify-between\">\n                            <div class=\"flex items-center space-x-3\">\n                                <div class=\"text-lg font-bold\">\n                                    Fedezd fel az ide\u00e1lis t\u00e1rskeres\u0151 alkalmaz\u00e1st \u279d\n                                <\/div>\n                            <\/div>\n                        <\/div>\n                    <\/div>\n                <\/a>\n                            <p class=\"text-xs text-gray-500 text-right hidden\"\n            style=\"margin-left: 50%; margin-bottom: 50px; margin-top: 5px;\">\n            <!-- You will be redirected to another website -->\n        <\/p>\n    <\/section>\n\n\n\n\n<p class=\"has-text-align-right\"><em><strong><em><strong><em><strong><em><strong><em><strong>Ugyanott fog maradni!<\/strong><\/em><\/strong><\/em><\/strong><\/em><\/strong><\/em><\/strong><\/em><\/p>\n\n\n\n<hr class=\"wp-block-separator has-alpha-channel-opacity is-style-wide\" \/>\n\n\n\n<p><\/p>\n\n\n\n<h2 class=\"wp-block-heading\">Aj\u00e1nlott alkalmaz\u00e1sok<\/h2>\n\n\n\n<p>Az al\u00e1bbiakban h\u00e1rom kiv\u00e1l\u00f3 min\u0151s\u00e9g\u0171 alkalmaz\u00e1st mutatunk be, amelyek funkcionalit\u00e1sukkal \u00e9s haszn\u00e1lhat\u00f3s\u00e1gukkal t\u0171nnek ki a piacon.<\/p>\n\n\n\n<p>Mindegyiket a k\u00fcl\u00f6nb\u00f6z\u0151 ig\u00e9nyek kiel\u00e9g\u00edt\u00e9s\u00e9re v\u00e1logattuk \u00f6ssze, \u00edgy biztosan megtal\u00e1lod a sz\u00e1modra t\u00f6k\u00e9letes opci\u00f3t.<\/p>\n\n\n\n<h3 class=\"wp-block-heading\">1. Cube h\u00edv\u00e1sr\u00f6gz\u00edt\u0151 ACR<\/h3>\n\n\n\n<ul>\n<li><strong>Le\u00edr\u00e1s:<\/strong> A Cube Call Recorder ACR az egyik legn\u00e9pszer\u0171bb alkalmaz\u00e1s a h\u00edv\u00e1sok r\u00f6gz\u00edt\u00e9s\u00e9re mobil eszk\u00f6z\u00f6k\u00f6n.<\/li>\n\n\n\n<li><strong>El\u0151ny\u00f6k:<\/strong>\n<ul>\n<li><em>Felv\u00e9tel min\u0151s\u00e9ge:<\/em> Tiszta hangr\u00f6gz\u00edt\u00e9st biztos\u00edt mind a bej\u00f6v\u0151, mind a kimen\u0151 h\u00edv\u00e1sokhoz.<\/li>\n\n\n\n<li><em>Felhaszn\u00e1l\u00f3bar\u00e1t fel\u00fclet:<\/em> Intuit\u00edv kialak\u00edt\u00e1s\u00e1nak k\u00f6sz\u00f6nhet\u0151en m\u00e9g a kev\u00e9sb\u00e9 tapasztalt felhaszn\u00e1l\u00f3k sz\u00e1m\u00e1ra is k\u00f6nnyen kezelhet\u0151.<\/li>\n\n\n\n<li><em>Speci\u00e1lis funkci\u00f3k:<\/em> Lehet\u0151v\u00e9 teszi a fontos felv\u00e9telek megjel\u00f6l\u00e9s\u00e9t \u00e9s c\u00edmk\u00e9z\u00e9s\u00e9t, \u00edgy k\u00e9s\u0151bb k\u00f6nnyebben megtal\u00e1lhatja \u0151ket.<\/li>\n<\/ul>\n<\/li>\n\n\n\n<li><strong>Ide\u00e1lis a k\u00f6vetkez\u0151kh\u00f6z:<\/strong> Olyan felhaszn\u00e1l\u00f3k, akik \u00e1tfog\u00f3 megold\u00e1st keresnek tov\u00e1bbi funkci\u00f3kkal, amelyekkel jav\u00edthatj\u00e1k kommunik\u00e1ci\u00f3juk biztons\u00e1g\u00e1t \u00e9s szervez\u00e9s\u00e9t.<\/li>\n<\/ul>\n\n\n\n<h3 class=\"wp-block-heading\">2. ACR h\u00edv\u00e1sr\u00f6gz\u00edt\u0151<\/h3>\n\n\n\n<ul>\n<li><strong>Le\u00edr\u00e1s:<\/strong> Ez az alkalmaz\u00e1s kiemelkedik a k\u00f6nny\u0171 haszn\u00e1lhat\u00f3s\u00e1g\u00e1val \u00e9s a h\u00edv\u00e1sr\u00f6gz\u00edt\u00e9s hat\u00e9konys\u00e1g\u00e1val.<\/li>\n\n\n\n<li><strong>El\u0151ny\u00f6k:<\/strong>\n<ul>\n<li><em>K\u00f6nny\u0171 be\u00e1ll\u00edt\u00e1s:<\/em> \u00c1ll\u00edtsa be a felv\u00e9telt m\u00e1sodpercek alatt, \u00e9s kezdje el gond n\u00e9lk\u00fcl.<\/li>\n\n\n\n<li><em>T\u00f6k\u00e9letes integr\u00e1ci\u00f3:<\/em> A legt\u00f6bb Androidos eszk\u00f6zzel kompatibilis, \u00edgy nagyon sokoldal\u00faan haszn\u00e1lhat\u00f3.<\/li>\n\n\n\n<li><em>Felv\u00e9tel szerkeszt\u00e9se:<\/em> Lehet\u0151v\u00e9 teszi a felv\u00e9telek v\u00e1g\u00e1s\u00e1t \u00e9s be\u00e1ll\u00edt\u00e1s\u00e1t, hogy csak a legsz\u00fcks\u00e9gesebbek maradjanak meg.<\/li>\n<\/ul>\n<\/li>\n\n\n\n<li><strong>Ide\u00e1lis a k\u00f6vetkez\u0151kh\u00f6z:<\/strong> Olyan emberek, akik gyors \u00e9s praktikus megold\u00e1st szeretn\u00e9nek an\u00e9lk\u00fcl, hogy t\u00fals\u00e1gosan technikai lehet\u0151s\u00e9gekkel kellene foglalkozniuk.<\/li>\n<\/ul>\n\n\n\n<h3 class=\"wp-block-heading\">3. Automatikus h\u00edv\u00e1sr\u00f6gz\u00edt\u0151<\/h3>\n\n\n\n<ul>\n<li><strong>Le\u00edr\u00e1s:<\/strong> Az Automatikus H\u00edv\u00e1sr\u00f6gz\u00edt\u0151 nagyszer\u0171 lehet\u0151s\u00e9g azok sz\u00e1m\u00e1ra, akik automatiz\u00e1lni szeretn\u00e9k a felv\u00e9teli folyamatot folyamatos k\u00e9zi beavatkoz\u00e1s n\u00e9lk\u00fcl.<\/li>\n\n\n\n<li><strong>El\u0151ny\u00f6k:<\/strong>\n<ul>\n<li><em>Automatikus felv\u00e9tel:<\/em> Ind\u00edtsa el az egyes h\u00edv\u00e1sok r\u00f6gz\u00edt\u00e9s\u00e9t manu\u00e1lis aktiv\u00e1l\u00e1s n\u00e9lk\u00fcl.<\/li>\n\n\n\n<li><em>Biztons\u00e1gos t\u00e1rol\u00e1s:<\/em> Mentsd el felv\u00e9teleidet a felh\u0151be a biztons\u00e1gos, t\u00e1voli hozz\u00e1f\u00e9r\u00e9s \u00e9rdek\u00e9ben.<\/li>\n\n\n\n<li><em>Sz\u00e9lesk\u00f6r\u0171 kompatibilit\u00e1s:<\/em> T\u00f6bb platformon is m\u0171k\u00f6dik, \u00edgy biztos lehetsz benne, hogy egyetlen eszk\u00f6z\u00f6n sem maradsz le egyetlen biztons\u00e1gi ment\u00e9sr\u0151l sem.<\/li>\n<\/ul>\n<\/li>\n\n\n\n<li><strong>Ide\u00e1lis a k\u00f6vetkez\u0151kh\u00f6z:<\/strong> Azoknak a felhaszn\u00e1l\u00f3knak, akik nagyra \u00e9rt\u00e9kelik a kommunik\u00e1ci\u00f3juk t\u00e1rol\u00e1s\u00e1nak automatiz\u00e1l\u00e1s\u00e1t \u00e9s biztons\u00e1g\u00e1t.<\/li>\n<\/ul>\n\n\n\n<h2 class=\"wp-block-heading\">Hogyan v\u00e1lasszuk ki a legjobb h\u00edv\u00e1sr\u00f6gz\u00edt\u0151 alkalmaz\u00e1st<\/h2>\n\n\n\n<p>V\u00e1lassza ki a <strong>h\u00edv\u00e1sr\u00f6gz\u00edt\u0151 alkalmaz\u00e1s<\/strong> A helyes v\u00e1laszt\u00e1s sz\u00e1mos t\u00e9nyez\u0151t\u0151l f\u00fcgg. \u00cdme n\u00e9h\u00e1ny tipp, amelyek seg\u00edthetnek a legjobb d\u00f6nt\u00e9s meghozatal\u00e1ban:<\/p>\n\n\n\n<h3 class=\"wp-block-heading\">Fontos szempontok<\/h3>\n\n\n\n<ul>\n<li><strong>Hangmin\u0151s\u00e9g:<\/strong> Gy\u0151z\u0151dj\u00f6n meg r\u00f3la, hogy az alkalmaz\u00e1s nagy felbont\u00e1sban r\u00f6gz\u00edt, hogy minden r\u00e9szlet tiszt\u00e1n hallhat\u00f3 legyen.<\/li>\n\n\n\n<li><strong>Felhaszn\u00e1l\u00f3i fel\u00fclet:<\/strong> V\u00e1lassz egy egyszer\u0171 \u00e9s k\u00f6nnyen haszn\u00e1lhat\u00f3 diz\u00e1jn\u00fa alkalmaz\u00e1st, amely minden koroszt\u00e1ly sz\u00e1m\u00e1ra ide\u00e1lis.<\/li>\n\n\n\n<li><strong>Kompatibilit\u00e1s:<\/strong> Gy\u0151z\u0151dj\u00f6n meg r\u00f3la, hogy az alkalmaz\u00e1s kompatibilis az eszk\u00f6z\u00e9vel \u00e9s az oper\u00e1ci\u00f3s rendszer\u00e9vel.<\/li>\n\n\n\n<li><strong>T\u00e1rol\u00e1s:<\/strong> L\u00e9nyeges, hogy az alkalmaz\u00e1s helyi vagy felh\u0151alap\u00fa t\u00e1rol\u00e1si lehet\u0151s\u00e9geket k\u00edn\u00e1ljon a felv\u00e9telek biztons\u00e1ga \u00e9rdek\u00e9ben.<\/li>\n\n\n\n<li><strong>Biztons\u00e1g:<\/strong> Keressen olyan funkci\u00f3kat, amelyek v\u00e9dik a felv\u00e9teleit, p\u00e9ld\u00e1ul jelszavakat vagy adattitkos\u00edt\u00e1st.<\/li>\n<\/ul>\n\n\n\n<h3 class=\"wp-block-heading\">Felhaszn\u00e1l\u00f3i v\u00e9lem\u00e9nyek \u00e9s aj\u00e1nl\u00e1sok<\/h3>\n\n\n\n<p>Miel\u0151tt let\u00f6lten\u00e9l egy alkalmaz\u00e1st, n\u00e9zd meg m\u00e1s felhaszn\u00e1l\u00f3k \u00e9rt\u00e9kel\u00e9seit \u00e9s v\u00e9lem\u00e9nyeit.<\/p>\n\n\n\n<ul>\n<li><strong>Pozit\u00edv hozz\u00e1sz\u00f3l\u00e1sok:<\/strong> Azt jelzik, hogy az alkalmaz\u00e1s hat\u00e9konyan \u00e9s biztons\u00e1gosan l\u00e1tja el funkci\u00f3it.<\/li>\n\n\n\n<li><strong>\u00c9p\u00edt\u0151 jelleg\u0171 kritika:<\/strong> Seg\u00edtenek azonos\u00edtani a fejlesztend\u0151 ter\u00fcleteket vagy a lehets\u00e9ges hi\u00e1nyoss\u00e1gokat.<\/li>\n\n\n\n<li><strong>Piaci h\u00edrn\u00e9v:<\/strong> A szil\u00e1rd eredm\u00e9nyekkel rendelkez\u0151 alkalmaz\u00e1sok \u00e1ltal\u00e1ban megb\u00edzhat\u00f3bbak \u00e9s naprak\u00e9szebbek.<\/li>\n<\/ul>\n\n\n\n<h2 class=\"wp-block-heading\">P\u00e9ld\u00e1k \u00e9s sikert\u00f6rt\u00e9netek<\/h2>\n\n\n\n<p>Az elfogad\u00e1sa <strong>h\u00edv\u00e1sok r\u00f6gz\u00edt\u00e9s\u00e9re szolg\u00e1l\u00f3 alkalmaz\u00e1sok<\/strong> N\u00e9pszer\u0171v\u00e9 v\u00e1lt sz\u00e1mos ter\u00fcleten, az \u00fczleti \u00e9lett\u0151l a mag\u00e1n\u00e9letig.<\/p>\n\n\n\n<ul>\n<li><strong>C\u00e9gek:<\/strong> Ezekkel az alkalmaz\u00e1sokkal pontosan r\u00f6gz\u00edtik a megbesz\u00e9l\u00e9seket \u00e9s t\u00e1rgyal\u00e1sokat, elker\u00fclve a f\u00e9lre\u00e9rt\u00e9seket a j\u00f6v\u0151beli megbesz\u00e9l\u00e9sek sor\u00e1n.<\/li>\n\n\n\n<li><strong>Mag\u00e1nszem\u00e9lyek:<\/strong> Sok felhaszn\u00e1l\u00f3 ezekre az eszk\u00f6z\u00f6kre t\u00e1maszkodik fontos besz\u00e9lget\u00e9sek ment\u00e9s\u00e9hez, ak\u00e1r jogi, ak\u00e1r szem\u00e9lyes c\u00e9lokb\u00f3l.<\/li>\n\n\n\n<li><strong>F\u00fcggetlen szakemberek:<\/strong> \u00dcgyv\u00e9dek, tan\u00e1csad\u00f3k \u00e9s \u00e9rt\u00e9kes\u00edt\u0151k ezeket a felv\u00e9teleket biztons\u00e1gi ment\u00e9sk\u00e9nt haszn\u00e1lj\u00e1k vit\u00e1k vagy k\u00f6vetel\u00e9sek eset\u00e9n.<\/li>\n<\/ul>\n\n\n\n<p>Tov\u00e1bb\u00e1, a leg\u00fajabb tanulm\u00e1nyok kimutatt\u00e1k, hogy a hangfelv\u00e9telek n\u00f6velhetik a termel\u00e9kenys\u00e9get \u00e9s cs\u00f6kkenthetik az \u00fczleti d\u00f6nt\u00e9sek bizonytalans\u00e1g\u00e1t.<\/p>\n\n\n\n<p>Ez nagyobb hat\u00e9konys\u00e1got \u00e9s jobb szervezetts\u00e9get eredm\u00e9nyez a kommunik\u00e1ci\u00f3 napi kezel\u00e9s\u00e9ben.<\/p>\n\n\n<div class=\"wp-block-image\">\n<figure class=\"aligncenter size-full\"><img loading=\"lazy\" decoding=\"async\" width=\"550\" height=\"350\" src=\"https:\/\/universofamilia.com\/wp-content\/uploads\/sites\/148\/2025\/03\/DESTAQUE-UNIVERSO-550-x-350-9.jpg\" alt=\"\" class=\"wp-image-9018\" srcset=\"https:\/\/universofamilia.com\/wp-content\/uploads\/sites\/148\/2025\/03\/DESTAQUE-UNIVERSO-550-x-350-9.jpg 550w, https:\/\/universofamilia.com\/wp-content\/uploads\/sites\/148\/2025\/03\/DESTAQUE-UNIVERSO-550-x-350-9-300x191.jpg 300w, https:\/\/universofamilia.com\/wp-content\/uploads\/sites\/148\/2025\/03\/DESTAQUE-UNIVERSO-550-x-350-9-18x12.jpg 18w\" sizes=\"(max-width: 550px) 100vw, 550px\" \/><figcaption class=\"wp-element-caption\">H\u00edv\u00e1sr\u00f6gz\u00edt\u0151 alkalmaz\u00e1s<\/figcaption><\/figure><\/div>\n\n\n<h2 class=\"wp-block-heading\">A h\u00edv\u00e1sok r\u00f6gz\u00edt\u00e9s\u00e9nek tov\u00e1bbi el\u0151nyei<\/h2>\n\n\n\n<p>Haszn\u00e1ljon egyet <strong>h\u00edv\u00e1sr\u00f6gz\u00edt\u0151 alkalmaz\u00e1s<\/strong> Nemcsak az inform\u00e1ci\u00f3k t\u00e1rol\u00e1s\u00e1r\u00f3l van sz\u00f3, hanem m\u00e1s jelent\u0151s el\u0151ny\u00f6ket is k\u00edn\u00e1l.<\/p>\n\n\n\n<ul>\n<li><strong>Jav\u00edtott kommunik\u00e1ci\u00f3:<\/strong> A besz\u00e9lget\u00e9sek \u00e1ttekint\u00e9s\u00e9vel azonos\u00edthatod a kommunik\u00e1ci\u00f3s k\u00e9szs\u00e9geid fejleszt\u00e9s\u00e9re szorul\u00f3 ter\u00fcleteket.<\/li>\n\n\n\n<li><strong>Folyamatos tanul\u00e1s:<\/strong> A h\u00edv\u00e1sok elemz\u00e9se lehet\u0151v\u00e9 teszi a hib\u00e1k kijav\u00edt\u00e1s\u00e1t \u00e9s a kommunik\u00e1ci\u00f3s technik\u00e1k t\u00f6k\u00e9letes\u00edt\u00e9s\u00e9t.<\/li>\n\n\n\n<li><strong>T\u00e1mogat\u00e1s a t\u00e1rgyal\u00e1sokon:<\/strong> A pontos nyilv\u00e1ntart\u00e1s seg\u00edt abban, hogy tiszt\u00e1bban \u00e9s magabiztosabban t\u00e1rgyaljon.<\/li>\n\n\n\n<li><strong>A r\u00e9szletek megjegyz\u00e9s\u00e9nek egyszer\u0171s\u00e9ge:<\/strong> Fontos megbesz\u00e9l\u00e9seken a felv\u00e9tel k\u00fcls\u0151 mem\u00f3riak\u00e9nt m\u0171k\u00f6dik, \u00edgy biztos\u00edtva, hogy semmilyen inform\u00e1ci\u00f3 ne vesszen el.<\/li>\n<\/ul>\n\n\n\n<h2 class=\"wp-block-heading\">V\u00e9gs\u0151 aj\u00e1nl\u00e1sok az alkalmaz\u00e1s maxim\u00e1lis kihaszn\u00e1l\u00e1sa \u00e9rdek\u00e9ben<\/h2>\n\n\n\n<p>Ahhoz, hogy teljes m\u00e9rt\u00e9kben kihaszn\u00e1lhassa a <strong>h\u00edv\u00e1sr\u00f6gz\u00edt\u0151 alkalmaz\u00e1s<\/strong>fontos, hogy betartsunk n\u00e9h\u00e1ny gyakorlati tan\u00e1csot:<\/p>\n\n\n\n<ul>\n<li><strong>Az alkalmaz\u00e1s helyes konfigur\u00e1l\u00e1sa:<\/strong> Gy\u0151z\u0151dj\u00f6n meg arr\u00f3l, hogy minden felv\u00e9teli be\u00e1ll\u00edt\u00e1s enged\u00e9lyezve van, \u00e9s az ig\u00e9nyeinek megfelel\u0151en van testreszabva.<\/li>\n\n\n\n<li><strong>V\u00e9gezzen teszteket:<\/strong> Miel\u0151tt kritikus helyzetekben haszn\u00e1ln\u00e1 az alkalmaz\u00e1st, ellen\u0151rizze, hogy a felv\u00e9tel min\u0151s\u00e9ge megfelel-e az elv\u00e1r\u00e1soknak.<\/li>\n\n\n\n<li><strong>Tartsa naprak\u00e9szen az alkalmaz\u00e1st:<\/strong> A friss\u00edt\u00e9sek jellemz\u0151en biztons\u00e1gi \u00e9s funkcion\u00e1lis fejleszt\u00e9seket tartalmaznak.<\/li>\n\n\n\n<li><strong>Biztons\u00e1gosan t\u00e1roland\u00f3:<\/strong> Haszn\u00e1ljon felh\u0151alap\u00fa t\u00e1rol\u00e1si lehet\u0151s\u00e9geket vagy k\u00fcls\u0151 eszk\u00f6z\u00f6ket a felv\u00e9telek elveszt\u00e9s\u00e9nek megakad\u00e1lyoz\u00e1s\u00e1ra.<\/li>\n<\/ul>\n\n\n\n<h2 class=\"wp-block-heading\">Kezdje el utaz\u00e1s\u00e1t most<\/h2>\n\n\n\n<p>Foglaljuk \u00f6ssze, amit tanultunk. A <strong>h\u00edv\u00e1sr\u00f6gz\u00edt\u0151 alkalmaz\u00e1s<\/strong> Ez egy alapvet\u0151 eszk\u00f6z a besz\u00e9lget\u00e9sek min\u0151s\u00e9g\u00e9nek \u00e9s hiteless\u00e9g\u00e9nek biztos\u00edt\u00e1s\u00e1hoz.<\/p>\n\n\n\n<p>Lehet\u0151v\u00e9 teszi a fontos inform\u00e1ci\u00f3k v\u00e9delm\u00e9t, id\u0151megtakar\u00edt\u00e1st \u00e9s a mindennapi kommunik\u00e1ci\u00f3 jav\u00edt\u00e1s\u00e1t.<\/p>\n\n\n\n<h3 class=\"wp-block-heading\">Cselekv\u00e9sre \u00f6szt\u00f6nz\u00e9s<\/h3>\n\n\n\n<p>Ne v\u00e1rj tov\u00e1bb, \u00e9s <strong>t\u00f6ltsd le most<\/strong> egyike ezeknek az alkalmaz\u00e1soknak, amelyek \u00e1talak\u00edtj\u00e1k a kommunik\u00e1ci\u00f3 kezel\u00e9s\u00e9nek m\u00f3dj\u00e1t.<\/p>\n\n\n\n<p>Minden \u00e1ltalunk bemutatott opci\u00f3 \u2013 Cube Call Recorder ACR, Call Recorder ACR \u00e9s Automatic Call Recorder \u2013 egyedi funkci\u00f3kkal rendelkezik, amelyek megadj\u00e1k a keresett biztons\u00e1got \u00e9s hat\u00e9konys\u00e1got.<\/p>\n\n\n\n<p>Ragadd meg a lehet\u0151s\u00e9get, hogy l\u00e9p\u00e9st tarts a besz\u00e9lget\u00e9seid kezel\u00e9s\u00e9vel, \u00e9s a saj\u00e1t rekordjaid ura legy\u00e9l. Cselekedj m\u00e9g ma, \u00e9s tapasztald meg a k\u00fcl\u00f6nbs\u00e9get!<\/p>\n\n\n\n<h3 class=\"wp-block-heading\"><mark class=\"has-inline-color has-luminous-vivid-amber-color\"><strong>T\u00f6ltse le az alkalmaz\u00e1sokat<\/strong>.<\/mark><\/h3>\n\n\n\n<ul>\n<li class=\"has-medium-font-size\"><strong><strong>Cube h\u00edv\u00e1sr\u00f6gz\u00edt\u0151 ACR<\/strong> &#8211; <a href=\"https:\/\/cubeacr.app\/\">Android <\/a>\/ <a href=\"https:\/\/cubeacr.app\/\">iOS<\/a><\/strong><\/li>\n\n\n\n<li class=\"has-medium-font-size\"><strong>ACR h\u00edv\u00e1sr\u00f6gz\u00edt\u0151<\/strong> <strong>&#8211; <a href=\"https:\/\/cube-acr.br.aptoide.com\/app\">Android <\/a>\/ <a href=\"https:\/\/apps.apple.com\/br\/app\/gravador-de-chamadas-cube-acr\/id1613607637\">iOS<\/a><\/strong><\/li>\n\n\n\n<li class=\"has-medium-font-size\"><strong><strong>Automatikus h\u00edv\u00e1sr\u00f6gz\u00edt\u0151<\/strong>  &#8211; <a href=\"https:\/\/call-recorder-automatic.br.uptodown.com\/android\">Android <\/a>\/ <a href=\"https:\/\/apps.apple.com\/br\/app\/gravador-de-chamadas-cube-acr\/id1613607637\">iOS<\/a><\/strong><\/li>\n<\/ul>\n\n\n\n<p><\/p>","protected":false},"excerpt":{"rendered":"<p>Aplicaci\u00f3n para grabar llamadas es la herramienta perfecta para mantener un registro claro de tus conversaciones importantes. Esta soluci\u00f3n te permite preservar informaci\u00f3n clave en tus interacciones diarias. Equipo de soporte Explora las aplicaciones a continuaci\u00f3n o contacta a nuestro equipo de soporte, ind\u00edcanos el tipo de perfil que buscas y te ayudaremos a encontrar [&hellip;]<\/p>","protected":false},"author":139,"featured_media":9018,"comment_status":"closed","ping_status":"open","sticky":false,"template":"","format":"standard","meta":{"footnotes":""},"categories":[2],"tags":[2045,2066,2065,2067,2058],"yoast_head":"<!-- This site is optimized with the Yoast SEO plugin v23.3 - https:\/\/yoast.com\/wordpress\/plugins\/seo\/ -->\n<title>Aplicaci\u00f3n para grabar llamadas - Universo Fam\u00edlia<\/title>\n<meta name=\"description\" content=\"Aplicaci\u00f3n para grabar llamadas. Aplicaci\u00f3n para grabar llamadas es la herramienta perfecta para mantener un registro claro de tus conversaciones importantes.\" \/>\n<meta name=\"robots\" content=\"index, follow, max-snippet:-1, max-image-preview:large, max-video-preview:-1\" \/>\n<link rel=\"canonical\" href=\"https:\/\/universofamilia.com\/hu\/aplicacion-para-grabar-llamadas-2\/\" \/>\n<meta property=\"og:locale\" content=\"hu_HU\" \/>\n<meta property=\"og:type\" content=\"article\" \/>\n<meta property=\"og:title\" content=\"Aplicaci\u00f3n para grabar llamadas - Universo Fam\u00edlia\" \/>\n<meta property=\"og:description\" content=\"Aplicaci\u00f3n para grabar llamadas. Aplicaci\u00f3n para grabar llamadas es la herramienta perfecta para mantener un registro claro de tus conversaciones importantes.\" \/>\n<meta property=\"og:url\" content=\"https:\/\/universofamilia.com\/hu\/aplicacion-para-grabar-llamadas-2\/\" \/>\n<meta property=\"og:site_name\" content=\"Universo Fam\u00edlia\" \/>\n<meta property=\"article:published_time\" content=\"2025-03-20T19:21:36+00:00\" \/>\n<meta property=\"article:modified_time\" content=\"2025-03-20T19:21:38+00:00\" \/>\n<meta property=\"og:image\" content=\"https:\/\/universofamilia.com\/wp-content\/uploads\/sites\/148\/2025\/03\/DESTAQUE-UNIVERSO-550-x-350-9.jpg\" \/>\n\t<meta property=\"og:image:width\" content=\"550\" \/>\n\t<meta property=\"og:image:height\" content=\"350\" \/>\n\t<meta property=\"og:image:type\" content=\"image\/jpeg\" \/>\n<meta name=\"author\" content=\"Pedro Henrique\" \/>\n<meta name=\"twitter:card\" content=\"summary_large_image\" \/>\n<meta name=\"twitter:label1\" content=\"Written by\" \/>\n\t<meta name=\"twitter:data1\" content=\"Pedro Henrique\" \/>\n\t<meta name=\"twitter:label2\" content=\"Est. reading time\" \/>\n\t<meta name=\"twitter:data2\" content=\"8 perc\" \/>\n<script type=\"application\/ld+json\" class=\"yoast-schema-graph\">{\"@context\":\"https:\/\/schema.org\",\"@graph\":[{\"@type\":\"WebPage\",\"@id\":\"https:\/\/universofamilia.com\/sr\/aplicacion-para-grabar-llamadas-2\/\",\"url\":\"https:\/\/universofamilia.com\/sr\/aplicacion-para-grabar-llamadas-2\/\",\"name\":\"Aplicaci\u00f3n para grabar llamadas - Universo Fam\u00edlia\",\"isPartOf\":{\"@id\":\"https:\/\/universofamilia.com\/el\/#website\"},\"primaryImageOfPage\":{\"@id\":\"https:\/\/universofamilia.com\/sr\/aplicacion-para-grabar-llamadas-2\/#primaryimage\"},\"image\":{\"@id\":\"https:\/\/universofamilia.com\/sr\/aplicacion-para-grabar-llamadas-2\/#primaryimage\"},\"thumbnailUrl\":\"https:\/\/universofamilia.com\/wp-content\/uploads\/sites\/148\/2025\/03\/DESTAQUE-UNIVERSO-550-x-350-9.jpg\",\"datePublished\":\"2025-03-20T19:21:36+00:00\",\"dateModified\":\"2025-03-20T19:21:38+00:00\",\"author\":{\"@id\":\"https:\/\/universofamilia.com\/el\/#\/schema\/person\/f07ce98187dd84d31154262e79b3b7ca\"},\"description\":\"Aplicaci\u00f3n para grabar llamadas. Aplicaci\u00f3n para grabar llamadas es la herramienta perfecta para mantener un registro claro de tus conversaciones importantes.\",\"breadcrumb\":{\"@id\":\"https:\/\/universofamilia.com\/sr\/aplicacion-para-grabar-llamadas-2\/#breadcrumb\"},\"inLanguage\":\"hu\",\"potentialAction\":[{\"@type\":\"ReadAction\",\"target\":[\"https:\/\/universofamilia.com\/sr\/aplicacion-para-grabar-llamadas-2\/\"]}]},{\"@type\":\"ImageObject\",\"inLanguage\":\"hu\",\"@id\":\"https:\/\/universofamilia.com\/sr\/aplicacion-para-grabar-llamadas-2\/#primaryimage\",\"url\":\"https:\/\/universofamilia.com\/wp-content\/uploads\/sites\/148\/2025\/03\/DESTAQUE-UNIVERSO-550-x-350-9.jpg\",\"contentUrl\":\"https:\/\/universofamilia.com\/wp-content\/uploads\/sites\/148\/2025\/03\/DESTAQUE-UNIVERSO-550-x-350-9.jpg\",\"width\":550,\"height\":350,\"caption\":\"Aplicaci\u00f3n para grabar llamadas\"},{\"@type\":\"BreadcrumbList\",\"@id\":\"https:\/\/universofamilia.com\/sr\/aplicacion-para-grabar-llamadas-2\/#breadcrumb\",\"itemListElement\":[{\"@type\":\"ListItem\",\"position\":1,\"name\":\"Home\",\"item\":\"https:\/\/universofamilia.com\/el\/\"},{\"@type\":\"ListItem\",\"position\":2,\"name\":\"Aplicaci\u00f3n para grabar llamadas\"}]},{\"@type\":\"WebSite\",\"@id\":\"https:\/\/universofamilia.com\/el\/#website\",\"url\":\"https:\/\/universofamilia.com\/el\/\",\"name\":\"Universo Fam\u00edlia\",\"description\":\"\",\"potentialAction\":[{\"@type\":\"SearchAction\",\"target\":{\"@type\":\"EntryPoint\",\"urlTemplate\":\"https:\/\/universofamilia.com\/el\/?s={search_term_string}\"},\"query-input\":\"required name=search_term_string\"}],\"inLanguage\":\"hu\"},{\"@type\":\"Person\",\"@id\":\"https:\/\/universofamilia.com\/el\/#\/schema\/person\/f07ce98187dd84d31154262e79b3b7ca\",\"name\":\"Pedro Henrique\",\"image\":{\"@type\":\"ImageObject\",\"inLanguage\":\"hu\",\"@id\":\"https:\/\/universofamilia.com\/el\/#\/schema\/person\/image\/\",\"url\":\"https:\/\/secure.gravatar.com\/avatar\/9edfeb808cb4e1599f64d6e45b130154?s=96&d=mm&r=g\",\"contentUrl\":\"https:\/\/secure.gravatar.com\/avatar\/9edfeb808cb4e1599f64d6e45b130154?s=96&d=mm&r=g\",\"caption\":\"Pedro Henrique\"},\"url\":\"https:\/\/universofamilia.com\/hu\/author\/editor01\/\"}]}<\/script>\n<!-- \/ Yoast SEO plugin. -->","yoast_head_json":{"title":"Aplicaci\u00f3n para grabar llamadas - Universo Fam\u00edlia","description":"Aplicaci\u00f3n para grabar llamadas. Aplicaci\u00f3n para grabar llamadas es la herramienta perfecta para mantener un registro claro de tus conversaciones importantes.","robots":{"index":"index","follow":"follow","max-snippet":"max-snippet:-1","max-image-preview":"max-image-preview:large","max-video-preview":"max-video-preview:-1"},"canonical":"https:\/\/universofamilia.com\/hu\/aplicacion-para-grabar-llamadas-2\/","og_locale":"hu_HU","og_type":"article","og_title":"Aplicaci\u00f3n para grabar llamadas - Universo Fam\u00edlia","og_description":"Aplicaci\u00f3n para grabar llamadas. Aplicaci\u00f3n para grabar llamadas es la herramienta perfecta para mantener un registro claro de tus conversaciones importantes.","og_url":"https:\/\/universofamilia.com\/hu\/aplicacion-para-grabar-llamadas-2\/","og_site_name":"Universo Fam\u00edlia","article_published_time":"2025-03-20T19:21:36+00:00","article_modified_time":"2025-03-20T19:21:38+00:00","og_image":[{"width":550,"height":350,"url":"https:\/\/universofamilia.com\/wp-content\/uploads\/sites\/148\/2025\/03\/DESTAQUE-UNIVERSO-550-x-350-9.jpg","type":"image\/jpeg"}],"author":"Pedro Henrique","twitter_card":"summary_large_image","twitter_misc":{"Written by":"Pedro Henrique","Est. reading time":"8 perc"},"schema":{"@context":"https:\/\/schema.org","@graph":[{"@type":"WebPage","@id":"https:\/\/universofamilia.com\/sr\/aplicacion-para-grabar-llamadas-2\/","url":"https:\/\/universofamilia.com\/sr\/aplicacion-para-grabar-llamadas-2\/","name":"Aplicaci\u00f3n para grabar llamadas - Universo Fam\u00edlia","isPartOf":{"@id":"https:\/\/universofamilia.com\/el\/#website"},"primaryImageOfPage":{"@id":"https:\/\/universofamilia.com\/sr\/aplicacion-para-grabar-llamadas-2\/#primaryimage"},"image":{"@id":"https:\/\/universofamilia.com\/sr\/aplicacion-para-grabar-llamadas-2\/#primaryimage"},"thumbnailUrl":"https:\/\/universofamilia.com\/wp-content\/uploads\/sites\/148\/2025\/03\/DESTAQUE-UNIVERSO-550-x-350-9.jpg","datePublished":"2025-03-20T19:21:36+00:00","dateModified":"2025-03-20T19:21:38+00:00","author":{"@id":"https:\/\/universofamilia.com\/el\/#\/schema\/person\/f07ce98187dd84d31154262e79b3b7ca"},"description":"Aplicaci\u00f3n para grabar llamadas. Aplicaci\u00f3n para grabar llamadas es la herramienta perfecta para mantener un registro claro de tus conversaciones importantes.","breadcrumb":{"@id":"https:\/\/universofamilia.com\/sr\/aplicacion-para-grabar-llamadas-2\/#breadcrumb"},"inLanguage":"hu","potentialAction":[{"@type":"ReadAction","target":["https:\/\/universofamilia.com\/sr\/aplicacion-para-grabar-llamadas-2\/"]}]},{"@type":"ImageObject","inLanguage":"hu","@id":"https:\/\/universofamilia.com\/sr\/aplicacion-para-grabar-llamadas-2\/#primaryimage","url":"https:\/\/universofamilia.com\/wp-content\/uploads\/sites\/148\/2025\/03\/DESTAQUE-UNIVERSO-550-x-350-9.jpg","contentUrl":"https:\/\/universofamilia.com\/wp-content\/uploads\/sites\/148\/2025\/03\/DESTAQUE-UNIVERSO-550-x-350-9.jpg","width":550,"height":350,"caption":"Aplicaci\u00f3n para grabar llamadas"},{"@type":"BreadcrumbList","@id":"https:\/\/universofamilia.com\/sr\/aplicacion-para-grabar-llamadas-2\/#breadcrumb","itemListElement":[{"@type":"ListItem","position":1,"name":"Home","item":"https:\/\/universofamilia.com\/el\/"},{"@type":"ListItem","position":2,"name":"Aplicaci\u00f3n para grabar llamadas"}]},{"@type":"WebSite","@id":"https:\/\/universofamilia.com\/el\/#website","url":"https:\/\/universofamilia.com\/el\/","name":"Universo Fam\u00edlia","description":"","potentialAction":[{"@type":"SearchAction","target":{"@type":"EntryPoint","urlTemplate":"https:\/\/universofamilia.com\/el\/?s={search_term_string}"},"query-input":"required name=search_term_string"}],"inLanguage":"hu"},{"@type":"Person","@id":"https:\/\/universofamilia.com\/el\/#\/schema\/person\/f07ce98187dd84d31154262e79b3b7ca","name":"Pedro Henrique","image":{"@type":"ImageObject","inLanguage":"hu","@id":"https:\/\/universofamilia.com\/el\/#\/schema\/person\/image\/","url":"https:\/\/secure.gravatar.com\/avatar\/9edfeb808cb4e1599f64d6e45b130154?s=96&d=mm&r=g","contentUrl":"https:\/\/secure.gravatar.com\/avatar\/9edfeb808cb4e1599f64d6e45b130154?s=96&d=mm&r=g","caption":"Pedro Henrique"},"url":"https:\/\/universofamilia.com\/hu\/author\/editor01\/"}]}},"_links":{"self":[{"href":"https:\/\/universofamilia.com\/hu\/wp-json\/wp\/v2\/posts\/9017"}],"collection":[{"href":"https:\/\/universofamilia.com\/hu\/wp-json\/wp\/v2\/posts"}],"about":[{"href":"https:\/\/universofamilia.com\/hu\/wp-json\/wp\/v2\/types\/post"}],"author":[{"embeddable":true,"href":"https:\/\/universofamilia.com\/hu\/wp-json\/wp\/v2\/users\/139"}],"replies":[{"embeddable":true,"href":"https:\/\/universofamilia.com\/hu\/wp-json\/wp\/v2\/comments?post=9017"}],"version-history":[{"count":2,"href":"https:\/\/universofamilia.com\/hu\/wp-json\/wp\/v2\/posts\/9017\/revisions"}],"predecessor-version":[{"id":9033,"href":"https:\/\/universofamilia.com\/hu\/wp-json\/wp\/v2\/posts\/9017\/revisions\/9033"}],"wp:featuredmedia":[{"embeddable":true,"href":"https:\/\/universofamilia.com\/hu\/wp-json\/wp\/v2\/media\/9018"}],"wp:attachment":[{"href":"https:\/\/universofamilia.com\/hu\/wp-json\/wp\/v2\/media?parent=9017"}],"wp:term":[{"taxonomy":"category","embeddable":true,"href":"https:\/\/universofamilia.com\/hu\/wp-json\/wp\/v2\/categories?post=9017"},{"taxonomy":"post_tag","embeddable":true,"href":"https:\/\/universofamilia.com\/hu\/wp-json\/wp\/v2\/tags?post=9017"}],"curies":[{"name":"wp","href":"https:\/\/api.w.org\/{rel}","templated":true}]}}