{"id":9239,"date":"2025-04-08T15:05:09","date_gmt":"2025-04-08T15:05:09","guid":{"rendered":"https:\/\/universofamilia.com\/?p=9239"},"modified":"2025-04-09T23:35:59","modified_gmt":"2025-04-09T23:35:59","slug":"deja-tu-celular-como-nuevo-con-estos-apps","status":"publish","type":"post","link":"https:\/\/universofamilia.com\/hu\/deja-tu-celular-como-nuevo-con-estos-apps\/","title":{"rendered":"Tedd \u00fagy kin\u00e9zet\u0171v\u00e9 a telefonod, mint \u00fajkor\u00e1ban, ezekkel az alkalmaz\u00e1sokkal!"},"content":{"rendered":"<h2 class=\"wp-block-heading has-text-align-center\">Rep\u00fclni tud a mobilod, ha tudod, hogyan kell!<\/h2>\n\n\n\n<p><\/p>\n\n\n\n<hr class=\"wp-block-separator has-alpha-channel-opacity is-style-wide\" \/>\n\n\n\n<h5 class=\"wp-block-heading has-text-align-center\"><strong><mark class=\"has-inline-color has-vivid-red-color\">Mit akarsz?<\/mark><\/strong><\/h5>\n\n\n    <section class=\"mx-1 my-10\">\n                                                <a href=\"https:\/\/universofamilia.com\/hu\/la-mejor-y-mas-eficaz-aplicacion-de-limpieza-de-telefono-en-2025\/\" class=\"text-white\" data-analytics-label=\"optionsButton\"\n                    data-action=\"analytics#trackCTA\">\n                    <div data-options-target=\"option\"\n                        class=\"custom-section rounded-xl border p-3 shadow-md w-full bg-green-700 my-3\">\n                        <div class=\"flex w-full items-center justify-between\">\n                            <div class=\"flex items-center space-x-3\">\n                                <div class=\"text-lg font-bold\">\n                                    Gyorsan legyen! \u279d\n                                <\/div>\n                            <\/div>\n                        <\/div>\n                    <\/div>\n                <\/a>\n                                                            <a href=\"https:\/\/universofamilia.com\/hu\/elimina-virus-de-tu-celular-y-anuncios-no-deseados\/\" class=\"text-white\" data-analytics-label=\"optionsButton\"\n                    data-action=\"analytics#trackCTA\">\n                    <div data-options-target=\"option\"\n                        class=\"custom-section rounded-xl border p-3 shadow-md w-full bg-green-700 my-3\">\n                        <div class=\"flex w-full items-center justify-between\">\n                            <div class=\"flex items-center space-x-3\">\n                                <div class=\"text-lg font-bold\">\n                                    Rekl\u00e1mok \u00e9s v\u00edrusok elt\u00e1vol\u00edt\u00e1sa \u279d\n                                <\/div>\n                            <\/div>\n                        <\/div>\n                    <\/div>\n                <\/a>\n                                                            <a href=\"https:\/\/universofamilia.com\/hu\/app-limpeza-celular\/\" class=\"text-white\" data-analytics-label=\"optionsButton\"\n                    data-action=\"analytics#trackCTA\">\n                    <div data-options-target=\"option\"\n                        class=\"custom-section rounded-xl border p-3 shadow-md w-full bg-green-700 my-3\">\n                        <div class=\"flex w-full items-center justify-between\">\n                            <div class=\"flex items-center space-x-3\">\n                                <div class=\"text-lg font-bold\">\n                                    Mem\u00f3ria n\u00f6vel\u00e9se \u279d\n                                <\/div>\n                            <\/div>\n                        <\/div>\n                    <\/div>\n                <\/a>\n                            <p class=\"text-xs text-gray-500 text-right hidden\"\n            style=\"margin-left: 50%; margin-bottom: 50px; margin-top: 5px;\">\n            <!-- You will be redirected to another website -->\n        <\/p>\n    <\/section>\n\n\n\n\n<p><\/p>\n\n\n\n<p><strong>\u00daj\u00edtsd meg a telefonod ezekkel az alkalmaz\u00e1sokkal<\/strong> ami gyors \u00e9s hat\u00e9kony g\u00e9pp\u00e9 alak\u00edtja \u00e1t.<\/p>\n\n\n\n<p>Ha \u00fagy \u00e9rzed, hogy lass\u00fa a telefonod, ne agg\u00f3dj: nem r\u00e9gi, hanem...<a href=\"https:\/\/universofamilia.com\/hu\/la-mejor-y-mas-eficaz-aplicacion-de-limpieza-de-telefono-en-2025\/\">csak egy alapos tiszt\u00edt\u00e1sra van sz\u00fcks\u00e9g<\/a>.<\/p>\n\n\n\n<p>Ezek a tr\u00fckk\u00f6k \u00e9s alkalmaz\u00e1sok seg\u00edtenek \u00faj \u00e9letet lehelni a telefonodba. Megmutatjuk az egyszer\u0171, ingyenes \u00e9s 100%-ban biztons\u00e1gos eszk\u00f6z\u00f6ket.<\/p>\n\n\n\n<p>Nem kell ehhez tech szak\u00e9rt\u0151nek lenned. Ez a tartalom neked k\u00e9sz\u00fclt, aki csak azt szeretn\u00e9d, hogy a telefonod j\u00f3l, komplik\u00e1ci\u00f3k n\u00e9lk\u00fcl m\u0171k\u00f6dj\u00f6n.<\/p>\n\n\n\n<p>K\u00e9sz\u00fclj fel val\u00f3di megold\u00e1sok felfedez\u00e9s\u00e9re, \u00e9s \u00e9lvezd a gyorsabb, hat\u00e9konyabb telefont m\u00e9g ma!<\/p>\n\n\n\n<h2 class=\"wp-block-heading\">Mi\u00e9rt lassul be id\u0151vel a mobiltelefonod?<\/h2>\n\n\n\n<h3 class=\"wp-block-heading\">Az igazs\u00e1g a lass\u00fas\u00e1g m\u00f6g\u00f6tt<\/h3>\n\n\n\n<ul>\n<li>A h\u00e1tt\u00e9rben megny\u00edl\u00f3 alkalmaz\u00e1sok<\/li>\n\n\n\n<li>Felhalmoz\u00f3dott szem\u00e9tf\u00e1jlok<\/li>\n\n\n\n<li>Ism\u00e9tl\u0151d\u0151 k\u00e9pek, WhatsApp m\u00e9mek \u00e9s neh\u00e9zkes vide\u00f3k<\/li>\n\n\n\n<li>T\u00f6bb er\u0151forr\u00e1st ig\u00e9nyl\u0151 friss\u00edt\u00e9sek<\/li>\n<\/ul>\n\n\n\n<p>Minden alkalommal, amikor \u00faj alkalmaz\u00e1st telep\u00edtesz vagy f\u00e9nyk\u00e9peket k\u00e9sz\u00edtesz, a telefonod ideiglenes f\u00e1jlokat ment.<\/p>\n\n\n\n<p>M\u00e9g ha nem is l\u00e1tod, \u00fagy gy\u0171lnek \u00f6ssze, mint a por a sz\u0151nyeg alatt. \u00c9s ez a digit\u00e1lis por neh\u00e9z.<\/p>\n\n\n\n<p>Sok alkalmaz\u00e1s tov\u00e1bbra is m\u0171k\u00f6dik, m\u00e9g akkor is, ha nem nyitod meg \u0151ket.<\/p>\n\n\n\n<p><\/p>\n\n\n\n<hr class=\"wp-block-separator has-alpha-channel-opacity is-style-wide\" \/>\n\n\n\n<h4 class=\"wp-block-heading has-text-align-center\"><strong><mark class=\"has-inline-color has-luminous-vivid-orange-color\">Olvasd el ezt is<\/mark><\/strong><\/h4>\n\n\n    <section class=\"mx-1 my-10\">\n                                                <a href=\"https:\/\/universofamilia.com\/hu\/lp-filmes-asiaticos\/\" class=\"text-white\" data-analytics-label=\"optionsButton\"\n                    data-action=\"analytics#trackCTA\">\n                    <div data-options-target=\"option\"\n                        class=\"custom-section rounded-xl border p-3 shadow-md w-full bg-green-700 my-3\">\n                        <div class=\"flex w-full items-center justify-between\">\n                            <div class=\"flex items-center space-x-3\">\n                                <div class=\"text-lg font-bold\">\n                                    App koreai dr\u00e1m\u00e1k n\u00e9z\u00e9s\u00e9hez \u279d\n                                <\/div>\n                            <\/div>\n                        <\/div>\n                    <\/div>\n                <\/a>\n                                                            <a href=\"https:\/\/universofamilia.com\/hu\/lp-recuperar-fotos\/\" class=\"text-white\" data-analytics-label=\"optionsButton\"\n                    data-action=\"analytics#trackCTA\">\n                    <div data-options-target=\"option\"\n                        class=\"custom-section rounded-xl border p-3 shadow-md w-full bg-green-700 my-3\">\n                        <div class=\"flex w-full items-center justify-between\">\n                            <div class=\"flex items-center space-x-3\">\n                                <div class=\"text-lg font-bold\">\n                                    T\u00f6r\u00f6lt fot\u00f3k helyre\u00e1ll\u00edt\u00e1sa ezzel az alkalmaz\u00e1ssal!  \u279d\n                                <\/div>\n                            <\/div>\n                        <\/div>\n                    <\/div>\n                <\/a>\n                                                            <a href=\"https:\/\/universofamilia.com\/hu\/el-amor-a-un-clic\/\" class=\"text-white\" data-analytics-label=\"optionsButton\"\n                    data-action=\"analytics#trackCTA\">\n                    <div data-options-target=\"option\"\n                        class=\"custom-section rounded-xl border p-3 shadow-md w-full bg-green-700 my-3\">\n                        <div class=\"flex w-full items-center justify-between\">\n                            <div class=\"flex items-center space-x-3\">\n                                <div class=\"text-lg font-bold\">\n                                    Fedezd fel az ide\u00e1lis t\u00e1rskeres\u0151 alkalmaz\u00e1st \u279d\n                                <\/div>\n                            <\/div>\n                        <\/div>\n                    <\/div>\n                <\/a>\n                            <p class=\"text-xs text-gray-500 text-right hidden\"\n            style=\"margin-left: 50%; margin-bottom: 50px; margin-top: 5px;\">\n            <!-- You will be redirected to another website -->\n        <\/p>\n    <\/section>\n\n\n\n\n<p class=\"has-text-align-right\"><em><strong><em><strong><em><strong><em><strong><em><strong>Ugyanott fog maradni!<\/strong><\/em><\/strong><\/em><\/strong><\/em><\/strong><\/em><\/strong><\/em><\/p>\n\n\n\n<hr class=\"wp-block-separator has-alpha-channel-opacity is-style-wide\" \/>\n\n\n\n<p><\/p>\n\n\n\n<p>Ez azt jelenti, hogy \u00e9szrev\u00e9tlen\u00fcl fogyasztj\u00e1k a RAM-ot, az energi\u00e1t \u00e9s a processzort.<\/p>\n\n\n\n<p>Ez\u00e9rt reag\u00e1l lassan a telefonod, amikor megnyitsz egy \u00faj alkalmaz\u00e1st vagy f\u00e9nyk\u00e9pet k\u00e9sz\u00edtesz.<\/p>\n\n\n\n<p>M\u00e9g az automatikus friss\u00edt\u00e9sek is probl\u00e9m\u00e1t jelenthetnek.<\/p>\n\n\n\n<p>N\u00e9h\u00e1ny \u00faj alkalmaz\u00e1sverzi\u00f3 modern mobiltelefonokra k\u00e9sz\u00fclt,<\/p>\n\n\n\n<p>nagyobb teljes\u00edtm\u00e9nnyel. Ha r\u00e9gebbi a k\u00e9sz\u00fcl\u00e9ked, ezek az alkalmaz\u00e1sok k\u00e1ros\u00edthatj\u00e1k a m\u0171k\u00f6d\u00e9s\u00e9t.<\/p>\n\n\n\n<p>A l\u00e9nyeg az, hogy mindezekre van megold\u00e1s. Nem kell lecser\u00e9lned a telefonodat. Csak a megfelel\u0151 eszk\u00f6z\u00f6kre van sz\u00fcks\u00e9ged a tiszt\u00edt\u00e1shoz \u00e9s optimaliz\u00e1l\u00e1shoz.<\/p>\n\n\n\n<h2 class=\"wp-block-heading\">Alkalmaz\u00e1sok, amelyek gyors g\u00e9pp\u00e9 var\u00e1zsolj\u00e1k a telefonodat<\/h2>\n\n\n\n<h3 class=\"wp-block-heading\">1. <strong>Nox Cleaner: M\u00e9ly \u00e9s automatikus tiszt\u00edt\u00e1s<\/strong><\/h3>\n\n\n\n<p><a href=\"https:\/\/nox-cleaner.br.uptodown.com\/android\">T\u00f6ltsd le a Nox Cleanert a Play \u00c1ruh\u00e1zb\u00f3l<\/a><\/p>\n\n\n\n<p>Ez az egyik legjobbra \u00e9rt\u00e9kelt Android tiszt\u00edt\u00f3program. Egyetlen kattint\u00e1ssal elt\u00e1vol\u00edtja a felesleges f\u00e1jlokat, felszabad\u00edtja a RAM-ot, \u00e9s m\u00e9g a CPU-t is leh\u0171ti, ha t\u00falterhelt.<\/p>\n\n\n\n<p><strong>A Nox Cleaner legjobbjai:<\/strong><\/p>\n\n\n\n<ul>\n<li>Gyors \u00e9s m\u00e9lyrehat\u00f3 vizsg\u00e1lat<\/li>\n\n\n\n<li>Duplik\u00e1lt k\u00e9pek tiszt\u00edt\u00e1sa<\/li>\n\n\n\n<li>Be\u00e9p\u00edtett j\u00e1t\u00e9kgyors\u00edt\u00f3<\/li>\n\n\n\n<li>Egyszer\u0171 fel\u00fclet b\u00e1rmely felhaszn\u00e1l\u00f3 sz\u00e1m\u00e1ra<\/li>\n<\/ul>\n\n\n\n<p>Naponta vagy hetente \u00fctemezheted az automatikus tiszt\u00edt\u00e1st an\u00e9lk\u00fcl, hogy meg kellene nyitnod az alkalmaz\u00e1st. Extra funkci\u00f3kkal is rendelkezik, mint p\u00e9ld\u00e1ul a v\u00edruskeres\u0151 \u00e9s a bosszant\u00f3 \u00e9rtes\u00edt\u00e9sek blokkol\u00e1sa.<\/p>\n\n\n\n<p>A Nox Cleaner a sz\u00f6vets\u00e9gesedd\u00e9 v\u00e1lik, \u00edgy semmire sem kell gondolnod. Minden a h\u00e1tt\u00e9rben t\u00f6rt\u00e9nik, \u00e9s a telefonod fell\u00e9legezhet.<\/p>\n\n\n\n<p><\/p>\n\n\n\n<hr class=\"wp-block-separator has-alpha-channel-opacity is-style-wide\" \/>\n\n\n\n<h3 class=\"wp-block-heading\"><mark class=\"has-inline-color has-luminous-vivid-amber-color\"><strong>T\u00f6ltse le az alkalmaz\u00e1sokat<\/strong>.<\/mark><\/h3>\n\n\n    <section class=\"mx-1 my-10\">\n                                                <a href=\"https:\/\/nox-cleaner.br.uptodown.com\/android\" class=\"text-white\" data-analytics-label=\"optionsButton\"\n                    data-action=\"analytics#trackCTA\">\n                    <div data-options-target=\"option\"\n                        class=\"custom-section rounded-xl border p-3 shadow-md w-full bg-green-700 my-3\">\n                        <div class=\"flex w-full items-center justify-between\">\n                            <div class=\"flex items-center space-x-3\">\n                                <div class=\"text-lg font-bold\">\n                                    Nox tiszt\u00edt\u00f3 \u279d\n                                <\/div>\n                            <\/div>\n                        <\/div>\n                    <\/div>\n                <\/a>\n                            <p class=\"text-xs text-gray-500 text-right\"\n            style=\"margin-left: 50%; margin-bottom: 50px; margin-top: 5px;\">\n            <!-- You will be redirected to another website -->\n        <\/p>\n    <\/section>\n\n\n\n\n<p class=\"has-text-align-right\"><strong><em>\u00c1tir\u00e1ny\u00edtunk egy m\u00e1sik webhelyre<\/em><\/strong><\/p>\n\n\n\n<hr class=\"wp-block-separator has-alpha-channel-opacity is-style-wide\" \/>\n\n\n\n<p><\/p>\n\n\n\n<h3 class=\"wp-block-heading\">2. <strong>CCleaner: A megb\u00edzhat\u00f3 klasszikus<\/strong><\/h3>\n\n\n\n<p>H\u00edres a sz\u00e1m\u00edt\u00f3g\u00e9pek vil\u00e1g\u00e1ban, <strong>CCleaner<\/strong> Mobil verzi\u00f3ja is van. T\u00f6rli a felesleges f\u00e1jlokat, \u00e9s seg\u00edt meg\u00e9rteni, hogy mi foglal helyet az eszk\u00f6z\u00f6d\u00f6n.<\/p>\n\n\n\n<p><strong>F\u0151bb jellemz\u0151k:<\/strong><\/p>\n\n\n\n<ul>\n<li>CPU, RAM \u00e9s t\u00e1rhelyhaszn\u00e1lat figyel\u00e9se<\/li>\n\n\n\n<li>Egy kattint\u00e1ssal elt\u00e1vol\u00edthat\u00f3 k\u00e9retlen tartalom<\/li>\n\n\n\n<li>Automatikus optimaliz\u00e1l\u00e1si be\u00e1ll\u00edt\u00e1sok<\/li>\n\n\n\n<li>\u201eGyors tiszt\u00edt\u00e1s\u201d m\u00f3d<\/li>\n<\/ul>\n\n\n\n<p>A CCleaner egyik kiemelked\u0151 tulajdons\u00e1ga az analitikai rendszere. Grafikonokat tekinthet meg, amelyek megmutatj\u00e1k, hogy mely alkalmaz\u00e1sok fogyasztj\u00e1k a legt\u00f6bb er\u0151forr\u00e1st. Figyelmeztet arra is, ha \u00fajra kell ind\u00edtani a telefont, vagy be kell z\u00e1rni a h\u00e1tt\u00e9rben fut\u00f3 alkalmaz\u00e1sokat.<\/p>\n\n\n\n<p>Ha szereted k\u00e9zben tartani az ir\u00e1ny\u00edt\u00e1st, ez az alkalmaz\u00e1s vil\u00e1gos \u00e9s pontos inform\u00e1ci\u00f3kat ny\u00fajt, hogy j\u00f3 d\u00f6nt\u00e9seket hozhass.<\/p>\n\n\n\n<p>\u00c9s ha ink\u00e1bb mindent az automatikus rendszerre b\u00edzn\u00e1l, az is t\u00f6k\u00e9letesen m\u0171k\u00f6dik.<\/p>\n\n\n\n<p><\/p>\n\n\n\n<hr class=\"wp-block-separator has-alpha-channel-opacity is-style-wide\" \/>\n\n\n\n<h3 class=\"wp-block-heading\"><mark class=\"has-inline-color has-luminous-vivid-amber-color\"><strong>T\u00f6ltse le az alkalmaz\u00e1sokat<\/strong>.<\/mark><\/h3>\n\n\n    <section class=\"mx-1 my-10\">\n                                                <a href=\"https:\/\/www.ccleaner.com\/ccleaner-android?cc-noredirect=\" class=\"text-white\" data-analytics-label=\"optionsButton\"\n                    data-action=\"analytics#trackCTA\">\n                    <div data-options-target=\"option\"\n                        class=\"custom-section rounded-xl border p-3 shadow-md w-full bg-green-700 my-3\">\n                        <div class=\"flex w-full items-center justify-between\">\n                            <div class=\"flex items-center space-x-3\">\n                                <div class=\"text-lg font-bold\">\n                                    CCleaner \u279d\n                                <\/div>\n                            <\/div>\n                        <\/div>\n                    <\/div>\n                <\/a>\n                            <p class=\"text-xs text-gray-500 text-right\"\n            style=\"margin-left: 50%; margin-bottom: 50px; margin-top: 5px;\">\n            <!-- You will be redirected to another website -->\n        <\/p>\n    <\/section>\n\n\n\n\n<p class=\"has-text-align-right\"><strong><em>\u00c1tir\u00e1ny\u00edtunk egy m\u00e1sik webhelyre<\/em><\/strong><\/p>\n\n\n\n<hr class=\"wp-block-separator has-alpha-channel-opacity is-style-wide\" \/>\n\n\n\n<p><\/p>\n\n\n\n<h3 class=\"wp-block-heading\">3. <strong>AVG Cleaner: Intelligens optimaliz\u00e1l\u00e1s<\/strong><\/h3>\n\n\n\n<p>A h\u00edres v\u00edruskeres\u0151 alkot\u00f3i fejlesztett\u00e9k ki, <strong>AVG tiszt\u00edt\u00f3<\/strong> nemcsak tiszt\u00edt, hanem elemzi a teljes\u00edtm\u00e9nyt is, \u00e9s szem\u00e9lyre szabott aj\u00e1nl\u00e1sokat k\u00edn\u00e1l.<\/p>\n\n\n\n<p><strong>F\u0151 el\u0151ny\u00f6k:<\/strong><\/p>\n\n\n\n<ul>\n<li>T\u00fal sok er\u0151forr\u00e1st fogyaszt\u00f3 alkalmaz\u00e1sok elemz\u00e9se<\/li>\n\n\n\n<li>Elmos\u00f3dott vagy duplik\u00e1lt fot\u00f3k elt\u00e1vol\u00edt\u00e1sa<\/li>\n\n\n\n<li>Az akkumul\u00e1tor k\u00edm\u00e9l\u00e9se alkalmaz\u00e1sok bez\u00e1r\u00e1s\u00e1val<\/li>\n\n\n\n<li>K\u00f6nnyen \u00e9rthet\u0151 jelent\u00e9sk\u00e9sz\u00edt\u0151 rendszer<\/li>\n<\/ul>\n\n\n\n<p>Van egy speci\u00e1lis funkci\u00f3ja, amely felismeri a hasonl\u00f3 fot\u00f3kat. Ha 10 egyforma szelfije van, m\u00e1sodpercek alatt t\u00f6r\u00f6lheti \u0151ket, \u00e9s gigab\u00e1jt t\u00e1rhelyet szabad\u00edthat fel. Emellett blokkolja azokat a folyamatokat is, amelyek \u00e9szrev\u00e9tlen\u00fcl mer\u00edtik az akkumul\u00e1tort.<\/p>\n\n\n\n<p>Olyan, mintha egy digit\u00e1lis szerel\u0151 megmondan\u00e1, hol a probl\u00e9ma, \u00e9s felaj\u00e1nlja a legjobb megold\u00e1st, mindezt egyetlen, k\u00f6nnyen haszn\u00e1lhat\u00f3 alkalmaz\u00e1sban.<\/p>\n\n\n\n<p><\/p>\n\n\n\n<hr class=\"wp-block-separator has-alpha-channel-opacity is-style-wide\" \/>\n\n\n\n<h3 class=\"wp-block-heading\"><mark class=\"has-inline-color has-luminous-vivid-amber-color\"><strong>T\u00f6ltse le az alkalmaz\u00e1sokat<\/strong>.<\/mark><\/h3>\n\n\n    <section class=\"mx-1 my-10\">\n                                                <a href=\"https:\/\/avg-memory-and-cache-cleaner.br.uptodown.com\/android\" class=\"text-white\" data-analytics-label=\"optionsButton\"\n                    data-action=\"analytics#trackCTA\">\n                    <div data-options-target=\"option\"\n                        class=\"custom-section rounded-xl border p-3 shadow-md w-full bg-green-700 my-3\">\n                        <div class=\"flex w-full items-center justify-between\">\n                            <div class=\"flex items-center space-x-3\">\n                                <div class=\"text-lg font-bold\">\n                                    AVG Tiszt\u00edt\u00f3 \u279d\n                                <\/div>\n                            <\/div>\n                        <\/div>\n                    <\/div>\n                <\/a>\n                            <p class=\"text-xs text-gray-500 text-right\"\n            style=\"margin-left: 50%; margin-bottom: 50px; margin-top: 5px;\">\n            <!-- You will be redirected to another website -->\n        <\/p>\n    <\/section>\n\n\n\n\n<p class=\"has-text-align-right\"><strong><em>\u00c1tir\u00e1ny\u00edtunk egy m\u00e1sik webhelyre<\/em><\/strong><\/p>\n\n\n\n<hr class=\"wp-block-separator has-alpha-channel-opacity is-style-wide\" \/>\n\n\n\n<p><\/p>\n\n\n\n<h2 class=\"wp-block-heading\">Tov\u00e1bbi tippek, hogy a mobiltelefonod mindig gyors legyen<\/h2>\n\n\n\n<h3 class=\"wp-block-heading\">Egyszer\u0171 szok\u00e1sok, amelyek v\u00e1ltoz\u00e1st hoznak<\/h3>\n\n\n\n<ul>\n<li><strong>Ind\u00edtsd \u00fajra a mobiltelefonodat legal\u00e1bb hetente egyszer.<\/strong> Seg\u00edt felszabad\u00edtani az ideiglenes mem\u00f3ri\u00e1t.<\/li>\n\n\n\n<li><strong>T\u00f6r\u00f6ld a nem haszn\u00e1lt alkalmaz\u00e1sokat.<\/strong> Csak helyet foglalnak, \u00e9s a h\u00e1tt\u00e9rben futhatnak.<\/li>\n\n\n\n<li><strong>Ker\u00fcld a t\u00fal sok widget haszn\u00e1lat\u00e1t a kezd\u0151k\u00e9perny\u0151n.<\/strong> Folyamatosan fogyasztj\u00e1k a RAM-ot.<\/li>\n\n\n\n<li><strong>Tiltsd le az automatikus friss\u00edt\u00e9seket, ha kev\u00e9s a t\u00e1rhely.<\/strong> Manu\u00e1lisan is elv\u00e9gezheti \u0151ket.<\/li>\n\n\n\n<li><strong>Aktiv\u00e1lja az \u201eenergiatakar\u00e9kos\u201d m\u00f3dot, ha nincs sz\u00fcks\u00e9ge teljes teljes\u00edtm\u00e9nyre.<\/strong> K\u00fcl\u00f6n\u00f6sen hasznos hossz\u00fa utakon vagy megbesz\u00e9l\u00e9seken.<\/li>\n<\/ul>\n\n\n\n<p>Ezeken a gyakorlatokon k\u00edv\u00fcl haszn\u00e1lhatod a be\u00e9p\u00edtett rendszerfunkci\u00f3kat, p\u00e9ld\u00e1ul az \u201eEgyszer\u0171s\u00edtett m\u00f3dot\u201d vagy az \u201eEgyszer\u0171 m\u00f3dot\u201d, ha a telefonodon vannak ilyenek. Ezek a m\u00f3dok cs\u00f6kkentik az anim\u00e1ci\u00f3kat \u00e9s a vizu\u00e1lis effekteket a teljes\u00edtm\u00e9ny jav\u00edt\u00e1sa \u00e9rdek\u00e9ben.<\/p>\n\n\n<div class=\"wp-block-image\">\n<figure class=\"aligncenter size-full\"><img loading=\"lazy\" decoding=\"async\" width=\"550\" height=\"350\" src=\"https:\/\/universofamilia.com\/wp-content\/uploads\/sites\/148\/2025\/04\/DESTAQUE-UNIVERSO-550-x-350-31.jpg\" alt=\"\" class=\"wp-image-9243\" srcset=\"https:\/\/universofamilia.com\/wp-content\/uploads\/sites\/148\/2025\/04\/DESTAQUE-UNIVERSO-550-x-350-31.jpg 550w, https:\/\/universofamilia.com\/wp-content\/uploads\/sites\/148\/2025\/04\/DESTAQUE-UNIVERSO-550-x-350-31-300x191.jpg 300w, https:\/\/universofamilia.com\/wp-content\/uploads\/sites\/148\/2025\/04\/DESTAQUE-UNIVERSO-550-x-350-31-18x12.jpg 18w\" sizes=\"(max-width: 550px) 100vw, 550px\" \/><figcaption class=\"wp-element-caption\">Tedd \u00fagy kin\u00e9zet\u0171v\u00e9 a telefonod, mint \u00fajkor\u00e1ban, ezekkel az alkalmaz\u00e1sokkal!<\/figcaption><\/figure><\/div>\n\n\n<h2 class=\"wp-block-heading\">Hogyan v\u00e1laszd ki a sz\u00e1modra legmegfelel\u0151bb alkalmaz\u00e1st?<\/h2>\n\n\n\n<h3 class=\"wp-block-heading\">Gondolja \u00e1t az ig\u00e9nyeit:<\/h3>\n\n\n\n<ul>\n<li>Szeretn\u00e9l valami automat\u00e1t, amihez soha nem kell hozz\u00e1ny\u00falnod?<\/li>\n\n\n\n<li>Jobban szereted, ha minden r\u00e9szletet magad ir\u00e1ny\u00edtasz?<\/li>\n\n\n\n<li>S\u00fcrg\u0151sen helyet kell felszabad\u00edtania?<\/li>\n<\/ul>\n\n\n\n<p><strong>Nox tiszt\u00edt\u00f3szer<\/strong> Ide\u00e1lis, ha csak egy gombot kell megnyomni, \u00e9s minden kitisztul. <strong>CCleaner<\/strong> T\u00f6k\u00e9letes, ha szeretsz grafikonokat n\u00e9zegetni, d\u00f6nt\u00e9seket hozni, \u00e9s alaposan meg\u00e9rteni a mobiltelefonodat.<\/p>\n\n\n\n<p><strong>AVG tiszt\u00edt\u00f3<\/strong> a legokosabb v\u00e1laszt\u00e1s, ha szem\u00e9lyre szabott tan\u00e1csra van sz\u00fcks\u00e9ge.<\/p>\n\n\n\n<p>Mindh\u00e1rmat kipr\u00f3b\u00e1lhatod. K\u00f6nny\u0171ek, ingyenesek \u00e9s a legt\u00f6bb Android-eszk\u00f6zzel kompatibilisek. N\u00e9h\u00e1ny nap m\u00falva megtudod, melyik m\u0171k\u00f6dik a legjobban sz\u00e1modra.<\/p>\n\n\n\n<h2 class=\"wp-block-heading\">Gyakori t\u00e9vhitek a lass\u00fa mobiltelefonokr\u00f3l<\/h2>\n\n\n\n<blockquote class=\"wp-block-quote\">\n<h3 class=\"wp-block-heading\">&quot;Sz\u00fcks\u00e9gem van egy \u00faj telefonra&quot;<\/h3>\n\n\n\n<p>Hamis. A legt\u00f6bb esetben a megfelel\u0151 digit\u00e1lis karbantart\u00e1s elegend\u0151 a teljes\u00edtm\u00e9ny jav\u00edt\u00e1s\u00e1hoz.<\/p>\n\n\n\n<h3 class=\"wp-block-heading\">\u201eForm\u00e1z\u00e1s n\u00e9lk\u00fcl semmit sem lehet csin\u00e1lni\u201d<\/h3>\n\n\n\n<p>Helytelen. A tiszt\u00edt\u00f3alkalmaz\u00e1sok hasonl\u00f3 eredm\u00e9nyeket \u00e9rnek el az adatok t\u00f6rl\u00e9se n\u00e9lk\u00fcl.<\/p>\n\n\n\n<h3 class=\"wp-block-heading\">\u201eHa bez\u00e1rom az alkalmaz\u00e1sokat, az el\u00e9g.\u201d<\/h3>\n\n\n\n<p>Az alkalmaz\u00e1sok bez\u00e1r\u00e1sa nem t\u00f6rli az ideiglenes f\u00e1jlokat vagy a rejtett szemetet. Alapos tiszt\u00edt\u00e1sra van sz\u00fcks\u00e9g.<\/p>\n<\/blockquote>\n\n\n\n<p>Ezen t\u00e9vhitek ismerete seg\u00edt jobb d\u00f6nt\u00e9seket hozni \u00e9s p\u00e9nzt megtakar\u00edtani.<\/p>\n\n\n\n<h2 class=\"wp-block-heading\">Val\u00f3di esetek: emberek, akik fejlesztett\u00e9k a mobiltelefonjukat<\/h2>\n\n\n\n<blockquote class=\"wp-block-quote\">\n<h3 class=\"wp-block-heading\">Mar\u00eda, 58 \u00e9ves, Guadalajara<\/h3>\n\n\n\n<p>\u201eAzt hittem, lemer\u00fclt a telefonom. Let\u00f6lt\u00f6ttem a Nox Cleanert, \u00e9s 3 percen bel\u00fcl meg tudtam k\u00fcl\u00f6nb\u00f6ztetni. Most az unok\u00e1m lefagy\u00e1s n\u00e9lk\u00fcl j\u00e1tszik.\u201d<\/p>\n\n\n\n<h3 class=\"wp-block-heading\">Luis, 34 \u00e9ves, Mexik\u00f3v\u00e1ros<\/h3>\n\n\n\n<p>\u201eA telefonomon dolgozom, \u00e9s r\u00e9gen minden lefagyott. Az AVG Cleanerrel azonos\u00edtani tudtam a legt\u00f6bb energi\u00e1t fogyaszt\u00f3 alkalmaz\u00e1sokat, \u00e9s elt\u00e1vol\u00edtottam \u0151ket. Most minden sim\u00e1n fut.\u201d<\/p>\n\n\n\n<h3 class=\"wp-block-heading\">Sofia, 23 \u00e9ves, Puebla<\/h3>\n\n\n\n<p>\u201eA CCleanerrel r\u00e1j\u00f6ttem, mi\u00e9rt van ilyen kev\u00e9s t\u00e1rhelyem. Kitakar\u00edtottam a duplik\u00e1lt fot\u00f3kat, \u00e9s 2 GB-ot nyertem. El\u00e9gedett vagyok.\u201d<\/p>\n<\/blockquote>\n\n\n\n<h2 class=\"wp-block-heading\">Cselekedj m\u00e9g ma!<\/h2>\n\n\n\n<p>M\u00e1r tudod, hogy <strong>Hagyd az \u00faj mobiltelefonodat ezekkel az alkalmaz\u00e1sokkal<\/strong> Ez nemcsak lehets\u00e9ges, de egyszer\u0171 \u00e9s gyors is. Nem kell \u00faj telefont venned ahhoz, hogy megtapasztald a sebess\u00e9g \u00e9s a foly\u00e9konys\u00e1g \u00e9rz\u00e9s\u00e9t.<\/p>\n\n\n\n<p><strong>Nox tiszt\u00edt\u00f3szer<\/strong>, <strong>CCleaner<\/strong> \u00e9s <strong>AVG tiszt\u00edt\u00f3<\/strong> K\u00e9szen \u00e1llnak a seg\u00edts\u00e9gedre. Csak v\u00e1laszd ki a sz\u00e1modra legmegfelel\u0151bbet, \u00e9s kattints a let\u00f6lt\u00e9shez.<\/p>\n\n\n\n<p>Tedd meg most, \u00e9s \u00e9lvezd a tiszt\u00e1bb, gyorsabb \u00e9s hat\u00e9konyabb telefont m\u00e1r ma!<\/p>\n\n\n\n<p><strong>C\u00edmk\u00e9k:<\/strong> Mobilh\u00e1l\u00f3zat-tiszt\u00edt\u00e1s, optimaliz\u00e1l\u00f3 alkalmaz\u00e1sok, Android sebess\u00e9ge, t\u00e1rhely felszabad\u00edt\u00e1sa, mobilkarbantart\u00e1s<\/p>\n\n\n\n<p><strong>F\u0151 kulcssz\u00f3:<\/strong> Hagyd az \u00faj mobiltelefonodat ezekkel az alkalmaz\u00e1sokkal<\/p>","protected":false},"excerpt":{"rendered":"<p>A telefonod rep\u00fclni tud, ha tudod, hogyan! Mit szeretn\u00e9l? Turb\u00f3zd fel \u00faj telefonod ezekkel az alkalmaz\u00e1sokkal, amelyek gyors \u00e9s hat\u00e9kony g\u00e9pp\u00e9 var\u00e1zsolj\u00e1k. Ha \u00fagy \u00e9rzed, hogy a telefonod lass\u00fa, ne agg\u00f3dj: nem r\u00e9gi, csak egy alapos tiszt\u00edt\u00e1sra szorul. Ezek a tr\u00fckk\u00f6k \u00e9s alkalmaz\u00e1sok seg\u00edtenek abban, hogy [\u2026]<\/p>","protected":false},"author":139,"featured_media":9243,"comment_status":"closed","ping_status":"open","sticky":false,"template":"","format":"standard","meta":{"footnotes":""},"categories":[2],"tags":[2194,2196,2195,2121,2197],"yoast_head":"<!-- This site is optimized with the Yoast SEO plugin v23.3 - https:\/\/yoast.com\/wordpress\/plugins\/seo\/ -->\n<title>\u00a1Deja tu celular como nuevo con estos apps! - Universo Fam\u00edlia<\/title>\n<meta name=\"description\" content=\"\u00a1Deja tu celular como nuevo con estos apps! Deja tu celular nuevo con estos apps que lo transforman en una m\u00e1quina r\u00e1pida y eficiente....\" \/>\n<meta name=\"robots\" content=\"index, follow, max-snippet:-1, max-image-preview:large, max-video-preview:-1\" \/>\n<link rel=\"canonical\" href=\"https:\/\/universofamilia.com\/hu\/deja-tu-celular-como-nuevo-con-estos-apps\/\" \/>\n<meta property=\"og:locale\" content=\"hu_HU\" \/>\n<meta property=\"og:type\" content=\"article\" \/>\n<meta property=\"og:title\" content=\"\u00a1Deja tu celular como nuevo con estos apps! - Universo Fam\u00edlia\" \/>\n<meta property=\"og:description\" content=\"\u00a1Deja tu celular como nuevo con estos apps! Deja tu celular nuevo con estos apps que lo transforman en una m\u00e1quina r\u00e1pida y eficiente....\" \/>\n<meta property=\"og:url\" content=\"https:\/\/universofamilia.com\/hu\/deja-tu-celular-como-nuevo-con-estos-apps\/\" \/>\n<meta property=\"og:site_name\" content=\"Universo Fam\u00edlia\" \/>\n<meta property=\"article:published_time\" content=\"2025-04-08T15:05:09+00:00\" \/>\n<meta property=\"article:modified_time\" content=\"2025-04-09T23:35:59+00:00\" \/>\n<meta property=\"og:image\" content=\"https:\/\/universofamilia.com\/wp-content\/uploads\/sites\/148\/2025\/04\/DESTAQUE-UNIVERSO-550-x-350-31.jpg\" \/>\n\t<meta property=\"og:image:width\" content=\"550\" \/>\n\t<meta property=\"og:image:height\" content=\"350\" \/>\n\t<meta property=\"og:image:type\" content=\"image\/jpeg\" \/>\n<meta name=\"author\" content=\"Pedro Henrique\" \/>\n<meta name=\"twitter:card\" content=\"summary_large_image\" \/>\n<meta name=\"twitter:label1\" content=\"Written by\" \/>\n\t<meta name=\"twitter:data1\" content=\"Pedro Henrique\" \/>\n\t<meta name=\"twitter:label2\" content=\"Est. reading time\" \/>\n\t<meta name=\"twitter:data2\" content=\"6 perc\" \/>\n<script type=\"application\/ld+json\" class=\"yoast-schema-graph\">{\"@context\":\"https:\/\/schema.org\",\"@graph\":[{\"@type\":\"WebPage\",\"@id\":\"https:\/\/universofamilia.com\/deja-tu-celular-como-nuevo-con-estos-apps\/\",\"url\":\"https:\/\/universofamilia.com\/deja-tu-celular-como-nuevo-con-estos-apps\/\",\"name\":\"\u00a1Deja tu celular como nuevo con estos apps! - Universo Fam\u00edlia\",\"isPartOf\":{\"@id\":\"https:\/\/universofamilia.com\/el\/#website\"},\"primaryImageOfPage\":{\"@id\":\"https:\/\/universofamilia.com\/deja-tu-celular-como-nuevo-con-estos-apps\/#primaryimage\"},\"image\":{\"@id\":\"https:\/\/universofamilia.com\/deja-tu-celular-como-nuevo-con-estos-apps\/#primaryimage\"},\"thumbnailUrl\":\"https:\/\/universofamilia.com\/wp-content\/uploads\/sites\/148\/2025\/04\/DESTAQUE-UNIVERSO-550-x-350-31.jpg\",\"datePublished\":\"2025-04-08T15:05:09+00:00\",\"dateModified\":\"2025-04-09T23:35:59+00:00\",\"author\":{\"@id\":\"https:\/\/universofamilia.com\/el\/#\/schema\/person\/f07ce98187dd84d31154262e79b3b7ca\"},\"description\":\"\u00a1Deja tu celular como nuevo con estos apps! Deja tu celular nuevo con estos apps que lo transforman en una m\u00e1quina r\u00e1pida y eficiente....\",\"breadcrumb\":{\"@id\":\"https:\/\/universofamilia.com\/deja-tu-celular-como-nuevo-con-estos-apps\/#breadcrumb\"},\"inLanguage\":\"hu\",\"potentialAction\":[{\"@type\":\"ReadAction\",\"target\":[\"https:\/\/universofamilia.com\/deja-tu-celular-como-nuevo-con-estos-apps\/\"]}]},{\"@type\":\"ImageObject\",\"inLanguage\":\"hu\",\"@id\":\"https:\/\/universofamilia.com\/deja-tu-celular-como-nuevo-con-estos-apps\/#primaryimage\",\"url\":\"https:\/\/universofamilia.com\/wp-content\/uploads\/sites\/148\/2025\/04\/DESTAQUE-UNIVERSO-550-x-350-31.jpg\",\"contentUrl\":\"https:\/\/universofamilia.com\/wp-content\/uploads\/sites\/148\/2025\/04\/DESTAQUE-UNIVERSO-550-x-350-31.jpg\",\"width\":550,\"height\":350,\"caption\":\"\u00a1Deja tu celular como nuevo con estos apps!\"},{\"@type\":\"BreadcrumbList\",\"@id\":\"https:\/\/universofamilia.com\/deja-tu-celular-como-nuevo-con-estos-apps\/#breadcrumb\",\"itemListElement\":[{\"@type\":\"ListItem\",\"position\":1,\"name\":\"Home\",\"item\":\"https:\/\/universofamilia.com\/el\/\"},{\"@type\":\"ListItem\",\"position\":2,\"name\":\"\u00a1Deja tu celular como nuevo con estos apps!\"}]},{\"@type\":\"WebSite\",\"@id\":\"https:\/\/universofamilia.com\/el\/#website\",\"url\":\"https:\/\/universofamilia.com\/el\/\",\"name\":\"Universo Fam\u00edlia\",\"description\":\"\",\"potentialAction\":[{\"@type\":\"SearchAction\",\"target\":{\"@type\":\"EntryPoint\",\"urlTemplate\":\"https:\/\/universofamilia.com\/el\/?s={search_term_string}\"},\"query-input\":\"required name=search_term_string\"}],\"inLanguage\":\"hu\"},{\"@type\":\"Person\",\"@id\":\"https:\/\/universofamilia.com\/el\/#\/schema\/person\/f07ce98187dd84d31154262e79b3b7ca\",\"name\":\"Pedro Henrique\",\"image\":{\"@type\":\"ImageObject\",\"inLanguage\":\"hu\",\"@id\":\"https:\/\/universofamilia.com\/el\/#\/schema\/person\/image\/\",\"url\":\"https:\/\/secure.gravatar.com\/avatar\/9edfeb808cb4e1599f64d6e45b130154?s=96&d=mm&r=g\",\"contentUrl\":\"https:\/\/secure.gravatar.com\/avatar\/9edfeb808cb4e1599f64d6e45b130154?s=96&d=mm&r=g\",\"caption\":\"Pedro Henrique\"},\"url\":\"https:\/\/universofamilia.com\/hu\/author\/editor01\/\"}]}<\/script>\n<!-- \/ Yoast SEO plugin. -->","yoast_head_json":{"title":"\u00a1Deja tu celular como nuevo con estos apps! - Universo Fam\u00edlia","description":"\u00a1Deja tu celular como nuevo con estos apps! Deja tu celular nuevo con estos apps que lo transforman en una m\u00e1quina r\u00e1pida y eficiente....","robots":{"index":"index","follow":"follow","max-snippet":"max-snippet:-1","max-image-preview":"max-image-preview:large","max-video-preview":"max-video-preview:-1"},"canonical":"https:\/\/universofamilia.com\/hu\/deja-tu-celular-como-nuevo-con-estos-apps\/","og_locale":"hu_HU","og_type":"article","og_title":"\u00a1Deja tu celular como nuevo con estos apps! - Universo Fam\u00edlia","og_description":"\u00a1Deja tu celular como nuevo con estos apps! Deja tu celular nuevo con estos apps que lo transforman en una m\u00e1quina r\u00e1pida y eficiente....","og_url":"https:\/\/universofamilia.com\/hu\/deja-tu-celular-como-nuevo-con-estos-apps\/","og_site_name":"Universo Fam\u00edlia","article_published_time":"2025-04-08T15:05:09+00:00","article_modified_time":"2025-04-09T23:35:59+00:00","og_image":[{"width":550,"height":350,"url":"https:\/\/universofamilia.com\/wp-content\/uploads\/sites\/148\/2025\/04\/DESTAQUE-UNIVERSO-550-x-350-31.jpg","type":"image\/jpeg"}],"author":"Pedro Henrique","twitter_card":"summary_large_image","twitter_misc":{"Written by":"Pedro Henrique","Est. reading time":"6 perc"},"schema":{"@context":"https:\/\/schema.org","@graph":[{"@type":"WebPage","@id":"https:\/\/universofamilia.com\/deja-tu-celular-como-nuevo-con-estos-apps\/","url":"https:\/\/universofamilia.com\/deja-tu-celular-como-nuevo-con-estos-apps\/","name":"\u00a1Deja tu celular como nuevo con estos apps! - Universo Fam\u00edlia","isPartOf":{"@id":"https:\/\/universofamilia.com\/el\/#website"},"primaryImageOfPage":{"@id":"https:\/\/universofamilia.com\/deja-tu-celular-como-nuevo-con-estos-apps\/#primaryimage"},"image":{"@id":"https:\/\/universofamilia.com\/deja-tu-celular-como-nuevo-con-estos-apps\/#primaryimage"},"thumbnailUrl":"https:\/\/universofamilia.com\/wp-content\/uploads\/sites\/148\/2025\/04\/DESTAQUE-UNIVERSO-550-x-350-31.jpg","datePublished":"2025-04-08T15:05:09+00:00","dateModified":"2025-04-09T23:35:59+00:00","author":{"@id":"https:\/\/universofamilia.com\/el\/#\/schema\/person\/f07ce98187dd84d31154262e79b3b7ca"},"description":"\u00a1Deja tu celular como nuevo con estos apps! Deja tu celular nuevo con estos apps que lo transforman en una m\u00e1quina r\u00e1pida y eficiente....","breadcrumb":{"@id":"https:\/\/universofamilia.com\/deja-tu-celular-como-nuevo-con-estos-apps\/#breadcrumb"},"inLanguage":"hu","potentialAction":[{"@type":"ReadAction","target":["https:\/\/universofamilia.com\/deja-tu-celular-como-nuevo-con-estos-apps\/"]}]},{"@type":"ImageObject","inLanguage":"hu","@id":"https:\/\/universofamilia.com\/deja-tu-celular-como-nuevo-con-estos-apps\/#primaryimage","url":"https:\/\/universofamilia.com\/wp-content\/uploads\/sites\/148\/2025\/04\/DESTAQUE-UNIVERSO-550-x-350-31.jpg","contentUrl":"https:\/\/universofamilia.com\/wp-content\/uploads\/sites\/148\/2025\/04\/DESTAQUE-UNIVERSO-550-x-350-31.jpg","width":550,"height":350,"caption":"\u00a1Deja tu celular como nuevo con estos apps!"},{"@type":"BreadcrumbList","@id":"https:\/\/universofamilia.com\/deja-tu-celular-como-nuevo-con-estos-apps\/#breadcrumb","itemListElement":[{"@type":"ListItem","position":1,"name":"Home","item":"https:\/\/universofamilia.com\/el\/"},{"@type":"ListItem","position":2,"name":"\u00a1Deja tu celular como nuevo con estos apps!"}]},{"@type":"WebSite","@id":"https:\/\/universofamilia.com\/el\/#website","url":"https:\/\/universofamilia.com\/el\/","name":"Universo Fam\u00edlia","description":"","potentialAction":[{"@type":"SearchAction","target":{"@type":"EntryPoint","urlTemplate":"https:\/\/universofamilia.com\/el\/?s={search_term_string}"},"query-input":"required name=search_term_string"}],"inLanguage":"hu"},{"@type":"Person","@id":"https:\/\/universofamilia.com\/el\/#\/schema\/person\/f07ce98187dd84d31154262e79b3b7ca","name":"Pedro Henrique","image":{"@type":"ImageObject","inLanguage":"hu","@id":"https:\/\/universofamilia.com\/el\/#\/schema\/person\/image\/","url":"https:\/\/secure.gravatar.com\/avatar\/9edfeb808cb4e1599f64d6e45b130154?s=96&d=mm&r=g","contentUrl":"https:\/\/secure.gravatar.com\/avatar\/9edfeb808cb4e1599f64d6e45b130154?s=96&d=mm&r=g","caption":"Pedro Henrique"},"url":"https:\/\/universofamilia.com\/hu\/author\/editor01\/"}]}},"_links":{"self":[{"href":"https:\/\/universofamilia.com\/hu\/wp-json\/wp\/v2\/posts\/9239"}],"collection":[{"href":"https:\/\/universofamilia.com\/hu\/wp-json\/wp\/v2\/posts"}],"about":[{"href":"https:\/\/universofamilia.com\/hu\/wp-json\/wp\/v2\/types\/post"}],"author":[{"embeddable":true,"href":"https:\/\/universofamilia.com\/hu\/wp-json\/wp\/v2\/users\/139"}],"replies":[{"embeddable":true,"href":"https:\/\/universofamilia.com\/hu\/wp-json\/wp\/v2\/comments?post=9239"}],"version-history":[{"count":1,"href":"https:\/\/universofamilia.com\/hu\/wp-json\/wp\/v2\/posts\/9239\/revisions"}],"predecessor-version":[{"id":9244,"href":"https:\/\/universofamilia.com\/hu\/wp-json\/wp\/v2\/posts\/9239\/revisions\/9244"}],"wp:featuredmedia":[{"embeddable":true,"href":"https:\/\/universofamilia.com\/hu\/wp-json\/wp\/v2\/media\/9243"}],"wp:attachment":[{"href":"https:\/\/universofamilia.com\/hu\/wp-json\/wp\/v2\/media?parent=9239"}],"wp:term":[{"taxonomy":"category","embeddable":true,"href":"https:\/\/universofamilia.com\/hu\/wp-json\/wp\/v2\/categories?post=9239"},{"taxonomy":"post_tag","embeddable":true,"href":"https:\/\/universofamilia.com\/hu\/wp-json\/wp\/v2\/tags?post=9239"}],"curies":[{"name":"wp","href":"https:\/\/api.w.org\/{rel}","templated":true}]}}