{"id":9240,"date":"2025-04-08T20:52:42","date_gmt":"2025-04-08T20:52:42","guid":{"rendered":"https:\/\/universofamilia.com\/?p=9240"},"modified":"2025-04-08T20:52:44","modified_gmt":"2025-04-08T20:52:44","slug":"descubre-los-5-alimentos-que-ayudan-a-controlar-la-glucemia-2","status":"publish","type":"post","link":"https:\/\/universofamilia.com\/hu\/descubre-los-5-alimentos-que-ayudan-a-controlar-la-glucemia-2\/","title":{"rendered":"Ismerd meg az 5 \u00e9telt, ami seg\u00edthet a v\u00e9rcukorszint szab\u00e1lyoz\u00e1s\u00e1ban."},"content":{"rendered":"<h3 class=\"wp-block-heading has-text-align-center\">Agg\u00f3dsz a v\u00e9rcukorszinted miatt?<\/h3>\n\n\n\n<p><\/p>\n\n\n\n<hr class=\"wp-block-separator has-alpha-channel-opacity is-style-wide\" \/>\n\n\n\n<h5 class=\"wp-block-heading has-text-align-center\"><strong>Mit szeretn\u00e9l csin\u00e1lni?<\/strong><\/h5>\n\n\n    <section class=\"mx-1 my-10\">\n                                                <a href=\"https:\/\/universofamilia.com\/hu\/app-controle-glicose\/\" class=\"text-white\" data-analytics-label=\"optionsButton\"\n                    data-action=\"analytics#trackCTA\">\n                    <div data-options-target=\"option\"\n                        class=\"custom-section rounded-xl border p-3 shadow-md w-full bg-green-700 my-3\">\n                        <div class=\"flex w-full items-center justify-between\">\n                            <div class=\"flex items-center space-x-3\">\n                                <div class=\"text-lg font-bold\">\n                                    12 l\u00e9p\u00e9s az ex-cukorbetegg\u00e9 v\u00e1l\u00e1shoz \u279d\n                                <\/div>\n                            <\/div>\n                        <\/div>\n                    <\/div>\n                <\/a>\n                                                            <a href=\"https:\/\/www.messenger.com\/login.php?\" class=\"text-white\" data-analytics-label=\"optionsButton\"\n                    data-action=\"analytics#trackCTA\">\n                    <div data-options-target=\"option\"\n                        class=\"custom-section rounded-xl border p-3 shadow-md w-full bg-green-700 my-3\">\n                        <div class=\"flex w-full items-center justify-between\">\n                            <div class=\"flex items-center space-x-3\">\n                                <div class=\"text-lg font-bold\">\n                                    T\u00e1mogat\u00f3 csapat \u279d\n                                <\/div>\n                            <\/div>\n                        <\/div>\n                    <\/div>\n                <\/a>\n                                                            <a href=\"https:\/\/logbook.br.uptodown.com\/android\" class=\"text-white\" data-analytics-label=\"optionsButton\"\n                    data-action=\"analytics#trackCTA\">\n                    <div data-options-target=\"option\"\n                        class=\"custom-section rounded-xl border p-3 shadow-md w-full bg-green-700 my-3\">\n                        <div class=\"flex w-full items-center justify-between\">\n                            <div class=\"flex items-center space-x-3\">\n                                <div class=\"text-lg font-bold\">\n                                    T\u00f6ltsd le az ingyenes alkalmaz\u00e1st \u279d\n                                <\/div>\n                            <\/div>\n                        <\/div>\n                    <\/div>\n                <\/a>\n                            <p class=\"text-xs text-gray-500 text-right\"\n            style=\"margin-left: 50%; margin-bottom: 50px; margin-top: 5px;\">\n            <!-- You will be redirected to another website -->\n        <\/p>\n    <\/section>\n\n\n\n\n<p class=\"has-text-align-right\"><em><strong><em><strong><em><strong><em><strong><em><strong>Olvass tov\u00e1bb!<\/strong><\/em><\/strong><\/em><\/strong><\/em><\/strong><\/em><\/strong><\/em><\/p>\n\n\n\n<hr class=\"wp-block-separator has-alpha-channel-opacity is-style-wide\" \/>\n\n\n\n<p><\/p>\n\n\n\n<p><strong>\u00c9telek, amelyek seg\u00edtenek a v\u00e9rcukorszint szab\u00e1lyoz\u00e1s\u00e1ban<\/strong> megv\u00e1ltoztathatja az eg\u00e9szs\u00e9g\u00e9t gy\u00f3gyszerek vagy bonyolult di\u00e9t\u00e1k n\u00e9lk\u00fcl.<\/p>\n\n\n\n<p>Ha valaha is sz\u00e9d\u00fclt, f\u00e1radtnak vagy hirtelen \u00e9hesnek \u00e9rezte mag\u00e1t, akkor lehet, hogy... <a href=\"https:\/\/universofamilia.com\/hu\/app-controle-glicose\/\">a gl\u00fck\u00f3zszint kics\u00faszott az ir\u00e1ny\u00edt\u00e1s al\u00f3l<\/a>De ne agg\u00f3dj: vannak finom, term\u00e9szetes megold\u00e1sok.<\/p>\n\n\n\n<p>Ebben a cikkben megtudhatod, melyik 5 \u00e9tel seg\u00edt igaz\u00e1n stabiliz\u00e1lni a v\u00e9rcukorszintedet.<\/p>\n\n\n\n<p>Ezenk\u00edv\u00fcl bemutatunk h\u00e1rom alkalmaz\u00e1st, amelyekkel egyszer\u0171en \u00e9s ingyenesen k\u00f6vetheti v\u00e9rcukorszintj\u00e9t a telefonj\u00e1r\u00f3l.<\/p>\n\n\n\n<p>Nem kell tech szak\u00e9rt\u0151nek lenned: ha tudod, hogyan kell haszn\u00e1lni a WhatsAppot, akkor ezeket az alkalmaz\u00e1sokat is haszn\u00e1lhatod.<\/p>\n\n\n\n<p>K\u00e9sz\u00fclj fel hasznos titkok, egyszer\u0171 tippek \u00e9s digit\u00e1lis eszk\u00f6z\u00f6k felfedez\u00e9s\u00e9re, amelyek jav\u00edthatj\u00e1k az \u00e9letmin\u0151s\u00e9gedet.<\/p>\n\n\n\n<p>\u00c9s a legjobb az eg\u00e9szben: mindent l\u00e9p\u00e9sr\u0151l l\u00e9p\u00e9sre, vil\u00e1gosan \u00e9s bonyolult nyelvezet n\u00e9lk\u00fcl magyar\u00e1znak el.<\/p>\n\n\n\n<p>Kezdj\u00fck is? Ismerkedj\u00fcnk meg ezekkel a szuper\u00e9lelmiszerekkel.<\/p>\n\n\n\n<p><\/p>\n\n\n\n<hr class=\"wp-block-separator has-alpha-channel-opacity is-style-wide\" \/>\n\n\n\n<h4 class=\"wp-block-heading has-text-align-center\"><strong><mark class=\"has-inline-color has-luminous-vivid-orange-color\">Olvasd el ezt is<\/mark><\/strong><\/h4>\n\n\n    <section class=\"mx-1 my-10\">\n                                                <a href=\"https:\/\/universofamilia.com\/hu\/lp-filmes-asiaticos\/\" class=\"text-white\" data-analytics-label=\"optionsButton\"\n                    data-action=\"analytics#trackCTA\">\n                    <div data-options-target=\"option\"\n                        class=\"custom-section rounded-xl border p-3 shadow-md w-full bg-green-700 my-3\">\n                        <div class=\"flex w-full items-center justify-between\">\n                            <div class=\"flex items-center space-x-3\">\n                                <div class=\"text-lg font-bold\">\n                                    App koreai dr\u00e1m\u00e1k n\u00e9z\u00e9s\u00e9hez \u279d\n                                <\/div>\n                            <\/div>\n                        <\/div>\n                    <\/div>\n                <\/a>\n                                                            <a href=\"https:\/\/universofamilia.com\/hu\/lp-recuperar-fotos\/\" class=\"text-white\" data-analytics-label=\"optionsButton\"\n                    data-action=\"analytics#trackCTA\">\n                    <div data-options-target=\"option\"\n                        class=\"custom-section rounded-xl border p-3 shadow-md w-full bg-green-700 my-3\">\n                        <div class=\"flex w-full items-center justify-between\">\n                            <div class=\"flex items-center space-x-3\">\n                                <div class=\"text-lg font-bold\">\n                                    T\u00f6r\u00f6lt fot\u00f3k helyre\u00e1ll\u00edt\u00e1sa ezzel az alkalmaz\u00e1ssal!  \u279d\n                                <\/div>\n                            <\/div>\n                        <\/div>\n                    <\/div>\n                <\/a>\n                                                            <a href=\"https:\/\/universofamilia.com\/hu\/el-amor-a-un-clic\/\" class=\"text-white\" data-analytics-label=\"optionsButton\"\n                    data-action=\"analytics#trackCTA\">\n                    <div data-options-target=\"option\"\n                        class=\"custom-section rounded-xl border p-3 shadow-md w-full bg-green-700 my-3\">\n                        <div class=\"flex w-full items-center justify-between\">\n                            <div class=\"flex items-center space-x-3\">\n                                <div class=\"text-lg font-bold\">\n                                    Fedezd fel az ide\u00e1lis t\u00e1rskeres\u0151 alkalmaz\u00e1st \u279d\n                                <\/div>\n                            <\/div>\n                        <\/div>\n                    <\/div>\n                <\/a>\n                            <p class=\"text-xs text-gray-500 text-right hidden\"\n            style=\"margin-left: 50%; margin-bottom: 50px; margin-top: 5px;\">\n            <!-- You will be redirected to another website -->\n        <\/p>\n    <\/section>\n\n\n\n\n<p class=\"has-text-align-right\"><em><strong><em><strong><em><strong><em><strong><em><strong>Ugyanott fog maradni!<\/strong><\/em><\/strong><\/em><\/strong><\/em><\/strong><\/em><\/strong><\/em><\/p>\n\n\n\n<hr class=\"wp-block-separator has-alpha-channel-opacity is-style-wide\" \/>\n\n\n\n<p><\/p>\n\n\n\n<h2 class=\"wp-block-heading\">Mi\u00e9rt fontos a v\u00e9rcukorszint szab\u00e1lyoz\u00e1sa?<\/h2>\n\n\n\n<h3 class=\"wp-block-heading\">K\u00f6nnyebb meg\u00e9rteni, mint gondoln\u00e1d<\/h3>\n\n\n\n<p>A glik\u00e9mi\u00e1t egyszer\u0171en a v\u00e9r\u00fcnkben kering\u0151 cukor (gl\u00fck\u00f3z) szintj\u00e9nek meghat\u00e1roz\u00e1s\u00e1ra haszn\u00e1lj\u00e1k.<\/p>\n\n\n\n<p>A szervezet\u00fcnknek sz\u00fcks\u00e9ge van gl\u00fck\u00f3zra a m\u0171k\u00f6d\u00e9shez, de ha t\u00fal sok van bel\u0151le, eg\u00e9szs\u00e9g\u00fcgyi probl\u00e9m\u00e1k mer\u00fclhetnek fel.<\/p>\n\n\n\n<p>A magas gl\u00fck\u00f3zszint olyan betegs\u00e9gekhez kapcsol\u00f3dik, mint:<\/p>\n\n\n\n<ul>\n<li>2-es t\u00edpus\u00fa cukorbetegs\u00e9g<\/li>\n\n\n\n<li>Magas v\u00e9rnyom\u00e1s<\/li>\n\n\n\n<li>L\u00e1t\u00e1si probl\u00e9m\u00e1k<\/li>\n\n\n\n<li>Vesek\u00e1rosod\u00e1s<\/li>\n\n\n\n<li>Elh\u00edzotts\u00e1g<\/li>\n<\/ul>\n\n\n\n<p>Ez\u00e9rt <strong>v\u00e9rcukorszint szab\u00e1lyoz\u00e1sa<\/strong> Nem csak a cukorbetegeknek sz\u00f3l. Mindannyiunknak, akik hosszabb ideig, t\u00f6bb energi\u00e1val \u00e9s kevesebb kock\u00e1zattal szeretn\u00e9nek \u00e9lni.<\/p>\n\n\n\n<h2 class=\"wp-block-heading\">Mi okozza a kontroll\u00e1latlan v\u00e9rcukorszintet?<\/h2>\n\n\n\n<p>Sz\u00e1mos t\u00e9nyez\u0151 j\u00e1tszik szerepet, \u00e9s n\u00e9melyik meglep\u0151 lehet. \u00cdme a leggyakoribbak:<\/p>\n\n\n\n<ul>\n<li>Sok ultra-feldolgozott vagy cukros \u00e9tel fogyaszt\u00e1sa<\/li>\n\n\n\n<li>Nem v\u00e9gez testmozg\u00e1st<\/li>\n\n\n\n<li>\u00d3r\u00e1kig tart\u00f3 \u00e9tkez\u00e9s n\u00e9lk\u00fcl, majd fal\u00e1si rohamok<\/li>\n\n\n\n<li>Keveset vagy rosszul alszik<\/li>\n\n\n\n<li>\u00c1lland\u00f3 stresszben lenni<\/li>\n\n\n\n<li>Igy\u00e1l kev\u00e9s folyad\u00e9kot a nap folyam\u00e1n<\/li>\n<\/ul>\n\n\n\n<p>\u00c9s b\u00e1r soknak hangzik, a j\u00f3 h\u00edr az, hogy a napi apr\u00f3 v\u00e1ltoztat\u00e1sok visszaford\u00edthatj\u00e1k ezt a helyzetet. A kulcs az, hogy mit esz\u00fcnk.<\/p>\n\n\n\n<h2 class=\"wp-block-heading\">1. Zabpehely: az eg\u00e9szs\u00e9ges reggelik bajnoka<\/h2>\n\n\n\n<h3 class=\"wp-block-heading\">Tudtad, hogy a zabpehely reggelire t\u00f6rt\u00e9n\u0151 fogyaszt\u00e1sa jav\u00edthatja a v\u00e9rcukorszintedet a nap folyam\u00e1n?<\/h3>\n\n\n\n<p>A zab gazdag egy speci\u00e1lis rostt\u00edpusban, az \u00fagynevezett b\u00e9ta-gl\u00fck\u00e1nban.<\/p>\n\n\n\n<p>Ez a vegy\u00fclet lass\u00edtja az \u00e9lelmiszerekben tal\u00e1lhat\u00f3 cukrok felsz\u00edv\u00f3d\u00e1s\u00e1t, elker\u00fclve a szervezetet k\u00e1ros\u00edt\u00f3 gl\u00fck\u00f3zcs\u00facsokat.<\/p>\n\n\n\n<p>Ezenk\u00edv\u00fcl a zab seg\u00edt:<\/p>\n\n\n\n<ul>\n<li>Hosszabb ideig el\u00e9gedettnek \u00e9rezheted magad<\/li>\n\n\n\n<li>Cs\u00f6kkenti a rossz koleszterinszintet (LDL)<\/li>\n\n\n\n<li>Jav\u00edtsa az em\u00e9szt\u00e9s\u00e9t<\/li>\n\n\n\n<li>Stabil energi\u00e1t biztos\u00edt<\/li>\n<\/ul>\n\n\n\n<p>Egyszer\u0171 fogyaszt\u00e1si m\u00f3dok:<\/p>\n\n\n\n<ul>\n<li>N\u00f6v\u00e9nyi tejjel \u00e9s egy csipet fah\u00e9jjal f\u0151zve<\/li>\n\n\n\n<li>Ban\u00e1nnal \u00e9s chi\u00e1val k\u00e9sz\u00fclt turmixokban<\/li>\n\n\n\n<li>H\u00e1zi k\u00e9sz\u00edt\u00e9s\u0171 s\u00fctem\u00e9nyek form\u00e1j\u00e1ban di\u00f3val<\/li>\n\n\n\n<li>Az eg\u00e9szs\u00e9ges palacsint\u00e1k f\u0151 \u00f6sszetev\u0151jek\u00e9nt<\/li>\n<\/ul>\n\n\n\n<p>Ker\u00fcld a hozz\u00e1adott cukrot tartalmaz\u00f3 instant zabpelyhet. A legjobb, ha nat\u00far vagy durv\u00e1ra hengerelt zabpelyhet haszn\u00e1lsz.<\/p>\n\n\n\n<p>\ud83d\udccc Tipp: Adj hozz\u00e1 egy ev\u0151kan\u00e1l \u0151r\u00f6lt lenmagot a j\u00f3t\u00e9kony hat\u00e1sok fokoz\u00e1sa \u00e9rdek\u00e9ben.<\/p>\n\n\n\n<h2 class=\"wp-block-heading\">2. Fah\u00e9j: a barna arany, amely szab\u00e1lyozza a cukorszintet<\/h2>\n\n\n\n<p>A fah\u00e9j nemcsak finom, de a v\u00e9rcukorszint hat\u00e9kony term\u00e9szetes szab\u00e1lyoz\u00f3ja is.<\/p>\n\n\n\n<p>Egyes tanulm\u00e1nyok azt mutatj\u00e1k, hogy seg\u00edti az inzulin jobb m\u0171k\u00f6d\u00e9s\u00e9t, \u00e9s a sejtek hat\u00e9konyabban sz\u00edvj\u00e1k fel a gl\u00fck\u00f3zt.<\/p>\n\n\n\n<p>Tov\u00e1bbi el\u0151ny\u00f6k:<\/p>\n\n\n\n<ul>\n<li>Antioxid\u00e1ns tulajdons\u00e1gokkal rendelkezik<\/li>\n\n\n\n<li>Seg\u00edt cs\u00f6kkenteni a gyullad\u00e1st<\/li>\n\n\n\n<li>Jav\u00edthatja az inzulin\u00e9rz\u00e9kenys\u00e9get<\/li>\n<\/ul>\n\n\n\n<p>Hogyan \u00e9p\u00edtsd be a rutinodba?<\/p>\n\n\n\n<ul>\n<li>Gy\u00fcm\u00f6lcs\u00f6kre, p\u00e9ld\u00e1ul alm\u00e1ra vagy k\u00f6rt\u00e9re sz\u00f3rva<\/li>\n\n\n\n<li>A reggeli k\u00e1v\u00e9dban vagy te\u00e1dban<\/li>\n\n\n\n<li>Nat\u00far joghurtokba keverve<\/li>\n\n\n\n<li>Zabpehely- vagy n\u00f6v\u00e9nyi tejjel k\u00e9sz\u00fclt turmixokban<\/li>\n<\/ul>\n\n\n\n<p>Ne feledd, hogy a t\u00fal sok mindenb\u0151l rossz. Naponta f\u00e9l te\u00e1skan\u00e1lnyi vagy egy te\u00e1skan\u00e1lnyi is el\u00e9g.<\/p>\n\n\n\n<p>\ud83e\udde0 \u00c9rdekess\u00e9g: A ceyloni fah\u00e9j a legink\u00e1bb aj\u00e1nlott, mert tiszt\u00e1bb \u00e9s nagy mennyis\u00e9gben kevesebb m\u00e9rgez\u0151 vegy\u00fcletet tartalmaz.<\/p>\n\n\n\n<h2 class=\"wp-block-heading\">3. H\u00fcvelyesek: n\u00f6v\u00e9nyi feh\u00e9rje, amely stabiliz\u00e1lja az energi\u00e1t<\/h2>\n\n\n\n<p>Lencse, csicseribors\u00f3, fekete bab, l\u00f3bab\u2026 ezek a csod\u00e1k mind a h\u00fcvelyesek csoportj\u00e1ba tartoznak.<\/p>\n\n\n\n<p>Gazdas\u00e1gosak, k\u00f6nnyen elk\u00e9sz\u00edthet\u0151k \u00e9s rendk\u00edv\u00fcl t\u00e1pl\u00e1l\u00f3ak.<\/p>\n\n\n\n<p>Mi\u00e9rt ide\u00e1lisak a v\u00e9rcukorszint szab\u00e1lyoz\u00e1s\u00e1ra?<\/p>\n\n\n\n<ul>\n<li>Lassan \u00e9s egyenletesen szabad\u00edtja fel a gl\u00fck\u00f3zt<\/li>\n\n\n\n<li>Oldhat\u00f3 rostokban gazdagok<\/li>\n\n\n\n<li>Alacsony glik\u00e9mi\u00e1s index\u00fck van<\/li>\n\n\n\n<li>J\u00f3llakotts\u00e1got okoz\u00f3 feh\u00e9rj\u00e9ket tartalmaznak<\/li>\n<\/ul>\n\n\n\n<p>Hogyan haszn\u00e1lhatod \u0151ket?<\/p>\n\n\n\n<ul>\n<li>P\u00f6rk\u00f6ltekben \u00e9s levesekben<\/li>\n\n\n\n<li>Hideg sal\u00e1t\u00e1kban z\u00f6lds\u00e9gekkel<\/li>\n\n\n\n<li>Mint a z\u00f6lds\u00e9ges hamburgerek<\/li>\n\n\n\n<li>P\u00fcr\u00e9k vagy m\u00e1rtogat\u00f3sok form\u00e1j\u00e1ban (mint a hummusz)<\/li>\n<\/ul>\n\n\n\n<p>\u2705 Aranytipp: Ha konzerv h\u00fcvelyeseket haszn\u00e1lsz, alaposan \u00f6bl\u00edtsd le \u0151ket, hogy elt\u00e1vol\u00edtsd a felesleges n\u00e1triumot.<\/p>\n\n\n\n<p>\ud83d\udcca Hasznos t\u00e9ny: Tanulm\u00e1nyok kimutatt\u00e1k, hogy napi 100 g h\u00fcvelyes fogyaszt\u00e1sa ak\u00e1r 39%-vel is cs\u00f6kkentheti a 2-es t\u00edpus\u00fa cukorbetegs\u00e9g kock\u00e1zat\u00e1t.<\/p>\n\n\n\n<h2 class=\"wp-block-heading\">4. Leveles z\u00f6lds\u00e9gek: er\u0151sebbek, mint gondoln\u00e1d<\/h2>\n\n\n\n<p>Spen\u00f3t, kelk\u00e1poszta, m\u00e1ngold, r\u00f3mai sal\u00e1ta\u2026 ezek a z\u00f6lds\u00e9gek gazdagok kulcsfontoss\u00e1g\u00fa t\u00e1panyagokban, mint p\u00e9ld\u00e1ul magn\u00e9zium, k\u00e1lium \u00e9s folsav, amelyek t\u00e1mogatj\u00e1k a v\u00e9rcukorszint egyens\u00faly\u00e1t.<\/p>\n\n\n\n<p>El\u0151ny\u00f6k:<\/p>\n\n\n\n<ul>\n<li>Alacsony sz\u00e9nhidr\u00e1t- \u00e9s kal\u00f3riatartalm\u00faak<\/li>\n\n\n\n<li>Antioxid\u00e1nsokat tartalmaznak, amelyek v\u00e9dik a sejteket<\/li>\n\n\n\n<li>Jav\u00edtja az inzulin\u00e9rz\u00e9kenys\u00e9get<\/li>\n<\/ul>\n\n\n\n<p>Bevon\u00e1suk m\u00f3djai:<\/p>\n\n\n\n<ul>\n<li>Z\u00f6ld turmixokban z\u00f6ldalm\u00e1val \u00e9s ubork\u00e1val<\/li>\n\n\n\n<li>Tortill\u00e1ban vagy r\u00e1ntott\u00e1ban<\/li>\n\n\n\n<li>Nyers sal\u00e1t\u00e1kban avok\u00e1d\u00f3val<\/li>\n\n\n\n<li>Egy kev\u00e9s ol\u00edvaolajjal p\u00e1rolva<\/li>\n<\/ul>\n\n\n\n<p>Extra tipp: adj hozz\u00e1 napraforg\u00f3magot vagy t\u00f6kmagot a ropog\u00f3s \u00e9s t\u00e1pl\u00e1l\u00f3 \u00edz\u00e9rt.<\/p>\n\n\n\n<p>\ud83c\udf43 Tipp: Min\u00e9l s\u00f6t\u00e9tebb a z\u00f6ld, ann\u00e1l t\u00f6bb t\u00e1panyagot tartalmaz.<\/p>\n\n\n\n<h2 class=\"wp-block-heading\">5. Di\u00f3f\u00e9l\u00e9k: kis adagokban j\u00f3 energia<\/h2>\n\n\n\n<p>A di\u00f3f\u00e9l\u00e9k, mint p\u00e9ld\u00e1ul a di\u00f3, a mandula \u00e9s a piszt\u00e1cia, eg\u00e9szs\u00e9ges zs\u00edrokat biztos\u00edtanak, amelyek seg\u00edtenek fenntartani a stabil gl\u00fck\u00f3zszintet.<\/p>\n\n\n\n<p>Mi\u00e9rt olyan j\u00f3k?<\/p>\n\n\n\n<ul>\n<li>Omega-3 zs\u00edrsavakban gazdag<\/li>\n\n\n\n<li>Magn\u00e9ziumforr\u00e1s, amely jav\u00edtja az inzulin hat\u00e1s\u00e1t<\/li>\n\n\n\n<li>Rostot biztos\u00edtanak, ami lass\u00edtja a gl\u00fck\u00f3z felsz\u00edv\u00f3d\u00e1s\u00e1t.<\/li>\n<\/ul>\n\n\n\n<p>Hogyan kell fogyasztani \u0151ket:<\/p>\n\n\n\n<ul>\n<li>Naponta 1 mar\u00e9k eg\u00e9szs\u00e9ges nassolnival\u00f3k\u00e9nt<\/li>\n\n\n\n<li>Cukrozatlan nat\u00far joghurthoz adva<\/li>\n\n\n\n<li>H\u00e1zi granol\u00e1ban zabbal \u00e9s m\u00e9zzel<\/li>\n\n\n\n<li>\u00d6sszet\u00f6rve eg\u00e9szs\u00e9ges desszertek alapjak\u00e9nt<\/li>\n<\/ul>\n\n\n\n<p>Ker\u00fcld azokat, amelyek cukrot, s\u00f3t vagy s\u00fclt \u00e9teleket tartalmaznak.<\/p>\n\n\n\n<p>\ud83d\udccc Profi tipp: Tarts egy zacsk\u00f3 di\u00f3t a h\u00e1tizs\u00e1kodban vagy az asztalodban, hogy elker\u00fcld az eg\u00e9szs\u00e9gtelen s\u00f3v\u00e1rg\u00e1st.<\/p>\n\n\n<div class=\"wp-block-image\">\n<figure class=\"aligncenter size-full\"><img loading=\"lazy\" decoding=\"async\" width=\"550\" height=\"350\" src=\"https:\/\/universofamilia.com\/wp-content\/uploads\/sites\/148\/2025\/04\/DESTAQUE-UNIVERSO-550-x-350-32.jpg\" alt=\"\" class=\"wp-image-9245\" srcset=\"https:\/\/universofamilia.com\/wp-content\/uploads\/sites\/148\/2025\/04\/DESTAQUE-UNIVERSO-550-x-350-32.jpg 550w, https:\/\/universofamilia.com\/wp-content\/uploads\/sites\/148\/2025\/04\/DESTAQUE-UNIVERSO-550-x-350-32-300x191.jpg 300w, https:\/\/universofamilia.com\/wp-content\/uploads\/sites\/148\/2025\/04\/DESTAQUE-UNIVERSO-550-x-350-32-18x12.jpg 18w\" sizes=\"(max-width: 550px) 100vw, 550px\" \/><figcaption class=\"wp-element-caption\">Ismerd meg az 5 \u00e9telt, ami seg\u00edthet a v\u00e9rcukorszint szab\u00e1lyoz\u00e1s\u00e1ban.<\/figcaption><\/figure><\/div>\n\n\n<h2 class=\"wp-block-heading\">\u00c9s mit tehet m\u00e9g a v\u00e9rcukorszintj\u00e9nek stabiliz\u00e1l\u00e1sa \u00e9rdek\u00e9ben?<\/h2>\n\n\n\n<p>A t\u00e1pl\u00e1lkoz\u00e1s az alap, de vannak m\u00e1s egyszer\u0171 dolgok is, amelyek v\u00e1ltoz\u00e1st hozhatnak:<\/p>\n\n\n\n<ul>\n<li>Aludj legal\u00e1bb 7 \u00f3r\u00e1t \u00e9jszak\u00e1nk\u00e9nt<\/li>\n\n\n\n<li>Igyon napi 1,5 \u00e9s 2 liter k\u00f6z\u00f6tti vizet<\/li>\n\n\n\n<li>S\u00e9t\u00e1ljon legal\u00e1bb 30 percet naponta<\/li>\n\n\n\n<li>Ker\u00fcld a stresszt relax\u00e1ci\u00f3s technik\u00e1kkal, p\u00e9ld\u00e1ul tudatos l\u00e9gz\u00e9ssel vagy hangszeres zen\u00e9vel.<\/li>\n\n\n\n<li>Cs\u00f6kkentse a cukros \u00fcd\u00edt\u0151italok \u00e9s \u00fcd\u00edt\u0151italok fogyaszt\u00e1s\u00e1t<\/li>\n<\/ul>\n\n\n\n<p>Ha a j\u00f3 \u00e9teleket j\u00f3 szok\u00e1sokkal p\u00e1ros\u00edtod, a tested h\u00e1l\u00e1s lesz \u00e9rte!<\/p>\n\n\n\n<h2 class=\"wp-block-heading\">K\u00f6vesse nyomon v\u00e9rcukorszintj\u00e9t ezekkel az egyszer\u0171 \u00e9s hasznos alkalmaz\u00e1sokkal<\/h2>\n\n\n\n<p>Az eg\u00e9szs\u00e9gi \u00e1llapotod nyomon k\u00f6vet\u00e9se telefonodr\u00f3l is lehets\u00e9ges, m\u00e9g akkor is, ha nem vagy t\u00fal j\u00e1rtas a technik\u00e1ban. Ezek az alkalmaz\u00e1sok mindenf\u00e9le felhaszn\u00e1l\u00f3 sz\u00e1m\u00e1ra k\u00e9sz\u00fcltek, \u00e9s lehet\u0151v\u00e9 teszik a k\u00f6vetkez\u0151ket:<\/p>\n\n\n\n<ul>\n<li>Jegyezd fel a cukorszintedet<\/li>\n\n\n\n<li>Elemezze a halad\u00e1s\u00e1t egyszer\u0171 grafikonokkal<\/li>\n\n\n\n<li>Gyakorlati tippeket \u00e9s hasznos \u00e9rtes\u00edt\u00e9seket kaphat<\/li>\n<\/ul>\n\n\n\n<p>\u00cdme h\u00e1rom a legjobbak k\u00f6z\u00fcl, amelyeket a Play \u00c1ruh\u00e1zban tal\u00e1lhatsz:<\/p>\n\n\n\n<h3 class=\"wp-block-heading\">1. <strong>mySugr: Cukorbetegs\u00e9g napl\u00f3<\/strong><\/h3>\n\n\n\n<p><a href=\"https:\/\/www.mysugr.com\/en\">Let\u00f6lt\u00e9s itt<\/a><\/p>\n\n\n\n<p>D\u00edjnyertes alkalmaz\u00e1s a k\u00f6nny\u0171 haszn\u00e1lat\u00e9rt. Felhaszn\u00e1l\u00f3bar\u00e1t fel\u00fclettel \u00e9s \u00e1ttekinthet\u0151 funkci\u00f3kkal r\u00f6gz\u00edtheted a v\u00e9rcukorszintedet, az \u00e9tkez\u00e9seidet, az inzulinszintedet \u00e9s az \u00e9rzelmeidet.<\/p>\n\n\n\n<p>Ami a legjobban tetszik:<\/p>\n\n\n\n<ul>\n<li>Napi kih\u00edv\u00e1sok, amelyek motiv\u00e1lnak<\/li>\n\n\n\n<li>Automatikus jelent\u00e9sek az orvos sz\u00e1m\u00e1ra<\/li>\n\n\n\n<li>Kompatibilis a gl\u00fck\u00f3zmonitorokkal<\/li>\n<\/ul>\n\n\n\n<p>Ide\u00e1lis azoknak, akik most kezdenek odafigyelni az eg\u00e9szs\u00e9g\u00fckre, \u00e9s mindent egy helyen szeretn\u00e9nek tartani.<\/p>\n\n\n\n<p><\/p>\n\n\n\n<hr class=\"wp-block-separator has-alpha-channel-opacity is-style-wide\" \/>\n\n\n\n<h3 class=\"wp-block-heading\"><mark class=\"has-inline-color has-luminous-vivid-amber-color\"><strong>T\u00f6ltse le az alkalmaz\u00e1sokat<\/strong>.<\/mark><\/h3>\n\n\n    <section class=\"mx-1 my-10\">\n                                                <a href=\"https:\/\/www.mysugr.com\/en\" class=\"text-white\" data-analytics-label=\"optionsButton\"\n                    data-action=\"analytics#trackCTA\">\n                    <div data-options-target=\"option\"\n                        class=\"custom-section rounded-xl border p-3 shadow-md w-full bg-green-700 my-3\">\n                        <div class=\"flex w-full items-center justify-between\">\n                            <div class=\"flex items-center space-x-3\">\n                                <div class=\"text-lg font-bold\">\n                                    mySugr: Cukorbetegs\u00e9g napl\u00f3 \u279d\n                                <\/div>\n                            <\/div>\n                        <\/div>\n                    <\/div>\n                <\/a>\n                            <p class=\"text-xs text-gray-500 text-right\"\n            style=\"margin-left: 50%; margin-bottom: 50px; margin-top: 5px;\">\n            <!-- You will be redirected to another website -->\n        <\/p>\n    <\/section>\n\n\n\n\n<p class=\"has-text-align-right\"><strong><em>\u00c1tir\u00e1ny\u00edtunk egy m\u00e1sik webhelyre<\/em><\/strong><\/p>\n\n\n\n<hr class=\"wp-block-separator has-alpha-channel-opacity is-style-wide\" \/>\n\n\n\n<p><\/p>\n\n\n\n<h3 class=\"wp-block-heading\">2. <strong>GlucoTrack: Sz\u00far\u00e1s n\u00e9lk\u00fcli gl\u00fck\u00f3zm\u00e9r\u0151<\/strong><\/h3>\n\n\n\n<p><\/p>\n\n\n\n<p>Fejlett alkalmaz\u00e1s, amely lehet\u0151v\u00e9 teszi a gl\u00fck\u00f3z m\u00e9r\u00e9s\u00e9t Bluetooth-eszk\u00f6z\u00f6kkel vagy kamer\u00e1kkal. Grafik\u00e1ja vizu\u00e1lis, egyszer\u0171 \u00e9s id\u0151sek sz\u00e1m\u00e1ra is alkalmas.<\/p>\n\n\n\n<p>Kiemelt el\u0151ny\u00f6k:<\/p>\n\n\n\n<ul>\n<li>\u00c9rtes\u00edt\u00e9sek a tartom\u00e1nyon k\u00edv\u00fcli \u00e9rt\u00e9kekr\u0151l<\/li>\n\n\n\n<li>\u00c9lelmiszer- \u00e9s gy\u00f3gyszerregisztr\u00e1ci\u00f3<\/li>\n\n\n\n<li>Szem\u00e9lyre szabott tan\u00e1csok a szok\u00e1said alapj\u00e1n<\/li>\n<\/ul>\n\n\n\n<p>T\u00f6k\u00e9letes azoknak, akik az egyszer\u0171s\u00e9gre \u00e9s a biztons\u00e1gra v\u00e1gynak.<\/p>\n\n\n\n<p><\/p>\n\n\n\n<hr class=\"wp-block-separator has-alpha-channel-opacity is-style-wide\" \/>\n\n\n\n<h3 class=\"wp-block-heading\"><mark class=\"has-inline-color has-luminous-vivid-amber-color\"><strong>T\u00f6ltse le az alkalmaz\u00e1sokat<\/strong>.<\/mark><\/h3>\n\n\n    <section class=\"mx-1 my-10\">\n                                                <a href=\"https:\/\/apkpure.com\/br\/gluco-track\/com.tacvi.onetdfom.glucotrack\" class=\"text-white\" data-analytics-label=\"optionsButton\"\n                    data-action=\"analytics#trackCTA\">\n                    <div data-options-target=\"option\"\n                        class=\"custom-section rounded-xl border p-3 shadow-md w-full bg-green-700 my-3\">\n                        <div class=\"flex w-full items-center justify-between\">\n                            <div class=\"flex items-center space-x-3\">\n                                <div class=\"text-lg font-bold\">\n                                    GlucoTrack \u279d\n                                <\/div>\n                            <\/div>\n                        <\/div>\n                    <\/div>\n                <\/a>\n                            <p class=\"text-xs text-gray-500 text-right\"\n            style=\"margin-left: 50%; margin-bottom: 50px; margin-top: 5px;\">\n            <!-- You will be redirected to another website -->\n        <\/p>\n    <\/section>\n\n\n\n\n<p class=\"has-text-align-right\"><strong><em>\u00c1tir\u00e1ny\u00edtunk egy m\u00e1sik webhelyre<\/em><\/strong><\/p>\n\n\n\n<hr class=\"wp-block-separator has-alpha-channel-opacity is-style-wide\" \/>\n\n\n\n<p><\/p>\n\n\n\n<h3 class=\"wp-block-heading\">3. <strong>Sz\u00e9nhidr\u00e1tsz\u00e1ml\u00e1l\u00f3 \u2013 DiabetoLog<\/strong><\/h3>\n\n\n\n<p>Praktikus alkalmaz\u00e1s azoknak, akik f\u0151znek vagy \u00e9tteremben esznek, \u00e9s szeretn\u00e9k kord\u00e1ban tartani a bevitel\u00fcket. Megmutatja az \u00e9telek sz\u00e9nhidr\u00e1ttartalm\u00e1t \u00e9s glik\u00e9mi\u00e1s hat\u00e1s\u00e1t.<\/p>\n\n\n\n<p>Jellemz\u0151k:<\/p>\n\n\n\n<ul>\n<li>Latin-amerikai \u00e9telek sz\u00e9lesk\u00f6r\u0171 adatb\u00e1zisa<\/li>\n\n\n\n<li>Vonalk\u00f3d beolvas\u00e1s<\/li>\n\n\n\n<li>\u00c9tkez\u00e9stervez\u0151<\/li>\n<\/ul>\n\n\n\n<p>Nagyon hasznos cukorbetegek vagy prediab\u00e9teszesek sz\u00e1m\u00e1ra, akik j\u00f3l szeretn\u00e9nek \u00e9tkezni an\u00e9lk\u00fcl, hogy manu\u00e1lisan sz\u00e1molgatn\u00e1k a kal\u00f3ri\u00e1kat.<\/p>\n\n\n\n<p><\/p>\n\n\n\n<hr class=\"wp-block-separator has-alpha-channel-opacity is-style-wide\" \/>\n\n\n\n<h3 class=\"wp-block-heading\"><mark class=\"has-inline-color has-luminous-vivid-amber-color\"><strong>T\u00f6ltse le az alkalmaz\u00e1sokat<\/strong>.<\/mark><\/h3>\n\n\n    <section class=\"mx-1 my-10\">\n                                                <a href=\"https:\/\/diabetes.org.br\/app-contagem-carboidratos\/\" class=\"text-white\" data-analytics-label=\"optionsButton\"\n                    data-action=\"analytics#trackCTA\">\n                    <div data-options-target=\"option\"\n                        class=\"custom-section rounded-xl border p-3 shadow-md w-full bg-green-700 my-3\">\n                        <div class=\"flex w-full items-center justify-between\">\n                            <div class=\"flex items-center space-x-3\">\n                                <div class=\"text-lg font-bold\">\n                                    Sz\u00e9nhidr\u00e1tsz\u00e1ml\u00e1l\u00f3 \u279d\n                                <\/div>\n                            <\/div>\n                        <\/div>\n                    <\/div>\n                <\/a>\n                            <p class=\"text-xs text-gray-500 text-right\"\n            style=\"margin-left: 50%; margin-bottom: 50px; margin-top: 5px;\">\n            <!-- You will be redirected to another website -->\n        <\/p>\n    <\/section>\n\n\n\n\n<p class=\"has-text-align-right\"><strong><em>\u00c1tir\u00e1ny\u00edtunk egy m\u00e1sik webhelyre<\/em><\/strong><\/p>\n\n\n\n<hr class=\"wp-block-separator has-alpha-channel-opacity is-style-wide\" \/>\n\n\n\n<p><\/p>\n\n\n\n<h2 class=\"wp-block-heading\">Cukorbeteg vagy vesz\u00e9lyeztetett? A korai beavatkoz\u00e1s l\u00e9tfontoss\u00e1g\u00fa!<\/h2>\n\n\n\n<p>Sokan nem tudj\u00e1k, hogy prediab\u00e9teszben szenvednek. Ha \u00d6nn\u00e9l fenn\u00e1ll:<\/p>\n\n\n\n<ul>\n<li>T\u00fals\u00faly<\/li>\n\n\n\n<li>Cukorbeteg csal\u00e1dtagok<\/li>\n\n\n\n<li>Gyakori f\u00e1radts\u00e1g<\/li>\n\n\n\n<li>Hirtelen \u00e9hs\u00e9g\u00e9rzet \u00e9tkez\u00e9s ut\u00e1n<\/li>\n<\/ul>\n\n\n\n<p>Lehet, hogy magas a v\u00e9rcukorszinted. De ne agg\u00f3dj! A megfelel\u0151 \u00e9telekkel \u00e9s az \u00e1ltalunk bemutatott alkalmaz\u00e1sok t\u00e1mogat\u00e1s\u00e1val nagym\u00e9rt\u00e9kben jav\u00edthatod az \u00e9letmin\u0151s\u00e9gedet.<\/p>\n\n\n\n<h2 class=\"wp-block-heading\">Cselekedj m\u00e9g ma!<\/h2>\n\n\n\n<p><strong>\u00c9telek, amelyek seg\u00edtenek a v\u00e9rcukorszint szab\u00e1lyoz\u00e1s\u00e1ban<\/strong> A zabhoz hasonl\u00f3an a fah\u00e9j vagy a di\u00f3f\u00e9l\u00e9k nemcsak finomak, hanem sz\u00f6vets\u00e9geseid is az eg\u00e9szs\u00e9g meg\u0151rz\u00e9s\u00e9ben.<\/p>\n\n\n\n<p>Ha ezeket eg\u00e9szs\u00e9ges szok\u00e1sokkal \u00e9s olyan alkalmaz\u00e1sok haszn\u00e1lat\u00e1val kombin\u00e1lod, mint a mySugr, a GlucoTrack vagy a DiabetoLog, egy teljes strat\u00e9gi\u00e1t kapsz a tested gondoz\u00e1s\u00e1ra.<\/p>\n\n\n\n<p>Nem kell sokat k\u00f6ltened, vagy szak\u00e9rt\u0151nek lenned. Csak tegy\u00e9l apr\u00f3 l\u00e9p\u00e9seket minden nap.<\/p>\n\n\n\n<p>Mersz belekezdeni?<\/p>\n\n\n\n<p>T\u00f6ltsd le az aj\u00e1nlott alkalmaz\u00e1sok egyik\u00e9t, egy\u00e9l egyet ezekb\u0151l az \u00e9telekb\u0151l a k\u00f6vetkez\u0151 \u00e9tkez\u00e9sedbe, \u00e9s adj \u00faj \u00e9letet az eg\u00e9szs\u00e9gednek.<\/p>","protected":false},"excerpt":{"rendered":"<p>Agg\u00f3dik a v\u00e9rcukorszintje miatt? Mit szeretne tenni? Olvasson tov\u00e1bb! A v\u00e9rcukorszintet kontroll\u00e1l\u00f3 \u00e9telek gy\u00f3gyszerek vagy bonyolult di\u00e9t\u00e1k n\u00e9lk\u00fcl is \u00e1talak\u00edthatj\u00e1k az eg\u00e9szs\u00e9g\u00e9t. Ha valaha is sz\u00e9d\u00fclt, f\u00e1radt vagy hirtelen \u00e9hes lett, lehet, hogy a v\u00e9rcukorszintje kics\u00faszott az ir\u00e1ny\u00edt\u00e1s al\u00f3l. De ne agg\u00f3djon: [\u2026]<\/p>","protected":false},"author":139,"featured_media":9245,"comment_status":"closed","ping_status":"open","sticky":false,"template":"","format":"standard","meta":{"footnotes":""},"categories":[5],"tags":[2198,2200,2199,887,2075],"yoast_head":"<!-- This site is optimized with the Yoast SEO plugin v23.3 - https:\/\/yoast.com\/wordpress\/plugins\/seo\/ -->\n<title>Descubre los 5 alimentos que ayudan a controlar la glucemia - Universo Fam\u00edlia<\/title>\n<meta name=\"description\" content=\"Descubre los 5 alimentos que ayudan a controlar la glucemia. Alimentos que ayudan a controlar la glucemia pueden...\" \/>\n<meta name=\"robots\" content=\"index, follow, max-snippet:-1, max-image-preview:large, max-video-preview:-1\" \/>\n<link rel=\"canonical\" href=\"https:\/\/universofamilia.com\/hu\/descopera-cele-5-alimente-care-ajuta-la-controlul-glicemiei-2\/\" \/>\n<meta property=\"og:locale\" content=\"hu_HU\" \/>\n<meta property=\"og:type\" content=\"article\" \/>\n<meta property=\"og:title\" content=\"Descubre los 5 alimentos que ayudan a controlar la glucemia - Universo Fam\u00edlia\" \/>\n<meta property=\"og:description\" content=\"Descubre los 5 alimentos que ayudan a controlar la glucemia. Alimentos que ayudan a controlar la glucemia pueden...\" \/>\n<meta property=\"og:url\" content=\"https:\/\/universofamilia.com\/hu\/descopera-cele-5-alimente-care-ajuta-la-controlul-glicemiei-2\/\" \/>\n<meta property=\"og:site_name\" content=\"Universo Fam\u00edlia\" \/>\n<meta property=\"article:published_time\" content=\"2025-04-08T20:52:42+00:00\" \/>\n<meta property=\"article:modified_time\" content=\"2025-04-08T20:52:44+00:00\" \/>\n<meta property=\"og:image\" content=\"https:\/\/universofamilia.com\/wp-content\/uploads\/sites\/148\/2025\/04\/DESTAQUE-UNIVERSO-550-x-350-32.jpg\" \/>\n\t<meta property=\"og:image:width\" content=\"550\" \/>\n\t<meta property=\"og:image:height\" content=\"350\" \/>\n\t<meta property=\"og:image:type\" content=\"image\/jpeg\" \/>\n<meta name=\"author\" content=\"Pedro Henrique\" \/>\n<meta name=\"twitter:card\" content=\"summary_large_image\" \/>\n<meta name=\"twitter:label1\" content=\"Written by\" \/>\n\t<meta name=\"twitter:data1\" content=\"Pedro Henrique\" \/>\n\t<meta name=\"twitter:label2\" content=\"Est. reading time\" \/>\n\t<meta name=\"twitter:data2\" content=\"9 perc\" \/>\n<script type=\"application\/ld+json\" class=\"yoast-schema-graph\">{\"@context\":\"https:\/\/schema.org\",\"@graph\":[{\"@type\":\"WebPage\",\"@id\":\"https:\/\/universofamilia.com\/ro\/descopera-cele-5-alimente-care-ajuta-la-controlul-glicemiei-2\/\",\"url\":\"https:\/\/universofamilia.com\/ro\/descopera-cele-5-alimente-care-ajuta-la-controlul-glicemiei-2\/\",\"name\":\"Descubre los 5 alimentos que ayudan a controlar la glucemia - Universo Fam\u00edlia\",\"isPartOf\":{\"@id\":\"https:\/\/universofamilia.com\/el\/#website\"},\"primaryImageOfPage\":{\"@id\":\"https:\/\/universofamilia.com\/ro\/descopera-cele-5-alimente-care-ajuta-la-controlul-glicemiei-2\/#primaryimage\"},\"image\":{\"@id\":\"https:\/\/universofamilia.com\/ro\/descopera-cele-5-alimente-care-ajuta-la-controlul-glicemiei-2\/#primaryimage\"},\"thumbnailUrl\":\"https:\/\/universofamilia.com\/wp-content\/uploads\/sites\/148\/2025\/04\/DESTAQUE-UNIVERSO-550-x-350-32.jpg\",\"datePublished\":\"2025-04-08T20:52:42+00:00\",\"dateModified\":\"2025-04-08T20:52:44+00:00\",\"author\":{\"@id\":\"https:\/\/universofamilia.com\/el\/#\/schema\/person\/f07ce98187dd84d31154262e79b3b7ca\"},\"description\":\"Descubre los 5 alimentos que ayudan a controlar la glucemia. Alimentos que ayudan a controlar la glucemia pueden...\",\"breadcrumb\":{\"@id\":\"https:\/\/universofamilia.com\/ro\/descopera-cele-5-alimente-care-ajuta-la-controlul-glicemiei-2\/#breadcrumb\"},\"inLanguage\":\"hu\",\"potentialAction\":[{\"@type\":\"ReadAction\",\"target\":[\"https:\/\/universofamilia.com\/ro\/descopera-cele-5-alimente-care-ajuta-la-controlul-glicemiei-2\/\"]}]},{\"@type\":\"ImageObject\",\"inLanguage\":\"hu\",\"@id\":\"https:\/\/universofamilia.com\/ro\/descopera-cele-5-alimente-care-ajuta-la-controlul-glicemiei-2\/#primaryimage\",\"url\":\"https:\/\/universofamilia.com\/wp-content\/uploads\/sites\/148\/2025\/04\/DESTAQUE-UNIVERSO-550-x-350-32.jpg\",\"contentUrl\":\"https:\/\/universofamilia.com\/wp-content\/uploads\/sites\/148\/2025\/04\/DESTAQUE-UNIVERSO-550-x-350-32.jpg\",\"width\":550,\"height\":350,\"caption\":\"Descubre los 5 alimentos que ayudan a controlar la glucemia\"},{\"@type\":\"BreadcrumbList\",\"@id\":\"https:\/\/universofamilia.com\/ro\/descopera-cele-5-alimente-care-ajuta-la-controlul-glicemiei-2\/#breadcrumb\",\"itemListElement\":[{\"@type\":\"ListItem\",\"position\":1,\"name\":\"Home\",\"item\":\"https:\/\/universofamilia.com\/el\/\"},{\"@type\":\"ListItem\",\"position\":2,\"name\":\"Descubre los 5 alimentos que ayudan a controlar la glucemia\"}]},{\"@type\":\"WebSite\",\"@id\":\"https:\/\/universofamilia.com\/el\/#website\",\"url\":\"https:\/\/universofamilia.com\/el\/\",\"name\":\"Universo Fam\u00edlia\",\"description\":\"\",\"potentialAction\":[{\"@type\":\"SearchAction\",\"target\":{\"@type\":\"EntryPoint\",\"urlTemplate\":\"https:\/\/universofamilia.com\/el\/?s={search_term_string}\"},\"query-input\":\"required name=search_term_string\"}],\"inLanguage\":\"hu\"},{\"@type\":\"Person\",\"@id\":\"https:\/\/universofamilia.com\/el\/#\/schema\/person\/f07ce98187dd84d31154262e79b3b7ca\",\"name\":\"Pedro Henrique\",\"image\":{\"@type\":\"ImageObject\",\"inLanguage\":\"hu\",\"@id\":\"https:\/\/universofamilia.com\/el\/#\/schema\/person\/image\/\",\"url\":\"https:\/\/secure.gravatar.com\/avatar\/9edfeb808cb4e1599f64d6e45b130154?s=96&d=mm&r=g\",\"contentUrl\":\"https:\/\/secure.gravatar.com\/avatar\/9edfeb808cb4e1599f64d6e45b130154?s=96&d=mm&r=g\",\"caption\":\"Pedro Henrique\"},\"url\":\"https:\/\/universofamilia.com\/hu\/author\/editor01\/\"}]}<\/script>\n<!-- \/ Yoast SEO plugin. -->","yoast_head_json":{"title":"Descubre los 5 alimentos que ayudan a controlar la glucemia - Universo Fam\u00edlia","description":"Descubre los 5 alimentos que ayudan a controlar la glucemia. Alimentos que ayudan a controlar la glucemia pueden...","robots":{"index":"index","follow":"follow","max-snippet":"max-snippet:-1","max-image-preview":"max-image-preview:large","max-video-preview":"max-video-preview:-1"},"canonical":"https:\/\/universofamilia.com\/hu\/descopera-cele-5-alimente-care-ajuta-la-controlul-glicemiei-2\/","og_locale":"hu_HU","og_type":"article","og_title":"Descubre los 5 alimentos que ayudan a controlar la glucemia - Universo Fam\u00edlia","og_description":"Descubre los 5 alimentos que ayudan a controlar la glucemia. Alimentos que ayudan a controlar la glucemia pueden...","og_url":"https:\/\/universofamilia.com\/hu\/descopera-cele-5-alimente-care-ajuta-la-controlul-glicemiei-2\/","og_site_name":"Universo Fam\u00edlia","article_published_time":"2025-04-08T20:52:42+00:00","article_modified_time":"2025-04-08T20:52:44+00:00","og_image":[{"width":550,"height":350,"url":"https:\/\/universofamilia.com\/wp-content\/uploads\/sites\/148\/2025\/04\/DESTAQUE-UNIVERSO-550-x-350-32.jpg","type":"image\/jpeg"}],"author":"Pedro Henrique","twitter_card":"summary_large_image","twitter_misc":{"Written by":"Pedro Henrique","Est. reading time":"9 perc"},"schema":{"@context":"https:\/\/schema.org","@graph":[{"@type":"WebPage","@id":"https:\/\/universofamilia.com\/ro\/descopera-cele-5-alimente-care-ajuta-la-controlul-glicemiei-2\/","url":"https:\/\/universofamilia.com\/ro\/descopera-cele-5-alimente-care-ajuta-la-controlul-glicemiei-2\/","name":"Descubre los 5 alimentos que ayudan a controlar la glucemia - Universo Fam\u00edlia","isPartOf":{"@id":"https:\/\/universofamilia.com\/el\/#website"},"primaryImageOfPage":{"@id":"https:\/\/universofamilia.com\/ro\/descopera-cele-5-alimente-care-ajuta-la-controlul-glicemiei-2\/#primaryimage"},"image":{"@id":"https:\/\/universofamilia.com\/ro\/descopera-cele-5-alimente-care-ajuta-la-controlul-glicemiei-2\/#primaryimage"},"thumbnailUrl":"https:\/\/universofamilia.com\/wp-content\/uploads\/sites\/148\/2025\/04\/DESTAQUE-UNIVERSO-550-x-350-32.jpg","datePublished":"2025-04-08T20:52:42+00:00","dateModified":"2025-04-08T20:52:44+00:00","author":{"@id":"https:\/\/universofamilia.com\/el\/#\/schema\/person\/f07ce98187dd84d31154262e79b3b7ca"},"description":"Descubre los 5 alimentos que ayudan a controlar la glucemia. Alimentos que ayudan a controlar la glucemia pueden...","breadcrumb":{"@id":"https:\/\/universofamilia.com\/ro\/descopera-cele-5-alimente-care-ajuta-la-controlul-glicemiei-2\/#breadcrumb"},"inLanguage":"hu","potentialAction":[{"@type":"ReadAction","target":["https:\/\/universofamilia.com\/ro\/descopera-cele-5-alimente-care-ajuta-la-controlul-glicemiei-2\/"]}]},{"@type":"ImageObject","inLanguage":"hu","@id":"https:\/\/universofamilia.com\/ro\/descopera-cele-5-alimente-care-ajuta-la-controlul-glicemiei-2\/#primaryimage","url":"https:\/\/universofamilia.com\/wp-content\/uploads\/sites\/148\/2025\/04\/DESTAQUE-UNIVERSO-550-x-350-32.jpg","contentUrl":"https:\/\/universofamilia.com\/wp-content\/uploads\/sites\/148\/2025\/04\/DESTAQUE-UNIVERSO-550-x-350-32.jpg","width":550,"height":350,"caption":"Descubre los 5 alimentos que ayudan a controlar la glucemia"},{"@type":"BreadcrumbList","@id":"https:\/\/universofamilia.com\/ro\/descopera-cele-5-alimente-care-ajuta-la-controlul-glicemiei-2\/#breadcrumb","itemListElement":[{"@type":"ListItem","position":1,"name":"Home","item":"https:\/\/universofamilia.com\/el\/"},{"@type":"ListItem","position":2,"name":"Descubre los 5 alimentos que ayudan a controlar la glucemia"}]},{"@type":"WebSite","@id":"https:\/\/universofamilia.com\/el\/#website","url":"https:\/\/universofamilia.com\/el\/","name":"Universo Fam\u00edlia","description":"","potentialAction":[{"@type":"SearchAction","target":{"@type":"EntryPoint","urlTemplate":"https:\/\/universofamilia.com\/el\/?s={search_term_string}"},"query-input":"required name=search_term_string"}],"inLanguage":"hu"},{"@type":"Person","@id":"https:\/\/universofamilia.com\/el\/#\/schema\/person\/f07ce98187dd84d31154262e79b3b7ca","name":"Pedro Henrique","image":{"@type":"ImageObject","inLanguage":"hu","@id":"https:\/\/universofamilia.com\/el\/#\/schema\/person\/image\/","url":"https:\/\/secure.gravatar.com\/avatar\/9edfeb808cb4e1599f64d6e45b130154?s=96&d=mm&r=g","contentUrl":"https:\/\/secure.gravatar.com\/avatar\/9edfeb808cb4e1599f64d6e45b130154?s=96&d=mm&r=g","caption":"Pedro Henrique"},"url":"https:\/\/universofamilia.com\/hu\/author\/editor01\/"}]}},"_links":{"self":[{"href":"https:\/\/universofamilia.com\/hu\/wp-json\/wp\/v2\/posts\/9240"}],"collection":[{"href":"https:\/\/universofamilia.com\/hu\/wp-json\/wp\/v2\/posts"}],"about":[{"href":"https:\/\/universofamilia.com\/hu\/wp-json\/wp\/v2\/types\/post"}],"author":[{"embeddable":true,"href":"https:\/\/universofamilia.com\/hu\/wp-json\/wp\/v2\/users\/139"}],"replies":[{"embeddable":true,"href":"https:\/\/universofamilia.com\/hu\/wp-json\/wp\/v2\/comments?post=9240"}],"version-history":[{"count":2,"href":"https:\/\/universofamilia.com\/hu\/wp-json\/wp\/v2\/posts\/9240\/revisions"}],"predecessor-version":[{"id":9280,"href":"https:\/\/universofamilia.com\/hu\/wp-json\/wp\/v2\/posts\/9240\/revisions\/9280"}],"wp:featuredmedia":[{"embeddable":true,"href":"https:\/\/universofamilia.com\/hu\/wp-json\/wp\/v2\/media\/9245"}],"wp:attachment":[{"href":"https:\/\/universofamilia.com\/hu\/wp-json\/wp\/v2\/media?parent=9240"}],"wp:term":[{"taxonomy":"category","embeddable":true,"href":"https:\/\/universofamilia.com\/hu\/wp-json\/wp\/v2\/categories?post=9240"},{"taxonomy":"post_tag","embeddable":true,"href":"https:\/\/universofamilia.com\/hu\/wp-json\/wp\/v2\/tags?post=9240"}],"curies":[{"name":"wp","href":"https:\/\/api.w.org\/{rel}","templated":true}]}}