{"id":9277,"date":"2025-04-11T18:40:02","date_gmt":"2025-04-11T18:40:02","guid":{"rendered":"https:\/\/universofamilia.com\/?p=9277"},"modified":"2025-04-11T18:40:04","modified_gmt":"2025-04-11T18:40:04","slug":"descubre-los-5-alimentos-que-ayudan-a-controlar-la-glucemia-3","status":"publish","type":"post","link":"https:\/\/universofamilia.com\/hu\/descubre-los-5-alimentos-que-ayudan-a-controlar-la-glucemia-3\/","title":{"rendered":"Ismerd meg az 5 \u00e9telt, ami seg\u00edthet a v\u00e9rcukorszint szab\u00e1lyoz\u00e1s\u00e1ban."},"content":{"rendered":"<h3 class=\"wp-block-heading has-text-align-center\">Ismerd meg azokat az \u00e9teleket, amelyek <em><strong>\u00e1talak\u00edthatja az eg\u00e9szs\u00e9g\u00e9t<\/strong><\/em><\/h3>\n\n\n\n<p><\/p>\n\n\n\n<hr class=\"wp-block-separator has-alpha-channel-opacity is-style-wide\" \/>\n\n\n\n<h5 class=\"wp-block-heading has-text-align-center\"><strong>Mit szeretn\u00e9l csin\u00e1lni?<\/strong><\/h5>\n\n\n    <section class=\"mx-1 my-10\">\n                                                <a href=\"https:\/\/universofamilia.com\/hu\/app-controle-glicose\/\" class=\"text-white\" data-analytics-label=\"optionsButton\"\n                    data-action=\"analytics#trackCTA\">\n                    <div data-options-target=\"option\"\n                        class=\"custom-section rounded-xl border p-3 shadow-md w-full bg-green-700 my-3\">\n                        <div class=\"flex w-full items-center justify-between\">\n                            <div class=\"flex items-center space-x-3\">\n                                <div class=\"text-lg font-bold\">\n                                    12 l\u00e9p\u00e9s az ex-cukorbetegg\u00e9 v\u00e1l\u00e1shoz \u279d\n                                <\/div>\n                            <\/div>\n                        <\/div>\n                    <\/div>\n                <\/a>\n                                                            <a href=\"https:\/\/www.messenger.com\/login.php?\" class=\"text-white\" data-analytics-label=\"optionsButton\"\n                    data-action=\"analytics#trackCTA\">\n                    <div data-options-target=\"option\"\n                        class=\"custom-section rounded-xl border p-3 shadow-md w-full bg-green-700 my-3\">\n                        <div class=\"flex w-full items-center justify-between\">\n                            <div class=\"flex items-center space-x-3\">\n                                <div class=\"text-lg font-bold\">\n                                    T\u00e1mogat\u00f3 csapat \u279d\n                                <\/div>\n                            <\/div>\n                        <\/div>\n                    <\/div>\n                <\/a>\n                                                            <a href=\"https:\/\/universofamilia.com\/hu\/descubre-los-5-alimentos-que-ayudan-a-controlar-la-glucemia-2\/\" class=\"text-white\" data-analytics-label=\"optionsButton\"\n                    data-action=\"analytics#trackCTA\">\n                    <div data-options-target=\"option\"\n                        class=\"custom-section rounded-xl border p-3 shadow-md w-full bg-green-700 my-3\">\n                        <div class=\"flex w-full items-center justify-between\">\n                            <div class=\"flex items-center space-x-3\">\n                                <div class=\"text-lg font-bold\">\n                                    T\u00f6ltsd le az ingyenes alkalmaz\u00e1st \u279d\n                                <\/div>\n                            <\/div>\n                        <\/div>\n                    <\/div>\n                <\/a>\n                            <p class=\"text-xs text-gray-500 text-right\"\n            style=\"margin-left: 50%; margin-bottom: 50px; margin-top: 5px;\">\n            <!-- You will be redirected to another website -->\n        <\/p>\n    <\/section>\n\n\n\n\n<p class=\"has-text-align-right\"><em><strong><em><strong><em><strong><em><strong><em><strong>Olvass tov\u00e1bb!<\/strong><\/em><\/strong><\/em><\/strong><\/em><\/strong><\/em><\/strong><\/em><\/p>\n\n\n\n<hr class=\"wp-block-separator has-alpha-channel-opacity is-style-wide\" \/>\n\n\n\n<p><\/p>\n\n\n\n<p><strong>Ismerd meg az 5 \u00e9telt, ami seg\u00edthet a v\u00e9rcukorszint szab\u00e1lyoz\u00e1s\u00e1ban.<\/strong> \u00e9s vedd \u00e1t az ir\u00e1ny\u00edt\u00e1st a j\u00f3ll\u00e9ted felett m\u00e1t\u00f3l kezdve.<\/p>\n\n\n\n<p>Els\u0151re bonyolultnak t\u0171nhet, de a v\u00e9rcukorszint egyens\u00falyban tart\u00e1sa k\u00f6nnyebb, mint gondoln\u00e1d.<\/p>\n\n\n\n<p>Ez a cikk kifejezetten neked sz\u00f3l, aki jobban meg szeretn\u00e9 \u00e9rteni, hogyan gondoskodjon mag\u00e1r\u00f3l, de kit\u00e9r\u0151k, neh\u00e9z nyelvezet \u00e9s id\u0151pazarl\u00e1s n\u00e9lk\u00fcl.<\/p>\n\n\n\n<p>Mindent p\u00e9ld\u00e1kkal, gyakorlati tippekkel \u00e9s ak\u00e1r telep\u00edthet\u0151 alkalmaz\u00e1sokkal is elmagyar\u00e1zunk, hogy b\u00e1rmikor t\u00e1mogat\u00e1st ny\u00fajthassunk.<\/p>\n\n\n\n<p>Mert az eg\u00e9szs\u00e9g napr\u00f3l napra t\u00f6rt\u00e9nik, a reggelit\u0151l a vacsor\u00e1ig, \u00e9s a kis v\u00e1ltoztat\u00e1soknak nagy hat\u00e1sa lehet.<\/p>\n\n\n\n<p>\u00bf<a href=\"https:\/\/universofamilia.com\/hu\/descubre-los-5-alimentos-que-ayudan-a-controlar-la-glucemia-2\/\">Tudtad, hogy bizonyos \u00e9telek nemcsak hogy nem emelik meg a gl\u00fck\u00f3zszintedet?<\/a>de seg\u00edtesz neki stabiliz\u00e1l\u00f3dni?<\/p>\n\n\n\n<p>Ez kevesebb f\u00e1radts\u00e1got, kevesebb kock\u00e1zatot \u00e9s t\u00f6bb energi\u00e1t jelent ahhoz, hogy azt az \u00e9letet \u00e9lhesd, amilyet szeretn\u00e9l. \u00c9s a legjobb az eg\u00e9szben, hogy nem kell extr\u00e9m di\u00e9t\u00e1kba vonulnod vagy sok p\u00e9nzt k\u00f6ltened.<\/p>\n\n\n\n<p>K\u00e9sz\u00fclj fel, hogy felfedezd tested leger\u0151sebb sz\u00f6vets\u00e9geseit, \u00e9s azt, hogyan haszn\u00e1lhatod \u0151ket k\u00f6nnyed\u00e9n.<\/p>\n\n\n\n<p>\u00c9s ha kitartasz a v\u00e9g\u00e9ig, felfedezhetsz h\u00e1rom alkalmaz\u00e1st, amelyek l\u00e9p\u00e9sr\u0151l l\u00e9p\u00e9sre v\u00e9gigvezetnek. Ingyenesek, k\u00f6nnyen haszn\u00e1lhat\u00f3ak, \u00e9s pont azt a l\u00f6k\u00e9st adhatj\u00e1k, amire sz\u00fcks\u00e9ged van.<\/p>\n\n\n\n<p><\/p>\n\n\n\n<hr class=\"wp-block-separator has-alpha-channel-opacity is-style-wide\" \/>\n\n\n\n<h4 class=\"wp-block-heading has-text-align-center\"><strong><mark class=\"has-inline-color has-luminous-vivid-orange-color\">Olvasd el ezt is<\/mark><\/strong><\/h4>\n\n\n    <section class=\"mx-1 my-10\">\n                                                <a href=\"https:\/\/universofamilia.com\/hu\/lp-filmes-asiaticos\/\" class=\"text-white\" data-analytics-label=\"optionsButton\"\n                    data-action=\"analytics#trackCTA\">\n                    <div data-options-target=\"option\"\n                        class=\"custom-section rounded-xl border p-3 shadow-md w-full bg-green-700 my-3\">\n                        <div class=\"flex w-full items-center justify-between\">\n                            <div class=\"flex items-center space-x-3\">\n                                <div class=\"text-lg font-bold\">\n                                    App koreai dr\u00e1m\u00e1k n\u00e9z\u00e9s\u00e9hez \u279d\n                                <\/div>\n                            <\/div>\n                        <\/div>\n                    <\/div>\n                <\/a>\n                                                            <a href=\"https:\/\/universofamilia.com\/hu\/lp-recuperar-fotos\/\" class=\"text-white\" data-analytics-label=\"optionsButton\"\n                    data-action=\"analytics#trackCTA\">\n                    <div data-options-target=\"option\"\n                        class=\"custom-section rounded-xl border p-3 shadow-md w-full bg-green-700 my-3\">\n                        <div class=\"flex w-full items-center justify-between\">\n                            <div class=\"flex items-center space-x-3\">\n                                <div class=\"text-lg font-bold\">\n                                    T\u00f6r\u00f6lt fot\u00f3k helyre\u00e1ll\u00edt\u00e1sa ezzel az alkalmaz\u00e1ssal!  \u279d\n                                <\/div>\n                            <\/div>\n                        <\/div>\n                    <\/div>\n                <\/a>\n                                                            <a href=\"https:\/\/universofamilia.com\/hu\/el-amor-a-un-clic\/\" class=\"text-white\" data-analytics-label=\"optionsButton\"\n                    data-action=\"analytics#trackCTA\">\n                    <div data-options-target=\"option\"\n                        class=\"custom-section rounded-xl border p-3 shadow-md w-full bg-green-700 my-3\">\n                        <div class=\"flex w-full items-center justify-between\">\n                            <div class=\"flex items-center space-x-3\">\n                                <div class=\"text-lg font-bold\">\n                                    Fedezd fel az ide\u00e1lis t\u00e1rskeres\u0151 alkalmaz\u00e1st \u279d\n                                <\/div>\n                            <\/div>\n                        <\/div>\n                    <\/div>\n                <\/a>\n                            <p class=\"text-xs text-gray-500 text-right hidden\"\n            style=\"margin-left: 50%; margin-bottom: 50px; margin-top: 5px;\">\n            <!-- You will be redirected to another website -->\n        <\/p>\n    <\/section>\n\n\n\n\n<p class=\"has-text-align-right\"><em><strong><em><strong><em><strong><em><strong><em><strong>Ugyanott fog maradni!<\/strong><\/em><\/strong><\/em><\/strong><\/em><\/strong><\/em><\/strong><\/em><\/p>\n\n\n\n<hr class=\"wp-block-separator has-alpha-channel-opacity is-style-wide\" \/>\n\n\n\n<p><\/p>\n\n\n\n<h2 class=\"wp-block-heading\">Mi a v\u00e9rcukorszint, \u00e9s mi\u00e9rt kell foglalkoznia vele?<\/h2>\n\n\n\n<p>A glik\u00e9mi\u00e1t a v\u00e9rcukorszintnek nevezz\u00fck.<\/p>\n\n\n\n<p>Egyszer\u0171en hangzik, de amikor ez a szint kics\u00faszik az ir\u00e1ny\u00edt\u00e1s al\u00f3l, az a mindennapi betegs\u00e9gekt\u0151l kezdve a s\u00falyosabb, p\u00e9ld\u00e1ul a 2-es t\u00edpus\u00fa cukorbetegs\u00e9gig mindent okozhat.<\/p>\n\n\n\n<p>A gl\u00fck\u00f3z megfelel\u0151 szinten tart\u00e1sa olyan, mintha a tested motorj\u00e1t behangoln\u00e1k.<\/p>\n\n\n\n<p>Amikor eszel, k\u00fcl\u00f6n\u00f6sen sz\u00e9nhidr\u00e1tokat, a szervezeted gl\u00fck\u00f3zz\u00e1 alak\u00edtja az \u00e9telt, \u00e9s ezt sz\u00e1ll\u00edtja a sejtekhez energia el\u0151\u00e1ll\u00edt\u00e1s\u00e1ra.<\/p>\n\n\n\n<p>De ha t\u00fal sok egyszer\u0171 cukrot fogyasztasz, vagy nem mozogsz eleget, az a cukor felhalmoz\u00f3dik a v\u00e9redben. Itt kezd\u0151dnek a probl\u00e9m\u00e1k.<\/p>\n\n\n\n<p>Az olyan t\u00fcnetek, mint az \u00e1lland\u00f3 f\u00e1radts\u00e1g, a t\u00falzott szomj\u00fas\u00e1g, a hom\u00e1lyos l\u00e1t\u00e1s, a gyakori vizel\u00e9s, vagy ak\u00e1r a sz\u00e9d\u00fcl\u00e9s, annak a jelei lehetnek, hogy valami nincs rendben. \u00c9s ha nem teszel semmit, a helyzet rosszabbodhat.<\/p>\n\n\n\n<p>Ez\u00e9rt fontos megtanulni, hogy mely \u00e9telek seg\u00edtenek fenntartani ezt az egyens\u00falyt. Ezek term\u00e9szetes eszk\u00f6z\u00f6k, amelyeket k\u00f6nnyen be\u00e9p\u00edthetsz az \u00e9letedbe.<\/p>\n\n\n\n<p>\u00c9s nem ritka vagy nehezen beszerezhet\u0151 \u00e9lelmiszerekr\u0151l besz\u00e9l\u00fcnk. Ezek gyakori, finom \u00e9s t\u00e1pl\u00e1l\u00f3 \u00e9telek, amelyeket b\u00e1rmelyik piacon vagy boltban megv\u00e1s\u00e1rolhatsz.<\/p>\n\n\n\n<p>L\u00e1ssuk, mik ezek, \u00e9s mi\u00e9rt m\u0171k\u00f6dnek olyan j\u00f3l.<\/p>\n\n\n\n<h2 class=\"wp-block-heading\">\ud83e\udd66 1. Zab: a stabiliz\u00e1l\u00f3 rost<\/h2>\n\n\n\n<p>A zab az egyik legteljesebb gabonaf\u00e9le, \u00e9s vil\u00e1gszerte a t\u00e1pl\u00e1lkoz\u00e1si szak\u00e9rt\u0151k aj\u00e1nlj\u00e1k. Ez nem divath\u00f3bort, hanem tudom\u00e1ny.<\/p>\n\n\n\n<p>A titka egy b\u00e9ta-gl\u00fck\u00e1n nev\u0171 rostban rejlik. Ez a rost g\u00e9lszer\u0171 szerkezetet k\u00e9pez a b\u00e9lben, lelass\u00edtva a cukor felsz\u00edv\u00f3d\u00e1s\u00e1t. Az eredm\u00e9ny: stabilabb v\u00e9rcukorszint.<\/p>\n\n\n\n<p>Kiv\u00e1l\u00f3 energiaforr\u00e1s is, \u00edgy t\u00f6k\u00e9letes reggeli. Hosszabb ideig tart j\u00f3llakotts\u00e1g\u00e9rzetet biztos\u00edt, \u00e9s megakad\u00e1lyozza a d\u00e9lel\u0151tti \u00e9hs\u00e9g\u00e9rzetet.<\/p>\n\n\n\n<p>Ezenk\u00edv\u00fcl tartalmaz feh\u00e9rj\u00e9ket, \u00e1sv\u00e1nyi anyagokat \u00e9s antioxid\u00e1nsokat, amelyek er\u0151s\u00edtik a szervezetet.<\/p>\n\n\n\n<p>Hogyan kell bevenni? V\u00edzzel vagy n\u00f6v\u00e9nyi tejjel is elk\u00e9sz\u00edthet\u0151, fah\u00e9jjal (ami szint\u00e9n szab\u00e1lyozza a cukorszintet) \u00e9s n\u00e9h\u00e1ny gy\u00fcm\u00f6lccsel, p\u00e9ld\u00e1ul \u00e1fony\u00e1val vagy eperrel \u00edzes\u00edtve.<\/p>\n\n\n\n<p>Ker\u00fcld a cukor vagy m\u00e9z hozz\u00e1ad\u00e1s\u00e1t. Ha \u00e9des\u00edteni kell, pr\u00f3b\u00e1ld ki a stevi\u00e1t.<\/p>\n\n\n\n<p>Konkr\u00e9t el\u0151ny\u00f6k:<\/p>\n\n\n\n<ul>\n<li>Jav\u00edtja az em\u00e9szt\u00e9st<\/li>\n\n\n\n<li>Szab\u00e1lyozza az inzulinszintet<\/li>\n\n\n\n<li>Hosszan tart\u00f3 j\u00f3llakotts\u00e1g \u00e9rz\u00e9s\u00e9t adja<\/li>\n\n\n\n<li>Jav\u00edtja a lipidprofilt (koleszterin)<\/li>\n<\/ul>\n\n\n\n<h2 class=\"wp-block-heading\">\ud83e\uded8 2. H\u00fcvelyesek: energia, ami nem \u00fcti meg a cukorszintet<\/h2>\n\n\n\n<p>Bab, lencse, csicseribors\u00f3, l\u00f3bab\u2026 A h\u00fcvelyesek igazi t\u00e1pl\u00e1lkoz\u00e1si kincsek. Gazdagok n\u00f6v\u00e9nyi alap\u00fa feh\u00e9rj\u00e9ben, rostban \u00e9s \u00e1sv\u00e1nyi anyagokban, p\u00e9ld\u00e1ul magn\u00e9ziumban \u00e9s vasban.<\/p>\n\n\n\n<p>A legjobb az eg\u00e9szben, hogy alacsony a glik\u00e9mi\u00e1s index\u00fck, azaz nem okoznak hirtelen v\u00e9rcukorszint-emelked\u00e9st.<\/p>\n\n\n\n<p>Magas rosttartalmuk seg\u00edt lelass\u00edtani az em\u00e9szt\u00e9st \u00e9s fokozatosan felszabad\u00edtani a cukrot. Ez megakad\u00e1lyozza az energiacs\u00facsokat, majd az azt k\u00f6vet\u0151 \u00f6sszeoml\u00e1sokat. Emellett hosszabb ideig tartanak j\u00f3llakotts\u00e1g\u00e9rzetet \u00e9s el\u0151seg\u00edtik az eg\u00e9szs\u00e9ges tests\u00falyt.<\/p>\n\n\n\n<p>Hogyan illesztheted be \u0151ket az \u00e9trendedbe? K\u00e9sz\u00edts leveseket, hideg sal\u00e1t\u00e1kat csicseribors\u00f3val, zs\u00edrszeg\u00e9ny, \u00fajraf\u0151z\u00f6tt babbal vagy p\u00e1rolt lencs\u00e9vel. Ker\u00fcld a choriz\u00f3t vagy szalonn\u00e1t tartalmaz\u00f3 \u00e9teleket, amelyek felesleges tel\u00edtett zs\u00edrt adnak hozz\u00e1.<\/p>\n\n\n\n<p>Er\u0151ss\u00e9gek:<\/p>\n\n\n\n<ul>\n<li>\u00c9tv\u00e1gyszab\u00e1lyoz\u00e1s<\/li>\n\n\n\n<li>Seg\u00edt megel\u0151zni az inzulinrezisztenci\u00e1t<\/li>\n\n\n\n<li>Jav\u00edtja a b\u00e9ltranzitot<\/li>\n\n\n\n<li>Ide\u00e1lis alternat\u00edva a v\u00f6r\u00f6s h\u00fasokhoz<\/li>\n<\/ul>\n\n\n\n<h2 class=\"wp-block-heading\">\ud83e\udd6c 3. Leveles z\u00f6lds\u00e9gek: alacsony kal\u00f3riatartalm\u00fa, var\u00e1zslatos hat\u00e1s\u00fa<\/h2>\n\n\n\n<p>Spen\u00f3t, m\u00e1ngold, r\u00f3mai sal\u00e1ta, rukkola, kelk\u00e1poszta\u2026 A z\u00f6ld leveles z\u00f6lds\u00e9gek alacsony sz\u00e9nhidr\u00e1ttartalm\u00faak, \u00e9s gazdagok antioxid\u00e1nsokban, A-, C- \u00e9s K-vitaminban, valamint \u00e1sv\u00e1nyi anyagokban, p\u00e9ld\u00e1ul magn\u00e9ziumban, amely elengedhetetlen az inzulin m\u0171k\u00f6d\u00e9s\u00e9hez.<\/p>\n\n\n\n<p>Ezenk\u00edv\u00fcl alfa-liponsavat tartalmaznak, amely seg\u00edt cs\u00f6kkenteni a v\u00e9rcukorszintet \u00e9s jav\u00edtja az inzulin\u00e9rz\u00e9kenys\u00e9get.<\/p>\n\n\n\n<p>Magas rost- \u00e9s v\u00edztartalm\u00faak is, \u00edgy ide\u00e1lisak a tests\u00falyszab\u00e1lyoz\u00e1shoz.<\/p>\n\n\n\n<p>Felhaszn\u00e1l\u00e1si m\u00f3dok? Friss sal\u00e1t\u00e1kban, z\u00f6ld turmixokban, spen\u00f3tos omlettben, fokhagym\u00e1s pir\u00edtott \u00e9telekben. Alacsony cukortartalm\u00fa gy\u00fcm\u00f6lcs\u00f6kkel is turmixolhatod \u0151ket, hogy energiz\u00e1l\u00f3 turmixokat k\u00e9sz\u00edts.<\/p>\n\n\n\n<p>F\u0151bb el\u0151ny\u00f6k:<\/p>\n\n\n\n<ul>\n<li>Gyullad\u00e1scs\u00f6kkent\u0151<\/li>\n\n\n\n<li>Term\u00e9szetes antioxid\u00e1nsok<\/li>\n\n\n\n<li>Sejthidrat\u00e1ci\u00f3<\/li>\n\n\n\n<li>Nulla hozz\u00e1adott cukor<\/li>\n<\/ul>\n\n\n\n<h2 class=\"wp-block-heading\">\ud83c\udf4f 4. Alacsony glik\u00e9mi\u00e1s index\u0171 gy\u00fcm\u00f6lcs\u00f6k: \u00e9dess\u00e9g b\u0171ntudat n\u00e9lk\u00fcl<\/h2>\n\n\n\n<p>A gy\u00fcm\u00f6lcs\u00f6k eg\u00e9szs\u00e9gesek, de nem mindegyik egyforma. N\u00e9melyiknek magas a glik\u00e9mi\u00e1s indexe (mint p\u00e9ld\u00e1ul az \u00e9rett ban\u00e1n vagy a g\u00f6r\u00f6gdinnye), m\u00edg m\u00e1sok lassan szabad\u00edtj\u00e1k fel a cukrot, ami ide\u00e1lis azok sz\u00e1m\u00e1ra, akik szeretn\u00e9k kontroll\u00e1lni a v\u00e9rcukorszintj\u00fcket.<\/p>\n\n\n\n<p>A legjobb gy\u00fcm\u00f6lcs\u00f6k k\u00f6z\u00e9 tartoznak:<\/p>\n\n\n\n<ul>\n<li>Z\u00f6ld alma<\/li>\n\n\n\n<li>K\u00f6rte<\/li>\n\n\n\n<li>Szilva<\/li>\n\n\n\n<li>Eper<\/li>\n\n\n\n<li>\u00c1fonya<\/li>\n\n\n\n<li>Guj\u00e1vafa<\/li>\n<\/ul>\n\n\n\n<p>Ezek a gy\u00fcm\u00f6lcs\u00f6k oldhat\u00f3 rostot, antioxid\u00e1nsokat \u00e9s sz\u00e1mos vitamint tartalmaznak, amelyek er\u0151s\u00edtik az immunrendszert. A l\u00e9nyeg az, hogy eg\u00e9szben fogyasszuk \u0151ket, ne pedig lev\u00e9ben, mivel a gy\u00fcm\u00f6lcsl\u00e9 pr\u00e9sel\u00e9se elt\u00e1vol\u00edtja a rostot \u00e9s koncentr\u00e1lja a cukrokat.<\/p>\n\n\n\n<p>Tippek:<\/p>\n\n\n\n<ul>\n<li>Ha lehets\u00e9ges, ker\u00fclje a h\u00e1moz\u00e1sukat.<\/li>\n\n\n\n<li>Ne adj hozz\u00e1juk cukrot<\/li>\n\n\n\n<li>Egy\u00e9l gy\u00fcm\u00f6lcs\u00f6t nassolnival\u00f3k\u00e9nt s\u00fctem\u00e9ny vagy \u00e9des keny\u00e9r helyett<\/li>\n<\/ul>\n\n\n\n<h2 class=\"wp-block-heading\">\ud83c\udf3f 5. Fah\u00e9j: a gl\u00fck\u00f3zszinted titkos \u00f6sszetev\u0151je<\/h2>\n\n\n\n<p>A fah\u00e9j nem csak az \u00e9dess\u00e9gek \u00edzes\u00edt\u00e9s\u00e9re j\u00f3. Tudom\u00e1nyos tanulm\u00e1nyok kimutatt\u00e1k, hogy napi 1-2 gramm fah\u00e9j fogyaszt\u00e1sa jav\u00edthatja az inzulin\u00e9rz\u00e9kenys\u00e9get \u00e9s cs\u00f6kkentheti a v\u00e9rcukorszintet a prediab\u00e9teszben vagy 2-es t\u00edpus\u00fa cukorbetegs\u00e9gben szenved\u0151kn\u00e9l.<\/p>\n\n\n\n<p>Term\u00e9szetes anyagcsere-szab\u00e1lyoz\u00f3k\u00e9nt m\u0171k\u00f6dik, seg\u00edt szab\u00e1lyozni az \u00e9tv\u00e1gyat, \u00e9s antioxid\u00e1nsokat biztos\u00edt, amelyek v\u00e9dik a szervezet sejtjeit.<\/p>\n\n\n\n<p>Hov\u00e1 kell hozz\u00e1adni?<\/p>\n\n\n\n<ul>\n<li>A zabban<\/li>\n\n\n\n<li>Turmixokban<\/li>\n\n\n\n<li>K\u00e1v\u00e9ban vagy te\u00e1ban<\/li>\n\n\n\n<li>S\u00fclt gy\u00fcm\u00f6lcs\u00f6k\u00f6n, p\u00e9ld\u00e1ul alm\u00e1n<\/li>\n<\/ul>\n\n\n\n<p>K\u00fcl\u00f6nleges tipp: Haszn\u00e1ljon ceyloni fah\u00e9jat, amelyben kevesebb kumarin van (egy olyan anyag, amely t\u00falzott bevitele k\u00e1ros\u00edthatja a m\u00e1jat).<\/p>\n\n\n\n<h2 class=\"wp-block-heading\">\ud83e\udde0 \u00c9rtsd meg a v\u00e9rcukorszint hat\u00e1s\u00e1t a szervezetedre<\/h2>\n\n\n\n<p>Amikor sok egyszer\u0171 cukrot fogyasztasz (feh\u00e9r keny\u00e9r, \u00e9dess\u00e9g, \u00fcd\u00edt\u0151k), a gl\u00fck\u00f3zszinted az egekbe sz\u00f6kik. A hasny\u00e1lmirigy inzulint szabad\u00edt fel a szint cs\u00f6kkent\u00e9s\u00e9re, de ha ez folyamatosan megt\u00f6rt\u00e9nik, a szervezet rezisztenss\u00e9 v\u00e1lik az inzulinnal szemben.<\/p>\n\n\n\n<p>Ezt inzulinrezisztenci\u00e1nak nevezik, \u00e9s a 2-es t\u00edpus\u00fa cukorbetegs\u00e9g el\u0151jele.<\/p>\n\n\n\n<p>Az eredm\u00e9ny: f\u00e1radts\u00e1g, s\u00falygyarapod\u00e1s, koncentr\u00e1ci\u00f3s neh\u00e9zs\u00e9gek, hangulatingadoz\u00e1sok. \u00c9s ami a legrosszabb: a ves\u00e9k, a sz\u00edv, a szemek \u00e9s az idegrendszer hossz\u00fa t\u00e1v\u00fa k\u00e1rosod\u00e1sa.<\/p>\n\n\n\n<p>De a j\u00f3 h\u00edr az, hogy egyszer\u0171 v\u00e1ltoztat\u00e1sokkal, mint amilyeneket itt l\u00e1tt\u00e1l, megel\u0151zheted vagy visszaford\u00edthatod ezt a folyamatot.<\/p>\n\n\n\n<h2 class=\"wp-block-heading\">\ud83d\udcf1 Haszn\u00e1ld ezeket az alkalmaz\u00e1sokat a v\u00e9rcukorszinted monitoroz\u00e1s\u00e1ra \u00e9s jav\u00edt\u00e1s\u00e1ra.<\/h2>\n\n\n\n<h3 class=\"wp-block-heading\">GlucoTrack<\/h3>\n\n\n\n<p><a href=\"https:\/\/apkpure.com\/br\/gluco-track\/com.tacvi.onetdfom.glucotrack\"><strong>T\u00f6ltsd le a GlucoTrack alkalmaz\u00e1st a Play \u00c1ruh\u00e1zb\u00f3l<\/strong><\/a><\/p>\n\n\n\n<ul>\n<li>A gl\u00fck\u00f3zszintek automatikus r\u00f6gz\u00edt\u00e9se<\/li>\n\n\n\n<li>\u00c9breszt\u0151, amely eml\u00e9kezteti \u00d6nt gy\u00f3gyszer bev\u00e9tel\u00e9re vagy \u00e9tkez\u00e9sre<\/li>\n\n\n\n<li>Egyszer\u0171 kezel\u0151fel\u00fclet id\u0151seknek<\/li>\n<\/ul>\n\n\n\n<p>Ide\u00e1lis, ha gyorsan \u00e9s egyszer\u0171en kell ellen\u0151riznie a v\u00e9rcukorszintj\u00e9t minden nap.<\/p>\n\n\n\n<p><\/p>\n\n\n\n<hr class=\"wp-block-separator has-alpha-channel-opacity is-style-wide\" \/>\n\n\n\n<h3 class=\"wp-block-heading\"><mark class=\"has-inline-color has-luminous-vivid-amber-color\"><strong>T\u00f6ltse le az alkalmaz\u00e1sokat<\/strong>.<\/mark><\/h3>\n\n\n    <section class=\"mx-1 my-10\">\n                                                <a href=\"https:\/\/apkpure.com\/br\/gluco-track\/com.tacvi.onetdfom.glucotrack\" class=\"text-white\" data-analytics-label=\"optionsButton\"\n                    data-action=\"analytics#trackCTA\">\n                    <div data-options-target=\"option\"\n                        class=\"custom-section rounded-xl border p-3 shadow-md w-full bg-green-700 my-3\">\n                        <div class=\"flex w-full items-center justify-between\">\n                            <div class=\"flex items-center space-x-3\">\n                                <div class=\"text-lg font-bold\">\n                                    GlucoTrack \u279d\n                                <\/div>\n                            <\/div>\n                        <\/div>\n                    <\/div>\n                <\/a>\n                            <p class=\"text-xs text-gray-500 text-right\"\n            style=\"margin-left: 50%; margin-bottom: 50px; margin-top: 5px;\">\n            <!-- You will be redirected to another website -->\n        <\/p>\n    <\/section>\n\n\n\n\n<p class=\"has-text-align-right\"><strong><em>\u00c1tir\u00e1ny\u00edtunk egy m\u00e1sik webhelyre<\/em><\/strong><\/p>\n\n\n\n<hr class=\"wp-block-separator has-alpha-channel-opacity is-style-wide\" \/>\n\n\n\n<p><\/p>\n\n\n\n<h3 class=\"wp-block-heading\">mySugr<\/h3>\n\n\n\n<ul>\n<li>Pozit\u00edv \u00fczenetekkel motiv\u00e1l<\/li>\n\n\n\n<li>K\u00e9sz\u00edts grafikonokat a halad\u00e1sod meg\u00e9rt\u00e9s\u00e9hez<\/li>\n\n\n\n<li>Megoszthatja adatait orvos\u00e1val<\/li>\n<\/ul>\n\n\n\n<p>T\u00f6k\u00e9letes fiatalok \u00e9s feln\u0151ttek sz\u00e1m\u00e1ra, akik tiszta eredm\u00e9nyeket szeretn\u00e9nek l\u00e1tni, \u00e9s k\u00f6zben j\u00f3l is akarj\u00e1k \u00e9rezni magukat.<\/p>\n\n\n\n<p><\/p>\n\n\n\n<hr class=\"wp-block-separator has-alpha-channel-opacity is-style-wide\" \/>\n\n\n\n<h3 class=\"wp-block-heading\"><mark class=\"has-inline-color has-luminous-vivid-amber-color\"><strong>T\u00f6ltse le az alkalmaz\u00e1sokat<\/strong>.<\/mark><\/h3>\n\n\n    <section class=\"mx-1 my-10\">\n                                                <a href=\"https:\/\/www.mysugr.com\/en\" class=\"text-white\" data-analytics-label=\"optionsButton\"\n                    data-action=\"analytics#trackCTA\">\n                    <div data-options-target=\"option\"\n                        class=\"custom-section rounded-xl border p-3 shadow-md w-full bg-green-700 my-3\">\n                        <div class=\"flex w-full items-center justify-between\">\n                            <div class=\"flex items-center space-x-3\">\n                                <div class=\"text-lg font-bold\">\n                                    mySugr: Cukorbetegs\u00e9g napl\u00f3 \u279d\n                                <\/div>\n                            <\/div>\n                        <\/div>\n                    <\/div>\n                <\/a>\n                            <p class=\"text-xs text-gray-500 text-right\"\n            style=\"margin-left: 50%; margin-bottom: 50px; margin-top: 5px;\">\n            <!-- You will be redirected to another website -->\n        <\/p>\n    <\/section>\n\n\n\n\n<p class=\"has-text-align-right\"><strong><em>\u00c1tir\u00e1ny\u00edtunk egy m\u00e1sik webhelyre<\/em><\/strong><\/p>\n\n\n\n<hr class=\"wp-block-separator has-alpha-channel-opacity is-style-wide\" \/>\n\n\n\n<p><\/p>\n\n\n\n<h3 class=\"wp-block-heading\">Gl\u00fck\u00f3z haver<\/h3>\n\n\n\n<ul>\n<li>Professzion\u00e1lisabb \u00e9s r\u00e9szletesebb<\/li>\n\n\n\n<li>\u00c9tkez\u00e9sek, tev\u00e9kenys\u00e9gek \u00e9s gy\u00f3gyszerek r\u00f6gz\u00edt\u00e9se<\/li>\n\n\n\n<li>Jelent\u00e9sek export\u00e1l\u00e1sa PDF form\u00e1tumban<\/li>\n<\/ul>\n\n\n\n<p>Aj\u00e1nlott azoknak, akik prec\u00edz \u00e9s professzion\u00e1lis orvosi fel\u00fcgyeletet keresnek<\/p>\n\n\n\n<p><\/p>\n\n\n\n<hr class=\"wp-block-separator has-alpha-channel-opacity is-style-wide\" \/>\n\n\n\n<h3 class=\"wp-block-heading\"><mark class=\"has-inline-color has-luminous-vivid-amber-color\"><strong>T\u00f6ltse le az alkalmaz\u00e1sokat<\/strong>.<\/mark><\/h3>\n\n\n    <section class=\"mx-1 my-10\">\n                                                <a href=\"https:\/\/glucose-buddy-diabetes-log.br.aptoide.com\/app\" class=\"text-white\" data-analytics-label=\"optionsButton\"\n                    data-action=\"analytics#trackCTA\">\n                    <div data-options-target=\"option\"\n                        class=\"custom-section rounded-xl border p-3 shadow-md w-full bg-green-700 my-3\">\n                        <div class=\"flex w-full items-center justify-between\">\n                            <div class=\"flex items-center space-x-3\">\n                                <div class=\"text-lg font-bold\">\n                                    Gl\u00fck\u00f3z haver \u279d\n                                <\/div>\n                            <\/div>\n                        <\/div>\n                    <\/div>\n                <\/a>\n                            <p class=\"text-xs text-gray-500 text-right\"\n            style=\"margin-left: 50%; margin-bottom: 50px; margin-top: 5px;\">\n            <!-- You will be redirected to another website -->\n        <\/p>\n    <\/section>\n\n\n\n\n<p class=\"has-text-align-right\"><strong><em>\u00c1tir\u00e1ny\u00edtunk egy m\u00e1sik webhelyre<\/em><\/strong><\/p>\n\n\n\n<hr class=\"wp-block-separator has-alpha-channel-opacity is-style-wide\" \/>\n\n\n\n<p><\/p>\n\n\n\n<h2 class=\"wp-block-heading\">\ud83d\udcca Gyorslista: seg\u00edt\u0151 \u00e9s k\u00e1ros \u00e9telek<\/h2>\n\n\n\n<figure class=\"wp-block-table\"><table><thead><tr><th>Seg\u00edtenek szab\u00e1lyozni a v\u00e9rcukorszintet<\/th><th>Emelik a v\u00e9rcukorszintet<\/th><\/tr><\/thead><tbody><tr><td>Zabpehely<\/td><td>Feh\u00e9r keny\u00e9r<\/td><\/tr><tr><td>H\u00fcvelyesek<\/td><td>\u00c9des s\u00fctik<\/td><\/tr><tr><td>Z\u00f6ld leveles z\u00f6lds\u00e9gek<\/td><td>Ipari gy\u00fcm\u00f6lcslevek<\/td><\/tr><tr><td>Alacsony GI-j\u00fa gy\u00fcm\u00f6lcs\u00f6k<\/td><td>Cukros \u00fcd\u00edt\u0151italok<\/td><\/tr><tr><td>Fah\u00e9j<\/td><td>Feldolgozott desszertek<\/td><\/tr><\/tbody><\/table><figcaption class=\"wp-element-caption\">Ismerd meg az 5 \u00e9telt, ami seg\u00edthet a v\u00e9rcukorszint szab\u00e1lyoz\u00e1s\u00e1ban.<\/figcaption><\/figure>\n\n\n\n<h2 class=\"wp-block-heading\">\ud83e\udded Hogyan kezdj bele ma komplik\u00e1ci\u00f3k n\u00e9lk\u00fcl<\/h2>\n\n\n\n<ol>\n<li>V\u00e1lassz ki k\u00e9t \u00e9telt a list\u00e1r\u00f3l, \u00e9s fogyaszd el \u0151ket ezen a h\u00e9ten.<\/li>\n\n\n\n<li>T\u00f6lts le egy alkalmaz\u00e1st, ami seg\u00edt nyomon k\u00f6vetni a halad\u00e1sodat<\/li>\n\n\n\n<li>S\u00e9t\u00e1lj 20 perccel \u00e9tkez\u00e9s ut\u00e1n<\/li>\n\n\n\n<li>Igy\u00e1l meg legal\u00e1bb 6 poh\u00e1r vizet naponta<\/li>\n\n\n\n<li>Ker\u00fcld a finom\u00edtott cukrokat, \u00e9s olvasd el a c\u00edmk\u00e9ket<\/li>\n<\/ol>\n\n\n\n<p>Ne feledd: Nem kell t\u00f6k\u00e9letesen csin\u00e1lnod. Csak kezdj bele.<\/p>\n\n\n<div class=\"wp-block-image\">\n<figure class=\"aligncenter size-full\"><img loading=\"lazy\" decoding=\"async\" width=\"550\" height=\"350\" src=\"https:\/\/universofamilia.com\/wp-content\/uploads\/sites\/148\/2025\/04\/DESTAQUE-UNIVERSO-550-x-350-5-1.jpg\" alt=\"\" class=\"wp-image-9282\" srcset=\"https:\/\/universofamilia.com\/wp-content\/uploads\/sites\/148\/2025\/04\/DESTAQUE-UNIVERSO-550-x-350-5-1.jpg 550w, https:\/\/universofamilia.com\/wp-content\/uploads\/sites\/148\/2025\/04\/DESTAQUE-UNIVERSO-550-x-350-5-1-300x191.jpg 300w, https:\/\/universofamilia.com\/wp-content\/uploads\/sites\/148\/2025\/04\/DESTAQUE-UNIVERSO-550-x-350-5-1-18x12.jpg 18w\" sizes=\"(max-width: 550px) 100vw, 550px\" \/><figcaption class=\"wp-element-caption\">Ismerd meg az 5 \u00e9telt, ami seg\u00edthet a v\u00e9rcukorszint szab\u00e1lyoz\u00e1s\u00e1ban.<\/figcaption><\/figure><\/div>\n\n\n<h2 class=\"wp-block-heading\">\u2728 Az eg\u00e9szs\u00e9ged a kezedben van<\/h2>\n\n\n\n<p>Ma megtudtad, hogy <strong>Ismerd meg az 5 \u00e9telt, ami seg\u00edt a v\u00e9rcukorszint szab\u00e1lyoz\u00e1s\u00e1ban<\/strong> Ez lehet az els\u0151 l\u00e9p\u00e9s egy kiegyens\u00falyozottabb, boldogabb \u00e9s akt\u00edvabb \u00e9let fel\u00e9.<\/p>\n\n\n\n<p>Nincs sz\u00fcks\u00e9ged bonyolult di\u00e9t\u00e1kra, csak vil\u00e1gos inform\u00e1ci\u00f3kra, megfelel\u0151 eszk\u00f6z\u00f6kre \u00e9s k\u00f6vetkezetess\u00e9gre.<\/p>\n\n\n\n<p>Tedd meg magad\u00e9rt, a csal\u00e1dod\u00e9rt, a j\u00f3l\u00e9ted\u00e9rt. Telep\u00edts egyet a fent eml\u00edtett alkalmaz\u00e1sok k\u00f6z\u00fcl, k\u00e9sz\u00edts egy eg\u00e9szs\u00e9ges bev\u00e1s\u00e1rl\u00f3list\u00e1t, \u00e9s indulj el ezen az \u00faton. A tested h\u00e1l\u00e1s lesz \u00e9rte.<\/p>","protected":false},"excerpt":{"rendered":"<p>Conoce los alimentos que pueden transformar tu salud \u00bfQu\u00e9 te gustar\u00eda hacer? \u00a1Siga leyendo! Descubre los 5 alimentos que ayudan a controlar la glucemia y toma el control de tu bienestar desde hoy. Puede parecer complicado al principio, pero mantener los niveles de az\u00facar en sangre equilibrados es m\u00e1s sencillo de lo que imaginas. Este [&hellip;]<\/p>","protected":false},"author":139,"featured_media":9282,"comment_status":"closed","ping_status":"open","sticky":false,"template":"","format":"standard","meta":{"footnotes":""},"categories":[5],"tags":[2219,2217,2216,2218,2220],"yoast_head":"<!-- This site is optimized with the Yoast SEO plugin v23.3 - https:\/\/yoast.com\/wordpress\/plugins\/seo\/ -->\n<title>Descubre los 5 alimentos que ayudan a controlar la glucemia - Universo Fam\u00edlia<\/title>\n<meta name=\"description\" content=\"Descubre los 5 alimentos que ayudan a controlar la glucemia. Descubre los 5 alimentos que ayudan a controlar la glucemia y toma el...\" \/>\n<meta name=\"robots\" content=\"index, follow, max-snippet:-1, max-image-preview:large, max-video-preview:-1\" \/>\n<link rel=\"canonical\" href=\"https:\/\/universofamilia.com\/hu\/\u767c\u73fe\u6709\u52a9\u65bc\u63a7\u5236\u8840\u7cd6\u7684-5-\u7a2e\u98df\u7269-3\/\" \/>\n<meta property=\"og:locale\" content=\"hu_HU\" \/>\n<meta property=\"og:type\" content=\"article\" \/>\n<meta property=\"og:title\" content=\"Descubre los 5 alimentos que ayudan a controlar la glucemia - Universo Fam\u00edlia\" \/>\n<meta property=\"og:description\" content=\"Descubre los 5 alimentos que ayudan a controlar la glucemia. Descubre los 5 alimentos que ayudan a controlar la glucemia y toma el...\" \/>\n<meta property=\"og:url\" content=\"https:\/\/universofamilia.com\/hu\/\u767c\u73fe\u6709\u52a9\u65bc\u63a7\u5236\u8840\u7cd6\u7684-5-\u7a2e\u98df\u7269-3\/\" \/>\n<meta property=\"og:site_name\" content=\"Universo Fam\u00edlia\" \/>\n<meta property=\"article:published_time\" content=\"2025-04-11T18:40:02+00:00\" \/>\n<meta property=\"article:modified_time\" content=\"2025-04-11T18:40:04+00:00\" \/>\n<meta property=\"og:image\" content=\"https:\/\/universofamilia.com\/wp-content\/uploads\/sites\/148\/2025\/04\/DESTAQUE-UNIVERSO-550-x-350-5-1.jpg\" \/>\n\t<meta property=\"og:image:width\" content=\"550\" \/>\n\t<meta property=\"og:image:height\" content=\"350\" \/>\n\t<meta property=\"og:image:type\" content=\"image\/jpeg\" \/>\n<meta name=\"author\" content=\"Pedro Henrique\" \/>\n<meta name=\"twitter:card\" content=\"summary_large_image\" \/>\n<meta name=\"twitter:label1\" content=\"Written by\" \/>\n\t<meta name=\"twitter:data1\" content=\"Pedro Henrique\" \/>\n\t<meta name=\"twitter:label2\" content=\"Est. reading time\" \/>\n\t<meta name=\"twitter:data2\" content=\"9 perc\" \/>\n<script type=\"application\/ld+json\" class=\"yoast-schema-graph\">{\"@context\":\"https:\/\/schema.org\",\"@graph\":[{\"@type\":\"WebPage\",\"@id\":\"https:\/\/universofamilia.com\/zh_hk\/\u767c\u73fe\u6709\u52a9\u65bc\u63a7\u5236\u8840\u7cd6\u7684-5-\u7a2e\u98df\u7269-3\/\",\"url\":\"https:\/\/universofamilia.com\/zh_hk\/\u767c\u73fe\u6709\u52a9\u65bc\u63a7\u5236\u8840\u7cd6\u7684-5-\u7a2e\u98df\u7269-3\/\",\"name\":\"Descubre los 5 alimentos que ayudan a controlar la glucemia - Universo Fam\u00edlia\",\"isPartOf\":{\"@id\":\"https:\/\/universofamilia.com\/el\/#website\"},\"primaryImageOfPage\":{\"@id\":\"https:\/\/universofamilia.com\/zh_hk\/\u767c\u73fe\u6709\u52a9\u65bc\u63a7\u5236\u8840\u7cd6\u7684-5-\u7a2e\u98df\u7269-3\/#primaryimage\"},\"image\":{\"@id\":\"https:\/\/universofamilia.com\/zh_hk\/\u767c\u73fe\u6709\u52a9\u65bc\u63a7\u5236\u8840\u7cd6\u7684-5-\u7a2e\u98df\u7269-3\/#primaryimage\"},\"thumbnailUrl\":\"https:\/\/universofamilia.com\/wp-content\/uploads\/sites\/148\/2025\/04\/DESTAQUE-UNIVERSO-550-x-350-5-1.jpg\",\"datePublished\":\"2025-04-11T18:40:02+00:00\",\"dateModified\":\"2025-04-11T18:40:04+00:00\",\"author\":{\"@id\":\"https:\/\/universofamilia.com\/el\/#\/schema\/person\/f07ce98187dd84d31154262e79b3b7ca\"},\"description\":\"Descubre los 5 alimentos que ayudan a controlar la glucemia. Descubre los 5 alimentos que ayudan a controlar la glucemia y toma el...\",\"breadcrumb\":{\"@id\":\"https:\/\/universofamilia.com\/zh_hk\/\u767c\u73fe\u6709\u52a9\u65bc\u63a7\u5236\u8840\u7cd6\u7684-5-\u7a2e\u98df\u7269-3\/#breadcrumb\"},\"inLanguage\":\"hu\",\"potentialAction\":[{\"@type\":\"ReadAction\",\"target\":[\"https:\/\/universofamilia.com\/zh_hk\/\u767c\u73fe\u6709\u52a9\u65bc\u63a7\u5236\u8840\u7cd6\u7684-5-\u7a2e\u98df\u7269-3\/\"]}]},{\"@type\":\"ImageObject\",\"inLanguage\":\"hu\",\"@id\":\"https:\/\/universofamilia.com\/zh_hk\/\u767c\u73fe\u6709\u52a9\u65bc\u63a7\u5236\u8840\u7cd6\u7684-5-\u7a2e\u98df\u7269-3\/#primaryimage\",\"url\":\"https:\/\/universofamilia.com\/wp-content\/uploads\/sites\/148\/2025\/04\/DESTAQUE-UNIVERSO-550-x-350-5-1.jpg\",\"contentUrl\":\"https:\/\/universofamilia.com\/wp-content\/uploads\/sites\/148\/2025\/04\/DESTAQUE-UNIVERSO-550-x-350-5-1.jpg\",\"width\":550,\"height\":350,\"caption\":\"Descubre los 5 alimentos que ayudan a controlar la glucemia\"},{\"@type\":\"BreadcrumbList\",\"@id\":\"https:\/\/universofamilia.com\/zh_hk\/\u767c\u73fe\u6709\u52a9\u65bc\u63a7\u5236\u8840\u7cd6\u7684-5-\u7a2e\u98df\u7269-3\/#breadcrumb\",\"itemListElement\":[{\"@type\":\"ListItem\",\"position\":1,\"name\":\"Home\",\"item\":\"https:\/\/universofamilia.com\/el\/\"},{\"@type\":\"ListItem\",\"position\":2,\"name\":\"Descubre los 5 alimentos que ayudan a controlar la glucemia\"}]},{\"@type\":\"WebSite\",\"@id\":\"https:\/\/universofamilia.com\/el\/#website\",\"url\":\"https:\/\/universofamilia.com\/el\/\",\"name\":\"Universo Fam\u00edlia\",\"description\":\"\",\"potentialAction\":[{\"@type\":\"SearchAction\",\"target\":{\"@type\":\"EntryPoint\",\"urlTemplate\":\"https:\/\/universofamilia.com\/el\/?s={search_term_string}\"},\"query-input\":\"required name=search_term_string\"}],\"inLanguage\":\"hu\"},{\"@type\":\"Person\",\"@id\":\"https:\/\/universofamilia.com\/el\/#\/schema\/person\/f07ce98187dd84d31154262e79b3b7ca\",\"name\":\"Pedro Henrique\",\"image\":{\"@type\":\"ImageObject\",\"inLanguage\":\"hu\",\"@id\":\"https:\/\/universofamilia.com\/el\/#\/schema\/person\/image\/\",\"url\":\"https:\/\/secure.gravatar.com\/avatar\/9edfeb808cb4e1599f64d6e45b130154?s=96&d=mm&r=g\",\"contentUrl\":\"https:\/\/secure.gravatar.com\/avatar\/9edfeb808cb4e1599f64d6e45b130154?s=96&d=mm&r=g\",\"caption\":\"Pedro Henrique\"},\"url\":\"https:\/\/universofamilia.com\/hu\/author\/editor01\/\"}]}<\/script>\n<!-- \/ Yoast SEO plugin. -->","yoast_head_json":{"title":"Descubre los 5 alimentos que ayudan a controlar la glucemia - Universo Fam\u00edlia","description":"Descubre los 5 alimentos que ayudan a controlar la glucemia. Descubre los 5 alimentos que ayudan a controlar la glucemia y toma el...","robots":{"index":"index","follow":"follow","max-snippet":"max-snippet:-1","max-image-preview":"max-image-preview:large","max-video-preview":"max-video-preview:-1"},"canonical":"https:\/\/universofamilia.com\/hu\/\u767c\u73fe\u6709\u52a9\u65bc\u63a7\u5236\u8840\u7cd6\u7684-5-\u7a2e\u98df\u7269-3\/","og_locale":"hu_HU","og_type":"article","og_title":"Descubre los 5 alimentos que ayudan a controlar la glucemia - Universo Fam\u00edlia","og_description":"Descubre los 5 alimentos que ayudan a controlar la glucemia. Descubre los 5 alimentos que ayudan a controlar la glucemia y toma el...","og_url":"https:\/\/universofamilia.com\/hu\/\u767c\u73fe\u6709\u52a9\u65bc\u63a7\u5236\u8840\u7cd6\u7684-5-\u7a2e\u98df\u7269-3\/","og_site_name":"Universo Fam\u00edlia","article_published_time":"2025-04-11T18:40:02+00:00","article_modified_time":"2025-04-11T18:40:04+00:00","og_image":[{"width":550,"height":350,"url":"https:\/\/universofamilia.com\/wp-content\/uploads\/sites\/148\/2025\/04\/DESTAQUE-UNIVERSO-550-x-350-5-1.jpg","type":"image\/jpeg"}],"author":"Pedro Henrique","twitter_card":"summary_large_image","twitter_misc":{"Written by":"Pedro Henrique","Est. reading time":"9 perc"},"schema":{"@context":"https:\/\/schema.org","@graph":[{"@type":"WebPage","@id":"https:\/\/universofamilia.com\/zh_hk\/\u767c\u73fe\u6709\u52a9\u65bc\u63a7\u5236\u8840\u7cd6\u7684-5-\u7a2e\u98df\u7269-3\/","url":"https:\/\/universofamilia.com\/zh_hk\/\u767c\u73fe\u6709\u52a9\u65bc\u63a7\u5236\u8840\u7cd6\u7684-5-\u7a2e\u98df\u7269-3\/","name":"Descubre los 5 alimentos que ayudan a controlar la glucemia - Universo Fam\u00edlia","isPartOf":{"@id":"https:\/\/universofamilia.com\/el\/#website"},"primaryImageOfPage":{"@id":"https:\/\/universofamilia.com\/zh_hk\/\u767c\u73fe\u6709\u52a9\u65bc\u63a7\u5236\u8840\u7cd6\u7684-5-\u7a2e\u98df\u7269-3\/#primaryimage"},"image":{"@id":"https:\/\/universofamilia.com\/zh_hk\/\u767c\u73fe\u6709\u52a9\u65bc\u63a7\u5236\u8840\u7cd6\u7684-5-\u7a2e\u98df\u7269-3\/#primaryimage"},"thumbnailUrl":"https:\/\/universofamilia.com\/wp-content\/uploads\/sites\/148\/2025\/04\/DESTAQUE-UNIVERSO-550-x-350-5-1.jpg","datePublished":"2025-04-11T18:40:02+00:00","dateModified":"2025-04-11T18:40:04+00:00","author":{"@id":"https:\/\/universofamilia.com\/el\/#\/schema\/person\/f07ce98187dd84d31154262e79b3b7ca"},"description":"Descubre los 5 alimentos que ayudan a controlar la glucemia. Descubre los 5 alimentos que ayudan a controlar la glucemia y toma el...","breadcrumb":{"@id":"https:\/\/universofamilia.com\/zh_hk\/\u767c\u73fe\u6709\u52a9\u65bc\u63a7\u5236\u8840\u7cd6\u7684-5-\u7a2e\u98df\u7269-3\/#breadcrumb"},"inLanguage":"hu","potentialAction":[{"@type":"ReadAction","target":["https:\/\/universofamilia.com\/zh_hk\/\u767c\u73fe\u6709\u52a9\u65bc\u63a7\u5236\u8840\u7cd6\u7684-5-\u7a2e\u98df\u7269-3\/"]}]},{"@type":"ImageObject","inLanguage":"hu","@id":"https:\/\/universofamilia.com\/zh_hk\/\u767c\u73fe\u6709\u52a9\u65bc\u63a7\u5236\u8840\u7cd6\u7684-5-\u7a2e\u98df\u7269-3\/#primaryimage","url":"https:\/\/universofamilia.com\/wp-content\/uploads\/sites\/148\/2025\/04\/DESTAQUE-UNIVERSO-550-x-350-5-1.jpg","contentUrl":"https:\/\/universofamilia.com\/wp-content\/uploads\/sites\/148\/2025\/04\/DESTAQUE-UNIVERSO-550-x-350-5-1.jpg","width":550,"height":350,"caption":"Descubre los 5 alimentos que ayudan a controlar la glucemia"},{"@type":"BreadcrumbList","@id":"https:\/\/universofamilia.com\/zh_hk\/\u767c\u73fe\u6709\u52a9\u65bc\u63a7\u5236\u8840\u7cd6\u7684-5-\u7a2e\u98df\u7269-3\/#breadcrumb","itemListElement":[{"@type":"ListItem","position":1,"name":"Home","item":"https:\/\/universofamilia.com\/el\/"},{"@type":"ListItem","position":2,"name":"Descubre los 5 alimentos que ayudan a controlar la glucemia"}]},{"@type":"WebSite","@id":"https:\/\/universofamilia.com\/el\/#website","url":"https:\/\/universofamilia.com\/el\/","name":"Universo Fam\u00edlia","description":"","potentialAction":[{"@type":"SearchAction","target":{"@type":"EntryPoint","urlTemplate":"https:\/\/universofamilia.com\/el\/?s={search_term_string}"},"query-input":"required name=search_term_string"}],"inLanguage":"hu"},{"@type":"Person","@id":"https:\/\/universofamilia.com\/el\/#\/schema\/person\/f07ce98187dd84d31154262e79b3b7ca","name":"Pedro Henrique","image":{"@type":"ImageObject","inLanguage":"hu","@id":"https:\/\/universofamilia.com\/el\/#\/schema\/person\/image\/","url":"https:\/\/secure.gravatar.com\/avatar\/9edfeb808cb4e1599f64d6e45b130154?s=96&d=mm&r=g","contentUrl":"https:\/\/secure.gravatar.com\/avatar\/9edfeb808cb4e1599f64d6e45b130154?s=96&d=mm&r=g","caption":"Pedro Henrique"},"url":"https:\/\/universofamilia.com\/hu\/author\/editor01\/"}]}},"_links":{"self":[{"href":"https:\/\/universofamilia.com\/hu\/wp-json\/wp\/v2\/posts\/9277"}],"collection":[{"href":"https:\/\/universofamilia.com\/hu\/wp-json\/wp\/v2\/posts"}],"about":[{"href":"https:\/\/universofamilia.com\/hu\/wp-json\/wp\/v2\/types\/post"}],"author":[{"embeddable":true,"href":"https:\/\/universofamilia.com\/hu\/wp-json\/wp\/v2\/users\/139"}],"replies":[{"embeddable":true,"href":"https:\/\/universofamilia.com\/hu\/wp-json\/wp\/v2\/comments?post=9277"}],"version-history":[{"count":2,"href":"https:\/\/universofamilia.com\/hu\/wp-json\/wp\/v2\/posts\/9277\/revisions"}],"predecessor-version":[{"id":9494,"href":"https:\/\/universofamilia.com\/hu\/wp-json\/wp\/v2\/posts\/9277\/revisions\/9494"}],"wp:featuredmedia":[{"embeddable":true,"href":"https:\/\/universofamilia.com\/hu\/wp-json\/wp\/v2\/media\/9282"}],"wp:attachment":[{"href":"https:\/\/universofamilia.com\/hu\/wp-json\/wp\/v2\/media?parent=9277"}],"wp:term":[{"taxonomy":"category","embeddable":true,"href":"https:\/\/universofamilia.com\/hu\/wp-json\/wp\/v2\/categories?post=9277"},{"taxonomy":"post_tag","embeddable":true,"href":"https:\/\/universofamilia.com\/hu\/wp-json\/wp\/v2\/tags?post=9277"}],"curies":[{"name":"wp","href":"https:\/\/api.w.org\/{rel}","templated":true}]}}