{"id":9377,"date":"2025-04-24T19:03:23","date_gmt":"2025-04-24T19:03:23","guid":{"rendered":"https:\/\/universofamilia.com\/?p=9377"},"modified":"2025-04-25T18:05:10","modified_gmt":"2025-04-25T18:05:10","slug":"busco-alguien-como-tu-en-las-apps-de-citas","status":"publish","type":"post","link":"https:\/\/universofamilia.com\/hu\/busco-alguien-como-tu-en-las-apps-de-citas\/","title":{"rendered":"Olyan valakit keresek, mint te, t\u00e1rskeres\u0151 alkalmaz\u00e1sokon."},"content":{"rendered":"<h5 class=\"wp-block-heading has-text-align-center\"><strong>Veled is t\u00f6rt\u00e9nt ez mostan\u00e1ban?<\/strong><\/h5>\n\n\n\n<p><\/p>\n\n\n\n<h5 class=\"wp-block-heading has-text-align-center\"><strong><mark class=\"has-inline-color has-vivid-cyan-blue-color\">V\u00e1lasszon egyet a lehet\u0151s\u00e9gek k\u00f6z\u00fcl!<\/mark><\/strong><\/h5>\n\n\n    <section class=\"mx-1 my-10\">\n                                                <a href=\"https:\/\/universofamilia.com\/hu\/aplicaciones-de-citas-2\/\" class=\"text-white\" data-analytics-label=\"optionsButton\"\n                    data-action=\"analytics#trackCTA\">\n                    <div data-options-target=\"option\"\n                        class=\"custom-section rounded-xl border p-3 shadow-md w-full bg-green-700 my-3\">\n                        <div class=\"flex w-full items-center justify-between\">\n                            <div class=\"flex items-center space-x-3\">\n                                <div class=\"text-lg font-bold\">\n                                    Szia, besz\u00e9lj most!   \u279d\n                                <\/div>\n                            <\/div>\n                        <\/div>\n                    <\/div>\n                <\/a>\n                                                            <a href=\"https:\/\/universofamilia.com\/hu\/mejor-app-de-citas-real\/\" class=\"text-white\" data-analytics-label=\"optionsButton\"\n                    data-action=\"analytics#trackCTA\">\n                    <div data-options-target=\"option\"\n                        class=\"custom-section rounded-xl border p-3 shadow-md w-full bg-green-700 my-3\">\n                        <div class=\"flex w-full items-center justify-between\">\n                            <div class=\"flex items-center space-x-3\">\n                                <div class=\"text-lg font-bold\">\n                                    Egy kis aj\u00e1nd\u00e9k neked \u279d\n                                <\/div>\n                            <\/div>\n                        <\/div>\n                    <\/div>\n                <\/a>\n                                                            <a href=\"https:\/\/universofamilia.com\/hu\/el-amor-a-un-clic\/\" class=\"text-white\" data-analytics-label=\"optionsButton\"\n                    data-action=\"analytics#trackCTA\">\n                    <div data-options-target=\"option\"\n                        class=\"custom-section rounded-xl border p-3 shadow-md w-full bg-green-700 my-3\">\n                        <div class=\"flex w-full items-center justify-between\">\n                            <div class=\"flex items-center space-x-3\">\n                                <div class=\"text-lg font-bold\">\n                                    Besz\u00e9lj Victori\u00e1val \u279d\n                                <\/div>\n                            <\/div>\n                        <\/div>\n                    <\/div>\n                <\/a>\n                            <p class=\"text-xs text-gray-500 text-right hidden\"\n            style=\"margin-left: 50%; margin-bottom: 50px; margin-top: 5px;\">\n            <!-- You will be redirected to another website -->\n        <\/p>\n    <\/section>\n\n\n\n\n<p><\/p>\n\n\n\n<p><strong>Olyan valakit keresek, mint te, t\u00e1rskeres\u0151 alkalmaz\u00e1sokon.<\/strong>. Tal\u00e1n \u00fagy \u00e9rezted, hogy neh\u00e9z j\u00f3 t\u00e1rsas\u00e1got tal\u00e1lni.<\/p>\n\n\n\n<p>Az utc\u00e1k m\u00e1r nem olyanok, mint r\u00e9gen, a b\u00e1rok tele vannak zajjal, \u00e9s az emberek t\u00e1volibbnak t\u0171nnek, mint valaha.<\/p>\n\n\n\n<p>De k\u00f6z\u00f6tt\u00fcnk, <a href=\"https:\/\/universofamilia.com\/hu\/aplicaciones-de-citas-2\/\">Mi lenne, ha a megold\u00e1s a mobiltelefonodon lenne?<\/a><\/p>\n\n\n\n<p>\u00cdgy van, egy egyszer\u0171 alkalmaz\u00e1s \u00faj, val\u00f3di, \u00e9rzelmi \u00e9s m\u00e9ly kapcsolatokat teremthet.<\/p>\n\n\n\n<p>Ebben a cikkben elmondom, hogyan m\u0171k\u00f6dik mindez, mely alkalmaz\u00e1sokat \u00e9rdemes kipr\u00f3b\u00e1lni, \u00e9s hogyan kezdhetsz hozz\u00e1 m\u00e9g ma.<\/p>\n\n\n\n<p>K\u00e9sz\u00fclj fel, hogy felfedezd, milyen k\u00f6nny\u0171 megtal\u00e1lni valakit, aki olyan, mint te, m\u00e9g akkor is, ha nem vagy j\u00e1rtas a technol\u00f3gi\u00e1ban.<\/p>\n\n\n\n<h2 class=\"wp-block-heading\"><strong>Hogyan m\u0171k\u00f6dnek manaps\u00e1g a t\u00e1rskeres\u0151 alkalmaz\u00e1sok?<\/strong><\/h2>\n\n\n\n<h3 class=\"wp-block-heading\">\u00daj m\u00f3dja az emberekkel val\u00f3 tal\u00e1lkoz\u00e1snak<\/h3>\n\n\n\n<p>T\u00f6bb\u00e9 nem kell elmenned otthonr\u00f3l, hogy tal\u00e1lkozz egy \u00e9rdekes szem\u00e9llyel.<\/p>\n\n\n\n<p>A t\u00e1rskeres\u0151 alkalmaz\u00e1sok naponta t\u00f6bb milli\u00f3 embert k\u00f6tnek \u00f6ssze.<\/p>\n\n\n\n<p>Tudtad, hogy a modern p\u00e1rok t\u00f6bb mint 40%-a online ismerkedik meg?<\/p>\n\n\n\n<p><\/p>\n\n\n\n<hr class=\"wp-block-separator has-alpha-channel-opacity is-style-wide\" \/>\n\n\n\n<h4 class=\"wp-block-heading has-text-align-center\"><strong><mark class=\"has-inline-color has-luminous-vivid-orange-color\">Olvasd el ezt is<\/mark><\/strong><\/h4>\n\n\n    <section class=\"mx-1 my-10\">\n                                                <a href=\"https:\/\/universofamilia.com\/hu\/lp-filmes-asiaticos\/\" class=\"text-white\" data-analytics-label=\"optionsButton\"\n                    data-action=\"analytics#trackCTA\">\n                    <div data-options-target=\"option\"\n                        class=\"custom-section rounded-xl border p-3 shadow-md w-full bg-green-700 my-3\">\n                        <div class=\"flex w-full items-center justify-between\">\n                            <div class=\"flex items-center space-x-3\">\n                                <div class=\"text-lg font-bold\">\n                                    App koreai dr\u00e1m\u00e1k n\u00e9z\u00e9s\u00e9hez \u279d\n                                <\/div>\n                            <\/div>\n                        <\/div>\n                    <\/div>\n                <\/a>\n                                                            <a href=\"https:\/\/universofamilia.com\/hu\/lp-recuperar-fotos\/\" class=\"text-white\" data-analytics-label=\"optionsButton\"\n                    data-action=\"analytics#trackCTA\">\n                    <div data-options-target=\"option\"\n                        class=\"custom-section rounded-xl border p-3 shadow-md w-full bg-green-700 my-3\">\n                        <div class=\"flex w-full items-center justify-between\">\n                            <div class=\"flex items-center space-x-3\">\n                                <div class=\"text-lg font-bold\">\n                                    T\u00f6r\u00f6lt fot\u00f3k helyre\u00e1ll\u00edt\u00e1sa ezzel az alkalmaz\u00e1ssal!  \u279d\n                                <\/div>\n                            <\/div>\n                        <\/div>\n                    <\/div>\n                <\/a>\n                                                            <a href=\"https:\/\/universofamilia.com\/hu\/el-amor-a-un-clic\/\" class=\"text-white\" data-analytics-label=\"optionsButton\"\n                    data-action=\"analytics#trackCTA\">\n                    <div data-options-target=\"option\"\n                        class=\"custom-section rounded-xl border p-3 shadow-md w-full bg-green-700 my-3\">\n                        <div class=\"flex w-full items-center justify-between\">\n                            <div class=\"flex items-center space-x-3\">\n                                <div class=\"text-lg font-bold\">\n                                    Fedezd fel az ide\u00e1lis t\u00e1rskeres\u0151 alkalmaz\u00e1st \u279d\n                                <\/div>\n                            <\/div>\n                        <\/div>\n                    <\/div>\n                <\/a>\n                            <p class=\"text-xs text-gray-500 text-right hidden\"\n            style=\"margin-left: 50%; margin-bottom: 50px; margin-top: 5px;\">\n            <!-- You will be redirected to another website -->\n        <\/p>\n    <\/section>\n\n\n\n\n<p class=\"has-text-align-right\"><em><strong><em><strong><em><strong><em><strong><em><strong>Ugyanott fog maradni!<\/strong><\/em><\/strong><\/em><\/strong><\/em><\/strong><\/em><\/strong><\/em><\/p>\n\n\n\n<hr class=\"wp-block-separator has-alpha-channel-opacity is-style-wide\" \/>\n\n\n\n<p><\/p>\n\n\n\n<h3 class=\"wp-block-heading\">El\u0151ny\u00f6k minden koroszt\u00e1ly sz\u00e1m\u00e1ra<\/h3>\n\n\n\n<ul>\n<li>Otthonod k\u00e9nyelm\u00e9b\u0151l cseveghetsz<\/li>\n\n\n\n<li>Te ir\u00e1ny\u00edtod, hogy kivel \u00e9s mikor besz\u00e9lsz<\/li>\n\n\n\n<li>Ide\u00e1lis id\u0151sebb vagy f\u00e9l\u00e9nk emberek sz\u00e1m\u00e1ra<\/li>\n\n\n\n<li>Vannak speci\u00e1lis alkalmaz\u00e1sok a k\u00fcl\u00f6nb\u00f6z\u0151 t\u00edpus\u00fa kapcsolatokhoz<\/li>\n<\/ul>\n\n\n\n<h2 class=\"wp-block-heading\"><strong>Mire kell figyelni egy t\u00e1rskeres\u0151 alkalmaz\u00e1sban?<\/strong><\/h2>\n\n\n\n<h3 class=\"wp-block-heading\">Biztons\u00e1g \u00e9s adatv\u00e9delem mindenekel\u0151tt<\/h3>\n\n\n\n<p>Ker\u00fcld azokat az alkalmaz\u00e1sokat, amelyek felesleges adatokat k\u00e9rnek, vagy nem ellen\u0151rzik a felhaszn\u00e1l\u00f3kat. A j\u00f3 alkalmaz\u00e1sok biztons\u00e1gi sz\u0171r\u0151kkel \u00e9s funkci\u00f3kkal rendelkeznek a gyan\u00fas viselked\u00e9s jelent\u00e9s\u00e9re.<\/p>\n\n\n\n<h3 class=\"wp-block-heading\">Kezd\u0151bar\u00e1t funkci\u00f3k<\/h3>\n\n\n\n<p>Ha nem vagy t\u00fal j\u00e1rtas a technik\u00e1ban, keress egyszer\u0171 diz\u00e1jn\u00fa, nagym\u00e9ret\u0171 sz\u00f6veggel \u00e9s j\u00f3l l\u00e1that\u00f3 gombokkal rendelkez\u0151 alkalmaz\u00e1sokat.<\/p>\n\n\n\n<h3 class=\"wp-block-heading\">Akt\u00edv \u00e9s soksz\u00edn\u0171 k\u00f6z\u00f6ss\u00e9g<\/h3>\n\n\n\n<p>Min\u00e9l akt\u00edvabbak vagytok, ann\u00e1l nagyobb az es\u00e9lyetek a kapcsolatok kialak\u00edt\u00e1s\u00e1ra. Egy kedves k\u00f6z\u00f6ss\u00e9g mindent megv\u00e1ltoztat.<\/p>\n\n\n\n<h2 class=\"wp-block-heading\"><strong>3 megb\u00edzhat\u00f3 alkalmaz\u00e1s, amivel hozz\u00e1d hasonl\u00f3 embereket tal\u00e1lhatsz<\/strong><\/h2>\n\n\n\n<h3 class=\"wp-block-heading\">1. <a href=\"https:\/\/badoo.com\/pt\/\">Badoo<\/a><\/h3>\n\n\n\n<p>Az egyik legn\u00e9pszer\u0171bb alkalmaz\u00e1s, t\u00f6bb milli\u00f3 felhaszn\u00e1l\u00f3val vil\u00e1gszerte.<\/p>\n\n\n\n<p>Kereshetsz a k\u00f6zelben l\u00e9v\u0151 embereket, megtekinthetsz f\u00e9nyk\u00e9peket, \u00fczeneteket k\u00fcldhetsz, s\u0151t videoh\u00edv\u00e1sokat is kezdem\u00e9nyezhetsz.<\/p>\n\n\n\n<p><strong>A Badoo legjobbjai:<\/strong><\/p>\n\n\n\n<ul>\n<li>Gyors regisztr\u00e1ci\u00f3<\/li>\n\n\n\n<li>Sz\u0171r\u00e9sek \u00e9letkor, v\u00e1ros, \u00e9rdekl\u0151d\u00e9si k\u00f6r szerint<\/li>\n\n\n\n<li>Profilellen\u0151rz\u00e9s a nagyobb biztons\u00e1g \u00e9rdek\u00e9ben<\/li>\n<\/ul>\n\n\n\n<p><\/p>\n\n\n\n<hr class=\"wp-block-separator has-alpha-channel-opacity is-style-wide\" \/>\n\n\n\n<h5 class=\"wp-block-heading has-text-align-left\"><strong><mark class=\"has-inline-color has-luminous-vivid-amber-color\"><strong><mark class=\"has-inline-color has-luminous-vivid-amber-color\"><a>\ud83d\udc49 <\/a><strong><mark class=\"has-inline-color has-luminous-vivid-amber-color\"><strong>T\u00f6ltsd le az alkalmaz\u00e1st:<\/strong><\/mark><\/strong><\/mark><\/strong><\/mark><\/strong><\/h5>\n\n\n    <section class=\"mx-1 my-10\">\n                                                <a href=\"https:\/\/badoo.com\/pt\/\" class=\"text-white\" data-analytics-label=\"optionsButton\"\n                    data-action=\"analytics#trackCTA\">\n                    <div data-options-target=\"option\"\n                        class=\"custom-section rounded-xl border p-3 shadow-md w-full bg-green-700 my-3\">\n                        <div class=\"flex w-full items-center justify-between\">\n                            <div class=\"flex items-center space-x-3\">\n                                <div class=\"text-lg font-bold\">\n                                    Badoo \u279d\n                                <\/div>\n                            <\/div>\n                        <\/div>\n                    <\/div>\n                <\/a>\n                            <p class=\"text-xs text-gray-500 text-right\"\n            style=\"margin-left: 50%; margin-bottom: 50px; margin-top: 5px;\">\n            <!-- You will be redirected to another website -->\n        <\/p>\n    <\/section>\n\n\n\n\n<p class=\"has-text-align-right\"><em><strong><em><strong><em><strong><em><strong><em><strong><em><strong><em><strong><em><strong><em><strong><em><strong>\u00c1t leszel ir\u00e1ny\u00edtva egy m\u00e1sik oldalra!<\/strong><\/em><\/strong><\/em><\/strong><\/em><\/strong><\/em><\/strong><\/em><\/strong><\/em><\/strong><\/em><\/strong><\/em><\/strong><\/em><\/strong><\/em><\/p>\n\n\n\n<hr class=\"wp-block-separator has-alpha-channel-opacity is-style-wide\" \/>\n\n\n\n<p><\/p>\n\n\n\n<h3 class=\"wp-block-heading\">2. Facebook p\u00e1rok<\/h3>\n\n\n\n<p>Ha m\u00e1r haszn\u00e1lod a Facebookot, ez az alkalmaz\u00e1s nagyon ismer\u0151s lesz. Ez a profilod r\u00e9sze, de priv\u00e1t m\u00f3don m\u0171k\u00f6dik.<\/p>\n\n\n\n<p>A kapcsolataid k\u00f6z\u00fcl senki sem fogja l\u00e1tni, hogy haszn\u00e1lod, kiv\u00e9ve, ha te d\u00f6ntesz \u00fagy.<\/p>\n\n\n\n<p><strong>F\u0151bb el\u0151ny\u00f6k:<\/strong><\/p>\n\n\n\n<ul>\n<li>Teljesen ingyenes<\/li>\n\n\n\n<li>K\u00f6z\u00f6s \u00e9rdekl\u0151d\u00e9si k\u00f6r\u00f6k \u00e9s bar\u00e1ti kapcsolatok alapj\u00e1n<\/li>\n\n\n\n<li>Intelligens javaslatok a profilod alapj\u00e1n<\/li>\n<\/ul>\n\n\n\n<p><\/p>\n\n\n\n<hr class=\"wp-block-separator has-alpha-channel-opacity is-style-wide\" \/>\n\n\n\n<h5 class=\"wp-block-heading has-text-align-left\"><strong><mark class=\"has-inline-color has-luminous-vivid-amber-color\"><strong><mark class=\"has-inline-color has-luminous-vivid-amber-color\"><a>\ud83d\udc49 <\/a><strong><mark class=\"has-inline-color has-luminous-vivid-amber-color\"><strong>T\u00f6ltsd le az alkalmaz\u00e1st:<\/strong><\/mark><\/strong><\/mark><\/strong><\/mark><\/strong><\/h5>\n\n\n    <section class=\"mx-1 my-10\">\n                                                <a href=\"https:\/\/facebook.br.uptodown.com\/android\" class=\"text-white\" data-analytics-label=\"optionsButton\"\n                    data-action=\"analytics#trackCTA\">\n                    <div data-options-target=\"option\"\n                        class=\"custom-section rounded-xl border p-3 shadow-md w-full bg-green-700 my-3\">\n                        <div class=\"flex w-full items-center justify-between\">\n                            <div class=\"flex items-center space-x-3\">\n                                <div class=\"text-lg font-bold\">\n                                    Facebook P\u00e1rok \u279d\n                                <\/div>\n                            <\/div>\n                        <\/div>\n                    <\/div>\n                <\/a>\n                            <p class=\"text-xs text-gray-500 text-right\"\n            style=\"margin-left: 50%; margin-bottom: 50px; margin-top: 5px;\">\n            <!-- You will be redirected to another website -->\n        <\/p>\n    <\/section>\n\n\n\n\n<p class=\"has-text-align-right\"><em><strong><em><strong><em><strong><em><strong><em><strong><em><strong><em><strong><em><strong><em><strong><em><strong>\u00c1t leszel ir\u00e1ny\u00edtva egy m\u00e1sik oldalra!<\/strong><\/em><\/strong><\/em><\/strong><\/em><\/strong><\/em><\/strong><\/em><\/strong><\/em><\/strong><\/em><\/strong><\/em><\/strong><\/em><\/strong><\/em><\/p>\n\n\n\n<hr class=\"wp-block-separator has-alpha-channel-opacity is-style-wide\" \/>\n\n\n\n<p><\/p>\n\n\n\n<h3 class=\"wp-block-heading\">3. Meetic<\/h3>\n\n\n\n<p>Kifejezetten komoly kapcsolatot keres\u0151 emberek sz\u00e1m\u00e1ra k\u00e9sz\u00fclt.<\/p>\n\n\n\n<p>Sz\u00e9les k\u00f6rben haszn\u00e1lj\u00e1k id\u0151sebb feln\u0151ttek, eleg\u00e1ns, letisztult \u00e9s j\u00e1t\u00e9kmentes megk\u00f6zel\u00edt\u00e9ssel rendelkezik.<\/p>\n\n\n\n<p><strong>Meetic kiemelt jellemz\u0151i:<\/strong><\/p>\n\n\n\n<ul>\n<li>Szem\u00e9lyes tal\u00e1lkoz\u00f3k<\/li>\n\n\n\n<li>Moder\u00e1lt cseveg\u00e9sek<\/li>\n\n\n\n<li>Pr\u00e9mium funkci\u00f3k, amik meg\u00e9rik az \u00e1r\u00e1t<\/li>\n<\/ul>\n\n\n\n<p><\/p>\n\n\n\n<hr class=\"wp-block-separator has-alpha-channel-opacity is-style-wide\" \/>\n\n\n\n<h5 class=\"wp-block-heading has-text-align-left\"><strong><mark class=\"has-inline-color has-luminous-vivid-amber-color\"><strong><mark class=\"has-inline-color has-luminous-vivid-amber-color\"><a>\ud83d\udc49 <\/a><strong><mark class=\"has-inline-color has-luminous-vivid-amber-color\"><strong>T\u00f6ltsd le az alkalmaz\u00e1st:<\/strong><\/mark><\/strong><\/mark><\/strong><\/mark><\/strong><\/h5>\n\n\n    <section class=\"mx-1 my-10\">\n                                                <a href=\"https:\/\/www.meetic.pt\/\" class=\"text-white\" data-analytics-label=\"optionsButton\"\n                    data-action=\"analytics#trackCTA\">\n                    <div data-options-target=\"option\"\n                        class=\"custom-section rounded-xl border p-3 shadow-md w-full bg-green-700 my-3\">\n                        <div class=\"flex w-full items-center justify-between\">\n                            <div class=\"flex items-center space-x-3\">\n                                <div class=\"text-lg font-bold\">\n                                    Meetic \u279d\n                                <\/div>\n                            <\/div>\n                        <\/div>\n                    <\/div>\n                <\/a>\n                            <p class=\"text-xs text-gray-500 text-right\"\n            style=\"margin-left: 50%; margin-bottom: 50px; margin-top: 5px;\">\n            <!-- You will be redirected to another website -->\n        <\/p>\n    <\/section>\n\n\n\n\n<p class=\"has-text-align-right\"><em><strong><em><strong><em><strong><em><strong><em><strong><em><strong><em><strong><em><strong><em><strong><em><strong>\u00c1t leszel ir\u00e1ny\u00edtva egy m\u00e1sik oldalra!<\/strong><\/em><\/strong><\/em><\/strong><\/em><\/strong><\/em><\/strong><\/em><\/strong><\/em><\/strong><\/em><\/strong><\/em><\/strong><\/em><\/strong><\/em><\/p>\n\n\n\n<hr class=\"wp-block-separator has-alpha-channel-opacity is-style-wide\" \/>\n\n\n\n<p><\/p>\n\n\n\n<h2 class=\"wp-block-heading\"><strong>Gyakorlati tippek a f\u00e9lelem n\u00e9lk\u00fcli kezd\u00e9shez<\/strong><\/h2>\n\n\n\n<h3 class=\"wp-block-heading\">Hozz l\u00e9tre egy \u0151szinte \u00e9s bar\u00e1ts\u00e1gos profilt<\/h3>\n\n\n\n<p>Haszn\u00e1lj egy aktu\u00e1lis fot\u00f3t, mosolyogj, \u00e9s \u00edrj egy r\u00f6vid bemutatkoz\u00e1st arr\u00f3l, hogy mit szeretsz. L\u00e9gy \u00f6nmagad.<\/p>\n\n\n\n<h3 class=\"wp-block-heading\">Besz\u00e9lj tisztelettel \u00e9s k\u00edv\u00e1ncsis\u00e1ggal<\/h3>\n\n\n\n<p>Tegy\u00e9l fel egyszer\u0171 k\u00e9rd\u00e9seket: Mit szeretsz csin\u00e1lni? Vannak h\u00e1zi\u00e1llataid? Figyelj akt\u00edvan.<\/p>\n\n\n\n<h3 class=\"wp-block-heading\">Ne siess!<\/h3>\n\n\n\n<p>Sz\u00e1nj id\u0151t arra, hogy j\u00f3l megismerd a m\u00e1sik embert. Ha valami nem okoz neked k\u00e9nyelmet, abbahagyhatod a besz\u00e9lget\u00e9st, \u00e9s kereshetsz m\u00e1sik kapcsolatot.<\/p>\n\n\n<div class=\"wp-block-image\">\n<figure class=\"aligncenter size-full\"><img loading=\"lazy\" decoding=\"async\" width=\"550\" height=\"350\" src=\"https:\/\/universofamilia.com\/wp-content\/uploads\/sites\/148\/2025\/04\/DESTAQUE-UNIVERSO-550-x-350-5-7.jpg\" alt=\"\" class=\"wp-image-9382\" srcset=\"https:\/\/universofamilia.com\/wp-content\/uploads\/sites\/148\/2025\/04\/DESTAQUE-UNIVERSO-550-x-350-5-7.jpg 550w, https:\/\/universofamilia.com\/wp-content\/uploads\/sites\/148\/2025\/04\/DESTAQUE-UNIVERSO-550-x-350-5-7-300x191.jpg 300w, https:\/\/universofamilia.com\/wp-content\/uploads\/sites\/148\/2025\/04\/DESTAQUE-UNIVERSO-550-x-350-5-7-18x12.jpg 18w\" sizes=\"(max-width: 550px) 100vw, 550px\" \/><figcaption class=\"wp-element-caption\">Olyan valakit keresek, mint te, t\u00e1rskeres\u0151 alkalmaz\u00e1sokon.<\/figcaption><\/figure><\/div>\n\n\n<h2 class=\"wp-block-heading\"><strong>Mi van, ha nem vagyok j\u00f3 a technol\u00f3gi\u00e1ban?<\/strong><\/h2>\n\n\n\n<p>Nem probl\u00e9ma! Sok alkalmaz\u00e1st olyan emberek sz\u00e1m\u00e1ra terveztek, akiknek nincs tapasztalatuk. \u00cdme \u00f6tleteket adunk:<\/p>\n\n\n\n<ul>\n<li>K\u00e9rj seg\u00edts\u00e9get egy csal\u00e1dtagt\u00f3l vagy bar\u00e1tt\u00f3l az alkalmaz\u00e1s telep\u00edt\u00e9s\u00e9hez.<\/li>\n\n\n\n<li>Haszn\u00e1lja az alkalmaz\u00e1son bel\u00fcli oktat\u00f3anyagokat<\/li>\n\n\n\n<li>\u00cdrd le a jelszavadat, \u00e9s tartsd egyszer\u0171nek a profilodat.<\/li>\n<\/ul>\n\n\n\n<p>Ne feledd: nincs korhat\u00e1r a szerelemre vagy valami \u00faj megtanul\u00e1s\u00e1ra.<\/p>\n\n\n\n<h2 class=\"wp-block-heading\"><strong>Vedd \u00e1t az ir\u00e1ny\u00edt\u00e1st a szerelmi \u00e9leted felett<\/strong><\/h2>\n\n\n\n<p>Ha randialkalmaz\u00e1sokon tal\u00e1lsz valakit, aki hozz\u00e1d hasonl\u00f3, az lehet az els\u0151 l\u00e9p\u00e9s egy \u00faj, izgalommal \u00e9s szeretettel teli szakasz fel\u00e9. Nem kell hozz\u00e1 fiatalnak vagy mobiltelefon-szak\u00e9rt\u0151nek lenned. Csak meg kell nyitnod a sz\u00edved.<\/p>\n\n\n\n<p>Kattints a linkekre, v\u00e1laszd ki a neked legjobban tetsz\u0151 alkalmaz\u00e1st, \u00e9s kezdd el ezt a kalandot. A szerelem v\u00e1r r\u00e1d a k\u00e9perny\u0151 t\u00faloldal\u00e1n!<\/p>","protected":false},"excerpt":{"rendered":"<p>\u00bfTe ha pasado esto \u00faltimamente? \u00a1Elija una de las opciones! Busco alguien como t\u00fa en las apps de citas. Tal vez has sentido que encontrar una buena compa\u00f1\u00eda se ha vuelto complicado. Las calles ya no son lo que eran, los bares est\u00e1n llenos de ruido y las personas parecen m\u00e1s distantes que nunca. Pero [&hellip;]<\/p>","protected":false},"author":139,"featured_media":9382,"comment_status":"closed","ping_status":"open","sticky":false,"template":"","format":"standard","meta":{"footnotes":""},"categories":[2],"tags":[79,2258,410,2259,810],"yoast_head":"<!-- This site is optimized with the Yoast SEO plugin v23.3 - https:\/\/yoast.com\/wordpress\/plugins\/seo\/ -->\n<title>Busco alguien como t\u00fa en las apps de citas - Universo Fam\u00edlia<\/title>\n<meta name=\"description\" content=\"Busco alguien como t\u00fa en las apps de citas. Busco alguien como t\u00fa en las apps de citas. Tal vez has sentido que encontrar una buena compa\u00f1\u00eda se ha vuelto complicado.\" \/>\n<meta name=\"robots\" content=\"index, follow, max-snippet:-1, max-image-preview:large, max-video-preview:-1\" \/>\n<link rel=\"canonical\" href=\"http:\/\/universofamilia.com\/hu\/busco-alguien-como-tu-en-las-apps-de-citas\/\" \/>\n<meta property=\"og:locale\" content=\"hu_HU\" \/>\n<meta property=\"og:type\" content=\"article\" \/>\n<meta property=\"og:title\" content=\"Busco alguien como t\u00fa en las apps de citas - Universo Fam\u00edlia\" \/>\n<meta property=\"og:description\" content=\"Busco alguien como t\u00fa en las apps de citas. Busco alguien como t\u00fa en las apps de citas. Tal vez has sentido que encontrar una buena compa\u00f1\u00eda se ha vuelto complicado.\" \/>\n<meta property=\"og:url\" content=\"http:\/\/universofamilia.com\/hu\/busco-alguien-como-tu-en-las-apps-de-citas\/\" \/>\n<meta property=\"og:site_name\" content=\"Universo Fam\u00edlia\" \/>\n<meta property=\"article:published_time\" content=\"2025-04-24T19:03:23+00:00\" \/>\n<meta property=\"article:modified_time\" content=\"2025-04-25T18:05:10+00:00\" \/>\n<meta property=\"og:image\" content=\"http:\/\/universofamilia.com\/wp-content\/uploads\/sites\/148\/2025\/04\/DESTAQUE-UNIVERSO-550-x-350-5-7.jpg\" \/>\n\t<meta property=\"og:image:width\" content=\"550\" \/>\n\t<meta property=\"og:image:height\" content=\"350\" \/>\n\t<meta property=\"og:image:type\" content=\"image\/jpeg\" \/>\n<meta name=\"author\" content=\"Pedro Henrique\" \/>\n<meta name=\"twitter:card\" content=\"summary_large_image\" \/>\n<meta name=\"twitter:label1\" content=\"Written by\" \/>\n\t<meta name=\"twitter:data1\" content=\"Pedro Henrique\" \/>\n\t<meta name=\"twitter:label2\" content=\"Est. reading time\" \/>\n\t<meta name=\"twitter:data2\" content=\"5 perc\" \/>\n<script type=\"application\/ld+json\" class=\"yoast-schema-graph\">{\"@context\":\"https:\/\/schema.org\",\"@graph\":[{\"@type\":\"WebPage\",\"@id\":\"http:\/\/universofamilia.com\/da\/busco-alguien-como-tu-en-las-apps-de-citas\/\",\"url\":\"http:\/\/universofamilia.com\/da\/busco-alguien-como-tu-en-las-apps-de-citas\/\",\"name\":\"Busco alguien como t\u00fa en las apps de citas - Universo Fam\u00edlia\",\"isPartOf\":{\"@id\":\"https:\/\/universofamilia.com\/el\/#website\"},\"primaryImageOfPage\":{\"@id\":\"http:\/\/universofamilia.com\/da\/busco-alguien-como-tu-en-las-apps-de-citas\/#primaryimage\"},\"image\":{\"@id\":\"http:\/\/universofamilia.com\/da\/busco-alguien-como-tu-en-las-apps-de-citas\/#primaryimage\"},\"thumbnailUrl\":\"https:\/\/universofamilia.com\/wp-content\/uploads\/sites\/148\/2025\/04\/DESTAQUE-UNIVERSO-550-x-350-5-7.jpg\",\"datePublished\":\"2025-04-24T19:03:23+00:00\",\"dateModified\":\"2025-04-25T18:05:10+00:00\",\"author\":{\"@id\":\"https:\/\/universofamilia.com\/el\/#\/schema\/person\/f07ce98187dd84d31154262e79b3b7ca\"},\"description\":\"Busco alguien como t\u00fa en las apps de citas. Busco alguien como t\u00fa en las apps de citas. Tal vez has sentido que encontrar una buena compa\u00f1\u00eda se ha vuelto complicado.\",\"breadcrumb\":{\"@id\":\"http:\/\/universofamilia.com\/da\/busco-alguien-como-tu-en-las-apps-de-citas\/#breadcrumb\"},\"inLanguage\":\"hu\",\"potentialAction\":[{\"@type\":\"ReadAction\",\"target\":[\"http:\/\/universofamilia.com\/da\/busco-alguien-como-tu-en-las-apps-de-citas\/\"]}]},{\"@type\":\"ImageObject\",\"inLanguage\":\"hu\",\"@id\":\"http:\/\/universofamilia.com\/da\/busco-alguien-como-tu-en-las-apps-de-citas\/#primaryimage\",\"url\":\"https:\/\/universofamilia.com\/wp-content\/uploads\/sites\/148\/2025\/04\/DESTAQUE-UNIVERSO-550-x-350-5-7.jpg\",\"contentUrl\":\"https:\/\/universofamilia.com\/wp-content\/uploads\/sites\/148\/2025\/04\/DESTAQUE-UNIVERSO-550-x-350-5-7.jpg\",\"width\":550,\"height\":350,\"caption\":\"Busco alguien como t\u00fa en las apps de citas\"},{\"@type\":\"BreadcrumbList\",\"@id\":\"http:\/\/universofamilia.com\/da\/busco-alguien-como-tu-en-las-apps-de-citas\/#breadcrumb\",\"itemListElement\":[{\"@type\":\"ListItem\",\"position\":1,\"name\":\"Home\",\"item\":\"https:\/\/universofamilia.com\/el\/\"},{\"@type\":\"ListItem\",\"position\":2,\"name\":\"Busco alguien como t\u00fa en las apps de citas\"}]},{\"@type\":\"WebSite\",\"@id\":\"https:\/\/universofamilia.com\/el\/#website\",\"url\":\"https:\/\/universofamilia.com\/el\/\",\"name\":\"Universo Fam\u00edlia\",\"description\":\"\",\"potentialAction\":[{\"@type\":\"SearchAction\",\"target\":{\"@type\":\"EntryPoint\",\"urlTemplate\":\"https:\/\/universofamilia.com\/el\/?s={search_term_string}\"},\"query-input\":\"required name=search_term_string\"}],\"inLanguage\":\"hu\"},{\"@type\":\"Person\",\"@id\":\"https:\/\/universofamilia.com\/el\/#\/schema\/person\/f07ce98187dd84d31154262e79b3b7ca\",\"name\":\"Pedro Henrique\",\"image\":{\"@type\":\"ImageObject\",\"inLanguage\":\"hu\",\"@id\":\"https:\/\/universofamilia.com\/el\/#\/schema\/person\/image\/\",\"url\":\"https:\/\/secure.gravatar.com\/avatar\/9edfeb808cb4e1599f64d6e45b130154?s=96&d=mm&r=g\",\"contentUrl\":\"https:\/\/secure.gravatar.com\/avatar\/9edfeb808cb4e1599f64d6e45b130154?s=96&d=mm&r=g\",\"caption\":\"Pedro Henrique\"},\"url\":\"https:\/\/universofamilia.com\/hu\/author\/editor01\/\"}]}<\/script>\n<!-- \/ Yoast SEO plugin. -->","yoast_head_json":{"title":"Busco alguien como t\u00fa en las apps de citas - Universo Fam\u00edlia","description":"Busco alguien como t\u00fa en las apps de citas. Busco alguien como t\u00fa en las apps de citas. Tal vez has sentido que encontrar una buena compa\u00f1\u00eda se ha vuelto complicado.","robots":{"index":"index","follow":"follow","max-snippet":"max-snippet:-1","max-image-preview":"max-image-preview:large","max-video-preview":"max-video-preview:-1"},"canonical":"http:\/\/universofamilia.com\/hu\/busco-alguien-como-tu-en-las-apps-de-citas\/","og_locale":"hu_HU","og_type":"article","og_title":"Busco alguien como t\u00fa en las apps de citas - Universo Fam\u00edlia","og_description":"Busco alguien como t\u00fa en las apps de citas. Busco alguien como t\u00fa en las apps de citas. Tal vez has sentido que encontrar una buena compa\u00f1\u00eda se ha vuelto complicado.","og_url":"http:\/\/universofamilia.com\/hu\/busco-alguien-como-tu-en-las-apps-de-citas\/","og_site_name":"Universo Fam\u00edlia","article_published_time":"2025-04-24T19:03:23+00:00","article_modified_time":"2025-04-25T18:05:10+00:00","og_image":[{"width":550,"height":350,"url":"http:\/\/universofamilia.com\/wp-content\/uploads\/sites\/148\/2025\/04\/DESTAQUE-UNIVERSO-550-x-350-5-7.jpg","type":"image\/jpeg"}],"author":"Pedro Henrique","twitter_card":"summary_large_image","twitter_misc":{"Written by":"Pedro Henrique","Est. reading time":"5 perc"},"schema":{"@context":"https:\/\/schema.org","@graph":[{"@type":"WebPage","@id":"http:\/\/universofamilia.com\/da\/busco-alguien-como-tu-en-las-apps-de-citas\/","url":"http:\/\/universofamilia.com\/da\/busco-alguien-como-tu-en-las-apps-de-citas\/","name":"Busco alguien como t\u00fa en las apps de citas - Universo Fam\u00edlia","isPartOf":{"@id":"https:\/\/universofamilia.com\/el\/#website"},"primaryImageOfPage":{"@id":"http:\/\/universofamilia.com\/da\/busco-alguien-como-tu-en-las-apps-de-citas\/#primaryimage"},"image":{"@id":"http:\/\/universofamilia.com\/da\/busco-alguien-como-tu-en-las-apps-de-citas\/#primaryimage"},"thumbnailUrl":"https:\/\/universofamilia.com\/wp-content\/uploads\/sites\/148\/2025\/04\/DESTAQUE-UNIVERSO-550-x-350-5-7.jpg","datePublished":"2025-04-24T19:03:23+00:00","dateModified":"2025-04-25T18:05:10+00:00","author":{"@id":"https:\/\/universofamilia.com\/el\/#\/schema\/person\/f07ce98187dd84d31154262e79b3b7ca"},"description":"Busco alguien como t\u00fa en las apps de citas. Busco alguien como t\u00fa en las apps de citas. Tal vez has sentido que encontrar una buena compa\u00f1\u00eda se ha vuelto complicado.","breadcrumb":{"@id":"http:\/\/universofamilia.com\/da\/busco-alguien-como-tu-en-las-apps-de-citas\/#breadcrumb"},"inLanguage":"hu","potentialAction":[{"@type":"ReadAction","target":["http:\/\/universofamilia.com\/da\/busco-alguien-como-tu-en-las-apps-de-citas\/"]}]},{"@type":"ImageObject","inLanguage":"hu","@id":"http:\/\/universofamilia.com\/da\/busco-alguien-como-tu-en-las-apps-de-citas\/#primaryimage","url":"https:\/\/universofamilia.com\/wp-content\/uploads\/sites\/148\/2025\/04\/DESTAQUE-UNIVERSO-550-x-350-5-7.jpg","contentUrl":"https:\/\/universofamilia.com\/wp-content\/uploads\/sites\/148\/2025\/04\/DESTAQUE-UNIVERSO-550-x-350-5-7.jpg","width":550,"height":350,"caption":"Busco alguien como t\u00fa en las apps de citas"},{"@type":"BreadcrumbList","@id":"http:\/\/universofamilia.com\/da\/busco-alguien-como-tu-en-las-apps-de-citas\/#breadcrumb","itemListElement":[{"@type":"ListItem","position":1,"name":"Home","item":"https:\/\/universofamilia.com\/el\/"},{"@type":"ListItem","position":2,"name":"Busco alguien como t\u00fa en las apps de citas"}]},{"@type":"WebSite","@id":"https:\/\/universofamilia.com\/el\/#website","url":"https:\/\/universofamilia.com\/el\/","name":"Universo Fam\u00edlia","description":"","potentialAction":[{"@type":"SearchAction","target":{"@type":"EntryPoint","urlTemplate":"https:\/\/universofamilia.com\/el\/?s={search_term_string}"},"query-input":"required name=search_term_string"}],"inLanguage":"hu"},{"@type":"Person","@id":"https:\/\/universofamilia.com\/el\/#\/schema\/person\/f07ce98187dd84d31154262e79b3b7ca","name":"Pedro Henrique","image":{"@type":"ImageObject","inLanguage":"hu","@id":"https:\/\/universofamilia.com\/el\/#\/schema\/person\/image\/","url":"https:\/\/secure.gravatar.com\/avatar\/9edfeb808cb4e1599f64d6e45b130154?s=96&d=mm&r=g","contentUrl":"https:\/\/secure.gravatar.com\/avatar\/9edfeb808cb4e1599f64d6e45b130154?s=96&d=mm&r=g","caption":"Pedro Henrique"},"url":"https:\/\/universofamilia.com\/hu\/author\/editor01\/"}]}},"_links":{"self":[{"href":"https:\/\/universofamilia.com\/hu\/wp-json\/wp\/v2\/posts\/9377"}],"collection":[{"href":"https:\/\/universofamilia.com\/hu\/wp-json\/wp\/v2\/posts"}],"about":[{"href":"https:\/\/universofamilia.com\/hu\/wp-json\/wp\/v2\/types\/post"}],"author":[{"embeddable":true,"href":"https:\/\/universofamilia.com\/hu\/wp-json\/wp\/v2\/users\/139"}],"replies":[{"embeddable":true,"href":"https:\/\/universofamilia.com\/hu\/wp-json\/wp\/v2\/comments?post=9377"}],"version-history":[{"count":2,"href":"https:\/\/universofamilia.com\/hu\/wp-json\/wp\/v2\/posts\/9377\/revisions"}],"predecessor-version":[{"id":9390,"href":"https:\/\/universofamilia.com\/hu\/wp-json\/wp\/v2\/posts\/9377\/revisions\/9390"}],"wp:featuredmedia":[{"embeddable":true,"href":"https:\/\/universofamilia.com\/hu\/wp-json\/wp\/v2\/media\/9382"}],"wp:attachment":[{"href":"https:\/\/universofamilia.com\/hu\/wp-json\/wp\/v2\/media?parent=9377"}],"wp:term":[{"taxonomy":"category","embeddable":true,"href":"https:\/\/universofamilia.com\/hu\/wp-json\/wp\/v2\/categories?post=9377"},{"taxonomy":"post_tag","embeddable":true,"href":"https:\/\/universofamilia.com\/hu\/wp-json\/wp\/v2\/tags?post=9377"}],"curies":[{"name":"wp","href":"https:\/\/api.w.org\/{rel}","templated":true}]}}