{"id":9386,"date":"2025-04-25T18:26:46","date_gmt":"2025-04-25T18:26:46","guid":{"rendered":"https:\/\/universofamilia.com\/?p=9386"},"modified":"2025-04-25T18:26:47","modified_gmt":"2025-04-25T18:26:47","slug":"descubre-quien-te-observa-en-las-redes-sociales","status":"publish","type":"post","link":"https:\/\/universofamilia.com\/hu\/descubre-quien-te-observa-en-las-redes-sociales\/","title":{"rendered":"Tudd meg, ki figyel t\u00e9ged a k\u00f6z\u00f6ss\u00e9gi m\u00e9di\u00e1ban"},"content":{"rendered":"<h4 class=\"wp-block-heading has-text-align-center\">Meg fogsz lep\u0151dni <strong>tudd, ki n\u00e9zi a profilodat<\/strong>!<\/h4>\n\n\n\n<p><\/p>\n\n\n\n<h5 class=\"wp-block-heading has-text-align-center\"><strong><mark class=\"has-inline-color has-vivid-cyan-blue-color\">V\u00e1lasszon egyet a lehet\u0151s\u00e9gek k\u00f6z\u00fcl!<\/mark><\/strong><\/h5>\n\n\n    <section class=\"mx-1 my-10\">\n                                                <a href=\"https:\/\/universofamilia.com\/hu\/quien-ve-tu-perfil-en-secreto\/\" class=\"text-white\" data-analytics-label=\"optionsButton\"\n                    data-action=\"analytics#trackCTA\">\n                    <div data-options-target=\"option\"\n                        class=\"custom-section rounded-xl border p-3 shadow-md w-full bg-green-700 my-3\">\n                        <div class=\"flex w-full items-center justify-between\">\n                            <div class=\"flex items-center space-x-3\">\n                                <div class=\"text-lg font-bold\">\n                                    Tudom, ki l\u00e1togatja a profilomat?  \u279d\n                                <\/div>\n                            <\/div>\n                        <\/div>\n                    <\/div>\n                <\/a>\n                                                            <a href=\"https:\/\/universofamilia.com\/hu\/google-mensaje-protege-a-tu-familia-con-esta-poderosa-app\/\" class=\"text-white\" data-analytics-label=\"optionsButton\"\n                    data-action=\"analytics#trackCTA\">\n                    <div data-options-target=\"option\"\n                        class=\"custom-section rounded-xl border p-3 shadow-md w-full bg-green-700 my-3\">\n                        <div class=\"flex w-full items-center justify-between\">\n                            <div class=\"flex items-center space-x-3\">\n                                <div class=\"text-lg font-bold\">\n                                    Csal\u00e1di besz\u00e9lget\u00e9sek monitoroz\u00e1sa \u279d\n                                <\/div>\n                            <\/div>\n                        <\/div>\n                    <\/div>\n                <\/a>\n                                                            <a href=\"https:\/\/universofamilia.com\/hu\/localizar-cualquier-celular\/\" class=\"text-white\" data-analytics-label=\"optionsButton\"\n                    data-action=\"analytics#trackCTA\">\n                    <div data-options-target=\"option\"\n                        class=\"custom-section rounded-xl border p-3 shadow-md w-full bg-green-700 my-3\">\n                        <div class=\"flex w-full items-center justify-between\">\n                            <div class=\"flex items-center space-x-3\">\n                                <div class=\"text-lg font-bold\">\n                                    B\u00e1rmelyik mobilt megtal\u00e1lja \u279d\n                                <\/div>\n                            <\/div>\n                        <\/div>\n                    <\/div>\n                <\/a>\n                            <p class=\"text-xs text-gray-500 text-right hidden\"\n            style=\"margin-left: 50%; margin-bottom: 50px; margin-top: 5px;\">\n            <!-- You will be redirected to another website -->\n        <\/p>\n    <\/section>\n\n\n\n\n<p><\/p>\n\n\n\n<p><strong>Tudd meg, kik figyelnek t\u00e9ged a k\u00f6z\u00f6ss\u00e9gi m\u00e9di\u00e1ban ezekkel az alkalmaz\u00e1sokkal.<\/strong>.<\/p>\n\n\n\n<p>Sokan k\u00f6z\u00fcl\u00fcnk azon t\u0171n\u0151d\u00fcnk, <a href=\"https:\/\/universofamilia.com\/hu\/quien-ve-tu-perfil-en-secreto\/\">Ki fogja l\u00e1tni a bejegyz\u00e9seimet, fot\u00f3imat vagy t\u00f6rt\u00e9neteimet?<\/a> Ma elhozzuk a t\u00f6k\u00e9letes megold\u00e1st, hogy eloszlass minden k\u00e9ts\u00e9get.<\/p>\n\n\n\n<p>N\u00e9h\u00e1ny megb\u00edzhat\u00f3 alkalmaz\u00e1s seg\u00edts\u00e9g\u00e9vel nyomon k\u00f6vetheted, hogy kik l\u00e9pnek interakci\u00f3ba a tartalmaiddal, m\u00e9g akkor is, ha azok n\u00e9m\u00e1k. K\u00f6nnyebb, mint gondoln\u00e1d!<\/p>\n\n\n\n<p>Ebben a cikkben megismerheti a legjobb el\u00e9rhet\u0151 lehet\u0151s\u00e9geket, azok f\u0151bb jellemz\u0151it, \u00e9s azt, hogy hogyan seg\u00edthetnek megv\u00e9deni az adatait.<\/p>\n\n\n\n<p>Olvass tov\u00e1bb, \u00e9s <a href=\"https:\/\/universofamilia.com\/hu\/quien-ve-tu-perfil-en-secreto\/\">K\u00e9sz\u00fclj fel olyan inform\u00e1ci\u00f3kra, amelyek tal\u00e1n meglepnek!<\/a><\/p>\n\n\n\n<h2 class=\"wp-block-heading\">Mi\u00e9rt kellene tudnod, hogy ki figyel t\u00e9ged?<\/h2>\n\n\n\n<p>Az, hogy kik l\u00e1togatj\u00e1k a profilodat, nem csak k\u00edv\u00e1ncsis\u00e1gb\u00f3l fakad. Fontos okokat kell figyelembe venni:<\/p>\n\n\n\n<ul>\n<li><strong>Adatv\u00e9delem<\/strong>: Megakad\u00e1lyozza a jogosulatlan hozz\u00e1f\u00e9r\u00e9st.<\/li>\n\n\n\n<li><strong>Ir\u00e1ny\u00edtsd a k\u00f6z\u00f6ns\u00e9ged<\/strong>: Tudd meg, milyen emberek k\u00f6vetnek t\u00e9ged.<\/li>\n\n\n\n<li><strong>Kock\u00e1zatmegel\u0151z\u00e9s<\/strong>: Id\u0151ben azonos\u00edtsa a gyan\u00fas viselked\u00e9st.<\/li>\n<\/ul>\n\n\n\n<p>Ha tudod, hogy kit \u00e9rdekel a profilod, az nagyban befoly\u00e1solhatja az online \u00e9lm\u00e9nyedet.<\/p>\n\n\n\n<p><\/p>\n\n\n\n<hr class=\"wp-block-separator has-alpha-channel-opacity is-style-wide\" \/>\n\n\n\n<h4 class=\"wp-block-heading has-text-align-center\"><strong><mark class=\"has-inline-color has-luminous-vivid-orange-color\">Olvasd el ezt is<\/mark><\/strong><\/h4>\n\n\n    <section class=\"mx-1 my-10\">\n                                                <a href=\"https:\/\/universofamilia.com\/hu\/lp-filmes-asiaticos\/\" class=\"text-white\" data-analytics-label=\"optionsButton\"\n                    data-action=\"analytics#trackCTA\">\n                    <div data-options-target=\"option\"\n                        class=\"custom-section rounded-xl border p-3 shadow-md w-full bg-green-700 my-3\">\n                        <div class=\"flex w-full items-center justify-between\">\n                            <div class=\"flex items-center space-x-3\">\n                                <div class=\"text-lg font-bold\">\n                                    App koreai dr\u00e1m\u00e1k n\u00e9z\u00e9s\u00e9hez \u279d\n                                <\/div>\n                            <\/div>\n                        <\/div>\n                    <\/div>\n                <\/a>\n                                                            <a href=\"https:\/\/universofamilia.com\/hu\/lp-recuperar-fotos\/\" class=\"text-white\" data-analytics-label=\"optionsButton\"\n                    data-action=\"analytics#trackCTA\">\n                    <div data-options-target=\"option\"\n                        class=\"custom-section rounded-xl border p-3 shadow-md w-full bg-green-700 my-3\">\n                        <div class=\"flex w-full items-center justify-between\">\n                            <div class=\"flex items-center space-x-3\">\n                                <div class=\"text-lg font-bold\">\n                                    T\u00f6r\u00f6lt fot\u00f3k helyre\u00e1ll\u00edt\u00e1sa ezzel az alkalmaz\u00e1ssal!  \u279d\n                                <\/div>\n                            <\/div>\n                        <\/div>\n                    <\/div>\n                <\/a>\n                                                            <a href=\"https:\/\/universofamilia.com\/hu\/el-amor-a-un-clic\/\" class=\"text-white\" data-analytics-label=\"optionsButton\"\n                    data-action=\"analytics#trackCTA\">\n                    <div data-options-target=\"option\"\n                        class=\"custom-section rounded-xl border p-3 shadow-md w-full bg-green-700 my-3\">\n                        <div class=\"flex w-full items-center justify-between\">\n                            <div class=\"flex items-center space-x-3\">\n                                <div class=\"text-lg font-bold\">\n                                    Fedezd fel az ide\u00e1lis t\u00e1rskeres\u0151 alkalmaz\u00e1st \u279d\n                                <\/div>\n                            <\/div>\n                        <\/div>\n                    <\/div>\n                <\/a>\n                            <p class=\"text-xs text-gray-500 text-right hidden\"\n            style=\"margin-left: 50%; margin-bottom: 50px; margin-top: 5px;\">\n            <!-- You will be redirected to another website -->\n        <\/p>\n    <\/section>\n\n\n\n\n<p class=\"has-text-align-right\"><em><strong><em><strong><em><strong><em><strong><em><strong>Ugyanott fog maradni!<\/strong><\/em><\/strong><\/em><\/strong><\/em><\/strong><\/em><\/strong><\/em><\/p>\n\n\n\n<hr class=\"wp-block-separator has-alpha-channel-opacity is-style-wide\" \/>\n\n\n\n<p><\/p>\n\n\n\n<h3 class=\"wp-block-heading\">Igaz t\u00f6rt\u00e9netek, amelyek inspir\u00e1lnak<\/h3>\n\n\n\n<p>Sok felhaszn\u00e1l\u00f3 rejtett bar\u00e1ts\u00e1gokat fedezett fel, vagy ak\u00e1r k\u00ednos helyzeteket is elker\u00fclt ezeknek az alkalmaz\u00e1soknak k\u00f6sz\u00f6nhet\u0151en.<\/p>\n\n\n\n<p>El tudod k\u00e9pzelni, hogy \u00e9rtes\u00edt\u00e9st kapsz arr\u00f3l, hogy a volt partnered naponta n\u00e9zegeti a fot\u00f3idat? Ezekkel az eszk\u00f6z\u00f6kkel ez lehets\u00e9ges lesz!<\/p>\n\n\n\n<h2 class=\"wp-block-heading\">Hogyan m\u0171k\u00f6dnek az observer discovery alkalmaz\u00e1sok?<\/h2>\n\n\n\n<p>Ezek az alkalmaz\u00e1sok sz\u00e1mos t\u00e9nyez\u0151t elemeznek a k\u00f6z\u00f6ss\u00e9gi h\u00e1l\u00f3zataidban:<\/p>\n\n\n\n<ul>\n<li>T\u00f6rt\u00e9netmegtekint\u00e9sek<\/li>\n\n\n\n<li>Gyakran ism\u00e9telt k\u00e9rd\u00e9sek \u00e9s reakci\u00f3k<\/li>\n\n\n\n<li>Legut\u00f3bbi l\u00e1togat\u00e1sok a profilodon<\/li>\n\n\n\n<li>Ism\u00e9tl\u0151d\u0151 l\u00e1jkok r\u00e9gi bejegyz\u00e9sekre<\/li>\n<\/ul>\n\n\n\n<p>Ezen inform\u00e1ci\u00f3k kombin\u00e1l\u00e1s\u00e1val r\u00e9szletes jelent\u00e9seket k\u00e9sz\u00edtenek, amelyek lehet\u0151v\u00e9 teszik a megfigyel\u0151k azonos\u00edt\u00e1s\u00e1t.<\/p>\n\n\n\n<h3 class=\"wp-block-heading\">A megb\u00edzhat\u00f3 alkalmaz\u00e1sok haszn\u00e1lat\u00e1nak el\u0151nyei<\/h3>\n\n\n\n<ul>\n<li>Biztons\u00e1gos \u00e9s pontos inform\u00e1ci\u00f3k<\/li>\n\n\n\n<li>Val\u00f3s id\u0151ben friss\u00fcl\u0151 adatok<\/li>\n\n\n\n<li>Tov\u00e1bbi k\u00f6z\u00f6ns\u00e9gelemz\u0151 eszk\u00f6z\u00f6k<\/li>\n<\/ul>\n\n\n\n<p>A biztons\u00e1gi kock\u00e1zatok elker\u00fcl\u00e9se \u00e9rdek\u00e9ben mindig fontos megb\u00edzhat\u00f3 alkalmaz\u00e1sokat v\u00e1lasztani.<\/p>\n\n\n\n<h2 class=\"wp-block-heading\">A legjobb alkalmaz\u00e1sok, amelyekkel megtudhatod, ki figyel t\u00e9ged<\/h2>\n\n\n\n<p>\u00cdme h\u00e1rom megb\u00edzhat\u00f3 alkalmaz\u00e1s, amit ma telep\u00edthetsz:<\/p>\n\n\n\n<h3 class=\"wp-block-heading\">1. InStalker \u2013 Ki figyel engem?<\/h3>\n\n\n\n<p><a href=\"https:\/\/apkpure.com\/br\/in-stalker-profile-tracker\/com.app.followersfollowing\">Let\u00f6lt\u00e9s<\/a><\/p>\n\n\n\n<p><strong>InStalker<\/strong> Ez az egyik legn\u00e9pszer\u0171bb alkalmaz\u00e1s, amellyel megtudhatod, kik l\u00e1togatj\u00e1k az Instagram-profilod:<\/p>\n\n\n\n<ul>\n<li>Napi l\u00e1togat\u00f3i jelent\u00e9sek<\/li>\n\n\n\n<li>Azonos\u00edtsd azokat a felhaszn\u00e1l\u00f3kat, akik leiratkoztak a k\u00f6vet\u00e9sedr\u0151l<\/li>\n\n\n\n<li>\u00daj l\u00e1togat\u00e1sokr\u00f3l sz\u00f3l\u00f3 \u00e9rtes\u00edt\u00e9sek<\/li>\n<\/ul>\n\n\n\n<p>Ide\u00e1lis azok sz\u00e1m\u00e1ra, akik folyamatos ellen\u0151rz\u00e9st szeretn\u00e9nek a fi\u00f3kjuk felett!<\/p>\n\n\n\n<p><\/p>\n\n\n\n<hr class=\"wp-block-separator has-alpha-channel-opacity is-style-wide\" \/>\n\n\n\n<h5 class=\"wp-block-heading has-text-align-left\"><strong><mark class=\"has-inline-color has-luminous-vivid-amber-color\"><strong><mark class=\"has-inline-color has-luminous-vivid-amber-color\"><a>\ud83d\udc49 <\/a><strong><mark class=\"has-inline-color has-luminous-vivid-amber-color\"><strong>T\u00f6ltsd le az alkalmaz\u00e1st:<\/strong><\/mark><\/strong><\/mark><\/strong><\/mark><\/strong><\/h5>\n\n\n    <section class=\"mx-1 my-10\">\n                                                <a href=\"https:\/\/apkpure.com\/br\/in-stalker-profile-tracker\/com.app.followersfollowing\" class=\"text-white\" data-analytics-label=\"optionsButton\"\n                    data-action=\"analytics#trackCTA\">\n                    <div data-options-target=\"option\"\n                        class=\"custom-section rounded-xl border p-3 shadow-md w-full bg-green-700 my-3\">\n                        <div class=\"flex w-full items-center justify-between\">\n                            <div class=\"flex items-center space-x-3\">\n                                <div class=\"text-lg font-bold\">\n                                    InStalker \u279d\n                                <\/div>\n                            <\/div>\n                        <\/div>\n                    <\/div>\n                <\/a>\n                            <p class=\"text-xs text-gray-500 text-right\"\n            style=\"margin-left: 50%; margin-bottom: 50px; margin-top: 5px;\">\n            <!-- You will be redirected to another website -->\n        <\/p>\n    <\/section>\n\n\n\n\n<p class=\"has-text-align-right\"><em><strong><em><strong><em><strong><em><strong><em><strong><em><strong><em><strong><em><strong><em><strong><em><strong>\u00c1t leszel ir\u00e1ny\u00edtva egy m\u00e1sik oldalra!<\/strong><\/em><\/strong><\/em><\/strong><\/em><\/strong><\/em><\/strong><\/em><\/strong><\/em><\/strong><\/em><\/strong><\/em><\/strong><\/em><\/strong><\/em><\/p>\n\n\n\n<hr class=\"wp-block-separator has-alpha-channel-opacity is-style-wide\" \/>\n\n\n\n<p><\/p>\n\n\n\n<h3 class=\"wp-block-heading\">2. Jelent\u00e9sek+ Instagramra<\/h3>\n\n\n\n<p><strong>Jelent\u00e9sek+<\/strong> teljes k\u00f6r\u0171 elemz\u00e9st k\u00edn\u00e1l az Instagram-tev\u00e9kenys\u00e9gedr\u0151l:<\/p>\n\n\n\n<ul>\n<li>Fedezze fel a titkos k\u00f6vet\u0151ket<\/li>\n\n\n\n<li>Elemezd, hogy kivel l\u00e9psz kapcsolatba a legt\u00f6bbet<\/li>\n\n\n\n<li>Kiadv\u00e1nyteljes\u00edtm\u00e9ny-jelent\u00e9sek<\/li>\n<\/ul>\n\n\n\n<p>T\u00f6k\u00e9letes azok sz\u00e1m\u00e1ra, akik igazi profik m\u00f3dj\u00e1ra szeretn\u00e9k kezelni a fi\u00f3kjukat.<\/p>\n\n\n\n<p><\/p>\n\n\n\n<hr class=\"wp-block-separator has-alpha-channel-opacity is-style-wide\" \/>\n\n\n\n<h5 class=\"wp-block-heading has-text-align-left\"><strong><mark class=\"has-inline-color has-luminous-vivid-amber-color\"><strong><mark class=\"has-inline-color has-luminous-vivid-amber-color\"><a>\ud83d\udc49 <\/a><strong><mark class=\"has-inline-color has-luminous-vivid-amber-color\"><strong>T\u00f6ltsd le az alkalmaz\u00e1st:<\/strong><\/mark><\/strong><\/mark><\/strong><\/mark><\/strong><\/h5>\n\n\n    <section class=\"mx-1 my-10\">\n                                                <a href=\"https:\/\/reports.br.uptodown.com\/android\" class=\"text-white\" data-analytics-label=\"optionsButton\"\n                    data-action=\"analytics#trackCTA\">\n                    <div data-options-target=\"option\"\n                        class=\"custom-section rounded-xl border p-3 shadow-md w-full bg-green-700 my-3\">\n                        <div class=\"flex w-full items-center justify-between\">\n                            <div class=\"flex items-center space-x-3\">\n                                <div class=\"text-lg font-bold\">\n                                    Jelent\u00e9sek+ \u279d\n                                <\/div>\n                            <\/div>\n                        <\/div>\n                    <\/div>\n                <\/a>\n                            <p class=\"text-xs text-gray-500 text-right\"\n            style=\"margin-left: 50%; margin-bottom: 50px; margin-top: 5px;\">\n            <!-- You will be redirected to another website -->\n        <\/p>\n    <\/section>\n\n\n\n\n<p class=\"has-text-align-right\"><em><strong><em><strong><em><strong><em><strong><em><strong><em><strong><em><strong><em><strong><em><strong><em><strong>\u00c1t leszel ir\u00e1ny\u00edtva egy m\u00e1sik oldalra!<\/strong><\/em><\/strong><\/em><\/strong><\/em><\/strong><\/em><\/strong><\/em><\/strong><\/em><\/strong><\/em><\/strong><\/em><\/strong><\/em><\/strong><\/em><\/p>\n\n\n\n<hr class=\"wp-block-separator has-alpha-channel-opacity is-style-wide\" \/>\n\n\n\n<p><\/p>\n\n\n\n<h3 class=\"wp-block-heading\">3. K\u00f6vet\u00e9sm\u00e9r\u0151<\/h3>\n\n\n\n<p><strong>K\u00f6vet\u00e9sm\u00e9r\u0151<\/strong> az egyszer\u0171 haszn\u00e1latot nagy teljes\u00edtm\u00e9ny\u0171 adatokkal \u00f6tv\u00f6zi:<\/p>\n\n\n\n<ul>\n<li>Ki l\u00e1tja a profilodat?<\/li>\n\n\n\n<li>Ki nem k\u00f6vet vissza t\u00e9ged?<\/li>\n\n\n\n<li>Legjobb k\u00f6vet\u0151k \u00e9s rejtett rajong\u00f3k<\/li>\n<\/ul>\n\n\n\n<p>Egy nagyon komplett \u00e9s felhaszn\u00e1l\u00f3bar\u00e1t eszk\u00f6z minden felhaszn\u00e1l\u00f3 sz\u00e1m\u00e1ra.<\/p>\n\n\n\n<p><\/p>\n\n\n\n<hr class=\"wp-block-separator has-alpha-channel-opacity is-style-wide\" \/>\n\n\n\n<h5 class=\"wp-block-heading has-text-align-left\"><strong><mark class=\"has-inline-color has-luminous-vivid-amber-color\"><strong><mark class=\"has-inline-color has-luminous-vivid-amber-color\"><a>\ud83d\udc49 <\/a><strong><mark class=\"has-inline-color has-luminous-vivid-amber-color\"><strong>T\u00f6ltsd le az alkalmaz\u00e1st:<\/strong><\/mark><\/strong><\/mark><\/strong><\/mark><\/strong><\/h5>\n\n\n    <section class=\"mx-1 my-10\">\n                                                <a href=\"https:\/\/reports.br.uptodown.com\/android\" class=\"text-white\" data-analytics-label=\"optionsButton\"\n                    data-action=\"analytics#trackCTA\">\n                    <div data-options-target=\"option\"\n                        class=\"custom-section rounded-xl border p-3 shadow-md w-full bg-green-700 my-3\">\n                        <div class=\"flex w-full items-center justify-between\">\n                            <div class=\"flex items-center space-x-3\">\n                                <div class=\"text-lg font-bold\">\n                                    K\u00f6vet\u00e9sm\u00e9r\u0151 \u279d\n                                <\/div>\n                            <\/div>\n                        <\/div>\n                    <\/div>\n                <\/a>\n                            <p class=\"text-xs text-gray-500 text-right\"\n            style=\"margin-left: 50%; margin-bottom: 50px; margin-top: 5px;\">\n            <!-- You will be redirected to another website -->\n        <\/p>\n    <\/section>\n\n\n\n\n<p class=\"has-text-align-right\"><em><strong><em><strong><em><strong><em><strong><em><strong><em><strong><em><strong><em><strong><em><strong><em><strong>\u00c1t leszel ir\u00e1ny\u00edtva egy m\u00e1sik oldalra!<\/strong><\/em><\/strong><\/em><\/strong><\/em><\/strong><\/em><\/strong><\/em><\/strong><\/em><\/strong><\/em><\/strong><\/em><\/strong><\/em><\/strong><\/em><\/p>\n\n\n\n<hr class=\"wp-block-separator has-alpha-channel-opacity is-style-wide\" \/>\n\n\n\n<p><\/p>\n\n\n\n<h2 class=\"wp-block-heading\">Tippek az adatv\u00e9delemhez a k\u00f6z\u00f6ss\u00e9gi h\u00e1l\u00f3zatokon<\/h2>\n\n\n\n<p>Nem el\u00e9g tudni, hogy ki figyel t\u00e9ged. Fontos az is, hogy vigy\u00e1zz a mag\u00e1n\u00e9letedre:<\/p>\n\n\n\n<ul>\n<li><strong>Adatv\u00e9delmi be\u00e1ll\u00edt\u00e1sok \u00e1ttekint\u00e9se<\/strong> rendszeresen<\/li>\n\n\n\n<li><strong>Csak olyan emberek jelentkez\u00e9s\u00e9t fogadd el, akiket ismersz<\/strong><\/li>\n\n\n\n<li><strong>Ne osszon meg \u00e9rz\u00e9keny szem\u00e9lyes adatokat<\/strong><\/li>\n\n\n\n<li><strong>Haszn\u00e1ljon er\u0151s jelszavakat<\/strong><\/li>\n<\/ul>\n\n\n\n<p>N\u00e9h\u00e1ny egyszer\u0171 v\u00e1ltoztat\u00e1s nagyban hozz\u00e1j\u00e1rulhat az online biztons\u00e1godhoz.<\/p>\n\n\n\n<h3 class=\"wp-block-heading\">K\u00e9rd\u00e9sek, amiket esetleg felteszel magadnak<\/h3>\n\n\n\n<ul>\n<li>Ingyenesek ezek az alkalmaz\u00e1sok? N\u00e9h\u00e1ny alapvet\u0151 funkci\u00f3 igen; A speci\u00e1lis funkci\u00f3khoz el\u0151fizet\u00e9sre lehet sz\u00fcks\u00e9g.<\/li>\n\n\n\n<li>Pontosak a 100%-k? B\u00e1r megb\u00edzhat\u00f3 adatokat k\u00edn\u00e1lnak, ne feledj\u00fck, hogy egyetlen eszk\u00f6z sem t\u00e9vedhetetlen.<\/li>\n\n\n\n<li>Haszn\u00e1lhatom \u0151ket m\u00e1s k\u00f6z\u00f6ss\u00e9gi oldalakon? F\u0151k\u00e9nt Instagramon dolgoznak.<\/li>\n<\/ul>\n\n\n<div class=\"wp-block-image\">\n<figure class=\"aligncenter size-full\"><img loading=\"lazy\" decoding=\"async\" width=\"550\" height=\"350\" src=\"https:\/\/universofamilia.com\/wp-content\/uploads\/sites\/148\/2025\/04\/DESTAQUE-UNIVERSO-550-x-350-7-1.jpg\" alt=\"\" class=\"wp-image-9394\" srcset=\"https:\/\/universofamilia.com\/wp-content\/uploads\/sites\/148\/2025\/04\/DESTAQUE-UNIVERSO-550-x-350-7-1.jpg 550w, https:\/\/universofamilia.com\/wp-content\/uploads\/sites\/148\/2025\/04\/DESTAQUE-UNIVERSO-550-x-350-7-1-300x191.jpg 300w, https:\/\/universofamilia.com\/wp-content\/uploads\/sites\/148\/2025\/04\/DESTAQUE-UNIVERSO-550-x-350-7-1-18x12.jpg 18w\" sizes=\"(max-width: 550px) 100vw, 550px\" \/><figcaption class=\"wp-element-caption\">Tudd meg, ki figyel t\u00e9ged a k\u00f6z\u00f6ss\u00e9gi m\u00e9di\u00e1ban<\/figcaption><\/figure><\/div>\n\n\n<h2 class=\"wp-block-heading\">A h\u00e1l\u00f3zatelemz\u0151 alkalmaz\u00e1sok haszn\u00e1lat\u00e1nak tov\u00e1bbi el\u0151nyei<\/h2>\n\n\n\n<ul>\n<li>Jav\u00edtsd a tartalmaidat az\u00e1ltal, hogy tudod, kik haszn\u00e1lj\u00e1k azokat<\/li>\n\n\n\n<li>H\u00e1l\u00f3zat\u00e9p\u00edt\u00e9si lehet\u0151s\u00e9gek felkutat\u00e1sa<\/li>\n\n\n\n<li>Maradj naprak\u00e9sz a k\u00f6z\u00f6ns\u00e9ged trendjeivel<\/li>\n<\/ul>\n\n\n\n<p>Az inform\u00e1ci\u00f3 birtokl\u00e1sa hatalommal j\u00e1r!<\/p>\n\n\n\n<h3 class=\"wp-block-heading\">Felhaszn\u00e1l\u00f3i v\u00e9lem\u00e9ny<\/h3>\n\n\n\n<p>\u201eEgy h\u00f3napig haszn\u00e1ltam az InStalkert, \u00e9s r\u00e1j\u00f6ttem, hogy egy r\u00e9gi bar\u00e1tom az \u00f6sszes sztorimat n\u00e9zi.\u201d<\/p>\n\n\n\n<p>Ez vezetett oda, hogy \u00fajra kapcsolatba ker\u00fclt\u00fcnk egym\u00e1ssal, \u00e9s most m\u00e1r minden nap besz\u00e9l\u00fcnk. \u201eHihetetlen \u00e9lm\u00e9ny!\u201d \u2013 Anna, 34 \u00e9ves.<\/p>\n\n\n\n<h2 class=\"wp-block-heading\">\u00d3vint\u00e9zked\u00e9sek ezen alkalmaz\u00e1sok haszn\u00e1latakor<\/h2>\n\n\n\n<p>B\u00e1r nagyon hasznosak, ne feledd:<\/p>\n\n\n\n<ul>\n<li>Csak hivatalos forr\u00e1sokb\u00f3l t\u00f6lts le<\/li>\n\n\n\n<li>Ne adjon meg jelszavakat alkalmaz\u00e1sokon k\u00edv\u00fcl<\/li>\n\n\n\n<li>Haszn\u00e1lat el\u0151tt olvassa el az adatv\u00e9delmi ir\u00e1nyelveket<\/li>\n<\/ul>\n\n\n\n<p>A biztons\u00e1godnak mindig az els\u0151dlegesnek kell lennie.<\/p>\n\n\n\n<h2 class=\"wp-block-heading\">Vedd \u00e1t az ir\u00e1ny\u00edt\u00e1st az adatv\u00e9delem felett<\/h2>\n\n\n\n<p>A megfelel\u0151 eszk\u00f6z\u00f6kkel t\u00f6bbet megtudhatsz a k\u00f6z\u00f6ns\u00e9gedr\u0151l, \u00e9s jobban megv\u00e9dheted magad a k\u00f6z\u00f6ss\u00e9gi m\u00e9di\u00e1ban.<\/p>\n\n\n\n<p><strong>Tudd meg, kik figyelnek t\u00e9ged a k\u00f6z\u00f6ss\u00e9gi m\u00e9di\u00e1ban ezekkel az alkalmaz\u00e1sokkal.<\/strong> \u00e9s ne hagyd, hogy a mag\u00e1n\u00e9leted a v\u00e9letlenre legyen b\u00edzva.<\/p>\n\n\n\n<p>V\u00e1laszd ki a kedvenc alkalmaz\u00e1sodat, t\u00f6ltsd le m\u00e9g ma, \u00e9s kezdj el t\u00f6bbet megtudni arr\u00f3l, hogy kik ir\u00e1ntad \u00e9rdekl\u0151dnek igaz\u00e1n!<\/p>","protected":false},"excerpt":{"rendered":"<p>Meglep\u0151dsz majd, hogy ki n\u00e9zi a profilodat! V\u00e1lassz egyet a lehet\u0151s\u00e9gek k\u00f6z\u00fcl! Tudd meg, ki figyel t\u00e9ged a k\u00f6z\u00f6ss\u00e9gi m\u00e9di\u00e1ban ezekkel az alkalmaz\u00e1sokkal. Sokan k\u00edv\u00e1ncsiak vagyunk, hogy ki n\u00e9zi a bejegyz\u00e9seimet, fot\u00f3imat vagy t\u00f6rt\u00e9neteimet? Ma elhozzuk a t\u00f6k\u00e9letes megold\u00e1st a k\u00e9telyek eloszlat\u00e1s\u00e1ra. N\u00e9h\u00e1ny megb\u00edzhat\u00f3 alkalmaz\u00e1s seg\u00edts\u00e9g\u00e9vel [\u2026]<\/p>","protected":false},"author":139,"featured_media":9394,"comment_status":"closed","ping_status":"open","sticky":false,"template":"","format":"standard","meta":{"footnotes":""},"categories":[2],"tags":[2261,1243,1265,1317,1399],"yoast_head":"<!-- This site is optimized with the Yoast SEO plugin v23.3 - https:\/\/yoast.com\/wordpress\/plugins\/seo\/ -->\n<title>Descubre qui\u00e9n te observa en las redes sociales - Universo Fam\u00edlia<\/title>\n<meta name=\"description\" content=\"Descubre qui\u00e9n te observa en las redes sociales. Descubre qui\u00e9n te observa en las redes sociales usando estos apps.Muchos de nosotros...\" \/>\n<meta name=\"robots\" content=\"index, follow, max-snippet:-1, max-image-preview:large, max-video-preview:-1\" \/>\n<link rel=\"canonical\" href=\"http:\/\/universofamilia.com\/hu\/descubre-quien-te-observa-en-las-redes-sociales\/\" \/>\n<meta property=\"og:locale\" content=\"hu_HU\" \/>\n<meta property=\"og:type\" content=\"article\" \/>\n<meta property=\"og:title\" content=\"Descubre qui\u00e9n te observa en las redes sociales - Universo Fam\u00edlia\" \/>\n<meta property=\"og:description\" content=\"Descubre qui\u00e9n te observa en las redes sociales. Descubre qui\u00e9n te observa en las redes sociales usando estos apps.Muchos de nosotros...\" \/>\n<meta property=\"og:url\" content=\"http:\/\/universofamilia.com\/hu\/descubre-quien-te-observa-en-las-redes-sociales\/\" \/>\n<meta property=\"og:site_name\" content=\"Universo Fam\u00edlia\" \/>\n<meta property=\"article:published_time\" content=\"2025-04-25T18:26:46+00:00\" \/>\n<meta property=\"article:modified_time\" content=\"2025-04-25T18:26:47+00:00\" \/>\n<meta property=\"og:image\" content=\"http:\/\/universofamilia.com\/wp-content\/uploads\/sites\/148\/2025\/04\/DESTAQUE-UNIVERSO-550-x-350-7-1.jpg\" \/>\n\t<meta property=\"og:image:width\" content=\"550\" \/>\n\t<meta property=\"og:image:height\" content=\"350\" \/>\n\t<meta property=\"og:image:type\" content=\"image\/jpeg\" \/>\n<meta name=\"author\" content=\"Pedro Henrique\" \/>\n<meta name=\"twitter:card\" content=\"summary_large_image\" \/>\n<meta name=\"twitter:label1\" content=\"Written by\" \/>\n\t<meta name=\"twitter:data1\" content=\"Pedro Henrique\" \/>\n\t<meta name=\"twitter:label2\" content=\"Est. reading time\" \/>\n\t<meta name=\"twitter:data2\" content=\"5 perc\" \/>\n<script type=\"application\/ld+json\" class=\"yoast-schema-graph\">{\"@context\":\"https:\/\/schema.org\",\"@graph\":[{\"@type\":\"WebPage\",\"@id\":\"http:\/\/universofamilia.com\/da\/descubre-quien-te-observa-en-las-redes-sociales\/\",\"url\":\"http:\/\/universofamilia.com\/da\/descubre-quien-te-observa-en-las-redes-sociales\/\",\"name\":\"Descubre qui\u00e9n te observa en las redes sociales - Universo Fam\u00edlia\",\"isPartOf\":{\"@id\":\"https:\/\/universofamilia.com\/el\/#website\"},\"primaryImageOfPage\":{\"@id\":\"http:\/\/universofamilia.com\/da\/descubre-quien-te-observa-en-las-redes-sociales\/#primaryimage\"},\"image\":{\"@id\":\"http:\/\/universofamilia.com\/da\/descubre-quien-te-observa-en-las-redes-sociales\/#primaryimage\"},\"thumbnailUrl\":\"https:\/\/universofamilia.com\/wp-content\/uploads\/sites\/148\/2025\/04\/DESTAQUE-UNIVERSO-550-x-350-7-1.jpg\",\"datePublished\":\"2025-04-25T18:26:46+00:00\",\"dateModified\":\"2025-04-25T18:26:47+00:00\",\"author\":{\"@id\":\"https:\/\/universofamilia.com\/el\/#\/schema\/person\/f07ce98187dd84d31154262e79b3b7ca\"},\"description\":\"Descubre qui\u00e9n te observa en las redes sociales. Descubre qui\u00e9n te observa en las redes sociales usando estos apps.Muchos de nosotros...\",\"breadcrumb\":{\"@id\":\"http:\/\/universofamilia.com\/da\/descubre-quien-te-observa-en-las-redes-sociales\/#breadcrumb\"},\"inLanguage\":\"hu\",\"potentialAction\":[{\"@type\":\"ReadAction\",\"target\":[\"http:\/\/universofamilia.com\/da\/descubre-quien-te-observa-en-las-redes-sociales\/\"]}]},{\"@type\":\"ImageObject\",\"inLanguage\":\"hu\",\"@id\":\"http:\/\/universofamilia.com\/da\/descubre-quien-te-observa-en-las-redes-sociales\/#primaryimage\",\"url\":\"https:\/\/universofamilia.com\/wp-content\/uploads\/sites\/148\/2025\/04\/DESTAQUE-UNIVERSO-550-x-350-7-1.jpg\",\"contentUrl\":\"https:\/\/universofamilia.com\/wp-content\/uploads\/sites\/148\/2025\/04\/DESTAQUE-UNIVERSO-550-x-350-7-1.jpg\",\"width\":550,\"height\":350,\"caption\":\"Descubre qui\u00e9n te observa en las redes sociales\"},{\"@type\":\"BreadcrumbList\",\"@id\":\"http:\/\/universofamilia.com\/da\/descubre-quien-te-observa-en-las-redes-sociales\/#breadcrumb\",\"itemListElement\":[{\"@type\":\"ListItem\",\"position\":1,\"name\":\"Home\",\"item\":\"https:\/\/universofamilia.com\/el\/\"},{\"@type\":\"ListItem\",\"position\":2,\"name\":\"Descubre qui\u00e9n te observa en las redes sociales\"}]},{\"@type\":\"WebSite\",\"@id\":\"https:\/\/universofamilia.com\/el\/#website\",\"url\":\"https:\/\/universofamilia.com\/el\/\",\"name\":\"Universo Fam\u00edlia\",\"description\":\"\",\"potentialAction\":[{\"@type\":\"SearchAction\",\"target\":{\"@type\":\"EntryPoint\",\"urlTemplate\":\"https:\/\/universofamilia.com\/el\/?s={search_term_string}\"},\"query-input\":\"required name=search_term_string\"}],\"inLanguage\":\"hu\"},{\"@type\":\"Person\",\"@id\":\"https:\/\/universofamilia.com\/el\/#\/schema\/person\/f07ce98187dd84d31154262e79b3b7ca\",\"name\":\"Pedro Henrique\",\"image\":{\"@type\":\"ImageObject\",\"inLanguage\":\"hu\",\"@id\":\"https:\/\/universofamilia.com\/el\/#\/schema\/person\/image\/\",\"url\":\"https:\/\/secure.gravatar.com\/avatar\/9edfeb808cb4e1599f64d6e45b130154?s=96&d=mm&r=g\",\"contentUrl\":\"https:\/\/secure.gravatar.com\/avatar\/9edfeb808cb4e1599f64d6e45b130154?s=96&d=mm&r=g\",\"caption\":\"Pedro Henrique\"},\"url\":\"https:\/\/universofamilia.com\/hu\/author\/editor01\/\"}]}<\/script>\n<!-- \/ Yoast SEO plugin. -->","yoast_head_json":{"title":"Descubre qui\u00e9n te observa en las redes sociales - Universo Fam\u00edlia","description":"Descubre qui\u00e9n te observa en las redes sociales. Descubre qui\u00e9n te observa en las redes sociales usando estos apps.Muchos de nosotros...","robots":{"index":"index","follow":"follow","max-snippet":"max-snippet:-1","max-image-preview":"max-image-preview:large","max-video-preview":"max-video-preview:-1"},"canonical":"http:\/\/universofamilia.com\/hu\/descubre-quien-te-observa-en-las-redes-sociales\/","og_locale":"hu_HU","og_type":"article","og_title":"Descubre qui\u00e9n te observa en las redes sociales - Universo Fam\u00edlia","og_description":"Descubre qui\u00e9n te observa en las redes sociales. Descubre qui\u00e9n te observa en las redes sociales usando estos apps.Muchos de nosotros...","og_url":"http:\/\/universofamilia.com\/hu\/descubre-quien-te-observa-en-las-redes-sociales\/","og_site_name":"Universo Fam\u00edlia","article_published_time":"2025-04-25T18:26:46+00:00","article_modified_time":"2025-04-25T18:26:47+00:00","og_image":[{"width":550,"height":350,"url":"http:\/\/universofamilia.com\/wp-content\/uploads\/sites\/148\/2025\/04\/DESTAQUE-UNIVERSO-550-x-350-7-1.jpg","type":"image\/jpeg"}],"author":"Pedro Henrique","twitter_card":"summary_large_image","twitter_misc":{"Written by":"Pedro Henrique","Est. reading time":"5 perc"},"schema":{"@context":"https:\/\/schema.org","@graph":[{"@type":"WebPage","@id":"http:\/\/universofamilia.com\/da\/descubre-quien-te-observa-en-las-redes-sociales\/","url":"http:\/\/universofamilia.com\/da\/descubre-quien-te-observa-en-las-redes-sociales\/","name":"Descubre qui\u00e9n te observa en las redes sociales - Universo Fam\u00edlia","isPartOf":{"@id":"https:\/\/universofamilia.com\/el\/#website"},"primaryImageOfPage":{"@id":"http:\/\/universofamilia.com\/da\/descubre-quien-te-observa-en-las-redes-sociales\/#primaryimage"},"image":{"@id":"http:\/\/universofamilia.com\/da\/descubre-quien-te-observa-en-las-redes-sociales\/#primaryimage"},"thumbnailUrl":"https:\/\/universofamilia.com\/wp-content\/uploads\/sites\/148\/2025\/04\/DESTAQUE-UNIVERSO-550-x-350-7-1.jpg","datePublished":"2025-04-25T18:26:46+00:00","dateModified":"2025-04-25T18:26:47+00:00","author":{"@id":"https:\/\/universofamilia.com\/el\/#\/schema\/person\/f07ce98187dd84d31154262e79b3b7ca"},"description":"Descubre qui\u00e9n te observa en las redes sociales. Descubre qui\u00e9n te observa en las redes sociales usando estos apps.Muchos de nosotros...","breadcrumb":{"@id":"http:\/\/universofamilia.com\/da\/descubre-quien-te-observa-en-las-redes-sociales\/#breadcrumb"},"inLanguage":"hu","potentialAction":[{"@type":"ReadAction","target":["http:\/\/universofamilia.com\/da\/descubre-quien-te-observa-en-las-redes-sociales\/"]}]},{"@type":"ImageObject","inLanguage":"hu","@id":"http:\/\/universofamilia.com\/da\/descubre-quien-te-observa-en-las-redes-sociales\/#primaryimage","url":"https:\/\/universofamilia.com\/wp-content\/uploads\/sites\/148\/2025\/04\/DESTAQUE-UNIVERSO-550-x-350-7-1.jpg","contentUrl":"https:\/\/universofamilia.com\/wp-content\/uploads\/sites\/148\/2025\/04\/DESTAQUE-UNIVERSO-550-x-350-7-1.jpg","width":550,"height":350,"caption":"Descubre qui\u00e9n te observa en las redes sociales"},{"@type":"BreadcrumbList","@id":"http:\/\/universofamilia.com\/da\/descubre-quien-te-observa-en-las-redes-sociales\/#breadcrumb","itemListElement":[{"@type":"ListItem","position":1,"name":"Home","item":"https:\/\/universofamilia.com\/el\/"},{"@type":"ListItem","position":2,"name":"Descubre qui\u00e9n te observa en las redes sociales"}]},{"@type":"WebSite","@id":"https:\/\/universofamilia.com\/el\/#website","url":"https:\/\/universofamilia.com\/el\/","name":"Universo Fam\u00edlia","description":"","potentialAction":[{"@type":"SearchAction","target":{"@type":"EntryPoint","urlTemplate":"https:\/\/universofamilia.com\/el\/?s={search_term_string}"},"query-input":"required name=search_term_string"}],"inLanguage":"hu"},{"@type":"Person","@id":"https:\/\/universofamilia.com\/el\/#\/schema\/person\/f07ce98187dd84d31154262e79b3b7ca","name":"Pedro Henrique","image":{"@type":"ImageObject","inLanguage":"hu","@id":"https:\/\/universofamilia.com\/el\/#\/schema\/person\/image\/","url":"https:\/\/secure.gravatar.com\/avatar\/9edfeb808cb4e1599f64d6e45b130154?s=96&d=mm&r=g","contentUrl":"https:\/\/secure.gravatar.com\/avatar\/9edfeb808cb4e1599f64d6e45b130154?s=96&d=mm&r=g","caption":"Pedro Henrique"},"url":"https:\/\/universofamilia.com\/hu\/author\/editor01\/"}]}},"_links":{"self":[{"href":"https:\/\/universofamilia.com\/hu\/wp-json\/wp\/v2\/posts\/9386"}],"collection":[{"href":"https:\/\/universofamilia.com\/hu\/wp-json\/wp\/v2\/posts"}],"about":[{"href":"https:\/\/universofamilia.com\/hu\/wp-json\/wp\/v2\/types\/post"}],"author":[{"embeddable":true,"href":"https:\/\/universofamilia.com\/hu\/wp-json\/wp\/v2\/users\/139"}],"replies":[{"embeddable":true,"href":"https:\/\/universofamilia.com\/hu\/wp-json\/wp\/v2\/comments?post=9386"}],"version-history":[{"count":1,"href":"https:\/\/universofamilia.com\/hu\/wp-json\/wp\/v2\/posts\/9386\/revisions"}],"predecessor-version":[{"id":9395,"href":"https:\/\/universofamilia.com\/hu\/wp-json\/wp\/v2\/posts\/9386\/revisions\/9395"}],"wp:featuredmedia":[{"embeddable":true,"href":"https:\/\/universofamilia.com\/hu\/wp-json\/wp\/v2\/media\/9394"}],"wp:attachment":[{"href":"https:\/\/universofamilia.com\/hu\/wp-json\/wp\/v2\/media?parent=9386"}],"wp:term":[{"taxonomy":"category","embeddable":true,"href":"https:\/\/universofamilia.com\/hu\/wp-json\/wp\/v2\/categories?post=9386"},{"taxonomy":"post_tag","embeddable":true,"href":"https:\/\/universofamilia.com\/hu\/wp-json\/wp\/v2\/tags?post=9386"}],"curies":[{"name":"wp","href":"https:\/\/api.w.org\/{rel}","templated":true}]}}