{"id":9432,"date":"2025-05-09T16:29:01","date_gmt":"2025-05-09T16:29:01","guid":{"rendered":"https:\/\/universofamilia.com\/?p=9432"},"modified":"2025-05-09T16:29:03","modified_gmt":"2025-05-09T16:29:03","slug":"hoy-es-dia-de-enamorarte-de-alguien-especial","status":"publish","type":"post","link":"https:\/\/universofamilia.com\/hu\/hoy-es-dia-de-enamorarte-de-alguien-especial\/","title":{"rendered":"Ma van itt a nap, hogy beleszeress egy k\u00fcl\u00f6nleges emberbe."},"content":{"rendered":"<p class=\"has-text-align-center\">Nem sz\u00e1m\u00edt, ha m\u00e1r p\u00e9ntek van, mindig j\u00f3 nap \u00faj kapcsolatok kialak\u00edt\u00e1s\u00e1ra.<\/p>\n\n\n\n<p><\/p>\n\n\n\n<h5 class=\"wp-block-heading has-text-align-center\"><strong><mark class=\"has-inline-color has-vivid-cyan-blue-color\">V\u00e1lasszon egyet a lehet\u0151s\u00e9gek k\u00f6z\u00fcl!<\/mark><\/strong><\/h5>\n\n\n    <section class=\"mx-1 my-10\">\n                                                <a href=\"https:\/\/universofamilia.com\/hu\/randialkalmazasok\/\" class=\"text-white\" data-analytics-label=\"optionsButton\"\n                    data-action=\"analytics#trackCTA\">\n                    <div data-options-target=\"option\"\n                        class=\"custom-section rounded-xl border p-3 shadow-md w-full bg-green-700 my-3\">\n                        <div class=\"flex w-full items-center justify-between\">\n                            <div class=\"flex items-center space-x-3\">\n                                <div class=\"text-lg font-bold\">\n                                    Szia, besz\u00e9lj most!   \u279d\n                                <\/div>\n                            <\/div>\n                        <\/div>\n                    <\/div>\n                <\/a>\n                                                            <a href=\"https:\/\/universofamilia.com\/hu\/mejor-app-de-citas-real\/\" class=\"text-white\" data-analytics-label=\"optionsButton\"\n                    data-action=\"analytics#trackCTA\">\n                    <div data-options-target=\"option\"\n                        class=\"custom-section rounded-xl border p-3 shadow-md w-full bg-green-700 my-3\">\n                        <div class=\"flex w-full items-center justify-between\">\n                            <div class=\"flex items-center space-x-3\">\n                                <div class=\"text-lg font-bold\">\n                                    Egy kis aj\u00e1nd\u00e9k neked \u279d\n                                <\/div>\n                            <\/div>\n                        <\/div>\n                    <\/div>\n                <\/a>\n                                                            <a href=\"https:\/\/universofamilia.com\/hu\/el-amor-a-un-clic\/\" class=\"text-white\" data-analytics-label=\"optionsButton\"\n                    data-action=\"analytics#trackCTA\">\n                    <div data-options-target=\"option\"\n                        class=\"custom-section rounded-xl border p-3 shadow-md w-full bg-green-700 my-3\">\n                        <div class=\"flex w-full items-center justify-between\">\n                            <div class=\"flex items-center space-x-3\">\n                                <div class=\"text-lg font-bold\">\n                                    Komoly kapcsolat \u279d\n                                <\/div>\n                            <\/div>\n                        <\/div>\n                    <\/div>\n                <\/a>\n                            <p class=\"text-xs text-gray-500 text-right hidden\"\n            style=\"margin-left: 50%; margin-bottom: 50px; margin-top: 5px;\">\n            <!-- You will be redirected to another website -->\n        <\/p>\n    <\/section>\n\n\n\n\n<p><\/p>\n\n\n\n<p><strong>Ma van itt a nap, hogy beleszeress egy k\u00fcl\u00f6nleges emberbe.<\/strong>. Mindegy, hogy h\u00e9tf\u0151 vagy vas\u00e1rnap van, hogy r\u00e9g\u00f3ta szingli vagy, vagy csak most l\u00e9psz ki egy kapcsolatb\u00f3l.<\/p>\n\n\n\n<p>A szerelem nem ismer id\u0151t, kort vagy kifog\u00e1sokat. Csup\u00e1n annyi kell hozz\u00e1, hogy hajland\u00f3 legy\u00e9l ablakot nyitni neki, hogy bej\u00f6hessen.<\/p>\n\n\n\n<p>Ebben a cikkben megtudhatod, hogyan teheted meg az els\u0151 l\u00e9p\u00e9st f\u00e9lelem n\u00e9lk\u00fcl.<\/p>\n\n\n\n<p>Megmutatjuk, hogyan m\u0171k\u00f6dnek az alkalmaz\u00e1sok <a href=\"https:\/\/universofamilia.com\/hu\/randialkalmazasok\/\">id\u00e9zetek megv\u00e1ltoztathatj\u00e1k az \u00e9leted<\/a>, seg\u00edtenek \u00faj kapcsolatokat k\u00f6tni, \u00e9s tal\u00e1n m\u00e9g azt a k\u00fcl\u00f6nleges valakit is megtal\u00e1lni, aki minden nap mosolyt csal az arcodra. M\u00e9g ha nincs is tapasztalatod a technol\u00f3gi\u00e1ban, mindent egyszer\u0171en elmagyar\u00e1zunk neked.<\/p>\n\n\n\n<p>Ez egy neked sz\u00f3l\u00f3 sz\u00f6veg, olyan val\u00f3di embereknek, akik szeretetre, t\u00e1rsas\u00e1gra \u00e9s \u0151szinte besz\u00e9lget\u00e9sre v\u00e1gynak.<\/p>\n\n\n\n<p>Fedezz\u00fck fel a legjobb eszk\u00f6z\u00f6ket, gyakorlati tippeket \u00e9s val\u00f3s aj\u00e1nl\u00e1sokat azokt\u00f3l, akik digit\u00e1lisan tal\u00e1lt\u00e1k meg a szerelmet.<\/p>\n\n\n\n<p>Mert igen, a szerelem a mobilodon is \u00e9l<\/p>\n\n\n\n<p>K\u00e9sz\u00fclj fel egy vil\u00e1gos, \u00e9lvezetes \u00e9s hasznos olvasm\u00e1nyra. Ha hajland\u00f3 vagy megpr\u00f3b\u00e1lni, a mai nap egy \u00faj szakasz kezdet\u00e9t jelentheti. Csatlakozol hozz\u00e1nk?<\/p>\n\n\n\n<p><\/p>\n\n\n\n<hr class=\"wp-block-separator has-alpha-channel-opacity is-style-wide\" \/>\n\n\n\n<h4 class=\"wp-block-heading has-text-align-center\"><strong><mark class=\"has-inline-color has-luminous-vivid-orange-color\">Olvasd el ezt is<\/mark><\/strong><\/h4>\n\n\n    <section class=\"mx-1 my-10\">\n                                                <a href=\"https:\/\/universofamilia.com\/hu\/lp-filmes-asiaticos\/\" class=\"text-white\" data-analytics-label=\"optionsButton\"\n                    data-action=\"analytics#trackCTA\">\n                    <div data-options-target=\"option\"\n                        class=\"custom-section rounded-xl border p-3 shadow-md w-full bg-green-700 my-3\">\n                        <div class=\"flex w-full items-center justify-between\">\n                            <div class=\"flex items-center space-x-3\">\n                                <div class=\"text-lg font-bold\">\n                                    App koreai dr\u00e1m\u00e1k n\u00e9z\u00e9s\u00e9hez \u279d\n                                <\/div>\n                            <\/div>\n                        <\/div>\n                    <\/div>\n                <\/a>\n                                                            <a href=\"https:\/\/universofamilia.com\/hu\/lp-recuperar-fotos\/\" class=\"text-white\" data-analytics-label=\"optionsButton\"\n                    data-action=\"analytics#trackCTA\">\n                    <div data-options-target=\"option\"\n                        class=\"custom-section rounded-xl border p-3 shadow-md w-full bg-green-700 my-3\">\n                        <div class=\"flex w-full items-center justify-between\">\n                            <div class=\"flex items-center space-x-3\">\n                                <div class=\"text-lg font-bold\">\n                                    T\u00f6r\u00f6lt fot\u00f3k helyre\u00e1ll\u00edt\u00e1sa ezzel az alkalmaz\u00e1ssal!  \u279d\n                                <\/div>\n                            <\/div>\n                        <\/div>\n                    <\/div>\n                <\/a>\n                                                            <a href=\"https:\/\/universofamilia.com\/hu\/el-amor-a-un-clic\/\" class=\"text-white\" data-analytics-label=\"optionsButton\"\n                    data-action=\"analytics#trackCTA\">\n                    <div data-options-target=\"option\"\n                        class=\"custom-section rounded-xl border p-3 shadow-md w-full bg-green-700 my-3\">\n                        <div class=\"flex w-full items-center justify-between\">\n                            <div class=\"flex items-center space-x-3\">\n                                <div class=\"text-lg font-bold\">\n                                    Fedezd fel az ide\u00e1lis t\u00e1rskeres\u0151 alkalmaz\u00e1st \u279d\n                                <\/div>\n                            <\/div>\n                        <\/div>\n                    <\/div>\n                <\/a>\n                            <p class=\"text-xs text-gray-500 text-right hidden\"\n            style=\"margin-left: 50%; margin-bottom: 50px; margin-top: 5px;\">\n            <!-- You will be redirected to another website -->\n        <\/p>\n    <\/section>\n\n\n\n\n<p class=\"has-text-align-right\"><em><strong><em><strong><em><strong><em><strong><em><strong>Ugyanott fog maradni!<\/strong><\/em><\/strong><\/em><\/strong><\/em><\/strong><\/em><\/strong><\/em><\/p>\n\n\n\n<hr class=\"wp-block-separator has-alpha-channel-opacity is-style-wide\" \/>\n\n\n\n<p><\/p>\n\n\n\n<h2 class=\"wp-block-heading\">Mi\u00e9rt \u00e9rdemes ma szerelmesnek lenni?<\/h2>\n\n\n\n<p><strong>Az igazi kapcsolat keres\u00e9s\u00e9nek nincs kora vagy id\u0151beoszt\u00e1sa.<\/strong> Rohan\u00f3 vil\u00e1gban \u00e9l\u00fcnk, de m\u00e9g mindig van hely arra, ami igaz\u00e1n sz\u00e1m\u00edt: szeretve lenni.<\/p>\n\n\n\n<p>Sokan \u00fagy gondolj\u00e1k, hogy m\u00e1r t\u00fal k\u00e9s\u0151, hogy senki sem fogja megn\u00e9zni a profiljukat, hogy ez csak a fiataloknak val\u00f3. Semmi sem \u00e1llhatna t\u00e1volabb az igazs\u00e1gt\u00f3l.<\/p>\n\n\n\n<p>Naponta t\u00f6bb ezer, 40, 50, 60 vagy ak\u00e1r 70 \u00e9v feletti ember hoz l\u00e9tre profilt t\u00e1rskeres\u0151 alkalmaz\u00e1sokon. \u00c9s ezt nem unalomb\u00f3l teszik.<\/p>\n\n\n\n<p>Az\u00e9rt teszik, mert t\u00e1rsas\u00e1gra, besz\u00e9lget\u00e9sre v\u00e1gynak, nevetni akarnak valakivel, megn\u00e9zni egy filmet, vagy egyszer\u0171en csak meginni egy k\u00e1v\u00e9t an\u00e9lk\u00fcl, hogy egyed\u00fcl lenn\u00e9nek.<\/p>\n\n\n\n<p>Az els\u0151 l\u00e9p\u00e9s, hogy ne gondold azt, hogy ez nem neked val\u00f3. Mert az. Vannak alkalmaz\u00e1sok, amelyek mindenf\u00e9le ember sz\u00e1m\u00e1ra k\u00e9sz\u00fcltek.<\/p>\n\n\n\n<p>Csak ki kell v\u00e1lasztanod a megfelel\u0151t, l\u00e9tre kell hoznod egy \u0151szinte profilt, \u00e9s hagynod kell, hogy megt\u00f6rt\u00e9njen a var\u00e1zslat.<\/p>\n\n\n\n<h3 class=\"wp-block-heading\">Milyen emberek vannak ezeken az alkalmaz\u00e1sokon?<\/h3>\n\n\n\n<ul>\n<li>Azok, akik stabil kapcsolatra v\u00e1gynak<\/li>\n\n\n\n<li>Elv\u00e1lt f\u00e9rfiak \u00e9s n\u0151k, akik \u00fajra akarnak kezdeni<\/li>\n\n\n\n<li>Id\u0151sebb emberek, akik mag\u00e1nyosnak \u00e9rzik magukat<\/li>\n\n\n\n<li>Fiatalok, akik t\u00f6bbet keresnek, mint egy kalandot<\/li>\n\n\n\n<li>\u00d6zvegyek, akik \u00fajra bele akarnak szeretni<\/li>\n<\/ul>\n\n\n\n<p>A szerelem nem t\u0171nt el. Csak helyet cser\u00e9lt. Most m\u00e1r a k\u00e9perny\u0151d\u00f6n is \u00e9l<\/p>\n\n\n\n<h2 class=\"wp-block-heading\">Hogyan m\u0171k\u00f6dnek ezek az alkalmaz\u00e1sok, \u00e9s mi\u00e9rt olyan hat\u00e9konyak<\/h2>\n\n\n\n<p><strong>A t\u00e1rskeres\u0151 alkalmaz\u00e1sok egyszer\u0171bbek, mint gondoln\u00e1d.<\/strong> Nem kell \u00e9rtened a sz\u00e1m\u00edt\u00f3g\u00e9pekhez, rendelkezned a k\u00f6z\u00f6ss\u00e9gi m\u00e9di\u00e1val, vagy mobiltelefon-szak\u00e9rt\u0151nek lenned.<\/p>\n\n\n\n<p>Minden \u00fagy van megtervezve, hogy b\u00e1rki komplik\u00e1ci\u00f3k n\u00e9lk\u00fcl haszn\u00e1lhassa \u0151ket.<\/p>\n\n\n\n<p>Csup\u00e1n egy internetkapcsolattal rendelkez\u0151 mobiltelefonra van sz\u00fcks\u00e9ged, \u00e9s n\u00e9h\u00e1ny egyszer\u0171 l\u00e9p\u00e9s k\u00f6vet\u00e9s\u00e9re.<\/p>\n\n\n\n<p>A platformok intuit\u00edvak \u00e9s \u00fagy lettek kialak\u00edtva, hogy a folyamat m\u00e1r a kezdetekt\u0151l \u00e9lvezetes legyen.<\/p>\n\n\n\n<h3 class=\"wp-block-heading\">L\u00e9p\u00e9sr\u0151l l\u00e9p\u00e9sre az indul\u00e1shoz<\/h3>\n\n\n\n<ol>\n<li>Menj be a telefonod alkalmaz\u00e1sboltj\u00e1ba (Google Play)<\/li>\n\n\n\n<li>Keresd meg az \u00e1ltalunk aj\u00e1nlott alkalmaz\u00e1st<\/li>\n\n\n\n<li>Kattintson a \u201eTelep\u00edt\u00e9s\u201d gombra, \u00e9s v\u00e1rjon n\u00e9h\u00e1ny m\u00e1sodpercet<\/li>\n\n\n\n<li>Nyisd meg az alkalmaz\u00e1st, \u00e9s hozd l\u00e9tre a profilodat n\u00e9vvel, koroddal, egy fot\u00f3val \u00e9s egy r\u00f6vid le\u00edr\u00e1ssal.<\/li>\n\n\n\n<li>Kezdj el b\u00f6ng\u00e9szni a profilok k\u00f6z\u00f6tt, \u00e9s v\u00e1laszd ki, kivel szeretn\u00e9l tal\u00e1lkozni.<\/li>\n<\/ol>\n\n\n\n<p>Nincs nyom\u00e1s. Nincsenek id\u0151pontok. Minden a te temp\u00f3dban t\u00f6rt\u00e9nik. Te d\u00f6nt\u00f6d el, mikor besz\u00e9lsz, kivel, \u00e9s hogy folytatni akarod-e.<\/p>\n\n\n\n<h3 class=\"wp-block-heading\">Hasznos funkci\u00f3k id\u0151seknek<\/h3>\n\n\n\n<ul>\n<li>Nagy bet\u0171k \u00e9s l\u00e1that\u00f3 gombok<\/li>\n\n\n\n<li>Lehet\u0151s\u00e9g sz\u00f6veges, hang- vagy vide\u00f3h\u00edv\u00e1sra<\/li>\n\n\n\n<li>Adatv\u00e9delmi be\u00e1ll\u00edt\u00e1sok az adataid elrejt\u00e9s\u00e9hez<\/li>\n\n\n\n<li>Sz\u0171r\u0151k az emberek \u00e9letkor, v\u00e1ros, \u00e9rdekl\u0151d\u00e9si k\u00f6r vagy vall\u00e1s szerinti kiv\u00e1laszt\u00e1s\u00e1hoz<\/li>\n\n\n\n<li>Egyszer\u0171 \u00e9rtes\u00edt\u00e9sek, amelyek tudatj\u00e1k \u00d6nnel, ha valaki besz\u00e9lni szeretne \u00d6nnel<\/li>\n<\/ul>\n\n\n\n<h2 class=\"wp-block-heading\">Mire kell figyelni az alkalmaz\u00e1sok biztons\u00e1gos haszn\u00e1lat\u00e1hoz?<\/h2>\n\n\n\n<p>Sokan f\u00e9lnek haszn\u00e1lni ezeket az alkalmaz\u00e1sokat, mert rossz t\u00f6rt\u00e9neteket hallottak r\u00f3luk.<\/p>\n\n\n\n<p>De mint minden m\u00e1sban az \u00e9letben, a titok itt is a j\u00f3zan \u00e9sz \u00e9s n\u00e9h\u00e1ny alapvet\u0151 aj\u00e1nl\u00e1s betart\u00e1sa.<\/p>\n\n\n\n<p>A t\u00e1rskeres\u0151 alkalmaz\u00e1sokon kereszt\u00fcli legt\u00f6bb tal\u00e1lkoz\u00e1s pozit\u00edv, \u00e9s sok p\u00e1r ker\u00fclt m\u00e1r ki bel\u0151l\u00fck.<\/p>\n\n\n\n<h3 class=\"wp-block-heading\">Fontos tippek a biztons\u00e1gos \u00e9lm\u00e9nyhez<\/h3>\n\n\n\n<ul>\n<li>Soha ne oszd meg a c\u00edmedet, banksz\u00e1mlasz\u00e1modat vagy jelszavaidat<\/li>\n\n\n\n<li>El\u0151sz\u00f6r csevegj az alkalmaz\u00e1son bel\u00fcl, \u00e9s ne sz\u00e1nj r\u00e1 id\u0151t.<\/li>\n\n\n\n<li>Ha \u00fagy d\u00f6nt\u00f6t\u00f6k, hogy tal\u00e1lkoztok, tegy\u00e9tek azt nyilv\u00e1nos helyen, \u00e9s sz\u00f3ljatok valakinek a k\u00f6zelben.<\/li>\n\n\n\n<li>Ne f\u00e9lj nemet mondani. Ha valaki nem tetszik neked, le is tilthatod.<\/li>\n\n\n\n<li>Gondosan ellen\u0151rizd a profilokat: az alkalmaz\u00e1sok jelzik, ha ellen\u0151rz\u00f6tt szem\u00e9lyekr\u0151l van sz\u00f3.<\/li>\n<\/ul>\n\n\n\n<p>Ne feledd: te ir\u00e1ny\u00edtasz. Nem k\u00f6teles vagy folytatni a besz\u00e9lget\u00e9st, ha nem \u00e9rzed j\u00f3l magad.<\/p>\n\n\n\n<h3 class=\"wp-block-heading\">Hogyan ker\u00fclj\u00fck el a hamis profilokat<\/h3>\n\n\n\n<ul>\n<li>Olyan alkalmaz\u00e1sokat v\u00e1lasszon, amelyek f\u00e9nyk\u00e9ppel vagy dokumentummal igazolj\u00e1k a szem\u00e9lyazonoss\u00e1got<\/li>\n\n\n\n<li>N\u00e9zd meg, van-e a szem\u00e9lynek t\u00f6bb fot\u00f3ja \u00e9s teljes le\u00edr\u00e1sa.<\/li>\n\n\n\n<li>Ker\u00fcld azokat a profilokat, amelyek azt \u00e1ll\u00edtj\u00e1k, hogy k\u00fclf\u00f6ld\u00f6n \u00e9lnek, de gyorsan szeretn\u00e9nek valamit.<\/li>\n\n\n\n<li>Ne v\u00e1laszolj p\u00e9nzt vagy sz\u00edvess\u00e9get k\u00e9r\u0151 \u00fczenetekre.<\/li>\n<\/ul>\n\n\n\n<h2 class=\"wp-block-heading\">Igaz t\u00f6rt\u00e9netek, amelyek inspir\u00e1lnak<\/h2>\n\n\n\n<p>Az 58 \u00e9ves Ana soha nem haszn\u00e1lt alkalmaz\u00e1st, am\u00edg a l\u00e1nya nem biztatta r\u00e1. \u201eNevets\u00e9gesnek tartottam, hogy senki sem fog nekem \u00edrni.\u201d<\/p>\n\n\n\n<p>De kevesebb mint egy h\u00e9t m\u00falva tal\u00e1lkoztam Robert\u00f3val. Ugyanabban a v\u00e1rosban \u00e9l\u00fcnk, hasonl\u00f3 az \u00edzl\u00e9s\u00fcnk.<\/p>\n\n\n\n<p>Ma nyolc h\u00f3napja vagyunk egy\u00fctt. \u201e\u00c9s minden egy alkalmaz\u00e1ssal kezd\u0151d\u00f6tt!\u201d<\/p>\n\n\n\n<p>A 66 \u00e9ves Juan \u00f6zvegyember, \u00e9s a mobiltelefonj\u00e1t haszn\u00e1lta arra, hogy \u00fajra n\u0151kkel besz\u00e9lgessen. \u201eSz\u00e9gyenben voltam, de b\u00e1tor voltam.<\/p>\n\n\n\n<p>Tal\u00e1lkoztam Mart\u00e1val, hetekig besz\u00e9lgett\u00fcnk, miel\u0151tt tal\u00e1lkoztunk. Gy\u00f6ny\u00f6r\u0171 volt. \u201e\u00dajra elmosolyodtam\u201d<\/p>\n\n\n\n<p>Ezek a vallom\u00e1sok azt mutatj\u00e1k, hogy a digit\u00e1lis szerelem ugyanolyan val\u00f3s\u00e1gos, mint az eg\u00e9sz \u00e9leten \u00e1t tart\u00f3 szerelem. Csak meg kell tenned az els\u0151 l\u00e9p\u00e9st<\/p>\n\n\n\n<h2 class=\"wp-block-heading\">A 3 legjobb randialkalmaz\u00e1s, amivel ma beleszerethetsz<\/h2>\n\n\n\n<p>Ezt a h\u00e1rom alkalmaz\u00e1st aj\u00e1nljuk, mert biztons\u00e1gosak, k\u00f6nnyen haszn\u00e1lhat\u00f3ak, \u00e9s t\u00f6bb milli\u00f3 felhaszn\u00e1l\u00f3juk van Mexik\u00f3ban \u00e9s Latin-Amerik\u00e1ban.<\/p>\n\n\n\n<p>Mindegyik el\u00e9rhet\u0151 Androidra a Google Play \u00c1ruh\u00e1zban.<\/p>\n\n\n\n<h3 class=\"wp-block-heading\">\ud83e\udde1 <a href=\"https:\/\/tinder.com\/pt\/download\">Tapl\u00f3 <\/a>\u2013 Azonnali kapcsolatok<\/h3>\n\n\n\n<p>A Tinder ide\u00e1lis azok sz\u00e1m\u00e1ra, akik gyorsan el akarnak kezdeni. Az alkalmaz\u00e1s megmutatja a k\u00f6zeledben l\u00e9v\u0151 embereket, \u00e9s te d\u00f6ntheted el, hogy \u00e9rdekl\u0151dsz-e ir\u00e1ntuk vagy sem.<\/p>\n\n\n\n<p>Ha mindketten szimpatikusak vagytok egym\u00e1snak, akkor besz\u00e9lgethettek.<\/p>\n\n\n\n<p><strong>El\u0151ny\u00f6k:<\/strong><\/p>\n\n\n\n<ul>\n<li>Gyors regisztr\u00e1ci\u00f3 e-mailben vagy mobiltelefonon<\/li>\n\n\n\n<li>Sz\u0171r\u00e9si lehet\u0151s\u00e9g t\u00e1vols\u00e1g \u00e9s \u00e9letkor szerint<\/li>\n\n\n\n<li>Lehet\u0151s\u00e9g fot\u00f3k vagy csak le\u00edr\u00e1s haszn\u00e1lat\u00e1ra<\/li>\n\n\n\n<li>Nagyon n\u00e9pszer\u0171 minden koroszt\u00e1ly k\u00f6r\u00e9ben<\/li>\n<\/ul>\n\n\n\n<p><\/p>\n\n\n\n<hr class=\"wp-block-separator has-alpha-channel-opacity is-style-wide\" \/>\n\n\n\n<h5 class=\"wp-block-heading has-text-align-left\"><strong><mark class=\"has-inline-color has-luminous-vivid-amber-color\"><strong><mark class=\"has-inline-color has-luminous-vivid-amber-color\"><a>\ud83d\udc49 <\/a><strong><mark class=\"has-inline-color has-luminous-vivid-amber-color\"><strong>T\u00f6ltsd le az alkalmaz\u00e1st:<\/strong><\/mark><\/strong><\/mark><\/strong><\/mark><\/strong><\/h5>\n\n\n    <section class=\"mx-1 my-10\">\n                                                <a href=\"https:\/\/tinder.com\/pt\/download\" class=\"text-white\" data-analytics-label=\"optionsButton\"\n                    data-action=\"analytics#trackCTA\">\n                    <div data-options-target=\"option\"\n                        class=\"custom-section rounded-xl border p-3 shadow-md w-full bg-green-700 my-3\">\n                        <div class=\"flex w-full items-center justify-between\">\n                            <div class=\"flex items-center space-x-3\">\n                                <div class=\"text-lg font-bold\">\n                                    Tinder \u279d\n                                <\/div>\n                            <\/div>\n                        <\/div>\n                    <\/div>\n                <\/a>\n                            <p class=\"text-xs text-gray-500 text-right\"\n            style=\"margin-left: 50%; margin-bottom: 50px; margin-top: 5px;\">\n            <!-- You will be redirected to another website -->\n        <\/p>\n    <\/section>\n\n\n\n\n<p class=\"has-text-align-right\"><em><strong><em><strong><em><strong><em><strong><em><strong><em><strong><em><strong><em><strong><em><strong><em><strong>\u00c1t leszel ir\u00e1ny\u00edtva egy m\u00e1sik oldalra!<\/strong><\/em><\/strong><\/em><\/strong><\/em><\/strong><\/em><\/strong><\/em><\/strong><\/em><\/strong><\/em><\/strong><\/em><\/strong><\/em><\/strong><\/em><\/p>\n\n\n\n<hr class=\"wp-block-separator has-alpha-channel-opacity is-style-wide\" \/>\n\n\n\n<p><\/p>\n\n\n\n<h3 class=\"wp-block-heading\">\ud83d\udcac Bumble \u2013 Tiszteletteljes besz\u00e9lget\u00e9sek<\/h3>\n\n\n\n<p>A Bumble-on a n\u0151k kezdem\u00e9nyezik a besz\u00e9lget\u00e9st, ami nagyobb biztons\u00e1got \u00e9s kontrollt ad nekik. Ezenk\u00edv\u00fcl kereshet partnert, bar\u00e1ts\u00e1got vagy szakmai kapcsolatokat.<\/p>\n\n\n\n<p><strong>K\u00fcl\u00f6nleges jellemz\u0151k:<\/strong><\/p>\n\n\n\n<ul>\n<li>Bar\u00e1ts\u00e1gos \u00e9s biztons\u00e1gos k\u00f6rnyezet<\/li>\n\n\n\n<li>K\u00f6zvetlen videoh\u00edv\u00e1s funkci\u00f3 az alkalmaz\u00e1sban<\/li>\n\n\n\n<li>Ellen\u0151rz\u00f6tt profil fot\u00f3val<\/li>\n\n\n\n<li>Ide\u00e1lis 40 \u00e9v felettieknek<\/li>\n<\/ul>\n\n\n\n<p><\/p>\n\n\n\n<hr class=\"wp-block-separator has-alpha-channel-opacity is-style-wide\" \/>\n\n\n\n<h5 class=\"wp-block-heading has-text-align-left\"><strong><mark class=\"has-inline-color has-luminous-vivid-amber-color\"><strong><mark class=\"has-inline-color has-luminous-vivid-amber-color\"><a>\ud83d\udc49 <\/a><strong><mark class=\"has-inline-color has-luminous-vivid-amber-color\"><strong>T\u00f6ltsd le az alkalmaz\u00e1st:<\/strong><\/mark><\/strong><\/mark><\/strong><\/mark><\/strong><\/h5>\n\n\n    <section class=\"mx-1 my-10\">\n                                                <a href=\"https:\/\/bumble.com\/pt\/\" class=\"text-white\" data-analytics-label=\"optionsButton\"\n                    data-action=\"analytics#trackCTA\">\n                    <div data-options-target=\"option\"\n                        class=\"custom-section rounded-xl border p-3 shadow-md w-full bg-green-700 my-3\">\n                        <div class=\"flex w-full items-center justify-between\">\n                            <div class=\"flex items-center space-x-3\">\n                                <div class=\"text-lg font-bold\">\n                                    Bumble \u279d\n                                <\/div>\n                            <\/div>\n                        <\/div>\n                    <\/div>\n                <\/a>\n                            <p class=\"text-xs text-gray-500 text-right\"\n            style=\"margin-left: 50%; margin-bottom: 50px; margin-top: 5px;\">\n            <!-- You will be redirected to another website -->\n        <\/p>\n    <\/section>\n\n\n\n\n<p class=\"has-text-align-right\"><em><strong><em><strong><em><strong><em><strong><em><strong><em><strong><em><strong><em><strong><em><strong><em><strong>\u00c1t leszel ir\u00e1ny\u00edtva egy m\u00e1sik oldalra!<\/strong><\/em><\/strong><\/em><\/strong><\/em><\/strong><\/em><\/strong><\/em><\/strong><\/em><\/strong><\/em><\/strong><\/em><\/strong><\/em><\/strong><\/em><\/p>\n\n\n\n<hr class=\"wp-block-separator has-alpha-channel-opacity is-style-wide\" \/>\n\n\n\n<p><\/p>\n\n\n\n<h3 class=\"wp-block-heading\">\ud83d\udc96 Badoo \u2013 Ismerkedj meg igazi emberekkel<\/h3>\n\n\n\n<p>A Badoo-nak nagy k\u00f6z\u00f6ss\u00e9ge van Mexik\u00f3ban. L\u00e1thatod, ki van a k\u00f6zelben, cseveghetsz, \u00e9s sz\u0171rhetsz a t\u00e9ged legink\u00e1bb \u00e9rdekl\u0151 dolgok alapj\u00e1n. Az alkalmaz\u00e1s a nagyobb biztons\u00e1g \u00e9rdek\u00e9ben ellen\u0151rzi a felhaszn\u00e1l\u00f3kat<\/p>\n\n\n\n<p><strong>A Badoo legjobbjai:<\/strong><\/p>\n\n\n\n<ul>\n<li>Val\u00f3di \u00e9s bev\u00e1lt profilok<\/li>\n\n\n\n<li>Sokf\u00e9lek\u00e9ppen lehet kommunik\u00e1lni (vide\u00f3, sz\u00f6veg, fot\u00f3)<\/li>\n\n\n\n<li>Lehet\u0151s\u00e9g, hogy tal\u00e1lkozz a v\u00e1rosodban \u00e9l\u0151 emberekkel<\/li>\n\n\n\n<li>Ingyenesen haszn\u00e1lhatod, vagy fizethetsz a plusz funkci\u00f3k\u00e9rt.<\/li>\n<\/ul>\n\n\n\n<p><\/p>\n\n\n\n<hr class=\"wp-block-separator has-alpha-channel-opacity is-style-wide\" \/>\n\n\n\n<h5 class=\"wp-block-heading has-text-align-left\"><strong><mark class=\"has-inline-color has-luminous-vivid-amber-color\"><strong><mark class=\"has-inline-color has-luminous-vivid-amber-color\"><a>\ud83d\udc49 <\/a><strong><mark class=\"has-inline-color has-luminous-vivid-amber-color\"><strong>T\u00f6ltsd le az alkalmaz\u00e1st:<\/strong><\/mark><\/strong><\/mark><\/strong><\/mark><\/strong><\/h5>\n\n\n    <section class=\"mx-1 my-10\">\n                                                <a href=\"https:\/\/badoo.com\/pt\/\" class=\"text-white\" data-analytics-label=\"optionsButton\"\n                    data-action=\"analytics#trackCTA\">\n                    <div data-options-target=\"option\"\n                        class=\"custom-section rounded-xl border p-3 shadow-md w-full bg-green-700 my-3\">\n                        <div class=\"flex w-full items-center justify-between\">\n                            <div class=\"flex items-center space-x-3\">\n                                <div class=\"text-lg font-bold\">\n                                    Badoo \u279d\n                                <\/div>\n                            <\/div>\n                        <\/div>\n                    <\/div>\n                <\/a>\n                            <p class=\"text-xs text-gray-500 text-right\"\n            style=\"margin-left: 50%; margin-bottom: 50px; margin-top: 5px;\">\n            <!-- You will be redirected to another website -->\n        <\/p>\n    <\/section>\n\n\n\n\n<p class=\"has-text-align-right\"><em><strong><em><strong><em><strong><em><strong><em><strong><em><strong><em><strong><em><strong><em><strong><em><strong>\u00c1t leszel ir\u00e1ny\u00edtva egy m\u00e1sik oldalra!<\/strong><\/em><\/strong><\/em><\/strong><\/em><\/strong><\/em><\/strong><\/em><\/strong><\/em><\/strong><\/em><\/strong><\/em><\/strong><\/em><\/strong><\/em><\/p>\n\n\n\n<hr class=\"wp-block-separator has-alpha-channel-opacity is-style-wide\" \/>\n\n\n\n<p><\/p>\n\n\n\n<h2 class=\"wp-block-heading\">Mit kell tenni az alkalmaz\u00e1s let\u00f6lt\u00e9se ut\u00e1n?<\/h2>\n\n\n\n<p>Miut\u00e1n telep\u00edtetted az alkalmaz\u00e1st \u00e9s l\u00e9trehoztad a profilodat, sz\u00e1nj egy percet a felfedez\u00e9sre. Ne \u00e9rezd \u00fagy, hogy mindenkivel besz\u00e9lned kell, vagy azonnal v\u00e1laszolnod kell. Csak nyugodtan<\/p>\n\n\n\n<h3 class=\"wp-block-heading\">Tippek a profilodhoz<\/h3>\n\n\n\n<ul>\n<li>Haszn\u00e1lj tiszta \u00e9s term\u00e9szetes fot\u00f3t<\/li>\n\n\n\n<li>\u00cdrj egy \u0151szinte le\u00edr\u00e1st: hobbi, mit keresel, valami sz\u00f3rakoztat\u00f3<\/li>\n\n\n\n<li>L\u00e9gy pozit\u00edv. Az olyan kifejez\u00e9sek, mint a \u201eJ\u00f3l tudok kij\u00f6nni, szeretek nevetni\u201d, j\u00f3l m\u0171k\u00f6dnek.<\/li>\n\n\n\n<li>Ker\u00fcld a szomor\u00fas\u00e1g vagy panaszok eml\u00edt\u00e9s\u00e9t. A szerelembe es\u00e9s energia k\u00e9rd\u00e9se is<\/li>\n<\/ul>\n\n\n\n<h3 class=\"wp-block-heading\">Els\u0151 besz\u00e9lget\u00e9sek<\/h3>\n\n\n\n<ul>\n<li>L\u00e9gy bar\u00e1ts\u00e1gos, kezdj egy \u00fcdv\u00f6zl\u00e9ssel \u00e9s egy egyszer\u0171 k\u00e9rd\u00e9ssel<\/li>\n\n\n\n<li>Hallgat. Ha a m\u00e1sik \u00e9rdekl\u0151d\u0151en reag\u00e1l, folytasd a besz\u00e9lget\u00e9st.<\/li>\n\n\n\n<li>Ker\u00fcld a politik\u00e1r\u00f3l vagy a vitatott t\u00e9m\u00e1kr\u00f3l val\u00f3 besz\u00e9lget\u00e9st az elej\u00e9n<\/li>\n\n\n\n<li>Ha a besz\u00e9lget\u00e9s g\u00f6rd\u00fcl\u00e9keny, akkor folytathatod a h\u00edv\u00e1st vagy a vide\u00f3h\u00edv\u00e1st.<\/li>\n<\/ul>\n\n\n\n<h2 class=\"wp-block-heading\">A szerelemnek nincs kora vagy k\u00e9zik\u00f6nyve<\/h2>\n\n\n\n<p>A technol\u00f3gia bonyolultnak t\u0171nhet, de ebben az esetben a te oldaladon \u00e1ll.<\/p>\n\n\n\n<p>Lehet\u0151v\u00e9 teszi, hogy olyan emberekkel tal\u00e1lkozz, akikkel k\u00f6z\u00f6sek az \u00e9rt\u00e9keid, az \u00e1lmaid \u00e9s a tapasztalataid. Nem kell hozz\u00e1 fiatalnak vagy szak\u00e9rt\u0151nek lenned. Csak v\u00e1gy kell hozz\u00e1<\/p>\n\n\n\n<p>Nem sz\u00e1m\u00edt, ha m\u00e1r kudarcot vallott\u00e1l, ha ideges vagy, vagy ha m\u00e1r r\u00e9g\u00f3ta nem besz\u00e9lt\u00e9l egy k\u00fcl\u00f6nleges szem\u00e9llyel. Minden nap egy \u00faj lehet\u0151s\u00e9g. \u00c9S <strong>Ma van itt a nap, hogy beleszeress egy k\u00fcl\u00f6nleges emberbe<\/strong><\/p>\n\n\n\n<p>A kezedben l\u00e9v\u0151 mobiltelefon lehet a kulcs egy \u00faj korszakhoz. \u00c9s te d\u00f6nt\u00f6d el, mikor haszn\u00e1lod<\/p>\n\n\n<div class=\"wp-block-image\">\n<figure class=\"aligncenter size-full\"><img loading=\"lazy\" decoding=\"async\" width=\"550\" height=\"350\" src=\"https:\/\/universofamilia.com\/wp-content\/uploads\/sites\/148\/2025\/05\/DESTAQUE-UNIVERSO-550-x-350-6.jpg\" alt=\"\" class=\"wp-image-9437\" srcset=\"https:\/\/universofamilia.com\/wp-content\/uploads\/sites\/148\/2025\/05\/DESTAQUE-UNIVERSO-550-x-350-6.jpg 550w, https:\/\/universofamilia.com\/wp-content\/uploads\/sites\/148\/2025\/05\/DESTAQUE-UNIVERSO-550-x-350-6-300x191.jpg 300w, https:\/\/universofamilia.com\/wp-content\/uploads\/sites\/148\/2025\/05\/DESTAQUE-UNIVERSO-550-x-350-6-18x12.jpg 18w\" sizes=\"(max-width: 550px) 100vw, 550px\" \/><figcaption class=\"wp-element-caption\">Ma van itt a nap, hogy beleszeress egy k\u00fcl\u00f6nleges emberbe.<\/figcaption><\/figure><\/div>\n\n\n<h2 class=\"wp-block-heading\">Ne gondolkodj k\u00e9tszer, tedd meg az els\u0151 l\u00e9p\u00e9st<\/h2>\n\n\n\n<p>Most, hogy m\u00e1r tudod, hogyan m\u0171k\u00f6dnek az alkalmaz\u00e1sok, melyek biztons\u00e1gosak, \u00e9s hogyan kezdj hozz\u00e1, mire v\u00e1rsz m\u00e9g?<\/p>\n\n\n\n<p>Emberek ezrei tal\u00e1ltak m\u00e1r t\u00e1rsas\u00e1gra, szeretetre \u00e9s \u00faj \u00e9rzelmekre. Te is megteheted<\/p>\n\n\n\n<p>T\u00f6ltsd le az aj\u00e1nlott alkalmaz\u00e1sok egyik\u00e9t, hozd l\u00e9tre a profilodat, \u00e9s kezdj el csevegni. Tal\u00e1n a szerelem csak egy \u00fczenetnyire van.<\/p>\n\n\n\n<p>\u00c9s ha nem is szerelem, legal\u00e1bb egy kellemes besz\u00e9lget\u00e9s lehet, ami feldobja a napodat.<\/p>\n\n\n\n<p>Mert n\u00e9ha el\u00e9g csak \u00e9rezn\u00fcnk, hogy valaki meghallgat minket.<\/p>\n\n\n\n<p><strong>Csin\u00e1ld magadnak. A mai nap valami csod\u00e1latos dolog kezdete lehet<\/strong><\/p>","protected":false},"excerpt":{"rendered":"<p>Nem sz\u00e1m\u00edt, ha m\u00e1r p\u00e9ntek van, mindig j\u00f3 nap \u00faj kapcsolatok kialak\u00edt\u00e1s\u00e1ra. V\u00e1lassz egyet a lehet\u0151s\u00e9gek k\u00f6z\u00fcl! Ma van itt a nap, hogy beleszeress egy k\u00fcl\u00f6nleges emberbe. Nem sz\u00e1m\u00edt, hogy h\u00e9tf\u0151 vagy vas\u00e1rnap van, hogy m\u00e1r egy ideje szingli vagy, vagy \u00e9ppen most b\u00facs\u00fazol el egy kapcsolatt\u00f3l. A szerelem nem ismer id\u0151beli korl\u00e1tokat, [\u2026]<\/p>","protected":false},"author":139,"featured_media":9437,"comment_status":"closed","ping_status":"open","sticky":false,"template":"","format":"standard","meta":{"footnotes":""},"categories":[2],"tags":[2081,166,2103,2105,2275],"yoast_head":"<!-- This site is optimized with the Yoast SEO plugin v23.3 - https:\/\/yoast.com\/wordpress\/plugins\/seo\/ -->\n<title>Hoy es d\u00eda de enamorarte de alguien especial - Universo Fam\u00edlia<\/title>\n<meta name=\"description\" content=\"Hoy es d\u00eda de enamorarte de alguien especial. No importa si ya es viernes, siempre es un buen d\u00eda para iniciar nuevas conexiones....\" \/>\n<meta name=\"robots\" content=\"index, follow, max-snippet:-1, max-image-preview:large, max-video-preview:-1\" \/>\n<link rel=\"canonical\" href=\"https:\/\/universofamilia.com\/hu\/hoy-es-dia-de-enamorarte-de-alguien-especial\/\" \/>\n<meta property=\"og:locale\" content=\"hu_HU\" \/>\n<meta property=\"og:type\" content=\"article\" \/>\n<meta property=\"og:title\" content=\"Hoy es d\u00eda de enamorarte de alguien especial - Universo Fam\u00edlia\" \/>\n<meta property=\"og:description\" content=\"Hoy es d\u00eda de enamorarte de alguien especial. No importa si ya es viernes, siempre es un buen d\u00eda para iniciar nuevas conexiones....\" \/>\n<meta property=\"og:url\" content=\"https:\/\/universofamilia.com\/hu\/hoy-es-dia-de-enamorarte-de-alguien-especial\/\" \/>\n<meta property=\"og:site_name\" content=\"Universo Fam\u00edlia\" \/>\n<meta property=\"article:published_time\" content=\"2025-05-09T16:29:01+00:00\" \/>\n<meta property=\"article:modified_time\" content=\"2025-05-09T16:29:03+00:00\" \/>\n<meta property=\"og:image\" content=\"https:\/\/universofamilia.com\/wp-content\/uploads\/sites\/148\/2025\/05\/DESTAQUE-UNIVERSO-550-x-350-6.jpg\" \/>\n\t<meta property=\"og:image:width\" content=\"550\" \/>\n\t<meta property=\"og:image:height\" content=\"350\" \/>\n\t<meta property=\"og:image:type\" content=\"image\/jpeg\" \/>\n<meta name=\"author\" content=\"Pedro Henrique\" \/>\n<meta name=\"twitter:card\" content=\"summary_large_image\" \/>\n<meta name=\"twitter:label1\" content=\"Written by\" \/>\n\t<meta name=\"twitter:data1\" content=\"Pedro Henrique\" \/>\n\t<meta name=\"twitter:label2\" content=\"Est. reading time\" \/>\n\t<meta name=\"twitter:data2\" content=\"9 perc\" \/>\n<script type=\"application\/ld+json\" class=\"yoast-schema-graph\">{\"@context\":\"https:\/\/schema.org\",\"@graph\":[{\"@type\":\"WebPage\",\"@id\":\"https:\/\/universofamilia.com\/hoy-es-dia-de-enamorarte-de-alguien-especial\/\",\"url\":\"https:\/\/universofamilia.com\/hoy-es-dia-de-enamorarte-de-alguien-especial\/\",\"name\":\"Hoy es d\u00eda de enamorarte de alguien especial - Universo Fam\u00edlia\",\"isPartOf\":{\"@id\":\"https:\/\/universofamilia.com\/el\/#website\"},\"primaryImageOfPage\":{\"@id\":\"https:\/\/universofamilia.com\/hoy-es-dia-de-enamorarte-de-alguien-especial\/#primaryimage\"},\"image\":{\"@id\":\"https:\/\/universofamilia.com\/hoy-es-dia-de-enamorarte-de-alguien-especial\/#primaryimage\"},\"thumbnailUrl\":\"https:\/\/universofamilia.com\/wp-content\/uploads\/sites\/148\/2025\/05\/DESTAQUE-UNIVERSO-550-x-350-6.jpg\",\"datePublished\":\"2025-05-09T16:29:01+00:00\",\"dateModified\":\"2025-05-09T16:29:03+00:00\",\"author\":{\"@id\":\"https:\/\/universofamilia.com\/el\/#\/schema\/person\/f07ce98187dd84d31154262e79b3b7ca\"},\"description\":\"Hoy es d\u00eda de enamorarte de alguien especial. No importa si ya es viernes, siempre es un buen d\u00eda para iniciar nuevas conexiones....\",\"breadcrumb\":{\"@id\":\"https:\/\/universofamilia.com\/hoy-es-dia-de-enamorarte-de-alguien-especial\/#breadcrumb\"},\"inLanguage\":\"hu\",\"potentialAction\":[{\"@type\":\"ReadAction\",\"target\":[\"https:\/\/universofamilia.com\/hoy-es-dia-de-enamorarte-de-alguien-especial\/\"]}]},{\"@type\":\"ImageObject\",\"inLanguage\":\"hu\",\"@id\":\"https:\/\/universofamilia.com\/hoy-es-dia-de-enamorarte-de-alguien-especial\/#primaryimage\",\"url\":\"https:\/\/universofamilia.com\/wp-content\/uploads\/sites\/148\/2025\/05\/DESTAQUE-UNIVERSO-550-x-350-6.jpg\",\"contentUrl\":\"https:\/\/universofamilia.com\/wp-content\/uploads\/sites\/148\/2025\/05\/DESTAQUE-UNIVERSO-550-x-350-6.jpg\",\"width\":550,\"height\":350,\"caption\":\"Hoy es d\u00eda de enamorarte de alguien especial\"},{\"@type\":\"BreadcrumbList\",\"@id\":\"https:\/\/universofamilia.com\/hoy-es-dia-de-enamorarte-de-alguien-especial\/#breadcrumb\",\"itemListElement\":[{\"@type\":\"ListItem\",\"position\":1,\"name\":\"Home\",\"item\":\"https:\/\/universofamilia.com\/el\/\"},{\"@type\":\"ListItem\",\"position\":2,\"name\":\"Hoy es d\u00eda de enamorarte de alguien especial\"}]},{\"@type\":\"WebSite\",\"@id\":\"https:\/\/universofamilia.com\/el\/#website\",\"url\":\"https:\/\/universofamilia.com\/el\/\",\"name\":\"Universo Fam\u00edlia\",\"description\":\"\",\"potentialAction\":[{\"@type\":\"SearchAction\",\"target\":{\"@type\":\"EntryPoint\",\"urlTemplate\":\"https:\/\/universofamilia.com\/el\/?s={search_term_string}\"},\"query-input\":\"required name=search_term_string\"}],\"inLanguage\":\"hu\"},{\"@type\":\"Person\",\"@id\":\"https:\/\/universofamilia.com\/el\/#\/schema\/person\/f07ce98187dd84d31154262e79b3b7ca\",\"name\":\"Pedro Henrique\",\"image\":{\"@type\":\"ImageObject\",\"inLanguage\":\"hu\",\"@id\":\"https:\/\/universofamilia.com\/el\/#\/schema\/person\/image\/\",\"url\":\"https:\/\/secure.gravatar.com\/avatar\/9edfeb808cb4e1599f64d6e45b130154?s=96&d=mm&r=g\",\"contentUrl\":\"https:\/\/secure.gravatar.com\/avatar\/9edfeb808cb4e1599f64d6e45b130154?s=96&d=mm&r=g\",\"caption\":\"Pedro Henrique\"},\"url\":\"https:\/\/universofamilia.com\/hu\/author\/editor01\/\"}]}<\/script>\n<!-- \/ Yoast SEO plugin. -->","yoast_head_json":{"title":"Hoy es d\u00eda de enamorarte de alguien especial - Universo Fam\u00edlia","description":"Hoy es d\u00eda de enamorarte de alguien especial. No importa si ya es viernes, siempre es un buen d\u00eda para iniciar nuevas conexiones....","robots":{"index":"index","follow":"follow","max-snippet":"max-snippet:-1","max-image-preview":"max-image-preview:large","max-video-preview":"max-video-preview:-1"},"canonical":"https:\/\/universofamilia.com\/hu\/hoy-es-dia-de-enamorarte-de-alguien-especial\/","og_locale":"hu_HU","og_type":"article","og_title":"Hoy es d\u00eda de enamorarte de alguien especial - Universo Fam\u00edlia","og_description":"Hoy es d\u00eda de enamorarte de alguien especial. No importa si ya es viernes, siempre es un buen d\u00eda para iniciar nuevas conexiones....","og_url":"https:\/\/universofamilia.com\/hu\/hoy-es-dia-de-enamorarte-de-alguien-especial\/","og_site_name":"Universo Fam\u00edlia","article_published_time":"2025-05-09T16:29:01+00:00","article_modified_time":"2025-05-09T16:29:03+00:00","og_image":[{"width":550,"height":350,"url":"https:\/\/universofamilia.com\/wp-content\/uploads\/sites\/148\/2025\/05\/DESTAQUE-UNIVERSO-550-x-350-6.jpg","type":"image\/jpeg"}],"author":"Pedro Henrique","twitter_card":"summary_large_image","twitter_misc":{"Written by":"Pedro Henrique","Est. reading time":"9 perc"},"schema":{"@context":"https:\/\/schema.org","@graph":[{"@type":"WebPage","@id":"https:\/\/universofamilia.com\/hoy-es-dia-de-enamorarte-de-alguien-especial\/","url":"https:\/\/universofamilia.com\/hoy-es-dia-de-enamorarte-de-alguien-especial\/","name":"Hoy es d\u00eda de enamorarte de alguien especial - Universo Fam\u00edlia","isPartOf":{"@id":"https:\/\/universofamilia.com\/el\/#website"},"primaryImageOfPage":{"@id":"https:\/\/universofamilia.com\/hoy-es-dia-de-enamorarte-de-alguien-especial\/#primaryimage"},"image":{"@id":"https:\/\/universofamilia.com\/hoy-es-dia-de-enamorarte-de-alguien-especial\/#primaryimage"},"thumbnailUrl":"https:\/\/universofamilia.com\/wp-content\/uploads\/sites\/148\/2025\/05\/DESTAQUE-UNIVERSO-550-x-350-6.jpg","datePublished":"2025-05-09T16:29:01+00:00","dateModified":"2025-05-09T16:29:03+00:00","author":{"@id":"https:\/\/universofamilia.com\/el\/#\/schema\/person\/f07ce98187dd84d31154262e79b3b7ca"},"description":"Hoy es d\u00eda de enamorarte de alguien especial. No importa si ya es viernes, siempre es un buen d\u00eda para iniciar nuevas conexiones....","breadcrumb":{"@id":"https:\/\/universofamilia.com\/hoy-es-dia-de-enamorarte-de-alguien-especial\/#breadcrumb"},"inLanguage":"hu","potentialAction":[{"@type":"ReadAction","target":["https:\/\/universofamilia.com\/hoy-es-dia-de-enamorarte-de-alguien-especial\/"]}]},{"@type":"ImageObject","inLanguage":"hu","@id":"https:\/\/universofamilia.com\/hoy-es-dia-de-enamorarte-de-alguien-especial\/#primaryimage","url":"https:\/\/universofamilia.com\/wp-content\/uploads\/sites\/148\/2025\/05\/DESTAQUE-UNIVERSO-550-x-350-6.jpg","contentUrl":"https:\/\/universofamilia.com\/wp-content\/uploads\/sites\/148\/2025\/05\/DESTAQUE-UNIVERSO-550-x-350-6.jpg","width":550,"height":350,"caption":"Hoy es d\u00eda de enamorarte de alguien especial"},{"@type":"BreadcrumbList","@id":"https:\/\/universofamilia.com\/hoy-es-dia-de-enamorarte-de-alguien-especial\/#breadcrumb","itemListElement":[{"@type":"ListItem","position":1,"name":"Home","item":"https:\/\/universofamilia.com\/el\/"},{"@type":"ListItem","position":2,"name":"Hoy es d\u00eda de enamorarte de alguien especial"}]},{"@type":"WebSite","@id":"https:\/\/universofamilia.com\/el\/#website","url":"https:\/\/universofamilia.com\/el\/","name":"Universo Fam\u00edlia","description":"","potentialAction":[{"@type":"SearchAction","target":{"@type":"EntryPoint","urlTemplate":"https:\/\/universofamilia.com\/el\/?s={search_term_string}"},"query-input":"required name=search_term_string"}],"inLanguage":"hu"},{"@type":"Person","@id":"https:\/\/universofamilia.com\/el\/#\/schema\/person\/f07ce98187dd84d31154262e79b3b7ca","name":"Pedro Henrique","image":{"@type":"ImageObject","inLanguage":"hu","@id":"https:\/\/universofamilia.com\/el\/#\/schema\/person\/image\/","url":"https:\/\/secure.gravatar.com\/avatar\/9edfeb808cb4e1599f64d6e45b130154?s=96&d=mm&r=g","contentUrl":"https:\/\/secure.gravatar.com\/avatar\/9edfeb808cb4e1599f64d6e45b130154?s=96&d=mm&r=g","caption":"Pedro Henrique"},"url":"https:\/\/universofamilia.com\/hu\/author\/editor01\/"}]}},"_links":{"self":[{"href":"https:\/\/universofamilia.com\/hu\/wp-json\/wp\/v2\/posts\/9432"}],"collection":[{"href":"https:\/\/universofamilia.com\/hu\/wp-json\/wp\/v2\/posts"}],"about":[{"href":"https:\/\/universofamilia.com\/hu\/wp-json\/wp\/v2\/types\/post"}],"author":[{"embeddable":true,"href":"https:\/\/universofamilia.com\/hu\/wp-json\/wp\/v2\/users\/139"}],"replies":[{"embeddable":true,"href":"https:\/\/universofamilia.com\/hu\/wp-json\/wp\/v2\/comments?post=9432"}],"version-history":[{"count":1,"href":"https:\/\/universofamilia.com\/hu\/wp-json\/wp\/v2\/posts\/9432\/revisions"}],"predecessor-version":[{"id":9438,"href":"https:\/\/universofamilia.com\/hu\/wp-json\/wp\/v2\/posts\/9432\/revisions\/9438"}],"wp:featuredmedia":[{"embeddable":true,"href":"https:\/\/universofamilia.com\/hu\/wp-json\/wp\/v2\/media\/9437"}],"wp:attachment":[{"href":"https:\/\/universofamilia.com\/hu\/wp-json\/wp\/v2\/media?parent=9432"}],"wp:term":[{"taxonomy":"category","embeddable":true,"href":"https:\/\/universofamilia.com\/hu\/wp-json\/wp\/v2\/categories?post=9432"},{"taxonomy":"post_tag","embeddable":true,"href":"https:\/\/universofamilia.com\/hu\/wp-json\/wp\/v2\/tags?post=9432"}],"curies":[{"name":"wp","href":"https:\/\/api.w.org\/{rel}","templated":true}]}}