{"id":9442,"date":"2025-05-15T20:23:58","date_gmt":"2025-05-15T20:23:58","guid":{"rendered":"https:\/\/universofamilia.com\/?p=9442"},"modified":"2025-05-15T20:23:59","modified_gmt":"2025-05-15T20:23:59","slug":"pronto-para-una-diversion-ahora-mismo","status":"publish","type":"post","link":"https:\/\/universofamilia.com\/hu\/pronto-para-una-diversion-ahora-mismo\/","title":{"rendered":"K\u00e9szen \u00e1llsz egy kis sz\u00f3rakoz\u00e1sra most azonnal?"},"content":{"rendered":"<h4 class=\"wp-block-heading has-text-align-center\"><strong>K\u00e9szen \u00e1llsz egy kis sz\u00f3rakoz\u00e1sra most azonnal?<\/strong><\/h4>\n\n\n\n<p><\/p>\n\n\n\n<h5 class=\"wp-block-heading has-text-align-center\"><strong><mark class=\"has-inline-color has-vivid-cyan-blue-color\">V\u00e1lasszon egyet a lehet\u0151s\u00e9gek k\u00f6z\u00fcl!<\/mark><\/strong><\/h5>\n\n\n    <section class=\"mx-1 my-10\">\n                                                <a href=\"https:\/\/universofamilia.com\/hu\/randialkalmazasok\/\" class=\"text-white\" data-analytics-label=\"optionsButton\"\n                    data-action=\"analytics#trackCTA\">\n                    <div data-options-target=\"option\"\n                        class=\"custom-section rounded-xl border p-3 shadow-md w-full bg-green-700 my-3\">\n                        <div class=\"flex w-full items-center justify-between\">\n                            <div class=\"flex items-center space-x-3\">\n                                <div class=\"text-lg font-bold\">\n                                    Szia, besz\u00e9lj most!   \u279d\n                                <\/div>\n                            <\/div>\n                        <\/div>\n                    <\/div>\n                <\/a>\n                                                            <a href=\"https:\/\/universofamilia.com\/hu\/mejor-app-de-citas-real\/\" class=\"text-white\" data-analytics-label=\"optionsButton\"\n                    data-action=\"analytics#trackCTA\">\n                    <div data-options-target=\"option\"\n                        class=\"custom-section rounded-xl border p-3 shadow-md w-full bg-green-700 my-3\">\n                        <div class=\"flex w-full items-center justify-between\">\n                            <div class=\"flex items-center space-x-3\">\n                                <div class=\"text-lg font-bold\">\n                                    Egy kis aj\u00e1nd\u00e9k neked \u279d\n                                <\/div>\n                            <\/div>\n                        <\/div>\n                    <\/div>\n                <\/a>\n                                                            <a href=\"https:\/\/universofamilia.com\/hu\/el-amor-a-un-clic\/\" class=\"text-white\" data-analytics-label=\"optionsButton\"\n                    data-action=\"analytics#trackCTA\">\n                    <div data-options-target=\"option\"\n                        class=\"custom-section rounded-xl border p-3 shadow-md w-full bg-green-700 my-3\">\n                        <div class=\"flex w-full items-center justify-between\">\n                            <div class=\"flex items-center space-x-3\">\n                                <div class=\"text-lg font-bold\">\n                                    Komoly kapcsolat \u279d\n                                <\/div>\n                            <\/div>\n                        <\/div>\n                    <\/div>\n                <\/a>\n                            <p class=\"text-xs text-gray-500 text-right hidden\"\n            style=\"margin-left: 50%; margin-bottom: 50px; margin-top: 5px;\">\n            <!-- You will be redirected to another website -->\n        <\/p>\n    <\/section>\n\n\n\n\n<p><\/p>\n\n\n\n<p>Ha ezt olvasod, val\u00f3sz\u00edn\u0171leg kedvedben vagy hozz\u00e1 <a href=\"https:\/\/universofamilia.com\/hu\/randialkalmazasok\/\">tal\u00e1lkozni valakivel \u00fajjal<\/a>, nevess egy kicsit, besz\u00e9lgess nyom\u00e1s n\u00e9lk\u00fcl, vagy ak\u00e1r szerelmeskedj.<\/p>\n\n\n\n<p>A j\u00f3 h\u00edr az, hogy el\u00e9rhet\u0151 k\u00f6zels\u00e9gben van. Sz\u00f3 szerint.<\/p>\n\n\n\n<p>Egyetlen telefonnal \u00e9s internetkapcsolattal elkezdheted megv\u00e1ltoztatni a megszokott rutinodat, \u00e9s helyet teremthetsz \u00faj kapcsolatoknak.<\/p>\n\n\n\n<p>Nem sz\u00e1m\u00edt a korod, a technol\u00f3gi\u00e1val kapcsolatos tapasztalatod, vagy hogy mit keresel. Van egy helyed sz\u00e1modra.<\/p>\n\n\n\n<p>Ebben a cikkben bemutatom, hogyan m\u0171k\u00f6dnek a legjobbak. <strong>randialkalmaz\u00e1sok<\/strong>, hogyan haszn\u00e1ld \u0151ket akkor is, ha nem sokat tudsz a mobiltelefonokr\u00f3l, \u00e9s melyek a legmegb\u00edzhat\u00f3bbak, ha m\u00e1r itt tartunk.<\/p>\n\n\n\n<p>Gyakorlati tippeket, val\u00f3s tapasztalatokat \u00e9s azt is felfedezheted, hogy milyen emberekkel tal\u00e1lkozhatsz ott. K\u00e9szen \u00e1llsz r\u00e1? Menj\u00fcnk egy\u00fctt.<\/p>\n\n\n\n<h2 class=\"wp-block-heading\">Mi\u00e9rt olyan sz\u00f3rakoztat\u00f3 m\u00f3dja a randialkalmaz\u00e1sok az emberekkel val\u00f3 tal\u00e1lkoz\u00e1snak?<\/h2>\n\n\n\n<p><strong>Mert azonnaliak, biztons\u00e1gosak \u00e9s az \u00e9letst\u00edlusodhoz igazodnak.<\/strong><\/p>\n\n\n\n<p>Nem kell bulizni menned, vagy a k\u00f6z\u00f6s bar\u00e1taidra hagyatkoznod.<\/p>\n\n\n\n<p>Lehetsz pizsam\u00e1ban, otthon, \u00e9s m\u00e9gis \u00e9rdekes emberekkel tal\u00e1lkozhatsz.<\/p>\n\n\n\n<p>\u00c9s ha valaki nem tetszik, akkor egyszer\u0171en nem folytatod a besz\u00e9lget\u00e9st. Ilyen egyszer\u0171.<\/p>\n\n\n\n<p>Ezen alkalmaz\u00e1sok legkiemelked\u0151bb el\u0151nyei k\u00f6z\u00e9 tartoznak:<\/p>\n\n\n\n<ul>\n<li>El\u00e9rhet\u0151k eg\u00e9sz nap, b\u00e1rmikor<\/li>\n\n\n\n<li>Tal\u00e1lhatsz hasonl\u00f3 \u00edzl\u00e9s\u0171 embereket<\/li>\n\n\n\n<li>Vannak sz\u0171r\u0151k \u00e9letkor, helysz\u00edn, \u00e9rdekl\u0151d\u00e9si k\u00f6r \u00e9s egyebek szerint<\/li>\n\n\n\n<li>Cseveghetsz, fot\u00f3kat oszthatsz meg, s\u0151t videoh\u00edv\u00e1sokat is kezdem\u00e9nyezhetsz.<\/li>\n\n\n\n<li>Te d\u00f6nt\u00f6d el, hogy kivel \u00e9s mikor besz\u00e9lsz!<\/li>\n<\/ul>\n\n\n\n<p>R\u00e1ad\u00e1sul nagyszer\u0171 m\u00f3dja annak, hogy kit\u00f6rj a megszokott rutinb\u00f3l \u00e9s \u00faj \u00e9lm\u00e9nyeket szerezz an\u00e9lk\u00fcl, hogy nagy terveket vagy drasztikus v\u00e1ltoztat\u00e1sokat kellene k\u00e9sz\u00edtened.<\/p>\n\n\n\n<p><\/p>\n\n\n\n<hr class=\"wp-block-separator has-alpha-channel-opacity is-style-wide\" \/>\n\n\n\n<h4 class=\"wp-block-heading has-text-align-center\"><strong><mark class=\"has-inline-color has-luminous-vivid-orange-color\">Olvasd el ezt is<\/mark><\/strong><\/h4>\n\n\n    <section class=\"mx-1 my-10\">\n                                                <a href=\"https:\/\/universofamilia.com\/hu\/lp-filmes-asiaticos\/\" class=\"text-white\" data-analytics-label=\"optionsButton\"\n                    data-action=\"analytics#trackCTA\">\n                    <div data-options-target=\"option\"\n                        class=\"custom-section rounded-xl border p-3 shadow-md w-full bg-green-700 my-3\">\n                        <div class=\"flex w-full items-center justify-between\">\n                            <div class=\"flex items-center space-x-3\">\n                                <div class=\"text-lg font-bold\">\n                                    App koreai dr\u00e1m\u00e1k n\u00e9z\u00e9s\u00e9hez \u279d\n                                <\/div>\n                            <\/div>\n                        <\/div>\n                    <\/div>\n                <\/a>\n                                                            <a href=\"https:\/\/universofamilia.com\/hu\/lp-recuperar-fotos\/\" class=\"text-white\" data-analytics-label=\"optionsButton\"\n                    data-action=\"analytics#trackCTA\">\n                    <div data-options-target=\"option\"\n                        class=\"custom-section rounded-xl border p-3 shadow-md w-full bg-green-700 my-3\">\n                        <div class=\"flex w-full items-center justify-between\">\n                            <div class=\"flex items-center space-x-3\">\n                                <div class=\"text-lg font-bold\">\n                                    T\u00f6r\u00f6lt fot\u00f3k helyre\u00e1ll\u00edt\u00e1sa ezzel az alkalmaz\u00e1ssal!  \u279d\n                                <\/div>\n                            <\/div>\n                        <\/div>\n                    <\/div>\n                <\/a>\n                                                            <a href=\"https:\/\/universofamilia.com\/hu\/el-amor-a-un-clic\/\" class=\"text-white\" data-analytics-label=\"optionsButton\"\n                    data-action=\"analytics#trackCTA\">\n                    <div data-options-target=\"option\"\n                        class=\"custom-section rounded-xl border p-3 shadow-md w-full bg-green-700 my-3\">\n                        <div class=\"flex w-full items-center justify-between\">\n                            <div class=\"flex items-center space-x-3\">\n                                <div class=\"text-lg font-bold\">\n                                    Fedezd fel az ide\u00e1lis t\u00e1rskeres\u0151 alkalmaz\u00e1st \u279d\n                                <\/div>\n                            <\/div>\n                        <\/div>\n                    <\/div>\n                <\/a>\n                            <p class=\"text-xs text-gray-500 text-right hidden\"\n            style=\"margin-left: 50%; margin-bottom: 50px; margin-top: 5px;\">\n            <!-- You will be redirected to another website -->\n        <\/p>\n    <\/section>\n\n\n\n\n<p class=\"has-text-align-right\"><em><strong><em><strong><em><strong><em><strong><em><strong>Ugyanott fog maradni!<\/strong><\/em><\/strong><\/em><\/strong><\/em><\/strong><\/em><\/strong><\/em><\/p>\n\n\n\n<hr class=\"wp-block-separator has-alpha-channel-opacity is-style-wide\" \/>\n\n\n\n<p><\/p>\n\n\n\n<h2 class=\"wp-block-heading\">Ki haszn\u00e1lhat randialkalmaz\u00e1sokat?<\/h2>\n\n\n\n<p><strong>B\u00e1rmilyen.<\/strong> Nincs ide\u00e1lis kor, \u00e9s nincs konkr\u00e9t embert\u00edpus sem.<\/p>\n\n\n\n<p>Ak\u00e1r 20, ak\u00e1r 65 \u00e9ves vagy, biztosan tal\u00e1lsz hozz\u00e1d ill\u0151 embert.<\/p>\n\n\n\n<p>A l\u00e9nyeg az akarat, a tisztelet \u00e9s egy kis t\u00fcrelem.<\/p>\n\n\n\n<p>K\u00fcl\u00f6nb\u00f6z\u0151 k\u00f6z\u00f6ns\u00e9gek sz\u00e1m\u00e1ra k\u00e9sz\u00fclt alkalmaz\u00e1sok l\u00e9teznek:<\/p>\n\n\n\n<ul>\n<li>Fiatalok, akik valami laza dolgot keresnek<\/li>\n\n\n\n<li>Feln\u0151ttek, akik komoly kapcsolatra v\u00e1gynak<\/li>\n\n\n\n<li>Id\u0151sebbek, akik t\u00e1rsas\u00e1gra v\u00e1gynak<\/li>\n\n\n\n<li>Bar\u00e1tok, akik csak besz\u00e9lgetni \u00e9s l\u00f3gni szeretn\u00e9nek<\/li>\n<\/ul>\n\n\n\n<p>Sz\u00f3val ne gondold azt, hogy \u201eez nem nekem val\u00f3\u201d. Az! \u00c9s a k\u00f6vetkez\u0151 percekben meg fogod \u00e9rteni, mi\u00e9rt.<\/p>\n\n\n\n<h2 class=\"wp-block-heading\">Biztons\u00e1gos ezeket az alkalmaz\u00e1sokat haszn\u00e1lni?<\/h2>\n\n\n\n<p>Igen, felt\u00e9ve, hogy betart n\u00e9h\u00e1ny alapvet\u0151 aj\u00e1nl\u00e1st.<\/p>\n\n\n\n<p>A legn\u00e9pszer\u0171bb platformok olyan biztons\u00e1gi int\u00e9zked\u00e9sekkel rendelkeznek, mint a profilellen\u0151rz\u00e9s, a felhaszn\u00e1l\u00f3k blokkol\u00e1sa \u00e9s az egy\u00e9rtelm\u0171 adatv\u00e9delmi ir\u00e1nyelvek.<\/p>\n\n\n\n<p>\u00cdme n\u00e9h\u00e1ny tipp:<\/p>\n\n\n\n<ul>\n<li>El\u0151sz\u00f6r ne ossz meg \u00e9rz\u00e9keny szem\u00e9lyes adatokat.<\/li>\n\n\n\n<li>Mindig az alkalmaz\u00e1son bel\u00fcli cseveg\u00e9seket haszn\u00e1ld<\/li>\n\n\n\n<li>Ker\u00fcld a p\u00e9nzk\u00fcld\u00e9st vagy a sz\u00edvess\u00e9gek megt\u00e9tel\u00e9t idegeneknek<\/li>\n\n\n\n<li>B\u00edzz a meg\u00e9rz\u00e9seidben: ha valami nem tetszik, nyugodtan kil\u00e9phetsz a besz\u00e9lget\u00e9sb\u0151l.<\/li>\n<\/ul>\n\n\n\n<p>Ezen ir\u00e1nyelvek betart\u00e1s\u00e1val a tapasztalat biztons\u00e1goss\u00e1 \u00e9s nagyon \u00e9lvezetess\u00e9 v\u00e1lik.<\/p>\n\n\n\n<h2 class=\"wp-block-heading\">Mire van sz\u00fcks\u00e9ged a kezd\u00e9shez?<\/h2>\n\n\n\n<ul>\n<li>Egy Android telefon (hagyom\u00e1nyos mobiltelefon)<\/li>\n\n\n\n<li>Wi-Fi vagy adatkapcsolat<\/li>\n\n\n\n<li>Egy kis szabadid\u0151<\/li>\n\n\n\n<li>V\u00e1gy \u00faj emberekkel tal\u00e1lkozni<\/li>\n<\/ul>\n\n\n\n<p>Ennyi el\u00e9g. Nem kell nagy technikai tud\u00e1ssal rendelkezned, mivel az itt bemutatott alkalmaz\u00e1sok intuit\u00edvak, egyszer\u0171 men\u00fckkel \u00e9s \u00e1ttekinthet\u0151 opci\u00f3kkal.<\/p>\n\n\n\n<p>Most pedig n\u00e9zz\u00fck meg a legjobb el\u00e9rhet\u0151 alkalmaz\u00e1sokat.<\/p>\n\n\n\n<h2 class=\"wp-block-heading\"><a href=\"https:\/\/bumble.com\/pt\/\">Z\u00fcmm\u00f6g<\/a>ide\u00e1lis azok sz\u00e1m\u00e1ra, akik tiszteletet, kapcsolatot \u00e9s valami m\u00e1st keresnek<\/h2>\n\n\n\n<p>A Bumble egyedi megk\u00f6zel\u00edt\u00e9st alkalmaz: heteroszexu\u00e1lis besz\u00e9lget\u00e9sekben a n\u0151 teszi meg az els\u0151 l\u00e9p\u00e9st.<\/p>\n\n\n\n<p>Ez megv\u00e1ltoztatja a dinamik\u00e1t, tisztelettud\u00f3bb\u00e1, hitelesebb\u00e9 \u00e9s \u00e9rzelmileg \u00f6sszekapcsoltabb\u00e1 teszi a besz\u00e9lget\u00e9seket.<\/p>\n\n\n\n<p><strong>Ami k\u00fcl\u00f6nlegess\u00e9 teszi:<\/strong><\/p>\n\n\n\n<ul>\n<li>Kontroll afelett, hogy kivel besz\u00e9lsz<\/li>\n\n\n\n<li>Randev\u00faz\u00e1si, bar\u00e1ti vagy kapcsolat\u00e9p\u00edt\u00e9si lehet\u0151s\u00e9gek<\/li>\n\n\n\n<li>Integr\u00e1lt videoh\u00edv\u00e1s funkci\u00f3<\/li>\n\n\n\n<li>Intelligens sz\u0171r\u0151k a keresett inform\u00e1ci\u00f3k megtal\u00e1l\u00e1s\u00e1hoz<\/li>\n<\/ul>\n\n\n\n<p>A Bumble t\u00f6k\u00e9letes v\u00e1laszt\u00e1s, ha eleged van a tipikus t\u00e1rskeres\u0151 alkalmaz\u00e1sokb\u00f3l, \u00e9s valami m\u00e9lyebbre t\u00f6r\u0151re v\u00e1gysz.<\/p>\n\n\n\n<p>R\u00e1ad\u00e1sul remek lehet\u0151s\u00e9g azoknak a n\u0151knek, akik kezdem\u00e9nyezni szeretn\u00e9nek.<\/p>\n\n\n\n<p><\/p>\n\n\n\n<hr class=\"wp-block-separator has-alpha-channel-opacity is-style-wide\" \/>\n\n\n\n<h5 class=\"wp-block-heading has-text-align-left\"><strong><mark class=\"has-inline-color has-luminous-vivid-amber-color\"><strong><mark class=\"has-inline-color has-luminous-vivid-amber-color\"><a>\ud83d\udc49 <\/a><strong><mark class=\"has-inline-color has-luminous-vivid-amber-color\"><strong>T\u00f6ltsd le az alkalmaz\u00e1st:<\/strong><\/mark><\/strong><\/mark><\/strong><\/mark><\/strong><\/h5>\n\n\n    <section class=\"mx-1 my-10\">\n                                                <a href=\"https:\/\/bumble.com\/pt\/\" class=\"text-white\" data-analytics-label=\"optionsButton\"\n                    data-action=\"analytics#trackCTA\">\n                    <div data-options-target=\"option\"\n                        class=\"custom-section rounded-xl border p-3 shadow-md w-full bg-green-700 my-3\">\n                        <div class=\"flex w-full items-center justify-between\">\n                            <div class=\"flex items-center space-x-3\">\n                                <div class=\"text-lg font-bold\">\n                                    Bumble \u279d\n                                <\/div>\n                            <\/div>\n                        <\/div>\n                    <\/div>\n                <\/a>\n                            <p class=\"text-xs text-gray-500 text-right\"\n            style=\"margin-left: 50%; margin-bottom: 50px; margin-top: 5px;\">\n            <!-- You will be redirected to another website -->\n        <\/p>\n    <\/section>\n\n\n\n\n<p class=\"has-text-align-right\"><em><strong><em><strong><em><strong><em><strong><em><strong><em><strong><em><strong><em><strong><em><strong><em><strong>\u00c1t leszel ir\u00e1ny\u00edtva egy m\u00e1sik oldalra!<\/strong><\/em><\/strong><\/em><\/strong><\/em><\/strong><\/em><\/strong><\/em><\/strong><\/em><\/strong><\/em><\/strong><\/em><\/strong><\/em><\/strong><\/em><\/p>\n\n\n\n<hr class=\"wp-block-separator has-alpha-channel-opacity is-style-wide\" \/>\n\n\n\n<p><\/p>\n\n\n\n<h2 class=\"wp-block-heading\">Happn: L\u00e9pj kapcsolatba azokkal az emberekkel, akikkel a val\u00f3 \u00e9letben tal\u00e1lkozol.<\/h2>\n\n\n\n<p>El\u0151fordult m\u00e1r veled, hogy elment\u00e9l valaki mellett az utc\u00e1n, \u00e9s azt gondoltad: \u201eB\u00e1rcsak tal\u00e1lkozhatn\u00e9k vele!\u201d? Pontosan ezt teszi Happn.<\/p>\n\n\n\n<p>A tart\u00f3zkod\u00e1si helyed alapj\u00e1n (a pontos c\u00edmed megjelen\u00edt\u00e9se n\u00e9lk\u00fcl) mutatja, hogy kik voltak a k\u00f6zeledben a nap folyam\u00e1n.<\/p>\n\n\n\n<p><strong>Mit k\u00edn\u00e1l:<\/strong><\/p>\n\n\n\n<ul>\n<li>Val\u00f3di tal\u00e1lkoz\u00e1sok a k\u00f6rny\u00e9kedr\u0151l sz\u00e1rmaz\u00f3 emberekkel<\/li>\n\n\n\n<li>Lehet\u0151s\u00e9g diszkr\u00e9t \u201el\u00e1jk\u201d ad\u00e1s\u00e1ra<\/li>\n\n\n\n<li>Csak akkor csevegj\u00fcnk, ha k\u00f6lcs\u00f6n\u00f6s az \u00e9rdekl\u0151d\u00e9s<\/li>\n\n\n\n<li>Felhaszn\u00e1l\u00f3bar\u00e1t fel\u00fclet minden koroszt\u00e1ly sz\u00e1m\u00e1ra<\/li>\n<\/ul>\n\n\n\n<p>Ha hiszel a v\u00e9letlenekben, im\u00e1dni fogod ezt az alkalmaz\u00e1st. \u00c9s a legjobb az eg\u00e9szben: minden priv\u00e1t \u00e9s a te ir\u00e1ny\u00edt\u00e1sod alatt \u00e1ll.<\/p>\n\n\n\n<p><\/p>\n\n\n\n<hr class=\"wp-block-separator has-alpha-channel-opacity is-style-wide\" \/>\n\n\n\n<h5 class=\"wp-block-heading has-text-align-left\"><strong><mark class=\"has-inline-color has-luminous-vivid-amber-color\"><strong><mark class=\"has-inline-color has-luminous-vivid-amber-color\"><a>\ud83d\udc49 <\/a><strong><mark class=\"has-inline-color has-luminous-vivid-amber-color\"><strong>T\u00f6ltsd le az alkalmaz\u00e1st:<\/strong><\/mark><\/strong><\/mark><\/strong><\/mark><\/strong><\/h5>\n\n\n    <section class=\"mx-1 my-10\">\n                                                <a href=\"https:\/\/www.happn.com\/pt\/\" class=\"text-white\" data-analytics-label=\"optionsButton\"\n                    data-action=\"analytics#trackCTA\">\n                    <div data-options-target=\"option\"\n                        class=\"custom-section rounded-xl border p-3 shadow-md w-full bg-green-700 my-3\">\n                        <div class=\"flex w-full items-center justify-between\">\n                            <div class=\"flex items-center space-x-3\">\n                                <div class=\"text-lg font-bold\">\n                                    Boldog \u279d\n                                <\/div>\n                            <\/div>\n                        <\/div>\n                    <\/div>\n                <\/a>\n                            <p class=\"text-xs text-gray-500 text-right\"\n            style=\"margin-left: 50%; margin-bottom: 50px; margin-top: 5px;\">\n            <!-- You will be redirected to another website -->\n        <\/p>\n    <\/section>\n\n\n\n\n<p class=\"has-text-align-right\"><em><strong><em><strong><em><strong><em><strong><em><strong><em><strong><em><strong><em><strong><em><strong><em><strong>\u00c1t leszel ir\u00e1ny\u00edtva egy m\u00e1sik oldalra!<\/strong><\/em><\/strong><\/em><\/strong><\/em><\/strong><\/em><\/strong><\/em><\/strong><\/em><\/strong><\/em><\/strong><\/em><\/strong><\/em><\/strong><\/em><\/p>\n\n\n\n<hr class=\"wp-block-separator has-alpha-channel-opacity is-style-wide\" \/>\n\n\n\n<p><\/p>\n\n\n\n<h2 class=\"wp-block-heading\">Facebook p\u00e1rok: Kapcsol\u00f3dj egyszer\u0171en \u00e9s ismer\u0151sen<\/h2>\n\n\n\n<p>Ha m\u00e1r haszn\u00e1lod a Facebookot, ez az alkalmaz\u00e1s term\u00e9szetes m\u00f3dja a k\u00f6vetkez\u0151 l\u00e9p\u00e9s megt\u00e9tel\u00e9nek.<\/p>\n\n\n\n<p>A Facebook Dating integr\u00e1l\u00f3dik a fi\u00f3koddal an\u00e9lk\u00fcl, hogy \u00faj profilt kellene l\u00e9trehoznod, \u00e9s az \u00e9rdekl\u0151d\u00e9si k\u00f6r\u00f6d \u00e9s a k\u00f6z\u00f6s kapcsolataid alapj\u00e1n javasol embereket.<\/p>\n\n\n\n<p><strong>F\u0151 el\u0151ny\u00f6k:<\/strong><\/p>\n\n\n\n<ul>\n<li>Semmi sincs megosztva a bar\u00e1taiddal<\/li>\n\n\n\n<li>Megtekintheted az esem\u00e9nyeket, \u00e9rdekl\u0151d\u00e9si k\u00f6r\u00f6ket \u00e9s a k\u00f6z\u00f6s oldalakat<\/li>\n\n\n\n<li>Haszn\u00e1ld a Facebook bizalm\u00e1t a val\u00f3di kapcsolatok\u00e9rt<\/li>\n\n\n\n<li>A tal\u00e1lkoz\u00f3 m\u00f3dot k\u00f6nnyen be- \u00e9s kikapcsolhatja.<\/li>\n<\/ul>\n\n\n\n<p>Ide\u00e1lis azoknak, akik nem szeretn\u00e9nek valami \u00fajat bevezetni, de szeretn\u00e9nek olyan emberekkel tal\u00e1lkozni egy olyan k\u00f6rnyezetben, akiket m\u00e1r j\u00f3l ismernek.<\/p>\n\n\n\n<p><\/p>\n\n\n\n<hr class=\"wp-block-separator has-alpha-channel-opacity is-style-wide\" \/>\n\n\n\n<h5 class=\"wp-block-heading has-text-align-left\"><strong><mark class=\"has-inline-color has-luminous-vivid-amber-color\"><strong><mark class=\"has-inline-color has-luminous-vivid-amber-color\"><a>\ud83d\udc49 <\/a><strong><mark class=\"has-inline-color has-luminous-vivid-amber-color\"><strong>T\u00f6ltsd le az alkalmaz\u00e1st:<\/strong><\/mark><\/strong><\/mark><\/strong><\/mark><\/strong><\/h5>\n\n\n    <section class=\"mx-1 my-10\">\n                                                <a href=\"https:\/\/www.facebook.com\/dating\/\" class=\"text-white\" data-analytics-label=\"optionsButton\"\n                    data-action=\"analytics#trackCTA\">\n                    <div data-options-target=\"option\"\n                        class=\"custom-section rounded-xl border p-3 shadow-md w-full bg-green-700 my-3\">\n                        <div class=\"flex w-full items-center justify-between\">\n                            <div class=\"flex items-center space-x-3\">\n                                <div class=\"text-lg font-bold\">\n                                    Facebook P\u00e1rok \u279d\n                                <\/div>\n                            <\/div>\n                        <\/div>\n                    <\/div>\n                <\/a>\n                            <p class=\"text-xs text-gray-500 text-right\"\n            style=\"margin-left: 50%; margin-bottom: 50px; margin-top: 5px;\">\n            <!-- You will be redirected to another website -->\n        <\/p>\n    <\/section>\n\n\n\n\n<p class=\"has-text-align-right\"><em><strong><em><strong><em><strong><em><strong><em><strong><em><strong><em><strong><em><strong><em><strong><em><strong>\u00c1t leszel ir\u00e1ny\u00edtva egy m\u00e1sik oldalra!<\/strong><\/em><\/strong><\/em><\/strong><\/em><\/strong><\/em><\/strong><\/em><\/strong><\/em><\/strong><\/em><\/strong><\/em><\/strong><\/em><\/strong><\/em><\/p>\n\n\n\n<hr class=\"wp-block-separator has-alpha-channel-opacity is-style-wide\" \/>\n\n\n\n<p><\/p>\n\n\n\n<h2 class=\"wp-block-heading\">Val\u00f3di aj\u00e1nl\u00e1sok: inspir\u00e1l\u00f3 t\u00f6rt\u00e9netek<\/h2>\n\n\n\n<blockquote class=\"wp-block-quote\">\n<p><strong>Rosa, 59 \u00e9ves, Monterrey:<\/strong><br>\u201eAzt hittem, m\u00e1r t\u00fal k\u00e9s\u0151 az ilyesmihez. De a Bumble-en tal\u00e1lkoztam valakivel, aki minden nap megnevettet. Most minden este vide\u00f3cseveg\u00fcnk.\u201d<\/p>\n\n\n\n<p><strong>Julio, 50 \u00e9ves, Puebla:<\/strong><br>\u201eA v\u00e1l\u00e1som ut\u00e1n mag\u00e1nyosnak \u00e9reztem magam. A Happn-on kereszt\u00fcl elkezdtem besz\u00e9lgetni egy n\u0151vel a k\u00f6rny\u00e9kemen. Ma m\u00e1r egy p\u00e1r vagyunk.\u201d<\/p>\n\n\n\n<p><strong>Luisa, 65 \u00e9ves, Oaxaca:<\/strong><br>\u201eTal\u00e1ltam egy gyerekkori bar\u00e1tot a Facebook Couples-en kereszt\u00fcl. Nem is tudtuk, hogy ilyen k\u00f6zel lakunk egym\u00e1shoz. Most minden h\u00e9ten k\u00e1v\u00e9zunk egy\u00fctt.\u201d<\/p>\n<\/blockquote>\n\n\n\n<p>Ezek a t\u00f6rt\u00e9netek azt mutatj\u00e1k, hogy a kor \u00e9s a tapasztalat nem sz\u00e1m\u00edt. Mindig van lehet\u0151s\u00e9g \u00fajra kapcsolatba l\u00e9pni az \u00e9lettel \u00e9s m\u00e1sokkal.<\/p>\n\n\n\n<h2 class=\"wp-block-heading\">Tippek a randialkalmaz\u00e1sokban val\u00f3 sikerhez<\/h2>\n\n\n\n<ul>\n<li><strong>L\u00e9gy \u00f6nmagad<\/strong>Az \u0151szintes\u00e9g vonzza a megfelel\u0151 embereket<\/li>\n\n\n\n<li><strong>Vigy\u00e1zz a profilodra<\/strong>Egy j\u00f3 fot\u00f3 \u00e9s egy r\u00f6vid le\u00edr\u00e1s sokat seg\u00edt<\/li>\n\n\n\n<li><strong>L\u00e9gy t\u00fcrelmes<\/strong>Nem minden kapcsolat vezet kapcsolathoz, \u00e9s ez \u00edgy van rendj\u00e9n.<\/li>\n\n\n\n<li><strong>K\u00e9rd\u00e9seket feltenni<\/strong>: \u00e9rdekl\u0151dj a m\u00e1sik ember ir\u00e1nt<\/li>\n\n\n\n<li><strong>L\u00e9gy tisztelettud\u00f3<\/strong>Minden a j\u00f3 modorral kezd\u0151dik<\/li>\n<\/ul>\n\n\n<div class=\"wp-block-image\">\n<figure class=\"aligncenter size-full\"><img loading=\"lazy\" decoding=\"async\" width=\"550\" height=\"350\" src=\"http:\/\/universofamilia.com\/wp-content\/uploads\/sites\/148\/2025\/05\/DESTAQUE-UNIVERSO-550-x-350-2-2.jpg\" alt=\"\" class=\"wp-image-9446\" srcset=\"https:\/\/universofamilia.com\/wp-content\/uploads\/sites\/148\/2025\/05\/DESTAQUE-UNIVERSO-550-x-350-2-2.jpg 550w, https:\/\/universofamilia.com\/wp-content\/uploads\/sites\/148\/2025\/05\/DESTAQUE-UNIVERSO-550-x-350-2-2-300x191.jpg 300w, https:\/\/universofamilia.com\/wp-content\/uploads\/sites\/148\/2025\/05\/DESTAQUE-UNIVERSO-550-x-350-2-2-18x12.jpg 18w\" sizes=\"(max-width: 550px) 100vw, 550px\" \/><figcaption class=\"wp-element-caption\">K\u00e9szen \u00e1llsz egy kis sz\u00f3rakoz\u00e1sra most azonnal?<\/figcaption><\/figure><\/div>\n\n\n<h2 class=\"wp-block-heading\">Mi van, ha nem j\u00f6v\u00f6k ki valakivel?<\/h2>\n\n\n\n<p>Nem probl\u00e9ma. Ezekben az alkalmaz\u00e1sokban egyszer\u0171en nem folytathatja a besz\u00e9lget\u00e9st. Nincs k\u00f6telezetts\u00e9g, nincs \u00edt\u00e9lkez\u00e9s. Mindenkinek megvan a saj\u00e1t temp\u00f3ja \u00e9s preferenci\u00e1i.<\/p>\n\n\n\n<p>R\u00e1ad\u00e1sul mindig be\u00e1ll\u00edthatod a sz\u0171r\u0151ket, hogy olyan embereket tal\u00e1lj, akik jobban hasonl\u00edtanak r\u00e1d.<\/p>\n\n\n\n<h2 class=\"wp-block-heading\">Hogyan kell telep\u00edteni az alkalmaz\u00e1sokat?<\/h2>\n\n\n\n<ol>\n<li>Nyisd meg a Play \u00c1ruh\u00e1zat a telefonodon<\/li>\n\n\n\n<li>Add meg az alkalmaz\u00e1s nev\u00e9t: Bumble, Happn vagy Facebook<\/li>\n\n\n\n<li>Nyomja meg a \u201eTelep\u00edt\u00e9s\u201d gombot<\/li>\n\n\n\n<li>Nyisd meg az alkalmaz\u00e1st, \u00e9s k\u00f6vesd az utas\u00edt\u00e1sokat<\/li>\n\n\n\n<li>Hozd l\u00e9tre a profilodat egy fot\u00f3val \u00e9s egy r\u00f6vid le\u00edr\u00e1ssal<\/li>\n\n\n\n<li>K\u00e9sz! Kezdj el emberekkel tal\u00e1lkozni \u00e9s kapcsolatba l\u00e9pni, amikor csak akarsz<\/li>\n<\/ol>\n\n\n\n<p>Ha tudod, hogyan kell megnyitni a WhatsAppot, akkor b\u00e1rmelyik alkalmaz\u00e1st gond n\u00e9lk\u00fcl haszn\u00e1lhatod. Minden k\u00f6z\u00f6ns\u00e9g sz\u00e1m\u00e1ra tervezt\u00e9k \u0151ket.<\/p>\n\n\n\n<h2 class=\"wp-block-heading\">Milyen kapcsolatot lehet tal\u00e1lni?<\/h2>\n\n\n\n<ul>\n<li>Egy vid\u00e1m bar\u00e1ts\u00e1g<\/li>\n\n\n\n<li>Valaki, akivel naponta besz\u00e9lgethetsz<\/li>\n\n\n\n<li>Egy \u00faj szerelem<\/li>\n\n\n\n<li>Egy komoly kapcsolat<\/li>\n\n\n\n<li>Vagy csak j\u00f3l \u00e9rezd magad<\/li>\n<\/ul>\n\n\n\n<p>Rajtad m\u00falik. \u00c9s a legjobb az eg\u00e9szben: b\u00e1rmikor meggondolhatod magad. Nincsenek szigor\u00fa szab\u00e1lyok.<\/p>\n\n\n\n<h2 class=\"wp-block-heading\">Meg\u00e9ri megpr\u00f3b\u00e1lni?<\/h2>\n\n\n\n<p>Igen. Mexik\u00f3ban ezrek haszn\u00e1lj\u00e1k ezeket az alkalmaz\u00e1sokat nap mint nap.<\/p>\n\n\n\n<p>Vannak, akik szerelmet keresnek, m\u00e1sok csak egy besz\u00e9lget\u00e9st, \u00e9s megint m\u00e1sok egy t\u00f6rt\u00e9netet, amit elmes\u00e9lhetnek. De egy dolog k\u00f6z\u00f6s benn\u00fck: \u0151k tett\u00e9k meg az els\u0151 l\u00e9p\u00e9st. Akkor mi\u00e9rt ne?<\/p>\n\n\n\n<h2 class=\"wp-block-heading\">K\u00e9szen \u00e1llsz kipr\u00f3b\u00e1lni?<\/h2>\n\n\n\n<p>Ne feledd, hogy minden \u00faj besz\u00e9lget\u00e9s valami sz\u00e9pnek a kezdete lehet.<\/p>\n\n\n\n<p>Egy nevet\u00e9s, egy k\u00e1v\u00e9, egy t\u00e1rs s\u00e9t\u00e1lni, vagy ak\u00e1r egy \u00e9letre sz\u00f3l\u00f3 szerelem.<\/p>\n\n\n\n<h1 class=\"wp-block-heading\">Fedezz fel \u00faj sz\u00f3rakoz\u00e1st m\u00e9g ma<\/h1>\n\n\n\n<p><strong>K\u00e9szen \u00e1llsz egy kis sz\u00f3rakoz\u00e1sra most azonnal?<\/strong><br>Sz\u00f3val ne gondolj r\u00e1 t\u00fal sokat. Az \u00e9let pillanatokb\u00f3l \u00e1ll. Ez lehet az egyik olyan, ami megv\u00e1ltoztatja a t\u00f6rt\u00e9netedet.<\/p>\n\n\n\n<p>Csin\u00e1ld meg a tesztet. Telep\u00edts egyet. N\u00e9zd meg, ki van a k\u00f6zelben. Mondd, hogy \u201eszia\u201d.<br>A m\u00f3ka egyetlen kattint\u00e1ssal elkezd\u0151dhet.<\/p>","protected":false},"excerpt":{"rendered":"<p>K\u00e9szen \u00e1llsz egy kis m\u00f3k\u00e1ra? V\u00e1lassz egyet! Ha ezt olvasod, val\u00f3sz\u00edn\u0171leg kedved van megismerkedni valakivel, nevetni egyet, laza besz\u00e9lget\u00e9st folytatni, vagy ak\u00e1r beleszeretni. A j\u00f3 h\u00edr az, hogy ez el\u00e9rhet\u0151 k\u00f6zels\u00e9gben van. Sz\u00f3 szerint. Csak egy telefonnal \u00e9s internetkapcsolattal [\u2026]<\/p>","protected":false},"author":139,"featured_media":9446,"comment_status":"closed","ping_status":"open","sticky":false,"template":"","format":"standard","meta":{"footnotes":""},"categories":[5],"tags":[2156,410,2278,2279],"yoast_head":"<!-- This site is optimized with the Yoast SEO plugin v23.3 - https:\/\/yoast.com\/wordpress\/plugins\/seo\/ -->\n<title>\u00bfPronto para una diversi\u00f3n ahora mismo? - Universo Fam\u00edlia<\/title>\n<meta name=\"description\" content=\"\u00bfPronto para una diversi\u00f3n ahora mismo? Si est\u00e1s leyendo esto, probablemente tengas ganas de conocer a alguien nuevo, re\u00edr un rato...\" \/>\n<meta name=\"robots\" content=\"index, follow, max-snippet:-1, max-image-preview:large, max-video-preview:-1\" \/>\n<link rel=\"canonical\" href=\"http:\/\/universofamilia.com\/hu\/pronto-para-una-diversion-ahora-mismo\/\" \/>\n<meta property=\"og:locale\" content=\"hu_HU\" \/>\n<meta property=\"og:type\" content=\"article\" \/>\n<meta property=\"og:title\" content=\"\u00bfPronto para una diversi\u00f3n ahora mismo? - Universo Fam\u00edlia\" \/>\n<meta property=\"og:description\" content=\"\u00bfPronto para una diversi\u00f3n ahora mismo? Si est\u00e1s leyendo esto, probablemente tengas ganas de conocer a alguien nuevo, re\u00edr un rato...\" \/>\n<meta property=\"og:url\" content=\"http:\/\/universofamilia.com\/hu\/pronto-para-una-diversion-ahora-mismo\/\" \/>\n<meta property=\"og:site_name\" content=\"Universo Fam\u00edlia\" \/>\n<meta property=\"article:published_time\" content=\"2025-05-15T20:23:58+00:00\" \/>\n<meta property=\"article:modified_time\" content=\"2025-05-15T20:23:59+00:00\" \/>\n<meta property=\"og:image\" content=\"http:\/\/universofamilia.com\/wp-content\/uploads\/sites\/148\/2025\/05\/DESTAQUE-UNIVERSO-550-x-350-2-2.jpg\" \/>\n\t<meta property=\"og:image:width\" content=\"550\" \/>\n\t<meta property=\"og:image:height\" content=\"350\" \/>\n\t<meta property=\"og:image:type\" content=\"image\/jpeg\" \/>\n<meta name=\"author\" content=\"Pedro Henrique\" \/>\n<meta name=\"twitter:card\" content=\"summary_large_image\" \/>\n<meta name=\"twitter:label1\" content=\"Written by\" \/>\n\t<meta name=\"twitter:data1\" content=\"Pedro Henrique\" \/>\n\t<meta name=\"twitter:label2\" content=\"Est. reading time\" \/>\n\t<meta name=\"twitter:data2\" content=\"8 perc\" \/>\n<script type=\"application\/ld+json\" class=\"yoast-schema-graph\">{\"@context\":\"https:\/\/schema.org\",\"@graph\":[{\"@type\":\"WebPage\",\"@id\":\"http:\/\/universofamilia.com\/id\/pronto-para-una-diversion-ahora-mismo\/\",\"url\":\"http:\/\/universofamilia.com\/id\/pronto-para-una-diversion-ahora-mismo\/\",\"name\":\"\u00bfPronto para una diversi\u00f3n ahora mismo? - Universo Fam\u00edlia\",\"isPartOf\":{\"@id\":\"https:\/\/universofamilia.com\/el\/#website\"},\"primaryImageOfPage\":{\"@id\":\"http:\/\/universofamilia.com\/id\/pronto-para-una-diversion-ahora-mismo\/#primaryimage\"},\"image\":{\"@id\":\"http:\/\/universofamilia.com\/id\/pronto-para-una-diversion-ahora-mismo\/#primaryimage\"},\"thumbnailUrl\":\"https:\/\/universofamilia.com\/wp-content\/uploads\/sites\/148\/2025\/05\/DESTAQUE-UNIVERSO-550-x-350-2-2.jpg\",\"datePublished\":\"2025-05-15T20:23:58+00:00\",\"dateModified\":\"2025-05-15T20:23:59+00:00\",\"author\":{\"@id\":\"https:\/\/universofamilia.com\/el\/#\/schema\/person\/f07ce98187dd84d31154262e79b3b7ca\"},\"description\":\"\u00bfPronto para una diversi\u00f3n ahora mismo? Si est\u00e1s leyendo esto, probablemente tengas ganas de conocer a alguien nuevo, re\u00edr un rato...\",\"breadcrumb\":{\"@id\":\"http:\/\/universofamilia.com\/id\/pronto-para-una-diversion-ahora-mismo\/#breadcrumb\"},\"inLanguage\":\"hu\",\"potentialAction\":[{\"@type\":\"ReadAction\",\"target\":[\"http:\/\/universofamilia.com\/id\/pronto-para-una-diversion-ahora-mismo\/\"]}]},{\"@type\":\"ImageObject\",\"inLanguage\":\"hu\",\"@id\":\"http:\/\/universofamilia.com\/id\/pronto-para-una-diversion-ahora-mismo\/#primaryimage\",\"url\":\"https:\/\/universofamilia.com\/wp-content\/uploads\/sites\/148\/2025\/05\/DESTAQUE-UNIVERSO-550-x-350-2-2.jpg\",\"contentUrl\":\"https:\/\/universofamilia.com\/wp-content\/uploads\/sites\/148\/2025\/05\/DESTAQUE-UNIVERSO-550-x-350-2-2.jpg\",\"width\":550,\"height\":350,\"caption\":\"\u00bfPronto para una diversi\u00f3n ahora mismo?\"},{\"@type\":\"BreadcrumbList\",\"@id\":\"http:\/\/universofamilia.com\/id\/pronto-para-una-diversion-ahora-mismo\/#breadcrumb\",\"itemListElement\":[{\"@type\":\"ListItem\",\"position\":1,\"name\":\"Home\",\"item\":\"https:\/\/universofamilia.com\/el\/\"},{\"@type\":\"ListItem\",\"position\":2,\"name\":\"\u00bfPronto para una diversi\u00f3n ahora mismo?\"}]},{\"@type\":\"WebSite\",\"@id\":\"https:\/\/universofamilia.com\/el\/#website\",\"url\":\"https:\/\/universofamilia.com\/el\/\",\"name\":\"Universo Fam\u00edlia\",\"description\":\"\",\"potentialAction\":[{\"@type\":\"SearchAction\",\"target\":{\"@type\":\"EntryPoint\",\"urlTemplate\":\"https:\/\/universofamilia.com\/el\/?s={search_term_string}\"},\"query-input\":\"required name=search_term_string\"}],\"inLanguage\":\"hu\"},{\"@type\":\"Person\",\"@id\":\"https:\/\/universofamilia.com\/el\/#\/schema\/person\/f07ce98187dd84d31154262e79b3b7ca\",\"name\":\"Pedro Henrique\",\"image\":{\"@type\":\"ImageObject\",\"inLanguage\":\"hu\",\"@id\":\"https:\/\/universofamilia.com\/el\/#\/schema\/person\/image\/\",\"url\":\"https:\/\/secure.gravatar.com\/avatar\/9edfeb808cb4e1599f64d6e45b130154?s=96&d=mm&r=g\",\"contentUrl\":\"https:\/\/secure.gravatar.com\/avatar\/9edfeb808cb4e1599f64d6e45b130154?s=96&d=mm&r=g\",\"caption\":\"Pedro Henrique\"},\"url\":\"https:\/\/universofamilia.com\/hu\/author\/editor01\/\"}]}<\/script>\n<!-- \/ Yoast SEO plugin. -->","yoast_head_json":{"title":"\u00bfPronto para una diversi\u00f3n ahora mismo? - Universo Fam\u00edlia","description":"\u00bfPronto para una diversi\u00f3n ahora mismo? Si est\u00e1s leyendo esto, probablemente tengas ganas de conocer a alguien nuevo, re\u00edr un rato...","robots":{"index":"index","follow":"follow","max-snippet":"max-snippet:-1","max-image-preview":"max-image-preview:large","max-video-preview":"max-video-preview:-1"},"canonical":"http:\/\/universofamilia.com\/hu\/pronto-para-una-diversion-ahora-mismo\/","og_locale":"hu_HU","og_type":"article","og_title":"\u00bfPronto para una diversi\u00f3n ahora mismo? - Universo Fam\u00edlia","og_description":"\u00bfPronto para una diversi\u00f3n ahora mismo? Si est\u00e1s leyendo esto, probablemente tengas ganas de conocer a alguien nuevo, re\u00edr un rato...","og_url":"http:\/\/universofamilia.com\/hu\/pronto-para-una-diversion-ahora-mismo\/","og_site_name":"Universo Fam\u00edlia","article_published_time":"2025-05-15T20:23:58+00:00","article_modified_time":"2025-05-15T20:23:59+00:00","og_image":[{"width":550,"height":350,"url":"http:\/\/universofamilia.com\/wp-content\/uploads\/sites\/148\/2025\/05\/DESTAQUE-UNIVERSO-550-x-350-2-2.jpg","type":"image\/jpeg"}],"author":"Pedro Henrique","twitter_card":"summary_large_image","twitter_misc":{"Written by":"Pedro Henrique","Est. reading time":"8 perc"},"schema":{"@context":"https:\/\/schema.org","@graph":[{"@type":"WebPage","@id":"http:\/\/universofamilia.com\/id\/pronto-para-una-diversion-ahora-mismo\/","url":"http:\/\/universofamilia.com\/id\/pronto-para-una-diversion-ahora-mismo\/","name":"\u00bfPronto para una diversi\u00f3n ahora mismo? - Universo Fam\u00edlia","isPartOf":{"@id":"https:\/\/universofamilia.com\/el\/#website"},"primaryImageOfPage":{"@id":"http:\/\/universofamilia.com\/id\/pronto-para-una-diversion-ahora-mismo\/#primaryimage"},"image":{"@id":"http:\/\/universofamilia.com\/id\/pronto-para-una-diversion-ahora-mismo\/#primaryimage"},"thumbnailUrl":"https:\/\/universofamilia.com\/wp-content\/uploads\/sites\/148\/2025\/05\/DESTAQUE-UNIVERSO-550-x-350-2-2.jpg","datePublished":"2025-05-15T20:23:58+00:00","dateModified":"2025-05-15T20:23:59+00:00","author":{"@id":"https:\/\/universofamilia.com\/el\/#\/schema\/person\/f07ce98187dd84d31154262e79b3b7ca"},"description":"\u00bfPronto para una diversi\u00f3n ahora mismo? Si est\u00e1s leyendo esto, probablemente tengas ganas de conocer a alguien nuevo, re\u00edr un rato...","breadcrumb":{"@id":"http:\/\/universofamilia.com\/id\/pronto-para-una-diversion-ahora-mismo\/#breadcrumb"},"inLanguage":"hu","potentialAction":[{"@type":"ReadAction","target":["http:\/\/universofamilia.com\/id\/pronto-para-una-diversion-ahora-mismo\/"]}]},{"@type":"ImageObject","inLanguage":"hu","@id":"http:\/\/universofamilia.com\/id\/pronto-para-una-diversion-ahora-mismo\/#primaryimage","url":"https:\/\/universofamilia.com\/wp-content\/uploads\/sites\/148\/2025\/05\/DESTAQUE-UNIVERSO-550-x-350-2-2.jpg","contentUrl":"https:\/\/universofamilia.com\/wp-content\/uploads\/sites\/148\/2025\/05\/DESTAQUE-UNIVERSO-550-x-350-2-2.jpg","width":550,"height":350,"caption":"\u00bfPronto para una diversi\u00f3n ahora mismo?"},{"@type":"BreadcrumbList","@id":"http:\/\/universofamilia.com\/id\/pronto-para-una-diversion-ahora-mismo\/#breadcrumb","itemListElement":[{"@type":"ListItem","position":1,"name":"Home","item":"https:\/\/universofamilia.com\/el\/"},{"@type":"ListItem","position":2,"name":"\u00bfPronto para una diversi\u00f3n ahora mismo?"}]},{"@type":"WebSite","@id":"https:\/\/universofamilia.com\/el\/#website","url":"https:\/\/universofamilia.com\/el\/","name":"Universo Fam\u00edlia","description":"","potentialAction":[{"@type":"SearchAction","target":{"@type":"EntryPoint","urlTemplate":"https:\/\/universofamilia.com\/el\/?s={search_term_string}"},"query-input":"required name=search_term_string"}],"inLanguage":"hu"},{"@type":"Person","@id":"https:\/\/universofamilia.com\/el\/#\/schema\/person\/f07ce98187dd84d31154262e79b3b7ca","name":"Pedro Henrique","image":{"@type":"ImageObject","inLanguage":"hu","@id":"https:\/\/universofamilia.com\/el\/#\/schema\/person\/image\/","url":"https:\/\/secure.gravatar.com\/avatar\/9edfeb808cb4e1599f64d6e45b130154?s=96&d=mm&r=g","contentUrl":"https:\/\/secure.gravatar.com\/avatar\/9edfeb808cb4e1599f64d6e45b130154?s=96&d=mm&r=g","caption":"Pedro Henrique"},"url":"https:\/\/universofamilia.com\/hu\/author\/editor01\/"}]}},"_links":{"self":[{"href":"https:\/\/universofamilia.com\/hu\/wp-json\/wp\/v2\/posts\/9442"}],"collection":[{"href":"https:\/\/universofamilia.com\/hu\/wp-json\/wp\/v2\/posts"}],"about":[{"href":"https:\/\/universofamilia.com\/hu\/wp-json\/wp\/v2\/types\/post"}],"author":[{"embeddable":true,"href":"https:\/\/universofamilia.com\/hu\/wp-json\/wp\/v2\/users\/139"}],"replies":[{"embeddable":true,"href":"https:\/\/universofamilia.com\/hu\/wp-json\/wp\/v2\/comments?post=9442"}],"version-history":[{"count":3,"href":"https:\/\/universofamilia.com\/hu\/wp-json\/wp\/v2\/posts\/9442\/revisions"}],"predecessor-version":[{"id":9449,"href":"https:\/\/universofamilia.com\/hu\/wp-json\/wp\/v2\/posts\/9442\/revisions\/9449"}],"wp:featuredmedia":[{"embeddable":true,"href":"https:\/\/universofamilia.com\/hu\/wp-json\/wp\/v2\/media\/9446"}],"wp:attachment":[{"href":"https:\/\/universofamilia.com\/hu\/wp-json\/wp\/v2\/media?parent=9442"}],"wp:term":[{"taxonomy":"category","embeddable":true,"href":"https:\/\/universofamilia.com\/hu\/wp-json\/wp\/v2\/categories?post=9442"},{"taxonomy":"post_tag","embeddable":true,"href":"https:\/\/universofamilia.com\/hu\/wp-json\/wp\/v2\/tags?post=9442"}],"curies":[{"name":"wp","href":"https:\/\/api.w.org\/{rel}","templated":true}]}}