{"id":9456,"date":"2025-05-16T21:18:17","date_gmt":"2025-05-16T21:18:17","guid":{"rendered":"https:\/\/universofamilia.com\/?p=9456"},"modified":"2025-05-16T21:18:18","modified_gmt":"2025-05-16T21:18:18","slug":"haga-clic-a-continuacion-y-resuelva-su-problema","status":"publish","type":"post","link":"https:\/\/universofamilia.com\/hu\/haga-clic-a-continuacion-y-resuelva-su-problema\/","title":{"rendered":"Kattints az al\u00e1bbi gombra, \u00e9s oldd meg a probl\u00e9m\u00e1dat"},"content":{"rendered":"<p class=\"has-text-align-center\">Lefagy a telefonod, vagy v\u00e9letlen\u00fcl t\u00f6r\u00f6lt\u00e9l valami fontosat? Ne agg\u00f3dj, van r\u00e1 m\u00f3d!<\/p>\n\n\n\n<p><\/p>\n\n\n\n<h5 class=\"wp-block-heading has-text-align-center\"><strong><mark class=\"has-inline-color has-vivid-cyan-blue-color\">V\u00e1lasszon egyet a lehet\u0151s\u00e9gek k\u00f6z\u00fcl!<\/mark><\/strong><\/h5>\n\n\n    <section class=\"mx-1 my-10\">\n                                                <a href=\"https:\/\/universofamilia.com\/hu\/recupera-fotos-ocultas-o-perdidas-con-estos-increibles-apps\/\" class=\"text-white\" data-analytics-label=\"optionsButton\"\n                    data-action=\"analytics#trackCTA\">\n                    <div data-options-target=\"option\"\n                        class=\"custom-section rounded-xl border p-3 shadow-md w-full bg-green-700 my-3\">\n                        <div class=\"flex w-full items-center justify-between\">\n                            <div class=\"flex items-center space-x-3\">\n                                <div class=\"text-lg font-bold\">\n                                    Vissza szeretn\u00e9m \u00e1ll\u00edtani a t\u00f6r\u00f6lt fot\u00f3t \u279d\n                                <\/div>\n                            <\/div>\n                        <\/div>\n                    <\/div>\n                <\/a>\n                                                            <a href=\"https:\/\/universofamilia.com\/hu\/tienes-que-limpiar-tu-telefono-ahora-con-estos-apps-de-limpieza\/\" class=\"text-white\" data-analytics-label=\"optionsButton\"\n                    data-action=\"analytics#trackCTA\">\n                    <div data-options-target=\"option\"\n                        class=\"custom-section rounded-xl border p-3 shadow-md w-full bg-green-700 my-3\">\n                        <div class=\"flex w-full items-center justify-between\">\n                            <div class=\"flex items-center space-x-3\">\n                                <div class=\"text-lg font-bold\">\n                                    Jav\u00edtani szeretn\u00e9m a mobiltelefonom teljes\u00edtm\u00e9ny\u00e9t \u279d\n                                <\/div>\n                            <\/div>\n                        <\/div>\n                    <\/div>\n                <\/a>\n                            <p class=\"text-xs text-gray-500 text-right hidden\"\n            style=\"margin-left: 50%; margin-bottom: 50px; margin-top: 5px;\">\n            <!-- You will be redirected to another website -->\n        <\/p>\n    <\/section>\n\n\n\n\n<p><\/p>\n\n\n\n<h3 class=\"wp-block-heading\">V\u00e9letlen\u00fcl vesztetted el az eml\u00e9keidet?<\/h3>\n\n\n\n<p><strong>Kattints az al\u00e1bbi gombra, \u00e9s oldd meg a probl\u00e9m\u00e1dat<\/strong>. Ez a kifejez\u00e9s nem t\u00falz\u00e1s.<\/p>\n\n\n\n<p>Ha v\u00e9letlen\u00fcl t\u00f6r\u00f6lt\u00e9l fontos f\u00e9nyk\u00e9peket, ez a cikk neked sz\u00f3l. Menj\u00fcnk <a href=\"https:\/\/universofamilia.com\/hu\/recupera-fotos-ocultas-o-perdidas-con-estos-increibles-apps\/\">megtan\u00edtjuk, hogyan kell visszaszerezni \u0151ket<\/a>, l\u00e9p\u00e9sr\u0151l l\u00e9p\u00e9sre, technikai bonyodalmak n\u00e9lk\u00fcl.<\/p>\n\n\n\n<h3 class=\"wp-block-heading\">Nem te vagy az egyetlen, aki ezen megy kereszt\u00fcl.<\/h3>\n\n\n\n<p>Naponta emberek milli\u00f3i vesz\u00edtenek el v\u00e9letlen\u00fcl f\u00e9nyk\u00e9peket vil\u00e1gszerte.<\/p>\n\n\n\n<p>Ez akkor fordulhat el\u0151, ha ellen\u0151rz\u00e9s n\u00e9lk\u00fcl t\u00f6rl\u00f6d a gal\u00e9ri\u00e1dat, ha egy alkalmaz\u00e1ssal tiszt\u00edtod a telefonodat, vagy ak\u00e1r akkor is, ha k\u00edv\u00e1ncsi gyerekek j\u00e1tszanak vele. A l\u00e9nyeg az, hogy van megold\u00e1s.<\/p>\n\n\n\n<h3 class=\"wp-block-heading\">Igen, helyre lehet \u00e1ll\u00edtani \u0151ket.<\/h3>\n\n\n\n<p>A mai technol\u00f3gi\u00e1nak k\u00f6sz\u00f6nhet\u0151en l\u00e9teznek olyan alkalmaz\u00e1sok, amelyek seg\u00edtenek a t\u00f6r\u00f6lt k\u00e9pek vissza\u00e1ll\u00edt\u00e1s\u00e1ban technikai ismeretek n\u00e9lk\u00fcl.<\/p>\n\n\n\n<p>Perceken bel\u00fcl \u00fajra a kezedben tarthatod ezeket az eml\u00e9keket.<\/p>\n\n\n\n<h3 class=\"wp-block-heading\">Maradj, \u00e9s szerezd vissza a fot\u00f3idat m\u00e9g ma!<\/h3>\n\n\n\n<p>Ebben a cikkben v\u00e9gigvezetj\u00fck \u00d6nt a teljes folyamaton, \u00e9s h\u00e1rmat aj\u00e1nlunk <strong>val\u00f3di \u00e9s megb\u00edzhat\u00f3 alkalmaz\u00e1sok<\/strong> hogy megoldja ezt a probl\u00e9m\u00e1t a mobiltelefonj\u00e1r\u00f3l.<\/p>\n\n\n\n<p>Nem sz\u00e1m\u00edt, hogy sok vagy kev\u00e9s tapasztalatod van a technol\u00f3gi\u00e1val. L\u00e9p\u00e9sr\u0151l l\u00e9p\u00e9sre haladunk veled.<\/p>\n\n\n\n<h2 class=\"wp-block-heading\">Mi\u00e9rt t\u0171nnek el a fot\u00f3k a mobiltelefonokon?<\/h2>\n\n\n\n<h3 class=\"wp-block-heading\">A leggyakoribb okok<\/h3>\n\n\n\n<p>A fot\u00f3k sokf\u00e9le okb\u00f3l t\u00f6r\u00f6lhet\u0151k, ak\u00e1r an\u00e9lk\u00fcl is, hogy \u00e9szrevenn\u00e9nk. N\u00e9h\u00e1ny a leggyakoribbak k\u00f6z\u00fcl:<\/p>\n\n\n\n<ul>\n<li>V\u00e9letlen\u00fcl t\u00f6r\u00f6l egy teljes mapp\u00e1t<\/li>\n\n\n\n<li>Olyan alkalmaz\u00e1sok haszn\u00e1lata, amelyek t\u00e1rhely felszabad\u00edt\u00e1s\u00e1t \u00e9s fontos f\u00e1jlok t\u00f6rl\u00e9s\u00e9t \u00edg\u00e9rik<\/li>\n\n\n\n<li>Probl\u00e9m\u00e1k az oper\u00e1ci\u00f3s rendszer friss\u00edt\u00e9s\u00e9vel<\/li>\n\n\n\n<li>Rendszerhib\u00e1k vagy rosszindulat\u00fa programok<\/li>\n\n\n\n<li>Az eszk\u00f6z v\u00e9letlen form\u00e1z\u00e1sa<\/li>\n<\/ul>\n\n\n\n<p>Ezen helyzetek mindegyike miatt a leg\u00e9rt\u00e9kesebb fot\u00f3id n\u00e9lk\u00fcl maradhatsz. De ne agg\u00f3dj, m\u00e9g van rem\u00e9ny.<\/p>\n\n\n\n<h3 class=\"wp-block-heading\">T\u00e9nyleg fel\u00e9p\u00fclhetnek?<\/h3>\n\n\n\n<p>Igen, \u00e9s min\u00e9l el\u0151bb cselekszel, ann\u00e1l jobb. A t\u00f6r\u00f6lt fot\u00f3k nem t\u0171nnek el azonnal.<\/p>\n\n\n\n<p>A rendszer \u201eszabad helyk\u00e9nt\u201d jel\u00f6li meg \u0151ket, de ott is maradnak, am\u00edg egy m\u00e1sik f\u00e1jl fel\u00fcl nem \u00edrja \u0151ket.<\/p>\n\n\n\n<p>Ez\u00e9rt fontos <strong>Ne haszn\u00e1ld a mobiltelefonodat \u00faj f\u00e9nyk\u00e9pek k\u00e9sz\u00edt\u00e9s\u00e9re vagy sok f\u00e1jl telep\u00edt\u00e9s\u00e9re.<\/strong> miel\u0151tt megpr\u00f3b\u00e1ln\u00e1 a fel\u00e9p\u00fcl\u00e9st.<\/p>\n\n\n\n<p>Min\u00e9l kevesebb tev\u00e9kenys\u00e9get v\u00e9gzel, ann\u00e1l val\u00f3sz\u00edn\u0171bb, hogy \u00e9ps\u00e9gben meg tudod menteni a k\u00e9peidet.<\/p>\n\n\n\n<h2 class=\"wp-block-heading\">Pontosan mit csin\u00e1lnak a fot\u00f3-helyre\u00e1ll\u00edt\u00f3 alkalmaz\u00e1sok?<\/h2>\n\n\n\n<h3 class=\"wp-block-heading\">Ezen eszk\u00f6z\u00f6k bels\u0151 m\u0171k\u00f6d\u00e9se<\/h3>\n\n\n\n<p>A helyre\u00e1ll\u00edt\u00f3 alkalmaz\u00e1sok \u00e1tvizsg\u00e1lj\u00e1k az eszk\u00f6z bels\u0151 \u00e9s k\u00fcls\u0151 t\u00e1rol\u00f3helyeit (p\u00e9ld\u00e1ul SD-k\u00e1rty\u00e1kat), \u00e9s olyan k\u00e9pt\u00f6red\u00e9keket keresnek, amelyeket m\u00e9g nem \u00edrtak fel\u00fcl.<\/p>\n\n\n\n<p>Sokan m\u00e9lyszkennel\u00e9st alkalmaznak, ami azt jelenti, hogy a mem\u00f3ria minden szeglet\u00e9t \u00e1tvizsg\u00e1lj\u00e1k, hogy hasznos maradv\u00e1nyokat tal\u00e1ljanak.<\/p>\n\n\n\n<h3 class=\"wp-block-heading\">Az \u00e1ltaluk k\u00edn\u00e1lt fel\u00e9p\u00fcl\u00e9si t\u00edpusok<\/h3>\n\n\n\n<ul>\n<li>K\u00f6zvetlen restaur\u00e1l\u00e1s a gal\u00e9ri\u00e1b\u00f3l<\/li>\n\n\n\n<li>Meghat\u00e1rozott mapp\u00e1k, p\u00e9ld\u00e1ul WhatsApp, Kamera vagy Let\u00f6lt\u00e9sek szkennel\u00e9se<\/li>\n\n\n\n<li>El\u0151n\u00e9zet a vissza\u00e1ll\u00edtand\u00f3 k\u00e9pek kiv\u00e1laszt\u00e1s\u00e1hoz<\/li>\n\n\n\n<li>R\u00e9gi vagy ak\u00e1r form\u00e1zott f\u00e1jlok helyre\u00e1ll\u00edt\u00e1sa<\/li>\n<\/ul>\n\n\n\n<p>\u00c9s ami a legjobb: ezek az alkalmaz\u00e1sok <strong>nem ig\u00e9nyel root hozz\u00e1f\u00e9r\u00e9st<\/strong>, ami azt jelenti, hogy m\u00e9g kezd\u0151k sz\u00e1m\u00e1ra is biztons\u00e1gosak \u00e9s k\u00f6nnyen haszn\u00e1lhat\u00f3ak.<\/p>\n\n\n\n<h2 class=\"wp-block-heading\">Honnan tudhatod, hogy egy helyre\u00e1ll\u00edt\u00f3 alkalmaz\u00e1s megb\u00edzhat\u00f3?<\/h2>\n\n\n\n<h3 class=\"wp-block-heading\">A j\u00f3 alkalmaz\u00e1s azonos\u00edt\u00e1s\u00e1nak kulcsai<\/h3>\n\n\n\n<ul>\n<li>J\u00f3 \u00e9rt\u00e9kel\u00e9se van a Play \u00c1ruh\u00e1zban (t\u00f6bb mint 4 csillag)<\/li>\n\n\n\n<li>T\u00f6bb ezer vagy milli\u00f3 let\u00f6lt\u00e9se van<\/li>\n\n\n\n<li>Val\u00f3s k\u00e9perny\u0151k\u00e9peket mutat a m\u0171k\u00f6d\u00e9s\u00e9r\u0151l<\/li>\n\n\n\n<li>Pozit\u00edv felhaszn\u00e1l\u00f3i \u00e9rt\u00e9kel\u00e9sekkel rendelkezik<\/li>\n\n\n\n<li>Nem k\u00e9r felesleges enged\u00e9lyeket<\/li>\n\n\n\n<li>Funkcion\u00e1lis ingyenes verzi\u00f3t k\u00edn\u00e1l<\/li>\n<\/ul>\n\n\n\n<p>Ez\u00e9rt csak azokat v\u00e1lasztjuk ki \u00d6nnek, <strong>olyan alkalmaz\u00e1sok, amelyek megfelelnek ezeknek a k\u00f6vetelm\u00e9nyeknek<\/strong>, \u00edgy f\u00e9lelem n\u00e9lk\u00fcl let\u00f6ltheted \u00e9s val\u00f3di eredm\u00e9nyeket \u00e9rhetsz el.<\/p>\n\n\n\n<h2 class=\"wp-block-heading\">3 legjobb alkalmaz\u00e1s a t\u00f6r\u00f6lt fot\u00f3k vissza\u00e1ll\u00edt\u00e1s\u00e1ra<\/h2>\n\n\n\n<h3 class=\"wp-block-heading\">1. <a href=\"https:\/\/diskdigger.br.uptodown.com\/android\">LemezDigger <\/a>fot\u00f3 helyre\u00e1ll\u00edt\u00e1s<\/h3>\n\n\n\n<p>Ez az alkalmaz\u00e1s az egyik legh\u00edresebb \u00e9s leghat\u00e9konyabb vil\u00e1gszerte.<\/p>\n\n\n\n<p>Nagyon k\u00f6nnyen haszn\u00e1lhat\u00f3, \u00e9s a teljes\u00edtm\u00e9nye m\u00e9g a legszkeptikusabbakat is meglepi.<\/p>\n\n\n\n<p><strong>F\u0151bb jellemz\u0151k<\/strong>:<\/p>\n\n\n\n<ul>\n<li>Alapvet\u0151 vagy m\u00e9lyrehat\u00f3 vizsg\u00e1lat, \u00d6n v\u00e1laszt<\/li>\n\n\n\n<li>Lehet\u0151v\u00e9 teszi a f\u00e9nyk\u00e9pek megtekint\u00e9s\u00e9t a helyre\u00e1ll\u00edt\u00e1s el\u0151tt<\/li>\n\n\n\n<li>K\u00e9pek export\u00e1l\u00e1sa gal\u00e9ri\u00e1ba vagy a Google Drive-ra<\/li>\n\n\n\n<li>K\u00f6nny\u0171, gyors \u00e9s probl\u00e9mamentes<\/li>\n<\/ul>\n\n\n\n<p><strong>Ide\u00e1lis a k\u00f6vetkez\u0151kh\u00f6z:<\/strong>: Olyan emberek, akiknek gyors eredm\u00e9nyekre van sz\u00fcks\u00e9g\u00fck bonyolult be\u00e1ll\u00edt\u00e1sok n\u00e9lk\u00fcl. R\u00e9gebbi telefonokon is m\u0171k\u00f6dik.<\/p>\n\n\n\n<p><\/p>\n\n\n\n<hr class=\"wp-block-separator has-alpha-channel-opacity is-style-wide\" \/>\n\n\n\n<h3 class=\"wp-block-heading\"><mark class=\"has-inline-color has-luminous-vivid-amber-color\"><strong>T\u00f6ltse le az alkalmaz\u00e1sokat<\/strong><\/mark><\/h3>\n\n\n    <section class=\"mx-1 my-10\">\n                                                <a href=\"https:\/\/diskdigger.br.uptodown.com\/android\" class=\"text-white\" data-analytics-label=\"optionsButton\"\n                    data-action=\"analytics#trackCTA\">\n                    <div data-options-target=\"option\"\n                        class=\"custom-section rounded-xl border p-3 shadow-md w-full bg-green-700 my-3\">\n                        <div class=\"flex w-full items-center justify-between\">\n                            <div class=\"flex items-center space-x-3\">\n                                <div class=\"text-lg font-bold\">\n                                    DiskDigger \u279d\n                                <\/div>\n                            <\/div>\n                        <\/div>\n                    <\/div>\n                <\/a>\n                            <p class=\"text-xs text-gray-500 text-right\"\n            style=\"margin-left: 50%; margin-bottom: 50px; margin-top: 5px;\">\n            <!-- You will be redirected to another website -->\n        <\/p>\n    <\/section>\n\n\n\n\n<p class=\"has-text-align-right\"><strong><em>\u00c1tir\u00e1ny\u00edtunk egy m\u00e1sik webhelyre<\/em><\/strong><\/p>\n\n\n\n<hr class=\"wp-block-separator has-alpha-channel-opacity is-style-wide\" \/>\n\n\n\n<p><\/p>\n\n\n\n<h3 class=\"wp-block-heading\">2. Kont\u00e9ner: \u00fajrahasznos\u00edt\u00f3 kuka<\/h3>\n\n\n\n<p>Megel\u0151z\u0151 \u00e9s korrekci\u00f3s megold\u00e1s egyszerre. A kuk\u00e1skont\u00e9ner egyfajta \u00fajrahasznos\u00edt\u00f3 kukak\u00e9nt m\u0171k\u00f6dik, amely mindent elt\u00e1rol, amit kit\u00f6r\u00f6lsz, \u00edgy k\u00f6nnyen visszaszerezheted, amikor sz\u00fcks\u00e9ged van r\u00e1.<\/p>\n\n\n\n<p><strong>Kiemelt el\u0151ny\u00f6k<\/strong>:<\/p>\n\n\n\n<ul>\n<li>Egy kattint\u00e1sos helyre\u00e1ll\u00edt\u00e1s<\/li>\n\n\n\n<li>A t\u00f6r\u00f6lt f\u00e1jlok automatikus ment\u00e9se<\/li>\n\n\n\n<li>V\u00e9dje a f\u00e9nyk\u00e9peket, vide\u00f3kat, dokumentumokat \u00e9s egyebeket<\/li>\n\n\n\n<li>Offline is m\u0171k\u00f6dik, \u00e9s nem lass\u00edtja le a telefont<\/li>\n<\/ul>\n\n\n\n<p><strong>Ide\u00e1lis a k\u00f6vetkez\u0151kh\u00f6z:<\/strong>: azoknak, akik a j\u00f6v\u0151ben el szeretn\u00e9k ker\u00fclni a f\u00e9nyk\u00e9pek elveszt\u00e9s\u00e9t. Ha m\u00e1r telep\u00edtetted a k\u00e9peket, miel\u0151tt elveszett volna, akkor val\u00f3sz\u00edn\u0171leg m\u00e1r vissza is vannak telep\u00edtve.<\/p>\n\n\n\n<p><\/p>\n\n\n\n<hr class=\"wp-block-separator has-alpha-channel-opacity is-style-wide\" \/>\n\n\n\n<h3 class=\"wp-block-heading\"><mark class=\"has-inline-color has-luminous-vivid-amber-color\"><strong>T\u00f6ltse le az alkalmaz\u00e1sokat<\/strong><\/mark><\/h3>\n\n\n    <section class=\"mx-1 my-10\">\n                                                <a href=\"https:\/\/dumpster-recycle-bin.br.uptodown.com\/android\" class=\"text-white\" data-analytics-label=\"optionsButton\"\n                    data-action=\"analytics#trackCTA\">\n                    <div data-options-target=\"option\"\n                        class=\"custom-section rounded-xl border p-3 shadow-md w-full bg-green-700 my-3\">\n                        <div class=\"flex w-full items-center justify-between\">\n                            <div class=\"flex items-center space-x-3\">\n                                <div class=\"text-lg font-bold\">\n                                    Kont\u00e9ner \u279d\n                                <\/div>\n                            <\/div>\n                        <\/div>\n                    <\/div>\n                <\/a>\n                            <p class=\"text-xs text-gray-500 text-right\"\n            style=\"margin-left: 50%; margin-bottom: 50px; margin-top: 5px;\">\n            <!-- You will be redirected to another website -->\n        <\/p>\n    <\/section>\n\n\n\n\n<p class=\"has-text-align-right\"><strong><em>\u00c1tir\u00e1ny\u00edtunk egy m\u00e1sik webhelyre<\/em><\/strong><\/p>\n\n\n\n<hr class=\"wp-block-separator has-alpha-channel-opacity is-style-wide\" \/>\n\n\n\n<p><\/p>\n\n\n\n<h3 class=\"wp-block-heading\">3. Fot\u00f3-helyre\u00e1ll\u00edt\u00e1s \u2013 K\u00e9pek vissza\u00e1ll\u00edt\u00e1sa<\/h3>\n\n\n\n<p>Ez az alkalmaz\u00e1s kifejezetten azoknak k\u00e9sz\u00fclt, akik tapasztalatlanok a technol\u00f3gi\u00e1ban.<\/p>\n\n\n\n<p>A kezel\u0151fel\u00fclete felhaszn\u00e1l\u00f3bar\u00e1t, intuit\u00edv \u00e9s \u00fagy lett kialak\u00edtva, hogy b\u00e1rki k\u00f6nnyen haszn\u00e1lhatja.<\/p>\n\n\n\n<p><strong>Amit a legjobban szeretsz<\/strong>:<\/p>\n\n\n\n<ul>\n<li>Tiszta fel\u00fclet spanyolul<\/li>\n\n\n\n<li>Mappa szerinti m\u00e9lykeres\u00e9s<\/li>\n\n\n\n<li>Magas megt\u00e9r\u00fcl\u00e9si ar\u00e1ny<\/li>\n\n\n\n<li>Sz\u00e9les eszk\u00f6zv\u00e1laszt\u00e9kkal kompatibilis<\/li>\n<\/ul>\n\n\n\n<p><strong>Ide\u00e1lis a k\u00f6vetkez\u0151kh\u00f6z:<\/strong>id\u0151sebb feln\u0151ttek, kev\u00e9s digit\u00e1lis tapasztalattal rendelkez\u0151k, vagy b\u00e1rki, aki k\u00f6nnyed \u00e9s stresszmentes eredm\u00e9nyeket keres.<\/p>\n\n\n\n<p><\/p>\n\n\n\n<hr class=\"wp-block-separator has-alpha-channel-opacity is-style-wide\" \/>\n\n\n\n<h3 class=\"wp-block-heading\"><mark class=\"has-inline-color has-luminous-vivid-amber-color\"><strong>T\u00f6ltse le az alkalmaz\u00e1sokat<\/strong><\/mark><\/h3>\n\n\n    <section class=\"mx-1 my-10\">\n                                                <a href=\"https:\/\/photo-recovery.en.uptodown.com\/android\" class=\"text-white\" data-analytics-label=\"optionsButton\"\n                    data-action=\"analytics#trackCTA\">\n                    <div data-options-target=\"option\"\n                        class=\"custom-section rounded-xl border p-3 shadow-md w-full bg-green-700 my-3\">\n                        <div class=\"flex w-full items-center justify-between\">\n                            <div class=\"flex items-center space-x-3\">\n                                <div class=\"text-lg font-bold\">\n                                    Fot\u00f3-helyre\u00e1ll\u00edt\u00e1s \u279d\n                                <\/div>\n                            <\/div>\n                        <\/div>\n                    <\/div>\n                <\/a>\n                            <p class=\"text-xs text-gray-500 text-right\"\n            style=\"margin-left: 50%; margin-bottom: 50px; margin-top: 5px;\">\n            <!-- You will be redirected to another website -->\n        <\/p>\n    <\/section>\n\n\n\n\n<p class=\"has-text-align-right\"><strong><em>\u00c1tir\u00e1ny\u00edtunk egy m\u00e1sik webhelyre<\/em><\/strong><\/p>\n\n\n\n<hr class=\"wp-block-separator has-alpha-channel-opacity is-style-wide\" \/>\n\n\n\n<p><\/p>\n\n\n\n<h2 class=\"wp-block-heading\">Mi van, ha semmit sem tudok visszaszerezni?<\/h2>\n\n\n\n<h3 class=\"wp-block-heading\">Tov\u00e1bbi lehet\u0151s\u00e9gek neh\u00e9z esetekre<\/h3>\n\n\n\n<p>Ha az alkalmaz\u00e1sok nem tudj\u00e1k helyre\u00e1ll\u00edtani a f\u00e9nyk\u00e9peket, akkor is vannak lehet\u0151s\u00e9geid:<\/p>\n\n\n\n<ul>\n<li>Ellen\u0151rizd, hogy k\u00e9sz\u00edtett\u00e9l-e biztons\u00e1gi ment\u00e9st a Google Fot\u00f3kba<\/li>\n\n\n\n<li>Ellen\u0151rizd a WhatsApp fi\u00f3kodat, sokszor m\u00e9g mindig ott vannak a fot\u00f3k.<\/li>\n\n\n\n<li>Haszn\u00e1lja a helyre\u00e1ll\u00edt\u00f3 eszk\u00f6z\u00f6ket a mobiltelefonhoz csatlakoztatott sz\u00e1m\u00edt\u00f3g\u00e9pr\u0151l<\/li>\n\n\n\n<li>K\u00e9rj szakember seg\u00edts\u00e9g\u00e9t, ha a fot\u00f3k nagyon fontosak.<\/li>\n<\/ul>\n\n\n\n<p>De ne feledd: min\u00e9l kevesebbet haszn\u00e1lod a mobiltelefonodat, ann\u00e1l val\u00f3sz\u00edn\u0171bb, hogy sikerrel j\u00e1rsz.<\/p>\n\n\n<div class=\"wp-block-image\">\n<figure class=\"aligncenter size-full\"><img loading=\"lazy\" decoding=\"async\" width=\"550\" height=\"350\" src=\"https:\/\/universofamilia.com\/wp-content\/uploads\/sites\/148\/2025\/05\/DESTAQUE-UNIVERSO-550-x-350-9.jpg\" alt=\"\" class=\"wp-image-9460\" srcset=\"https:\/\/universofamilia.com\/wp-content\/uploads\/sites\/148\/2025\/05\/DESTAQUE-UNIVERSO-550-x-350-9.jpg 550w, https:\/\/universofamilia.com\/wp-content\/uploads\/sites\/148\/2025\/05\/DESTAQUE-UNIVERSO-550-x-350-9-300x191.jpg 300w, https:\/\/universofamilia.com\/wp-content\/uploads\/sites\/148\/2025\/05\/DESTAQUE-UNIVERSO-550-x-350-9-18x12.jpg 18w\" sizes=\"(max-width: 550px) 100vw, 550px\" \/><figcaption class=\"wp-element-caption\">Kattints az al\u00e1bbi gombra, \u00e9s oldd meg a probl\u00e9m\u00e1dat<\/figcaption><\/figure><\/div>\n\n\n<h2 class=\"wp-block-heading\">Tippek, hogy soha t\u00f6bb\u00e9 ne vesz\u00edtsd el a fot\u00f3idat<\/h2>\n\n\n\n<ul>\n<li>Kapcsolja be az automatikus biztons\u00e1gi ment\u00e9st a Google Fot\u00f3kban<\/li>\n\n\n\n<li>Haszn\u00e1ljon olyan szolg\u00e1ltat\u00e1sokat, mint a Dropbox, a OneDrive vagy az Amazon Photos<\/li>\n\n\n\n<li>Ker\u00fcld az ismeretlen alkalmaz\u00e1sok tiszt\u00edt\u00e1s\u00e1t<\/li>\n\n\n\n<li>Mapp\u00e1k t\u00f6rl\u00e9se el\u0151tt alaposan ellen\u0151rizze<\/li>\n\n\n\n<li>Telep\u00edtsen egy alkalmaz\u00e1st, p\u00e9ld\u00e1ul a Dumpstert biztos\u00edt\u00e1sk\u00e9nt<\/li>\n<\/ul>\n\n\n\n<p>A megel\u0151z\u00e9s mindig jobb, mint a gy\u00f3gy\u00edt\u00e1s. \u00c9s ma m\u00e1r megvannak az eszk\u00f6zeid ehhez.<\/p>\n\n\n\n<h2 class=\"wp-block-heading\">Ma percek alatt megoldhatod a probl\u00e9m\u00e1dat<\/h2>\n\n\n\n<p>L\u00e1ttad m\u00e1r, hogy a fot\u00f3k elveszt\u00e9se nem a v\u00e9ge. Vannak olyan alkalmaz\u00e1sok, amelyek m\u0171k\u00f6dnek, k\u00f6nnyen haszn\u00e1lhat\u00f3k \u00e9s mindenki sz\u00e1m\u00e1ra el\u00e9rhet\u0151ek.<\/p>\n\n\n\n<p>M\u00e9g ha elm\u00falt\u00e1l 60 \u00e9ves, vagy m\u00e9g soha nem t\u00f6lt\u00f6tt\u00e9l le alkalmaz\u00e1st, ma visszanyerheted az eml\u00e9keidet.<\/p>\n\n\n\n<ul>\n<li>Nincs sz\u00fcks\u00e9ged technikusokra, \u00e9s nem is fizetsz sokat<\/li>\n\n\n\n<li>Nem kell tudnod a sz\u00e1m\u00edt\u00f3g\u00e9pekr\u0151l<\/li>\n\n\n\n<li>Csak a mobiltelefonodra, az internetre \u00e9s az \u00e1ltalunk megadott linkek egyik\u00e9re van sz\u00fcks\u00e9ged.<\/li>\n<\/ul>\n\n\n\n<p>Kattints az al\u00e1bbi gombra, v\u00e1laszd ki a neked legmegfelel\u0151bb alkalmaz\u00e1st, \u00e9s kezdd el vissza\u00e1ll\u00edtani azokat a fot\u00f3kat, amelyekr\u0151l azt hitted, hogy \u00f6r\u00f6kre elvesztek.<\/p>\n\n\n\n<p><strong>Ne hagyd, hogy t\u00f6bb id\u0151 elteljen. Az eml\u00e9keid r\u00e1d v\u00e1rnak!<\/strong><\/p>","protected":false},"excerpt":{"rendered":"<p>Lefagy a telefonod, vagy v\u00e9letlen\u00fcl t\u00f6r\u00f6lt\u00e9l valami fontosat? Ne agg\u00f3dj, van r\u00e1 m\u00f3d! V\u00e1lasszon egyet a lehet\u0151s\u00e9gek k\u00f6z\u00fcl! V\u00e9letlen\u00fcl vesztetted el az eml\u00e9keidet? Kattints az al\u00e1bbi gombra, \u00e9s oldd meg a probl\u00e9m\u00e1dat. Ez a kifejez\u00e9s nem t\u00falz\u00e1s. Ha v\u00e9letlen\u00fcl t\u00f6r\u00f6lt\u00e9l fontos f\u00e9nyk\u00e9peket, ez a cikk neked sz\u00f3l. Megmutatjuk, hogyan \u00e1ll\u00edthatod vissza \u0151ket l\u00e9p\u00e9sr\u0151l l\u00e9p\u00e9sre [\u2026]<\/p>","protected":false},"author":139,"featured_media":9460,"comment_status":"closed","ping_status":"open","sticky":false,"template":"","format":"standard","meta":{"footnotes":""},"categories":[2],"tags":[2287,2286,872,1386,2288],"yoast_head":"<!-- This site is optimized with the Yoast SEO plugin v23.3 - https:\/\/yoast.com\/wordpress\/plugins\/seo\/ -->\n<title>Haga clic a continuaci\u00f3n y resuelva su problema - Universo Fam\u00edlia<\/title>\n<meta name=\"description\" content=\"Haga clic a continuaci\u00f3n y resuelva su problema. \u00bfTu tel\u00e9fono se congela o borraste accidentalmente algo importante? Tranquilo...\" \/>\n<meta name=\"robots\" content=\"index, follow, max-snippet:-1, max-image-preview:large, max-video-preview:-1\" \/>\n<link rel=\"canonical\" href=\"http:\/\/universofamilia.com\/hu\/haga-clic-a-continuacion-y-resuelva-su-problema\/\" \/>\n<meta property=\"og:locale\" content=\"hu_HU\" \/>\n<meta property=\"og:type\" content=\"article\" \/>\n<meta property=\"og:title\" content=\"Haga clic a continuaci\u00f3n y resuelva su problema - Universo Fam\u00edlia\" \/>\n<meta property=\"og:description\" content=\"Haga clic a continuaci\u00f3n y resuelva su problema. \u00bfTu tel\u00e9fono se congela o borraste accidentalmente algo importante? Tranquilo...\" \/>\n<meta property=\"og:url\" content=\"http:\/\/universofamilia.com\/hu\/haga-clic-a-continuacion-y-resuelva-su-problema\/\" \/>\n<meta property=\"og:site_name\" content=\"Universo Fam\u00edlia\" \/>\n<meta property=\"article:published_time\" content=\"2025-05-16T21:18:17+00:00\" \/>\n<meta property=\"article:modified_time\" content=\"2025-05-16T21:18:18+00:00\" \/>\n<meta property=\"og:image\" content=\"http:\/\/universofamilia.com\/wp-content\/uploads\/sites\/148\/2025\/05\/DESTAQUE-UNIVERSO-550-x-350-9.jpg\" \/>\n\t<meta property=\"og:image:width\" content=\"550\" \/>\n\t<meta property=\"og:image:height\" content=\"350\" \/>\n\t<meta property=\"og:image:type\" content=\"image\/jpeg\" \/>\n<meta name=\"author\" content=\"Pedro Henrique\" \/>\n<meta name=\"twitter:card\" content=\"summary_large_image\" \/>\n<meta name=\"twitter:label1\" content=\"Written by\" \/>\n\t<meta name=\"twitter:data1\" content=\"Pedro Henrique\" \/>\n\t<meta name=\"twitter:label2\" content=\"Est. reading time\" \/>\n\t<meta name=\"twitter:data2\" content=\"7 perc\" \/>\n<script type=\"application\/ld+json\" class=\"yoast-schema-graph\">{\"@context\":\"https:\/\/schema.org\",\"@graph\":[{\"@type\":\"WebPage\",\"@id\":\"http:\/\/universofamilia.com\/hr\/haga-clic-a-continuacion-y-resuelva-su-problema\/\",\"url\":\"http:\/\/universofamilia.com\/hr\/haga-clic-a-continuacion-y-resuelva-su-problema\/\",\"name\":\"Haga clic a continuaci\u00f3n y resuelva su problema - Universo Fam\u00edlia\",\"isPartOf\":{\"@id\":\"https:\/\/universofamilia.com\/el\/#website\"},\"primaryImageOfPage\":{\"@id\":\"http:\/\/universofamilia.com\/hr\/haga-clic-a-continuacion-y-resuelva-su-problema\/#primaryimage\"},\"image\":{\"@id\":\"http:\/\/universofamilia.com\/hr\/haga-clic-a-continuacion-y-resuelva-su-problema\/#primaryimage\"},\"thumbnailUrl\":\"https:\/\/universofamilia.com\/wp-content\/uploads\/sites\/148\/2025\/05\/DESTAQUE-UNIVERSO-550-x-350-9.jpg\",\"datePublished\":\"2025-05-16T21:18:17+00:00\",\"dateModified\":\"2025-05-16T21:18:18+00:00\",\"author\":{\"@id\":\"https:\/\/universofamilia.com\/el\/#\/schema\/person\/f07ce98187dd84d31154262e79b3b7ca\"},\"description\":\"Haga clic a continuaci\u00f3n y resuelva su problema. \u00bfTu tel\u00e9fono se congela o borraste accidentalmente algo importante? Tranquilo...\",\"breadcrumb\":{\"@id\":\"http:\/\/universofamilia.com\/hr\/haga-clic-a-continuacion-y-resuelva-su-problema\/#breadcrumb\"},\"inLanguage\":\"hu\",\"potentialAction\":[{\"@type\":\"ReadAction\",\"target\":[\"http:\/\/universofamilia.com\/hr\/haga-clic-a-continuacion-y-resuelva-su-problema\/\"]}]},{\"@type\":\"ImageObject\",\"inLanguage\":\"hu\",\"@id\":\"http:\/\/universofamilia.com\/hr\/haga-clic-a-continuacion-y-resuelva-su-problema\/#primaryimage\",\"url\":\"https:\/\/universofamilia.com\/wp-content\/uploads\/sites\/148\/2025\/05\/DESTAQUE-UNIVERSO-550-x-350-9.jpg\",\"contentUrl\":\"https:\/\/universofamilia.com\/wp-content\/uploads\/sites\/148\/2025\/05\/DESTAQUE-UNIVERSO-550-x-350-9.jpg\",\"width\":550,\"height\":350,\"caption\":\"Haga clic a continuaci\u00f3n y resuelva su problema\"},{\"@type\":\"BreadcrumbList\",\"@id\":\"http:\/\/universofamilia.com\/hr\/haga-clic-a-continuacion-y-resuelva-su-problema\/#breadcrumb\",\"itemListElement\":[{\"@type\":\"ListItem\",\"position\":1,\"name\":\"Home\",\"item\":\"https:\/\/universofamilia.com\/el\/\"},{\"@type\":\"ListItem\",\"position\":2,\"name\":\"Haga clic a continuaci\u00f3n y resuelva su problema\"}]},{\"@type\":\"WebSite\",\"@id\":\"https:\/\/universofamilia.com\/el\/#website\",\"url\":\"https:\/\/universofamilia.com\/el\/\",\"name\":\"Universo Fam\u00edlia\",\"description\":\"\",\"potentialAction\":[{\"@type\":\"SearchAction\",\"target\":{\"@type\":\"EntryPoint\",\"urlTemplate\":\"https:\/\/universofamilia.com\/el\/?s={search_term_string}\"},\"query-input\":\"required name=search_term_string\"}],\"inLanguage\":\"hu\"},{\"@type\":\"Person\",\"@id\":\"https:\/\/universofamilia.com\/el\/#\/schema\/person\/f07ce98187dd84d31154262e79b3b7ca\",\"name\":\"Pedro Henrique\",\"image\":{\"@type\":\"ImageObject\",\"inLanguage\":\"hu\",\"@id\":\"https:\/\/universofamilia.com\/el\/#\/schema\/person\/image\/\",\"url\":\"https:\/\/secure.gravatar.com\/avatar\/9edfeb808cb4e1599f64d6e45b130154?s=96&d=mm&r=g\",\"contentUrl\":\"https:\/\/secure.gravatar.com\/avatar\/9edfeb808cb4e1599f64d6e45b130154?s=96&d=mm&r=g\",\"caption\":\"Pedro Henrique\"},\"url\":\"https:\/\/universofamilia.com\/hu\/author\/editor01\/\"}]}<\/script>\n<!-- \/ Yoast SEO plugin. -->","yoast_head_json":{"title":"Haga clic a continuaci\u00f3n y resuelva su problema - Universo Fam\u00edlia","description":"Haga clic a continuaci\u00f3n y resuelva su problema. \u00bfTu tel\u00e9fono se congela o borraste accidentalmente algo importante? Tranquilo...","robots":{"index":"index","follow":"follow","max-snippet":"max-snippet:-1","max-image-preview":"max-image-preview:large","max-video-preview":"max-video-preview:-1"},"canonical":"http:\/\/universofamilia.com\/hu\/haga-clic-a-continuacion-y-resuelva-su-problema\/","og_locale":"hu_HU","og_type":"article","og_title":"Haga clic a continuaci\u00f3n y resuelva su problema - Universo Fam\u00edlia","og_description":"Haga clic a continuaci\u00f3n y resuelva su problema. \u00bfTu tel\u00e9fono se congela o borraste accidentalmente algo importante? Tranquilo...","og_url":"http:\/\/universofamilia.com\/hu\/haga-clic-a-continuacion-y-resuelva-su-problema\/","og_site_name":"Universo Fam\u00edlia","article_published_time":"2025-05-16T21:18:17+00:00","article_modified_time":"2025-05-16T21:18:18+00:00","og_image":[{"width":550,"height":350,"url":"http:\/\/universofamilia.com\/wp-content\/uploads\/sites\/148\/2025\/05\/DESTAQUE-UNIVERSO-550-x-350-9.jpg","type":"image\/jpeg"}],"author":"Pedro Henrique","twitter_card":"summary_large_image","twitter_misc":{"Written by":"Pedro Henrique","Est. reading time":"7 perc"},"schema":{"@context":"https:\/\/schema.org","@graph":[{"@type":"WebPage","@id":"http:\/\/universofamilia.com\/hr\/haga-clic-a-continuacion-y-resuelva-su-problema\/","url":"http:\/\/universofamilia.com\/hr\/haga-clic-a-continuacion-y-resuelva-su-problema\/","name":"Haga clic a continuaci\u00f3n y resuelva su problema - Universo Fam\u00edlia","isPartOf":{"@id":"https:\/\/universofamilia.com\/el\/#website"},"primaryImageOfPage":{"@id":"http:\/\/universofamilia.com\/hr\/haga-clic-a-continuacion-y-resuelva-su-problema\/#primaryimage"},"image":{"@id":"http:\/\/universofamilia.com\/hr\/haga-clic-a-continuacion-y-resuelva-su-problema\/#primaryimage"},"thumbnailUrl":"https:\/\/universofamilia.com\/wp-content\/uploads\/sites\/148\/2025\/05\/DESTAQUE-UNIVERSO-550-x-350-9.jpg","datePublished":"2025-05-16T21:18:17+00:00","dateModified":"2025-05-16T21:18:18+00:00","author":{"@id":"https:\/\/universofamilia.com\/el\/#\/schema\/person\/f07ce98187dd84d31154262e79b3b7ca"},"description":"Haga clic a continuaci\u00f3n y resuelva su problema. \u00bfTu tel\u00e9fono se congela o borraste accidentalmente algo importante? Tranquilo...","breadcrumb":{"@id":"http:\/\/universofamilia.com\/hr\/haga-clic-a-continuacion-y-resuelva-su-problema\/#breadcrumb"},"inLanguage":"hu","potentialAction":[{"@type":"ReadAction","target":["http:\/\/universofamilia.com\/hr\/haga-clic-a-continuacion-y-resuelva-su-problema\/"]}]},{"@type":"ImageObject","inLanguage":"hu","@id":"http:\/\/universofamilia.com\/hr\/haga-clic-a-continuacion-y-resuelva-su-problema\/#primaryimage","url":"https:\/\/universofamilia.com\/wp-content\/uploads\/sites\/148\/2025\/05\/DESTAQUE-UNIVERSO-550-x-350-9.jpg","contentUrl":"https:\/\/universofamilia.com\/wp-content\/uploads\/sites\/148\/2025\/05\/DESTAQUE-UNIVERSO-550-x-350-9.jpg","width":550,"height":350,"caption":"Haga clic a continuaci\u00f3n y resuelva su problema"},{"@type":"BreadcrumbList","@id":"http:\/\/universofamilia.com\/hr\/haga-clic-a-continuacion-y-resuelva-su-problema\/#breadcrumb","itemListElement":[{"@type":"ListItem","position":1,"name":"Home","item":"https:\/\/universofamilia.com\/el\/"},{"@type":"ListItem","position":2,"name":"Haga clic a continuaci\u00f3n y resuelva su problema"}]},{"@type":"WebSite","@id":"https:\/\/universofamilia.com\/el\/#website","url":"https:\/\/universofamilia.com\/el\/","name":"Universo Fam\u00edlia","description":"","potentialAction":[{"@type":"SearchAction","target":{"@type":"EntryPoint","urlTemplate":"https:\/\/universofamilia.com\/el\/?s={search_term_string}"},"query-input":"required name=search_term_string"}],"inLanguage":"hu"},{"@type":"Person","@id":"https:\/\/universofamilia.com\/el\/#\/schema\/person\/f07ce98187dd84d31154262e79b3b7ca","name":"Pedro Henrique","image":{"@type":"ImageObject","inLanguage":"hu","@id":"https:\/\/universofamilia.com\/el\/#\/schema\/person\/image\/","url":"https:\/\/secure.gravatar.com\/avatar\/9edfeb808cb4e1599f64d6e45b130154?s=96&d=mm&r=g","contentUrl":"https:\/\/secure.gravatar.com\/avatar\/9edfeb808cb4e1599f64d6e45b130154?s=96&d=mm&r=g","caption":"Pedro Henrique"},"url":"https:\/\/universofamilia.com\/hu\/author\/editor01\/"}]}},"_links":{"self":[{"href":"https:\/\/universofamilia.com\/hu\/wp-json\/wp\/v2\/posts\/9456"}],"collection":[{"href":"https:\/\/universofamilia.com\/hu\/wp-json\/wp\/v2\/posts"}],"about":[{"href":"https:\/\/universofamilia.com\/hu\/wp-json\/wp\/v2\/types\/post"}],"author":[{"embeddable":true,"href":"https:\/\/universofamilia.com\/hu\/wp-json\/wp\/v2\/users\/139"}],"replies":[{"embeddable":true,"href":"https:\/\/universofamilia.com\/hu\/wp-json\/wp\/v2\/comments?post=9456"}],"version-history":[{"count":2,"href":"https:\/\/universofamilia.com\/hu\/wp-json\/wp\/v2\/posts\/9456\/revisions"}],"predecessor-version":[{"id":9462,"href":"https:\/\/universofamilia.com\/hu\/wp-json\/wp\/v2\/posts\/9456\/revisions\/9462"}],"wp:featuredmedia":[{"embeddable":true,"href":"https:\/\/universofamilia.com\/hu\/wp-json\/wp\/v2\/media\/9460"}],"wp:attachment":[{"href":"https:\/\/universofamilia.com\/hu\/wp-json\/wp\/v2\/media?parent=9456"}],"wp:term":[{"taxonomy":"category","embeddable":true,"href":"https:\/\/universofamilia.com\/hu\/wp-json\/wp\/v2\/categories?post=9456"},{"taxonomy":"post_tag","embeddable":true,"href":"https:\/\/universofamilia.com\/hu\/wp-json\/wp\/v2\/tags?post=9456"}],"curies":[{"name":"wp","href":"https:\/\/api.w.org\/{rel}","templated":true}]}}