{"id":9463,"date":"2025-05-19T19:40:28","date_gmt":"2025-05-19T19:40:28","guid":{"rendered":"https:\/\/universofamilia.com\/?p=9463"},"modified":"2025-05-19T19:40:30","modified_gmt":"2025-05-19T19:40:30","slug":"conoce-personas-con-intereses-y-objetivos-similares","status":"publish","type":"post","link":"https:\/\/universofamilia.com\/hu\/conoce-personas-con-intereses-y-objetivos-similares\/","title":{"rendered":"Tal\u00e1lkozz hasonl\u00f3 \u00e9rdekl\u0151d\u00e9s\u0171 \u00e9s c\u00e9l\u00fa emberekkel"},"content":{"rendered":"<h4 class=\"wp-block-heading has-text-align-center\">Szeretn\u00e9d? <strong>tal\u00e1lkozni valakivel<\/strong> Ki osztja meg az \u00e1lmaidat?<\/h4>\n\n\n\n<p><\/p>\n\n\n\n<h5 class=\"wp-block-heading has-text-align-center\"><strong><mark class=\"has-inline-color has-vivid-cyan-blue-color\">V\u00e1lasszon egyet a lehet\u0151s\u00e9gek k\u00f6z\u00fcl!<\/mark><\/strong><\/h5>\n\n\n    <section class=\"mx-1 my-10\">\n                                                <a href=\"https:\/\/universofamilia.com\/hu\/aplicaciones-de-citas-2\/\" class=\"text-white\" data-analytics-label=\"optionsButton\"\n                    data-action=\"analytics#trackCTA\">\n                    <div data-options-target=\"option\"\n                        class=\"custom-section rounded-xl border p-3 shadow-md w-full bg-green-700 my-3\">\n                        <div class=\"flex w-full items-center justify-between\">\n                            <div class=\"flex items-center space-x-3\">\n                                <div class=\"text-lg font-bold\">\n                                    Ismerd meg a Legszebbet!  \u279d\n                                <\/div>\n                            <\/div>\n                        <\/div>\n                    <\/div>\n                <\/a>\n                                                            <a href=\"https:\/\/universofamilia.com\/hu\/descubriendo-nuevas-amistades\/\" class=\"text-white\" data-analytics-label=\"optionsButton\"\n                    data-action=\"analytics#trackCTA\">\n                    <div data-options-target=\"option\"\n                        class=\"custom-section rounded-xl border p-3 shadow-md w-full bg-green-700 my-3\">\n                        <div class=\"flex w-full items-center justify-between\">\n                            <div class=\"flex items-center space-x-3\">\n                                <div class=\"text-lg font-bold\">\n                                    Ismerkedj meg a norm\u00e1lis n\u0151kkel!  \u279d\n                                <\/div>\n                            <\/div>\n                        <\/div>\n                    <\/div>\n                <\/a>\n                                                            <a href=\"https:\/\/universofamilia.com\/hu\/el-amor-a-un-clic\/\" class=\"text-white\" data-analytics-label=\"optionsButton\"\n                    data-action=\"analytics#trackCTA\">\n                    <div data-options-target=\"option\"\n                        class=\"custom-section rounded-xl border p-3 shadow-md w-full bg-green-700 my-3\">\n                        <div class=\"flex w-full items-center justify-between\">\n                            <div class=\"flex items-center space-x-3\">\n                                <div class=\"text-lg font-bold\">\n                                    Szia, besz\u00e9lj most!  \u279d\n                                <\/div>\n                            <\/div>\n                        <\/div>\n                    <\/div>\n                <\/a>\n                            <p class=\"text-xs text-gray-500 text-right hidden\"\n            style=\"margin-left: 50%; margin-bottom: 50px; margin-top: 5px;\">\n            <!-- You will be redirected to another website -->\n        <\/p>\n    <\/section>\n\n\n\n\n<p class=\"has-text-align-right\"><strong><em>Ugyanott fog maradni!<\/em><\/strong><\/p>\n\n\n\n<hr class=\"wp-block-separator has-alpha-channel-opacity is-style-wide\" \/>\n\n\n\n<p><\/p>\n\n\n\n<p><strong>Tal\u00e1lkozz hasonl\u00f3 \u00e9rdekl\u0151d\u00e9s\u0171 \u00e9s c\u00e9l\u00fa emberekkel<\/strong> \u00e9s \u00e1talak\u00edtja a m\u00e1sokkal val\u00f3 kapcsolatodat.<\/p>\n\n\n\n<p>Manaps\u00e1g, a technol\u00f3gi\u00e1nak k\u00f6sz\u00f6nhet\u0151en, m\u00e1r nem kell \u00f3r\u00e1kat t\u00f6lteni besz\u00e9lget\u00e9ssel <a href=\"https:\/\/universofamilia.com\/hu\/aplicaciones-de-citas-2\/\">olyan emberek, akik nincsenek veled egy hull\u00e1mhosszon<\/a>.<\/p>\n\n\n\n<p>N\u00e9h\u00e1ny kattint\u00e1ssal tal\u00e1lhatsz valakit, aki hozz\u00e1d hasonl\u00f3an gondolkodik, aki osztja a c\u00e9ljaidat, az \u00e9rt\u00e9keidet \u00e9s m\u00e9g az \u00e1lmaidat is.<\/p>\n\n\n\n<p>Gyakran arra v\u00e1gyunk legink\u00e1bb, hogy \u0151szinte besz\u00e9lget\u00e9st tegy\u00fcnk, egy olyan kapcsolatot, amely t\u00falmutat a felsz\u00ednen.<\/p>\n\n\n\n<p>De honnan tudhatod, hogy az a k\u00fcl\u00f6nleges szem\u00e9ly osztozik-e a v\u00e1gyaidban?<\/p>\n\n\n\n<p>A v\u00e1lasz azokban az alkalmaz\u00e1sokban rejlik, amelyeket \u00fagy terveztek, hogy t\u00falmutassanak a l\u00e1tszaton, elemezve a k\u00f6z\u00f6s \u00e9rdekl\u0151d\u00e9si k\u00f6r\u00f6ket, \u00e9rt\u00e9keket \u00e9s c\u00e9lokat.<\/p>\n\n\n\n<p>Ebben a cikkben megmutatjuk, hogyan v\u00e1laszd ki a legjobb alkalmaz\u00e1st val\u00f3di kapcsolatok keres\u00e9s\u00e9hez.<\/p>\n\n\n\n<p>Besz\u00e9l\u00fcnk a legfontosabb funkci\u00f3kr\u00f3l, gyakorlati tippeket adunk, \u00e9s ami a legfontosabb, aj\u00e1nl\u00e1sokat tesz\u00fcnk. <strong>3 megb\u00edzhat\u00f3 \u00e9s k\u00f6nnyen haszn\u00e1lhat\u00f3 alkalmaz\u00e1s<\/strong>, ide\u00e1lis m\u00e9g kev\u00e9s technol\u00f3giai tapasztalattal rendelkez\u0151 emberek sz\u00e1m\u00e1ra is.<\/p>\n\n\n\n<p>Nem sz\u00e1m\u00edt, hogy 20 vagy 70 \u00e9ves vagy. Ha olyan valakit keresel, aki meg\u00e9rt t\u00e9ged, j\u00f3 helyen j\u00e1rsz.<\/p>\n\n\n\n<p>Olvasd el a v\u00e9g\u00e9t, \u00e9s k\u00e9sz\u00fclj fel egy \u00faj, lehet\u0151s\u00e9gekkel teli szakaszra, olyan eszk\u00f6z\u00f6kkel, amelyekkel a szerelem is okosabb\u00e1 tehet\u0151.<\/p>\n\n\n\n<p><\/p>\n\n\n\n<hr class=\"wp-block-separator has-alpha-channel-opacity is-style-wide\" \/>\n\n\n\n<h4 class=\"wp-block-heading has-text-align-center\"><strong><mark class=\"has-inline-color has-luminous-vivid-orange-color\">Olvasd el ezt is<\/mark><\/strong><\/h4>\n\n\n    <section class=\"mx-1 my-10\">\n                                                <a href=\"https:\/\/universofamilia.com\/hu\/lp-filmes-asiaticos\/\" class=\"text-white\" data-analytics-label=\"optionsButton\"\n                    data-action=\"analytics#trackCTA\">\n                    <div data-options-target=\"option\"\n                        class=\"custom-section rounded-xl border p-3 shadow-md w-full bg-green-700 my-3\">\n                        <div class=\"flex w-full items-center justify-between\">\n                            <div class=\"flex items-center space-x-3\">\n                                <div class=\"text-lg font-bold\">\n                                    App koreai dr\u00e1m\u00e1k n\u00e9z\u00e9s\u00e9hez \u279d\n                                <\/div>\n                            <\/div>\n                        <\/div>\n                    <\/div>\n                <\/a>\n                                                            <a href=\"https:\/\/universofamilia.com\/hu\/lp-recuperar-fotos\/\" class=\"text-white\" data-analytics-label=\"optionsButton\"\n                    data-action=\"analytics#trackCTA\">\n                    <div data-options-target=\"option\"\n                        class=\"custom-section rounded-xl border p-3 shadow-md w-full bg-green-700 my-3\">\n                        <div class=\"flex w-full items-center justify-between\">\n                            <div class=\"flex items-center space-x-3\">\n                                <div class=\"text-lg font-bold\">\n                                    T\u00f6r\u00f6lt fot\u00f3k helyre\u00e1ll\u00edt\u00e1sa ezzel az alkalmaz\u00e1ssal!  \u279d\n                                <\/div>\n                            <\/div>\n                        <\/div>\n                    <\/div>\n                <\/a>\n                                                            <a href=\"https:\/\/universofamilia.com\/hu\/el-amor-a-un-clic\/\" class=\"text-white\" data-analytics-label=\"optionsButton\"\n                    data-action=\"analytics#trackCTA\">\n                    <div data-options-target=\"option\"\n                        class=\"custom-section rounded-xl border p-3 shadow-md w-full bg-green-700 my-3\">\n                        <div class=\"flex w-full items-center justify-between\">\n                            <div class=\"flex items-center space-x-3\">\n                                <div class=\"text-lg font-bold\">\n                                    Fedezd fel az ide\u00e1lis t\u00e1rskeres\u0151 alkalmaz\u00e1st \u279d\n                                <\/div>\n                            <\/div>\n                        <\/div>\n                    <\/div>\n                <\/a>\n                            <p class=\"text-xs text-gray-500 text-right hidden\"\n            style=\"margin-left: 50%; margin-bottom: 50px; margin-top: 5px;\">\n            <!-- You will be redirected to another website -->\n        <\/p>\n    <\/section>\n\n\n\n\n<p class=\"has-text-align-right\"><em><strong><em><strong><em><strong><em><strong><em><strong>Ugyanott fog maradni!<\/strong><\/em><\/strong><\/em><\/strong><\/em><\/strong><\/em><\/strong><\/em><\/p>\n\n\n\n<hr class=\"wp-block-separator has-alpha-channel-opacity is-style-wide\" \/>\n\n\n\n<p><\/p>\n\n\n\n<h2 class=\"wp-block-heading\">Mi\u00e9rt keress olyan embert, akinek hasonl\u00f3 c\u00e9ljai vannak?<\/h2>\n\n\n\n<p>Amikor megosztjuk az \u00e9letc\u00e9ljainkat egy m\u00e1sik szem\u00e9llyel, minden jobban folyik.<\/p>\n\n\n\n<p>Az, hogy tal\u00e1lkozol valakivel, aki csak sz\u00f3rakozni akar, mik\u00f6zben komoly kapcsolatot keresel, nem ugyanaz, mint k\u00f6t\u0151dni valakihez, aki szint\u00e9n csal\u00e1dalap\u00edt\u00e1sr\u00f3l, utaz\u00e1sr\u00f3l vagy v\u00e1llalkoz\u00e1s ind\u00edt\u00e1s\u00e1r\u00f3l \u00e1lmodik.<\/p>\n\n\n\n<p>A sikeres kapcsolatok gyakran nemcsak a k\u00e9mi\u00e1n alapulnak, hanem a j\u00f6v\u0151k\u00e9pen is.<\/p>\n\n\n\n<p>K\u00e9t hasonl\u00f3 c\u00e9lokkal rendelkez\u0151 ember t\u00e1mogathatja egym\u00e1st, megoszthatja egym\u00e1ssal az eredm\u00e9nyeit, \u00e9s egy\u00fctt lek\u00fczdheti az akad\u00e1lyokat.<\/p>\n\n\n\n<p>Tov\u00e1bb\u00e1 a k\u00f6z\u00f6s c\u00e9lok cs\u00f6kkentik a f\u00e9lre\u00e9rt\u00e9seket \u00e9s elker\u00fclik a csal\u00f3d\u00e1st. Ha mindketten tudj\u00e1tok, hov\u00e1 akartok menni, k\u00f6nnyebb lesz egy\u00fctt s\u00e9t\u00e1lni.<\/p>\n\n\n\n<p>Ez\u00e9rt nagy seg\u00edts\u00e9get jelentenek azok az alkalmaz\u00e1sok, amelyek lehet\u0151v\u00e9 teszik az emberek \u00e9rdekl\u0151d\u00e9si k\u00f6re, \u00e9rt\u00e9kei \u00e9s c\u00e9ljai alapj\u00e1n t\u00f6rt\u00e9n\u0151 sz\u0171r\u00e9s\u00e9t, azok sz\u00e1m\u00e1ra, akik val\u00f3ban kompatibilis kapcsolatot keresnek.<\/p>\n\n\n\n<p>A k\u00f6z\u00f6s c\u00e9lokb\u00f3l fakad\u00f3 kapcsolatok \u00e1ltal\u00e1ban er\u0151sebbek. T\u00f6bb a kommunik\u00e1ci\u00f3, t\u00f6bb a tisztelet \u00e9s t\u00f6bb a meg\u00e9rt\u00e9s.<\/p>\n\n\n\n<p>Olyan, mintha kezdett\u0151l fogva ugyanazt a nyelvet besz\u00e9ln\u00e9nk. \u00c9s ez felbecs\u00fclhetetlen.<\/p>\n\n\n\n<h2 class=\"wp-block-heading\">Alkalmaz\u00e1sok, amelyek t\u00falmutatnak a megjelen\u00e9sen<\/h2>\n\n\n\n<p>\u00c9vekig a t\u00e1rskeres\u0151 alkalmaz\u00e1sok kiz\u00e1r\u00f3lag fot\u00f3k alapj\u00e1n m\u0171k\u00f6dtek. Jobbra vagy balra h\u00faztad az ujjad, a m\u00e1sik szem\u00e9ly megjelen\u00e9s\u00e9t\u0151l f\u00fcgg\u0151en.<\/p>\n\n\n\n<p>De ez megv\u00e1ltozott. Ma m\u00e1r vannak olyan platformok, amelyek meg\u00e9rtik, hogy a legfontosabb a tartalom, az, hogy mit gondol az illet\u0151, mit akar, \u00e9s hogyan akarja \u00e9lni az \u00e9let\u00e9t.<\/p>\n\n\n\n<p>Ezek az alkalmaz\u00e1sok mesters\u00e9ges intelligenci\u00e1t, kompatibilit\u00e1si kv\u00edzeket \u00e9s viselked\u00e9selemz\u00e9st haszn\u00e1lnak, hogy olyan embereket k\u00edn\u00e1ljanak, akikkel val\u00f3ban kapcsolatba l\u00e9phetsz.<\/p>\n\n\n\n<p>Olyan ez, mintha lenne egy bar\u00e1tod, aki azt mondja: &quot;Szia, szerintem ez a szem\u00e9ly t\u00f6k\u00e9letes sz\u00e1modra.&quot;<\/p>\n\n\n\n<p>Olyan funkci\u00f3kat is k\u00edn\u00e1lnak, mint p\u00e9ld\u00e1ul:<\/p>\n\n\n\n<ul>\n<li>Szem\u00e9lyre szabott j\u00e9gt\u00f6r\u0151 k\u00e9rd\u00e9sek<\/li>\n\n\n\n<li>R\u00e9szletes profilok hobbikkal, c\u00e9lokkal \u00e9s \u00e9letm\u00f3ddal<\/li>\n\n\n\n<li>\u00c9rzelmi kompatibilit\u00e1si riaszt\u00e1sok<\/li>\n\n\n\n<li>Pszichol\u00f3giai \u00e9rt\u00e9kel\u00e9sek a pontosabb javaslatok\u00e9rt<\/li>\n<\/ul>\n\n\n\n<p>Ha kor\u00e1bban f\u00e9lt\u00e9l ilyen t\u00edpus\u00fa platformokat haszn\u00e1lni, mert f\u00e9lt\u00e9l az id\u0151pocs\u00e9kol\u00e1st\u00f3l, vagy olyan emberekkel tal\u00e1lkozni, akik nem \u00e9rtenek meg, most m\u00e1r ellazulhatsz.<\/p>\n\n\n\n<p>Ezek az alkalmaz\u00e1sok hasonl\u00f3 gondolkod\u00e1s\u00fa lelkeket kapcsolnak \u00f6ssze, nem csak a sz\u00e9p arcokat.<\/p>\n\n\n\n<h2 class=\"wp-block-heading\">Mit jelent a c\u00e9lalap\u00fa kapcsolat?<\/h2>\n\n\n\n<p>Egy c\u00e9ltudatos kapcsolat messze t\u00falmutat a vacsor\u00e1z\u00e1son vagy a l\u00f3g\u00e1son. Arr\u00f3l van sz\u00f3, hogy l\u00e9p\u00e9sr\u0151l l\u00e9p\u00e9sre, egy\u00fctt \u00e9p\u00edts\u00fcnk valamit.<\/p>\n\n\n\n<p>Ehhez k\u00f6lcs\u00f6n\u00f6s tisztelet, meg\u00e9rt\u00e9s \u00e9s mindenekel\u0151tt annak tudata sz\u00fcks\u00e9ges, hogy mindketten ugyanabba az ir\u00e1nyba haladnak.<\/p>\n\n\n\n<h3 class=\"wp-block-heading\">A k\u00f6z\u00f6s c\u00e9lok el\u0151nyei p\u00e1rk\u00e9nt<\/h3>\n\n\n\n<ul>\n<li>Jobb kommunik\u00e1ci\u00f3: A k\u00f6z\u00f6s c\u00e9lokr\u00f3l val\u00f3 besz\u00e9lget\u00e9s er\u0151s\u00edti a k\u00f6tel\u00e9ket<\/li>\n\n\n\n<li>Kevesebb konfliktus: azonos j\u00f6v\u0151k\u00e9ppel kevesebb vita alakul ki<\/li>\n\n\n\n<li>T\u00f6bb \u00e9rzelmi t\u00e1mogat\u00e1s: elk\u00eds\u00e9rik \u0151ket az eredm\u00e9nyek \u00e9s a kih\u00edv\u00e1sok<\/li>\n\n\n\n<li>Tart\u00f3sabb kapcsolatok: a k\u00f6z\u00f6s projektek jobban egyes\u00edtenek, mint a pillanatnyi vonzalom<\/li>\n<\/ul>\n\n\n\n<p>P\u00e9ld\u00e1ul, ha mindketten vid\u00e9kre szeretn\u00e9tek k\u00f6lt\u00f6zni, sp\u00f3rolni egy utaz\u00e1sra, vagy \u00f6r\u00f6kbe fogadni egy h\u00e1zi\u00e1llatot, sokkal k\u00f6nnyebb egy\u00fctt d\u00f6nt\u00e9seket hozni.<\/p>\n\n\n\n<p>Ez nem ugyanaz, mintha valakivel lenn\u00e9l egy\u00fctt, aki az ellenkez\u0151j\u00e9t akarja. A k\u00f6z\u00f6s c\u00e9lok nem azt jelentik, hogy mindenr\u0151l egyform\u00e1n gondolkodunk, hanem azt, hogy hasonl\u00f3 az \u00e9letfelfog\u00e1sunk.<\/p>\n\n\n\n<p>A c\u00e9ltudatos kapcsolat a fejl\u0151d\u00e9sedet is seg\u00edti. Ez hajt t\u00e9ged. Olyan, mintha lenne egy t\u00e1rsad, aki b\u00e1tor\u00edt, motiv\u00e1l \u00e9s veled tart.<\/p>\n\n\n\n<p>\u00c9s ezt sok id\u0151sebb ember is nagyra \u00e9rt\u00e9keli.<\/p>\n\n\n\n<h2 class=\"wp-block-heading\">Milyen tulajdons\u00e1gokkal kell rendelkeznie egy j\u00f3 t\u00e1rskeres\u0151 alkalmaz\u00e1snak?<\/h2>\n\n\n\n<p>Ahhoz, hogy egy alkalmaz\u00e1s val\u00f3ban hasznos legyen, t\u00f6bbet kell k\u00edn\u00e1lnia, mint puszt\u00e1n profilokat. Intuit\u00edvnak, k\u00f6nnyen \u00e9rthet\u0151nek kell lennie, \u00e9s arra kell \u00f6sszpontos\u00edtania, ami igaz\u00e1n sz\u00e1m\u00edt: \u00f6sszeill\u0151 emberek \u00f6sszehoz\u00e1sa. \u00cdme a legfontosabb pontok:<\/p>\n\n\n\n<h3 class=\"wp-block-heading\">Sz\u0171r\u00e9sek \u00e9letc\u00e9lok szerint<\/h3>\n\n\n\n<ul>\n<li>Csak olyanokat keress, akik komoly kapcsolatra v\u00e1gynak<\/li>\n\n\n\n<li>Sz\u0171r\u00e9s \u00e9rdekl\u0151d\u00e9si k\u00f6r szerint: csal\u00e1d, munka, utaz\u00e1s, olvas\u00e1s, hit<\/li>\n\n\n\n<li>V\u00e1lasszon \u00e9letm\u00f3d szerint: veget\u00e1ri\u00e1nus, spiritu\u00e1lis, akt\u00edv, nyugodt<\/li>\n<\/ul>\n\n\n\n<h3 class=\"wp-block-heading\">Felhaszn\u00e1l\u00f3bar\u00e1t fel\u00fclet minden koroszt\u00e1ly sz\u00e1m\u00e1ra<\/h3>\n\n\n\n<ul>\n<li>Nagy bet\u0171k, l\u00e1gy sz\u00ednek \u00e9s k\u00f6nny\u0171 navig\u00e1ci\u00f3<\/li>\n\n\n\n<li>Vil\u00e1gos utas\u00edt\u00e1sok \u00e9s j\u00f3l l\u00e1that\u00f3 gombok<\/li>\n\n\n\n<li>K\u00f6nnyen haszn\u00e1lhat\u00f3 cseveg\u00e9s, m\u00e9g nem tech-szak\u00e9rt\u0151k sz\u00e1m\u00e1ra is<\/li>\n<\/ul>\n\n\n\n<h3 class=\"wp-block-heading\">V\u00e9delem \u00e9s biztons\u00e1g<\/h3>\n\n\n\n<ul>\n<li>Hamis profilok moder\u00e1l\u00e1sa<\/li>\n\n\n\n<li>Probl\u00e9m\u00e1s felhaszn\u00e1l\u00f3k gyors jelent\u00e9se<\/li>\n\n\n\n<li>Lehet\u0151s\u00e9gek a szem\u00e9lyes adatok elrejt\u00e9s\u00e9re, am\u00edg k\u00e9nyelmesen \u00e9rzi mag\u00e1t<\/li>\n<\/ul>\n\n\n\n<p>Egy ilyen funkci\u00f3kkal rendelkez\u0151 alkalmaz\u00e1s igazi h\u00edd lehet azok sz\u00e1m\u00e1ra, akik igaz t\u00f6rt\u00e9neteket keresnek.<\/p>\n\n\n\n<h2 class=\"wp-block-heading\">A 3 legjobb alkalmaz\u00e1s hasonl\u00f3 \u00e9rdekl\u0151d\u00e9s\u0171 emberek megtal\u00e1l\u00e1s\u00e1ra<\/h2>\n\n\n\n<h3 class=\"wp-block-heading\">\ud83e\udde1 <a href=\"https:\/\/www.eharmony.com\/\">eHarmony \u2013 Tal\u00e1ld meg az ide\u00e1lis partnered<\/a><\/h3>\n\n\n\n<p>Az eHarmony a vil\u00e1g egyik legelismertebb platformja.<\/p>\n\n\n\n<p>Kompatibilit\u00e1si rendszere egyed\u00fcl\u00e1ll\u00f3: a szem\u00e9lyis\u00e9ged t\u00f6bb mint 30 aspektus\u00e1t elemzi, hogy m\u00e9ly egyez\u00e9seket tal\u00e1ljon.<\/p>\n\n\n\n<p>Ide\u00e1lis azok sz\u00e1m\u00e1ra, akik m\u00e1r nem akarnak id\u0151t pazarolni, \u00e9s valami komolyra v\u00e1gynak.<\/p>\n\n\n\n<p><strong>El\u0151ny\u00f6k:<\/strong><\/p>\n\n\n\n<ul>\n<li>Tudom\u00e1nyosan megalapozott pszichol\u00f3giai teszt<\/li>\n\n\n\n<li>Nagyon kompatibilis napi javaslatok<\/li>\n\n\n\n<li>\u00c9rett k\u00f6z\u00f6ss\u00e9g, amely a val\u00f3di kapcsolatokra \u00f6sszpontos\u00edt<\/li>\n<\/ul>\n\n\n\n<p>K\u00fcl\u00f6n\u00f6sen aj\u00e1nlott 40 \u00e9v felettieknek, elv\u00e1ltaknak, \u00f6zvegyeknek, vagy azoknak, akik szeretn\u00e9k \u00fajj\u00e1\u00e9p\u00edteni az \u00e9let\u00fcket valakivel, aki ugyanazokat a dolgokat \u00e9rt\u00e9keli.<\/p>\n\n\n\n<p><\/p>\n\n\n\n<hr class=\"wp-block-separator has-alpha-channel-opacity is-style-wide\" \/>\n\n\n\n<h3 class=\"wp-block-heading\"><mark class=\"has-inline-color has-luminous-vivid-amber-color\"><strong>T\u00f6ltse le az alkalmaz\u00e1sokat<\/strong>.<\/mark><\/h3>\n\n\n    <section class=\"mx-1 my-10\">\n                                                <a href=\"https:\/\/www.eharmony.com\/\" class=\"text-white\" data-analytics-label=\"optionsButton\"\n                    data-action=\"analytics#trackCTA\">\n                    <div data-options-target=\"option\"\n                        class=\"custom-section rounded-xl border p-3 shadow-md w-full bg-green-700 my-3\">\n                        <div class=\"flex w-full items-center justify-between\">\n                            <div class=\"flex items-center space-x-3\">\n                                <div class=\"text-lg font-bold\">\n                                    eHarm\u00f3nia \u279d\n                                <\/div>\n                            <\/div>\n                        <\/div>\n                    <\/div>\n                <\/a>\n                            <p class=\"text-xs text-gray-500 text-right\"\n            style=\"margin-left: 50%; margin-bottom: 50px; margin-top: 5px;\">\n            <!-- You will be redirected to another website -->\n        <\/p>\n    <\/section>\n\n\n\n\n<p class=\"has-text-align-right\"><strong><em>\u00c1tir\u00e1ny\u00edtunk egy m\u00e1sik webhelyre<\/em><\/strong><\/p>\n\n\n\n<hr class=\"wp-block-separator has-alpha-channel-opacity is-style-wide\" \/>\n\n\n\n<p><\/p>\n\n\n\n<h3 class=\"wp-block-heading\">\ud83d\udc99 P\u00e1nt \u2013 Komoly kapcsolatokhoz tervezve<\/h3>\n\n\n\n<p>A Hinge-t azoknak tervezt\u00e9k, akik nem csak egy laza randev\u00fara v\u00e1gynak. Szem\u00e9lyes k\u00e9rd\u00e9sekre v\u00e1laszt ad\u00f3 profilokat k\u00edn\u00e1l, ami lehet\u0151v\u00e9 teszi a val\u00f3di ismerked\u00e9st.<\/p>\n\n\n\n<p><strong>El\u0151ny\u00f6k:<\/strong><\/p>\n\n\n\n<ul>\n<li>Algoritmus, amely a m\u00e9ly egyez\u00e9seket prioriz\u00e1lja<\/li>\n\n\n\n<li>Z\u00f6kken\u0151mentesebb besz\u00e9lget\u00e9sek a kezdetekt\u0151l fogva<\/li>\n\n\n\n<li>\u00c9rdekes profilok, amelyek nem csak fot\u00f3kkal rendelkeznek<\/li>\n<\/ul>\n\n\n\n<p>Ha olyan valakit keresel, aki \u00e9rt\u00e9keli a t\u00f6rt\u00e9netedet, a terveidet \u00e9s a l\u00e9nyegedet, akkor a Hinge a megfelel\u0151 hely.<\/p>\n\n\n\n<p><\/p>\n\n\n\n<hr class=\"wp-block-separator has-alpha-channel-opacity is-style-wide\" \/>\n\n\n\n<h3 class=\"wp-block-heading\"><mark class=\"has-inline-color has-luminous-vivid-amber-color\"><strong>T\u00f6ltse le az alkalmaz\u00e1sokat<\/strong>.<\/mark><\/h3>\n\n\n    <section class=\"mx-1 my-10\">\n                                                <a href=\"https:\/\/hinge.co\/\" class=\"text-white\" data-analytics-label=\"optionsButton\"\n                    data-action=\"analytics#trackCTA\">\n                    <div data-options-target=\"option\"\n                        class=\"custom-section rounded-xl border p-3 shadow-md w-full bg-green-700 my-3\">\n                        <div class=\"flex w-full items-center justify-between\">\n                            <div class=\"flex items-center space-x-3\">\n                                <div class=\"text-lg font-bold\">\n                                    Zsan\u00e9r \u279d\n                                <\/div>\n                            <\/div>\n                        <\/div>\n                    <\/div>\n                <\/a>\n                            <p class=\"text-xs text-gray-500 text-right\"\n            style=\"margin-left: 50%; margin-bottom: 50px; margin-top: 5px;\">\n            <!-- You will be redirected to another website -->\n        <\/p>\n    <\/section>\n\n\n\n\n<p class=\"has-text-align-right\"><strong><em>\u00c1tir\u00e1ny\u00edtunk egy m\u00e1sik webhelyre<\/em><\/strong><\/p>\n\n\n\n<hr class=\"wp-block-separator has-alpha-channel-opacity is-style-wide\" \/>\n\n\n\n<p><\/p>\n\n\n\n<h3 class=\"wp-block-heading\">\ud83d\udc9b K\u00e1v\u00e9 \u00e9s bagel tal\u00e1lkoz\u00e1sa \u2013 Val\u00f3di kapcsolatok<\/h3>\n\n\n\n<p>Ez az alkalmaz\u00e1s naponta korl\u00e1tozott sz\u00e1m\u00fa profilt k\u00fcld az \u00e9rdekl\u0151d\u00e9si k\u00f6r\u00f6d alapj\u00e1n.<\/p>\n\n\n\n<p>\u00cdgy elker\u00fclheted az \u00e9rtelmetlen lapozgat\u00e1st, \u00e9s azokra az emberekre koncentr\u00e1lhatsz, akik igaz\u00e1n illenek hozz\u00e1d.<\/p>\n\n\n\n<p><strong>El\u0151ny\u00f6k:<\/strong><\/p>\n\n\n\n<ul>\n<li>St\u00edlusod szerint \u00f6ssze\u00e1ll\u00edtott profilok<\/li>\n\n\n\n<li>T\u00f6bb \u00e9rtelmes besz\u00e9lget\u00e9s<\/li>\n\n\n\n<li>K\u00f6z\u00f6s \u00e9rt\u00e9kekkel rendelkez\u0151 k\u00f6z\u00f6ss\u00e9gek<\/li>\n<\/ul>\n\n\n\n<p>Ide\u00e1lis, ha a min\u0151s\u00e9get r\u00e9szes\u00edted el\u0151nyben a mennyis\u00e9ggel szemben, \u00e9s ha hiszed, hogy a szerelem nem verseny, hanem felfedez\u00e9s kellene, hogy legyen.<\/p>\n\n\n\n<p><\/p>\n\n\n\n<hr class=\"wp-block-separator has-alpha-channel-opacity is-style-wide\" \/>\n\n\n\n<h3 class=\"wp-block-heading\"><mark class=\"has-inline-color has-luminous-vivid-amber-color\"><strong>T\u00f6ltse le az alkalmaz\u00e1sokat<\/strong>.<\/mark><\/h3>\n\n\n    <section class=\"mx-1 my-10\">\n                                                <a href=\"https:\/\/ww.coffeemeetsbagel.com\/\" class=\"text-white\" data-analytics-label=\"optionsButton\"\n                    data-action=\"analytics#trackCTA\">\n                    <div data-options-target=\"option\"\n                        class=\"custom-section rounded-xl border p-3 shadow-md w-full bg-green-700 my-3\">\n                        <div class=\"flex w-full items-center justify-between\">\n                            <div class=\"flex items-center space-x-3\">\n                                <div class=\"text-lg font-bold\">\n                                    K\u00e1v\u00e9 \u00e9s bagel tal\u00e1lkoz\u00e1sa \u279d\n                                <\/div>\n                            <\/div>\n                        <\/div>\n                    <\/div>\n                <\/a>\n                            <p class=\"text-xs text-gray-500 text-right\"\n            style=\"margin-left: 50%; margin-bottom: 50px; margin-top: 5px;\">\n            <!-- You will be redirected to another website -->\n        <\/p>\n    <\/section>\n\n\n\n\n<p class=\"has-text-align-right\"><strong><em>\u00c1tir\u00e1ny\u00edtunk egy m\u00e1sik webhelyre<\/em><\/strong><\/p>\n\n\n\n<hr class=\"wp-block-separator has-alpha-channel-opacity is-style-wide\" \/>\n\n\n\n<p><\/p>\n\n\n\n<h2 class=\"wp-block-heading\">Hogyan lehetsz sikeresebb ezekkel az alkalmaz\u00e1sokkal?<\/h2>\n\n\n\n<h3 class=\"wp-block-heading\">Hozz l\u00e9tre egy hiteles profilt<\/h3>\n\n\n\n<p>A profilod a motiv\u00e1ci\u00f3s leveled. L\u00e9gy \u00f6nmagad, oszd meg, mit szeretsz, mir\u0151l \u00e1lmodsz, \u00e9s mit v\u00e1rsz el egy partnert\u0151l.<\/p>\n\n\n\n<p>Ez vonzza azokat az embereket, akik ugyanezt keresik.<\/p>\n\n\n\n<ul>\n<li>Haszn\u00e1lj val\u00f3di, term\u00e9szetes fot\u00f3kat j\u00f3 megvil\u00e1g\u00edt\u00e1ssal<\/li>\n\n\n\n<li>\u00cdrj egy \u0151szinte, m\u00e9gis vid\u00e1m le\u00edr\u00e1st<\/li>\n\n\n\n<li>Eml\u00edtsd meg az \u00e9rdekl\u0151d\u00e9si k\u00f6r\u00f6det, a hobbijaidat \u00e9s a c\u00e9ljaidat<\/li>\n<\/ul>\n\n\n\n<h3 class=\"wp-block-heading\">Sz\u00e1nd\u00e9kosan besz\u00e9lj<\/h3>\n\n\n\n<p>Amikor besz\u00e9lget\u00e9st kezdesz, olyan k\u00e9rd\u00e9seket tegy\u00e9l fel, amelyek val\u00f3di \u00e9rdekl\u0151d\u00e9st mutatnak. Ker\u00fcld a klis\u00e9ket. L\u00e9gy k\u00edv\u00e1ncsi, kedves \u00e9s nyitott.<\/p>\n\n\n\n<ul>\n<li>\u201eMi motiv\u00e1lta arra, hogy itt legy\u00e9l?\u201d<\/li>\n\n\n\n<li>\u201eMi az az \u00e1lmod, amit m\u00e9g be kell t\u00f6ltened?\u201d<\/li>\n\n\n\n<li>&quot;Mit \u00e9rt\u00e9kelsz a legjobban egy kapcsolatban?&quot;<\/li>\n<\/ul>\n\n\n\n<h3 class=\"wp-block-heading\">Maradj biztons\u00e1gban<\/h3>\n\n\n\n<p>Mik\u00f6zben az alkalmaz\u00e1sok elv\u00e9gzik a maguk\u00e9t, vigy\u00e1zz magadra is.<\/p>\n\n\n\n<ul>\n<li>Soha ne oszd meg a c\u00edmedet vagy banki adataidat<\/li>\n\n\n\n<li>Haszn\u00e1ld az alkalmaz\u00e1s cseveg\u0151j\u00e9t, am\u00edg magabiztosnak nem \u00e9rzed magad.<\/li>\n\n\n\n<li>Tal\u00e1lkozzatok nyilv\u00e1nos helyen, ha \u00fagy d\u00f6nt\u00f6t\u00f6k, hogy tal\u00e1lkoztok.<\/li>\n<\/ul>\n\n\n<div class=\"wp-block-image\">\n<figure class=\"aligncenter size-full\"><img loading=\"lazy\" decoding=\"async\" width=\"550\" height=\"350\" src=\"https:\/\/universofamilia.com\/wp-content\/uploads\/sites\/148\/2025\/05\/DESTAQUE-UNIVERSO-550-x-350-2-3.jpg\" alt=\"\" class=\"wp-image-9466\" srcset=\"https:\/\/universofamilia.com\/wp-content\/uploads\/sites\/148\/2025\/05\/DESTAQUE-UNIVERSO-550-x-350-2-3.jpg 550w, https:\/\/universofamilia.com\/wp-content\/uploads\/sites\/148\/2025\/05\/DESTAQUE-UNIVERSO-550-x-350-2-3-300x191.jpg 300w, https:\/\/universofamilia.com\/wp-content\/uploads\/sites\/148\/2025\/05\/DESTAQUE-UNIVERSO-550-x-350-2-3-18x12.jpg 18w\" sizes=\"(max-width: 550px) 100vw, 550px\" \/><figcaption class=\"wp-element-caption\">Tal\u00e1lkozz hasonl\u00f3 \u00e9rdekl\u0151d\u00e9s\u0171 \u00e9s c\u00e9l\u00fa emberekkel<\/figcaption><\/figure><\/div>\n\n\n<h2 class=\"wp-block-heading\">Inspir\u00e1l\u00f3 vallom\u00e1sok<\/h2>\n\n\n\n<h3 class=\"wp-block-heading\">M\u00e1ria, 62 \u00e9ves<\/h3>\n\n\n\n<p>\u201eMiut\u00e1n meg\u00f6zvegy\u00fcltem, azt hittem, soha t\u00f6bb\u00e9 nem tal\u00e1lok senkit. Agg\u00f3dva haszn\u00e1ltam az eHarmony-t, de megtal\u00e1ltam Jorget, egy kedves f\u00e9rfit, aki szint\u00e9n megtapasztalta a vesztes\u00e9get.\u201d<\/p>\n\n\n\n<p>Ma egy\u00fctt utazunk, \u00e9s b\u00e9k\u00e9ben, \u00f6r\u00f6mmel osztjuk meg napjainkat.\u201d<\/p>\n\n\n\n<h3 class=\"wp-block-heading\">Roberto, 48 \u00e9ves<\/h3>\n\n\n\n<p>\u201eMindig is csal\u00e1dra v\u00e1gytam, de sosem tal\u00e1ltam meg a megfelel\u0151 embert. Elen\u00e1val a Hinge-en tal\u00e1lkoztam. R\u00e1j\u00f6tt\u00fcnk, hogy mindketten szeretj\u00fck a k\u00f6nyveket, a term\u00e9szetet, \u00e9s ugyanazok a v\u00e1gyaink vannak. Ma szeretettel \u00e9s k\u00f6lcs\u00f6n\u00f6s meg\u00e9rt\u00e9ssel tervezz\u00fck a j\u00f6v\u0151nket.\u201d<\/p>\n\n\n\n<h2 class=\"wp-block-heading\">Cselekedj, \u00e9s tedd meg az els\u0151 l\u00e9p\u00e9st<\/h2>\n\n\n\n<p>A t\u00f6rt\u00e9neted ma megv\u00e1ltozhat. Csak egyetlen d\u00f6nt\u00e9s, egyetlen telep\u00edt\u00e9s, egyetlen \u00fczenet kell hozz\u00e1. Nem sz\u00e1m\u00edt a korod vagy a technol\u00f3giai tapasztalatod.<\/p>\n\n\n\n<p>Vannak emberek odakint, akik ugyanazt keresik, mint te: igaz szerelmet, m\u00e9ly kapcsolatot, valakit, aki meghallgat \u00e9s meg\u00e9rt.<\/p>\n\n\n\n<p><strong>Tal\u00e1lkozz hasonl\u00f3 \u00e9rdekl\u0151d\u00e9s\u0171 \u00e9s c\u00e9l\u00fa emberekkel<\/strong> olyan alkalmaz\u00e1sokkal, amelyek gondoskodnak r\u00f3lad, priorit\u00e1st \u00e9lveznek az \u00e9rt\u00e9keidben, \u00e9s \u00f6sszekapcsolnak azokkal, akik szint\u00e9n szeretn\u00e9k megosztani az \u00e9letet veled.<\/p>\n\n\n\n<p>Kattints a linkekre, t\u00f6ltsd le a neked legjobban tetsz\u0151 alkalmaz\u00e1st, \u00e9s tedd meg az els\u0151 l\u00e9p\u00e9st. Mert a szerelemnek nincs kora. \u00c9s a mai nap lehet a nagyszer\u0171 kezdet.<\/p>","protected":false},"excerpt":{"rendered":"<p>\u00bfTe gustar\u00eda conocer a alguien que comparta tus sue\u00f1os? \u00a1Elija una de las opciones! \u00a1Permanecer\u00e1 en el mismo sitio! Conoce personas con intereses y objetivos similares y transforma tu forma de relacionarte con los dem\u00e1s. Hoy en d\u00eda, gracias a la tecnolog\u00eda, ya no es necesario pasar horas hablando con personas que no est\u00e1n en [&hellip;]<\/p>","protected":false},"author":139,"featured_media":9466,"comment_status":"closed","ping_status":"open","sticky":false,"template":"","format":"standard","meta":{"footnotes":""},"categories":[2],"tags":[2272,2250,2291,2289,2290],"yoast_head":"<!-- This site is optimized with the Yoast SEO plugin v23.3 - https:\/\/yoast.com\/wordpress\/plugins\/seo\/ -->\n<title>Conoce personas con intereses y objetivos similares - Universo Fam\u00edlia<\/title>\n<meta name=\"description\" content=\"Conoce personas con intereses y objetivos similares. \u00bfTe gustar\u00eda conocer a alguien que comparta tus sue\u00f1os?...\" \/>\n<meta name=\"robots\" content=\"index, follow, max-snippet:-1, max-image-preview:large, max-video-preview:-1\" \/>\n<link rel=\"canonical\" href=\"http:\/\/universofamilia.com\/hu\/conoce-personas-con-intereses-y-objetivos-similares\/\" \/>\n<meta property=\"og:locale\" content=\"hu_HU\" \/>\n<meta property=\"og:type\" content=\"article\" \/>\n<meta property=\"og:title\" content=\"Conoce personas con intereses y objetivos similares - Universo Fam\u00edlia\" \/>\n<meta property=\"og:description\" content=\"Conoce personas con intereses y objetivos similares. \u00bfTe gustar\u00eda conocer a alguien que comparta tus sue\u00f1os?...\" \/>\n<meta property=\"og:url\" content=\"http:\/\/universofamilia.com\/hu\/conoce-personas-con-intereses-y-objetivos-similares\/\" \/>\n<meta property=\"og:site_name\" content=\"Universo Fam\u00edlia\" \/>\n<meta property=\"article:published_time\" content=\"2025-05-19T19:40:28+00:00\" \/>\n<meta property=\"article:modified_time\" content=\"2025-05-19T19:40:30+00:00\" \/>\n<meta property=\"og:image\" content=\"http:\/\/universofamilia.com\/wp-content\/uploads\/sites\/148\/2025\/05\/DESTAQUE-UNIVERSO-550-x-350-2-3.jpg\" \/>\n\t<meta property=\"og:image:width\" content=\"550\" \/>\n\t<meta property=\"og:image:height\" content=\"350\" \/>\n\t<meta property=\"og:image:type\" content=\"image\/jpeg\" \/>\n<meta name=\"author\" content=\"Pedro Henrique\" \/>\n<meta name=\"twitter:card\" content=\"summary_large_image\" \/>\n<meta name=\"twitter:label1\" content=\"Written by\" \/>\n\t<meta name=\"twitter:data1\" content=\"Pedro Henrique\" \/>\n\t<meta name=\"twitter:label2\" content=\"Est. reading time\" \/>\n\t<meta name=\"twitter:data2\" content=\"9 perc\" \/>\n<script type=\"application\/ld+json\" class=\"yoast-schema-graph\">{\"@context\":\"https:\/\/schema.org\",\"@graph\":[{\"@type\":\"WebPage\",\"@id\":\"http:\/\/universofamilia.com\/de\/conoce-personas-con-intereses-y-objetivos-similares\/\",\"url\":\"http:\/\/universofamilia.com\/de\/conoce-personas-con-intereses-y-objetivos-similares\/\",\"name\":\"Conoce personas con intereses y objetivos similares - Universo Fam\u00edlia\",\"isPartOf\":{\"@id\":\"https:\/\/universofamilia.com\/el\/#website\"},\"primaryImageOfPage\":{\"@id\":\"http:\/\/universofamilia.com\/de\/conoce-personas-con-intereses-y-objetivos-similares\/#primaryimage\"},\"image\":{\"@id\":\"http:\/\/universofamilia.com\/de\/conoce-personas-con-intereses-y-objetivos-similares\/#primaryimage\"},\"thumbnailUrl\":\"https:\/\/universofamilia.com\/wp-content\/uploads\/sites\/148\/2025\/05\/DESTAQUE-UNIVERSO-550-x-350-2-3.jpg\",\"datePublished\":\"2025-05-19T19:40:28+00:00\",\"dateModified\":\"2025-05-19T19:40:30+00:00\",\"author\":{\"@id\":\"https:\/\/universofamilia.com\/el\/#\/schema\/person\/f07ce98187dd84d31154262e79b3b7ca\"},\"description\":\"Conoce personas con intereses y objetivos similares. \u00bfTe gustar\u00eda conocer a alguien que comparta tus sue\u00f1os?...\",\"breadcrumb\":{\"@id\":\"http:\/\/universofamilia.com\/de\/conoce-personas-con-intereses-y-objetivos-similares\/#breadcrumb\"},\"inLanguage\":\"hu\",\"potentialAction\":[{\"@type\":\"ReadAction\",\"target\":[\"http:\/\/universofamilia.com\/de\/conoce-personas-con-intereses-y-objetivos-similares\/\"]}]},{\"@type\":\"ImageObject\",\"inLanguage\":\"hu\",\"@id\":\"http:\/\/universofamilia.com\/de\/conoce-personas-con-intereses-y-objetivos-similares\/#primaryimage\",\"url\":\"https:\/\/universofamilia.com\/wp-content\/uploads\/sites\/148\/2025\/05\/DESTAQUE-UNIVERSO-550-x-350-2-3.jpg\",\"contentUrl\":\"https:\/\/universofamilia.com\/wp-content\/uploads\/sites\/148\/2025\/05\/DESTAQUE-UNIVERSO-550-x-350-2-3.jpg\",\"width\":550,\"height\":350,\"caption\":\"Conoce personas con intereses y objetivos similares\"},{\"@type\":\"BreadcrumbList\",\"@id\":\"http:\/\/universofamilia.com\/de\/conoce-personas-con-intereses-y-objetivos-similares\/#breadcrumb\",\"itemListElement\":[{\"@type\":\"ListItem\",\"position\":1,\"name\":\"Home\",\"item\":\"https:\/\/universofamilia.com\/el\/\"},{\"@type\":\"ListItem\",\"position\":2,\"name\":\"Conoce personas con intereses y objetivos similares\"}]},{\"@type\":\"WebSite\",\"@id\":\"https:\/\/universofamilia.com\/el\/#website\",\"url\":\"https:\/\/universofamilia.com\/el\/\",\"name\":\"Universo Fam\u00edlia\",\"description\":\"\",\"potentialAction\":[{\"@type\":\"SearchAction\",\"target\":{\"@type\":\"EntryPoint\",\"urlTemplate\":\"https:\/\/universofamilia.com\/el\/?s={search_term_string}\"},\"query-input\":\"required name=search_term_string\"}],\"inLanguage\":\"hu\"},{\"@type\":\"Person\",\"@id\":\"https:\/\/universofamilia.com\/el\/#\/schema\/person\/f07ce98187dd84d31154262e79b3b7ca\",\"name\":\"Pedro Henrique\",\"image\":{\"@type\":\"ImageObject\",\"inLanguage\":\"hu\",\"@id\":\"https:\/\/universofamilia.com\/el\/#\/schema\/person\/image\/\",\"url\":\"https:\/\/secure.gravatar.com\/avatar\/9edfeb808cb4e1599f64d6e45b130154?s=96&d=mm&r=g\",\"contentUrl\":\"https:\/\/secure.gravatar.com\/avatar\/9edfeb808cb4e1599f64d6e45b130154?s=96&d=mm&r=g\",\"caption\":\"Pedro Henrique\"},\"url\":\"https:\/\/universofamilia.com\/hu\/author\/editor01\/\"}]}<\/script>\n<!-- \/ Yoast SEO plugin. -->","yoast_head_json":{"title":"Conoce personas con intereses y objetivos similares - Universo Fam\u00edlia","description":"Conoce personas con intereses y objetivos similares. \u00bfTe gustar\u00eda conocer a alguien que comparta tus sue\u00f1os?...","robots":{"index":"index","follow":"follow","max-snippet":"max-snippet:-1","max-image-preview":"max-image-preview:large","max-video-preview":"max-video-preview:-1"},"canonical":"http:\/\/universofamilia.com\/hu\/conoce-personas-con-intereses-y-objetivos-similares\/","og_locale":"hu_HU","og_type":"article","og_title":"Conoce personas con intereses y objetivos similares - Universo Fam\u00edlia","og_description":"Conoce personas con intereses y objetivos similares. \u00bfTe gustar\u00eda conocer a alguien que comparta tus sue\u00f1os?...","og_url":"http:\/\/universofamilia.com\/hu\/conoce-personas-con-intereses-y-objetivos-similares\/","og_site_name":"Universo Fam\u00edlia","article_published_time":"2025-05-19T19:40:28+00:00","article_modified_time":"2025-05-19T19:40:30+00:00","og_image":[{"width":550,"height":350,"url":"http:\/\/universofamilia.com\/wp-content\/uploads\/sites\/148\/2025\/05\/DESTAQUE-UNIVERSO-550-x-350-2-3.jpg","type":"image\/jpeg"}],"author":"Pedro Henrique","twitter_card":"summary_large_image","twitter_misc":{"Written by":"Pedro Henrique","Est. reading time":"9 perc"},"schema":{"@context":"https:\/\/schema.org","@graph":[{"@type":"WebPage","@id":"http:\/\/universofamilia.com\/de\/conoce-personas-con-intereses-y-objetivos-similares\/","url":"http:\/\/universofamilia.com\/de\/conoce-personas-con-intereses-y-objetivos-similares\/","name":"Conoce personas con intereses y objetivos similares - Universo Fam\u00edlia","isPartOf":{"@id":"https:\/\/universofamilia.com\/el\/#website"},"primaryImageOfPage":{"@id":"http:\/\/universofamilia.com\/de\/conoce-personas-con-intereses-y-objetivos-similares\/#primaryimage"},"image":{"@id":"http:\/\/universofamilia.com\/de\/conoce-personas-con-intereses-y-objetivos-similares\/#primaryimage"},"thumbnailUrl":"https:\/\/universofamilia.com\/wp-content\/uploads\/sites\/148\/2025\/05\/DESTAQUE-UNIVERSO-550-x-350-2-3.jpg","datePublished":"2025-05-19T19:40:28+00:00","dateModified":"2025-05-19T19:40:30+00:00","author":{"@id":"https:\/\/universofamilia.com\/el\/#\/schema\/person\/f07ce98187dd84d31154262e79b3b7ca"},"description":"Conoce personas con intereses y objetivos similares. \u00bfTe gustar\u00eda conocer a alguien que comparta tus sue\u00f1os?...","breadcrumb":{"@id":"http:\/\/universofamilia.com\/de\/conoce-personas-con-intereses-y-objetivos-similares\/#breadcrumb"},"inLanguage":"hu","potentialAction":[{"@type":"ReadAction","target":["http:\/\/universofamilia.com\/de\/conoce-personas-con-intereses-y-objetivos-similares\/"]}]},{"@type":"ImageObject","inLanguage":"hu","@id":"http:\/\/universofamilia.com\/de\/conoce-personas-con-intereses-y-objetivos-similares\/#primaryimage","url":"https:\/\/universofamilia.com\/wp-content\/uploads\/sites\/148\/2025\/05\/DESTAQUE-UNIVERSO-550-x-350-2-3.jpg","contentUrl":"https:\/\/universofamilia.com\/wp-content\/uploads\/sites\/148\/2025\/05\/DESTAQUE-UNIVERSO-550-x-350-2-3.jpg","width":550,"height":350,"caption":"Conoce personas con intereses y objetivos similares"},{"@type":"BreadcrumbList","@id":"http:\/\/universofamilia.com\/de\/conoce-personas-con-intereses-y-objetivos-similares\/#breadcrumb","itemListElement":[{"@type":"ListItem","position":1,"name":"Home","item":"https:\/\/universofamilia.com\/el\/"},{"@type":"ListItem","position":2,"name":"Conoce personas con intereses y objetivos similares"}]},{"@type":"WebSite","@id":"https:\/\/universofamilia.com\/el\/#website","url":"https:\/\/universofamilia.com\/el\/","name":"Universo Fam\u00edlia","description":"","potentialAction":[{"@type":"SearchAction","target":{"@type":"EntryPoint","urlTemplate":"https:\/\/universofamilia.com\/el\/?s={search_term_string}"},"query-input":"required name=search_term_string"}],"inLanguage":"hu"},{"@type":"Person","@id":"https:\/\/universofamilia.com\/el\/#\/schema\/person\/f07ce98187dd84d31154262e79b3b7ca","name":"Pedro Henrique","image":{"@type":"ImageObject","inLanguage":"hu","@id":"https:\/\/universofamilia.com\/el\/#\/schema\/person\/image\/","url":"https:\/\/secure.gravatar.com\/avatar\/9edfeb808cb4e1599f64d6e45b130154?s=96&d=mm&r=g","contentUrl":"https:\/\/secure.gravatar.com\/avatar\/9edfeb808cb4e1599f64d6e45b130154?s=96&d=mm&r=g","caption":"Pedro Henrique"},"url":"https:\/\/universofamilia.com\/hu\/author\/editor01\/"}]}},"_links":{"self":[{"href":"https:\/\/universofamilia.com\/hu\/wp-json\/wp\/v2\/posts\/9463"}],"collection":[{"href":"https:\/\/universofamilia.com\/hu\/wp-json\/wp\/v2\/posts"}],"about":[{"href":"https:\/\/universofamilia.com\/hu\/wp-json\/wp\/v2\/types\/post"}],"author":[{"embeddable":true,"href":"https:\/\/universofamilia.com\/hu\/wp-json\/wp\/v2\/users\/139"}],"replies":[{"embeddable":true,"href":"https:\/\/universofamilia.com\/hu\/wp-json\/wp\/v2\/comments?post=9463"}],"version-history":[{"count":2,"href":"https:\/\/universofamilia.com\/hu\/wp-json\/wp\/v2\/posts\/9463\/revisions"}],"predecessor-version":[{"id":9472,"href":"https:\/\/universofamilia.com\/hu\/wp-json\/wp\/v2\/posts\/9463\/revisions\/9472"}],"wp:featuredmedia":[{"embeddable":true,"href":"https:\/\/universofamilia.com\/hu\/wp-json\/wp\/v2\/media\/9466"}],"wp:attachment":[{"href":"https:\/\/universofamilia.com\/hu\/wp-json\/wp\/v2\/media?parent=9463"}],"wp:term":[{"taxonomy":"category","embeddable":true,"href":"https:\/\/universofamilia.com\/hu\/wp-json\/wp\/v2\/categories?post=9463"},{"taxonomy":"post_tag","embeddable":true,"href":"https:\/\/universofamilia.com\/hu\/wp-json\/wp\/v2\/tags?post=9463"}],"curies":[{"name":"wp","href":"https:\/\/api.w.org\/{rel}","templated":true}]}}