{"id":9473,"date":"2025-05-22T00:26:40","date_gmt":"2025-05-22T00:26:40","guid":{"rendered":"https:\/\/universofamilia.com\/?p=9473"},"modified":"2025-05-22T00:26:41","modified_gmt":"2025-05-22T00:26:41","slug":"busco-un-companero-divertido","status":"publish","type":"post","link":"https:\/\/universofamilia.com\/hu\/busco-un-companero-divertido\/","title":{"rendered":"Szia sz\u00e9ps\u00e9gem! Vid\u00e1m t\u00e1rsat keresek"},"content":{"rendered":"<h4 class=\"wp-block-heading has-text-align-center\">\u00bf<strong>Szeretn\u00e9l valakit tal\u00e1lni?<\/strong> ez t\u00e9nyleg meg\u00e9rt t\u00e9ged?<\/h4>\n\n\n\n<p><\/p>\n\n\n\n<h5 class=\"wp-block-heading has-text-align-center\"><strong><mark class=\"has-inline-color has-vivid-cyan-blue-color\">V\u00e1lasszon egyet a lehet\u0151s\u00e9gek k\u00f6z\u00fcl!<\/mark><\/strong><\/h5>\n\n\n    <section class=\"mx-1 my-10\">\n                                                <a href=\"https:\/\/universofamilia.com\/hu\/aplicaciones-de-citas-2\/\" class=\"text-white\" data-analytics-label=\"optionsButton\"\n                    data-action=\"analytics#trackCTA\">\n                    <div data-options-target=\"option\"\n                        class=\"custom-section rounded-xl border p-3 shadow-md w-full bg-green-700 my-3\">\n                        <div class=\"flex w-full items-center justify-between\">\n                            <div class=\"flex items-center space-x-3\">\n                                <div class=\"text-lg font-bold\">\n                                    Szia, besz\u00e9lj most!   \u279d\n                                <\/div>\n                            <\/div>\n                        <\/div>\n                    <\/div>\n                <\/a>\n                                                            <a href=\"https:\/\/universofamilia.com\/hu\/mejor-app-de-citas-real\/\" class=\"text-white\" data-analytics-label=\"optionsButton\"\n                    data-action=\"analytics#trackCTA\">\n                    <div data-options-target=\"option\"\n                        class=\"custom-section rounded-xl border p-3 shadow-md w-full bg-green-700 my-3\">\n                        <div class=\"flex w-full items-center justify-between\">\n                            <div class=\"flex items-center space-x-3\">\n                                <div class=\"text-lg font-bold\">\n                                    Egy kis aj\u00e1nd\u00e9k neked \u279d\n                                <\/div>\n                            <\/div>\n                        <\/div>\n                    <\/div>\n                <\/a>\n                                                            <a href=\"https:\/\/universofamilia.com\/hu\/el-amor-a-un-clic\/\" class=\"text-white\" data-analytics-label=\"optionsButton\"\n                    data-action=\"analytics#trackCTA\">\n                    <div data-options-target=\"option\"\n                        class=\"custom-section rounded-xl border p-3 shadow-md w-full bg-green-700 my-3\">\n                        <div class=\"flex w-full items-center justify-between\">\n                            <div class=\"flex items-center space-x-3\">\n                                <div class=\"text-lg font-bold\">\n                                    Besz\u00e9lj Victori\u00e1val \u279d\n                                <\/div>\n                            <\/div>\n                        <\/div>\n                    <\/div>\n                <\/a>\n                            <p class=\"text-xs text-gray-500 text-right hidden\"\n            style=\"margin-left: 50%; margin-bottom: 50px; margin-top: 5px;\">\n            <!-- You will be redirected to another website -->\n        <\/p>\n    <\/section>\n\n\n\n\n<p><\/p>\n\n\n\n<h3 class=\"wp-block-heading\">Szeretn\u00e9d megtal\u00e1lni <a href=\"https:\/\/universofamilia.com\/hu\/aplicaciones-de-citas-2\/\">valaki, aki igaz\u00e1n meg\u00e9rt t\u00e9ged<\/a>?<\/h3>\n\n\n\n<p><strong>Tal\u00e1lkozz hasonl\u00f3 \u00e9rdekl\u0151d\u00e9s\u0171 \u00e9s c\u00e9l\u00fa emberekkel<\/strong> Ez m\u00e1r nem t\u00e1voli \u00e1lom vagy ritka v\u00e9letlen.<\/p>\n\n\n\n<p>A modern korban a technol\u00f3gia olyan kapukat nyit meg el\u0151tt\u00fcnk, amelyekr\u0151l kor\u00e1bban \u00e1lmodni sem mert\u00fcnk.<\/p>\n\n\n\n<p>Manaps\u00e1g olyan emberekre bukkanhatsz, akik ugyanazokat a dolgokat szeretik, mint te, akik ugyan\u00fagy gondolkodnak, mint te, \u00e9s akik pontosan azt keresik, amit te szeretn\u00e9l.<\/p>\n\n\n\n<p>El tudod k\u00e9pzelni, hogy besz\u00e9lgetsz valakivel, akivel k\u00f6z\u00f6sek a hobbijaid, a j\u00f6v\u0151beli terveid \u00e9s az \u00e9letfelfog\u00e1sod?<\/p>\n\n\n\n<h3 class=\"wp-block-heading\">Elege van az \u00fcres besz\u00e9lget\u00e9sekb\u0151l?<\/h3>\n\n\n\n<p>Frusztr\u00e1l\u00f3 olyannal besz\u00e9lgetni, aki nem \u00e9rti, mi motiv\u00e1l t\u00e9ged. Gyakran pr\u00f3b\u00e1lunk kapcsolatot \u00e9p\u00edteni olyan emberekkel, akik egyszer\u0171en nincsenek egy oldalon.<\/p>\n\n\n\n<p>Nem csak a k\u00f6z\u00f6s \u00e9rdekl\u0151d\u00e9sr\u0151l van sz\u00f3, hanem a hasonl\u00f3 \u00e9rt\u00e9kekr\u0151l, c\u00e9lokr\u00f3l, s\u0151t, ak\u00e1r \u00e1lmokr\u00f3l is. Mi lenne, ha l\u00e9tezne egy egyszer\u0171 m\u00f3dja annak, hogy mindezt m\u00e1r a legelej\u00e9t\u0151l kisz\u0171rj\u00fck?<\/p>\n\n\n\n<p><\/p>\n\n\n\n<hr class=\"wp-block-separator has-alpha-channel-opacity is-style-wide\" \/>\n\n\n\n<h4 class=\"wp-block-heading has-text-align-center\"><strong><mark class=\"has-inline-color has-luminous-vivid-orange-color\">Olvasd el ezt is<\/mark><\/strong><\/h4>\n\n\n    <section class=\"mx-1 my-10\">\n                                                <a href=\"https:\/\/universofamilia.com\/hu\/lp-filmes-asiaticos\/\" class=\"text-white\" data-analytics-label=\"optionsButton\"\n                    data-action=\"analytics#trackCTA\">\n                    <div data-options-target=\"option\"\n                        class=\"custom-section rounded-xl border p-3 shadow-md w-full bg-green-700 my-3\">\n                        <div class=\"flex w-full items-center justify-between\">\n                            <div class=\"flex items-center space-x-3\">\n                                <div class=\"text-lg font-bold\">\n                                    App koreai dr\u00e1m\u00e1k n\u00e9z\u00e9s\u00e9hez \u279d\n                                <\/div>\n                            <\/div>\n                        <\/div>\n                    <\/div>\n                <\/a>\n                                                            <a href=\"https:\/\/universofamilia.com\/hu\/lp-recuperar-fotos\/\" class=\"text-white\" data-analytics-label=\"optionsButton\"\n                    data-action=\"analytics#trackCTA\">\n                    <div data-options-target=\"option\"\n                        class=\"custom-section rounded-xl border p-3 shadow-md w-full bg-green-700 my-3\">\n                        <div class=\"flex w-full items-center justify-between\">\n                            <div class=\"flex items-center space-x-3\">\n                                <div class=\"text-lg font-bold\">\n                                    T\u00f6r\u00f6lt fot\u00f3k helyre\u00e1ll\u00edt\u00e1sa ezzel az alkalmaz\u00e1ssal!  \u279d\n                                <\/div>\n                            <\/div>\n                        <\/div>\n                    <\/div>\n                <\/a>\n                                                            <a href=\"https:\/\/universofamilia.com\/hu\/el-amor-a-un-clic\/\" class=\"text-white\" data-analytics-label=\"optionsButton\"\n                    data-action=\"analytics#trackCTA\">\n                    <div data-options-target=\"option\"\n                        class=\"custom-section rounded-xl border p-3 shadow-md w-full bg-green-700 my-3\">\n                        <div class=\"flex w-full items-center justify-between\">\n                            <div class=\"flex items-center space-x-3\">\n                                <div class=\"text-lg font-bold\">\n                                    Fedezd fel az ide\u00e1lis t\u00e1rskeres\u0151 alkalmaz\u00e1st \u279d\n                                <\/div>\n                            <\/div>\n                        <\/div>\n                    <\/div>\n                <\/a>\n                            <p class=\"text-xs text-gray-500 text-right hidden\"\n            style=\"margin-left: 50%; margin-bottom: 50px; margin-top: 5px;\">\n            <!-- You will be redirected to another website -->\n        <\/p>\n    <\/section>\n\n\n\n\n<p class=\"has-text-align-right\"><em><strong><em><strong><em><strong><em><strong><em><strong>Ugyanott fog maradni!<\/strong><\/em><\/strong><\/em><\/strong><\/em><\/strong><\/em><\/strong><\/em><\/p>\n\n\n\n<hr class=\"wp-block-separator has-alpha-channel-opacity is-style-wide\" \/>\n\n\n\n<p><\/p>\n\n\n\n<h3 class=\"wp-block-heading\">A t\u00e1rskeres\u0151 alkalmaz\u00e1sok lehetnek a r\u00e9g\u00f3ta v\u00e1rt megold\u00e1s.<\/h3>\n\n\n\n<p>Ezeknek az eszk\u00f6z\u00f6knek k\u00f6sz\u00f6nhet\u0151en most val\u00f3di emberekkel tal\u00e1lkozhatsz, akiknek val\u00f3di c\u00e9ljaik vannak.<\/p>\n\n\n\n<p>Nincs t\u00f6bb j\u00e1t\u00e9k az \u00e9rz\u00e9sekkel, vagy id\u0151pocs\u00e9kol\u00e1s azokkal, akik nem tudj\u00e1k, mit akarnak.<\/p>\n\n\n\n<p>Vannak kifejezetten olyan alkalmaz\u00e1sok, amelyek seg\u00edtenek megtal\u00e1lni a kompatibilis embereket, m\u00e9g akkor is, ha nincs sok tapasztalatod a technol\u00f3gia haszn\u00e1lat\u00e1ban.<\/p>\n\n\n\n<h3 class=\"wp-block-heading\">Ez a cikk neked sz\u00f3l<\/h3>\n\n\n\n<p>Ha igazi kapcsolatot, \u00e9rtelmes bar\u00e1ts\u00e1got, vagy egyszer\u0171en csak valakit keresel, aki ugyanazokat a dolgokat \u00e9rt\u00e9keli, mint te, olvass tov\u00e1bb.<\/p>\n\n\n\n<p>Itt mindent elmagyar\u00e1zunk, amit tudnod kell a mai kezd\u00e9shez.<\/p>\n\n\n\n<h2 class=\"wp-block-heading\">Mi\u00e9rt olyan fontos a kompatibilit\u00e1s egy kapcsolatban?<\/h2>\n\n\n\n<h3 class=\"wp-block-heading\">A fizikain t\u00fal<\/h3>\n\n\n\n<p>Egy felsz\u00ednes vonzalom eleinte izgalmas lehet, de ha nincs kompatibilit\u00e1s, a dolgok gyorsan sz\u00e9thullanak.<\/p>\n\n\n\n<p>Az \u00e9rdekl\u0151d\u00e9si k\u00f6r\u00f6k, az \u00e9letc\u00e9lok \u00e9s a gondolkod\u00e1sm\u00f3d \u00f6sszeegyeztethet\u0151s\u00e9ge teszi tart\u00f3ss\u00e1 egy kapcsolatot.<\/p>\n\n\n\n<p>K\u00e9t ember, akik meg\u00e9rtik egym\u00e1st, egy\u00fctt fejl\u0151dhetnek, t\u00e1mogathatj\u00e1k egym\u00e1st, \u00e9s sokkal m\u00e9lyebb kapcsolatot \u00e9lvezhetnek.<\/p>\n\n\n\n<h3 class=\"wp-block-heading\">Az \u00e9rdekl\u0151d\u00e9si k\u00f6r\u00f6k \u00e9s c\u00e9lok megoszt\u00e1s\u00e1nak el\u0151nyei<\/h3>\n\n\n\n<ul>\n<li>\u00c9rdekesebb \u00e9s term\u00e9szetesebb besz\u00e9lget\u00e9sek<\/li>\n\n\n\n<li>Kevesebb vita \u00e9s f\u00e9lre\u00e9rt\u00e9s<\/li>\n\n\n\n<li>K\u00f6lcs\u00f6n\u00f6s t\u00e1mogat\u00e1s fontos projektekben \u00e9s d\u00f6nt\u00e9sekben<\/li>\n\n\n\n<li>Nagyobb \u00e9rzelmi el\u00e9gedetts\u00e9g \u00e9s stabilit\u00e1s<\/li>\n<\/ul>\n\n\n\n<h3 class=\"wp-block-heading\">\u00c9s honnan tudod, hogy kompatibilis vagy valakivel?<\/h3>\n\n\n\n<p>Itt j\u00f6nnek k\u00e9pbe a fejlett sz\u0171r\u0151kkel rendelkez\u0151 t\u00e1rskeres\u0151 alkalmaz\u00e1sok. Kiv\u00e1laszthatod azokat az embereket, akikkel k\u00f6z\u00f6sek a hobbijaid, a meggy\u0151z\u0151d\u00e9seid, a csal\u00e1di c\u00e9ljaid, a spiritu\u00e1lis ir\u00e1nyults\u00e1god, vagy ak\u00e1r a szabadid\u0151d elt\u00f6lt\u00e9s\u00e9nek m\u00f3dja is.<\/p>\n\n\n\n<p>Nem csak arr\u00f3l van sz\u00f3, hogy randizni kell valakivel, hanem arr\u00f3l is, hogy megtal\u00e1ljuk azt, akivel egy ir\u00e1nyba haladhatunk.<\/p>\n\n\n\n<h2 class=\"wp-block-heading\">Hogyan haszn\u00e1ld a randialkalmaz\u00e1sokat, ha nem vagy j\u00e1rtas a technol\u00f3gi\u00e1ban?<\/h2>\n\n\n\n<h3 class=\"wp-block-heading\">Minden egy profillal kezd\u0151dik<\/h3>\n\n\n\n<p>Nem kell digit\u00e1lis zseninek lenned. A profil l\u00e9trehoz\u00e1sa olyan egyszer\u0171, mint egy \u0171rlap kit\u00f6lt\u00e9se. Csak a k\u00f6vetkez\u0151ket kell belefoglalni:<\/p>\n\n\n\n<ul>\n<li>A neved \u00e9s az \u00e9letkorod<\/li>\n\n\n\n<li>Egy tiszta \u00e9s bar\u00e1ts\u00e1gos fot\u00f3<\/li>\n\n\n\n<li>Egy r\u00f6vid sz\u00f6veg magadr\u00f3l \u00e9s arr\u00f3l, hogy mit keresel<\/li>\n<\/ul>\n\n\n\n<h3 class=\"wp-block-heading\">Haszn\u00e1lj sz\u0171r\u0151ket, hogy megtal\u00e1ld, ami \u00e9rdekel<\/h3>\n\n\n\n<p>A legjobb t\u00e1rskeres\u0151 alkalmaz\u00e1sokban a k\u00f6vetkez\u0151k\u00e9ppen kereshetsz:<\/p>\n\n\n\n<ul>\n<li>Kor<\/li>\n\n\n\n<li>Elhelyezked\u00e9s<\/li>\n\n\n\n<li>K\u00f6z\u00f6s \u00e9rdekl\u0151d\u00e9si k\u00f6r\u00f6k<\/li>\n\n\n\n<li>Csal\u00e1di \u00e9rt\u00e9kek<\/li>\n\n\n\n<li>Sz\u00e1nd\u00e9k (bar\u00e1ts\u00e1g, komoly kapcsolat stb.)<\/li>\n<\/ul>\n\n\n\n<h3 class=\"wp-block-heading\">Ir\u00e1ny\u00edtsd az \u00e9lm\u00e9nyt<\/h3>\n\n\n\n<ul>\n<li>Kiv\u00e1laszthatod, kivel besz\u00e9lsz<\/li>\n\n\n\n<li>Blokkold a felhaszn\u00e1l\u00f3kat, ha kellemetlen\u00fcl \u00e9rzed magad rajtuk<\/li>\n\n\n\n<li>Jel\u00f6ld kedvenck\u00e9nt azokat, akik felkeltik a figyelmedet<\/li>\n\n\n\n<li>Csak akkor kapj \u00e9rtes\u00edt\u00e9seket, amikor szeretn\u00e9d<\/li>\n<\/ul>\n\n\n\n<h3 class=\"wp-block-heading\">Biztons\u00e1g az els\u0151<\/h3>\n\n\n\n<p>Ne ossz meg szem\u00e9lyes adatokat (p\u00e9ld\u00e1ul c\u00edmet vagy telefonsz\u00e1mot) az els\u0151 besz\u00e9lget\u00e9sek sor\u00e1n.<\/p>\n\n\n\n<p>Sok alkalmaz\u00e1s be\u00e9p\u00edtett biztons\u00e1gi funkci\u00f3kkal rendelkezik, mint p\u00e9ld\u00e1ul a profilellen\u0151rz\u00e9s \u00e9s a v\u00e9dett cseveg\u00e9sek.<\/p>\n\n\n\n<h2 class=\"wp-block-heading\">A 3 legjobb alkalmaz\u00e1s kompatibilis emberekkel val\u00f3 tal\u00e1lkoz\u00e1shoz<\/h2>\n\n\n\n<p>Az al\u00e1bbiakban h\u00e1rom megb\u00edzhat\u00f3 \u00e9s k\u00f6nnyen haszn\u00e1lhat\u00f3 alkalmaz\u00e1st mutatunk be.<\/p>\n\n\n\n<p>Mindegyik el\u00e9rhet\u0151 a Google Play \u00c1ruh\u00e1zban, ingyenes, \u00e9s t\u00f6bb ezer felhaszn\u00e1l\u00f3 kiv\u00e1l\u00f3 \u00e9rt\u00e9kel\u00e9sekkel rendelkezik.<\/p>\n\n\n\n<h3 class=\"wp-block-heading\">1. <a href=\"https:\/\/www.happn.com\/pt\/\">Happn<\/a><\/h3>\n\n\n\n<p><strong>Hogyan m\u0171k\u00f6dik?<\/strong><br>A Happn a k\u00f6zels\u00e9gr\u0151l sz\u00f3l. Megmutatja azokat az embereket, akikkel a val\u00f3 \u00e9letben is tal\u00e1lkozt\u00e1l, ak\u00e1r az utc\u00e1n, a szupermarketben vagy a parkban.<\/p>\n\n\n\n<p>Ha mindketten szimpatikusak egym\u00e1snak, akkor elkezd\u0151dik a besz\u00e9lget\u00e9s.<\/p>\n\n\n\n<p><strong>El\u0151ny\u00f6k:<\/strong><\/p>\n\n\n\n<ul>\n<li>Val\u00f3s helysz\u00edneken alapul<\/li>\n\n\n\n<li>Magas szint\u0171 adatv\u00e9delem \u00e9s kontroll<\/li>\n\n\n\n<li>Tudhatj\u00e1tok, mi a k\u00f6z\u00f6s bennetek, miel\u0151tt besz\u00e9ltek volna<\/li>\n\n\n\n<li>Modern \u00e9s k\u00f6nnyen haszn\u00e1lhat\u00f3 fel\u00fclet minden koroszt\u00e1ly sz\u00e1m\u00e1ra<\/li>\n<\/ul>\n\n\n\n<p><strong>Ide\u00e1lis a k\u00f6vetkez\u0151kh\u00f6z:<\/strong> olyan emberek, akik hisznek a v\u00e9letlenekben, de magabiztosan \u00e9s tudatosan szeretn\u00e9nek egy l\u00e9p\u00e9ssel tov\u00e1bb l\u00e9pni.<\/p>\n\n\n\n<p><\/p>\n\n\n\n<hr class=\"wp-block-separator has-alpha-channel-opacity is-style-wide\" \/>\n\n\n\n<h3 class=\"wp-block-heading\"><mark class=\"has-inline-color has-luminous-vivid-amber-color\"><strong>T\u00f6ltse le az alkalmaz\u00e1sokat<\/strong>.<\/mark><\/h3>\n\n\n    <section class=\"mx-1 my-10\">\n                                                <a href=\"https:\/\/www.happn.com\/pt\/\" class=\"text-white\" data-analytics-label=\"optionsButton\"\n                    data-action=\"analytics#trackCTA\">\n                    <div data-options-target=\"option\"\n                        class=\"custom-section rounded-xl border p-3 shadow-md w-full bg-green-700 my-3\">\n                        <div class=\"flex w-full items-center justify-between\">\n                            <div class=\"flex items-center space-x-3\">\n                                <div class=\"text-lg font-bold\">\n                                    Boldog \u279d\n                                <\/div>\n                            <\/div>\n                        <\/div>\n                    <\/div>\n                <\/a>\n                            <p class=\"text-xs text-gray-500 text-right\"\n            style=\"margin-left: 50%; margin-bottom: 50px; margin-top: 5px;\">\n            <!-- You will be redirected to another website -->\n        <\/p>\n    <\/section>\n\n\n\n\n<p class=\"has-text-align-right\"><strong><em>\u00c1tir\u00e1ny\u00edtunk egy m\u00e1sik webhelyre<\/em><\/strong><\/p>\n\n\n\n<hr class=\"wp-block-separator has-alpha-channel-opacity is-style-wide\" \/>\n\n\n\n<p><\/p>\n\n\n\n<h3 class=\"wp-block-heading\">2. OkCupid<\/h3>\n\n\n\n<p><strong>Hogyan m\u0171k\u00f6dik?<\/strong><br>Ez egy nagyon \u00e1tfog\u00f3 alkalmaz\u00e1s, amely egy k\u00e9rd\u00e9srendszert haszn\u00e1l a t\u00f6bbi felhaszn\u00e1l\u00f3val val\u00f3 kompatibilit\u00e1sod meg\u00e1llap\u00edt\u00e1s\u00e1ra. Min\u00e9l t\u00f6bb k\u00e9rd\u00e9sre v\u00e1laszolsz, ann\u00e1l jobb egyez\u00e9seket kapsz.<\/p>\n\n\n\n<p><strong>El\u0151ny\u00f6k:<\/strong><\/p>\n\n\n\n<ul>\n<li>Komoly kapcsolatokra orient\u00e1lt<\/li>\n\n\n\n<li>Lehet\u0151v\u00e9 teszi az emberek keres\u00e9s\u00e9t hiedelmek, \u00e9letm\u00f3d \u00e9s szem\u00e9lyis\u00e9g alapj\u00e1n<\/li>\n\n\n\n<li>Eszk\u00f6z\u00f6k id\u0151seknek \u00e9s akad\u00e1lymentes\u00edt\u00e9s<\/li>\n\n\n\n<li>Soksz\u00edn\u0171 \u00e9s tiszteletteljes k\u00f6z\u00f6ss\u00e9g<\/li>\n<\/ul>\n\n\n\n<p><strong>Ide\u00e1lis a k\u00f6vetkez\u0151kh\u00f6z:<\/strong> akik \u00e9rzelmi, ment\u00e1lis \u00e9s spiritu\u00e1lis affinit\u00e1son alapul\u00f3 m\u00e9ly kapcsolatot keresnek.<\/p>\n\n\n\n<p><\/p>\n\n\n\n<hr class=\"wp-block-separator has-alpha-channel-opacity is-style-wide\" \/>\n\n\n\n<h3 class=\"wp-block-heading\"><mark class=\"has-inline-color has-luminous-vivid-amber-color\"><strong>T\u00f6ltse le az alkalmaz\u00e1sokat<\/strong>.<\/mark><\/h3>\n\n\n    <section class=\"mx-1 my-10\">\n                                                <a href=\"https:\/\/www.okcupid.com\/\" class=\"text-white\" data-analytics-label=\"optionsButton\"\n                    data-action=\"analytics#trackCTA\">\n                    <div data-options-target=\"option\"\n                        class=\"custom-section rounded-xl border p-3 shadow-md w-full bg-green-700 my-3\">\n                        <div class=\"flex w-full items-center justify-between\">\n                            <div class=\"flex items-center space-x-3\">\n                                <div class=\"text-lg font-bold\">\n                                    OkCupid \u279d\n                                <\/div>\n                            <\/div>\n                        <\/div>\n                    <\/div>\n                <\/a>\n                            <p class=\"text-xs text-gray-500 text-right\"\n            style=\"margin-left: 50%; margin-bottom: 50px; margin-top: 5px;\">\n            <!-- You will be redirected to another website -->\n        <\/p>\n    <\/section>\n\n\n\n\n<p class=\"has-text-align-right\"><strong><em>\u00c1tir\u00e1ny\u00edtunk egy m\u00e1sik webhelyre<\/em><\/strong><\/p>\n\n\n\n<hr class=\"wp-block-separator has-alpha-channel-opacity is-style-wide\" \/>\n\n\n\n<p><\/p>\n\n\n\n<h3 class=\"wp-block-heading\">3. Tinder<\/h3>\n\n\n\n<p><strong>Hogyan m\u0171k\u00f6dik?<\/strong><br>Egy egyszer\u0171 h\u00faz\u00e1ssal jelezheted, hogy \u00e9rdekl\u0151dsz-e valaki ir\u00e1nt vagy sem. Ha illik egym\u00e1shoz, azonnal cseveghettek.<\/p>\n\n\n\n<p><strong>El\u0151ny\u00f6k:<\/strong><\/p>\n\n\n\n<ul>\n<li>Gyors \u00e9s nagyon k\u00f6nnyen haszn\u00e1lhat\u00f3<\/li>\n\n\n\n<li>Nagy felhaszn\u00e1l\u00f3i k\u00f6z\u00f6ss\u00e9g<\/li>\n\n\n\n<li>\u00c9rdekl\u0151d\u00e9si k\u00f6r\u00f6k \u00e9s c\u00e9lok szerint sz\u0171rhetsz<\/li>\n\n\n\n<li>Pr\u00e9mium opci\u00f3k a jobb l\u00e1that\u00f3s\u00e1g\u00e9rt<\/li>\n<\/ul>\n\n\n\n<p><strong>Ide\u00e1lis a k\u00f6vetkez\u0151kh\u00f6z:<\/strong> olyan embereknek, akik dinamikusan \u00e9s sz\u00f3rakoztat\u00f3 m\u00f3don, komplik\u00e1ci\u00f3k n\u00e9lk\u00fcl szeretn\u00e9k megismerni egym\u00e1st.<\/p>\n\n\n\n<p><\/p>\n\n\n\n<hr class=\"wp-block-separator has-alpha-channel-opacity is-style-wide\" \/>\n\n\n\n<h3 class=\"wp-block-heading\"><mark class=\"has-inline-color has-luminous-vivid-amber-color\"><strong>T\u00f6ltse le az alkalmaz\u00e1sokat<\/strong>.<\/mark><\/h3>\n\n\n    <section class=\"mx-1 my-10\">\n                                                <a href=\"https:\/\/tinder.com\/pt\/download\" class=\"text-white\" data-analytics-label=\"optionsButton\"\n                    data-action=\"analytics#trackCTA\">\n                    <div data-options-target=\"option\"\n                        class=\"custom-section rounded-xl border p-3 shadow-md w-full bg-green-700 my-3\">\n                        <div class=\"flex w-full items-center justify-between\">\n                            <div class=\"flex items-center space-x-3\">\n                                <div class=\"text-lg font-bold\">\n                                    Tinder \u279d\n                                <\/div>\n                            <\/div>\n                        <\/div>\n                    <\/div>\n                <\/a>\n                            <p class=\"text-xs text-gray-500 text-right\"\n            style=\"margin-left: 50%; margin-bottom: 50px; margin-top: 5px;\">\n            <!-- You will be redirected to another website -->\n        <\/p>\n    <\/section>\n\n\n\n\n<p class=\"has-text-align-right\"><strong><em>\u00c1tir\u00e1ny\u00edtunk egy m\u00e1sik webhelyre<\/em><\/strong><\/p>\n\n\n\n<hr class=\"wp-block-separator has-alpha-channel-opacity is-style-wide\" \/>\n\n\n\n<p><\/p>\n\n\n\n<h2 class=\"wp-block-heading\">Mi teszi ezeket az alkalmaz\u00e1sokat m\u00e1ss\u00e1?<\/h2>\n\n\n\n<h3 class=\"wp-block-heading\">Technol\u00f3gia a sz\u00edv szolg\u00e1lat\u00e1ban<\/h3>\n\n\n\n<p>Ezek az alkalmaz\u00e1sok nemcsak embereket k\u00f6tnek \u00f6ssze, hanem seg\u00edtenek \u00e9rtelmes kapcsolatokat tal\u00e1lni is. Technol\u00f3gi\u00e1ja a k\u00f6vetkez\u0151k\u00f6n alapul:<\/p>\n\n\n\n<ul>\n<li>Kompatibilit\u00e1si algoritmusok<\/li>\n\n\n\n<li>Mesters\u00e9ges intelligencia, amely a preferenci\u00e1iddal egy\u00fctt fejl\u0151dik<\/li>\n\n\n\n<li>Fokozott biztons\u00e1g az \u00d6n adatainak v\u00e9delme \u00e9rdek\u00e9ben<\/li>\n<\/ul>\n\n\n\n<h3 class=\"wp-block-heading\">Figyelem az id\u0151s vagy tapasztalatlan felhaszn\u00e1l\u00f3kra<\/h3>\n\n\n\n<ul>\n<li>Nagy sz\u00f6veg \u00e9s l\u00e1that\u00f3 gombok<\/li>\n\n\n\n<li>Seg\u00edts\u00e9g minden l\u00e9p\u00e9sn\u00e9l<\/li>\n\n\n\n<li>Audit\u00edv \u00e9s vizu\u00e1lis akad\u00e1lymentes\u00edt\u00e9s<\/li>\n\n\n\n<li>Lehet\u0151s\u00e9g az emberi t\u00e1mogat\u00e1ssal val\u00f3 kapcsolatfelv\u00e9telre<\/li>\n<\/ul>\n\n\n\n<h2 class=\"wp-block-heading\">Val\u00f3di felhaszn\u00e1l\u00f3k v\u00e9lem\u00e9nyei<\/h2>\n\n\n\n<blockquote class=\"wp-block-quote\">\n<p>\u201eSoha nem gondoltam volna, hogy 63 \u00e9vesen \u00fajra szerelmes leszek. Az OkCupidon ismerkedtem meg An\u00e1val, \u00e9s az els\u0151 \u00fczenett\u0151l kezdve tudtam, hogy sok k\u00f6z\u00f6s von\u00e1sunk van. K\u00f6nyvekr\u0151l, csal\u00e1dr\u00f3l, hitr\u0151l besz\u00e9lgett\u00fcnk... \u00e9s most egy k\u00f6z\u00f6s utaz\u00e1st tervez\u00fcnk.\u201d \u2014 Jorge, Monterrey<\/p>\n<\/blockquote>\n\n\n\n<blockquote class=\"wp-block-quote\">\n<p>\u201eA Happn haszn\u00e1lata olyan volt, mint a var\u00e1zslat. L\u00e1ttam valakit egy k\u00e1v\u00e9z\u00f3ban, de nem mertem megsz\u00f3lalni. \u00d3r\u00e1kkal k\u00e9s\u0151bb megjelent az alkalmaz\u00e1sban, \u00e9s \u00f6sszeszedtem a b\u00e1tors\u00e1gomat, hogy \u00fczenetet \u00edrjak neki. Ma egy\u00fctt vagyunk.\u201d \u2014 Rebeca, Puebla<\/p>\n<\/blockquote>\n\n\n\n<blockquote class=\"wp-block-quote\">\n<p>\u201eA Tinder seg\u00edtett megszabadulni a mag\u00e1nyt\u00f3l az \u00f6zvegys\u00e9g \u00e9vei ut\u00e1n. Eleinte nem volt k\u00f6nny\u0171, de j\u00f3 bar\u00e1tokra leltem, \u00e9s ez is aranyat \u00e9r.\u201d \u2014 Elena, Guadalajara<\/p>\n<\/blockquote>\n\n\n<div class=\"wp-block-image\">\n<figure class=\"aligncenter size-full\"><img loading=\"lazy\" decoding=\"async\" width=\"550\" height=\"350\" src=\"https:\/\/universofamilia.com\/wp-content\/uploads\/sites\/148\/2025\/05\/DESTAQUE-UNIVERSO-550-x-350-11.jpg\" alt=\"\" class=\"wp-image-9475\" srcset=\"https:\/\/universofamilia.com\/wp-content\/uploads\/sites\/148\/2025\/05\/DESTAQUE-UNIVERSO-550-x-350-11.jpg 550w, https:\/\/universofamilia.com\/wp-content\/uploads\/sites\/148\/2025\/05\/DESTAQUE-UNIVERSO-550-x-350-11-300x191.jpg 300w, https:\/\/universofamilia.com\/wp-content\/uploads\/sites\/148\/2025\/05\/DESTAQUE-UNIVERSO-550-x-350-11-18x12.jpg 18w\" sizes=\"(max-width: 550px) 100vw, 550px\" \/><figcaption class=\"wp-element-caption\">Szia sz\u00e9ps\u00e9gem! Vid\u00e1m t\u00e1rsat keresek<\/figcaption><\/figure><\/div>\n\n\n<h2 class=\"wp-block-heading\">Hogyan lehet a legt\u00f6bbet kihozni ezekb\u0151l az alkalmaz\u00e1sokb\u00f3l?<\/h2>\n\n\n\n<h3 class=\"wp-block-heading\">Hozz l\u00e9tre egy hiteles profilt<\/h3>\n\n\n\n<p>Ne pr\u00f3b\u00e1lj meg leny\u0171g\u00f6zni. L\u00e9gy \u00f6nmagad, \u0151szint\u00e9n. Ez olyan embereket fog vonzani, akik igaz\u00e1n \u00e9rt\u00e9kelik \u00d6nt.<\/p>\n\n\n\n<h3 class=\"wp-block-heading\">Besz\u00e9lj tiszteletteljesen<\/h3>\n\n\n\n<ul>\n<li>Haszn\u00e1lj kedves nyelvet<\/li>\n\n\n\n<li>Figyelj, miel\u0151tt besz\u00e9lsz<\/li>\n\n\n\n<li>Ne f\u00e9lj kimondani, amit gondolsz<\/li>\n<\/ul>\n\n\n\n<h3 class=\"wp-block-heading\">Sz\u00e1nj id\u0151t a kapcsolatokra<\/h3>\n\n\n\n<p>N\u00e9ha napokba, vagy ak\u00e1r hetekre is sz\u00fcks\u00e9g lehet, mire megtal\u00e1ljuk a megfelel\u0151 embert. Ne ess k\u00e9ts\u00e9gbe, \u00e9s ne hasonl\u00edtgasd magad m\u00e1sokhoz. Minden \u00fat egyedi.<\/p>\n\n\n\n<h3 class=\"wp-block-heading\">Maradj akt\u00edv<\/h3>\n\n\n\n<ul>\n<li>Friss\u00edtsd id\u0151r\u0151l id\u0151re a profilodat<\/li>\n\n\n\n<li>Pr\u00f3b\u00e1lj ki k\u00fcl\u00f6nb\u00f6z\u0151 alkalmaz\u00e1sokat, ha valamelyik nem m\u0171k\u00f6dik.<\/li>\n\n\n\n<li>Nyitotts\u00e1ggal \u00e9s k\u00edv\u00e1ncsis\u00e1ggal vegyen r\u00e9szt<\/li>\n<\/ul>\n\n\n\n<h2 class=\"wp-block-heading\">Mit tegy\u00e9l az els\u0151 randin?<\/h2>\n\n\n\n<ul>\n<li>V\u00e1lasszon egy nyilv\u00e1nos helyet<\/li>\n\n\n\n<li>L\u00e9gy pontos \u00e9s udvarias<\/li>\n\n\n\n<li>Tartsa a besz\u00e9lget\u00e9st k\u00f6nnyedd\u00e9<\/li>\n\n\n\n<li>Ne er\u0151ltesd az el\u0151rel\u00e9p\u00e9st, ha nincs k\u00e9mia k\u00f6ztetek.<\/li>\n\n\n\n<li>Mindig k\u00f6sz\u00f6nj meg, m\u00e9g akkor is, ha nincs m\u00e1sodik randi.<\/li>\n<\/ul>\n\n\n\n<h2 class=\"wp-block-heading\">Z\u00e1r\u00f3 gondolatok<\/h2>\n\n\n\n<p><strong>Tal\u00e1lkozz hasonl\u00f3 \u00e9rdekl\u0151d\u00e9s\u0171 \u00e9s c\u00e9l\u00fa emberekkel<\/strong> Ez egy val\u00f3s \u00e9s mindenki sz\u00e1m\u00e1ra el\u00e9rhet\u0151 lehet\u0151s\u00e9g. Nem sz\u00e1m\u00edt a korod, a digit\u00e1lis tapasztalataid szintje vagy a m\u00faltbeli f\u00e9lelmeid. A l\u00e9nyeg az, hogy \u00faj kapcsolatokra tegy\u00fck a kapukat.<\/p>\n\n\n\n<p>Ezeket az alkalmaz\u00e1sokat a te \u00e9rdekedben hoztuk l\u00e9tre: a megoszt\u00e1s ir\u00e1nti v\u00e1gyadat, a v\u00e1gyadat, hogy tal\u00e1lj valakit, aki meg\u00e9rt t\u00e9ged, \u00e9s a jogodat, hogy szabadon \u00e9s \u00f6r\u00f6mmel szeress.<\/p>\n\n\n\n<p>Ak\u00e1r \u0151szinte bar\u00e1ts\u00e1gra, tart\u00f3s kapcsolatra, vagy csak valakire v\u00e1gysz, aki meghallgat \u00e9s megnevettet, ma elkezdheted.<\/p>\n\n\n\n<h2 class=\"wp-block-heading\">Kezdje el m\u00e9g ma, \u00e9s v\u00e1ltoztassa meg az \u00e9let\u00e9t<\/h2>\n\n\n\n<ul>\n<li>T\u00f6lts le egyet az aj\u00e1nlott alkalmaz\u00e1sok k\u00f6z\u00fcl<\/li>\n\n\n\n<li>Hozd l\u00e9tre \u0151szint\u00e9n a profilodat<\/li>\n\n\n\n<li>Fedezz fel, csevegj, kapcsol\u00f3dj<\/li>\n<\/ul>\n\n\n\n<p>A k\u00f6vetkez\u0151 nagy sztorid csak egy \u00fczenetnyire lehet.<\/p>","protected":false},"excerpt":{"rendered":"<p>Szeretn\u00e9l tal\u00e1lni valakit, aki igaz\u00e1n meg\u00e9rt t\u00e9ged? V\u00e1lasszon egyet a lehet\u0151s\u00e9gek k\u00f6z\u00fcl! Szeretn\u00e9l tal\u00e1lni valakit, aki igaz\u00e1n meg\u00e9rt t\u00e9ged? Hasonl\u00f3 \u00e9rdekl\u0151d\u00e9s\u0171 \u00e9s c\u00e9l\u00fa emberekkel tal\u00e1lkozni m\u00e1r nem t\u00e1voli \u00e1lom vagy ritka v\u00e9letlen. A modern korban a technol\u00f3gia olyan kapukat nyit meg el\u0151tt\u00fcnk, amelyekr\u0151l kor\u00e1bban \u00e1lmodni sem mert\u00fcnk. Ma m\u00e1r lehet [\u2026]<\/p>","protected":false},"author":139,"featured_media":9475,"comment_status":"closed","ping_status":"open","sticky":false,"template":"","format":"standard","meta":{"footnotes":""},"categories":[5],"tags":[2123,565,639,667,1804],"yoast_head":"<!-- This site is optimized with the Yoast SEO plugin v23.3 - https:\/\/yoast.com\/wordpress\/plugins\/seo\/ -->\n<title>\u00a1Hola lindo! Busco un compa\u00f1ero divertido - Universo Fam\u00edlia<\/title>\n<meta name=\"description\" content=\"\u00a1Hola lindo! Busco un compa\u00f1ero divertido. Conocer personas con intereses y objetivos similares ya no es un sue\u00f1o distante ni una...\" \/>\n<meta name=\"robots\" content=\"index, follow, max-snippet:-1, max-image-preview:large, max-video-preview:-1\" \/>\n<link rel=\"canonical\" href=\"https:\/\/universofamilia.com\/hu\/busco-un-companero-divertido\/\" \/>\n<meta property=\"og:locale\" content=\"hu_HU\" \/>\n<meta property=\"og:type\" content=\"article\" \/>\n<meta property=\"og:title\" content=\"\u00a1Hola lindo! Busco un compa\u00f1ero divertido - Universo Fam\u00edlia\" \/>\n<meta property=\"og:description\" content=\"\u00a1Hola lindo! Busco un compa\u00f1ero divertido. Conocer personas con intereses y objetivos similares ya no es un sue\u00f1o distante ni una...\" \/>\n<meta property=\"og:url\" content=\"https:\/\/universofamilia.com\/hu\/busco-un-companero-divertido\/\" \/>\n<meta property=\"og:site_name\" content=\"Universo Fam\u00edlia\" \/>\n<meta property=\"article:published_time\" content=\"2025-05-22T00:26:40+00:00\" \/>\n<meta property=\"article:modified_time\" content=\"2025-05-22T00:26:41+00:00\" \/>\n<meta property=\"og:image\" content=\"https:\/\/universofamilia.com\/wp-content\/uploads\/sites\/148\/2025\/05\/DESTAQUE-UNIVERSO-550-x-350-11.jpg\" \/>\n\t<meta property=\"og:image:width\" content=\"550\" \/>\n\t<meta property=\"og:image:height\" content=\"350\" \/>\n\t<meta property=\"og:image:type\" content=\"image\/jpeg\" \/>\n<meta name=\"author\" content=\"Pedro Henrique\" \/>\n<meta name=\"twitter:card\" content=\"summary_large_image\" \/>\n<meta name=\"twitter:label1\" content=\"Written by\" \/>\n\t<meta name=\"twitter:data1\" content=\"Pedro Henrique\" \/>\n\t<meta name=\"twitter:label2\" content=\"Est. reading time\" \/>\n\t<meta name=\"twitter:data2\" content=\"7 perc\" \/>\n<script type=\"application\/ld+json\" class=\"yoast-schema-graph\">{\"@context\":\"https:\/\/schema.org\",\"@graph\":[{\"@type\":\"WebPage\",\"@id\":\"https:\/\/universofamilia.com\/busco-un-companero-divertido\/\",\"url\":\"https:\/\/universofamilia.com\/busco-un-companero-divertido\/\",\"name\":\"\u00a1Hola lindo! Busco un compa\u00f1ero divertido - Universo Fam\u00edlia\",\"isPartOf\":{\"@id\":\"https:\/\/universofamilia.com\/el\/#website\"},\"primaryImageOfPage\":{\"@id\":\"https:\/\/universofamilia.com\/busco-un-companero-divertido\/#primaryimage\"},\"image\":{\"@id\":\"https:\/\/universofamilia.com\/busco-un-companero-divertido\/#primaryimage\"},\"thumbnailUrl\":\"https:\/\/universofamilia.com\/wp-content\/uploads\/sites\/148\/2025\/05\/DESTAQUE-UNIVERSO-550-x-350-11.jpg\",\"datePublished\":\"2025-05-22T00:26:40+00:00\",\"dateModified\":\"2025-05-22T00:26:41+00:00\",\"author\":{\"@id\":\"https:\/\/universofamilia.com\/el\/#\/schema\/person\/f07ce98187dd84d31154262e79b3b7ca\"},\"description\":\"\u00a1Hola lindo! Busco un compa\u00f1ero divertido. Conocer personas con intereses y objetivos similares ya no es un sue\u00f1o distante ni una...\",\"breadcrumb\":{\"@id\":\"https:\/\/universofamilia.com\/busco-un-companero-divertido\/#breadcrumb\"},\"inLanguage\":\"hu\",\"potentialAction\":[{\"@type\":\"ReadAction\",\"target\":[\"https:\/\/universofamilia.com\/busco-un-companero-divertido\/\"]}]},{\"@type\":\"ImageObject\",\"inLanguage\":\"hu\",\"@id\":\"https:\/\/universofamilia.com\/busco-un-companero-divertido\/#primaryimage\",\"url\":\"https:\/\/universofamilia.com\/wp-content\/uploads\/sites\/148\/2025\/05\/DESTAQUE-UNIVERSO-550-x-350-11.jpg\",\"contentUrl\":\"https:\/\/universofamilia.com\/wp-content\/uploads\/sites\/148\/2025\/05\/DESTAQUE-UNIVERSO-550-x-350-11.jpg\",\"width\":550,\"height\":350,\"caption\":\"\u00a1Hola lindo! Busco un compa\u00f1ero divertido\"},{\"@type\":\"BreadcrumbList\",\"@id\":\"https:\/\/universofamilia.com\/busco-un-companero-divertido\/#breadcrumb\",\"itemListElement\":[{\"@type\":\"ListItem\",\"position\":1,\"name\":\"Home\",\"item\":\"https:\/\/universofamilia.com\/el\/\"},{\"@type\":\"ListItem\",\"position\":2,\"name\":\"\u00a1Hola lindo! Busco un compa\u00f1ero divertido\"}]},{\"@type\":\"WebSite\",\"@id\":\"https:\/\/universofamilia.com\/el\/#website\",\"url\":\"https:\/\/universofamilia.com\/el\/\",\"name\":\"Universo Fam\u00edlia\",\"description\":\"\",\"potentialAction\":[{\"@type\":\"SearchAction\",\"target\":{\"@type\":\"EntryPoint\",\"urlTemplate\":\"https:\/\/universofamilia.com\/el\/?s={search_term_string}\"},\"query-input\":\"required name=search_term_string\"}],\"inLanguage\":\"hu\"},{\"@type\":\"Person\",\"@id\":\"https:\/\/universofamilia.com\/el\/#\/schema\/person\/f07ce98187dd84d31154262e79b3b7ca\",\"name\":\"Pedro Henrique\",\"image\":{\"@type\":\"ImageObject\",\"inLanguage\":\"hu\",\"@id\":\"https:\/\/universofamilia.com\/el\/#\/schema\/person\/image\/\",\"url\":\"https:\/\/secure.gravatar.com\/avatar\/9edfeb808cb4e1599f64d6e45b130154?s=96&d=mm&r=g\",\"contentUrl\":\"https:\/\/secure.gravatar.com\/avatar\/9edfeb808cb4e1599f64d6e45b130154?s=96&d=mm&r=g\",\"caption\":\"Pedro Henrique\"},\"url\":\"https:\/\/universofamilia.com\/hu\/author\/editor01\/\"}]}<\/script>\n<!-- \/ Yoast SEO plugin. -->","yoast_head_json":{"title":"\u00a1Hola lindo! Busco un compa\u00f1ero divertido - Universo Fam\u00edlia","description":"\u00a1Hola lindo! Busco un compa\u00f1ero divertido. Conocer personas con intereses y objetivos similares ya no es un sue\u00f1o distante ni una...","robots":{"index":"index","follow":"follow","max-snippet":"max-snippet:-1","max-image-preview":"max-image-preview:large","max-video-preview":"max-video-preview:-1"},"canonical":"https:\/\/universofamilia.com\/hu\/busco-un-companero-divertido\/","og_locale":"hu_HU","og_type":"article","og_title":"\u00a1Hola lindo! Busco un compa\u00f1ero divertido - Universo Fam\u00edlia","og_description":"\u00a1Hola lindo! Busco un compa\u00f1ero divertido. Conocer personas con intereses y objetivos similares ya no es un sue\u00f1o distante ni una...","og_url":"https:\/\/universofamilia.com\/hu\/busco-un-companero-divertido\/","og_site_name":"Universo Fam\u00edlia","article_published_time":"2025-05-22T00:26:40+00:00","article_modified_time":"2025-05-22T00:26:41+00:00","og_image":[{"width":550,"height":350,"url":"https:\/\/universofamilia.com\/wp-content\/uploads\/sites\/148\/2025\/05\/DESTAQUE-UNIVERSO-550-x-350-11.jpg","type":"image\/jpeg"}],"author":"Pedro Henrique","twitter_card":"summary_large_image","twitter_misc":{"Written by":"Pedro Henrique","Est. reading time":"7 perc"},"schema":{"@context":"https:\/\/schema.org","@graph":[{"@type":"WebPage","@id":"https:\/\/universofamilia.com\/busco-un-companero-divertido\/","url":"https:\/\/universofamilia.com\/busco-un-companero-divertido\/","name":"\u00a1Hola lindo! Busco un compa\u00f1ero divertido - Universo Fam\u00edlia","isPartOf":{"@id":"https:\/\/universofamilia.com\/el\/#website"},"primaryImageOfPage":{"@id":"https:\/\/universofamilia.com\/busco-un-companero-divertido\/#primaryimage"},"image":{"@id":"https:\/\/universofamilia.com\/busco-un-companero-divertido\/#primaryimage"},"thumbnailUrl":"https:\/\/universofamilia.com\/wp-content\/uploads\/sites\/148\/2025\/05\/DESTAQUE-UNIVERSO-550-x-350-11.jpg","datePublished":"2025-05-22T00:26:40+00:00","dateModified":"2025-05-22T00:26:41+00:00","author":{"@id":"https:\/\/universofamilia.com\/el\/#\/schema\/person\/f07ce98187dd84d31154262e79b3b7ca"},"description":"\u00a1Hola lindo! Busco un compa\u00f1ero divertido. Conocer personas con intereses y objetivos similares ya no es un sue\u00f1o distante ni una...","breadcrumb":{"@id":"https:\/\/universofamilia.com\/busco-un-companero-divertido\/#breadcrumb"},"inLanguage":"hu","potentialAction":[{"@type":"ReadAction","target":["https:\/\/universofamilia.com\/busco-un-companero-divertido\/"]}]},{"@type":"ImageObject","inLanguage":"hu","@id":"https:\/\/universofamilia.com\/busco-un-companero-divertido\/#primaryimage","url":"https:\/\/universofamilia.com\/wp-content\/uploads\/sites\/148\/2025\/05\/DESTAQUE-UNIVERSO-550-x-350-11.jpg","contentUrl":"https:\/\/universofamilia.com\/wp-content\/uploads\/sites\/148\/2025\/05\/DESTAQUE-UNIVERSO-550-x-350-11.jpg","width":550,"height":350,"caption":"\u00a1Hola lindo! Busco un compa\u00f1ero divertido"},{"@type":"BreadcrumbList","@id":"https:\/\/universofamilia.com\/busco-un-companero-divertido\/#breadcrumb","itemListElement":[{"@type":"ListItem","position":1,"name":"Home","item":"https:\/\/universofamilia.com\/el\/"},{"@type":"ListItem","position":2,"name":"\u00a1Hola lindo! Busco un compa\u00f1ero divertido"}]},{"@type":"WebSite","@id":"https:\/\/universofamilia.com\/el\/#website","url":"https:\/\/universofamilia.com\/el\/","name":"Universo Fam\u00edlia","description":"","potentialAction":[{"@type":"SearchAction","target":{"@type":"EntryPoint","urlTemplate":"https:\/\/universofamilia.com\/el\/?s={search_term_string}"},"query-input":"required name=search_term_string"}],"inLanguage":"hu"},{"@type":"Person","@id":"https:\/\/universofamilia.com\/el\/#\/schema\/person\/f07ce98187dd84d31154262e79b3b7ca","name":"Pedro Henrique","image":{"@type":"ImageObject","inLanguage":"hu","@id":"https:\/\/universofamilia.com\/el\/#\/schema\/person\/image\/","url":"https:\/\/secure.gravatar.com\/avatar\/9edfeb808cb4e1599f64d6e45b130154?s=96&d=mm&r=g","contentUrl":"https:\/\/secure.gravatar.com\/avatar\/9edfeb808cb4e1599f64d6e45b130154?s=96&d=mm&r=g","caption":"Pedro Henrique"},"url":"https:\/\/universofamilia.com\/hu\/author\/editor01\/"}]}},"_links":{"self":[{"href":"https:\/\/universofamilia.com\/hu\/wp-json\/wp\/v2\/posts\/9473"}],"collection":[{"href":"https:\/\/universofamilia.com\/hu\/wp-json\/wp\/v2\/posts"}],"about":[{"href":"https:\/\/universofamilia.com\/hu\/wp-json\/wp\/v2\/types\/post"}],"author":[{"embeddable":true,"href":"https:\/\/universofamilia.com\/hu\/wp-json\/wp\/v2\/users\/139"}],"replies":[{"embeddable":true,"href":"https:\/\/universofamilia.com\/hu\/wp-json\/wp\/v2\/comments?post=9473"}],"version-history":[{"count":2,"href":"https:\/\/universofamilia.com\/hu\/wp-json\/wp\/v2\/posts\/9473\/revisions"}],"predecessor-version":[{"id":9478,"href":"https:\/\/universofamilia.com\/hu\/wp-json\/wp\/v2\/posts\/9473\/revisions\/9478"}],"wp:featuredmedia":[{"embeddable":true,"href":"https:\/\/universofamilia.com\/hu\/wp-json\/wp\/v2\/media\/9475"}],"wp:attachment":[{"href":"https:\/\/universofamilia.com\/hu\/wp-json\/wp\/v2\/media?parent=9473"}],"wp:term":[{"taxonomy":"category","embeddable":true,"href":"https:\/\/universofamilia.com\/hu\/wp-json\/wp\/v2\/categories?post=9473"},{"taxonomy":"post_tag","embeddable":true,"href":"https:\/\/universofamilia.com\/hu\/wp-json\/wp\/v2\/tags?post=9473"}],"curies":[{"name":"wp","href":"https:\/\/api.w.org\/{rel}","templated":true}]}}