{"id":9486,"date":"2025-06-02T18:14:26","date_gmt":"2025-06-02T18:14:26","guid":{"rendered":"https:\/\/universofamilia.com\/?p=9486"},"modified":"2025-08-02T16:31:17","modified_gmt":"2025-08-02T19:31:17","slug":"busco-un-companero-especial-en-los-apps-de-citas-4","status":"publish","type":"post","link":"https:\/\/universofamilia.com\/hu\/busco-un-companero-especial-en-los-apps-de-citas-4\/","title":{"rendered":"K\u00fcl\u00f6nleges partnert keresek t\u00e1rskeres\u0151 alkalmaz\u00e1sokon."},"content":{"rendered":"<h4 class=\"wp-block-heading has-text-align-center\">T\u00f6bbet keresel, mint egy <strong>k\u00f6tetlen besz\u00e9lget\u00e9s<\/strong>?<\/h4>\n\n\n\n<p><\/p>\n\n\n\n<h5 class=\"wp-block-heading has-text-align-center\"><strong><mark class=\"has-inline-color has-vivid-cyan-blue-color\">V\u00e1lasszon egyet a lehet\u0151s\u00e9gek k\u00f6z\u00fcl!<\/mark><\/strong><\/h5>\n\n\n    <section class=\"mx-1 my-10\">\n                                                <a href=\"https:\/\/universofamilia.com\/hu\/aplicaciones-de-citas-2\/?utm_term=2-es\" class=\"text-white\" data-analytics-label=\"optionsButton\"\n                    data-action=\"analytics#trackCTA\">\n                    <div data-options-target=\"option\"\n                        class=\"custom-section rounded-xl border p-3 shadow-md w-full bg-green-700 my-3\">\n                        <div class=\"flex w-full items-center justify-between\">\n                            <div class=\"flex items-center space-x-3\">\n                                <div class=\"text-lg font-bold\">\n                                    Ismerd meg a Legszebbet!  \u279d\n                                <\/div>\n                            <\/div>\n                        <\/div>\n                    <\/div>\n                <\/a>\n                                                            <a href=\"https:\/\/universofamilia.com\/hu\/descubriendo-nuevas-amistades\/?utm_term=2-es\" class=\"text-white\" data-analytics-label=\"optionsButton\"\n                    data-action=\"analytics#trackCTA\">\n                    <div data-options-target=\"option\"\n                        class=\"custom-section rounded-xl border p-3 shadow-md w-full bg-green-700 my-3\">\n                        <div class=\"flex w-full items-center justify-between\">\n                            <div class=\"flex items-center space-x-3\">\n                                <div class=\"text-lg font-bold\">\n                                    Ismerkedj meg a norm\u00e1lis n\u0151kkel!  \u279d\n                                <\/div>\n                            <\/div>\n                        <\/div>\n                    <\/div>\n                <\/a>\n                                                            <a href=\"https:\/\/universofamilia.com\/hu\/el-amor-a-un-clic\/?utm_term=2-es\" class=\"text-white\" data-analytics-label=\"optionsButton\"\n                    data-action=\"analytics#trackCTA\">\n                    <div data-options-target=\"option\"\n                        class=\"custom-section rounded-xl border p-3 shadow-md w-full bg-green-700 my-3\">\n                        <div class=\"flex w-full items-center justify-between\">\n                            <div class=\"flex items-center space-x-3\">\n                                <div class=\"text-lg font-bold\">\n                                    Szia, besz\u00e9lj most!  \u279d\n                                <\/div>\n                            <\/div>\n                        <\/div>\n                    <\/div>\n                <\/a>\n                            <p class=\"text-xs text-gray-500 text-right hidden\"\n            style=\"margin-left: 50%; margin-bottom: 50px; margin-top: 5px;\">\n            <!-- You will be redirected to another website -->\n        <\/p>\n    <\/section>\n\n\n\n\n<p class=\"has-text-align-right\"><strong><em>Ugyanott fog maradni!<\/em><\/strong><\/p>\n\n\n\n<hr class=\"wp-block-separator has-alpha-channel-opacity is-style-wide\" \/>\n\n\n\n<p><\/p>\n\n\n\n<h3 class=\"wp-block-heading has-text-align-center\">Igazi kapcsolatra v\u00e1gysz, de nem tudod, hol kezdj?<\/h3>\n\n\n\n<h4 class=\"wp-block-heading has-text-align-center\">Ma megmutatom neked <a href=\"https:\/\/universofamilia.com\/hu\/aplicaciones-de-citas-2\/\">hogyan tal\u00e1ljuk meg azt a k\u00fcl\u00f6nleges partnert<\/a> a mobiltelefonodr\u00f3l, komplik\u00e1ci\u00f3k n\u00e9lk\u00fcl<\/h4>\n\n\n\n<p><strong>K\u00fcl\u00f6nleges partnert keresek t\u00e1rskeres\u0151 alkalmaz\u00e1sokon.<\/strong>Ez a kifejez\u00e9s s\u00f3hajnak, rem\u00e9nynek, vagy ak\u00e1r vallom\u00e1snak is t\u0171nhet.<\/p>\n\n\n\n<p>Az igazs\u00e1g az, hogy sokan, kort\u00f3l f\u00fcggetlen\u00fcl, keresnek valakit, akivel megoszthatj\u00e1k a pillanatokat, \u0151szint\u00e9n besz\u00e9lgethetnek, \u00e9s mi\u00e9rt ne, ak\u00e1r \u00faj \u00e9letet is \u00e9lhetnek.<\/p>\n\n\n\n<p>\u00c9s nem kell hozz\u00e1 tech-szak\u00e9rt\u0151nek lenned. Val\u00f3j\u00e1ban ezt a cikket kifejezetten r\u00e1d gondolva \u00edrt\u00e1k: val\u00f3di emberekre, minden koroszt\u00e1lyb\u00f3l, akik f\u00e9lelem \u00e9s zavarodotts\u00e1g n\u00e9lk\u00fcl szeretn\u00e9k megtenni az els\u0151 l\u00e9p\u00e9st.<\/p>\n\n\n\n<p>Ebben a cikkben megtudhatod, hogyan m\u0171k\u00f6dnek a t\u00e1rskeres\u0151 alkalmaz\u00e1sok, melyek a legegyszer\u0171bbek \u00e9s legbiztons\u00e1gosabbak, hogyan hozhatod l\u00e9tre a profilodat, \u00e9s mit kell tenned a sikeres besz\u00e9lget\u00e9sek \u00e9rdek\u00e9ben.<\/p>\n\n\n\n<p>R\u00e1ad\u00e1sul megmutatjuk azoknak a val\u00f3s t\u00f6rt\u00e9neteit, akik ezeknek a digit\u00e1lis eszk\u00f6z\u00f6knek k\u00f6sz\u00f6nhet\u0151en tal\u00e1lt\u00e1k meg az igaz szerelmet.<\/p>\n\n\n\n<p>Mindez egyszer\u0171 szavakkal, technikai bonyodalmak n\u00e9lk\u00fcl, mindennapi p\u00e9ld\u00e1kkal illusztr\u00e1lva.<\/p>\n\n\n\n<p><\/p>\n\n\n\n<hr class=\"wp-block-separator has-alpha-channel-opacity is-style-wide\" \/>\n\n\n\n<h4 class=\"wp-block-heading has-text-align-center\"><strong><mark class=\"has-inline-color has-luminous-vivid-orange-color\">Olvasd el ezt is<\/mark><\/strong><\/h4>\n\n\n    <section class=\"mx-1 my-10\">\n                                                <a href=\"https:\/\/universofamilia.com\/hu\/lp-filmes-asiaticos\/\" class=\"text-white\" data-analytics-label=\"optionsButton\"\n                    data-action=\"analytics#trackCTA\">\n                    <div data-options-target=\"option\"\n                        class=\"custom-section rounded-xl border p-3 shadow-md w-full bg-green-700 my-3\">\n                        <div class=\"flex w-full items-center justify-between\">\n                            <div class=\"flex items-center space-x-3\">\n                                <div class=\"text-lg font-bold\">\n                                    App koreai dr\u00e1m\u00e1k n\u00e9z\u00e9s\u00e9hez \u279d\n                                <\/div>\n                            <\/div>\n                        <\/div>\n                    <\/div>\n                <\/a>\n                                                            <a href=\"https:\/\/universofamilia.com\/hu\/lp-recuperar-fotos\/\" class=\"text-white\" data-analytics-label=\"optionsButton\"\n                    data-action=\"analytics#trackCTA\">\n                    <div data-options-target=\"option\"\n                        class=\"custom-section rounded-xl border p-3 shadow-md w-full bg-green-700 my-3\">\n                        <div class=\"flex w-full items-center justify-between\">\n                            <div class=\"flex items-center space-x-3\">\n                                <div class=\"text-lg font-bold\">\n                                    T\u00f6r\u00f6lt fot\u00f3k helyre\u00e1ll\u00edt\u00e1sa ezzel az alkalmaz\u00e1ssal!  \u279d\n                                <\/div>\n                            <\/div>\n                        <\/div>\n                    <\/div>\n                <\/a>\n                                                            <a href=\"https:\/\/universofamilia.com\/hu\/el-amor-a-un-clic\/\" class=\"text-white\" data-analytics-label=\"optionsButton\"\n                    data-action=\"analytics#trackCTA\">\n                    <div data-options-target=\"option\"\n                        class=\"custom-section rounded-xl border p-3 shadow-md w-full bg-green-700 my-3\">\n                        <div class=\"flex w-full items-center justify-between\">\n                            <div class=\"flex items-center space-x-3\">\n                                <div class=\"text-lg font-bold\">\n                                    Fedezd fel az ide\u00e1lis t\u00e1rskeres\u0151 alkalmaz\u00e1st \u279d\n                                <\/div>\n                            <\/div>\n                        <\/div>\n                    <\/div>\n                <\/a>\n                            <p class=\"text-xs text-gray-500 text-right hidden\"\n            style=\"margin-left: 50%; margin-bottom: 50px; margin-top: 5px;\">\n            <!-- You will be redirected to another website -->\n        <\/p>\n    <\/section>\n\n\n\n\n<p class=\"has-text-align-right\"><em><strong><em><strong><em><strong><em><strong><em><strong>Ugyanott fog maradni!<\/strong><\/em><\/strong><\/em><\/strong><\/em><\/strong><\/em><\/strong><\/em><\/p>\n\n\n\n<hr class=\"wp-block-separator has-alpha-channel-opacity is-style-wide\" \/>\n\n\n\n<p><\/p>\n\n\n\n<h2 class=\"wp-block-heading\"><strong>Mi\u00e9rt v\u00e1ltoztathatj\u00e1k meg az \u00e9leted a randialkalmaz\u00e1sok?<\/strong><\/h2>\n\n\n\n<h3 class=\"wp-block-heading\">Modern megold\u00e1s id\u0151tlen ig\u00e9nyekre<\/h3>\n\n\n\n<p>Az emberek mindig is kerest\u00e9k a t\u00e1rsas\u00e1got. R\u00e9gebben leveleket, t\u00e1rsast\u00e1ncot \u00e9s hossz\u00fa telefonh\u00edv\u00e1sokat kerestek.<\/p>\n\n\n\n<p>Ma a <strong>randialkalmaz\u00e1sok<\/strong> Lehet\u0151v\u00e9 teszik, hogy hasonl\u00f3 gondolkod\u00e1s\u00fa embereket tal\u00e1lj, b\u00e1rhol is legy\u00e9l. Csak a telefonodra \u00e9s egy kis k\u00edv\u00e1ncsis\u00e1gra van sz\u00fcks\u00e9ged.<\/p>\n\n\n\n<h3 class=\"wp-block-heading\">El\u0151ny\u00f6k, amelyek egyediv\u00e9 teszik \u0151ket<\/h3>\n\n\n\n<ul>\n<li>Teljes k\u00e9nyelem: an\u00e9lk\u00fcl, hogy elhagyn\u00e1 otthon\u00e1t, b\u00e1rkivel besz\u00e9lhet, akivel csak akar<\/li>\n\n\n\n<li>Nincs nyom\u00e1s: te d\u00f6nt\u00f6d el, kivel, mikor \u00e9s mennyi ideig besz\u00e9lsz<\/li>\n\n\n\n<li>Val\u00f3di lehet\u0151s\u00e9gek: emberek ezrei keresik ugyanazt, mint te<\/li>\n\n\n\n<li>Soksz\u00edn\u0171s\u00e9g: minden koroszt\u00e1ly, \u00e9rdekl\u0151d\u00e9si k\u00f6r \u00e9s st\u00edlus k\u00e9pvisel\u0151i megtal\u00e1lhat\u00f3k.<\/li>\n<\/ul>\n\n\n\n<p>Nem sz\u00e1m\u00edt, hogy 50, 60 vagy id\u0151sebb vagy. <strong>randialkalmaz\u00e1sok<\/strong> \u00dagy tervezt\u00e9k \u0151ket, hogy mindenki haszn\u00e1lhassa \u0151ket.<\/p>\n\n\n\n<p>A kor nem akad\u00e1ly, hanem egy tapasztalat, ami \u00e9rdekesebb\u00e9 tesz.<\/p>\n\n\n\n<h2 class=\"wp-block-heading\"><strong>Hogyan m\u0171k\u00f6dnek l\u00e9p\u00e9sr\u0151l l\u00e9p\u00e9sre a t\u00e1rskeres\u0151 alkalmaz\u00e1sok?<\/strong><\/h2>\n\n\n\n<h3 class=\"wp-block-heading\">1. T\u00f6ltsd le az alkalmaz\u00e1st a telefonod hivatalos \u00e1ruh\u00e1z\u00e1b\u00f3l<\/h3>\n\n\n\n<p>K\u00e9rhetsz seg\u00edts\u00e9get egy gyermekt\u0151l, unok\u00e1t\u00f3l vagy bar\u00e1tt\u00f3l. Csak menj az \u00e1ruh\u00e1zba, keresd meg az alkalmaz\u00e1s nev\u00e9t, koppints a \u201etelep\u00edt\u00e9s\u201d gombra, \u00e9s v\u00e1rj n\u00e9h\u00e1ny percet.<\/p>\n\n\n\n<h3 class=\"wp-block-heading\">2. Hozd l\u00e9tre egyszer\u0171en a profilodat<\/h3>\n\n\n\n<ul>\n<li>V\u00e1lassz egy j\u00f3 fot\u00f3t magadr\u00f3l (lehet egy olyan helyen, ahol szeretsz, mosolyogva)<\/li>\n\n\n\n<li>\u00cdrj valamit magadr\u00f3l: \u201eSzeretem a zen\u00e9t\u201d, \u201eNyugodt vagyok \u00e9s szeretek f\u0151zni\u201d.<\/li>\n\n\n\n<li>Mondd el, mit keresel: bar\u00e1ts\u00e1got, partnert, besz\u00e9lget\u0151partnert<\/li>\n<\/ul>\n\n\n\n<h3 class=\"wp-block-heading\">3. N\u00e9zz meg m\u00e1s profilokat, \u00e9s v\u00e1laszd ki azokat, amelyek \u00e9rdekelnek.<\/h3>\n\n\n\n<p>Megtekintheted a fot\u00f3kat, elolvashatod a le\u00edr\u00e1sokat, \u00e9s ha valaki tetszik, csak kattints a \u201etetszik\u201d vagy a \u201esz\u00edv\u201d gombra.<\/p>\n\n\n\n<h3 class=\"wp-block-heading\">4. Ha van egyez\u00e9s, kezdj el csevegni<\/h3>\n\n\n\n<p>Amikor k\u00e9t ember kedveli egym\u00e1st, az alkalmaz\u00e1s lehet\u0151v\u00e9 teszi sz\u00e1mukra a cseveg\u00e9st. \u00c9s ekkor kezd\u0151dik a var\u00e1zslat: egy egyszer\u0171 besz\u00e9lget\u00e9sb\u0151l valami eg\u00e9szen k\u00fcl\u00f6nleges v\u00e1lhat.<\/p>\n\n\n\n<h2 class=\"wp-block-heading\"><strong>A randialkalmaz\u00e1sok haszn\u00e1lat\u00e1nak el\u0151nyei b\u00e1rmely \u00e9letkorban<\/strong><\/h2>\n\n\n\n<h3 class=\"wp-block-heading\">Azoknak, akik szerint m\u00e1r t\u00fal k\u00e9s\u0151<\/h3>\n\n\n\n<p>Sokan azt gondolj\u00e1k, hogy a <strong>randialkalmaz\u00e1sok<\/strong> Csak fiataloknak val\u00f3k. Ez hazugs\u00e1g! Egyre t\u00f6bb id\u0151sebb ember haszn\u00e1lja \u0151ket kiv\u00e1l\u00f3 eredm\u00e9nnyel. Mi\u00e9rt?<\/p>\n\n\n\n<ul>\n<li>Mert tiszt\u00e1bban l\u00e1tj\u00e1k, mit akarnak<\/li>\n\n\n\n<li>Mert \u00e9lvezik a m\u00e9lyebb besz\u00e9lget\u00e9seket<\/li>\n\n\n\n<li>Mert \u00e9rt\u00e9kelik az \u0151szintes\u00e9get<\/li>\n<\/ul>\n\n\n\n<h3 class=\"wp-block-heading\">Azoknak, akiknek kev\u00e9s az idej\u00fck<\/h3>\n\n\n\n<p>Lehet, hogy dolgozol, a csal\u00e1dodr\u00f3l gondoskodsz, vagy csak nincs annyi kedved elmenni sz\u00f3rakozni. Ezek az alkalmaz\u00e1sok lehet\u0151v\u00e9 teszik, hogy emberekkel tal\u00e1lkozz an\u00e9lk\u00fcl, hogy megzavarn\u00e1d a megszokott rutinodat.<\/p>\n\n\n\n<h3 class=\"wp-block-heading\">Azoknak, akik \u00faj \u00e9lm\u00e9nyekre v\u00e1gynak<\/h3>\n\n\n\n<p>Az online tal\u00e1lkoz\u00e1s nem szokatlan. A mai vil\u00e1g r\u00e9sze. Bar\u00e1ts\u00e1gokat k\u00f6thetsz m\u00e1s \u00e1llamokban vagy ak\u00e1r orsz\u00e1gokban is. A szerelem nem ismer hat\u00e1rokat!<\/p>\n\n\n\n<h2 class=\"wp-block-heading\"><strong>Gyakori hib\u00e1k, amiket el kell ker\u00fclni (\u00e9s hogyan jav\u00edthat\u00f3k)<\/strong><\/h2>\n\n\n\n<h3 class=\"wp-block-heading\">1. Haszn\u00e1ljon egy r\u00e9gi vagy elmos\u00f3dott fot\u00f3t<\/h3>\n\n\n\n<p>V\u00e1lassz egy friss fot\u00f3t. Gy\u0151z\u0151dj meg r\u00f3la, hogy az arcod j\u00f3l l\u00e1that\u00f3. Ne haszn\u00e1lj s\u00f6t\u00e9t szem\u00fcveget vagy hom\u00e1lyos fot\u00f3kat.<\/p>\n\n\n\n<h3 class=\"wp-block-heading\">2. Ne \u00edrj semmit a profilodra<\/h3>\n\n\n\n<p>Haszn\u00e1ld ki ezt a teret. Mondd el az embereknek, mit szeretsz, milyen vagy, \u00e9s milyen emberekkel szeretn\u00e9l tal\u00e1lkozni.<\/p>\n\n\n\n<h3 class=\"wp-block-heading\">3. T\u00fal k\u00f6zvetlen vagy intenz\u00edv<\/h3>\n\n\n\n<p>El\u0151sz\u00f6r is l\u00e9gy kedves, k\u00edv\u00e1ncsi \u00e9s figyelj oda. Ne kezdj t\u00fals\u00e1gosan szem\u00e9lyes k\u00e9rd\u00e9sekkel.<\/p>\n\n\n\n<h3 class=\"wp-block-heading\">4. Abban a hitben, hogy mindenkinek v\u00e1laszolnia kell<\/h3>\n\n\n\n<p>Nem mindenki fog v\u00e1laszolni az \u00fczeneteidre. \u00c9s ez rendben is van. Ez a folyamat r\u00e9sze. A l\u00e9nyeg az, hogy folyamatosan pr\u00f3b\u00e1lkozz.<\/p>\n\n\n\n<h2 class=\"wp-block-heading\"><strong>3 megb\u00edzhat\u00f3, val\u00f3di \u00e9s aj\u00e1nlott t\u00e1rskeres\u0151 alkalmaz\u00e1s<\/strong><\/h2>\n\n\n\n<h3 class=\"wp-block-heading\">1. <strong><a href=\"https:\/\/badoo.com\/pt\/\">Badoo <\/a>\u2013 T\u00f6bb ezer profil, rengeteg lehet\u0151s\u00e9g<\/strong><\/h3>\n\n\n\n<p>Ide\u00e1lis azok sz\u00e1m\u00e1ra, akik \u0151szinte kapcsolatot keresnek. Megmutatja a k\u00f6zeledben l\u00e9v\u0151 embereket, \u00e9s lehet\u0151v\u00e9 teszi az \u00e9rdekl\u0151d\u00e9si k\u00f6r\u00f6k szerinti sz\u0171r\u00e9st.<\/p>\n\n\n\n<p>A fokozott biztons\u00e1g \u00e9rdek\u00e9ben ellen\u0151rizheted a fi\u00f3kodat. A Badoo-nak akt\u00edv k\u00f6z\u00f6ss\u00e9ge van, ahol minden koroszt\u00e1ly \u00e9s h\u00e1tter\u0171 ember \u00e9l.<\/p>\n\n\n\n<p>Felhaszn\u00e1l\u00f3bar\u00e1t a kezel\u0151fel\u00fclete, az eszk\u00f6zei pedig seg\u00edtenek gyorsan k\u00e9nyelmesen haszn\u00e1lni.<\/p>\n\n\n\n<p><\/p>\n\n\n\n<hr class=\"wp-block-separator has-alpha-channel-opacity is-style-wide\" \/>\n\n\n\n<h5 class=\"wp-block-heading has-text-align-left\"><strong><mark class=\"has-inline-color has-luminous-vivid-amber-color\"><strong><mark class=\"has-inline-color has-luminous-vivid-amber-color\"><a>\ud83d\udc49 <\/a><strong><mark class=\"has-inline-color has-luminous-vivid-amber-color\"><strong>T\u00f6ltsd le az alkalmaz\u00e1st:<\/strong><\/mark><\/strong><\/mark><\/strong><\/mark><\/strong><\/h5>\n\n\n    <section class=\"mx-1 my-10\">\n                                                <a href=\"https:\/\/badoo.com\/pt\/\" class=\"text-white\" data-analytics-label=\"optionsButton\"\n                    data-action=\"analytics#trackCTA\">\n                    <div data-options-target=\"option\"\n                        class=\"custom-section rounded-xl border p-3 shadow-md w-full bg-green-700 my-3\">\n                        <div class=\"flex w-full items-center justify-between\">\n                            <div class=\"flex items-center space-x-3\">\n                                <div class=\"text-lg font-bold\">\n                                    Badoo \u279d\n                                <\/div>\n                            <\/div>\n                        <\/div>\n                    <\/div>\n                <\/a>\n                            <p class=\"text-xs text-gray-500 text-right\"\n            style=\"margin-left: 50%; margin-bottom: 50px; margin-top: 5px;\">\n            <!-- You will be redirected to another website -->\n        <\/p>\n    <\/section>\n\n\n\n\n<p class=\"has-text-align-right\"><em><strong><em><strong><em><strong><em><strong><em><strong><em><strong><em><strong><em><strong><em><strong><em><strong>\u00c1t leszel ir\u00e1ny\u00edtva egy m\u00e1sik oldalra!<\/strong><\/em><\/strong><\/em><\/strong><\/em><\/strong><\/em><\/strong><\/em><\/strong><\/em><\/strong><\/em><\/strong><\/em><\/strong><\/em><\/strong><\/em><\/p>\n\n\n\n<hr class=\"wp-block-separator has-alpha-channel-opacity is-style-wide\" \/>\n\n\n\n<p><\/p>\n\n\n\n<h3 class=\"wp-block-heading\">2. <strong>Tinder \u2013 Gyors, n\u00e9pszer\u0171 \u00e9s k\u00f6nnyen haszn\u00e1lhat\u00f3<\/strong><\/h3>\n\n\n\n<p>Ez a vil\u00e1g legn\u00e9pszer\u0171bb t\u00e1rskeres\u0151 alkalmaz\u00e1sa. \u201eTetszik\u201d \u00e9s \u201eegyeztet\u00e9s\u201d alapon m\u0171k\u00f6dik.<\/p>\n\n\n\n<p>Ha mindketten kedvelitek egym\u00e1st, akkor besz\u00e9lgethettek. Lehet\u0151s\u00e9g van sz\u0171rni \u00e9letkor \u00e9s t\u00e1vols\u00e1g szerint.<\/p>\n\n\n\n<p>B\u00e1r sokan alkalmi kapcsolatokra haszn\u00e1lj\u00e1k, vannak itt sz\u00fcletett szerelmi t\u00f6rt\u00e9netek is.<\/p>\n\n\n\n<p><\/p>\n\n\n\n<hr class=\"wp-block-separator has-alpha-channel-opacity is-style-wide\" \/>\n\n\n\n<h5 class=\"wp-block-heading has-text-align-left\"><strong><mark class=\"has-inline-color has-luminous-vivid-amber-color\"><strong><mark class=\"has-inline-color has-luminous-vivid-amber-color\"><a>\ud83d\udc49 <\/a><strong><mark class=\"has-inline-color has-luminous-vivid-amber-color\"><strong>T\u00f6ltsd le az alkalmaz\u00e1st:<\/strong><\/mark><\/strong><\/mark><\/strong><\/mark><\/strong><\/h5>\n\n\n    <section class=\"mx-1 my-10\">\n                                                <a href=\"https:\/\/tinder.com\/pt\/download\" class=\"text-white\" data-analytics-label=\"optionsButton\"\n                    data-action=\"analytics#trackCTA\">\n                    <div data-options-target=\"option\"\n                        class=\"custom-section rounded-xl border p-3 shadow-md w-full bg-green-700 my-3\">\n                        <div class=\"flex w-full items-center justify-between\">\n                            <div class=\"flex items-center space-x-3\">\n                                <div class=\"text-lg font-bold\">\n                                    Tinder \u279d\n                                <\/div>\n                            <\/div>\n                        <\/div>\n                    <\/div>\n                <\/a>\n                            <p class=\"text-xs text-gray-500 text-right\"\n            style=\"margin-left: 50%; margin-bottom: 50px; margin-top: 5px;\">\n            <!-- You will be redirected to another website -->\n        <\/p>\n    <\/section>\n\n\n\n\n<p class=\"has-text-align-right\"><em><strong><em><strong><em><strong><em><strong><em><strong><em><strong><em><strong><em><strong><em><strong><em><strong>\u00c1t leszel ir\u00e1ny\u00edtva egy m\u00e1sik oldalra!<\/strong><\/em><\/strong><\/em><\/strong><\/em><\/strong><\/em><\/strong><\/em><\/strong><\/em><\/strong><\/em><\/strong><\/em><\/strong><\/em><\/strong><\/em><\/p>\n\n\n\n<hr class=\"wp-block-separator has-alpha-channel-opacity is-style-wide\" \/>\n\n\n\n<p><\/p>\n\n\n\n<h3 class=\"wp-block-heading\">3. <strong>Facebook Couples \u2013 Kapcsol\u00f3dj a k\u00f6z\u00f6ss\u00e9gi oldaladon kereszt\u00fcl<\/strong><\/h3>\n\n\n\n<p>Nem kell semmi \u00fajat telep\u00edtened, ha m\u00e1r haszn\u00e1lod a Facebookot. Csak aktiv\u00e1ld a \u201eP\u00e1rok\u201d funkci\u00f3t, \u00e9s hozd l\u00e9tre a priv\u00e1t profilodat.<\/p>\n\n\n\n<p>A legjobb az eg\u00e9szben: csak azok l\u00e1thatnak t\u00e9ged, akik haszn\u00e1lj\u00e1k ezt a lehet\u0151s\u00e9get. Olyan emberekkel tal\u00e1lkozhatsz, akikkel k\u00f6z\u00f6sek a bar\u00e1taid vagy az \u00e9rdekl\u0151d\u00e9si k\u00f6r\u00f6d.<\/p>\n\n\n\n<p>Nagyon praktikus azok sz\u00e1m\u00e1ra, akik m\u00e1r ismerik ezt a k\u00f6z\u00f6ss\u00e9gi h\u00e1l\u00f3zatot.<\/p>\n\n\n\n<p><\/p>\n\n\n\n<hr class=\"wp-block-separator has-alpha-channel-opacity is-style-wide\" \/>\n\n\n\n<h5 class=\"wp-block-heading has-text-align-left\"><strong><mark class=\"has-inline-color has-luminous-vivid-amber-color\"><strong><mark class=\"has-inline-color has-luminous-vivid-amber-color\"><a>\ud83d\udc49 <\/a><strong><mark class=\"has-inline-color has-luminous-vivid-amber-color\"><strong>T\u00f6ltsd le az alkalmaz\u00e1st:<\/strong><\/mark><\/strong><\/mark><\/strong><\/mark><\/strong><\/h5>\n\n\n    <section class=\"mx-1 my-10\">\n                                                <a href=\"https:\/\/www.facebook.com\/dating\/?locale=es_ES\" class=\"text-white\" data-analytics-label=\"optionsButton\"\n                    data-action=\"analytics#trackCTA\">\n                    <div data-options-target=\"option\"\n                        class=\"custom-section rounded-xl border p-3 shadow-md w-full bg-green-700 my-3\">\n                        <div class=\"flex w-full items-center justify-between\">\n                            <div class=\"flex items-center space-x-3\">\n                                <div class=\"text-lg font-bold\">\n                                    Facebook P\u00e1rok \u279d\n                                <\/div>\n                            <\/div>\n                        <\/div>\n                    <\/div>\n                <\/a>\n                            <p class=\"text-xs text-gray-500 text-right\"\n            style=\"margin-left: 50%; margin-bottom: 50px; margin-top: 5px;\">\n            <!-- You will be redirected to another website -->\n        <\/p>\n    <\/section>\n\n\n\n\n<p class=\"has-text-align-right\"><em><strong><em><strong><em><strong><em><strong><em><strong><em><strong><em><strong><em><strong><em><strong><em><strong>\u00c1t leszel ir\u00e1ny\u00edtva egy m\u00e1sik oldalra!<\/strong><\/em><\/strong><\/em><\/strong><\/em><\/strong><\/em><\/strong><\/em><\/strong><\/em><\/strong><\/em><\/strong><\/em><\/strong><\/em><\/strong><\/em><\/p>\n\n\n\n<hr class=\"wp-block-separator has-alpha-channel-opacity is-style-wide\" \/>\n\n\n\n<p><\/p>\n\n\n\n<h2 class=\"wp-block-heading\"><strong>Igazi szerelmi t\u00f6rt\u00e9netek, amelyek alkalmaz\u00e1sokon kezd\u0151dtek<\/strong><\/h2>\n\n\n\n<h3 class=\"wp-block-heading\">Teresa \u00e9s Ram\u00f3n esete<\/h3>\n\n\n\n<p>A 68 \u00e9ves Teresa azt hitte, hogy a szerelem m\u00e1r nem neki val\u00f3. De egy bar\u00e1tja r\u00e1besz\u00e9lte, hogy pr\u00f3b\u00e1ljon ki egy t\u00e1rskeres\u0151 alkalmaz\u00e1st.<\/p>\n\n\n\n<p>Ma m\u00e1r k\u00e9t \u00e9ve van egy\u00fctt Ram\u00f3nnal, egy kedves \u00f6zvegyemberrel, akivel a Badoo-n ismerkedett meg. \u201eSoha nem gondoltam volna, hogy \u00fajra \u00edgy fogok mosolyogni\u201d \u2013 mondja Teresa.<\/p>\n\n\n\n<h3 class=\"wp-block-heading\">Rub\u00e9n \u00e9s Laura tal\u00e1lkoz\u00f3ja<\/h3>\n\n\n\n<p>Az 58 \u00e9ves Rub\u00e9n k\u00edv\u00e1ncsis\u00e1gb\u00f3l regisztr\u00e1lt a Tinderre. \u201eNem voltak nagy elv\u00e1r\u00e1saim, de tal\u00e1lkoztam Laur\u00e1val, egy n\u0151vel, akivel k\u00f6z\u00f6s szenved\u00e9ly\u00fcnk a fot\u00f3z\u00e1s \u00e9s a kellemes s\u00e9t\u00e1k.\u201d Ma egy\u00fctt \u00e9lnek a hegyekben.<\/p>\n\n\n\n<h3 class=\"wp-block-heading\">Ana \u00e9s Carlos, az \u00f6r\u00f6k szerelem<\/h3>\n\n\n\n<p>Mindketten 60 \u00e9v felettiek voltak. A Facebook Couples oldalon ismerkedtek meg.<\/p>\n\n\n\n<p>Hetekig tart\u00f3 besz\u00e9lget\u00e9s ut\u00e1n r\u00e1j\u00f6ttek, hogy egy k\u00f6rny\u00e9ken laknak. Ma d\u00e9lut\u00e1nonk\u00e9nt a t\u00e9ren besz\u00e9lgetnek \u00e9s egy\u00fctt gondozz\u00e1k a kertj\u00fcket.<\/p>\n\n\n\n<h2 class=\"wp-block-heading\"><strong>Tippek a besz\u00e9lget\u00e9sek jav\u00edt\u00e1s\u00e1hoz<\/strong><\/h2>\n\n\n\n<ul>\n<li>L\u00e9gy hiteles: ne pr\u00f3b\u00e1lj meg leny\u0171g\u00f6zni, l\u00e9gy \u00f6nmagad<\/li>\n\n\n\n<li>Tegy\u00e9l fel nyitott k\u00e9rd\u00e9seket: \u201eMit csin\u00e1lsz h\u00e9tv\u00e9g\u00e9n?\u201d \u201eMi a kedvenc \u00e9teled?\u201d<\/li>\n\n\n\n<li>Ker\u00fcld a vitatott t\u00e9m\u00e1kat az elej\u00e9n (politika, vall\u00e1s)<\/li>\n\n\n\n<li>Haszn\u00e1lj m\u00e9rt\u00e9kkel emojikat. Seg\u00edtenek \u00e9rzelmek kimutat\u00e1s\u00e1ban.<\/li>\n\n\n\n<li>Tarts\u00e1tok tiszteletben egym\u00e1s idej\u00e9t \u00e9s v\u00e1laszait<\/li>\n<\/ul>\n\n\n\n<h2 class=\"wp-block-heading\"><strong>Hogyan lehet megtudni, hogy egy szem\u00e9ly megb\u00edzhat\u00f3-e egy alkalmaz\u00e1sban?<\/strong><\/h2>\n\n\n\n<ul>\n<li>A profilodhoz tartozik egy j\u00f3l l\u00e1that\u00f3 fot\u00f3 \u00e9s egy r\u00e9szletes le\u00edr\u00e1s.<\/li>\n\n\n\n<li>Tiszteletteljesen \u00e9s k\u00f6vetkezetesen v\u00e1laszol neked<\/li>\n\n\n\n<li>Nem k\u00e9r t\u0151led furcsa vagy s\u00fcrg\u0151s dolgokat.<\/li>\n\n\n\n<li>Hasonl\u00f3 \u00e9rdekl\u0151d\u00e9si k\u00f6rei vannak, \u00e9s t\u00fcrelmes besz\u00e9lget\u00e9s k\u00f6zben.<\/li>\n<\/ul>\n\n\n\n<h2 class=\"wp-block-heading\"><strong>Mit tegy\u00e9l, ha valami nem tetszik?<\/strong><\/h2>\n\n\n\n<ul>\n<li>Blokkol\u00e1s vagy bejelent\u00e9s k\u00f6zvetlen\u00fcl az alkalmaz\u00e1sb\u00f3l<\/li>\n\n\n\n<li>Ne \u00e9rezd k\u00f6telez\u0151nek, hogy olyan besz\u00e9lget\u00e9st k\u00f6vess, ami nem tesz j\u00f3t neked.<\/li>\n\n\n\n<li>Ha k\u00e9rd\u00e9sed van, besz\u00e9lj valakivel, akiben megb\u00edzol.<\/li>\n\n\n\n<li>Ne feledd, hogy te ir\u00e1ny\u00edtod, hogy kikkel kommunik\u00e1lsz.<\/li>\n<\/ul>\n\n\n\n<h2 class=\"wp-block-heading\"><strong>Haszn\u00e1lhatom ezeket az alkalmaz\u00e1sokat, ha m\u00e9g soha nem pr\u00f3b\u00e1ltam \u0151ket?<\/strong><\/h2>\n\n\n\n<p>Term\u00e9szetesen! \u00cdme n\u00e9h\u00e1ny \u00f6tlet a kezd\u00e9shez:<\/p>\n\n\n\n<ul>\n<li>N\u00e9zz oktat\u00f3anyagokat a YouTube-on (sok van kezd\u0151knek)<\/li>\n\n\n\n<li>Csak egyet telep\u00edts az elej\u00e9n, hogy ne keveredj \u00f6ssze.<\/li>\n\n\n\n<li>Pr\u00f3b\u00e1ld ki n\u00e9h\u00e1ny napig, nyom\u00e1s n\u00e9lk\u00fcl. Fedezd fel \u00e9s ismerd meg az alkalmaz\u00e1s k\u00f6rnyezet\u00e9t.<\/li>\n\n\n\n<li>Ha az egyik nem tetszik, kipr\u00f3b\u00e1lhatsz egy m\u00e1sikat. Nem mindegyik egyforma.<\/li>\n<\/ul>\n\n\n<div class=\"wp-block-image\">\n<figure class=\"aligncenter size-full\"><img loading=\"lazy\" decoding=\"async\" width=\"550\" height=\"350\" src=\"https:\/\/universofamilia.com\/wp-content\/uploads\/sites\/148\/2025\/06\/DESTAQUE-UNIVERSO-550-x-350.jpg\" alt=\"\" class=\"wp-image-9487\" srcset=\"https:\/\/universofamilia.com\/wp-content\/uploads\/sites\/148\/2025\/06\/DESTAQUE-UNIVERSO-550-x-350.jpg 550w, https:\/\/universofamilia.com\/wp-content\/uploads\/sites\/148\/2025\/06\/DESTAQUE-UNIVERSO-550-x-350-300x191.jpg 300w, https:\/\/universofamilia.com\/wp-content\/uploads\/sites\/148\/2025\/06\/DESTAQUE-UNIVERSO-550-x-350-18x12.jpg 18w\" sizes=\"(max-width: 550px) 100vw, 550px\" \/><figcaption class=\"wp-element-caption\">K\u00fcl\u00f6nleges partnert keresek t\u00e1rskeres\u0151 alkalmaz\u00e1sokon.<\/figcaption><\/figure><\/div>\n\n\n<h2 class=\"wp-block-heading\"><strong>Randialkalmaz\u00e1sok: sokkal t\u00f6bb, mint hobbi<\/strong><\/h2>\n\n\n\n<p>A <strong>randialkalmaz\u00e1sok<\/strong> Nemcsak a partnerkeres\u00e9sben hasznosak, hanem a k\u00f6vetkez\u0151kben is seg\u00edthetnek:<\/p>\n\n\n\n<ul>\n<li>B\u0151v\u00edtsd a t\u00e1rsas\u00e1gi k\u00f6r\u00f6det<\/li>\n\n\n\n<li>Nyerd vissza az \u00f6nbizalmad<\/li>\n\n\n\n<li>Tanuld meg jobban kifejezni magad<\/li>\n\n\n\n<li>A f\u00e9l\u00e9nks\u00e9g lek\u00fczd\u00e9se<\/li>\n\n\n\n<li>\u00c9rezd, hogy meghallgatnak \u00e9s \u00e9rt\u00e9kelnek<\/li>\n<\/ul>\n\n\n\n<h2 class=\"wp-block-heading\"><strong>Kezdje el m\u00e9g ma: k\u00fcl\u00f6nleges t\u00e1rsa csak egy kattint\u00e1snyira lehet<\/strong><\/h2>\n\n\n\n<p>Egy k\u00fcl\u00f6nleges partner megtal\u00e1l\u00e1sa nem fant\u00e1zia. Val\u00f3di lehet\u0151s\u00e9g, \u00e9s k\u00f6zelebb van, mint gondoln\u00e1d.<\/p>\n\n\n\n<p>A <strong>randialkalmaz\u00e1sok<\/strong> \u00dagy tervezt\u00e9k \u0151ket, hogy seg\u00edtsenek kapcsolatba l\u00e9pni \u0151szinte, val\u00f3di emberekkel, akik meg akarj\u00e1k osztani azt, amit te is keresel.<\/p>\n\n\n\n<p>Nem kell fiatalnak vagy mobiltelefon-szak\u00e9rt\u0151nek lenned. Csak ki kell akarnod pr\u00f3b\u00e1lni. \u00c9s ha ezt olvasod... az az\u00e9rt van, mert k\u00e9szen \u00e1llsz megtenni az els\u0151 l\u00e9p\u00e9st.<\/p>\n\n\n\n<p>T\u00f6ltsd le az aj\u00e1nlott alkalmaz\u00e1sok egyik\u00e9t. Hozd l\u00e9tre a profilodat k\u00f6r\u00fcltekint\u0151en. Fedezz fel lassan. Mosolyogj. A szerelem csak egy besz\u00e9lget\u00e9snyire lehet.<\/p>","protected":false},"excerpt":{"rendered":"<p>T\u00f6bbre v\u00e1gysz, mint egy laza besz\u00e9lget\u00e9sre? V\u00e1lassz egyet a lehet\u0151s\u00e9gek k\u00f6z\u00fcl! Ugyanott maradsz! Igazi kapcsolatra v\u00e1gysz, de nem tudod, hol kezdjed? Ma megmutatom, hogyan tal\u00e1lhatod meg azt a k\u00fcl\u00f6nleges valakit a telefonodon, gond n\u00e9lk\u00fcl. K\u00fcl\u00f6nleges valakit keresek t\u00e1rskeres\u0151 alkalmaz\u00e1sokon. Ez a kifejez\u00e9s tal\u00e1n \u00fagy hangzik, mint egy [\u2026]<\/p>","protected":false},"author":139,"featured_media":9487,"comment_status":"closed","ping_status":"open","sticky":false,"template":"","format":"standard","meta":{"footnotes":""},"categories":[2],"tags":[2272,410,2183,2295,1418],"yoast_head":"<!-- This site is optimized with the Yoast SEO plugin v23.3 - https:\/\/yoast.com\/wordpress\/plugins\/seo\/ -->\n<title>Busco un compa\u00f1ero especial en los apps de citas - Universo Fam\u00edlia<\/title>\n<meta name=\"description\" content=\"Busco un compa\u00f1ero especial en los apps de citas. Busco un compa\u00f1ero especial en los apps de citas. Esta frase puede parecer un suspiro...\" \/>\n<meta name=\"robots\" content=\"index, follow, max-snippet:-1, max-image-preview:large, max-video-preview:-1\" \/>\n<link rel=\"canonical\" href=\"https:\/\/universofamilia.com\/hu\/busco-un-companero-especial-en-los-apps-de-citas-4\/\" \/>\n<meta property=\"og:locale\" content=\"hu_HU\" \/>\n<meta property=\"og:type\" content=\"article\" \/>\n<meta property=\"og:title\" content=\"Busco un compa\u00f1ero especial en los apps de citas - Universo Fam\u00edlia\" \/>\n<meta property=\"og:description\" content=\"Busco un compa\u00f1ero especial en los apps de citas. Busco un compa\u00f1ero especial en los apps de citas. Esta frase puede parecer un suspiro...\" \/>\n<meta property=\"og:url\" content=\"https:\/\/universofamilia.com\/hu\/busco-un-companero-especial-en-los-apps-de-citas-4\/\" \/>\n<meta property=\"og:site_name\" content=\"Universo Fam\u00edlia\" \/>\n<meta property=\"article:published_time\" content=\"2025-06-02T18:14:26+00:00\" \/>\n<meta property=\"article:modified_time\" content=\"2025-08-02T19:31:17+00:00\" \/>\n<meta property=\"og:image\" content=\"https:\/\/universofamilia.com\/wp-content\/uploads\/sites\/148\/2025\/06\/DESTAQUE-UNIVERSO-550-x-350.jpg\" \/>\n\t<meta property=\"og:image:width\" content=\"550\" \/>\n\t<meta property=\"og:image:height\" content=\"350\" \/>\n\t<meta property=\"og:image:type\" content=\"image\/jpeg\" \/>\n<meta name=\"author\" content=\"Pedro Henrique\" \/>\n<meta name=\"twitter:card\" content=\"summary_large_image\" \/>\n<meta name=\"twitter:label1\" content=\"Written by\" \/>\n\t<meta name=\"twitter:data1\" content=\"Pedro Henrique\" \/>\n\t<meta name=\"twitter:label2\" content=\"Est. reading time\" \/>\n\t<meta name=\"twitter:data2\" content=\"9 perc\" \/>\n<script type=\"application\/ld+json\" class=\"yoast-schema-graph\">{\"@context\":\"https:\/\/schema.org\",\"@graph\":[{\"@type\":\"WebPage\",\"@id\":\"https:\/\/universofamilia.com\/en\/busco-un-companero-especial-en-los-apps-de-citas-4\/\",\"url\":\"https:\/\/universofamilia.com\/en\/busco-un-companero-especial-en-los-apps-de-citas-4\/\",\"name\":\"Busco un compa\u00f1ero especial en los apps de citas - Universo Fam\u00edlia\",\"isPartOf\":{\"@id\":\"https:\/\/universofamilia.com\/el\/#website\"},\"primaryImageOfPage\":{\"@id\":\"https:\/\/universofamilia.com\/en\/busco-un-companero-especial-en-los-apps-de-citas-4\/#primaryimage\"},\"image\":{\"@id\":\"https:\/\/universofamilia.com\/en\/busco-un-companero-especial-en-los-apps-de-citas-4\/#primaryimage\"},\"thumbnailUrl\":\"https:\/\/universofamilia.com\/wp-content\/uploads\/sites\/148\/2025\/06\/DESTAQUE-UNIVERSO-550-x-350.jpg\",\"datePublished\":\"2025-06-02T18:14:26+00:00\",\"dateModified\":\"2025-08-02T19:31:17+00:00\",\"author\":{\"@id\":\"https:\/\/universofamilia.com\/el\/#\/schema\/person\/f07ce98187dd84d31154262e79b3b7ca\"},\"description\":\"Busco un compa\u00f1ero especial en los apps de citas. Busco un compa\u00f1ero especial en los apps de citas. Esta frase puede parecer un suspiro...\",\"breadcrumb\":{\"@id\":\"https:\/\/universofamilia.com\/en\/busco-un-companero-especial-en-los-apps-de-citas-4\/#breadcrumb\"},\"inLanguage\":\"hu\",\"potentialAction\":[{\"@type\":\"ReadAction\",\"target\":[\"https:\/\/universofamilia.com\/en\/busco-un-companero-especial-en-los-apps-de-citas-4\/\"]}]},{\"@type\":\"ImageObject\",\"inLanguage\":\"hu\",\"@id\":\"https:\/\/universofamilia.com\/en\/busco-un-companero-especial-en-los-apps-de-citas-4\/#primaryimage\",\"url\":\"https:\/\/universofamilia.com\/wp-content\/uploads\/sites\/148\/2025\/06\/DESTAQUE-UNIVERSO-550-x-350.jpg\",\"contentUrl\":\"https:\/\/universofamilia.com\/wp-content\/uploads\/sites\/148\/2025\/06\/DESTAQUE-UNIVERSO-550-x-350.jpg\",\"width\":550,\"height\":350,\"caption\":\"Busco un compa\u00f1ero especial en los apps de citas\"},{\"@type\":\"BreadcrumbList\",\"@id\":\"https:\/\/universofamilia.com\/en\/busco-un-companero-especial-en-los-apps-de-citas-4\/#breadcrumb\",\"itemListElement\":[{\"@type\":\"ListItem\",\"position\":1,\"name\":\"Home\",\"item\":\"https:\/\/universofamilia.com\/el\/\"},{\"@type\":\"ListItem\",\"position\":2,\"name\":\"Busco un compa\u00f1ero especial en los apps de citas\"}]},{\"@type\":\"WebSite\",\"@id\":\"https:\/\/universofamilia.com\/el\/#website\",\"url\":\"https:\/\/universofamilia.com\/el\/\",\"name\":\"Universo Fam\u00edlia\",\"description\":\"\",\"potentialAction\":[{\"@type\":\"SearchAction\",\"target\":{\"@type\":\"EntryPoint\",\"urlTemplate\":\"https:\/\/universofamilia.com\/el\/?s={search_term_string}\"},\"query-input\":\"required name=search_term_string\"}],\"inLanguage\":\"hu\"},{\"@type\":\"Person\",\"@id\":\"https:\/\/universofamilia.com\/el\/#\/schema\/person\/f07ce98187dd84d31154262e79b3b7ca\",\"name\":\"Pedro Henrique\",\"image\":{\"@type\":\"ImageObject\",\"inLanguage\":\"hu\",\"@id\":\"https:\/\/universofamilia.com\/el\/#\/schema\/person\/image\/\",\"url\":\"https:\/\/secure.gravatar.com\/avatar\/9edfeb808cb4e1599f64d6e45b130154?s=96&d=mm&r=g\",\"contentUrl\":\"https:\/\/secure.gravatar.com\/avatar\/9edfeb808cb4e1599f64d6e45b130154?s=96&d=mm&r=g\",\"caption\":\"Pedro Henrique\"},\"url\":\"https:\/\/universofamilia.com\/hu\/author\/editor01\/\"}]}<\/script>\n<!-- \/ Yoast SEO plugin. -->","yoast_head_json":{"title":"Busco un compa\u00f1ero especial en los apps de citas - Universo Fam\u00edlia","description":"Busco un compa\u00f1ero especial en los apps de citas. Busco un compa\u00f1ero especial en los apps de citas. Esta frase puede parecer un suspiro...","robots":{"index":"index","follow":"follow","max-snippet":"max-snippet:-1","max-image-preview":"max-image-preview:large","max-video-preview":"max-video-preview:-1"},"canonical":"https:\/\/universofamilia.com\/hu\/busco-un-companero-especial-en-los-apps-de-citas-4\/","og_locale":"hu_HU","og_type":"article","og_title":"Busco un compa\u00f1ero especial en los apps de citas - Universo Fam\u00edlia","og_description":"Busco un compa\u00f1ero especial en los apps de citas. Busco un compa\u00f1ero especial en los apps de citas. Esta frase puede parecer un suspiro...","og_url":"https:\/\/universofamilia.com\/hu\/busco-un-companero-especial-en-los-apps-de-citas-4\/","og_site_name":"Universo Fam\u00edlia","article_published_time":"2025-06-02T18:14:26+00:00","article_modified_time":"2025-08-02T19:31:17+00:00","og_image":[{"width":550,"height":350,"url":"https:\/\/universofamilia.com\/wp-content\/uploads\/sites\/148\/2025\/06\/DESTAQUE-UNIVERSO-550-x-350.jpg","type":"image\/jpeg"}],"author":"Pedro Henrique","twitter_card":"summary_large_image","twitter_misc":{"Written by":"Pedro Henrique","Est. reading time":"9 perc"},"schema":{"@context":"https:\/\/schema.org","@graph":[{"@type":"WebPage","@id":"https:\/\/universofamilia.com\/en\/busco-un-companero-especial-en-los-apps-de-citas-4\/","url":"https:\/\/universofamilia.com\/en\/busco-un-companero-especial-en-los-apps-de-citas-4\/","name":"Busco un compa\u00f1ero especial en los apps de citas - Universo Fam\u00edlia","isPartOf":{"@id":"https:\/\/universofamilia.com\/el\/#website"},"primaryImageOfPage":{"@id":"https:\/\/universofamilia.com\/en\/busco-un-companero-especial-en-los-apps-de-citas-4\/#primaryimage"},"image":{"@id":"https:\/\/universofamilia.com\/en\/busco-un-companero-especial-en-los-apps-de-citas-4\/#primaryimage"},"thumbnailUrl":"https:\/\/universofamilia.com\/wp-content\/uploads\/sites\/148\/2025\/06\/DESTAQUE-UNIVERSO-550-x-350.jpg","datePublished":"2025-06-02T18:14:26+00:00","dateModified":"2025-08-02T19:31:17+00:00","author":{"@id":"https:\/\/universofamilia.com\/el\/#\/schema\/person\/f07ce98187dd84d31154262e79b3b7ca"},"description":"Busco un compa\u00f1ero especial en los apps de citas. Busco un compa\u00f1ero especial en los apps de citas. Esta frase puede parecer un suspiro...","breadcrumb":{"@id":"https:\/\/universofamilia.com\/en\/busco-un-companero-especial-en-los-apps-de-citas-4\/#breadcrumb"},"inLanguage":"hu","potentialAction":[{"@type":"ReadAction","target":["https:\/\/universofamilia.com\/en\/busco-un-companero-especial-en-los-apps-de-citas-4\/"]}]},{"@type":"ImageObject","inLanguage":"hu","@id":"https:\/\/universofamilia.com\/en\/busco-un-companero-especial-en-los-apps-de-citas-4\/#primaryimage","url":"https:\/\/universofamilia.com\/wp-content\/uploads\/sites\/148\/2025\/06\/DESTAQUE-UNIVERSO-550-x-350.jpg","contentUrl":"https:\/\/universofamilia.com\/wp-content\/uploads\/sites\/148\/2025\/06\/DESTAQUE-UNIVERSO-550-x-350.jpg","width":550,"height":350,"caption":"Busco un compa\u00f1ero especial en los apps de citas"},{"@type":"BreadcrumbList","@id":"https:\/\/universofamilia.com\/en\/busco-un-companero-especial-en-los-apps-de-citas-4\/#breadcrumb","itemListElement":[{"@type":"ListItem","position":1,"name":"Home","item":"https:\/\/universofamilia.com\/el\/"},{"@type":"ListItem","position":2,"name":"Busco un compa\u00f1ero especial en los apps de citas"}]},{"@type":"WebSite","@id":"https:\/\/universofamilia.com\/el\/#website","url":"https:\/\/universofamilia.com\/el\/","name":"Universo Fam\u00edlia","description":"","potentialAction":[{"@type":"SearchAction","target":{"@type":"EntryPoint","urlTemplate":"https:\/\/universofamilia.com\/el\/?s={search_term_string}"},"query-input":"required name=search_term_string"}],"inLanguage":"hu"},{"@type":"Person","@id":"https:\/\/universofamilia.com\/el\/#\/schema\/person\/f07ce98187dd84d31154262e79b3b7ca","name":"Pedro Henrique","image":{"@type":"ImageObject","inLanguage":"hu","@id":"https:\/\/universofamilia.com\/el\/#\/schema\/person\/image\/","url":"https:\/\/secure.gravatar.com\/avatar\/9edfeb808cb4e1599f64d6e45b130154?s=96&d=mm&r=g","contentUrl":"https:\/\/secure.gravatar.com\/avatar\/9edfeb808cb4e1599f64d6e45b130154?s=96&d=mm&r=g","caption":"Pedro Henrique"},"url":"https:\/\/universofamilia.com\/hu\/author\/editor01\/"}]}},"_links":{"self":[{"href":"https:\/\/universofamilia.com\/hu\/wp-json\/wp\/v2\/posts\/9486"}],"collection":[{"href":"https:\/\/universofamilia.com\/hu\/wp-json\/wp\/v2\/posts"}],"about":[{"href":"https:\/\/universofamilia.com\/hu\/wp-json\/wp\/v2\/types\/post"}],"author":[{"embeddable":true,"href":"https:\/\/universofamilia.com\/hu\/wp-json\/wp\/v2\/users\/139"}],"replies":[{"embeddable":true,"href":"https:\/\/universofamilia.com\/hu\/wp-json\/wp\/v2\/comments?post=9486"}],"version-history":[{"count":2,"href":"https:\/\/universofamilia.com\/hu\/wp-json\/wp\/v2\/posts\/9486\/revisions"}],"predecessor-version":[{"id":9647,"href":"https:\/\/universofamilia.com\/hu\/wp-json\/wp\/v2\/posts\/9486\/revisions\/9647"}],"wp:featuredmedia":[{"embeddable":true,"href":"https:\/\/universofamilia.com\/hu\/wp-json\/wp\/v2\/media\/9487"}],"wp:attachment":[{"href":"https:\/\/universofamilia.com\/hu\/wp-json\/wp\/v2\/media?parent=9486"}],"wp:term":[{"taxonomy":"category","embeddable":true,"href":"https:\/\/universofamilia.com\/hu\/wp-json\/wp\/v2\/categories?post=9486"},{"taxonomy":"post_tag","embeddable":true,"href":"https:\/\/universofamilia.com\/hu\/wp-json\/wp\/v2\/tags?post=9486"}],"curies":[{"name":"wp","href":"https:\/\/api.w.org\/{rel}","templated":true}]}}