{"id":9493,"date":"2025-06-03T20:32:01","date_gmt":"2025-06-03T20:32:01","guid":{"rendered":"https:\/\/universofamilia.com\/?p=9493"},"modified":"2025-06-03T20:32:03","modified_gmt":"2025-06-03T20:32:03","slug":"top-5-alimentos-que-bajan-el-azucar-en-sangre","status":"publish","type":"post","link":"https:\/\/universofamilia.com\/hu\/top-5-alimentos-que-bajan-el-azucar-en-sangre\/","title":{"rendered":"5 legjobb \u00e9tel, ami cs\u00f6kkenti a v\u00e9rcukorszintet"},"content":{"rendered":"<h4 class=\"wp-block-heading has-text-align-center\"><strong>5 legjobb \u00e9tel, ami cs\u00f6kkenti a v\u00e9rcukorszintet<\/strong> alapvet\u0151 \u00fatmutat\u00f3 azok sz\u00e1m\u00e1ra, akik term\u00e9szetes \u00faton szeretn\u00e9k jav\u00edtani eg\u00e9szs\u00e9g\u00fcket.<\/h4>\n\n\n\n<p><\/p>\n\n\n\n<hr class=\"wp-block-separator has-alpha-channel-opacity is-style-wide\" \/>\n\n\n\n<h5 class=\"wp-block-heading has-text-align-center\"><strong>Mit szeretn\u00e9l el\u0151sz\u00f6r csin\u00e1lni?<\/strong><\/h5>\n\n\n    <section class=\"mx-1 my-10\">\n                                                <a href=\"https:\/\/universofamilia.com\/hu\/descubre-los-5-alimentos-que-ayudan-a-controlar-la-glucemia-3\/\" class=\"text-white\" data-analytics-label=\"optionsButton\"\n                    data-action=\"analytics#trackCTA\">\n                    <div data-options-target=\"option\"\n                        class=\"custom-section rounded-xl border p-3 shadow-md w-full bg-green-700 my-3\">\n                        <div class=\"flex w-full items-center justify-between\">\n                            <div class=\"flex items-center space-x-3\">\n                                <div class=\"text-lg font-bold\">\n                                    5 \u00e9tel, ami seg\u00edt szab\u00e1lyozni a v\u00e9rcukorszintet \u279d\n                                <\/div>\n                            <\/div>\n                        <\/div>\n                    <\/div>\n                <\/a>\n                                                            <a href=\"https:\/\/universofamilia.com\/hu\/app-controle-glicose\/\" class=\"text-white\" data-analytics-label=\"optionsButton\"\n                    data-action=\"analytics#trackCTA\">\n                    <div data-options-target=\"option\"\n                        class=\"custom-section rounded-xl border p-3 shadow-md w-full bg-green-700 my-3\">\n                        <div class=\"flex w-full items-center justify-between\">\n                            <div class=\"flex items-center space-x-3\">\n                                <div class=\"text-lg font-bold\">\n                                    12 l\u00e9p\u00e9s az ex-cukorbetegg\u00e9 v\u00e1l\u00e1shoz \u279d\n                                <\/div>\n                            <\/div>\n                        <\/div>\n                    <\/div>\n                <\/a>\n                                                            <a href=\"https:\/\/universofamilia.com\/hu\/conectate-al-wifi-gratuito-con-estas-aplicaciones\/\" class=\"text-white\" data-analytics-label=\"optionsButton\"\n                    data-action=\"analytics#trackCTA\">\n                    <div data-options-target=\"option\"\n                        class=\"custom-section rounded-xl border p-3 shadow-md w-full bg-green-700 my-3\">\n                        <div class=\"flex w-full items-center justify-between\">\n                            <div class=\"flex items-center space-x-3\">\n                                <div class=\"text-lg font-bold\">\n                                    \ud83d\udcf6 Egyszer\u0171 ingyenes WiFi \u279d\n                                <\/div>\n                            <\/div>\n                        <\/div>\n                    <\/div>\n                <\/a>\n                            <p class=\"text-xs text-gray-500 text-right hidden\"\n            style=\"margin-left: 50%; margin-bottom: 50px; margin-top: 5px;\">\n            <!-- You will be redirected to another website -->\n        <\/p>\n    <\/section>\n\n\n\n\n<p class=\"has-text-align-right\"><em><strong><em><strong><em><strong><em><strong><em><strong>Ugyanott maradsz<\/strong><\/em><\/strong><\/em><\/strong><\/em><\/strong><\/em><\/strong><\/em><\/p>\n\n\n\n<hr class=\"wp-block-separator has-alpha-channel-opacity is-style-wide\" \/>\n\n\n\n<p><\/p>\n\n\n\n<p>Ha agg\u00f3dsz a gl\u00fck\u00f3zszinted miatt, ez a cikk neked sz\u00f3l.<\/p>\n\n\n\n<p><a href=\"https:\/\/universofamilia.com\/hu\/descubre-los-5-alimentos-que-ayudan-a-controlar-la-glucemia-3\/\">Itt megtal\u00e1lod a legfontosabb \u00e9teleket<\/a>, gyakorlati tan\u00e1csokat \u00e9s <strong>megb\u00edzhat\u00f3 alkalmaz\u00e1sok<\/strong> amely seg\u00edt nyomon k\u00f6vetni az eg\u00e9szs\u00e9gi \u00e1llapot\u00e1t a mobiltelefonj\u00e1r\u00f3l.<\/p>\n\n\n\n<p>Ez a cikk kifejezetten minden koroszt\u00e1ly sz\u00e1m\u00e1ra k\u00e9sz\u00fclt, m\u00e9g azoknak is, akiknek kev\u00e9s tapasztalatuk van a technol\u00f3gi\u00e1val.<\/p>\n\n\n\n<p>Vil\u00e1gos, bar\u00e1ts\u00e1gos nyelven fogunk besz\u00e9lni, tele k\u00f6nnyen \u00e9rthet\u0151 p\u00e9ld\u00e1kkal.<\/p>\n\n\n\n<ul>\n<li>Nehezen tudja szab\u00e1lyozni a gl\u00fck\u00f3zszintj\u00e9t?<\/li>\n\n\n\n<li>Szeretn\u00e9d energikusabbnak \u00e9rezni magad a mindennapjaidban?<\/li>\n\n\n\n<li>Term\u00e9szetes \u00e9s hat\u00e9kony megold\u00e1sokat keresel?<\/li>\n\n\n\n<li>A mai nap ide\u00e1lis alkalom arra, hogy megtedd az els\u0151 l\u00e9p\u00e9st a j\u00f3l\u00e9t fel\u00e9.<\/li>\n<\/ul>\n\n\n\n<p><\/p>\n\n\n\n<hr class=\"wp-block-separator has-alpha-channel-opacity is-style-wide\" \/>\n\n\n\n<h4 class=\"wp-block-heading has-text-align-center\"><strong><mark class=\"has-inline-color has-luminous-vivid-orange-color\">Olvasd el ezt is<\/mark><\/strong><\/h4>\n\n\n    <section class=\"mx-1 my-10\">\n                                                <a href=\"https:\/\/universofamilia.com\/hu\/lp-filmes-asiaticos\/\" class=\"text-white\" data-analytics-label=\"optionsButton\"\n                    data-action=\"analytics#trackCTA\">\n                    <div data-options-target=\"option\"\n                        class=\"custom-section rounded-xl border p-3 shadow-md w-full bg-green-700 my-3\">\n                        <div class=\"flex w-full items-center justify-between\">\n                            <div class=\"flex items-center space-x-3\">\n                                <div class=\"text-lg font-bold\">\n                                    App koreai dr\u00e1m\u00e1k n\u00e9z\u00e9s\u00e9hez \u279d\n                                <\/div>\n                            <\/div>\n                        <\/div>\n                    <\/div>\n                <\/a>\n                                                            <a href=\"https:\/\/universofamilia.com\/hu\/lp-recuperar-fotos\/\" class=\"text-white\" data-analytics-label=\"optionsButton\"\n                    data-action=\"analytics#trackCTA\">\n                    <div data-options-target=\"option\"\n                        class=\"custom-section rounded-xl border p-3 shadow-md w-full bg-green-700 my-3\">\n                        <div class=\"flex w-full items-center justify-between\">\n                            <div class=\"flex items-center space-x-3\">\n                                <div class=\"text-lg font-bold\">\n                                    T\u00f6r\u00f6lt fot\u00f3k helyre\u00e1ll\u00edt\u00e1sa ezzel az alkalmaz\u00e1ssal!  \u279d\n                                <\/div>\n                            <\/div>\n                        <\/div>\n                    <\/div>\n                <\/a>\n                                                            <a href=\"https:\/\/universofamilia.com\/hu\/el-amor-a-un-clic\/\" class=\"text-white\" data-analytics-label=\"optionsButton\"\n                    data-action=\"analytics#trackCTA\">\n                    <div data-options-target=\"option\"\n                        class=\"custom-section rounded-xl border p-3 shadow-md w-full bg-green-700 my-3\">\n                        <div class=\"flex w-full items-center justify-between\">\n                            <div class=\"flex items-center space-x-3\">\n                                <div class=\"text-lg font-bold\">\n                                    Fedezd fel az ide\u00e1lis t\u00e1rskeres\u0151 alkalmaz\u00e1st \u279d\n                                <\/div>\n                            <\/div>\n                        <\/div>\n                    <\/div>\n                <\/a>\n                            <p class=\"text-xs text-gray-500 text-right hidden\"\n            style=\"margin-left: 50%; margin-bottom: 50px; margin-top: 5px;\">\n            <!-- You will be redirected to another website -->\n        <\/p>\n    <\/section>\n\n\n\n\n<p class=\"has-text-align-right\"><em><strong><em><strong><em><strong><em><strong><em><strong>Ugyanott fog maradni!<\/strong><\/em><\/strong><\/em><\/strong><\/em><\/strong><\/em><\/strong><\/em><\/p>\n\n\n\n<hr class=\"wp-block-separator has-alpha-channel-opacity is-style-wide\" \/>\n\n\n\n<p><\/p>\n\n\n\n<h2 class=\"wp-block-heading\">Mi\u00e9rt olyan fontos odafigyelni a v\u00e9rcukorszintre?<\/h2>\n\n\n\n<p>Amikor a gl\u00fck\u00f3zszint kics\u00faszik az ir\u00e1ny\u00edt\u00e1s al\u00f3l, a szervezet figyelmeztet\u0151 jeleket kezd k\u00fcldeni.<\/p>\n\n\n\n<p>F\u00e1radts\u00e1got, t\u00falzott \u00e9hs\u00e9get, hom\u00e1lyos l\u00e1t\u00e1st, s\u0151t ak\u00e1r sz\u00e9d\u00fcl\u00e9st is \u00e9rezhet.<\/p>\n\n\n\n<p>Sokan figyelmen k\u00edv\u00fcl hagyj\u00e1k ezeket a t\u00fcneteket, \u00e9s csak akkor k\u00e9rnek seg\u00edts\u00e9get, amikor m\u00e1r t\u00fal k\u00e9s\u0151.<\/p>\n\n\n\n<p>De te azzal, hogy itt vagy, m\u00e1r most is azt mutatod, hogy t\u00f6r\u0151dsz az eg\u00e9szs\u00e9geddel.<\/p>\n\n\n\n<p>A v\u00e9rcukorszintre val\u00f3 odafigyel\u00e9s nem csak azoknak sz\u00f3l, akik m\u00e1r cukorbetegek.<\/p>\n\n\n\n<p>Mindannyiunknak tudnia kell, hogyan tartsuk stabilan a v\u00e9rcukorszint\u00fcnket, mivel a gl\u00fck\u00f3z k\u00f6zvetlen\u00fcl befoly\u00e1solja az energi\u00e1nkat, a koncentr\u00e1ci\u00f3nkat, a hangulatunkat \u00e9s m\u00e9g az alv\u00e1s min\u0151s\u00e9g\u00e9t is.<\/p>\n\n\n\n<p>A j\u00f3 kontroll cs\u00f6kkenti a s\u00falyos betegs\u00e9gek, p\u00e9ld\u00e1ul a sz\u00edvprobl\u00e9m\u00e1k, a vesek\u00e1rosod\u00e1s vagy a l\u00e1t\u00e1sveszt\u00e9s kock\u00e1zat\u00e1t is.<\/p>\n\n\n\n<p>Sz\u00f3val igen, \u00e9rdemes megtanulni vigy\u00e1zni magadra most.<\/p>\n\n\n\n<h2 class=\"wp-block-heading\">T\u00f6rt\u00e9nt veled ilyesmi mostan\u00e1ban?<\/h2>\n\n\n\n<ul>\n<li>\u00c1lland\u00f3 szomj\u00fas\u00e1got \u00e9rzel<\/li>\n\n\n\n<li>Fejf\u00e1j\u00e1ssal \u00e9bredsz fel \u00e9jszaka<\/li>\n\n\n\n<li>Eszel, \u00e9s m\u00e9gis f\u00e1radtnak \u00e9rzed magad<\/li>\n\n\n\n<li>Vannak sebeid, amelyeknek id\u0151 kell a gy\u00f3gyul\u00e1shoz<\/li>\n<\/ul>\n\n\n\n<p>Ezeket a jeleket nem szabad figyelmen k\u00edv\u00fcl hagyni. Szerencs\u00e9re vannak egyszer\u0171 m\u00f3dszerek a v\u00e9rcukorszint jav\u00edt\u00e1s\u00e1ra, kezdve az \u00e9trenddel \u00e9s a technol\u00f3gi\u00e1val.<\/p>\n\n\n\n<p>\u00c9s a legjobb az eg\u00e9szben: nem kell szak\u00e9rt\u0151nek lenned az eg\u00e9szs\u00e9g\u00fcgyben vagy az alkalmaz\u00e1sokban. L\u00e9p\u00e9sr\u0151l l\u00e9p\u00e9sre megcsin\u00e1ljuk.<\/p>\n\n\n\n<h2 class=\"wp-block-heading\">\u00c9telek, amelyek term\u00e9szetes m\u00f3don cs\u00f6kkentik a v\u00e9rcukorszintet<\/h2>\n\n\n\n<p>Az al\u00e1bbiakban bemutatjuk az \u00f6t legjobb \u00e9telt, amelyek seg\u00edthetnek cs\u00f6kkenteni a v\u00e9rcukorszintet.<\/p>\n\n\n\n<p>Mindegyik k\u00f6nnyen megtal\u00e1lhat\u00f3 \u00e9s k\u00f6nnyed\u00e9n beilleszthet\u0151 a napi \u00e9trendbe. Nem kell sz\u00e9ls\u0151s\u00e9ges di\u00e9t\u00e1kba esnie.<\/p>\n\n\n\n<p>Csak apr\u00f3, mindennapi d\u00f6nt\u00e9sek, amik id\u0151vel sokat ad\u00f3dnak.<\/p>\n\n\n\n<h3 class=\"wp-block-heading\">1. Zab<\/h3>\n\n\n\n<ul>\n<li>Gazdag oldhat\u00f3 rostokban, amelyek szab\u00e1lyozz\u00e1k a cukor felsz\u00edv\u00f3d\u00e1s\u00e1t<\/li>\n\n\n\n<li>Ide\u00e1lis t\u00e1pl\u00e1l\u00f3 reggelikhez<\/li>\n\n\n\n<li>Seg\u00edt fenntartani a j\u00f3llakotts\u00e1g \u00e9rz\u00e9s\u00e9t hosszabb ideig<\/li>\n<\/ul>\n\n\n\n<p>A zab a hasny\u00e1lmirigy egyik legjobb bar\u00e1tja. Oldhat\u00f3 rostjai lass\u00edtj\u00e1k az em\u00e9szt\u00e9st \u00e9s megakad\u00e1lyozz\u00e1k a gl\u00fck\u00f3zszint emelked\u00e9s\u00e9t.<\/p>\n\n\n\n<p>N\u00f6v\u00e9nyi tejjel is elk\u00e9sz\u00edtheted, fah\u00e9jjal, vagy ak\u00e1r friss gy\u00fcm\u00f6lccsel is \u00edzes\u00edtheted. Egy adag reggel mindent megv\u00e1ltoztat.<\/p>\n\n\n\n<h3 class=\"wp-block-heading\">2. Fah\u00e9j<\/h3>\n\n\n\n<ul>\n<li>Jav\u00edtja az inzulin\u00e9rz\u00e9kenys\u00e9get<\/li>\n\n\n\n<li>K\u00e1v\u00e9ba, gy\u00fcm\u00f6lcsbe vagy turmixokba is adhatod<\/li>\n\n\n\n<li>Antioxid\u00e1ns tulajdons\u00e1gokkal rendelkezik<\/li>\n<\/ul>\n\n\n\n<p>A fah\u00e9j nemcsak \u00edzt ad. Tanulm\u00e1nyok kimutatt\u00e1k, hogy seg\u00edthet az inzulin jobb m\u0171k\u00f6d\u00e9s\u00e9ben, lehet\u0151v\u00e9 t\u00e9ve a gl\u00fck\u00f3z k\u00f6nnyebb bejut\u00e1s\u00e1t a sejtekbe.<\/p>\n\n\n\n<p>M\u00e1r napi egy csipetnyi is el\u00e9g a v\u00e1ltoz\u00e1sok \u00e9szlel\u00e9s\u00e9hez. De ne feledd: ha lehets\u00e9ges, haszn\u00e1lj ceyloni fah\u00e9jat; gyakori fogyaszt\u00e1s eset\u00e9n ez a legbiztons\u00e1gosabb.<\/p>\n\n\n\n<h3 class=\"wp-block-heading\">3. H\u00fcvelyesek<\/h3>\n\n\n\n<ul>\n<li>A bab, a lencse \u00e9s a csicseribors\u00f3 alacsony glik\u00e9mi\u00e1s index\u0171.<\/li>\n\n\n\n<li>Feh\u00e9rj\u00e9t \u00e9s rostot biztos\u00edtanak an\u00e9lk\u00fcl, hogy n\u00f6veln\u00e9k a gl\u00fck\u00f3zszintet<\/li>\n\n\n\n<li>K\u00f6nnyen elk\u00e9sz\u00edthet\u0151 levesekben vagy sal\u00e1t\u00e1kban<\/li>\n<\/ul>\n\n\n\n<p>Szereted a babot? Szerencs\u00e9d van! Nagyszer\u0171en tartja a v\u00e9rcukorszintedet.<\/p>\n\n\n\n<p>\u00c9s nem csak ez: a sz\u00edvedre is vigy\u00e1znak, seg\u00edtik a beleidet, \u00e9s hosszabb ideig telts\u00e9g\u00e9rzetet biztos\u00edtanak.<\/p>\n\n\n\n<p>Hetente ak\u00e1r n\u00e9gyszer is fogyaszthatod \u0151ket probl\u00e9mamentesen.<\/p>\n\n\n\n<h3 class=\"wp-block-heading\">4. Avok\u00e1d\u00f3<\/h3>\n\n\n\n<ul>\n<li>Eg\u00e9szs\u00e9ges zs\u00edrokat tartalmaz<\/li>\n\n\n\n<li>Seg\u00edt cs\u00f6kkenteni a koleszterinszintet \u00e9s stabiliz\u00e1lni a cukrot<\/li>\n\n\n\n<li>Pir\u00edt\u00f3son vagy sal\u00e1t\u00e1kban is finom.<\/li>\n<\/ul>\n\n\n\n<p>Az avok\u00e1d\u00f3 z\u00f6ld arany a tested sz\u00e1m\u00e1ra.<\/p>\n\n\n\n<p>J\u00f3 zs\u00edrtartalma nemcsak a sz\u00edvet v\u00e9di, hanem lass\u00edtja az em\u00e9szt\u00e9st is, ami cs\u00f6kkenti a v\u00e9rcukorszint gyors emelked\u00e9s\u00e9t.<\/p>\n\n\n\n<p>Teljes ki\u0151rl\u00e9s\u0171 keny\u00e9rrel vagy barna rizzsel p\u00e1ros\u00edtva t\u00f6k\u00e9letes fog\u00e1st kapsz.<\/p>\n\n\n\n<h3 class=\"wp-block-heading\">5. Almaecet<\/h3>\n\n\n\n<ul>\n<li>Jav\u00edthatja a szervezet inzulinra adott v\u00e1lasz\u00e1t<\/li>\n\n\n\n<li>Sal\u00e1t\u00e1kban vagy v\u00edzben h\u00edg\u00edtva haszn\u00e1lhat\u00f3<\/li>\n\n\n\n<li>T\u00falzott haszn\u00e1lat el\u0151tt mindig konzult\u00e1ljon szakemberrel.<\/li>\n<\/ul>\n\n\n\n<p>A \u201eDiabetes Care\u201d c\u00edm\u0171 foly\u00f3iratban megjelent tanulm\u00e1ny kimutatta, hogy az almaecet lefekv\u00e9s el\u0151tti fogyaszt\u00e1sa cs\u00f6kkentheti az \u00e9homi v\u00e9rcukorszintet.<\/p>\n\n\n\n<p>De l\u00e9gy \u00f3vatos: nem mindenkinek szabad orvoshoz fordulni. Ha gyomorprobl\u00e9m\u00e1i vannak, vagy gy\u00f3gyszert szed, a legjobb, ha el\u0151sz\u00f6r konzult\u00e1l orvos\u00e1val.<\/p>\n\n\n\n<h2 class=\"wp-block-heading\">Hogyan szab\u00e1lyozhatja a gl\u00fck\u00f3zszintj\u00e9t mobiltelefonj\u00e1r\u00f3l<\/h2>\n\n\n\n<p>Az eg\u00e9szs\u00e9ges t\u00e1pl\u00e1lkoz\u00e1s kulcsfontoss\u00e1g\u00fa, de a szintek val\u00f3s idej\u0171 nyomon k\u00f6vet\u00e9se nagy k\u00fcl\u00f6nbs\u00e9get jelent.<\/p>\n\n\n\n<p>Manaps\u00e1g vannak <strong>megb\u00edzhat\u00f3 alkalmaz\u00e1sok<\/strong> amelyek lehet\u0151v\u00e9 teszik a tested \u00e1llapot\u00e1nak r\u00f6gz\u00edt\u00e9s\u00e9t, elemz\u00e9s\u00e9t \u00e9s meg\u00e9rt\u00e9s\u00e9t.<\/p>\n\n\n\n<p>Bemutatjuk a h\u00e1rmat a legaj\u00e1nlottabbak k\u00f6z\u00fcl<\/p>\n\n\n\n<p>R\u00e1ad\u00e1sul ezek az alkalmaz\u00e1sok nem bonyolultak. A h\u00e9tk\u00f6znapi emberek sz\u00e1m\u00e1ra k\u00e9sz\u00fcltek, \u00e9s nem ig\u00e9nyelnek technikai ismereteket.<\/p>\n\n\n\n<p>Csup\u00e1n a telefonodra \u00e9s a belev\u00e1gni v\u00e1gy\u00e1sra van sz\u00fcks\u00e9ged. Nyomon k\u00f6vetheted a napi rutinod, feljegyezheted az \u00e9tkez\u00e9seidet, megtekintheted a t\u00e1bl\u00e1zatokat, \u00e9s mindent megoszthatsz orvosoddal a k\u00f6vetkez\u0151 tal\u00e1lkoz\u00f3n.<\/p>\n\n\n\n<h3 class=\"wp-block-heading\">1. <a href=\"https:\/\/www.mysugr.com\/en\">mySugr<\/a>Cukorbetegs\u00e9g Napl\u00f3ja<\/h3>\n\n\n\n<ul>\n<li>Jegyezd fel a gl\u00fck\u00f3z-, sz\u00e9nhidr\u00e1t- \u00e9s fizikai aktivit\u00e1sodat<\/li>\n\n\n\n<li>\u00c1ttekinthet\u0151 grafik\u00e1t \u00e9s napi motiv\u00e1ci\u00f3t k\u00edn\u00e1l<\/li>\n\n\n\n<li>Ide\u00e1lis 1-es \u00e9s 2-es t\u00edpus\u00fa cukorbetegs\u00e9gben szenved\u0151k sz\u00e1m\u00e1ra<\/li>\n\n\n\n<li>Integr\u00e1ci\u00f3 m\u00e9r\u0151eszk\u00f6z\u00f6kkel<\/li>\n<\/ul>\n\n\n\n<blockquote class=\"wp-block-quote\">\n<p><em>\u201eEz az alkalmaz\u00e1s seg\u00edt mindent k\u00e9zben tartani komplik\u00e1ci\u00f3k n\u00e9lk\u00fcl.\u201d<\/em> \u2014 el\u00e9gedett felhaszn\u00e1l\u00f3<\/p>\n<\/blockquote>\n\n\n\n<p>A mySugr sz\u00e9ps\u00e9ge abban rejlik, hogy nem csak adatokat r\u00f6gz\u00edt. B\u00e1tor\u00edt is, bar\u00e1ts\u00e1gos eml\u00e9keztet\u0151ket ad, s\u0151t, m\u00e9g dics\u00e9r is, ha j\u00f3l teljes\u00edtesz.<\/p>\n\n\n\n<p>Olyan, mintha egy eg\u00e9szs\u00e9g\u00fcgyi t\u00e1rs lenne a zsebedben.<\/p>\n\n\n\n<p><\/p>\n\n\n\n<hr class=\"wp-block-separator has-alpha-channel-opacity is-style-wide\" \/>\n\n\n\n<h5 class=\"wp-block-heading has-text-align-left\"><strong><mark class=\"has-inline-color has-luminous-vivid-amber-color\"><strong><mark class=\"has-inline-color has-luminous-vivid-amber-color\"><a>\ud83d\udc49 <\/a><strong><mark class=\"has-inline-color has-luminous-vivid-amber-color\"><strong>T\u00f6ltsd le az alkalmaz\u00e1st:<\/strong><\/mark><\/strong><\/mark><\/strong><\/mark><\/strong><\/h5>\n\n\n    <section class=\"mx-1 my-10\">\n                                                <a href=\"https:\/\/www.mysugr.com\/en\" class=\"text-white\" data-analytics-label=\"optionsButton\"\n                    data-action=\"analytics#trackCTA\">\n                    <div data-options-target=\"option\"\n                        class=\"custom-section rounded-xl border p-3 shadow-md w-full bg-green-700 my-3\">\n                        <div class=\"flex w-full items-center justify-between\">\n                            <div class=\"flex items-center space-x-3\">\n                                <div class=\"text-lg font-bold\">\n                                    mySugr \u279d\n                                <\/div>\n                            <\/div>\n                        <\/div>\n                    <\/div>\n                <\/a>\n                            <p class=\"text-xs text-gray-500 text-right\"\n            style=\"margin-left: 50%; margin-bottom: 50px; margin-top: 5px;\">\n            <!-- You will be redirected to another website -->\n        <\/p>\n    <\/section>\n\n\n\n\n<p class=\"has-text-align-right\"><em><strong><em><strong><em><strong><em><strong><em><strong><em><strong><em><strong><em><strong><em><strong><em><strong>\u00c1t leszel ir\u00e1ny\u00edtva egy m\u00e1sik oldalra!<\/strong><\/em><\/strong><\/em><\/strong><\/em><\/strong><\/em><\/strong><\/em><\/strong><\/em><\/strong><\/em><\/strong><\/em><\/strong><\/em><\/strong><\/em><\/p>\n\n\n\n<hr class=\"wp-block-separator has-alpha-channel-opacity is-style-wide\" \/>\n\n\n\n<p><\/p>\n\n\n\n<h3 class=\"wp-block-heading\">2. Gl\u00fck\u00f3z haver<\/h3>\n\n\n\n<ul>\n<li>Gl\u00fck\u00f3z-, inzulin- \u00e9s gy\u00f3gyszermonitoroz\u00e1s<\/li>\n\n\n\n<li>Eml\u00e9keztet\u0151 \u00e9s \u00e9tkez\u00e9stervez\u00e9si funkci\u00f3k<\/li>\n\n\n\n<li>Szem\u00e9lyre szabott jegyzetek a napi rutinhoz<\/li>\n\n\n\n<li>Kezd\u0151 \u00e9s halad\u00f3 felhaszn\u00e1l\u00f3k sz\u00e1m\u00e1ra is alkalmas<\/li>\n<\/ul>\n\n\n\n<blockquote class=\"wp-block-quote\">\n<p><em>\u201eAmi\u00f3ta elkezdtem haszn\u00e1lni a Glucose Buddy-t, az \u00e9rt\u00e9keim stabilabbak.\u201d<\/em><\/p>\n<\/blockquote>\n\n\n\n<p>A Glucose Buddy kiemelkedik a k\u00f6nny\u0171 haszn\u00e1lhat\u00f3s\u00e1g\u00e1val. N\u00e9h\u00e1ny koppint\u00e1ssal r\u00f6gz\u00edthetsz, \u00e9s l\u00e1thatod, hogyan v\u00e1ltoznak az \u00e9rt\u00e9keid az id\u0151 m\u00fal\u00e1s\u00e1val.<\/p>\n\n\n\n<p>R\u00e1ad\u00e1sul, ha elfelejted bevenni a gy\u00f3gyszered vagy megm\u00e9rni a gl\u00fck\u00f3zodat, az alkalmaz\u00e1s stresszmentesen \u00e9rtes\u00edt.<\/p>\n\n\n\n<p><\/p>\n\n\n\n<hr class=\"wp-block-separator has-alpha-channel-opacity is-style-wide\" \/>\n\n\n\n<h5 class=\"wp-block-heading has-text-align-left\"><strong><mark class=\"has-inline-color has-luminous-vivid-amber-color\"><strong><mark class=\"has-inline-color has-luminous-vivid-amber-color\"><a>\ud83d\udc49 <\/a><strong><mark class=\"has-inline-color has-luminous-vivid-amber-color\"><strong>T\u00f6ltsd le az alkalmaz\u00e1st:<\/strong><\/mark><\/strong><\/mark><\/strong><\/mark><\/strong><\/h5>\n\n\n    <section class=\"mx-1 my-10\">\n                                                <a href=\"https:\/\/www.glucosebuddy.com\/\" class=\"text-white\" data-analytics-label=\"optionsButton\"\n                    data-action=\"analytics#trackCTA\">\n                    <div data-options-target=\"option\"\n                        class=\"custom-section rounded-xl border p-3 shadow-md w-full bg-green-700 my-3\">\n                        <div class=\"flex w-full items-center justify-between\">\n                            <div class=\"flex items-center space-x-3\">\n                                <div class=\"text-lg font-bold\">\n                                    Gl\u00fck\u00f3z haver \u279d\n                                <\/div>\n                            <\/div>\n                        <\/div>\n                    <\/div>\n                <\/a>\n                            <p class=\"text-xs text-gray-500 text-right\"\n            style=\"margin-left: 50%; margin-bottom: 50px; margin-top: 5px;\">\n            <!-- You will be redirected to another website -->\n        <\/p>\n    <\/section>\n\n\n\n\n<p class=\"has-text-align-right\"><em><strong><em><strong><em><strong><em><strong><em><strong><em><strong><em><strong><em><strong><em><strong><em><strong>\u00c1t leszel ir\u00e1ny\u00edtva egy m\u00e1sik oldalra!<\/strong><\/em><\/strong><\/em><\/strong><\/em><\/strong><\/em><\/strong><\/em><\/strong><\/em><\/strong><\/em><\/strong><\/em><\/strong><\/em><\/strong><\/em><\/p>\n\n\n\n<hr class=\"wp-block-separator has-alpha-channel-opacity is-style-wide\" \/>\n\n\n\n<p><\/p>\n\n\n\n<h3 class=\"wp-block-heading\">3. Cukorbetegs\u00e9g:M<\/h3>\n\n\n\n<ul>\n<li>A cukorszint teljes k\u00f6r\u0171 ellen\u0151rz\u00e9se<\/li>\n\n\n\n<li>R\u00e9szletes jelent\u00e9sek, amelyeket megoszthat orvos\u00e1val<\/li>\n\n\n\n<li>Inzulin b\u00f3lus kalkul\u00e1tor<\/li>\n\n\n\n<li>Kiv\u00e1l\u00f3 felhaszn\u00e1l\u00f3bar\u00e1t fel\u00fclet<\/li>\n<\/ul>\n\n\n\n<blockquote class=\"wp-block-quote\">\n<p><em>\u201eOlyan, mintha egy szem\u00e9lyi eg\u00e9szs\u00e9g\u00fcgyi asszisztens lenne a zsebedben.\u201d<\/em><\/p>\n<\/blockquote>\n\n\n\n<p>A Diabetes:M nagyon \u00e1tfog\u00f3. B\u00e1r sz\u00e1mos funkci\u00f3t k\u00edn\u00e1l, m\u00e9gis vil\u00e1gos \u00e9s k\u00f6nnyen haszn\u00e1lhat\u00f3. Ide\u00e1lis, ha m\u00e9lyrehat\u00f3an szeretn\u00e9d meg\u00e9rteni, hogyan reag\u00e1l a tested a k\u00fcl\u00f6nb\u00f6z\u0151 \u00e9telekre vagy tev\u00e9kenys\u00e9gekre.<\/p>\n\n\n\n<p><\/p>\n\n\n\n<hr class=\"wp-block-separator has-alpha-channel-opacity is-style-wide\" \/>\n\n\n\n<h5 class=\"wp-block-heading has-text-align-left\"><strong><mark class=\"has-inline-color has-luminous-vivid-amber-color\"><strong><mark class=\"has-inline-color has-luminous-vivid-amber-color\"><a>\ud83d\udc49 <\/a><strong><mark class=\"has-inline-color has-luminous-vivid-amber-color\"><strong>T\u00f6ltsd le az alkalmaz\u00e1st:<\/strong><\/mark><\/strong><\/mark><\/strong><\/mark><\/strong><\/h5>\n\n\n    <section class=\"mx-1 my-10\">\n                                                <a href=\"https:\/\/diabetes-m.com\/\" class=\"text-white\" data-analytics-label=\"optionsButton\"\n                    data-action=\"analytics#trackCTA\">\n                    <div data-options-target=\"option\"\n                        class=\"custom-section rounded-xl border p-3 shadow-md w-full bg-green-700 my-3\">\n                        <div class=\"flex w-full items-center justify-between\">\n                            <div class=\"flex items-center space-x-3\">\n                                <div class=\"text-lg font-bold\">\n                                    Cukorbetegs\u00e9g:M \u279d\n                                <\/div>\n                            <\/div>\n                        <\/div>\n                    <\/div>\n                <\/a>\n                            <p class=\"text-xs text-gray-500 text-right\"\n            style=\"margin-left: 50%; margin-bottom: 50px; margin-top: 5px;\">\n            <!-- You will be redirected to another website -->\n        <\/p>\n    <\/section>\n\n\n\n\n<p class=\"has-text-align-right\"><em><strong><em><strong><em><strong><em><strong><em><strong><em><strong><em><strong><em><strong><em><strong><em><strong>\u00c1t leszel ir\u00e1ny\u00edtva egy m\u00e1sik oldalra!<\/strong><\/em><\/strong><\/em><\/strong><\/em><\/strong><\/em><\/strong><\/em><\/strong><\/em><\/strong><\/em><\/strong><\/em><\/strong><\/em><\/strong><\/em><\/p>\n\n\n\n<hr class=\"wp-block-separator has-alpha-channel-opacity is-style-wide\" \/>\n\n\n\n<p><\/p>\n\n\n\n<h2 class=\"wp-block-heading\">Gyakorlati tippek a gl\u00fck\u00f3zszint szab\u00e1lyoz\u00e1s\u00e1hoz<\/h2>\n\n\n\n<p>Az alkalmaz\u00e1sok haszn\u00e1lata \u00e9s az eg\u00e9szs\u00e9ges \u00e9tkez\u00e9s mellett vannak apr\u00f3 szok\u00e1sok is, amelyek sokat seg\u00edtenek.<\/p>\n\n\n\n<p>\u00cdme egy lista azokr\u00f3l az egyszer\u0171 dolgokr\u00f3l, amelyeket ma elkezdhetsz:<\/p>\n\n\n\n<ul>\n<li>Egy\u00e9l rendszeres id\u0151pontokban<\/li>\n\n\n\n<li>Ker\u00fcld a nagy mennyis\u00e9g\u0171 cukrot \u00e9s finom\u00edtott sz\u00e9nhidr\u00e1tokat<\/li>\n\n\n\n<li>S\u00e9t\u00e1ljon naponta 20-30 percet<\/li>\n\n\n\n<li>Igy\u00e1l sok vizet, k\u00fcl\u00f6n\u00f6sen az \u00e9tkez\u00e9sek k\u00f6z\u00f6tt<\/li>\n\n\n\n<li>A j\u00f3 alv\u00e1s seg\u00edt stabiliz\u00e1lni a cukorszintet is.<\/li>\n\n\n\n<li>Ne hagyj ki \u00e9tkez\u00e9seket, mert ez gl\u00fck\u00f3zemelked\u00e9st okozhat.<\/li>\n<\/ul>\n\n\n\n<h3 class=\"wp-block-heading\">Jelek, hogy j\u00f3 \u00faton j\u00e1rsz<\/h3>\n\n\n\n<ul>\n<li>Energikusabbnak \u00e9rzed magad<\/li>\n\n\n\n<li>Jobban alszol<\/li>\n\n\n\n<li>K\u00f6nnyed\u00e9n fogysz<\/li>\n\n\n\n<li>Kevesebb \u00e9dess\u00e9g ut\u00e1ni v\u00e1gy<\/li>\n\n\n\n<li>Javul a hangulatod<\/li>\n\n\n\n<li>A v\u00e9rvizsg\u00e1lataid javul\u00e1st mutatnak<\/li>\n<\/ul>\n\n\n\n<p>\u00c9s ha valaha kudarcot vallasz, ne ostorozd magad. Mindannyiunknak vannak neh\u00e9z napjai. A l\u00e9nyeg az, hogy \u00f6nszeretettel \u00e9s kitart\u00e1ssal kezdj\u00fck \u00fajra.<\/p>\n\n\n<div class=\"wp-block-image\">\n<figure class=\"aligncenter size-full\"><img loading=\"lazy\" decoding=\"async\" width=\"550\" height=\"350\" src=\"https:\/\/universofamilia.com\/wp-content\/uploads\/sites\/148\/2025\/06\/DESTAQUE-UNIVERSO-550-x-350-2.jpg\" alt=\"\" class=\"wp-image-9497\" srcset=\"https:\/\/universofamilia.com\/wp-content\/uploads\/sites\/148\/2025\/06\/DESTAQUE-UNIVERSO-550-x-350-2.jpg 550w, https:\/\/universofamilia.com\/wp-content\/uploads\/sites\/148\/2025\/06\/DESTAQUE-UNIVERSO-550-x-350-2-300x191.jpg 300w, https:\/\/universofamilia.com\/wp-content\/uploads\/sites\/148\/2025\/06\/DESTAQUE-UNIVERSO-550-x-350-2-18x12.jpg 18w\" sizes=\"(max-width: 550px) 100vw, 550px\" \/><figcaption class=\"wp-element-caption\">5 legjobb \u00e9tel, ami cs\u00f6kkenti a v\u00e9rcukorszintet<\/figcaption><\/figure><\/div>\n\n\n<h2 class=\"wp-block-heading\">Val\u00f3s esetek: m\u00e1sok mit \u00e9rtek el<\/h2>\n\n\n\n<p>A 62 \u00e9ves Ana hat h\u00f3napja kezdett el haszn\u00e1lni egy nyomk\u00f6vet\u0151 alkalmaz\u00e1st. Fah\u00e9jas zabk\u00e1s\u00e1t reggelire v\u00e1ltott, \u00e9s napi s\u00e9t\u00e1kat vezetett be.<\/p>\n\n\n\n<p>Ma m\u00e1r inzulin n\u00e9lk\u00fcl is kontroll alatt van a v\u00e9rcukorszintje. \u201e\u00c9l\u00e9nkebbnek \u00e9rzem magam, mint valaha\u201d \u2013 mondja b\u00fcszk\u00e9n.<\/p>\n\n\n\n<p>Carlos, egy 48 \u00e9ves f\u00e9rfi, mindig is ker\u00fclte a technol\u00f3gi\u00e1t. De unok\u00e1ja seg\u00edts\u00e9g\u00e9vel let\u00f6lt\u00f6tte a Glucose Buddy alkalmaz\u00e1st.<\/p>\n\n\n\n<p>Most m\u00e1r maga is \u00e1ttekinti az adatait, \u00e9s minden vizsg\u00e1laton megosztja az eredm\u00e9nyeket az orvos\u00e1val. \u201eSoha nem gondoltam volna, hogy egy mobiltelefon ennyit seg\u00edthet nekem\u201d \u2013 mondja nevetve.<\/p>\n\n\n\n<h2 class=\"wp-block-heading\">Cselekedj m\u00e9g ma!<\/h2>\n\n\n\n<p>Az eg\u00e9szs\u00e9ged meg\u0151rz\u00e9se k\u00f6nnyebb lehet, mint gondoln\u00e1d.<\/p>\n\n\n\n<p>Kezdje m\u00e9g ma azzal, hogy hat\u00e9kony \u00e9teleket \u00e9p\u00edt be az \u00e9trendj\u00e9be, \u00e9s olyan technol\u00f3giai eszk\u00f6z\u00f6ket haszn\u00e1l, amelyek l\u00e9p\u00e9sr\u0151l l\u00e9p\u00e9sre vezetik \u00d6nt. <strong>Nem vagy egyed\u00fcl ezen az \u00faton<\/strong><\/p>\n\n\n\n<p>Kezd azzal, hogy zabpelyhet vagy fah\u00e9jat adsz az \u00e9teleidhez. T\u00f6ltsd le az aj\u00e1nlott alkalmaz\u00e1sok egyik\u00e9t.<\/p>\n\n\n\n<p>Egy h\u00e9ten kereszt\u00fcl minden \u00e9tkez\u00e9s ut\u00e1n jegyezd fel a v\u00e9rcukorszintedet.<\/p>\n\n\n\n<p>\u00c9szre fogod venni a v\u00e1ltoz\u00e1sokat. A tested h\u00e1l\u00e1s lesz \u00e9rte.<\/p>\n\n\n\n<p>Az eg\u00e9szs\u00e9ged a leg\u00e9rt\u00e9kesebb kincsed! \u00c9s most m\u00e1r rendelkezel a tud\u00e1ssal, hogy megv\u00e9dd.<\/p>\n\n\n\n<p><strong>T\u00f6lts le egy alkalmaz\u00e1st m\u00e9g ma, pr\u00f3b\u00e1lj ki egy \u00faj, eg\u00e9szs\u00e9ges \u00e9telt, \u00e9s tedd meg az els\u0151 l\u00e9p\u00e9st a jobb k\u00f6z\u00e9rzet fel\u00e9.<\/strong><\/p>","protected":false},"excerpt":{"rendered":"<p>Az 5 legjobb v\u00e9rcukorszint-cs\u00f6kkent\u0151 \u00e9tel alapvet\u0151 \u00fatmutat\u00f3 azok sz\u00e1m\u00e1ra, akik term\u00e9szetes \u00faton szeretn\u00e9k jav\u00edtani eg\u00e9szs\u00e9g\u00fcket. Mit szeretne el\u0151sz\u00f6r tenni? Ugyanott marad. Ha agg\u00f3dik a v\u00e9rcukorszintje miatt, ez a cikk \u00d6nnek sz\u00f3l. Itt felfedezheti a legfontosabb \u00e9teleket, gyakorlati tippeket \u00e9s megb\u00edzhat\u00f3 alkalmaz\u00e1sokat, amelyek seg\u00edtenek [\u2026]<\/p>","protected":false},"author":139,"featured_media":9497,"comment_status":"closed","ping_status":"open","sticky":false,"template":"","format":"standard","meta":{"footnotes":""},"categories":[3],"tags":[2219,2217,2296,1879,2075],"yoast_head":"<!-- This site is optimized with the Yoast SEO plugin v23.3 - https:\/\/yoast.com\/wordpress\/plugins\/seo\/ -->\n<title>TOP 5 alimentos que bajan el az\u00facar en sangre - Universo Fam\u00edlia<\/title>\n<meta name=\"description\" content=\"TOP 5 alimentos que bajan el az\u00facar en sangre. Top 5 alimentos que bajan el az\u00facar en sangre es una gu\u00eda esencial para quienes desean...\" \/>\n<meta name=\"robots\" content=\"index, follow, max-snippet:-1, max-image-preview:large, max-video-preview:-1\" \/>\n<link rel=\"canonical\" href=\"http:\/\/universofamilia.com\/hu\/top-5-alimentos-que-bajan-el-azucar-en-sangre\/\" \/>\n<meta property=\"og:locale\" content=\"hu_HU\" \/>\n<meta property=\"og:type\" content=\"article\" \/>\n<meta property=\"og:title\" content=\"TOP 5 alimentos que bajan el az\u00facar en sangre - Universo Fam\u00edlia\" \/>\n<meta property=\"og:description\" content=\"TOP 5 alimentos que bajan el az\u00facar en sangre. Top 5 alimentos que bajan el az\u00facar en sangre es una gu\u00eda esencial para quienes desean...\" \/>\n<meta property=\"og:url\" content=\"http:\/\/universofamilia.com\/hu\/top-5-alimentos-que-bajan-el-azucar-en-sangre\/\" \/>\n<meta property=\"og:site_name\" content=\"Universo Fam\u00edlia\" \/>\n<meta property=\"article:published_time\" content=\"2025-06-03T20:32:01+00:00\" \/>\n<meta property=\"article:modified_time\" content=\"2025-06-03T20:32:03+00:00\" \/>\n<meta property=\"og:image\" content=\"http:\/\/universofamilia.com\/wp-content\/uploads\/sites\/148\/2025\/06\/DESTAQUE-UNIVERSO-550-x-350-2.jpg\" \/>\n\t<meta property=\"og:image:width\" content=\"550\" \/>\n\t<meta property=\"og:image:height\" content=\"350\" \/>\n\t<meta property=\"og:image:type\" content=\"image\/jpeg\" \/>\n<meta name=\"author\" content=\"Pedro Henrique\" \/>\n<meta name=\"twitter:card\" content=\"summary_large_image\" \/>\n<meta name=\"twitter:label1\" content=\"Written by\" \/>\n\t<meta name=\"twitter:data1\" content=\"Pedro Henrique\" \/>\n\t<meta name=\"twitter:label2\" content=\"Est. reading time\" \/>\n\t<meta name=\"twitter:data2\" content=\"9 perc\" \/>\n<script type=\"application\/ld+json\" class=\"yoast-schema-graph\">{\"@context\":\"https:\/\/schema.org\",\"@graph\":[{\"@type\":\"WebPage\",\"@id\":\"http:\/\/universofamilia.com\/da\/top-5-alimentos-que-bajan-el-azucar-en-sangre\/\",\"url\":\"http:\/\/universofamilia.com\/da\/top-5-alimentos-que-bajan-el-azucar-en-sangre\/\",\"name\":\"TOP 5 alimentos que bajan el az\u00facar en sangre - Universo Fam\u00edlia\",\"isPartOf\":{\"@id\":\"https:\/\/universofamilia.com\/el\/#website\"},\"primaryImageOfPage\":{\"@id\":\"http:\/\/universofamilia.com\/da\/top-5-alimentos-que-bajan-el-azucar-en-sangre\/#primaryimage\"},\"image\":{\"@id\":\"http:\/\/universofamilia.com\/da\/top-5-alimentos-que-bajan-el-azucar-en-sangre\/#primaryimage\"},\"thumbnailUrl\":\"https:\/\/universofamilia.com\/wp-content\/uploads\/sites\/148\/2025\/06\/DESTAQUE-UNIVERSO-550-x-350-2.jpg\",\"datePublished\":\"2025-06-03T20:32:01+00:00\",\"dateModified\":\"2025-06-03T20:32:03+00:00\",\"author\":{\"@id\":\"https:\/\/universofamilia.com\/el\/#\/schema\/person\/f07ce98187dd84d31154262e79b3b7ca\"},\"description\":\"TOP 5 alimentos que bajan el az\u00facar en sangre. Top 5 alimentos que bajan el az\u00facar en sangre es una gu\u00eda esencial para quienes desean...\",\"breadcrumb\":{\"@id\":\"http:\/\/universofamilia.com\/da\/top-5-alimentos-que-bajan-el-azucar-en-sangre\/#breadcrumb\"},\"inLanguage\":\"hu\",\"potentialAction\":[{\"@type\":\"ReadAction\",\"target\":[\"http:\/\/universofamilia.com\/da\/top-5-alimentos-que-bajan-el-azucar-en-sangre\/\"]}]},{\"@type\":\"ImageObject\",\"inLanguage\":\"hu\",\"@id\":\"http:\/\/universofamilia.com\/da\/top-5-alimentos-que-bajan-el-azucar-en-sangre\/#primaryimage\",\"url\":\"https:\/\/universofamilia.com\/wp-content\/uploads\/sites\/148\/2025\/06\/DESTAQUE-UNIVERSO-550-x-350-2.jpg\",\"contentUrl\":\"https:\/\/universofamilia.com\/wp-content\/uploads\/sites\/148\/2025\/06\/DESTAQUE-UNIVERSO-550-x-350-2.jpg\",\"width\":550,\"height\":350,\"caption\":\"TOP 5 alimentos que bajan el az\u00facar en sangre\"},{\"@type\":\"BreadcrumbList\",\"@id\":\"http:\/\/universofamilia.com\/da\/top-5-alimentos-que-bajan-el-azucar-en-sangre\/#breadcrumb\",\"itemListElement\":[{\"@type\":\"ListItem\",\"position\":1,\"name\":\"Home\",\"item\":\"https:\/\/universofamilia.com\/el\/\"},{\"@type\":\"ListItem\",\"position\":2,\"name\":\"TOP 5 alimentos que bajan el az\u00facar en sangre\"}]},{\"@type\":\"WebSite\",\"@id\":\"https:\/\/universofamilia.com\/el\/#website\",\"url\":\"https:\/\/universofamilia.com\/el\/\",\"name\":\"Universo Fam\u00edlia\",\"description\":\"\",\"potentialAction\":[{\"@type\":\"SearchAction\",\"target\":{\"@type\":\"EntryPoint\",\"urlTemplate\":\"https:\/\/universofamilia.com\/el\/?s={search_term_string}\"},\"query-input\":\"required name=search_term_string\"}],\"inLanguage\":\"hu\"},{\"@type\":\"Person\",\"@id\":\"https:\/\/universofamilia.com\/el\/#\/schema\/person\/f07ce98187dd84d31154262e79b3b7ca\",\"name\":\"Pedro Henrique\",\"image\":{\"@type\":\"ImageObject\",\"inLanguage\":\"hu\",\"@id\":\"https:\/\/universofamilia.com\/el\/#\/schema\/person\/image\/\",\"url\":\"https:\/\/secure.gravatar.com\/avatar\/9edfeb808cb4e1599f64d6e45b130154?s=96&d=mm&r=g\",\"contentUrl\":\"https:\/\/secure.gravatar.com\/avatar\/9edfeb808cb4e1599f64d6e45b130154?s=96&d=mm&r=g\",\"caption\":\"Pedro Henrique\"},\"url\":\"https:\/\/universofamilia.com\/hu\/author\/editor01\/\"}]}<\/script>\n<!-- \/ Yoast SEO plugin. -->","yoast_head_json":{"title":"TOP 5 alimentos que bajan el az\u00facar en sangre - Universo Fam\u00edlia","description":"TOP 5 alimentos que bajan el az\u00facar en sangre. Top 5 alimentos que bajan el az\u00facar en sangre es una gu\u00eda esencial para quienes desean...","robots":{"index":"index","follow":"follow","max-snippet":"max-snippet:-1","max-image-preview":"max-image-preview:large","max-video-preview":"max-video-preview:-1"},"canonical":"http:\/\/universofamilia.com\/hu\/top-5-alimentos-que-bajan-el-azucar-en-sangre\/","og_locale":"hu_HU","og_type":"article","og_title":"TOP 5 alimentos que bajan el az\u00facar en sangre - Universo Fam\u00edlia","og_description":"TOP 5 alimentos que bajan el az\u00facar en sangre. Top 5 alimentos que bajan el az\u00facar en sangre es una gu\u00eda esencial para quienes desean...","og_url":"http:\/\/universofamilia.com\/hu\/top-5-alimentos-que-bajan-el-azucar-en-sangre\/","og_site_name":"Universo Fam\u00edlia","article_published_time":"2025-06-03T20:32:01+00:00","article_modified_time":"2025-06-03T20:32:03+00:00","og_image":[{"width":550,"height":350,"url":"http:\/\/universofamilia.com\/wp-content\/uploads\/sites\/148\/2025\/06\/DESTAQUE-UNIVERSO-550-x-350-2.jpg","type":"image\/jpeg"}],"author":"Pedro Henrique","twitter_card":"summary_large_image","twitter_misc":{"Written by":"Pedro Henrique","Est. reading time":"9 perc"},"schema":{"@context":"https:\/\/schema.org","@graph":[{"@type":"WebPage","@id":"http:\/\/universofamilia.com\/da\/top-5-alimentos-que-bajan-el-azucar-en-sangre\/","url":"http:\/\/universofamilia.com\/da\/top-5-alimentos-que-bajan-el-azucar-en-sangre\/","name":"TOP 5 alimentos que bajan el az\u00facar en sangre - Universo Fam\u00edlia","isPartOf":{"@id":"https:\/\/universofamilia.com\/el\/#website"},"primaryImageOfPage":{"@id":"http:\/\/universofamilia.com\/da\/top-5-alimentos-que-bajan-el-azucar-en-sangre\/#primaryimage"},"image":{"@id":"http:\/\/universofamilia.com\/da\/top-5-alimentos-que-bajan-el-azucar-en-sangre\/#primaryimage"},"thumbnailUrl":"https:\/\/universofamilia.com\/wp-content\/uploads\/sites\/148\/2025\/06\/DESTAQUE-UNIVERSO-550-x-350-2.jpg","datePublished":"2025-06-03T20:32:01+00:00","dateModified":"2025-06-03T20:32:03+00:00","author":{"@id":"https:\/\/universofamilia.com\/el\/#\/schema\/person\/f07ce98187dd84d31154262e79b3b7ca"},"description":"TOP 5 alimentos que bajan el az\u00facar en sangre. Top 5 alimentos que bajan el az\u00facar en sangre es una gu\u00eda esencial para quienes desean...","breadcrumb":{"@id":"http:\/\/universofamilia.com\/da\/top-5-alimentos-que-bajan-el-azucar-en-sangre\/#breadcrumb"},"inLanguage":"hu","potentialAction":[{"@type":"ReadAction","target":["http:\/\/universofamilia.com\/da\/top-5-alimentos-que-bajan-el-azucar-en-sangre\/"]}]},{"@type":"ImageObject","inLanguage":"hu","@id":"http:\/\/universofamilia.com\/da\/top-5-alimentos-que-bajan-el-azucar-en-sangre\/#primaryimage","url":"https:\/\/universofamilia.com\/wp-content\/uploads\/sites\/148\/2025\/06\/DESTAQUE-UNIVERSO-550-x-350-2.jpg","contentUrl":"https:\/\/universofamilia.com\/wp-content\/uploads\/sites\/148\/2025\/06\/DESTAQUE-UNIVERSO-550-x-350-2.jpg","width":550,"height":350,"caption":"TOP 5 alimentos que bajan el az\u00facar en sangre"},{"@type":"BreadcrumbList","@id":"http:\/\/universofamilia.com\/da\/top-5-alimentos-que-bajan-el-azucar-en-sangre\/#breadcrumb","itemListElement":[{"@type":"ListItem","position":1,"name":"Home","item":"https:\/\/universofamilia.com\/el\/"},{"@type":"ListItem","position":2,"name":"TOP 5 alimentos que bajan el az\u00facar en sangre"}]},{"@type":"WebSite","@id":"https:\/\/universofamilia.com\/el\/#website","url":"https:\/\/universofamilia.com\/el\/","name":"Universo Fam\u00edlia","description":"","potentialAction":[{"@type":"SearchAction","target":{"@type":"EntryPoint","urlTemplate":"https:\/\/universofamilia.com\/el\/?s={search_term_string}"},"query-input":"required name=search_term_string"}],"inLanguage":"hu"},{"@type":"Person","@id":"https:\/\/universofamilia.com\/el\/#\/schema\/person\/f07ce98187dd84d31154262e79b3b7ca","name":"Pedro Henrique","image":{"@type":"ImageObject","inLanguage":"hu","@id":"https:\/\/universofamilia.com\/el\/#\/schema\/person\/image\/","url":"https:\/\/secure.gravatar.com\/avatar\/9edfeb808cb4e1599f64d6e45b130154?s=96&d=mm&r=g","contentUrl":"https:\/\/secure.gravatar.com\/avatar\/9edfeb808cb4e1599f64d6e45b130154?s=96&d=mm&r=g","caption":"Pedro Henrique"},"url":"https:\/\/universofamilia.com\/hu\/author\/editor01\/"}]}},"_links":{"self":[{"href":"https:\/\/universofamilia.com\/hu\/wp-json\/wp\/v2\/posts\/9493"}],"collection":[{"href":"https:\/\/universofamilia.com\/hu\/wp-json\/wp\/v2\/posts"}],"about":[{"href":"https:\/\/universofamilia.com\/hu\/wp-json\/wp\/v2\/types\/post"}],"author":[{"embeddable":true,"href":"https:\/\/universofamilia.com\/hu\/wp-json\/wp\/v2\/users\/139"}],"replies":[{"embeddable":true,"href":"https:\/\/universofamilia.com\/hu\/wp-json\/wp\/v2\/comments?post=9493"}],"version-history":[{"count":1,"href":"https:\/\/universofamilia.com\/hu\/wp-json\/wp\/v2\/posts\/9493\/revisions"}],"predecessor-version":[{"id":9498,"href":"https:\/\/universofamilia.com\/hu\/wp-json\/wp\/v2\/posts\/9493\/revisions\/9498"}],"wp:featuredmedia":[{"embeddable":true,"href":"https:\/\/universofamilia.com\/hu\/wp-json\/wp\/v2\/media\/9497"}],"wp:attachment":[{"href":"https:\/\/universofamilia.com\/hu\/wp-json\/wp\/v2\/media?parent=9493"}],"wp:term":[{"taxonomy":"category","embeddable":true,"href":"https:\/\/universofamilia.com\/hu\/wp-json\/wp\/v2\/categories?post=9493"},{"taxonomy":"post_tag","embeddable":true,"href":"https:\/\/universofamilia.com\/hu\/wp-json\/wp\/v2\/tags?post=9493"}],"curies":[{"name":"wp","href":"https:\/\/api.w.org\/{rel}","templated":true}]}}