{"id":9499,"date":"2025-06-06T17:42:54","date_gmt":"2025-06-06T17:42:54","guid":{"rendered":"https:\/\/universofamilia.com\/?p=9499"},"modified":"2025-06-06T17:42:56","modified_gmt":"2025-06-06T17:42:56","slug":"buscas-personas-atractivas-e-interesantes-2","status":"publish","type":"post","link":"https:\/\/universofamilia.com\/hu\/buscas-personas-atractivas-e-interesantes-2\/","title":{"rendered":"Vonz\u00f3 \u00e9s \u00e9rdekes embereket keresel?"},"content":{"rendered":"<h4 class=\"wp-block-heading has-text-align-center\">Fedezz fel \u00faj kapcsolatokat most azonnal<\/h4>\n\n\n\n<p><\/p>\n\n\n\n<h5 class=\"wp-block-heading has-text-align-center\"><strong><mark class=\"has-inline-color has-vivid-cyan-blue-color\">V\u00e1lasszon egyet a lehet\u0151s\u00e9gek k\u00f6z\u00fcl!<\/mark><\/strong><\/h5>\n\n\n    <section class=\"mx-1 my-10\">\n                                                <a href=\"https:\/\/universofamilia.com\/hu\/aplicaciones-de-citas-2\/\" class=\"text-white\" data-analytics-label=\"optionsButton\"\n                    data-action=\"analytics#trackCTA\">\n                    <div data-options-target=\"option\"\n                        class=\"custom-section rounded-xl border p-3 shadow-md w-full bg-green-700 my-3\">\n                        <div class=\"flex w-full items-center justify-between\">\n                            <div class=\"flex items-center space-x-3\">\n                                <div class=\"text-lg font-bold\">\n                                    Komoly kapcsolat \u279d\n                                <\/div>\n                            <\/div>\n                        <\/div>\n                    <\/div>\n                <\/a>\n                                                            <a href=\"https:\/\/universofamilia.com\/hu\/descubriendo-nuevas-amistades\/\" class=\"text-white\" data-analytics-label=\"optionsButton\"\n                    data-action=\"analytics#trackCTA\">\n                    <div data-options-target=\"option\"\n                        class=\"custom-section rounded-xl border p-3 shadow-md w-full bg-green-700 my-3\">\n                        <div class=\"flex w-full items-center justify-between\">\n                            <div class=\"flex items-center space-x-3\">\n                                <div class=\"text-lg font-bold\">\n                                    Alkalmi kapcsolatok \u279d\n                                <\/div>\n                            <\/div>\n                        <\/div>\n                    <\/div>\n                <\/a>\n                                                            <a href=\"https:\/\/universofamilia.com\/hu\/el-amor-a-un-clic\/\" class=\"text-white\" data-analytics-label=\"optionsButton\"\n                    data-action=\"analytics#trackCTA\">\n                    <div data-options-target=\"option\"\n                        class=\"custom-section rounded-xl border p-3 shadow-md w-full bg-green-700 my-3\">\n                        <div class=\"flex w-full items-center justify-between\">\n                            <div class=\"flex items-center space-x-3\">\n                                <div class=\"text-lg font-bold\">\n                                    50 \u00e9v felettiek \u279d\n                                <\/div>\n                            <\/div>\n                        <\/div>\n                    <\/div>\n                <\/a>\n                            <p class=\"text-xs text-gray-500 text-right hidden\"\n            style=\"margin-left: 50%; margin-bottom: 50px; margin-top: 5px;\">\n            <!-- You will be redirected to another website -->\n        <\/p>\n    <\/section>\n\n\n\n\n<p class=\"has-text-align-right\"><strong><em>Ugyanott fog maradni!<\/em><\/strong><\/p>\n\n\n\n<hr class=\"wp-block-separator has-alpha-channel-opacity is-style-wide\" \/>\n\n\n\n<p><\/p>\n\n\n\n<h3 class=\"wp-block-heading\">Adj es\u00e9lyt a digit\u00e1lis szerelemnek<\/h3>\n\n\n\n<h3 class=\"wp-block-heading\">Nem sz\u00e1m\u00edt, milyen id\u0151s vagy, mindig van valaki, aki v\u00e1r r\u00e1d<\/h3>\n\n\n\n<p><strong>Vonz\u00f3 \u00e9s \u00e9rdekes embereket keresel?<\/strong> de nem tudod, hol kezdjed?<\/p>\n\n\n\n<p>Akkor j\u00f3 helyen j\u00e1rsz. Mindannyian t\u00e1rsas\u00e1gra v\u00e1gyunk, valakire, akivel j\u00f3kat besz\u00e9lgethet\u00fcnk, egy mosolyra, vagy ak\u00e1r egy szerelmi t\u00f6rt\u00e9netre.<\/p>\n\n\n\n<p>\u00c9s b\u00e1r bonyolultnak t\u0171nhet, ma m\u00e1r k\u00f6nnyebb, mint valaha. <a href=\"https:\/\/universofamilia.com\/hu\/aplicaciones-de-citas-2\/\">tal\u00e1lj valaki k\u00fcl\u00f6nlegeset<\/a> a t\u00e1rskeres\u0151 alkalmaz\u00e1soknak k\u00f6sz\u00f6nhet\u0151en.<\/p>\n\n\n\n<p>A technol\u00f3gia m\u00e1r nem csak a fiatalok\u00e9.<\/p>\n\n\n\n<p>A randialkalmaz\u00e1sok m\u00e1ra m\u00e1r mindenkit befogadnak: az igazi bar\u00e1ts\u00e1gra v\u00e1gy\u00f3 id\u0151sekt\u0151l kezdve az egyed\u00fcl\u00e1ll\u00f3 feln\u0151ttekig, akik \u00faj es\u00e9lyt keresnek a szerelemre.<\/p>\n\n\n\n<p>A legjobb az eg\u00e9szben, hogy nem kell tech szak\u00e9rt\u0151nek lenned. Ha tudod, hogyan kell haszn\u00e1lni a WhatsAppot vagy YouTube-vide\u00f3kat n\u00e9zni, akkor ezeket az alkalmaz\u00e1sokat gond n\u00e9lk\u00fcl haszn\u00e1lhatod.<\/p>\n\n\n\n<p>Itt felfedezheted <strong>h\u00e1rom val\u00f3di, megb\u00edzhat\u00f3 \u00e9s n\u00e9pszer\u0171 alkalmaz\u00e1s<\/strong> ami hasonl\u00f3 gondolkod\u00e1s\u00fa emberekkel fog \u00f6sszek\u00f6tni.<\/p>\n\n\n\n<p>Megtanulod, hogyan m\u0171k\u00f6dnek, hogyan kezdj hozz\u00e1, \u00e9s hogyan haszn\u00e1ld ki az egyes eszk\u00f6z\u00f6ket, hogy igaz\u00e1n \u00e9rdekes, lebilincsel\u0151 \u00e9s hiteles emberekkel tal\u00e1lkozz.<\/p>\n\n\n\n<p>R\u00e1ad\u00e1sul mindent l\u00e9p\u00e9sr\u0151l l\u00e9p\u00e9sre elmagyar\u00e1znak, egyszer\u0171 p\u00e9ld\u00e1kkal \u00e9s bonyolult szavak n\u00e9lk\u00fcl.<\/p>\n\n\n\n<p>K\u00e9sz\u00fclj fel, mert a cikk elolvas\u00e1sa ut\u00e1n minden a birtokodban lesz, amire sz\u00fcks\u00e9ged van ahhoz, hogy megtedd az els\u0151 l\u00e9p\u00e9st az \u00faj kapcsolatok, a m\u00e9lyebb kapcsol\u00f3d\u00e1s, \u00e9s mi\u00e9rt ne, a nagyobb boldogs\u00e1g fel\u00e9.<\/p>\n\n\n\n<p><\/p>\n\n\n\n<hr class=\"wp-block-separator has-alpha-channel-opacity is-style-wide\" \/>\n\n\n\n<h4 class=\"wp-block-heading has-text-align-center\"><strong><mark class=\"has-inline-color has-luminous-vivid-orange-color\">Olvasd el ezt is<\/mark><\/strong><\/h4>\n\n\n    <section class=\"mx-1 my-10\">\n                                                <a href=\"https:\/\/universofamilia.com\/hu\/lp-filmes-asiaticos\/\" class=\"text-white\" data-analytics-label=\"optionsButton\"\n                    data-action=\"analytics#trackCTA\">\n                    <div data-options-target=\"option\"\n                        class=\"custom-section rounded-xl border p-3 shadow-md w-full bg-green-700 my-3\">\n                        <div class=\"flex w-full items-center justify-between\">\n                            <div class=\"flex items-center space-x-3\">\n                                <div class=\"text-lg font-bold\">\n                                    App koreai dr\u00e1m\u00e1k n\u00e9z\u00e9s\u00e9hez \u279d\n                                <\/div>\n                            <\/div>\n                        <\/div>\n                    <\/div>\n                <\/a>\n                                                            <a href=\"https:\/\/universofamilia.com\/hu\/lp-recuperar-fotos\/\" class=\"text-white\" data-analytics-label=\"optionsButton\"\n                    data-action=\"analytics#trackCTA\">\n                    <div data-options-target=\"option\"\n                        class=\"custom-section rounded-xl border p-3 shadow-md w-full bg-green-700 my-3\">\n                        <div class=\"flex w-full items-center justify-between\">\n                            <div class=\"flex items-center space-x-3\">\n                                <div class=\"text-lg font-bold\">\n                                    T\u00f6r\u00f6lt fot\u00f3k helyre\u00e1ll\u00edt\u00e1sa ezzel az alkalmaz\u00e1ssal!  \u279d\n                                <\/div>\n                            <\/div>\n                        <\/div>\n                    <\/div>\n                <\/a>\n                                                            <a href=\"https:\/\/universofamilia.com\/hu\/el-amor-a-un-clic\/\" class=\"text-white\" data-analytics-label=\"optionsButton\"\n                    data-action=\"analytics#trackCTA\">\n                    <div data-options-target=\"option\"\n                        class=\"custom-section rounded-xl border p-3 shadow-md w-full bg-green-700 my-3\">\n                        <div class=\"flex w-full items-center justify-between\">\n                            <div class=\"flex items-center space-x-3\">\n                                <div class=\"text-lg font-bold\">\n                                    Fedezd fel az ide\u00e1lis t\u00e1rskeres\u0151 alkalmaz\u00e1st \u279d\n                                <\/div>\n                            <\/div>\n                        <\/div>\n                    <\/div>\n                <\/a>\n                            <p class=\"text-xs text-gray-500 text-right hidden\"\n            style=\"margin-left: 50%; margin-bottom: 50px; margin-top: 5px;\">\n            <!-- You will be redirected to another website -->\n        <\/p>\n    <\/section>\n\n\n\n\n<p class=\"has-text-align-right\"><em><strong><em><strong><em><strong><em><strong><em><strong>Ugyanott fog maradni!<\/strong><\/em><\/strong><\/em><\/strong><\/em><\/strong><\/em><\/strong><\/em><\/p>\n\n\n\n<hr class=\"wp-block-separator has-alpha-channel-opacity is-style-wide\" \/>\n\n\n\n<p><\/p>\n\n\n\n<h2 class=\"wp-block-heading\">Mi\u00e9rt \u00e9rdemes alkalmaz\u00e1st haszn\u00e1lni vonz\u00f3 emberekkel val\u00f3 tal\u00e1lkoz\u00e1shoz?<\/h2>\n\n\n\n<p>A mai felgyorsult \u00e9letst\u00edlus mellett neh\u00e9z naponta \u00faj emberekkel tal\u00e1lkozni.<\/p>\n\n\n\n<p>Kevesebbet j\u00e1runk ki, t\u00f6bbet dolgozunk, \u00e9s gyakran a bar\u00e1ti k\u00f6r\u00fcnk is cs\u00f6kken.<\/p>\n\n\n\n<p>Teljesen norm\u00e1lis, ha kicsit elt\u00e1volodsz a t\u00e1rsas\u00e1gt\u00f3l, de ez nem jelenti azt, hogy belet\u00f6r\u0151dsz. A t\u00e1rskeres\u0151 alkalmaz\u00e1soknak k\u00f6sz\u00f6nhet\u0151en \u00fajra megnyithatod a k\u00f6z\u00f6ss\u00e9gi vil\u00e1godat a telefonodr\u00f3l.<\/p>\n\n\n\n<p>Ezek az eszk\u00f6z\u00f6k \u00fagy lettek kialak\u00edtva, hogy val\u00f3di, a tart\u00f3zkod\u00e1si helyedhez k\u00f6zeli, kompatibilis \u00e9rdekl\u0151d\u00e9s\u0171 embereket mutassanak meg.<\/p>\n\n\n\n<p>N\u00e9h\u00e1nyan m\u00e9g csak azokkal cseveghetsz, akiket szint\u00e9n \u00e9rdekelsz, \u00edgy elker\u00fclhet\u0151k a k\u00ednos pillanatok vagy f\u00e9lre\u00e9rt\u00e9sek.<\/p>\n\n\n\n<p><strong>El\u0151ny\u00f6k minden koroszt\u00e1ly sz\u00e1m\u00e1ra:<\/strong><\/p>\n\n\n\n<ul>\n<li>R\u00e1\u00e9rhetsz nyugodtan besz\u00e9lni<\/li>\n\n\n\n<li>Nem kell elmenned otthonr\u00f3l, hogy tal\u00e1lkozz valakivel.<\/li>\n\n\n\n<li>Te ir\u00e1ny\u00edtod, hogy kivel besz\u00e9lsz \u00e9s mit osztasz meg<\/li>\n\n\n\n<li>Vannak emberek, akik bar\u00e1ts\u00e1got, szerelmet vagy \u00e9rdekes besz\u00e9lget\u00e9seket keresnek<\/li>\n\n\n\n<li>Sok 40, 50 vagy 60 \u00e9v feletti ember haszn\u00e1lja \u0151ket sikeresen.<\/li>\n<\/ul>\n\n\n\n<p>R\u00e1ad\u00e1sul a modern t\u00e1rskeres\u0151 alkalmaz\u00e1sok biztons\u00e1gi rendszerekkel rendelkeznek, amelyek gondoskodnak a felhaszn\u00e1l\u00f3i \u00e9lm\u00e9nyr\u0151l.<\/p>\n\n\n\n<p>Blokkolhatod a bosszant\u00f3 felhaszn\u00e1l\u00f3kat, jelentheted a hamis profilokat, \u00e9s be\u00e1ll\u00edthatod, hogy kik tekinthetik meg a profilodat.<\/p>\n\n\n\n<h2 class=\"wp-block-heading\">Egy j\u00f3 t\u00e1rskeres\u0151 alkalmaz\u00e1s jellemz\u0151i<\/h2>\n\n\n\n<p>Az alkalmaz\u00e1s kiv\u00e1laszt\u00e1sa neh\u00e9znek t\u0171nhet a rengeteg el\u00e9rhet\u0151 lehet\u0151s\u00e9g miatt, de nem mindegyik k\u00edn\u00e1l ugyanazt az \u00e9lm\u00e9nyt.<\/p>\n\n\n\n<p>Vannak biztons\u00e1gosabbak, m\u00e1sok egyszer\u0171bbek, megint m\u00e1soknak t\u00f6bb akt\u00edv felhaszn\u00e1l\u00f3juk vagy t\u00f6bb sz\u0171r\u0151j\u00fck van a keres\u00e9s testreszab\u00e1s\u00e1hoz.<\/p>\n\n\n\n<p>Seg\u00edts\u00e9gk\u00e9ppen, itt van, amit szem el\u0151tt kell tartanod.<\/p>\n\n\n\n<h3 class=\"wp-block-heading\">Honnan tudod, hogy egy alkalmaz\u00e1s j\u00f3?<\/h3>\n\n\n\n<ul>\n<li><strong>K\u00f6nnyen haszn\u00e1lhat\u00f3:<\/strong> hogy seg\u00edts\u00e9g n\u00e9lk\u00fcl is meg\u00e9rtheted a funkci\u00f3it<\/li>\n\n\n\n<li><strong>J\u00f3 \u00e9rt\u00e9kel\u00e9s a Play \u00c1ruh\u00e1zban:<\/strong> t\u00f6bb mint 4 csillag bizalmat jelez<\/li>\n\n\n\n<li><strong>Profil ellen\u0151rz\u00e9se:<\/strong> kevesebb hamis profil, nagyobb biztons\u00e1g<\/li>\n\n\n\n<li><strong>Felhaszn\u00e1l\u00f3k sokf\u00e9les\u00e9ge:<\/strong> hogy hasonl\u00f3 gondolkod\u00e1s\u00fa emberekre tal\u00e1lhass<\/li>\n\n\n\n<li><strong>Intelligens sz\u0171r\u0151k:<\/strong> \u00e9letkor, helysz\u00edn, \u00e9rdekl\u0151d\u00e9si k\u00f6r stb. szerint.<\/li>\n\n\n\n<li><strong>Biztons\u00e1gos \u00e9s priv\u00e1t cseveg\u00e9s:<\/strong> gondtalanul besz\u00e9lni<\/li>\n<\/ul>\n\n\n\n<p>Ha azok k\u00f6z\u00e9 tartozol, akik nem \u00e9rzik j\u00f3l magukat a technol\u00f3gi\u00e1val, ne agg\u00f3dj.<\/p>\n\n\n\n<p>Ezek az alkalmaz\u00e1sok intuit\u00edv haszn\u00e1latra k\u00e9sz\u00fcltek.<\/p>\n\n\n\n<p>Val\u00f3j\u00e1ban sok id\u0151sebb felhaszn\u00e1l\u00f3 megjegyzi, hogy k\u00e9ts\u00e9gekkel kezdte... \u00e9s ma m\u00e1r el\u00e9gedettek az eredm\u00e9nnyel.<\/p>\n\n\n\n<h2 class=\"wp-block-heading\">A 3 legjobb alkalmaz\u00e1s \u00e9rdekes emberekkel val\u00f3 tal\u00e1lkoz\u00e1shoz<\/h2>\n\n\n\n<h3 class=\"wp-block-heading\">1. <strong><a href=\"https:\/\/tinder.com\/pt\/download\">Tapl\u00f3<\/a><\/strong><\/h3>\n\n\n\n<p>A Tinder k\u00e9ts\u00e9gtelen\u00fcl a vil\u00e1g legismertebb alkalmaz\u00e1sa, ha \u00faj emberekkel val\u00f3 tal\u00e1lkoz\u00e1sr\u00f3l van sz\u00f3.<\/p>\n\n\n\n<p>A h\u00faz\u00f3rendszer\u00e9nek (jobbra vagy balra h\u00faz\u00e1s) k\u00f6sz\u00f6nhet\u0151en k\u00f6nnyen eld\u00f6ntheted, hogy \u00e9rdekel-e valaki vagy sem.<\/p>\n\n\n\n<p>Ide\u00e1lis azoknak, akik valami laz\u00e1bbra v\u00e1gynak, de azoknak is, akik valami komolyabbra v\u00e1gynak.<\/p>\n\n\n\n<p><strong>Mi\u00e9rt v\u00e1laszd a Tindert?<\/strong><\/p>\n\n\n\n<ul>\n<li>Nagyon k\u00f6nnyen haszn\u00e1lhat\u00f3, m\u00e9g akkor is, ha ez az els\u0151 alkalmaz\u00e1sod<\/li>\n\n\n\n<li>L\u00e1thatod, ki van a k\u00f6zeledben<\/li>\n\n\n\n<li>T\u00f6bb milli\u00f3 akt\u00edv felhaszn\u00e1l\u00f3ja van<\/li>\n\n\n\n<li>Olyan funkci\u00f3kat k\u00edn\u00e1l, mint a \u201eSuper Like\u201d, hogy kit\u0171nj\u00f6n a t\u00f6megb\u0151l<\/li>\n\n\n\n<li>Egyszer\u0171 \u00e9s k\u00f6zvetlen kialak\u00edt\u00e1s<\/li>\n<\/ul>\n\n\n\n<p>A Tinder t\u00f6k\u00e9letes azok sz\u00e1m\u00e1ra, akik szeretn\u00e9nek felfedezni, felfedezni \u00e9s meglepet\u00e9sekben r\u00e9szes\u00fclni.<\/p>\n\n\n\n<p><\/p>\n\n\n\n<hr class=\"wp-block-separator has-alpha-channel-opacity is-style-wide\" \/>\n\n\n\n<h5 class=\"wp-block-heading has-text-align-left\"><strong><mark class=\"has-inline-color has-luminous-vivid-amber-color\"><strong><mark class=\"has-inline-color has-luminous-vivid-amber-color\"><a>\ud83d\udc49 <\/a><strong><mark class=\"has-inline-color has-luminous-vivid-amber-color\"><strong>T\u00f6ltsd le az alkalmaz\u00e1st:<\/strong><\/mark><\/strong><\/mark><\/strong><\/mark><\/strong><\/h5>\n\n\n    <section class=\"mx-1 my-10\">\n                                                <a href=\"https:\/\/tinder.com\/pt\/download\" class=\"text-white\" data-analytics-label=\"optionsButton\"\n                    data-action=\"analytics#trackCTA\">\n                    <div data-options-target=\"option\"\n                        class=\"custom-section rounded-xl border p-3 shadow-md w-full bg-green-700 my-3\">\n                        <div class=\"flex w-full items-center justify-between\">\n                            <div class=\"flex items-center space-x-3\">\n                                <div class=\"text-lg font-bold\">\n                                    Tinder \u279d\n                                <\/div>\n                            <\/div>\n                        <\/div>\n                    <\/div>\n                <\/a>\n                            <p class=\"text-xs text-gray-500 text-right\"\n            style=\"margin-left: 50%; margin-bottom: 50px; margin-top: 5px;\">\n            <!-- You will be redirected to another website -->\n        <\/p>\n    <\/section>\n\n\n\n\n<p class=\"has-text-align-right\"><em><strong><em><strong><em><strong><em><strong><em><strong><em><strong><em><strong><em><strong><em><strong><em><strong>\u00c1t leszel ir\u00e1ny\u00edtva egy m\u00e1sik oldalra!<\/strong><\/em><\/strong><\/em><\/strong><\/em><\/strong><\/em><\/strong><\/em><\/strong><\/em><\/strong><\/em><\/strong><\/em><\/strong><\/em><\/strong><\/em><\/p>\n\n\n\n<hr class=\"wp-block-separator has-alpha-channel-opacity is-style-wide\" \/>\n\n\n\n<p><\/p>\n\n\n\n<h3 class=\"wp-block-heading\">2. <strong>Badoo<\/strong><\/h3>\n\n\n\n<p>A Badoo \u00f6tv\u00f6zi a k\u00f6z\u00f6ss\u00e9gi h\u00e1l\u00f3zatok \u00e9s a t\u00e1rskeres\u0151 alkalmaz\u00e1sok legjav\u00e1t.<\/p>\n\n\n\n<p>L\u00e9trehozhatsz egy teljes profilt, igazolhatod a szem\u00e9lyazonoss\u00e1godat, \u00e9s tal\u00e1lkozhatsz olyan emberekkel, akik \u00e9ppen online vannak.<\/p>\n\n\n\n<p>Fejlett sz\u0171r\u0151kkel is rendelkezik a keres\u00e9s finom\u00edt\u00e1s\u00e1hoz.<\/p>\n\n\n\n<p><strong>A Badoo el\u0151nyei:<\/strong><\/p>\n\n\n\n<ul>\n<li>Videoh\u00edv\u00e1sokat kezdem\u00e9nyezhet ellen\u0151rz\u00f6tt szem\u00e9lyekkel<\/li>\n\n\n\n<li>T\u00f6bb sz\u0171r\u0151, hogy kiv\u00e1laszd, kivel szeretn\u00e9l besz\u00e9lni<\/li>\n\n\n\n<li>F\u00e9nyk\u00e9pes ellen\u0151rz\u00e9s a fokozott biztons\u00e1g \u00e9rdek\u00e9ben<\/li>\n\n\n\n<li>Egyszer\u0171 kezel\u0151fel\u00fclet spanyolul<\/li>\n<\/ul>\n\n\n\n<p>A Badoo ide\u00e1lis v\u00e1laszt\u00e1s, ha olyan emberekkel szeretn\u00e9l besz\u00e9lgetni, akik veled egy id\u0151ben vannak online, \u00edgy a besz\u00e9lget\u00e9s k\u00f6zvetlenebb \u00e9s hitelesebb lesz.<\/p>\n\n\n\n<p><\/p>\n\n\n\n<hr class=\"wp-block-separator has-alpha-channel-opacity is-style-wide\" \/>\n\n\n\n<h5 class=\"wp-block-heading has-text-align-left\"><strong><mark class=\"has-inline-color has-luminous-vivid-amber-color\"><strong><mark class=\"has-inline-color has-luminous-vivid-amber-color\"><a>\ud83d\udc49 <\/a><strong><mark class=\"has-inline-color has-luminous-vivid-amber-color\"><strong>T\u00f6ltsd le az alkalmaz\u00e1st:<\/strong><\/mark><\/strong><\/mark><\/strong><\/mark><\/strong><\/h5>\n\n\n    <section class=\"mx-1 my-10\">\n                                                <a href=\"https:\/\/badoo.com\/pt\/\" class=\"text-white\" data-analytics-label=\"optionsButton\"\n                    data-action=\"analytics#trackCTA\">\n                    <div data-options-target=\"option\"\n                        class=\"custom-section rounded-xl border p-3 shadow-md w-full bg-green-700 my-3\">\n                        <div class=\"flex w-full items-center justify-between\">\n                            <div class=\"flex items-center space-x-3\">\n                                <div class=\"text-lg font-bold\">\n                                    Badoo \u279d\n                                <\/div>\n                            <\/div>\n                        <\/div>\n                    <\/div>\n                <\/a>\n                            <p class=\"text-xs text-gray-500 text-right\"\n            style=\"margin-left: 50%; margin-bottom: 50px; margin-top: 5px;\">\n            <!-- You will be redirected to another website -->\n        <\/p>\n    <\/section>\n\n\n\n\n<p class=\"has-text-align-right\"><em><strong><em><strong><em><strong><em><strong><em><strong><em><strong><em><strong><em><strong><em><strong><em><strong>\u00c1t leszel ir\u00e1ny\u00edtva egy m\u00e1sik oldalra!<\/strong><\/em><\/strong><\/em><\/strong><\/em><\/strong><\/em><\/strong><\/em><\/strong><\/em><\/strong><\/em><\/strong><\/em><\/strong><\/em><\/strong><\/em><\/p>\n\n\n\n<hr class=\"wp-block-separator has-alpha-channel-opacity is-style-wide\" \/>\n\n\n\n<p><\/p>\n\n\n\n<h3 class=\"wp-block-heading\">3. <strong>Happn<\/strong><\/h3>\n\n\n\n<p><a>\ud83d\udc49 T\u00f6ltsd le a Happn-t a Google Playr\u0151l<\/a><\/p>\n\n\n\n<p>A Happn egy m\u00e1sfajta alkalmaz\u00e1s. A var\u00e1zsa abban rejlik, hogy olyan emberekkel k\u00f6t \u00f6ssze, akikkel a val\u00f3 \u00e9letben tal\u00e1lkozt\u00e1l.<\/p>\n\n\n\n<p>P\u00e9ld\u00e1ul valaki, aki elhaladt ugyanazon az utc\u00e1n, parkon vagy szupermarketen. Ha neki is telep\u00edtve van az alkalmaz\u00e1s, mindketten \u00e9rtes\u00edt\u00e9st kapnak.<\/p>\n\n\n\n<p><strong>A leg\u00e9rdekesebb dolog Happn-nal kapcsolatban:<\/strong><\/p>\n\n\n\n<ul>\n<li>Val\u00f3di egyez\u00e9seken alapul\u00f3 kapcsolat<\/li>\n\n\n\n<li>Nem tudsz cseveg\u00e9st kezdeni, hacsak nem kedvelitek egym\u00e1st.<\/li>\n\n\n\n<li>Romantikusabb \u00e9s term\u00e9szetesebb<\/li>\n\n\n\n<li>Nagyon biztons\u00e1gos \u00e9s k\u00f6nnyen haszn\u00e1lhat\u00f3<\/li>\n<\/ul>\n\n\n\n<p>A Happn azoknak sz\u00f3l, akik hisznek abban, hogy a sorsnak belesz\u00f3l\u00e1sa van. T\u00f6k\u00e9letes arra, hogy besz\u00e9lget\u00e9seket kezdj a k\u00f6r\u00fcl\u00f6tted l\u00e9v\u0151kkel.<\/p>\n\n\n\n<p><\/p>\n\n\n\n<hr class=\"wp-block-separator has-alpha-channel-opacity is-style-wide\" \/>\n\n\n\n<h5 class=\"wp-block-heading has-text-align-left\"><strong><mark class=\"has-inline-color has-luminous-vivid-amber-color\"><strong><mark class=\"has-inline-color has-luminous-vivid-amber-color\"><a>\ud83d\udc49 <\/a><strong><mark class=\"has-inline-color has-luminous-vivid-amber-color\"><strong>T\u00f6ltsd le az alkalmaz\u00e1st:<\/strong><\/mark><\/strong><\/mark><\/strong><\/mark><\/strong><\/h5>\n\n\n    <section class=\"mx-1 my-10\">\n                                                <a href=\"https:\/\/www.happn.com\/pt\/\" class=\"text-white\" data-analytics-label=\"optionsButton\"\n                    data-action=\"analytics#trackCTA\">\n                    <div data-options-target=\"option\"\n                        class=\"custom-section rounded-xl border p-3 shadow-md w-full bg-green-700 my-3\">\n                        <div class=\"flex w-full items-center justify-between\">\n                            <div class=\"flex items-center space-x-3\">\n                                <div class=\"text-lg font-bold\">\n                                    Boldog \u279d\n                                <\/div>\n                            <\/div>\n                        <\/div>\n                    <\/div>\n                <\/a>\n                            <p class=\"text-xs text-gray-500 text-right\"\n            style=\"margin-left: 50%; margin-bottom: 50px; margin-top: 5px;\">\n            <!-- You will be redirected to another website -->\n        <\/p>\n    <\/section>\n\n\n\n\n<p class=\"has-text-align-right\"><em><strong><em><strong><em><strong><em><strong><em><strong><em><strong><em><strong><em><strong><em><strong><em><strong>\u00c1t leszel ir\u00e1ny\u00edtva egy m\u00e1sik oldalra!<\/strong><\/em><\/strong><\/em><\/strong><\/em><\/strong><\/em><\/strong><\/em><\/strong><\/em><\/strong><\/em><\/strong><\/em><\/strong><\/em><\/strong><\/em><\/p>\n\n\n\n<hr class=\"wp-block-separator has-alpha-channel-opacity is-style-wide\" \/>\n\n\n\n<p><\/p>\n\n\n\n<h2 class=\"wp-block-heading\">Tippek egy j\u00f3 profil l\u00e9trehoz\u00e1s\u00e1hoz<\/h2>\n\n\n\n<p>A profilod olyan, mint a n\u00e9vjegyk\u00e1rty\u00e1d. Ha letisztult, vid\u00e1m \u00e9s \u0151szinte, t\u00f6bb ember akar majd megismerni.<\/p>\n\n\n\n<p>Nincs sz\u00fcks\u00e9ged profi fot\u00f3kra vagy t\u00f6k\u00e9letes id\u00e9zetekre. L\u00e9gy \u00f6nmagad.<\/p>\n\n\n\n<h3 class=\"wp-block-heading\">Mit kell felt\u00fcntetni a profilodban:<\/h3>\n\n\n\n<ul>\n<li><strong>Tiszta \u00e9s friss fot\u00f3<\/strong> (jobb, ha mosolyogsz)<\/li>\n\n\n\n<li><strong>Val\u00f3di n\u00e9v vagy egy sz\u00e9p becen\u00e9v<\/strong><\/li>\n\n\n\n<li><strong>R\u00f6vid le\u00edr\u00e1s:<\/strong> P\u00e9ld\u00e1ul: \u201eSzeretek f\u0151zni \u00e9s a parkban s\u00e9t\u00e1lni.\u201d<\/li>\n\n\n\n<li><strong>Helyes \u00e9letkor \u00e9s v\u00e1ros<\/strong><\/li>\n\n\n\n<li><strong>Amit keresel:<\/strong> bar\u00e1ts\u00e1g, besz\u00e9lget\u00e9s, romantika<\/li>\n<\/ul>\n\n\n\n<p>\u00c9s ne feledd: <strong>az \u0151szintes\u00e9g mindig gy\u0151z<\/strong>Nem a leny\u0171g\u00f6z\u00e9sr\u0151l van sz\u00f3, hanem a kapcsolatteremt\u00e9sr\u0151l.<\/p>\n\n\n\n<h2 class=\"wp-block-heading\">Mit kell \u00edrni egy besz\u00e9lget\u00e9s megkezd\u00e9sekor<\/h2>\n\n\n\n<p>N\u00e9h\u00e1ny felhaszn\u00e1l\u00f3 sz\u00e1m\u00e1ra az egyik legnehezebb pillanat az els\u0151 \u00fczenet. Mit mondjak?<\/p>\n\n\n\n<p>Hogyan kezdjem el? A legfontosabb, hogy mindent egyszer\u0171en csin\u00e1ljunk. Egy egyszer\u0171, kedves mondat sok ajt\u00f3t nyithat meg.<\/p>\n\n\n\n<h3 class=\"wp-block-heading\">Mondatok a besz\u00e9lget\u00e9s elkezd\u00e9s\u00e9hez:<\/h3>\n\n\n\n<ul>\n<li>\u201eSzia \ud83d\ude0a Tetszett a profilod, hogy vagy?\u201d<\/li>\n\n\n\n<li>\u201eMilyen gy\u00f6ny\u00f6r\u0171 mosoly! Hol k\u00e9sz\u00fclt a fot\u00f3d?\u201d<\/li>\n\n\n\n<li>\u2013 L\u00e1tom, szeretsz olvasni, mit olvasol most?<\/li>\n\n\n\n<li>\u201eMi k\u00e9sztetett arra, hogy csatlakozz ehhez az alkalmaz\u00e1shoz?\u201d<\/li>\n\n\n\n<li>\u201eSzereted a filmeket? Melyik filmet l\u00e1ttad utolj\u00e1ra?\u201d<\/li>\n<\/ul>\n\n\n\n<p><strong>L\u00e9gy term\u00e9szetes. \u00dagy besz\u00e9lj, mintha valakivel besz\u00e9lgetn\u00e9l, akivel nemr\u00e9g tal\u00e1lkozt\u00e1l egy k\u00e1v\u00e9z\u00f3ban.<\/strong><\/p>\n\n\n<div class=\"wp-block-image\">\n<figure class=\"aligncenter size-full\"><img loading=\"lazy\" decoding=\"async\" width=\"550\" height=\"350\" src=\"https:\/\/universofamilia.com\/wp-content\/uploads\/sites\/148\/2025\/06\/DESTAQUE-UNIVERSO-550-x-350-3.jpg\" alt=\"\" class=\"wp-image-9500\" srcset=\"https:\/\/universofamilia.com\/wp-content\/uploads\/sites\/148\/2025\/06\/DESTAQUE-UNIVERSO-550-x-350-3.jpg 550w, https:\/\/universofamilia.com\/wp-content\/uploads\/sites\/148\/2025\/06\/DESTAQUE-UNIVERSO-550-x-350-3-300x191.jpg 300w, https:\/\/universofamilia.com\/wp-content\/uploads\/sites\/148\/2025\/06\/DESTAQUE-UNIVERSO-550-x-350-3-18x12.jpg 18w\" sizes=\"(max-width: 550px) 100vw, 550px\" \/><figcaption class=\"wp-element-caption\">Vonz\u00f3 \u00e9s \u00e9rdekes embereket keresel?<\/figcaption><\/figure><\/div>\n\n\n<h2 class=\"wp-block-heading\">Biztons\u00e1g: Soha ne ossz meg szem\u00e9lyes adatokat<\/h2>\n\n\n\n<p>B\u00e1r az \u00e1ltalunk aj\u00e1nlott alkalmaz\u00e1sok biztons\u00e1gosak, mindig j\u00f3, ha betart bizonyos szab\u00e1lyokat a v\u00e9delme \u00e9rdek\u00e9ben:<\/p>\n\n\n\n<ul>\n<li>Ne ossza meg c\u00edm\u00e9t vagy sz\u00e1mlasz\u00e1m\u00e1t<\/li>\n\n\n\n<li>Ha valaki p\u00e9nzt k\u00e9r: tiltsd le \u00e9s jelentsd!<\/li>\n\n\n\n<li>Csak nyilv\u00e1nos helyeken tal\u00e1lkozzunk<\/li>\n\n\n\n<li>Sz\u00f3lj valakinek, akiben megb\u00edzol, ha elm\u00e9sz sz\u00f3rakozni.<\/li>\n\n\n\n<li>Haszn\u00e1ld a blokkol\u00f3 funkci\u00f3kat, ha valaki kellemetlen\u00fcl \u00e9rint.<\/li>\n<\/ul>\n\n\n\n<p><strong>A lelki b\u00e9k\u00e9d a legfontosabb.<\/strong> Haszn\u00e1ld a j\u00f3zan eszedet, \u00e9s ne kapkodj.<\/p>\n\n\n\n<h2 class=\"wp-block-heading\">Inspir\u00e1l\u00f3 t\u00f6rt\u00e9netek: \u201eSoha nem k\u00e9s\u0151 megtal\u00e1lni a szerelmet\u201d<\/h2>\n\n\n\n<p>A 62 \u00e9ves Roberto \u00e9vekig tart\u00f3 \u00f6zvegys\u00e9g ut\u00e1n \u00fagy d\u00f6nt\u00f6tt, hogy telep\u00edti a Tindert. Gyermekei seg\u00edtettek neki l\u00e9trehozni a profilj\u00e1t.<\/p>\n\n\n\n<p>H\u00e1rom h\u00e9ten bel\u00fcl tal\u00e1lkozott Mart\u00e1val, egy n\u0151vel, aki ugyanabb\u00f3l a v\u00e1rosb\u00f3l sz\u00e1rmazik. Ma egy\u00fctt l\u00f3gnak a parkban, f\u0151znek \u00e9s egy kir\u00e1ndul\u00e1st terveznek.<\/p>\n\n\n\n<p>\u201eAzt hittem, az alkalmaz\u00e1sok nem nekem val\u00f3k, de t\u00e9vedtem. Soha nem k\u00e9s\u0151 \u00fajra mosolyogni.\u201d<\/p>\n\n\n\n<p>Robert\u00f3\u00e9hoz \u00e9s Mart\u00e1\u00e9hoz hasonl\u00f3 t\u00f6rt\u00e9netek mindennap ism\u00e9tl\u0151dnek.<\/p>\n\n\n\n<p>H\u00e9tk\u00f6znapi emberek, nyitott sz\u00edvvel \u00e9s azzal a v\u00e1ggyal, hogy \u00fajra pillang\u00f3kat \u00e9rezzenek. Mi\u00e9rt ne tenn\u00e9tek ezt veletek?<\/p>\n\n\n\n<h2 class=\"wp-block-heading\">Cselekedj m\u00e9g ma: tedd meg az els\u0151 l\u00e9p\u00e9st az \u00faj kapcsolatok fel\u00e9<\/h2>\n\n\n\n<p>Ha itt vagy, az az\u00e9rt van, mert k\u00edv\u00e1ncsi vagy. Tal\u00e1n mag\u00e1nyosnak \u00e9rzed magad, vagy csak szeretn\u00e9l valakivel besz\u00e9lgetni. <strong>\u00c9s ez t\u00f6k\u00e9letes.<\/strong><\/p>\n\n\n\n<p>Ma ezt tanultad:<\/p>\n\n\n\n<ul>\n<li>A randialkalmaz\u00e1sok biztons\u00e1gosak \u00e9s k\u00f6nnyen haszn\u00e1lhat\u00f3ak<\/li>\n\n\n\n<li>\u00c9rdekes \u00e9s k\u00f6zeli emberekkel tal\u00e1lkozhatsz<\/li>\n\n\n\n<li>Kort\u00f3l f\u00fcggetlen\u00fcl, t\u00f6bb ezer ember v\u00e1r r\u00e1d!<\/li>\n\n\n\n<li>Csak egy mobiltelefonra \u00e9s egy kis akarater\u0151re van sz\u00fcks\u00e9ged<\/li>\n<\/ul>\n\n\n\n<p>Kattints az egyik linkre, telep\u00edtsd az alkalmaz\u00e1st, \u00e9s hozd l\u00e9tre a profilodat. <strong>Ma kezdd, ne holnap.<\/strong><\/p>\n\n\n\n<p>Mert amit te keresel, az is t\u00e9ged keres.<\/p>","protected":false},"excerpt":{"rendered":"<p>Fedezz fel \u00faj kapcsolatokat most! V\u00e1lassz egyet a lehet\u0151s\u00e9gek k\u00f6z\u00fcl! Ugyanott maradsz! Adj egy es\u00e9lyt a digit\u00e1lis szerelemnek. Nem sz\u00e1m\u00edt a korod, mindig van valaki, aki v\u00e1r r\u00e1d. Vonz\u00f3 \u00e9s \u00e9rdekes embereket keresel, de nem tudod, hol kezdjed? Akkor j\u00f3 helyen j\u00e1rsz. Mindannyian t\u00e1rsas\u00e1gra v\u00e1gyunk, valakire, akivel j\u00f3l \u00e9rezhetj\u00fck magunkat [\u2026]<\/p>","protected":false},"author":139,"featured_media":9500,"comment_status":"closed","ping_status":"open","sticky":false,"template":"","format":"standard","meta":{"footnotes":""},"categories":[2],"tags":[2297,565,2299,2298,2300],"yoast_head":"<!-- This site is optimized with the Yoast SEO plugin v23.3 - https:\/\/yoast.com\/wordpress\/plugins\/seo\/ -->\n<title>\u00bfBuscas personas atractivas e interesantes? - Universo Fam\u00edlia<\/title>\n<meta name=\"description\" content=\"\u00bfBuscas personas atractivas e interesantes? Dale una oportunidad al amor digitalNo importa tu edad, siempre hay alguien esper\u00e1ndote\" \/>\n<meta name=\"robots\" content=\"index, follow, max-snippet:-1, max-image-preview:large, max-video-preview:-1\" \/>\n<link rel=\"canonical\" href=\"https:\/\/universofamilia.com\/hu\/buscas-personas-atractivas-e-interesantes-2\/\" \/>\n<meta property=\"og:locale\" content=\"hu_HU\" \/>\n<meta property=\"og:type\" content=\"article\" \/>\n<meta property=\"og:title\" content=\"\u00bfBuscas personas atractivas e interesantes? - Universo Fam\u00edlia\" \/>\n<meta property=\"og:description\" content=\"\u00bfBuscas personas atractivas e interesantes? Dale una oportunidad al amor digitalNo importa tu edad, siempre hay alguien esper\u00e1ndote\" \/>\n<meta property=\"og:url\" content=\"https:\/\/universofamilia.com\/hu\/buscas-personas-atractivas-e-interesantes-2\/\" \/>\n<meta property=\"og:site_name\" content=\"Universo Fam\u00edlia\" \/>\n<meta property=\"article:published_time\" content=\"2025-06-06T17:42:54+00:00\" \/>\n<meta property=\"article:modified_time\" content=\"2025-06-06T17:42:56+00:00\" \/>\n<meta property=\"og:image\" content=\"https:\/\/universofamilia.com\/wp-content\/uploads\/sites\/148\/2025\/06\/DESTAQUE-UNIVERSO-550-x-350-3.jpg\" \/>\n\t<meta property=\"og:image:width\" content=\"550\" \/>\n\t<meta property=\"og:image:height\" content=\"350\" \/>\n\t<meta property=\"og:image:type\" content=\"image\/jpeg\" \/>\n<meta name=\"author\" content=\"Pedro Henrique\" \/>\n<meta name=\"twitter:card\" content=\"summary_large_image\" \/>\n<meta name=\"twitter:label1\" content=\"Written by\" \/>\n\t<meta name=\"twitter:data1\" content=\"Pedro Henrique\" \/>\n\t<meta name=\"twitter:label2\" content=\"Est. reading time\" \/>\n\t<meta name=\"twitter:data2\" content=\"8 perc\" \/>\n<script type=\"application\/ld+json\" class=\"yoast-schema-graph\">{\"@context\":\"https:\/\/schema.org\",\"@graph\":[{\"@type\":\"WebPage\",\"@id\":\"https:\/\/universofamilia.com\/buscas-personas-atractivas-e-interesantes-2\/\",\"url\":\"https:\/\/universofamilia.com\/buscas-personas-atractivas-e-interesantes-2\/\",\"name\":\"\u00bfBuscas personas atractivas e interesantes? - Universo Fam\u00edlia\",\"isPartOf\":{\"@id\":\"https:\/\/universofamilia.com\/el\/#website\"},\"primaryImageOfPage\":{\"@id\":\"https:\/\/universofamilia.com\/buscas-personas-atractivas-e-interesantes-2\/#primaryimage\"},\"image\":{\"@id\":\"https:\/\/universofamilia.com\/buscas-personas-atractivas-e-interesantes-2\/#primaryimage\"},\"thumbnailUrl\":\"https:\/\/universofamilia.com\/wp-content\/uploads\/sites\/148\/2025\/06\/DESTAQUE-UNIVERSO-550-x-350-3.jpg\",\"datePublished\":\"2025-06-06T17:42:54+00:00\",\"dateModified\":\"2025-06-06T17:42:56+00:00\",\"author\":{\"@id\":\"https:\/\/universofamilia.com\/el\/#\/schema\/person\/f07ce98187dd84d31154262e79b3b7ca\"},\"description\":\"\u00bfBuscas personas atractivas e interesantes? Dale una oportunidad al amor digitalNo importa tu edad, siempre hay alguien esper\u00e1ndote\",\"breadcrumb\":{\"@id\":\"https:\/\/universofamilia.com\/buscas-personas-atractivas-e-interesantes-2\/#breadcrumb\"},\"inLanguage\":\"hu\",\"potentialAction\":[{\"@type\":\"ReadAction\",\"target\":[\"https:\/\/universofamilia.com\/buscas-personas-atractivas-e-interesantes-2\/\"]}]},{\"@type\":\"ImageObject\",\"inLanguage\":\"hu\",\"@id\":\"https:\/\/universofamilia.com\/buscas-personas-atractivas-e-interesantes-2\/#primaryimage\",\"url\":\"https:\/\/universofamilia.com\/wp-content\/uploads\/sites\/148\/2025\/06\/DESTAQUE-UNIVERSO-550-x-350-3.jpg\",\"contentUrl\":\"https:\/\/universofamilia.com\/wp-content\/uploads\/sites\/148\/2025\/06\/DESTAQUE-UNIVERSO-550-x-350-3.jpg\",\"width\":550,\"height\":350,\"caption\":\"\u00bfBuscas personas atractivas e interesantes?\"},{\"@type\":\"BreadcrumbList\",\"@id\":\"https:\/\/universofamilia.com\/buscas-personas-atractivas-e-interesantes-2\/#breadcrumb\",\"itemListElement\":[{\"@type\":\"ListItem\",\"position\":1,\"name\":\"Home\",\"item\":\"https:\/\/universofamilia.com\/el\/\"},{\"@type\":\"ListItem\",\"position\":2,\"name\":\"\u00bfBuscas personas atractivas e interesantes?\"}]},{\"@type\":\"WebSite\",\"@id\":\"https:\/\/universofamilia.com\/el\/#website\",\"url\":\"https:\/\/universofamilia.com\/el\/\",\"name\":\"Universo Fam\u00edlia\",\"description\":\"\",\"potentialAction\":[{\"@type\":\"SearchAction\",\"target\":{\"@type\":\"EntryPoint\",\"urlTemplate\":\"https:\/\/universofamilia.com\/el\/?s={search_term_string}\"},\"query-input\":\"required name=search_term_string\"}],\"inLanguage\":\"hu\"},{\"@type\":\"Person\",\"@id\":\"https:\/\/universofamilia.com\/el\/#\/schema\/person\/f07ce98187dd84d31154262e79b3b7ca\",\"name\":\"Pedro Henrique\",\"image\":{\"@type\":\"ImageObject\",\"inLanguage\":\"hu\",\"@id\":\"https:\/\/universofamilia.com\/el\/#\/schema\/person\/image\/\",\"url\":\"https:\/\/secure.gravatar.com\/avatar\/9edfeb808cb4e1599f64d6e45b130154?s=96&d=mm&r=g\",\"contentUrl\":\"https:\/\/secure.gravatar.com\/avatar\/9edfeb808cb4e1599f64d6e45b130154?s=96&d=mm&r=g\",\"caption\":\"Pedro Henrique\"},\"url\":\"https:\/\/universofamilia.com\/hu\/author\/editor01\/\"}]}<\/script>\n<!-- \/ Yoast SEO plugin. -->","yoast_head_json":{"title":"\u00bfBuscas personas atractivas e interesantes? - Universo Fam\u00edlia","description":"\u00bfBuscas personas atractivas e interesantes? Dale una oportunidad al amor digitalNo importa tu edad, siempre hay alguien esper\u00e1ndote","robots":{"index":"index","follow":"follow","max-snippet":"max-snippet:-1","max-image-preview":"max-image-preview:large","max-video-preview":"max-video-preview:-1"},"canonical":"https:\/\/universofamilia.com\/hu\/buscas-personas-atractivas-e-interesantes-2\/","og_locale":"hu_HU","og_type":"article","og_title":"\u00bfBuscas personas atractivas e interesantes? - Universo Fam\u00edlia","og_description":"\u00bfBuscas personas atractivas e interesantes? Dale una oportunidad al amor digitalNo importa tu edad, siempre hay alguien esper\u00e1ndote","og_url":"https:\/\/universofamilia.com\/hu\/buscas-personas-atractivas-e-interesantes-2\/","og_site_name":"Universo Fam\u00edlia","article_published_time":"2025-06-06T17:42:54+00:00","article_modified_time":"2025-06-06T17:42:56+00:00","og_image":[{"width":550,"height":350,"url":"https:\/\/universofamilia.com\/wp-content\/uploads\/sites\/148\/2025\/06\/DESTAQUE-UNIVERSO-550-x-350-3.jpg","type":"image\/jpeg"}],"author":"Pedro Henrique","twitter_card":"summary_large_image","twitter_misc":{"Written by":"Pedro Henrique","Est. reading time":"8 perc"},"schema":{"@context":"https:\/\/schema.org","@graph":[{"@type":"WebPage","@id":"https:\/\/universofamilia.com\/buscas-personas-atractivas-e-interesantes-2\/","url":"https:\/\/universofamilia.com\/buscas-personas-atractivas-e-interesantes-2\/","name":"\u00bfBuscas personas atractivas e interesantes? - Universo Fam\u00edlia","isPartOf":{"@id":"https:\/\/universofamilia.com\/el\/#website"},"primaryImageOfPage":{"@id":"https:\/\/universofamilia.com\/buscas-personas-atractivas-e-interesantes-2\/#primaryimage"},"image":{"@id":"https:\/\/universofamilia.com\/buscas-personas-atractivas-e-interesantes-2\/#primaryimage"},"thumbnailUrl":"https:\/\/universofamilia.com\/wp-content\/uploads\/sites\/148\/2025\/06\/DESTAQUE-UNIVERSO-550-x-350-3.jpg","datePublished":"2025-06-06T17:42:54+00:00","dateModified":"2025-06-06T17:42:56+00:00","author":{"@id":"https:\/\/universofamilia.com\/el\/#\/schema\/person\/f07ce98187dd84d31154262e79b3b7ca"},"description":"\u00bfBuscas personas atractivas e interesantes? Dale una oportunidad al amor digitalNo importa tu edad, siempre hay alguien esper\u00e1ndote","breadcrumb":{"@id":"https:\/\/universofamilia.com\/buscas-personas-atractivas-e-interesantes-2\/#breadcrumb"},"inLanguage":"hu","potentialAction":[{"@type":"ReadAction","target":["https:\/\/universofamilia.com\/buscas-personas-atractivas-e-interesantes-2\/"]}]},{"@type":"ImageObject","inLanguage":"hu","@id":"https:\/\/universofamilia.com\/buscas-personas-atractivas-e-interesantes-2\/#primaryimage","url":"https:\/\/universofamilia.com\/wp-content\/uploads\/sites\/148\/2025\/06\/DESTAQUE-UNIVERSO-550-x-350-3.jpg","contentUrl":"https:\/\/universofamilia.com\/wp-content\/uploads\/sites\/148\/2025\/06\/DESTAQUE-UNIVERSO-550-x-350-3.jpg","width":550,"height":350,"caption":"\u00bfBuscas personas atractivas e interesantes?"},{"@type":"BreadcrumbList","@id":"https:\/\/universofamilia.com\/buscas-personas-atractivas-e-interesantes-2\/#breadcrumb","itemListElement":[{"@type":"ListItem","position":1,"name":"Home","item":"https:\/\/universofamilia.com\/el\/"},{"@type":"ListItem","position":2,"name":"\u00bfBuscas personas atractivas e interesantes?"}]},{"@type":"WebSite","@id":"https:\/\/universofamilia.com\/el\/#website","url":"https:\/\/universofamilia.com\/el\/","name":"Universo Fam\u00edlia","description":"","potentialAction":[{"@type":"SearchAction","target":{"@type":"EntryPoint","urlTemplate":"https:\/\/universofamilia.com\/el\/?s={search_term_string}"},"query-input":"required name=search_term_string"}],"inLanguage":"hu"},{"@type":"Person","@id":"https:\/\/universofamilia.com\/el\/#\/schema\/person\/f07ce98187dd84d31154262e79b3b7ca","name":"Pedro Henrique","image":{"@type":"ImageObject","inLanguage":"hu","@id":"https:\/\/universofamilia.com\/el\/#\/schema\/person\/image\/","url":"https:\/\/secure.gravatar.com\/avatar\/9edfeb808cb4e1599f64d6e45b130154?s=96&d=mm&r=g","contentUrl":"https:\/\/secure.gravatar.com\/avatar\/9edfeb808cb4e1599f64d6e45b130154?s=96&d=mm&r=g","caption":"Pedro Henrique"},"url":"https:\/\/universofamilia.com\/hu\/author\/editor01\/"}]}},"_links":{"self":[{"href":"https:\/\/universofamilia.com\/hu\/wp-json\/wp\/v2\/posts\/9499"}],"collection":[{"href":"https:\/\/universofamilia.com\/hu\/wp-json\/wp\/v2\/posts"}],"about":[{"href":"https:\/\/universofamilia.com\/hu\/wp-json\/wp\/v2\/types\/post"}],"author":[{"embeddable":true,"href":"https:\/\/universofamilia.com\/hu\/wp-json\/wp\/v2\/users\/139"}],"replies":[{"embeddable":true,"href":"https:\/\/universofamilia.com\/hu\/wp-json\/wp\/v2\/comments?post=9499"}],"version-history":[{"count":1,"href":"https:\/\/universofamilia.com\/hu\/wp-json\/wp\/v2\/posts\/9499\/revisions"}],"predecessor-version":[{"id":9501,"href":"https:\/\/universofamilia.com\/hu\/wp-json\/wp\/v2\/posts\/9499\/revisions\/9501"}],"wp:featuredmedia":[{"embeddable":true,"href":"https:\/\/universofamilia.com\/hu\/wp-json\/wp\/v2\/media\/9500"}],"wp:attachment":[{"href":"https:\/\/universofamilia.com\/hu\/wp-json\/wp\/v2\/media?parent=9499"}],"wp:term":[{"taxonomy":"category","embeddable":true,"href":"https:\/\/universofamilia.com\/hu\/wp-json\/wp\/v2\/categories?post=9499"},{"taxonomy":"post_tag","embeddable":true,"href":"https:\/\/universofamilia.com\/hu\/wp-json\/wp\/v2\/tags?post=9499"}],"curies":[{"name":"wp","href":"https:\/\/api.w.org\/{rel}","templated":true}]}}