{"id":9502,"date":"2025-06-06T20:29:52","date_gmt":"2025-06-06T20:29:52","guid":{"rendered":"https:\/\/universofamilia.com\/?p=9502"},"modified":"2025-06-06T20:29:53","modified_gmt":"2025-06-06T20:29:53","slug":"traicion-y-secretos-mira-lo-que-paso","status":"publish","type":"post","link":"https:\/\/universofamilia.com\/hu\/traicion-y-secretos-mira-lo-que-paso\/","title":{"rendered":"\u00c1rul\u00e1s \u00e9s titkok! N\u00e9zd, mi t\u00f6rt\u00e9nt!"},"content":{"rendered":"<p class=\"has-text-align-center\">K\u00e9sz\u00fclj fel a \u00e1mulatra \u00e9s az izgalomra! N\u00e9zd meg az 1. epiz\u00f3dot most!<\/p>\n\n\n    <section class=\"mx-1 my-10\">\n                                                <a href=\"https:\/\/universofamilia.com\/hu\/el-amor-a-un-clic\/\" class=\"text-white\" data-analytics-label=\"optionsButton\"\n                    data-action=\"analytics#trackCTA\">\n                    <div data-options-target=\"option\"\n                        class=\"custom-section rounded-xl border p-3 shadow-md w-full bg-green-700 my-3\">\n                        <div class=\"flex w-full items-center justify-between\">\n                            <div class=\"flex items-center space-x-3\">\n                                <div class=\"text-lg font-bold\">\n                                    N\u00c9ZD, MI T\u00d6RT\u00c9NT \u279d\n                                <\/div>\n                            <\/div>\n                        <\/div>\n                    <\/div>\n                <\/a>\n                            <p class=\"text-xs text-gray-500 text-right hidden\"\n            style=\"margin-left: 50%; margin-bottom: 50px; margin-top: 5px;\">\n            <!-- You will be redirected to another website -->\n        <\/p>\n    <\/section>\n\n\n\n\n<h3 class=\"wp-block-heading\">A szerelem f\u00e1jhat... de megv\u00e1ltoztathat is<\/h3>\n\n\n\n<p><strong>Az \u00e1rul\u00e1s \u00e9s a m\u00e1sodik es\u00e9ly t\u00f6rt\u00e9nete<\/strong> Ez nem csak egy fr\u00e1zis, <a href=\"https:\/\/universofamilia.com\/hu\/el-amor-a-un-clic\/\">szappanopera<\/a>.<\/p>\n\n\n\n<p>Ez egy olyan val\u00f3s\u00e1g, amivel sokan csendben szembes\u00fclnek.<\/p>\n\n\n\n<p>Aurora azt hitte, megtal\u00e1lta \u00e9lete szerelm\u00e9t. Teljesen odaadta mag\u00e1t, lemondott \u00f6nmaga egyes r\u00e9szeir\u0151l, hogy egy l\u00e1tsz\u00f3lag szil\u00e1rd kapcsolatot \u00e1polhasson.<\/p>\n\n\n\n<p>De a mosolyok m\u00f6g\u00f6tt titkok rejt\u0151ztek. \u00c9s a bizalom m\u00f6g\u00f6tt\u2026 egy \u00e1rul\u00e1s.<\/p>\n\n\n\n<p>Amit ezut\u00e1n felfedezel, az nem csup\u00e1n egy megt\u00e9veszt\u00e9s t\u00f6rt\u00e9nete, hanem egy er\u0151teljes \u00e1talakul\u00e1s.<\/p>\n\n\n\n<p><\/p>\n\n\n\n<hr class=\"wp-block-separator has-alpha-channel-opacity is-style-wide\" \/>\n\n\n\n<h4 class=\"wp-block-heading has-text-align-center\"><strong><mark class=\"has-inline-color has-luminous-vivid-orange-color\">Olvasd el ezt is<\/mark><\/strong><\/h4>\n\n\n    <section class=\"mx-1 my-10\">\n                                                <a href=\"https:\/\/universofamilia.com\/hu\/lp-filmes-asiaticos\/\" class=\"text-white\" data-analytics-label=\"optionsButton\"\n                    data-action=\"analytics#trackCTA\">\n                    <div data-options-target=\"option\"\n                        class=\"custom-section rounded-xl border p-3 shadow-md w-full bg-green-700 my-3\">\n                        <div class=\"flex w-full items-center justify-between\">\n                            <div class=\"flex items-center space-x-3\">\n                                <div class=\"text-lg font-bold\">\n                                    App koreai dr\u00e1m\u00e1k n\u00e9z\u00e9s\u00e9hez \u279d\n                                <\/div>\n                            <\/div>\n                        <\/div>\n                    <\/div>\n                <\/a>\n                                                            <a href=\"https:\/\/universofamilia.com\/hu\/lp-recuperar-fotos\/\" class=\"text-white\" data-analytics-label=\"optionsButton\"\n                    data-action=\"analytics#trackCTA\">\n                    <div data-options-target=\"option\"\n                        class=\"custom-section rounded-xl border p-3 shadow-md w-full bg-green-700 my-3\">\n                        <div class=\"flex w-full items-center justify-between\">\n                            <div class=\"flex items-center space-x-3\">\n                                <div class=\"text-lg font-bold\">\n                                    T\u00f6r\u00f6lt fot\u00f3k helyre\u00e1ll\u00edt\u00e1sa ezzel az alkalmaz\u00e1ssal!  \u279d\n                                <\/div>\n                            <\/div>\n                        <\/div>\n                    <\/div>\n                <\/a>\n                                                            <a href=\"https:\/\/universofamilia.com\/hu\/el-amor-a-un-clic\/\" class=\"text-white\" data-analytics-label=\"optionsButton\"\n                    data-action=\"analytics#trackCTA\">\n                    <div data-options-target=\"option\"\n                        class=\"custom-section rounded-xl border p-3 shadow-md w-full bg-green-700 my-3\">\n                        <div class=\"flex w-full items-center justify-between\">\n                            <div class=\"flex items-center space-x-3\">\n                                <div class=\"text-lg font-bold\">\n                                    Fedezd fel az ide\u00e1lis t\u00e1rskeres\u0151 alkalmaz\u00e1st \u279d\n                                <\/div>\n                            <\/div>\n                        <\/div>\n                    <\/div>\n                <\/a>\n                            <p class=\"text-xs text-gray-500 text-right hidden\"\n            style=\"margin-left: 50%; margin-bottom: 50px; margin-top: 5px;\">\n            <!-- You will be redirected to another website -->\n        <\/p>\n    <\/section>\n\n\n\n\n<p class=\"has-text-align-right\"><em><strong><em><strong><em><strong><em><strong><em><strong>Ugyanott fog maradni!<\/strong><\/em><\/strong><\/em><\/strong><\/em><\/strong><\/em><\/strong><\/em><\/p>\n\n\n\n<hr class=\"wp-block-separator has-alpha-channel-opacity is-style-wide\" \/>\n\n\n\n<p><\/p>\n\n\n\n<h2 class=\"wp-block-heading\">Amikor a szerelem egy j\u00f3l megfogalmazott hazugs\u00e1g<\/h2>\n\n\n\n<h3 class=\"wp-block-heading\">Aurora \u00e9s Dami\u00e1n: a t\u00f6k\u00e9letes homlokzat<\/h3>\n\n\n\n<p>Aurora \u00e9vekig abban az ill\u00fazi\u00f3ban \u00e9lt, hogy p\u00e1rk\u00e9nt \u00e9p\u00edtik fel az \u00e9let\u00fcket.<\/p>\n\n\n\n<p>\u0150 \u00e9s Dami\u00e1n k\u00f6z\u00f6s h\u00e1zat, j\u00f6v\u0151beli terveket \u00e9s egy l\u00e1tsz\u00f3lag b\u00e9k\u00e9s mindennapokat \u00e9ltek \u00e1t.<\/p>\n\n\n\n<p>Mindenki szem\u00e9ben ide\u00e1lis p\u00e1r voltak.<\/p>\n\n\n\n<p>De gyakran az, ami k\u00edv\u00fclr\u0151l t\u00f6k\u00e9letesnek t\u0171nik, m\u00e9ly reped\u00e9seket rejt.<\/p>\n\n\n\n<p>Aurora, b\u00e1r szerette, \u00e9rezte, hogy valami nincs rendben.<\/p>\n\n\n\n<p>Voltak t\u00e1vols\u00e1gtart\u00e1s pillanatai, elford\u00edtott pillant\u00e1sok, \u00e1lland\u00f3 kifog\u00e1sok. M\u00e9gis \u00fagy d\u00f6nt\u00f6tt, hogy b\u00edzik benne.<\/p>\n\n\n\n<p>Egy nap, mik\u00f6zben valamit keresett Dami\u00e1n mobilj\u00e1n, Aurora egy \u00fczenetre bukkant, amit\u0151l megh\u0171lt az ereiben a v\u00e9r.<\/p>\n\n\n\n<p>Bens\u0151s\u00e9ges besz\u00e9lget\u00e9s volt, t\u00fal bens\u0151s\u00e9ges\u2026 Valeri\u00e1val, a legjobb bar\u00e1tn\u0151j\u00e9vel az egyetem \u00f3ta.<\/p>\n\n\n\n<p>Ami \u00e9rz\u00e9sk\u00e9nt indult, kegyetlen igazs\u00e1gg\u00e1 v\u00e1ltozott. Az a szem\u00e9ly, akiben a legjobban megb\u00edzott, \u00e9s aki \u00e9lete sor\u00e1n mindig is a bar\u00e1tja volt, m\u00e1r egy ideje becsapta \u0151t.<\/p>\n\n\n\n<p>Nem egy hirtelen j\u00f6tt hiba volt. Egy p\u00e1rhuzamos, rejtett t\u00f6rt\u00e9net, ami Aurora h\u00e1ta m\u00f6g\u00f6tt bontakozott ki.<\/p>\n\n\n\n<h2 class=\"wp-block-heading\">Az \u00e9rzelmi \u00f6sszeoml\u00e1s: amikor minden \u00f6sszeomlik<\/h2>\n\n\n\n<h3 class=\"wp-block-heading\">D\u00fch, szomor\u00fas\u00e1g \u00e9s megal\u00e1ztat\u00e1s k\u00f6z\u00f6tt<\/h3>\n\n\n\n<p>\u00d6sszet\u00f6rt sz\u00edvvel \u00e9s d\u00fcht\u0151l elhom\u00e1lyosult elm\u00e9vel Aurora szembesz\u00e1llt Dami\u00e1nnal. A szavak jobban f\u00e1jtak, mint a csend.<\/p>\n\n\n\n<p>Nem tagadott semmit. S\u0151t, igazolta is a t\u00f6rt\u00e9nteket. Szerinte \u201ea dolgok csak megt\u00f6rt\u00e9ntek\u201d.<\/p>\n\n\n\n<p>Aurora nem sik\u00edtott. Nem s\u00edrt el\u0151tte. Bez\u00e1rk\u00f3zott a f\u00fcrd\u0151szob\u00e1ba, belen\u00e9zett a t\u00fck\u00f6rbe, \u00e9s alig ismert fel mag\u00e1ra. Ki volt ez a n\u0151?<\/p>\n\n\n\n<p>Hogyan jutott el id\u00e1ig, hogyan adogatta fel ennyire \u00f6nmag\u00e1t an\u00e9lk\u00fcl, hogy \u00e9szrevette volna a jeleket?<\/p>\n\n\n\n<p>Az \u00e1rul\u00e1s nemcsak \u00e9rzelmileg t\u00f6rte \u00f6ssze. Elvette t\u0151le a k\u00f6z\u00e9ppontot, a viszony\u00edt\u00e1si pontot. Elveszettnek \u00e9rezte mag\u00e1t.<\/p>\n\n\n\n<p>Azon az \u00e9jszak\u00e1n c\u00e9ltalanul vezetett, a v\u00e1ros f\u00e9nyei vill\u00f3dztak a k\u00f6nnyein kereszt\u00fcl. Egy rosszul kisz\u00e1m\u00edtott keresztez\u0151d\u00e9s. Egy \u00fctk\u00f6z\u00e9s. Teljes csend.<\/p>\n\n\n\n<h2 class=\"wp-block-heading\">Fel\u00e9bredni egy m\u00e1sik id\u0151ben: csoda vagy b\u00fcntet\u00e9s?<\/h2>\n\n\n\n<h3 class=\"wp-block-heading\">A nap, amikor az \u00e9let \u00fajabb es\u00e9lyt adott neki<\/h3>\n\n\n\n<p>Aurora a r\u00e9gi szob\u00e1j\u00e1ban \u00e9bredt. A falak m\u00e1sok voltak, a leveg\u0151ben a m\u00falt illata terjengett. R\u00e1n\u00e9zett a napt\u00e1rra. Ez nem lehet igaz.<\/p>\n\n\n\n<p>T\u00edz \u00e9vvel ezel\u0151tt t\u00f6rt\u00e9nt. K\u00f6zvetlen\u00fcl azel\u0151tt, hogy tal\u00e1lkoztam Dami\u00e1nnal.<\/p>\n\n\n\n<p>El\u0151sz\u00f6r azt hitte, \u00e1lmodik. De minden val\u00f3s\u00e1g volt. A ruh\u00e1k, a fot\u00f3k, a nem fogadott h\u00edv\u00e1sok\u2026<\/p>\n\n\n\n<p>Az \u00e9let valami lehetetlent k\u00edn\u00e1lt neki: a lehet\u0151s\u00e9get, hogy \u00fajra \u00e9lhessen, tudat\u00e1ban mindannak, ami m\u00e1r megt\u00f6rt\u00e9nt.<\/p>\n\n\n\n<p>Ez nem csak egy m\u00e1sodik es\u00e9ly volt. Ez volt az es\u00e9lye, hogy elker\u00fclje a katasztr\u00f3f\u00e1t, hogy soha t\u00f6bb\u00e9 ne b\u00edzzon valakiben, aki nem \u00e9rdemli meg.<\/p>\n\n\n\n<p>Ez\u00fattal Aurora m\u00e1s lesz. Nem ugyanaz a n\u0151 lesz, aki a vesztes\u00e9gt\u0151l val\u00f3 f\u00e9lelm\u00e9ben hallgatott. Mert m\u00e1r mindent elvesztett... \u00e9s t\u00fal\u00e9lte.<\/p>\n\n\n\n<h2 class=\"wp-block-heading\">\u00dajra felfedezni \u00f6nmagad a f\u00e1jdalomt\u00f3l<\/h2>\n\n\n\n<h3 class=\"wp-block-heading\">Az \u00faj Aurora: er\u0151s, \u00e9ber, szabad<\/h3>\n\n\n\n<p>Aurora minden egyes nappal \u00fajra\u00e9p\u00edtette \u00f6nmag\u00e1t. M\u00e1r nem t\u00f6rekedett a tetsz\u00e9snyilv\u00e1n\u00edt\u00e1sra. M\u00e1r nem keresett kifog\u00e1sokat arra, hogy mi\u00e9rt v\u00e1gyik arra, hogy szeress\u00e9k.<br>Ez\u00fattal az \u00f6nbecs\u00fcl\u00e9se volt az els\u0151.<\/p>\n\n\n\n<p>Alaposabban elkezdte vizsg\u00e1lni azokat az embereket, akik kor\u00e1bban \u00e9szrev\u00e9tlenek maradtak. Felfedezett elfeledett tehets\u00e9geket, c\u00e9lokat, amelyeket eltemett, hogy fenntartson egy \u00fcres kapcsolatot.<\/p>\n\n\n\n<p>\u00daj k\u00f6r\u00f6kbe l\u00e9pett. Felvette r\u00e9gi hobbijait. \u00c9s ami a legfontosabb, elkezdte \u00edrni a saj\u00e1t t\u00f6rt\u00e9net\u00e9t.<br>N\u00e9h\u00e1nyan meglep\u0151dtek a hat\u00e1rozott hozz\u00e1\u00e1ll\u00e1s\u00e1n.<\/p>\n\n\n\n<p>M\u00e1sok kritiz\u00e1lt\u00e1k. De Auror\u00e1nak m\u00e1r nem sz\u00e1m\u00edtott a k\u00fcls\u0151 elismer\u00e9s. Szem\u00e9lyes k\u00fcldet\u00e9se volt: <strong>\u00e9p\u00edts egy hiteles \u00e9letet<\/strong>.<\/p>\n\n\n<div class=\"wp-block-image\">\n<figure class=\"aligncenter size-full\"><img loading=\"lazy\" decoding=\"async\" width=\"550\" height=\"350\" src=\"https:\/\/universofamilia.com\/wp-content\/uploads\/sites\/148\/2025\/06\/DESTAQUE-UNIVERSO-550-x-350-2-1.jpg\" alt=\"\" class=\"wp-image-9503\" srcset=\"https:\/\/universofamilia.com\/wp-content\/uploads\/sites\/148\/2025\/06\/DESTAQUE-UNIVERSO-550-x-350-2-1.jpg 550w, https:\/\/universofamilia.com\/wp-content\/uploads\/sites\/148\/2025\/06\/DESTAQUE-UNIVERSO-550-x-350-2-1-300x191.jpg 300w, https:\/\/universofamilia.com\/wp-content\/uploads\/sites\/148\/2025\/06\/DESTAQUE-UNIVERSO-550-x-350-2-1-18x12.jpg 18w\" sizes=\"(max-width: 550px) 100vw, 550px\" \/><figcaption class=\"wp-element-caption\">\u00c1rul\u00e1s \u00e9s titkok! N\u00e9zd, mi t\u00f6rt\u00e9nt!<\/figcaption><\/figure><\/div>\n\n\n<h2 class=\"wp-block-heading\">A tiszteletb\u0151l sz\u00fcletett szeretet<\/h2>\n\n\n\n<h3 class=\"wp-block-heading\">Leonardo: az ember, aki mindig ott volt<\/h3>\n\n\n\n<p>Az \u00fajj\u00e1sz\u00fclet\u00e9s k\u00f6zepette Aurora elkezdte felfigyelni Leonard\u00f3ra, Valeria \u00f6ccs\u00e9re.<\/p>\n\n\n\n<p>Mindig kedves \u00e9s diszkr\u00e9t volt, de a m\u00e1sik id\u0151s\u00edkban a n\u0151 sosem l\u00e1tta \u0151t m\u00e1s szemmel.<\/p>\n\n\n\n<p>Most a besz\u00e9lget\u00e9sei m\u00e1s hangnemet \u00f6lt\u00f6ttek. Gesztusai m\u00e9lyebbek voltak. Leonardo nem volt megment\u0151, \u00e9s nem is tettette mag\u00e1t annak.<\/p>\n\n\n\n<p>De ott volt, \u0151szinte t\u00e1rsas\u00e1g\u00e1val \u00e9s \u00edt\u00e9lkez\u00e9smentes tekintet\u00e9vel.<\/p>\n\n\n\n<p>Apr\u00e1nk\u00e9nt Aurora megengedte mag\u00e1nak, hogy valami t\u00f6bbet \u00e9rezzen. Nem a tipikus idealiz\u00e1lt szerelem volt ez. Ez egy tiszteleten, bizalmon \u00e9s nyugalmon alapul\u00f3 k\u00f6tel\u00e9k volt.<\/p>\n\n\n\n<p>Most el\u0151sz\u00f6r nem volt s\u00fcrget\u00e9s vagy elv\u00e1r\u00e1s. Csak az igazs\u00e1g.<\/p>\n\n\n\n<h2 class=\"wp-block-heading\">Bossz\u00fa vagy felszabadul\u00e1s?<\/h2>\n\n\n\n<h3 class=\"wp-block-heading\">\u00daj \u00e9let\u00e9nek legnehezebb d\u00f6nt\u00e9se<\/h3>\n\n\n\n<p>Auror\u00e1nak minden inform\u00e1ci\u00f3ja a birtok\u00e1ban volt. Tudta, hogyan ker\u00fclje el Dami\u00e1nt, hogyan leplezze le Valeri\u00e1t, \u00e9s hogyan k\u00e9nyszer\u00edtse \u0151ket a megtorl\u00e1sra.<br>De valami megv\u00e1ltozott benne.<\/p>\n\n\n\n<p>Meg\u00e9rtette, hogy az igazi er\u0151 nem a puszt\u00edt\u00e1sban rejlik, hanem abban, hogy soha t\u00f6bb\u00e9 nem k\u00faszik senki m\u00f6g\u00e9.<\/p>\n\n\n\n<p>A csendet v\u00e1lasztotta. A t\u00e1vols\u00e1gtart\u00e1st. Az \u00e9p\u00edt\u00e9st, nem a rombol\u00e1st.<br>A bossz\u00fa \u00e9des lett volna\u2026 de r\u00f6vid \u00e9let\u0171.<\/p>\n\n\n\n<p>A szabads\u00e1guk fontosabb volt.<\/p>\n\n\n\n<p>Maga m\u00f6g\u00f6tt hagyta a bizony\u00edt\u00e1s k\u00e9nyszer\u00e9t. \u00daj \u00e9lete nem ig\u00e9nyelt tapsot vagy magyar\u00e1zkod\u00e1st.<\/p>\n\n\n\n<h2 class=\"wp-block-heading\">Soha nem k\u00e9s\u0151 \u00fajrakezdeni<\/h2>\n\n\n\n<h3 class=\"wp-block-heading\">A t\u00f6rt\u00e9net, amit mindannyiunknak hallanunk kellene<\/h3>\n\n\n\n<p>Aurora t\u00f6rt\u00e9nete sok ember sz\u00e1m\u00e1ra t\u00fck\u00f6r.<\/p>\n\n\n\n<p>Megmutatja nek\u00fcnk, hogy <strong>a <a href=\"https:\/\/dramashorts.io\/pt\/shorts\/86314a47-e7be-4adc-988d-8e4759725961?episode=1\">\u00e1rul\u00e1s <\/a>F\u00e1j, de nem defini\u00e1l<\/strong>Hogy mindig van lehet\u0151s\u00e9g az \u00fajj\u00e1sz\u00fclet\u00e9sre, m\u00e9g akkor is, ha nem utazunk vissza az id\u0151ben.<\/p>\n\n\n\n<p>Minden nap egy \u00faj lehet\u0151s\u00e9g. \u00c9s n\u00e9ha, ami trag\u00e9di\u00e1nak t\u0171nik, csup\u00e1n egy er\u0151sebb \u00f6nmagunk kezdete.<\/p>\n\n\n\n<p>Lehet, hogy nem mindannyian vagyunk olyan szerencs\u00e9sek, mint Aurora. De d\u00f6nthet\u00fcnk \u00fagy, hogy nem maradunk ott, ami f\u00e1jdalmat okoz nek\u00fcnk.<\/p>\n\n\n\n<p>Megszak\u00edthatjuk a kapcsolatot azokkal, akik nem \u00e9rt\u00e9kelnek minket. Nyitott szemmel, f\u00e9lelem n\u00e9lk\u00fcl, b\u00e1tran tekinthet\u00fcnk a j\u00f6v\u0151be.<\/p>","protected":false},"excerpt":{"rendered":"<p>K\u00e9sz\u00fclj fel a \u00e1mulatra \u00e9s az izgalomra! N\u00e9zd meg az 1. r\u00e9szt most. A szerelem f\u00e1jhat\u2026 de \u00e1t is alak\u00edthat. Az \u00e1rul\u00e1sr\u00f3l \u00e9s a m\u00e1sodik es\u00e9lyr\u0151l sz\u00f3l\u00f3 t\u00f6rt\u00e9net nem csak egy szappanopera-fr\u00e1zis. Ez egy olyan val\u00f3s\u00e1g, amellyel sokan csendben szembes\u00fclnek. Aurora azt hitte, megtal\u00e1lta \u00e9lete szerelm\u00e9t. Teljesen odaadta mag\u00e1t, lemondva \u00f6nmaga egyes r\u00e9szeir\u0151l [\u2026]<\/p>","protected":false},"author":139,"featured_media":9503,"comment_status":"closed","ping_status":"open","sticky":false,"template":"","format":"standard","meta":{"footnotes":""},"categories":[5],"tags":[2304,2303,2302,2305,2301],"yoast_head":"<!-- This site is optimized with the Yoast SEO plugin v23.3 - https:\/\/yoast.com\/wordpress\/plugins\/seo\/ -->\n<title>\u00a1Traici\u00f3n y secretos! \u00a1Mira lo que pas\u00f3! - Universo Fam\u00edlia<\/title>\n<meta name=\"description\" content=\"\u00a1Traici\u00f3n y secretos! \u00a1Mira lo que pas\u00f3! El amor puede doler... pero tambi\u00e9n transformarHistoria de traici\u00f3n y segunda oportunidad...\" \/>\n<meta name=\"robots\" content=\"index, follow, max-snippet:-1, max-image-preview:large, max-video-preview:-1\" \/>\n<link rel=\"canonical\" href=\"https:\/\/universofamilia.com\/hu\/traicion-y-secretos-mira-lo-que-paso\/\" \/>\n<meta property=\"og:locale\" content=\"hu_HU\" \/>\n<meta property=\"og:type\" content=\"article\" \/>\n<meta property=\"og:title\" content=\"\u00a1Traici\u00f3n y secretos! \u00a1Mira lo que pas\u00f3! - Universo Fam\u00edlia\" \/>\n<meta property=\"og:description\" content=\"\u00a1Traici\u00f3n y secretos! \u00a1Mira lo que pas\u00f3! El amor puede doler... pero tambi\u00e9n transformarHistoria de traici\u00f3n y segunda oportunidad...\" \/>\n<meta property=\"og:url\" content=\"https:\/\/universofamilia.com\/hu\/traicion-y-secretos-mira-lo-que-paso\/\" \/>\n<meta property=\"og:site_name\" content=\"Universo Fam\u00edlia\" \/>\n<meta property=\"article:published_time\" content=\"2025-06-06T20:29:52+00:00\" \/>\n<meta property=\"article:modified_time\" content=\"2025-06-06T20:29:53+00:00\" \/>\n<meta property=\"og:image\" content=\"https:\/\/universofamilia.com\/wp-content\/uploads\/sites\/148\/2025\/06\/DESTAQUE-UNIVERSO-550-x-350-2-1.jpg\" \/>\n\t<meta property=\"og:image:width\" content=\"550\" \/>\n\t<meta property=\"og:image:height\" content=\"350\" \/>\n\t<meta property=\"og:image:type\" content=\"image\/jpeg\" \/>\n<meta name=\"author\" content=\"Pedro Henrique\" \/>\n<meta name=\"twitter:card\" content=\"summary_large_image\" \/>\n<meta name=\"twitter:label1\" content=\"Written by\" \/>\n\t<meta name=\"twitter:data1\" content=\"Pedro Henrique\" \/>\n\t<meta name=\"twitter:label2\" content=\"Est. reading time\" \/>\n\t<meta name=\"twitter:data2\" content=\"6 perc\" \/>\n<script type=\"application\/ld+json\" class=\"yoast-schema-graph\">{\"@context\":\"https:\/\/schema.org\",\"@graph\":[{\"@type\":\"WebPage\",\"@id\":\"https:\/\/universofamilia.com\/traicion-y-secretos-mira-lo-que-paso\/\",\"url\":\"https:\/\/universofamilia.com\/traicion-y-secretos-mira-lo-que-paso\/\",\"name\":\"\u00a1Traici\u00f3n y secretos! \u00a1Mira lo que pas\u00f3! - Universo Fam\u00edlia\",\"isPartOf\":{\"@id\":\"https:\/\/universofamilia.com\/el\/#website\"},\"primaryImageOfPage\":{\"@id\":\"https:\/\/universofamilia.com\/traicion-y-secretos-mira-lo-que-paso\/#primaryimage\"},\"image\":{\"@id\":\"https:\/\/universofamilia.com\/traicion-y-secretos-mira-lo-que-paso\/#primaryimage\"},\"thumbnailUrl\":\"https:\/\/universofamilia.com\/wp-content\/uploads\/sites\/148\/2025\/06\/DESTAQUE-UNIVERSO-550-x-350-2-1.jpg\",\"datePublished\":\"2025-06-06T20:29:52+00:00\",\"dateModified\":\"2025-06-06T20:29:53+00:00\",\"author\":{\"@id\":\"https:\/\/universofamilia.com\/el\/#\/schema\/person\/f07ce98187dd84d31154262e79b3b7ca\"},\"description\":\"\u00a1Traici\u00f3n y secretos! \u00a1Mira lo que pas\u00f3! El amor puede doler... pero tambi\u00e9n transformarHistoria de traici\u00f3n y segunda oportunidad...\",\"breadcrumb\":{\"@id\":\"https:\/\/universofamilia.com\/traicion-y-secretos-mira-lo-que-paso\/#breadcrumb\"},\"inLanguage\":\"hu\",\"potentialAction\":[{\"@type\":\"ReadAction\",\"target\":[\"https:\/\/universofamilia.com\/traicion-y-secretos-mira-lo-que-paso\/\"]}]},{\"@type\":\"ImageObject\",\"inLanguage\":\"hu\",\"@id\":\"https:\/\/universofamilia.com\/traicion-y-secretos-mira-lo-que-paso\/#primaryimage\",\"url\":\"https:\/\/universofamilia.com\/wp-content\/uploads\/sites\/148\/2025\/06\/DESTAQUE-UNIVERSO-550-x-350-2-1.jpg\",\"contentUrl\":\"https:\/\/universofamilia.com\/wp-content\/uploads\/sites\/148\/2025\/06\/DESTAQUE-UNIVERSO-550-x-350-2-1.jpg\",\"width\":550,\"height\":350,\"caption\":\"\u00a1Traici\u00f3n y secretos! \u00a1Mira lo que pas\u00f3!\"},{\"@type\":\"BreadcrumbList\",\"@id\":\"https:\/\/universofamilia.com\/traicion-y-secretos-mira-lo-que-paso\/#breadcrumb\",\"itemListElement\":[{\"@type\":\"ListItem\",\"position\":1,\"name\":\"Home\",\"item\":\"https:\/\/universofamilia.com\/el\/\"},{\"@type\":\"ListItem\",\"position\":2,\"name\":\"\u00a1Traici\u00f3n y secretos! \u00a1Mira lo que pas\u00f3!\"}]},{\"@type\":\"WebSite\",\"@id\":\"https:\/\/universofamilia.com\/el\/#website\",\"url\":\"https:\/\/universofamilia.com\/el\/\",\"name\":\"Universo Fam\u00edlia\",\"description\":\"\",\"potentialAction\":[{\"@type\":\"SearchAction\",\"target\":{\"@type\":\"EntryPoint\",\"urlTemplate\":\"https:\/\/universofamilia.com\/el\/?s={search_term_string}\"},\"query-input\":\"required name=search_term_string\"}],\"inLanguage\":\"hu\"},{\"@type\":\"Person\",\"@id\":\"https:\/\/universofamilia.com\/el\/#\/schema\/person\/f07ce98187dd84d31154262e79b3b7ca\",\"name\":\"Pedro Henrique\",\"image\":{\"@type\":\"ImageObject\",\"inLanguage\":\"hu\",\"@id\":\"https:\/\/universofamilia.com\/el\/#\/schema\/person\/image\/\",\"url\":\"https:\/\/secure.gravatar.com\/avatar\/9edfeb808cb4e1599f64d6e45b130154?s=96&d=mm&r=g\",\"contentUrl\":\"https:\/\/secure.gravatar.com\/avatar\/9edfeb808cb4e1599f64d6e45b130154?s=96&d=mm&r=g\",\"caption\":\"Pedro Henrique\"},\"url\":\"https:\/\/universofamilia.com\/hu\/author\/editor01\/\"}]}<\/script>\n<!-- \/ Yoast SEO plugin. -->","yoast_head_json":{"title":"\u00a1Traici\u00f3n y secretos! \u00a1Mira lo que pas\u00f3! - Universo Fam\u00edlia","description":"\u00a1Traici\u00f3n y secretos! \u00a1Mira lo que pas\u00f3! El amor puede doler... pero tambi\u00e9n transformarHistoria de traici\u00f3n y segunda oportunidad...","robots":{"index":"index","follow":"follow","max-snippet":"max-snippet:-1","max-image-preview":"max-image-preview:large","max-video-preview":"max-video-preview:-1"},"canonical":"https:\/\/universofamilia.com\/hu\/traicion-y-secretos-mira-lo-que-paso\/","og_locale":"hu_HU","og_type":"article","og_title":"\u00a1Traici\u00f3n y secretos! \u00a1Mira lo que pas\u00f3! - Universo Fam\u00edlia","og_description":"\u00a1Traici\u00f3n y secretos! \u00a1Mira lo que pas\u00f3! El amor puede doler... pero tambi\u00e9n transformarHistoria de traici\u00f3n y segunda oportunidad...","og_url":"https:\/\/universofamilia.com\/hu\/traicion-y-secretos-mira-lo-que-paso\/","og_site_name":"Universo Fam\u00edlia","article_published_time":"2025-06-06T20:29:52+00:00","article_modified_time":"2025-06-06T20:29:53+00:00","og_image":[{"width":550,"height":350,"url":"https:\/\/universofamilia.com\/wp-content\/uploads\/sites\/148\/2025\/06\/DESTAQUE-UNIVERSO-550-x-350-2-1.jpg","type":"image\/jpeg"}],"author":"Pedro Henrique","twitter_card":"summary_large_image","twitter_misc":{"Written by":"Pedro Henrique","Est. reading time":"6 perc"},"schema":{"@context":"https:\/\/schema.org","@graph":[{"@type":"WebPage","@id":"https:\/\/universofamilia.com\/traicion-y-secretos-mira-lo-que-paso\/","url":"https:\/\/universofamilia.com\/traicion-y-secretos-mira-lo-que-paso\/","name":"\u00a1Traici\u00f3n y secretos! \u00a1Mira lo que pas\u00f3! - Universo Fam\u00edlia","isPartOf":{"@id":"https:\/\/universofamilia.com\/el\/#website"},"primaryImageOfPage":{"@id":"https:\/\/universofamilia.com\/traicion-y-secretos-mira-lo-que-paso\/#primaryimage"},"image":{"@id":"https:\/\/universofamilia.com\/traicion-y-secretos-mira-lo-que-paso\/#primaryimage"},"thumbnailUrl":"https:\/\/universofamilia.com\/wp-content\/uploads\/sites\/148\/2025\/06\/DESTAQUE-UNIVERSO-550-x-350-2-1.jpg","datePublished":"2025-06-06T20:29:52+00:00","dateModified":"2025-06-06T20:29:53+00:00","author":{"@id":"https:\/\/universofamilia.com\/el\/#\/schema\/person\/f07ce98187dd84d31154262e79b3b7ca"},"description":"\u00a1Traici\u00f3n y secretos! \u00a1Mira lo que pas\u00f3! El amor puede doler... pero tambi\u00e9n transformarHistoria de traici\u00f3n y segunda oportunidad...","breadcrumb":{"@id":"https:\/\/universofamilia.com\/traicion-y-secretos-mira-lo-que-paso\/#breadcrumb"},"inLanguage":"hu","potentialAction":[{"@type":"ReadAction","target":["https:\/\/universofamilia.com\/traicion-y-secretos-mira-lo-que-paso\/"]}]},{"@type":"ImageObject","inLanguage":"hu","@id":"https:\/\/universofamilia.com\/traicion-y-secretos-mira-lo-que-paso\/#primaryimage","url":"https:\/\/universofamilia.com\/wp-content\/uploads\/sites\/148\/2025\/06\/DESTAQUE-UNIVERSO-550-x-350-2-1.jpg","contentUrl":"https:\/\/universofamilia.com\/wp-content\/uploads\/sites\/148\/2025\/06\/DESTAQUE-UNIVERSO-550-x-350-2-1.jpg","width":550,"height":350,"caption":"\u00a1Traici\u00f3n y secretos! \u00a1Mira lo que pas\u00f3!"},{"@type":"BreadcrumbList","@id":"https:\/\/universofamilia.com\/traicion-y-secretos-mira-lo-que-paso\/#breadcrumb","itemListElement":[{"@type":"ListItem","position":1,"name":"Home","item":"https:\/\/universofamilia.com\/el\/"},{"@type":"ListItem","position":2,"name":"\u00a1Traici\u00f3n y secretos! \u00a1Mira lo que pas\u00f3!"}]},{"@type":"WebSite","@id":"https:\/\/universofamilia.com\/el\/#website","url":"https:\/\/universofamilia.com\/el\/","name":"Universo Fam\u00edlia","description":"","potentialAction":[{"@type":"SearchAction","target":{"@type":"EntryPoint","urlTemplate":"https:\/\/universofamilia.com\/el\/?s={search_term_string}"},"query-input":"required name=search_term_string"}],"inLanguage":"hu"},{"@type":"Person","@id":"https:\/\/universofamilia.com\/el\/#\/schema\/person\/f07ce98187dd84d31154262e79b3b7ca","name":"Pedro Henrique","image":{"@type":"ImageObject","inLanguage":"hu","@id":"https:\/\/universofamilia.com\/el\/#\/schema\/person\/image\/","url":"https:\/\/secure.gravatar.com\/avatar\/9edfeb808cb4e1599f64d6e45b130154?s=96&d=mm&r=g","contentUrl":"https:\/\/secure.gravatar.com\/avatar\/9edfeb808cb4e1599f64d6e45b130154?s=96&d=mm&r=g","caption":"Pedro Henrique"},"url":"https:\/\/universofamilia.com\/hu\/author\/editor01\/"}]}},"_links":{"self":[{"href":"https:\/\/universofamilia.com\/hu\/wp-json\/wp\/v2\/posts\/9502"}],"collection":[{"href":"https:\/\/universofamilia.com\/hu\/wp-json\/wp\/v2\/posts"}],"about":[{"href":"https:\/\/universofamilia.com\/hu\/wp-json\/wp\/v2\/types\/post"}],"author":[{"embeddable":true,"href":"https:\/\/universofamilia.com\/hu\/wp-json\/wp\/v2\/users\/139"}],"replies":[{"embeddable":true,"href":"https:\/\/universofamilia.com\/hu\/wp-json\/wp\/v2\/comments?post=9502"}],"version-history":[{"count":1,"href":"https:\/\/universofamilia.com\/hu\/wp-json\/wp\/v2\/posts\/9502\/revisions"}],"predecessor-version":[{"id":9504,"href":"https:\/\/universofamilia.com\/hu\/wp-json\/wp\/v2\/posts\/9502\/revisions\/9504"}],"wp:featuredmedia":[{"embeddable":true,"href":"https:\/\/universofamilia.com\/hu\/wp-json\/wp\/v2\/media\/9503"}],"wp:attachment":[{"href":"https:\/\/universofamilia.com\/hu\/wp-json\/wp\/v2\/media?parent=9502"}],"wp:term":[{"taxonomy":"category","embeddable":true,"href":"https:\/\/universofamilia.com\/hu\/wp-json\/wp\/v2\/categories?post=9502"},{"taxonomy":"post_tag","embeddable":true,"href":"https:\/\/universofamilia.com\/hu\/wp-json\/wp\/v2\/tags?post=9502"}],"curies":[{"name":"wp","href":"https:\/\/api.w.org\/{rel}","templated":true}]}}