{"id":9511,"date":"2025-06-12T13:45:04","date_gmt":"2025-06-12T13:45:04","guid":{"rendered":"https:\/\/universofamilia.com\/?p=9511"},"modified":"2025-06-12T13:45:05","modified_gmt":"2025-06-12T13:45:05","slug":"la-mejor-tecnologia-para-encontrar-tu-celular-perdido-o-robado","status":"publish","type":"post","link":"https:\/\/universofamilia.com\/hu\/la-mejor-tecnologia-para-encontrar-tu-celular-perdido-o-robado\/","title":{"rendered":"A legjobb technol\u00f3gia az elveszett vagy ellopott mobiltelefon megtal\u00e1l\u00e1s\u00e1hoz"},"content":{"rendered":"<h4 class=\"wp-block-heading has-text-align-center\">Elvesztetted a telefonod? Ne ess p\u00e1nikba.<\/h4>\n\n\n\n<p><\/p>\n\n\n\n<hr class=\"wp-block-separator has-alpha-channel-opacity is-style-wide\" \/>\n\n\n\n<h5 class=\"wp-block-heading has-text-align-center\"><strong><mark class=\"has-inline-color has-vivid-cyan-blue-color\">V\u00e1lasszon egyet a lehet\u0151s\u00e9gek k\u00f6z\u00fcl!<\/mark><\/strong><\/h5>\n\n\n    <section class=\"mx-1 my-10\">\n                                                <a href=\"https:\/\/universofamilia.com\/hu\/el-mejor-app-para-localizar-celular-perdido-en-cualquier-lugar\/\" class=\"text-white\" data-analytics-label=\"optionsButton\"\n                    data-action=\"analytics#trackCTA\">\n                    <div data-options-target=\"option\"\n                        class=\"custom-section rounded-xl border p-3 shadow-md w-full bg-green-700 my-3\">\n                        <div class=\"flex w-full items-center justify-between\">\n                            <div class=\"flex items-center space-x-3\">\n                                <div class=\"text-lg font-bold\">\n                                    B\u00e1rmelyik mobiltelefont megtal\u00e1lja \u279d\n                                <\/div>\n                            <\/div>\n                        <\/div>\n                    <\/div>\n                <\/a>\n                                                            <a href=\"https:\/\/universofamilia.com\/hu\/google-mensaje-protege-a-tu-familia-con-esta-poderosa-app\/\" class=\"text-white\" data-analytics-label=\"optionsButton\"\n                    data-action=\"analytics#trackCTA\">\n                    <div data-options-target=\"option\"\n                        class=\"custom-section rounded-xl border p-3 shadow-md w-full bg-green-700 my-3\">\n                        <div class=\"flex w-full items-center justify-between\">\n                            <div class=\"flex items-center space-x-3\">\n                                <div class=\"text-lg font-bold\">\n                                    Csal\u00e1di besz\u00e9lget\u00e9sek monitoroz\u00e1sa \u279d\n                                <\/div>\n                            <\/div>\n                        <\/div>\n                    <\/div>\n                <\/a>\n                                                            <a href=\"https:\/\/universofamilia.com\/hu\/localizar-cualquier-celular\/\" class=\"text-white\" data-analytics-label=\"optionsButton\"\n                    data-action=\"analytics#trackCTA\">\n                    <div data-options-target=\"option\"\n                        class=\"custom-section rounded-xl border p-3 shadow-md w-full bg-green-700 my-3\">\n                        <div class=\"flex w-full items-center justify-between\">\n                            <div class=\"flex items-center space-x-3\">\n                                <div class=\"text-lg font-bold\">\n                                    Ellopott mobiltelefon keres\u00e9se \u279d\n                                <\/div>\n                            <\/div>\n                        <\/div>\n                    <\/div>\n                <\/a>\n                            <p class=\"text-xs text-gray-500 text-right hidden\"\n            style=\"margin-left: 50%; margin-bottom: 50px; margin-top: 5px;\">\n            <!-- You will be redirected to another website -->\n        <\/p>\n    <\/section>\n\n\n\n\n<p class=\"has-text-align-right\"><strong><em>Ugyanott fog maradni!<\/em><\/strong><\/p>\n\n\n\n<hr class=\"wp-block-separator has-alpha-channel-opacity is-style-wide\" \/>\n\n\n\n<p><strong>A legjobb technol\u00f3gia a mobiltelefonod megtal\u00e1l\u00e1s\u00e1hoz<\/strong> k\u00f6zelebb el\u00e9rhet\u0151, mint gondoln\u00e1d.<\/p>\n\n\n\n<p>Manaps\u00e1g gyakori, hogy az emberek elvesz\u00edtik a <a href=\"https:\/\/universofamilia.com\/hu\/el-mejor-app-para-localizar-celular-perdido-en-cualquier-lugar\/\">telefonok gondatlans\u00e1g vagy ak\u00e1r lop\u00e1s miatt<\/a>.<\/p>\n\n\n\n<p>\u00c9s b\u00e1r \u00fagy t\u0171nhet, hogy itt a vil\u00e1g v\u00e9ge, a j\u00f3 h\u00edr az, hogy vannak egyszer\u0171 \u00e9s hat\u00e9kony megold\u00e1sok.<\/p>\n\n\n\n<p>Gyakran k\u00e9ts\u00e9gbees\u00e9s fog el minket, amikor nem tal\u00e1ljuk a telefonunkat. A legrosszabbat k\u00e9pzelj\u00fck el: priv\u00e1t fot\u00f3kat, fontos \u00fczeneteket, n\u00e9vjegyeket, banki alkalmaz\u00e1sokat.<\/p>\n\n\n\n<p>De miel\u0151tt kr\u00edzisbe ker\u00fclne, vannak egy\u00e9rtelm\u0171 l\u00e9p\u00e9sek, amelyeket megtehet adatai helyre\u00e1ll\u00edt\u00e1sa vagy v\u00e9delme \u00e9rdek\u00e9ben.<\/p>\n\n\n\n<p>Ez a cikk az\u00e9rt k\u00e9sz\u00fclt, hogy seg\u00edtsen meg\u00e9rteni, hogyan haszn\u00e1lhatod a technol\u00f3gi\u00e1t a saj\u00e1t el\u0151ny\u00f6dre.<\/p>\n\n\n\n<p>Megmutatjuk azokat az alkalmaz\u00e1sokat, amelyek m\u00e1r t\u00f6bb milli\u00f3 embernek seg\u00edtettek mobiltelefonjuk nyomon k\u00f6vet\u00e9s\u00e9ben mind\u00f6ssze n\u00e9h\u00e1ny perc alatt.<\/p>\n\n\n\n<p>M\u00e9g ha nincs is tapasztalatod a technol\u00f3gi\u00e1val, akkor is k\u00e9pes leszel alkalmazni.<\/p>\n\n\n\n<p>Olvasson tov\u00e1bb. Ez nemcsak a k\u00e9sz\u00fcl\u00e9k\u00e9t mentheti meg, hanem a nyugalm\u00e1t \u00e9s a szem\u00e9lyes adatait is.<\/p>\n\n\n\n<p>Olyan eszk\u00f6z\u00f6ket fogsz felfedezni, amelyek igazi k\u00fcl\u00f6nbs\u00e9get jelentenek majd, amikor a legnagyobb sz\u00fcks\u00e9ged van r\u00e1juk.<\/p>\n\n\n\n<p><\/p>\n\n\n\n<hr class=\"wp-block-separator has-alpha-channel-opacity is-style-wide\" \/>\n\n\n\n<h4 class=\"wp-block-heading has-text-align-center\"><strong><mark class=\"has-inline-color has-luminous-vivid-orange-color\">Olvasd el ezt is<\/mark><\/strong><\/h4>\n\n\n    <section class=\"mx-1 my-10\">\n                                                <a href=\"https:\/\/universofamilia.com\/hu\/lp-filmes-asiaticos\/\" class=\"text-white\" data-analytics-label=\"optionsButton\"\n                    data-action=\"analytics#trackCTA\">\n                    <div data-options-target=\"option\"\n                        class=\"custom-section rounded-xl border p-3 shadow-md w-full bg-green-700 my-3\">\n                        <div class=\"flex w-full items-center justify-between\">\n                            <div class=\"flex items-center space-x-3\">\n                                <div class=\"text-lg font-bold\">\n                                    App koreai dr\u00e1m\u00e1k n\u00e9z\u00e9s\u00e9hez \u279d\n                                <\/div>\n                            <\/div>\n                        <\/div>\n                    <\/div>\n                <\/a>\n                                                            <a href=\"https:\/\/universofamilia.com\/hu\/lp-recuperar-fotos\/\" class=\"text-white\" data-analytics-label=\"optionsButton\"\n                    data-action=\"analytics#trackCTA\">\n                    <div data-options-target=\"option\"\n                        class=\"custom-section rounded-xl border p-3 shadow-md w-full bg-green-700 my-3\">\n                        <div class=\"flex w-full items-center justify-between\">\n                            <div class=\"flex items-center space-x-3\">\n                                <div class=\"text-lg font-bold\">\n                                    T\u00f6r\u00f6lt fot\u00f3k helyre\u00e1ll\u00edt\u00e1sa ezzel az alkalmaz\u00e1ssal!  \u279d\n                                <\/div>\n                            <\/div>\n                        <\/div>\n                    <\/div>\n                <\/a>\n                                                            <a href=\"https:\/\/universofamilia.com\/hu\/el-amor-a-un-clic\/\" class=\"text-white\" data-analytics-label=\"optionsButton\"\n                    data-action=\"analytics#trackCTA\">\n                    <div data-options-target=\"option\"\n                        class=\"custom-section rounded-xl border p-3 shadow-md w-full bg-green-700 my-3\">\n                        <div class=\"flex w-full items-center justify-between\">\n                            <div class=\"flex items-center space-x-3\">\n                                <div class=\"text-lg font-bold\">\n                                    Fedezd fel az ide\u00e1lis t\u00e1rskeres\u0151 alkalmaz\u00e1st \u279d\n                                <\/div>\n                            <\/div>\n                        <\/div>\n                    <\/div>\n                <\/a>\n                            <p class=\"text-xs text-gray-500 text-right hidden\"\n            style=\"margin-left: 50%; margin-bottom: 50px; margin-top: 5px;\">\n            <!-- You will be redirected to another website -->\n        <\/p>\n    <\/section>\n\n\n\n\n<p class=\"has-text-align-right\"><em><strong><em><strong><em><strong><em><strong><em><strong>Ugyanott fog maradni!<\/strong><\/em><\/strong><\/em><\/strong><\/em><\/strong><\/em><\/strong><\/em><\/p>\n\n\n\n<hr class=\"wp-block-separator has-alpha-channel-opacity is-style-wide\" \/>\n\n\n\n<p><\/p>\n\n\n\n<h2 class=\"wp-block-heading\">Mit tegy\u00e9l, ha elvesz\u00edted a mobiltelefonodat?<\/h2>\n\n\n\n<h3 class=\"wp-block-heading\">Az els\u0151 alapvet\u0151 l\u00e9p\u00e9sek<\/h3>\n\n\n\n<p>L\u00e9legezz. Igen, az els\u0151dleges a nyugalom meg\u0151rz\u00e9se. Az idegesked\u00e9s csak k\u00e9slelteti a megold\u00e1st.<\/p>\n\n\n\n<p>Ne feledd: minden perc sz\u00e1m\u00edt, de az impulz\u00edv d\u00f6nt\u00e9sek ronthatnak a helyzeten.<\/p>\n\n\n\n<p>Most gondold \u00e1t gondolatban, hol volt\u00e1l utolj\u00e1ra a mobiltelefonoddal.<\/p>\n\n\n\n<p>Haszn\u00e1ltad az aut\u00f3dban? Ott hagytad az asztalon egy \u00e9tteremben? K\u00f6lcs\u00f6nadtad valakinek?<\/p>\n\n\n\n<p>Gondolkodj gyorsan, de logikusan. Ha otthon vagy, n\u00e9zd meg a tipikus helyeket: p\u00e1rn\u00e1kat, zsebeket, a f\u00fcrd\u0151szob\u00e1t. Semmi? Ideje el\u0151venni a technol\u00f3gi\u00e1t.<\/p>\n\n\n\n<p>Ha van k\u00e9zn\u00e9l egy m\u00e1sik eszk\u00f6z (p\u00e9ld\u00e1ul sz\u00e1m\u00edt\u00f3g\u00e9p vagy egy csal\u00e1dtag telefonja), most elkezdheti a k\u00f6vet\u00e9st.<\/p>\n\n\n\n<p>\u00c9s ha m\u00e9g nincs telep\u00edtve alkalmaz\u00e1s a megkeres\u00e9s\u00e9hez, ne agg\u00f3djon: egyes opci\u00f3k el\u0151re telep\u00edtve vannak Android-eszk\u00f6z\u00f6k\u00f6n, \u00e9s azonnal aktiv\u00e1lhat\u00f3k.<\/p>\n\n\n\n<p>Az is fontos, hogy ne pr\u00f3b\u00e1ljunk szembesz\u00e1llni egy olyan szem\u00e9llyel, akit azzal gyan\u00fas\u00edtanak, hogy ellopta a mobiltelefont.<\/p>\n\n\n\n<p>A szem\u00e9lyes biztons\u00e1g mindig az els\u0151.<\/p>\n\n\n\n<p>Ha vesz\u00e9lyes helyet \u00e9szlel, a legjobb, ha blokkolja a k\u00e9sz\u00fcl\u00e9ket, \u00e9s \u00e9rtes\u00edti a hat\u00f3s\u00e1gokat.<\/p>\n\n\n\n<h2 class=\"wp-block-heading\">Mi\u00e9rt t\u00e1maszkodn\u00e1l alkalmaz\u00e1sokra a telefon megtal\u00e1l\u00e1s\u00e1hoz?<\/h2>\n\n\n\n<h3 class=\"wp-block-heading\">A vakon \u00e9s a technol\u00f3gia seg\u00edts\u00e9g\u00e9vel t\u00f6rt\u00e9n\u0151 keres\u00e9s k\u00f6z\u00f6tti k\u00fcl\u00f6nbs\u00e9g<\/h3>\n\n\n\n<p>K\u00e9pzeld el, hogy valaki \u00fagy keresi a mobiltelefonj\u00e1t, mintha t\u0171t keresne a sz\u00e9nakazalban.<\/p>\n\n\n\n<p>Alkalmaz\u00e1sok n\u00e9lk\u00fcl pontosan ezt tessz\u00fck: k\u00e9rdez\u0151sk\u00f6d\u00fcnk, telefon\u00e1lgatunk, amire senki sem v\u00e1laszol, \u00e9s a v\u00e9g\u00e9n csak frusztr\u00e1ltak vagyunk.<\/p>\n\n\n\n<p>Most gondolj egy olyan eszk\u00f6zre, amely megmutatja a mobiltelefonod pontos hely\u00e9t. Lehet\u0151v\u00e9 teszi, hogy n\u00e9ma \u00fczemm\u00f3dban is cs\u00f6r\u00f6gj\u00f6n.<\/p>\n\n\n\n<p>Lez\u00e1rhat, t\u00f6r\u00f6lhet minden adatot, s\u0151t, ak\u00e1r le is fot\u00f3zhatja azt, aki haszn\u00e1lja. Hasznosnak hangzik, ugye?<\/p>\n\n\n\n<p>A legjobb mobiltelefon-k\u00f6vet\u0151 alkalmaz\u00e1sok nemcsak id\u0151t takar\u00edtanak meg, hanem megv\u00e9dik \u00d6nt a nagyobb fenyeget\u00e9sekt\u0151l is.<\/p>\n\n\n\n<p>Manaps\u00e1g az eszk\u00f6zeink t\u00f6bbet t\u00e1rolnak, mint n\u00e9vjegyeket: banksz\u00e1ml\u00e1kat, csal\u00e1di fot\u00f3kat, szem\u00e9lyes \u00fczeneteket, munkahelyi dokumentumokat<\/p>\n\n\n\n<p>Egy j\u00f3 alkalmaz\u00e1s nem csak egy GPS. Ez a digit\u00e1lis pajzsod.<\/p>\n\n\n\n<p>\u00c9s a legjobb az eg\u00e9szben: sok k\u00f6z\u00fcl\u00fck ingyenes \u00e9s k\u00f6nnyen haszn\u00e1lhat\u00f3, m\u00e9g az id\u0151sebb emberek vagy a technol\u00f3gi\u00e1val nem sok tapasztalattal rendelkez\u0151k sz\u00e1m\u00e1ra is.<\/p>\n\n\n\n<h2 class=\"wp-block-heading\">Milyen funkci\u00f3kkal kell rendelkeznie egy j\u00f3 mobiltelefon-k\u00f6vet\u0151 alkalmaz\u00e1snak?<\/h2>\n\n\n\n<p>Miel\u0151tt let\u00f6lten\u00e9l egy alkalmaz\u00e1st, gy\u0151z\u0151dj meg r\u00f3la, hogy rendelkezik ezekkel a fontos funkci\u00f3kkal<\/p>\n\n\n\n<ul>\n<li>Val\u00f3s idej\u0171 GPS-k\u00f6vet\u00e9s<\/li>\n\n\n\n<li>Lehet\u0151s\u00e9g van rezg\u0151 vagy n\u00e9ma \u00fczemm\u00f3dban is csengetni<\/li>\n\n\n\n<li>Lehet\u0151s\u00e9g az eszk\u00f6z t\u00e1voli z\u00e1rol\u00e1s\u00e1ra<\/li>\n\n\n\n<li>T\u00e1voli adatt\u00f6rl\u00e9si funkci\u00f3<\/li>\n\n\n\n<li>\u00c9rtes\u00edt\u00e9s, ha valaki SIM-chipet cser\u00e9l<\/li>\n\n\n\n<li>Egyszer\u0171 \u00e9s k\u00f6nnyen hozz\u00e1f\u00e9rhet\u0151 fel\u00fclet<\/li>\n<\/ul>\n\n\n\n<p>Ezeket az eszk\u00f6z\u00f6ket \u00fagy tervezt\u00e9k, hogy b\u00e1rki, kort\u00f3l f\u00fcggetlen\u00fcl, haszn\u00e1lhassa \u0151ket v\u00e9szhelyzetben.<\/p>\n\n\n\n<p>A legjobb, ha m\u00e1r a sz\u00fcks\u00e9gesn\u00e9l kor\u00e1bban telep\u00edted \u0151ket. De ha ez nem \u00edgy van, ne agg\u00f3dj! M\u00e9g van id\u0151d.<\/p>\n\n\n\n<h2 class=\"wp-block-heading\">A 3 legjobb alkalmaz\u00e1s a mobiltelefonod megtal\u00e1l\u00e1s\u00e1hoz Mexik\u00f3ban<\/h2>\n\n\n\n<h3 class=\"wp-block-heading\">1. <a href=\"https:\/\/android-device-manager.br.uptodown.com\/android\">Google-eszk\u00f6z keres\u00e9se<\/a><\/h3>\n\n\n\n<p>Ez a Google hivatalos megold\u00e1sa, \u00e9s sz\u00e1mos Android telefonra el\u0151re telep\u00edtve van. Hihetetlen\u00fcl hat\u00e9kony, \u00e9s teljesen ingyenes.<\/p>\n\n\n\n<p><strong>Kiemelt el\u0151ny\u00f6k<\/strong><\/p>\n\n\n\n<ul>\n<li>Megmutatja a mobiltelefon pontos hely\u00e9t a t\u00e9rk\u00e9pen<\/li>\n\n\n\n<li>Lehet\u0151v\u00e9 teszi a teljes hanger\u0151n val\u00f3 lej\u00e1tsz\u00e1st, m\u00e9g akkor is, ha n\u00e9ma<\/li>\n\n\n\n<li>Lez\u00e1rhatod a k\u00e9perny\u0151t, \u00e9s egy\u00e9ni \u00fczenetet jelen\u00edthetsz meg annak, aki megtal\u00e1lja.<\/li>\n\n\n\n<li>Ha a helyzet megk\u00edv\u00e1nja, t\u00e1volr\u00f3l t\u00f6r\u00f6lheti az \u00f6sszes inform\u00e1ci\u00f3t.<\/li>\n<\/ul>\n\n\n\n<p>Nagyon k\u00f6nny\u0171 haszn\u00e1lni. Csak jelentkezz be Google-fi\u00f3koddal b\u00e1rmelyik b\u00f6ng\u00e9sz\u0151ben, \u00e9s m\u00e1ris haszn\u00e1lhatod.<\/p>\n\n\n\n<p>Letisztult, egyszer\u0171 kialak\u00edt\u00e1s\u00e1nak k\u00f6sz\u00f6nhet\u0151en ide\u00e1lis id\u0151sek sz\u00e1m\u00e1ra. \u00c9s mivel a Google-t\u0151l sz\u00e1rmazik, megb\u00edzhat\u00f3 \u00e9s biztons\u00e1gos.<\/p>\n\n\n\n<p><\/p>\n\n\n\n<hr class=\"wp-block-separator has-alpha-channel-opacity is-style-wide\" \/>\n\n\n\n<h5 class=\"wp-block-heading has-text-align-left\"><strong><mark class=\"has-inline-color has-luminous-vivid-amber-color\"><strong><mark class=\"has-inline-color has-luminous-vivid-amber-color\"><a>\ud83d\udc49 <\/a><strong><mark class=\"has-inline-color has-luminous-vivid-amber-color\"><strong>T\u00f6ltsd le az alkalmaz\u00e1st:<\/strong><\/mark><\/strong><\/mark><\/strong><\/mark><\/strong><\/h5>\n\n\n    <section class=\"mx-1 my-10\">\n                                                <a href=\"https:\/\/android-device-manager.br.uptodown.com\/android\" class=\"text-white\" data-analytics-label=\"optionsButton\"\n                    data-action=\"analytics#trackCTA\">\n                    <div data-options-target=\"option\"\n                        class=\"custom-section rounded-xl border p-3 shadow-md w-full bg-green-700 my-3\">\n                        <div class=\"flex w-full items-center justify-between\">\n                            <div class=\"flex items-center space-x-3\">\n                                <div class=\"text-lg font-bold\">\n                                    K\u00e9sz\u00fcl\u00e9k keres\u00e9se \u279d\n                                <\/div>\n                            <\/div>\n                        <\/div>\n                    <\/div>\n                <\/a>\n                            <p class=\"text-xs text-gray-500 text-right\"\n            style=\"margin-left: 50%; margin-bottom: 50px; margin-top: 5px;\">\n            <!-- You will be redirected to another website -->\n        <\/p>\n    <\/section>\n\n\n\n\n<p class=\"has-text-align-right\"><em><strong><em><strong><em><strong><em><strong><em><strong><em><strong><em><strong><em><strong><em><strong><em><strong>\u00c1t leszel ir\u00e1ny\u00edtva egy m\u00e1sik oldalra!<\/strong><\/em><\/strong><\/em><\/strong><\/em><\/strong><\/em><\/strong><\/em><\/strong><\/em><\/strong><\/em><\/strong><\/em><\/strong><\/em><\/strong><\/em><\/p>\n\n\n\n<hr class=\"wp-block-separator has-alpha-channel-opacity is-style-wide\" \/>\n\n\n\n<p><\/p>\n\n\n\n<h3 class=\"wp-block-heading\">2. Life360: GPS-es csal\u00e1dkeres\u0151<\/h3>\n\n\n\n<p>B\u00e1r a megk\u00f6zel\u00edt\u00e9se ismer\u0151s, ez az alkalmaz\u00e1s nagyon hat\u00e9kony funkci\u00f3kkal rendelkezik a mobiltelefonok k\u00f6vet\u00e9s\u00e9re.<\/p>\n\n\n\n<p>Ezenk\u00edv\u00fcl lehet\u0151v\u00e9 teszi, hogy val\u00f3s id\u0151ben l\u00e1sd, hol vannak szeretteid.<\/p>\n\n\n\n<p><strong>Az \u00c9let Legjobbjai360<\/strong><\/p>\n\n\n\n<ul>\n<li>Val\u00f3s id\u0151ben l\u00e1thatja az \u00f6sszes csal\u00e1dtag hely\u00e9t<\/li>\n\n\n\n<li>\u00c9rtes\u00edt\u00e9st kapsz, amikor valaki meg\u00e9rkezik vagy elhagyja a helysz\u00ednt.<\/li>\n\n\n\n<li>Lehet\u0151v\u00e9 teszi a helyel\u0151zm\u00e9nyek megtekint\u00e9s\u00e9t<\/li>\n\n\n\n<li>Van rajta egy v\u00e9szgomb, amivel gyorsan seg\u00edts\u00e9get lehet k\u00e9rni.<\/li>\n<\/ul>\n\n\n\n<p>Kiv\u00e1l\u00f3 v\u00e1laszt\u00e1s tizen\u00e9ves gyermekes sz\u00fcl\u0151knek, vagy id\u0151seket gondoz\u00f3knak.<\/p>\n\n\n\n<p>A kezel\u0151fel\u00fclete felhaszn\u00e1l\u00f3bar\u00e1t, letisztult \u00e9s mexik\u00f3i spanyol nyelven is el\u00e9rhet\u0151. B\u00e1r van pr\u00e9mium verzi\u00f3ja, az ingyenes verzi\u00f3 m\u00e1r sz\u00e1mos hasznos funkci\u00f3t k\u00edn\u00e1l.<\/p>\n\n\n\n<p><\/p>\n\n\n\n<hr class=\"wp-block-separator has-alpha-channel-opacity is-style-wide\" \/>\n\n\n\n<h5 class=\"wp-block-heading has-text-align-left\"><strong><mark class=\"has-inline-color has-luminous-vivid-amber-color\"><strong><mark class=\"has-inline-color has-luminous-vivid-amber-color\"><a>\ud83d\udc49 <\/a><strong><mark class=\"has-inline-color has-luminous-vivid-amber-color\"><strong>T\u00f6ltsd le az alkalmaz\u00e1st:<\/strong><\/mark><\/strong><\/mark><\/strong><\/mark><\/strong><\/h5>\n\n\n    <section class=\"mx-1 my-10\">\n                                                <a href=\"https:\/\/intl.life360.com\/\" class=\"text-white\" data-analytics-label=\"optionsButton\"\n                    data-action=\"analytics#trackCTA\">\n                    <div data-options-target=\"option\"\n                        class=\"custom-section rounded-xl border p-3 shadow-md w-full bg-green-700 my-3\">\n                        <div class=\"flex w-full items-center justify-between\">\n                            <div class=\"flex items-center space-x-3\">\n                                <div class=\"text-lg font-bold\">\n                                    Life360 \u279d\n                                <\/div>\n                            <\/div>\n                        <\/div>\n                    <\/div>\n                <\/a>\n                            <p class=\"text-xs text-gray-500 text-right\"\n            style=\"margin-left: 50%; margin-bottom: 50px; margin-top: 5px;\">\n            <!-- You will be redirected to another website -->\n        <\/p>\n    <\/section>\n\n\n\n\n<p class=\"has-text-align-right\"><em><strong><em><strong><em><strong><em><strong><em><strong><em><strong><em><strong><em><strong><em><strong><em><strong>\u00c1t leszel ir\u00e1ny\u00edtva egy m\u00e1sik oldalra!<\/strong><\/em><\/strong><\/em><\/strong><\/em><\/strong><\/em><\/strong><\/em><\/strong><\/em><\/strong><\/em><\/strong><\/em><\/strong><\/em><\/strong><\/em><\/p>\n\n\n\n<hr class=\"wp-block-separator has-alpha-channel-opacity is-style-wide\" \/>\n\n\n\n<p><\/p>\n\n\n\n<h3 class=\"wp-block-heading\">3. Pr\u00e9da: Mobiltelefon keres\u00e9se \u00e9s biztons\u00e1g<\/h3>\n\n\n\n<p>Kev\u00e9sb\u00e9 ismert, de nagyon hat\u00e9kony Prey, amely nagyon magas szint\u0171 biztons\u00e1got k\u00edn\u00e1l, \u00e9s v\u00e1llalkoz\u00e1sok \u00e9s int\u00e9zm\u00e9nyek haszn\u00e1lj\u00e1k eszk\u00f6z\u00f6k v\u00e9delm\u00e9re.<\/p>\n\n\n\n<p><strong>Ami k\u00fcl\u00f6nlegess\u00e9 teszi<\/strong><\/p>\n\n\n\n<ul>\n<li>Egyetlen fi\u00f3kb\u00f3l t\u00f6bb mobiltelefont is nyomon k\u00f6vethet.<\/li>\n\n\n\n<li>Lehet\u0151v\u00e9 teszi a k\u00f6rnyezet vagy a birtok\u00e1ban l\u00e9v\u0151 szem\u00e9ly k\u00e9peinek r\u00f6gz\u00edt\u00e9s\u00e9t<\/li>\n\n\n\n<li>Riaszt\u00e1st adhat meg, vagy figyelmeztet\u0151 \u00fczenetet k\u00fcldhet a k\u00e9sz\u00fcl\u00e9kre<\/li>\n\n\n\n<li>R\u00e9szletes jelent\u00e9seket ny\u00fajt a helysz\u00ednr\u0151l, a csatlakoztatott h\u00e1l\u00f3zatr\u00f3l \u00e9s az aktivit\u00e1sr\u00f3l<\/li>\n<\/ul>\n\n\n\n<p>A Prey a mag\u00e1n\u00e9letre \u00f6sszpontos\u00edt. Nemcsak seg\u00edt visszaszerezni a telefonodat, hanem teljes kontrollt biztos\u00edt a felett, hogy mi t\u00f6rt\u00e9njen vele.<\/p>\n\n\n\n<p>Ha \u00d6n olyan szem\u00e9ly, aki \u00e9rt\u00e9keli a digit\u00e1lis biztons\u00e1got, akkor ez az alkalmaz\u00e1s \u00d6nnek sz\u00f3l.<\/p>\n\n\n\n<p><\/p>\n\n\n\n<hr class=\"wp-block-separator has-alpha-channel-opacity is-style-wide\" \/>\n\n\n\n<h5 class=\"wp-block-heading has-text-align-left\"><strong><mark class=\"has-inline-color has-luminous-vivid-amber-color\"><strong><mark class=\"has-inline-color has-luminous-vivid-amber-color\"><a>\ud83d\udc49 <\/a><strong><mark class=\"has-inline-color has-luminous-vivid-amber-color\"><strong>T\u00f6ltsd le az alkalmaz\u00e1st:<\/strong><\/mark><\/strong><\/mark><\/strong><\/mark><\/strong><\/h5>\n\n\n    <section class=\"mx-1 my-10\">\n                                                <a href=\"https:\/\/prey.br.uptodown.com\/windows\/download\" class=\"text-white\" data-analytics-label=\"optionsButton\"\n                    data-action=\"analytics#trackCTA\">\n                    <div data-options-target=\"option\"\n                        class=\"custom-section rounded-xl border p-3 shadow-md w-full bg-green-700 my-3\">\n                        <div class=\"flex w-full items-center justify-between\">\n                            <div class=\"flex items-center space-x-3\">\n                                <div class=\"text-lg font-bold\">\n                                    Zs\u00e1km\u00e1ny \u279d\n                                <\/div>\n                            <\/div>\n                        <\/div>\n                    <\/div>\n                <\/a>\n                            <p class=\"text-xs text-gray-500 text-right\"\n            style=\"margin-left: 50%; margin-bottom: 50px; margin-top: 5px;\">\n            <!-- You will be redirected to another website -->\n        <\/p>\n    <\/section>\n\n\n\n\n<p class=\"has-text-align-right\"><em><strong><em><strong><em><strong><em><strong><em><strong><em><strong><em><strong><em><strong><em><strong><em><strong>\u00c1t leszel ir\u00e1ny\u00edtva egy m\u00e1sik oldalra!<\/strong><\/em><\/strong><\/em><\/strong><\/em><\/strong><\/em><\/strong><\/em><\/strong><\/em><\/strong><\/em><\/strong><\/em><\/strong><\/em><\/strong><\/em><\/p>\n\n\n\n<hr class=\"wp-block-separator has-alpha-channel-opacity is-style-wide\" \/>\n\n\n\n<p><\/p>\n\n\n\n<h2 class=\"wp-block-heading\">Igaz t\u00f6rt\u00e9netek: Hogyan seg\u00edtettek ezek az alkalmaz\u00e1sok a h\u00e9tk\u00f6znapi embereknek<\/h2>\n\n\n\n<ul>\n<li><strong>Don Ernesto<\/strong>A 67 \u00e9ves guadalajarai f\u00e9rfi elvesztette a mobiltelefonj\u00e1t egy buszmeg\u00e1ll\u00f3ban. Unok\u00e1ja \u00e9s a Google alkalmaz\u00e1s seg\u00edts\u00e9g\u00e9vel megtal\u00e1lt\u00e1k egy taco-standig, ahol valaki hagyta.<\/li>\n\n\n\n<li><strong>Sz\u00f3fia<\/strong>Egyed\u00fcl\u00e1ll\u00f3 anya Monterreyben, a Life360 seg\u00edts\u00e9g\u00e9vel tal\u00e1lta meg tin\u00e9dzser l\u00e1ny\u00e1t, aki egy buliba ment. Amikor nem \u00e9rkezett meg, ellen\u0151rizte az alkalmaz\u00e1st, \u00e9s \u00e9ps\u00e9gben megtal\u00e1lta egy bar\u00e1tja h\u00e1z\u00e1ban.<\/li>\n\n\n\n<li><strong>Mauricio<\/strong>Egy mexik\u00f3v\u00e1rosi k\u00e9zbes\u00edt\u0151 sof\u0151r mobiltelefonj\u00e1t ellopt\u00e1k, mik\u00f6zben motorozott. Aktiv\u00e1lt Prey-jel l\u00e1tta, hogy egy m\u00e1sik k\u00f6rny\u00e9ken haszn\u00e1lj\u00e1k. Kinyomtatta a jelent\u00e9st, elment a rend\u0151rs\u00e9gre, \u00e9s siker\u00fclt visszaszereznie.<\/li>\n<\/ul>\n\n\n\n<p>Ezek a t\u00f6rt\u00e9netek bemutatj\u00e1k, hogyan v\u00e1ltoztatj\u00e1k meg ezek a technol\u00f3gi\u00e1k a val\u00f3s \u00e9leteket. Ez nem sci-fi. Ez okos megel\u0151z\u00e9s.<\/p>\n\n\n\n<h2 class=\"wp-block-heading\">Mi van, ha nincs internetkapcsolat, vagy ki van kapcsolva a telefonod?<\/h2>\n\n\n\n<p>Egy kikapcsolt vagy offline mobiltelefon bonyol\u00edtja a dolgokat, de m\u00e9g nincs minden veszve.<\/p>\n\n\n\n<p>N\u00e9h\u00e1ny alkalmaz\u00e1s elmenti a telefon kikapcsol\u00e1sa el\u0151tti utols\u00f3 tart\u00f3zkod\u00e1si helyet. Ez seg\u00edt eld\u00f6nteni, hogy hol kezdje a keres\u00e9st.<\/p>\n\n\n\n<p>R\u00e1ad\u00e1sul, ha valaki bekapcsolja \u00e9s csatlakozik az internethez, automatikus \u00e9rtes\u00edt\u00e9seket kapsz.<\/p>\n\n\n\n<p>Ez\u00e9rt olyan fontos, hogy el\u0151re telep\u00edtsd az alkalmaz\u00e1st, \u00e9s aktiv\u00e1ld a sz\u00fcks\u00e9ges enged\u00e9lyekkel. Ez t\u00f6bb mint luxus, befektet\u00e9s a lelki b\u00e9k\u00e9dbe.<\/p>\n\n\n<div class=\"wp-block-image\">\n<figure class=\"aligncenter size-full\"><img loading=\"lazy\" decoding=\"async\" width=\"550\" height=\"350\" src=\"https:\/\/universofamilia.com\/wp-content\/uploads\/sites\/148\/2025\/06\/DESTAQUE-UNIVERSO-550-x-350-5.jpg\" alt=\"\" class=\"wp-image-9514\" srcset=\"https:\/\/universofamilia.com\/wp-content\/uploads\/sites\/148\/2025\/06\/DESTAQUE-UNIVERSO-550-x-350-5.jpg 550w, https:\/\/universofamilia.com\/wp-content\/uploads\/sites\/148\/2025\/06\/DESTAQUE-UNIVERSO-550-x-350-5-300x191.jpg 300w, https:\/\/universofamilia.com\/wp-content\/uploads\/sites\/148\/2025\/06\/DESTAQUE-UNIVERSO-550-x-350-5-18x12.jpg 18w\" sizes=\"(max-width: 550px) 100vw, 550px\" \/><figcaption class=\"wp-element-caption\">A legjobb technol\u00f3gia az elveszett vagy ellopott mobiltelefon megtal\u00e1l\u00e1s\u00e1hoz<\/figcaption><\/figure><\/div>\n\n\n<h2 class=\"wp-block-heading\">Tov\u00e1bbi tippek a k\u00e9sz\u00fcl\u00e9k v\u00e9delm\u00e9hez<\/h2>\n\n\n\n<ul>\n<li>Haszn\u00e1ljon er\u0151s jelsz\u00f3t vagy felold\u00e1si mint\u00e1t<\/li>\n\n\n\n<li>Aktiv\u00e1lja a k\u00e9tfaktoros hiteles\u00edt\u00e9st a fi\u00f3kjaiban<\/li>\n\n\n\n<li>Ne oszd meg a jelszavaidat idegenekkel<\/li>\n\n\n\n<li>K\u00e9sz\u00edtsen biztons\u00e1gi m\u00e1solatot f\u00e9nyk\u00e9peir\u0151l \u00e9s f\u00e1jljair\u00f3l a felh\u0151be<\/li>\n\n\n\n<li>Tan\u00edtsd meg gyermekeidet \u00e9s csal\u00e1dtagjaidat ezen eszk\u00f6z\u00f6k haszn\u00e1lat\u00e1ra<\/li>\n<\/ul>\n\n\n\n<p>Minden apr\u00f3 l\u00e9p\u00e9s, amit ma teszel, megel\u0151zhet egy nagy probl\u00e9m\u00e1t holnap. A digit\u00e1lis megel\u0151z\u00e9s a modern wellness r\u00e9sze.<\/p>\n\n\n\n<h2 class=\"wp-block-heading\">Cselekedj m\u00e9g ma, \u00e9s v\u00e9dd meg, ami a ti\u00e9d!<\/h2>\n\n\n\n<p>M\u00e1r ismered az eszk\u00f6z\u00f6ket. L\u00e1ttad, hogyan seg\u00edtenek. Tudod, mit kell tenned. A k\u00e9rd\u00e9s most az: Megv\u00e1rod, am\u00edg elvesz\u00edted a telefonodat, vagy m\u00e1r most felk\u00e9sz\u00fclsz?<\/p>\n\n\n\n<p>Kort\u00f3l, tapasztalati szintt\u0151l vagy telefonmodellt\u0151l f\u00fcggetlen\u00fcl ezek az alkalmaz\u00e1sok neked k\u00e9sz\u00fcltek.<\/p>\n\n\n\n<p>K\u00f6nny\u0171ek, intuit\u00edvak \u00e9s mindenekel\u0151tt megb\u00edzhat\u00f3ak. Megv\u00e9dik a berendez\u00e9seidet, az eml\u00e9keidet, az adataidat, s\u0151t m\u00e9g a csal\u00e1dodat is.<\/p>\n\n\n\n<p>T\u00f6lts le egyet az aj\u00e1nlott alkalmaz\u00e1sok k\u00f6z\u00fcl. Teszteld le.<\/p>\n\n\n\n<p>Tan\u00edtsd meg szeretteidet a haszn\u00e1lat\u00e1ra. Oszd meg ezt a cikket azokkal, akik m\u00e9g nem tudj\u00e1k, mennyire fontos.<\/p>\n\n\n\n<p>Ne hagyd, hogy egy gondatlans\u00e1gb\u00f3l elk\u00f6vetett hiba t\u00f6nkretegye a napodat vagy a digit\u00e1lis \u00e9letedet. Cselekedj most, \u00e9s vedd \u00e1t az ir\u00e1ny\u00edt\u00e1st a saj\u00e1t biztons\u00e1god felett.<\/p>","protected":false},"excerpt":{"rendered":"<p>Elvesztetted a telefonod? Ne ess p\u00e1nikba! V\u00e1lassz egyet a lehet\u0151s\u00e9gek k\u00f6z\u00fcl! Az ugyanazon a helyen marad! A telefon megtal\u00e1l\u00e1s\u00e1nak legjobb technol\u00f3gi\u00e1ja k\u00f6zelebb van, mint gondoln\u00e1d. Manaps\u00e1g gyakori, hogy az emberek gondatlans\u00e1g vagy ak\u00e1r lop\u00e1s miatt elvesz\u00edtik telefonjukat. \u00c9s b\u00e1r \u00fagy t\u0171nhet, hogy [\u2026]<\/p>","protected":false},"author":139,"featured_media":9514,"comment_status":"closed","ping_status":"open","sticky":false,"template":"","format":"standard","meta":{"footnotes":""},"categories":[3],"tags":[2192,553,2311,2310,2309],"yoast_head":"<!-- This site is optimized with the Yoast SEO plugin v23.3 - https:\/\/yoast.com\/wordpress\/plugins\/seo\/ -->\n<title>La mejor tecnolog\u00eda para encontrar tu celular perdido o robado - Universo Fam\u00edlia<\/title>\n<meta name=\"description\" content=\"La mejor tecnolog\u00eda para encontrar tu celular perdido o robado. La mejor tecnolog\u00eda para encontrar tu celular est\u00e1 disponible m\u00e1s...\" \/>\n<meta name=\"robots\" content=\"index, follow, max-snippet:-1, max-image-preview:large, max-video-preview:-1\" \/>\n<link rel=\"canonical\" href=\"https:\/\/universofamilia.com\/hu\/la-mejor-tecnologia-para-encontrar-tu-celular-perdido-o-robado\/\" \/>\n<meta property=\"og:locale\" content=\"hu_HU\" \/>\n<meta property=\"og:type\" content=\"article\" \/>\n<meta property=\"og:title\" content=\"La mejor tecnolog\u00eda para encontrar tu celular perdido o robado - Universo Fam\u00edlia\" \/>\n<meta property=\"og:description\" content=\"La mejor tecnolog\u00eda para encontrar tu celular perdido o robado. La mejor tecnolog\u00eda para encontrar tu celular est\u00e1 disponible m\u00e1s...\" \/>\n<meta property=\"og:url\" content=\"https:\/\/universofamilia.com\/hu\/la-mejor-tecnologia-para-encontrar-tu-celular-perdido-o-robado\/\" \/>\n<meta property=\"og:site_name\" content=\"Universo Fam\u00edlia\" \/>\n<meta property=\"article:published_time\" content=\"2025-06-12T13:45:04+00:00\" \/>\n<meta property=\"article:modified_time\" content=\"2025-06-12T13:45:05+00:00\" \/>\n<meta property=\"og:image\" content=\"https:\/\/universofamilia.com\/wp-content\/uploads\/sites\/148\/2025\/06\/DESTAQUE-UNIVERSO-550-x-350-5.jpg\" \/>\n\t<meta property=\"og:image:width\" content=\"550\" \/>\n\t<meta property=\"og:image:height\" content=\"350\" \/>\n\t<meta property=\"og:image:type\" content=\"image\/jpeg\" \/>\n<meta name=\"author\" content=\"Pedro Henrique\" \/>\n<meta name=\"twitter:card\" content=\"summary_large_image\" \/>\n<meta name=\"twitter:label1\" content=\"Written by\" \/>\n\t<meta name=\"twitter:data1\" content=\"Pedro Henrique\" \/>\n\t<meta name=\"twitter:label2\" content=\"Est. reading time\" \/>\n\t<meta name=\"twitter:data2\" content=\"9 perc\" \/>\n<script type=\"application\/ld+json\" class=\"yoast-schema-graph\">{\"@context\":\"https:\/\/schema.org\",\"@graph\":[{\"@type\":\"WebPage\",\"@id\":\"https:\/\/universofamilia.com\/la-mejor-tecnologia-para-encontrar-tu-celular-perdido-o-robado\/\",\"url\":\"https:\/\/universofamilia.com\/la-mejor-tecnologia-para-encontrar-tu-celular-perdido-o-robado\/\",\"name\":\"La mejor tecnolog\u00eda para encontrar tu celular perdido o robado - Universo Fam\u00edlia\",\"isPartOf\":{\"@id\":\"https:\/\/universofamilia.com\/el\/#website\"},\"primaryImageOfPage\":{\"@id\":\"https:\/\/universofamilia.com\/la-mejor-tecnologia-para-encontrar-tu-celular-perdido-o-robado\/#primaryimage\"},\"image\":{\"@id\":\"https:\/\/universofamilia.com\/la-mejor-tecnologia-para-encontrar-tu-celular-perdido-o-robado\/#primaryimage\"},\"thumbnailUrl\":\"https:\/\/universofamilia.com\/wp-content\/uploads\/sites\/148\/2025\/06\/DESTAQUE-UNIVERSO-550-x-350-5.jpg\",\"datePublished\":\"2025-06-12T13:45:04+00:00\",\"dateModified\":\"2025-06-12T13:45:05+00:00\",\"author\":{\"@id\":\"https:\/\/universofamilia.com\/el\/#\/schema\/person\/f07ce98187dd84d31154262e79b3b7ca\"},\"description\":\"La mejor tecnolog\u00eda para encontrar tu celular perdido o robado. La mejor tecnolog\u00eda para encontrar tu celular est\u00e1 disponible m\u00e1s...\",\"breadcrumb\":{\"@id\":\"https:\/\/universofamilia.com\/la-mejor-tecnologia-para-encontrar-tu-celular-perdido-o-robado\/#breadcrumb\"},\"inLanguage\":\"hu\",\"potentialAction\":[{\"@type\":\"ReadAction\",\"target\":[\"https:\/\/universofamilia.com\/la-mejor-tecnologia-para-encontrar-tu-celular-perdido-o-robado\/\"]}]},{\"@type\":\"ImageObject\",\"inLanguage\":\"hu\",\"@id\":\"https:\/\/universofamilia.com\/la-mejor-tecnologia-para-encontrar-tu-celular-perdido-o-robado\/#primaryimage\",\"url\":\"https:\/\/universofamilia.com\/wp-content\/uploads\/sites\/148\/2025\/06\/DESTAQUE-UNIVERSO-550-x-350-5.jpg\",\"contentUrl\":\"https:\/\/universofamilia.com\/wp-content\/uploads\/sites\/148\/2025\/06\/DESTAQUE-UNIVERSO-550-x-350-5.jpg\",\"width\":550,\"height\":350,\"caption\":\"La mejor tecnolog\u00eda para encontrar tu celular perdido o robado\"},{\"@type\":\"BreadcrumbList\",\"@id\":\"https:\/\/universofamilia.com\/la-mejor-tecnologia-para-encontrar-tu-celular-perdido-o-robado\/#breadcrumb\",\"itemListElement\":[{\"@type\":\"ListItem\",\"position\":1,\"name\":\"Home\",\"item\":\"https:\/\/universofamilia.com\/el\/\"},{\"@type\":\"ListItem\",\"position\":2,\"name\":\"La mejor tecnolog\u00eda para encontrar tu celular perdido o robado\"}]},{\"@type\":\"WebSite\",\"@id\":\"https:\/\/universofamilia.com\/el\/#website\",\"url\":\"https:\/\/universofamilia.com\/el\/\",\"name\":\"Universo Fam\u00edlia\",\"description\":\"\",\"potentialAction\":[{\"@type\":\"SearchAction\",\"target\":{\"@type\":\"EntryPoint\",\"urlTemplate\":\"https:\/\/universofamilia.com\/el\/?s={search_term_string}\"},\"query-input\":\"required name=search_term_string\"}],\"inLanguage\":\"hu\"},{\"@type\":\"Person\",\"@id\":\"https:\/\/universofamilia.com\/el\/#\/schema\/person\/f07ce98187dd84d31154262e79b3b7ca\",\"name\":\"Pedro Henrique\",\"image\":{\"@type\":\"ImageObject\",\"inLanguage\":\"hu\",\"@id\":\"https:\/\/universofamilia.com\/el\/#\/schema\/person\/image\/\",\"url\":\"https:\/\/secure.gravatar.com\/avatar\/9edfeb808cb4e1599f64d6e45b130154?s=96&d=mm&r=g\",\"contentUrl\":\"https:\/\/secure.gravatar.com\/avatar\/9edfeb808cb4e1599f64d6e45b130154?s=96&d=mm&r=g\",\"caption\":\"Pedro Henrique\"},\"url\":\"https:\/\/universofamilia.com\/hu\/author\/editor01\/\"}]}<\/script>\n<!-- \/ Yoast SEO plugin. -->","yoast_head_json":{"title":"La mejor tecnolog\u00eda para encontrar tu celular perdido o robado - Universo Fam\u00edlia","description":"La mejor tecnolog\u00eda para encontrar tu celular perdido o robado. La mejor tecnolog\u00eda para encontrar tu celular est\u00e1 disponible m\u00e1s...","robots":{"index":"index","follow":"follow","max-snippet":"max-snippet:-1","max-image-preview":"max-image-preview:large","max-video-preview":"max-video-preview:-1"},"canonical":"https:\/\/universofamilia.com\/hu\/la-mejor-tecnologia-para-encontrar-tu-celular-perdido-o-robado\/","og_locale":"hu_HU","og_type":"article","og_title":"La mejor tecnolog\u00eda para encontrar tu celular perdido o robado - Universo Fam\u00edlia","og_description":"La mejor tecnolog\u00eda para encontrar tu celular perdido o robado. La mejor tecnolog\u00eda para encontrar tu celular est\u00e1 disponible m\u00e1s...","og_url":"https:\/\/universofamilia.com\/hu\/la-mejor-tecnologia-para-encontrar-tu-celular-perdido-o-robado\/","og_site_name":"Universo Fam\u00edlia","article_published_time":"2025-06-12T13:45:04+00:00","article_modified_time":"2025-06-12T13:45:05+00:00","og_image":[{"width":550,"height":350,"url":"https:\/\/universofamilia.com\/wp-content\/uploads\/sites\/148\/2025\/06\/DESTAQUE-UNIVERSO-550-x-350-5.jpg","type":"image\/jpeg"}],"author":"Pedro Henrique","twitter_card":"summary_large_image","twitter_misc":{"Written by":"Pedro Henrique","Est. reading time":"9 perc"},"schema":{"@context":"https:\/\/schema.org","@graph":[{"@type":"WebPage","@id":"https:\/\/universofamilia.com\/la-mejor-tecnologia-para-encontrar-tu-celular-perdido-o-robado\/","url":"https:\/\/universofamilia.com\/la-mejor-tecnologia-para-encontrar-tu-celular-perdido-o-robado\/","name":"La mejor tecnolog\u00eda para encontrar tu celular perdido o robado - Universo Fam\u00edlia","isPartOf":{"@id":"https:\/\/universofamilia.com\/el\/#website"},"primaryImageOfPage":{"@id":"https:\/\/universofamilia.com\/la-mejor-tecnologia-para-encontrar-tu-celular-perdido-o-robado\/#primaryimage"},"image":{"@id":"https:\/\/universofamilia.com\/la-mejor-tecnologia-para-encontrar-tu-celular-perdido-o-robado\/#primaryimage"},"thumbnailUrl":"https:\/\/universofamilia.com\/wp-content\/uploads\/sites\/148\/2025\/06\/DESTAQUE-UNIVERSO-550-x-350-5.jpg","datePublished":"2025-06-12T13:45:04+00:00","dateModified":"2025-06-12T13:45:05+00:00","author":{"@id":"https:\/\/universofamilia.com\/el\/#\/schema\/person\/f07ce98187dd84d31154262e79b3b7ca"},"description":"La mejor tecnolog\u00eda para encontrar tu celular perdido o robado. La mejor tecnolog\u00eda para encontrar tu celular est\u00e1 disponible m\u00e1s...","breadcrumb":{"@id":"https:\/\/universofamilia.com\/la-mejor-tecnologia-para-encontrar-tu-celular-perdido-o-robado\/#breadcrumb"},"inLanguage":"hu","potentialAction":[{"@type":"ReadAction","target":["https:\/\/universofamilia.com\/la-mejor-tecnologia-para-encontrar-tu-celular-perdido-o-robado\/"]}]},{"@type":"ImageObject","inLanguage":"hu","@id":"https:\/\/universofamilia.com\/la-mejor-tecnologia-para-encontrar-tu-celular-perdido-o-robado\/#primaryimage","url":"https:\/\/universofamilia.com\/wp-content\/uploads\/sites\/148\/2025\/06\/DESTAQUE-UNIVERSO-550-x-350-5.jpg","contentUrl":"https:\/\/universofamilia.com\/wp-content\/uploads\/sites\/148\/2025\/06\/DESTAQUE-UNIVERSO-550-x-350-5.jpg","width":550,"height":350,"caption":"La mejor tecnolog\u00eda para encontrar tu celular perdido o robado"},{"@type":"BreadcrumbList","@id":"https:\/\/universofamilia.com\/la-mejor-tecnologia-para-encontrar-tu-celular-perdido-o-robado\/#breadcrumb","itemListElement":[{"@type":"ListItem","position":1,"name":"Home","item":"https:\/\/universofamilia.com\/el\/"},{"@type":"ListItem","position":2,"name":"La mejor tecnolog\u00eda para encontrar tu celular perdido o robado"}]},{"@type":"WebSite","@id":"https:\/\/universofamilia.com\/el\/#website","url":"https:\/\/universofamilia.com\/el\/","name":"Universo Fam\u00edlia","description":"","potentialAction":[{"@type":"SearchAction","target":{"@type":"EntryPoint","urlTemplate":"https:\/\/universofamilia.com\/el\/?s={search_term_string}"},"query-input":"required name=search_term_string"}],"inLanguage":"hu"},{"@type":"Person","@id":"https:\/\/universofamilia.com\/el\/#\/schema\/person\/f07ce98187dd84d31154262e79b3b7ca","name":"Pedro Henrique","image":{"@type":"ImageObject","inLanguage":"hu","@id":"https:\/\/universofamilia.com\/el\/#\/schema\/person\/image\/","url":"https:\/\/secure.gravatar.com\/avatar\/9edfeb808cb4e1599f64d6e45b130154?s=96&d=mm&r=g","contentUrl":"https:\/\/secure.gravatar.com\/avatar\/9edfeb808cb4e1599f64d6e45b130154?s=96&d=mm&r=g","caption":"Pedro Henrique"},"url":"https:\/\/universofamilia.com\/hu\/author\/editor01\/"}]}},"_links":{"self":[{"href":"https:\/\/universofamilia.com\/hu\/wp-json\/wp\/v2\/posts\/9511"}],"collection":[{"href":"https:\/\/universofamilia.com\/hu\/wp-json\/wp\/v2\/posts"}],"about":[{"href":"https:\/\/universofamilia.com\/hu\/wp-json\/wp\/v2\/types\/post"}],"author":[{"embeddable":true,"href":"https:\/\/universofamilia.com\/hu\/wp-json\/wp\/v2\/users\/139"}],"replies":[{"embeddable":true,"href":"https:\/\/universofamilia.com\/hu\/wp-json\/wp\/v2\/comments?post=9511"}],"version-history":[{"count":1,"href":"https:\/\/universofamilia.com\/hu\/wp-json\/wp\/v2\/posts\/9511\/revisions"}],"predecessor-version":[{"id":9515,"href":"https:\/\/universofamilia.com\/hu\/wp-json\/wp\/v2\/posts\/9511\/revisions\/9515"}],"wp:featuredmedia":[{"embeddable":true,"href":"https:\/\/universofamilia.com\/hu\/wp-json\/wp\/v2\/media\/9514"}],"wp:attachment":[{"href":"https:\/\/universofamilia.com\/hu\/wp-json\/wp\/v2\/media?parent=9511"}],"wp:term":[{"taxonomy":"category","embeddable":true,"href":"https:\/\/universofamilia.com\/hu\/wp-json\/wp\/v2\/categories?post=9511"},{"taxonomy":"post_tag","embeddable":true,"href":"https:\/\/universofamilia.com\/hu\/wp-json\/wp\/v2\/tags?post=9511"}],"curies":[{"name":"wp","href":"https:\/\/api.w.org\/{rel}","templated":true}]}}