{"id":9522,"date":"2025-06-14T18:13:49","date_gmt":"2025-06-14T18:13:49","guid":{"rendered":"https:\/\/universofamilia.com\/?p=9522"},"modified":"2025-06-14T18:13:51","modified_gmt":"2025-06-14T18:13:51","slug":"vamos-conversar-un-poco-descubre-los-mejores-apps-de-citas","status":"publish","type":"post","link":"https:\/\/universofamilia.com\/hu\/vamos-conversar-un-poco-descubre-los-mejores-apps-de-citas\/","title":{"rendered":"Besz\u00e9lgess\u00fcnk egy kicsit? Fedezd fel a legjobb randialkalmaz\u00e1sokat."},"content":{"rendered":"<h3 class=\"wp-block-heading has-text-align-center\">\u00dagy \u00e9rzed, hogy hi\u00e1nyzol? <strong>valaki, akivel besz\u00e9lhet<\/strong>?<\/h3>\n\n\n\n<p><\/p>\n\n\n\n<h5 class=\"wp-block-heading has-text-align-center\"><strong><mark class=\"has-inline-color has-vivid-cyan-blue-color\">V\u00e1lasszon egyet a lehet\u0151s\u00e9gek k\u00f6z\u00fcl!<\/mark><\/strong><\/h5>\n\n\n    <section class=\"mx-1 my-10\">\n                                                <a href=\"https:\/\/universofamilia.com\/hu\/aplicaciones-de-citas-2\/\" class=\"text-white\" data-analytics-label=\"optionsButton\"\n                    data-action=\"analytics#trackCTA\">\n                    <div data-options-target=\"option\"\n                        class=\"custom-section rounded-xl border p-3 shadow-md w-full bg-green-700 my-3\">\n                        <div class=\"flex w-full items-center justify-between\">\n                            <div class=\"flex items-center space-x-3\">\n                                <div class=\"text-lg font-bold\">\n                                    Csevegj most! \u279d\n                                <\/div>\n                            <\/div>\n                        <\/div>\n                    <\/div>\n                <\/a>\n                                                            <a href=\"https:\/\/universofamilia.com\/hu\/descubriendo-nuevas-amistades\/\" class=\"text-white\" data-analytics-label=\"optionsButton\"\n                    data-action=\"analytics#trackCTA\">\n                    <div data-options-target=\"option\"\n                        class=\"custom-section rounded-xl border p-3 shadow-md w-full bg-green-700 my-3\">\n                        <div class=\"flex w-full items-center justify-between\">\n                            <div class=\"flex items-center space-x-3\">\n                                <div class=\"text-lg font-bold\">\n                                    Alkalmi kapcsolatok \u279d\n                                <\/div>\n                            <\/div>\n                        <\/div>\n                    <\/div>\n                <\/a>\n                                                            <a href=\"https:\/\/universofamilia.com\/hu\/el-amor-a-un-clic\/\" class=\"text-white\" data-analytics-label=\"optionsButton\"\n                    data-action=\"analytics#trackCTA\">\n                    <div data-options-target=\"option\"\n                        class=\"custom-section rounded-xl border p-3 shadow-md w-full bg-green-700 my-3\">\n                        <div class=\"flex w-full items-center justify-between\">\n                            <div class=\"flex items-center space-x-3\">\n                                <div class=\"text-lg font-bold\">\n                                    50 \u00e9v felettiek \u279d\n                                <\/div>\n                            <\/div>\n                        <\/div>\n                    <\/div>\n                <\/a>\n                            <p class=\"text-xs text-gray-500 text-right hidden\"\n            style=\"margin-left: 50%; margin-bottom: 50px; margin-top: 5px;\">\n            <!-- You will be redirected to another website -->\n        <\/p>\n    <\/section>\n\n\n\n\n<p class=\"has-text-align-right\"><strong><em>Ugyanott fog maradni!<\/em><\/strong><\/p>\n\n\n\n<hr class=\"wp-block-separator has-alpha-channel-opacity is-style-wide\" \/>\n\n\n\n<p><\/p>\n\n\n\n<p><strong>Besz\u00e9lget\u00fcnk egy kicsit?<\/strong> N\u00e9ha nem is egy nagy \u00e9letv\u00e1ltoz\u00e1sra van legink\u00e1bb sz\u00fcks\u00e9g\u00fcnk, hanem egy j\u00f3 besz\u00e9lget\u00e9sre.<\/p>\n\n\n\n<p>Egy \u00fczenet, egy virtu\u00e1lis mosoly, egy <a href=\"https:\/\/universofamilia.com\/hu\/aplicaciones-de-citas-2\/\">v\u00e1ratlan kapcsolat, ami miatt a sz\u00edv kev\u00e9sb\u00e9 \u00e9rzi mag\u00e1t egyed\u00fcl<\/a>.<\/p>\n\n\n\n<p>Kort\u00f3l, kort\u00f3l vagy a technol\u00f3gi\u00e1val kapcsolatos tapasztalatt\u00f3l f\u00fcggetlen\u00fcl mindig j\u00f3 alkalom ny\u00edlik \u00faj kapcsolatok kialak\u00edt\u00e1s\u00e1ra.<\/p>\n\n\n\n<p>Manaps\u00e1g minden eddigin\u00e9l k\u00f6nnyebb olyan embereket tal\u00e1lni, akikkel besz\u00e9lgethet\u00fcnk, megoszthatjuk \u00edzl\u00e9seinket, \u00f6tleteinket \u00e9s \u00e9rzelmeinket, mindezt otthonunk k\u00e9nyelm\u00e9b\u0151l.<\/p>\n\n\n\n<p>\u00c9s a legjobb az eg\u00e9szben: semmi bonyodalom, semmi k\u00ednos helyzet, \u00e9s teljes szabads\u00e1god eld\u00f6nteni, hogy kivel szeretn\u00e9l besz\u00e9lni.<\/p>\n\n\n\n<p>Ha kicsit elveszettnek \u00e9rzed magad ebben a digit\u00e1lis vil\u00e1gban, ne agg\u00f3dj. Ez a cikk neked sz\u00f3l.<\/p>\n\n\n\n<p>Itt egyszer\u0171, vil\u00e1gos \u00e9s biztons\u00e1gos aj\u00e1nl\u00e1sokat tal\u00e1lsz <strong>kezdj val\u00f3di \u00e9s \u00e9rtelmes besz\u00e9lget\u00e9seket<\/strong> randialkalmaz\u00e1sok haszn\u00e1lata<\/p>\n\n\n\n<p>Nem kell mobiltelefon-szak\u00e9rt\u0151nek lenned. Csak szeretn\u00e9l megismerkedni valakivel, aki hozz\u00e1d hasonl\u00f3an j\u00f3 besz\u00e9lget\u00e9sre v\u00e1gyik.<\/p>\n\n\n\n<p><\/p>\n\n\n\n<hr class=\"wp-block-separator has-alpha-channel-opacity is-style-wide\" \/>\n\n\n\n<h4 class=\"wp-block-heading has-text-align-center\"><strong><mark class=\"has-inline-color has-luminous-vivid-orange-color\">Olvasd el ezt is<\/mark><\/strong><\/h4>\n\n\n    <section class=\"mx-1 my-10\">\n                                                <a href=\"https:\/\/universofamilia.com\/hu\/lp-filmes-asiaticos\/\" class=\"text-white\" data-analytics-label=\"optionsButton\"\n                    data-action=\"analytics#trackCTA\">\n                    <div data-options-target=\"option\"\n                        class=\"custom-section rounded-xl border p-3 shadow-md w-full bg-green-700 my-3\">\n                        <div class=\"flex w-full items-center justify-between\">\n                            <div class=\"flex items-center space-x-3\">\n                                <div class=\"text-lg font-bold\">\n                                    App koreai dr\u00e1m\u00e1k n\u00e9z\u00e9s\u00e9hez \u279d\n                                <\/div>\n                            <\/div>\n                        <\/div>\n                    <\/div>\n                <\/a>\n                                                            <a href=\"https:\/\/universofamilia.com\/hu\/lp-recuperar-fotos\/\" class=\"text-white\" data-analytics-label=\"optionsButton\"\n                    data-action=\"analytics#trackCTA\">\n                    <div data-options-target=\"option\"\n                        class=\"custom-section rounded-xl border p-3 shadow-md w-full bg-green-700 my-3\">\n                        <div class=\"flex w-full items-center justify-between\">\n                            <div class=\"flex items-center space-x-3\">\n                                <div class=\"text-lg font-bold\">\n                                    T\u00f6r\u00f6lt fot\u00f3k helyre\u00e1ll\u00edt\u00e1sa ezzel az alkalmaz\u00e1ssal!  \u279d\n                                <\/div>\n                            <\/div>\n                        <\/div>\n                    <\/div>\n                <\/a>\n                                                            <a href=\"https:\/\/universofamilia.com\/hu\/el-amor-a-un-clic\/\" class=\"text-white\" data-analytics-label=\"optionsButton\"\n                    data-action=\"analytics#trackCTA\">\n                    <div data-options-target=\"option\"\n                        class=\"custom-section rounded-xl border p-3 shadow-md w-full bg-green-700 my-3\">\n                        <div class=\"flex w-full items-center justify-between\">\n                            <div class=\"flex items-center space-x-3\">\n                                <div class=\"text-lg font-bold\">\n                                    Fedezd fel az ide\u00e1lis t\u00e1rskeres\u0151 alkalmaz\u00e1st \u279d\n                                <\/div>\n                            <\/div>\n                        <\/div>\n                    <\/div>\n                <\/a>\n                            <p class=\"text-xs text-gray-500 text-right hidden\"\n            style=\"margin-left: 50%; margin-bottom: 50px; margin-top: 5px;\">\n            <!-- You will be redirected to another website -->\n        <\/p>\n    <\/section>\n\n\n\n\n<p class=\"has-text-align-right\"><em><strong><em><strong><em><strong><em><strong><em><strong>Ugyanott fog maradni!<\/strong><\/em><\/strong><\/em><\/strong><\/em><\/strong><\/em><\/strong><\/em><\/p>\n\n\n\n<hr class=\"wp-block-separator has-alpha-channel-opacity is-style-wide\" \/>\n\n\n\n<p><\/p>\n\n\n\n<h2 class=\"wp-block-heading\">Mi\u00e9rt olyan fontos a besz\u00e9lget\u00e9s?<\/h2>\n\n\n\n<p>A besz\u00e9lget\u00e9s n\u00e9ma gy\u00f3gy\u00edr. A besz\u00e9lget\u00e9s \u00e9s a m\u00e1sik meghallgat\u00e1sa seg\u00edthet:<\/p>\n\n\n\n<ul>\n<li>Cs\u00f6kkentse a szorong\u00e1st<\/li>\n\n\n\n<li>Jav\u00edtja a hangulatot<\/li>\n\n\n\n<li>Cs\u00f6kkentse a mag\u00e1ny \u00e9rz\u00e9s\u00e9t<\/li>\n\n\n\n<li>Stimul\u00e1lja az elm\u00e9t<\/li>\n\n\n\n<li>\u00daj \u00e9rzelmi k\u00f6tel\u00e9kek kialak\u00edt\u00e1sa<\/li>\n<\/ul>\n\n\n\n<p>K\u00fcl\u00f6n\u00f6sen 40, 50 \u00e9ves kor ut\u00e1n vagy azon t\u00fal sokan \u00e9rzik magukat elszigeteltnek. A gyerekek feln\u0151nek, a bar\u00e1ts\u00e1gok elhalv\u00e1nyulnak, \u00e9s a megszokott rutin mag\u00e1nyoss\u00e1 v\u00e1lik.<\/p>\n\n\n\n<p>De ez nem jelenti azt, hogy nem ismerkedhet\u00fcnk meg \u00faj emberekkel.<\/p>\n\n\n\n<p>A cseveg\u0151alkalmaz\u00e1sok pont erre k\u00e9sz\u00fcltek.<\/p>\n\n\n\n<p>Hogy seg\u00edtsen \u00fajra felfedezni az \u00f6r\u00f6m\u00f6t, hogy olyannal besz\u00e9lgethetsz, aki meg\u00e9rt t\u00e9ged, osztozik az \u00e9rdekl\u0151d\u00e9sedben, vagy egyszer\u0171en csak meghallgat.<\/p>\n\n\n\n<p>A besz\u00e9lget\u00e9s az els\u0151 l\u00e9p\u00e9s valami sz\u00e9p fel\u00e9p\u00edt\u00e9s\u00e9hez<\/p>\n\n\n\n<h2 class=\"wp-block-heading\">Neh\u00e9znek tal\u00e1lod a besz\u00e9lget\u00e9st elkezdeni?<\/h2>\n\n\n\n<h3 class=\"wp-block-heading\">Nem kellenek t\u00f6k\u00e9letes szavak, csak l\u00e9gy \u00f6nmagad.<\/h3>\n\n\n\n<p>Sokan azt hiszik, hogy elb\u0171v\u00f6l\u0151nek kell lenni\u00fck, nagyszer\u0171 t\u00f6rt\u00e9netekkel kell rendelkezni\u00fck, vagy fiatalnak kell kin\u00e9zni\u00fck ahhoz, hogy szeress\u00e9k \u0151ket. T\u00e9vednek!<\/p>\n\n\n\n<p>A hiteless\u00e9g sokkal t\u00f6bbet \u00e9r. \u00cdme n\u00e9h\u00e1ny egyszer\u0171 \u00e9s hat\u00e9kony besz\u00e9lget\u00e9sind\u00edt\u00f3:<\/p>\n\n\n\n<ul>\n<li>\u201eSzia, hogy telt a napod?\u201d<\/li>\n\n\n\n<li>\u201e\u00c9rdekesnek tal\u00e1ltam, amit a profilodban \u00edrt\u00e1l.\u201d<\/li>\n\n\n\n<li>\u201e\u00c9n is nagy rajong\u00f3ja vagyok a 80-as \u00e9vek zen\u00e9j\u00e9nek, neked vannak kedvenc dalaid?\u201d<\/li>\n<\/ul>\n\n\n\n<p>Ne bonyol\u00edtsd t\u00fal a dolgokat. A l\u00e9nyeg az, hogy tedd meg az els\u0151 l\u00e9p\u00e9st. A t\u00f6bbi mag\u00e1t\u00f3l fog menni.<\/p>\n\n\n\n<h3 class=\"wp-block-heading\">Mi van, ha a m\u00e1sik szem\u00e9ly nem reag\u00e1l?<\/h3>\n\n\n\n<p>Rendben van. N\u00e9ha az emberek elfoglaltak, vagy nincsenek ott veled egy id\u0151ben.<\/p>\n\n\n\n<p>Ez nem mond semmi rosszat r\u00f3lad. Az alkalmaz\u00e1sokban... <strong>Minden besz\u00e9lget\u00e9s egy \u00faj lehet\u0151s\u00e9g<\/strong>Ne cs\u00fcggedj!<\/p>\n\n\n\n<h3 class=\"wp-block-heading\">Kulcsok az eg\u00e9szs\u00e9ges \u00e9s kellemes besz\u00e9lget\u00e9shez<\/h3>\n\n\n\n<ul>\n<li>Figyelj figyelmesen<\/li>\n\n\n\n<li>Tegy\u00e9l fel nyitott k\u00e9rd\u00e9seket (\u201eMit szeretsz csin\u00e1lni h\u00e9tv\u00e9g\u00e9n?\u201d)<\/li>\n\n\n\n<li>Ossz meg valami szem\u00e9lyeset<\/li>\n\n\n\n<li>L\u00e9gy kedves \u00e9s hiteles<\/li>\n\n\n\n<li>Ne er\u0151ltesd, ha a szem\u00e9ly nem v\u00e1laszol<\/li>\n<\/ul>\n\n\n\n<p>Id\u0151vel \u00e9s gyakorl\u00e1ssal az alkalmaz\u00e1sokon kereszt\u00fcli cseveg\u00e9s term\u00e9szetess\u00e9, k\u00e9nyelmess\u00e9 \u00e9s nagyon kifizet\u0151d\u0151v\u00e9 v\u00e1lik.<\/p>\n\n\n\n<h2 class=\"wp-block-heading\">A cseveg\u0151alkalmaz\u00e1sok haszn\u00e1lat\u00e1nak val\u00f3di el\u0151nyei<\/h2>\n\n\n\n<p>Sok emberben m\u00e9g mindig felmer\u00fclnek k\u00e9rd\u00e9sek. \u201eNem lesz vesz\u00e9lyes?\u201d \u201eNem csak a fiataloknak sz\u00f3l?\u201d \u201eMi van, ha elutas\u00edtanak?\u201d V\u00e1laszoljunk r\u00e1juk vil\u00e1gosan:<\/p>\n\n\n\n<ul>\n<li><strong>Biztons\u00e1gban vannak?<\/strong> Igen, az \u00e1ltalunk aj\u00e1nlott alkalmaz\u00e1sok rendelkeznek ellen\u0151rz\u0151, moder\u00e1l\u00f3 \u00e9s blokkol\u00f3 rendszerekkel.<\/li>\n\n\n\n<li><strong>Vannak k\u00f6zt\u00fck id\u0151sek is?<\/strong> Igen, \u00e9s sokan. 40-es, 50-es, 60-as, s\u0151t 70-es \u00e9veikben j\u00e1r\u00f3 emberek is vannak ott besz\u00e9lgetni.<\/li>\n\n\n\n<li><strong>Haszn\u00e1lhatom \u0151ket, ha nem sokat tudok a mobiltelefonokr\u00f3l?<\/strong> Igen, a kezel\u0151fel\u00fclet egyszer\u0171 \u00e9s spanyol nyelv\u0171.<\/li>\n<\/ul>\n\n\n\n<p>K\u00edv\u00fcl:<\/p>\n\n\n\n<ul>\n<li>B\u00e1rmikor besz\u00e9lhetsz, id\u0151beoszt\u00e1s n\u00e9lk\u00fcl<\/li>\n\n\n\n<li>Kiv\u00e1laszthatod, hogy kivel csevegsz<\/li>\n\n\n\n<li>Megszak\u00edthatod a besz\u00e9lget\u00e9st, ha nem tetszik.<\/li>\n\n\n\n<li>Tal\u00e1lkozhatsz emberekkel an\u00e9lk\u00fcl, hogy elhagyn\u00e1d otthonodat<\/li>\n<\/ul>\n\n\n\n<p>K\u00e9nyelmes, modern \u00e9s izgalmas lehet\u0151s\u00e9g<\/p>\n\n\n\n<h2 class=\"wp-block-heading\">Melyik t\u00e1rskeres\u0151 alkalmaz\u00e1sok ide\u00e1lisak cseveg\u00e9sre?<\/h2>\n\n\n\n<p>Sz\u00e1mos lehet\u0151s\u00e9g elemz\u00e9se ut\u00e1n 3 alkalmaz\u00e1st v\u00e1lasztottunk ki <strong>n\u00e9pszer\u0171, megb\u00edzhat\u00f3 \u00e9s k\u00f6nnyen haszn\u00e1lhat\u00f3<\/strong>, amelyek kiemelkednek arr\u00f3l, hogy val\u00f3di \u00e9s tiszteletteljes besz\u00e9lget\u00e9seket tesznek lehet\u0151v\u00e9<\/p>\n\n\n\n<h3 class=\"wp-block-heading\">1. <a href=\"https:\/\/tinder.com\/pt\/download\"><strong>Tapl\u00f3<\/strong> <\/a>\u2013 K\u00f6nnyed besz\u00e9lget\u00e9sekhez \u00e9s spont\u00e1n tal\u00e1lkoz\u00e1sokhoz<\/h3>\n\n\n\n<p>A Tinder a vil\u00e1g legh\u00edresebb alkalmaz\u00e1sa.<\/p>\n\n\n\n<p>B\u00e1r sokan haszn\u00e1lj\u00e1k partnerkeres\u00e9sre, <strong>Azoknak is remek, akik csak besz\u00e9lgetni szeretn\u00e9nek.<\/strong><\/p>\n\n\n\n<ul>\n<li>Jelezheted, hogy \u201ecsevegni\u201d szeretn\u00e9l a profilodon.<\/li>\n\n\n\n<li>Naponta t\u00f6bb ezer ember csatlakozik<\/li>\n\n\n\n<li>Egyszer\u0171 fel\u00fclet: h\u00fazd el az ujjad, \u00e9s csevegj, ha tal\u00e1lsz egyez\u00e9st<\/li>\n\n\n\n<li>Nem kell fizetned a kezd\u00e9shez<\/li>\n<\/ul>\n\n\n\n<p>Ide\u00e1lis a j\u00e9g megt\u00f6r\u00e9s\u00e9re \u00e9s a k\u00fcl\u00f6nb\u00f6z\u0151 n\u00e9z\u0151pontok megismer\u00e9s\u00e9re<\/p>\n\n\n\n<p><\/p>\n\n\n\n<hr class=\"wp-block-separator has-alpha-channel-opacity is-style-wide\" \/>\n\n\n\n<h5 class=\"wp-block-heading has-text-align-left\"><strong><mark class=\"has-inline-color has-luminous-vivid-amber-color\"><strong><mark class=\"has-inline-color has-luminous-vivid-amber-color\"><a>\ud83d\udc49 <\/a><strong><mark class=\"has-inline-color has-luminous-vivid-amber-color\"><strong>T\u00f6ltsd le az alkalmaz\u00e1st:<\/strong><\/mark><\/strong><\/mark><\/strong><\/mark><\/strong><\/h5>\n\n\n    <section class=\"mx-1 my-10\">\n                                                <a href=\"https:\/\/tinder.com\/pt\/download\" class=\"text-white\" data-analytics-label=\"optionsButton\"\n                    data-action=\"analytics#trackCTA\">\n                    <div data-options-target=\"option\"\n                        class=\"custom-section rounded-xl border p-3 shadow-md w-full bg-green-700 my-3\">\n                        <div class=\"flex w-full items-center justify-between\">\n                            <div class=\"flex items-center space-x-3\">\n                                <div class=\"text-lg font-bold\">\n                                    Tinder \u279d\n                                <\/div>\n                            <\/div>\n                        <\/div>\n                    <\/div>\n                <\/a>\n                            <p class=\"text-xs text-gray-500 text-right\"\n            style=\"margin-left: 50%; margin-bottom: 50px; margin-top: 5px;\">\n            <!-- You will be redirected to another website -->\n        <\/p>\n    <\/section>\n\n\n\n\n<p class=\"has-text-align-right\"><em><strong><em><strong><em><strong><em><strong><em><strong><em><strong><em><strong><em><strong><em><strong><em><strong>\u00c1t leszel ir\u00e1ny\u00edtva egy m\u00e1sik oldalra!<\/strong><\/em><\/strong><\/em><\/strong><\/em><\/strong><\/em><\/strong><\/em><\/strong><\/em><\/strong><\/em><\/strong><\/em><\/strong><\/em><\/strong><\/em><\/p>\n\n\n\n<hr class=\"wp-block-separator has-alpha-channel-opacity is-style-wide\" \/>\n\n\n\n<p><\/p>\n\n\n\n<h3 class=\"wp-block-heading\">2. <strong>Badoo<\/strong> \u2013 T\u00f6k\u00e9letes nyugodt \u00e9s \u0151szinte besz\u00e9lget\u00e9sekhez<\/h3>\n\n\n\n<p>A Badoo a m\u00e9lyebb kapcsolatokra \u00f6sszpontos\u00edt. L\u00e1thatod a k\u00f6z\u00f6s \u00e9rdekl\u0151d\u00e9si k\u00f6r\u00f6ket, fot\u00f3kat, l\u00e1jkokat, \u00e9s k\u00fcldhetsz \u00fcdv\u00f6zletet. Ha v\u00e1laszolnak, k\u00e9szen \u00e1llsz a besz\u00e9lget\u00e9sre!<\/p>\n\n\n\n<ul>\n<li>Keres\u00e9si lehet\u0151s\u00e9gek \u00e9letkor, v\u00e1ros \u00e9s \u00e9rdekl\u0151d\u00e9si k\u00f6r szerint<\/li>\n\n\n\n<li>L\u00e1thatod, hogy kik n\u00e9zt\u00e9k meg a profilodat<\/li>\n\n\n\n<li>F\u00e9nyk\u00e9pes ellen\u0151rz\u00e9s a hamis profilok elker\u00fcl\u00e9se \u00e9rdek\u00e9ben<\/li>\n\n\n\n<li>Videoh\u00edv\u00e1s funkci\u00f3 a biztons\u00e1gos besz\u00e9lget\u00e9sekhez<\/li>\n<\/ul>\n\n\n\n<p>Mindenkinek aj\u00e1nlott, aki teljes \u00e9lm\u00e9nyre v\u00e1gyik<\/p>\n\n\n\n<p><\/p>\n\n\n\n<hr class=\"wp-block-separator has-alpha-channel-opacity is-style-wide\" \/>\n\n\n\n<h5 class=\"wp-block-heading has-text-align-left\"><strong><mark class=\"has-inline-color has-luminous-vivid-amber-color\"><strong><mark class=\"has-inline-color has-luminous-vivid-amber-color\"><a>\ud83d\udc49 <\/a><strong><mark class=\"has-inline-color has-luminous-vivid-amber-color\"><strong>T\u00f6ltsd le az alkalmaz\u00e1st:<\/strong><\/mark><\/strong><\/mark><\/strong><\/mark><\/strong><\/h5>\n\n\n    <section class=\"mx-1 my-10\">\n                                                <a href=\"https:\/\/badoo.com\/pt\/\" class=\"text-white\" data-analytics-label=\"optionsButton\"\n                    data-action=\"analytics#trackCTA\">\n                    <div data-options-target=\"option\"\n                        class=\"custom-section rounded-xl border p-3 shadow-md w-full bg-green-700 my-3\">\n                        <div class=\"flex w-full items-center justify-between\">\n                            <div class=\"flex items-center space-x-3\">\n                                <div class=\"text-lg font-bold\">\n                                    Badoo \u279d\n                                <\/div>\n                            <\/div>\n                        <\/div>\n                    <\/div>\n                <\/a>\n                            <p class=\"text-xs text-gray-500 text-right\"\n            style=\"margin-left: 50%; margin-bottom: 50px; margin-top: 5px;\">\n            <!-- You will be redirected to another website -->\n        <\/p>\n    <\/section>\n\n\n\n\n<p class=\"has-text-align-right\"><em><strong><em><strong><em><strong><em><strong><em><strong><em><strong><em><strong><em><strong><em><strong><em><strong>\u00c1t leszel ir\u00e1ny\u00edtva egy m\u00e1sik oldalra!<\/strong><\/em><\/strong><\/em><\/strong><\/em><\/strong><\/em><\/strong><\/em><\/strong><\/em><\/strong><\/em><\/strong><\/em><\/strong><\/em><\/strong><\/em><\/p>\n\n\n\n<hr class=\"wp-block-separator has-alpha-channel-opacity is-style-wide\" \/>\n\n\n\n<p><\/p>\n\n\n\n<h3 class=\"wp-block-heading\">3. <strong>Happn<\/strong> \u2013 Tudd meg, ki keresztezte az utadat, \u00e9s kezdj el besz\u00e9lget\u00e9st<\/h3>\n\n\n\n<p>Ez az alkalmaz\u00e1s megmutatja azokat az embereket, akikkel a val\u00f3 \u00e9letben m\u00e1r tal\u00e1lkoztatok. Ha mindketten kedvelitek egym\u00e1st, cseveghettek.<\/p>\n\n\n\n<ul>\n<li>Nagyon hasznos a k\u00f6zelben l\u00e9v\u0151 emberekkel val\u00f3 tal\u00e1lkoz\u00e1shoz<\/li>\n\n\n\n<li>Diszkr\u00e9ten m\u0171k\u00f6dik, an\u00e9lk\u00fcl, hogy megmutatn\u00e1 a pontos tart\u00f3zkod\u00e1si helyedet<\/li>\n\n\n\n<li>Bar\u00e1ts\u00e1gos \u00e9s megb\u00edzhat\u00f3 fel\u00fclet<\/li>\n\n\n\n<li>A napi \u00fatvonalaid alapj\u00e1n l\u00e1thatod a m\u00e9rk\u0151z\u00e9seket<\/li>\n<\/ul>\n\n\n\n<p>Ide\u00e1lis azok sz\u00e1m\u00e1ra, akik helyi \u00e9s term\u00e9szetes kapcsolatot keresnek<\/p>\n\n\n\n<p><\/p>\n\n\n\n<hr class=\"wp-block-separator has-alpha-channel-opacity is-style-wide\" \/>\n\n\n\n<h5 class=\"wp-block-heading has-text-align-left\"><strong><mark class=\"has-inline-color has-luminous-vivid-amber-color\"><strong><mark class=\"has-inline-color has-luminous-vivid-amber-color\"><a>\ud83d\udc49 <\/a><strong><mark class=\"has-inline-color has-luminous-vivid-amber-color\"><strong>T\u00f6ltsd le az alkalmaz\u00e1st:<\/strong><\/mark><\/strong><\/mark><\/strong><\/mark><\/strong><\/h5>\n\n\n    <section class=\"mx-1 my-10\">\n                                                <a href=\"https:\/\/www.happn.com\/pt\/\" class=\"text-white\" data-analytics-label=\"optionsButton\"\n                    data-action=\"analytics#trackCTA\">\n                    <div data-options-target=\"option\"\n                        class=\"custom-section rounded-xl border p-3 shadow-md w-full bg-green-700 my-3\">\n                        <div class=\"flex w-full items-center justify-between\">\n                            <div class=\"flex items-center space-x-3\">\n                                <div class=\"text-lg font-bold\">\n                                    Boldog \u279d\n                                <\/div>\n                            <\/div>\n                        <\/div>\n                    <\/div>\n                <\/a>\n                            <p class=\"text-xs text-gray-500 text-right\"\n            style=\"margin-left: 50%; margin-bottom: 50px; margin-top: 5px;\">\n            <!-- You will be redirected to another website -->\n        <\/p>\n    <\/section>\n\n\n\n\n<p class=\"has-text-align-right\"><em><strong><em><strong><em><strong><em><strong><em><strong><em><strong><em><strong><em><strong><em><strong><em><strong>\u00c1t leszel ir\u00e1ny\u00edtva egy m\u00e1sik oldalra!<\/strong><\/em><\/strong><\/em><\/strong><\/em><\/strong><\/em><\/strong><\/em><\/strong><\/em><\/strong><\/em><\/strong><\/em><\/strong><\/em><\/strong><\/em><\/p>\n\n\n\n<hr class=\"wp-block-separator has-alpha-channel-opacity is-style-wide\" \/>\n\n\n\n<p><\/p>\n\n\n\n<h2 class=\"wp-block-heading\">Kik haszn\u00e1lj\u00e1k ezeket az alkalmaz\u00e1sokat val\u00f3j\u00e1ban?<\/h2>\n\n\n\n<p>T\u00f6bb, mint gondoln\u00e1d. Manaps\u00e1g minden koroszt\u00e1ly haszn\u00e1l alkalmaz\u00e1sokat a tal\u00e1lkoz\u00e1sra, cseveg\u00e9sre \u00e9s bar\u00e1tkoz\u00e1sra. N\u00e9h\u00e1ny val\u00f3s p\u00e9lda:<\/p>\n\n\n\n<ul>\n<li><strong>Marta, 57 \u00e9ves, Mexik\u00f3v\u00e1ros:<\/strong> \u201eAzt hittem, csak fiataloknak sz\u00f3l, de \u00f6sszeszedtem a b\u00e1tors\u00e1gomat. Ma van egy \u00faj bar\u00e1tom, aki minden este meghallgat. Az \u00e9letr\u0151l, a f\u0151z\u00e9sr\u0151l \u00e9s a gyerekeinkr\u0151l besz\u00e9lget\u00fcnk. Soha nem gondoltam volna, hogy milyen j\u00f3 lesz ez nekem!\u201d<\/li>\n\n\n\n<li><strong>Antonio, 63 \u00e9ves, Guadalajara:<\/strong> \u201eMiut\u00e1n meg\u00f6zvegy\u00fcltem, \u00e9veket t\u00f6lt\u00f6ttem egyed\u00fcl. A gyerekeim beszervezt\u00e9k nekem a Happn-t, \u00e9s \u00e9n id\u0151pocs\u00e9kol\u00e1snak tartottam. De tal\u00e1lkoztam Ros\u00e1val, akivel m\u00e1r h\u00e1rom h\u00f3napja besz\u00e9lget\u00fcnk. \u00c9l\u00e9nkebbnek \u00e9rzem magam, \u00e9s alig v\u00e1rom, hogy \u00fajra mosolyoghassak.\u201d<\/li>\n\n\n\n<li><strong>Luz Mar\u00eda, 44 \u00e9ves, Monterrey:<\/strong> \u201eNem szerelmet kerestem, csak egy j\u00f3 besz\u00e9lget\u00e9st. A Badoo-n tal\u00e1ltam embereket, akikkel k\u00f6nyvekr\u0151l, filmekr\u0151l \u00e9s utaz\u00e1sr\u00f3l besz\u00e9lgethettem. Ma \u00faj bar\u00e1taim \u00e9s egy digit\u00e1lis t\u00e1rsas\u00e1gi \u00e9letem van, amit im\u00e1dok.\u201d<\/li>\n<\/ul>\n\n\n\n<h2 class=\"wp-block-heading\">Mi van, ha f\u00e9lek vagy bizonytalan vagyok?<\/h2>\n\n\n\n<p>Ez teljesen norm\u00e1lis. De egy alkalmaz\u00e1s haszn\u00e1lata nem k\u00e9nyszer\u00edt semmire. L\u00e9trehozhatod a profilodat, megfigyelhetsz, tanulhatsz, majd cseveghetsz b\u00e1rkivel, akiben megb\u00edzol.<\/p>\n\n\n\n<p>Ezenk\u00edv\u00fcl itt van n\u00e9h\u00e1ny tipp, ami seg\u00edthet biztons\u00e1gban \u00e9rezni magad:<\/p>\n\n\n\n<ul>\n<li>Soha ne oszd meg a szem\u00e9lyes c\u00edmedet<\/li>\n\n\n\n<li>Haszn\u00e1ljon r\u00e9szleges nevet, ha \u00fagy tetszik<\/li>\n\n\n\n<li>Blokkolja vagy jelentse a furcsa viselked\u00e9st<\/li>\n\n\n\n<li>Tartsa a besz\u00e9lget\u00e9seket az alkalmaz\u00e1son bel\u00fcl<\/li>\n<\/ul>\n\n\n\n<p>Ne feledd: te d\u00f6nt\u00f6d el, hogy kivel, mikor \u00e9s mennyit osztasz meg.<\/p>\n\n\n<div class=\"wp-block-image\">\n<figure class=\"aligncenter size-full\"><img loading=\"lazy\" decoding=\"async\" width=\"550\" height=\"350\" src=\"https:\/\/universofamilia.com\/wp-content\/uploads\/sites\/148\/2025\/06\/DESTAQUE-UNIVERSO-550-x-350-1-2.jpg\" alt=\"\" class=\"wp-image-9525\" srcset=\"https:\/\/universofamilia.com\/wp-content\/uploads\/sites\/148\/2025\/06\/DESTAQUE-UNIVERSO-550-x-350-1-2.jpg 550w, https:\/\/universofamilia.com\/wp-content\/uploads\/sites\/148\/2025\/06\/DESTAQUE-UNIVERSO-550-x-350-1-2-300x191.jpg 300w, https:\/\/universofamilia.com\/wp-content\/uploads\/sites\/148\/2025\/06\/DESTAQUE-UNIVERSO-550-x-350-1-2-18x12.jpg 18w\" sizes=\"(max-width: 550px) 100vw, 550px\" \/><figcaption class=\"wp-element-caption\">Besz\u00e9lgess\u00fcnk egy kicsit? Fedezd fel a legjobb randialkalmaz\u00e1sokat.<\/figcaption><\/figure><\/div>\n\n\n<h2 class=\"wp-block-heading\">Kis l\u00e9p\u00e9sek, nagy v\u00e1ltoz\u00e1sok<\/h2>\n\n\n\n<p>N\u00e9ha, <strong>egy cseveg\u00e9s megv\u00e1ltoztathatja a napodat<\/strong>Felvid\u00edt. Megnevettet. L\u00e1tottnak \u00e9rzed magad t\u0151le.<\/p>\n\n\n\n<p>\u00c9s ez sokat \u00e9r. Nem kell \u00f3r\u00e1kig besz\u00e9lgetned. 5 perc el\u00e9g ahhoz, hogy jobb legyen a hangulatod.<\/p>\n\n\n\n<p>Ne becs\u00fcld al\u00e1 a k\u00f6vetkez\u0151k erej\u00e9t:<\/p>\n\n\n\n<ul>\n<li>Egy kedves \u00fczenet<\/li>\n\n\n\n<li>Egy k\u00f6z\u00f6s nevet\u00e9s<\/li>\n\n\n\n<li>Egy \u0151szint\u00e9n elmes\u00e9lt t\u00f6rt\u00e9net<\/li>\n<\/ul>\n\n\n\n<p>A besz\u00e9lget\u00e9sre val\u00f3 nyit\u00e1s nem csak a partner megtal\u00e1l\u00e1s\u00e1r\u00f3l sz\u00f3l. A t\u00e1rsas\u00e1g, a kapcsolat \u00e9s az embers\u00e9g keres\u00e9s\u00e9r\u0151l.<\/p>\n\n\n\n<h2 class=\"wp-block-heading\">Mered ma kipr\u00f3b\u00e1lni?<\/h2>\n\n\n\n<p><strong>Besz\u00e9lget\u00fcnk egy kicsit?<\/strong> Ha id\u00e1ig eljutott\u00e1l, az az\u00e9rt van, mert legbel\u00fcl te is erre v\u00e1gysz.<\/p>\n\n\n\n<p>M\u00e1r megtetted az els\u0151 l\u00e9p\u00e9st: inform\u00e1ci\u00f3keres\u00e9st. M\u00e1r csak az van h\u00e1tra, hogy megnyitd az alkalmaz\u00e1st, b\u00f6ng\u00e9ssz a profilok k\u00f6z\u00f6tt, \u00e9s egy \u201eSzia, hogy vagy?\u201d k\u00e9rd\u00e9ssel kezdd.<\/p>\n\n\n\n<p>M\u00e1r ma elkezdheted. A telefonodon kereszt\u00fcl. Nincs nyom\u00e1s. Csak a tanul\u00e1si v\u00e1gy.<\/p>\n\n\n\n<p>\u00c9s ki tudja... az a szem\u00e9ly, aki szint\u00e9n egy k\u00fcl\u00f6nleges besz\u00e9lget\u00e9sre v\u00e1r, lehet, hogy a k\u00e9perny\u0151 m\u00e1sik oldal\u00e1n van.<\/p>","protected":false},"excerpt":{"rendered":"<p>\u00dagy \u00e9rzed, hi\u00e1nyzik valaki, akivel besz\u00e9lgethetn\u00e9l? V\u00e1lassz egyet a lehet\u0151s\u00e9gek k\u00f6z\u00fcl! Ugyanott maradsz! Besz\u00e9lget\u00fcnk egy kicsit? N\u00e9ha nem egy nagy \u00e9letv\u00e1ltoz\u00e1sra van legink\u00e1bb sz\u00fcks\u00e9g\u00fcnk, hanem egy j\u00f3 besz\u00e9lget\u00e9sre. Egy \u00fczenetre, egy virtu\u00e1lis mosolyra, egy v\u00e1ratlan kapcsolatra, amit\u0151l a sz\u00edved [\u2026]<\/p>","protected":false},"author":139,"featured_media":9525,"comment_status":"closed","ping_status":"open","sticky":false,"template":"","format":"standard","meta":{"footnotes":""},"categories":[2],"tags":[410,2318,567,669,2317],"yoast_head":"<!-- This site is optimized with the Yoast SEO plugin v23.3 - https:\/\/yoast.com\/wordpress\/plugins\/seo\/ -->\n<title>\u00bfVamos conversar un poco? Descubre los mejores apps de citas - Universo Fam\u00edlia<\/title>\n<meta name=\"description\" content=\"\u00bfVamos conversar un poco? Descubre los mejores apps de citas. \u00bfSientes que te falta alguien con quien hablar?\" \/>\n<meta name=\"robots\" content=\"index, follow, max-snippet:-1, max-image-preview:large, max-video-preview:-1\" \/>\n<link rel=\"canonical\" href=\"http:\/\/universofamilia.com\/hu\/vamos-conversar-un-poco-descubre-los-mejores-apps-de-citas\/\" \/>\n<meta property=\"og:locale\" content=\"hu_HU\" \/>\n<meta property=\"og:type\" content=\"article\" \/>\n<meta property=\"og:title\" content=\"\u00bfVamos conversar un poco? Descubre los mejores apps de citas - Universo Fam\u00edlia\" \/>\n<meta property=\"og:description\" content=\"\u00bfVamos conversar un poco? Descubre los mejores apps de citas. \u00bfSientes que te falta alguien con quien hablar?\" \/>\n<meta property=\"og:url\" content=\"http:\/\/universofamilia.com\/hu\/vamos-conversar-un-poco-descubre-los-mejores-apps-de-citas\/\" \/>\n<meta property=\"og:site_name\" content=\"Universo Fam\u00edlia\" \/>\n<meta property=\"article:published_time\" content=\"2025-06-14T18:13:49+00:00\" \/>\n<meta property=\"article:modified_time\" content=\"2025-06-14T18:13:51+00:00\" \/>\n<meta property=\"og:image\" content=\"http:\/\/universofamilia.com\/wp-content\/uploads\/sites\/148\/2025\/06\/DESTAQUE-UNIVERSO-550-x-350-1-2.jpg\" \/>\n\t<meta property=\"og:image:width\" content=\"550\" \/>\n\t<meta property=\"og:image:height\" content=\"350\" \/>\n\t<meta property=\"og:image:type\" content=\"image\/jpeg\" \/>\n<meta name=\"author\" content=\"Pedro Henrique\" \/>\n<meta name=\"twitter:card\" content=\"summary_large_image\" \/>\n<meta name=\"twitter:label1\" content=\"Written by\" \/>\n\t<meta name=\"twitter:data1\" content=\"Pedro Henrique\" \/>\n\t<meta name=\"twitter:label2\" content=\"Est. reading time\" \/>\n\t<meta name=\"twitter:data2\" content=\"8 perc\" \/>\n<script type=\"application\/ld+json\" class=\"yoast-schema-graph\">{\"@context\":\"https:\/\/schema.org\",\"@graph\":[{\"@type\":\"WebPage\",\"@id\":\"http:\/\/universofamilia.com\/ro\/vamos-conversar-un-poco-descubre-los-mejores-apps-de-citas\/\",\"url\":\"http:\/\/universofamilia.com\/ro\/vamos-conversar-un-poco-descubre-los-mejores-apps-de-citas\/\",\"name\":\"\u00bfVamos conversar un poco? Descubre los mejores apps de citas - Universo Fam\u00edlia\",\"isPartOf\":{\"@id\":\"https:\/\/universofamilia.com\/el\/#website\"},\"primaryImageOfPage\":{\"@id\":\"http:\/\/universofamilia.com\/ro\/vamos-conversar-un-poco-descubre-los-mejores-apps-de-citas\/#primaryimage\"},\"image\":{\"@id\":\"http:\/\/universofamilia.com\/ro\/vamos-conversar-un-poco-descubre-los-mejores-apps-de-citas\/#primaryimage\"},\"thumbnailUrl\":\"https:\/\/universofamilia.com\/wp-content\/uploads\/sites\/148\/2025\/06\/DESTAQUE-UNIVERSO-550-x-350-1-2.jpg\",\"datePublished\":\"2025-06-14T18:13:49+00:00\",\"dateModified\":\"2025-06-14T18:13:51+00:00\",\"author\":{\"@id\":\"https:\/\/universofamilia.com\/el\/#\/schema\/person\/f07ce98187dd84d31154262e79b3b7ca\"},\"description\":\"\u00bfVamos conversar un poco? Descubre los mejores apps de citas. \u00bfSientes que te falta alguien con quien hablar?\",\"breadcrumb\":{\"@id\":\"http:\/\/universofamilia.com\/ro\/vamos-conversar-un-poco-descubre-los-mejores-apps-de-citas\/#breadcrumb\"},\"inLanguage\":\"hu\",\"potentialAction\":[{\"@type\":\"ReadAction\",\"target\":[\"http:\/\/universofamilia.com\/ro\/vamos-conversar-un-poco-descubre-los-mejores-apps-de-citas\/\"]}]},{\"@type\":\"ImageObject\",\"inLanguage\":\"hu\",\"@id\":\"http:\/\/universofamilia.com\/ro\/vamos-conversar-un-poco-descubre-los-mejores-apps-de-citas\/#primaryimage\",\"url\":\"https:\/\/universofamilia.com\/wp-content\/uploads\/sites\/148\/2025\/06\/DESTAQUE-UNIVERSO-550-x-350-1-2.jpg\",\"contentUrl\":\"https:\/\/universofamilia.com\/wp-content\/uploads\/sites\/148\/2025\/06\/DESTAQUE-UNIVERSO-550-x-350-1-2.jpg\",\"width\":550,\"height\":350,\"caption\":\"\u00bfVamos conversar un poco? Descubre los mejores apps de citas\"},{\"@type\":\"BreadcrumbList\",\"@id\":\"http:\/\/universofamilia.com\/ro\/vamos-conversar-un-poco-descubre-los-mejores-apps-de-citas\/#breadcrumb\",\"itemListElement\":[{\"@type\":\"ListItem\",\"position\":1,\"name\":\"Home\",\"item\":\"https:\/\/universofamilia.com\/el\/\"},{\"@type\":\"ListItem\",\"position\":2,\"name\":\"\u00bfVamos conversar un poco? Descubre los mejores apps de citas\"}]},{\"@type\":\"WebSite\",\"@id\":\"https:\/\/universofamilia.com\/el\/#website\",\"url\":\"https:\/\/universofamilia.com\/el\/\",\"name\":\"Universo Fam\u00edlia\",\"description\":\"\",\"potentialAction\":[{\"@type\":\"SearchAction\",\"target\":{\"@type\":\"EntryPoint\",\"urlTemplate\":\"https:\/\/universofamilia.com\/el\/?s={search_term_string}\"},\"query-input\":\"required name=search_term_string\"}],\"inLanguage\":\"hu\"},{\"@type\":\"Person\",\"@id\":\"https:\/\/universofamilia.com\/el\/#\/schema\/person\/f07ce98187dd84d31154262e79b3b7ca\",\"name\":\"Pedro Henrique\",\"image\":{\"@type\":\"ImageObject\",\"inLanguage\":\"hu\",\"@id\":\"https:\/\/universofamilia.com\/el\/#\/schema\/person\/image\/\",\"url\":\"https:\/\/secure.gravatar.com\/avatar\/9edfeb808cb4e1599f64d6e45b130154?s=96&d=mm&r=g\",\"contentUrl\":\"https:\/\/secure.gravatar.com\/avatar\/9edfeb808cb4e1599f64d6e45b130154?s=96&d=mm&r=g\",\"caption\":\"Pedro Henrique\"},\"url\":\"https:\/\/universofamilia.com\/hu\/author\/editor01\/\"}]}<\/script>\n<!-- \/ Yoast SEO plugin. -->","yoast_head_json":{"title":"\u00bfVamos conversar un poco? Descubre los mejores apps de citas - Universo Fam\u00edlia","description":"\u00bfVamos conversar un poco? Descubre los mejores apps de citas. \u00bfSientes que te falta alguien con quien hablar?","robots":{"index":"index","follow":"follow","max-snippet":"max-snippet:-1","max-image-preview":"max-image-preview:large","max-video-preview":"max-video-preview:-1"},"canonical":"http:\/\/universofamilia.com\/hu\/vamos-conversar-un-poco-descubre-los-mejores-apps-de-citas\/","og_locale":"hu_HU","og_type":"article","og_title":"\u00bfVamos conversar un poco? Descubre los mejores apps de citas - Universo Fam\u00edlia","og_description":"\u00bfVamos conversar un poco? Descubre los mejores apps de citas. \u00bfSientes que te falta alguien con quien hablar?","og_url":"http:\/\/universofamilia.com\/hu\/vamos-conversar-un-poco-descubre-los-mejores-apps-de-citas\/","og_site_name":"Universo Fam\u00edlia","article_published_time":"2025-06-14T18:13:49+00:00","article_modified_time":"2025-06-14T18:13:51+00:00","og_image":[{"width":550,"height":350,"url":"http:\/\/universofamilia.com\/wp-content\/uploads\/sites\/148\/2025\/06\/DESTAQUE-UNIVERSO-550-x-350-1-2.jpg","type":"image\/jpeg"}],"author":"Pedro Henrique","twitter_card":"summary_large_image","twitter_misc":{"Written by":"Pedro Henrique","Est. reading time":"8 perc"},"schema":{"@context":"https:\/\/schema.org","@graph":[{"@type":"WebPage","@id":"http:\/\/universofamilia.com\/ro\/vamos-conversar-un-poco-descubre-los-mejores-apps-de-citas\/","url":"http:\/\/universofamilia.com\/ro\/vamos-conversar-un-poco-descubre-los-mejores-apps-de-citas\/","name":"\u00bfVamos conversar un poco? Descubre los mejores apps de citas - Universo Fam\u00edlia","isPartOf":{"@id":"https:\/\/universofamilia.com\/el\/#website"},"primaryImageOfPage":{"@id":"http:\/\/universofamilia.com\/ro\/vamos-conversar-un-poco-descubre-los-mejores-apps-de-citas\/#primaryimage"},"image":{"@id":"http:\/\/universofamilia.com\/ro\/vamos-conversar-un-poco-descubre-los-mejores-apps-de-citas\/#primaryimage"},"thumbnailUrl":"https:\/\/universofamilia.com\/wp-content\/uploads\/sites\/148\/2025\/06\/DESTAQUE-UNIVERSO-550-x-350-1-2.jpg","datePublished":"2025-06-14T18:13:49+00:00","dateModified":"2025-06-14T18:13:51+00:00","author":{"@id":"https:\/\/universofamilia.com\/el\/#\/schema\/person\/f07ce98187dd84d31154262e79b3b7ca"},"description":"\u00bfVamos conversar un poco? Descubre los mejores apps de citas. \u00bfSientes que te falta alguien con quien hablar?","breadcrumb":{"@id":"http:\/\/universofamilia.com\/ro\/vamos-conversar-un-poco-descubre-los-mejores-apps-de-citas\/#breadcrumb"},"inLanguage":"hu","potentialAction":[{"@type":"ReadAction","target":["http:\/\/universofamilia.com\/ro\/vamos-conversar-un-poco-descubre-los-mejores-apps-de-citas\/"]}]},{"@type":"ImageObject","inLanguage":"hu","@id":"http:\/\/universofamilia.com\/ro\/vamos-conversar-un-poco-descubre-los-mejores-apps-de-citas\/#primaryimage","url":"https:\/\/universofamilia.com\/wp-content\/uploads\/sites\/148\/2025\/06\/DESTAQUE-UNIVERSO-550-x-350-1-2.jpg","contentUrl":"https:\/\/universofamilia.com\/wp-content\/uploads\/sites\/148\/2025\/06\/DESTAQUE-UNIVERSO-550-x-350-1-2.jpg","width":550,"height":350,"caption":"\u00bfVamos conversar un poco? Descubre los mejores apps de citas"},{"@type":"BreadcrumbList","@id":"http:\/\/universofamilia.com\/ro\/vamos-conversar-un-poco-descubre-los-mejores-apps-de-citas\/#breadcrumb","itemListElement":[{"@type":"ListItem","position":1,"name":"Home","item":"https:\/\/universofamilia.com\/el\/"},{"@type":"ListItem","position":2,"name":"\u00bfVamos conversar un poco? Descubre los mejores apps de citas"}]},{"@type":"WebSite","@id":"https:\/\/universofamilia.com\/el\/#website","url":"https:\/\/universofamilia.com\/el\/","name":"Universo Fam\u00edlia","description":"","potentialAction":[{"@type":"SearchAction","target":{"@type":"EntryPoint","urlTemplate":"https:\/\/universofamilia.com\/el\/?s={search_term_string}"},"query-input":"required name=search_term_string"}],"inLanguage":"hu"},{"@type":"Person","@id":"https:\/\/universofamilia.com\/el\/#\/schema\/person\/f07ce98187dd84d31154262e79b3b7ca","name":"Pedro Henrique","image":{"@type":"ImageObject","inLanguage":"hu","@id":"https:\/\/universofamilia.com\/el\/#\/schema\/person\/image\/","url":"https:\/\/secure.gravatar.com\/avatar\/9edfeb808cb4e1599f64d6e45b130154?s=96&d=mm&r=g","contentUrl":"https:\/\/secure.gravatar.com\/avatar\/9edfeb808cb4e1599f64d6e45b130154?s=96&d=mm&r=g","caption":"Pedro Henrique"},"url":"https:\/\/universofamilia.com\/hu\/author\/editor01\/"}]}},"_links":{"self":[{"href":"https:\/\/universofamilia.com\/hu\/wp-json\/wp\/v2\/posts\/9522"}],"collection":[{"href":"https:\/\/universofamilia.com\/hu\/wp-json\/wp\/v2\/posts"}],"about":[{"href":"https:\/\/universofamilia.com\/hu\/wp-json\/wp\/v2\/types\/post"}],"author":[{"embeddable":true,"href":"https:\/\/universofamilia.com\/hu\/wp-json\/wp\/v2\/users\/139"}],"replies":[{"embeddable":true,"href":"https:\/\/universofamilia.com\/hu\/wp-json\/wp\/v2\/comments?post=9522"}],"version-history":[{"count":1,"href":"https:\/\/universofamilia.com\/hu\/wp-json\/wp\/v2\/posts\/9522\/revisions"}],"predecessor-version":[{"id":9526,"href":"https:\/\/universofamilia.com\/hu\/wp-json\/wp\/v2\/posts\/9522\/revisions\/9526"}],"wp:featuredmedia":[{"embeddable":true,"href":"https:\/\/universofamilia.com\/hu\/wp-json\/wp\/v2\/media\/9525"}],"wp:attachment":[{"href":"https:\/\/universofamilia.com\/hu\/wp-json\/wp\/v2\/media?parent=9522"}],"wp:term":[{"taxonomy":"category","embeddable":true,"href":"https:\/\/universofamilia.com\/hu\/wp-json\/wp\/v2\/categories?post=9522"},{"taxonomy":"post_tag","embeddable":true,"href":"https:\/\/universofamilia.com\/hu\/wp-json\/wp\/v2\/tags?post=9522"}],"curies":[{"name":"wp","href":"https:\/\/api.w.org\/{rel}","templated":true}]}}