{"id":9527,"date":"2025-06-16T20:05:03","date_gmt":"2025-06-16T20:05:03","guid":{"rendered":"https:\/\/universofamilia.com\/?p=9527"},"modified":"2025-06-16T20:05:04","modified_gmt":"2025-06-16T20:05:04","slug":"hola-guapo-estoy-sola-en-mi-habitacion","status":"publish","type":"post","link":"https:\/\/universofamilia.com\/hu\/hola-guapo-estoy-sola-en-mi-habitacion\/","title":{"rendered":"Szia sz\u00e9pfi\u00fa, egyed\u00fcl vagyok a szob\u00e1mban."},"content":{"rendered":"<p><\/p>\n\n\n\n<h3 class=\"wp-block-heading has-text-align-center\">Besz\u00e9lget\u00fcnk egy kicsit?<\/h3>\n\n\n\n<p><\/p>\n\n\n\n<hr class=\"wp-block-separator has-alpha-channel-opacity is-style-wide\" \/>\n\n\n\n<h5 class=\"wp-block-heading has-text-align-center\"><strong><mark class=\"has-inline-color has-vivid-cyan-blue-color\">V\u00e1lasszon egyet a lehet\u0151s\u00e9gek k\u00f6z\u00fcl!<\/mark><\/strong><\/h5>\n\n\n    <section class=\"mx-1 my-10\">\n                                                <a href=\"https:\/\/universofamilia.com\/hu\/aplicaciones-de-citas-2\/\" class=\"text-white\" data-analytics-label=\"optionsButton\"\n                    data-action=\"analytics#trackCTA\">\n                    <div data-options-target=\"option\"\n                        class=\"custom-section rounded-xl border p-3 shadow-md w-full bg-green-700 my-3\">\n                        <div class=\"flex w-full items-center justify-between\">\n                            <div class=\"flex items-center space-x-3\">\n                                <div class=\"text-lg font-bold\">\n                                    Csevegj most! \u279d\n                                <\/div>\n                            <\/div>\n                        <\/div>\n                    <\/div>\n                <\/a>\n                                                            <a href=\"https:\/\/universofamilia.com\/hu\/descubriendo-nuevas-amistades\/\" class=\"text-white\" data-analytics-label=\"optionsButton\"\n                    data-action=\"analytics#trackCTA\">\n                    <div data-options-target=\"option\"\n                        class=\"custom-section rounded-xl border p-3 shadow-md w-full bg-green-700 my-3\">\n                        <div class=\"flex w-full items-center justify-between\">\n                            <div class=\"flex items-center space-x-3\">\n                                <div class=\"text-lg font-bold\">\n                                    Alkalmi kapcsolatok \u279d\n                                <\/div>\n                            <\/div>\n                        <\/div>\n                    <\/div>\n                <\/a>\n                                                            <a href=\"https:\/\/universofamilia.com\/hu\/el-amor-a-un-clic\/\" class=\"text-white\" data-analytics-label=\"optionsButton\"\n                    data-action=\"analytics#trackCTA\">\n                    <div data-options-target=\"option\"\n                        class=\"custom-section rounded-xl border p-3 shadow-md w-full bg-green-700 my-3\">\n                        <div class=\"flex w-full items-center justify-between\">\n                            <div class=\"flex items-center space-x-3\">\n                                <div class=\"text-lg font-bold\">\n                                    50 \u00e9v felettiek \u279d\n                                <\/div>\n                            <\/div>\n                        <\/div>\n                    <\/div>\n                <\/a>\n                            <p class=\"text-xs text-gray-500 text-right hidden\"\n            style=\"margin-left: 50%; margin-bottom: 50px; margin-top: 5px;\">\n            <!-- You will be redirected to another website -->\n        <\/p>\n    <\/section>\n\n\n\n\n<p class=\"has-text-align-right\"><strong><em>Ugyanott fog maradni!<\/em><\/strong><\/p>\n\n\n\n<hr class=\"wp-block-separator has-alpha-channel-opacity is-style-wide\" \/>\n\n\n\n<p><\/p>\n\n\n\n<p>Egy ellen\u00e1llhatatlan mondat, amely \u00faj, val\u00f3di kapcsolatokhoz nyitja meg az utat<\/p>\n\n\n\n<p>Elj\u00f6het a mai nap, amikor egy egyszer\u0171 besz\u00e9lget\u00e9s megv\u00e1ltoztatja az \u00e9leted.<\/p>\n\n\n\n<p>Fedezd fel a legjobb t\u00e1rskeres\u0151 alkalmaz\u00e1sokat, hogy olyan emberekkel besz\u00e9lgess, akik szint\u00e9n t\u00e1rsas\u00e1gra v\u00e1gynak.<\/p>\n\n\n\n<p><strong>Szia sz\u00e9ps\u00e9gem, egyed\u00fcl vagyok a szob\u00e1mban...<\/strong> <a href=\"https:\/\/universofamilia.com\/hu\/aplicaciones-de-citas-2\/\">Szeretn\u00e9l egy pillanatra besz\u00e9lni velem?<\/a><\/p>\n\n\n\n<p>Ez az egyszer\u0171, m\u00e9gis k\u00f6zvetlen kifejez\u00e9s t\u00f6bb ezer k\u00edv\u00e1ncsi, mag\u00e1nyos vagy egyszer\u0171en csak csevegni v\u00e1gy\u00f3 ember figyelm\u00e9t keltette fel.<\/p>\n\n\n\n<p>Ha valaha is szeretett volna egy ilyen megh\u00edv\u00f3t kapni, vagy tal\u00e1lkozni valakivel, akivel \u00e9rdekes besz\u00e9lget\u00e9st folytathat, j\u00f3 helyen j\u00e1r.<\/p>\n\n\n\n<p>Ebben a cikkben felfedezheted a legjobb m\u00f3dszereket, hogyan kezdhetsz val\u00f3di besz\u00e9lget\u00e9seket val\u00f3di emberekkel a t\u00e1rskeres\u0151 alkalmaz\u00e1sok seg\u00edts\u00e9g\u00e9vel. \u00c9s ne agg\u00f3dj, ha nem vagy j\u00e1rtas a technol\u00f3gi\u00e1ban.<\/p>\n\n\n\n<p>Minden l\u00e9p\u00e9sr\u0151l l\u00e9p\u00e9sre elmagyar\u00e1zva van, p\u00e9ld\u00e1kkal, tippekkel \u00e9s k\u00f6zvetlen linkekkel, hogy el tudd kezdeni. <strong>ma<\/strong><\/p>\n\n\n\n<p>Mutatunk h\u00e1rom megb\u00edzhat\u00f3 alkalmaz\u00e1st, amelyeket ingyenesen let\u00f6lthetsz a telefonodra.<\/p>\n\n\n\n<p>Modern, intuit\u00edv eszk\u00f6z\u00f6k, amelyek seg\u00edtenek val\u00f3di emberekkel tal\u00e1lkozni.<\/p>\n\n\n\n<p>Olvass tov\u00e1bb, \u00e9s k\u00e9sz\u00fclj fel egy \u00faj szakaszra a t\u00e1rsas\u00e1gi \u00e9letedben.<\/p>\n\n\n\n<p><\/p>\n\n\n\n<hr class=\"wp-block-separator has-alpha-channel-opacity is-style-wide\" \/>\n\n\n\n<h4 class=\"wp-block-heading has-text-align-center\"><strong><mark class=\"has-inline-color has-luminous-vivid-orange-color\">Olvasd el ezt is<\/mark><\/strong><\/h4>\n\n\n    <section class=\"mx-1 my-10\">\n                                                <a href=\"https:\/\/universofamilia.com\/hu\/lp-filmes-asiaticos\/\" class=\"text-white\" data-analytics-label=\"optionsButton\"\n                    data-action=\"analytics#trackCTA\">\n                    <div data-options-target=\"option\"\n                        class=\"custom-section rounded-xl border p-3 shadow-md w-full bg-green-700 my-3\">\n                        <div class=\"flex w-full items-center justify-between\">\n                            <div class=\"flex items-center space-x-3\">\n                                <div class=\"text-lg font-bold\">\n                                    App koreai dr\u00e1m\u00e1k n\u00e9z\u00e9s\u00e9hez \u279d\n                                <\/div>\n                            <\/div>\n                        <\/div>\n                    <\/div>\n                <\/a>\n                                                            <a href=\"https:\/\/universofamilia.com\/hu\/lp-recuperar-fotos\/\" class=\"text-white\" data-analytics-label=\"optionsButton\"\n                    data-action=\"analytics#trackCTA\">\n                    <div data-options-target=\"option\"\n                        class=\"custom-section rounded-xl border p-3 shadow-md w-full bg-green-700 my-3\">\n                        <div class=\"flex w-full items-center justify-between\">\n                            <div class=\"flex items-center space-x-3\">\n                                <div class=\"text-lg font-bold\">\n                                    T\u00f6r\u00f6lt fot\u00f3k helyre\u00e1ll\u00edt\u00e1sa ezzel az alkalmaz\u00e1ssal!  \u279d\n                                <\/div>\n                            <\/div>\n                        <\/div>\n                    <\/div>\n                <\/a>\n                                                            <a href=\"https:\/\/universofamilia.com\/hu\/el-amor-a-un-clic\/\" class=\"text-white\" data-analytics-label=\"optionsButton\"\n                    data-action=\"analytics#trackCTA\">\n                    <div data-options-target=\"option\"\n                        class=\"custom-section rounded-xl border p-3 shadow-md w-full bg-green-700 my-3\">\n                        <div class=\"flex w-full items-center justify-between\">\n                            <div class=\"flex items-center space-x-3\">\n                                <div class=\"text-lg font-bold\">\n                                    Fedezd fel az ide\u00e1lis t\u00e1rskeres\u0151 alkalmaz\u00e1st \u279d\n                                <\/div>\n                            <\/div>\n                        <\/div>\n                    <\/div>\n                <\/a>\n                            <p class=\"text-xs text-gray-500 text-right hidden\"\n            style=\"margin-left: 50%; margin-bottom: 50px; margin-top: 5px;\">\n            <!-- You will be redirected to another website -->\n        <\/p>\n    <\/section>\n\n\n\n\n<p class=\"has-text-align-right\"><em><strong><em><strong><em><strong><em><strong><em><strong>Ugyanott fog maradni!<\/strong><\/em><\/strong><\/em><\/strong><\/em><\/strong><\/em><\/strong><\/em><\/p>\n\n\n\n<hr class=\"wp-block-separator has-alpha-channel-opacity is-style-wide\" \/>\n\n\n\n<p><\/p>\n\n\n\n<h2 class=\"wp-block-heading\">Mi\u00e9rt haszn\u00e1l egyre t\u00f6bb ember t\u00e1rskeres\u0151 alkalmaz\u00e1sokat?<\/h2>\n\n\n\n<p>Az okok sokf\u00e9l\u00e9k, \u00e9s mindegyikben van valami k\u00f6z\u00f6s: <strong>az emberi kapcsolat ir\u00e1nti ig\u00e9ny<\/strong>.<\/p>\n\n\n\n<p>Manaps\u00e1g az emberek jobban, mint valaha, t\u00e1rsas\u00e1gra, besz\u00e9lget\u00e9sre, szeretetre vagy ak\u00e1r romantik\u00e1ra v\u00e1gynak.<\/p>\n\n\n\n<p>\u00c9s a t\u00e1rskeres\u0151 alkalmaz\u00e1sok bizony\u00edtottan az egyik leghat\u00e9konyabb m\u00f3dszernek bizonyultak ennek el\u00e9r\u00e9s\u00e9re.<\/p>\n\n\n\n<ul>\n<li>Otthonr\u00f3l is tal\u00e1lkozhatsz emberekkel<\/li>\n\n\n\n<li>Lehet\u0151v\u00e9 teszi, hogy kiv\u00e1laszd, kivel csevegj<\/li>\n\n\n\n<li>Vannak sz\u0171r\u0151k az affinit\u00e1sok keres\u00e9s\u00e9hez<\/li>\n\n\n\n<li>Komoly kapcsolatokra \u00e9s alkalmi cseveg\u00e9sekre egyar\u00e1nt van lehet\u0151s\u00e9g.<\/li>\n\n\n\n<li>Minden koroszt\u00e1ly sz\u00e1m\u00e1ra dolgoznak<\/li>\n<\/ul>\n\n\n\n<p>Manaps\u00e1g m\u00e1r nem szokatlan, hogy egy nagymama vagy nagyb\u00e1csi t\u00e1rskeres\u0151 alkalmaz\u00e1st haszn\u00e1l.<\/p>\n\n\n\n<p><strong>Cs\u00f6kkentek a technol\u00f3giai akad\u00e1lyok<\/strong>, \u00e9s ezek a platformok most m\u00e1r mindenki sz\u00e1m\u00e1ra el\u00e9rhet\u0151k.<\/p>\n\n\n\n<p>Csak egy mobiltelefonra van sz\u00fcks\u00e9ged internettel \u00e9s k\u00edv\u00e1ncsis\u00e1gra, hogy \u00faj emberekkel tal\u00e1lkozz.<\/p>\n\n\n\n<h2 class=\"wp-block-heading\">Mi van, ha \u0151 is arra v\u00e1r, hogy te kezdd a besz\u00e9lget\u00e9st?<\/h2>\n\n\n\n<p>Gondolj bele: a k\u00e9perny\u0151 m\u00e1sik oldal\u00e1n szint\u00e9n van egy szem\u00e9ly, aki \u00e9rtes\u00edt\u00e9sre, \u00fczenetre, egy \u201eszia, hogy vagy?\u201d-ra v\u00e1r.<\/p>\n\n\n\n<p>Az a gy\u00f6ny\u00f6r\u0171 n\u0151, aki azt mondja, hogy egyed\u00fcl van, mi van, ha t\u00e9nyleg most akar veled besz\u00e9lni?<\/p>\n\n\n\n<p>A randialkalmaz\u00e1sok \u00fagy m\u0171k\u00f6dnek, mint <strong>a tal\u00e1lkoz\u00e1s h\u00eddjai<\/strong>, ahol k\u00e9t ember k\u00f6lcs\u00f6n\u00f6s \u00f6r\u00f6mb\u0151l, rokonszenvb\u0151l \u00e9s a megoszt\u00e1s ir\u00e1nti v\u00e1gyb\u00f3l tal\u00e1lkozik.<\/p>\n\n\n\n<p>Nem sz\u00e1m\u00edt, hogy bar\u00e1ts\u00e1gra, fl\u00f6rt\u00f6l\u00e9sre vagy romantikus kapcsolatra v\u00e1gysz. <strong>Mindig van valaki, aki hajland\u00f3 meghallgatni, besz\u00e9lgetni vagy nevetni veled<\/strong><\/p>\n\n\n\n<h2 class=\"wp-block-heading\">\u00cdgy m\u0171k\u00f6dnek ezek az alkalmaz\u00e1sok (m\u00e9g akkor is, ha soha nem haszn\u00e1ltad \u0151ket)<\/h2>\n\n\n\n<p>Ha m\u00e9g soha nem t\u00f6lt\u00f6tt\u00e9l le randialkalmaz\u00e1st, ne agg\u00f3dj. Egyszer\u0171en elmagyar\u00e1zzuk, mintha egy bar\u00e1toddal besz\u00e9ln\u00e9l, aki seg\u00edteni akar neked.<\/p>\n\n\n\n<ol>\n<li>A mobiltelefonodr\u00f3l nyitod meg a Play \u00c1ruh\u00e1zat<\/li>\n\n\n\n<li>Keresd meg az alkalmaz\u00e1s nev\u00e9t (a linkeket lent hagytuk)<\/li>\n\n\n\n<li>Ingyenesen let\u00f6ltheted<\/li>\n\n\n\n<li>Profilodat egy fot\u00f3val \u00e9s egy r\u00f6vid le\u00edr\u00e1ssal hozod l\u00e9tre.<\/li>\n\n\n\n<li>Elkezded n\u00e9zegetni a profilokat, \u00e9s kiv\u00e1lasztod, hogy kivel szeretn\u00e9l besz\u00e9lgetni.<\/li>\n\n\n\n<li>Ha k\u00f6lcs\u00f6n\u00f6s az \u00e9rdekl\u0151d\u00e9s, azonnal lehet besz\u00e9lgetni.<\/li>\n<\/ol>\n\n\n\n<p>Nincs sz\u00fcks\u00e9g sz\u00e1m\u00edt\u00f3g\u00e9pes ismeretekre vagy tapasztalatra. A kezel\u0151fel\u00fcletek \u00e1ttekinthet\u0151ek, a lehet\u0151s\u00e9gek spanyol nyelven vannak, \u00e9s a navig\u00e1ci\u00f3 nagyon intuit\u00edv.<\/p>\n\n\n\n<p>Ha tudod, hogyan kell haszn\u00e1lni a WhatsAppot, akkor gond n\u00e9lk\u00fcl haszn\u00e1lhatsz egy t\u00e1rskeres\u0151 alkalmaz\u00e1st.<\/p>\n\n\n\n<h2 class=\"wp-block-heading\">Mit tal\u00e1lhatsz egy t\u00e1rskeres\u0151 alkalmaz\u00e1s haszn\u00e1latakor?<\/h2>\n\n\n\n<p>Minden ember m\u00e1s \u00e9lm\u00e9nyt \u00e9l meg.<\/p>\n\n\n\n<p>Vannak, akik bar\u00e1tokat tal\u00e1lnak, m\u00e1sok partnert, \u00e9s megint m\u00e1sok egyszer\u0171en csak \u00e9lvezik az \u00faj emberekkel val\u00f3 besz\u00e9lget\u00e9s folyamat\u00e1t.<\/p>\n\n\n\n<p>De van valami, ami mindannyiukban k\u00f6z\u00f6s: <strong>egy \u00faj besz\u00e9lget\u00e9s izgalma<\/strong><\/p>\n\n\n\n<p>Amit m\u00e9g megtapasztalhatsz:<\/p>\n\n\n\n<ul>\n<li>Egy v\u00e1ratlan \u00fczenet \u00e9rkez\u00e9sekor, ami mosolyt csal az arcodra<\/li>\n\n\n\n<li>\u00dajra pillang\u00f3kat \u00e9rzel a gyomrodban<\/li>\n\n\n\n<li>Meghallgatottnak, meg\u00e9rtettnek \u00e9s \u00e9rt\u00e9keltnek lenni<\/li>\n\n\n\n<li>Ossz meg t\u00f6rt\u00e9neteket, fot\u00f3kat \u00e9s \u00e9rzelmeket egy igazi emberrel<\/li>\n\n\n\n<li>Fedezd fel \u00fajra a szem\u00e9lyes b\u00e1j\u00e1t \u00e9s karizm\u00e1j\u00e1t<\/li>\n<\/ul>\n\n\n\n<p>Sok f\u00e9rfi azt gondolja, hogy ezek az alkalmaz\u00e1sok csak fiataloknak val\u00f3k. <strong>Ez nem igaz<\/strong>.<\/p>\n\n\n\n<p>T\u00f6bb milli\u00f3 50 \u00e9v feletti ember haszn\u00e1lja \u0151ket nap mint nap.<\/p>\n\n\n\n<p>\u00c9s a n\u0151k is \u0151szinte, ny\u00edlt \u00e9s hiteles besz\u00e9lget\u00e9seket keresnek.<\/p>\n\n\n\n<h2 class=\"wp-block-heading\">Biztons\u00e1gos idegenekkel besz\u00e9lgetni?<\/h2>\n\n\n\n<p>J\u00f3 k\u00e9rd\u00e9s. \u00c9s a v\u00e1lasz: <strong>Igen, ha betartasz n\u00e9h\u00e1ny alapvet\u0151 szab\u00e1lyt<\/strong><\/p>\n\n\n\n<ul>\n<li>Mindig csevegj az alkalmaz\u00e1son bel\u00fcl<\/li>\n\n\n\n<li>Ne ossza meg c\u00edm\u00e9t vagy banki adatait<\/li>\n\n\n\n<li>Ha k\u00e9nyelmesen \u00e9rzed magad, kezdem\u00e9nyezz vide\u00f3h\u00edv\u00e1sokat a szem\u00e9lyes tal\u00e1lkoz\u00f3 el\u0151tt.<\/li>\n\n\n\n<li>Ha \u00fagy d\u00f6nt\u00f6t\u00f6k, hogy tal\u00e1lkoztok, azt nyilv\u00e1nos helyen tegy\u00e9tek.<\/li>\n\n\n\n<li>B\u00edzz a meg\u00e9rz\u00e9seidben: ha valami nem tetszik, blokkolhatod vagy jelentheted a felhaszn\u00e1l\u00f3t.<\/li>\n<\/ul>\n\n\n\n<p>Az al\u00e1bb aj\u00e1nlott alkalmaz\u00e1sok a k\u00f6vetkez\u0151ket tartalmazz\u00e1k: <strong>profil-ellen\u0151rz\u0151 rendszerek<\/strong>, adatv\u00e9delem \u00e9s tartalommoder\u00e1l\u00e1s.<\/p>\n\n\n\n<p>Bizalommal haszn\u00e1lhatod \u0151ket<\/p>\n\n\n\n<h2 class=\"wp-block-heading\">A 3 legjobb alkalmaz\u00e1s igazi n\u0151kkel val\u00f3 cseveg\u00e9shez<\/h2>\n\n\n\n<h3 class=\"wp-block-heading\">1. <strong><a href=\"https:\/\/badoo.com\/pt\/\">Badoo<\/a><\/strong><\/h3>\n\n\n\n<p>Ide\u00e1lis azok sz\u00e1m\u00e1ra, akik a v\u00e1ltozatoss\u00e1gra v\u00e1gynak. A Badoo-nak vil\u00e1gszerte t\u00f6bb milli\u00f3 felhaszn\u00e1l\u00f3ja van, \u00e9s egy geolok\u00e1ci\u00f3s rendszerrel rendelkezik, amely megmutatja, ki van a k\u00f6zelben.<\/p>\n\n\n\n<p><strong>Amit a legjobban szeretek a Badoo-ban:<\/strong><\/p>\n\n\n\n<ul>\n<li>L\u00e1thatod, hogy ki l\u00e1jkolt t\u00e9ged<\/li>\n\n\n\n<li>Videocseveg\u00e9sek arcfelismer\u00e9ssel<\/li>\n\n\n\n<li>Sz\u0171r\u0151k az emberek \u00e9letkor, \u00edzl\u00e9s \u00e9s helysz\u00edn szerinti keres\u00e9s\u00e9hez<\/li>\n\n\n\n<li>\u201eEncounter\u201d rendszer a k\u00f6nny\u0171 p\u00e1ros\u00edt\u00e1s \u00e9rdek\u00e9ben<\/li>\n<\/ul>\n\n\n\n<p>Kev\u00e9s tapasztalattal rendelkez\u0151knek er\u0151sen aj\u00e1nlott. Felhaszn\u00e1l\u00f3bar\u00e1t a fel\u00e9p\u00edt\u00e9se, \u00e9s kevesebb mint 5 perc alatt elkezdhetsz csevegni.<\/p>\n\n\n\n<p><\/p>\n\n\n\n<hr class=\"wp-block-separator has-alpha-channel-opacity is-style-wide\" \/>\n\n\n\n<h5 class=\"wp-block-heading has-text-align-left\"><strong><mark class=\"has-inline-color has-luminous-vivid-amber-color\"><strong><mark class=\"has-inline-color has-luminous-vivid-amber-color\"><a>\ud83d\udc49 <\/a><strong><mark class=\"has-inline-color has-luminous-vivid-amber-color\"><strong>T\u00f6ltsd le az alkalmaz\u00e1st:<\/strong><\/mark><\/strong><\/mark><\/strong><\/mark><\/strong><\/h5>\n\n\n    <section class=\"mx-1 my-10\">\n                                                <a href=\"https:\/\/badoo.com\/pt\/\" class=\"text-white\" data-analytics-label=\"optionsButton\"\n                    data-action=\"analytics#trackCTA\">\n                    <div data-options-target=\"option\"\n                        class=\"custom-section rounded-xl border p-3 shadow-md w-full bg-green-700 my-3\">\n                        <div class=\"flex w-full items-center justify-between\">\n                            <div class=\"flex items-center space-x-3\">\n                                <div class=\"text-lg font-bold\">\n                                    Badoo \u279d\n                                <\/div>\n                            <\/div>\n                        <\/div>\n                    <\/div>\n                <\/a>\n                            <p class=\"text-xs text-gray-500 text-right\"\n            style=\"margin-left: 50%; margin-bottom: 50px; margin-top: 5px;\">\n            <!-- You will be redirected to another website -->\n        <\/p>\n    <\/section>\n\n\n\n\n<p class=\"has-text-align-right\"><em><strong><em><strong><em><strong><em><strong><em><strong><em><strong><em><strong><em><strong><em><strong><em><strong>\u00c1t leszel ir\u00e1ny\u00edtva egy m\u00e1sik oldalra!<\/strong><\/em><\/strong><\/em><\/strong><\/em><\/strong><\/em><\/strong><\/em><\/strong><\/em><\/strong><\/em><\/strong><\/em><\/strong><\/em><\/strong><\/em><\/p>\n\n\n\n<hr class=\"wp-block-separator has-alpha-channel-opacity is-style-wide\" \/>\n\n\n\n<p><\/p>\n\n\n\n<h3 class=\"wp-block-heading\">2. <strong>Tapl\u00f3<\/strong><\/h3>\n\n\n\n<p>Ha valaha is hallottad m\u00e1r azt, hogy \u201ea Tinderen tal\u00e1lkoztunk\u201d, akkor tudod, hogy ez az alkalmaz\u00e1s a randiz\u00e1s kir\u00e1lyn\u0151je.<\/p>\n\n\n\n<p>Az eg\u00e9sz vil\u00e1gon haszn\u00e1lj\u00e1k, <strong>gyors \u00e9s \u0151szinte kapcsolatokat tesz lehet\u0151v\u00e9<\/strong><\/p>\n\n\n\n<p><strong>Tinder kiemel\u00e9sek:<\/strong><\/p>\n\n\n\n<ul>\n<li>H\u00faz\u00e1s: H\u00fazza jobbra az ujj\u00e1t, ha tetszik valaki.<\/li>\n\n\n\n<li>Korl\u00e1tlan cseveg\u00e9s, ha egyszer tal\u00e1lsz egyez\u00e9st<\/li>\n\n\n\n<li>Inkognit\u00f3m\u00f3d \u00e9s l\u00e1that\u00f3s\u00e1gvez\u00e9rl\u00e9s<\/li>\n\n\n\n<li>Ellen\u0151rz\u00f6tt profilok a fokozott biztons\u00e1g \u00e9rdek\u00e9ben<\/li>\n<\/ul>\n\n\n\n<p>A Tinder t\u00f6k\u00e9letes, ha sz\u00f3rakoztat\u00f3 besz\u00e9lget\u00e9sekre v\u00e1gysz, vonz\u00f3 emberekkel tal\u00e1lkozn\u00e1l, \u00e9s mindig k\u00e9zben tartan\u00e1d, hogy kivel besz\u00e9lgetsz.<\/p>\n\n\n\n<p><\/p>\n\n\n\n<hr class=\"wp-block-separator has-alpha-channel-opacity is-style-wide\" \/>\n\n\n\n<h5 class=\"wp-block-heading has-text-align-left\"><strong><mark class=\"has-inline-color has-luminous-vivid-amber-color\"><strong><mark class=\"has-inline-color has-luminous-vivid-amber-color\"><a>\ud83d\udc49 <\/a><strong><mark class=\"has-inline-color has-luminous-vivid-amber-color\"><strong>T\u00f6ltsd le az alkalmaz\u00e1st:<\/strong><\/mark><\/strong><\/mark><\/strong><\/mark><\/strong><\/h5>\n\n\n    <section class=\"mx-1 my-10\">\n                                                <a href=\"https:\/\/tinder.com\/pt\/download\" class=\"text-white\" data-analytics-label=\"optionsButton\"\n                    data-action=\"analytics#trackCTA\">\n                    <div data-options-target=\"option\"\n                        class=\"custom-section rounded-xl border p-3 shadow-md w-full bg-green-700 my-3\">\n                        <div class=\"flex w-full items-center justify-between\">\n                            <div class=\"flex items-center space-x-3\">\n                                <div class=\"text-lg font-bold\">\n                                    Tinder \u279d\n                                <\/div>\n                            <\/div>\n                        <\/div>\n                    <\/div>\n                <\/a>\n                            <p class=\"text-xs text-gray-500 text-right\"\n            style=\"margin-left: 50%; margin-bottom: 50px; margin-top: 5px;\">\n            <!-- You will be redirected to another website -->\n        <\/p>\n    <\/section>\n\n\n\n\n<p class=\"has-text-align-right\"><em><strong><em><strong><em><strong><em><strong><em><strong><em><strong><em><strong><em><strong><em><strong><em><strong>\u00c1t leszel ir\u00e1ny\u00edtva egy m\u00e1sik oldalra!<\/strong><\/em><\/strong><\/em><\/strong><\/em><\/strong><\/em><\/strong><\/em><\/strong><\/em><\/strong><\/em><\/strong><\/em><\/strong><\/em><\/strong><\/em><\/p>\n\n\n\n<hr class=\"wp-block-separator has-alpha-channel-opacity is-style-wide\" \/>\n\n\n\n<p><\/p>\n\n\n\n<h3 class=\"wp-block-heading\">3. <strong>Happn<\/strong><\/h3>\n\n\n\n<p>El\u0151fordult m\u00e1r veled, hogy \u00f6sszen\u00e9zt\u00e9l valakivel, \u00e9s azt gondoltad: \u201eB\u00e1rcsak besz\u00e9lhetn\u00e9k vele!\u201d?<\/p>\n\n\n\n<p>A Happn seg\u00edts\u00e9g\u00e9vel ez lehets\u00e9ges. Ez az alkalmaz\u00e1s megmutatja azoknak az embereknek a profiljait, akikhez fizikailag k\u00f6zel \u00e1llt\u00e1l.<\/p>\n\n\n\n<p><strong>Mi\u00e9rt egyed\u00fcl\u00e1ll\u00f3 a Happn:<\/strong><\/p>\n\n\n\n<ul>\n<li>Megtal\u00e1lod azokat, akik elmentek melletted<\/li>\n\n\n\n<li>\u00dczenetk\u00fcld\u0151 rendszer csak k\u00f6lcs\u00f6n\u00f6s \u00e9rdekl\u0151d\u00e9s eset\u00e9n<\/li>\n\n\n\n<li>Ide\u00e1lis a k\u00f6rny\u00e9kbeli vagy v\u00e1rosi emberekkel val\u00f3 tal\u00e1lkoz\u00e1shoz<\/li>\n\n\n\n<li>A h\u00e1tt\u00e9rben m\u0171k\u00f6dik an\u00e9lk\u00fcl, hogy t\u00falzottan fogyasztan\u00e1 az akkumul\u00e1tort<\/li>\n<\/ul>\n\n\n\n<p>A Happn var\u00e1zslatosnak \u00e9rz\u0151dik. Mintha a sors a technol\u00f3gi\u00e1t haszn\u00e1ln\u00e1, hogy seg\u00edtsen besz\u00e9lni azzal a szem\u00e9llyel, akire mindig is v\u00e1gyt\u00e1l.<\/p>\n\n\n\n<p><\/p>\n\n\n\n<hr class=\"wp-block-separator has-alpha-channel-opacity is-style-wide\" \/>\n\n\n\n<h5 class=\"wp-block-heading has-text-align-left\"><strong><mark class=\"has-inline-color has-luminous-vivid-amber-color\"><strong><mark class=\"has-inline-color has-luminous-vivid-amber-color\"><a>\ud83d\udc49 <\/a><strong><mark class=\"has-inline-color has-luminous-vivid-amber-color\"><strong>T\u00f6ltsd le az alkalmaz\u00e1st:<\/strong><\/mark><\/strong><\/mark><\/strong><\/mark><\/strong><\/h5>\n\n\n    <section class=\"mx-1 my-10\">\n                                                <a href=\"https:\/\/www.happn.com\/pt\/\" class=\"text-white\" data-analytics-label=\"optionsButton\"\n                    data-action=\"analytics#trackCTA\">\n                    <div data-options-target=\"option\"\n                        class=\"custom-section rounded-xl border p-3 shadow-md w-full bg-green-700 my-3\">\n                        <div class=\"flex w-full items-center justify-between\">\n                            <div class=\"flex items-center space-x-3\">\n                                <div class=\"text-lg font-bold\">\n                                    Boldog \u279d\n                                <\/div>\n                            <\/div>\n                        <\/div>\n                    <\/div>\n                <\/a>\n                            <p class=\"text-xs text-gray-500 text-right\"\n            style=\"margin-left: 50%; margin-bottom: 50px; margin-top: 5px;\">\n            <!-- You will be redirected to another website -->\n        <\/p>\n    <\/section>\n\n\n\n\n<p class=\"has-text-align-right\"><em><strong><em><strong><em><strong><em><strong><em><strong><em><strong><em><strong><em><strong><em><strong><em><strong>\u00c1t leszel ir\u00e1ny\u00edtva egy m\u00e1sik oldalra!<\/strong><\/em><\/strong><\/em><\/strong><\/em><\/strong><\/em><\/strong><\/em><\/strong><\/em><\/strong><\/em><\/strong><\/em><\/strong><\/em><\/strong><\/em><\/p>\n\n\n\n<hr class=\"wp-block-separator has-alpha-channel-opacity is-style-wide\" \/>\n\n\n\n<p><\/p>\n\n\n\n<h2 class=\"wp-block-heading\">Tippek a besz\u00e9lget\u00e9s g\u00f6rd\u00fcl\u00e9kenyebb\u00e9 t\u00e9tel\u00e9hez<\/h2>\n\n\n\n<p>Miut\u00e1n elkezdtek besz\u00e9lgetni, mit mondtok? Hogyan tartj\u00e1tok fenn a besz\u00e9lget\u00e9st? \u00cdme n\u00e9h\u00e1ny bev\u00e1lt tipp:<\/p>\n\n\n\n<ul>\n<li>Tegy\u00e9l fel nyitott k\u00e9rd\u00e9seket: \u201eMit szeretsz csin\u00e1lni a szabadid\u0151dben?\u201d<\/li>\n\n\n\n<li>Haszn\u00e1lj humort: egy k\u00f6nnyed po\u00e9n megt\u00f6ri a jeget<\/li>\n\n\n\n<li>L\u00e9gy \u0151szinte: az emberek \u00e9rt\u00e9kelik a hiteless\u00e9get<\/li>\n\n\n\n<li>Ne f\u00e9lj \u00e9rdekl\u0151d\u00e9st mutatni<\/li>\n\n\n\n<li>Eml\u00e9kezz a nev\u00fckre, az \u00edzl\u00e9s\u00fckre \u00e9s arra, hogy mit osztanak meg veled<\/li>\n<\/ul>\n\n\n\n<p>\u00c9s ami a legfontosabb: <strong>\u00e9lvezd a pillanatot<\/strong>Minden besz\u00e9lget\u00e9s egy lehet\u0151s\u00e9g a tanul\u00e1sra, a megoszt\u00e1sra, \u00e9s mi\u00e9rt ne, a szerelemre is.<\/p>\n\n\n<div class=\"wp-block-image\">\n<figure class=\"aligncenter size-full\"><img loading=\"lazy\" decoding=\"async\" width=\"550\" height=\"350\" src=\"https:\/\/universofamilia.com\/wp-content\/uploads\/sites\/148\/2025\/06\/DESTAQUE-UNIVERSO-550-x-350-7.jpg\" alt=\"\" class=\"wp-image-9528\" srcset=\"https:\/\/universofamilia.com\/wp-content\/uploads\/sites\/148\/2025\/06\/DESTAQUE-UNIVERSO-550-x-350-7.jpg 550w, https:\/\/universofamilia.com\/wp-content\/uploads\/sites\/148\/2025\/06\/DESTAQUE-UNIVERSO-550-x-350-7-300x191.jpg 300w, https:\/\/universofamilia.com\/wp-content\/uploads\/sites\/148\/2025\/06\/DESTAQUE-UNIVERSO-550-x-350-7-18x12.jpg 18w\" sizes=\"(max-width: 550px) 100vw, 550px\" \/><figcaption class=\"wp-element-caption\">Szia sz\u00e9pfi\u00fa, egyed\u00fcl vagyok a szob\u00e1mban.<\/figcaption><\/figure><\/div>\n\n\n<h2 class=\"wp-block-heading\">Igaz t\u00f6rt\u00e9netek olyan emberekr\u0151l, akik egy \u201eSzia\u201d-val kezdt\u00e9k<\/h2>\n\n\n\n<blockquote class=\"wp-block-quote\">\n<p>\u201eSoha nem gondoltam volna, hogy 63 \u00e9vesen egy kedves n\u0151vel fogok besz\u00e9lgetni egy alkalmaz\u00e1son kereszt\u00fcl. M\u00e1r h\u00e1rom hete minden nap besz\u00e9l\u00fcnk. \u00dajra mosolyt csalt az arcomra.\u201d \u2013 Ricardo, Mexik\u00f3v\u00e1ros<\/p>\n<\/blockquote>\n\n\n\n<blockquote class=\"wp-block-quote\">\n<p>\u201eK\u00edv\u00e1ncsis\u00e1gb\u00f3l hoztam l\u00e9tre a profilomat, \u00e9s k\u00e9t napon bel\u00fcl tal\u00e1lkoztam Luisszal. El\u0151sz\u00f6r csak t\u00e9v\u00e9m\u0171sorokr\u00f3l besz\u00e9lgett\u00fcnk. Most egy k\u00f6z\u00f6s utaz\u00e1st tervez\u00fcnk.\u201d \u2013 Mariana, Guadalajara<\/p>\n<\/blockquote>\n\n\n\n<p>Ezek a t\u00f6rt\u00e9netek val\u00f3sak. \u00c9s te lehetsz a k\u00f6vetkez\u0151, aki megtapasztal valami hasonl\u00f3t.<\/p>\n\n\n\n<h2 class=\"wp-block-heading\">A mai nap valami k\u00fcl\u00f6nlegesnek a kezdete lehet<\/h2>\n\n\n\n<p>Csak \u00fclsz \u00e9s n\u00e9zed? Az a besz\u00e9lget\u00e9s, ami feldobhatja a napodat, t\u00e1rsas\u00e1got ny\u00fajthat, vagy rom\u00e1ncot gy\u00fajthat benned, csak egy kattint\u00e1snyira van.<\/p>\n\n\n\n<p><strong>T\u00f6lts le egyet ezek k\u00f6z\u00fcl az alkalmaz\u00e1sok k\u00f6z\u00fcl, \u00e9s kezdj el besz\u00e9lgetni val\u00f3di, bar\u00e1ts\u00e1gos \u00e9s hiteles n\u0151kkel.<\/strong><\/p>\n\n\n\n<p>Nem kell fiatalnak, j\u00f3k\u00e9p\u0171nek vagy tech-szak\u00e9rt\u0151nek lenned. Csak \u00f6nmagadnak kell lenned, \u00e9s hajland\u00f3nak kell lenned meghallgatni \u00e9s besz\u00e9lgetni.<\/p>\n\n\n\n<p>Kattints az al\u00e1bbi linkek egyik\u00e9re, hozd l\u00e9tre a profilodat, \u00e9s tedd meg az els\u0151 l\u00e9p\u00e9st. Lehet, hogy \u00e9ppen ezt mondja: <strong>\u201eSzia sz\u00e9pfi\u00fa, egyed\u00fcl vagyok a szob\u00e1mban\u2026 besz\u00e9lhetn\u00e9nk egy kicsit?\u201d<\/strong><\/p>","protected":false},"excerpt":{"rendered":"<p>Besz\u00e9lgess\u00fcnk egy kicsit? V\u00e1lassz egyet a lehet\u0151s\u00e9gek k\u00f6z\u00fcl! Ugyanott maradsz! Egy ellen\u00e1llhatatlan mondat, amely \u00faj, val\u00f3di kapcsolatok kapuj\u00e1t nyitja meg. Ma lehet az a nap, amikor egy egyszer\u0171 besz\u00e9lget\u00e9s megv\u00e1ltoztatja az \u00e9leted. Fedezd fel a legjobb t\u00e1rskeres\u0151 alkalmaz\u00e1sokat, hogy olyan emberekkel besz\u00e9lgess, akik szint\u00e9n t\u00e1rsas\u00e1gra v\u00e1gynak. Szia [\u2026]<\/p>","protected":false},"author":139,"featured_media":9528,"comment_status":"closed","ping_status":"open","sticky":false,"template":"","format":"standard","meta":{"footnotes":""},"categories":[2],"tags":[410,564,2299,2320,2319],"yoast_head":"<!-- This site is optimized with the Yoast SEO plugin v23.3 - https:\/\/yoast.com\/wordpress\/plugins\/seo\/ -->\n<title>Hola guapo, estoy sola en mi habitaci\u00f3n - Universo Fam\u00edlia<\/title>\n<meta name=\"description\" content=\"Hola guapo, estoy sola en mi habitaci\u00f3n. Una frase irresistible que abre la puerta a nuevas conexiones reales...\" \/>\n<meta name=\"robots\" content=\"index, follow, max-snippet:-1, max-image-preview:large, max-video-preview:-1\" \/>\n<link rel=\"canonical\" href=\"https:\/\/universofamilia.com\/hu\/hola-guapo-estoy-sola-en-mi-habitacion\/\" \/>\n<meta property=\"og:locale\" content=\"hu_HU\" \/>\n<meta property=\"og:type\" content=\"article\" \/>\n<meta property=\"og:title\" content=\"Hola guapo, estoy sola en mi habitaci\u00f3n - Universo Fam\u00edlia\" \/>\n<meta property=\"og:description\" content=\"Hola guapo, estoy sola en mi habitaci\u00f3n. Una frase irresistible que abre la puerta a nuevas conexiones reales...\" \/>\n<meta property=\"og:url\" content=\"https:\/\/universofamilia.com\/hu\/hola-guapo-estoy-sola-en-mi-habitacion\/\" \/>\n<meta property=\"og:site_name\" content=\"Universo Fam\u00edlia\" \/>\n<meta property=\"article:published_time\" content=\"2025-06-16T20:05:03+00:00\" \/>\n<meta property=\"article:modified_time\" content=\"2025-06-16T20:05:04+00:00\" \/>\n<meta property=\"og:image\" content=\"https:\/\/universofamilia.com\/wp-content\/uploads\/sites\/148\/2025\/06\/DESTAQUE-UNIVERSO-550-x-350-7.jpg\" \/>\n\t<meta property=\"og:image:width\" content=\"550\" \/>\n\t<meta property=\"og:image:height\" content=\"350\" \/>\n\t<meta property=\"og:image:type\" content=\"image\/jpeg\" \/>\n<meta name=\"author\" content=\"Pedro Henrique\" \/>\n<meta name=\"twitter:card\" content=\"summary_large_image\" \/>\n<meta name=\"twitter:label1\" content=\"Written by\" \/>\n\t<meta name=\"twitter:data1\" content=\"Pedro Henrique\" \/>\n\t<meta name=\"twitter:label2\" content=\"Est. reading time\" \/>\n\t<meta name=\"twitter:data2\" content=\"8 perc\" \/>\n<script type=\"application\/ld+json\" class=\"yoast-schema-graph\">{\"@context\":\"https:\/\/schema.org\",\"@graph\":[{\"@type\":\"WebPage\",\"@id\":\"https:\/\/universofamilia.com\/da\/hola-guapo-estoy-sola-en-mi-habitacion\/\",\"url\":\"https:\/\/universofamilia.com\/da\/hola-guapo-estoy-sola-en-mi-habitacion\/\",\"name\":\"Hola guapo, estoy sola en mi habitaci\u00f3n - Universo Fam\u00edlia\",\"isPartOf\":{\"@id\":\"https:\/\/universofamilia.com\/el\/#website\"},\"primaryImageOfPage\":{\"@id\":\"https:\/\/universofamilia.com\/da\/hola-guapo-estoy-sola-en-mi-habitacion\/#primaryimage\"},\"image\":{\"@id\":\"https:\/\/universofamilia.com\/da\/hola-guapo-estoy-sola-en-mi-habitacion\/#primaryimage\"},\"thumbnailUrl\":\"https:\/\/universofamilia.com\/wp-content\/uploads\/sites\/148\/2025\/06\/DESTAQUE-UNIVERSO-550-x-350-7.jpg\",\"datePublished\":\"2025-06-16T20:05:03+00:00\",\"dateModified\":\"2025-06-16T20:05:04+00:00\",\"author\":{\"@id\":\"https:\/\/universofamilia.com\/el\/#\/schema\/person\/f07ce98187dd84d31154262e79b3b7ca\"},\"description\":\"Hola guapo, estoy sola en mi habitaci\u00f3n. Una frase irresistible que abre la puerta a nuevas conexiones reales...\",\"breadcrumb\":{\"@id\":\"https:\/\/universofamilia.com\/da\/hola-guapo-estoy-sola-en-mi-habitacion\/#breadcrumb\"},\"inLanguage\":\"hu\",\"potentialAction\":[{\"@type\":\"ReadAction\",\"target\":[\"https:\/\/universofamilia.com\/da\/hola-guapo-estoy-sola-en-mi-habitacion\/\"]}]},{\"@type\":\"ImageObject\",\"inLanguage\":\"hu\",\"@id\":\"https:\/\/universofamilia.com\/da\/hola-guapo-estoy-sola-en-mi-habitacion\/#primaryimage\",\"url\":\"https:\/\/universofamilia.com\/wp-content\/uploads\/sites\/148\/2025\/06\/DESTAQUE-UNIVERSO-550-x-350-7.jpg\",\"contentUrl\":\"https:\/\/universofamilia.com\/wp-content\/uploads\/sites\/148\/2025\/06\/DESTAQUE-UNIVERSO-550-x-350-7.jpg\",\"width\":550,\"height\":350,\"caption\":\"Hola guapo, estoy sola en mi habitaci\u00f3n\"},{\"@type\":\"BreadcrumbList\",\"@id\":\"https:\/\/universofamilia.com\/da\/hola-guapo-estoy-sola-en-mi-habitacion\/#breadcrumb\",\"itemListElement\":[{\"@type\":\"ListItem\",\"position\":1,\"name\":\"Home\",\"item\":\"https:\/\/universofamilia.com\/el\/\"},{\"@type\":\"ListItem\",\"position\":2,\"name\":\"Hola guapo, estoy sola en mi habitaci\u00f3n\"}]},{\"@type\":\"WebSite\",\"@id\":\"https:\/\/universofamilia.com\/el\/#website\",\"url\":\"https:\/\/universofamilia.com\/el\/\",\"name\":\"Universo Fam\u00edlia\",\"description\":\"\",\"potentialAction\":[{\"@type\":\"SearchAction\",\"target\":{\"@type\":\"EntryPoint\",\"urlTemplate\":\"https:\/\/universofamilia.com\/el\/?s={search_term_string}\"},\"query-input\":\"required name=search_term_string\"}],\"inLanguage\":\"hu\"},{\"@type\":\"Person\",\"@id\":\"https:\/\/universofamilia.com\/el\/#\/schema\/person\/f07ce98187dd84d31154262e79b3b7ca\",\"name\":\"Pedro Henrique\",\"image\":{\"@type\":\"ImageObject\",\"inLanguage\":\"hu\",\"@id\":\"https:\/\/universofamilia.com\/el\/#\/schema\/person\/image\/\",\"url\":\"https:\/\/secure.gravatar.com\/avatar\/9edfeb808cb4e1599f64d6e45b130154?s=96&d=mm&r=g\",\"contentUrl\":\"https:\/\/secure.gravatar.com\/avatar\/9edfeb808cb4e1599f64d6e45b130154?s=96&d=mm&r=g\",\"caption\":\"Pedro Henrique\"},\"url\":\"https:\/\/universofamilia.com\/hu\/author\/editor01\/\"}]}<\/script>\n<!-- \/ Yoast SEO plugin. -->","yoast_head_json":{"title":"Hola guapo, estoy sola en mi habitaci\u00f3n - Universo Fam\u00edlia","description":"Hola guapo, estoy sola en mi habitaci\u00f3n. Una frase irresistible que abre la puerta a nuevas conexiones reales...","robots":{"index":"index","follow":"follow","max-snippet":"max-snippet:-1","max-image-preview":"max-image-preview:large","max-video-preview":"max-video-preview:-1"},"canonical":"https:\/\/universofamilia.com\/hu\/hola-guapo-estoy-sola-en-mi-habitacion\/","og_locale":"hu_HU","og_type":"article","og_title":"Hola guapo, estoy sola en mi habitaci\u00f3n - Universo Fam\u00edlia","og_description":"Hola guapo, estoy sola en mi habitaci\u00f3n. Una frase irresistible que abre la puerta a nuevas conexiones reales...","og_url":"https:\/\/universofamilia.com\/hu\/hola-guapo-estoy-sola-en-mi-habitacion\/","og_site_name":"Universo Fam\u00edlia","article_published_time":"2025-06-16T20:05:03+00:00","article_modified_time":"2025-06-16T20:05:04+00:00","og_image":[{"width":550,"height":350,"url":"https:\/\/universofamilia.com\/wp-content\/uploads\/sites\/148\/2025\/06\/DESTAQUE-UNIVERSO-550-x-350-7.jpg","type":"image\/jpeg"}],"author":"Pedro Henrique","twitter_card":"summary_large_image","twitter_misc":{"Written by":"Pedro Henrique","Est. reading time":"8 perc"},"schema":{"@context":"https:\/\/schema.org","@graph":[{"@type":"WebPage","@id":"https:\/\/universofamilia.com\/da\/hola-guapo-estoy-sola-en-mi-habitacion\/","url":"https:\/\/universofamilia.com\/da\/hola-guapo-estoy-sola-en-mi-habitacion\/","name":"Hola guapo, estoy sola en mi habitaci\u00f3n - Universo Fam\u00edlia","isPartOf":{"@id":"https:\/\/universofamilia.com\/el\/#website"},"primaryImageOfPage":{"@id":"https:\/\/universofamilia.com\/da\/hola-guapo-estoy-sola-en-mi-habitacion\/#primaryimage"},"image":{"@id":"https:\/\/universofamilia.com\/da\/hola-guapo-estoy-sola-en-mi-habitacion\/#primaryimage"},"thumbnailUrl":"https:\/\/universofamilia.com\/wp-content\/uploads\/sites\/148\/2025\/06\/DESTAQUE-UNIVERSO-550-x-350-7.jpg","datePublished":"2025-06-16T20:05:03+00:00","dateModified":"2025-06-16T20:05:04+00:00","author":{"@id":"https:\/\/universofamilia.com\/el\/#\/schema\/person\/f07ce98187dd84d31154262e79b3b7ca"},"description":"Hola guapo, estoy sola en mi habitaci\u00f3n. Una frase irresistible que abre la puerta a nuevas conexiones reales...","breadcrumb":{"@id":"https:\/\/universofamilia.com\/da\/hola-guapo-estoy-sola-en-mi-habitacion\/#breadcrumb"},"inLanguage":"hu","potentialAction":[{"@type":"ReadAction","target":["https:\/\/universofamilia.com\/da\/hola-guapo-estoy-sola-en-mi-habitacion\/"]}]},{"@type":"ImageObject","inLanguage":"hu","@id":"https:\/\/universofamilia.com\/da\/hola-guapo-estoy-sola-en-mi-habitacion\/#primaryimage","url":"https:\/\/universofamilia.com\/wp-content\/uploads\/sites\/148\/2025\/06\/DESTAQUE-UNIVERSO-550-x-350-7.jpg","contentUrl":"https:\/\/universofamilia.com\/wp-content\/uploads\/sites\/148\/2025\/06\/DESTAQUE-UNIVERSO-550-x-350-7.jpg","width":550,"height":350,"caption":"Hola guapo, estoy sola en mi habitaci\u00f3n"},{"@type":"BreadcrumbList","@id":"https:\/\/universofamilia.com\/da\/hola-guapo-estoy-sola-en-mi-habitacion\/#breadcrumb","itemListElement":[{"@type":"ListItem","position":1,"name":"Home","item":"https:\/\/universofamilia.com\/el\/"},{"@type":"ListItem","position":2,"name":"Hola guapo, estoy sola en mi habitaci\u00f3n"}]},{"@type":"WebSite","@id":"https:\/\/universofamilia.com\/el\/#website","url":"https:\/\/universofamilia.com\/el\/","name":"Universo Fam\u00edlia","description":"","potentialAction":[{"@type":"SearchAction","target":{"@type":"EntryPoint","urlTemplate":"https:\/\/universofamilia.com\/el\/?s={search_term_string}"},"query-input":"required name=search_term_string"}],"inLanguage":"hu"},{"@type":"Person","@id":"https:\/\/universofamilia.com\/el\/#\/schema\/person\/f07ce98187dd84d31154262e79b3b7ca","name":"Pedro Henrique","image":{"@type":"ImageObject","inLanguage":"hu","@id":"https:\/\/universofamilia.com\/el\/#\/schema\/person\/image\/","url":"https:\/\/secure.gravatar.com\/avatar\/9edfeb808cb4e1599f64d6e45b130154?s=96&d=mm&r=g","contentUrl":"https:\/\/secure.gravatar.com\/avatar\/9edfeb808cb4e1599f64d6e45b130154?s=96&d=mm&r=g","caption":"Pedro Henrique"},"url":"https:\/\/universofamilia.com\/hu\/author\/editor01\/"}]}},"_links":{"self":[{"href":"https:\/\/universofamilia.com\/hu\/wp-json\/wp\/v2\/posts\/9527"}],"collection":[{"href":"https:\/\/universofamilia.com\/hu\/wp-json\/wp\/v2\/posts"}],"about":[{"href":"https:\/\/universofamilia.com\/hu\/wp-json\/wp\/v2\/types\/post"}],"author":[{"embeddable":true,"href":"https:\/\/universofamilia.com\/hu\/wp-json\/wp\/v2\/users\/139"}],"replies":[{"embeddable":true,"href":"https:\/\/universofamilia.com\/hu\/wp-json\/wp\/v2\/comments?post=9527"}],"version-history":[{"count":1,"href":"https:\/\/universofamilia.com\/hu\/wp-json\/wp\/v2\/posts\/9527\/revisions"}],"predecessor-version":[{"id":9529,"href":"https:\/\/universofamilia.com\/hu\/wp-json\/wp\/v2\/posts\/9527\/revisions\/9529"}],"wp:featuredmedia":[{"embeddable":true,"href":"https:\/\/universofamilia.com\/hu\/wp-json\/wp\/v2\/media\/9528"}],"wp:attachment":[{"href":"https:\/\/universofamilia.com\/hu\/wp-json\/wp\/v2\/media?parent=9527"}],"wp:term":[{"taxonomy":"category","embeddable":true,"href":"https:\/\/universofamilia.com\/hu\/wp-json\/wp\/v2\/categories?post=9527"},{"taxonomy":"post_tag","embeddable":true,"href":"https:\/\/universofamilia.com\/hu\/wp-json\/wp\/v2\/tags?post=9527"}],"curies":[{"name":"wp","href":"https:\/\/api.w.org\/{rel}","templated":true}]}}