{"id":9530,"date":"2025-06-17T00:25:35","date_gmt":"2025-06-17T00:25:35","guid":{"rendered":"https:\/\/universofamilia.com\/?p=9530"},"modified":"2025-06-17T00:25:35","modified_gmt":"2025-06-17T00:25:35","slug":"12-pasos-para-ser-un-exdiabetico-usando-soluciones-naturales","status":"publish","type":"post","link":"https:\/\/universofamilia.com\/hu\/12-pasos-para-ser-un-exdiabetico-usando-soluciones-naturales\/","title":{"rendered":"12 l\u00e9p\u00e9s, hogy term\u00e9szetes megold\u00e1sokkal ler\u00e1zd magadr\u00f3l a cukorbetegeket"},"content":{"rendered":"<h4 class=\"wp-block-heading has-text-align-center\">\u00c9lj felesleges cukor n\u00e9lk\u00fcl: v\u00e1ltoztasd meg az eg\u00e9szs\u00e9gedet m\u00e1r ma!<\/h4>\n\n\n\n<p><\/p>\n\n\n\n<hr class=\"wp-block-separator has-alpha-channel-opacity is-style-wide\" \/>\n\n\n\n<h5 class=\"wp-block-heading has-text-align-center\"><strong>Mit szeretn\u00e9l el\u0151sz\u00f6r csin\u00e1lni?<\/strong><\/h5>\n\n\n    <section class=\"mx-1 my-10\">\n                                                <a href=\"https:\/\/universofamilia.com\/hu\/descubre-los-5-alimentos-que-ayudan-a-controlar-la-glucemia-3\/\" class=\"text-white\" data-analytics-label=\"optionsButton\"\n                    data-action=\"analytics#trackCTA\">\n                    <div data-options-target=\"option\"\n                        class=\"custom-section rounded-xl border p-3 shadow-md w-full bg-green-700 my-3\">\n                        <div class=\"flex w-full items-center justify-between\">\n                            <div class=\"flex items-center space-x-3\">\n                                <div class=\"text-lg font-bold\">\n                                    5 \u00e9tel, ami seg\u00edt szab\u00e1lyozni a v\u00e9rcukorszintet \u279d\n                                <\/div>\n                            <\/div>\n                        <\/div>\n                    <\/div>\n                <\/a>\n                                                            <a href=\"https:\/\/universofamilia.com\/hu\/app-controle-glicose\/\" class=\"text-white\" data-analytics-label=\"optionsButton\"\n                    data-action=\"analytics#trackCTA\">\n                    <div data-options-target=\"option\"\n                        class=\"custom-section rounded-xl border p-3 shadow-md w-full bg-green-700 my-3\">\n                        <div class=\"flex w-full items-center justify-between\">\n                            <div class=\"flex items-center space-x-3\">\n                                <div class=\"text-lg font-bold\">\n                                    12 l\u00e9p\u00e9s az ex-cukorbetegg\u00e9 v\u00e1l\u00e1shoz \u279d\n                                <\/div>\n                            <\/div>\n                        <\/div>\n                    <\/div>\n                <\/a>\n                            <p class=\"text-xs text-gray-500 text-right hidden\"\n            style=\"margin-left: 50%; margin-bottom: 50px; margin-top: 5px;\">\n            <!-- You will be redirected to another website -->\n        <\/p>\n    <\/section>\n\n\n\n\n<p class=\"has-text-align-right\"><em><strong><em><strong><em><strong><em><strong><em><strong>Ugyanott maradsz<\/strong><\/em><\/strong><\/em><\/strong><\/em><\/strong><\/em><\/strong><\/em><\/p>\n\n\n\n<hr class=\"wp-block-separator has-alpha-channel-opacity is-style-wide\" \/>\n\n\n\n<p><\/p>\n\n\n\n<p><strong>12 l\u00e9p\u00e9s a kor\u00e1bbi cukorbetegg\u00e9 v\u00e1l\u00e1shoz<\/strong> Ez sokkal t\u00f6bb, mint egy lista, ez egy <a href=\"https:\/\/universofamilia.com\/hu\/descubre-los-5-alimentos-que-ayudan-a-controlar-la-glucemia-3\/\">az \u00e1talakul\u00e1s \u00fatja<\/a>.<\/p>\n\n\n\n<p>Sokan hallott\u00e1k m\u00e1r, hogy a 2-es t\u00edpus\u00fa cukorbetegs\u00e9g kr\u00f3nikus, \u00e9s hogy nincs r\u00e1 gy\u00f3gym\u00f3d.<\/p>\n\n\n\n<p>De az igazs\u00e1g az, hogy \u00e9letm\u00f3dv\u00e1lt\u00e1ssal, fegyelemmel \u00e9s term\u00e9szetes seg\u00edts\u00e9ggel visszaford\u00edthat\u00f3.<\/p>\n\n\n\n<p>Ma egy gyakorlati \u00fatmutat\u00f3t hozok nektek, megb\u00edzhat\u00f3 \u00e9s egyszer\u0171 forr\u00e1sokon alapulva, amelyet b\u00e1rki k\u00f6vethet.<\/p>\n\n\n\n<p><\/p>\n\n\n\n<hr class=\"wp-block-separator has-alpha-channel-opacity is-style-wide\" \/>\n\n\n\n<h4 class=\"wp-block-heading has-text-align-center\"><strong><mark class=\"has-inline-color has-luminous-vivid-orange-color\">Olvasd el ezt is<\/mark><\/strong><\/h4>\n\n\n    <section class=\"mx-1 my-10\">\n                                                <a href=\"https:\/\/universofamilia.com\/hu\/lp-filmes-asiaticos\/\" class=\"text-white\" data-analytics-label=\"optionsButton\"\n                    data-action=\"analytics#trackCTA\">\n                    <div data-options-target=\"option\"\n                        class=\"custom-section rounded-xl border p-3 shadow-md w-full bg-green-700 my-3\">\n                        <div class=\"flex w-full items-center justify-between\">\n                            <div class=\"flex items-center space-x-3\">\n                                <div class=\"text-lg font-bold\">\n                                    App koreai dr\u00e1m\u00e1k n\u00e9z\u00e9s\u00e9hez \u279d\n                                <\/div>\n                            <\/div>\n                        <\/div>\n                    <\/div>\n                <\/a>\n                                                            <a href=\"https:\/\/universofamilia.com\/hu\/lp-recuperar-fotos\/\" class=\"text-white\" data-analytics-label=\"optionsButton\"\n                    data-action=\"analytics#trackCTA\">\n                    <div data-options-target=\"option\"\n                        class=\"custom-section rounded-xl border p-3 shadow-md w-full bg-green-700 my-3\">\n                        <div class=\"flex w-full items-center justify-between\">\n                            <div class=\"flex items-center space-x-3\">\n                                <div class=\"text-lg font-bold\">\n                                    T\u00f6r\u00f6lt fot\u00f3k helyre\u00e1ll\u00edt\u00e1sa ezzel az alkalmaz\u00e1ssal!  \u279d\n                                <\/div>\n                            <\/div>\n                        <\/div>\n                    <\/div>\n                <\/a>\n                                                            <a href=\"https:\/\/universofamilia.com\/hu\/el-amor-a-un-clic\/\" class=\"text-white\" data-analytics-label=\"optionsButton\"\n                    data-action=\"analytics#trackCTA\">\n                    <div data-options-target=\"option\"\n                        class=\"custom-section rounded-xl border p-3 shadow-md w-full bg-green-700 my-3\">\n                        <div class=\"flex w-full items-center justify-between\">\n                            <div class=\"flex items-center space-x-3\">\n                                <div class=\"text-lg font-bold\">\n                                    Fedezd fel az ide\u00e1lis t\u00e1rskeres\u0151 alkalmaz\u00e1st \u279d\n                                <\/div>\n                            <\/div>\n                        <\/div>\n                    <\/div>\n                <\/a>\n                            <p class=\"text-xs text-gray-500 text-right hidden\"\n            style=\"margin-left: 50%; margin-bottom: 50px; margin-top: 5px;\">\n            <!-- You will be redirected to another website -->\n        <\/p>\n    <\/section>\n\n\n\n\n<p class=\"has-text-align-right\"><em><strong><em><strong><em><strong><em><strong><em><strong>Ugyanott fog maradni!<\/strong><\/em><\/strong><\/em><\/strong><\/em><\/strong><\/em><\/strong><\/em><\/p>\n\n\n\n<hr class=\"wp-block-separator has-alpha-channel-opacity is-style-wide\" \/>\n\n\n\n<p><\/p>\n\n\n\n<h2 class=\"wp-block-heading\">Fedezze fel, hogyan veheti vissza az ir\u00e1ny\u00edt\u00e1st eg\u00e9szs\u00e9ge felett gy\u00f3gyszerek n\u00e9lk\u00fcl<\/h2>\n\n\n\n<p>A tablett\u00e1k \u00f6r\u00f6kk\u00e9 t\u00f6rt\u00e9n\u0151 szed\u00e9se nem az egyetlen ki\u00fat.<\/p>\n\n\n\n<p>Vannak term\u00e9szetes alternat\u00edv\u00e1k, amelyek mindenki sz\u00e1m\u00e1ra el\u00e9rhet\u0151ek.<\/p>\n\n\n\n<p>A l\u00e9nyeg a napi apr\u00f3 v\u00e1ltoztat\u00e1sokban rejlik, amelyek \u00f6sszess\u00e9g\u00e9ben nagy el\u0151ny\u00f6kkel j\u00e1rnak.<\/p>\n\n\n\n<p>Ha \u00d6n vagy egy szeretett szem\u00e9lye 2-es t\u00edpus\u00fa cukorbetegs\u00e9ggel \u00e9l, ez a cikk val\u00f3di v\u00e1ltoz\u00e1st hozhat.<\/p>\n\n\n\n<h2 class=\"wp-block-heading\">A hatalom a mindennapi d\u00f6nt\u00e9seidben rejlik<\/h2>\n\n\n\n<p>Az \u00e9letm\u00f3dv\u00e1lt\u00e1s, a t\u00f6bb mozg\u00e1s \u00e9s a technol\u00f3gia b\u00f6lcs haszn\u00e1lata megmentheti az \u00e9letedet.<\/p>\n\n\n\n<p>Sz\u00e1mos \u00fajabb tanulm\u00e1ny al\u00e1t\u00e1masztja az \u00e9letm\u00f3d gl\u00fck\u00f3zszintre gyakorolt hat\u00e1s\u00e1t.<\/p>\n\n\n\n<p>A mobilalkalmaz\u00e1sok, az igazi \u00e9telek \u00e9s a min\u0151s\u00e9gi pihen\u00e9s az \u00faj gy\u00f3gyszered.<\/p>\n\n\n\n<p>K\u00e9szen \u00e1llsz arra, hogy egyszer\u0171 l\u00e9p\u00e9sekkel megv\u00e1ltoztasd a t\u00f6rt\u00e9netedet?<\/p>\n\n\n\n<h2 class=\"wp-block-heading\">Nincs egyed\u00fcl ezzel: vannak term\u00e9szetes megold\u00e1sok a kezed \u00fcgy\u00e9ben<\/h2>\n\n\n\n<p>Latin-Amerik\u00e1ban t\u00f6bb ezer embernek siker\u00fclt term\u00e9szetes \u00faton visszaford\u00edtania a cukorbetegs\u00e9g\u00e9t.<\/p>\n\n\n\n<p>Nem csod\u00e1kr\u00f3l van sz\u00f3, hanem fenntarthat\u00f3 szok\u00e1sokr\u00f3l.<\/p>\n\n\n\n<p>Ez a cikk az\u00e9rt k\u00e9sz\u00fclt, hogy l\u00e9p\u00e9sr\u0151l l\u00e9p\u00e9sre vezessen, inspir\u00e1ljon \u00e9s \u00fatmutat\u00e1st adjon neked.<\/p>\n\n\n\n<p>Menj\u00fcnk egy\u00fctt. Tanuld meg a 12 l\u00e9p\u00e9st, hogy term\u00e9szetes \u00e9s eg\u00e9szs\u00e9ges m\u00f3don szabadulj meg a cukorbetegs\u00e9gt\u0151l.<\/p>\n\n\n\n<h2 class=\"wp-block-heading\">1. l\u00e9p\u00e9s: T\u00e1vol\u00edtsa el a rejtett cukrot a feldolgozott \u00e9lelmiszerekb\u0151l<\/h2>\n\n\n\n<p>Az iparos\u00edtott term\u00e9kekben gyakran m\u00e1s n\u00e9ven \u00e1lc\u00e1zott cukor tal\u00e1lhat\u00f3.<\/p>\n\n\n\n<p>A kukoricaszirup, a maltodextrin, a dextr\u00f3z, a szachar\u00f3z\u2026 mind gyorsan emeli a gl\u00fck\u00f3zszintet.<\/p>\n\n\n\n<p>Ezen term\u00e9kek napi fogyaszt\u00e1sa \u00e1lland\u00f3 cukorszint-emelked\u00e9shez vezethet.<\/p>\n\n\n\n<p><strong>Hogyan lehet felismerni \u00e9s elker\u00fclni?<\/strong><\/p>\n\n\n\n<ul>\n<li>Mindig olvasd el a c\u00edmk\u00e9n tal\u00e1lhat\u00f3 \u00f6sszetev\u0151ket<\/li>\n\n\n\n<li>Ker\u00fcld a cukros gabonapelyheket, s\u00fctiket \u00e9s gy\u00fcm\u00f6lcsleves dobozokat<\/li>\n\n\n\n<li>Cser\u00e9lje le az \u00fcd\u00edt\u0151italokat citromos v\u00edzre vagy inf\u00fazi\u00f3kra<\/li>\n\n\n\n<li>Haszn\u00e1ljon fah\u00e9jat vagy tiszta stevi\u00e1t a term\u00e9szetes \u00e9des\u00edt\u00e9shez<\/li>\n<\/ul>\n\n\n\n<p>A hozz\u00e1adott cukor elhagy\u00e1sa az els\u0151 l\u00e9p\u00e9s egy kiegyens\u00falyozottabb test fel\u00e9.<\/p>\n\n\n\n<h2 class=\"wp-block-heading\">2. l\u00e9p\u00e9s: N\u00f6velje a napi rostbevitel\u00e9t<\/h2>\n\n\n\n<p>A rost term\u00e9szetes v\u00e9rcukorszint-szab\u00e1lyoz\u00f3k\u00e9nt m\u0171k\u00f6dik.<\/p>\n\n\n\n<p>Lass\u00edtja a gl\u00fck\u00f3z felsz\u00edv\u00f3d\u00e1s\u00e1t \u00e9s jav\u00edtja a b\u00e9lrendszeri tranzitot.<\/p>\n\n\n\n<p>A foly\u00f3iratban megjelent tanulm\u00e1nyok <em>T\u00e1pl\u00e1lkoz\u00e1studom\u00e1nyi foly\u00f3irat<\/em> kimutatta, hogy a magas rosttartalm\u00fa \u00e9trend jav\u00edtja az inzulin\u00e9rz\u00e9kenys\u00e9get.<\/p>\n\n\n\n<p>R\u00e1ad\u00e1sul hosszabb ideig telts\u00e9g\u00e9rzetet biztos\u00edt, megel\u0151zve az \u00e9hs\u00e9g\u00e9rzetet.<\/p>\n\n\n\n<p><strong>Ezeket az \u00e9teleket minden nap fogyaszd:<\/strong><\/p>\n\n\n\n<ul>\n<li>Term\u00e9szetes zab, nem instant zab<\/li>\n\n\n\n<li>Lencse, bab \u00e9s csicseribors\u00f3<\/li>\n\n\n\n<li>Chia vagy lenmag<\/li>\n\n\n\n<li>Z\u00f6lds\u00e9gek, p\u00e9ld\u00e1ul brokkoli, s\u00e1rgar\u00e9pa \u00e9s spen\u00f3t<\/li>\n<\/ul>\n\n\n\n<p>Kezdheted azzal, hogy egy kan\u00e1l chia magot adsz a joghurthoz, vagy lencseleveseket k\u00e9sz\u00edtesz.<\/p>\n\n\n\n<h2 class=\"wp-block-heading\">3. l\u00e9p\u00e9s: Mozogj \u00f6r\u00f6mmel minden nap<\/h2>\n\n\n\n<p>A mozg\u00e1sszeg\u00e9ny \u00e9letm\u00f3d a glik\u00e9mi\u00e1s kontroll ellens\u00e9ge.<\/p>\n\n\n\n<p>A napi mozg\u00e1s seg\u00edti a szervezetet az inzulin hat\u00e9konyabb felhaszn\u00e1l\u00e1s\u00e1ban.<\/p>\n\n\n\n<p>M\u00e1r az \u00e9tkez\u00e9sek ut\u00e1ni 15 perc is nagy k\u00fcl\u00f6nbs\u00e9get jelenthet.<\/p>\n\n\n\n<p>A s\u00e9ta, a t\u00e1nc vagy az unok\u00e1kkal val\u00f3 j\u00e1t\u00e9k testmozg\u00e1snak sz\u00e1m\u00edt.<\/p>\n\n\n\n<p><strong>\u00d6tletek a testmozg\u00e1s z\u00f6kken\u0151mentes be\u00e9p\u00edt\u00e9s\u00e9hez:<\/strong><\/p>\n\n\n\n<ul>\n<li>S\u00e9t\u00e1lj 10 percet minden \u00e9tkez\u00e9s ut\u00e1n<\/li>\n\n\n\n<li>Ny\u00fajt\u00f3zkodj, amikor fel\u00e9bredsz<\/li>\n\n\n\n<li>T\u00e1ncolj kedvenc zen\u00e9id ritmus\u00e1ra<\/li>\n\n\n\n<li>A lift helyett haszn\u00e1ld a l\u00e9pcs\u0151t<\/li>\n\n\n\n<li>Haszn\u00e1lj egy olyan alkalmaz\u00e1st, ami sz\u00e1molja a l\u00e9p\u00e9seidet<\/li>\n<\/ul>\n\n\n\n<p>Nem edz\u0151terem kell, csak a mozg\u00e1s v\u00e1gya.<\/p>\n\n\n\n<h2 class=\"wp-block-heading\">4. l\u00e9p\u00e9s: Eg\u00e9szs\u00e9g\u00e9nek nyomon k\u00f6vet\u00e9se mobilalkalmaz\u00e1sokkal<\/h2>\n\n\n\n<p>A technol\u00f3gia, ha j\u00f3l haszn\u00e1lj\u00e1k, a leger\u0151sebb sz\u00f6vets\u00e9gesed lehet.<\/p>\n\n\n\n<p>Vannak ingyenes alkalmaz\u00e1sok, amelyek seg\u00edtenek r\u00f6gz\u00edteni a gl\u00fck\u00f3zszintet, az \u00e9tkez\u00e9seket, a fizikai aktivit\u00e1st \u00e9s m\u00e9g a hangulatot is.<\/p>\n\n\n\n<p>Ez lehet\u0151v\u00e9 teszi, hogy l\u00e1sd a fejl\u0151d\u00e9sedet \u00e9s motiv\u00e1lt maradj.<\/p>\n\n\n\n<h3 class=\"wp-block-heading\">\ud83d\udfe2 <a href=\"https:\/\/www.mysugr.com\/en\">mySugr <\/a>\u2013 Cukorbetegs\u00e9g Napl\u00f3ja<\/h3>\n\n\n\n<blockquote class=\"wp-block-quote\">\n<p>Lehet\u0151v\u00e9 teszi a v\u00e9rcukorszint r\u00f6gz\u00edt\u00e9s\u00e9t, az \u00e9telek list\u00e1z\u00e1s\u00e1t \u00e9s az orvos\u00e1val megoszthat\u00f3 jelent\u00e9sek l\u00e9trehoz\u00e1s\u00e1t. Sz\u00f3rakoztat\u00f3 \u00e9s motiv\u00e1l\u00f3 diz\u00e1jnnal rendelkezik.<\/p>\n<\/blockquote>\n\n\n\n<p><\/p>\n\n\n\n<hr class=\"wp-block-separator has-alpha-channel-opacity is-style-wide\" \/>\n\n\n\n<h5 class=\"wp-block-heading has-text-align-left\"><strong><mark class=\"has-inline-color has-luminous-vivid-amber-color\"><strong><mark class=\"has-inline-color has-luminous-vivid-amber-color\"><a>\ud83d\udc49 <\/a><strong><mark class=\"has-inline-color has-luminous-vivid-amber-color\"><strong>T\u00f6ltsd le az alkalmaz\u00e1st:<\/strong><\/mark><\/strong><\/mark><\/strong><\/mark><\/strong><\/h5>\n\n\n    <section class=\"mx-1 my-10\">\n                                                <a href=\"https:\/\/www.mysugr.com\/en\" class=\"text-white\" data-analytics-label=\"optionsButton\"\n                    data-action=\"analytics#trackCTA\">\n                    <div data-options-target=\"option\"\n                        class=\"custom-section rounded-xl border p-3 shadow-md w-full bg-green-700 my-3\">\n                        <div class=\"flex w-full items-center justify-between\">\n                            <div class=\"flex items-center space-x-3\">\n                                <div class=\"text-lg font-bold\">\n                                    mySugr \u279d\n                                <\/div>\n                            <\/div>\n                        <\/div>\n                    <\/div>\n                <\/a>\n                            <p class=\"text-xs text-gray-500 text-right\"\n            style=\"margin-left: 50%; margin-bottom: 50px; margin-top: 5px;\">\n            <!-- You will be redirected to another website -->\n        <\/p>\n    <\/section>\n\n\n\n\n<p class=\"has-text-align-right\"><em><strong><em><strong><em><strong><em><strong><em><strong><em><strong><em><strong><em><strong><em><strong><em><strong>\u00c1t leszel ir\u00e1ny\u00edtva egy m\u00e1sik oldalra!<\/strong><\/em><\/strong><\/em><\/strong><\/em><\/strong><\/em><\/strong><\/em><\/strong><\/em><\/strong><\/em><\/strong><\/em><\/strong><\/em><\/strong><\/em><\/p>\n\n\n\n<hr class=\"wp-block-separator has-alpha-channel-opacity is-style-wide\" \/>\n\n\n\n<p><\/p>\n\n\n\n<h3 class=\"wp-block-heading\">\ud83d\udfe2 Gl\u00fck\u00f3z haver<\/h3>\n\n\n\n<blockquote class=\"wp-block-quote\">\n<p>Teljes \u00e9s k\u00f6nnyen haszn\u00e1lhat\u00f3. Napl\u00f3t vezethetsz, eml\u00e9keztet\u0151ket \u00e1ll\u00edthatsz be, \u00e9s grafikonokat tekinthetsz meg a napi halad\u00e1sodr\u00f3l.<\/p>\n<\/blockquote>\n\n\n\n<p><\/p>\n\n\n\n<hr class=\"wp-block-separator has-alpha-channel-opacity is-style-wide\" \/>\n\n\n\n<h5 class=\"wp-block-heading has-text-align-left\"><strong><mark class=\"has-inline-color has-luminous-vivid-amber-color\"><strong><mark class=\"has-inline-color has-luminous-vivid-amber-color\"><a>\ud83d\udc49 <\/a><strong><mark class=\"has-inline-color has-luminous-vivid-amber-color\"><strong>T\u00f6ltsd le az alkalmaz\u00e1st:<\/strong><\/mark><\/strong><\/mark><\/strong><\/mark><\/strong><\/h5>\n\n\n    <section class=\"mx-1 my-10\">\n                                                <a href=\"https:\/\/www.glucosebuddy.com\/\" class=\"text-white\" data-analytics-label=\"optionsButton\"\n                    data-action=\"analytics#trackCTA\">\n                    <div data-options-target=\"option\"\n                        class=\"custom-section rounded-xl border p-3 shadow-md w-full bg-green-700 my-3\">\n                        <div class=\"flex w-full items-center justify-between\">\n                            <div class=\"flex items-center space-x-3\">\n                                <div class=\"text-lg font-bold\">\n                                    Gl\u00fck\u00f3z haver \u279d\n                                <\/div>\n                            <\/div>\n                        <\/div>\n                    <\/div>\n                <\/a>\n                            <p class=\"text-xs text-gray-500 text-right\"\n            style=\"margin-left: 50%; margin-bottom: 50px; margin-top: 5px;\">\n            <!-- You will be redirected to another website -->\n        <\/p>\n    <\/section>\n\n\n\n\n<p class=\"has-text-align-right\"><em><strong><em><strong><em><strong><em><strong><em><strong><em><strong><em><strong><em><strong><em><strong><em><strong>\u00c1t leszel ir\u00e1ny\u00edtva egy m\u00e1sik oldalra!<\/strong><\/em><\/strong><\/em><\/strong><\/em><\/strong><\/em><\/strong><\/em><\/strong><\/em><\/strong><\/em><\/strong><\/em><\/strong><\/em><\/strong><\/em><\/p>\n\n\n\n<hr class=\"wp-block-separator has-alpha-channel-opacity is-style-wide\" \/>\n\n\n\n<p><\/p>\n\n\n\n<h3 class=\"wp-block-heading\">\ud83d\udfe2 HealthifyMe: Kal\u00f3ria \u00e9s \u00e9trend<\/h3>\n\n\n\n<blockquote class=\"wp-block-quote\">\n<p>Ide\u00e1lis azok sz\u00e1m\u00e1ra, akik eg\u00e9szs\u00e9ges \u00e9tkez\u00e9ssel szeretn\u00e9nek fogyni. Szem\u00e9lyre szabott terveket, kal\u00f3riasz\u00e1ml\u00e1l\u00e1st \u00e9s eg\u00e9szs\u00e9gfigyel\u00e9st k\u00edn\u00e1l.<\/p>\n<\/blockquote>\n\n\n\n<p><\/p>\n\n\n\n<hr class=\"wp-block-separator has-alpha-channel-opacity is-style-wide\" \/>\n\n\n\n<h5 class=\"wp-block-heading has-text-align-left\"><strong><mark class=\"has-inline-color has-luminous-vivid-amber-color\"><strong><mark class=\"has-inline-color has-luminous-vivid-amber-color\"><a>\ud83d\udc49 <\/a><strong><mark class=\"has-inline-color has-luminous-vivid-amber-color\"><strong>T\u00f6ltsd le az alkalmaz\u00e1st:<\/strong><\/mark><\/strong><\/mark><\/strong><\/mark><\/strong><\/h5>\n\n\n    <section class=\"mx-1 my-10\">\n                                                <a href=\"https:\/\/www.healthifyme.com\/in\/\" class=\"text-white\" data-analytics-label=\"optionsButton\"\n                    data-action=\"analytics#trackCTA\">\n                    <div data-options-target=\"option\"\n                        class=\"custom-section rounded-xl border p-3 shadow-md w-full bg-green-700 my-3\">\n                        <div class=\"flex w-full items-center justify-between\">\n                            <div class=\"flex items-center space-x-3\">\n                                <div class=\"text-lg font-bold\">\n                                    HealthifyMe \u279d\n                                <\/div>\n                            <\/div>\n                        <\/div>\n                    <\/div>\n                <\/a>\n                            <p class=\"text-xs text-gray-500 text-right\"\n            style=\"margin-left: 50%; margin-bottom: 50px; margin-top: 5px;\">\n            <!-- You will be redirected to another website -->\n        <\/p>\n    <\/section>\n\n\n\n\n<p class=\"has-text-align-right\"><em><strong><em><strong><em><strong><em><strong><em><strong><em><strong><em><strong><em><strong><em><strong><em><strong>\u00c1t leszel ir\u00e1ny\u00edtva egy m\u00e1sik oldalra!<\/strong><\/em><\/strong><\/em><\/strong><\/em><\/strong><\/em><\/strong><\/em><\/strong><\/em><\/strong><\/em><\/strong><\/em><\/strong><\/em><\/strong><\/em><\/p>\n\n\n\n<hr class=\"wp-block-separator has-alpha-channel-opacity is-style-wide\" \/>\n\n\n\n<p><\/p>\n\n\n\n<p>Ezek az eszk\u00f6z\u00f6k ide\u00e1lisak az id\u0151sebb feln\u0151ttek sz\u00e1m\u00e1ra, akik napi szint\u0171 t\u00e1mogat\u00e1sra v\u00e1gynak eg\u00e9szs\u00e9g\u00fck meg\u0151rz\u00e9se \u00e9rdek\u00e9ben.<\/p>\n\n\n\n<h2 class=\"wp-block-heading\">5. l\u00e9p\u00e9s: \u00c9trendj\u00e9t term\u00e9szetes \u00e9s friss term\u00e9kekre alapozza<\/h2>\n\n\n\n<p>A term\u00e9szetes \u00e9lelmiszereknek nincsenek c\u00edmk\u00e9ik vagy adal\u00e9kanyagaik.<\/p>\n\n\n\n<p>Ami a f\u00f6ldb\u0151l sz\u00e1rmazik, az biztons\u00e1gosabb a testednek.<\/p>\n\n\n\n<p>Az eg\u00e9sz gy\u00fcm\u00f6lcs\u00f6k, a friss z\u00f6lds\u00e9gek, a h\u00fcvelyesek \u00e9s a magvak t\u00e1pl\u00e1lnak an\u00e9lk\u00fcl, hogy megv\u00e1ltoztatn\u00e1k a gl\u00fck\u00f3zszintedet.<\/p>\n\n\n\n<p><strong>Term\u00e9szetes sz\u00f6vets\u00e9gesek bevon\u00e1sa:<\/strong><\/p>\n\n\n\n<ul>\n<li>Avok\u00e1d\u00f3: j\u00f3 zs\u00edr, ami nem emeli a v\u00e9rcukorszintet<\/li>\n\n\n\n<li>Nop\u00e1l: szab\u00e1lyozza a gl\u00fck\u00f3zszintet \u00e9s rostot biztos\u00edt<\/li>\n\n\n\n<li>Ceyloni fah\u00e9j: Seg\u00edt stabiliz\u00e1lni a v\u00e9rcukorszintet<\/li>\n\n\n\n<li>Gy\u00f6mb\u00e9r: gyullad\u00e1scs\u00f6kkent\u0151 \u00e9s em\u00e9szt\u00e9st seg\u00edt\u0151<\/li>\n\n\n\n<li>Fokhagyma: jav\u00edtja a v\u00e9rkering\u00e9st \u00e9s a v\u00e9rnyom\u00e1st<\/li>\n<\/ul>\n\n\n\n<p>V\u00e1laszd a h\u00e1zi k\u00e9sz\u00edt\u00e9s\u0171t a csomagolt helyett. A tested h\u00e1l\u00e1s lesz \u00e9rte.<\/p>\n\n\n\n<h2 class=\"wp-block-heading\">6. l\u00e9p\u00e9s: Igy\u00e1l t\u00f6bb vizet, \u00e9s ker\u00fcld a cukros italokat<\/h2>\n\n\n\n<p>A v\u00edz az \u00e9let. \u00c9s a cukorbetegek sz\u00e1m\u00e1ra m\u00e9g fontosabb.<\/p>\n\n\n\n<p>A megfelel\u0151 mennyis\u00e9g\u0171 v\u00edz fogyaszt\u00e1sa seg\u00edt a felesleges gl\u00fck\u00f3z elt\u00e1vol\u00edt\u00e1s\u00e1ban a vizeleten kereszt\u00fcl.<\/p>\n\n\n\n<p>Emellett j\u00f3 \u00e1llapotban tartja a ves\u00e9ket \u00e9s megakad\u00e1lyozza a kisz\u00e1rad\u00e1st.<\/p>\n\n\n\n<p><strong>Gyakorlati tippek a t\u00f6bb v\u00edz fogyaszt\u00e1s\u00e1hoz:<\/strong><\/p>\n\n\n\n<ul>\n<li>Vigy\u00e9l magaddal egy \u00fajrahaszn\u00e1lhat\u00f3 palackot<\/li>\n\n\n\n<li>Adj hozz\u00e1 citromszeleteket, ubork\u00e1t vagy ment\u00e1t<\/li>\n\n\n\n<li>Haszn\u00e1lj alkalmaz\u00e1sokat, hogy eml\u00e9keztessenek \u00f3r\u00e1nk\u00e9nt vizet inni<\/li>\n\n\n\n<li>Ker\u00fclje az ipari gy\u00fcm\u00f6lcslevek \u00e9s sportitalok fogyaszt\u00e1s\u00e1t<\/li>\n<\/ul>\n\n\n\n<p>Cser\u00e9ld le az \u00fcd\u00edt\u0151t v\u00edzre, \u00e9s a tested n\u00e9h\u00e1ny napon bel\u00fcl \u00e9szre fogja venni.<\/p>\n\n\n<div class=\"wp-block-image\">\n<figure class=\"aligncenter size-full\"><img loading=\"lazy\" decoding=\"async\" width=\"550\" height=\"350\" src=\"https:\/\/universofamilia.com\/wp-content\/uploads\/sites\/148\/2025\/06\/DESTAQUE-UNIVERSO-550-x-350-1-3.jpg\" alt=\"\" class=\"wp-image-9531\" srcset=\"https:\/\/universofamilia.com\/wp-content\/uploads\/sites\/148\/2025\/06\/DESTAQUE-UNIVERSO-550-x-350-1-3.jpg 550w, https:\/\/universofamilia.com\/wp-content\/uploads\/sites\/148\/2025\/06\/DESTAQUE-UNIVERSO-550-x-350-1-3-300x191.jpg 300w, https:\/\/universofamilia.com\/wp-content\/uploads\/sites\/148\/2025\/06\/DESTAQUE-UNIVERSO-550-x-350-1-3-18x12.jpg 18w\" sizes=\"(max-width: 550px) 100vw, 550px\" \/><figcaption class=\"wp-element-caption\">12 l\u00e9p\u00e9s, hogy term\u00e9szetes megold\u00e1sokkal ler\u00e1zd magadr\u00f3l a cukorbetegeket<\/figcaption><\/figure><\/div>\n\n\n<h2 class=\"wp-block-heading\">7. l\u00e9p\u00e9s: Ir\u00e1ny\u00edtsd a stresszt, miel\u0151tt az uralkodna rajtad<\/h2>\n\n\n\n<p>A stressz nemcsak az elm\u00e9re van hat\u00e1ssal, hanem a v\u00e9rcukorszintet is megemeli.<\/p>\n\n\n\n<p>Amikor szorongsz, a szervezeted olyan hormonokat szabad\u00edt fel, mint a kortizol, amelyek megemelik a gl\u00fck\u00f3zszintet.<\/p>\n\n\n\n<p>A stressz kezel\u00e9s\u00e9nek megtanul\u00e1sa term\u00e9szetes gy\u00f3gym\u00f3d.<\/p>\n\n\n\n<p><strong>Term\u00e9szetes technik\u00e1k, amik seg\u00edthetnek:<\/strong><\/p>\n\n\n\n<ul>\n<li>M\u00e9ly l\u00e9gz\u00e9s (5 m\u00e1sodperc bel\u00e9gz\u00e9s, 5 m\u00e1sodperc kil\u00e9gz\u00e9s)<\/li>\n\n\n\n<li>Mez\u00edtl\u00e1b s\u00e9t\u00e1lni a f\u0171ben<\/li>\n\n\n\n<li>Hallgass l\u00e1gy hangszeres zen\u00e9t<\/li>\n\n\n\n<li>Kert\u00e9szked\u00e9s vagy k\u00e9zm\u0171vess\u00e9g<\/li>\n\n\n\n<li>Medit\u00e1lj olyan alkalmaz\u00e1sokkal, mint az Insight Timer<\/li>\n<\/ul>\n\n\n\n<p>Vezess be egy napi relax\u00e1ci\u00f3s rutint a test \u00e9s a l\u00e9lek egyens\u00faly\u00e1nak megteremt\u00e9se \u00e9rdek\u00e9ben.<\/p>\n\n\n\n<h2 class=\"wp-block-heading\">8. l\u00e9p\u00e9s: Az alv\u00e1s, mint priorit\u00e1s<\/h2>\n\n\n\n<p>A j\u00f3 \u00e9jszakai alv\u00e1s elengedhetetlen a cukorbetegs\u00e9g kezel\u00e9s\u00e9hez.<\/p>\n\n\n\n<p>Az alv\u00e1shi\u00e1ny befoly\u00e1solja az \u00e9hs\u00e9ghormonokat \u00e9s az inzulin\u00e9rz\u00e9kenys\u00e9get.<\/p>\n\n\n\n<p>A kevesebb mint 6 \u00f3ra alv\u00e1s \u00f6sszef\u00fcgg\u00e9sben \u00e1ll a 2-es t\u00edpus\u00fa cukorbetegs\u00e9g fokozott kock\u00e1zat\u00e1val.<\/p>\n\n\n\n<p><strong>\u00cdgy jav\u00edthatod a pihen\u00e9sedet:<\/strong><\/p>\n\n\n\n<ul>\n<li>Vacsor\u00e1zzon legal\u00e1bb 2 \u00f3r\u00e1val lefekv\u00e9s el\u0151tt<\/li>\n\n\n\n<li>Kapcsold ki a k\u00e9perny\u0151ket 1 \u00f3r\u00e1val el\u0151tte<\/li>\n\n\n\n<li>Haszn\u00e1ljon f\u00fcgg\u00f6ny\u00f6ket, amelyek blokkolj\u00e1k a f\u00e9nyt<\/li>\n\n\n\n<li>Teremts egy nyugodt esti rutint<\/li>\n\n\n\n<li>Hallgass nyugtat\u00f3 hangokat lefekv\u00e9s el\u0151tt<\/li>\n<\/ul>\n\n\n\n<p>A jobb pihen\u00e9s seg\u00edthet szab\u00e1lyozni a v\u00e9rcukorszintet an\u00e9lk\u00fcl, hogy \u00e9szrevenn\u00e9d.<\/p>\n\n\n\n<h2 class=\"wp-block-heading\">9. l\u00e9p\u00e9s: \u00d3vatosan pr\u00f3b\u00e1lja ki a szakaszos b\u00f6jt\u00f6t<\/h2>\n\n\n\n<p>A szakaszos b\u00f6jt\u00f6l\u00e9s j\u00f3t\u00e9kony hat\u00e1st mutatott a v\u00e9rcukorszint szab\u00e1lyoz\u00e1s\u00e1ban.<\/p>\n\n\n\n<p>A l\u00e9nyege, hogy cs\u00f6kkentj\u00fck a nap azon szakasz\u00e1t, amelyben eszel, lehet\u0151v\u00e9 t\u00e9ve a test pihentet\u00e9s\u00e9t.<\/p>\n\n\n\n<p>Ez\u00e1ltal javul az inzulin\u00e9rz\u00e9kenys\u00e9g \u00e9s k\u00f6nnyebben cs\u00f6kken a fogy\u00e1s.<\/p>\n\n\n\n<p><strong>N\u00e9pszer\u0171 b\u00f6jt t\u00edpusok:<\/strong><\/p>\n\n\n\n<ul>\n<li>12:12 (12 \u00f3ra b\u00f6jt, 12 \u00f3ra \u00e9tkez\u00e9s)<\/li>\n\n\n\n<li>16:8 (el\u0151tte konzult\u00e1ljon eg\u00e9szs\u00e9g\u00fcgyi szakemberrel)<\/li>\n\n\n\n<li>Csak d\u00e9lel\u0151tt 10 \u00e9s este 6 \u00f3ra k\u00f6z\u00f6tt \u00e9tkezzen<\/li>\n<\/ul>\n\n\n\n<p>Nem divath\u00f3bort, hanem egy \u0151si eszk\u00f6z, ami tudatosan haszn\u00e1lva m\u0171k\u00f6dhet.<\/p>\n\n\n\n<h2 class=\"wp-block-heading\">10. l\u00e9p\u00e9s: Sz\u00fcks\u00e9g eset\u00e9n term\u00e9szetes t\u00e1pl\u00e1l\u00e9kkieg\u00e9sz\u00edt\u0151kre t\u00e1maszkodjon<\/h2>\n\n\n\n<p>N\u00e9h\u00e1ny term\u00e9szetes t\u00e1pl\u00e1l\u00e9kkieg\u00e9sz\u00edt\u0151 seg\u00edt a szervezetnek jobban kezelni a gl\u00fck\u00f3zt.<\/p>\n\n\n\n<p>De nem helyettes\u00edtik az eg\u00e9szs\u00e9ges \u00e9trendet. Kieg\u00e9sz\u00edt\u0151k, nem gy\u00f3gym\u00f3dok.<\/p>\n\n\n\n<p><strong>N\u00e9h\u00e1ny tudom\u00e1nyosan al\u00e1t\u00e1masztott:<\/strong><\/p>\n\n\n\n<ul>\n<li>Ceylon fah\u00e9j<\/li>\n\n\n\n<li>Kurkuma fekete borssal<\/li>\n\n\n\n<li>Kr\u00f3m-pikolin\u00e1t<\/li>\n\n\n\n<li>Magn\u00e9zium<\/li>\n\n\n\n<li>Omega-3<\/li>\n<\/ul>\n\n\n\n<p>Mindig konzult\u00e1ljon orvos\u00e1val vagy t\u00e1pl\u00e1lkoz\u00e1si tan\u00e1csad\u00f3j\u00e1val, miel\u0151tt t\u00e1pl\u00e1l\u00e9kkieg\u00e9sz\u00edt\u0151ket haszn\u00e1lna.<\/p>\n\n\n\n<h2 class=\"wp-block-heading\">11. l\u00e9p\u00e9s: Vezess napl\u00f3t az eg\u00e9szs\u00e9gedr\u0151l \u00e9s az \u00e9rzelmeidr\u0151l<\/h2>\n\n\n\n<p>A mindennapi \u00e9leted r\u00f6gz\u00edt\u00e9se seg\u00edthet jobban meg\u00e9rteni a tested.<\/p>\n\n\n\n<p>A napl\u00f3 lehet\u0151v\u00e9 teszi, hogy azonos\u00edtsa azokat az \u00e9teleket vagy helyzeteket, amelyek megv\u00e1ltoztatj\u00e1k a gl\u00fck\u00f3zszintj\u00e9t.<\/p>\n\n\n\n<p>Ez er\u0151s\u00edti az elk\u00f6telezetts\u00e9gedet a folyamat ir\u00e1nt is.<\/p>\n\n\n\n<p><strong>Mit kell le\u00edrni?<\/strong><\/p>\n\n\n\n<ul>\n<li>Gl\u00fck\u00f3zszint<\/li>\n\n\n\n<li>Mit ett\u00e9l<\/li>\n\n\n\n<li>Hogy \u00e9rezted magad?<\/li>\n\n\n\n<li>Az elv\u00e9gzett gyakorlat<\/li>\n\n\n\n<li>Alv\u00e1smin\u0151s\u00e9g<\/li>\n<\/ul>\n\n\n\n<p>Ez az egyszer\u0171 szok\u00e1s tiszt\u00e1nl\u00e1t\u00e1st \u00e9s kontrollt adhat.<\/p>\n\n\n\n<h2 class=\"wp-block-heading\">12. l\u00e9p\u00e9s: Keress pozit\u00edv \u00e9s motiv\u00e1l\u00f3 t\u00e1rsas\u00e1got<\/h2>\n\n\n\n<p>Nem k\u00f6nny\u0171 megv\u00e1ltoztatni a szok\u00e1sokat, ha egyed\u00fcl vagy.<\/p>\n\n\n\n<p>Ha vannak t\u00e1mogat\u00f3id, az n\u00f6veli a sikered es\u00e9lyeit.<\/p>\n\n\n\n<p>Legyen sz\u00f3 bar\u00e1tr\u00f3l, csal\u00e1dtagr\u00f3l vagy egy online k\u00f6z\u00f6ss\u00e9gr\u0151l, a t\u00e1mogat\u00e1s sz\u00e1m\u00edt.<\/p>\n\n\n\n<p><strong>Hol tal\u00e1lok t\u00e1mogat\u00e1st?<\/strong><\/p>\n\n\n\n<ul>\n<li>K\u00f6z\u00f6ss\u00e9gi m\u00e9dia csoportok volt cukorbetegeknek<\/li>\n\n\n\n<li>Be\u00e9p\u00edtett k\u00f6z\u00f6ss\u00e9gekkel rendelkez\u0151 alkalmaz\u00e1sok<\/li>\n\n\n\n<li>K\u00f6z\u00f6ss\u00e9gi eg\u00e9szs\u00e9g\u00fcgyi k\u00f6zpontok<\/li>\n\n\n\n<li>Azok a csal\u00e1dtagok, akik szint\u00e9n eg\u00e9szs\u00e9gesebben szeretn\u00e9nek \u00e9tkezni<\/li>\n<\/ul>\n\n\n\n<p>Oszd meg az eredm\u00e9nyeidet, \u00e9s hallgasd meg m\u00e1sok\u00e9t is. Ez a motiv\u00e1ci\u00f3 er\u0151teljes forr\u00e1sa.<\/p>\n\n\n\n<h2 class=\"wp-block-heading\">Ma elkezdheted megv\u00e1ltoztatni a t\u00f6rt\u00e9netedet<\/h2>\n\n\n\n<p>Sokaknak siker\u00fclt cs\u00f6kkenteni\u00fck vagy ak\u00e1r teljesen elhagyniuk a 2-es t\u00edpus\u00fa cukorbetegs\u00e9g gy\u00f3gyszereinek szed\u00e9s\u00e9t term\u00e9szetes szok\u00e1sok r\u00e9v\u00e9n.<\/p>\n\n\n\n<p>Nem kell var\u00e1zsreceptre v\u00e1rnod, csak tedd meg az els\u0151 l\u00e9p\u00e9st.<\/p>\n\n\n\n<p>Egy\u00e9l val\u00f3di \u00e9teleket, mozogj, pihenj eleget, \u00e9s t\u00e1maszkodj digit\u00e1lis eszk\u00f6z\u00f6kre.<\/p>\n\n\n\n<p>T\u00f6lts le egy alkalmaz\u00e1st m\u00e9g ma, \u00edrd le a c\u00e9ljaidat, \u00e9s kezdd el \u00e9p\u00edteni az utadat a szabads\u00e1g fel\u00e9.<\/p>\n\n\n\n<p><strong>T\u00f6ltsd le most az al\u00e1bbi alkalmaz\u00e1sok egyik\u00e9t, hogy elkezdhesd a v\u00e1ltoz\u00e1st:<\/strong><\/p>\n\n\n\n<ul>\n<li>\ud83d\udfe2 mySugr<\/li>\n\n\n\n<li>\ud83d\udfe2 Gl\u00fck\u00f3z haver<\/li>\n\n\n\n<li>\ud83d\udfe2 HealthifyMe<\/li>\n<\/ul>\n\n\n\n<p>Kattints, pr\u00f3b\u00e1ld ki \u0151ket, \u00e9s alak\u00edtsd \u00e1t eg\u00e9szs\u00e9gedet term\u00e9szetesen \u00e9s hat\u00e9konyan.<\/p>","protected":false},"excerpt":{"rendered":"<p>\u00c9lj felesleges cukor n\u00e9lk\u00fcl: V\u00e1ltoztasd meg az eg\u00e9szs\u00e9gedet m\u00e1r ma! Mit szeretn\u00e9l el\u0151sz\u00f6r csin\u00e1lni? Ott maradsz, ahol vagy. A 12 l\u00e9p\u00e9s az egykori cukorbetegg\u00e9 v\u00e1l\u00e1shoz sokkal t\u00f6bb, mint egy egyszer\u0171 lista; ez egy \u00e1talakul\u00e1s \u00fatja. Sokan hallott\u00e1k m\u00e1r, hogy a 2-es t\u00edpus\u00fa cukorbetegs\u00e9g kr\u00f3nikus, \u00e9s hogy nincs r\u00e1 gy\u00f3gym\u00f3d. De [\u2026]<\/p>","protected":false},"author":139,"featured_media":9531,"comment_status":"closed","ping_status":"open","sticky":false,"template":"","format":"standard","meta":{"footnotes":""},"categories":[3],"tags":[2322,2321,1827,2323,2220],"yoast_head":"<!-- This site is optimized with the Yoast SEO plugin v23.3 - https:\/\/yoast.com\/wordpress\/plugins\/seo\/ -->\n<title>12 pasos para ser un exdiab\u00e9tico usando soluciones naturales - Universo Fam\u00edlia<\/title>\n<meta name=\"description\" content=\"12 pasos para ser un exdiab\u00e9tico usando soluciones naturales. Descubre c\u00f3mo volver a controlar tu salud sin medicamentos\" \/>\n<meta name=\"robots\" content=\"index, follow, max-snippet:-1, max-image-preview:large, max-video-preview:-1\" \/>\n<link rel=\"canonical\" href=\"https:\/\/universofamilia.com\/hu\/12-pasos-para-ser-un-exdiabetico-usando-soluciones-naturales\/\" \/>\n<meta property=\"og:locale\" content=\"hu_HU\" \/>\n<meta property=\"og:type\" content=\"article\" \/>\n<meta property=\"og:title\" content=\"12 pasos para ser un exdiab\u00e9tico usando soluciones naturales - Universo Fam\u00edlia\" \/>\n<meta property=\"og:description\" content=\"12 pasos para ser un exdiab\u00e9tico usando soluciones naturales. Descubre c\u00f3mo volver a controlar tu salud sin medicamentos\" \/>\n<meta property=\"og:url\" content=\"https:\/\/universofamilia.com\/hu\/12-pasos-para-ser-un-exdiabetico-usando-soluciones-naturales\/\" \/>\n<meta property=\"og:site_name\" content=\"Universo Fam\u00edlia\" \/>\n<meta property=\"article:published_time\" content=\"2025-06-17T00:25:35+00:00\" \/>\n<meta property=\"og:image\" content=\"https:\/\/universofamilia.com\/wp-content\/uploads\/sites\/148\/2025\/06\/DESTAQUE-UNIVERSO-550-x-350-1-3.jpg\" \/>\n\t<meta property=\"og:image:width\" content=\"550\" \/>\n\t<meta property=\"og:image:height\" content=\"350\" \/>\n\t<meta property=\"og:image:type\" content=\"image\/jpeg\" \/>\n<meta name=\"author\" content=\"Pedro Henrique\" \/>\n<meta name=\"twitter:card\" content=\"summary_large_image\" \/>\n<meta name=\"twitter:label1\" content=\"Written by\" \/>\n\t<meta name=\"twitter:data1\" content=\"Pedro Henrique\" \/>\n\t<meta name=\"twitter:label2\" content=\"Est. reading time\" \/>\n\t<meta name=\"twitter:data2\" content=\"9 perc\" \/>\n<script type=\"application\/ld+json\" class=\"yoast-schema-graph\">{\"@context\":\"https:\/\/schema.org\",\"@graph\":[{\"@type\":\"WebPage\",\"@id\":\"https:\/\/universofamilia.com\/ar\/12-pasos-para-ser-un-exdiabetico-usando-soluciones-naturales\/\",\"url\":\"https:\/\/universofamilia.com\/ar\/12-pasos-para-ser-un-exdiabetico-usando-soluciones-naturales\/\",\"name\":\"12 pasos para ser un exdiab\u00e9tico usando soluciones naturales - Universo Fam\u00edlia\",\"isPartOf\":{\"@id\":\"https:\/\/universofamilia.com\/el\/#website\"},\"primaryImageOfPage\":{\"@id\":\"https:\/\/universofamilia.com\/ar\/12-pasos-para-ser-un-exdiabetico-usando-soluciones-naturales\/#primaryimage\"},\"image\":{\"@id\":\"https:\/\/universofamilia.com\/ar\/12-pasos-para-ser-un-exdiabetico-usando-soluciones-naturales\/#primaryimage\"},\"thumbnailUrl\":\"https:\/\/universofamilia.com\/wp-content\/uploads\/sites\/148\/2025\/06\/DESTAQUE-UNIVERSO-550-x-350-1-3.jpg\",\"datePublished\":\"2025-06-17T00:25:35+00:00\",\"dateModified\":\"2025-06-17T00:25:35+00:00\",\"author\":{\"@id\":\"https:\/\/universofamilia.com\/el\/#\/schema\/person\/f07ce98187dd84d31154262e79b3b7ca\"},\"description\":\"12 pasos para ser un exdiab\u00e9tico usando soluciones naturales. Descubre c\u00f3mo volver a controlar tu salud sin medicamentos\",\"breadcrumb\":{\"@id\":\"https:\/\/universofamilia.com\/ar\/12-pasos-para-ser-un-exdiabetico-usando-soluciones-naturales\/#breadcrumb\"},\"inLanguage\":\"hu\",\"potentialAction\":[{\"@type\":\"ReadAction\",\"target\":[\"https:\/\/universofamilia.com\/ar\/12-pasos-para-ser-un-exdiabetico-usando-soluciones-naturales\/\"]}]},{\"@type\":\"ImageObject\",\"inLanguage\":\"hu\",\"@id\":\"https:\/\/universofamilia.com\/ar\/12-pasos-para-ser-un-exdiabetico-usando-soluciones-naturales\/#primaryimage\",\"url\":\"https:\/\/universofamilia.com\/wp-content\/uploads\/sites\/148\/2025\/06\/DESTAQUE-UNIVERSO-550-x-350-1-3.jpg\",\"contentUrl\":\"https:\/\/universofamilia.com\/wp-content\/uploads\/sites\/148\/2025\/06\/DESTAQUE-UNIVERSO-550-x-350-1-3.jpg\",\"width\":550,\"height\":350,\"caption\":\"12 pasos para ser un exdiab\u00e9tico usando soluciones naturales\"},{\"@type\":\"BreadcrumbList\",\"@id\":\"https:\/\/universofamilia.com\/ar\/12-pasos-para-ser-un-exdiabetico-usando-soluciones-naturales\/#breadcrumb\",\"itemListElement\":[{\"@type\":\"ListItem\",\"position\":1,\"name\":\"Home\",\"item\":\"https:\/\/universofamilia.com\/el\/\"},{\"@type\":\"ListItem\",\"position\":2,\"name\":\"12 pasos para ser un exdiab\u00e9tico usando soluciones naturales\"}]},{\"@type\":\"WebSite\",\"@id\":\"https:\/\/universofamilia.com\/el\/#website\",\"url\":\"https:\/\/universofamilia.com\/el\/\",\"name\":\"Universo Fam\u00edlia\",\"description\":\"\",\"potentialAction\":[{\"@type\":\"SearchAction\",\"target\":{\"@type\":\"EntryPoint\",\"urlTemplate\":\"https:\/\/universofamilia.com\/el\/?s={search_term_string}\"},\"query-input\":\"required name=search_term_string\"}],\"inLanguage\":\"hu\"},{\"@type\":\"Person\",\"@id\":\"https:\/\/universofamilia.com\/el\/#\/schema\/person\/f07ce98187dd84d31154262e79b3b7ca\",\"name\":\"Pedro Henrique\",\"image\":{\"@type\":\"ImageObject\",\"inLanguage\":\"hu\",\"@id\":\"https:\/\/universofamilia.com\/el\/#\/schema\/person\/image\/\",\"url\":\"https:\/\/secure.gravatar.com\/avatar\/9edfeb808cb4e1599f64d6e45b130154?s=96&d=mm&r=g\",\"contentUrl\":\"https:\/\/secure.gravatar.com\/avatar\/9edfeb808cb4e1599f64d6e45b130154?s=96&d=mm&r=g\",\"caption\":\"Pedro Henrique\"},\"url\":\"https:\/\/universofamilia.com\/hu\/author\/editor01\/\"}]}<\/script>\n<!-- \/ Yoast SEO plugin. -->","yoast_head_json":{"title":"12 pasos para ser un exdiab\u00e9tico usando soluciones naturales - Universo Fam\u00edlia","description":"12 pasos para ser un exdiab\u00e9tico usando soluciones naturales. Descubre c\u00f3mo volver a controlar tu salud sin medicamentos","robots":{"index":"index","follow":"follow","max-snippet":"max-snippet:-1","max-image-preview":"max-image-preview:large","max-video-preview":"max-video-preview:-1"},"canonical":"https:\/\/universofamilia.com\/hu\/12-pasos-para-ser-un-exdiabetico-usando-soluciones-naturales\/","og_locale":"hu_HU","og_type":"article","og_title":"12 pasos para ser un exdiab\u00e9tico usando soluciones naturales - Universo Fam\u00edlia","og_description":"12 pasos para ser un exdiab\u00e9tico usando soluciones naturales. Descubre c\u00f3mo volver a controlar tu salud sin medicamentos","og_url":"https:\/\/universofamilia.com\/hu\/12-pasos-para-ser-un-exdiabetico-usando-soluciones-naturales\/","og_site_name":"Universo Fam\u00edlia","article_published_time":"2025-06-17T00:25:35+00:00","og_image":[{"width":550,"height":350,"url":"https:\/\/universofamilia.com\/wp-content\/uploads\/sites\/148\/2025\/06\/DESTAQUE-UNIVERSO-550-x-350-1-3.jpg","type":"image\/jpeg"}],"author":"Pedro Henrique","twitter_card":"summary_large_image","twitter_misc":{"Written by":"Pedro Henrique","Est. reading time":"9 perc"},"schema":{"@context":"https:\/\/schema.org","@graph":[{"@type":"WebPage","@id":"https:\/\/universofamilia.com\/ar\/12-pasos-para-ser-un-exdiabetico-usando-soluciones-naturales\/","url":"https:\/\/universofamilia.com\/ar\/12-pasos-para-ser-un-exdiabetico-usando-soluciones-naturales\/","name":"12 pasos para ser un exdiab\u00e9tico usando soluciones naturales - Universo Fam\u00edlia","isPartOf":{"@id":"https:\/\/universofamilia.com\/el\/#website"},"primaryImageOfPage":{"@id":"https:\/\/universofamilia.com\/ar\/12-pasos-para-ser-un-exdiabetico-usando-soluciones-naturales\/#primaryimage"},"image":{"@id":"https:\/\/universofamilia.com\/ar\/12-pasos-para-ser-un-exdiabetico-usando-soluciones-naturales\/#primaryimage"},"thumbnailUrl":"https:\/\/universofamilia.com\/wp-content\/uploads\/sites\/148\/2025\/06\/DESTAQUE-UNIVERSO-550-x-350-1-3.jpg","datePublished":"2025-06-17T00:25:35+00:00","dateModified":"2025-06-17T00:25:35+00:00","author":{"@id":"https:\/\/universofamilia.com\/el\/#\/schema\/person\/f07ce98187dd84d31154262e79b3b7ca"},"description":"12 pasos para ser un exdiab\u00e9tico usando soluciones naturales. Descubre c\u00f3mo volver a controlar tu salud sin medicamentos","breadcrumb":{"@id":"https:\/\/universofamilia.com\/ar\/12-pasos-para-ser-un-exdiabetico-usando-soluciones-naturales\/#breadcrumb"},"inLanguage":"hu","potentialAction":[{"@type":"ReadAction","target":["https:\/\/universofamilia.com\/ar\/12-pasos-para-ser-un-exdiabetico-usando-soluciones-naturales\/"]}]},{"@type":"ImageObject","inLanguage":"hu","@id":"https:\/\/universofamilia.com\/ar\/12-pasos-para-ser-un-exdiabetico-usando-soluciones-naturales\/#primaryimage","url":"https:\/\/universofamilia.com\/wp-content\/uploads\/sites\/148\/2025\/06\/DESTAQUE-UNIVERSO-550-x-350-1-3.jpg","contentUrl":"https:\/\/universofamilia.com\/wp-content\/uploads\/sites\/148\/2025\/06\/DESTAQUE-UNIVERSO-550-x-350-1-3.jpg","width":550,"height":350,"caption":"12 pasos para ser un exdiab\u00e9tico usando soluciones naturales"},{"@type":"BreadcrumbList","@id":"https:\/\/universofamilia.com\/ar\/12-pasos-para-ser-un-exdiabetico-usando-soluciones-naturales\/#breadcrumb","itemListElement":[{"@type":"ListItem","position":1,"name":"Home","item":"https:\/\/universofamilia.com\/el\/"},{"@type":"ListItem","position":2,"name":"12 pasos para ser un exdiab\u00e9tico usando soluciones naturales"}]},{"@type":"WebSite","@id":"https:\/\/universofamilia.com\/el\/#website","url":"https:\/\/universofamilia.com\/el\/","name":"Universo Fam\u00edlia","description":"","potentialAction":[{"@type":"SearchAction","target":{"@type":"EntryPoint","urlTemplate":"https:\/\/universofamilia.com\/el\/?s={search_term_string}"},"query-input":"required name=search_term_string"}],"inLanguage":"hu"},{"@type":"Person","@id":"https:\/\/universofamilia.com\/el\/#\/schema\/person\/f07ce98187dd84d31154262e79b3b7ca","name":"Pedro Henrique","image":{"@type":"ImageObject","inLanguage":"hu","@id":"https:\/\/universofamilia.com\/el\/#\/schema\/person\/image\/","url":"https:\/\/secure.gravatar.com\/avatar\/9edfeb808cb4e1599f64d6e45b130154?s=96&d=mm&r=g","contentUrl":"https:\/\/secure.gravatar.com\/avatar\/9edfeb808cb4e1599f64d6e45b130154?s=96&d=mm&r=g","caption":"Pedro Henrique"},"url":"https:\/\/universofamilia.com\/hu\/author\/editor01\/"}]}},"_links":{"self":[{"href":"https:\/\/universofamilia.com\/hu\/wp-json\/wp\/v2\/posts\/9530"}],"collection":[{"href":"https:\/\/universofamilia.com\/hu\/wp-json\/wp\/v2\/posts"}],"about":[{"href":"https:\/\/universofamilia.com\/hu\/wp-json\/wp\/v2\/types\/post"}],"author":[{"embeddable":true,"href":"https:\/\/universofamilia.com\/hu\/wp-json\/wp\/v2\/users\/139"}],"replies":[{"embeddable":true,"href":"https:\/\/universofamilia.com\/hu\/wp-json\/wp\/v2\/comments?post=9530"}],"version-history":[{"count":1,"href":"https:\/\/universofamilia.com\/hu\/wp-json\/wp\/v2\/posts\/9530\/revisions"}],"predecessor-version":[{"id":9532,"href":"https:\/\/universofamilia.com\/hu\/wp-json\/wp\/v2\/posts\/9530\/revisions\/9532"}],"wp:featuredmedia":[{"embeddable":true,"href":"https:\/\/universofamilia.com\/hu\/wp-json\/wp\/v2\/media\/9531"}],"wp:attachment":[{"href":"https:\/\/universofamilia.com\/hu\/wp-json\/wp\/v2\/media?parent=9530"}],"wp:term":[{"taxonomy":"category","embeddable":true,"href":"https:\/\/universofamilia.com\/hu\/wp-json\/wp\/v2\/categories?post=9530"},{"taxonomy":"post_tag","embeddable":true,"href":"https:\/\/universofamilia.com\/hu\/wp-json\/wp\/v2\/tags?post=9530"}],"curies":[{"name":"wp","href":"https:\/\/api.w.org\/{rel}","templated":true}]}}