{"id":9533,"date":"2025-06-17T19:48:51","date_gmt":"2025-06-17T19:48:51","guid":{"rendered":"https:\/\/universofamilia.com\/?p=9533"},"modified":"2025-06-23T13:29:04","modified_gmt":"2025-06-23T13:29:04","slug":"descubre-la-biblia-catolica-en-tu-celular","status":"publish","type":"post","link":"https:\/\/universofamilia.com\/hu\/descubre-la-biblia-catolica-en-tu-celular\/","title":{"rendered":"Fedezze fel a katolikus Bibli\u00e1t a mobiltelefonj\u00e1n"},"content":{"rendered":"<h4 class=\"wp-block-heading has-text-align-center\">Hit a kezedben<\/h4>\n\n\n\n<p><\/p>\n\n\n\n<hr class=\"wp-block-separator has-alpha-channel-opacity is-style-wide\" \/>\n\n\n\n<h4 class=\"wp-block-heading has-text-align-center\"><mark class=\"has-inline-color has-vivid-cyan-blue-color\">Mit keres?<\/mark><\/h4>\n\n\n    <section class=\"mx-1 my-10\">\n                                                <a href=\"https:\/\/universofamilia.com\/hu\/la-aplicacion-mas-completa-de-la-biblia-catolica-conoce-laudate\/\" class=\"text-white\" data-analytics-label=\"optionsButton\"\n                    data-action=\"analytics#trackCTA\">\n                    <div data-options-target=\"option\"\n                        class=\"custom-section rounded-xl border p-3 shadow-md w-full bg-green-700 my-3\">\n                        <div class=\"flex w-full items-center justify-between\">\n                            <div class=\"flex items-center space-x-3\">\n                                <div class=\"text-lg font-bold\">\n                                    Katolikus Biblia \u279d\n                                <\/div>\n                            <\/div>\n                        <\/div>\n                    <\/div>\n                <\/a>\n                                                            <a href=\"https:\/\/universofamilia.com\/hu\/biblia-ave-maria\/\" class=\"text-white\" data-analytics-label=\"optionsButton\"\n                    data-action=\"analytics#trackCTA\">\n                    <div data-options-target=\"option\"\n                        class=\"custom-section rounded-xl border p-3 shadow-md w-full bg-green-700 my-3\">\n                        <div class=\"flex w-full items-center justify-between\">\n                            <div class=\"flex items-center space-x-3\">\n                                <div class=\"text-lg font-bold\">\n                                    \u00dcdv\u00f6zl\u00e9gy M\u00e1ria Bibli\u00e1ja \u279d\n                                <\/div>\n                            <\/div>\n                        <\/div>\n                    <\/div>\n                <\/a>\n                                                            <a href=\"https:\/\/universofamilia.com\/hu\/la-aplicacion-de-la-biblia-esencial-para-la-vida\/\" class=\"text-white\" data-analytics-label=\"optionsButton\"\n                    data-action=\"analytics#trackCTA\">\n                    <div data-options-target=\"option\"\n                        class=\"custom-section rounded-xl border p-3 shadow-md w-full bg-green-700 my-3\">\n                        <div class=\"flex w-full items-center justify-between\">\n                            <div class=\"flex items-center space-x-3\">\n                                <div class=\"text-lg font-bold\">\n                                    Katolikus bibliatanulm\u00e1nyoz\u00e1s \u279d\n                                <\/div>\n                            <\/div>\n                        <\/div>\n                    <\/div>\n                <\/a>\n                            <p class=\"text-xs text-gray-500 text-right hidden\"\n            style=\"margin-left: 50%; margin-bottom: 50px; margin-top: 5px;\">\n            <!-- You will be redirected to another website -->\n        <\/p>\n    <\/section>\n\n\n\n\n<p class=\"has-text-align-right\"><em><strong><em><strong><em><strong><em><strong><em><strong>Ugyanott maradsz<\/strong><\/em><\/strong><\/em><\/strong><\/em><\/strong><\/em><\/strong><\/em><\/p>\n\n\n\n<hr class=\"wp-block-separator has-alpha-channel-opacity is-style-wide\" \/>\n\n\n\n<p><\/p>\n\n\n\n<h3 class=\"wp-block-heading\">Tudtad, hogy elviheted a <strong>Katolikus Biblia<\/strong> mindenhol veled?<\/h3>\n\n\n\n<p>Manaps\u00e1g, a technol\u00f3gi\u00e1nak k\u00f6sz\u00f6nhet\u0151en, nincs sz\u00fcks\u00e9g fizikai k\u00f6nyvre ahhoz, hogy <a href=\"https:\/\/universofamilia.com\/hu\/la-aplicacion-mas-completa-de-la-biblia-catolica-conoce-laudate\/\"><strong>kapcsol\u00f3dni Isten Ig\u00e9j\u00e9hez.<\/strong><\/a><\/p>\n\n\n\n<p>Egyetlen gombnyom\u00e1ssal b\u00e1rmikor megnyithatod a Bibli\u00e1dat a nap folyam\u00e1n.<\/p>\n\n\n\n<p>Ez a cikk bemutatja, hogyan teheti ezt meg egyszer\u0171en, komplik\u00e1ci\u00f3k n\u00e9lk\u00fcl \u00e9s megb\u00edzhat\u00f3 alkalmaz\u00e1sokkal.<\/p>\n\n\n\n<h2 class=\"wp-block-heading\">Mi\u00e9rt olyan fontos, hogy a Biblia a telefonodon is el\u00e9rhet\u0151 legyen?<\/h2>\n\n\n\n<p>Az, hogy a Bibli\u00e1hoz hozz\u00e1f\u00e9rhetsz a mobileszk\u00f6z\u00f6d\u00f6n, olyan, mintha egy lelki bar\u00e1tod lenne veled a nap 24 \u00f3r\u00e1j\u00e1ban, a h\u00e9t minden napj\u00e1n.<\/p>\n\n\n\n<p>Nincs t\u00f6bb\u00e9 neh\u00e9z k\u00f6nyv cipel\u00e9se, fejezetek manu\u00e1lis keres\u00e9se vagy a k\u00f6nyvjelz\u0151k miatti agg\u00f3d\u00e1s.<\/p>\n\n\n\n<p>A megfelel\u0151 alkalmaz\u00e1ssal a k\u00f6vetkez\u0151ket teheti:<\/p>\n\n\n\n<ul>\n<li>Olvasd az Ig\u00e9t nagybet\u0171s, vil\u00e1gos \u00e9s k\u00f6nnyed bet\u0171t\u00edpussal<\/li>\n\n\n\n<li>Hallgasd meg a verseket hangosan, mik\u00f6zben pihensz<\/li>\n\n\n\n<li>Ossz meg r\u00e9szeket szeretteiddel WhatsApp-on kereszt\u00fcl<\/li>\n\n\n\n<li>Tartsd meg a napi \u00e1h\u00edtatodat an\u00e9lk\u00fcl, hogy fizikai helyet foglaln\u00e1l el<\/li>\n\n\n\n<li>Tanulj nyugodtan b\u00e1rhonnan: otthon, a templomban, a parkban<\/li>\n<\/ul>\n\n\n\n<p>A <strong>Katolikus Biblia mobiltelefonon<\/strong> Ez egy hat\u00e9kony eszk\u00f6z, amely a mindennapi rutinodat hit pillanataiv\u00e1 alak\u00edtja, kort\u00f3l vagy technol\u00f3giai tud\u00e1sszintt\u0151l f\u00fcggetlen\u00fcl.<\/p>\n\n\n\n<p><\/p>\n\n\n\n<hr class=\"wp-block-separator has-alpha-channel-opacity is-style-wide\" \/>\n\n\n\n<h4 class=\"wp-block-heading has-text-align-center\"><strong><mark class=\"has-inline-color has-luminous-vivid-orange-color\">Olvasd el ezt is<\/mark><\/strong><\/h4>\n\n\n    <section class=\"mx-1 my-10\">\n                                                <a href=\"https:\/\/universofamilia.com\/hu\/lp-filmes-asiaticos\/\" class=\"text-white\" data-analytics-label=\"optionsButton\"\n                    data-action=\"analytics#trackCTA\">\n                    <div data-options-target=\"option\"\n                        class=\"custom-section rounded-xl border p-3 shadow-md w-full bg-green-700 my-3\">\n                        <div class=\"flex w-full items-center justify-between\">\n                            <div class=\"flex items-center space-x-3\">\n                                <div class=\"text-lg font-bold\">\n                                    App koreai dr\u00e1m\u00e1k n\u00e9z\u00e9s\u00e9hez \u279d\n                                <\/div>\n                            <\/div>\n                        <\/div>\n                    <\/div>\n                <\/a>\n                                                            <a href=\"https:\/\/universofamilia.com\/hu\/lp-recuperar-fotos\/\" class=\"text-white\" data-analytics-label=\"optionsButton\"\n                    data-action=\"analytics#trackCTA\">\n                    <div data-options-target=\"option\"\n                        class=\"custom-section rounded-xl border p-3 shadow-md w-full bg-green-700 my-3\">\n                        <div class=\"flex w-full items-center justify-between\">\n                            <div class=\"flex items-center space-x-3\">\n                                <div class=\"text-lg font-bold\">\n                                    T\u00f6r\u00f6lt fot\u00f3k helyre\u00e1ll\u00edt\u00e1sa ezzel az alkalmaz\u00e1ssal!  \u279d\n                                <\/div>\n                            <\/div>\n                        <\/div>\n                    <\/div>\n                <\/a>\n                                                            <a href=\"https:\/\/universofamilia.com\/hu\/el-amor-a-un-clic\/\" class=\"text-white\" data-analytics-label=\"optionsButton\"\n                    data-action=\"analytics#trackCTA\">\n                    <div data-options-target=\"option\"\n                        class=\"custom-section rounded-xl border p-3 shadow-md w-full bg-green-700 my-3\">\n                        <div class=\"flex w-full items-center justify-between\">\n                            <div class=\"flex items-center space-x-3\">\n                                <div class=\"text-lg font-bold\">\n                                    Fedezd fel az ide\u00e1lis t\u00e1rskeres\u0151 alkalmaz\u00e1st \u279d\n                                <\/div>\n                            <\/div>\n                        <\/div>\n                    <\/div>\n                <\/a>\n                            <p class=\"text-xs text-gray-500 text-right hidden\"\n            style=\"margin-left: 50%; margin-bottom: 50px; margin-top: 5px;\">\n            <!-- You will be redirected to another website -->\n        <\/p>\n    <\/section>\n\n\n\n\n<p class=\"has-text-align-right\"><em><strong><em><strong><em><strong><em><strong><em><strong>Ugyanott fog maradni!<\/strong><\/em><\/strong><\/em><\/strong><\/em><\/strong><\/em><\/strong><\/em><\/p>\n\n\n\n<hr class=\"wp-block-separator has-alpha-channel-opacity is-style-wide\" \/>\n\n\n\n<p><\/p>\n\n\n\n<h2 class=\"wp-block-heading\">Milyen tulajdons\u00e1gokkal kell rendelkeznie egy j\u00f3 katolikus Biblia alkalmaz\u00e1snak?<\/h2>\n\n\n\n<p>Miel\u0151tt let\u00f6lten\u00e9l b\u00e1rmilyen alkalmaz\u00e1st, fontos tudni, hogy milyen funkci\u00f3k k\u00f6nny\u00edthetik meg az \u00e9letedet.<\/p>\n\n\n\n<p>Itt megosztom veletek a leghasznosabbakat:<\/p>\n\n\n\n<ul>\n<li>A katolikus Biblia teljes sz\u00f6vege, bele\u00e9rtve a deuterokanonikus k\u00f6nyveket is<\/li>\n\n\n\n<li>Offline m\u00f3d, \u00edgy akkor is olvashatsz, ha nincs internetkapcsolatod<\/li>\n\n\n\n<li>Hangos Biblia, ide\u00e1lis l\u00e1t\u00e1ss\u00e9r\u00fcltek vagy hallgatni v\u00e1gy\u00f3k sz\u00e1m\u00e1ra<\/li>\n\n\n\n<li>Bet\u0171m\u00e9ret \u00e9s kontraszt be\u00e1ll\u00edt\u00e1sa a szem v\u00e9delme \u00e9rdek\u00e9ben<\/li>\n\n\n\n<li>Egyszer\u0171 \u00e9s k\u00f6nnyen haszn\u00e1lhat\u00f3 fel\u00fclet, nincsenek zavar\u00f3 hirdet\u00e9sek<\/li>\n\n\n\n<li>\u00c1h\u00edtatok, napi elm\u00e9lked\u00e9sek \u00e9s n\u00e9pszer\u0171 im\u00e1k<\/li>\n\n\n\n<li>Lehet\u0151s\u00e9gek kedvenc versek megjel\u00f6l\u00e9s\u00e9re vagy jegyzetek k\u00e9sz\u00edt\u00e9s\u00e9re<\/li>\n\n\n\n<li>Keres\u00e9si funkci\u00f3 kulcssz\u00f3 vagy t\u00e9ma szerint<\/li>\n<\/ul>\n\n\n\n<p>Ezek a funkci\u00f3k nemcsak praktikuss\u00e1 teszik az alkalmaz\u00e1st, hanem val\u00f3di spiritu\u00e1lis \u00fatmutat\u00f3v\u00e1 is, amely az \u00e9letst\u00edlusodhoz igazodik.<\/p>\n\n\n\n<h2 class=\"wp-block-heading\">A 3 legjobb alkalmaz\u00e1s, amivel a katolikus Biblia a telefonodon is el\u00e9rhet\u0151<\/h2>\n\n\n\n<h3 class=\"wp-block-heading\">1. Katolikus Biblia + Hanganyag<\/h3>\n\n\n\n<p>Az egyik leg\u00e1tfog\u00f3bb \u00e9s legmagasabbra \u00e9rt\u00e9kelt alkalmaz\u00e1s a spanyolul besz\u00e9l\u0151 felhaszn\u00e1l\u00f3k k\u00f6r\u00e9ben.<\/p>\n\n\n\n<p>Ez az alkalmaz\u00e1s ide\u00e1lis azok sz\u00e1m\u00e1ra, akik vizu\u00e1lis \u00e9s audit\u00edv \u00e9lm\u00e9nyre v\u00e1gynak.<\/p>\n\n\n\n<ul>\n<li>Tartalmazza a <strong>Teljes katolikus Biblia<\/strong> kiv\u00e1l\u00f3 min\u0151s\u00e9g\u0171 hangz\u00e1ssal<\/li>\n\n\n\n<li>Nagy gombokkal, b\u0151v\u00edthet\u0151 bet\u0171t\u00edpussal \u00e9s egyszer\u0171 navig\u00e1ci\u00f3val rendelkezik<\/li>\n\n\n\n<li>Hallgathatod, mik\u00f6zben m\u00e1s h\u00e1zimunk\u00e1t v\u00e9gzel.<\/li>\n\n\n\n<li>Lehet\u0151v\u00e9 teszi az olvas\u00e1st internetkapcsolat n\u00e9lk\u00fcl<\/li>\n\n\n\n<li>\u00c9jszakai m\u00f3d funkci\u00f3 a szemek \u00e9jszakai \u00e1pol\u00e1s\u00e1hoz<\/li>\n<\/ul>\n\n\n\n<p>Ha nehezen olvasol, vagy egyszer\u0171en csak jobban szereted hallani az Ig\u00e9t, ez az alkalmaz\u00e1s t\u00f6k\u00e9letes sz\u00e1modra.<\/p>\n\n\n\n<p>R\u00e1ad\u00e1sul egyszer\u0171 kialak\u00edt\u00e1s\u00e1nak k\u00f6sz\u00f6nhet\u0151en ide\u00e1lis id\u0151sebb emberek vagy a mobiltelefon-haszn\u00e1latban most ismerked\u0151k sz\u00e1m\u00e1ra.<\/p>\n\n\n\n<p><\/p>\n\n\n\n<hr class=\"wp-block-separator has-alpha-channel-opacity is-style-wide\" \/>\n\n\n\n<h5 class=\"wp-block-heading has-text-align-left\"><strong><mark class=\"has-inline-color has-luminous-vivid-amber-color\"><strong><mark class=\"has-inline-color has-luminous-vivid-amber-color\"><a>\ud83d\udc49 <\/a><strong><mark class=\"has-inline-color has-luminous-vivid-amber-color\"><strong>T\u00f6ltsd le az alkalmaz\u00e1st:<\/strong><\/mark><\/strong><\/mark><\/strong><\/mark><\/strong><\/h5>\n\n\n    <section class=\"mx-1 my-10\">\n                                                <a href=\"https:\/\/biblia-catolica-audio.br.uptodown.com\/android\" class=\"text-white\" data-analytics-label=\"optionsButton\"\n                    data-action=\"analytics#trackCTA\">\n                    <div data-options-target=\"option\"\n                        class=\"custom-section rounded-xl border p-3 shadow-md w-full bg-green-700 my-3\">\n                        <div class=\"flex w-full items-center justify-between\">\n                            <div class=\"flex items-center space-x-3\">\n                                <div class=\"text-lg font-bold\">\n                                    Katolikus Biblia + Hanganyag \u279d\n                                <\/div>\n                            <\/div>\n                        <\/div>\n                    <\/div>\n                <\/a>\n                            <p class=\"text-xs text-gray-500 text-right\"\n            style=\"margin-left: 50%; margin-bottom: 50px; margin-top: 5px;\">\n            <!-- You will be redirected to another website -->\n        <\/p>\n    <\/section>\n\n\n\n\n<p class=\"has-text-align-right\"><em><strong><em><strong><em><strong><em><strong><em><strong><em><strong><em><strong><em><strong><em><strong><em><strong>\u00c1t leszel ir\u00e1ny\u00edtva egy m\u00e1sik oldalra!<\/strong><\/em><\/strong><\/em><\/strong><\/em><\/strong><\/em><\/strong><\/em><\/strong><\/em><\/strong><\/em><\/strong><\/em><\/strong><\/em><\/strong><\/em><\/p>\n\n\n\n<hr class=\"wp-block-separator has-alpha-channel-opacity is-style-wide\" \/>\n\n\n\n<p><\/p>\n\n\n\n<h3 class=\"wp-block-heading\">2. Az ingyenes katolikus szent Biblia<\/h3>\n\n\n\n<p>Ezt az alkalmaz\u00e1st Latin-Amerik\u00e1ban t\u00f6bb milli\u00f3 ember t\u00f6lt\u00f6tte le. Megb\u00edzhat\u00f3, naprak\u00e9sz \u00e9s nagyon k\u00f6nnyen haszn\u00e1lhat\u00f3.<\/p>\n\n\n\n<ul>\n<li>Aj\u00e1nlatok a <strong>Biblia latin-spanyol nyelven<\/strong>, a katolikus egyh\u00e1z \u00e1ltal j\u00f3v\u00e1hagyott \u00f6sszes k\u00f6nyvvel egy\u00fctt<\/li>\n\n\n\n<li>Minden nap inspir\u00e1l\u00f3 verseket k\u00fcld neked<\/li>\n\n\n\n<li>Napi \u00e1h\u00edtatokat \u00e9s t\u00e9mak\u00f6r\u00f6k szerint rendezett olvas\u00e1si terveket tartalmaz.<\/li>\n\n\n\n<li>Jegyzeteket hozhatsz l\u00e9tre, al\u00e1h\u00fazhatsz verseket, \u00e9s megoszthatod azokat a k\u00f6z\u00f6ss\u00e9gi h\u00e1l\u00f3zatokon.<\/li>\n\n\n\n<li>Felhaszn\u00e1l\u00f3bar\u00e1t fel\u00fclet, nincsenek tolakod\u00f3 hirdet\u00e9sek<\/li>\n<\/ul>\n\n\n\n<p>T\u00f6k\u00e9letes azok sz\u00e1m\u00e1ra, akik szeretn\u00e9k kialak\u00edtani a Biblia minden reggeli vagy lefekv\u00e9s el\u0151tti olvas\u00e1s\u00e1nak szok\u00e1s\u00e1t, olyan \u00fczenetekkel, amelyek vigasztalj\u00e1k \u00e9s er\u0151s\u00edtik a hit\u00fcket.<\/p>\n\n\n\n<p><\/p>\n\n\n\n<hr class=\"wp-block-separator has-alpha-channel-opacity is-style-wide\" \/>\n\n\n\n<h5 class=\"wp-block-heading has-text-align-left\"><strong><mark class=\"has-inline-color has-luminous-vivid-amber-color\"><strong><mark class=\"has-inline-color has-luminous-vivid-amber-color\"><a>\ud83d\udc49 <\/a><strong><mark class=\"has-inline-color has-luminous-vivid-amber-color\"><strong>T\u00f6ltsd le az alkalmaz\u00e1st:<\/strong><\/mark><\/strong><\/mark><\/strong><\/mark><\/strong><\/h5>\n\n\n    <section class=\"mx-1 my-10\">\n                                                <a href=\"https:\/\/biblia-catolica.pt.aptoide.com\/app\" class=\"text-white\" data-analytics-label=\"optionsButton\"\n                    data-action=\"analytics#trackCTA\">\n                    <div data-options-target=\"option\"\n                        class=\"custom-section rounded-xl border p-3 shadow-md w-full bg-green-700 my-3\">\n                        <div class=\"flex w-full items-center justify-between\">\n                            <div class=\"flex items-center space-x-3\">\n                                <div class=\"text-lg font-bold\">\n                                    Az ingyenes katolikus szent Biblia \u279d\n                                <\/div>\n                            <\/div>\n                        <\/div>\n                    <\/div>\n                <\/a>\n                            <p class=\"text-xs text-gray-500 text-right\"\n            style=\"margin-left: 50%; margin-bottom: 50px; margin-top: 5px;\">\n            <!-- You will be redirected to another website -->\n        <\/p>\n    <\/section>\n\n\n\n\n<p class=\"has-text-align-right\"><em><strong><em><strong><em><strong><em><strong><em><strong><em><strong><em><strong><em><strong><em><strong><em><strong>\u00c1t leszel ir\u00e1ny\u00edtva egy m\u00e1sik oldalra!<\/strong><\/em><\/strong><\/em><\/strong><\/em><\/strong><\/em><\/strong><\/em><\/strong><\/em><\/strong><\/em><\/strong><\/em><\/strong><\/em><\/strong><\/em><\/p>\n\n\n\n<hr class=\"wp-block-separator has-alpha-channel-opacity is-style-wide\" \/>\n\n\n\n<p><\/p>\n\n\n\n<h3 class=\"wp-block-heading\">3. <a href=\"https:\/\/biblia-catolica-gratis.br.uptodown.com\/android\/download\">Katolikus Biblia<\/a> mindenkinek<\/h3>\n\n\n\n<p>Kifejezetten azok sz\u00e1m\u00e1ra k\u00e9sz\u00fclt, akik tiszta, egyszer\u0171, spiritu\u00e1lis \u00e9lm\u00e9nyre v\u00e1gynak technikai bonyodalmak n\u00e9lk\u00fcl.<\/p>\n\n\n\n<ul>\n<li>latin-spanyol ford\u00edt\u00e1sa a <strong>Teljes katolikus Biblia<\/strong><\/li>\n\n\n\n<li>K\u00f6nnyen hozz\u00e1f\u00e9rhet\u0151 gombok, ide\u00e1lis id\u0151sek sz\u00e1m\u00e1ra<\/li>\n\n\n\n<li>Hagyom\u00e1nyos im\u00e1kat tartalmaz, mint p\u00e9ld\u00e1ul <strong>Miaty\u00e1nk<\/strong>, \u0151 <strong>\u00dcdv\u00f6zl\u00e9gy M\u00e1ria<\/strong> \u00e9s a <strong>Hitvall\u00e1s<\/strong><\/li>\n\n\n\n<li>Megjel\u00f6lheted azokat a r\u00e9szeket, amelyek a legjobban meg\u00e9rintenek.<\/li>\n\n\n\n<li>Vall\u00e1si k\u00e9peket, liturgikus napt\u00e1rat \u00e9s helyet tartalmaz az elm\u00e9lked\u00e9seknek.<\/li>\n<\/ul>\n\n\n\n<p>Ak\u00e1r most kezded a hited \u00fatj\u00e1t, ak\u00e1r csak k\u00f6zelebb szeretn\u00e9l ker\u00fclni Istenhez, ez az alkalmaz\u00e1s l\u00e9p\u00e9sr\u0151l l\u00e9p\u00e9sre v\u00e9gigvezet t\u00e9ged.<\/p>\n\n\n\n<p><\/p>\n\n\n\n<hr class=\"wp-block-separator has-alpha-channel-opacity is-style-wide\" \/>\n\n\n\n<h5 class=\"wp-block-heading has-text-align-left\"><strong><mark class=\"has-inline-color has-luminous-vivid-amber-color\"><strong><mark class=\"has-inline-color has-luminous-vivid-amber-color\"><a>\ud83d\udc49 <\/a><strong><mark class=\"has-inline-color has-luminous-vivid-amber-color\"><strong>T\u00f6ltsd le az alkalmaz\u00e1st:<\/strong><\/mark><\/strong><\/mark><\/strong><\/mark><\/strong><\/h5>\n\n\n    <section class=\"mx-1 my-10\">\n                                                <a href=\"https:\/\/biblia-catolica-gratis.br.uptodown.com\/android\/download\" class=\"text-white\" data-analytics-label=\"optionsButton\"\n                    data-action=\"analytics#trackCTA\">\n                    <div data-options-target=\"option\"\n                        class=\"custom-section rounded-xl border p-3 shadow-md w-full bg-green-700 my-3\">\n                        <div class=\"flex w-full items-center justify-between\">\n                            <div class=\"flex items-center space-x-3\">\n                                <div class=\"text-lg font-bold\">\n                                    Teljes katolikus Biblia \u279d\n                                <\/div>\n                            <\/div>\n                        <\/div>\n                    <\/div>\n                <\/a>\n                            <p class=\"text-xs text-gray-500 text-right\"\n            style=\"margin-left: 50%; margin-bottom: 50px; margin-top: 5px;\">\n            <!-- You will be redirected to another website -->\n        <\/p>\n    <\/section>\n\n\n\n\n<p class=\"has-text-align-right\"><em><strong><em><strong><em><strong><em><strong><em><strong><em><strong><em><strong><em><strong><em><strong><em><strong>\u00c1t leszel ir\u00e1ny\u00edtva egy m\u00e1sik oldalra!<\/strong><\/em><\/strong><\/em><\/strong><\/em><\/strong><\/em><\/strong><\/em><\/strong><\/em><\/strong><\/em><\/strong><\/em><\/strong><\/em><\/strong><\/em><\/p>\n\n\n\n<hr class=\"wp-block-separator has-alpha-channel-opacity is-style-wide\" \/>\n\n\n\n<p><\/p>\n\n\n\n<h2 class=\"wp-block-heading\">Hogyan telep\u00edtsem \u00e9s kezdjem el haszn\u00e1lni ezeket az alkalmaz\u00e1sokat?<\/h2>\n\n\n\n<p>M\u00e9g ha m\u00e9g soha nem telep\u00edtett alkalmaz\u00e1st, ez a folyamat nagyon egyszer\u0171. K\u00f6vesse az al\u00e1bbi l\u00e9p\u00e9seket:<\/p>\n\n\n\n<ol>\n<li>Nyissa meg a <strong>Play \u00c1ruh\u00e1z<\/strong> a mobiltelefonodon (sz\u00ednes h\u00e1romsz\u00f6ggel ell\u00e1tott ikon)<\/li>\n\n\n\n<li>A keres\u0151s\u00e1vba \u00edrd be az egyik aj\u00e1nlott alkalmaz\u00e1s nev\u00e9t.<\/li>\n\n\n\n<li>Kattintson a gombra <strong>&quot;Telep\u00edt\u00e9s&quot;<\/strong><\/li>\n\n\n\n<li>K\u00e9rj\u00fck, v\u00e1rjon n\u00e9h\u00e1ny m\u00e1sodpercet, am\u00edg let\u00f6lt\u0151dik.<\/li>\n\n\n\n<li>A telep\u00edt\u00e9s ut\u00e1n nyissa meg az alkalmaz\u00e1st<\/li>\n\n\n\n<li>Fogadja el az enged\u00e9lyeket, \u00e9s \u00e1ll\u00edtsa be az olvas\u00e1si be\u00e1ll\u00edt\u00e1sokat: bet\u0171m\u00e9ret, nyelv, vil\u00e1gos vagy s\u00f6t\u00e9t m\u00f3d<\/li>\n<\/ol>\n\n\n\n<p>K\u00e9sz! Most m\u00e1r elkezdhet olvasni innenr\u0151l <strong>Teremt\u00e9s<\/strong>, keresd meg a <strong>Zsolt\u00e1rok<\/strong> neh\u00e9z pillanatokra vagy medit\u00e1ci\u00f3ra vele <strong>M\u00e1t\u00e9 evang\u00e9liuma<\/strong>.<\/p>\n\n\n<div class=\"wp-block-image\">\n<figure class=\"aligncenter size-full\"><img loading=\"lazy\" decoding=\"async\" width=\"550\" height=\"350\" src=\"https:\/\/universofamilia.com\/wp-content\/uploads\/sites\/148\/2025\/06\/DESTAQUE-UNIVERSO-550-x-350-8.jpg\" alt=\"\" class=\"wp-image-9535\" srcset=\"https:\/\/universofamilia.com\/wp-content\/uploads\/sites\/148\/2025\/06\/DESTAQUE-UNIVERSO-550-x-350-8.jpg 550w, https:\/\/universofamilia.com\/wp-content\/uploads\/sites\/148\/2025\/06\/DESTAQUE-UNIVERSO-550-x-350-8-300x191.jpg 300w, https:\/\/universofamilia.com\/wp-content\/uploads\/sites\/148\/2025\/06\/DESTAQUE-UNIVERSO-550-x-350-8-18x12.jpg 18w\" sizes=\"(max-width: 550px) 100vw, 550px\" \/><figcaption class=\"wp-element-caption\">Fedezze fel a katolikus Bibli\u00e1t a mobiltelefonj\u00e1n<\/figcaption><\/figure><\/div>\n\n\n<h2 class=\"wp-block-heading\">A katolikus Biblia mely k\u00f6nyvei a legolvasottabbak?<\/h2>\n\n\n\n<p>Azoknak, akik most kezdik, \u00edme egy lista az aj\u00e1nlott k\u00f6nyvekr\u0151l:<\/p>\n\n\n\n<ul>\n<li><strong>Zsolt\u00e1rok<\/strong>: a gy\u00f6trelem, az ima vagy a h\u00e1la pillanataira<\/li>\n\n\n\n<li><strong>Evang\u00e9liumok<\/strong> (M\u00e1t\u00e9, M\u00e1rk, Luk\u00e1cs, J\u00e1nos): J\u00e9zus \u00e9lete \u00e9s tan\u00edt\u00e1sai<\/li>\n\n\n\n<li><strong>P\u00e9ldabesz\u00e9dek<\/strong>: gyakorlati tippek a mindennapi \u00e9lethez<\/li>\n\n\n\n<li><strong>Teremt\u00e9s<\/strong>: az emberis\u00e9g t\u00f6rt\u00e9net\u00e9nek kezdete<\/li>\n\n\n\n<li><strong>Az apostolok cselekedetei<\/strong>: Hogyan \u00e9ltek az els\u0151 kereszt\u00e9nyek<\/li>\n<\/ul>\n\n\n\n<p>Sok alkalmaz\u00e1s lehet\u0151v\u00e9 teszi, hogy ezekkel a k\u00f6nyvekkel elkezdj olvasni, im\u00e1kkal \u00e9s elm\u00e9lked\u00e9sekkel k\u00eds\u00e9rve.<\/p>\n\n\n\n<h2 class=\"wp-block-heading\">Tippek a Biblia be\u00e9p\u00edt\u00e9s\u00e9hez a mindennapi \u00e9letbe<\/h2>\n\n\n\n<p>A bibliaolvas\u00e1s beilleszt\u00e9se a rutinodba k\u00f6nnyebb lehet, mint gondoln\u00e1d. \u00cdme n\u00e9h\u00e1ny egyszer\u0171 \u00f6tlet:<\/p>\n\n\n\n<ul>\n<li>Olvass el egy verset, amikor fel\u00e9bredsz, \u00e9s egyet, miel\u0151tt lefekszel.<\/li>\n\n\n\n<li>Hallgasd a Bibli\u00e1t f\u0151z\u00e9s vagy testmozg\u00e1s k\u00f6zben<\/li>\n\n\n\n<li>Haszn\u00e1ld az \u00e9jszakai m\u00f3dot, hogy \u00e1gyban olvashass an\u00e9lk\u00fcl, hogy k\u00e1ros\u00edtan\u00e1d a szemed<\/li>\n\n\n\n<li>Oszd meg az \u00fczenetet a gyermekeiddel vagy unok\u00e1iddal a reggeli r\u00e9szek\u00e9nt<\/li>\n\n\n\n<li>Nyisd meg az alkalmaz\u00e1st szomor\u00fas\u00e1g vagy zavarodotts\u00e1g pillanataiban, \u00e9s k\u00e9rj \u00fatmutat\u00e1st.<\/li>\n<\/ul>\n\n\n\n<p>Ne feledd, hogy minden olvasm\u00e1ny egy mag, amit a lelkedbe \u00fcltetsz. Id\u0151vel hit, b\u00e9ke \u00e9s b\u00f6lcsess\u00e9g gy\u00fcm\u00f6lcs\u00e9t terem.<\/p>\n\n\n\n<h2 class=\"wp-block-heading\">Mit mondanak az id\u0151sebb felhaszn\u00e1l\u00f3k ezekr\u0151l az alkalmaz\u00e1sokr\u00f3l?<\/h2>\n\n\n\n<p>Sok id\u0151s ember tal\u00e1lt \u00faj m\u00f3dot arra, hogy kapcsolatba l\u00e9pjen Istennel ezekben az alkalmaz\u00e1sokban. \u00cdme n\u00e9h\u00e1ny val\u00f3di felhaszn\u00e1l\u00f3i v\u00e9lem\u00e9ny:<\/p>\n\n\n\n<ul>\n<li>\u201e78 \u00e9ves vagyok, \u00e9s ez az alkalmaz\u00e1s seg\u00edt nekem minden este k\u00f6nnyed\u00e9n olvasni.\u201d<\/li>\n\n\n\n<li>\u201eMintha Isten besz\u00e9lne a f\u00fclembe. K\u00f6sz\u00f6n\u00f6m, hogy bek\u00fcldted a hanganyagot.\u201d<\/li>\n\n\n\n<li>\u201eR\u00e9gebben nehezen tudtam pap\u00edron olvasni a Bibli\u00e1t, most m\u00e1r nagy\u00edthatom a bet\u0171m\u00e9retet, \u00e9s \u00e9lvezhetem a sz\u00f6veget.\u201d<\/li>\n<\/ul>\n\n\n\n<p>A technol\u00f3gia gener\u00e1ci\u00f3kat hozhat k\u00f6zelebb a spiritualit\u00e1shoz, kort\u00f3l vagy digit\u00e1lis tapasztalatt\u00f3l f\u00fcggetlen\u00fcl.<\/p>\n\n\n\n<h2 class=\"wp-block-heading\">Katolikus Biblia a mobiltelefonodon: eszk\u00f6z az eg\u00e9sz csal\u00e1dnak<\/h2>\n\n\n\n<p>Ezek az alkalmaz\u00e1sok nem csak egy\u00e9ni haszn\u00e1latra szolg\u00e1lnak. Csal\u00e1di hitet is er\u0151s\u00edthetnek:<\/p>\n\n\n\n<ul>\n<li>Im\u00e1dkozd a r\u00f3zsaf\u00fcz\u00e9rt gyermekeiddel az alkalmaz\u00e1sb\u00f3l<\/li>\n\n\n\n<li>Olvassuk el egy\u00fctt a vas\u00e1rnapi evang\u00e9liumot<\/li>\n\n\n\n<li>Oszd meg az \u00e1h\u00edtatokat WhatsApp csoportokon kereszt\u00fcl<\/li>\n\n\n\n<li>Haszn\u00e1lj\u00e1tok a napi verseket, hogy p\u00e1rk\u00e9nt elm\u00e9lkedjetek<\/li>\n<\/ul>\n\n\n\n<p>Egyetlen mobiltelefonnal is megteremtheted a lelki egys\u00e9g \u00e9s a tanul\u00e1s pillanatait, amelyek \u00f6r\u00f6kre a csal\u00e1dod sz\u00edv\u00e9ben maradnak.<\/p>\n\n\n\n<h2 class=\"wp-block-heading\">Cselekedj m\u00e9g ma!<\/h2>\n\n\n\n<p>Ne hagyd, hogy a rohan\u00f3 vil\u00e1g elt\u00e1ntor\u00edtson a hitedt\u0151l. T\u00f6ltsd le m\u00e9g ma az egyik alkalmaz\u00e1st, \u00e9s kezdd el \u00e1talak\u00edtani az \u00e9leted vele. <strong>Katolikus Biblia mobiltelefonon<\/strong>Ingyenes, egyszer\u0171 \u00e9s rendk\u00edv\u00fcl hat\u00e9kony.<\/p>\n\n\n\n<p>Kattints a linkekre, v\u00e1laszd ki a neked legmegfelel\u0151bb alkalmaz\u00e1st, \u00e9s kezdj el egy \u00faj spiritu\u00e1lis szakaszt a tenyeredb\u0151l. Mert amikor Isten Ig\u00e9je van veled, soha nem vagy egyed\u00fcl.<\/p>","protected":false},"excerpt":{"rendered":"<p>Hit egy karny\u00fajt\u00e1snyira. Mit keresel? Ugyanott maradsz. Tudtad, hogy a katolikus Bibli\u00e1t b\u00e1rhov\u00e1 magaddal viheted? Manaps\u00e1g, a technol\u00f3gi\u00e1nak k\u00f6sz\u00f6nhet\u0151en, nincs sz\u00fcks\u00e9ged fizikai k\u00f6nyvre ahhoz, hogy kapcsolatba l\u00e9pj Isten Ig\u00e9j\u00e9vel. Egyetlen gombnyom\u00e1ssal a nap b\u00e1rmely szak\u00e1ban megnyithatod a Bibli\u00e1dat.<\/p>","protected":false},"author":139,"featured_media":9535,"comment_status":"closed","ping_status":"open","sticky":false,"template":"","format":"standard","meta":{"footnotes":""},"categories":[3],"tags":[2325,2161,2327,2326,2324],"yoast_head":"<!-- This site is optimized with the Yoast SEO plugin v23.3 - https:\/\/yoast.com\/wordpress\/plugins\/seo\/ -->\n<title>Descubre la Biblia Cat\u00f3lica en tu celular - Universo Fam\u00edlia<\/title>\n<meta name=\"description\" content=\"Descubre la Biblia Cat\u00f3lica en tu celular. \u00bfSab\u00edas que puedes llevar la Biblia Cat\u00f3lica contigo a todas partes?\" \/>\n<meta name=\"robots\" content=\"index, follow, max-snippet:-1, max-image-preview:large, max-video-preview:-1\" \/>\n<link rel=\"canonical\" href=\"http:\/\/universofamilia.com\/hu\/descubre-la-biblia-catolica-en-tu-celular\/\" \/>\n<meta property=\"og:locale\" content=\"hu_HU\" \/>\n<meta property=\"og:type\" content=\"article\" \/>\n<meta property=\"og:title\" content=\"Descubre la Biblia Cat\u00f3lica en tu celular - Universo Fam\u00edlia\" \/>\n<meta property=\"og:description\" content=\"Descubre la Biblia Cat\u00f3lica en tu celular. \u00bfSab\u00edas que puedes llevar la Biblia Cat\u00f3lica contigo a todas partes?\" \/>\n<meta property=\"og:url\" content=\"http:\/\/universofamilia.com\/hu\/descubre-la-biblia-catolica-en-tu-celular\/\" \/>\n<meta property=\"og:site_name\" content=\"Universo Fam\u00edlia\" \/>\n<meta property=\"article:published_time\" content=\"2025-06-17T19:48:51+00:00\" \/>\n<meta property=\"article:modified_time\" content=\"2025-06-23T13:29:04+00:00\" \/>\n<meta property=\"og:image\" content=\"http:\/\/universofamilia.com\/wp-content\/uploads\/sites\/148\/2025\/06\/DESTAQUE-UNIVERSO-550-x-350-8.jpg\" \/>\n\t<meta property=\"og:image:width\" content=\"550\" \/>\n\t<meta property=\"og:image:height\" content=\"350\" \/>\n\t<meta property=\"og:image:type\" content=\"image\/jpeg\" \/>\n<meta name=\"author\" content=\"Pedro Henrique\" \/>\n<meta name=\"twitter:card\" content=\"summary_large_image\" \/>\n<meta name=\"twitter:label1\" content=\"Written by\" \/>\n\t<meta name=\"twitter:data1\" content=\"Pedro Henrique\" \/>\n\t<meta name=\"twitter:label2\" content=\"Est. reading time\" \/>\n\t<meta name=\"twitter:data2\" content=\"8 perc\" \/>\n<script type=\"application\/ld+json\" class=\"yoast-schema-graph\">{\"@context\":\"https:\/\/schema.org\",\"@graph\":[{\"@type\":\"WebPage\",\"@id\":\"http:\/\/universofamilia.com\/sr\/descubre-la-biblia-catolica-en-tu-celular\/\",\"url\":\"http:\/\/universofamilia.com\/sr\/descubre-la-biblia-catolica-en-tu-celular\/\",\"name\":\"Descubre la Biblia Cat\u00f3lica en tu celular - Universo Fam\u00edlia\",\"isPartOf\":{\"@id\":\"https:\/\/universofamilia.com\/el\/#website\"},\"primaryImageOfPage\":{\"@id\":\"http:\/\/universofamilia.com\/sr\/descubre-la-biblia-catolica-en-tu-celular\/#primaryimage\"},\"image\":{\"@id\":\"http:\/\/universofamilia.com\/sr\/descubre-la-biblia-catolica-en-tu-celular\/#primaryimage\"},\"thumbnailUrl\":\"https:\/\/universofamilia.com\/wp-content\/uploads\/sites\/148\/2025\/06\/DESTAQUE-UNIVERSO-550-x-350-8.jpg\",\"datePublished\":\"2025-06-17T19:48:51+00:00\",\"dateModified\":\"2025-06-23T13:29:04+00:00\",\"author\":{\"@id\":\"https:\/\/universofamilia.com\/el\/#\/schema\/person\/f07ce98187dd84d31154262e79b3b7ca\"},\"description\":\"Descubre la Biblia Cat\u00f3lica en tu celular. \u00bfSab\u00edas que puedes llevar la Biblia Cat\u00f3lica contigo a todas partes?\",\"breadcrumb\":{\"@id\":\"http:\/\/universofamilia.com\/sr\/descubre-la-biblia-catolica-en-tu-celular\/#breadcrumb\"},\"inLanguage\":\"hu\",\"potentialAction\":[{\"@type\":\"ReadAction\",\"target\":[\"http:\/\/universofamilia.com\/sr\/descubre-la-biblia-catolica-en-tu-celular\/\"]}]},{\"@type\":\"ImageObject\",\"inLanguage\":\"hu\",\"@id\":\"http:\/\/universofamilia.com\/sr\/descubre-la-biblia-catolica-en-tu-celular\/#primaryimage\",\"url\":\"https:\/\/universofamilia.com\/wp-content\/uploads\/sites\/148\/2025\/06\/DESTAQUE-UNIVERSO-550-x-350-8.jpg\",\"contentUrl\":\"https:\/\/universofamilia.com\/wp-content\/uploads\/sites\/148\/2025\/06\/DESTAQUE-UNIVERSO-550-x-350-8.jpg\",\"width\":550,\"height\":350,\"caption\":\"Descubre la Biblia Cat\u00f3lica en tu celular\"},{\"@type\":\"BreadcrumbList\",\"@id\":\"http:\/\/universofamilia.com\/sr\/descubre-la-biblia-catolica-en-tu-celular\/#breadcrumb\",\"itemListElement\":[{\"@type\":\"ListItem\",\"position\":1,\"name\":\"Home\",\"item\":\"https:\/\/universofamilia.com\/el\/\"},{\"@type\":\"ListItem\",\"position\":2,\"name\":\"Descubre la Biblia Cat\u00f3lica en tu celular\"}]},{\"@type\":\"WebSite\",\"@id\":\"https:\/\/universofamilia.com\/el\/#website\",\"url\":\"https:\/\/universofamilia.com\/el\/\",\"name\":\"Universo Fam\u00edlia\",\"description\":\"\",\"potentialAction\":[{\"@type\":\"SearchAction\",\"target\":{\"@type\":\"EntryPoint\",\"urlTemplate\":\"https:\/\/universofamilia.com\/el\/?s={search_term_string}\"},\"query-input\":\"required name=search_term_string\"}],\"inLanguage\":\"hu\"},{\"@type\":\"Person\",\"@id\":\"https:\/\/universofamilia.com\/el\/#\/schema\/person\/f07ce98187dd84d31154262e79b3b7ca\",\"name\":\"Pedro Henrique\",\"image\":{\"@type\":\"ImageObject\",\"inLanguage\":\"hu\",\"@id\":\"https:\/\/universofamilia.com\/el\/#\/schema\/person\/image\/\",\"url\":\"https:\/\/secure.gravatar.com\/avatar\/9edfeb808cb4e1599f64d6e45b130154?s=96&d=mm&r=g\",\"contentUrl\":\"https:\/\/secure.gravatar.com\/avatar\/9edfeb808cb4e1599f64d6e45b130154?s=96&d=mm&r=g\",\"caption\":\"Pedro Henrique\"},\"url\":\"https:\/\/universofamilia.com\/hu\/author\/editor01\/\"}]}<\/script>\n<!-- \/ Yoast SEO plugin. -->","yoast_head_json":{"title":"Descubre la Biblia Cat\u00f3lica en tu celular - Universo Fam\u00edlia","description":"Descubre la Biblia Cat\u00f3lica en tu celular. \u00bfSab\u00edas que puedes llevar la Biblia Cat\u00f3lica contigo a todas partes?","robots":{"index":"index","follow":"follow","max-snippet":"max-snippet:-1","max-image-preview":"max-image-preview:large","max-video-preview":"max-video-preview:-1"},"canonical":"http:\/\/universofamilia.com\/hu\/descubre-la-biblia-catolica-en-tu-celular\/","og_locale":"hu_HU","og_type":"article","og_title":"Descubre la Biblia Cat\u00f3lica en tu celular - Universo Fam\u00edlia","og_description":"Descubre la Biblia Cat\u00f3lica en tu celular. \u00bfSab\u00edas que puedes llevar la Biblia Cat\u00f3lica contigo a todas partes?","og_url":"http:\/\/universofamilia.com\/hu\/descubre-la-biblia-catolica-en-tu-celular\/","og_site_name":"Universo Fam\u00edlia","article_published_time":"2025-06-17T19:48:51+00:00","article_modified_time":"2025-06-23T13:29:04+00:00","og_image":[{"width":550,"height":350,"url":"http:\/\/universofamilia.com\/wp-content\/uploads\/sites\/148\/2025\/06\/DESTAQUE-UNIVERSO-550-x-350-8.jpg","type":"image\/jpeg"}],"author":"Pedro Henrique","twitter_card":"summary_large_image","twitter_misc":{"Written by":"Pedro Henrique","Est. reading time":"8 perc"},"schema":{"@context":"https:\/\/schema.org","@graph":[{"@type":"WebPage","@id":"http:\/\/universofamilia.com\/sr\/descubre-la-biblia-catolica-en-tu-celular\/","url":"http:\/\/universofamilia.com\/sr\/descubre-la-biblia-catolica-en-tu-celular\/","name":"Descubre la Biblia Cat\u00f3lica en tu celular - Universo Fam\u00edlia","isPartOf":{"@id":"https:\/\/universofamilia.com\/el\/#website"},"primaryImageOfPage":{"@id":"http:\/\/universofamilia.com\/sr\/descubre-la-biblia-catolica-en-tu-celular\/#primaryimage"},"image":{"@id":"http:\/\/universofamilia.com\/sr\/descubre-la-biblia-catolica-en-tu-celular\/#primaryimage"},"thumbnailUrl":"https:\/\/universofamilia.com\/wp-content\/uploads\/sites\/148\/2025\/06\/DESTAQUE-UNIVERSO-550-x-350-8.jpg","datePublished":"2025-06-17T19:48:51+00:00","dateModified":"2025-06-23T13:29:04+00:00","author":{"@id":"https:\/\/universofamilia.com\/el\/#\/schema\/person\/f07ce98187dd84d31154262e79b3b7ca"},"description":"Descubre la Biblia Cat\u00f3lica en tu celular. \u00bfSab\u00edas que puedes llevar la Biblia Cat\u00f3lica contigo a todas partes?","breadcrumb":{"@id":"http:\/\/universofamilia.com\/sr\/descubre-la-biblia-catolica-en-tu-celular\/#breadcrumb"},"inLanguage":"hu","potentialAction":[{"@type":"ReadAction","target":["http:\/\/universofamilia.com\/sr\/descubre-la-biblia-catolica-en-tu-celular\/"]}]},{"@type":"ImageObject","inLanguage":"hu","@id":"http:\/\/universofamilia.com\/sr\/descubre-la-biblia-catolica-en-tu-celular\/#primaryimage","url":"https:\/\/universofamilia.com\/wp-content\/uploads\/sites\/148\/2025\/06\/DESTAQUE-UNIVERSO-550-x-350-8.jpg","contentUrl":"https:\/\/universofamilia.com\/wp-content\/uploads\/sites\/148\/2025\/06\/DESTAQUE-UNIVERSO-550-x-350-8.jpg","width":550,"height":350,"caption":"Descubre la Biblia Cat\u00f3lica en tu celular"},{"@type":"BreadcrumbList","@id":"http:\/\/universofamilia.com\/sr\/descubre-la-biblia-catolica-en-tu-celular\/#breadcrumb","itemListElement":[{"@type":"ListItem","position":1,"name":"Home","item":"https:\/\/universofamilia.com\/el\/"},{"@type":"ListItem","position":2,"name":"Descubre la Biblia Cat\u00f3lica en tu celular"}]},{"@type":"WebSite","@id":"https:\/\/universofamilia.com\/el\/#website","url":"https:\/\/universofamilia.com\/el\/","name":"Universo Fam\u00edlia","description":"","potentialAction":[{"@type":"SearchAction","target":{"@type":"EntryPoint","urlTemplate":"https:\/\/universofamilia.com\/el\/?s={search_term_string}"},"query-input":"required name=search_term_string"}],"inLanguage":"hu"},{"@type":"Person","@id":"https:\/\/universofamilia.com\/el\/#\/schema\/person\/f07ce98187dd84d31154262e79b3b7ca","name":"Pedro Henrique","image":{"@type":"ImageObject","inLanguage":"hu","@id":"https:\/\/universofamilia.com\/el\/#\/schema\/person\/image\/","url":"https:\/\/secure.gravatar.com\/avatar\/9edfeb808cb4e1599f64d6e45b130154?s=96&d=mm&r=g","contentUrl":"https:\/\/secure.gravatar.com\/avatar\/9edfeb808cb4e1599f64d6e45b130154?s=96&d=mm&r=g","caption":"Pedro Henrique"},"url":"https:\/\/universofamilia.com\/hu\/author\/editor01\/"}]}},"_links":{"self":[{"href":"https:\/\/universofamilia.com\/hu\/wp-json\/wp\/v2\/posts\/9533"}],"collection":[{"href":"https:\/\/universofamilia.com\/hu\/wp-json\/wp\/v2\/posts"}],"about":[{"href":"https:\/\/universofamilia.com\/hu\/wp-json\/wp\/v2\/types\/post"}],"author":[{"embeddable":true,"href":"https:\/\/universofamilia.com\/hu\/wp-json\/wp\/v2\/users\/139"}],"replies":[{"embeddable":true,"href":"https:\/\/universofamilia.com\/hu\/wp-json\/wp\/v2\/comments?post=9533"}],"version-history":[{"count":1,"href":"https:\/\/universofamilia.com\/hu\/wp-json\/wp\/v2\/posts\/9533\/revisions"}],"predecessor-version":[{"id":9536,"href":"https:\/\/universofamilia.com\/hu\/wp-json\/wp\/v2\/posts\/9533\/revisions\/9536"}],"wp:featuredmedia":[{"embeddable":true,"href":"https:\/\/universofamilia.com\/hu\/wp-json\/wp\/v2\/media\/9535"}],"wp:attachment":[{"href":"https:\/\/universofamilia.com\/hu\/wp-json\/wp\/v2\/media?parent=9533"}],"wp:term":[{"taxonomy":"category","embeddable":true,"href":"https:\/\/universofamilia.com\/hu\/wp-json\/wp\/v2\/categories?post=9533"},{"taxonomy":"post_tag","embeddable":true,"href":"https:\/\/universofamilia.com\/hu\/wp-json\/wp\/v2\/tags?post=9533"}],"curies":[{"name":"wp","href":"https:\/\/api.w.org\/{rel}","templated":true}]}}