{"id":9538,"date":"2025-06-18T19:36:03","date_gmt":"2025-06-18T19:36:03","guid":{"rendered":"https:\/\/universofamilia.com\/?p=9538"},"modified":"2025-06-18T19:36:06","modified_gmt":"2025-06-18T19:36:06","slug":"conoce-personas-cerca-de-ti-con-esta-app-gratuita","status":"publish","type":"post","link":"https:\/\/universofamilia.com\/hu\/conoce-personas-cerca-de-ti-con-esta-app-gratuita\/","title":{"rendered":"Tal\u00e1lkozz a k\u00f6rny\u00e9keden l\u00e9v\u0151 emberekkel ezzel az ingyenes alkalmaz\u00e1ssal"},"content":{"rendered":"<h3 class=\"wp-block-heading has-text-align-center\">Volt\u00e1l m\u00e1r valaha? <strong>csak az \u00e9rtelem?<\/strong><\/h3>\n\n\n\n<p><\/p>\n\n\n\n<hr class=\"wp-block-separator has-alpha-channel-opacity is-style-wide\" \/>\n\n\n\n<h5 class=\"wp-block-heading has-text-align-center\"><strong><mark class=\"has-inline-color has-vivid-cyan-blue-color\">V\u00e1lasszon egyet a lehet\u0151s\u00e9gek k\u00f6z\u00fcl!<\/mark><\/strong><\/h5>\n\n\n    <section class=\"mx-1 my-10\">\n                                                <a href=\"https:\/\/universofamilia.com\/hu\/aplicaciones-de-citas-2\/\" class=\"text-white\" data-analytics-label=\"optionsButton\"\n                    data-action=\"analytics#trackCTA\">\n                    <div data-options-target=\"option\"\n                        class=\"custom-section rounded-xl border p-3 shadow-md w-full bg-green-700 my-3\">\n                        <div class=\"flex w-full items-center justify-between\">\n                            <div class=\"flex items-center space-x-3\">\n                                <div class=\"text-lg font-bold\">\n                                    Tal\u00e1lkozz a k\u00f6zeledben l\u00e9v\u0151 emberekkel! \u279d\n                                <\/div>\n                            <\/div>\n                        <\/div>\n                    <\/div>\n                <\/a>\n                                                            <a href=\"https:\/\/universofamilia.com\/hu\/descubriendo-nuevas-amistades\/\" class=\"text-white\" data-analytics-label=\"optionsButton\"\n                    data-action=\"analytics#trackCTA\">\n                    <div data-options-target=\"option\"\n                        class=\"custom-section rounded-xl border p-3 shadow-md w-full bg-green-700 my-3\">\n                        <div class=\"flex w-full items-center justify-between\">\n                            <div class=\"flex items-center space-x-3\">\n                                <div class=\"text-lg font-bold\">\n                                    N\u00e9zd meg, ki van a k\u00f6zelben! \u279d\n                                <\/div>\n                            <\/div>\n                        <\/div>\n                    <\/div>\n                <\/a>\n                            <p class=\"text-xs text-gray-500 text-right hidden\"\n            style=\"margin-left: 50%; margin-bottom: 50px; margin-top: 5px;\">\n            <!-- You will be redirected to another website -->\n        <\/p>\n    <\/section>\n\n\n\n\n<p class=\"has-text-align-right\"><strong><em>Ugyanott fog maradni!<\/em><\/strong><\/p>\n\n\n\n<hr class=\"wp-block-separator has-alpha-channel-opacity is-style-wide\" \/>\n\n\n\n<p><\/p>\n\n\n\n<p><strong>Tal\u00e1lkozz a k\u00f6rny\u00e9keden l\u00e9v\u0151 emberekkel ezzel az ingyenes alkalmaz\u00e1ssal<\/strong>Manaps\u00e1g egy mobiltelefon birtokl\u00e1sa olyan, mintha egy nyitott ajt\u00f3 lenne a vil\u00e1gra.<\/p>\n\n\n\n<p>N\u00e9ha csak azt kell tudnunk, hol keress\u00fck.<\/p>\n\n\n\n<p>K\u00e9pzeld el, hogy komplik\u00e1ci\u00f3k n\u00e9lk\u00fcl tudsz besz\u00e9lni valakivel, aki a k\u00f6rny\u00e9keden lakik, csup\u00e1n n\u00e9h\u00e1ny h\u00e1zt\u00f6mbnyire.<\/p>\n\n\n\n<p>A randialkalmaz\u00e1sok mindenkinek sz\u00f3lnak, m\u00e9g akkor is, ha nem vagy t\u00fal j\u00e1rtas a technol\u00f3gi\u00e1ban. Csak k\u00edv\u00e1ncsis\u00e1gra \u00e9s egy kis v\u00e1gyra van sz\u00fcks\u00e9ged.<\/p>\n\n\n\n<p>Mi lenne, ha ma lenne a nap, amikor \u00faj bar\u00e1tot szerezt\u00e9l? Mi lenne, ha ez a szem\u00e9ly k\u00f6zelebb \u00e1ll hozz\u00e1d, mint gondoln\u00e1d?<\/p>\n\n\n\n<p>Ez a cikk neked sz\u00f3l, aki \u0151szinte besz\u00e9lget\u00e9sre, igazi bar\u00e1ts\u00e1gra vagy egyszer\u0171en csak kellemes pillanatok megoszt\u00e1s\u00e1ra v\u00e1gysz otthonr\u00f3l.<\/p>\n\n\n\n<p>Itt l\u00e9p\u00e9sr\u0151l l\u00e9p\u00e9sre, vil\u00e1gos p\u00e9ld\u00e1kkal \u00e9s magyar\u00e1zatokkal megtanulhatod, hogyan kell haszn\u00e1lni az ingyenes, m\u0171k\u00f6d\u0151 alkalmaz\u00e1sokat.<\/p>\n\n\n\n<p>Nem sz\u00e1m\u00edt, hogy 18 vagy 80 \u00e9ves vagy. <a href=\"https:\/\/universofamilia.com\/hu\/aplicaciones-de-citas-2\/\">A mag\u00e1nynak nincs kora.<\/a> \u00c9s a bar\u00e1ts\u00e1g sem.<\/p>\n\n\n\n<p><\/p>\n\n\n\n<hr class=\"wp-block-separator has-alpha-channel-opacity is-style-wide\" \/>\n\n\n\n<h5 class=\"wp-block-heading has-text-align-center\"><strong><mark class=\"has-inline-color has-vivid-cyan-blue-color\">V\u00e1lasszon egyet a lehet\u0151s\u00e9gek k\u00f6z\u00fcl!<\/mark><\/strong><\/h5>\n\n\n    <section class=\"mx-1 my-10\">\n                                                <a href=\"https:\/\/universofamilia.com\/hu\/aplicaciones-de-citas-2\/\" class=\"text-white\" data-analytics-label=\"optionsButton\"\n                    data-action=\"analytics#trackCTA\">\n                    <div data-options-target=\"option\"\n                        class=\"custom-section rounded-xl border p-3 shadow-md w-full bg-green-700 my-3\">\n                        <div class=\"flex w-full items-center justify-between\">\n                            <div class=\"flex items-center space-x-3\">\n                                <div class=\"text-lg font-bold\">\n                                    Csevegj most! \u279d\n                                <\/div>\n                            <\/div>\n                        <\/div>\n                    <\/div>\n                <\/a>\n                                                            <a href=\"https:\/\/universofamilia.com\/hu\/descubriendo-nuevas-amistades\/\" class=\"text-white\" data-analytics-label=\"optionsButton\"\n                    data-action=\"analytics#trackCTA\">\n                    <div data-options-target=\"option\"\n                        class=\"custom-section rounded-xl border p-3 shadow-md w-full bg-green-700 my-3\">\n                        <div class=\"flex w-full items-center justify-between\">\n                            <div class=\"flex items-center space-x-3\">\n                                <div class=\"text-lg font-bold\">\n                                    Alkalmi kapcsolatok \u279d\n                                <\/div>\n                            <\/div>\n                        <\/div>\n                    <\/div>\n                <\/a>\n                                                            <a href=\"https:\/\/universofamilia.com\/hu\/el-amor-a-un-clic\/\" class=\"text-white\" data-analytics-label=\"optionsButton\"\n                    data-action=\"analytics#trackCTA\">\n                    <div data-options-target=\"option\"\n                        class=\"custom-section rounded-xl border p-3 shadow-md w-full bg-green-700 my-3\">\n                        <div class=\"flex w-full items-center justify-between\">\n                            <div class=\"flex items-center space-x-3\">\n                                <div class=\"text-lg font-bold\">\n                                    50 \u00e9v felettiek \u279d\n                                <\/div>\n                            <\/div>\n                        <\/div>\n                    <\/div>\n                <\/a>\n                            <p class=\"text-xs text-gray-500 text-right hidden\"\n            style=\"margin-left: 50%; margin-bottom: 50px; margin-top: 5px;\">\n            <!-- You will be redirected to another website -->\n        <\/p>\n    <\/section>\n\n\n\n\n<p class=\"has-text-align-right\"><strong><em>Ugyanott fog maradni!<\/em><\/strong><\/p>\n\n\n\n<hr class=\"wp-block-separator has-alpha-channel-opacity is-style-wide\" \/>\n\n\n\n<p><\/p>\n\n\n\n<h2 class=\"wp-block-heading\">Amit ebben a cikkben tal\u00e1lsz<\/h2>\n\n\n\n<ul>\n<li>Hogyan ismerkedj meg a k\u00f6zeledben \u00e9l\u0151kkel, csak a mobiltelefonoddal<\/li>\n\n\n\n<li>A 3 legjobb ingyenes \u00e9s megb\u00edzhat\u00f3 spanyol nyelv\u0171 alkalmaz\u00e1s<\/li>\n\n\n\n<li>Vil\u00e1gos utas\u00edt\u00e1sok a null\u00e1r\u00f3l val\u00f3 kezd\u00e9shez<\/li>\n\n\n\n<li>Gyakorlati tippek a j\u00f3 \u00e9lm\u00e9nyhez<\/li>\n\n\n\n<li>Val\u00f3di t\u00f6rt\u00e9netek olyan emberekt\u0151l, mint te, akik m\u00e1r haszn\u00e1lj\u00e1k ezeket az alkalmaz\u00e1sokat<\/li>\n<\/ul>\n\n\n\n<h2 class=\"wp-block-heading\">Mi\u00e9rt \u00e9rdemes alkalmaz\u00e1st haszn\u00e1lni az emberekkel val\u00f3 tal\u00e1lkoz\u00e1shoz?<\/h2>\n\n\n\n<p>R\u00e9gebben az \u00faj emberekkel val\u00f3 tal\u00e1lkoz\u00e1s azt jelentette, hogy elment\u00fcnk sz\u00f3rakozni, buliba, templomba, gy\u0171l\u00e9sre. Ma mindez otthonunk k\u00e9nyelm\u00e9b\u0151l megt\u00f6rt\u00e9nhet.<\/p>\n\n\n\n<p>A t\u00e1rskeres\u0151 alkalmaz\u00e1sok a tart\u00f3zkod\u00e1si helyed alapj\u00e1n m\u0171k\u00f6dnek.<\/p>\n\n\n\n<p>Ez azt jelenti, hogy l\u00e1thatja, ki van a k\u00f6zelben, cseveghet, megoszthatja \u00e9rdekl\u0151d\u00e9si k\u00f6reit, \u00e9s ha sz\u00fcks\u00e9ges, ak\u00e1r szem\u00e9lyesen is biztons\u00e1gosan tal\u00e1lkozhat.<\/p>\n\n\n\n<p>Ezek az alkalmaz\u00e1sok val\u00f3di embereknek, val\u00f3di \u00e9letekkel rendelkez\u0151knek k\u00e9sz\u00fcltek.<\/p>\n\n\n\n<p>Biztons\u00e1gosak, k\u00f6nnyen haszn\u00e1lhat\u00f3ak \u00e9s spanyol nyelv\u0171ek.<\/p>\n\n\n\n<p>N\u00e9h\u00e1nyuk speci\u00e1lis funkci\u00f3kkal rendelkezik az id\u0151sebb feln\u0151ttek vagy azok sz\u00e1m\u00e1ra, akik m\u00e9g soha nem haszn\u00e1ltak k\u00f6z\u00f6ss\u00e9gi h\u00e1l\u00f3zatot.<\/p>\n\n\n\n<p>\u00c9s a legjobb az eg\u00e9szben: sok k\u00f6z\u00fcl\u00fck teljesen ingyenes.<\/p>\n\n\n\n<p><\/p>\n\n\n\n<hr class=\"wp-block-separator has-alpha-channel-opacity is-style-wide\" \/>\n\n\n\n<h4 class=\"wp-block-heading has-text-align-center\"><strong><mark class=\"has-inline-color has-luminous-vivid-orange-color\">Olvasd el ezt is<\/mark><\/strong><\/h4>\n\n\n    <section class=\"mx-1 my-10\">\n                                                <a href=\"https:\/\/universofamilia.com\/hu\/lp-filmes-asiaticos\/\" class=\"text-white\" data-analytics-label=\"optionsButton\"\n                    data-action=\"analytics#trackCTA\">\n                    <div data-options-target=\"option\"\n                        class=\"custom-section rounded-xl border p-3 shadow-md w-full bg-green-700 my-3\">\n                        <div class=\"flex w-full items-center justify-between\">\n                            <div class=\"flex items-center space-x-3\">\n                                <div class=\"text-lg font-bold\">\n                                    App koreai dr\u00e1m\u00e1k n\u00e9z\u00e9s\u00e9hez \u279d\n                                <\/div>\n                            <\/div>\n                        <\/div>\n                    <\/div>\n                <\/a>\n                                                            <a href=\"https:\/\/universofamilia.com\/hu\/lp-recuperar-fotos\/\" class=\"text-white\" data-analytics-label=\"optionsButton\"\n                    data-action=\"analytics#trackCTA\">\n                    <div data-options-target=\"option\"\n                        class=\"custom-section rounded-xl border p-3 shadow-md w-full bg-green-700 my-3\">\n                        <div class=\"flex w-full items-center justify-between\">\n                            <div class=\"flex items-center space-x-3\">\n                                <div class=\"text-lg font-bold\">\n                                    T\u00f6r\u00f6lt fot\u00f3k helyre\u00e1ll\u00edt\u00e1sa ezzel az alkalmaz\u00e1ssal!  \u279d\n                                <\/div>\n                            <\/div>\n                        <\/div>\n                    <\/div>\n                <\/a>\n                                                            <a href=\"https:\/\/universofamilia.com\/hu\/el-amor-a-un-clic\/\" class=\"text-white\" data-analytics-label=\"optionsButton\"\n                    data-action=\"analytics#trackCTA\">\n                    <div data-options-target=\"option\"\n                        class=\"custom-section rounded-xl border p-3 shadow-md w-full bg-green-700 my-3\">\n                        <div class=\"flex w-full items-center justify-between\">\n                            <div class=\"flex items-center space-x-3\">\n                                <div class=\"text-lg font-bold\">\n                                    Fedezd fel az ide\u00e1lis t\u00e1rskeres\u0151 alkalmaz\u00e1st \u279d\n                                <\/div>\n                            <\/div>\n                        <\/div>\n                    <\/div>\n                <\/a>\n                            <p class=\"text-xs text-gray-500 text-right hidden\"\n            style=\"margin-left: 50%; margin-bottom: 50px; margin-top: 5px;\">\n            <!-- You will be redirected to another website -->\n        <\/p>\n    <\/section>\n\n\n\n\n<p class=\"has-text-align-right\"><em><strong><em><strong><em><strong><em><strong><em><strong>Ugyanott fog maradni!<\/strong><\/em><\/strong><\/em><\/strong><\/em><\/strong><\/em><\/strong><\/em><\/p>\n\n\n\n<hr class=\"wp-block-separator has-alpha-channel-opacity is-style-wide\" \/>\n\n\n\n<p><\/p>\n\n\n\n<h2 class=\"wp-block-heading\">Biztons\u00e1gos emberekkel tal\u00e1lkozni alkalmaz\u00e1sokon kereszt\u00fcl?<\/h2>\n\n\n\n<p>Igen, ha tudod, hogyan kell \u0151ket megfelel\u0151en haszn\u00e1lni. \u00cdme n\u00e9h\u00e1ny alapvet\u0151 tipp:<\/p>\n\n\n\n<ul>\n<li>Haszn\u00e1lj val\u00f3di fot\u00f3t, de ne adj meg t\u00fal sok szem\u00e9lyes inform\u00e1ci\u00f3t.<\/li>\n\n\n\n<li>Ne oszd meg a c\u00edmedet, telefonsz\u00e1modat vagy banksz\u00e1mlaadataidat<\/li>\n\n\n\n<li>Besz\u00e9lj az alkalmaz\u00e1son bel\u00fcl, ne azon k\u00edv\u00fcl, am\u00edg k\u00e9nyelmesen nem \u00e9rzed magad.<\/li>\n\n\n\n<li>Ha \u00fagy d\u00f6ntesz, hogy szem\u00e9lyesen tal\u00e1lkozol valakivel, tedd azt nyilv\u00e1nos helyen.<\/li>\n<\/ul>\n\n\n\n<p>Ne feledd: te ir\u00e1ny\u00edtasz. Senki sem k\u00e9nyszer\u00edt semmire. B\u00e1rmikor abbahagyhatod a besz\u00e9lget\u00e9st valakivel.<\/p>\n\n\n\n<p>\u00c9s elt\u00e1vol\u00edthatod az alkalmaz\u00e1st, ha nem tetszik.<\/p>\n\n\n\n<h2 class=\"wp-block-heading\">Mire van sz\u00fcks\u00e9ged a kezd\u00e9shez?<\/h2>\n\n\n\n<p>Csak h\u00e1rom dolog:<\/p>\n\n\n\n<ul>\n<li>Mobiltelefon internet-hozz\u00e1f\u00e9r\u00e9ssel (nem kell \u00fajnak lennie)<\/li>\n\n\n\n<li>Google-fi\u00f3k a Play \u00c1ruh\u00e1zba val\u00f3 bejelentkez\u00e9shez<\/li>\n\n\n\n<li>Egy kis id\u0151 az alkalmaz\u00e1s felfedez\u00e9s\u00e9re \u00e9s a profilod l\u00e9trehoz\u00e1s\u00e1ra<\/li>\n<\/ul>\n\n\n\n<p>Nem kell angolul tudnod, vagy b\u00e1rmilyen technikai tud\u00e1ssal rendelkezned. L\u00e9p\u00e9sr\u0151l l\u00e9p\u00e9sre v\u00e9gigvezet\u00fcnk rajta.<\/p>\n\n\n\n<h2 class=\"wp-block-heading\">A legjobb ingyenes alkalmaz\u00e1sok, hogy emberekkel tal\u00e1lkozz a k\u00f6zeledben<\/h2>\n\n\n\n<p>Bemutatjuk a h\u00e1rom, minden koroszt\u00e1ly \u00e1ltal legink\u00e1bb aj\u00e1nlott alkalmaz\u00e1st.<\/p>\n\n\n\n<p>Spanyolul vannak, ingyenesek \u00e9s t\u00f6bb milli\u00f3 let\u00f6lt\u00e9s\u00fck van.<\/p>\n\n\n\n<h3 class=\"wp-block-heading\">1. <a href=\"https:\/\/tinder.com\/pt\/download\">Tapl\u00f3<\/a><\/h3>\n\n\n\n<p>A Tinder a vil\u00e1g egyik legn\u00e9pszer\u0171bb alkalmaz\u00e1sa. El\u0151nye az egyszer\u0171s\u00e9ge.<\/p>\n\n\n\n<p>Csak h\u00fazd el az ujjad, hogy jelezd, ha valaki tetszik neked. Ha \u0151 is viszonozza a ked\u00e9lyeket, elkezdhettek besz\u00e9lgetni.<\/p>\n\n\n\n<p><strong>Ami a legjobban tetszik:<\/strong><\/p>\n\n\n\n<ul>\n<li>Kereshet t\u00e1vols\u00e1g, \u00e9letkor \u00e9s preferenci\u00e1k alapj\u00e1n<\/li>\n\n\n\n<li>Sok felhaszn\u00e1l\u00f3ja van, ami n\u00f6veli a lehet\u0151s\u00e9geket<\/li>\n\n\n\n<li>A cseveg\u00e9s egyszer\u0171 \u00e9s k\u00f6zvetlen, komplik\u00e1ci\u00f3k n\u00e9lk\u00fcl.<\/li>\n<\/ul>\n\n\n\n<p><strong>Hasznos tipp:<\/strong> A Tindert bar\u00e1ts\u00e1g vagy randi m\u00f3dban is haszn\u00e1lhatod, a preferenci\u00e1idt\u00f3l f\u00fcgg\u0151en. Nem kell fizetned a haszn\u00e1lat\u00e1\u00e9rt.<\/p>\n\n\n\n<p><\/p>\n\n\n\n<hr class=\"wp-block-separator has-alpha-channel-opacity is-style-wide\" \/>\n\n\n\n<h5 class=\"wp-block-heading has-text-align-left\"><strong><mark class=\"has-inline-color has-luminous-vivid-amber-color\"><strong><mark class=\"has-inline-color has-luminous-vivid-amber-color\"><a>\ud83d\udc49 <\/a><strong><mark class=\"has-inline-color has-luminous-vivid-amber-color\"><strong>T\u00f6ltsd le az alkalmaz\u00e1st:<\/strong><\/mark><\/strong><\/mark><\/strong><\/mark><\/strong><\/h5>\n\n\n    <section class=\"mx-1 my-10\">\n                                                <a href=\"https:\/\/tinder.com\/pt\/download\" class=\"text-white\" data-analytics-label=\"optionsButton\"\n                    data-action=\"analytics#trackCTA\">\n                    <div data-options-target=\"option\"\n                        class=\"custom-section rounded-xl border p-3 shadow-md w-full bg-green-700 my-3\">\n                        <div class=\"flex w-full items-center justify-between\">\n                            <div class=\"flex items-center space-x-3\">\n                                <div class=\"text-lg font-bold\">\n                                    Tinder \u279d\n                                <\/div>\n                            <\/div>\n                        <\/div>\n                    <\/div>\n                <\/a>\n                            <p class=\"text-xs text-gray-500 text-right\"\n            style=\"margin-left: 50%; margin-bottom: 50px; margin-top: 5px;\">\n            <!-- You will be redirected to another website -->\n        <\/p>\n    <\/section>\n\n\n\n\n<p class=\"has-text-align-right\"><em><strong><em><strong><em><strong><em><strong><em><strong><em><strong><em><strong><em><strong><em><strong><em><strong>\u00c1t leszel ir\u00e1ny\u00edtva egy m\u00e1sik oldalra!<\/strong><\/em><\/strong><\/em><\/strong><\/em><\/strong><\/em><\/strong><\/em><\/strong><\/em><\/strong><\/em><\/strong><\/em><\/strong><\/em><\/strong><\/em><\/p>\n\n\n\n<hr class=\"wp-block-separator has-alpha-channel-opacity is-style-wide\" \/>\n\n\n\n<p><\/p>\n\n\n\n<h3 class=\"wp-block-heading\">2. Bumble<\/h3>\n\n\n\n<p>A Bumble kiemelkedik a tisztelet el\u0151mozd\u00edt\u00e1s\u00e1ban. Ha k\u00e9t ember kedveli egym\u00e1st, a n\u0151nek kell kezdem\u00e9nyeznie a besz\u00e9lget\u00e9st, ami biztons\u00e1gosabb k\u00f6rnyezetet teremt.<\/p>\n\n\n\n<p>R\u00e1ad\u00e1sul van egy m\u00f3dja is, amivel csak bar\u00e1tokat lehet szerezni: Bumble BFF.<\/p>\n\n\n\n<p><strong>Ami a legjobban tetszik:<\/strong><\/p>\n\n\n\n<ul>\n<li>V\u00e1laszthat tal\u00e1lkoz\u00f3k, bar\u00e1ts\u00e1gok vagy szakmai kapcsolatok k\u00f6z\u00f6tt<\/li>\n\n\n\n<li>Hasznos sz\u0171r\u0151kkel rendelkezik, hogy l\u00e1sd, ki van a k\u00f6zelben<\/li>\n\n\n\n<li>A k\u00f6z\u00f6ss\u00e9g soksz\u00edn\u0171 \u00e9s bar\u00e1ts\u00e1gos<\/li>\n<\/ul>\n\n\n\n<p><strong>Hasznos tipp:<\/strong> Ha csak \u00faj emberekkel szeretn\u00e9l besz\u00e9lgetni an\u00e9lk\u00fcl, hogy partnert keresn\u00e9l, a Bumble BFF ide\u00e1lis v\u00e1laszt\u00e1s.<\/p>\n\n\n\n<p><\/p>\n\n\n\n<hr class=\"wp-block-separator has-alpha-channel-opacity is-style-wide\" \/>\n\n\n\n<h5 class=\"wp-block-heading has-text-align-left\"><strong><mark class=\"has-inline-color has-luminous-vivid-amber-color\"><strong><mark class=\"has-inline-color has-luminous-vivid-amber-color\"><a>\ud83d\udc49 <\/a><strong><mark class=\"has-inline-color has-luminous-vivid-amber-color\"><strong>T\u00f6ltsd le az alkalmaz\u00e1st:<\/strong><\/mark><\/strong><\/mark><\/strong><\/mark><\/strong><\/h5>\n\n\n    <section class=\"mx-1 my-10\">\n                                                <a href=\"https:\/\/bumble.com\/pt\/\" class=\"text-white\" data-analytics-label=\"optionsButton\"\n                    data-action=\"analytics#trackCTA\">\n                    <div data-options-target=\"option\"\n                        class=\"custom-section rounded-xl border p-3 shadow-md w-full bg-green-700 my-3\">\n                        <div class=\"flex w-full items-center justify-between\">\n                            <div class=\"flex items-center space-x-3\">\n                                <div class=\"text-lg font-bold\">\n                                    Bumble \u279d\n                                <\/div>\n                            <\/div>\n                        <\/div>\n                    <\/div>\n                <\/a>\n                            <p class=\"text-xs text-gray-500 text-right\"\n            style=\"margin-left: 50%; margin-bottom: 50px; margin-top: 5px;\">\n            <!-- You will be redirected to another website -->\n        <\/p>\n    <\/section>\n\n\n\n\n<p class=\"has-text-align-right\"><em><strong><em><strong><em><strong><em><strong><em><strong><em><strong><em><strong><em><strong><em><strong><em><strong>\u00c1t leszel ir\u00e1ny\u00edtva egy m\u00e1sik oldalra!<\/strong><\/em><\/strong><\/em><\/strong><\/em><\/strong><\/em><\/strong><\/em><\/strong><\/em><\/strong><\/em><\/strong><\/em><\/strong><\/em><\/strong><\/em><\/p>\n\n\n\n<hr class=\"wp-block-separator has-alpha-channel-opacity is-style-wide\" \/>\n\n\n\n<p><\/p>\n\n\n\n<h3 class=\"wp-block-heading\">3. Boldogs\u00e1g<\/h3>\n\n\n\n<p>Tal\u00e1lkozt\u00e1l m\u00e1r valakivel az utc\u00e1n, \u00e9s azt gondoltad: \u201eSz\u00edvesen tal\u00e1lkozn\u00e9k vele\u201d?<\/p>\n\n\n\n<p>A Happn ezt teszi lehet\u0151v\u00e9. Megmutatja azokat az embereket, akikkel a val\u00f3 \u00e9letben keresztezt\u00e9tek az utakatokat, ha mindketten haszn\u00e1lj\u00e1tok az alkalmaz\u00e1st.<\/p>\n\n\n\n<p><strong>Ami a legjobban tetszik:<\/strong><\/p>\n\n\n\n<ul>\n<li>Nagyon pontos a helysz\u00ednnel<\/li>\n\n\n\n<li>Ide\u00e1lis alkalmi tal\u00e1lkoz\u00e1sokhoz, amelyekb\u0151l valami t\u00f6bb\u00e9 v\u00e1lhat<\/li>\n\n\n\n<li>Modern \u00e9s egyszer\u0171 diz\u00e1jn<\/li>\n<\/ul>\n\n\n\n<p><strong>Hasznos tipp:<\/strong> Ide\u00e1lis f\u00e9l\u00e9nk embereknek, mivel a kapcsolatok term\u00e9szetes v\u00e9letlenekb\u0151l fakadnak.<\/p>\n\n\n\n<p><\/p>\n\n\n\n<hr class=\"wp-block-separator has-alpha-channel-opacity is-style-wide\" \/>\n\n\n\n<h5 class=\"wp-block-heading has-text-align-left\"><strong><mark class=\"has-inline-color has-luminous-vivid-amber-color\"><strong><mark class=\"has-inline-color has-luminous-vivid-amber-color\"><a>\ud83d\udc49 <\/a><strong><mark class=\"has-inline-color has-luminous-vivid-amber-color\"><strong>T\u00f6ltsd le az alkalmaz\u00e1st:<\/strong><\/mark><\/strong><\/mark><\/strong><\/mark><\/strong><\/h5>\n\n\n    <section class=\"mx-1 my-10\">\n                                                <a href=\"https:\/\/www.happn.com\/pt\/\" class=\"text-white\" data-analytics-label=\"optionsButton\"\n                    data-action=\"analytics#trackCTA\">\n                    <div data-options-target=\"option\"\n                        class=\"custom-section rounded-xl border p-3 shadow-md w-full bg-green-700 my-3\">\n                        <div class=\"flex w-full items-center justify-between\">\n                            <div class=\"flex items-center space-x-3\">\n                                <div class=\"text-lg font-bold\">\n                                    Boldog \u279d\n                                <\/div>\n                            <\/div>\n                        <\/div>\n                    <\/div>\n                <\/a>\n                            <p class=\"text-xs text-gray-500 text-right\"\n            style=\"margin-left: 50%; margin-bottom: 50px; margin-top: 5px;\">\n            <!-- You will be redirected to another website -->\n        <\/p>\n    <\/section>\n\n\n\n\n<p class=\"has-text-align-right\"><em><strong><em><strong><em><strong><em><strong><em><strong><em><strong><em><strong><em><strong><em><strong><em><strong>\u00c1t leszel ir\u00e1ny\u00edtva egy m\u00e1sik oldalra!<\/strong><\/em><\/strong><\/em><\/strong><\/em><\/strong><\/em><\/strong><\/em><\/strong><\/em><\/strong><\/em><\/strong><\/em><\/strong><\/em><\/strong><\/em><\/p>\n\n\n\n<hr class=\"wp-block-separator has-alpha-channel-opacity is-style-wide\" \/>\n\n\n\n<p><\/p>\n\n\n\n<h2 class=\"wp-block-heading\">Hogyan kezdj\u00fcnk hozz\u00e1 l\u00e9p\u00e9sr\u0151l l\u00e9p\u00e9sre?<\/h2>\n\n\n\n<ol>\n<li>Menj a Play \u00c1ruh\u00e1zba, \u00e9s keresd meg az alkalmaz\u00e1st (a linkeket fentebb tal\u00e1lod).<\/li>\n\n\n\n<li>Telep\u00edtse \u00e9s nyissa meg az ikont a k\u00e9perny\u0151n<\/li>\n\n\n\n<li>Fi\u00f3k l\u00e9trehoz\u00e1sa: haszn\u00e1lhatja telefonsz\u00e1m\u00e1t vagy e-mail c\u00edm\u00e9t<\/li>\n\n\n\n<li>T\u00f6lts\u00f6n fel egy fot\u00f3t, egy r\u00f6vid le\u00edr\u00e1st, \u00e9s v\u00e1lassza ki az \u00e9rdekl\u0151d\u00e9si k\u00f6r\u00e9t<\/li>\n\n\n\n<li>Kapcsolja be a helymeghat\u00e1roz\u00e1si enged\u00e9lyt (az alkalmaz\u00e1snak tudnia kell, hol tart\u00f3zkodik, hogy megjelen\u00edthesse a k\u00f6zelben l\u00e9v\u0151 embereket)<\/li>\n\n\n\n<li>B\u00f6ng\u00e9ssz a profilok k\u00f6z\u00f6tt \u00e9s kezdj el csevegni<\/li>\n<\/ol>\n\n\n\n<h2 class=\"wp-block-heading\">Mit \u00edrhatsz a profilodba?<\/h2>\n\n\n\n<p>A profilod a motiv\u00e1ci\u00f3s leveled. Nem kell t\u00f6k\u00e9letesnek lennie, csak hitelesnek. \u00cdme n\u00e9h\u00e1ny \u00f6tlet:<\/p>\n\n\n\n<ul>\n<li>\u201eCsendes ember vagyok, szeretek a szabadban s\u00e9t\u00e1lni \u00e9s besz\u00e9lgetni.\u201d<\/li>\n\n\n\n<li>\u201e\u00daj bar\u00e1tokat keresek, valakit, akivel kellemes besz\u00e9lget\u00e9seket folytathatok.\u201d<\/li>\n\n\n\n<li>\u201eSzeretem a zen\u00e9t, a k\u00f6nyveket \u00e9s az \u00e9lett\u00f6rt\u00e9netek megismer\u00e9s\u00e9t.\u201d<\/li>\n<\/ul>\n\n\n\n<p>Haszn\u00e1lj olyan fot\u00f3t, amelyen j\u00f3l n\u00e9zel ki, lehet\u0151leg mosolyogva. Nincs sz\u00fcks\u00e9ged filterekre vagy k\u00ednos p\u00f3zokra. A val\u00f3s\u00e1g mindig mag\u00e1ra vonzza a figyelmet.<\/p>\n\n\n<div class=\"wp-block-image\">\n<figure class=\"aligncenter size-full\"><img loading=\"lazy\" decoding=\"async\" width=\"550\" height=\"350\" src=\"https:\/\/universofamilia.com\/wp-content\/uploads\/sites\/148\/2025\/06\/DESTAQUE-UNIVERSO-550-x-350-9.jpg\" alt=\"\" class=\"wp-image-9539\" srcset=\"https:\/\/universofamilia.com\/wp-content\/uploads\/sites\/148\/2025\/06\/DESTAQUE-UNIVERSO-550-x-350-9.jpg 550w, https:\/\/universofamilia.com\/wp-content\/uploads\/sites\/148\/2025\/06\/DESTAQUE-UNIVERSO-550-x-350-9-300x191.jpg 300w, https:\/\/universofamilia.com\/wp-content\/uploads\/sites\/148\/2025\/06\/DESTAQUE-UNIVERSO-550-x-350-9-18x12.jpg 18w\" sizes=\"(max-width: 550px) 100vw, 550px\" \/><figcaption class=\"wp-element-caption\">Tal\u00e1lkozz a k\u00f6rny\u00e9keden l\u00e9v\u0151 emberekkel ezzel az ingyenes alkalmaz\u00e1ssal<\/figcaption><\/figure><\/div>\n\n\n<h2 class=\"wp-block-heading\">Val\u00f3di t\u00f6rt\u00e9netek id\u0151sebb felhaszn\u00e1l\u00f3kt\u00f3l<\/h2>\n\n\n\n<p><strong>Mar\u00eda, 68 \u00e9ves, Mexik\u00f3v\u00e1ros<\/strong><\/p>\n\n\n\n<p>\u201eAzt hittem, ez csak a fiataloknak sz\u00f3l, de \u00f6sszeszedtem a b\u00e1tors\u00e1gomat. Tal\u00e1lkoztam Estebannal; n\u00e9gy h\u00e1zt\u00f6mbnyire lakik. Most minden nap besz\u00e9l\u00fcnk. Nem tudom, hogy szerelem-e, de j\u00f3, ha van kivel besz\u00e9lgetni.\u201d<\/p>\n\n\n\n<p><strong>Jorge, 73 \u00e9ves, Guadalajara<\/strong><\/p>\n\n\n\n<p>\u201eAz unok\u00e1m seg\u00edtett telep\u00edteni az alkalmaz\u00e1st. Besz\u00e9ltem egy k\u00f6rny\u00e9kbeli h\u00f6lggyel, \u00e9s k\u00e1v\u00e9ztunk a bev\u00e1s\u00e1rl\u00f3k\u00f6zpontban. \u00dagy \u00e9reztem magam, mintha visszaker\u00fcltem volna a r\u00e9gi sz\u00e9p id\u0151kbe.\u201d<\/p>\n\n\n\n<p><strong>Luz, 60 \u00e9ves, Puebla<\/strong><\/p>\n\n\n\n<p>\u201eMiut\u00e1n meg\u00f6zvegy\u00fcltem, \u0171rt \u00e9reztem. Egy bar\u00e1tom mes\u00e9lt a Bumble-r\u0151l. \u00daj bar\u00e1tokat szereztem, \u00e9s m\u00e1r nem \u00e9rzem magam egyed\u00fcl.\u201d<\/p>\n\n\n\n<h2 class=\"wp-block-heading\">El\u0151ny\u00f6k a kev\u00e9s technol\u00f3giai tapasztalattal rendelkez\u0151k sz\u00e1m\u00e1ra<\/h2>\n\n\n\n<ul>\n<li>Egyszer\u0171 kezel\u0151fel\u00fclet, nagy gombokkal<\/li>\n\n\n\n<li>\u00c9rthet\u0151 spanyol nyelv\u0171 \u00e9tlapok<\/li>\n\n\n\n<li>G\u00e9pel\u00e9s helyett haszn\u00e1lhat hangdikt\u00e1l\u00e1st.<\/li>\n\n\n\n<li>Az alkalmaz\u00e1sok \u00e9rtes\u00edtenek, ha valaki v\u00e1laszol neked<\/li>\n<\/ul>\n\n\n\n<h2 class=\"wp-block-heading\">Milyen kapcsolatokat lehet tal\u00e1lni?<\/h2>\n\n\n\n<ul>\n<li>Bar\u00e1ts\u00e1gok, akikkel s\u00e9t\u00e1lni vagy k\u00e1v\u00e9zni lehet<\/li>\n\n\n\n<li>\u0150szinte cseveg\u00e9sek<\/li>\n\n\n\n<li>K\u00f6z\u00f6s \u00e9rdekl\u0151d\u00e9si k\u00f6r\u00f6k (olvas\u00e1s, f\u0151z\u00e9s, h\u00e1zi\u00e1llatok)<\/li>\n\n\n\n<li>\u00c9s igen, a szerelem is, ha pont azt keresed.<\/li>\n<\/ul>\n\n\n\n<p>Nem kell, hogy egy\u00e9rtelm\u0171 c\u00e9lod legyen. N\u00e9ha a legjobb dolgok tervez\u00e9s n\u00e9lk\u00fcl t\u00f6rt\u00e9nnek.<\/p>\n\n\n\n<h2 class=\"wp-block-heading\">Mi van, ha nem tetszik az alkalmaz\u00e1s?<\/h2>\n\n\n\n<p>Semmi. Gond n\u00e9lk\u00fcl elt\u00e1vol\u00edthatod. Nem vagy vesz\u00e9lyben. Nem vesz\u00edtesz p\u00e9nzt. Csak p\u00e1r percet vesztett\u00e9l, \u00e9s tapasztalatot szerezt\u00e9l.<\/p>\n\n\n\n<h2 class=\"wp-block-heading\">Mit tegyek, ha bizonytalannak \u00e9rzem magam?<\/h2>\n\n\n\n<p>B\u00e1rmikor besz\u00e9lhetsz a csal\u00e1dtagjaiddal, k\u00e9rhetsz seg\u00edts\u00e9get egy unok\u00e1t\u00f3l vagy bar\u00e1tt\u00f3l a profilok ellen\u0151rz\u00e9s\u00e9hez. Az \u00e9rzelmi biztons\u00e1g ugyanolyan fontos, mint a digit\u00e1lis biztons\u00e1g. Ha valami nem tetszik, egyszer\u0171en z\u00e1rd be az alkalmaz\u00e1st.<\/p>\n\n\n\n<h2 class=\"wp-block-heading\">Mi van, ha titokban akarom tartani?<\/h2>\n\n\n\n<p>Sokan diszkr\u00e9ten haszn\u00e1lj\u00e1k ezeket az alkalmaz\u00e1sokat. Semmi sem jelenik meg a Facebookon, \u00e9s semmi sem ker\u00fcl k\u00f6zz\u00e9t\u00e9telre az enged\u00e9lyed n\u00e9lk\u00fcl. Minden az alkalmaz\u00e1son bel\u00fcl marad.<\/p>\n\n\n\n<h2 class=\"wp-block-heading\">\u00c9rdemes megpr\u00f3b\u00e1lni?<\/h2>\n\n\n\n<p>Igen. M\u00e9g ha csak k\u00edv\u00e1ncsis\u00e1gb\u00f3l is. Olyan id\u0151kben \u00e9l\u00fcnk, amikor az emberi kapcsolatok egy kattint\u00e1ssal elkezd\u0151dhetnek. Az \u00e9let nem \u00e9r v\u00e9get 60, vagy ak\u00e1r 70 \u00e9ves korban. A mag\u00e1nynak nem kell a t\u00e1rsadnak lennie.<\/p>\n\n\n\n<p>Egy \u00fczenet, egy mosoly, egy \u00faj t\u00f6rt\u00e9net elkezd\u0151dhet ma.<\/p>\n\n\n\n<h2 class=\"wp-block-heading\">Tedd meg az els\u0151 l\u00e9p\u00e9st otthonodb\u00f3l<\/h2>\n\n\n\n<p><strong>Tal\u00e1lkozz a k\u00f6rny\u00e9keden l\u00e9v\u0151 emberekkel ezzel az ingyenes alkalmaz\u00e1ssal<\/strong>Nem kell \u00e9letm\u00f3dot v\u00e1ltanod, csak meg kell nyitnod magad egy \u00faj lehet\u0151s\u00e9g fel\u00e9.<\/p>\n\n\n\n<p>T\u00f6ltsd le az aj\u00e1nlott alkalmaz\u00e1sok egyik\u00e9t, hozd l\u00e9tre a profilodat, b\u00f6ng\u00e9ssz a vil\u00e1gban, \u00e9s csevegj b\u00e1rkivel, akit \u00e9rdekesnek tal\u00e1lsz.<\/p>\n\n\n\n<p>Tal\u00e1n az a szem\u00e9ly, akire v\u00e1rt\u00e1l... szint\u00e9n egy hozz\u00e1d hasonl\u00f3t keres.<\/p>","protected":false},"excerpt":{"rendered":"<p>\u00c9rezt\u00e9l m\u00e1r mag\u00e1nyoss\u00e1got? V\u00e1lassz egyet a lehet\u0151s\u00e9gek k\u00f6z\u00fcl! Ugyanott maradsz! Tal\u00e1lkozz a k\u00f6zeledben l\u00e9v\u0151 emberekkel ezzel az ingyenes alkalmaz\u00e1ssal. Manaps\u00e1g egy mobiltelefon olyan, mint egy nyitott ajt\u00f3 a vil\u00e1gra. N\u00e9ha csak annyit kell tudnunk, hogy hol keress\u00fck. K\u00e9pzeld el, hogy besz\u00e9lhetsz [\u2026]<\/p>","protected":false},"author":139,"featured_media":9539,"comment_status":"closed","ping_status":"open","sticky":false,"template":"","format":"standard","meta":{"footnotes":""},"categories":[2],"tags":[2243,2329,410,667,2328],"yoast_head":"<!-- This site is optimized with the Yoast SEO plugin v23.3 - https:\/\/yoast.com\/wordpress\/plugins\/seo\/ -->\n<title>Conoce personas cerca de ti con esta app gratuita - Universo Fam\u00edlia<\/title>\n<meta name=\"description\" content=\"Conoce personas cerca de ti con esta app gratuita. Conoce personas cerca de ti con esta app gratuita. Hoy en d\u00eda, tener un celular...\" \/>\n<meta name=\"robots\" content=\"index, follow, max-snippet:-1, max-image-preview:large, max-video-preview:-1\" \/>\n<link rel=\"canonical\" href=\"https:\/\/universofamilia.com\/hu\/conoce-personas-cerca-de-ti-con-esta-app-gratuita\/\" \/>\n<meta property=\"og:locale\" content=\"hu_HU\" \/>\n<meta property=\"og:type\" content=\"article\" \/>\n<meta property=\"og:title\" content=\"Conoce personas cerca de ti con esta app gratuita - Universo Fam\u00edlia\" \/>\n<meta property=\"og:description\" content=\"Conoce personas cerca de ti con esta app gratuita. Conoce personas cerca de ti con esta app gratuita. Hoy en d\u00eda, tener un celular...\" \/>\n<meta property=\"og:url\" content=\"https:\/\/universofamilia.com\/hu\/conoce-personas-cerca-de-ti-con-esta-app-gratuita\/\" \/>\n<meta property=\"og:site_name\" content=\"Universo Fam\u00edlia\" \/>\n<meta property=\"article:published_time\" content=\"2025-06-18T19:36:03+00:00\" \/>\n<meta property=\"article:modified_time\" content=\"2025-06-18T19:36:06+00:00\" \/>\n<meta property=\"og:image\" content=\"https:\/\/universofamilia.com\/wp-content\/uploads\/sites\/148\/2025\/06\/DESTAQUE-UNIVERSO-550-x-350-9.jpg\" \/>\n\t<meta property=\"og:image:width\" content=\"550\" \/>\n\t<meta property=\"og:image:height\" content=\"350\" \/>\n\t<meta property=\"og:image:type\" content=\"image\/jpeg\" \/>\n<meta name=\"author\" content=\"Pedro Henrique\" \/>\n<meta name=\"twitter:card\" content=\"summary_large_image\" \/>\n<meta name=\"twitter:label1\" content=\"Written by\" \/>\n\t<meta name=\"twitter:data1\" content=\"Pedro Henrique\" \/>\n\t<meta name=\"twitter:label2\" content=\"Est. reading time\" \/>\n\t<meta name=\"twitter:data2\" content=\"8 perc\" \/>\n<script type=\"application\/ld+json\" class=\"yoast-schema-graph\">{\"@context\":\"https:\/\/schema.org\",\"@graph\":[{\"@type\":\"WebPage\",\"@id\":\"https:\/\/universofamilia.com\/cs\/conoce-personas-cerca-de-ti-con-esta-app-gratuita\/\",\"url\":\"https:\/\/universofamilia.com\/cs\/conoce-personas-cerca-de-ti-con-esta-app-gratuita\/\",\"name\":\"Conoce personas cerca de ti con esta app gratuita - Universo Fam\u00edlia\",\"isPartOf\":{\"@id\":\"https:\/\/universofamilia.com\/el\/#website\"},\"primaryImageOfPage\":{\"@id\":\"https:\/\/universofamilia.com\/cs\/conoce-personas-cerca-de-ti-con-esta-app-gratuita\/#primaryimage\"},\"image\":{\"@id\":\"https:\/\/universofamilia.com\/cs\/conoce-personas-cerca-de-ti-con-esta-app-gratuita\/#primaryimage\"},\"thumbnailUrl\":\"https:\/\/universofamilia.com\/wp-content\/uploads\/sites\/148\/2025\/06\/DESTAQUE-UNIVERSO-550-x-350-9.jpg\",\"datePublished\":\"2025-06-18T19:36:03+00:00\",\"dateModified\":\"2025-06-18T19:36:06+00:00\",\"author\":{\"@id\":\"https:\/\/universofamilia.com\/el\/#\/schema\/person\/f07ce98187dd84d31154262e79b3b7ca\"},\"description\":\"Conoce personas cerca de ti con esta app gratuita. Conoce personas cerca de ti con esta app gratuita. Hoy en d\u00eda, tener un celular...\",\"breadcrumb\":{\"@id\":\"https:\/\/universofamilia.com\/cs\/conoce-personas-cerca-de-ti-con-esta-app-gratuita\/#breadcrumb\"},\"inLanguage\":\"hu\",\"potentialAction\":[{\"@type\":\"ReadAction\",\"target\":[\"https:\/\/universofamilia.com\/cs\/conoce-personas-cerca-de-ti-con-esta-app-gratuita\/\"]}]},{\"@type\":\"ImageObject\",\"inLanguage\":\"hu\",\"@id\":\"https:\/\/universofamilia.com\/cs\/conoce-personas-cerca-de-ti-con-esta-app-gratuita\/#primaryimage\",\"url\":\"https:\/\/universofamilia.com\/wp-content\/uploads\/sites\/148\/2025\/06\/DESTAQUE-UNIVERSO-550-x-350-9.jpg\",\"contentUrl\":\"https:\/\/universofamilia.com\/wp-content\/uploads\/sites\/148\/2025\/06\/DESTAQUE-UNIVERSO-550-x-350-9.jpg\",\"width\":550,\"height\":350,\"caption\":\"Conoce personas cerca de ti con esta app gratuita\"},{\"@type\":\"BreadcrumbList\",\"@id\":\"https:\/\/universofamilia.com\/cs\/conoce-personas-cerca-de-ti-con-esta-app-gratuita\/#breadcrumb\",\"itemListElement\":[{\"@type\":\"ListItem\",\"position\":1,\"name\":\"Home\",\"item\":\"https:\/\/universofamilia.com\/el\/\"},{\"@type\":\"ListItem\",\"position\":2,\"name\":\"Conoce personas cerca de ti con esta app gratuita\"}]},{\"@type\":\"WebSite\",\"@id\":\"https:\/\/universofamilia.com\/el\/#website\",\"url\":\"https:\/\/universofamilia.com\/el\/\",\"name\":\"Universo Fam\u00edlia\",\"description\":\"\",\"potentialAction\":[{\"@type\":\"SearchAction\",\"target\":{\"@type\":\"EntryPoint\",\"urlTemplate\":\"https:\/\/universofamilia.com\/el\/?s={search_term_string}\"},\"query-input\":\"required name=search_term_string\"}],\"inLanguage\":\"hu\"},{\"@type\":\"Person\",\"@id\":\"https:\/\/universofamilia.com\/el\/#\/schema\/person\/f07ce98187dd84d31154262e79b3b7ca\",\"name\":\"Pedro Henrique\",\"image\":{\"@type\":\"ImageObject\",\"inLanguage\":\"hu\",\"@id\":\"https:\/\/universofamilia.com\/el\/#\/schema\/person\/image\/\",\"url\":\"https:\/\/secure.gravatar.com\/avatar\/9edfeb808cb4e1599f64d6e45b130154?s=96&d=mm&r=g\",\"contentUrl\":\"https:\/\/secure.gravatar.com\/avatar\/9edfeb808cb4e1599f64d6e45b130154?s=96&d=mm&r=g\",\"caption\":\"Pedro Henrique\"},\"url\":\"https:\/\/universofamilia.com\/hu\/author\/editor01\/\"}]}<\/script>\n<!-- \/ Yoast SEO plugin. -->","yoast_head_json":{"title":"Conoce personas cerca de ti con esta app gratuita - Universo Fam\u00edlia","description":"Conoce personas cerca de ti con esta app gratuita. Conoce personas cerca de ti con esta app gratuita. Hoy en d\u00eda, tener un celular...","robots":{"index":"index","follow":"follow","max-snippet":"max-snippet:-1","max-image-preview":"max-image-preview:large","max-video-preview":"max-video-preview:-1"},"canonical":"https:\/\/universofamilia.com\/hu\/conoce-personas-cerca-de-ti-con-esta-app-gratuita\/","og_locale":"hu_HU","og_type":"article","og_title":"Conoce personas cerca de ti con esta app gratuita - Universo Fam\u00edlia","og_description":"Conoce personas cerca de ti con esta app gratuita. Conoce personas cerca de ti con esta app gratuita. Hoy en d\u00eda, tener un celular...","og_url":"https:\/\/universofamilia.com\/hu\/conoce-personas-cerca-de-ti-con-esta-app-gratuita\/","og_site_name":"Universo Fam\u00edlia","article_published_time":"2025-06-18T19:36:03+00:00","article_modified_time":"2025-06-18T19:36:06+00:00","og_image":[{"width":550,"height":350,"url":"https:\/\/universofamilia.com\/wp-content\/uploads\/sites\/148\/2025\/06\/DESTAQUE-UNIVERSO-550-x-350-9.jpg","type":"image\/jpeg"}],"author":"Pedro Henrique","twitter_card":"summary_large_image","twitter_misc":{"Written by":"Pedro Henrique","Est. reading time":"8 perc"},"schema":{"@context":"https:\/\/schema.org","@graph":[{"@type":"WebPage","@id":"https:\/\/universofamilia.com\/cs\/conoce-personas-cerca-de-ti-con-esta-app-gratuita\/","url":"https:\/\/universofamilia.com\/cs\/conoce-personas-cerca-de-ti-con-esta-app-gratuita\/","name":"Conoce personas cerca de ti con esta app gratuita - Universo Fam\u00edlia","isPartOf":{"@id":"https:\/\/universofamilia.com\/el\/#website"},"primaryImageOfPage":{"@id":"https:\/\/universofamilia.com\/cs\/conoce-personas-cerca-de-ti-con-esta-app-gratuita\/#primaryimage"},"image":{"@id":"https:\/\/universofamilia.com\/cs\/conoce-personas-cerca-de-ti-con-esta-app-gratuita\/#primaryimage"},"thumbnailUrl":"https:\/\/universofamilia.com\/wp-content\/uploads\/sites\/148\/2025\/06\/DESTAQUE-UNIVERSO-550-x-350-9.jpg","datePublished":"2025-06-18T19:36:03+00:00","dateModified":"2025-06-18T19:36:06+00:00","author":{"@id":"https:\/\/universofamilia.com\/el\/#\/schema\/person\/f07ce98187dd84d31154262e79b3b7ca"},"description":"Conoce personas cerca de ti con esta app gratuita. Conoce personas cerca de ti con esta app gratuita. Hoy en d\u00eda, tener un celular...","breadcrumb":{"@id":"https:\/\/universofamilia.com\/cs\/conoce-personas-cerca-de-ti-con-esta-app-gratuita\/#breadcrumb"},"inLanguage":"hu","potentialAction":[{"@type":"ReadAction","target":["https:\/\/universofamilia.com\/cs\/conoce-personas-cerca-de-ti-con-esta-app-gratuita\/"]}]},{"@type":"ImageObject","inLanguage":"hu","@id":"https:\/\/universofamilia.com\/cs\/conoce-personas-cerca-de-ti-con-esta-app-gratuita\/#primaryimage","url":"https:\/\/universofamilia.com\/wp-content\/uploads\/sites\/148\/2025\/06\/DESTAQUE-UNIVERSO-550-x-350-9.jpg","contentUrl":"https:\/\/universofamilia.com\/wp-content\/uploads\/sites\/148\/2025\/06\/DESTAQUE-UNIVERSO-550-x-350-9.jpg","width":550,"height":350,"caption":"Conoce personas cerca de ti con esta app gratuita"},{"@type":"BreadcrumbList","@id":"https:\/\/universofamilia.com\/cs\/conoce-personas-cerca-de-ti-con-esta-app-gratuita\/#breadcrumb","itemListElement":[{"@type":"ListItem","position":1,"name":"Home","item":"https:\/\/universofamilia.com\/el\/"},{"@type":"ListItem","position":2,"name":"Conoce personas cerca de ti con esta app gratuita"}]},{"@type":"WebSite","@id":"https:\/\/universofamilia.com\/el\/#website","url":"https:\/\/universofamilia.com\/el\/","name":"Universo Fam\u00edlia","description":"","potentialAction":[{"@type":"SearchAction","target":{"@type":"EntryPoint","urlTemplate":"https:\/\/universofamilia.com\/el\/?s={search_term_string}"},"query-input":"required name=search_term_string"}],"inLanguage":"hu"},{"@type":"Person","@id":"https:\/\/universofamilia.com\/el\/#\/schema\/person\/f07ce98187dd84d31154262e79b3b7ca","name":"Pedro Henrique","image":{"@type":"ImageObject","inLanguage":"hu","@id":"https:\/\/universofamilia.com\/el\/#\/schema\/person\/image\/","url":"https:\/\/secure.gravatar.com\/avatar\/9edfeb808cb4e1599f64d6e45b130154?s=96&d=mm&r=g","contentUrl":"https:\/\/secure.gravatar.com\/avatar\/9edfeb808cb4e1599f64d6e45b130154?s=96&d=mm&r=g","caption":"Pedro Henrique"},"url":"https:\/\/universofamilia.com\/hu\/author\/editor01\/"}]}},"_links":{"self":[{"href":"https:\/\/universofamilia.com\/hu\/wp-json\/wp\/v2\/posts\/9538"}],"collection":[{"href":"https:\/\/universofamilia.com\/hu\/wp-json\/wp\/v2\/posts"}],"about":[{"href":"https:\/\/universofamilia.com\/hu\/wp-json\/wp\/v2\/types\/post"}],"author":[{"embeddable":true,"href":"https:\/\/universofamilia.com\/hu\/wp-json\/wp\/v2\/users\/139"}],"replies":[{"embeddable":true,"href":"https:\/\/universofamilia.com\/hu\/wp-json\/wp\/v2\/comments?post=9538"}],"version-history":[{"count":1,"href":"https:\/\/universofamilia.com\/hu\/wp-json\/wp\/v2\/posts\/9538\/revisions"}],"predecessor-version":[{"id":9540,"href":"https:\/\/universofamilia.com\/hu\/wp-json\/wp\/v2\/posts\/9538\/revisions\/9540"}],"wp:featuredmedia":[{"embeddable":true,"href":"https:\/\/universofamilia.com\/hu\/wp-json\/wp\/v2\/media\/9539"}],"wp:attachment":[{"href":"https:\/\/universofamilia.com\/hu\/wp-json\/wp\/v2\/media?parent=9538"}],"wp:term":[{"taxonomy":"category","embeddable":true,"href":"https:\/\/universofamilia.com\/hu\/wp-json\/wp\/v2\/categories?post=9538"},{"taxonomy":"post_tag","embeddable":true,"href":"https:\/\/universofamilia.com\/hu\/wp-json\/wp\/v2\/tags?post=9538"}],"curies":[{"name":"wp","href":"https:\/\/api.w.org\/{rel}","templated":true}]}}