{"id":9545,"date":"2025-06-30T17:07:08","date_gmt":"2025-06-30T17:07:08","guid":{"rendered":"https:\/\/universofamilia.com\/?p=9545"},"modified":"2025-06-30T17:07:10","modified_gmt":"2025-06-30T17:07:10","slug":"recupera-fotos-eliminadas-con-esta-aplicacion-y-vuelve-a-sonreir","status":"publish","type":"post","link":"https:\/\/universofamilia.com\/hu\/recupera-fotos-eliminadas-con-esta-aplicacion-y-vuelve-a-sonreir\/","title":{"rendered":"Helyezze vissza a t\u00f6r\u00f6lt fot\u00f3kat ezzel az alkalmaz\u00e1ssal, \u00e9s mosolyogjon \u00fajra!"},"content":{"rendered":"<h4 class=\"wp-block-heading has-text-align-center\">V\u00e9letlen\u00fcl vesztett\u00e9l el fontos eml\u00e9keket?<\/h4>\n\n\n\n<p><\/p>\n\n\n\n<hr class=\"wp-block-separator has-alpha-channel-opacity is-style-wide\" \/>\n\n\n\n<p class=\"has-text-align-center\">Fedezze fel a k\u00f6vetkez\u0151 lehet\u0151s\u00e9geket a t\u00e9m\u00e1hoz kapcsol\u00f3d\u00f3an <strong>t\u00f6r\u00f6lt fot\u00f3k helyre\u00e1ll\u00edt\u00e1sa<\/strong>.<\/p>\n\n\n    <section class=\"mx-1 my-10\">\n                                                <a href=\"https:\/\/universofamilia.com\/hu\/recupera-cualquier-foto-perdida-con-este-aplicativo\/\" class=\"text-white\" data-analytics-label=\"optionsButton\"\n                    data-action=\"analytics#trackCTA\">\n                    <div data-options-target=\"option\"\n                        class=\"custom-section rounded-xl border p-3 shadow-md w-full bg-green-700 my-3\">\n                        <div class=\"flex w-full items-center justify-between\">\n                            <div class=\"flex items-center space-x-3\">\n                                <div class=\"text-lg font-bold\">\n                                    R\u00c9GI FOT\u00d3K HELYRE\u00c1LL\u00cdT\u00c1SA \u279d\n                                <\/div>\n                            <\/div>\n                        <\/div>\n                    <\/div>\n                <\/a>\n                                                            <a href=\"https:\/\/universofamilia.com\/hu\/lp-recupera-cualquier-foto-perdida\/\" class=\"text-white\" data-analytics-label=\"optionsButton\"\n                    data-action=\"analytics#trackCTA\">\n                    <div data-options-target=\"option\"\n                        class=\"custom-section rounded-xl border p-3 shadow-md w-full bg-green-700 my-3\">\n                        <div class=\"flex w-full items-center justify-between\">\n                            <div class=\"flex items-center space-x-3\">\n                                <div class=\"text-lg font-bold\">\n                                    HOZZ\u00c1F\u00c9R\u00c9S A REJTETT SZEM\u00c9THEZ \u279d\n                                <\/div>\n                            <\/div>\n                        <\/div>\n                    <\/div>\n                <\/a>\n                                                            <a href=\"https:\/\/universofamilia.com\/hu\/lp-recuperar-fotos\/\" class=\"text-white\" data-analytics-label=\"optionsButton\"\n                    data-action=\"analytics#trackCTA\">\n                    <div data-options-target=\"option\"\n                        class=\"custom-section rounded-xl border p-3 shadow-md w-full bg-green-700 my-3\">\n                        <div class=\"flex w-full items-center justify-between\">\n                            <div class=\"flex items-center space-x-3\">\n                                <div class=\"text-lg font-bold\">\n                                    HELYRE\u00c1LL\u00cdTSA FOT\u00d3IT \u279d\n                                <\/div>\n                            <\/div>\n                        <\/div>\n                    <\/div>\n                <\/a>\n                            <p class=\"text-xs text-gray-500 text-right hidden\"\n            style=\"margin-left: 50%; margin-bottom: 50px; margin-top: 5px;\">\n            <!-- You will be redirected to another website -->\n        <\/p>\n    <\/section>\n\n\n\n\n<p class=\"has-text-align-right\"><em><strong><em><strong><em><strong><em><strong><em><strong><em><strong><em><strong><em><strong><em><strong><em><strong>Ugyanott fog maradni!<\/strong><\/em><\/strong><\/em><\/strong><\/em><\/strong><\/em><\/strong><\/em><\/strong><\/em><\/strong><\/em><\/strong><\/em><\/strong><\/em><\/strong><\/em><\/p>\n\n\n\n<hr class=\"wp-block-separator has-alpha-channel-opacity is-style-wide\" \/>\n\n\n\n<p><\/p>\n\n\n\n<h3 class=\"wp-block-heading\">Megb\u00e1ntad, hogy t\u00f6r\u00f6lt\u00e9l \u00e9rt\u00e9kes k\u00e9peket?<\/h3>\n\n\n\n<h3 class=\"wp-block-heading\">Ma megtanulod, hogyan \u00e1ll\u00edthatod vissza \u0151ket egyszer\u0171en, l\u00e9p\u00e9sr\u0151l l\u00e9p\u00e9sre.<\/h3>\n\n\n\n<p><strong>T\u00f6r\u00f6lt fot\u00f3k vissza\u00e1ll\u00edt\u00e1sa ezzel az alkalmaz\u00e1ssal!<\/strong> Ez a kifejez\u00e9s var\u00e1zslatosnak t\u0171nhet, de teljesen val\u00f3s\u00e1gos.<\/p>\n\n\n\n<p>Ki ne \u00e9rzett volna m\u00e1r gyomr\u00e1ban sz\u00far\u00f3 f\u00e1jdalmat, amikor r\u00e1j\u00f6tt, hogy egy szeretett fot\u00f3ja m\u00e1r nincs ott?<\/p>\n\n\n\n<p>N\u00e9ha egy figyelmetlen pillanatban t\u00f6rt\u00e9nik, <a href=\"https:\/\/universofamilia.com\/hu\/recupera-cualquier-foto-perdida-con-este-aplicativo\/\">m\u00e1sok a telefon vagy egy rosszindulat\u00fa alkalmaz\u00e1s miatt<\/a>.<\/p>\n\n\n\n<p>De m\u00e9g nincs minden veszve. Van egy megold\u00e1s, amely nem ig\u00e9nyel technikai tud\u00e1st, bonyolult fizet\u00e9seket vagy dr\u00e1ga berendez\u00e9seket.<\/p>\n\n\n\n<p>Csup\u00e1n a telefonodra, n\u00e9h\u00e1ny percre \u00e9s az itt bemutatott alkalmaz\u00e1sok egyik\u00e9re van sz\u00fcks\u00e9ged.<\/p>\n\n\n\n<p>Ez a cikk az\u00e9rt k\u00e9sz\u00fclt, hogy seg\u00edtsen neked a kezdetekt\u0151l fogva. Vil\u00e1gosan \u00e9s egyszer\u0171en elmagyar\u00e1zzuk, hogyan \u00e1ll\u00edthatod vissza a t\u00f6r\u00f6lt fot\u00f3idat gond n\u00e9lk\u00fcl.<\/p>\n\n\n\n<p>Ezen fel\u00fcl 3-at is belefoglalunk <strong>megb\u00edzhat\u00f3 alkalmaz\u00e1sok a Play \u00c1ruh\u00e1zb\u00f3l<\/strong> amelyek m\u00e1r t\u00f6bb milli\u00f3 embernek seg\u00edtettek megmenteni az eml\u00e9keiket.<\/p>\n\n\n\n<p>K\u00e9sz\u00fclj fel arra, hogy felfedezz valamit, ami megv\u00e1ltoztathatja a napodat. Haladjunk l\u00e9p\u00e9sr\u0151l l\u00e9p\u00e9sre, j\u00f3?<\/p>\n\n\n\n<p><\/p>\n\n\n\n<hr class=\"wp-block-separator has-alpha-channel-opacity is-style-wide\" \/>\n\n\n\n<h5 class=\"wp-block-heading has-text-align-center\"><strong><mark class=\"has-inline-color has-luminous-vivid-amber-color\">Olvasd el m\u00e9g<\/mark><\/strong><\/h5>\n\n\n    <section class=\"mx-1 my-10\">\n                                                <a href=\"https:\/\/universofamilia.com\/hu\/lp-filmes-asiaticos\/\" class=\"text-white\" data-analytics-label=\"optionsButton\"\n                    data-action=\"analytics#trackCTA\">\n                    <div data-options-target=\"option\"\n                        class=\"custom-section rounded-xl border p-3 shadow-md w-full bg-green-700 my-3\">\n                        <div class=\"flex w-full items-center justify-between\">\n                            <div class=\"flex items-center space-x-3\">\n                                <div class=\"text-lg font-bold\">\n                                    App koreai dr\u00e1m\u00e1k n\u00e9z\u00e9s\u00e9hez \u279d\n                                <\/div>\n                            <\/div>\n                        <\/div>\n                    <\/div>\n                <\/a>\n                                                            <a href=\"https:\/\/universofamilia.com\/hu\/lp-recuperar-fotos\/\" class=\"text-white\" data-analytics-label=\"optionsButton\"\n                    data-action=\"analytics#trackCTA\">\n                    <div data-options-target=\"option\"\n                        class=\"custom-section rounded-xl border p-3 shadow-md w-full bg-green-700 my-3\">\n                        <div class=\"flex w-full items-center justify-between\">\n                            <div class=\"flex items-center space-x-3\">\n                                <div class=\"text-lg font-bold\">\n                                    T\u00f6r\u00f6lt fot\u00f3k helyre\u00e1ll\u00edt\u00e1sa ezzel az alkalmaz\u00e1ssal!  \u279d\n                                <\/div>\n                            <\/div>\n                        <\/div>\n                    <\/div>\n                <\/a>\n                                                            <a href=\"https:\/\/universofamilia.com\/hu\/el-amor-a-un-clic\/\" class=\"text-white\" data-analytics-label=\"optionsButton\"\n                    data-action=\"analytics#trackCTA\">\n                    <div data-options-target=\"option\"\n                        class=\"custom-section rounded-xl border p-3 shadow-md w-full bg-green-700 my-3\">\n                        <div class=\"flex w-full items-center justify-between\">\n                            <div class=\"flex items-center space-x-3\">\n                                <div class=\"text-lg font-bold\">\n                                    Fedezd fel az ide\u00e1lis t\u00e1rskeres\u0151 alkalmaz\u00e1st \u279d\n                                <\/div>\n                            <\/div>\n                        <\/div>\n                    <\/div>\n                <\/a>\n                            <p class=\"text-xs text-gray-500 text-right hidden\"\n            style=\"margin-left: 50%; margin-bottom: 50px; margin-top: 5px;\">\n            <!-- You will be redirected to another website -->\n        <\/p>\n    <\/section>\n\n\n\n\n<p class=\"has-text-align-right\"><em><strong><em><strong><em><strong><em><strong><em><strong>Ugyanott fog maradni!<\/strong><\/em><\/strong><\/em><\/strong><\/em><\/strong><\/em><\/strong><\/em><\/p>\n\n\n\n<hr class=\"wp-block-separator has-alpha-channel-opacity is-style-wide\" \/>\n\n\n\n<p><\/p>\n\n\n\n<h2 class=\"wp-block-heading\">Mi\u00e9rt t\u00f6rl\u0151dnek a fot\u00f3ink?<\/h2>\n\n\n\n<h3 class=\"wp-block-heading\">Nem a te hib\u00e1d, mindenkivel el\u0151fordul.<\/h3>\n\n\n\n<p>A k\u00e9pek v\u00e9letlen t\u00f6rl\u00e9se sokkal gyakoribb, mint gondoln\u00e1d.<\/p>\n\n\n\n<p>K\u00fcl\u00f6n\u00f6sen a kev\u00e9s mem\u00f3ri\u00e1val rendelkez\u0151 telefonokon, ahol hajlamosak vagyunk dolgokat t\u00f6r\u00f6lni, hogy \u201ehelyet szabad\u00edtsunk fel\u201d, an\u00e9lk\u00fcl, hogy nagyon alaposan ellen\u0151rizn\u00e9nk \u0151ket.<\/p>\n\n\n\n<p>Vannak olyan alkalmaz\u00e1sok is, amelyek automatikusan tiszt\u00edtanak, vagy olyan telefonok, amelyek akkor romlanak el, amikor a legkev\u00e9sb\u00e9 sz\u00e1m\u00edtasz r\u00e1juk.<\/p>\n\n\n\n<p>\u00cdme n\u00e9h\u00e1ny gyakori forgat\u00f3k\u00f6nyv:<\/p>\n\n\n\n<ul>\n<li>T\u00f6r\u00f6lt\u00e9l egy fot\u00f3t, mik\u00f6zben sietve \u00e1tn\u00e9zted a gal\u00e9ri\u00e1dat.<\/li>\n\n\n\n<li>A mobiltelefon mag\u00e1t\u00f3l kikapcsolt vagy \u00fajraindult<\/li>\n\n\n\n<li>Egy tiszt\u00edt\u00f3alkalmaz\u00e1s k\u00e9rd\u00e9s n\u00e9lk\u00fcl t\u00f6r\u00f6lte a f\u00e1jlokat<\/li>\n\n\n\n<li>\u00c1thelyezted a fot\u00f3kat egy m\u00e1sik mapp\u00e1ba, \u00e9s elt\u0171ntek<\/li>\n\n\n\n<li>Hib\u00e1s SD-k\u00e1rty\u00e1t haszn\u00e1lt\u00e1l<\/li>\n<\/ul>\n\n\n\n<p>A l\u00e9nyeg az, hogy <strong>ne \u00e9rezd magad b\u0171n\u00f6snek<\/strong>Ez minden kor\u00fa \u00e9s tapasztalati szint\u0171 emberrel el\u0151fordul. \u00c9s igen, meg lehet oldani.<\/p>\n\n\n\n<h3 class=\"wp-block-heading\">Vajon \u00f6r\u00f6kre elvesztek?<\/h3>\n\n\n\n<p>Nem felt\u00e9tlen\u00fcl. Amikor t\u00f6r\u00f6lsz egy fot\u00f3t, a telefonod csak \u201ejel\u00f6li meg\u201d a helyet szabadk\u00e9nt, de a f\u00e1jl gyakran ott marad, rejtve, am\u00edg fel\u00fcl nem \u00edrj\u00e1k.<\/p>\n\n\n\n<p>Sz\u00f3val min\u00e9l el\u0151bb cselekszel, ann\u00e1l jobb!<\/p>\n\n\n\n<h2 class=\"wp-block-heading\">Mit kell el\u0151sz\u00f6r tenned, ha r\u00e1j\u00f6ssz, hogy elvesztek a fot\u00f3id?<\/h2>\n\n\n\n<p>Miel\u0151tt b\u00e1rmit is telep\u00edtene, k\u00f6vesse az al\u00e1bbi alapvet\u0151 tippeket:<\/p>\n\n\n\n<ul>\n<li><strong>Ne k\u00e9sz\u00edts t\u00f6bb fot\u00f3t<\/strong><\/li>\n\n\n\n<li><strong>Ker\u00fclje az \u00faj f\u00e1jlok vagy alkalmaz\u00e1sok let\u00f6lt\u00e9s\u00e9t<\/strong><\/li>\n\n\n\n<li><strong>Ne kapcsold ki hirtelen a mobiltelefonodat<\/strong><\/li>\n\n\n\n<li><strong>Kapcsold be a rep\u00fcl\u0151g\u00e9p \u00fczemm\u00f3dot, ha tudod<\/strong><\/li>\n<\/ul>\n\n\n\n<p>Ez seg\u00edt <strong>mem\u00f3riater\u00fclet megtakar\u00edt\u00e1sa<\/strong> hol lehet m\u00e9g a t\u00f6r\u00f6lt k\u00e9ped.<\/p>\n\n\n\n<p>Ez n\u00f6veli a hibamentes helyre\u00e1ll\u00edt\u00e1s es\u00e9ly\u00e9t.<\/p>\n\n\n\n<h2 class=\"wp-block-heading\">A 3 legjobb alkalmaz\u00e1s a t\u00f6r\u00f6lt fot\u00f3k vissza\u00e1ll\u00edt\u00e1s\u00e1ra<\/h2>\n\n\n\n<p>Ezeket az alkalmaz\u00e1sokat a felhaszn\u00e1l\u00f3i \u00e9rt\u00e9kel\u00e9sek, a k\u00f6nny\u0171 haszn\u00e1lhat\u00f3s\u00e1g \u00e9s a hat\u00e9konys\u00e1g alapj\u00e1n v\u00e1lasztottuk ki.<\/p>\n\n\n\n<p>Ingyenesek, el\u00e9rhet\u0151ek a <strong>Google Play \u00c1ruh\u00e1z<\/strong>, \u00e9s nem ig\u00e9nyelnek m\u0171szaki ismereteket.<\/p>\n\n\n\n<h3 class=\"wp-block-heading\">\ud83d\udcf1 <strong>1. <a href=\"https:\/\/diskdigger.br.uptodown.com\/android\">LemezDigger <\/a>fot\u00f3k helyre\u00e1ll\u00edt\u00e1sa<\/strong><\/h3>\n\n\n\n<p>Ez az egyik legmegb\u00edzhat\u00f3bb eszk\u00f6z a k\u00f6vetkez\u0151kh\u00f6z: <strong>t\u00f6r\u00f6lt k\u00e9pek helyre\u00e1ll\u00edt\u00e1sa<\/strong> Androidon.<\/p>\n\n\n\n<p>A kezel\u0151fel\u00fclete nagyon egyszer\u0171: v\u00e1laszthatsz az alapvet\u0151 vagy a m\u00e9lyrehat\u00f3 szkennel\u00e9s k\u00f6z\u00f6tt, \u00e9s hagyod, hogy az alkalmaz\u00e1s v\u00e9gezze el a munk\u00e1t.<\/p>\n\n\n\n<p><strong>Mi teszi k\u00fcl\u00f6nlegess\u00e9?<\/strong><\/p>\n\n\n\n<ul>\n<li>Root n\u00e9lk\u00fcl m\u0171k\u00f6dik<\/li>\n\n\n\n<li>B\u00e9lyegk\u00e9pek megjelen\u00edt\u00e9se a let\u00f6lt\u00e9s el\u0151tt<\/li>\n\n\n\n<li>Csak a k\u00edv\u00e1nt fot\u00f3kat v\u00e1laszthatod ki<\/li>\n\n\n\n<li>Mentsd vissza a k\u00e9peket a gal\u00e9ri\u00e1dba<\/li>\n<\/ul>\n\n\n\n<p><strong>Ide\u00e1lis a k\u00f6vetkez\u0151kh\u00f6z:<\/strong> Id\u0151sek, tapasztalatlan felhaszn\u00e1l\u00f3k, alap mobiltelefonok<\/p>\n\n\n\n<p><\/p>\n\n\n\n<hr class=\"wp-block-separator has-alpha-channel-opacity is-style-wide\" \/>\n\n\n\n<h3 class=\"wp-block-heading\"><mark class=\"has-inline-color has-luminous-vivid-amber-color\"><strong>T\u00f6ltse le az alkalmaz\u00e1sokat<\/strong><\/mark><\/h3>\n\n\n    <section class=\"mx-1 my-10\">\n                                                <a href=\"https:\/\/diskdigger.br.uptodown.com\/android\" class=\"text-white\" data-analytics-label=\"optionsButton\"\n                    data-action=\"analytics#trackCTA\">\n                    <div data-options-target=\"option\"\n                        class=\"custom-section rounded-xl border p-3 shadow-md w-full bg-green-700 my-3\">\n                        <div class=\"flex w-full items-center justify-between\">\n                            <div class=\"flex items-center space-x-3\">\n                                <div class=\"text-lg font-bold\">\n                                    DiskDigger \u279d\n                                <\/div>\n                            <\/div>\n                        <\/div>\n                    <\/div>\n                <\/a>\n                            <p class=\"text-xs text-gray-500 text-right\"\n            style=\"margin-left: 50%; margin-bottom: 50px; margin-top: 5px;\">\n            <!-- You will be redirected to another website -->\n        <\/p>\n    <\/section>\n\n\n\n\n<p class=\"has-text-align-right\"><strong><em>\u00c1tir\u00e1ny\u00edtunk egy m\u00e1sik webhelyre<\/em><\/strong><\/p>\n\n\n\n<hr class=\"wp-block-separator has-alpha-channel-opacity is-style-wide\" \/>\n\n\n\n<p><\/p>\n\n\n\n<h3 class=\"wp-block-heading\">\ud83d\udcf1 <strong>2. Kont\u00e9ner: \u00fajrahasznos\u00edt\u00f3 kuka<\/strong><\/h3>\n\n\n\n<p>A kuk\u00e1k \u00fagy m\u0171k\u00f6dnek, mint egy \u201em\u00e1sodik es\u00e9ly\u201d. Minden, amit t\u00f6r\u00f6lsz, el\u0151sz\u00f6r ebbe a kuk\u00e1ba ker\u00fcl, ak\u00e1rcsak a sz\u00e1m\u00edt\u00f3g\u00e9peden.<\/p>\n\n\n\n<p>\u00cdgy k\u00f6nnyen vissza\u00e1ll\u00edthatod, ha meggondolod magad.<\/p>\n\n\n\n<p><strong>F\u0151bb el\u0151ny\u00f6k:<\/strong><\/p>\n\n\n\n<ul>\n<li>Azonnali fot\u00f3- \u00e9s vide\u00f3-helyre\u00e1ll\u00edt\u00e1s<\/li>\n\n\n\n<li>Felh\u0151alap\u00fa biztons\u00e1gi ment\u00e9s<\/li>\n\n\n\n<li>Nincs sz\u00fcks\u00e9g internetkapcsolatra<\/li>\n\n\n\n<li>A legt\u00f6bb Android modellel kompatibilis<\/li>\n<\/ul>\n\n\n\n<p><strong>Ide\u00e1lis a k\u00f6vetkez\u0151kh\u00f6z:<\/strong> akik gyakran t\u00f6rlik a csal\u00e1di mobiltelefonokat an\u00e9lk\u00fcl, hogy ellen\u0151rizn\u00e9k \u0151ket<\/p>\n\n\n\n<p><\/p>\n\n\n\n<hr class=\"wp-block-separator has-alpha-channel-opacity is-style-wide\" \/>\n\n\n\n<h3 class=\"wp-block-heading\"><mark class=\"has-inline-color has-luminous-vivid-amber-color\"><strong>T\u00f6ltse le az alkalmaz\u00e1sokat<\/strong><\/mark><\/h3>\n\n\n    <section class=\"mx-1 my-10\">\n                                                <a href=\"https:\/\/dumpster-recycle-bin.br.uptodown.com\/android\" class=\"text-white\" data-analytics-label=\"optionsButton\"\n                    data-action=\"analytics#trackCTA\">\n                    <div data-options-target=\"option\"\n                        class=\"custom-section rounded-xl border p-3 shadow-md w-full bg-green-700 my-3\">\n                        <div class=\"flex w-full items-center justify-between\">\n                            <div class=\"flex items-center space-x-3\">\n                                <div class=\"text-lg font-bold\">\n                                    Kont\u00e9ner \u279d\n                                <\/div>\n                            <\/div>\n                        <\/div>\n                    <\/div>\n                <\/a>\n                            <p class=\"text-xs text-gray-500 text-right\"\n            style=\"margin-left: 50%; margin-bottom: 50px; margin-top: 5px;\">\n            <!-- You will be redirected to another website -->\n        <\/p>\n    <\/section>\n\n\n\n\n<p class=\"has-text-align-right\"><strong><em>\u00c1tir\u00e1ny\u00edtunk egy m\u00e1sik webhelyre<\/em><\/strong><\/p>\n\n\n\n<hr class=\"wp-block-separator has-alpha-channel-opacity is-style-wide\" \/>\n\n\n\n<p><\/p>\n\n\n\n<h3 class=\"wp-block-heading\">\ud83d\udcf1 <strong>3. Fot\u00f3-helyre\u00e1ll\u00edt\u00e1s \u2013 K\u00e9p vissza\u00e1ll\u00edt\u00e1sa<\/strong><\/h3>\n\n\n\n<p>Ez az alkalmaz\u00e1s k\u00f6nny\u0171, gyors \u00e9s meglehet\u0151sen hat\u00e9kony.<\/p>\n\n\n\n<p>M\u00e9lyen beolvassa a telefon mem\u00f3ri\u00e1j\u00e1t, \u00e9s megjelen\u00edti az \u00f6sszes helyre\u00e1ll\u00edthat\u00f3 k\u00e9pet.<\/p>\n\n\n\n<p><strong>A legjobb dolog ebben az alkalmaz\u00e1sban:<\/strong><\/p>\n\n\n\n<ul>\n<li>K\u00e9t szkennel\u00e9si m\u00f3d (gyors \u00e9s teljes)<\/li>\n\n\n\n<li>Lehet\u0151v\u00e9 teszi t\u00f6bb k\u00e9p egyidej\u0171 helyre\u00e1ll\u00edt\u00e1s\u00e1t<\/li>\n\n\n\n<li>Egyszer\u0171 \u00e9s felhaszn\u00e1l\u00f3bar\u00e1t fel\u00fclet<\/li>\n\n\n\n<li>Nem ig\u00e9nyel bonyolult enged\u00e9lyeket<\/li>\n<\/ul>\n\n\n\n<p><strong>Ide\u00e1lis a k\u00f6vetkez\u0151kh\u00f6z:<\/strong> Azoknak, akik gyorsas\u00e1got \u00e9s azonnal l\u00e1that\u00f3 eredm\u00e9nyeket keresnek<\/p>\n\n\n\n<p><\/p>\n\n\n\n<hr class=\"wp-block-separator has-alpha-channel-opacity is-style-wide\" \/>\n\n\n\n<h3 class=\"wp-block-heading\"><mark class=\"has-inline-color has-luminous-vivid-amber-color\"><strong>T\u00f6ltse le az alkalmaz\u00e1sokat<\/strong><\/mark><\/h3>\n\n\n    <section class=\"mx-1 my-10\">\n                                                <a href=\"https:\/\/photo-recovery.en.uptodown.com\/android\" class=\"text-white\" data-analytics-label=\"optionsButton\"\n                    data-action=\"analytics#trackCTA\">\n                    <div data-options-target=\"option\"\n                        class=\"custom-section rounded-xl border p-3 shadow-md w-full bg-green-700 my-3\">\n                        <div class=\"flex w-full items-center justify-between\">\n                            <div class=\"flex items-center space-x-3\">\n                                <div class=\"text-lg font-bold\">\n                                    Kont\u00e9ner \u279d\n                                <\/div>\n                            <\/div>\n                        <\/div>\n                    <\/div>\n                <\/a>\n                            <p class=\"text-xs text-gray-500 text-right\"\n            style=\"margin-left: 50%; margin-bottom: 50px; margin-top: 5px;\">\n            <!-- You will be redirected to another website -->\n        <\/p>\n    <\/section>\n\n\n\n\n<p class=\"has-text-align-right\"><strong><em>\u00c1tir\u00e1ny\u00edtunk egy m\u00e1sik webhelyre<\/em><\/strong><\/p>\n\n\n\n<hr class=\"wp-block-separator has-alpha-channel-opacity is-style-wide\" \/>\n\n\n\n<p><\/p>\n\n\n\n<h2 class=\"wp-block-heading\">Mi van, ha egyetlen alkalmaz\u00e1s sem m\u0171k\u00f6dik?<\/h2>\n\n\n\n<p>Ne agg\u00f3dj. El\u0151fordulhat, hogy ha sok id\u0151 telt el, vagy ha a telefon m\u00e1r fel\u00fcl\u00edrta a mem\u00f3ri\u00e1t, nem lehet mindent vissza\u00e1ll\u00edtani. De akkor is megpr\u00f3b\u00e1lhatod:<\/p>\n\n\n\n<ul>\n<li>Csatlakoztasd a telefonodat a sz\u00e1m\u00edt\u00f3g\u00e9phez, \u00e9s haszn\u00e1lj olyan szoftvert, mint a Recuva<\/li>\n\n\n\n<li>Ellen\u0151rizd a felh\u0151t (Google Fot\u00f3k, OneDrive, Dropbox)<\/li>\n\n\n\n<li>K\u00e9rdezd meg a csal\u00e1dodat vagy a bar\u00e1taidat, hogy megosztott\u00e1k-e veled ezeket a fot\u00f3kat kor\u00e1bban.<\/li>\n\n\n\n<li>Forduljon m\u0171szaki szolg\u00e1lathoz (v\u00e9gs\u0151 megold\u00e1s)<\/li>\n<\/ul>\n\n\n\n<p>Ne feledd: <strong>A legfontosabb a gyors cselekv\u00e9s<\/strong>.<\/p>\n\n\n<div class=\"wp-block-image\">\n<figure class=\"aligncenter size-full\"><img loading=\"lazy\" decoding=\"async\" width=\"550\" height=\"350\" src=\"https:\/\/universofamilia.com\/wp-content\/uploads\/sites\/148\/2025\/06\/DESTAQUE-UNIVERSO-550-x-350-10.jpg\" alt=\"\" class=\"wp-image-9547\" srcset=\"https:\/\/universofamilia.com\/wp-content\/uploads\/sites\/148\/2025\/06\/DESTAQUE-UNIVERSO-550-x-350-10.jpg 550w, https:\/\/universofamilia.com\/wp-content\/uploads\/sites\/148\/2025\/06\/DESTAQUE-UNIVERSO-550-x-350-10-300x191.jpg 300w, https:\/\/universofamilia.com\/wp-content\/uploads\/sites\/148\/2025\/06\/DESTAQUE-UNIVERSO-550-x-350-10-18x12.jpg 18w\" sizes=\"(max-width: 550px) 100vw, 550px\" \/><figcaption class=\"wp-element-caption\">Helyezze vissza a t\u00f6r\u00f6lt fot\u00f3kat ezzel az alkalmaz\u00e1ssal, \u00e9s mosolyogjon \u00fajra!<\/figcaption><\/figure><\/div>\n\n\n<h2 class=\"wp-block-heading\">Hogyan lehet megakad\u00e1lyozni, hogy \u00fajra megt\u00f6rt\u00e9njen<\/h2>\n\n\n\n<p>Miut\u00e1n vissza\u00e1ll\u00edtotta a k\u00e9peit, tegyen \u00f3vint\u00e9zked\u00e9seket, hogy elker\u00fclje a hasonl\u00f3 probl\u00e9m\u00e1k \u00fajb\u00f3li el\u0151fordul\u00e1s\u00e1t.<\/p>\n\n\n\n<p>\u00cdme n\u00e9h\u00e1ny gyakorlati tipp, amit ma is alkalmazhatsz:<\/p>\n\n\n\n<ul>\n<li><strong>Kapcsolja be az automatikus biztons\u00e1gi ment\u00e9st a Google Fot\u00f3kban<\/strong><\/li>\n\n\n\n<li><strong>Haszn\u00e1lj olyan alkalmaz\u00e1sokat, mint a Dumpster, hogy digit\u00e1lis szemetesed legyen<\/strong><\/li>\n\n\n\n<li><strong>T\u00f6rl\u00e9s el\u0151tt ellen\u0151rizze<\/strong><\/li>\n\n\n\n<li><strong>Ker\u00fcld az ismeretlen alkalmaz\u00e1sok tiszt\u00edt\u00e1s\u00e1t<\/strong><\/li>\n\n\n\n<li><strong>Mentsd el fontos fot\u00f3idat k\u00fcls\u0151 t\u00e1rol\u00f3ra vagy a felh\u0151be<\/strong><\/li>\n<\/ul>\n\n\n\n<h2 class=\"wp-block-heading\">Igaz t\u00f6rt\u00e9netek, amelyek inspir\u00e1lnak<\/h2>\n\n\n\n<p>\u0150k olyan h\u00e9tk\u00f6znapi emberek, mint te, akiknek siker\u00fclt visszaszerezni\u00fck a fontos pillanatokat:<\/p>\n\n\n\n<p><strong>Don Jorge, 72 \u00e9ves<\/strong>Elvesztette elhunyt feles\u00e9g\u00e9nek fot\u00f3it. A DiskDigger seg\u00edts\u00e9g\u00e9vel 15 olyan k\u00e9pet siker\u00fclt visszaszereznie, amelyekr\u0151l azt hitte, hogy \u00f6r\u00f6kre elvesztek.<\/p>\n\n\n\n<p><strong>Norma, 58 \u00e9ves<\/strong>Lemer\u00fclt a mobiltelefonja, \u00e9s elvesztek az unok\u00e1ival k\u00e9sz\u00fclt kar\u00e1csonyi fot\u00f3k. A Dumpsternek k\u00f6sz\u00f6nhet\u0151en egyetlen kattint\u00e1ssal vissza\u00e1ll\u00edtotta \u0151ket.<\/p>\n\n\n\n<p><strong>Tam\u00e1s, 33 \u00e9ves<\/strong>Azt hitte, soha t\u00f6bb\u00e9 nem l\u00e1tja viszont az esk\u00fcv\u0151i fot\u00f3it. A Photo Recovery t\u00f6bb mint 300 helyre\u00e1ll\u00edtott fot\u00f3val lepte meg.<\/p>\n\n\n\n<p><strong>K\u00f6vetkeztet\u00e9s:<\/strong> ha tudn\u00e1k, <strong>te is megteheted<\/strong>Csak meg kell tenned az els\u0151 l\u00e9p\u00e9st.<\/p>\n\n\n\n<h2 class=\"wp-block-heading\">Mi\u00e9rt b\u00edzzunk ezekben az alkalmaz\u00e1sokban?<\/h2>\n\n\n\n<p>Tudjuk, hogy sok hamis vagy t\u00fal sok rekl\u00e1mot tartalmaz\u00f3 alkalmaz\u00e1s l\u00e9tezik. Ez\u00e9rt csak azokat az alkalmaz\u00e1sokat aj\u00e1nljuk, amelyek:<\/p>\n\n\n\n<ul>\n<li>T\u00f6bb mint 10 milli\u00f3 let\u00f6lt\u00e9s\u00fck van<\/li>\n\n\n\n<li>J\u00f3l vannak \u00e9rt\u00e9kelve (t\u00f6bb mint 4 csillag)<\/li>\n\n\n\n<li>A Google Play ellen\u0151rizte \u0151ket<\/li>\n\n\n\n<li>Nem ig\u00e9nyelnek root hozz\u00e1f\u00e9r\u00e9st (halad\u00f3 szint\u0171 hozz\u00e1f\u00e9r\u00e9s)<\/li>\n\n\n\n<li>Bar\u00e1ts\u00e1gos \u00e9s tiszta \u00e9lm\u00e9nyt ny\u00fajtanak<\/li>\n<\/ul>\n\n\n\n<h2 class=\"wp-block-heading\">Gyakran Ism\u00e9telt K\u00e9rd\u00e9sek<\/h2>\n\n\n\n<p><strong>Biztons\u00e1gosak ezek az alkalmaz\u00e1sok?<\/strong><br>Igen, mindegyik a hivatalos Google \u00e1ruh\u00e1zb\u00f3l sz\u00e1rmazik. Nem fognak szem\u00e9lyes adatokat k\u00e9rni t\u0151led, \u00e9s nem k\u00e1ros\u00edtj\u00e1k a telefonodat.<\/p>\n\n\n\n<p><strong>Vissza tudom \u00e1ll\u00edtani \u00e9vekkel ezel\u0151tti fot\u00f3imat?<\/strong><br>Att\u00f3l f\u00fcgg. Ha nem \u00edrt\u00e1k fel\u00fcl \u0151ket, akkor lehets\u00e9ges. De min\u00e9l el\u0151bb cselekszel, ann\u00e1l jobb.<\/p>\n\n\n\n<p><strong>Minden mobiltelefonon m\u0171k\u00f6dik?<\/strong><br>A legt\u00f6bb alkalmaz\u00e1s Android 6.0-s vagy \u00fajabb rendszeren fut. Ha a modelled nagyon r\u00e9gi, akkor korl\u00e1toz\u00e1sok lehetnek.<\/p>\n\n\n\n<p><strong>Sz\u00fcks\u00e9gem van internetre?<\/strong><br>Csak t\u00f6ltsd le az alkalmaz\u00e1st. Ut\u00e1na n\u00e9melyik offline is m\u0171k\u00f6dik.<\/p>\n\n\n\n<h2 class=\"wp-block-heading\">Cselekedj m\u00e9g ma!<\/h2>\n\n\n\n<p><strong>Ne vesztegesd az id\u0151d! \u00c1ll\u00edtsd vissza a t\u00f6r\u00f6lt fot\u00f3kat ezzel az alkalmaz\u00e1ssal, \u00e9s mosolyogj \u00fajra!<\/strong> Az eml\u00e9keid felbecs\u00fclhetetlenek, \u00e9s csak n\u00e9h\u00e1ny kattint\u00e1snyira vannak.<\/p>\n\n\n\n<p>Ma a k\u00f6vetkez\u0151ket tanultad:<\/p>\n\n\n\n<p>-\u2705 Nem vagy egyed\u00fcl: a fot\u00f3k t\u00f6rl\u00e9se mindenkivel megt\u00f6rt\u00e9nik<br>*\u2705 Hogy ami elveszett, visszaszerezhet\u0151<br>*\u2705 Hogy l\u00e9teznek megb\u00edzhat\u00f3 \u00e9s k\u00f6nnyen haszn\u00e1lhat\u00f3 alkalmaz\u00e1sok<br>-\u2705 Hogy a megel\u0151z\u00e9s ugyanolyan fontos, mint a gyors cselekv\u00e9s<\/p>\n\n\n\n<p>T\u00f6ltsd le az aj\u00e1nlott alkalmaz\u00e1sok egyik\u00e9t, \u00e9s kezdd el visszanyerni a m\u00faltadat, az \u00f6r\u00f6m\u00f6det, az eml\u00e9keidet.<\/p>\n\n\n\n<p><strong>Mire v\u00e1rsz?<\/strong> Kattintson, telep\u00edtse, szkennelje be \u00e9s <strong>L\u00e1sd \u00fajra, amit \u00f6r\u00f6kre elveszettnek hitt\u00e9l<\/strong>.<\/p>","protected":false},"excerpt":{"rendered":"<p>V\u00e9letlen\u00fcl elvesz\u00edtetted a fontos eml\u00e9keidet? Fedezd fel a t\u00f6r\u00f6lt f\u00e9nyk\u00e9pek helyre\u00e1ll\u00edt\u00e1s\u00e1nak k\u00f6vetkez\u0151 lehet\u0151s\u00e9geit. Ott maradnak, ahol vannak! Megb\u00e1ntad, hogy t\u00f6r\u00f6lted a fontos k\u00e9peket? Ma megtanulod, hogyan \u00e1ll\u00edthatod vissza \u0151ket egyszer\u0171en, l\u00e9p\u00e9sr\u0151l l\u00e9p\u00e9sre. \u00c1ll\u00edtsd vissza a t\u00f6r\u00f6lt f\u00e9nyk\u00e9peket ezzel az alkalmaz\u00e1ssal! Ez a mondat var\u00e1zslatosnak t\u0171nhet, de teljesen val\u00f3s\u00e1gos. Ki ne \u00e9rezte volna m\u00e1r [\u2026]<\/p>","protected":false},"author":139,"featured_media":9547,"comment_status":"closed","ping_status":"open","sticky":false,"template":"","format":"standard","meta":{"footnotes":""},"categories":[3],"tags":[2118,2330,872,2331,1386],"yoast_head":"<!-- This site is optimized with the Yoast SEO plugin v23.3 - https:\/\/yoast.com\/wordpress\/plugins\/seo\/ -->\n<title>\u00a1Recupera fotos eliminadas con esta aplicaci\u00f3n y vuelve a sonre\u00edr! - Universo Fam\u00edlia<\/title>\n<meta name=\"description\" content=\"\u00a1Recupera fotos eliminadas con esta aplicaci\u00f3n y vuelve a sonre\u00edr! \u00bfPerdiste recuerdos importantes por error?...\" \/>\n<meta name=\"robots\" content=\"index, follow, max-snippet:-1, max-image-preview:large, max-video-preview:-1\" \/>\n<link rel=\"canonical\" href=\"http:\/\/universofamilia.com\/hu\/recupera-fotos-eliminadas-con-esta-aplicacion-y-vuelve-a-sonreir\/\" \/>\n<meta property=\"og:locale\" content=\"hu_HU\" \/>\n<meta property=\"og:type\" content=\"article\" \/>\n<meta property=\"og:title\" content=\"\u00a1Recupera fotos eliminadas con esta aplicaci\u00f3n y vuelve a sonre\u00edr! - Universo Fam\u00edlia\" \/>\n<meta property=\"og:description\" content=\"\u00a1Recupera fotos eliminadas con esta aplicaci\u00f3n y vuelve a sonre\u00edr! \u00bfPerdiste recuerdos importantes por error?...\" \/>\n<meta property=\"og:url\" content=\"http:\/\/universofamilia.com\/hu\/recupera-fotos-eliminadas-con-esta-aplicacion-y-vuelve-a-sonreir\/\" \/>\n<meta property=\"og:site_name\" content=\"Universo Fam\u00edlia\" \/>\n<meta property=\"article:published_time\" content=\"2025-06-30T17:07:08+00:00\" \/>\n<meta property=\"article:modified_time\" content=\"2025-06-30T17:07:10+00:00\" \/>\n<meta property=\"og:image\" content=\"http:\/\/universofamilia.com\/wp-content\/uploads\/sites\/148\/2025\/06\/DESTAQUE-UNIVERSO-550-x-350-10.jpg\" \/>\n\t<meta property=\"og:image:width\" content=\"550\" \/>\n\t<meta property=\"og:image:height\" content=\"350\" \/>\n\t<meta property=\"og:image:type\" content=\"image\/jpeg\" \/>\n<meta name=\"author\" content=\"Pedro Henrique\" \/>\n<meta name=\"twitter:card\" content=\"summary_large_image\" \/>\n<meta name=\"twitter:label1\" content=\"Written by\" \/>\n\t<meta name=\"twitter:data1\" content=\"Pedro Henrique\" \/>\n\t<meta name=\"twitter:label2\" content=\"Est. reading time\" \/>\n\t<meta name=\"twitter:data2\" content=\"7 perc\" \/>\n<script type=\"application\/ld+json\" class=\"yoast-schema-graph\">{\"@context\":\"https:\/\/schema.org\",\"@graph\":[{\"@type\":\"WebPage\",\"@id\":\"http:\/\/universofamilia.com\/pl\/recupera-fotos-eliminadas-con-esta-aplicacion-y-vuelve-a-sonreir\/\",\"url\":\"http:\/\/universofamilia.com\/pl\/recupera-fotos-eliminadas-con-esta-aplicacion-y-vuelve-a-sonreir\/\",\"name\":\"\u00a1Recupera fotos eliminadas con esta aplicaci\u00f3n y vuelve a sonre\u00edr! - Universo Fam\u00edlia\",\"isPartOf\":{\"@id\":\"https:\/\/universofamilia.com\/el\/#website\"},\"primaryImageOfPage\":{\"@id\":\"http:\/\/universofamilia.com\/pl\/recupera-fotos-eliminadas-con-esta-aplicacion-y-vuelve-a-sonreir\/#primaryimage\"},\"image\":{\"@id\":\"http:\/\/universofamilia.com\/pl\/recupera-fotos-eliminadas-con-esta-aplicacion-y-vuelve-a-sonreir\/#primaryimage\"},\"thumbnailUrl\":\"https:\/\/universofamilia.com\/wp-content\/uploads\/sites\/148\/2025\/06\/DESTAQUE-UNIVERSO-550-x-350-10.jpg\",\"datePublished\":\"2025-06-30T17:07:08+00:00\",\"dateModified\":\"2025-06-30T17:07:10+00:00\",\"author\":{\"@id\":\"https:\/\/universofamilia.com\/el\/#\/schema\/person\/f07ce98187dd84d31154262e79b3b7ca\"},\"description\":\"\u00a1Recupera fotos eliminadas con esta aplicaci\u00f3n y vuelve a sonre\u00edr! \u00bfPerdiste recuerdos importantes por error?...\",\"breadcrumb\":{\"@id\":\"http:\/\/universofamilia.com\/pl\/recupera-fotos-eliminadas-con-esta-aplicacion-y-vuelve-a-sonreir\/#breadcrumb\"},\"inLanguage\":\"hu\",\"potentialAction\":[{\"@type\":\"ReadAction\",\"target\":[\"http:\/\/universofamilia.com\/pl\/recupera-fotos-eliminadas-con-esta-aplicacion-y-vuelve-a-sonreir\/\"]}]},{\"@type\":\"ImageObject\",\"inLanguage\":\"hu\",\"@id\":\"http:\/\/universofamilia.com\/pl\/recupera-fotos-eliminadas-con-esta-aplicacion-y-vuelve-a-sonreir\/#primaryimage\",\"url\":\"https:\/\/universofamilia.com\/wp-content\/uploads\/sites\/148\/2025\/06\/DESTAQUE-UNIVERSO-550-x-350-10.jpg\",\"contentUrl\":\"https:\/\/universofamilia.com\/wp-content\/uploads\/sites\/148\/2025\/06\/DESTAQUE-UNIVERSO-550-x-350-10.jpg\",\"width\":550,\"height\":350,\"caption\":\"\u00a1Recupera fotos eliminadas con esta aplicaci\u00f3n y vuelve a sonre\u00edr!\"},{\"@type\":\"BreadcrumbList\",\"@id\":\"http:\/\/universofamilia.com\/pl\/recupera-fotos-eliminadas-con-esta-aplicacion-y-vuelve-a-sonreir\/#breadcrumb\",\"itemListElement\":[{\"@type\":\"ListItem\",\"position\":1,\"name\":\"Home\",\"item\":\"https:\/\/universofamilia.com\/el\/\"},{\"@type\":\"ListItem\",\"position\":2,\"name\":\"\u00a1Recupera fotos eliminadas con esta aplicaci\u00f3n y vuelve a sonre\u00edr!\"}]},{\"@type\":\"WebSite\",\"@id\":\"https:\/\/universofamilia.com\/el\/#website\",\"url\":\"https:\/\/universofamilia.com\/el\/\",\"name\":\"Universo Fam\u00edlia\",\"description\":\"\",\"potentialAction\":[{\"@type\":\"SearchAction\",\"target\":{\"@type\":\"EntryPoint\",\"urlTemplate\":\"https:\/\/universofamilia.com\/el\/?s={search_term_string}\"},\"query-input\":\"required name=search_term_string\"}],\"inLanguage\":\"hu\"},{\"@type\":\"Person\",\"@id\":\"https:\/\/universofamilia.com\/el\/#\/schema\/person\/f07ce98187dd84d31154262e79b3b7ca\",\"name\":\"Pedro Henrique\",\"image\":{\"@type\":\"ImageObject\",\"inLanguage\":\"hu\",\"@id\":\"https:\/\/universofamilia.com\/el\/#\/schema\/person\/image\/\",\"url\":\"https:\/\/secure.gravatar.com\/avatar\/9edfeb808cb4e1599f64d6e45b130154?s=96&d=mm&r=g\",\"contentUrl\":\"https:\/\/secure.gravatar.com\/avatar\/9edfeb808cb4e1599f64d6e45b130154?s=96&d=mm&r=g\",\"caption\":\"Pedro Henrique\"},\"url\":\"https:\/\/universofamilia.com\/hu\/author\/editor01\/\"}]}<\/script>\n<!-- \/ Yoast SEO plugin. -->","yoast_head_json":{"title":"\u00a1Recupera fotos eliminadas con esta aplicaci\u00f3n y vuelve a sonre\u00edr! - Universo Fam\u00edlia","description":"\u00a1Recupera fotos eliminadas con esta aplicaci\u00f3n y vuelve a sonre\u00edr! \u00bfPerdiste recuerdos importantes por error?...","robots":{"index":"index","follow":"follow","max-snippet":"max-snippet:-1","max-image-preview":"max-image-preview:large","max-video-preview":"max-video-preview:-1"},"canonical":"http:\/\/universofamilia.com\/hu\/recupera-fotos-eliminadas-con-esta-aplicacion-y-vuelve-a-sonreir\/","og_locale":"hu_HU","og_type":"article","og_title":"\u00a1Recupera fotos eliminadas con esta aplicaci\u00f3n y vuelve a sonre\u00edr! - Universo Fam\u00edlia","og_description":"\u00a1Recupera fotos eliminadas con esta aplicaci\u00f3n y vuelve a sonre\u00edr! \u00bfPerdiste recuerdos importantes por error?...","og_url":"http:\/\/universofamilia.com\/hu\/recupera-fotos-eliminadas-con-esta-aplicacion-y-vuelve-a-sonreir\/","og_site_name":"Universo Fam\u00edlia","article_published_time":"2025-06-30T17:07:08+00:00","article_modified_time":"2025-06-30T17:07:10+00:00","og_image":[{"width":550,"height":350,"url":"http:\/\/universofamilia.com\/wp-content\/uploads\/sites\/148\/2025\/06\/DESTAQUE-UNIVERSO-550-x-350-10.jpg","type":"image\/jpeg"}],"author":"Pedro Henrique","twitter_card":"summary_large_image","twitter_misc":{"Written by":"Pedro Henrique","Est. reading time":"7 perc"},"schema":{"@context":"https:\/\/schema.org","@graph":[{"@type":"WebPage","@id":"http:\/\/universofamilia.com\/pl\/recupera-fotos-eliminadas-con-esta-aplicacion-y-vuelve-a-sonreir\/","url":"http:\/\/universofamilia.com\/pl\/recupera-fotos-eliminadas-con-esta-aplicacion-y-vuelve-a-sonreir\/","name":"\u00a1Recupera fotos eliminadas con esta aplicaci\u00f3n y vuelve a sonre\u00edr! - Universo Fam\u00edlia","isPartOf":{"@id":"https:\/\/universofamilia.com\/el\/#website"},"primaryImageOfPage":{"@id":"http:\/\/universofamilia.com\/pl\/recupera-fotos-eliminadas-con-esta-aplicacion-y-vuelve-a-sonreir\/#primaryimage"},"image":{"@id":"http:\/\/universofamilia.com\/pl\/recupera-fotos-eliminadas-con-esta-aplicacion-y-vuelve-a-sonreir\/#primaryimage"},"thumbnailUrl":"https:\/\/universofamilia.com\/wp-content\/uploads\/sites\/148\/2025\/06\/DESTAQUE-UNIVERSO-550-x-350-10.jpg","datePublished":"2025-06-30T17:07:08+00:00","dateModified":"2025-06-30T17:07:10+00:00","author":{"@id":"https:\/\/universofamilia.com\/el\/#\/schema\/person\/f07ce98187dd84d31154262e79b3b7ca"},"description":"\u00a1Recupera fotos eliminadas con esta aplicaci\u00f3n y vuelve a sonre\u00edr! \u00bfPerdiste recuerdos importantes por error?...","breadcrumb":{"@id":"http:\/\/universofamilia.com\/pl\/recupera-fotos-eliminadas-con-esta-aplicacion-y-vuelve-a-sonreir\/#breadcrumb"},"inLanguage":"hu","potentialAction":[{"@type":"ReadAction","target":["http:\/\/universofamilia.com\/pl\/recupera-fotos-eliminadas-con-esta-aplicacion-y-vuelve-a-sonreir\/"]}]},{"@type":"ImageObject","inLanguage":"hu","@id":"http:\/\/universofamilia.com\/pl\/recupera-fotos-eliminadas-con-esta-aplicacion-y-vuelve-a-sonreir\/#primaryimage","url":"https:\/\/universofamilia.com\/wp-content\/uploads\/sites\/148\/2025\/06\/DESTAQUE-UNIVERSO-550-x-350-10.jpg","contentUrl":"https:\/\/universofamilia.com\/wp-content\/uploads\/sites\/148\/2025\/06\/DESTAQUE-UNIVERSO-550-x-350-10.jpg","width":550,"height":350,"caption":"\u00a1Recupera fotos eliminadas con esta aplicaci\u00f3n y vuelve a sonre\u00edr!"},{"@type":"BreadcrumbList","@id":"http:\/\/universofamilia.com\/pl\/recupera-fotos-eliminadas-con-esta-aplicacion-y-vuelve-a-sonreir\/#breadcrumb","itemListElement":[{"@type":"ListItem","position":1,"name":"Home","item":"https:\/\/universofamilia.com\/el\/"},{"@type":"ListItem","position":2,"name":"\u00a1Recupera fotos eliminadas con esta aplicaci\u00f3n y vuelve a sonre\u00edr!"}]},{"@type":"WebSite","@id":"https:\/\/universofamilia.com\/el\/#website","url":"https:\/\/universofamilia.com\/el\/","name":"Universo Fam\u00edlia","description":"","potentialAction":[{"@type":"SearchAction","target":{"@type":"EntryPoint","urlTemplate":"https:\/\/universofamilia.com\/el\/?s={search_term_string}"},"query-input":"required name=search_term_string"}],"inLanguage":"hu"},{"@type":"Person","@id":"https:\/\/universofamilia.com\/el\/#\/schema\/person\/f07ce98187dd84d31154262e79b3b7ca","name":"Pedro Henrique","image":{"@type":"ImageObject","inLanguage":"hu","@id":"https:\/\/universofamilia.com\/el\/#\/schema\/person\/image\/","url":"https:\/\/secure.gravatar.com\/avatar\/9edfeb808cb4e1599f64d6e45b130154?s=96&d=mm&r=g","contentUrl":"https:\/\/secure.gravatar.com\/avatar\/9edfeb808cb4e1599f64d6e45b130154?s=96&d=mm&r=g","caption":"Pedro Henrique"},"url":"https:\/\/universofamilia.com\/hu\/author\/editor01\/"}]}},"_links":{"self":[{"href":"https:\/\/universofamilia.com\/hu\/wp-json\/wp\/v2\/posts\/9545"}],"collection":[{"href":"https:\/\/universofamilia.com\/hu\/wp-json\/wp\/v2\/posts"}],"about":[{"href":"https:\/\/universofamilia.com\/hu\/wp-json\/wp\/v2\/types\/post"}],"author":[{"embeddable":true,"href":"https:\/\/universofamilia.com\/hu\/wp-json\/wp\/v2\/users\/139"}],"replies":[{"embeddable":true,"href":"https:\/\/universofamilia.com\/hu\/wp-json\/wp\/v2\/comments?post=9545"}],"version-history":[{"count":1,"href":"https:\/\/universofamilia.com\/hu\/wp-json\/wp\/v2\/posts\/9545\/revisions"}],"predecessor-version":[{"id":9548,"href":"https:\/\/universofamilia.com\/hu\/wp-json\/wp\/v2\/posts\/9545\/revisions\/9548"}],"wp:featuredmedia":[{"embeddable":true,"href":"https:\/\/universofamilia.com\/hu\/wp-json\/wp\/v2\/media\/9547"}],"wp:attachment":[{"href":"https:\/\/universofamilia.com\/hu\/wp-json\/wp\/v2\/media?parent=9545"}],"wp:term":[{"taxonomy":"category","embeddable":true,"href":"https:\/\/universofamilia.com\/hu\/wp-json\/wp\/v2\/categories?post=9545"},{"taxonomy":"post_tag","embeddable":true,"href":"https:\/\/universofamilia.com\/hu\/wp-json\/wp\/v2\/tags?post=9545"}],"curies":[{"name":"wp","href":"https:\/\/api.w.org\/{rel}","templated":true}]}}