{"id":9694,"date":"2025-08-08T17:07:28","date_gmt":"2025-08-08T20:07:28","guid":{"rendered":"https:\/\/universofamilia.com\/?p=9694"},"modified":"2025-08-13T16:27:54","modified_gmt":"2025-08-13T19:27:54","slug":"me-siento-sola-y-quiero-platicar-contigo-por-estos-apps-de-citas-2","status":"publish","type":"post","link":"https:\/\/universofamilia.com\/hu\/me-siento-sola-y-quiero-platicar-contigo-por-estos-apps-de-citas-2\/","title":{"rendered":"Mag\u00e1nyosnak \u00e9rzem magam, \u00e9s szeretn\u00e9k veled besz\u00e9lgetni ezeken a t\u00e1rskeres\u0151 alkalmaz\u00e1sokon kereszt\u00fcl."},"content":{"rendered":"<p class=\"has-text-align-center\"><strong>Mag\u00e1nyosnak \u00e9rzem magam, \u00e9s szeretn\u00e9k veled besz\u00e9lgetni ezeken a t\u00e1rskeres\u0151 alkalmaz\u00e1sokon kereszt\u00fcl.<\/strong>...Mag\u00e1nyosnak \u00e9rzed magad mostan\u00e1ban?<\/p>\n\n\n\n<h5 class=\"wp-block-heading has-text-align-center\"><strong><mark class=\"has-inline-color has-vivid-cyan-blue-color\">Mit szeretn\u00e9l el\u0151sz\u00f6r csin\u00e1lni?<\/mark><\/strong><\/h5>\n\n\n    <section class=\"mx-1 my-10\">\n                                                <a href=\"https:\/\/universofamilia.com\/hu\/randialkalmazasok\/\" class=\"text-white\" data-analytics-label=\"optionsButton\"\n                    data-action=\"analytics#trackCTA\">\n                    <div data-options-target=\"option\"\n                        class=\"custom-section rounded-xl border p-3 shadow-md w-full bg-green-700 my-3\">\n                        <div class=\"flex w-full items-center justify-between\">\n                            <div class=\"flex items-center space-x-3\">\n                                <div class=\"text-lg font-bold\">\n                                    Ismerd meg most \u279d\n                                <\/div>\n                            <\/div>\n                        <\/div>\n                    <\/div>\n                <\/a>\n                                                            <a href=\"https:\/\/universofamilia.com\/hu\/mejor-app-de-citas-real\/\" class=\"text-white\" data-analytics-label=\"optionsButton\"\n                    data-action=\"analytics#trackCTA\">\n                    <div data-options-target=\"option\"\n                        class=\"custom-section rounded-xl border p-3 shadow-md w-full bg-green-700 my-3\">\n                        <div class=\"flex w-full items-center justify-between\">\n                            <div class=\"flex items-center space-x-3\">\n                                <div class=\"text-lg font-bold\">\n                                    Szia, besz\u00e9lj most!  \u279d\n                                <\/div>\n                            <\/div>\n                        <\/div>\n                    <\/div>\n                <\/a>\n                                                            <a href=\"https:\/\/universofamilia.com\/hu\/el-amor-a-un-clic\/\" class=\"text-white\" data-analytics-label=\"optionsButton\"\n                    data-action=\"analytics#trackCTA\">\n                    <div data-options-target=\"option\"\n                        class=\"custom-section rounded-xl border p-3 shadow-md w-full bg-green-700 my-3\">\n                        <div class=\"flex w-full items-center justify-between\">\n                            <div class=\"flex items-center space-x-3\">\n                                <div class=\"text-lg font-bold\">\n                                    Egy kis aj\u00e1nd\u00e9k neked \u279d\n                                <\/div>\n                            <\/div>\n                        <\/div>\n                    <\/div>\n                <\/a>\n                            <p class=\"text-xs text-gray-500 text-right hidden\"\n            style=\"margin-left: 50%; margin-bottom: 50px; margin-top: 5px;\">\n            <!-- You will be redirected to another website -->\n        <\/p>\n    <\/section>\n\n\n\n\n\n\n<p><strong>Mag\u00e1nyosnak \u00e9rzem magam, \u00e9s szeretn\u00e9k veled besz\u00e9lgetni ezeken a t\u00e1rskeres\u0151 alkalmaz\u00e1sokon kereszt\u00fcl.<\/strong>.<\/p>\n\n\n\n<p>Ha valaha is \u00e9rezted m\u00e1r azt az \u00fcress\u00e9get a nap v\u00e9g\u00e9n, amikor minden csendes, \u00e9s nincs kivel megosztanod a gondolataidat vagy \u00e9rz\u00e9seidet, akkor tudod, milyen neh\u00e9z tud lenni.<\/p>\n\n\n\n<p>A mag\u00e1ny nem mindig jelenti azt, hogy fizikailag egyed\u00fcl vagyunk; gyakran azt az \u00e9rz\u00e9st jelenti, hogy besz\u00e9lni szeretn\u00e9nk, de nincs kivel.<\/p>\n\n\n\n<p>Manaps\u00e1g, a technol\u00f3gi\u00e1nak k\u00f6sz\u00f6nhet\u0151en, ler\u00f6vid\u00fclt a t\u00e1vols\u00e1g ak\u00f6z\u00f6tt, amit \u00e9rz\u00fcnk, \u00e9s amit megtapasztalhatunk.<\/p>\n\n\n\n<p>A t\u00e1rskeres\u0151 alkalmaz\u00e1sok nem csak a \u201et\u00e1rskeres\u00e9sre\u201d szolg\u00e1lnak, hanem mened\u00e9ket is ny\u00fajtanak ahhoz, hogy val\u00f3di embereket tal\u00e1lj, akiknek hasonl\u00f3 t\u00f6rt\u00e9net\u00fck van, mint neked, akik hajland\u00f3ak meghallgatni, egy\u00fctt nevetni veled \u00e9s val\u00f3di kapcsolatokat teremteni.<\/p>\n\n\n\n<p>K\u00e9pzeld el, hogy kinyitod a telefonod, \u00e9s m\u00e1sodperceken bel\u00fcl tal\u00e1lsz valakit, aki megk\u00e9rdezi t\u0151led: \u201eHogy vagy?\u201d, \u00e9s t\u00e9nylegesen meghallgatja a v\u00e1laszt.<\/p>\n\n\n\n<p>Ak\u00e1r szerelemre, bar\u00e1ts\u00e1gra, vagy csak egy j\u00f3 besz\u00e9lget\u00e9sre v\u00e1gysz, hogy feldobd a napodat, rengeteg ember van odakint, akik szint\u00e9n szeretn\u00e9nek kapcsol\u00f3dni egym\u00e1shoz.<\/p>\n\n\n\n<p>Ebben a cikkben megtudhatja <strong>5 biztons\u00e1gos, n\u00e9pszer\u0171 \u00e9s k\u00f6nnyen haszn\u00e1lhat\u00f3 alkalmaz\u00e1s<\/strong>, amelyet minden koroszt\u00e1ly \u00e9s technol\u00f3giai tapasztalattal rendelkez\u0151 ember sz\u00e1m\u00e1ra terveztek, \u00e9s amely lehet\u0151v\u00e9 teszi, hogy megt\u00f6rje a jeget, besz\u00e9lget\u00e9seket ind\u00edtson, \u00e9s tal\u00e1n megtal\u00e1lja azt a c\u00e9get, amelyet keres.<\/p>\n\n\n\n<h2 class=\"wp-block-heading\">Az \u00faj m\u00f3dja annak, hogy kimondjuk: \u201eNem akarok egyed\u00fcl lenni\u201d<\/h2>\n\n\n\n<p>Kor\u00e1bban, ahhoz, hogy emberekkel tal\u00e1lkozz, a v\u00e9letlenekre kellett v\u00e1rnod: egy bar\u00e1tra, aki bemutatott valakinek, egy t\u00e1rsas\u00e1gi esem\u00e9nyre, egy k\u00f6tetlen besz\u00e9lget\u00e9sre egy k\u00e1v\u00e9z\u00f3ban.<\/p>\n\n\n\n<p>Manaps\u00e1g a t\u00e1rskeres\u0151 alkalmaz\u00e1sokban te v\u00e1laszthatod meg a kapcsolatfelv\u00e9tel id\u0151pontj\u00e1t \u00e9s hely\u00e9t.<\/p>\n\n\n\n<p>Ezek a platformok lehet\u0151v\u00e9 teszik, hogy:<\/p>\n\n\n\n<ul>\n<li><strong>Kiv\u00e1lasztani, hogy kivel besz\u00e9lj\u00fcnk<\/strong> sz\u0171r\u00e9s \u00e9rdekl\u0151d\u00e9si k\u00f6r, helysz\u00edn \u00e9s \u00e9rt\u00e9kek szerint.<\/li>\n\n\n\n<li><strong>Ker\u00fcld az er\u0151ltetett besz\u00e9lget\u00e9seket<\/strong>, mert a kapcsolat k\u00f6lcs\u00f6n\u00f6s \u00e9rdeken alapul.<\/li>\n\n\n\n<li><strong>Fedezz fel hasonl\u00f3 gondolkod\u00e1s\u00fa embereket<\/strong> amir\u0151l a digit\u00e1lis vil\u00e1gon k\u00edv\u00fcl tal\u00e1n soha nem is tudt\u00e1l volna.<\/li>\n<\/ul>\n\n\n\n<p>M\u00e9g ha m\u00e9g soha nem haszn\u00e1lt\u00e1l ehhez hasonl\u00f3 alkalmaz\u00e1st, meglep\u0151dsz majd, milyen gyorsan k\u00e9nyelmesen \u00e9s magabiztosan \u00e9rezheted magad.<\/p>\n\n\n\n<h2 class=\"wp-block-heading\">Igaz t\u00f6rt\u00e9netek: Hogyan v\u00e1ltoztatj\u00e1k meg az alkalmaz\u00e1sok az \u00e9leteket<\/h2>\n\n\n\n<p>\ud83d\udcac <em>\u201eSoha nem gondoltam volna, hogy 58 \u00e9vesen randialkalmaz\u00e1st fogok haszn\u00e1lni. Csak besz\u00e9lni akartam valakivel, aki meg\u00e9rti az \u00edzl\u00e9semet. Mari\u00f3val a Bumble-en ismerkedtem meg, \u00e9s most minden nap vide\u00f3chatel\u00fcnk. Nem tudom, hogy ez szerelem-e, de tal\u00e1ltam egy bar\u00e1tot, aki val\u00f3ban meghallgat engem.\u201d<\/em> \u2014 Laura, Mexik\u00f3v\u00e1ros<\/p>\n\n\n\n<p>\ud83d\udcac <em>\u201eA v\u00e1l\u00e1som ut\u00e1n \u00fagy \u00e9reztem, hogy elt\u00e1volodtam a vil\u00e1gt\u00f3l. Kipr\u00f3b\u00e1ltam a Badoo-t, \u00e9s kevesebb mint egy h\u00e9t alatt h\u00e1rom emberrel is besz\u00e9lgettem zen\u00e9r\u0151l \u00e9s utaz\u00e1sr\u00f3l. Nem csak fl\u00f6rt\u00f6l\u00e9sr\u0151l volt sz\u00f3, hanem arr\u00f3l, hogy \u00f6sszetartoztunk.\u201d<\/em> \u2014 Ricardo, Guadalajara<\/p>\n\n\n\n<p>Ezek a tapasztalatok azt mutatj\u00e1k, hogy a t\u00e1rskeres\u0151 alkalmaz\u00e1soknak nincs korhat\u00e1ruk \u00e9s egyetlen c\u00e9ljuk: arr\u00f3l sz\u00f3lnak, hogy \u00faj kapcsolatokat \u00e9p\u00edtsenek ki.<\/p>\n\n\n\n<h2 class=\"wp-block-heading\">Hogyan v\u00e1laszd ki a sz\u00e1modra megfelel\u0151 alkalmaz\u00e1st<\/h2>\n\n\n\n<p>Amikor \u00fagy d\u00f6ntesz, hogy let\u00f6ltesz egy t\u00e1rskeres\u0151 alkalmaz\u00e1st, nem csak az a fontos, hogy h\u00e1nyan haszn\u00e1lj\u00e1k, hanem az is, hogy illik-e hozz\u00e1d, \u00e9s mit keresel.<br>\u00cdme egy gyors \u00fatmutat\u00f3, amely seg\u00edt a d\u00f6nt\u00e9sben:<\/p>\n\n\n\n<ul>\n<li><strong>N\u00e9pszer\u0171s\u00e9g<\/strong>Min\u00e9l t\u00f6bb felhaszn\u00e1l\u00f3d van, ann\u00e1l val\u00f3sz\u00edn\u0171bb, hogy hasonl\u00f3 gondolkod\u00e1s\u00fa embereket tal\u00e1lsz.<\/li>\n\n\n\n<li><strong>Extra funkci\u00f3k<\/strong>Videoh\u00edv\u00e1sok, hang\u00fczenetek, \u00e9rdekl\u0151d\u00e9si k\u00f6r szerinti sz\u0171r\u0151k.<\/li>\n\n\n\n<li><strong>K\u00f6nny\u0171 haszn\u00e1lat<\/strong>Ide\u00e1lis, ha nem vagy t\u00fal j\u00e1rtas a technik\u00e1ban.<\/li>\n\n\n\n<li><strong>Biztons\u00e1g<\/strong>Profil-ellen\u0151rz\u00e9si \u00e9s zaklat\u00e1sellenes eszk\u00f6z\u00f6k.<\/li>\n<\/ul>\n\n\n\n<h2 class=\"wp-block-heading\">Az 5 legjobb alkalmaz\u00e1s, ha azt mondod: \u201eMag\u00e1nyos vagyok \u00e9s besz\u00e9lni szeretn\u00e9k veled\u201d.<\/h2>\n\n\n\n<p>Bemutatok nektek egy v\u00e1logat\u00e1st megb\u00edzhat\u00f3, k\u00f6nnyen haszn\u00e1lhat\u00f3 alkalmaz\u00e1sokb\u00f3l, akt\u00edv k\u00f6z\u00f6ss\u00e9ggel.<\/p>\n\n\n\n<p>Mindegyik ingyenes, pr\u00e9mium opci\u00f3kkal, \u00e9s el\u00e9rhet\u0151 Androidra \u00e9s iOS-re is.<\/p>\n\n\n\n<h3 class=\"wp-block-heading\">1. <strong>Badoo<\/strong><\/h3>\n\n\n\n<p>A Badoo a vil\u00e1g egyik legnagyobb platformja az emberekkel val\u00f3 ismerked\u00e9sre.<\/p>\n\n\n\n<p>Kereshetsz a k\u00f6zeledben l\u00e9v\u0151 embereket, vagy b\u00f6ng\u00e9szhetsz m\u00e1s orsz\u00e1gok profiljait, ami ide\u00e1lis, ha szeretsz \u00faj kult\u00far\u00e1kat felfedezni.<\/p>\n\n\n\n<p>Szem\u00e9lyazonoss\u00e1g-ellen\u0151rz\u0151 rendszere cs\u00f6kkenti a hamis profilok jelenl\u00e9t\u00e9t, a cseveg\u00e9si \u00e9s videoh\u00edv\u00e1si lehet\u0151s\u00e9gei pedig t\u00f6k\u00e9letesek a szorosabb besz\u00e9lget\u00e9sekhez.<\/p>\n\n\n\n<p><strong>El\u0151ny\u00f6k<\/strong>:<\/p>\n\n\n\n<ul>\n<li>T\u00f6bb milli\u00f3 akt\u00edv felhaszn\u00e1l\u00f3.<\/li>\n\n\n\n<li>Teljesen ingyenes funkci\u00f3k.<\/li>\n\n\n\n<li>Videoh\u00edv\u00e1sok az alkalmaz\u00e1s elhagy\u00e1sa n\u00e9lk\u00fcl.<\/li>\n<\/ul>\n\n\n\n<p>\u2705El\u00e9rhet\u0151: <a href=\"https:\/\/badoo.com\/pt\/\">Android App Store<\/a><br>\u2705El\u00e9rhet\u0151: <a href=\"https:\/\/badoo.com\/pt\/\">Apple App Store<\/a><\/p>\n\n\n\n<h3 class=\"wp-block-heading\">2. <strong>Tapl\u00f3<\/strong><\/h3>\n\n\n\n<p>A klasszikus, amit mindenki ismer. A Tinder egyszer\u0171: h\u00fazz jobbra, ha tetszik valaki, \u00e9s h\u00fazz balra, ha nem.<\/p>\n\n\n\n<p>B\u00e1r sokan a gyorsrandival t\u00e1rs\u00edtj\u00e1k, egyre t\u00f6bben haszn\u00e1lj\u00e1k bar\u00e1tok \u00e9s besz\u00e9lget\u0151partnerek keres\u00e9s\u00e9re.<\/p>\n\n\n\n<p>A felhaszn\u00e1l\u00f3i b\u00e1zisuk olyan hatalmas, hogy mindig lesz valaki \u00faj, akivel tal\u00e1lkozhatnak.<\/p>\n\n\n\n<p><strong>El\u0151ny\u00f6k<\/strong>:<\/p>\n\n\n\n<ul>\n<li>Nagyon k\u00f6nnyen haszn\u00e1lhat\u00f3 fel\u00fclet.<\/li>\n\n\n\n<li>T\u00f6bb milli\u00f3 profil vil\u00e1gszerte.<\/li>\n\n\n\n<li>\u201e\u00datlev\u00e9l\u201d funkci\u00f3, hogy m\u00e1s orsz\u00e1gokban \u00e9l\u0151kkel besz\u00e9lhessen.<\/li>\n<\/ul>\n\n\n\n<p>\u2705El\u00e9rhet\u0151: <a href=\"https:\/\/tinder.com\/pt\">Android App Store<\/a><br>\u2705El\u00e9rhet\u0151: <a href=\"https:\/\/tinder.com\/pt\/download\">Apple App Store<\/a><\/p>\n\n\n\n<h3 class=\"wp-block-heading\">3. <strong>Z\u00fcmm\u00f6g<\/strong><\/h3>\n\n\n\n<p>Ami megk\u00fcl\u00f6nb\u00f6zteti a Bumble-t, az az, hogy heteroszexu\u00e1lis kapcsolatok eset\u00e9n, <strong>a n\u0151 mindig megteszi az els\u0151 l\u00e9p\u00e9st<\/strong>, ami nagyobb kontrollt \u00e9s biztons\u00e1got ny\u00fajt.<\/p>\n\n\n\n<p>Emellett bar\u00e1ts\u00e1gkeres\u00e9si (Bumble BFF) \u00e9s szakmai kapcsolatok (Bumble Bizz) m\u00f3dokkal is rendelkezik, amelyek a romantik\u00e1n t\u00falmutat\u00f3 lehet\u0151s\u00e9geket b\u0151v\u00edtik.<\/p>\n\n\n\n<p><strong>El\u0151ny\u00f6k<\/strong>:<\/p>\n\n\n\n<ul>\n<li>T\u00f6bb kontroll a n\u0151knek.<\/li>\n\n\n\n<li>Lehet\u0151s\u00e9gek bar\u00e1tkoz\u00e1sra \u00e9s kapcsolat\u00e9p\u00edt\u00e9sre.<\/li>\n\n\n\n<li>Modern \u00e9s egyszer\u0171 fel\u00fclet.<\/li>\n<\/ul>\n\n\n\n<p>\u2705El\u00e9rhet\u0151: <a>Android App Store<\/a><br>\u2705El\u00e9rhet\u0151: <a>Apple App Store<\/a><\/p>\n\n\n\n<h3 class=\"wp-block-heading\">4. <strong>Zsan\u00e9r<\/strong><\/h3>\n\n\n\n<p>A Hinge c\u00e9lja, hogy elm\u00e9ly\u00edtse a besz\u00e9lget\u00e9seket. A promptok vagy k\u00e9rd\u00e9sek rendszere term\u00e9szetes m\u00f3don t\u00f6ri meg a jeget, seg\u00edtve, hogy m\u00e1r a kezdetekt\u0151l jobban megismerd a m\u00e1sikat.<br>A mott\u00f3ja: \u201ea t\u00f6rl\u00e9sre tervezett alkalmaz\u00e1s\u201d, mert a c\u00e9lja, hogy val\u00f3di \u00e9s tart\u00f3s kapcsolatot tal\u00e1lj.<\/p>\n\n\n\n<p><strong>El\u0151ny\u00f6k<\/strong>:<\/p>\n\n\n\n<ul>\n<li>T\u00f6bb hiteles besz\u00e9lget\u00e9s.<\/li>\n\n\n\n<li>J\u00e9gt\u00f6r\u0151 k\u00e9rd\u00e9srendszer.<\/li>\n\n\n\n<li>Speci\u00e1lis sz\u0171r\u0151k a hasonl\u00f3 gondolkod\u00e1s\u00fa emberek megtal\u00e1l\u00e1s\u00e1hoz.<\/li>\n<\/ul>\n\n\n\n<p>\u2705El\u00e9rhet\u0151: <a href=\"https:\/\/bumble.com\/pt\/\">Android App Store<\/a><br>\u2705El\u00e9rhet\u0151: <a href=\"https:\/\/bumble.com\/pt\/\">Apple App Store<\/a><\/p>\n\n\n\n<h3 class=\"wp-block-heading\">5. <strong>Rengeteg hal (POF)<\/strong><\/h3>\n\n\n\n<p>A POF ide\u00e1lis, ha hossz\u00fa \u00fczeneteket szeretn\u00e9l \u00edrni, \u00e9s j\u00f3l megismerni a m\u00e1sikat a tal\u00e1lkoz\u00e1s el\u0151tt.<\/p>\n\n\n\n<p>Nem korl\u00e1tozza annyira az ingyenes \u00fczenetk\u00fcld\u00e9st, \u00e9s fejlett keres\u0151motorral rendelkezik, hogy \u00e9rdekl\u0151d\u00e9si k\u00f6r\u00f6k \u00e9s \u00e9rt\u00e9kek alapj\u00e1n tal\u00e1ljon embereket.<\/p>\n\n\n\n<p><strong>El\u0151ny\u00f6k<\/strong>:<\/p>\n\n\n\n<ul>\n<li>Korl\u00e1tlan sz\u00e1m\u00fa ingyenes \u00fczenet.<\/li>\n\n\n\n<li>R\u00e9szletes profilok, hogy jobban megismerhesd a m\u00e1sikat.<\/li>\n\n\n\n<li>Akt\u00edv k\u00f6z\u00f6ss\u00e9g t\u00f6bb orsz\u00e1gban.<\/li>\n<\/ul>\n\n\n\n<p>\u2705El\u00e9rhet\u0151: <a href=\"https:\/\/www.pof.com\/pt\/\">Android App Store<\/a><br>\u2705El\u00e9rhet\u0151: <a href=\"https:\/\/www.pof.com\/pt\/\">Apple App Store<\/a><\/p>\n\n\n\n<h2 class=\"wp-block-heading\">Tippek a g\u00f6rd\u00fcl\u00e9keny besz\u00e9lget\u00e9s elind\u00edt\u00e1s\u00e1hoz<\/h2>\n\n\n\n<p>Nem el\u00e9g csak telep\u00edteni az alkalmaz\u00e1st; az igazi kih\u00edv\u00e1s egy olyan besz\u00e9lget\u00e9s elind\u00edt\u00e1sa, amely nem az els\u0151 \u201eszia\u201d-val \u00e9r v\u00e9get.<\/p>\n\n\n\n<p>\u00cdme n\u00e9h\u00e1ny m\u0171k\u00f6d\u0151 \u00f6tlet:<\/p>\n\n\n\n<ul>\n<li>Tegy\u00e9l fel egy k\u00e9rd\u00e9st valamir\u0151l a profiljukon.<\/li>\n\n\n\n<li>Kommentelj egy fot\u00f3t vagy egy k\u00f6z\u00f6s \u00e9rdekl\u0151d\u00e9si k\u00f6rt.<\/li>\n\n\n\n<li>Ossz meg egy vicces t\u00f6rt\u00e9netet.<\/li>\n\n\n\n<li>Ker\u00fcld a z\u00e1rt k\u00e9rd\u00e9seket, amelyekre csak \u201eigen\u201d vagy \u201enem\u201d v\u00e1laszt lehet adni.<\/li>\n\n\n\n<li>L\u00e9gy \u00f6nmagad, az \u0151szintes\u00e9g vonz.<\/li>\n<\/ul>\n\n\n\n<h2 class=\"wp-block-heading\">Biztons\u00e1g az els\u0151<\/h2>\n\n\n\n<p>B\u00e1r ezek az alkalmaz\u00e1sok sz\u0171r\u0151kkel \u00e9s v\u00e9delmi eszk\u00f6z\u00f6kkel rendelkeznek, a biztons\u00e1god a bel\u00e1t\u00e1sodt\u00f3l is f\u00fcgg:<\/p>\n\n\n\n<ul>\n<li>Ne ossz meg gyorsan szem\u00e9lyes adatokat.<\/li>\n\n\n\n<li>El\u0151sz\u00f6r besz\u00e9ljen az alkalmaz\u00e1son bel\u00fcl, miel\u0151tt megadn\u00e1 a sz\u00e1m\u00e1t.<\/li>\n\n\n\n<li>Ha szem\u00e9lyesen tal\u00e1lkoztok, akkor azt nyilv\u00e1nos helyen tegy\u00e9tek, \u00e9s sz\u00f3ljatok egy bar\u00e1tnak is.<\/li>\n\n\n\n<li>Gyan\u00fas profilok blokkol\u00e1sa \u00e9s jelent\u00e9se.<\/li>\n<\/ul>\n\n\n\n<h2 class=\"wp-block-heading\">K\u00f6vetkeztet\u00e9s<\/h2>\n\n\n\n<p>Ma azt mondj\u00e1k <strong>\u201eMag\u00e1nyosnak \u00e9rzem magam, \u00e9s szeretn\u00e9k veled besz\u00e9lgetni ezeken a t\u00e1rskeres\u0151 alkalmaz\u00e1sokon kereszt\u00fcl.\u201d<\/strong> az, hogy megnyissa az ajt\u00f3t a lehet\u0151s\u00e9gek univerzum\u00e1ra.<\/p>\n\n\n\n<p>Ak\u00e1r 20, 40 vagy 70 \u00e9ves vagy, a besz\u00e9lget\u00e9s \u00e9s a t\u00e1rsas\u00e1g ir\u00e1nti ig\u00e9ny egyetemes.<\/p>\n\n\n\n<p>Ezekkel az alkalmaz\u00e1sokkal val\u00f3di emberekkel tal\u00e1lkozhatsz, \u00e9rdekes besz\u00e9lget\u00e9seket kezdhetsz, \u00e9s ak\u00e1r egy egyszer\u0171 cseveg\u00e9st is bar\u00e1ts\u00e1gg\u00e1 vagy valami k\u00fcl\u00f6nlegesebb\u00e9 alak\u00edthatsz.<\/p>\n\n\n\n<p>V\u00e1lassz egyet a list\u00e1n szerepl\u0151 alkalmaz\u00e1sok k\u00f6z\u00fcl, tedd meg az els\u0151 l\u00e9p\u00e9st, \u00e9s kezdj el \u00faj \u00e9lm\u00e9nyeket m\u00e9g ma!<\/p>","protected":false},"excerpt":{"rendered":"<p>Mag\u00e1nyosnak \u00e9rzem magam, \u00e9s szeretn\u00e9k veled besz\u00e9lni ezeken a t\u00e1rskeres\u0151 alkalmaz\u00e1sokon\u2026 Mag\u00e1nyosnak \u00e9rzed magad mostan\u00e1ban? Mit szeretn\u00e9l el\u0151sz\u00f6r csin\u00e1lni? Mag\u00e1nyosnak \u00e9rzem magam, \u00e9s szeretn\u00e9k veled besz\u00e9lni ezeken a t\u00e1rskeres\u0151 alkalmaz\u00e1sokon. Ha valaha is \u00e9rezted m\u00e1r azt az \u00fcress\u00e9get a nap v\u00e9g\u00e9n, amikor minden csendes, \u00e9s nincs kivel megosztanod a [\u2026]<\/p>","protected":false},"author":139,"featured_media":9701,"comment_status":"closed","ping_status":"open","sticky":false,"template":"","format":"standard","meta":{"footnotes":""},"categories":[2],"tags":[],"yoast_head":"<!-- This site is optimized with the Yoast SEO plugin v23.3 - https:\/\/yoast.com\/wordpress\/plugins\/seo\/ -->\n<title>Me siento sola y quiero platicar contigo por estos apps de citas - Universo Fam\u00edlia<\/title>\n<meta name=\"description\" content=\"Me siento sola y quiero platicar contigo por estos apps de citas. Me siento sola y quiero platicar contigo por estos apps de citas...\" \/>\n<meta name=\"robots\" content=\"index, follow, max-snippet:-1, max-image-preview:large, max-video-preview:-1\" \/>\n<link rel=\"canonical\" href=\"https:\/\/universofamilia.com\/hu\/me-siento-sola-y-quiero-platicar-contigo-por-estos-apps-de-citas-2\/\" \/>\n<meta property=\"og:locale\" content=\"hu_HU\" \/>\n<meta property=\"og:type\" content=\"article\" \/>\n<meta property=\"og:title\" content=\"Me siento sola y quiero platicar contigo por estos apps de citas - Universo Fam\u00edlia\" \/>\n<meta property=\"og:description\" content=\"Me siento sola y quiero platicar contigo por estos apps de citas. Me siento sola y quiero platicar contigo por estos apps de citas...\" \/>\n<meta property=\"og:url\" content=\"https:\/\/universofamilia.com\/hu\/me-siento-sola-y-quiero-platicar-contigo-por-estos-apps-de-citas-2\/\" \/>\n<meta property=\"og:site_name\" content=\"Universo Fam\u00edlia\" \/>\n<meta property=\"article:published_time\" content=\"2025-08-08T20:07:28+00:00\" \/>\n<meta property=\"article:modified_time\" content=\"2025-08-13T19:27:54+00:00\" \/>\n<meta property=\"og:image\" content=\"https:\/\/universofamilia.com\/wp-content\/uploads\/sites\/148\/2025\/08\/DESTAQUE-UNIVERSO-550-x-350-3-1.jpg\" \/>\n\t<meta property=\"og:image:width\" content=\"550\" \/>\n\t<meta property=\"og:image:height\" content=\"350\" \/>\n\t<meta property=\"og:image:type\" content=\"image\/jpeg\" \/>\n<meta name=\"author\" content=\"Pedro Henrique\" \/>\n<meta name=\"twitter:card\" content=\"summary_large_image\" \/>\n<meta name=\"twitter:label1\" content=\"Written by\" \/>\n\t<meta name=\"twitter:data1\" content=\"Pedro Henrique\" \/>\n\t<meta name=\"twitter:label2\" content=\"Est. reading time\" \/>\n\t<meta name=\"twitter:data2\" content=\"7 perc\" \/>\n<script type=\"application\/ld+json\" class=\"yoast-schema-graph\">{\"@context\":\"https:\/\/schema.org\",\"@graph\":[{\"@type\":\"WebPage\",\"@id\":\"https:\/\/universofamilia.com\/pl\/me-siento-sola-y-quiero-platicar-contigo-por-estos-apps-de-citas-2\/\",\"url\":\"https:\/\/universofamilia.com\/pl\/me-siento-sola-y-quiero-platicar-contigo-por-estos-apps-de-citas-2\/\",\"name\":\"Me siento sola y quiero platicar contigo por estos apps de citas - Universo Fam\u00edlia\",\"isPartOf\":{\"@id\":\"https:\/\/universofamilia.com\/el\/#website\"},\"primaryImageOfPage\":{\"@id\":\"https:\/\/universofamilia.com\/pl\/me-siento-sola-y-quiero-platicar-contigo-por-estos-apps-de-citas-2\/#primaryimage\"},\"image\":{\"@id\":\"https:\/\/universofamilia.com\/pl\/me-siento-sola-y-quiero-platicar-contigo-por-estos-apps-de-citas-2\/#primaryimage\"},\"thumbnailUrl\":\"https:\/\/universofamilia.com\/wp-content\/uploads\/sites\/148\/2025\/08\/DESTAQUE-UNIVERSO-550-x-350-3-1.jpg\",\"datePublished\":\"2025-08-08T20:07:28+00:00\",\"dateModified\":\"2025-08-13T19:27:54+00:00\",\"author\":{\"@id\":\"https:\/\/universofamilia.com\/el\/#\/schema\/person\/f07ce98187dd84d31154262e79b3b7ca\"},\"description\":\"Me siento sola y quiero platicar contigo por estos apps de citas. Me siento sola y quiero platicar contigo por estos apps de citas...\",\"breadcrumb\":{\"@id\":\"https:\/\/universofamilia.com\/pl\/me-siento-sola-y-quiero-platicar-contigo-por-estos-apps-de-citas-2\/#breadcrumb\"},\"inLanguage\":\"hu\",\"potentialAction\":[{\"@type\":\"ReadAction\",\"target\":[\"https:\/\/universofamilia.com\/pl\/me-siento-sola-y-quiero-platicar-contigo-por-estos-apps-de-citas-2\/\"]}]},{\"@type\":\"ImageObject\",\"inLanguage\":\"hu\",\"@id\":\"https:\/\/universofamilia.com\/pl\/me-siento-sola-y-quiero-platicar-contigo-por-estos-apps-de-citas-2\/#primaryimage\",\"url\":\"https:\/\/universofamilia.com\/wp-content\/uploads\/sites\/148\/2025\/08\/DESTAQUE-UNIVERSO-550-x-350-3-1.jpg\",\"contentUrl\":\"https:\/\/universofamilia.com\/wp-content\/uploads\/sites\/148\/2025\/08\/DESTAQUE-UNIVERSO-550-x-350-3-1.jpg\",\"width\":550,\"height\":350,\"caption\":\"Me siento sola y quiero platicar contigo por estos apps de citas\"},{\"@type\":\"BreadcrumbList\",\"@id\":\"https:\/\/universofamilia.com\/pl\/me-siento-sola-y-quiero-platicar-contigo-por-estos-apps-de-citas-2\/#breadcrumb\",\"itemListElement\":[{\"@type\":\"ListItem\",\"position\":1,\"name\":\"Home\",\"item\":\"https:\/\/universofamilia.com\/el\/\"},{\"@type\":\"ListItem\",\"position\":2,\"name\":\"Me siento sola y quiero platicar contigo por estos apps de citas\"}]},{\"@type\":\"WebSite\",\"@id\":\"https:\/\/universofamilia.com\/el\/#website\",\"url\":\"https:\/\/universofamilia.com\/el\/\",\"name\":\"Universo Fam\u00edlia\",\"description\":\"\",\"potentialAction\":[{\"@type\":\"SearchAction\",\"target\":{\"@type\":\"EntryPoint\",\"urlTemplate\":\"https:\/\/universofamilia.com\/el\/?s={search_term_string}\"},\"query-input\":\"required name=search_term_string\"}],\"inLanguage\":\"hu\"},{\"@type\":\"Person\",\"@id\":\"https:\/\/universofamilia.com\/el\/#\/schema\/person\/f07ce98187dd84d31154262e79b3b7ca\",\"name\":\"Pedro Henrique\",\"image\":{\"@type\":\"ImageObject\",\"inLanguage\":\"hu\",\"@id\":\"https:\/\/universofamilia.com\/el\/#\/schema\/person\/image\/\",\"url\":\"https:\/\/secure.gravatar.com\/avatar\/9edfeb808cb4e1599f64d6e45b130154?s=96&d=mm&r=g\",\"contentUrl\":\"https:\/\/secure.gravatar.com\/avatar\/9edfeb808cb4e1599f64d6e45b130154?s=96&d=mm&r=g\",\"caption\":\"Pedro Henrique\"},\"url\":\"https:\/\/universofamilia.com\/hu\/author\/editor01\/\"}]}<\/script>\n<!-- \/ Yoast SEO plugin. -->","yoast_head_json":{"title":"Me siento sola y quiero platicar contigo por estos apps de citas - Universo Fam\u00edlia","description":"Me siento sola y quiero platicar contigo por estos apps de citas. Me siento sola y quiero platicar contigo por estos apps de citas...","robots":{"index":"index","follow":"follow","max-snippet":"max-snippet:-1","max-image-preview":"max-image-preview:large","max-video-preview":"max-video-preview:-1"},"canonical":"https:\/\/universofamilia.com\/hu\/me-siento-sola-y-quiero-platicar-contigo-por-estos-apps-de-citas-2\/","og_locale":"hu_HU","og_type":"article","og_title":"Me siento sola y quiero platicar contigo por estos apps de citas - Universo Fam\u00edlia","og_description":"Me siento sola y quiero platicar contigo por estos apps de citas. Me siento sola y quiero platicar contigo por estos apps de citas...","og_url":"https:\/\/universofamilia.com\/hu\/me-siento-sola-y-quiero-platicar-contigo-por-estos-apps-de-citas-2\/","og_site_name":"Universo Fam\u00edlia","article_published_time":"2025-08-08T20:07:28+00:00","article_modified_time":"2025-08-13T19:27:54+00:00","og_image":[{"width":550,"height":350,"url":"https:\/\/universofamilia.com\/wp-content\/uploads\/sites\/148\/2025\/08\/DESTAQUE-UNIVERSO-550-x-350-3-1.jpg","type":"image\/jpeg"}],"author":"Pedro Henrique","twitter_card":"summary_large_image","twitter_misc":{"Written by":"Pedro Henrique","Est. reading time":"7 perc"},"schema":{"@context":"https:\/\/schema.org","@graph":[{"@type":"WebPage","@id":"https:\/\/universofamilia.com\/pl\/me-siento-sola-y-quiero-platicar-contigo-por-estos-apps-de-citas-2\/","url":"https:\/\/universofamilia.com\/pl\/me-siento-sola-y-quiero-platicar-contigo-por-estos-apps-de-citas-2\/","name":"Me siento sola y quiero platicar contigo por estos apps de citas - Universo Fam\u00edlia","isPartOf":{"@id":"https:\/\/universofamilia.com\/el\/#website"},"primaryImageOfPage":{"@id":"https:\/\/universofamilia.com\/pl\/me-siento-sola-y-quiero-platicar-contigo-por-estos-apps-de-citas-2\/#primaryimage"},"image":{"@id":"https:\/\/universofamilia.com\/pl\/me-siento-sola-y-quiero-platicar-contigo-por-estos-apps-de-citas-2\/#primaryimage"},"thumbnailUrl":"https:\/\/universofamilia.com\/wp-content\/uploads\/sites\/148\/2025\/08\/DESTAQUE-UNIVERSO-550-x-350-3-1.jpg","datePublished":"2025-08-08T20:07:28+00:00","dateModified":"2025-08-13T19:27:54+00:00","author":{"@id":"https:\/\/universofamilia.com\/el\/#\/schema\/person\/f07ce98187dd84d31154262e79b3b7ca"},"description":"Me siento sola y quiero platicar contigo por estos apps de citas. Me siento sola y quiero platicar contigo por estos apps de citas...","breadcrumb":{"@id":"https:\/\/universofamilia.com\/pl\/me-siento-sola-y-quiero-platicar-contigo-por-estos-apps-de-citas-2\/#breadcrumb"},"inLanguage":"hu","potentialAction":[{"@type":"ReadAction","target":["https:\/\/universofamilia.com\/pl\/me-siento-sola-y-quiero-platicar-contigo-por-estos-apps-de-citas-2\/"]}]},{"@type":"ImageObject","inLanguage":"hu","@id":"https:\/\/universofamilia.com\/pl\/me-siento-sola-y-quiero-platicar-contigo-por-estos-apps-de-citas-2\/#primaryimage","url":"https:\/\/universofamilia.com\/wp-content\/uploads\/sites\/148\/2025\/08\/DESTAQUE-UNIVERSO-550-x-350-3-1.jpg","contentUrl":"https:\/\/universofamilia.com\/wp-content\/uploads\/sites\/148\/2025\/08\/DESTAQUE-UNIVERSO-550-x-350-3-1.jpg","width":550,"height":350,"caption":"Me siento sola y quiero platicar contigo por estos apps de citas"},{"@type":"BreadcrumbList","@id":"https:\/\/universofamilia.com\/pl\/me-siento-sola-y-quiero-platicar-contigo-por-estos-apps-de-citas-2\/#breadcrumb","itemListElement":[{"@type":"ListItem","position":1,"name":"Home","item":"https:\/\/universofamilia.com\/el\/"},{"@type":"ListItem","position":2,"name":"Me siento sola y quiero platicar contigo por estos apps de citas"}]},{"@type":"WebSite","@id":"https:\/\/universofamilia.com\/el\/#website","url":"https:\/\/universofamilia.com\/el\/","name":"Universo Fam\u00edlia","description":"","potentialAction":[{"@type":"SearchAction","target":{"@type":"EntryPoint","urlTemplate":"https:\/\/universofamilia.com\/el\/?s={search_term_string}"},"query-input":"required name=search_term_string"}],"inLanguage":"hu"},{"@type":"Person","@id":"https:\/\/universofamilia.com\/el\/#\/schema\/person\/f07ce98187dd84d31154262e79b3b7ca","name":"Pedro Henrique","image":{"@type":"ImageObject","inLanguage":"hu","@id":"https:\/\/universofamilia.com\/el\/#\/schema\/person\/image\/","url":"https:\/\/secure.gravatar.com\/avatar\/9edfeb808cb4e1599f64d6e45b130154?s=96&d=mm&r=g","contentUrl":"https:\/\/secure.gravatar.com\/avatar\/9edfeb808cb4e1599f64d6e45b130154?s=96&d=mm&r=g","caption":"Pedro Henrique"},"url":"https:\/\/universofamilia.com\/hu\/author\/editor01\/"}]}},"_links":{"self":[{"href":"https:\/\/universofamilia.com\/hu\/wp-json\/wp\/v2\/posts\/9694"}],"collection":[{"href":"https:\/\/universofamilia.com\/hu\/wp-json\/wp\/v2\/posts"}],"about":[{"href":"https:\/\/universofamilia.com\/hu\/wp-json\/wp\/v2\/types\/post"}],"author":[{"embeddable":true,"href":"https:\/\/universofamilia.com\/hu\/wp-json\/wp\/v2\/users\/139"}],"replies":[{"embeddable":true,"href":"https:\/\/universofamilia.com\/hu\/wp-json\/wp\/v2\/comments?post=9694"}],"version-history":[{"count":2,"href":"https:\/\/universofamilia.com\/hu\/wp-json\/wp\/v2\/posts\/9694\/revisions"}],"predecessor-version":[{"id":9705,"href":"https:\/\/universofamilia.com\/hu\/wp-json\/wp\/v2\/posts\/9694\/revisions\/9705"}],"wp:featuredmedia":[{"embeddable":true,"href":"https:\/\/universofamilia.com\/hu\/wp-json\/wp\/v2\/media\/9701"}],"wp:attachment":[{"href":"https:\/\/universofamilia.com\/hu\/wp-json\/wp\/v2\/media?parent=9694"}],"wp:term":[{"taxonomy":"category","embeddable":true,"href":"https:\/\/universofamilia.com\/hu\/wp-json\/wp\/v2\/categories?post=9694"},{"taxonomy":"post_tag","embeddable":true,"href":"https:\/\/universofamilia.com\/hu\/wp-json\/wp\/v2\/tags?post=9694"}],"curies":[{"name":"wp","href":"https:\/\/api.w.org\/{rel}","templated":true}]}}