{"id":9738,"date":"2025-09-19T15:55:29","date_gmt":"2025-09-19T18:55:29","guid":{"rendered":"https:\/\/universofamilia.com\/?p=9738"},"modified":"2025-09-19T15:55:31","modified_gmt":"2025-09-19T18:55:31","slug":"lll-me-siento-sola-y-quiero-platicar-contigo-por-estos-apps-de-citas","status":"publish","type":"post","link":"https:\/\/universofamilia.com\/hu\/lll-me-siento-sola-y-quiero-platicar-contigo-por-estos-apps-de-citas\/","title":{"rendered":"Mag\u00e1nyosnak \u00e9rzem magam, \u00e9s szeretn\u00e9k veled besz\u00e9lgetni ezeken a t\u00e1rskeres\u0151 alkalmaz\u00e1sokon kereszt\u00fcl."},"content":{"rendered":"<p class=\"has-text-align-center\">Mag\u00e1nyosnak \u00e9rzem magam, \u00e9s szeretn\u00e9k veled besz\u00e9lgetni ezeken a t\u00e1rskeres\u0151 alkalmaz\u00e1sokon... \u00c9s te is \u00edgy \u00e9rezted m\u00e1r? <strong>sz\u00fcks\u00e9ged van mostan\u00e1ban egy kis t\u00e1rsas\u00e1gra?<\/strong><\/p>\n\n\n\n<h5 class=\"wp-block-heading has-text-align-center\"><strong><mark class=\"has-inline-color has-vivid-cyan-blue-color\">Mit szeretn\u00e9l el\u0151sz\u00f6r csin\u00e1lni?<\/mark><\/strong><\/h5>\n\n\n    <section class=\"mx-1 my-10\">\n                                                <a href=\"https:\/\/universofamilia.com\/hu\/randialkalmazasok\/\" class=\"text-white\" data-analytics-label=\"optionsButton\"\n                    data-action=\"analytics#trackCTA\">\n                    <div data-options-target=\"option\"\n                        class=\"custom-section rounded-xl border p-3 shadow-md w-full bg-green-700 my-3\">\n                        <div class=\"flex w-full items-center justify-between\">\n                            <div class=\"flex items-center space-x-3\">\n                                <div class=\"text-lg font-bold\">\n                                    Ismerd meg most \u279d\n                                <\/div>\n                            <\/div>\n                        <\/div>\n                    <\/div>\n                <\/a>\n                                                            <a href=\"https:\/\/universofamilia.com\/hu\/mejor-app-de-citas-real\/\" class=\"text-white\" data-analytics-label=\"optionsButton\"\n                    data-action=\"analytics#trackCTA\">\n                    <div data-options-target=\"option\"\n                        class=\"custom-section rounded-xl border p-3 shadow-md w-full bg-green-700 my-3\">\n                        <div class=\"flex w-full items-center justify-between\">\n                            <div class=\"flex items-center space-x-3\">\n                                <div class=\"text-lg font-bold\">\n                                    Szia, besz\u00e9lj most!  \u279d\n                                <\/div>\n                            <\/div>\n                        <\/div>\n                    <\/div>\n                <\/a>\n                                                            <a href=\"https:\/\/universofamilia.com\/hu\/el-amor-a-un-clic\/\" class=\"text-white\" data-analytics-label=\"optionsButton\"\n                    data-action=\"analytics#trackCTA\">\n                    <div data-options-target=\"option\"\n                        class=\"custom-section rounded-xl border p-3 shadow-md w-full bg-green-700 my-3\">\n                        <div class=\"flex w-full items-center justify-between\">\n                            <div class=\"flex items-center space-x-3\">\n                                <div class=\"text-lg font-bold\">\n                                    Egy kis aj\u00e1nd\u00e9k neked \u279d\n                                <\/div>\n                            <\/div>\n                        <\/div>\n                    <\/div>\n                <\/a>\n                            <p class=\"text-xs text-gray-500 text-right hidden\"\n            style=\"margin-left: 50%; margin-bottom: 50px; margin-top: 5px;\">\n            <!-- You will be redirected to another website -->\n        <\/p>\n    <\/section>\n\n\n\n\n<p class=\"has-text-align-right\"><strong><em>Ugyanazon a weboldalon marad.<\/em><\/strong><\/p>\n\n\n\n<p><strong>Alkalmaz\u00e1sok az okostelefon felgyors\u00edt\u00e1s\u00e1hoz<\/strong> n\u00e9lk\u00fcl\u00f6zhetetlenn\u00e9 v\u00e1ltak a mindennapi \u00e9let\u00fcnkben.<\/p>\n\n\n\n<p>Mindannyian \u00e1t\u00e9lt\u00fck m\u00e1r azt a frusztr\u00e1ci\u00f3t, amikor a telefonon egy \u00f6r\u00f6kk\u00e9val\u00f3s\u00e1gig tart megnyitni egy alkalmaz\u00e1st, vagy a legrosszabb pillanatban lefagy.<\/p>\n\n\n\n<p>Ismer\u0151sen hangzik? Elkezdesz g\u00e9pelni egy \u00fczenetet, \u00e9s hirtelen minden meg\u00e1ll.<\/p>\n\n\n\n<p>Vagy ami m\u00e9g rosszabb: megpr\u00f3b\u00e1lsz megnyitni egy fot\u00f3t, \u00e9s olyan \u00e9rz\u00e9sed van, mintha visszautazt\u00e1l volna a 20 \u00e9vvel ezel\u0151tti internetre.<\/p>\n\n\n\n<p>Az igazs\u00e1g az, hogy id\u0151vel a telefonjaink felesleges f\u00e1jlokat, h\u00e1tt\u00e9rfolyamatokat \u00e9s friss\u00edt\u00e9seket halmoznak fel, amelyek v\u00e9g\u00fcl lelass\u00edtj\u00e1k \u0151ket.<\/p>\n\n\n\n<p>De ne agg\u00f3dj, vannak gyors \u00e9s egyszer\u0171 megold\u00e1sok.<\/p>\n\n\n\n<p>Ebben a cikkben megvizsg\u00e1ljuk, hogyan seg\u00edthetnek ezek az alkalmaz\u00e1sok. <strong>\u00e1ll\u00edtsd vissza okostelefonod sebess\u00e9g\u00e9t<\/strong>, milyen el\u0151nyeik vannak, \u00e9s val\u00f3s lehet\u0151s\u00e9geket is mutatunk, hogy m\u00e9g ma let\u00f6lthesd \u00e9s \u00e9lvezhesd a mobiltelefonodat, mint \u00fajkor\u00e1ban.<\/p>\n\n\n\n<hr class=\"wp-block-separator has-alpha-channel-opacity is-style-wide\" \/>\n\n\n\n<h2 class=\"wp-block-heading\">Mi\u00e9rt lassabb a telefonom az id\u0151 m\u00fal\u00e1s\u00e1val?<\/h2>\n\n\n\n<p>Egy okostelefon teljes\u00edtm\u00e9nye nem kiz\u00e1r\u00f3lag a m\u00e1rk\u00e1j\u00e1t\u00f3l vagy modellj\u00e9t\u0151l f\u00fcgg.<\/p>\n\n\n\n<p>Az olyan t\u00e9nyez\u0151k, mint a megtelt mem\u00f3ria, a t\u00fal sok telep\u00edtett alkalmaz\u00e1s \u00e9s a folyamatos haszn\u00e1lat, befoly\u00e1solj\u00e1k a <strong>telefon sebess\u00e9ge<\/strong>.<\/p>\n\n\n\n<p>A leggyakoribb okok k\u00f6z\u00e9 tartoznak:<\/p>\n\n\n\n<ul>\n<li>Let\u00f6lt\u00e9sekkel vagy friss\u00edt\u00e9sekkel felhalmoz\u00f3d\u00f3 felesleges f\u00e1jlok.<\/li>\n\n\n\n<li>RAM-ot fogyaszt\u00f3 h\u00e1tt\u00e9ralkalmaz\u00e1sok.<\/li>\n\n\n\n<li>A k\u00e9pek, vide\u00f3k \u00e9s dokumentumok m\u00e1solatai felesleges helyet foglalnak.<\/li>\n\n\n\n<li>Az oper\u00e1ci\u00f3s rendszer friss\u00edt\u00e9seinek hi\u00e1nya.<\/li>\n\n\n\n<li>K\u00e1rtev\u0151 vagy nem hivatalos alkalmaz\u00e1sok, amelyek k\u00e1ros\u00edtj\u00e1k a teljes\u00edtm\u00e9nyt.<\/li>\n<\/ul>\n\n\n\n<p>A j\u00f3 dolog az, hogy nem kell m\u0171szaki szak\u00e9rt\u0151nek lenned ahhoz, hogy kital\u00e1ld.<\/p>\n\n\n\n<p>Manaps\u00e1g vannak olyan alkalmaz\u00e1sok, amelyek seg\u00edts\u00e9g\u00e9vel biztons\u00e1gosan \u00e9s egyszer\u0171en optimaliz\u00e1lhatod a mobiltelefonodat.<\/p>\n\n\n\n<hr class=\"wp-block-separator has-alpha-channel-opacity is-style-wide\" \/>\n\n\n\n<h2 class=\"wp-block-heading\">Az alkalmaz\u00e1sok haszn\u00e1lat\u00e1nak el\u0151nyei a telefon felgyors\u00edt\u00e1s\u00e1ra<\/h2>\n\n\n\n<p>Ezen eszk\u00f6z\u00f6k telep\u00edt\u00e9se nemcsak a k\u00e9sz\u00fcl\u00e9k sebess\u00e9g\u00e9t jav\u00edtja, hanem tov\u00e1bbi el\u0151ny\u00f6kkel is j\u00e1r:<\/p>\n\n\n\n<ul>\n<li><strong>Hosszabb akkumul\u00e1tor-\u00fczemid\u0151<\/strong>A felesleges folyamatok cs\u00f6kkent\u00e9s\u00e9vel a mobiltelefonod kevesebb energi\u00e1t fogyaszt.<\/li>\n\n\n\n<li><strong>T\u00f6bb szabad hely<\/strong>: Sz\u00fcntesd meg az ideiglenes \u00e9s ism\u00e9tl\u0151d\u0151 f\u00e1jlokat, amelyek csak helyet foglalnak.<\/li>\n\n\n\n<li><strong>V\u00edrus v\u00e9dekez\u00e9s<\/strong>Sokuk biztons\u00e1gi \u00e9s k\u00e1rtev\u0151-\u00e9szlel\u00e9si funkci\u00f3kat is tartalmaz.<\/li>\n\n\n\n<li><strong>Z\u00f6kken\u0151mentesebb \u00e9lm\u00e9ny<\/strong>Az alkalmaz\u00e1sok megnyit\u00e1sa, a j\u00e1t\u00e9kok futtat\u00e1sa vagy a b\u00f6ng\u00e9sz\u00e9s sokkal gyorsabb lesz.<\/li>\n\n\n\n<li><strong>\u00c1lland\u00f3 karbantart\u00e1s<\/strong>: lehet\u0151v\u00e9 teszi az automatikus tiszt\u00edt\u00e1sok \u00fctemez\u00e9s\u00e9t.<\/li>\n<\/ul>\n\n\n\n<h2 class=\"wp-block-heading\">Alkalmaz\u00e1sok az okostelefon felgyors\u00edt\u00e1s\u00e1hoz<\/h2>\n\n\n\n<h3 class=\"wp-block-heading\">1. <strong>Szikra<\/strong><\/h3>\n\n\n\n<p>A Spark nem csup\u00e1n egy e-mail-kezel\u0151, hanem az egyik legfontosabb\u00e1 is v\u00e1lt. <strong>Alkalmaz\u00e1sok a telefon felgyors\u00edt\u00e1s\u00e1hoz okostelefonon<\/strong> szak\u00e9rt\u0151k \u00e1ltal legink\u00e1bb aj\u00e1nlott.<\/p>\n\n\n\n<p>Mi\u00e9rt? Mert az e-mail alkalmaz\u00e1sok gyakran felel\u0151sek az eszk\u00f6z lelassul\u00e1s\u00e1\u00e9rt a folyamatosan fut\u00f3 mell\u00e9kletek, \u00e9rtes\u00edt\u00e9sek \u00e9s h\u00e1tt\u00e9rfolyamatok sz\u00e1ma miatt.<\/p>\n\n\n\n<p>A Spark intelligens vez\u00e9nyl\u00e9ssel \u00e9s optimaliz\u00e1lt mem\u00f3riahaszn\u00e1lattal oldja meg ezt a probl\u00e9m\u00e1t.<\/p>\n\n\n\n<p><strong>F\u0151 el\u0151ny\u00f6k:<\/strong><\/p>\n\n\n\n<ul>\n<li>E-mail rendszerez\u00e9s, amely cs\u00f6kkenti a digit\u00e1lis rendetlens\u00e9get.<\/li>\n\n\n\n<li>Csak a legsz\u00fcks\u00e9gesebb adatokat dolgozza fel, \u00edgy RAM-ter\u00fcletet szabad\u00edt fel.<\/li>\n\n\n\n<li>Lehet\u0151v\u00e9 teszi m\u00e1s alkalmaz\u00e1sok gyorsabb fut\u00e1s\u00e1t a rendszer energiafogyaszt\u00e1s\u00e1nak cs\u00f6kkent\u00e9s\u00e9vel.<\/li>\n\n\n\n<li>K\u00f6nny\u0171 szinkroniz\u00e1l\u00e1st k\u00edn\u00e1l t\u00f6bb fi\u00f3k k\u00f6z\u00f6tt an\u00e9lk\u00fcl, hogy befoly\u00e1soln\u00e1 a <strong>okostelefon sebess\u00e9ge<\/strong>.<\/li>\n\n\n\n<li>Speci\u00e1lis keres\u00e9si lehet\u0151s\u00e9geket tartalmaz, amelyek nem ig\u00e9nylik a processzor t\u00falterhel\u00e9s\u00e9t.<\/li>\n<\/ul>\n\n\n\n<p>A gyakorlatban a Spark haszn\u00e1lata nemcsak egy rendezettebb postafi\u00f3kot jelent, hanem egy gyorsabb telefont is.<\/p>\n\n\n\n<ul>\n<li>\u2705El\u00e9rhet\u0151: <a href=\"https:\/\/spark.com\/\">Android App Store<\/a><\/li>\n\n\n\n<li>\u2705El\u00e9rhet\u0151: <a href=\"https:\/\/apps.apple.com\/br\/app\/love-sparks-amor-chat-jogos\/id1580105392\">Apple App Store<\/a><\/li>\n<\/ul>\n\n\n\n<hr class=\"wp-block-separator has-alpha-channel-opacity is-style-wide\" \/>\n\n\n\n<h3 class=\"wp-block-heading\">2. <strong>eHarm\u00f3nia<\/strong><\/h3>\n\n\n\n<p>B\u00e1r sokan kiz\u00e1r\u00f3lag randialkalmaz\u00e1sk\u00e9nt azonos\u00edtj\u00e1k, az eHarmony abban is kiemelkedik, hogy optimaliz\u00e1lva van \u00e9s \u00fagy lett kialak\u00edtva, hogy ne vesz\u00e9lyeztesse a mobil sebess\u00e9g\u00e9t.<\/p>\n\n\n\n<p>K\u00f6nny\u0171, kev\u00e9s akkumul\u00e1tort fogyaszt, \u00e9s stabil folyamatokat tart fenn, amelyek megakad\u00e1lyozz\u00e1k az \u00f6sszeoml\u00e1sokat.<\/p>\n\n\n\n<p><strong>F\u0151 el\u0151ny\u00f6k:<\/strong><\/p>\n\n\n\n<ul>\n<li>Minimalista fel\u00fclet, amely elker\u00fcli a mem\u00f3ria t\u00falterhel\u00e9st.<\/li>\n\n\n\n<li>Optimaliz\u00e1l\u00e1s minden friss\u00edt\u00e9ssel a folyamatoss\u00e1g biztos\u00edt\u00e1sa \u00e9rdek\u00e9ben.<\/li>\n\n\n\n<li>Alacsony mobil adat- \u00e9s t\u00e1rhelyhaszn\u00e1lat.<\/li>\n\n\n\n<li>Integr\u00e1lt biztons\u00e1g, amely megakad\u00e1lyozza a k\u00e1rt\u00e9kony f\u00e1jlok let\u00f6lt\u00e9s\u00e9t, amelyek hat\u00e1ssal lehetnek a <strong>telefon sebess\u00e9ge<\/strong>.<\/li>\n\n\n\n<li>T\u00f6k\u00e9letes azoknak a felhaszn\u00e1l\u00f3knak, akik stabil \u00e9lm\u00e9nyre v\u00e1gynak m\u00e9g r\u00e9gebbi eszk\u00f6z\u00f6k\u00f6n is.<\/li>\n<\/ul>\n\n\n\n<p>Az eHarmony telep\u00edt\u00e9s\u00e9vel nemcsak egy megb\u00edzhat\u00f3 platformhoz f\u00e9rhetsz hozz\u00e1 az emberekkel val\u00f3 tal\u00e1lkoz\u00e1shoz, hanem biztos\u00edthatod a telefonod z\u00f6kken\u0151mentes m\u0171k\u00f6d\u00e9s\u00e9t is.<\/p>\n\n\n\n<ul>\n<li>\u2705El\u00e9rhet\u0151: <a href=\"https:\/\/www.eharmony.com\/\">Android App Store<\/a><\/li>\n\n\n\n<li>\u2705El\u00e9rhet\u0151: <a href=\"https:\/\/apps.apple.com\/us\/app\/eharmony-dating-real-love\/id458272450?l=pt-BR\">Apple App Store<\/a><\/li>\n<\/ul>\n\n\n\n<hr class=\"wp-block-separator has-alpha-channel-opacity is-style-wide\" \/>\n\n\n\n<h3 class=\"wp-block-heading\">3. <strong>M\u00e9rk\u0151z\u00e9s<\/strong><\/h3>\n\n\n\n<p>A Match az egyik legr\u00e9gebbi alkalmaz\u00e1s a digit\u00e1lis vil\u00e1gban, \u00e9s az \u00e9vek sor\u00e1n megtanulta optimaliz\u00e1lni mag\u00e1t, hogy ne lass\u00edtsa le az eszk\u00f6z\u00f6ket.<\/p>\n\n\n\n<p>Modern kialak\u00edt\u00e1sa a sebess\u00e9get \u00e9s a stabilit\u00e1st helyezi el\u0151t\u00e9rbe, \u00edgy kiv\u00e1l\u00f3 v\u00e1laszt\u00e1s, ha olyan alkalmaz\u00e1sokat keresel, amelyek jav\u00edtj\u00e1k okostelefonod teljes\u00edtm\u00e9ny\u00e9t.<\/p>\n\n\n\n<p><strong>F\u0151 el\u0151ny\u00f6k:<\/strong><\/p>\n\n\n\n<ul>\n<li>Egyens\u00faly a fejlett funkci\u00f3k \u00e9s az er\u0151forr\u00e1sok hat\u00e9kony felhaszn\u00e1l\u00e1sa k\u00f6z\u00f6tt.<\/li>\n\n\n\n<li>Intuit\u00edv fel\u00fclet, amely gyorsan bet\u00f6lt\u0151dik m\u00e9g lass\u00fa internetkapcsolat eset\u00e9n is.<\/li>\n\n\n\n<li>Az energiafogyaszt\u00e1s optimaliz\u00e1l\u00e1sa az akkumul\u00e1tor hosszabb \u00e9lettartam\u00e1nak biztos\u00edt\u00e1sa \u00e9rdek\u00e9ben.<\/li>\n\n\n\n<li>Folyamatos fejleszt\u00e9s minden verzi\u00f3ban a hib\u00e1k \u00e9s k\u00e9sedelmek elker\u00fcl\u00e9se \u00e9rdek\u00e9ben.<\/li>\n\n\n\n<li>Kompatibilit\u00e1s sz\u00e1mos okostelefon-modellel.<\/li>\n<\/ul>\n\n\n\n<p>Ez azt jelenti, hogy a Match telep\u00edt\u00e9s\u00e9vel egy robusztus k\u00f6z\u00f6ss\u00e9gi platformhoz f\u00e9rhetsz hozz\u00e1 an\u00e9lk\u00fcl, hogy fel\u00e1ldozn\u00e1d a <strong>a telefonod sebess\u00e9ge<\/strong>.<\/p>\n\n\n\n<ul>\n<li>\u2705El\u00e9rhet\u0151: <a href=\"https:\/\/match-com.br.uptodown.com\/android\/download\">Android App Store<\/a><\/li>\n\n\n\n<li>\u2705El\u00e9rhet\u0151: <a href=\"https:\/\/apps.apple.com\/br\/app\/match-and-meet-app-de-namoro\/id1535615149\">Apple App Store<\/a><\/li>\n<\/ul>\n\n\n\n<hr class=\"wp-block-separator has-alpha-channel-opacity is-style-wide\" \/>\n\n\n\n<h3 class=\"wp-block-heading\">4. <strong>Zsan\u00e9r<\/strong><\/h3>\n\n\n\n<p>A Hinge arr\u00f3l ismert, hogy a hiteles, nem felsz\u00ednes kapcsolatokra \u00f6sszpontos\u00edt, ugyanakkor pehelyk\u00f6nny\u0171 architekt\u00far\u00e1val tervezt\u00e9k, amely fokozza a telefon teljes\u00edtm\u00e9ny\u00e9t.<\/p>\n\n\n\n<p><strong>F\u0151 el\u0151ny\u00f6k:<\/strong><\/p>\n\n\n\n<ul>\n<li>A bels\u0151 er\u0151forr\u00e1sok hat\u00e9kony kezel\u00e9se a folyamatoss\u00e1g fenntart\u00e1sa \u00e9rdek\u00e9ben.<\/li>\n\n\n\n<li>Gyors navig\u00e1ci\u00f3 anim\u00e1ci\u00f3kkal, amelyek nem befoly\u00e1solj\u00e1k a <strong>okostelefon sebess\u00e9ge<\/strong>.<\/li>\n\n\n\n<li>Optimaliz\u00e1lt konfigur\u00e1ci\u00f3 k\u00fcl\u00f6nb\u00f6z\u0151 oper\u00e1ci\u00f3s rendszerekhez.<\/li>\n\n\n\n<li>Kev\u00e9s helyet foglal el m\u00e1s t\u00e1rskeres\u0151 alkalmaz\u00e1sokhoz k\u00e9pest.<\/li>\n\n\n\n<li>Stabilit\u00e1s m\u00e9g multitasking k\u00f6zben is, elker\u00fclve az \u00f6sszeoml\u00e1sokat.<\/li>\n<\/ul>\n\n\n\n<p>A Hinge telep\u00edt\u00e9sekor \u00e9szre fogod venni, hogy az nem zavarja a t\u00f6bbi alkalmaz\u00e1st, \u00edgy a telefonod gyors \u00e9s megb\u00edzhat\u00f3 marad.<\/p>\n\n\n\n<ul>\n<li>\u2705El\u00e9rhet\u0151: <a href=\"https:\/\/hinge.co\/pt-br\">Android App Store<\/a><\/li>\n\n\n\n<li>\u2705El\u00e9rhet\u0151: <a href=\"https:\/\/apps.apple.com\/us\/app\/hinge-dating-app-match-meet\/id595287172\">Apple App Store<\/a><\/li>\n<\/ul>\n\n\n\n<hr class=\"wp-block-separator has-alpha-channel-opacity is-style-wide\" \/>\n\n\n\n<h3 class=\"wp-block-heading\">5. <strong>Z\u00fcmm\u00f6g<\/strong><\/h3>\n\n\n\n<p>A Bumble az egyik legmodernebb \u00e9s legdinamikusabb alkalmaz\u00e1sk\u00e9nt pozicion\u00e1lta mag\u00e1t. Optimaliz\u00e1l\u00e1si rendszere a hib\u00e1k cs\u00f6kkent\u00e9s\u00e9re \u00e9s a telefon k\u00f6nny\u0171 s\u00faly\u00e1nak meg\u0151rz\u00e9s\u00e9re \u00f6sszpontos\u00edt.<\/p>\n\n\n\n<p><strong>F\u0151 el\u0151ny\u00f6k:<\/strong><\/p>\n\n\n\n<ul>\n<li>Minim\u00e1lis akkumul\u00e1torfogyaszt\u00e1s az intelligens folyamatoknak k\u00f6sz\u00f6nhet\u0151en.<\/li>\n\n\n\n<li>Letisztult fel\u00fclet, ami nem ig\u00e9nyel sok feldolgoz\u00e1si teljes\u00edtm\u00e9nyt.<\/li>\n\n\n\n<li>Z\u00f6kken\u0151mentes videoh\u00edv\u00e1sok a telefon egy\u00e9b funkci\u00f3inak lass\u00edt\u00e1sa n\u00e9lk\u00fcl.<\/li>\n\n\n\n<li>Gyakori friss\u00edt\u00e9sek, amelyek jav\u00edtj\u00e1k a biztons\u00e1got \u00e9s a stabilit\u00e1st.<\/li>\n\n\n\n<li>T\u00f6k\u00e9letes azok sz\u00e1m\u00e1ra, akik a teljes\u00edtm\u00e9ny fel\u00e1ldoz\u00e1sa n\u00e9lk\u00fcl szeretn\u00e9nek t\u00f6bb feladatot egyszerre v\u00e9gezni. <strong>mobiltelefon sebess\u00e9ge<\/strong>.<\/li>\n<\/ul>\n\n\n\n<p>A Bumble bebizony\u00edtja, hogy t\u00f6bb funkci\u00f3t is \u00e9lvezhetsz an\u00e9lk\u00fcl, hogy lelass\u00edtan\u00e1d az okostelefonodat.<\/p>\n\n\n\n<ul>\n<li>\u2705El\u00e9rhet\u0151: <a href=\"https:\/\/bumble.com\/pt\/\">Android App Store<\/a><\/li>\n\n\n\n<li>\u2705El\u00e9rhet\u0151: <a href=\"https:\/\/apps.apple.com\/br\/app\/bumble-encontros-e-conex%C3%B5es\/id930441707\">Apple App Store<\/a><\/li>\n<\/ul>\n\n\n\n<hr class=\"wp-block-separator has-alpha-channel-opacity is-style-wide\" \/>\n\n\n\n<h3 class=\"wp-block-heading\">6. <strong>Szikra<\/strong><\/h3>\n\n\n\n<p>A Chispa a latin k\u00f6z\u00f6ss\u00e9gnek sz\u00f3l, \u00e9s egy olyan alkalmaz\u00e1s, amely k\u00f6nnyeds\u00e9g\u00e9vel t\u0171nik ki.<\/p>\n\n\n\n<p>Nem ig\u00e9nyelnek a leg\u00fajabb gener\u00e1ci\u00f3s telefonokat a megfelel\u0151 m\u0171k\u00f6d\u00e9shez.<\/p>\n\n\n\n<p><strong>F\u0151 el\u0151ny\u00f6k:<\/strong><\/p>\n\n\n\n<ul>\n<li>Cs\u00f6kkentett RAM-fogyaszt\u00e1s.<\/li>\n\n\n\n<li>Gyors telep\u00edt\u00e9s alacsony MB s\u00fallyal.<\/li>\n\n\n\n<li>Z\u00f6kken\u0151mentes \u00e9lm\u00e9ny m\u00e9g k\u00f6z\u00e9p- \u00e9s als\u00f3 kateg\u00f3ri\u00e1s okostelefonokon is.<\/li>\n\n\n\n<li>Egyszer\u0171 fel\u00fclet, amely elker\u00fcli a folyamatok t\u00falterhel\u00e9s\u00e9t.<\/li>\n\n\n\n<li>Lehet\u0151v\u00e9 teszi a randev\u00faz\u00e1si \u00e9lm\u00e9ny optimaliz\u00e1l\u00e1s\u00e1t a <strong>eszk\u00f6z sebess\u00e9ge<\/strong>.<\/li>\n<\/ul>\n\n\n\n<p>Ha telefonbar\u00e1t \u00e9s t\u00e1rhelybar\u00e1t megold\u00e1st keresel, a Chispa a megfelel\u0151 v\u00e1laszt\u00e1s.<\/p>\n\n\n\n<ul>\n<li>\u2705El\u00e9rhet\u0151: <a href=\"https:\/\/chispa-chispa-dating.br.aptoide.com\/app\">Android App Store<\/a><\/li>\n\n\n\n<li>\u2705El\u00e9rhet\u0151: <a href=\"https:\/\/apps.apple.com\/br\/app\/chispa-dating-app-for-latinos\/id1289684085\">Apple App Store<\/a><\/li>\n<\/ul>\n\n\n\n<h3 class=\"wp-block-heading\">7. <strong>Badoo<\/strong><\/h3>\n\n\n\n<p>A Badoo a vil\u00e1g egyik legn\u00e9pszer\u0171bb platformja, \u00e9s a k\u00fcl\u00f6nb\u00f6z\u0151 eszk\u00f6z\u00f6kre val\u00f3 optimaliz\u00e1l\u00e1s\u00e1nak k\u00f6sz\u00f6nhet\u0151en siker\u00fclt relev\u00e1nsnak maradnia.<\/p>\n\n\n\n<p><strong>F\u0151 el\u0151ny\u00f6k:<\/strong><\/p>\n\n\n\n<ul>\n<li>\u00c1lland\u00f3 friss\u00edt\u00e9sek, amelyek hib\u00e1kat jav\u00edtanak \u00e9s jav\u00edtj\u00e1k a m\u0171k\u00f6d\u00e9st.<\/li>\n\n\n\n<li>Kiv\u00e1l\u00f3 egyens\u00faly a t\u00e1rsadalmi funkci\u00f3k \u00e9s a technikai teljes\u00edtm\u00e9ny k\u00f6z\u00f6tt.<\/li>\n\n\n\n<li>Gyors b\u00f6ng\u00e9sz\u00e9s minim\u00e1lis RAM-terhel\u00e9ssel.<\/li>\n\n\n\n<li>Kompatibilis a r\u00e9gebbi okostelefonokkal a teljes\u00edtm\u00e9ny fel\u00e1ldoz\u00e1sa n\u00e9lk\u00fcl <strong>telefon sebess\u00e9ge<\/strong>.<\/li>\n\n\n\n<li>Fejlett biztons\u00e1g, amely megakad\u00e1lyozza a k\u00e1ros f\u00e1jlok let\u00f6lt\u00e9s\u00e9t.<\/li>\n<\/ul>\n\n\n\n<p>A Badoo-val egy hatalmas, glob\u00e1lis k\u00f6z\u00f6ss\u00e9g tagja lehetsz an\u00e9lk\u00fcl, hogy agg\u00f3dnod kellene a lass\u00fa vagy t\u00falterhelt telefonod miatt.<\/p>\n\n\n\n<ul>\n<li>\u2705El\u00e9rhet\u0151: <a href=\"https:\/\/badoo.com\/pt\/\">Android App Store<\/a><\/li>\n\n\n\n<li>\u2705El\u00e9rhet\u0151: <a href=\"https:\/\/apps.apple.com\/br\/app\/badoo-bate-papo-e-encontros\/id351331194\">Apple App Store<\/a><\/li>\n<\/ul>\n\n\n\n<hr class=\"wp-block-separator has-alpha-channel-opacity is-style-wide\" \/>\n\n\n\n<h2 class=\"wp-block-heading\">Tov\u00e1bbi tippek a telefon gyorsas\u00e1g\u00e1nak meg\u0151rz\u00e9s\u00e9hez<\/h2>\n\n\n\n<p>Az alkalmaz\u00e1sok telep\u00edt\u00e9se mellett a k\u00f6vetkez\u0151 gyakorlati aj\u00e1nl\u00e1sokat is k\u00f6vetheti:<\/p>\n\n\n\n<ul>\n<li>T\u00f6r\u00f6lje a duplik\u00e1lt f\u00e9nyk\u00e9peket \u00e9s vide\u00f3kat.<\/li>\n\n\n\n<li>Rendszeresen t\u00f6r\u00f6lje a gyors\u00edt\u00f3t\u00e1rat.<\/li>\n\n\n\n<li>T\u00e1vol\u00edtsd el a m\u00e1r nem haszn\u00e1lt alkalmaz\u00e1sokat.<\/li>\n\n\n\n<li>Tartsa naprak\u00e9szen az oper\u00e1ci\u00f3s rendszer\u00e9t.<\/li>\n\n\n\n<li>Haszn\u00e1lj felh\u0151alap\u00fa t\u00e1rhelyet a hely felszabad\u00edt\u00e1s\u00e1hoz.<\/li>\n<\/ul>\n\n\n\n<hr class=\"wp-block-separator has-alpha-channel-opacity is-style-wide\" \/>\n\n\n\n<h2 class=\"wp-block-heading\">K\u00f6vetkeztet\u00e9s<\/h2>\n\n\n\n<p>A <strong>Alkalmaz\u00e1sok a telefon felgyors\u00edt\u00e1s\u00e1hoz okostelefonon<\/strong> Ezek a legjobb megold\u00e1st jelentik, ha a k\u00e9sz\u00fcl\u00e9ked elkezd meghib\u00e1sodni. Ak\u00e1r \u00faj, ak\u00e1r t\u00f6bb \u00e9ves a telefonod, megb\u00edzhat\u00f3 \u00e9s biztons\u00e1gos eszk\u00f6z\u00f6kkel mindig jav\u00edthatod a teljes\u00edtm\u00e9ny\u00e9t.<\/p>\n\n\n\n<p>Ak\u00e1r a Sparkot, az eHarmonyt, a Matchot, a Hinge-t, a Bumble-t vagy a Badoo-t v\u00e1lasztod, ezek az alkalmaz\u00e1sok mindegyike egyedi el\u0151ny\u00f6ket k\u00edn\u00e1l, amelyek gyorsabb\u00e1, g\u00f6rd\u00fcl\u00e9kenyebb\u00e9 \u00e9s biztons\u00e1gosabb\u00e1 teszik a felhaszn\u00e1l\u00f3i \u00e9lm\u00e9nyt.<\/p>\n\n\n\n<p>\ud83d\udc49 Ne szenvedj t\u00f6bb\u00e9 egy lass\u00fa mobiltelefonnal. <strong>T\u00f6ltsd le m\u00e9g ma az egyik alkalmaz\u00e1st, \u00e9s keltsd \u00e9letre okostelefonodat.<\/strong><\/p>","protected":false},"excerpt":{"rendered":"<p>Mag\u00e1nyosnak \u00e9rzem magam, \u00e9s szeretn\u00e9k veled besz\u00e9lgetni ezeken a t\u00e1rskeres\u0151 alkalmaz\u00e1sokon... \u00c9s te is \u00e9rezted m\u00e1r mostan\u00e1ban ezt a t\u00e1rsas\u00e1gi ig\u00e9nyt? Mit szeretn\u00e9l el\u0151sz\u00f6r csin\u00e1lni? Ugyanazon a weboldalon maradsz. Az okostelefont gyors\u00edt\u00f3 alkalmaz\u00e1sok n\u00e9lk\u00fcl\u00f6zhetetlenn\u00e9 v\u00e1ltak a mindennapi \u00e9let\u00fcnkben. Mindannyian \u00e9rezt\u00fck m\u00e1r, hogy [\u2026]<\/p>","protected":false},"author":139,"featured_media":9739,"comment_status":"closed","ping_status":"open","sticky":false,"template":"","format":"standard","meta":{"footnotes":""},"categories":[2],"tags":[],"yoast_head":"<!-- This site is optimized with the Yoast SEO plugin v23.3 - https:\/\/yoast.com\/wordpress\/plugins\/seo\/ -->\n<title>Me siento sola y quiero platicar contigo por estos apps de citas - Universo Fam\u00edlia<\/title>\n<meta name=\"description\" content=\"Me siento sola y quiero platicar contigo por estos apps de citas. Me siento sola y quiero platicar contigo por estos apps de citas\u2026\" \/>\n<meta name=\"robots\" content=\"index, follow, max-snippet:-1, max-image-preview:large, max-video-preview:-1\" \/>\n<link rel=\"canonical\" href=\"https:\/\/universofamilia.com\/hu\/lll-me-siento-sola-y-quiero-platicar-contigo-por-estos-apps-de-citas\/\" \/>\n<meta property=\"og:locale\" content=\"hu_HU\" \/>\n<meta property=\"og:type\" content=\"article\" \/>\n<meta property=\"og:title\" content=\"Me siento sola y quiero platicar contigo por estos apps de citas - Universo Fam\u00edlia\" \/>\n<meta property=\"og:description\" content=\"Me siento sola y quiero platicar contigo por estos apps de citas. Me siento sola y quiero platicar contigo por estos apps de citas\u2026\" \/>\n<meta property=\"og:url\" content=\"https:\/\/universofamilia.com\/hu\/lll-me-siento-sola-y-quiero-platicar-contigo-por-estos-apps-de-citas\/\" \/>\n<meta property=\"og:site_name\" content=\"Universo Fam\u00edlia\" \/>\n<meta property=\"article:published_time\" content=\"2025-09-19T18:55:29+00:00\" \/>\n<meta property=\"article:modified_time\" content=\"2025-09-19T18:55:31+00:00\" \/>\n<meta property=\"og:image\" content=\"https:\/\/universofamilia.com\/wp-content\/uploads\/sites\/148\/2025\/09\/DESTAQUE-UNIVERSO-550-x-350-1.jpg\" \/>\n\t<meta property=\"og:image:width\" content=\"550\" \/>\n\t<meta property=\"og:image:height\" content=\"350\" \/>\n\t<meta property=\"og:image:type\" content=\"image\/jpeg\" \/>\n<meta name=\"author\" content=\"Pedro Henrique\" \/>\n<meta name=\"twitter:card\" content=\"summary_large_image\" \/>\n<meta name=\"twitter:label1\" content=\"Written by\" \/>\n\t<meta name=\"twitter:data1\" content=\"Pedro Henrique\" \/>\n\t<meta name=\"twitter:label2\" content=\"Est. reading time\" \/>\n\t<meta name=\"twitter:data2\" content=\"8 perc\" \/>\n<script type=\"application\/ld+json\" class=\"yoast-schema-graph\">{\"@context\":\"https:\/\/schema.org\",\"@graph\":[{\"@type\":\"WebPage\",\"@id\":\"https:\/\/universofamilia.com\/nl\/lll-me-siento-sola-y-quiero-platicar-contigo-por-estos-apps-de-citas\/\",\"url\":\"https:\/\/universofamilia.com\/nl\/lll-me-siento-sola-y-quiero-platicar-contigo-por-estos-apps-de-citas\/\",\"name\":\"Me siento sola y quiero platicar contigo por estos apps de citas - Universo Fam\u00edlia\",\"isPartOf\":{\"@id\":\"https:\/\/universofamilia.com\/el\/#website\"},\"primaryImageOfPage\":{\"@id\":\"https:\/\/universofamilia.com\/nl\/lll-me-siento-sola-y-quiero-platicar-contigo-por-estos-apps-de-citas\/#primaryimage\"},\"image\":{\"@id\":\"https:\/\/universofamilia.com\/nl\/lll-me-siento-sola-y-quiero-platicar-contigo-por-estos-apps-de-citas\/#primaryimage\"},\"thumbnailUrl\":\"https:\/\/universofamilia.com\/wp-content\/uploads\/sites\/148\/2025\/09\/DESTAQUE-UNIVERSO-550-x-350-1.jpg\",\"datePublished\":\"2025-09-19T18:55:29+00:00\",\"dateModified\":\"2025-09-19T18:55:31+00:00\",\"author\":{\"@id\":\"https:\/\/universofamilia.com\/el\/#\/schema\/person\/f07ce98187dd84d31154262e79b3b7ca\"},\"description\":\"Me siento sola y quiero platicar contigo por estos apps de citas. Me siento sola y quiero platicar contigo por estos apps de citas\u2026\",\"breadcrumb\":{\"@id\":\"https:\/\/universofamilia.com\/nl\/lll-me-siento-sola-y-quiero-platicar-contigo-por-estos-apps-de-citas\/#breadcrumb\"},\"inLanguage\":\"hu\",\"potentialAction\":[{\"@type\":\"ReadAction\",\"target\":[\"https:\/\/universofamilia.com\/nl\/lll-me-siento-sola-y-quiero-platicar-contigo-por-estos-apps-de-citas\/\"]}]},{\"@type\":\"ImageObject\",\"inLanguage\":\"hu\",\"@id\":\"https:\/\/universofamilia.com\/nl\/lll-me-siento-sola-y-quiero-platicar-contigo-por-estos-apps-de-citas\/#primaryimage\",\"url\":\"https:\/\/universofamilia.com\/wp-content\/uploads\/sites\/148\/2025\/09\/DESTAQUE-UNIVERSO-550-x-350-1.jpg\",\"contentUrl\":\"https:\/\/universofamilia.com\/wp-content\/uploads\/sites\/148\/2025\/09\/DESTAQUE-UNIVERSO-550-x-350-1.jpg\",\"width\":550,\"height\":350,\"caption\":\"Me siento sola y quiero platicar contigo por estos apps de citas\"},{\"@type\":\"BreadcrumbList\",\"@id\":\"https:\/\/universofamilia.com\/nl\/lll-me-siento-sola-y-quiero-platicar-contigo-por-estos-apps-de-citas\/#breadcrumb\",\"itemListElement\":[{\"@type\":\"ListItem\",\"position\":1,\"name\":\"Home\",\"item\":\"https:\/\/universofamilia.com\/el\/\"},{\"@type\":\"ListItem\",\"position\":2,\"name\":\"Me siento sola y quiero platicar contigo por estos apps de citas\"}]},{\"@type\":\"WebSite\",\"@id\":\"https:\/\/universofamilia.com\/el\/#website\",\"url\":\"https:\/\/universofamilia.com\/el\/\",\"name\":\"Universo Fam\u00edlia\",\"description\":\"\",\"potentialAction\":[{\"@type\":\"SearchAction\",\"target\":{\"@type\":\"EntryPoint\",\"urlTemplate\":\"https:\/\/universofamilia.com\/el\/?s={search_term_string}\"},\"query-input\":\"required name=search_term_string\"}],\"inLanguage\":\"hu\"},{\"@type\":\"Person\",\"@id\":\"https:\/\/universofamilia.com\/el\/#\/schema\/person\/f07ce98187dd84d31154262e79b3b7ca\",\"name\":\"Pedro Henrique\",\"image\":{\"@type\":\"ImageObject\",\"inLanguage\":\"hu\",\"@id\":\"https:\/\/universofamilia.com\/el\/#\/schema\/person\/image\/\",\"url\":\"https:\/\/secure.gravatar.com\/avatar\/9edfeb808cb4e1599f64d6e45b130154?s=96&d=mm&r=g\",\"contentUrl\":\"https:\/\/secure.gravatar.com\/avatar\/9edfeb808cb4e1599f64d6e45b130154?s=96&d=mm&r=g\",\"caption\":\"Pedro Henrique\"},\"url\":\"https:\/\/universofamilia.com\/hu\/author\/editor01\/\"}]}<\/script>\n<!-- \/ Yoast SEO plugin. -->","yoast_head_json":{"title":"Me siento sola y quiero platicar contigo por estos apps de citas - Universo Fam\u00edlia","description":"Me siento sola y quiero platicar contigo por estos apps de citas. Me siento sola y quiero platicar contigo por estos apps de citas\u2026","robots":{"index":"index","follow":"follow","max-snippet":"max-snippet:-1","max-image-preview":"max-image-preview:large","max-video-preview":"max-video-preview:-1"},"canonical":"https:\/\/universofamilia.com\/hu\/lll-me-siento-sola-y-quiero-platicar-contigo-por-estos-apps-de-citas\/","og_locale":"hu_HU","og_type":"article","og_title":"Me siento sola y quiero platicar contigo por estos apps de citas - Universo Fam\u00edlia","og_description":"Me siento sola y quiero platicar contigo por estos apps de citas. Me siento sola y quiero platicar contigo por estos apps de citas\u2026","og_url":"https:\/\/universofamilia.com\/hu\/lll-me-siento-sola-y-quiero-platicar-contigo-por-estos-apps-de-citas\/","og_site_name":"Universo Fam\u00edlia","article_published_time":"2025-09-19T18:55:29+00:00","article_modified_time":"2025-09-19T18:55:31+00:00","og_image":[{"width":550,"height":350,"url":"https:\/\/universofamilia.com\/wp-content\/uploads\/sites\/148\/2025\/09\/DESTAQUE-UNIVERSO-550-x-350-1.jpg","type":"image\/jpeg"}],"author":"Pedro Henrique","twitter_card":"summary_large_image","twitter_misc":{"Written by":"Pedro Henrique","Est. reading time":"8 perc"},"schema":{"@context":"https:\/\/schema.org","@graph":[{"@type":"WebPage","@id":"https:\/\/universofamilia.com\/nl\/lll-me-siento-sola-y-quiero-platicar-contigo-por-estos-apps-de-citas\/","url":"https:\/\/universofamilia.com\/nl\/lll-me-siento-sola-y-quiero-platicar-contigo-por-estos-apps-de-citas\/","name":"Me siento sola y quiero platicar contigo por estos apps de citas - Universo Fam\u00edlia","isPartOf":{"@id":"https:\/\/universofamilia.com\/el\/#website"},"primaryImageOfPage":{"@id":"https:\/\/universofamilia.com\/nl\/lll-me-siento-sola-y-quiero-platicar-contigo-por-estos-apps-de-citas\/#primaryimage"},"image":{"@id":"https:\/\/universofamilia.com\/nl\/lll-me-siento-sola-y-quiero-platicar-contigo-por-estos-apps-de-citas\/#primaryimage"},"thumbnailUrl":"https:\/\/universofamilia.com\/wp-content\/uploads\/sites\/148\/2025\/09\/DESTAQUE-UNIVERSO-550-x-350-1.jpg","datePublished":"2025-09-19T18:55:29+00:00","dateModified":"2025-09-19T18:55:31+00:00","author":{"@id":"https:\/\/universofamilia.com\/el\/#\/schema\/person\/f07ce98187dd84d31154262e79b3b7ca"},"description":"Me siento sola y quiero platicar contigo por estos apps de citas. Me siento sola y quiero platicar contigo por estos apps de citas\u2026","breadcrumb":{"@id":"https:\/\/universofamilia.com\/nl\/lll-me-siento-sola-y-quiero-platicar-contigo-por-estos-apps-de-citas\/#breadcrumb"},"inLanguage":"hu","potentialAction":[{"@type":"ReadAction","target":["https:\/\/universofamilia.com\/nl\/lll-me-siento-sola-y-quiero-platicar-contigo-por-estos-apps-de-citas\/"]}]},{"@type":"ImageObject","inLanguage":"hu","@id":"https:\/\/universofamilia.com\/nl\/lll-me-siento-sola-y-quiero-platicar-contigo-por-estos-apps-de-citas\/#primaryimage","url":"https:\/\/universofamilia.com\/wp-content\/uploads\/sites\/148\/2025\/09\/DESTAQUE-UNIVERSO-550-x-350-1.jpg","contentUrl":"https:\/\/universofamilia.com\/wp-content\/uploads\/sites\/148\/2025\/09\/DESTAQUE-UNIVERSO-550-x-350-1.jpg","width":550,"height":350,"caption":"Me siento sola y quiero platicar contigo por estos apps de citas"},{"@type":"BreadcrumbList","@id":"https:\/\/universofamilia.com\/nl\/lll-me-siento-sola-y-quiero-platicar-contigo-por-estos-apps-de-citas\/#breadcrumb","itemListElement":[{"@type":"ListItem","position":1,"name":"Home","item":"https:\/\/universofamilia.com\/el\/"},{"@type":"ListItem","position":2,"name":"Me siento sola y quiero platicar contigo por estos apps de citas"}]},{"@type":"WebSite","@id":"https:\/\/universofamilia.com\/el\/#website","url":"https:\/\/universofamilia.com\/el\/","name":"Universo Fam\u00edlia","description":"","potentialAction":[{"@type":"SearchAction","target":{"@type":"EntryPoint","urlTemplate":"https:\/\/universofamilia.com\/el\/?s={search_term_string}"},"query-input":"required name=search_term_string"}],"inLanguage":"hu"},{"@type":"Person","@id":"https:\/\/universofamilia.com\/el\/#\/schema\/person\/f07ce98187dd84d31154262e79b3b7ca","name":"Pedro Henrique","image":{"@type":"ImageObject","inLanguage":"hu","@id":"https:\/\/universofamilia.com\/el\/#\/schema\/person\/image\/","url":"https:\/\/secure.gravatar.com\/avatar\/9edfeb808cb4e1599f64d6e45b130154?s=96&d=mm&r=g","contentUrl":"https:\/\/secure.gravatar.com\/avatar\/9edfeb808cb4e1599f64d6e45b130154?s=96&d=mm&r=g","caption":"Pedro Henrique"},"url":"https:\/\/universofamilia.com\/hu\/author\/editor01\/"}]}},"_links":{"self":[{"href":"https:\/\/universofamilia.com\/hu\/wp-json\/wp\/v2\/posts\/9738"}],"collection":[{"href":"https:\/\/universofamilia.com\/hu\/wp-json\/wp\/v2\/posts"}],"about":[{"href":"https:\/\/universofamilia.com\/hu\/wp-json\/wp\/v2\/types\/post"}],"author":[{"embeddable":true,"href":"https:\/\/universofamilia.com\/hu\/wp-json\/wp\/v2\/users\/139"}],"replies":[{"embeddable":true,"href":"https:\/\/universofamilia.com\/hu\/wp-json\/wp\/v2\/comments?post=9738"}],"version-history":[{"count":1,"href":"https:\/\/universofamilia.com\/hu\/wp-json\/wp\/v2\/posts\/9738\/revisions"}],"predecessor-version":[{"id":9740,"href":"https:\/\/universofamilia.com\/hu\/wp-json\/wp\/v2\/posts\/9738\/revisions\/9740"}],"wp:featuredmedia":[{"embeddable":true,"href":"https:\/\/universofamilia.com\/hu\/wp-json\/wp\/v2\/media\/9739"}],"wp:attachment":[{"href":"https:\/\/universofamilia.com\/hu\/wp-json\/wp\/v2\/media?parent=9738"}],"wp:term":[{"taxonomy":"category","embeddable":true,"href":"https:\/\/universofamilia.com\/hu\/wp-json\/wp\/v2\/categories?post=9738"},{"taxonomy":"post_tag","embeddable":true,"href":"https:\/\/universofamilia.com\/hu\/wp-json\/wp\/v2\/tags?post=9738"}],"curies":[{"name":"wp","href":"https:\/\/api.w.org\/{rel}","templated":true}]}}