{"id":9758,"date":"2025-10-01T01:42:22","date_gmt":"2025-10-01T04:42:22","guid":{"rendered":"https:\/\/universofamilia.com\/?p=9758"},"modified":"2025-10-11T17:08:04","modified_gmt":"2025-10-11T20:08:04","slug":"inteligencia-artificial-y-politica","status":"publish","type":"post","link":"https:\/\/universofamilia.com\/hu\/inteligencia-artificial-y-politica\/","title":{"rendered":"Mesters\u00e9ges intelligencia \u00e9s politika"},"content":{"rendered":"<p class=\"has-text-align-center\"><strong>Mesters\u00e9ges intelligencia \u00e9s politika:<\/strong> Ez egy olyan t\u00e9ma, amely m\u00e1r nem kiz\u00e1r\u00f3lag tudom\u00e1nyos konferenci\u00e1kra vagy technikai vit\u00e1kra korl\u00e1toz\u00f3dik; ma m\u00e1r \u00e1thatja a t\u00f6rv\u00e9nyeket, a k\u00f6zbesz\u00e9deket, s\u0151t m\u00e9g a glob\u00e1lis geopolitik\u00e1t is.<\/p>\n\n\n<div class=\"wp-block-image\">\n<figure class=\"aligncenter size-full\"><img loading=\"lazy\" decoding=\"async\" width=\"550\" height=\"350\" src=\"https:\/\/universofamilia.com\/wp-content\/uploads\/sites\/148\/2025\/10\/DESTAQUE-UNIVERSO-550-x-350.jpg\" alt=\"\" class=\"wp-image-9759\" srcset=\"https:\/\/universofamilia.com\/wp-content\/uploads\/sites\/148\/2025\/10\/DESTAQUE-UNIVERSO-550-x-350.jpg 550w, https:\/\/universofamilia.com\/wp-content\/uploads\/sites\/148\/2025\/10\/DESTAQUE-UNIVERSO-550-x-350-300x191.jpg 300w, https:\/\/universofamilia.com\/wp-content\/uploads\/sites\/148\/2025\/10\/DESTAQUE-UNIVERSO-550-x-350-18x12.jpg 18w\" sizes=\"(max-width: 550px) 100vw, 550px\" \/><figcaption class=\"wp-element-caption\">Canva<\/figcaption><\/figure><\/div>\n\n\n<p>2025-ben a korm\u00e1nyok azzal a kih\u00edv\u00e1ssal szembes\u00fclnek, hogy egyens\u00falyt teremtsenek az innov\u00e1ci\u00f3 \u00e9s a polg\u00e1ri jogok v\u00e9delme k\u00f6z\u00f6tt, \u00e9s minden r\u00e9gi\u00f3 m\u00e1s strat\u00e9gi\u00e1kat alkalmaz.<\/p>\n\n\n\n<p>Ebben a cikkben egy teljes \u00e1ttekint\u00e9st tal\u00e1lsz:<\/p>\n\n\n\n<ul>\n<li>Hogyan szab\u00e1lyozz\u00e1k a legbefoly\u00e1sosabb orsz\u00e1gok a mesters\u00e9ges intelligenci\u00e1t?<\/li>\n\n\n\n<li>A legfontosabb k\u00fcl\u00f6nbs\u00e9gek Eur\u00f3pa, az Egyes\u00fclt \u00c1llamok, K\u00edna \u00e9s Latin-Amerika k\u00f6z\u00f6tt.<\/li>\n\n\n\n<li>Milyen kock\u00e1zatokat \u00e9s lehet\u0151s\u00e9geket vitatnak meg a technol\u00f3gi\u00e1val kapcsolatban.<\/li>\n\n\n\n<li>P\u00e9ld\u00e1k a szab\u00e1lyoz\u00e1sok gyakorlati alkalmaz\u00e1s\u00e1ra.<\/li>\n\n\n\n<li>Gyakran ism\u00e9telt k\u00e9rd\u00e9sek a gyakori k\u00e9ts\u00e9gek tiszt\u00e1z\u00e1s\u00e1ra.<\/li>\n<\/ul>\n\n\n\n<h2 class=\"wp-block-heading\">A digit\u00e1lis korban a vil\u00e1gos szab\u00e1lyok s\u00fcrg\u0151ss\u00e9ge<\/h2>\n\n\n\n<p>A mesters\u00e9ges intelligencia m\u00e1r nem laborat\u00f3riumi k\u00eds\u00e9rlet. Jelen van az orvosi diagn\u00f3zisokban, a b\u00edr\u00f3s\u00e1gokon, a p\u00e9nz\u00fcgyi piacokon \u00e9s m\u00e9g a politikai kamp\u00e1nyokban is.<\/p>\n\n\n\n<p>A technol\u00f3gia fejl\u0151d\u00e9s\u00e9nek sebess\u00e9ge dilemm\u00e1t vet fel: hogyan el\u0151zhetj\u00fck meg a vissza\u00e9l\u00e9seket an\u00e9lk\u00fcl, hogy lass\u00edtan\u00e1nk a fejl\u0151d\u00e9st?<\/p>\n\n\n\n<p>A korm\u00e1ny v\u00e1lasza a szab\u00e1lyoz\u00e1si keretek fejleszt\u00e9se volt. 2025-ben... <strong>Eur\u00f3pai Uni\u00f3s mesters\u00e9ges intelligencia rendelet<\/strong> Ez a vil\u00e1g legambici\u00f3zusabb szab\u00e1lyoz\u00e1s\u00e1nak tekinthet\u0151. <\/p>\n\n\n\n<p>A mesters\u00e9ges intelligencia rendszereket kock\u00e1zati szintek szerint oszt\u00e1lyozza, az alacsony hat\u00e1s\u00fa alkalmaz\u00e1sokt\u00f3l az alapvet\u0151 jogokat \u00e9rint\u0151 alkalmaz\u00e1sokig, mint p\u00e9ld\u00e1ul a t\u00f6meges megfigyel\u00e9s.<\/p>\n\n\n\n<p>Az Eur\u00f3pai Bizotts\u00e1g szerint a c\u00e9l a \u201ebiztons\u00e1g, az \u00e1tl\u00e1that\u00f3s\u00e1g \u00e9s a demokratikus \u00e9rt\u00e9kek tiszteletben tart\u00e1s\u00e1nak garant\u00e1l\u00e1sa\u201d.<\/p>\n\n\n\n<h2 class=\"wp-block-heading\">Egyes\u00fclt \u00c1llamok: Innov\u00e1ci\u00f3 \u00e9s sz\u00e9ttagolt ellen\u0151rz\u00e9s<\/h2>\n\n\n\n<p>Az amerikai megk\u00f6zel\u00edt\u00e9s kev\u00e9sb\u00e9 centraliz\u00e1lt. Orsz\u00e1gos t\u00f6rv\u00e9ny helyett az \u00fcgyn\u00f6ks\u00e9gek \u00e9s az \u00e1llamok konkr\u00e9t ir\u00e1nyelveket fogadnak el.<\/p>\n\n\n\n<p>A Feh\u00e9r H\u00e1z 2022-ben tette k\u00f6zz\u00e9 a <strong>Tervrajz a mesters\u00e9ges intelligencia jogair\u00f3l sz\u00f3l\u00f3 t\u00f6rv\u00e9nyjavaslathoz<\/strong>, egy etikai keretrendszer, amely a fejleszt\u0151ket \u00e9s a v\u00e1llalkoz\u00e1sokat ir\u00e1ny\u00edtja. B\u00e1r nem k\u00f6telez\u0151 \u00e9rv\u00e9ny\u0171, vit\u00e1t ind\u00edtott a digit\u00e1lis jogokr\u00f3l, az algoritmikus diszkrimin\u00e1ci\u00f3r\u00f3l \u00e9s az adatv\u00e9delemr\u0151l.<\/p>\n\n\n\n<p>Konkr\u00e9t p\u00e9lda: Kalifornia szab\u00e1lyoz\u00e1sokat szorgalmaz a mesters\u00e9ges intelligencia munkaer\u0151-felv\u00e9telben t\u00f6rt\u00e9n\u0151 alkalmaz\u00e1s\u00e1ra vonatkoz\u00f3an, el\u0151\u00edrva a v\u00e1llalatoknak annak bizony\u00edt\u00e1s\u00e1t, hogy algoritmusaik nem gener\u00e1lnak faji vagy nemi alap\u00fa elfogults\u00e1got.<\/p>\n\n\n\n<p>Az ilyen t\u00edpus\u00fa int\u00e9zked\u00e9sek az amerikai trendet t\u00fckr\u00f6zik: a fogyaszt\u00f3k v\u00e9delme a technol\u00f3giai \u00f6kosziszt\u00e9ma versenyk\u00e9pess\u00e9g\u00e9nek elfojt\u00e1sa n\u00e9lk\u00fcl.<\/p>\n\n\n\n<h2 class=\"wp-block-heading\">K\u00edna: \u00c1llami ellen\u0151rz\u00e9s \u00e9s technol\u00f3giai amb\u00edci\u00f3k<\/h2>\n\n\n\n<p>Ezzel szemben K\u00edna a mesters\u00e9ges intelligenci\u00e1t integr\u00e1lja \u00e1llami strat\u00e9gi\u00e1j\u00e1ba. 2021 \u00f3ta szab\u00e1lyozza a digit\u00e1lis platformokon tal\u00e1lhat\u00f3 aj\u00e1nl\u00e1si algoritmusokat, 2023-ban pedig szigor\u00fa szab\u00e1lyokat vezetett be a generat\u00edv mesters\u00e9ges intelligencia rendszerekre vonatkoz\u00f3an.<\/p>\n\n\n\n<p>2025-ben a korm\u00e1ny olyan szab\u00e1lyoz\u00e1sokkal l\u00e9p \u00e9letbe, amelyek korl\u00e1tozz\u00e1k a \u201enemzetbiztons\u00e1gra\u201d n\u00e9zve k\u00e1rosnak \u00edt\u00e9lt inform\u00e1ci\u00f3k terjeszt\u00e9s\u00e9t.<\/p>\n\n\n\n<p>Az innov\u00e1ci\u00f3 korl\u00e1toz\u00e1sa helyett Peking a mesters\u00e9ges intelligenci\u00e1t a gazdas\u00e1gi \u00e9s t\u00e1rsadalmi hatalom eszk\u00f6zek\u00e9nt k\u00edv\u00e1nja haszn\u00e1lni. Ez\u00e9rt a jogszab\u00e1lyai a helyi startupok t\u00e1mogat\u00e1s\u00e1t a digit\u00e1lis tartalmak \u00e9s a szem\u00e9lyes adatok szigor\u00fa ellen\u0151rz\u00e9s\u00e9vel \u00f6tv\u00f6zik.<\/p>\n\n\n\n<h2 class=\"wp-block-heading\">Latin-Amerika: kezdeti l\u00e9p\u00e9sek \u00e9s a j\u00f6v\u0151beli kih\u00edv\u00e1sok<\/h2>\n\n\n\n<p>A r\u00e9gi\u00f3 m\u00e9g korai szakaszban van. Braz\u00edlia egy <strong>A mesters\u00e9ges intelligencia jogi keretrendszere<\/strong>r\u00e9szben az eur\u00f3pai modell ihlette.<\/p>\n\n\n\n<p>Mexik\u00f3 a maga r\u00e9sz\u00e9r\u0151l szak\u00e9rt\u0151i csoportokat hozott l\u00e9tre az etikai \u00e9s jogi kock\u00e1zatok felm\u00e9r\u00e9s\u00e9re, b\u00e1r \u00e1tfog\u00f3 t\u00f6rv\u00e9nyt m\u00e9g nem fogadott el.<\/p>\n\n\n\n<p>A kih\u00edv\u00e1sok t\u00f6bbsz\u00f6r\u00f6sek: az er\u0151forr\u00e1sok sz\u0171k\u00f6ss\u00e9ge, az infrastrukt\u00fara hi\u00e1nya \u00e9s a vesz\u00e9lyeztetett lakoss\u00e1g v\u00e9delm\u00e9nek sz\u00fcks\u00e9gess\u00e9ge.<\/p>\n\n\n\n<p>Ennek ellen\u00e9re egyre nagyobb az \u00e9rdekl\u0151d\u00e9s a k\u00f6zpolitik\u00e1k \u00f6sszehangol\u00e1sa ir\u00e1nt a nemzetk\u00f6zi szabv\u00e1nyokkal, hogy elker\u00fclj\u00fck az innov\u00e1ci\u00f3ban val\u00f3 lemarad\u00e1st.<\/p>\n\n\n\n<h2 class=\"wp-block-heading\">\u00d6sszehasonl\u00edt\u00f3 t\u00e1bl\u00e1zat: MI-szab\u00e1lyoz\u00e1s vil\u00e1gszerte<\/h2>\n\n\n\n<figure class=\"wp-block-table\"><table><thead><tr><th>R\u00e9gi\u00f3 \/ Orsz\u00e1g<\/th><th>Szab\u00e1lyoz\u00e1si megk\u00f6zel\u00edt\u00e9s<\/th><th>Kulcs\u00e9v<\/th><th>F\u0151bb jellemz\u0151k<\/th><\/tr><\/thead><tbody><tr><td>Eur\u00f3pai Uni\u00f3<\/td><td>K\u00f6telez\u0151 erej\u0171 rendelet<\/td><td>2024-2025<\/td><td>Kock\u00e1zati besorol\u00e1s, \u00e1tl\u00e1that\u00f3s\u00e1g, s\u00falyos szankci\u00f3k<\/td><\/tr><tr><td>Egyes\u00fclt \u00c1llamok<\/td><td>\u00c1llami ir\u00e1nyelvek \u00e9s rendeletek<\/td><td>2022-2025<\/td><td>T\u00f6redezett, jogokon alapul\u00f3, nincs egys\u00e9ges t\u00f6rv\u00e9ny<\/td><\/tr><tr><td>K\u00edna<\/td><td>Szigor\u00fa \u00e1llami szab\u00e1lyoz\u00e1s<\/td><td>2021-2025<\/td><td>Tartalom, adatok \u00e9s algoritmusok ellen\u0151rz\u00e9se<\/td><\/tr><tr><td>Latin-Amerika<\/td><td>Kezdeti kezdem\u00e9nyez\u00e9sek<\/td><td>2023-2025<\/td><td>Az EU ihlette, m\u00e9g vita t\u00e1rgy\u00e1t k\u00e9pezi<\/td><\/tr><\/tbody><\/table><figcaption class=\"wp-element-caption\">Mesters\u00e9ges intelligencia \u00e9s politika: hogyan szab\u00e1lyozz\u00e1k a korm\u00e1nyok a mesters\u00e9ges intelligenci\u00e1t a vil\u00e1gban<\/figcaption><\/figure>\n\n\n\n<h2 class=\"wp-block-heading\">Egy t\u00e9ny, ami jellemzi a vit\u00e1t<\/h2>\n\n\n\n<p>A jelent\u00e9s szerint <strong>\u201eAI Index 2024\u201d a Stanford Egyetemr\u0151l<\/strong>, t\u00f6bb mint <strong>Az ENSZ tag\u00e1llamainak 70%-je<\/strong> m\u00e1r 2025 el\u0151tt jogalkot\u00e1si folyamatokat vagy szab\u00e1lyoz\u00e1si ir\u00e1nyelveket ind\u00edtott a mesters\u00e9ges intelligenci\u00e1val kapcsolatban.<\/p>\n\n\n\n<p>Ezek az adatok azt mutatj\u00e1k, hogy a p\u00e1rbesz\u00e9d m\u00e1r nem a j\u00f6v\u0151r\u0151l sz\u00f3l: ez minden szint\u0171 korm\u00e1nyzat sz\u00e1m\u00e1ra azonnali sz\u00fcks\u00e9glet.<\/p>\n\n\n<div class=\"wp-block-image\">\n<figure class=\"aligncenter size-full\"><img loading=\"lazy\" decoding=\"async\" width=\"550\" height=\"350\" src=\"https:\/\/universofamilia.com\/wp-content\/uploads\/sites\/148\/2025\/10\/DESTAQUE-SITE-MUNDOSAPPS-16-1.jpg\" alt=\"\" class=\"wp-image-9761\" srcset=\"https:\/\/universofamilia.com\/wp-content\/uploads\/sites\/148\/2025\/10\/DESTAQUE-SITE-MUNDOSAPPS-16-1.jpg 550w, https:\/\/universofamilia.com\/wp-content\/uploads\/sites\/148\/2025\/10\/DESTAQUE-SITE-MUNDOSAPPS-16-1-300x191.jpg 300w, https:\/\/universofamilia.com\/wp-content\/uploads\/sites\/148\/2025\/10\/DESTAQUE-SITE-MUNDOSAPPS-16-1-18x12.jpg 18w\" sizes=\"(max-width: 550px) 100vw, 550px\" \/><figcaption class=\"wp-element-caption\">Canva<\/figcaption><\/figure><\/div>\n\n\n<p>B\u0151vebben:&nbsp;<a href=\"https:\/\/universofamilia.com\/hu\/los-paises-mas-avanzados-en-regulacion-de-ia-en-2025\/\">A mesters\u00e9ges intelligencia szab\u00e1lyoz\u00e1s\u00e1ban legfejlettebb orsz\u00e1gok 2025-ben<\/a><\/p>\n\n\n\n<h2 class=\"wp-block-heading\">Kock\u00e1zatok \u00e9s lehet\u0151s\u00e9gek a l\u00e1that\u00e1ron<\/h2>\n\n\n\n<p>A mesters\u00e9ges intelligencia szab\u00e1lyoz\u00e1sa nem csup\u00e1n korl\u00e1toz\u00e1s\u00e1t jelenti; lehet\u0151s\u00e9geket is teremt. Vil\u00e1gos szab\u00e1lyokkal a v\u00e1llalatok nagyobb magabiztoss\u00e1ggal innov\u00e1lhatnak. A polg\u00e1rok is jobban v\u00e9dettnek \u00e9rzik magukat a vissza\u00e9l\u00e9sekkel szemben.<\/p>\n\n\n\n<p>Egy friss p\u00e9lda a p\u00e9nz\u00fcgyi szektorb\u00f3l sz\u00e1rmazik: az eur\u00f3pai bankok szab\u00e1lyoz\u00f3i fel\u00fcgyelet mellett kezdt\u00e9k el haszn\u00e1lni a mesters\u00e9ges intelligenci\u00e1t a hitelmin\u0151s\u00edt\u00e9sekben.<\/p>\n\n\n\n<p>Ez az int\u00e9zked\u00e9s cs\u00f6kkentette a diszkrimin\u00e1ci\u00f3s v\u00e1dakat \u00e9s n\u00f6velte a fogyaszt\u00f3i bizalmat.<\/p>\n\n\n\n<p>De a kock\u00e1zatok nem t\u0171nnek el. Ezek k\u00f6z\u00e9 tartoznak:<\/p>\n\n\n\n<ul>\n<li>Algoritmikus torz\u00edt\u00e1sok, amelyek fenntartj\u00e1k az egyenl\u0151tlens\u00e9geket.<\/li>\n\n\n\n<li>Szem\u00e9lyes adatokkal val\u00f3 vissza\u00e9l\u00e9s.<\/li>\n\n\n\n<li>A k\u00f6zv\u00e9lem\u00e9ny manipul\u00e1l\u00e1sa dezinform\u00e1ci\u00f3 \u00fatj\u00e1n.<\/li>\n<\/ul>\n\n\n\n<h2 class=\"wp-block-heading\">Egy anal\u00f3gia a kih\u00edv\u00e1s meg\u00e9rt\u00e9s\u00e9hez<\/h2>\n\n\n\n<p>A jelenlegi helyzet hasonl\u00f3 a nukle\u00e1ris energia korai napjaihoz. Ez a technol\u00f3gia hatalmas potenci\u00e1llal rendelkezik, de megfelel\u0151 szab\u00e1lyoz\u00e1s n\u00e9lk\u00fcl glob\u00e1lis kock\u00e1zatot jelenthet. <\/p>\n\n\n\n<p>Akkoriban a nemzetk\u00f6zi szerz\u0151d\u00e9sek \u00e9s a nemzeti szab\u00e1lyoz\u00e1sok megakad\u00e1lyozt\u00e1k a nagyobb katasztr\u00f3f\u00e1kat. Ma a mesters\u00e9ges intelligencia hasonl\u00f3 dilemm\u00e1val n\u00e9z szembe: hogyan akn\u00e1zhatja ki \u00e1talak\u00edt\u00f3 erej\u00e9t az alapvet\u0151 jogok vesz\u00e9lyeztet\u00e9se n\u00e9lk\u00fcl.<\/p>\n\n\n\n<h2 class=\"wp-block-heading\">A mesters\u00e9ges intelligencia glob\u00e1lis ir\u00e1ny\u00edt\u00e1sa fel\u00e9<\/h2>\n\n\n\n<p>T\u00f6bboldal\u00fa f\u00f3rumokon, mint p\u00e9ld\u00e1ul a <strong>ENSZ<\/strong> \u00e9s a <strong>OECD<\/strong>A k\u00f6z\u00f6s szabv\u00e1nyok l\u00e9trehoz\u00e1s\u00e1r\u00f3l m\u00e1r folynak a t\u00e1rgyal\u00e1sok. A geopolitikai \u00e9rdekek azonban megnehez\u00edtik a konszenzus el\u00e9r\u00e9s\u00e9t.<\/p>\n\n\n\n<p>M\u00edg Eur\u00f3pa az emberi jogokat helyezi el\u0151t\u00e9rbe, K\u00edna a technol\u00f3giai szuverenit\u00e1st v\u00e9di, az Egyes\u00fclt \u00c1llamok pedig v\u00e1llalati vezet\u0151inek v\u00e9delm\u00e9re t\u00f6rekszik.<\/p>\n\n\n\n<p>A glob\u00e1lis mesters\u00e9ges intelligencia ir\u00e1ny\u00edt\u00e1sa a k\u00f6vetkez\u0151 \u00e9vtized egyik k\u00f6zponti t\u00e9m\u00e1ja lesz. Nem csak a helyi szab\u00e1lyokr\u00f3l van sz\u00f3, hanem a digit\u00e1lis kereskedelmet \u00e9s a tudom\u00e1nyos egy\u00fcttm\u0171k\u00f6d\u00e9st akad\u00e1lyoz\u00f3 sz\u00e9tt\u00f6redezetts\u00e9g elker\u00fcl\u00e9s\u00e9r\u0151l is.<\/p>\n\n\n\n<h2 class=\"wp-block-heading\">K\u00f6vetkeztet\u00e9s<\/h2>\n\n\n\n<p>A kapcsolat a kett\u0151 k\u00f6z\u00f6tt <strong><a href=\"https:\/\/universofamilia.com\/hu\/los-paises-mas-avanzados-en-regulacion-de-ia-en-2025\/\">Mesters\u00e9ges intelligencia<\/a> e-politika: hogyan szab\u00e1lyozz\u00e1k a korm\u00e1nyok a mesters\u00e9ges intelligenci\u00e1t a vil\u00e1gban<\/strong> m\u00e9lyrehat\u00f3 v\u00e1ltoz\u00e1st t\u00fckr\u00f6z az \u00e1llamok technol\u00f3giai innov\u00e1ci\u00f3hoz val\u00f3 hozz\u00e1\u00e1ll\u00e1s\u00e1ban.<\/p>\n\n\n\n<p>2025-re ezen eszk\u00f6z\u00f6k t\u00e1rsadalmi, gazdas\u00e1gi \u00e9s etikai hat\u00e1sait m\u00e1r nem lehet figyelmen k\u00edv\u00fcl hagyni.<\/p>\n\n\n\n<p>A kulcs az arany k\u00f6z\u00e9p\u00fat megtal\u00e1l\u00e1sa lesz: olyan szab\u00e1lyoz\u00e1s, amely v\u00e9d an\u00e9lk\u00fcl, hogy elfojtan\u00e1 a helyzetet, egy\u00e9rtelm\u0171 szab\u00e1lyok, amelyek el\u0151seg\u00edtik a bizalmat, \u00e9s egy glob\u00e1lis vita, amelybe mind a korm\u00e1nyok, mind a civil t\u00e1rsadalom beletartozik.<\/p>\n\n\n\n<p>Mert ha egy dolog biztos, az az, hogy a mesters\u00e9ges intelligencia tov\u00e1bbra is olyan \u00fctemben fogja \u00e1talak\u00edtani a mindennapi \u00e9letet, ami gyors \u00e9s felel\u0151ss\u00e9gteljes v\u00e1laszokat ig\u00e9nyel.<\/p>\n\n\n\n<p>B\u0151vebben:&nbsp;<a href=\"https:\/\/universofamilia.com\/hu\/lll-me-siento-sola-y-quiero-platicar-contigo-por-estos-apps-de-citas\/\">Mag\u00e1nyosnak \u00e9rzem magam, \u00e9s szeretn\u00e9k veled besz\u00e9lgetni ezeken a t\u00e1rskeres\u0151 alkalmaz\u00e1sokon kereszt\u00fcl.<\/a><\/p>\n\n\n\n<h2 class=\"wp-block-heading\">Gyakran Ism\u00e9telt K\u00e9rd\u00e9sek (GYIK)<\/h2>\n\n\n\n<p><strong>1. Mi\u00e9rt fontos a mesters\u00e9ges intelligencia szab\u00e1lyoz\u00e1sa?<\/strong><br>Mert egy\u00e9rtelm\u0171 szab\u00e1lyok n\u00e9lk\u00fcl a mesters\u00e9ges intelligencia diszkrimin\u00e1ci\u00f3hoz, adatv\u00e9delmi jogs\u00e9rt\u00e9sekhez vagy inform\u00e1ci\u00f3manipul\u00e1ci\u00f3hoz vezethet.<\/p>\n\n\n\n<p><strong>2. Mi a k\u00fcl\u00f6nbs\u00e9g az eur\u00f3pai \u00e9s az amerikai szab\u00e1lyoz\u00e1sok k\u00f6z\u00f6tt?<\/strong><br>Eur\u00f3p\u00e1ban k\u00f6telez\u0151 \u00e9rv\u00e9ny\u0171 szab\u00e1lyoz\u00e1sok vannak szankci\u00f3kkal egy\u00fctt, m\u00edg az Egyes\u00fclt \u00c1llamokban a nem k\u00f6telez\u0151 \u00e9rv\u00e9ny\u0171 ir\u00e1nyelvek \u00e9s a helyi szab\u00e1lyoz\u00e1sok domin\u00e1lnak.<\/p>\n\n\n\n<p><strong>3. Korl\u00e1tozza-e K\u00edna a generat\u00edv mesters\u00e9ges intelligencia haszn\u00e1lat\u00e1t?<\/strong><br>Igen. A k\u00ednai korm\u00e1ny szigor\u00faan szab\u00e1lyozza a mesters\u00e9ges intelligencia \u00e1ltal l\u00e9trehozott tartalmakat, \u00e9s a nemzetbiztons\u00e1ghoz k\u00f6ti azokat.<\/p>\n\n\n\n<p><strong>4. Mely latin-amerikai orsz\u00e1gok \u00e9rt\u00e9k el a legnagyobb el\u0151rel\u00e9p\u00e9st?<\/strong><br>Braz\u00edlia \u00e9s Mexik\u00f3 j\u00e1r az \u00e9len a t\u00f6rv\u00e9nyjavaslatokkal \u00e9s a speci\u00e1lis munkacsoportokkal.<\/p>\n\n\n\n<p><strong>5. Hogyan befoly\u00e1solja a szab\u00e1lyoz\u00e1s a mag\u00e1nszektort?<\/strong><br>A v\u00e1llalatoknak \u00e1tl\u00e1that\u00f3bb\u00e1 kell v\u00e1lniuk, de ugyanakkor meg kell nyerni\u00fck a fogyaszt\u00f3k bizalm\u00e1t \u00e9s hozz\u00e1f\u00e9r\u00e9st kell biztos\u00edtaniuk a glob\u00e1lis piacokhoz.<\/p>\n\n\n\n<p><strong>6. Vannak-e glob\u00e1lis szab\u00e1lyoz\u00e1si kezdem\u00e9nyez\u00e9sek?<\/strong><br>Igen, b\u00e1r m\u00e9g nincs k\u00f6telez\u0151 \u00e9rv\u00e9ny\u0171 meg\u00e1llapod\u00e1s, az ENSZ \u00e9s az OECD nemzetk\u00f6zi szabv\u00e1nyokon dolgozik.<\/p>\n\n\n\n<p><strong>7. A szab\u00e1lyoz\u00e1s akad\u00e1lyozhatja-e az innov\u00e1ci\u00f3t?<\/strong><br>A megk\u00f6zel\u00edt\u00e9st\u0151l f\u00fcgg. A kiegyens\u00falyozott szab\u00e1lyoz\u00e1s \u00f6szt\u00f6nzi a felel\u0151s innov\u00e1ci\u00f3t, m\u00edg a t\u00falzott ellen\u0151rz\u00e9s <\/p>\n\n\n\n<p><\/p>","protected":false},"excerpt":{"rendered":"<p>Inteligencia artificial y pol\u00edtica: es un tema que dej\u00f3 de ser exclusivo de conferencias acad\u00e9micas o debates t\u00e9cnicos; hoy atraviesa leyes, decisiones p\u00fablicas y hasta la geopol\u00edtica global. En 2025, los gobiernos enfrentan el reto de equilibrar la innovaci\u00f3n con la protecci\u00f3n de derechos ciudadanos, y cada regi\u00f3n adopta estrategias distintas. En este art\u00edculo encontrar\u00e1s [&hellip;]<\/p>","protected":false},"author":219,"featured_media":9753,"comment_status":"closed","ping_status":"open","sticky":false,"template":"","format":"standard","meta":{"footnotes":""},"categories":[4],"tags":[],"yoast_head":"<!-- This site is optimized with the Yoast SEO plugin v23.3 - https:\/\/yoast.com\/wordpress\/plugins\/seo\/ -->\n<title>Inteligencia artificial y pol\u00edtica - Universo Fam\u00edlia<\/title>\n<meta name=\"description\" content=\"Inteligencia artificial y pol\u00edtica: c\u00f3mo los gobiernos regulan la IA en todo el mundo es un tema que dej\u00f3 de ser exclusivo de conferencias...\" \/>\n<meta name=\"robots\" content=\"index, follow, max-snippet:-1, max-image-preview:large, max-video-preview:-1\" \/>\n<link rel=\"canonical\" href=\"https:\/\/universofamilia.com\/hu\/inteligencia-artificial-y-politica\/\" \/>\n<meta property=\"og:locale\" content=\"hu_HU\" \/>\n<meta property=\"og:type\" content=\"article\" \/>\n<meta property=\"og:title\" content=\"Inteligencia artificial y pol\u00edtica - Universo Fam\u00edlia\" \/>\n<meta property=\"og:description\" content=\"Inteligencia artificial y pol\u00edtica: c\u00f3mo los gobiernos regulan la IA en todo el mundo es un tema que dej\u00f3 de ser exclusivo de conferencias...\" \/>\n<meta property=\"og:url\" content=\"https:\/\/universofamilia.com\/hu\/inteligencia-artificial-y-politica\/\" \/>\n<meta property=\"og:site_name\" content=\"Universo Fam\u00edlia\" \/>\n<meta property=\"article:published_time\" content=\"2025-10-01T04:42:22+00:00\" \/>\n<meta property=\"article:modified_time\" content=\"2025-10-11T20:08:04+00:00\" \/>\n<meta property=\"og:image\" content=\"https:\/\/universofamilia.com\/wp-content\/uploads\/sites\/148\/2025\/09\/DESTAQUE-UNIVERSO-550-x-350-3.jpg\" \/>\n\t<meta property=\"og:image:width\" content=\"550\" \/>\n\t<meta property=\"og:image:height\" content=\"350\" \/>\n\t<meta property=\"og:image:type\" content=\"image\/jpeg\" \/>\n<meta name=\"author\" content=\"Matheus Sangaletti\" \/>\n<meta name=\"twitter:card\" content=\"summary_large_image\" \/>\n<meta name=\"twitter:label1\" content=\"Written by\" \/>\n\t<meta name=\"twitter:data1\" content=\"Matheus Sangaletti\" \/>\n\t<meta name=\"twitter:label2\" content=\"Est. reading time\" \/>\n\t<meta name=\"twitter:data2\" content=\"8 perc\" \/>\n<script type=\"application\/ld+json\" class=\"yoast-schema-graph\">{\"@context\":\"https:\/\/schema.org\",\"@graph\":[{\"@type\":\"WebPage\",\"@id\":\"https:\/\/universofamilia.com\/nl\/inteligencia-artificial-y-politica\/\",\"url\":\"https:\/\/universofamilia.com\/nl\/inteligencia-artificial-y-politica\/\",\"name\":\"Inteligencia artificial y pol\u00edtica - Universo Fam\u00edlia\",\"isPartOf\":{\"@id\":\"https:\/\/universofamilia.com\/el\/#website\"},\"primaryImageOfPage\":{\"@id\":\"https:\/\/universofamilia.com\/nl\/inteligencia-artificial-y-politica\/#primaryimage\"},\"image\":{\"@id\":\"https:\/\/universofamilia.com\/nl\/inteligencia-artificial-y-politica\/#primaryimage\"},\"thumbnailUrl\":\"https:\/\/universofamilia.com\/wp-content\/uploads\/sites\/148\/2025\/09\/DESTAQUE-UNIVERSO-550-x-350-3.jpg\",\"datePublished\":\"2025-10-01T04:42:22+00:00\",\"dateModified\":\"2025-10-11T20:08:04+00:00\",\"author\":{\"@id\":\"https:\/\/universofamilia.com\/el\/#\/schema\/person\/92fcd07e9b1f4323bf74f3170fc0f78a\"},\"description\":\"Inteligencia artificial y pol\u00edtica: c\u00f3mo los gobiernos regulan la IA en todo el mundo es un tema que dej\u00f3 de ser exclusivo de conferencias...\",\"breadcrumb\":{\"@id\":\"https:\/\/universofamilia.com\/nl\/inteligencia-artificial-y-politica\/#breadcrumb\"},\"inLanguage\":\"hu\",\"potentialAction\":[{\"@type\":\"ReadAction\",\"target\":[\"https:\/\/universofamilia.com\/nl\/inteligencia-artificial-y-politica\/\"]}]},{\"@type\":\"ImageObject\",\"inLanguage\":\"hu\",\"@id\":\"https:\/\/universofamilia.com\/nl\/inteligencia-artificial-y-politica\/#primaryimage\",\"url\":\"https:\/\/universofamilia.com\/wp-content\/uploads\/sites\/148\/2025\/09\/DESTAQUE-UNIVERSO-550-x-350-3.jpg\",\"contentUrl\":\"https:\/\/universofamilia.com\/wp-content\/uploads\/sites\/148\/2025\/09\/DESTAQUE-UNIVERSO-550-x-350-3.jpg\",\"width\":550,\"height\":350},{\"@type\":\"BreadcrumbList\",\"@id\":\"https:\/\/universofamilia.com\/nl\/inteligencia-artificial-y-politica\/#breadcrumb\",\"itemListElement\":[{\"@type\":\"ListItem\",\"position\":1,\"name\":\"Home\",\"item\":\"https:\/\/universofamilia.com\/el\/\"},{\"@type\":\"ListItem\",\"position\":2,\"name\":\"Inteligencia artificial y pol\u00edtica\"}]},{\"@type\":\"WebSite\",\"@id\":\"https:\/\/universofamilia.com\/el\/#website\",\"url\":\"https:\/\/universofamilia.com\/el\/\",\"name\":\"Universo Fam\u00edlia\",\"description\":\"\",\"potentialAction\":[{\"@type\":\"SearchAction\",\"target\":{\"@type\":\"EntryPoint\",\"urlTemplate\":\"https:\/\/universofamilia.com\/el\/?s={search_term_string}\"},\"query-input\":\"required name=search_term_string\"}],\"inLanguage\":\"hu\"},{\"@type\":\"Person\",\"@id\":\"https:\/\/universofamilia.com\/el\/#\/schema\/person\/92fcd07e9b1f4323bf74f3170fc0f78a\",\"name\":\"Matheus Sangaletti\",\"image\":{\"@type\":\"ImageObject\",\"inLanguage\":\"hu\",\"@id\":\"https:\/\/universofamilia.com\/el\/#\/schema\/person\/image\/\",\"url\":\"https:\/\/secure.gravatar.com\/avatar\/280ea957a14a48e6a1ad2133d2cc27c9?s=96&d=mm&r=g\",\"contentUrl\":\"https:\/\/secure.gravatar.com\/avatar\/280ea957a14a48e6a1ad2133d2cc27c9?s=96&d=mm&r=g\",\"caption\":\"Matheus Sangaletti\"},\"url\":\"https:\/\/universofamilia.com\/hu\/author\/matheuss\/\"}]}<\/script>\n<!-- \/ Yoast SEO plugin. -->","yoast_head_json":{"title":"Inteligencia artificial y pol\u00edtica - Universo Fam\u00edlia","description":"Inteligencia artificial y pol\u00edtica: c\u00f3mo los gobiernos regulan la IA en todo el mundo es un tema que dej\u00f3 de ser exclusivo de conferencias...","robots":{"index":"index","follow":"follow","max-snippet":"max-snippet:-1","max-image-preview":"max-image-preview:large","max-video-preview":"max-video-preview:-1"},"canonical":"https:\/\/universofamilia.com\/hu\/inteligencia-artificial-y-politica\/","og_locale":"hu_HU","og_type":"article","og_title":"Inteligencia artificial y pol\u00edtica - Universo Fam\u00edlia","og_description":"Inteligencia artificial y pol\u00edtica: c\u00f3mo los gobiernos regulan la IA en todo el mundo es un tema que dej\u00f3 de ser exclusivo de conferencias...","og_url":"https:\/\/universofamilia.com\/hu\/inteligencia-artificial-y-politica\/","og_site_name":"Universo Fam\u00edlia","article_published_time":"2025-10-01T04:42:22+00:00","article_modified_time":"2025-10-11T20:08:04+00:00","og_image":[{"width":550,"height":350,"url":"https:\/\/universofamilia.com\/wp-content\/uploads\/sites\/148\/2025\/09\/DESTAQUE-UNIVERSO-550-x-350-3.jpg","type":"image\/jpeg"}],"author":"Matheus Sangaletti","twitter_card":"summary_large_image","twitter_misc":{"Written by":"Matheus Sangaletti","Est. reading time":"8 perc"},"schema":{"@context":"https:\/\/schema.org","@graph":[{"@type":"WebPage","@id":"https:\/\/universofamilia.com\/nl\/inteligencia-artificial-y-politica\/","url":"https:\/\/universofamilia.com\/nl\/inteligencia-artificial-y-politica\/","name":"Inteligencia artificial y pol\u00edtica - Universo Fam\u00edlia","isPartOf":{"@id":"https:\/\/universofamilia.com\/el\/#website"},"primaryImageOfPage":{"@id":"https:\/\/universofamilia.com\/nl\/inteligencia-artificial-y-politica\/#primaryimage"},"image":{"@id":"https:\/\/universofamilia.com\/nl\/inteligencia-artificial-y-politica\/#primaryimage"},"thumbnailUrl":"https:\/\/universofamilia.com\/wp-content\/uploads\/sites\/148\/2025\/09\/DESTAQUE-UNIVERSO-550-x-350-3.jpg","datePublished":"2025-10-01T04:42:22+00:00","dateModified":"2025-10-11T20:08:04+00:00","author":{"@id":"https:\/\/universofamilia.com\/el\/#\/schema\/person\/92fcd07e9b1f4323bf74f3170fc0f78a"},"description":"Inteligencia artificial y pol\u00edtica: c\u00f3mo los gobiernos regulan la IA en todo el mundo es un tema que dej\u00f3 de ser exclusivo de conferencias...","breadcrumb":{"@id":"https:\/\/universofamilia.com\/nl\/inteligencia-artificial-y-politica\/#breadcrumb"},"inLanguage":"hu","potentialAction":[{"@type":"ReadAction","target":["https:\/\/universofamilia.com\/nl\/inteligencia-artificial-y-politica\/"]}]},{"@type":"ImageObject","inLanguage":"hu","@id":"https:\/\/universofamilia.com\/nl\/inteligencia-artificial-y-politica\/#primaryimage","url":"https:\/\/universofamilia.com\/wp-content\/uploads\/sites\/148\/2025\/09\/DESTAQUE-UNIVERSO-550-x-350-3.jpg","contentUrl":"https:\/\/universofamilia.com\/wp-content\/uploads\/sites\/148\/2025\/09\/DESTAQUE-UNIVERSO-550-x-350-3.jpg","width":550,"height":350},{"@type":"BreadcrumbList","@id":"https:\/\/universofamilia.com\/nl\/inteligencia-artificial-y-politica\/#breadcrumb","itemListElement":[{"@type":"ListItem","position":1,"name":"Home","item":"https:\/\/universofamilia.com\/el\/"},{"@type":"ListItem","position":2,"name":"Inteligencia artificial y pol\u00edtica"}]},{"@type":"WebSite","@id":"https:\/\/universofamilia.com\/el\/#website","url":"https:\/\/universofamilia.com\/el\/","name":"Universo Fam\u00edlia","description":"","potentialAction":[{"@type":"SearchAction","target":{"@type":"EntryPoint","urlTemplate":"https:\/\/universofamilia.com\/el\/?s={search_term_string}"},"query-input":"required name=search_term_string"}],"inLanguage":"hu"},{"@type":"Person","@id":"https:\/\/universofamilia.com\/el\/#\/schema\/person\/92fcd07e9b1f4323bf74f3170fc0f78a","name":"Matheus Sangaletti","image":{"@type":"ImageObject","inLanguage":"hu","@id":"https:\/\/universofamilia.com\/el\/#\/schema\/person\/image\/","url":"https:\/\/secure.gravatar.com\/avatar\/280ea957a14a48e6a1ad2133d2cc27c9?s=96&d=mm&r=g","contentUrl":"https:\/\/secure.gravatar.com\/avatar\/280ea957a14a48e6a1ad2133d2cc27c9?s=96&d=mm&r=g","caption":"Matheus Sangaletti"},"url":"https:\/\/universofamilia.com\/hu\/author\/matheuss\/"}]}},"_links":{"self":[{"href":"https:\/\/universofamilia.com\/hu\/wp-json\/wp\/v2\/posts\/9758"}],"collection":[{"href":"https:\/\/universofamilia.com\/hu\/wp-json\/wp\/v2\/posts"}],"about":[{"href":"https:\/\/universofamilia.com\/hu\/wp-json\/wp\/v2\/types\/post"}],"author":[{"embeddable":true,"href":"https:\/\/universofamilia.com\/hu\/wp-json\/wp\/v2\/users\/219"}],"replies":[{"embeddable":true,"href":"https:\/\/universofamilia.com\/hu\/wp-json\/wp\/v2\/comments?post=9758"}],"version-history":[{"count":6,"href":"https:\/\/universofamilia.com\/hu\/wp-json\/wp\/v2\/posts\/9758\/revisions"}],"predecessor-version":[{"id":9947,"href":"https:\/\/universofamilia.com\/hu\/wp-json\/wp\/v2\/posts\/9758\/revisions\/9947"}],"wp:featuredmedia":[{"embeddable":true,"href":"https:\/\/universofamilia.com\/hu\/wp-json\/wp\/v2\/media\/9753"}],"wp:attachment":[{"href":"https:\/\/universofamilia.com\/hu\/wp-json\/wp\/v2\/media?parent=9758"}],"wp:term":[{"taxonomy":"category","embeddable":true,"href":"https:\/\/universofamilia.com\/hu\/wp-json\/wp\/v2\/categories?post=9758"},{"taxonomy":"post_tag","embeddable":true,"href":"https:\/\/universofamilia.com\/hu\/wp-json\/wp\/v2\/tags?post=9758"}],"curies":[{"name":"wp","href":"https:\/\/api.w.org\/{rel}","templated":true}]}}