{"id":9763,"date":"2025-10-01T01:42:15","date_gmt":"2025-10-01T04:42:15","guid":{"rendered":"https:\/\/universofamilia.com\/?p=9763"},"modified":"2025-10-11T17:11:21","modified_gmt":"2025-10-11T20:11:21","slug":"los-paises-mas-avanzados-en-regulacion-de-ia-en-2025","status":"publish","type":"post","link":"https:\/\/universofamilia.com\/hu\/los-paises-mas-avanzados-en-regulacion-de-ia-en-2025\/","title":{"rendered":"A mesters\u00e9ges intelligencia szab\u00e1lyoz\u00e1s\u00e1ban legfejlettebb orsz\u00e1gok 2025-ben"},"content":{"rendered":"<p class=\"has-text-align-center\"><strong>A mesters\u00e9ges intelligencia szab\u00e1lyoz\u00e1s\u00e1ban legfejlettebb orsz\u00e1gok 2025-ben<\/strong> Egy olyan vita f\u0151szerepl\u0151iv\u00e9 v\u00e1ltak, amely nemcsak technol\u00f3giai, hanem politikai, gazdas\u00e1gi \u00e9s etikai jelleg\u0171 is.<\/p>\n\n\n<div class=\"wp-block-image\">\n<figure class=\"aligncenter size-full\"><img loading=\"lazy\" decoding=\"async\" width=\"550\" height=\"350\" src=\"https:\/\/universofamilia.com\/wp-content\/uploads\/sites\/148\/2025\/10\/DESTAQUE-UNIVERSO-550-x-350-1-1.jpg\" alt=\"\" class=\"wp-image-9765\" srcset=\"https:\/\/universofamilia.com\/wp-content\/uploads\/sites\/148\/2025\/10\/DESTAQUE-UNIVERSO-550-x-350-1-1.jpg 550w, https:\/\/universofamilia.com\/wp-content\/uploads\/sites\/148\/2025\/10\/DESTAQUE-UNIVERSO-550-x-350-1-1-300x191.jpg 300w, https:\/\/universofamilia.com\/wp-content\/uploads\/sites\/148\/2025\/10\/DESTAQUE-UNIVERSO-550-x-350-1-1-18x12.jpg 18w\" sizes=\"(max-width: 550px) 100vw, 550px\" \/><figcaption class=\"wp-element-caption\">Canva<\/figcaption><\/figure><\/div>\n\n\n<p>A korm\u00e1nyok mesters\u00e9ges intelligencia szab\u00e1lyoz\u00e1s\u00e1nak m\u00f3dja jelenti a k\u00fcl\u00f6nbs\u00e9get a felel\u0151s innov\u00e1ci\u00f3 j\u00f6v\u0151je \u00e9s az ellen\u0151rizetlen kock\u00e1zatok j\u00f6v\u0151je k\u00f6z\u00f6tt.<\/p>\n\n\n\n<p>Ebben a cikkben felfedezheted:<\/p>\n\n\n\n<ul>\n<li>Mely r\u00e9gi\u00f3k j\u00e1rnak \u00e9len a mesters\u00e9ges intelligenci\u00e1val kapcsolatos t\u00f6rv\u00e9nyek \u00e9s szab\u00e1lyoz\u00e1si keretek l\u00e9trehoz\u00e1s\u00e1ban?<\/li>\n\n\n\n<li>Miben k\u00fcl\u00f6nb\u00f6znek Eur\u00f3pa, az Egyes\u00fclt \u00c1llamok, K\u00edna \u00e9s Latin-Amerika strat\u00e9gi\u00e1i?<\/li>\n\n\n\n<li>Mi\u00e9rt jelentenek a szab\u00e1lyoz\u00e1sok nem akad\u00e1lyt, hanem lehet\u0151s\u00e9get?<\/li>\n\n\n\n<li>Konkr\u00e9t p\u00e9ld\u00e1k, amelyek illusztr\u00e1lj\u00e1k a t\u00e1rsadalomra gyakorolt val\u00f3s hat\u00e1st.<\/li>\n\n\n\n<li>V\u00e1laszok a t\u00e9m\u00e1val kapcsolatos leggyakrabban feltett k\u00e9rd\u00e9sekre.<\/li>\n<\/ul>\n\n\n\n<h2 class=\"wp-block-heading\">A mesters\u00e9ges intelligencia szab\u00e1lyoz\u00e1s\u00e1nak sz\u00fcks\u00e9gess\u00e9ge<\/h2>\n\n\n\n<p>A mesters\u00e9ges intelligencia minden ter\u00fcletre elterjedt: az eg\u00e9szs\u00e9g\u00fcgyre, a k\u00f6zleked\u00e9sre, az igazs\u00e1gszolg\u00e1ltat\u00e1sra, az oktat\u00e1sra, s\u0151t m\u00e9g a v\u00e1laszt\u00e1si folyamatokra is.<\/p>\n\n\n\n<p>Hat\u00e1sa egyszerre lelkesed\u00e9st \u00e9s aggodalmat kelt. A k\u00f6zponti k\u00e9rd\u00e9s az, hogyan biztos\u00edthat\u00f3, hogy a t\u00e1rsadalom jav\u00e1t szolg\u00e1lja an\u00e9lk\u00fcl, hogy fenyeget\u00e9st jelentene.<\/p>\n\n\n\n<p>2024 \u00f3ta az Eur\u00f3pai Uni\u00f3 t\u00f6rt\u00e9nelmi l\u00e9p\u00e9st tett azzal, hogy j\u00f3v\u00e1hagyta a <strong>Mesters\u00e9ges Intelligencia T\u00f6rv\u00e9ny (MI-t\u00f6rv\u00e9ny)<\/strong>, amelyet a vil\u00e1g legfejlettebb szab\u00e1lyoz\u00e1si keretrendszer\u00e9nek tartanak. <\/p>\n\n\n\n<p>Kock\u00e1zatalap\u00fa megk\u00f6zel\u00edt\u00e9se a rendszerszint\u0171 k\u00e1rok lehet\u0151s\u00e9ge alapj\u00e1n k\u00fcl\u00f6nb\u00f6z\u0151 fel\u00fcgyeleti szinteket hat\u00e1roz meg, s\u00falyos b\u00fcntet\u00e9sekkel s\u00fajtva azokat a v\u00e1llalatokat, amelyek nem tartj\u00e1k be a szab\u00e1lyokat.<\/p>\n\n\n\n<h2 class=\"wp-block-heading\">Eur\u00f3pa: glob\u00e1lis referenciamodell<\/h2>\n\n\n\n<p>Az EU vezeti a list\u00e1t <strong>A mesters\u00e9ges intelligencia szab\u00e1lyoz\u00e1s\u00e1ban legfejlettebb orsz\u00e1gok 2025-ben<\/strong> egy olyan j\u00f6v\u0151k\u00e9pnek k\u00f6sz\u00f6nhet\u0151en, amely \u00f6tv\u00f6zi az innov\u00e1ci\u00f3t \u00e9s az alapvet\u0151 jogokat.<\/p>\n\n\n\n<p>A mesters\u00e9ges intelligencia t\u00f6rv\u00e9nye n\u00e9gy kateg\u00f3ri\u00e1ba sorolja a mesters\u00e9ges intelligencia alkalmaz\u00e1sokat: minim\u00e1lis kock\u00e1zat\u00fa, korl\u00e1tozott kock\u00e1zat\u00fa, magas kock\u00e1zat\u00fa \u00e9s tiltott kock\u00e1zat\u00fa.<\/p>\n\n\n\n<p>Egy szeml\u00e9ltet\u0151 p\u00e9lda: a nyilv\u00e1nos helyeken tal\u00e1lhat\u00f3 arcfelismer\u0151 rendszereket korl\u00e1tozt\u00e1k a mag\u00e1n\u00e9lettel \u00e9s a t\u00f6meges megfigyel\u00e9ssel kapcsolatos aggodalmak miatt.<\/p>\n\n\n\n<p>M\u00e1sr\u00e9szr\u0151l a mesters\u00e9ges intelligencia \u00e1ltal vez\u00e9relt orvosi diagnosztikai eszk\u00f6z\u00f6k megengedettek, de szigor\u00fa \u00e1tl\u00e1that\u00f3s\u00e1gi \u00e9s biztons\u00e1gi ellen\u0151rz\u00e9sek mellett.<\/p>\n\n\n\n<h2 class=\"wp-block-heading\">Egyes\u00fclt \u00c1llamok: sz\u00e9ttagolt, de strat\u00e9giai szab\u00e1lyoz\u00e1s<\/h2>\n\n\n\n<p>Eur\u00f3p\u00e1val ellent\u00e9tben az amerikai megk\u00f6zel\u00edt\u00e9s nem egyetlen t\u00f6rv\u00e9nyen alapul. Az orsz\u00e1g sz\u00f6vets\u00e9gi ir\u00e1nyelveket \u00e9s konkr\u00e9t \u00e1llami szab\u00e1lyoz\u00e1sokat v\u00e1lasztott.<\/p>\n\n\n\n<p>A Feh\u00e9r H\u00e1z 2022-ben tette k\u00f6zz\u00e9 a <strong>Tervrajz a mesters\u00e9ges intelligencia jogair\u00f3l sz\u00f3l\u00f3 t\u00f6rv\u00e9nyjavaslathoz<\/strong>, amely b\u00e1r nem k\u00f6telez\u0151 \u00e9rv\u00e9ny\u0171, orsz\u00e1gos vit\u00e1t ind\u00edtott a digit\u00e1lis jogokr\u00f3l.<\/p>\n\n\n\n<p>2025-ben t\u00f6bb \u00e1llam is bevezette saj\u00e1t szab\u00e1lyoz\u00e1s\u00e1t. Kalifornia p\u00e9ld\u00e1ul el\u0151\u00edrja a v\u00e1llalatok sz\u00e1m\u00e1ra, hogy bizony\u00edts\u00e1k, hogy \u00e1ll\u00e1stoborz\u00e1si algoritmusaik nem tesznek k\u00fcl\u00f6nbs\u00e9get nem vagy faj alapj\u00e1n.<\/p>\n\n\n\n<p>Ez a szab\u00e1lyoz\u00e1si soksz\u00edn\u0171s\u00e9g egy rugalmasabb modellt t\u00fckr\u00f6z, de egyben olyat is, amelynek harmoniz\u00e1l\u00e1sa \u00f6sszetettebb.<\/p>\n\n\n\n<h2 class=\"wp-block-heading\">K\u00edna: ellen\u0151rz\u00e9s \u00e9s fejl\u0151d\u00e9s egyszerre<\/h2>\n\n\n\n<p>A k\u00ednai eset egyed\u00fcl\u00e1ll\u00f3. Peking a szigor\u00fa politikai kontrollt a technol\u00f3giai ipar ambici\u00f3zus fejleszt\u00e9s\u00e9vel \u00f6tv\u00f6zi. <\/p>\n\n\n\n<p>2023 \u00f3ta szigor\u00fa szab\u00e1lyokat vezetett be a digit\u00e1lis platformokon a generat\u00edv mesters\u00e9ges intelligenci\u00e1ra \u00e9s az aj\u00e1nl\u00f3algoritmusokra vonatkoz\u00f3an.<\/p>\n\n\n\n<p>2025-ben az egyik ilyen szervezett\u00e9 konszolid\u00e1lt\u00e1k. <strong>A mesters\u00e9ges intelligencia szab\u00e1lyoz\u00e1s\u00e1ban legfejlettebb orsz\u00e1gok 2025-ben<\/strong>, b\u00e1r m\u00e1s megk\u00f6zel\u00edt\u00e9ssel: korl\u00e1tozva a \u201enemzetbiztons\u00e1gi szempontb\u00f3l\u201d \u00e9rz\u00e9kenynek \u00edt\u00e9lt tartalmakat, mik\u00f6zben egyidej\u0171leg er\u0151s\u00edti a helyi startupokat \u00e9s a tech\u00f3ri\u00e1sokat.<\/p>\n\n\n\n<h2 class=\"wp-block-heading\">Latin-Amerika: egyenetlen fejl\u0151d\u00e9s<\/h2>\n\n\n\n<p>A r\u00e9gi\u00f3 halad, de egyenetlen\u00fcl. Braz\u00edlia 2023 \u00f3ta t\u00e1rgyal egy eur\u00f3pai modell ihlette jogi keretrendszerr\u0151l. Mexik\u00f3 ezzel szemben l\u00e9trehozott tan\u00e1csad\u00f3 test\u00fcleteket \u00e9s kezdeti ir\u00e1nyelveket, b\u00e1r m\u00e9g mindig hi\u00e1nyzik egy \u00e1tfog\u00f3 t\u00f6rv\u00e9ny.<\/p>\n\n\n\n<p>A f\u0151 kih\u00edv\u00e1st az infrastrukt\u00fara \u00e9s az er\u0151forr\u00e1sok hi\u00e1nya jelenti. Egyre t\u00f6bb korm\u00e1nyzat azonban felismeri, hogy egy\u00e9rtelm\u0171 szab\u00e1lyoz\u00e1s n\u00e9lk\u00fcl fenn\u00e1ll a vesz\u00e9lye annak, hogy lemaradnak az innov\u00e1ci\u00f3ban, \u00e9s sebezhet\u0151v\u00e9 v\u00e1lnak a szem\u00e9lyes adatokkal val\u00f3 vissza\u00e9l\u00e9snek.<\/p>\n\n\n\n<h2 class=\"wp-block-heading\">Szab\u00e1lyoz\u00e1si megk\u00f6zel\u00edt\u00e9sek \u00f6sszehasonl\u00edt\u00f3 t\u00e1bl\u00e1zata<\/h2>\n\n\n\n<figure class=\"wp-block-table\"><table><thead><tr><th>R\u00e9gi\u00f3 \/ Orsz\u00e1g<\/th><th>Kulcs\u00e9v<\/th><th>F\u0151 f\u00f3kusz<\/th><th>Jellemz\u0151k<\/th><\/tr><\/thead><tbody><tr><td>Eur\u00f3pai Uni\u00f3<\/td><td>2024-2025<\/td><td>K\u00f6telez\u0151 erej\u0171 jogszab\u00e1ly<\/td><td>Kock\u00e1zati besorol\u00e1s, s\u00falyos b\u00fcntet\u00e9sek, k\u00f6telez\u0151 \u00e1tl\u00e1that\u00f3s\u00e1g<\/td><\/tr><tr><td>Egyes\u00fclt \u00c1llamok<\/td><td>2022-2025<\/td><td>\u00c1llami szab\u00e1lyoz\u00e1sok<\/td><td>Fragment\u00e1ci\u00f3, jogokon alapul\u00f3, \u00fczleti rugalmass\u00e1g<\/td><\/tr><tr><td>K\u00edna<\/td><td>2023-2025<\/td><td>\u00c1llami ellen\u0151rz\u00e9s<\/td><td>Tartalomszab\u00e1lyoz\u00e1s, helyi innov\u00e1ci\u00f3 t\u00e1mogat\u00e1sa<\/td><\/tr><tr><td>Latin-Amerika<\/td><td>2023-2025<\/td><td>Hibrid modellek<\/td><td>Az EU-t\u00f3l mer\u00edtve, m\u00e9g mindig vita \u00e9s fejleszt\u00e9s alatt \u00e1ll<\/td><\/tr><\/tbody><\/table><figcaption class=\"wp-element-caption\">Azok az orsz\u00e1gok, amelyek 2025-re a legfejlettebbek a mesters\u00e9ges intelligencia szab\u00e1lyoz\u00e1s\u00e1ban<\/figcaption><\/figure>\n\n\n<div class=\"wp-block-image\">\n<figure class=\"aligncenter size-full\"><img loading=\"lazy\" decoding=\"async\" width=\"550\" height=\"350\" src=\"https:\/\/universofamilia.com\/wp-content\/uploads\/sites\/148\/2025\/10\/DESTAQUE-UNIVERSO-550-x-350-2.jpg\" alt=\"\" class=\"wp-image-9766\" srcset=\"https:\/\/universofamilia.com\/wp-content\/uploads\/sites\/148\/2025\/10\/DESTAQUE-UNIVERSO-550-x-350-2.jpg 550w, https:\/\/universofamilia.com\/wp-content\/uploads\/sites\/148\/2025\/10\/DESTAQUE-UNIVERSO-550-x-350-2-300x191.jpg 300w, https:\/\/universofamilia.com\/wp-content\/uploads\/sites\/148\/2025\/10\/DESTAQUE-UNIVERSO-550-x-350-2-18x12.jpg 18w\" sizes=\"(max-width: 550px) 100vw, 550px\" \/><figcaption class=\"wp-element-caption\">Canva<\/figcaption><\/figure><\/div>\n\n\n<p>B\u0151vebben:&nbsp;<a href=\"https:\/\/universofamilia.com\/hu\/inteligencia-artificial-y-politica\/\">Mesters\u00e9ges intelligencia \u00e9s politika: Hogyan szab\u00e1lyozz\u00e1k a korm\u00e1nyok a mesters\u00e9ges intelligenci\u00e1t vil\u00e1gszerte?<\/a><\/p>\n\n\n\n<h2 class=\"wp-block-heading\">Egy t\u00e9ny, amit nem lehet figyelmen k\u00edv\u00fcl hagyni<\/h2>\n\n\n\n<p>A szerint <strong>A Stanford Egyetem 2024-es mesters\u00e9ges intelligencia indexe<\/strong>, t\u00f6bb mint <strong>70% az ENSZ orsz\u00e1gaib\u00f3l<\/strong> m\u00e1r 2025 el\u0151tt kidolgoztak szab\u00e1lyoz\u00e1si projekteket vagy etikai keretrendszereket a mesters\u00e9ges intelligenci\u00e1val kapcsolatban.<\/p>\n\n\n\n<p>Ezek az adatok meger\u0151s\u00edtik, hogy a tendencia glob\u00e1lis, \u00e9s nem elszigetelt vit\u00e1r\u00f3l van sz\u00f3.<\/p>\n\n\n\n<h2 class=\"wp-block-heading\">A szab\u00e1lyoz\u00e1s el\u0151nyei az innov\u00e1ci\u00f3 lass\u00edt\u00e1sa n\u00e9lk\u00fcl<\/h2>\n\n\n\n<p>A j\u00f3l megtervezett szab\u00e1lyoz\u00e1sok nem akad\u00e1lyozz\u00e1k a fejl\u0151d\u00e9st, hanem legitimit\u00e1st adnak neki. Az etikai norm\u00e1kat betart\u00f3 v\u00e1llalatok hiteless\u00e9get \u00e9s hozz\u00e1f\u00e9r\u00e9st nyernek a nemzetk\u00f6zi piacokhoz.<\/p>\n\n\n\n<p>P\u00e9lda: Az eur\u00f3pai bankszektorban a hitelalgoritmusokra vonatkoz\u00f3 szab\u00e1lyok n\u00f6velt\u00e9k a polg\u00e1rok bizalm\u00e1t az\u00e1ltal, hogy cs\u00f6kkentett\u00e9k a hitelez\u00e9s sor\u00e1n a diszkrimin\u00e1ci\u00f3t.<\/p>\n\n\n\n<p>A szab\u00e1lyoz\u00e1s a kock\u00e1zatok el\u0151rejelz\u00e9s\u00e9ben is seg\u00edt. Az elfogults\u00e1g, a mag\u00e1n\u00e9let megs\u00e9rt\u00e9se \u00e9s a politikai manipul\u00e1ci\u00f3 olyan forgat\u00f3k\u00f6nyvek, amelyeket csak szil\u00e1rd jogi keretrendszerrel lehet enyh\u00edteni.<\/p>\n\n\n\n<h2 class=\"wp-block-heading\">Egy anal\u00f3gia a pillanat meg\u00e9rt\u00e9s\u00e9hez<\/h2>\n\n\n\n<p>A mesters\u00e9ges intelligenci\u00e1t a 19. sz\u00e1zadi elektromoss\u00e1ghoz lehet hasonl\u00edtani. A benne rejl\u0151 potenci\u00e1l eg\u00e9sz ipar\u00e1gakat \u00e1talak\u00edtott, de megfelel\u0151 szab\u00e1lyoz\u00e1s n\u00e9lk\u00fcl balesetekhez \u00e9s egyenl\u0151tlens\u00e9gekhez vezetett.<\/p>\n\n\n\n<p>Ma a mesters\u00e9ges intelligencia hasonl\u00f3 szakaszban van: olyan szab\u00e1lyoz\u00e1sokra van sz\u00fcks\u00e9ge, amelyek biztos\u00edtj\u00e1k a biztons\u00e1gos \u00e9s tisztess\u00e9ges haszn\u00e1latot.<\/p>\n\n\n\n<h2 class=\"wp-block-heading\">Nemzetk\u00f6zi korm\u00e1nyz\u00e1s: egy f\u00fcgg\u0151ben l\u00e9v\u0151 kih\u00edv\u00e1s<\/h2>\n\n\n\n<p>B\u00e1r konszenzus van a szab\u00e1lyok sz\u00fcks\u00e9gess\u00e9g\u00e9r\u0151l, hi\u00e1nyzik a glob\u00e1lis koordin\u00e1ci\u00f3. Az ENSZ, az OECD \u00e9s a G7 ind\u00edtott kezdem\u00e9nyez\u00e9seket, de a geopolitikai k\u00fcl\u00f6nbs\u00e9gek megnehez\u00edtik egy egyetemes keretrendszer l\u00e9trehoz\u00e1s\u00e1t.<\/p>\n\n\n\n<p>M\u00edg Eur\u00f3pa a polg\u00e1ri jogokat helyezi el\u0151t\u00e9rbe, K\u00edna a technol\u00f3giai szuverenit\u00e1st v\u00e9di, az Egyes\u00fclt \u00c1llamok pedig az \u00fczleti versenyk\u00e9pess\u00e9get.<\/p>\n\n\n\n<p>Latin-Amerika igyekszik a glob\u00e1lis norm\u00e1khoz igazodni an\u00e9lk\u00fcl, hogy fel\u00e1ldozn\u00e1 saj\u00e1t t\u00e1rsadalmi sz\u00fcks\u00e9gleteit.<\/p>\n\n\n\n<h2 class=\"wp-block-heading\">K\u00f6vetkeztet\u00e9s<\/h2>\n\n\n\n<p>Az elemz\u00e9s <strong>A mesters\u00e9ges intelligencia szab\u00e1lyoz\u00e1s\u00e1ban legfejlettebb orsz\u00e1gok 2025-ben<\/strong> azt mutatja, hogy nincs egyetlen \u00fat.<\/p>\n\n\n\n<p>Eur\u00f3pa szigor\u00fa t\u00f6rv\u00e9nyekkel halad el\u0151re, az Egyes\u00fclt \u00c1llamok a szab\u00e1lyoz\u00e1sok egyveleg\u00e9t r\u00e9szes\u00edti el\u0151nyben, K\u00edna az \u00e1llami ellen\u0151rz\u00e9st szorgalmazza, Latin-Amerika pedig a nemzetk\u00f6zi m\u00e9rc\u00e9k \u00e1ltal inspir\u00e1lt saj\u00e1t modellt keresi.<\/p>\n\n\n\n<p>A mesters\u00e9ges intelligencia szab\u00e1lyoz\u00e1sa nem egy lehet\u0151s\u00e9g, hanem t\u00f6rt\u00e9nelmi k\u00f6teless\u00e9g. A k\u00f6zponti k\u00e9rd\u00e9s nem az, hogy kell-e szab\u00e1lyozni, hanem az, hogy hogyan tegy\u00fck ezt \u00fagy, hogy garant\u00e1ljuk a jogokat, el\u0151seg\u00edts\u00fck az innov\u00e1ci\u00f3t \u00e9s megb\u00edzhat\u00f3 digit\u00e1lis j\u00f6v\u0151t biztos\u00edtsunk mindenki sz\u00e1m\u00e1ra.<\/p>\n\n\n\n<p>B\u0151vebben:&nbsp;<a href=\"https:\/\/universofamilia.com\/hu\/lll-me-siento-sola-y-quiero-platicar-contigo-por-estos-apps-de-citas\/\">Mag\u00e1nyosnak \u00e9rzem magam, \u00e9s szeretn\u00e9k veled besz\u00e9lgetni ezeken a t\u00e1rskeres\u0151 alkalmaz\u00e1sokon kereszt\u00fcl.<\/a><\/p>\n\n\n\n<h2 class=\"wp-block-heading\">Gyakran Ism\u00e9telt K\u00e9rd\u00e9sek (GYIK)<\/h2>\n\n\n\n<p><strong>1. Mely orsz\u00e1gok fogj\u00e1k vezetni a mesters\u00e9ges intelligencia szab\u00e1lyoz\u00e1s\u00e1t 2025-ben?<\/strong><br>Az Eur\u00f3pai Uni\u00f3, K\u00edna \u00e9s az Egyes\u00fclt \u00c1llamok kiemelkednek referenciak\u00e9nt, b\u00e1r elt\u00e9r\u0151 megk\u00f6zel\u00edt\u00e9sekkel.<\/p>\n\n\n\n<p><strong>2. Az eur\u00f3pai szab\u00e1lyoz\u00e1s a legszigor\u00fabb?<\/strong><br>Igen, a mesters\u00e9ges intelligencia t\u00f6rv\u00e9nye jogi k\u00f6telezetts\u00e9geket \u00e9s szankci\u00f3kat \u00edr el\u0151 azokkal a v\u00e1llalatokkal szemben, amelyek nem tartj\u00e1k be a t\u00f6rv\u00e9nyt.<\/p>\n\n\n\n<p><strong>3. Hogyan fejl\u0151dik Latin-Amerika?<\/strong><br>Braz\u00edlia \u00e9s Mexik\u00f3 el\u0151r\u00e9bb j\u00e1r, de az \u00e1tfog\u00f3 t\u00f6rv\u00e9nyeket m\u00e9g konszolid\u00e1lni kell.<\/p>\n\n\n\n<p><strong>4. Milyen kock\u00e1zatokat kezelnek a szab\u00e1lyoz\u00e1sok?<\/strong><br>Adatv\u00e9delem, algoritmikus torz\u00edt\u00e1sok, nemzetbiztons\u00e1g \u00e9s f\u00e9lret\u00e1j\u00e9koztat\u00e1s.<\/p>\n\n\n\n<p><strong>5. Korl\u00e1tozza-e a szab\u00e1lyoz\u00e1s az innov\u00e1ci\u00f3t?<\/strong><br>A j\u00f3 szab\u00e1lyoz\u00e1s \u00f6szt\u00f6nzi a felel\u0151s innov\u00e1ci\u00f3t, nem pedig akad\u00e1lyozza azt.<\/p>\n\n\n\n<p><strong>6. Vannak nemzetk\u00f6zi er\u0151fesz\u00edt\u00e9sek?<\/strong><br>Az ENSZ \u00e9s az OECD glob\u00e1lis szabv\u00e1nyokat szorgalmaz, b\u00e1r m\u00e9g nincs egyetemes konszenzus.<\/p>\n\n\n\n<p><strong>7. Mi\u00e9rt olyan s\u00fcrg\u0151s a szab\u00e1lyoz\u00e1s 2025-ben?<\/strong><br>Mivel a mesters\u00e9ges intelligencia m\u00e1r most is befoly\u00e1solja a kritikus d\u00f6nt\u00e9seket az eg\u00e9szs\u00e9g\u00fcgy, az igazs\u00e1gszolg\u00e1ltat\u00e1s, a p\u00e9nz\u00fcgyek \u00e9s a politika ter\u00fclet\u00e9n, k\u00f6zvetlen k\u00f6vetkezm\u00e9nyekkel j\u00e1rva emberek milli\u00f3inak \u00e9let\u00e9re.<\/p>","protected":false},"excerpt":{"rendered":"<p>Los pa\u00edses m\u00e1s avanzados en regulaci\u00f3n de IA en 2025 se convirtieron en protagonistas de un debate que no solo es tecnol\u00f3gico, sino tambi\u00e9n pol\u00edtico, econ\u00f3mico y \u00e9tico. La forma en que los gobiernos deciden regular la inteligencia artificial marca la diferencia entre un futuro con innovaci\u00f3n responsable y un escenario de riesgos descontrolados. En [&hellip;]<\/p>","protected":false},"author":219,"featured_media":9756,"comment_status":"closed","ping_status":"open","sticky":false,"template":"","format":"standard","meta":{"footnotes":""},"categories":[4],"tags":[],"yoast_head":"<!-- This site is optimized with the Yoast SEO plugin v23.3 - https:\/\/yoast.com\/wordpress\/plugins\/seo\/ -->\n<title>Los pa\u00edses m\u00e1s avanzados en regulaci\u00f3n de IA en 2025 - Universo Fam\u00edlia<\/title>\n<meta name=\"description\" content=\"Los pa\u00edses m\u00e1s avanzados en regulaci\u00f3n de IA en 2025 se convirtieron en protagonistas de un debate que no solo es tecnol\u00f3gico, sino tambi\u00e9n...\" \/>\n<meta name=\"robots\" content=\"index, follow, max-snippet:-1, max-image-preview:large, max-video-preview:-1\" \/>\n<link rel=\"canonical\" href=\"https:\/\/universofamilia.com\/hu\/los-paises-mas-avanzados-en-regulacion-de-ia-en-2025\/\" \/>\n<meta property=\"og:locale\" content=\"hu_HU\" \/>\n<meta property=\"og:type\" content=\"article\" \/>\n<meta property=\"og:title\" content=\"Los pa\u00edses m\u00e1s avanzados en regulaci\u00f3n de IA en 2025 - Universo Fam\u00edlia\" \/>\n<meta property=\"og:description\" content=\"Los pa\u00edses m\u00e1s avanzados en regulaci\u00f3n de IA en 2025 se convirtieron en protagonistas de un debate que no solo es tecnol\u00f3gico, sino tambi\u00e9n...\" \/>\n<meta property=\"og:url\" content=\"https:\/\/universofamilia.com\/hu\/los-paises-mas-avanzados-en-regulacion-de-ia-en-2025\/\" \/>\n<meta property=\"og:site_name\" content=\"Universo Fam\u00edlia\" \/>\n<meta property=\"article:published_time\" content=\"2025-10-01T04:42:15+00:00\" \/>\n<meta property=\"article:modified_time\" content=\"2025-10-11T20:11:21+00:00\" \/>\n<meta property=\"og:image\" content=\"https:\/\/universofamilia.com\/wp-content\/uploads\/sites\/148\/2025\/09\/DESTAQUE-UNIVERSO-550-x-350-1-1.jpg\" \/>\n\t<meta property=\"og:image:width\" content=\"550\" \/>\n\t<meta property=\"og:image:height\" content=\"350\" \/>\n\t<meta property=\"og:image:type\" content=\"image\/jpeg\" \/>\n<meta name=\"author\" content=\"Matheus Sangaletti\" \/>\n<meta name=\"twitter:card\" content=\"summary_large_image\" \/>\n<meta name=\"twitter:label1\" content=\"Written by\" \/>\n\t<meta name=\"twitter:data1\" content=\"Matheus Sangaletti\" \/>\n\t<meta name=\"twitter:label2\" content=\"Est. reading time\" \/>\n\t<meta name=\"twitter:data2\" content=\"7 perc\" \/>\n<script type=\"application\/ld+json\" class=\"yoast-schema-graph\">{\"@context\":\"https:\/\/schema.org\",\"@graph\":[{\"@type\":\"WebPage\",\"@id\":\"https:\/\/universofamilia.com\/cs\/los-paises-mas-avanzados-en-regulacion-de-ia-en-2025\/\",\"url\":\"https:\/\/universofamilia.com\/cs\/los-paises-mas-avanzados-en-regulacion-de-ia-en-2025\/\",\"name\":\"Los pa\u00edses m\u00e1s avanzados en regulaci\u00f3n de IA en 2025 - Universo Fam\u00edlia\",\"isPartOf\":{\"@id\":\"https:\/\/universofamilia.com\/el\/#website\"},\"primaryImageOfPage\":{\"@id\":\"https:\/\/universofamilia.com\/cs\/los-paises-mas-avanzados-en-regulacion-de-ia-en-2025\/#primaryimage\"},\"image\":{\"@id\":\"https:\/\/universofamilia.com\/cs\/los-paises-mas-avanzados-en-regulacion-de-ia-en-2025\/#primaryimage\"},\"thumbnailUrl\":\"https:\/\/universofamilia.com\/wp-content\/uploads\/sites\/148\/2025\/09\/DESTAQUE-UNIVERSO-550-x-350-1-1.jpg\",\"datePublished\":\"2025-10-01T04:42:15+00:00\",\"dateModified\":\"2025-10-11T20:11:21+00:00\",\"author\":{\"@id\":\"https:\/\/universofamilia.com\/el\/#\/schema\/person\/92fcd07e9b1f4323bf74f3170fc0f78a\"},\"description\":\"Los pa\u00edses m\u00e1s avanzados en regulaci\u00f3n de IA en 2025 se convirtieron en protagonistas de un debate que no solo es tecnol\u00f3gico, sino tambi\u00e9n...\",\"breadcrumb\":{\"@id\":\"https:\/\/universofamilia.com\/cs\/los-paises-mas-avanzados-en-regulacion-de-ia-en-2025\/#breadcrumb\"},\"inLanguage\":\"hu\",\"potentialAction\":[{\"@type\":\"ReadAction\",\"target\":[\"https:\/\/universofamilia.com\/cs\/los-paises-mas-avanzados-en-regulacion-de-ia-en-2025\/\"]}]},{\"@type\":\"ImageObject\",\"inLanguage\":\"hu\",\"@id\":\"https:\/\/universofamilia.com\/cs\/los-paises-mas-avanzados-en-regulacion-de-ia-en-2025\/#primaryimage\",\"url\":\"https:\/\/universofamilia.com\/wp-content\/uploads\/sites\/148\/2025\/09\/DESTAQUE-UNIVERSO-550-x-350-1-1.jpg\",\"contentUrl\":\"https:\/\/universofamilia.com\/wp-content\/uploads\/sites\/148\/2025\/09\/DESTAQUE-UNIVERSO-550-x-350-1-1.jpg\",\"width\":550,\"height\":350},{\"@type\":\"BreadcrumbList\",\"@id\":\"https:\/\/universofamilia.com\/cs\/los-paises-mas-avanzados-en-regulacion-de-ia-en-2025\/#breadcrumb\",\"itemListElement\":[{\"@type\":\"ListItem\",\"position\":1,\"name\":\"Home\",\"item\":\"https:\/\/universofamilia.com\/el\/\"},{\"@type\":\"ListItem\",\"position\":2,\"name\":\"Los pa\u00edses m\u00e1s avanzados en regulaci\u00f3n de IA en 2025\"}]},{\"@type\":\"WebSite\",\"@id\":\"https:\/\/universofamilia.com\/el\/#website\",\"url\":\"https:\/\/universofamilia.com\/el\/\",\"name\":\"Universo Fam\u00edlia\",\"description\":\"\",\"potentialAction\":[{\"@type\":\"SearchAction\",\"target\":{\"@type\":\"EntryPoint\",\"urlTemplate\":\"https:\/\/universofamilia.com\/el\/?s={search_term_string}\"},\"query-input\":\"required name=search_term_string\"}],\"inLanguage\":\"hu\"},{\"@type\":\"Person\",\"@id\":\"https:\/\/universofamilia.com\/el\/#\/schema\/person\/92fcd07e9b1f4323bf74f3170fc0f78a\",\"name\":\"Matheus Sangaletti\",\"image\":{\"@type\":\"ImageObject\",\"inLanguage\":\"hu\",\"@id\":\"https:\/\/universofamilia.com\/el\/#\/schema\/person\/image\/\",\"url\":\"https:\/\/secure.gravatar.com\/avatar\/280ea957a14a48e6a1ad2133d2cc27c9?s=96&d=mm&r=g\",\"contentUrl\":\"https:\/\/secure.gravatar.com\/avatar\/280ea957a14a48e6a1ad2133d2cc27c9?s=96&d=mm&r=g\",\"caption\":\"Matheus Sangaletti\"},\"url\":\"https:\/\/universofamilia.com\/hu\/author\/matheuss\/\"}]}<\/script>\n<!-- \/ Yoast SEO plugin. -->","yoast_head_json":{"title":"Los pa\u00edses m\u00e1s avanzados en regulaci\u00f3n de IA en 2025 - Universo Fam\u00edlia","description":"Los pa\u00edses m\u00e1s avanzados en regulaci\u00f3n de IA en 2025 se convirtieron en protagonistas de un debate que no solo es tecnol\u00f3gico, sino tambi\u00e9n...","robots":{"index":"index","follow":"follow","max-snippet":"max-snippet:-1","max-image-preview":"max-image-preview:large","max-video-preview":"max-video-preview:-1"},"canonical":"https:\/\/universofamilia.com\/hu\/los-paises-mas-avanzados-en-regulacion-de-ia-en-2025\/","og_locale":"hu_HU","og_type":"article","og_title":"Los pa\u00edses m\u00e1s avanzados en regulaci\u00f3n de IA en 2025 - Universo Fam\u00edlia","og_description":"Los pa\u00edses m\u00e1s avanzados en regulaci\u00f3n de IA en 2025 se convirtieron en protagonistas de un debate que no solo es tecnol\u00f3gico, sino tambi\u00e9n...","og_url":"https:\/\/universofamilia.com\/hu\/los-paises-mas-avanzados-en-regulacion-de-ia-en-2025\/","og_site_name":"Universo Fam\u00edlia","article_published_time":"2025-10-01T04:42:15+00:00","article_modified_time":"2025-10-11T20:11:21+00:00","og_image":[{"width":550,"height":350,"url":"https:\/\/universofamilia.com\/wp-content\/uploads\/sites\/148\/2025\/09\/DESTAQUE-UNIVERSO-550-x-350-1-1.jpg","type":"image\/jpeg"}],"author":"Matheus Sangaletti","twitter_card":"summary_large_image","twitter_misc":{"Written by":"Matheus Sangaletti","Est. reading time":"7 perc"},"schema":{"@context":"https:\/\/schema.org","@graph":[{"@type":"WebPage","@id":"https:\/\/universofamilia.com\/cs\/los-paises-mas-avanzados-en-regulacion-de-ia-en-2025\/","url":"https:\/\/universofamilia.com\/cs\/los-paises-mas-avanzados-en-regulacion-de-ia-en-2025\/","name":"Los pa\u00edses m\u00e1s avanzados en regulaci\u00f3n de IA en 2025 - Universo Fam\u00edlia","isPartOf":{"@id":"https:\/\/universofamilia.com\/el\/#website"},"primaryImageOfPage":{"@id":"https:\/\/universofamilia.com\/cs\/los-paises-mas-avanzados-en-regulacion-de-ia-en-2025\/#primaryimage"},"image":{"@id":"https:\/\/universofamilia.com\/cs\/los-paises-mas-avanzados-en-regulacion-de-ia-en-2025\/#primaryimage"},"thumbnailUrl":"https:\/\/universofamilia.com\/wp-content\/uploads\/sites\/148\/2025\/09\/DESTAQUE-UNIVERSO-550-x-350-1-1.jpg","datePublished":"2025-10-01T04:42:15+00:00","dateModified":"2025-10-11T20:11:21+00:00","author":{"@id":"https:\/\/universofamilia.com\/el\/#\/schema\/person\/92fcd07e9b1f4323bf74f3170fc0f78a"},"description":"Los pa\u00edses m\u00e1s avanzados en regulaci\u00f3n de IA en 2025 se convirtieron en protagonistas de un debate que no solo es tecnol\u00f3gico, sino tambi\u00e9n...","breadcrumb":{"@id":"https:\/\/universofamilia.com\/cs\/los-paises-mas-avanzados-en-regulacion-de-ia-en-2025\/#breadcrumb"},"inLanguage":"hu","potentialAction":[{"@type":"ReadAction","target":["https:\/\/universofamilia.com\/cs\/los-paises-mas-avanzados-en-regulacion-de-ia-en-2025\/"]}]},{"@type":"ImageObject","inLanguage":"hu","@id":"https:\/\/universofamilia.com\/cs\/los-paises-mas-avanzados-en-regulacion-de-ia-en-2025\/#primaryimage","url":"https:\/\/universofamilia.com\/wp-content\/uploads\/sites\/148\/2025\/09\/DESTAQUE-UNIVERSO-550-x-350-1-1.jpg","contentUrl":"https:\/\/universofamilia.com\/wp-content\/uploads\/sites\/148\/2025\/09\/DESTAQUE-UNIVERSO-550-x-350-1-1.jpg","width":550,"height":350},{"@type":"BreadcrumbList","@id":"https:\/\/universofamilia.com\/cs\/los-paises-mas-avanzados-en-regulacion-de-ia-en-2025\/#breadcrumb","itemListElement":[{"@type":"ListItem","position":1,"name":"Home","item":"https:\/\/universofamilia.com\/el\/"},{"@type":"ListItem","position":2,"name":"Los pa\u00edses m\u00e1s avanzados en regulaci\u00f3n de IA en 2025"}]},{"@type":"WebSite","@id":"https:\/\/universofamilia.com\/el\/#website","url":"https:\/\/universofamilia.com\/el\/","name":"Universo Fam\u00edlia","description":"","potentialAction":[{"@type":"SearchAction","target":{"@type":"EntryPoint","urlTemplate":"https:\/\/universofamilia.com\/el\/?s={search_term_string}"},"query-input":"required name=search_term_string"}],"inLanguage":"hu"},{"@type":"Person","@id":"https:\/\/universofamilia.com\/el\/#\/schema\/person\/92fcd07e9b1f4323bf74f3170fc0f78a","name":"Matheus Sangaletti","image":{"@type":"ImageObject","inLanguage":"hu","@id":"https:\/\/universofamilia.com\/el\/#\/schema\/person\/image\/","url":"https:\/\/secure.gravatar.com\/avatar\/280ea957a14a48e6a1ad2133d2cc27c9?s=96&d=mm&r=g","contentUrl":"https:\/\/secure.gravatar.com\/avatar\/280ea957a14a48e6a1ad2133d2cc27c9?s=96&d=mm&r=g","caption":"Matheus Sangaletti"},"url":"https:\/\/universofamilia.com\/hu\/author\/matheuss\/"}]}},"_links":{"self":[{"href":"https:\/\/universofamilia.com\/hu\/wp-json\/wp\/v2\/posts\/9763"}],"collection":[{"href":"https:\/\/universofamilia.com\/hu\/wp-json\/wp\/v2\/posts"}],"about":[{"href":"https:\/\/universofamilia.com\/hu\/wp-json\/wp\/v2\/types\/post"}],"author":[{"embeddable":true,"href":"https:\/\/universofamilia.com\/hu\/wp-json\/wp\/v2\/users\/219"}],"replies":[{"embeddable":true,"href":"https:\/\/universofamilia.com\/hu\/wp-json\/wp\/v2\/comments?post=9763"}],"version-history":[{"count":4,"href":"https:\/\/universofamilia.com\/hu\/wp-json\/wp\/v2\/posts\/9763\/revisions"}],"predecessor-version":[{"id":9940,"href":"https:\/\/universofamilia.com\/hu\/wp-json\/wp\/v2\/posts\/9763\/revisions\/9940"}],"wp:featuredmedia":[{"embeddable":true,"href":"https:\/\/universofamilia.com\/hu\/wp-json\/wp\/v2\/media\/9756"}],"wp:attachment":[{"href":"https:\/\/universofamilia.com\/hu\/wp-json\/wp\/v2\/media?parent=9763"}],"wp:term":[{"taxonomy":"category","embeddable":true,"href":"https:\/\/universofamilia.com\/hu\/wp-json\/wp\/v2\/categories?post=9763"},{"taxonomy":"post_tag","embeddable":true,"href":"https:\/\/universofamilia.com\/hu\/wp-json\/wp\/v2\/tags?post=9763"}],"curies":[{"name":"wp","href":"https:\/\/api.w.org\/{rel}","templated":true}]}}