{"id":9948,"date":"2025-10-09T20:22:05","date_gmt":"2025-10-09T23:22:05","guid":{"rendered":"https:\/\/universofamilia.com\/?p=9948"},"modified":"2025-10-09T20:23:06","modified_gmt":"2025-10-09T23:23:06","slug":"inteligencia-artificial-en-el-dia-a-dia","status":"publish","type":"post","link":"https:\/\/universofamilia.com\/hu\/inteligencia-artificial-en-el-dia-a-dia\/","title":{"rendered":"Mesters\u00e9ges intelligencia a mindennapi \u00e9letben"},"content":{"rendered":"<p class=\"has-text-align-center\">A <strong>mesters\u00e9ges intelligencia a mindennapi \u00e9letben:<\/strong> k\u00f6zponti t\u00e9m\u00e1v\u00e1 v\u00e1lt annak meg\u00e9rt\u00e9s\u00e9ben, hogy a technol\u00f3gia hogyan alak\u00edtja \u00e1t a csal\u00e1di \u00e9letet Mexik\u00f3ban.<\/p>\n\n\n<div class=\"wp-block-image\">\n<figure class=\"aligncenter size-full\"><img loading=\"lazy\" decoding=\"async\" width=\"550\" height=\"350\" src=\"https:\/\/universofamilia.com\/wp-content\/uploads\/sites\/148\/2025\/10\/DESTAQUE-UNIVERSO-550-x-350-9-1.jpg\" alt=\"\" class=\"wp-image-9950\" srcset=\"https:\/\/universofamilia.com\/wp-content\/uploads\/sites\/148\/2025\/10\/DESTAQUE-UNIVERSO-550-x-350-9-1.jpg 550w, https:\/\/universofamilia.com\/wp-content\/uploads\/sites\/148\/2025\/10\/DESTAQUE-UNIVERSO-550-x-350-9-1-300x191.jpg 300w, https:\/\/universofamilia.com\/wp-content\/uploads\/sites\/148\/2025\/10\/DESTAQUE-UNIVERSO-550-x-350-9-1-18x12.jpg 18w\" sizes=\"(max-width: 550px) 100vw, 550px\" \/><figcaption class=\"wp-element-caption\">CANVA<\/figcaption><\/figure><\/div>\n\n\n<p>2025 \u00f3ta a ChatGPT-t nemcsak inform\u00e1ci\u00f3s vagy h\u00e1zi feladat asszisztensk\u00e9nt haszn\u00e1lj\u00e1k, hanem akt\u00edv szerepet j\u00e1tszik a h\u00e1ztart\u00e1sok \u00e9rzelmi \u00e9s szervezeti ir\u00e1ny\u00edt\u00e1s\u00e1ban is.<\/p>\n\n\n\n<p>De hogyan lehets\u00e9ges, hogy egy technol\u00f3giai eszk\u00f6z ilyen m\u00e9lyrehat\u00f3 hat\u00e1ssal legyen a csal\u00e1di rutinokra?<\/p>\n\n\n\n<p>Ez a cikk a k\u00fcl\u00f6nb\u00f6z\u0151 m\u00f3dokat vizsg\u00e1lja, amelyekkel a <strong>mesters\u00e9ges intelligencia a nap folyam\u00e1n<\/strong> bel\u00e9pett a mindennapi \u00e9letbe, el\u0151nyeir\u0151l, kih\u00edv\u00e1sair\u00f3l \u00e9s arr\u00f3l, hogyan lehet felel\u0151ss\u00e9gteljesen felhaszn\u00e1lni a csal\u00e1di \u00e9letmin\u0151s\u00e9g jav\u00edt\u00e1s\u00e1ra.<\/p>\n\n\n\n<h2 class=\"wp-block-heading\">A ChatGPT hat\u00e1sa a mexik\u00f3i h\u00e1ztart\u00e1sokra<\/h2>\n\n\n\n<p>Mexik\u00f3ban a ChatGPT elterjed\u00e9se jelent\u0151sen megn\u0151tt.<\/p>\n\n\n\n<p>Egy 2025-\u00f6s Merca20 tanulm\u00e1ny szerint a mexik\u00f3i felhaszn\u00e1l\u00f3k k\u00f6z\u00fcl k\u00f6r\u00fclbel\u00fcl 741,3 ezer ismeri az eszk\u00f6zt, \u00e9s akt\u00edvan haszn\u00e1lja azt a termel\u00e9kenys\u00e9g, az oktat\u00e1s \u00e9s az otthoni kommunik\u00e1ci\u00f3 jav\u00edt\u00e1s\u00e1ra.<\/p>\n\n\n\n<p>Ez nemcsak a technol\u00f3giai elfogadotts\u00e1got jelenti, hanem kultur\u00e1lis \u00e1talakul\u00e1st is a csal\u00e1di \u00e9letr\u0151l \u00e9s az egy\u00fcttm\u0171k\u00f6d\u00e9sen alapul\u00f3 tanul\u00e1sr\u00f3l alkotott felfog\u00e1sunkban.<\/p>\n\n\n\n<p>Hogy ezt perspekt\u00edv\u00e1ba helyezz\u00fck, ha egy \u00e1tlagos n\u00e9gytag\u00fa mexik\u00f3i csal\u00e1dot vesz\u00fcnk figyelembe, a ChatGPT \u201edigit\u00e1lis csatlakoz\u00f3k\u00e9nt\u201d m\u0171k\u00f6dhet:<\/p>\n\n\n\n<p>K\u00f6zvet\u00edt\u0151 a gyermekek sz\u00fcks\u00e9gletei, a sz\u00fcl\u0151k munkahelyi k\u00f6telezetts\u00e9gei \u00e9s a h\u00e1zimunka k\u00f6z\u00f6tt. <\/p>\n\n\n\n<p>Ez az anal\u00f3gia seg\u00edt elk\u00e9pzelni, hogyan m\u0171k\u00f6dik a mesters\u00e9ges intelligencia h\u00eddk\u00e9nt, amely integr\u00e1lja az inform\u00e1ci\u00f3kat \u00e9s hat\u00e9konyan rendszerezi azokat, szinte olyan, mint egy soha nem alv\u00f3 szem\u00e9lyi asszisztens.<\/p>\n\n\n\n<h2 class=\"wp-block-heading\">Hogyan haszn\u00e1lj\u00e1k a ChatGPT-t a csal\u00e1dok<\/h2>\n\n\n\n<h3 class=\"wp-block-heading\">1. Oktat\u00e1si t\u00e1mogat\u00e1s \u00e9s tanul\u00e1sfejleszt\u00e9s<\/h3>\n\n\n\n<p>A ChatGPT oktat\u00e1si szerepe tal\u00e1n a legl\u00e1tv\u00e1nyosabb. <\/p>\n\n\n\n<p>A mexik\u00f3i di\u00e1kok hasznos eszk\u00f6znek tal\u00e1lt\u00e1k a mesters\u00e9ges intelligenci\u00e1t a tanulm\u00e1nyi k\u00e9rd\u00e9sek megv\u00e1laszol\u00e1s\u00e1ban, az \u00edr\u00e1sk\u00e9szs\u00e9g\u00fck fejleszt\u00e9s\u00e9ben, valamint a h\u00e1zi feladatokhoz \u00e9s iskolai projektekhez kieg\u00e9sz\u00edt\u0151 tartalmak felfedez\u00e9s\u00e9ben.<\/p>\n\n\n\n<p>P\u00e9ld\u00e1ul egy di\u00e1k, akinek neh\u00e9zs\u00e9get okoz a mexik\u00f3i t\u00f6rt\u00e9nelem meg\u00e9rt\u00e9se, vil\u00e1gos \u00f6sszefoglal\u00e1st \u00e9s gyakorlati p\u00e9ld\u00e1kat kaphat, amelyek megk\u00f6nny\u00edtik az inform\u00e1ci\u00f3k megjegyz\u00e9s\u00e9t.<\/p>\n\n\n\n<p>Egy fontos t\u00e9ny: az Infobae (2025) szerint a ChatGPT-t haszn\u00e1l\u00f3 fiatalok t\u00f6bb mint 60%-je jelent\u0151s javul\u00e1sr\u00f3l sz\u00e1molt be tanulm\u00e1nyi teljes\u00edtm\u00e9ny\u00e9ben \u00e9s az \u00f6sszetett fogalmak meg\u00e9rt\u00e9s\u00e9ben.<\/p>\n\n\n\n<p>Ez azt mutatja, hogy az eszk\u00f6z nem helyettes\u00edti a tan\u00edt\u00e1st, hanem kieg\u00e9sz\u00edti azt, olyan tov\u00e1bbi forr\u00e1sokat k\u00edn\u00e1lva, amelyeket a sz\u00fcl\u0151k id\u0151- vagy tud\u00e1shi\u00e1ny miatt n\u00e9ha nem engedhetnek meg maguknak.<\/p>\n\n\n\n<h3 class=\"wp-block-heading\">2. \u00c9rzelmi t\u00e1mogat\u00e1s \u00e9s t\u00e1rsas\u00e1g<\/h3>\n\n\n\n<p>Az oktat\u00e1son t\u00fal a ChatGPT az \u00e9rzelmi eg\u00e9szs\u00e9g forr\u00e1s\u00e1v\u00e1 v\u00e1lt.<\/p>\n\n\n\n<p>Egy olyan otthonban, ahol a tin\u00e9dzserek f\u00e9lre\u00e9rtettnek vagy mag\u00e1nyosnak \u00e9rezhetik magukat, a mesters\u00e9ges intelligencia biztons\u00e1gos teret biztos\u00edt az \u00e9rzelmek kifejez\u00e9s\u00e9re \u00e9s \u00e1tgondolt tan\u00e1csok fogad\u00e1s\u00e1ra.<\/p>\n\n\n\n<p>P\u00e9ld\u00e1ul egy tin\u00e9dzser a ChatGPT seg\u00edts\u00e9g\u00e9vel stresszkezel\u00e9si strat\u00e9gi\u00e1kat fedezhet fel, miel\u0151tt megosztan\u00e1 \u00e9rz\u00e9seit a sz\u00fcleivel vagy egy szakemberrel.<\/p>\n\n\n\n<p>Fontos kiemelni, hogy b\u00e1r a ChatGPT \u00e9rzelmi t\u00e1mogat\u00e1st ny\u00fajt, <strong>nem helyettes\u00edti az emberi interakci\u00f3t vagy a szakmai ell\u00e1t\u00e1st<\/strong>.<\/p>\n\n\n\n<p>Funkci\u00f3ja ink\u00e1bb hasonl\u00edt az els\u0151 reflexi\u00f3s pont\u00e9hoz: egy t\u00e1rs, aki meghallgat \u00e9s vezet, de nem helyettes\u00edti a pszichol\u00f3gus vagy terapeuta beavatkoz\u00e1s\u00e1t, amikor sz\u00fcks\u00e9ges.<\/p>\n\n\n\n<h3 class=\"wp-block-heading\">3. Otthoni rendszerez\u00e9s \u00e9s napi hat\u00e9konys\u00e1g<\/h3>\n\n\n\n<p>A ChatGPT az otthonkezel\u00e9s kulcsfontoss\u00e1g\u00fa sz\u00f6vets\u00e9ges\u00e9v\u00e9 is v\u00e1lt.<\/p>\n\n\n\n<p>A heti men\u00fck megtervez\u00e9s\u00e9t\u0151l kezdve az otthon el\u00e9rhet\u0151 \u00e9lelmiszerek alapj\u00e1n \u00f6ssze\u00e1ll\u00edtott bev\u00e1s\u00e1rl\u00f3list\u00e1k l\u00e9trehoz\u00e1s\u00e1ig a mesters\u00e9ges intelligencia optimaliz\u00e1lja azokat a feladatokat, amelyek kor\u00e1bban id\u0151t \u00e9s energi\u00e1t em\u00e9sztettek fel.<\/p>\n\n\n\n<p>P\u00e9ld\u00e1ul egy teljes munkaid\u0151ben dolgoz\u00f3 anya megk\u00e9rdezheti a ChatGPT-t\u0151l, hogy \u201eJavasoljon eg\u00e9szs\u00e9ges vacsor\u00e1kat csirk\u00e9vel, rizzsel \u00e9s a kamr\u00e1ban el\u00e9rhet\u0151 z\u00f6lds\u00e9gekkel\u201d, \u00e9s kap egy teljes \u00e9tkez\u00e9si tervet vil\u00e1gos utas\u00edt\u00e1sokkal.<\/p>\n\n\n\n<p>Ez cs\u00f6kkenti a mindennapi stresszt, \u00e9s lehet\u0151v\u00e9 teszi a csal\u00e1d sz\u00e1m\u00e1ra, hogy t\u00f6bb id\u0151t t\u00f6ltsenek egy\u00fctt \u00e9s \u00e9lvezz\u00e9k a szabadid\u0151t.<\/p>\n\n\n<div class=\"wp-block-image\">\n<figure class=\"aligncenter size-full\"><img loading=\"lazy\" decoding=\"async\" width=\"550\" height=\"350\" src=\"https:\/\/universofamilia.com\/wp-content\/uploads\/sites\/148\/2025\/10\/DESTAQUE-UNIVERSO-550-x-350-8.jpg\" alt=\"\" class=\"wp-image-9951\" srcset=\"https:\/\/universofamilia.com\/wp-content\/uploads\/sites\/148\/2025\/10\/DESTAQUE-UNIVERSO-550-x-350-8.jpg 550w, https:\/\/universofamilia.com\/wp-content\/uploads\/sites\/148\/2025\/10\/DESTAQUE-UNIVERSO-550-x-350-8-300x191.jpg 300w, https:\/\/universofamilia.com\/wp-content\/uploads\/sites\/148\/2025\/10\/DESTAQUE-UNIVERSO-550-x-350-8-18x12.jpg 18w\" sizes=\"(max-width: 550px) 100vw, 550px\" \/><figcaption class=\"wp-element-caption\">CANVA<\/figcaption><\/figure><\/div>\n\n\n<p>B\u0151vebben:&nbsp;<a href=\"https:\/\/universofamilia.com\/hu\/los-paises-mas-avanzados-en-regulacion-de-ia-en-2025\/\">A mesters\u00e9ges intelligencia szab\u00e1lyoz\u00e1s\u00e1ban legfejlettebb orsz\u00e1gok 2025-ben<\/a><\/p>\n\n\n\n<h2 class=\"wp-block-heading\">A ChatGPT csal\u00e1dba integr\u00e1l\u00e1s\u00e1nak el\u0151nyei<\/h2>\n\n\n\n<ul>\n<li><strong>\u00c1lland\u00f3 oktat\u00e1si t\u00e1mogat\u00e1s<\/strong>A mesters\u00e9ges intelligencia lehet\u0151v\u00e9 teszi a gyerekek sz\u00e1m\u00e1ra, hogy \u00f6n\u00e1ll\u00f3bban tanuljanak, vil\u00e1gos \u00e9s szem\u00e9lyre szabott forr\u00e1sok seg\u00edts\u00e9g\u00e9vel.<\/li>\n\n\n\n<li><strong>El\u00e9rhet\u0151 \u00e9rzelmi t\u00e1mogat\u00e1s<\/strong>: Biztons\u00e1gos teret biztos\u00edt az \u00e9rzelmek feldolgoz\u00e1s\u00e1hoz, k\u00fcl\u00f6n\u00f6sen hasznos serd\u00fcl\u0151korban.<\/li>\n\n\n\n<li><strong>Szervezetts\u00e9g \u00e9s hat\u00e9konys\u00e1g<\/strong>Seg\u00edt a feladatok, tal\u00e1lkoz\u00f3k \u00e9s v\u00e1s\u00e1rl\u00e1sok megtervez\u00e9s\u00e9ben, struktur\u00e1ltabb rutinok kialak\u00edt\u00e1s\u00e1ban.<\/li>\n\n\n\n<li><strong>Technol\u00f3giai befogad\u00e1s<\/strong>B\u00e1tor\u00edtsa az eg\u00e9sz csal\u00e1dot, hogy ismerkedjen meg a fejlett digit\u00e1lis eszk\u00f6z\u00f6kkel, ami kulcsfontoss\u00e1g\u00fa k\u00e9szs\u00e9g a modern t\u00e1rsadalomban.<\/li>\n<\/ul>\n\n\n\n<p>\u00c9rdekes statisztika: A Guadalajarai Egyetem jelent\u00e9se szerint a ChatGPT-t alkalmaz\u00f3 h\u00e1ztart\u00e1sok 521%-\u00e1ban 2025-re cs\u00f6kkentek a feladatok \u00e9s felel\u0151ss\u00e9gek kezel\u00e9s\u00e9vel kapcsolatos csal\u00e1di konfliktusok.<\/p>\n\n\n\n<p>Ez arra utal, hogy a mesters\u00e9ges intelligencia k\u00f6zvetve a mindennapi fesz\u00fclts\u00e9gek modul\u00e1torak\u00e9nt m\u0171k\u00f6dhet.<\/p>\n\n\n\n<h2 class=\"wp-block-heading\">Kih\u00edv\u00e1sok \u00e9s \u00f3vint\u00e9zked\u00e9sek<\/h2>\n\n\n\n<p>A ChatGPT haszn\u00e1lata azonban nem kock\u00e1zatmentes. A f\u0151bb kih\u00edv\u00e1sok a k\u00f6vetkez\u0151k:<\/p>\n\n\n\n<ul>\n<li><strong>Technol\u00f3giai f\u00fcgg\u0151s\u00e9g<\/strong>A t\u00falzott haszn\u00e1lat cs\u00f6kkentheti a k\u00f6zvetlen csal\u00e1di interakci\u00f3kat.<\/li>\n\n\n\n<li><strong>Adatv\u00e9delem \u00e9s biztons\u00e1g<\/strong>Rendk\u00edv\u00fcl fontos, hogy a h\u00e1ztart\u00e1s tagjait t\u00e1j\u00e9koztassuk a bizalmas inform\u00e1ci\u00f3k megoszt\u00e1s\u00e1nak kock\u00e1zatair\u00f3l.<\/li>\n\n\n\n<li><strong>Gyermekfel\u00fcgyelet<\/strong>A gyermekeknek \u00e9s serd\u00fcl\u0151knek fel\u00fcgyelet mellett kell haszn\u00e1lniuk a mesters\u00e9ges intelligenci\u00e1t, hogy elker\u00fclj\u00e9k a nem megfelel\u0151 tartalmakhoz val\u00f3 hozz\u00e1f\u00e9r\u00e9st.<\/li>\n<\/ul>\n\n\n\n<p>Az OpenAI sz\u00fcl\u0151i fel\u00fcgyeletet vezetett be, amely lehet\u0151v\u00e9 teszi a funkci\u00f3k korl\u00e1toz\u00e1s\u00e1t \u00e9s a haszn\u00e1lat ellen\u0151rz\u00e9s\u00e9t, biztos\u00edtva, hogy a kiskor\u00faak biztons\u00e1gosan kommunik\u00e1lhassanak a mesters\u00e9ges intelligenci\u00e1val.<\/p>\n\n\n\n<h2 class=\"wp-block-heading\">Gyakorlati p\u00e9ld\u00e1k a csal\u00e1di haszn\u00e1latra<\/h2>\n\n\n\n<ol>\n<li><strong>Csal\u00e1di nyaral\u00e1s tervez\u00e9se<\/strong>A ChatGPT seg\u00edts\u00e9g\u00e9vel egy csal\u00e1d szem\u00e9lyre szabott \u00fatvonalterveket k\u00e9sz\u00edthet, figyelembe v\u00e9ve a tev\u00e9kenys\u00e9gi preferenci\u00e1kat, a k\u00f6lts\u00e9gvet\u00e9st \u00e9s az id\u0151beoszt\u00e1st. Ez leegyszer\u0171s\u00edti a koordin\u00e1ci\u00f3t, \u00e9s biztos\u00edtja, hogy minden tag el\u00e9gedett legyen a tervekkel.<\/li>\n\n\n\n<li><strong>Egy\u00fcttm\u0171k\u00f6d\u0151 h\u00e1ztart\u00e1si feladatkezel\u00e9s<\/strong>A ChatGPT k\u00e9pes csal\u00e1di napt\u00e1rat l\u00e9trehozni egy\u00e9rtelm\u0171 felel\u0151ss\u00e9gi k\u00f6r\u00f6kkel \u00e9s automatikus eml\u00e9keztet\u0151kkel a jobb elk\u00f6telez\u0151d\u00e9s \u00e9rdek\u00e9ben.<\/li>\n<\/ol>\n\n\n\n<p>B\u0151vebben:&nbsp;<a href=\"https:\/\/universofamilia.com\/hu\/lll-me-siento-sola-y-quiero-platicar-contigo-por-estos-apps-de-citas\/\">Mag\u00e1nyosnak \u00e9rzem magam, \u00e9s szeretn\u00e9k veled besz\u00e9lgetni ezeken a t\u00e1rskeres\u0151 alkalmaz\u00e1sokon kereszt\u00fcl.<\/a><\/p>\n\n\n\n<h2 class=\"wp-block-heading\">V\u00e9gs\u0151 elm\u00e9lked\u00e9s<\/h2>\n\n\n\n<p>A <strong>Mesters\u00e9ges intelligencia a mindennapi \u00e9letben: hogyan alak\u00edtja \u00e1t a ChatGPT a csal\u00e1dokat<\/strong> Ez nem egy m\u00fal\u00f3 trend; ez egy technol\u00f3giai integr\u00e1ci\u00f3, amely megfelel\u0151 haszn\u00e1lat eset\u00e9n jav\u00edthatja az otthoni \u00e9letmin\u0151s\u00e9get.<\/p>\n\n\n\n<p>A tanul\u00e1st\u00f3l \u00e9s oktat\u00e1st\u00f3l kezdve az \u00e9rzelmi t\u00e1mogat\u00e1son \u00e1t a mindennapi szervez\u00e9sig a ChatGPT megb\u00edzhat\u00f3, m\u00e9gis kieg\u00e9sz\u00edt\u0151 t\u00e1rsk\u00e9nt m\u0171k\u00f6dik az emberi kapcsolatokban.<\/p>\n\n\n\n<p>Egy elgondolkodtat\u00f3 k\u00f6lt\u0151i k\u00e9rd\u00e9s: Ha deleg\u00e1lhatunk bizonyos feladatokat \u00e9s \u00e9rzelmi t\u00e1mogat\u00e1st kaphatunk a mesters\u00e9ges intelligencia seg\u00edts\u00e9g\u00e9vel, hogyan tudjuk ezt egyens\u00falyban tartani \u00fagy, hogy ne vesz\u00edts\u00fck el az emberi kapcsolatot, amely minden csal\u00e1dot meghat\u00e1roz?<\/p>\n\n\n\n<p>A kulcs a mesters\u00e9ges intelligencia tudatos haszn\u00e1lata, az egy\u00fcttm\u0171k\u00f6d\u00e9s \u00e9s a kommunik\u00e1ci\u00f3 \u00f6szt\u00f6nz\u00e9se, valamint annak biztos\u00edt\u00e1sa, hogy a <a href=\"https:\/\/universofamilia.com\/hu\/inteligencia-artificial-y-politica\/\">technol\u00f3gia<\/a> kieg\u00e9sz\u00edtik, de nem helyettes\u00edtik az emberi interakci\u00f3kat.<\/p>\n\n\n\n<h2 class=\"wp-block-heading\">Gyakran Ism\u00e9telt K\u00e9rd\u00e9sek<\/h2>\n\n\n\n<ol>\n<li><strong>Helyettes\u00edti-e a ChatGPT a sz\u00fcl\u0151i seg\u00edts\u00e9get az oktat\u00e1sban?<\/strong><br>Nem, ez egy kieg\u00e9sz\u00edt\u0151 forr\u00e1s, amely seg\u00edt meger\u0151s\u00edteni a tanul\u00e1st \u00e9s a meg\u00e9rt\u00e9st.<\/li>\n\n\n\n<li><strong>Biztons\u00e1gos gyermekek \u00e9s tin\u00e9dzserek sz\u00e1m\u00e1ra?<\/strong><br>Igen, amennyiben a sz\u00fcl\u0151i fel\u00fcgyelet \u00e9s a be\u00e1ll\u00edt\u00e1sok enged\u00e9lyezve vannak.<\/li>\n\n\n\n<li><strong>Hogyan v\u00e9di a ChatGPT a csal\u00e1di adatv\u00e9delmet?<\/strong><br>Az adatv\u00e9delmi be\u00e1ll\u00edt\u00e1sokon \u00e9s az \u00e9rz\u00e9keny inform\u00e1ci\u00f3k megoszt\u00e1s\u00e1nak ker\u00fcl\u00e9s\u00e9n kereszt\u00fcl.<\/li>\n\n\n\n<li><strong>Tudsz seg\u00edteni a h\u00e1ztart\u00e1svezet\u00e9sben?<\/strong><br>Igen, a bev\u00e1s\u00e1rl\u00f3list\u00e1kt\u00f3l kezdve az \u00e9tlaptervez\u00e9sen \u00e1t az id\u0151pont-eml\u00e9keztet\u0151kig.<\/li>\n\n\n\n<li><strong>Mi a ChatGPT j\u00f6v\u0151je a mexik\u00f3i csal\u00e1dokban?<\/strong><br>Szem\u00e9lyre szabottabb \u00e9s m\u00e9lyebb haszn\u00e1lat v\u00e1rhat\u00f3, ami jav\u00edtja a szervez\u00e9st, a tanul\u00e1st \u00e9s a csal\u00e1di j\u00f3l\u00e9tet.<\/li>\n<\/ol>","protected":false},"excerpt":{"rendered":"<p>A mesters\u00e9ges intelligencia a mindennapi \u00e9letben k\u00f6zponti t\u00e9m\u00e1v\u00e1 v\u00e1lt annak meg\u00e9rt\u00e9s\u00e9ben, hogy a technol\u00f3gia hogyan alak\u00edtja \u00e1t a mexik\u00f3i otthoni \u00e9letet. 2025 \u00f3ta a ChatGPT-t nemcsak inform\u00e1ci\u00f3s vagy h\u00e1zi feladat asszisztensk\u00e9nt haszn\u00e1lj\u00e1k, hanem akt\u00edv szerepet j\u00e1tszik [\u2026]<\/p>","protected":false},"author":219,"featured_media":9949,"comment_status":"closed","ping_status":"open","sticky":false,"template":"","format":"standard","meta":{"footnotes":""},"categories":[3],"tags":[],"yoast_head":"<!-- This site is optimized with the Yoast SEO plugin v23.3 - https:\/\/yoast.com\/wordpress\/plugins\/seo\/ -->\n<title>Inteligencia Artificial en el d\u00eda a d\u00eda - Universo Fam\u00edlia<\/title>\n<meta name=\"description\" content=\"Inteligencia Artificial en el d\u00eda a d\u00eda. Se ha convertido en un tema central para entender c\u00f3mo la tecnolog\u00eda est\u00e1 reconfigurando la vida...\" \/>\n<meta name=\"robots\" content=\"index, follow, max-snippet:-1, max-image-preview:large, max-video-preview:-1\" \/>\n<link rel=\"canonical\" href=\"https:\/\/universofamilia.com\/hu\/inteligencia-artificial-en-el-dia-a-dia\/\" \/>\n<meta property=\"og:locale\" content=\"hu_HU\" \/>\n<meta property=\"og:type\" content=\"article\" \/>\n<meta property=\"og:title\" content=\"Inteligencia Artificial en el d\u00eda a d\u00eda - Universo Fam\u00edlia\" \/>\n<meta property=\"og:description\" content=\"Inteligencia Artificial en el d\u00eda a d\u00eda. Se ha convertido en un tema central para entender c\u00f3mo la tecnolog\u00eda est\u00e1 reconfigurando la vida...\" \/>\n<meta property=\"og:url\" content=\"https:\/\/universofamilia.com\/hu\/inteligencia-artificial-en-el-dia-a-dia\/\" \/>\n<meta property=\"og:site_name\" content=\"Universo Fam\u00edlia\" \/>\n<meta property=\"article:published_time\" content=\"2025-10-09T23:22:05+00:00\" \/>\n<meta property=\"article:modified_time\" content=\"2025-10-09T23:23:06+00:00\" \/>\n<meta property=\"og:image\" content=\"https:\/\/universofamilia.com\/wp-content\/uploads\/sites\/148\/2025\/10\/DESTAQUE-UNIVERSO-550-x-350-9.jpg\" \/>\n\t<meta property=\"og:image:width\" content=\"550\" \/>\n\t<meta property=\"og:image:height\" content=\"350\" \/>\n\t<meta property=\"og:image:type\" content=\"image\/jpeg\" \/>\n<meta name=\"author\" content=\"Matheus Sangaletti\" \/>\n<meta name=\"twitter:card\" content=\"summary_large_image\" \/>\n<meta name=\"twitter:label1\" content=\"Written by\" \/>\n\t<meta name=\"twitter:data1\" content=\"Matheus Sangaletti\" \/>\n\t<meta name=\"twitter:label2\" content=\"Est. reading time\" \/>\n\t<meta name=\"twitter:data2\" content=\"8 perc\" \/>\n<script type=\"application\/ld+json\" class=\"yoast-schema-graph\">{\"@context\":\"https:\/\/schema.org\",\"@graph\":[{\"@type\":\"WebPage\",\"@id\":\"https:\/\/universofamilia.com\/hi\/inteligencia-artificial-en-el-dia-a-dia\/\",\"url\":\"https:\/\/universofamilia.com\/hi\/inteligencia-artificial-en-el-dia-a-dia\/\",\"name\":\"Inteligencia Artificial en el d\u00eda a d\u00eda - Universo Fam\u00edlia\",\"isPartOf\":{\"@id\":\"https:\/\/universofamilia.com\/el\/#website\"},\"primaryImageOfPage\":{\"@id\":\"https:\/\/universofamilia.com\/hi\/inteligencia-artificial-en-el-dia-a-dia\/#primaryimage\"},\"image\":{\"@id\":\"https:\/\/universofamilia.com\/hi\/inteligencia-artificial-en-el-dia-a-dia\/#primaryimage\"},\"thumbnailUrl\":\"https:\/\/universofamilia.com\/wp-content\/uploads\/sites\/148\/2025\/10\/DESTAQUE-UNIVERSO-550-x-350-9.jpg\",\"datePublished\":\"2025-10-09T23:22:05+00:00\",\"dateModified\":\"2025-10-09T23:23:06+00:00\",\"author\":{\"@id\":\"https:\/\/universofamilia.com\/el\/#\/schema\/person\/92fcd07e9b1f4323bf74f3170fc0f78a\"},\"description\":\"Inteligencia Artificial en el d\u00eda a d\u00eda. Se ha convertido en un tema central para entender c\u00f3mo la tecnolog\u00eda est\u00e1 reconfigurando la vida...\",\"breadcrumb\":{\"@id\":\"https:\/\/universofamilia.com\/hi\/inteligencia-artificial-en-el-dia-a-dia\/#breadcrumb\"},\"inLanguage\":\"hu\",\"potentialAction\":[{\"@type\":\"ReadAction\",\"target\":[\"https:\/\/universofamilia.com\/hi\/inteligencia-artificial-en-el-dia-a-dia\/\"]}]},{\"@type\":\"ImageObject\",\"inLanguage\":\"hu\",\"@id\":\"https:\/\/universofamilia.com\/hi\/inteligencia-artificial-en-el-dia-a-dia\/#primaryimage\",\"url\":\"https:\/\/universofamilia.com\/wp-content\/uploads\/sites\/148\/2025\/10\/DESTAQUE-UNIVERSO-550-x-350-9.jpg\",\"contentUrl\":\"https:\/\/universofamilia.com\/wp-content\/uploads\/sites\/148\/2025\/10\/DESTAQUE-UNIVERSO-550-x-350-9.jpg\",\"width\":550,\"height\":350},{\"@type\":\"BreadcrumbList\",\"@id\":\"https:\/\/universofamilia.com\/hi\/inteligencia-artificial-en-el-dia-a-dia\/#breadcrumb\",\"itemListElement\":[{\"@type\":\"ListItem\",\"position\":1,\"name\":\"Home\",\"item\":\"https:\/\/universofamilia.com\/el\/\"},{\"@type\":\"ListItem\",\"position\":2,\"name\":\"Inteligencia Artificial en el d\u00eda a d\u00eda\"}]},{\"@type\":\"WebSite\",\"@id\":\"https:\/\/universofamilia.com\/el\/#website\",\"url\":\"https:\/\/universofamilia.com\/el\/\",\"name\":\"Universo Fam\u00edlia\",\"description\":\"\",\"potentialAction\":[{\"@type\":\"SearchAction\",\"target\":{\"@type\":\"EntryPoint\",\"urlTemplate\":\"https:\/\/universofamilia.com\/el\/?s={search_term_string}\"},\"query-input\":\"required name=search_term_string\"}],\"inLanguage\":\"hu\"},{\"@type\":\"Person\",\"@id\":\"https:\/\/universofamilia.com\/el\/#\/schema\/person\/92fcd07e9b1f4323bf74f3170fc0f78a\",\"name\":\"Matheus Sangaletti\",\"image\":{\"@type\":\"ImageObject\",\"inLanguage\":\"hu\",\"@id\":\"https:\/\/universofamilia.com\/el\/#\/schema\/person\/image\/\",\"url\":\"https:\/\/secure.gravatar.com\/avatar\/280ea957a14a48e6a1ad2133d2cc27c9?s=96&d=mm&r=g\",\"contentUrl\":\"https:\/\/secure.gravatar.com\/avatar\/280ea957a14a48e6a1ad2133d2cc27c9?s=96&d=mm&r=g\",\"caption\":\"Matheus Sangaletti\"},\"url\":\"https:\/\/universofamilia.com\/hu\/author\/matheuss\/\"}]}<\/script>\n<!-- \/ Yoast SEO plugin. -->","yoast_head_json":{"title":"Inteligencia Artificial en el d\u00eda a d\u00eda - Universo Fam\u00edlia","description":"Inteligencia Artificial en el d\u00eda a d\u00eda. Se ha convertido en un tema central para entender c\u00f3mo la tecnolog\u00eda est\u00e1 reconfigurando la vida...","robots":{"index":"index","follow":"follow","max-snippet":"max-snippet:-1","max-image-preview":"max-image-preview:large","max-video-preview":"max-video-preview:-1"},"canonical":"https:\/\/universofamilia.com\/hu\/inteligencia-artificial-en-el-dia-a-dia\/","og_locale":"hu_HU","og_type":"article","og_title":"Inteligencia Artificial en el d\u00eda a d\u00eda - Universo Fam\u00edlia","og_description":"Inteligencia Artificial en el d\u00eda a d\u00eda. Se ha convertido en un tema central para entender c\u00f3mo la tecnolog\u00eda est\u00e1 reconfigurando la vida...","og_url":"https:\/\/universofamilia.com\/hu\/inteligencia-artificial-en-el-dia-a-dia\/","og_site_name":"Universo Fam\u00edlia","article_published_time":"2025-10-09T23:22:05+00:00","article_modified_time":"2025-10-09T23:23:06+00:00","og_image":[{"width":550,"height":350,"url":"https:\/\/universofamilia.com\/wp-content\/uploads\/sites\/148\/2025\/10\/DESTAQUE-UNIVERSO-550-x-350-9.jpg","type":"image\/jpeg"}],"author":"Matheus Sangaletti","twitter_card":"summary_large_image","twitter_misc":{"Written by":"Matheus Sangaletti","Est. reading time":"8 perc"},"schema":{"@context":"https:\/\/schema.org","@graph":[{"@type":"WebPage","@id":"https:\/\/universofamilia.com\/hi\/inteligencia-artificial-en-el-dia-a-dia\/","url":"https:\/\/universofamilia.com\/hi\/inteligencia-artificial-en-el-dia-a-dia\/","name":"Inteligencia Artificial en el d\u00eda a d\u00eda - Universo Fam\u00edlia","isPartOf":{"@id":"https:\/\/universofamilia.com\/el\/#website"},"primaryImageOfPage":{"@id":"https:\/\/universofamilia.com\/hi\/inteligencia-artificial-en-el-dia-a-dia\/#primaryimage"},"image":{"@id":"https:\/\/universofamilia.com\/hi\/inteligencia-artificial-en-el-dia-a-dia\/#primaryimage"},"thumbnailUrl":"https:\/\/universofamilia.com\/wp-content\/uploads\/sites\/148\/2025\/10\/DESTAQUE-UNIVERSO-550-x-350-9.jpg","datePublished":"2025-10-09T23:22:05+00:00","dateModified":"2025-10-09T23:23:06+00:00","author":{"@id":"https:\/\/universofamilia.com\/el\/#\/schema\/person\/92fcd07e9b1f4323bf74f3170fc0f78a"},"description":"Inteligencia Artificial en el d\u00eda a d\u00eda. Se ha convertido en un tema central para entender c\u00f3mo la tecnolog\u00eda est\u00e1 reconfigurando la vida...","breadcrumb":{"@id":"https:\/\/universofamilia.com\/hi\/inteligencia-artificial-en-el-dia-a-dia\/#breadcrumb"},"inLanguage":"hu","potentialAction":[{"@type":"ReadAction","target":["https:\/\/universofamilia.com\/hi\/inteligencia-artificial-en-el-dia-a-dia\/"]}]},{"@type":"ImageObject","inLanguage":"hu","@id":"https:\/\/universofamilia.com\/hi\/inteligencia-artificial-en-el-dia-a-dia\/#primaryimage","url":"https:\/\/universofamilia.com\/wp-content\/uploads\/sites\/148\/2025\/10\/DESTAQUE-UNIVERSO-550-x-350-9.jpg","contentUrl":"https:\/\/universofamilia.com\/wp-content\/uploads\/sites\/148\/2025\/10\/DESTAQUE-UNIVERSO-550-x-350-9.jpg","width":550,"height":350},{"@type":"BreadcrumbList","@id":"https:\/\/universofamilia.com\/hi\/inteligencia-artificial-en-el-dia-a-dia\/#breadcrumb","itemListElement":[{"@type":"ListItem","position":1,"name":"Home","item":"https:\/\/universofamilia.com\/el\/"},{"@type":"ListItem","position":2,"name":"Inteligencia Artificial en el d\u00eda a d\u00eda"}]},{"@type":"WebSite","@id":"https:\/\/universofamilia.com\/el\/#website","url":"https:\/\/universofamilia.com\/el\/","name":"Universo Fam\u00edlia","description":"","potentialAction":[{"@type":"SearchAction","target":{"@type":"EntryPoint","urlTemplate":"https:\/\/universofamilia.com\/el\/?s={search_term_string}"},"query-input":"required name=search_term_string"}],"inLanguage":"hu"},{"@type":"Person","@id":"https:\/\/universofamilia.com\/el\/#\/schema\/person\/92fcd07e9b1f4323bf74f3170fc0f78a","name":"Matheus Sangaletti","image":{"@type":"ImageObject","inLanguage":"hu","@id":"https:\/\/universofamilia.com\/el\/#\/schema\/person\/image\/","url":"https:\/\/secure.gravatar.com\/avatar\/280ea957a14a48e6a1ad2133d2cc27c9?s=96&d=mm&r=g","contentUrl":"https:\/\/secure.gravatar.com\/avatar\/280ea957a14a48e6a1ad2133d2cc27c9?s=96&d=mm&r=g","caption":"Matheus Sangaletti"},"url":"https:\/\/universofamilia.com\/hu\/author\/matheuss\/"}]}},"_links":{"self":[{"href":"https:\/\/universofamilia.com\/hu\/wp-json\/wp\/v2\/posts\/9948"}],"collection":[{"href":"https:\/\/universofamilia.com\/hu\/wp-json\/wp\/v2\/posts"}],"about":[{"href":"https:\/\/universofamilia.com\/hu\/wp-json\/wp\/v2\/types\/post"}],"author":[{"embeddable":true,"href":"https:\/\/universofamilia.com\/hu\/wp-json\/wp\/v2\/users\/219"}],"replies":[{"embeddable":true,"href":"https:\/\/universofamilia.com\/hu\/wp-json\/wp\/v2\/comments?post=9948"}],"version-history":[{"count":2,"href":"https:\/\/universofamilia.com\/hu\/wp-json\/wp\/v2\/posts\/9948\/revisions"}],"predecessor-version":[{"id":9953,"href":"https:\/\/universofamilia.com\/hu\/wp-json\/wp\/v2\/posts\/9948\/revisions\/9953"}],"wp:featuredmedia":[{"embeddable":true,"href":"https:\/\/universofamilia.com\/hu\/wp-json\/wp\/v2\/media\/9949"}],"wp:attachment":[{"href":"https:\/\/universofamilia.com\/hu\/wp-json\/wp\/v2\/media?parent=9948"}],"wp:term":[{"taxonomy":"category","embeddable":true,"href":"https:\/\/universofamilia.com\/hu\/wp-json\/wp\/v2\/categories?post=9948"},{"taxonomy":"post_tag","embeddable":true,"href":"https:\/\/universofamilia.com\/hu\/wp-json\/wp\/v2\/tags?post=9948"}],"curies":[{"name":"wp","href":"https:\/\/api.w.org\/{rel}","templated":true}]}}