{"id":9970,"date":"2025-10-10T17:48:08","date_gmt":"2025-10-10T20:48:08","guid":{"rendered":"https:\/\/universofamilia.com\/?p=9970"},"modified":"2025-10-15T16:09:34","modified_gmt":"2025-10-15T19:09:34","slug":"el-teletrabajo-en-2025-las-nuevas-tendencias-del-home-office","status":"publish","type":"post","link":"https:\/\/universofamilia.com\/hu\/el-teletrabajo-en-2025-las-nuevas-tendencias-del-home-office\/","title":{"rendered":"T\u00e1vmunka 2025-ben: \u00daj otthoni irodai trendek"},"content":{"rendered":"<p class=\"has-text-align-center\"><strong>T\u00e1vmunka 2025-ben: \u00daj otthoni irodai trendek<\/strong> Ez m\u00e1r sok v\u00e1llalat munkastrukt\u00far\u00e1j\u00e1nak r\u00e9sze; nem egy \u00e1tmeneti divath\u00f3bortr\u00f3l van sz\u00f3, hanem egy m\u00e9lyrehat\u00f3 \u00e1talakul\u00e1sr\u00f3l.<\/p>\n\n\n\n<figure class=\"wp-block-gallery aligncenter has-nested-images columns-default is-cropped wp-block-gallery-1 is-layout-flex wp-block-gallery-is-layout-flex\">\n<figure class=\"wp-block-image size-full\"><img loading=\"lazy\" decoding=\"async\" width=\"450\" height=\"250\" data-id=\"9992\" src=\"https:\/\/universofamilia.com\/wp-content\/uploads\/sites\/148\/2025\/10\/Destaque-Universo-3-1.jpg\" alt=\"\" class=\"wp-image-9992\" srcset=\"https:\/\/universofamilia.com\/wp-content\/uploads\/sites\/148\/2025\/10\/Destaque-Universo-3-1.jpg 450w, https:\/\/universofamilia.com\/wp-content\/uploads\/sites\/148\/2025\/10\/Destaque-Universo-3-1-300x167.jpg 300w, https:\/\/universofamilia.com\/wp-content\/uploads\/sites\/148\/2025\/10\/Destaque-Universo-3-1-18x10.jpg 18w\" sizes=\"(max-width: 450px) 100vw, 450px\" \/><\/figure>\n<\/figure>\n\n\n\n<p>Ebben a cikkben megtudhatja:<\/p>\n\n\n\n<ul>\n<li>Az idei \u00e9v leg\u00fajabb v\u00e1ltoz\u00e1sai \u00e9s \u00faj trendjei az otthoni irod\u00e1ban.<\/li>\n\n\n\n<li>Hogyan befoly\u00e1solj\u00e1k ezek a trendek a munkav\u00e1llal\u00f3kat \u00e9s a munk\u00e1ltat\u00f3kat.<\/li>\n\n\n\n<li>Konkr\u00e9t strat\u00e9gi\u00e1k az alkalmazkod\u00e1sra \u00e9s az el\u0151ny megszerz\u00e9s\u00e9re.<\/li>\n<\/ul>\n\n\n\n<p>Tudod, mik lesznek a t\u00e1vmunka meghat\u00e1roz\u00f3 jellemz\u0151i id\u00e9n?<\/p>\n\n\n\n<h4 class=\"wp-block-heading\"><strong>A t\u00e1vmunka jelenlegi helyzete Mexik\u00f3ban \u00e9s a vil\u00e1gban<\/strong><\/h4>\n\n\n\n<p>Mexik\u00f3ban, egy jelent\u00e9s szerint <em>\u00dczleti trendek Mexik\u00f3ban 2025-ben<\/em>, t\u00f6bb mint <strong>65 % v\u00e1llalat<\/strong> a vil\u00e1gj\u00e1rv\u00e1ny alatt valamilyen t\u00e1voli m\u00f3dszert alkalmaztak.<\/p>\n\n\n\n<p>2025-re ez az ar\u00e1ny v\u00e1rhat\u00f3an emelkedni fog <strong>t\u00f6bb mint 75 %<\/strong>, k\u00fcl\u00f6n\u00f6sen olyan \u00e1gazatokban, mint a technol\u00f3gia, a p\u00e9nz\u00fcgyi szolg\u00e1ltat\u00e1sok \u00e9s az oktat\u00e1s. <\/p>\n\n\n\n<p>Vil\u00e1gszerte a tanulm\u00e1nyok azt mutatj\u00e1k, hogy kb. <strong>28 % a munkaer\u0151b\u0151l<\/strong> t\u00e1volr\u00f3l dolgozhatsz, ak\u00e1r hibrid m\u00f3dban, ak\u00e1r teljesen otthonr\u00f3l.<\/p>\n\n\n\n<p>Ezek az adatok azt mutatj\u00e1k, hogy a t\u00e1vmunka m\u00e1r nem kiv\u00e9tel, hanem az \u00faj norm\u00e1lis r\u00e9sz.<\/p>\n\n\n\n<h4 class=\"wp-block-heading\"> <strong>A f\u0151bb trendek, amelyek 2025-ben alak\u00edtj\u00e1k az otthoni irod\u00e1t<\/strong><\/h4>\n\n\n\n<p>\u00cdme azok a trendek, amelyek id\u00e9n \u00e9s val\u00f3sz\u00edn\u0171leg a j\u00f6v\u0151ben is meghat\u00e1rozz\u00e1k a t\u00e1vmunk\u00e1t.<\/p>\n\n\n\n<h5 class=\"wp-block-heading\"><strong>1. Kifinomult hibrid modellek<\/strong><\/h5>\n\n\n\n<p>Sok szervezet ma m\u00e1r a hibrid modelleket r\u00e9szes\u00edti el\u0151nyben, amelyek az otthoni munkav\u00e9gz\u00e9st a szem\u00e9lyes jelenl\u00e9ttel \u00f6tv\u00f6zik. <\/p>\n\n\n\n<p>Nem csak arr\u00f3l van sz\u00f3, hogy \u201en\u00e9h\u00e1ny nap m\u00falva \u00e9rkezem\u201d, hanem az \u00fctemtervek struktur\u00e1l\u00e1s\u00e1r\u00f3l, az egy\u00fcttm\u0171k\u00f6d\u00e9sre alkalmas terekr\u0151l, valamint a fizikai \u00e9s virtu\u00e1lis irodai szab\u00e1lyzatok egy\u00e9rtelm\u0171 haszn\u00e1lat\u00e1r\u00f3l.<\/p>\n\n\n\n<h5 class=\"wp-block-heading\"><strong>2. Decentraliz\u00e1lt irod\u00e1k \u00e9s helyi k\u00f6z\u00f6ss\u00e9gi irod\u00e1k<\/strong><\/h5>\n\n\n\n<p>A v\u00e1llalatok megk\u00f6nny\u00edtik alkalmazottaik sz\u00e1m\u00e1ra, hogy a hagyom\u00e1nyos otthonaikon k\u00edv\u00fcli, k\u00f6zeli helyekr\u0151l dolgozzanak, p\u00e9ld\u00e1ul k\u00f6z\u00f6ss\u00e9gi irod\u00e1kat l\u00e9tes\u00edtenek a k\u00f6rny\u00e9ken vagy fi\u00f3kirod\u00e1kat hoznak l\u00e9tre.<\/p>\n\n\n\n<p>Cs\u00f6kken az utaz\u00e1si id\u0151, n\u0151 a motiv\u00e1ci\u00f3, \u00e9s javul az \u00e9letmin\u0151s\u00e9g.<\/p>\n\n\n\n<h5 class=\"wp-block-heading\"><strong>3. A technol\u00f3gia mint alapvet\u0151 t\u00e9nyez\u0151<\/strong><\/h5>\n\n\n\n<p>Eszk\u00f6z\u00f6k val\u00f3s idej\u0171 egy\u00fcttm\u0171k\u00f6d\u00e9shez, kiv\u00e1l\u00f3 min\u0151s\u00e9g\u0171 videokonferenci\u00e1khoz, kiterjesztett \u00e9s virtu\u00e1lis val\u00f3s\u00e1ghoz megbesz\u00e9l\u00e9sekhez, valamint olyan platformok, amelyek integr\u00e1lj\u00e1k a feladatkezel\u00e9st, a j\u00f3ll\u00e9tet \u00e9s a termel\u00e9kenys\u00e9get.<\/p>\n\n\n\n<p>Az internet sebess\u00e9ge sz\u00e1m\u00edt, ahogy a kapcsolat biztons\u00e1ga is.<\/p>\n\n\n\n<h5 class=\"wp-block-heading\"><strong>4. A beoszt\u00e1s val\u00f3di rugalmass\u00e1ga<\/strong><\/h5>\n\n\n\n<p>Nem el\u00e9g egyszer\u0171en lehet\u0151v\u00e9 tenni az otthoni munkav\u00e9gz\u00e9st: rugalmas munkaid\u0151-beoszt\u00e1st v\u00e1rnak el, azzal a k\u00e9pess\u00e9ggel, hogy alkalmazkodjanak a szem\u00e9lyes id\u0151beoszt\u00e1shoz, amennyiben az megfelel a c\u00e9loknak.<\/p>\n\n\n\n<p>Ez mag\u00e1ban foglalja a cs\u00facsforgalom elker\u00fcl\u00e9se \u00e9rdek\u00e9ben eltolt id\u0151beoszt\u00e1st, a ment\u00e1lis eg\u00e9szs\u00e9g meg\u0151rz\u00e9s\u00e9t \u00e9s a munka \u00e9s a mag\u00e1n\u00e9let egyens\u00faly\u00e1nak el\u0151mozd\u00edt\u00e1s\u00e1t.<\/p>\n\n\n\n<h5 class=\"wp-block-heading\"><strong>5. A j\u00f3ll\u00e9t, a ment\u00e1lis eg\u00e9szs\u00e9g \u00e9s az ergon\u00f3mia el\u0151t\u00e9rbe helyez\u00e9se<\/strong><\/h5>\n\n\n\n<p>Az elszigetelts\u00e9g vagy a hossz\u00fa munka\u00f3r\u00e1k fizikai elk\u00fcl\u00f6n\u00fcl\u00e9se n\u00e9lk\u00fcl az otthon \u00e9s a munkahely k\u00f6z\u00f6tt megviseli a k\u00f6rnyezetet.<\/p>\n\n\n\n<p>A v\u00e1llalatok \u00e9rzelmi t\u00e1mogat\u00f3 programokba, otthoni ergon\u00f3mi\u00e1ba (sz\u00e9kek, \u00edr\u00f3asztalok, vil\u00e1g\u00edt\u00e1s), akt\u00edv sz\u00fcnetekbe \u00e9s az eg\u00e9szs\u00e9ges szok\u00e1sok el\u0151mozd\u00edt\u00e1s\u00e1ba fektetnek be.<\/p>\n\n\n\n<h5 class=\"wp-block-heading\"><strong>6. Befogad\u00e1s \u00e9s m\u00e9lt\u00e1nyoss\u00e1g t\u00e1volr\u00f3l<\/strong><\/h5>\n\n\n\n<p>Biztos\u00edtsa, hogy minden alkalmazott hozz\u00e1f\u00e9rjen az er\u0151forr\u00e1sokhoz: megb\u00edzhat\u00f3 internetkapcsolat, megfelel\u0151 hardver \u00e9s biztons\u00e1gos munkak\u00f6rnyezet.<\/p>\n\n\n\n<p>Azt is biztos\u00edtsa, hogy a t\u00e1vmunk\u00e1ban dolgoz\u00f3k ne maradjanak le az el\u0151rel\u00e9p\u00e9si lehet\u0151s\u00e9gekr\u0151l, \u00e9s ne v\u00e1ljanak l\u00e1thatatlann\u00e1 a vezet\u0151s\u00e9g sz\u00e1m\u00e1ra.<\/p>\n\n\n\n<h4 class=\"wp-block-heading\"><strong> A halad\u00f3 szint\u0171 t\u00e1vmunka el\u0151nyei \u00e9s kock\u00e1zatai<\/strong><\/h4>\n\n\n\n<p>Az el\u0151ny\u00f6k \u00e9s h\u00e1tr\u00e1nyok re\u00e1lis elemz\u00e9se lehet\u0151v\u00e9 teszi, hogy jobb d\u00f6nt\u00e9seket hozzon.<\/p>\n\n\n\n<h5 class=\"wp-block-heading\"><strong>El\u0151ny\u00f6k<\/strong><\/h5>\n\n\n\n<ul>\n<li>Megn\u00f6vekedett termel\u00e9kenys\u00e9g: Sok alkalmazott azonos vagy magasabb teljes\u00edtm\u00e9nyr\u0151l sz\u00e1mol be t\u00e1volr\u00f3l vagy hibrid k\u00f6rnyezetben dolgozva, mivel kevesebb fizikai megszak\u00edt\u00e1s t\u00f6rt\u00e9nik.<\/li>\n\n\n\n<li>K\u00f6lts\u00e9gmegtakar\u00edt\u00e1s: a v\u00e1llalkoz\u00e1sok sz\u00e1m\u00e1ra kevesebb hely, kevesebb energia \u00e9s kevesebb fix k\u00f6lts\u00e9g; az alkalmazottak sz\u00e1m\u00e1ra kevesebb utaz\u00e1s \u00e9s kevesebb, otthonr\u00f3l t\u00e1vol elk\u00f6lt\u00f6tt \u00e9tel.<\/li>\n\n\n\n<li>Tehets\u00e9gek vonz\u00e1sa: A rugalmass\u00e1g d\u00f6nt\u0151 t\u00e9nyez\u0151 a potenci\u00e1lis alkalmazottak sz\u00e1m\u00e1ra.<\/li>\n<\/ul>\n\n\n\n<h5 class=\"wp-block-heading\"><strong>Kock\u00e1zatok<\/strong><\/h5>\n\n\n\n<ul>\n<li>Digit\u00e1lis f\u00e1radts\u00e1g \u00e9s elmos\u00f3dott hat\u00e1rok a mag\u00e1n\u00e9let \u00e9s a munka k\u00f6z\u00f6tt: a fizikai iroda \u201eajt\u00f3j\u00e1nak bez\u00e1r\u00e1sa\u201d n\u00e9lk\u00fcli munkav\u00e9gz\u00e9s ki\u00e9g\u00e9shez vezethet.<\/li>\n\n\n\n<li>Technol\u00f3giai egyenl\u0151tlens\u00e9g: Nem mindenkinek van hozz\u00e1f\u00e9r\u00e9se nagy sebess\u00e9g\u0171 internethez, megfelel\u0151 helyekhez vagy korszer\u0171 felszerel\u00e9shez.<\/li>\n\n\n\n<li>A v\u00e1llalati kult\u00fara \u00e9s az inform\u00e1lis kommunik\u00e1ci\u00f3 elveszt\u00e9se: Az irod\u00e1ban felmer\u00fcl\u0151 spont\u00e1n besz\u00e9lget\u00e9sek elvesznek; ez befoly\u00e1solhatja a kreativit\u00e1st \u00e9s a koh\u00e9zi\u00f3t.<\/li>\n<\/ul>\n\n\n\n<h4 class=\"wp-block-heading\"> <strong>Strat\u00e9gi\u00e1k a t\u00e1vmunk\u00e1hoz val\u00f3 alkalmazkod\u00e1shoz 2025-ben: \u00faj otthoni irodai trendek<\/strong><\/h4>\n\n\n\n<p>Annak \u00e9rdek\u00e9ben, hogy v\u00e1llalata vagy \u00d6n szakemberk\u00e9nt ne maradjon le, \u00edme n\u00e9h\u00e1ny gyakorlati strat\u00e9gia.<\/p>\n\n\n\n<h5 class=\"wp-block-heading\"><strong>A. Vil\u00e1gos ir\u00e1nyelvek meghat\u00e1roz\u00e1sa<\/strong><\/h5>\n\n\n\n<p>Hat\u00e1rozza meg az elv\u00e1r\u00e1sokat: mikor k\u00f6telez\u0151 a szem\u00e9lyes megjelen\u00e9s, a k\u00f6z\u00f6s irod\u00e1k haszn\u00e1lat\u00e1nak krit\u00e9riumai, valamint a rugalmas id\u0151beoszt\u00e1s.<\/p>\n\n\n\n<p>Tudassa mindenkivel, hogy mikor, hogyan \u00e9s mire sz\u00e1m\u00edthat.<\/p>\n\n\n\n<h5 class=\"wp-block-heading\"><strong>B. Beruh\u00e1z\u00e1s a megfelel\u0151 infrastrukt\u00far\u00e1ba<\/strong><\/h5>\n\n\n\n<p>Gondoskodjon arr\u00f3l, hogy t\u00e1vmunk\u00e1ban dolgoz\u00f3 alkalmazottai megfelel\u0151 internet-hozz\u00e1f\u00e9r\u00e9ssel, megb\u00edzhat\u00f3 hardverrel \u00e9s j\u00f3l karbantartott helyis\u00e9gekkel rendelkezzenek.<\/p>\n\n\n\n<p>Ha otthoni irod\u00e1t haszn\u00e1lsz, fontold meg az ergonomikus b\u00fatorok, parav\u00e1nok \u00e9s sz\u00e9kek t\u00e1mogat\u00e1s\u00e1t.<\/p>\n\n\n\n<h5 class=\"wp-block-heading\"><strong>C. Gyakori kommunik\u00e1ci\u00f3 \u00e9s t\u00e1voli kult\u00fara<\/strong><\/h5>\n\n\n\n<p>Rendszeres tal\u00e1lkoz\u00f3k, de inform\u00e1lis virtu\u00e1lis terek is a kikapcsol\u00f3d\u00e1sra \u00e9s a t\u00e1rsas\u00e1gi \u00e9letre. Folyamatos visszajelz\u00e9s: mi m\u0171k\u00f6dik, mi nem, \u00e9s milyen m\u00f3dos\u00edt\u00e1sok sz\u00fcks\u00e9gesek.<\/p>\n\n\n\n<h5 class=\"wp-block-heading\"><strong>D. Edz\u00e9s \u00e9s ment\u00e1lis eg\u00e9szs\u00e9g<\/strong><\/h5>\n\n\n\n<p>T\u00e1voli id\u0151gazd\u00e1lkod\u00e1ssal, digit\u00e1lis eszk\u00f6z\u00f6kkel \u00e9s \u00f6ngondoskod\u00e1ssal kapcsolatos k\u00e9pz\u00e9s. Sz\u00fcks\u00e9g eset\u00e9n pszichol\u00f3giai t\u00e1mogat\u00f3 programok.<\/p>\n\n\n\n<p>Ismerd fel, hogy a t\u00e1vmunka nem jelenti azt, hogy mindig \u201ebekapcsolva\u201d vagy.<\/p>\n\n\n\n<p>B\u0151vebben:&nbsp;<a href=\"https:\/\/universofamilia.com\/hu\/los-paises-mas-avanzados-en-regulacion-de-ia-en-2025\/\">A mesters\u00e9ges intelligencia szab\u00e1lyoz\u00e1s\u00e1ban legfejlettebb orsz\u00e1gok 2025-ben<\/a><\/p>\n\n\n\n<h4 class=\"wp-block-heading\"><strong>Eredeti p\u00e9ld\u00e1k<\/strong><\/h4>\n\n\n\n<p><strong>1. p\u00e9lda:<\/strong> Egy guadalajarai szoftverfejleszt\u0151 c\u00e9g hibrid modellt vezetett be 2025-re: h\u00e9tf\u0151n, kedden \u00e9s cs\u00fct\u00f6rt\u00f6k\u00f6n t\u00e1voktat\u00e1s; szerd\u00e1nk\u00e9nt szem\u00e9lyes k\u00f6zgy\u0171l\u00e9s; p\u00e9ntekenk\u00e9nt pedig opcion\u00e1lis k\u00f6z\u00f6s munkav\u00e9gz\u00e9s.<\/p>\n\n\n\n<p>Havi t\u00e1mogat\u00e1st aj\u00e1nlott fel minden fejleszt\u0151nek egy ergonomikus otthoni \u00edr\u00f3asztal megv\u00e1s\u00e1rl\u00e1s\u00e1hoz, \u00e9s l\u00e1tta, hogy a k\u00f3dol\u00e1si hib\u00e1k sz\u00e1ma 15-tel cs\u00f6kkent az el\u0151z\u0151 \u00e9vi 100 darabos % t\u00e1vir\u00e1ny\u00edt\u00f3s modellhez k\u00e9pest.<\/p>\n\n\n\n<p><strong>2. p\u00e9lda:<\/strong> Egy mexik\u00f3v\u00e1rosi oktat\u00e1si szervezet virtu\u00e1lis \u00f3r\u00e1kat \u00e9s t\u00e1voktat\u00e1st ind\u00edtott, de megtartotta a negyed\u00e9vente megtartott szem\u00e9lyes jelenl\u00e9tet ig\u00e9nyl\u0151 \u00f3r\u00e1kat.<\/p>\n\n\n\n<p>Ezenk\u00edv\u00fcl l\u00e9pcs\u0151zetes munkaid\u0151-beoszt\u00e1st vezetett be alkalmazottai sz\u00e1m\u00e1ra, \u00e9s bevezetett egy bels\u0151 platformot, amely lehet\u0151v\u00e9 teszi a helyi k\u00f6z\u00f6ss\u00e9gi irod\u00e1k foglal\u00e1s\u00e1t.<\/p>\n\n\n\n<p>Eredm\u00e9ny: megn\u00f6vekedett szem\u00e9lyzeti el\u00e9gedetts\u00e9g (egy bels\u0151 felm\u00e9r\u00e9s szerint) \u00e9s cs\u00f6kkent utaz\u00e1si k\u00f6lts\u00e9gek t\u00f6bb mint 50 % tan\u00e1r eset\u00e9ben.<\/p>\n\n\n\n<h4 class=\"wp-block-heading\"><strong>Relev\u00e1ns statisztik\u00e1k<\/strong><\/h4>\n\n\n\n<p>Glob\u00e1lis tanulm\u00e1nyok azt mutatj\u00e1k, hogy a t\u00e1vmunka a k\u00f6zelm\u00faltban stabiliz\u00e1l\u00f3dott: \u00e1tlagosan <strong>1,23 nap egy h\u00e9ten<\/strong> otthonr\u00f3l dolgoztak a fels\u0151fok\u00fa v\u00e9gzetts\u00e9ggel rendelkez\u0151k, ami k\u00f6r\u00fclbel\u00fcl <strong>25 % munkanap<\/strong> ezekben az esetekben. <\/p>\n\n\n\n<h3 class=\"wp-block-heading\"><strong>R\u00f6vid \u00f6sszehasonl\u00edt\u00e1s: t\u00e1vmunka vs. hagyom\u00e1nyos iroda<\/strong><\/h3>\n\n\n\n<figure class=\"wp-block-table\"><table><thead><tr><th>Vonatkoz\u00e1s<\/th><th>Hagyom\u00e1nyos iroda<\/th><th>Halad\u00f3 szint\u0171 t\u00e1vmunka\/hibrid munka<\/th><\/tr><\/thead><tbody><tr><td>Rugalmas munkaid\u0151<\/td><td>Korl\u00e1tozott, merev<\/td><td>Magas, a szem\u00e9lyes c\u00e9lokhoz igaz\u00edthat\u00f3<\/td><\/tr><tr><td>Fizikai k\u00f6lts\u00e9gek<\/td><td>Meg\u00e1ll\u00f3helyek sz\u00e1ll\u00edt\u00e1shoz \u00e9s irodai karbantart\u00e1shoz<\/td><td>Kiskor\u00faak alkalmazottak \u00e9s v\u00e1llalatok sz\u00e1m\u00e1ra<\/td><\/tr><tr><td>T\u00e1rsadalmi interakci\u00f3<\/td><td>Magas, spont\u00e1n<\/td><td>Lehets\u00e9ges hanyatl\u00e1s, akt\u00edv strat\u00e9gi\u00e1kat ig\u00e9nyel<\/td><\/tr><tr><td>Technol\u00f3giai k\u00f6vetelm\u00e9nyek<\/td><td>Alapvet\u0151 irodai haszn\u00e1lat<\/td><td>A j\u00f3 internet \u00e9s digit\u00e1lis eszk\u00f6z\u00f6k elengedhetetlenek.<\/td><\/tr><tr><td>Munka-mag\u00e1n\u00e9let egyens\u00falya<\/td><td>Jobban elhat\u00e1rolt<\/td><td>Sok m\u00falik a fegyelemen \u00e9s a szervez\u00e9sen<\/td><\/tr><\/tbody><\/table><figcaption class=\"wp-element-caption\">T\u00e1vmunka 2025-ben: \u00daj otthoni irodai trendek<\/figcaption><\/figure>\n\n\n\n<figure class=\"wp-block-gallery aligncenter has-nested-images columns-default is-cropped wp-block-gallery-2 is-layout-flex wp-block-gallery-is-layout-flex\">\n<figure class=\"wp-block-image size-full\"><img loading=\"lazy\" decoding=\"async\" width=\"550\" height=\"350\" data-id=\"9973\" src=\"https:\/\/universofamilia.com\/wp-content\/uploads\/sites\/148\/2025\/10\/DESTAQUE-UNIVERSO-550-x-350-14.jpg\" alt=\"\" class=\"wp-image-9973\" srcset=\"https:\/\/universofamilia.com\/wp-content\/uploads\/sites\/148\/2025\/10\/DESTAQUE-UNIVERSO-550-x-350-14.jpg 550w, https:\/\/universofamilia.com\/wp-content\/uploads\/sites\/148\/2025\/10\/DESTAQUE-UNIVERSO-550-x-350-14-300x191.jpg 300w, https:\/\/universofamilia.com\/wp-content\/uploads\/sites\/148\/2025\/10\/DESTAQUE-UNIVERSO-550-x-350-14-18x12.jpg 18w\" sizes=\"(max-width: 550px) 100vw, 550px\" \/><figcaption class=\"wp-element-caption\">CANVA<\/figcaption><\/figure>\n<\/figure>\n\n\n\n<h3 class=\"wp-block-heading\"><strong>K\u00f6vetkeztet\u00e9s<\/strong><\/h3>\n\n\n\n<p><strong>T\u00e1vmunka 2025-ben: \u00daj otthoni irodai trendek<\/strong> Ez nem csup\u00e1n egy modern c\u00edmke, hanem a munka term\u00e9szetes fejl\u0151d\u00e9se a digit\u00e1lis korban.<\/p>\n\n\n\n<p>Azok a v\u00e1llalatok, amelyek val\u00f3di rugalmass\u00e1gba, megfelel\u0151 infrastrukt\u00far\u00e1ba \u00e9s emberi gondoskod\u00e1sba fektetnek be, jobb helyzetben vannak a tehets\u00e9gek megtart\u00e1s\u00e1ban \u00e9s a versenyk\u00e9pess\u00e9g meg\u0151rz\u00e9s\u00e9ben.<\/p>\n\n\n\n<p>Nem arr\u00f3l van sz\u00f3, hogy visszat\u00e9rj\u00fcnk a m\u00faltba a zs\u00fafolt irod\u00e1kkal, \u00e9s nem is arr\u00f3l, hogy struktur\u00e1latlan t\u00e1vmunk\u00e1t er\u0151ltess\u00fcnk r\u00e1nk. Az egyens\u00faly, a vil\u00e1gos gondolkod\u00e1s \u00e9s az alkalmazkod\u00e1s lesznek a legjobb sz\u00f6vets\u00e9geseink.<\/p>\n\n\n\n<p>B\u0151vebben:<a href=\"https:\/\/universofamilia.com\/hu\/inteligencia-artificial-en-el-dia-a-dia\/\">&nbsp;Mesters\u00e9ges intelligencia a mindennapi \u00e9letben<\/a><\/p>\n\n\n\n<h3 class=\"wp-block-heading\"><strong>Gyakran ism\u00e9telt k\u00e9rd\u00e9sek<\/strong><\/h3>\n\n\n\n<p><strong>1. Hetente h\u00e1ny nap tekinthet\u0151 optim\u00e1lisnak otthonr\u00f3l dolgozni?<\/strong><br>Ez a feladat t\u00edpus\u00e1t\u00f3l, a v\u00e1llalati kult\u00far\u00e1t\u00f3l \u00e9s a szem\u00e9lyes preferenci\u00e1kt\u00f3l f\u00fcgg.<\/p>\n\n\n\n<p>Sok modell szerint a heti 2-3 nap t\u00e1vmunk\u00e1ban val\u00f3 munkav\u00e9gz\u00e9s ide\u00e1lis a vegyes szerepk\u00f6r\u00f6kh\u00f6z, mik\u00f6zben a szem\u00e9lyes interakci\u00f3 is megmarad az \u00f6sszhang, a kult\u00fara \u00e9s a kreativit\u00e1s \u00e9rdek\u00e9ben.<\/p>\n\n\n\n<p><strong>2. Hogyan akad\u00e1lyozhatom meg, hogy a t\u00e1vmunka befoly\u00e1solja a l\u00e1that\u00f3s\u00e1gomat \u00e9s az el\u0151meneteli lehet\u0151s\u00e9geimet?<\/strong><br>Tartson fenn virtu\u00e1lis jelenl\u00e9tet: vegyen r\u00e9szt megbesz\u00e9l\u00e9seken, javasoljon projekteket, ossza meg eredm\u00e9nyeit.<\/p>\n\n\n\n<p>Kulcsfontoss\u00e1g\u00fa, hogy a vezet\u0151s\u00e9g elismerje a t\u00e1vmunk\u00e1t jogosnak, \u00e9s hogy legyenek eredm\u00e9nyalap\u00fa teljes\u00edtm\u00e9nymutat\u00f3k.<\/p>\n\n\n\n<p><strong>3. Milyen eszk\u00f6z\u00f6k elengedhetetlenek a modern t\u00e1vmunk\u00e1hoz?<\/strong><br><\/p>\n\n\n\n<p>Stabil kapcsolat \u00e9s <a href=\"https:\/\/universofamilia.com\/hu\/como-montar-un-home-office-productivo-gastando-poco\/\">Internet<\/a> Gyors; egy\u00fcttm\u0171k\u00f6d\u00e9si platformok, mint p\u00e9ld\u00e1ul a Slack, a Microsoft Teams vagy hasonl\u00f3k; feladatkezel\u0151 szoftverek (Trello, Asana, Notion); videokonferencia-eszk\u00f6z\u00f6k; adatment\u00e9s; \u00e9s IT-biztons\u00e1gi megold\u00e1sok.<\/p>\n\n\n\n<p><strong>4. Hogyan biztos\u00edthat\u00f3 a ment\u00e1lis \u00e9s fizikai j\u00f3l\u00e9t otthoni munkav\u00e9gz\u00e9s k\u00f6zben?<\/strong><br>\u00c1ll\u00edtson be beoszt\u00e1st tervezett sz\u00fcnetekkel, egy erre a c\u00e9lra kialak\u00edtott munkater\u00fclettel, amely el\u0151seg\u00edti a koncentr\u00e1ci\u00f3t, a szem tehermentes\u00edt\u00e9s\u00e9t \u00e9s a rendszeres testmozg\u00e1st.<\/p>\n\n\n\n<p>A munkater\u00fcletek elk\u00fcl\u00f6n\u00edt\u00e9se a pihen\u0151terekt\u0151l ugyanolyan fontos, mint a j\u00f3 digit\u00e1lis eszk\u00f6z\u00f6k megl\u00e9te.<\/p>","protected":false},"excerpt":{"rendered":"<p>El teletrabajo en 2025: las nuevas tendencias del home office ya forma parte de la estructura laboral de muchas empresas; no es una moda temporal sino una transformaci\u00f3n profunda. En este art\u00edculo vas a conocer: \u00bfSabes cu\u00e1les ser\u00e1n los rasgos que definir\u00e1n el trabajo remoto este a\u00f1o? El estado actual del trabajo remoto en M\u00e9xico [&hellip;]<\/p>","protected":false},"author":219,"featured_media":9992,"comment_status":"closed","ping_status":"open","sticky":false,"template":"","format":"standard","meta":{"footnotes":""},"categories":[5],"tags":[],"yoast_head":"<!-- This site is optimized with the Yoast SEO plugin v23.3 - https:\/\/yoast.com\/wordpress\/plugins\/seo\/ -->\n<title>El teletrabajo en 2025: las nuevas tendencias del home office - Universo Fam\u00edlia<\/title>\n<meta name=\"description\" content=\"El teletrabajo en 2025: las nuevas tendencias del home office ya forma parte de la estructura laboral de muchas empresas; no es una moda...\" \/>\n<meta name=\"robots\" content=\"index, follow, max-snippet:-1, max-image-preview:large, max-video-preview:-1\" \/>\n<link rel=\"canonical\" href=\"http:\/\/universofamilia.com\/hu\/el-teletrabajo-en-2025-las-nuevas-tendencias-del-home-office\/\" \/>\n<meta property=\"og:locale\" content=\"hu_HU\" \/>\n<meta property=\"og:type\" content=\"article\" \/>\n<meta property=\"og:title\" content=\"El teletrabajo en 2025: las nuevas tendencias del home office - Universo Fam\u00edlia\" \/>\n<meta property=\"og:description\" content=\"El teletrabajo en 2025: las nuevas tendencias del home office ya forma parte de la estructura laboral de muchas empresas; no es una moda...\" \/>\n<meta property=\"og:url\" content=\"http:\/\/universofamilia.com\/hu\/el-teletrabajo-en-2025-las-nuevas-tendencias-del-home-office\/\" \/>\n<meta property=\"og:site_name\" content=\"Universo Fam\u00edlia\" \/>\n<meta property=\"article:published_time\" content=\"2025-10-10T20:48:08+00:00\" \/>\n<meta property=\"article:modified_time\" content=\"2025-10-15T19:09:34+00:00\" \/>\n<meta property=\"og:image\" content=\"http:\/\/universofamilia.com\/wp-content\/uploads\/sites\/148\/2025\/10\/Destaque-Universo-3-1.jpg\" \/>\n\t<meta property=\"og:image:width\" content=\"450\" \/>\n\t<meta property=\"og:image:height\" content=\"250\" \/>\n\t<meta property=\"og:image:type\" content=\"image\/jpeg\" \/>\n<meta name=\"author\" content=\"Matheus Sangaletti\" \/>\n<meta name=\"twitter:card\" content=\"summary_large_image\" \/>\n<meta name=\"twitter:label1\" content=\"Written by\" \/>\n\t<meta name=\"twitter:data1\" content=\"Matheus Sangaletti\" \/>\n\t<meta name=\"twitter:label2\" content=\"Est. reading time\" \/>\n\t<meta name=\"twitter:data2\" content=\"8 perc\" \/>\n<script type=\"application\/ld+json\" class=\"yoast-schema-graph\">{\"@context\":\"https:\/\/schema.org\",\"@graph\":[{\"@type\":\"WebPage\",\"@id\":\"http:\/\/universofamilia.com\/sr\/el-teletrabajo-en-2025-las-nuevas-tendencias-del-home-office\/\",\"url\":\"http:\/\/universofamilia.com\/sr\/el-teletrabajo-en-2025-las-nuevas-tendencias-del-home-office\/\",\"name\":\"El teletrabajo en 2025: las nuevas tendencias del home office - Universo Fam\u00edlia\",\"isPartOf\":{\"@id\":\"http:\/\/universofamilia.com\/zh_hk\/#website\"},\"primaryImageOfPage\":{\"@id\":\"http:\/\/universofamilia.com\/sr\/el-teletrabajo-en-2025-las-nuevas-tendencias-del-home-office\/#primaryimage\"},\"image\":{\"@id\":\"http:\/\/universofamilia.com\/sr\/el-teletrabajo-en-2025-las-nuevas-tendencias-del-home-office\/#primaryimage\"},\"thumbnailUrl\":\"https:\/\/universofamilia.com\/wp-content\/uploads\/sites\/148\/2025\/10\/Destaque-Universo-3-1.jpg\",\"datePublished\":\"2025-10-10T20:48:08+00:00\",\"dateModified\":\"2025-10-15T19:09:34+00:00\",\"author\":{\"@id\":\"http:\/\/universofamilia.com\/zh_hk\/#\/schema\/person\/92fcd07e9b1f4323bf74f3170fc0f78a\"},\"description\":\"El teletrabajo en 2025: las nuevas tendencias del home office ya forma parte de la estructura laboral de muchas empresas; no es una moda...\",\"breadcrumb\":{\"@id\":\"http:\/\/universofamilia.com\/sr\/el-teletrabajo-en-2025-las-nuevas-tendencias-del-home-office\/#breadcrumb\"},\"inLanguage\":\"hu\",\"potentialAction\":[{\"@type\":\"ReadAction\",\"target\":[\"http:\/\/universofamilia.com\/sr\/el-teletrabajo-en-2025-las-nuevas-tendencias-del-home-office\/\"]}]},{\"@type\":\"ImageObject\",\"inLanguage\":\"hu\",\"@id\":\"http:\/\/universofamilia.com\/sr\/el-teletrabajo-en-2025-las-nuevas-tendencias-del-home-office\/#primaryimage\",\"url\":\"https:\/\/universofamilia.com\/wp-content\/uploads\/sites\/148\/2025\/10\/Destaque-Universo-3-1.jpg\",\"contentUrl\":\"https:\/\/universofamilia.com\/wp-content\/uploads\/sites\/148\/2025\/10\/Destaque-Universo-3-1.jpg\",\"width\":450,\"height\":250,\"caption\":\"Trabalho remoto em 2025: as novas tend\u00eancias do home office\"},{\"@type\":\"BreadcrumbList\",\"@id\":\"http:\/\/universofamilia.com\/sr\/el-teletrabajo-en-2025-las-nuevas-tendencias-del-home-office\/#breadcrumb\",\"itemListElement\":[{\"@type\":\"ListItem\",\"position\":1,\"name\":\"Home\",\"item\":\"http:\/\/universofamilia.com\/zh_hk\/\"},{\"@type\":\"ListItem\",\"position\":2,\"name\":\"El teletrabajo en 2025: las nuevas tendencias del home office\"}]},{\"@type\":\"WebSite\",\"@id\":\"http:\/\/universofamilia.com\/zh_hk\/#website\",\"url\":\"http:\/\/universofamilia.com\/zh_hk\/\",\"name\":\"Universo Fam\u00edlia\",\"description\":\"\",\"potentialAction\":[{\"@type\":\"SearchAction\",\"target\":{\"@type\":\"EntryPoint\",\"urlTemplate\":\"http:\/\/universofamilia.com\/zh_hk\/?s={search_term_string}\"},\"query-input\":\"required name=search_term_string\"}],\"inLanguage\":\"hu\"},{\"@type\":\"Person\",\"@id\":\"http:\/\/universofamilia.com\/zh_hk\/#\/schema\/person\/92fcd07e9b1f4323bf74f3170fc0f78a\",\"name\":\"Matheus Sangaletti\",\"image\":{\"@type\":\"ImageObject\",\"inLanguage\":\"hu\",\"@id\":\"http:\/\/universofamilia.com\/zh_hk\/#\/schema\/person\/image\/\",\"url\":\"https:\/\/secure.gravatar.com\/avatar\/280ea957a14a48e6a1ad2133d2cc27c9?s=96&d=mm&r=g\",\"contentUrl\":\"https:\/\/secure.gravatar.com\/avatar\/280ea957a14a48e6a1ad2133d2cc27c9?s=96&d=mm&r=g\",\"caption\":\"Matheus Sangaletti\"},\"url\":\"https:\/\/universofamilia.com\/hu\/author\/matheuss\/\"}]}<\/script>\n<!-- \/ Yoast SEO plugin. -->","yoast_head_json":{"title":"El teletrabajo en 2025: las nuevas tendencias del home office - Universo Fam\u00edlia","description":"El teletrabajo en 2025: las nuevas tendencias del home office ya forma parte de la estructura laboral de muchas empresas; no es una moda...","robots":{"index":"index","follow":"follow","max-snippet":"max-snippet:-1","max-image-preview":"max-image-preview:large","max-video-preview":"max-video-preview:-1"},"canonical":"http:\/\/universofamilia.com\/hu\/el-teletrabajo-en-2025-las-nuevas-tendencias-del-home-office\/","og_locale":"hu_HU","og_type":"article","og_title":"El teletrabajo en 2025: las nuevas tendencias del home office - Universo Fam\u00edlia","og_description":"El teletrabajo en 2025: las nuevas tendencias del home office ya forma parte de la estructura laboral de muchas empresas; no es una moda...","og_url":"http:\/\/universofamilia.com\/hu\/el-teletrabajo-en-2025-las-nuevas-tendencias-del-home-office\/","og_site_name":"Universo Fam\u00edlia","article_published_time":"2025-10-10T20:48:08+00:00","article_modified_time":"2025-10-15T19:09:34+00:00","og_image":[{"width":450,"height":250,"url":"http:\/\/universofamilia.com\/wp-content\/uploads\/sites\/148\/2025\/10\/Destaque-Universo-3-1.jpg","type":"image\/jpeg"}],"author":"Matheus Sangaletti","twitter_card":"summary_large_image","twitter_misc":{"Written by":"Matheus Sangaletti","Est. reading time":"8 perc"},"schema":{"@context":"https:\/\/schema.org","@graph":[{"@type":"WebPage","@id":"http:\/\/universofamilia.com\/sr\/el-teletrabajo-en-2025-las-nuevas-tendencias-del-home-office\/","url":"http:\/\/universofamilia.com\/sr\/el-teletrabajo-en-2025-las-nuevas-tendencias-del-home-office\/","name":"El teletrabajo en 2025: las nuevas tendencias del home office - Universo Fam\u00edlia","isPartOf":{"@id":"http:\/\/universofamilia.com\/zh_hk\/#website"},"primaryImageOfPage":{"@id":"http:\/\/universofamilia.com\/sr\/el-teletrabajo-en-2025-las-nuevas-tendencias-del-home-office\/#primaryimage"},"image":{"@id":"http:\/\/universofamilia.com\/sr\/el-teletrabajo-en-2025-las-nuevas-tendencias-del-home-office\/#primaryimage"},"thumbnailUrl":"https:\/\/universofamilia.com\/wp-content\/uploads\/sites\/148\/2025\/10\/Destaque-Universo-3-1.jpg","datePublished":"2025-10-10T20:48:08+00:00","dateModified":"2025-10-15T19:09:34+00:00","author":{"@id":"http:\/\/universofamilia.com\/zh_hk\/#\/schema\/person\/92fcd07e9b1f4323bf74f3170fc0f78a"},"description":"El teletrabajo en 2025: las nuevas tendencias del home office ya forma parte de la estructura laboral de muchas empresas; no es una moda...","breadcrumb":{"@id":"http:\/\/universofamilia.com\/sr\/el-teletrabajo-en-2025-las-nuevas-tendencias-del-home-office\/#breadcrumb"},"inLanguage":"hu","potentialAction":[{"@type":"ReadAction","target":["http:\/\/universofamilia.com\/sr\/el-teletrabajo-en-2025-las-nuevas-tendencias-del-home-office\/"]}]},{"@type":"ImageObject","inLanguage":"hu","@id":"http:\/\/universofamilia.com\/sr\/el-teletrabajo-en-2025-las-nuevas-tendencias-del-home-office\/#primaryimage","url":"https:\/\/universofamilia.com\/wp-content\/uploads\/sites\/148\/2025\/10\/Destaque-Universo-3-1.jpg","contentUrl":"https:\/\/universofamilia.com\/wp-content\/uploads\/sites\/148\/2025\/10\/Destaque-Universo-3-1.jpg","width":450,"height":250,"caption":"Trabalho remoto em 2025: as novas tend\u00eancias do home office"},{"@type":"BreadcrumbList","@id":"http:\/\/universofamilia.com\/sr\/el-teletrabajo-en-2025-las-nuevas-tendencias-del-home-office\/#breadcrumb","itemListElement":[{"@type":"ListItem","position":1,"name":"Home","item":"http:\/\/universofamilia.com\/zh_hk\/"},{"@type":"ListItem","position":2,"name":"El teletrabajo en 2025: las nuevas tendencias del home office"}]},{"@type":"WebSite","@id":"http:\/\/universofamilia.com\/zh_hk\/#website","url":"http:\/\/universofamilia.com\/zh_hk\/","name":"Universo Fam\u00edlia","description":"","potentialAction":[{"@type":"SearchAction","target":{"@type":"EntryPoint","urlTemplate":"http:\/\/universofamilia.com\/zh_hk\/?s={search_term_string}"},"query-input":"required name=search_term_string"}],"inLanguage":"hu"},{"@type":"Person","@id":"http:\/\/universofamilia.com\/zh_hk\/#\/schema\/person\/92fcd07e9b1f4323bf74f3170fc0f78a","name":"Matheus Sangaletti","image":{"@type":"ImageObject","inLanguage":"hu","@id":"http:\/\/universofamilia.com\/zh_hk\/#\/schema\/person\/image\/","url":"https:\/\/secure.gravatar.com\/avatar\/280ea957a14a48e6a1ad2133d2cc27c9?s=96&d=mm&r=g","contentUrl":"https:\/\/secure.gravatar.com\/avatar\/280ea957a14a48e6a1ad2133d2cc27c9?s=96&d=mm&r=g","caption":"Matheus Sangaletti"},"url":"https:\/\/universofamilia.com\/hu\/author\/matheuss\/"}]}},"_links":{"self":[{"href":"https:\/\/universofamilia.com\/hu\/wp-json\/wp\/v2\/posts\/9970"}],"collection":[{"href":"https:\/\/universofamilia.com\/hu\/wp-json\/wp\/v2\/posts"}],"about":[{"href":"https:\/\/universofamilia.com\/hu\/wp-json\/wp\/v2\/types\/post"}],"author":[{"embeddable":true,"href":"https:\/\/universofamilia.com\/hu\/wp-json\/wp\/v2\/users\/219"}],"replies":[{"embeddable":true,"href":"https:\/\/universofamilia.com\/hu\/wp-json\/wp\/v2\/comments?post=9970"}],"version-history":[{"count":4,"href":"https:\/\/universofamilia.com\/hu\/wp-json\/wp\/v2\/posts\/9970\/revisions"}],"predecessor-version":[{"id":10159,"href":"https:\/\/universofamilia.com\/hu\/wp-json\/wp\/v2\/posts\/9970\/revisions\/10159"}],"wp:featuredmedia":[{"embeddable":true,"href":"https:\/\/universofamilia.com\/hu\/wp-json\/wp\/v2\/media\/9992"}],"wp:attachment":[{"href":"https:\/\/universofamilia.com\/hu\/wp-json\/wp\/v2\/media?parent=9970"}],"wp:term":[{"taxonomy":"category","embeddable":true,"href":"https:\/\/universofamilia.com\/hu\/wp-json\/wp\/v2\/categories?post=9970"},{"taxonomy":"post_tag","embeddable":true,"href":"https:\/\/universofamilia.com\/hu\/wp-json\/wp\/v2\/tags?post=9970"}],"curies":[{"name":"wp","href":"https:\/\/api.w.org\/{rel}","templated":true}]}}