{"id":2242,"date":"2023-06-05T19:19:36","date_gmt":"2023-06-05T22:19:36","guid":{"rendered":"https:\/\/universofamilia.com\/?p=2242"},"modified":"2023-06-05T19:19:36","modified_gmt":"2023-06-05T22:19:36","slug":"quais-os-ciclos-do-sono-do-bebe","status":"publish","type":"post","link":"https:\/\/universofamilia.com\/ja\/quais-os-ciclos-do-sono-do-bebe\/","title":{"rendered":"\u30af\u30ef\u30a4\u30b9\u30fb\u30b6\u30fb\u30d9\u30a4\u30d3\u30fc\u30fb\u30b5\u30a6\u30f3\u30c9\u30b5\u30a4\u30af\u30eb"},"content":{"rendered":"<h3 class=\"wp-block-heading\">\u8d64\u3061\u3083\u3093\u306e\u7761\u7720\u30b5\u30a4\u30af\u30eb\u3092\u5229\u7528\u3059\u308b\u3068\u304d\u306f\u3001\u8d64\u3061\u3083\u3093\u306e\u7761\u7720\u30b5\u30a4\u30af\u30eb\u3092\u7406\u89e3\u3057\u3066\u3001\u3088\u308a\u3088\u304f\u7720\u308c\u308b\u3088\u3046\u306b\u624b\u52a9\u3051\u3057\u3066\u3042\u3052\u307e\u3057\u3087\u3046\u3002<\/h3>\n\n\n\n<p>\u8d64\u3061\u3083\u3093\u306e\u7761\u7720\u30b5\u30a4\u30af\u30eb\u306f\u3001\u5065\u3084\u304b\u306a\u767a\u80b2\u306b\u4e0d\u53ef\u6b20\u3067\u3042\u308a\u3001\u307e\u305f\u3001\u8d64\u3061\u3083\u3093\u304c\u4f11\u606f\u306e\u6642\u9593\u3092\u6301\u3064\u305f\u3081\u306b\u3082\u91cd\u8981\u3067\u3059\u3002<\/p>\n\n\n\n<p>\u3053\u308c\u3089\u306e\u30b5\u30a4\u30af\u30eb\u304c\u3069\u306e\u3088\u3046\u306b\u6a5f\u80fd\u3059\u308b\u304b\u3092\u7406\u89e3\u3057\u3001\u8d64\u3061\u3083\u3093\u306e\u7761\u7720\u3092\u6539\u5584\u3059\u308b\u9069\u5207\u306a\u30c6\u30af\u30cb\u30c3\u30af\u3092\u63a1\u7528\u3059\u308b\u306e\u306f\u96e3\u3057\u3044\u5834\u5408\u304c\u3042\u308a\u307e\u3059\u304c\u3001\u5fcd\u8010\u3068\u77e5\u8b58\u304c\u3042\u308c\u3070\u3001\u5bb6\u65cf\u5168\u54e1\u306e\u5065\u5eb7\u7684\u306a\u7761\u7720\u7fd2\u6163\u3092\u78ba\u7acb\u3059\u308b\u3053\u3068\u304c\u3067\u304d\u307e\u3059\u3002<\/p>\n\n\n\n<p>\u3053\u306e\u8a18\u4e8b\u3067\u306f\u3001\u8d64\u3061\u3083\u3093\u306e\u97f3\u306e\u805e\u304d\u5206\u3051\u306e\u3055\u307e\u3056\u307e\u306a\u6bb5\u968e\u3092\u63a2\u308a\u3001\u305d\u306e\u30d7\u30ed\u30bb\u30b9\u3092\u4fc3\u9032\u3059\u308b\u305f\u3081\u306e\u8cb4\u91cd\u306a\u30a2\u30c9\u30d0\u30a4\u30b9\u3092\u63d0\u4f9b\u3057\u307e\u3059\u3002<\/p>\n\n\n\n<h3 class=\"wp-block-heading\">\u3053\u3061\u3089\u3082\u3054\u89a7\u304f\u3060\u3055\u3044:<\/h3>\n\n\n\n<p><a href=\"https:\/\/universofamilia.com\/ja\/meu-bebe-dorme-mal\/\" target=\"_blank\" rel=\"noreferrer noopener\">\u8d64\u3061\u3083\u3093\u304c\u3088\u304f\u7720\u308c\u307e\u305b\u3093\u3002\u907f\u3051\u308b\u3079\u304d 5 \u3064\u306e\u3088\u304f\u3042\u308b\u9593\u9055\u3044\u3092\u3054\u89a7\u304f\u3060\u3055\u3044\u3002<\/a><\/p>\n\n\n\n<p><a href=\"https:\/\/universofamilia.com\/ja\/o-que-influencia-o-sono-do-bebe\/\" target=\"_blank\" rel=\"noreferrer noopener\">O Que Influence \u306e Sono do B\u00ea |\u30d9\u30eb\u30bd\u3001\u30b7\u30a7\u30a2\u30d9\u30c3\u30c9\u3001\u305d\u308c\u3068\u3082\u30e2\u30f3\u30c6\u30c3\u30bd\u30ea\u30a2\u30fc\u30ca?<\/a><\/p>\n\n\n\n<p><a href=\"https:\/\/universofamilia.com\/ja\/dicas-de-seguranca-para-o-sono-do-bebe-escolha-do-local-posicao-colchao-e-muito-mais\/\" target=\"_blank\" rel=\"noreferrer noopener\">\u8d64\u3061\u3083\u3093\u306e\u606f\u5b50\u306e\u305f\u3081\u306e\u5b89\u5168\u306b\u95a2\u3059\u308b\u6307\u793a\uff1a\u5b89\u5168\u306a\u5834\u6240\u3001\u59ff\u52e2\u3001\u30de\u30c3\u30c8\u30ec\u30b9\u306a\u3069<\/a><\/p>\n\n\n\n<h3 class=\"wp-block-heading\">\u8d64\u3061\u3083\u3093\u306e\u7761\u7720\u30b5\u30a4\u30af\u30eb<\/h3>\n\n\n\n<p>\u8d64\u3061\u3083\u3093\u306e\u7761\u7720\u30b5\u30a4\u30af\u30eb\u306f\u3001\u30ec\u30e0\u7761\u7720\uff08\u6025\u901f\u773c\u7403\u904b\u52d5\u7761\u7720\uff09\u3068\u975e\u30ec\u30e0\u7761\u7720\u3068\u3044\u3046 2 \u3064\u306e\u4e3b\u306a\u6bb5\u968e\u3067\u69cb\u6210\u3055\u308c\u3066\u3044\u307e\u3059\u3002<\/p>\n\n\n<div class=\"wp-block-image\">\n<figure class=\"aligncenter size-full\"><img loading=\"lazy\" decoding=\"async\" width=\"800\" height=\"560\" src=\"http:\/\/universofamilia.com\/wp-content\/uploads\/sites\/148\/2023\/06\/POST-BEBE-SEGURANCA-DO-BEBE-O-UNIVERSO-FAMILIA-2.png\" alt=\"\" class=\"wp-image-2244\" srcset=\"https:\/\/universofamilia.com\/wp-content\/uploads\/sites\/148\/2023\/06\/POST-BEBE-SEGURANCA-DO-BEBE-O-UNIVERSO-FAMILIA-2.png 800w, https:\/\/universofamilia.com\/wp-content\/uploads\/sites\/148\/2023\/06\/POST-BEBE-SEGURANCA-DO-BEBE-O-UNIVERSO-FAMILIA-2-300x210.png 300w, https:\/\/universofamilia.com\/wp-content\/uploads\/sites\/148\/2023\/06\/POST-BEBE-SEGURANCA-DO-BEBE-O-UNIVERSO-FAMILIA-2-768x538.png 768w\" sizes=\"(max-width: 800px) 100vw, 800px\" \/><\/figure><\/div>\n\n\n<p>\u30ec\u30e0\u7761\u7720\u4e2d\u306f\u8133\u306e\u6d3b\u52d5\u304c\u3088\u308a\u6d3b\u767a\u306b\u306a\u308a\u3001\u30ce\u30f3\u30ec\u30e0\u7761\u7720\u4e2d\u306f\u3088\u308a\u6df1\u304f\u7a4f\u3084\u304b\u306a\u7761\u7720\u306b\u306a\u308a\u307e\u3059\u3002<\/p>\n\n\n\n<h3 class=\"wp-block-heading\">\u30ec\u30e0\u7761\u7720<\/h3>\n\n\n\n<p>\u30ec\u30e0\u7761\u7720\u306f\u8d64\u3061\u3083\u3093\u306e\u8133\u306e\u767a\u9054\u306b\u4e0d\u53ef\u6b20\u3067\u3059\u3002\u3053\u306e\u6bb5\u968e\u3067\u306f\u3001\u5927\u4eba2\u4eba\u5206\u306e\u8133\u6d3b\u52d5\u306b\u5339\u6575\u3059\u308b\u6fc0\u3057\u3044\u8133\u6d3b\u52d5\u304c\u8d77\u3053\u308a\u307e\u3059\u3002<\/p>\n\n\n\n<p>\u3053\u308c\u304c\u79c1\u305f\u3061\u306e\u5922\u3067\u3059\u3002\u30ec\u30e0\u7761\u7720\u4e2d\u3001\u8d64\u3061\u3083\u3093\u306e\u76ee\u306f\u5de6\u53f3\u306b\u7d20\u65e9\u304f\u52d5\u304d\u307e\u3059\u3002<\/p>\n\n\n\n<h3 class=\"wp-block-heading\">\u79c1\u306f\u30ce\u30f3\u30ec\u30e0\u7761\u7720\u3067\u3059<\/h3>\n\n\n\n<p>\u975e\u30ec\u30e0\u7761\u7720\u306f\u3001\u8133\u306e\u6d3b\u52d5\u304c\u9045\u304f\u306a\u308a\u3001\u8133\u6ce2\u304c\u5e83\u304f\u306a\u308b\u3068\u3044\u3046\u7279\u5fb4\u304c\u3042\u308a\u307e\u3059\u3002<\/p>\n\n\n\n<p>\u30ce\u30f3\u30ec\u30e0\u7761\u7720\u306b\u306f\u3001\u6d45\u3044\u3082\u306e\u304b\u3089\u6df1\u3044\u3082\u306e\u307e\u30673\u3064\u306e\u6bb5\u968e\u304c\u3042\u308a\u307e\u3059\u3002\u6df1\u3044\u72b6\u614b\u3067\u306f\u306a\u3044\u306e\u3067\u3001\u8a18\u61b6\u3057\u306b\u304f\u3044\u304b\u3082\u3057\u308c\u307e\u305b\u3093\u3002<\/p>\n\n\n\n<h3 class=\"wp-block-heading\">\u97f3\u306e\u5468\u671f\u306e\u9577\u3055<\/h3>\n\n\n\n<p>\u8d64\u3061\u3083\u3093\u306e\u7761\u7720\u30b5\u30a4\u30af\u30eb\u306f\u5927\u4eba2\u4eba\u5206\u306e\u7761\u7720\u30b5\u30a4\u30af\u30eb\u3088\u308a\u3082\u77ed\u3044\u3067\u3059\u3002\u5927\u4eba\u306f\u7d0490\u5206\u30671\u56de\u306e\u7761\u7720\u30b5\u30a4\u30af\u30eb\u3092\u5b8c\u4e86\u3067\u304d\u307e\u3059\u304c\u3001\u8d64\u3061\u3083\u3093\u306f50\uff5e60\u5206\u30671\u56de\u306e\u7761\u7720\u30b5\u30a4\u30af\u30eb\u3092\u5b8c\u4e86\u3067\u304d\u307e\u3059\u3002<\/p>\n\n\n\n<p>\u3053\u306e\u9055\u3044\u306f\u3001\u8d64\u3061\u3083\u3093\u304c\u591c\u9593\u306b\u983b\u7e41\u306b\u540c\u610f\u3059\u308b\u7406\u7531\u3092\u8aac\u660e\u3057\u3066\u3044\u307e\u3059\u3002<\/p>\n\n\n\n<h3 class=\"wp-block-heading\">\u7d50\u8ad6<\/h3>\n\n\n\n<p>\u8d64\u3061\u3083\u3093\u306e\u97f3\u306e\u30b5\u30a4\u30af\u30eb\u3092\u7406\u89e3\u3057\u3001\u9069\u5207\u306a\u30c6\u30af\u30cb\u30c3\u30af\u3092\u63a1\u7528\u3059\u308b\u3053\u3068\u3067\u3001\u8d64\u3061\u3083\u3093\u306b\u3068\u3063\u3066\u3082\u56fd\u306b\u3068\u3063\u3066\u3082\u97f3\u8cea\u306b\u5927\u304d\u306a\u9055\u3044\u3092\u3082\u305f\u3089\u3059\u3053\u3068\u304c\u3067\u304d\u307e\u3059\u3002<\/p>\n\n\n\n<p>\u4e00\u8cab\u3057\u305f\u30eb\u30fc\u30c1\u30f3\u3092\u78ba\u7acb\u3057\u3001\u30bd\u30ce\u306b\u9069\u3057\u305f\u74b0\u5883\u3092\u4f5c\u308a\u3001\u5bdd\u308b\u524d\u306e\u904e\u5ea6\u306a\u523a\u6fc0\u3092\u907f\u3051\u3001\u30bd\u30ce\u30b7\u30ca\u30a4\u306b\u6ce8\u610f\u3092\u6255\u3044\u3001\u5341\u5206\u306a\u6804\u990a\u3092\u4e0e\u3048\u3001\u8d64\u3061\u3083\u3093\u306e\u30bd\u30ce\u3092\u6539\u5584\u3059\u308b\u306e\u306b\u5f79\u7acb\u3064\u6226\u7565\u3067\u5feb\u9069\u3055\u3068\u5b89\u5168\u6027\u3092\u63d0\u4f9b\u3057\u307e\u3059\u3002<\/p>\n\n\n\n<p>\u8d64\u3061\u3083\u3093\u306f\u4e00\u4eba\u3072\u3068\u308a\u9055\u3046\u306e\u3067\u3001\u500b\u3005\u306e\u30cb\u30fc\u30ba\u306b\u5408\u308f\u305b\u3066\u30c6\u30af\u30cb\u30c3\u30af\u3092\u8abf\u6574\u3059\u308b\u5fc5\u8981\u304c\u3042\u308b\u304b\u3082\u3057\u308c\u307e\u305b\u3093\u3002\u8d64\u3061\u3083\u3093\u306e\u58f0\u304c\u3059\u3050\u306b\u5b89\u5b9a\u3057\u306a\u304f\u3066\u3082\u3001\u8ae6\u3081\u305a\u306b\u8f9b\u62b1\u5f37\u304f\u7d9a\u3051\u307e\u3057\u3087\u3046\u3002<\/p>\n\n\n\n<p>\u6642\u9593\u304c\u7d4c\u3064\u306b\u3064\u308c\u3066\u3001\u5bb6\u65cf\u5168\u54e1\u306b\u3068\u3063\u3066\u5065\u5eb7\u7684\u3067\u5065\u5168\u306a\u7fd2\u6163\u3092\u78ba\u7acb\u3059\u308b\u3053\u3068\u304c\u53ef\u80fd\u306b\u306a\u308a\u307e\u3059\u3002<\/p>\n\n\n\n<p>\u30a2\u30af\u30bb\u30b5\u30ea\u30fc\u3084\u8863\u985e\u304c\u5fc5\u8981\u3067\u3059\u3001conhe\u00e7a | <a href=\"https:\/\/www.luzbaby.com.br\/\" target=\"_blank\" rel=\"noreferrer noopener\">A Luz Baby \u306f\u3001\u5e7c\u5150\u5411\u3051\u88fd\u54c1\u3092\u6271\u3046\u6700\u9ad8\u306e\u304a\u5e97\u306e\u3072\u3068\u3064\u3067\u3059\u3002\u3053\u3053\u3092\u30af\u30ea\u30c3\u30af\u3002<\/a><\/p>\n\n\n\n<h3 class=\"wp-block-heading\">\u7814\u7a76\u306e\u30bd\u30fc\u30b9<\/h3>\n\n\n\n<p>\u8a18\u4e8b\u3092\u66f8\u304f\u969b\u306b\u306f\u3001\u4fe1\u983c\u3067\u304d\u308b\u60c5\u5831\u6e90\u3092\u5f15\u7528\u3057\u3066\u5185\u5bb9\u3092\u307e\u3068\u3081\u308b\u3053\u3068\u304c\u5e38\u306b\u91cd\u8981\u3067\u3059\u3002\u8d64\u3061\u3083\u3093\u306e\u7761\u7720\u30b5\u30a4\u30af\u30eb\u306b\u3064\u3044\u3066\u8a73\u3057\u304f\u77e5\u308b\u305f\u3081\u306b\u5f79\u7acb\u3064\u30ea\u30bd\u30fc\u30b9\u3092\u3044\u304f\u3064\u304b\u3054\u7d39\u4ecb\u3057\u307e\u3059\u3002<\/p>\n\n\n\n<p>\u7c73\u56fd\u5c0f\u5150\u79d1\u5b66\u4f1a\uff08AAP\uff09\uff1aAAP\u306e\u30b5\u30a4\u30c8\u3067\u306f\u3001\u8ad6\u6587\u3084\u30a8\u30d3\u30c7\u30f3\u30b9\u306b\u57fa\u3065\u304f\u30ac\u30a4\u30c9\u30e9\u30a4\u30f3\u306a\u3069\u3001\u5c0f\u5150\u306e\u5065\u5eb7\u306b\u95a2\u3059\u308b\u5305\u62ec\u7684\u306a\u60c5\u5831\u3092\u63d0\u4f9b\u3057\u3066\u3044\u307e\u3059\u3002\u30b5\u30a4\u30c8\u3078\u306fhttps:\/\/www.aap.org\/\u304b\u3089\u30a2\u30af\u30bb\u30b9\u3067\u304d\u307e\u3059\u3002<\/p>\n\n\n\n<p>\u56fd\u7acb\u7761\u7720\u8ca1\u56e3\uff08National Sleep Foundation\uff09\uff1a\u56fd\u7acb\u7761\u7720\u8ca1\u56e3\u306f\u3001\u7761\u7720\u306e\u5065\u5eb7\u4fc3\u9032\u306b\u5c3d\u529b\u3059\u308b\u975e\u55b6\u5229\u56e3\u4f53\u3067\u3059\u3002\u3053\u306e\u30b5\u30a4\u30c8\u306b\u306f\u3001\u5b50\u3069\u3082\u306e\u97f3\u306b\u95a2\u3059\u308b\u5f79\u7acb\u3064\u60c5\u5831\u304c\u63b2\u8f09\u3055\u308c\u3066\u3044\u307e\u3059\u3002\u30a2\u30af\u30bb\u30b9\uff1ahttps:\/\/www.sleepfoundation.org\/<\/p>\n\n\n\n<p>\u30e1\u30a4\u30e8\u30fc\u30fb\u30af\u30ea\u30cb\u30c3\u30af\uff1a\u30e1\u30a4\u30e8\u30fc\u30fb\u30af\u30ea\u30cb\u30c3\u30af\u306f\u3001\u5e45\u5e83\u3044\u5065\u5eb7\u30c8\u30d4\u30c3\u30af\u306b\u95a2\u3059\u308b\u4fe1\u983c\u3067\u304d\u308b\u60c5\u5831\u3092\u63d0\u4f9b\u3059\u308b\u8457\u540d\u306a\u533b\u7642\u6a5f\u95a2\u3067\u3059\u3002\u30d9\u30d3\u30fc\u30bd\u30ce\u30b5\u30a4\u30af\u30eb\u306b\u95a2\u3059\u308b\u60c5\u5831\u306f\u3001https:\/\/www.mayoclinic.org\/ \u3067\u3054\u89a7\u3044\u305f\u3060\u3051\u307e\u3059\u3002<\/p>\n\n\n\n<p>\u7c73\u56fd\u75be\u75c5\u4e88\u9632\u7ba1\u7406\u30bb\u30f3\u30bf\u30fc\uff08CDC\uff09\uff1aCDC\u306f\u3001\u5065\u5eb7\u3068\u798f\u7949\u306b\u95a2\u3059\u308b\u4fe1\u983c\u3067\u304d\u308b\u60c5\u5831\u3092\u63d0\u4f9b\u3059\u308b\u7c73\u56fd\u306e\u9023\u90a6\u653f\u5e9c\u6a5f\u95a2\u3067\u3059\u3002\u3053\u306e\u30b5\u30a4\u30c8\u306b\u306f\u3001\u5b50\u3069\u3082\u306e\u97f3\u306b\u95a2\u3059\u308b\u5f79\u7acb\u3064\u30ea\u30bd\u30fc\u30b9\u304c\u63b2\u8f09\u3055\u308c\u3066\u3044\u307e\u3059\u3002\u30a2\u30af\u30bb\u30b9\uff1ahttps:\/\/www.cdc.gov\/<\/p>\n\n\n\n<p>\u5c02\u9580\u66f8\uff1a\u4e73\u5150\u30bd\u30ce\u5c02\u9580\u533b\u304c\u57f7\u7b46\u3057\u305f\u3001\u8d64\u3061\u3083\u3093\u306e\u30bd\u30ce\u30b5\u30a4\u30af\u30eb\u306b\u95a2\u3059\u308b\u8a73\u7d30\u306a\u60c5\u5831\u3092\u63d0\u4f9b\u3059\u308b\u66f8\u7c4d\u306f\u6570\u591a\u304f\u3042\u308a\u307e\u3059\u3002\u4f8b\u3048\u3070\u3001\u30ea\u30c1\u30e3\u30fc\u30c9\u30fb\u30d5\u30a1\u30fc\u30d0\u30fc\u8457\u300e\u304a\u5b50\u69d8\u306e\u7761\u7720\u554f\u984c\u3092\u89e3\u6c7a\u3059\u308b\u300f\u3084\u3001\u30de\u30fc\u30af\u30fb\u30ef\u30a4\u30b9\u30d6\u30eb\u30fc\u30b9\u8457\u300e\u5065\u5eb7\u306a\u7761\u7720\u7fd2\u6163\u3001\u5e78\u305b\u306a\u5b50\u3069\u3082\u300f\u306a\u3069\u304c\u6319\u3052\u3089\u308c\u307e\u3059\u3002<\/p>\n\n\n\n<p>\u3053\u308c\u3089\u306e\u60c5\u5831\u6e90\u3092\u5229\u7528\u3059\u308b\u969b\u306f\u3001\u60c5\u5831\u3092\u6b63\u3057\u304f\u5f15\u7528\u3057\u3001\u8457\u8005\u306e\u6a29\u5229\u3092\u5c0a\u91cd\u3059\u308b\u3088\u3046\u306b\u3057\u3066\u304f\u3060\u3055\u3044\u3002\u4fe1\u983c\u3067\u304d\u308b\u8907\u6570\u306e\u60c5\u5831\u6e90\u3092\u63a2\u3057\u3001\u60c5\u5831\u3092\u6279\u5224\u7684\u306b\u5206\u6790\u3059\u308b\u3053\u3068\u306f\u3001\u8a18\u4e8b\u306e\u6b63\u78ba\u6027\u3068\u4fe1\u983c\u6027\u3092\u4fdd\u8a3c\u3059\u308b\u4e0a\u3067\u4e0d\u53ef\u6b20\u3067\u3059\u3002<\/p>","protected":false},"excerpt":{"rendered":"<p>\u8d64\u3061\u3083\u3093\u306e\u7761\u7720\u30b5\u30a4\u30af\u30eb\u3092\u5229\u7528\u3059\u308b\u3068\u304d\u306f\u3001\u8d64\u3061\u3083\u3093\u306e\u7761\u7720\u30b5\u30a4\u30af\u30eb\u3092\u7406\u89e3\u3057\u3066\u3001\u3088\u308a\u3088\u304f\u7720\u308c\u308b\u3088\u3046\u306b\u624b\u52a9\u3051\u3057\u3066\u3042\u3052\u307e\u3057\u3087\u3046\u3002<\/p>\n<p>\u8d64\u3061\u3083\u3093\u306e\u7761\u7720\u30b5\u30a4\u30af\u30eb\u306f\u3001\u5065\u3084\u304b\u306a\u767a\u80b2\u306b\u4e0d\u53ef\u6b20\u3067\u3042\u308a\u3001\u307e\u305f\u3001\u8d64\u3061\u3083\u3093\u304c\u4f11\u606f\u306e\u6642\u9593\u3092\u6301\u3064\u305f\u3081\u306b\u3082\u91cd\u8981\u3067\u3059\u3002<\/p>\n<p>\u3053\u308c\u3089\u306e\u30b5\u30a4\u30af\u30eb\u304c\u3069\u306e\u3088\u3046\u306b\u6a5f\u80fd\u3059\u308b\u304b\u3092\u7406\u89e3\u3057\u3001\u8d64\u3061\u3083\u3093\u306e\u7761\u7720\u3092\u6539\u5584\u3059\u308b\u9069\u5207\u306a\u30c6\u30af\u30cb\u30c3\u30af\u3092\u63a1\u7528\u3059\u308b\u306e\u306f\u96e3\u3057\u3044\u5834\u5408\u304c\u3042\u308a\u307e\u3059\u304c\u3001\u5fcd\u8010\u3068\u77e5\u8b58\u304c\u3042\u308c\u3070\u3001\u5bb6\u65cf\u5168\u54e1\u306e\u5065\u5eb7\u7684\u306a\u7761\u7720\u7fd2\u6163\u3092\u78ba\u7acb\u3059\u308b\u3053\u3068\u304c\u3067\u304d\u307e\u3059\u3002<\/p>\n<p>\u3053\u306e\u8a18\u4e8b\u3067\u306f\u3001\u8d64\u3061\u3083\u3093\u306e\u97f3\u306e\u805e\u304d\u5206\u3051\u306e\u3055\u307e\u3056\u307e\u306a\u6bb5\u968e\u3092\u63a2\u308a\u3001\u305d\u306e\u30d7\u30ed\u30bb\u30b9\u3092\u4fc3\u9032\u3059\u308b\u305f\u3081\u306e\u8cb4\u91cd\u306a\u30a2\u30c9\u30d0\u30a4\u30b9\u3092\u63d0\u4f9b\u3057\u307e\u3059\u3002<\/p>","protected":false},"author":0,"featured_media":2245,"comment_status":"closed","ping_status":"open","sticky":false,"template":"","format":"standard","meta":{"footnotes":""},"categories":[5],"tags":[560,1437,1448],"yoast_head":"<!-- This site is optimized with the Yoast SEO plugin v23.3 - https:\/\/yoast.com\/wordpress\/plugins\/seo\/ -->\n<title>Quais os Ciclos do Sono do Beb\u00ea - Universo Fam\u00edlia<\/title>\n<meta name=\"description\" content=\"Quais os Ciclos do Sono do Beb\u00ea, entenda e Ajude seu Pequeno a Dormir Melhor.\" \/>\n<meta name=\"robots\" content=\"index, follow, max-snippet:-1, max-image-preview:large, max-video-preview:-1\" \/>\n<link rel=\"canonical\" href=\"http:\/\/universofamilia.com\/ja\/quais-os-ciclos-do-sono-do-bebe\/\" \/>\n<meta property=\"og:locale\" content=\"ja_JP\" \/>\n<meta property=\"og:type\" content=\"article\" \/>\n<meta property=\"og:title\" content=\"Quais os Ciclos do Sono do Beb\u00ea - Universo Fam\u00edlia\" \/>\n<meta property=\"og:description\" content=\"Quais os Ciclos do Sono do Beb\u00ea, entenda e Ajude seu Pequeno a Dormir Melhor.\" \/>\n<meta property=\"og:url\" content=\"http:\/\/universofamilia.com\/ja\/quais-os-ciclos-do-sono-do-bebe\/\" \/>\n<meta property=\"og:site_name\" content=\"Universo Fam\u00edlia\" \/>\n<meta property=\"article:published_time\" content=\"2023-06-05T22:19:36+00:00\" \/>\n<meta property=\"og:image\" content=\"http:\/\/universofamilia.com\/wp-content\/uploads\/sites\/148\/2023\/06\/FOTO-DESTAQUE-ciclos-de-sono-do-bebe-universo-familia-448x350-.png\" \/>\n\t<meta property=\"og:image:width\" content=\"448\" \/>\n\t<meta property=\"og:image:height\" content=\"350\" \/>\n\t<meta property=\"og:image:type\" content=\"image\/png\" \/>\n<meta name=\"twitter:card\" content=\"summary_large_image\" \/>\n<meta name=\"twitter:label1\" content=\"Est. reading time\" \/>\n\t<meta name=\"twitter:data1\" content=\"5\u5206\" \/>\n<script type=\"application\/ld+json\" class=\"yoast-schema-graph\">{\"@context\":\"https:\/\/schema.org\",\"@graph\":[{\"@type\":\"WebPage\",\"@id\":\"http:\/\/universofamilia.com\/ko\/quais-os-ciclos-do-sono-do-bebe\/\",\"url\":\"http:\/\/universofamilia.com\/ko\/quais-os-ciclos-do-sono-do-bebe\/\",\"name\":\"Quais os Ciclos do Sono do Beb\u00ea - Universo Fam\u00edlia\",\"isPartOf\":{\"@id\":\"http:\/\/universofamilia.com\/zh_hk\/#website\"},\"primaryImageOfPage\":{\"@id\":\"http:\/\/universofamilia.com\/ko\/quais-os-ciclos-do-sono-do-bebe\/#primaryimage\"},\"image\":{\"@id\":\"http:\/\/universofamilia.com\/ko\/quais-os-ciclos-do-sono-do-bebe\/#primaryimage\"},\"thumbnailUrl\":\"https:\/\/universofamilia.com\/wp-content\/uploads\/sites\/148\/2023\/06\/FOTO-DESTAQUE-ciclos-de-sono-do-bebe-universo-familia-448x350-.png\",\"datePublished\":\"2023-06-05T22:19:36+00:00\",\"dateModified\":\"2023-06-05T22:19:36+00:00\",\"author\":{\"@id\":\"\"},\"description\":\"Quais os Ciclos do Sono do Beb\u00ea, entenda e Ajude seu Pequeno a Dormir Melhor.\",\"breadcrumb\":{\"@id\":\"http:\/\/universofamilia.com\/ko\/quais-os-ciclos-do-sono-do-bebe\/#breadcrumb\"},\"inLanguage\":\"ja\",\"potentialAction\":[{\"@type\":\"ReadAction\",\"target\":[\"http:\/\/universofamilia.com\/ko\/quais-os-ciclos-do-sono-do-bebe\/\"]}]},{\"@type\":\"ImageObject\",\"inLanguage\":\"ja\",\"@id\":\"http:\/\/universofamilia.com\/ko\/quais-os-ciclos-do-sono-do-bebe\/#primaryimage\",\"url\":\"https:\/\/universofamilia.com\/wp-content\/uploads\/sites\/148\/2023\/06\/FOTO-DESTAQUE-ciclos-de-sono-do-bebe-universo-familia-448x350-.png\",\"contentUrl\":\"https:\/\/universofamilia.com\/wp-content\/uploads\/sites\/148\/2023\/06\/FOTO-DESTAQUE-ciclos-de-sono-do-bebe-universo-familia-448x350-.png\",\"width\":448,\"height\":350},{\"@type\":\"BreadcrumbList\",\"@id\":\"http:\/\/universofamilia.com\/ko\/quais-os-ciclos-do-sono-do-bebe\/#breadcrumb\",\"itemListElement\":[{\"@type\":\"ListItem\",\"position\":1,\"name\":\"Home\",\"item\":\"http:\/\/universofamilia.com\/zh_hk\/\"},{\"@type\":\"ListItem\",\"position\":2,\"name\":\"Quais os Ciclos do Sono do Beb\u00ea\"}]},{\"@type\":\"WebSite\",\"@id\":\"http:\/\/universofamilia.com\/zh_hk\/#website\",\"url\":\"http:\/\/universofamilia.com\/zh_hk\/\",\"name\":\"Universo Fam\u00edlia\",\"description\":\"\",\"potentialAction\":[{\"@type\":\"SearchAction\",\"target\":{\"@type\":\"EntryPoint\",\"urlTemplate\":\"http:\/\/universofamilia.com\/zh_hk\/?s={search_term_string}\"},\"query-input\":\"required name=search_term_string\"}],\"inLanguage\":\"ja\"}]}<\/script>\n<!-- \/ Yoast SEO plugin. -->","yoast_head_json":{"title":"Quais os Ciclos do Sono do Beb\u00ea - Universo Fam\u00edlia","description":"Quais os Ciclos do Sono do Beb\u00ea, entenda e Ajude seu Pequeno a Dormir Melhor.","robots":{"index":"index","follow":"follow","max-snippet":"max-snippet:-1","max-image-preview":"max-image-preview:large","max-video-preview":"max-video-preview:-1"},"canonical":"http:\/\/universofamilia.com\/ja\/quais-os-ciclos-do-sono-do-bebe\/","og_locale":"ja_JP","og_type":"article","og_title":"Quais os Ciclos do Sono do Beb\u00ea - Universo Fam\u00edlia","og_description":"Quais os Ciclos do Sono do Beb\u00ea, entenda e Ajude seu Pequeno a Dormir Melhor.","og_url":"http:\/\/universofamilia.com\/ja\/quais-os-ciclos-do-sono-do-bebe\/","og_site_name":"Universo Fam\u00edlia","article_published_time":"2023-06-05T22:19:36+00:00","og_image":[{"width":448,"height":350,"url":"http:\/\/universofamilia.com\/wp-content\/uploads\/sites\/148\/2023\/06\/FOTO-DESTAQUE-ciclos-de-sono-do-bebe-universo-familia-448x350-.png","type":"image\/png"}],"twitter_card":"summary_large_image","twitter_misc":{"Est. reading time":"5\u5206"},"schema":{"@context":"https:\/\/schema.org","@graph":[{"@type":"WebPage","@id":"http:\/\/universofamilia.com\/ko\/quais-os-ciclos-do-sono-do-bebe\/","url":"http:\/\/universofamilia.com\/ko\/quais-os-ciclos-do-sono-do-bebe\/","name":"Quais os Ciclos do Sono do Beb\u00ea - Universo Fam\u00edlia","isPartOf":{"@id":"http:\/\/universofamilia.com\/zh_hk\/#website"},"primaryImageOfPage":{"@id":"http:\/\/universofamilia.com\/ko\/quais-os-ciclos-do-sono-do-bebe\/#primaryimage"},"image":{"@id":"http:\/\/universofamilia.com\/ko\/quais-os-ciclos-do-sono-do-bebe\/#primaryimage"},"thumbnailUrl":"https:\/\/universofamilia.com\/wp-content\/uploads\/sites\/148\/2023\/06\/FOTO-DESTAQUE-ciclos-de-sono-do-bebe-universo-familia-448x350-.png","datePublished":"2023-06-05T22:19:36+00:00","dateModified":"2023-06-05T22:19:36+00:00","author":{"@id":""},"description":"Quais os Ciclos do Sono do Beb\u00ea, entenda e Ajude seu Pequeno a Dormir Melhor.","breadcrumb":{"@id":"http:\/\/universofamilia.com\/ko\/quais-os-ciclos-do-sono-do-bebe\/#breadcrumb"},"inLanguage":"ja","potentialAction":[{"@type":"ReadAction","target":["http:\/\/universofamilia.com\/ko\/quais-os-ciclos-do-sono-do-bebe\/"]}]},{"@type":"ImageObject","inLanguage":"ja","@id":"http:\/\/universofamilia.com\/ko\/quais-os-ciclos-do-sono-do-bebe\/#primaryimage","url":"https:\/\/universofamilia.com\/wp-content\/uploads\/sites\/148\/2023\/06\/FOTO-DESTAQUE-ciclos-de-sono-do-bebe-universo-familia-448x350-.png","contentUrl":"https:\/\/universofamilia.com\/wp-content\/uploads\/sites\/148\/2023\/06\/FOTO-DESTAQUE-ciclos-de-sono-do-bebe-universo-familia-448x350-.png","width":448,"height":350},{"@type":"BreadcrumbList","@id":"http:\/\/universofamilia.com\/ko\/quais-os-ciclos-do-sono-do-bebe\/#breadcrumb","itemListElement":[{"@type":"ListItem","position":1,"name":"Home","item":"http:\/\/universofamilia.com\/zh_hk\/"},{"@type":"ListItem","position":2,"name":"Quais os Ciclos do Sono do Beb\u00ea"}]},{"@type":"WebSite","@id":"http:\/\/universofamilia.com\/zh_hk\/#website","url":"http:\/\/universofamilia.com\/zh_hk\/","name":"Universo Fam\u00edlia","description":"","potentialAction":[{"@type":"SearchAction","target":{"@type":"EntryPoint","urlTemplate":"http:\/\/universofamilia.com\/zh_hk\/?s={search_term_string}"},"query-input":"required name=search_term_string"}],"inLanguage":"ja"}]}},"_links":{"self":[{"href":"https:\/\/universofamilia.com\/ja\/wp-json\/wp\/v2\/posts\/2242"}],"collection":[{"href":"https:\/\/universofamilia.com\/ja\/wp-json\/wp\/v2\/posts"}],"about":[{"href":"https:\/\/universofamilia.com\/ja\/wp-json\/wp\/v2\/types\/post"}],"replies":[{"embeddable":true,"href":"https:\/\/universofamilia.com\/ja\/wp-json\/wp\/v2\/comments?post=2242"}],"version-history":[{"count":0,"href":"https:\/\/universofamilia.com\/ja\/wp-json\/wp\/v2\/posts\/2242\/revisions"}],"wp:featuredmedia":[{"embeddable":true,"href":"https:\/\/universofamilia.com\/ja\/wp-json\/wp\/v2\/media\/2245"}],"wp:attachment":[{"href":"https:\/\/universofamilia.com\/ja\/wp-json\/wp\/v2\/media?parent=2242"}],"wp:term":[{"taxonomy":"category","embeddable":true,"href":"https:\/\/universofamilia.com\/ja\/wp-json\/wp\/v2\/categories?post=2242"},{"taxonomy":"post_tag","embeddable":true,"href":"https:\/\/universofamilia.com\/ja\/wp-json\/wp\/v2\/tags?post=2242"}],"curies":[{"name":"wp","href":"https:\/\/api.w.org\/{rel}","templated":true}]}}