{"id":10213,"date":"2025-10-27T12:35:00","date_gmt":"2025-10-27T15:35:00","guid":{"rendered":"https:\/\/universofamilia.com\/?p=10213"},"modified":"2025-10-27T12:35:18","modified_gmt":"2025-10-27T15:35:18","slug":"economia-mundial-en-2025-recesion-o-recuperacion","status":"publish","type":"post","link":"https:\/\/universofamilia.com\/nl\/economia-mundial-en-2025-recesion-o-recuperacion\/","title":{"rendered":"Wereldeconomie in 2025: recessie of herstel?"},"content":{"rendered":"<p class=\"has-text-align-center\">We zullen de vooruitzichten van het IMF voor de <strong>wereldeconomie in 2025<\/strong>, de factoren die wijzen op recessie of herstel en de gevolgen daarvan voor Latijns-Amerika.<\/p>\n\n\n\n<figure class=\"wp-block-gallery aligncenter has-nested-images columns-default is-cropped wp-block-gallery-1 is-layout-flex wp-block-gallery-is-layout-flex\">\n<figure class=\"wp-block-image size-full\"><img loading=\"lazy\" decoding=\"async\" width=\"450\" height=\"250\" data-id=\"10215\" src=\"https:\/\/universofamilia.com\/wp-content\/uploads\/sites\/148\/2025\/10\/Destaque-Novo-Universo-23-1.jpg\" alt=\"\" class=\"wp-image-10215\" srcset=\"https:\/\/universofamilia.com\/wp-content\/uploads\/sites\/148\/2025\/10\/Destaque-Novo-Universo-23-1.jpg 450w, https:\/\/universofamilia.com\/wp-content\/uploads\/sites\/148\/2025\/10\/Destaque-Novo-Universo-23-1-300x167.jpg 300w, https:\/\/universofamilia.com\/wp-content\/uploads\/sites\/148\/2025\/10\/Destaque-Novo-Universo-23-1-18x10.jpg 18w\" sizes=\"(max-width: 450px) 100vw, 450px\" \/><figcaption class=\"wp-element-caption\">CANVA<\/figcaption><\/figure>\n<\/figure>\n\n\n\n<p class=\"has-text-align-center\">We onderzoeken ook welke strategische beslissingen een verschil kunnen maken voor landen en bedrijven.<\/p>\n\n\n\n<p class=\"has-text-align-center\">Met een menselijke en realistische benadering zal ik duidelijk uitleggen waarom de vraag <strong>\u201cInternationaal Monetair Fonds 2025: recessie of herstel?\u201d<\/strong> is relevanter dan ooit.<\/p>\n\n\n\n<p><br><strong>Wereldeconomie in 2025: recessie of herstel?<\/strong><\/p>\n\n\n\n<p>Het staat dit jaar centraal in het economische debat. Het sleutelwoord komt dan ook al in de eerste zin naar voren, waardoor de aanwezigheid ervan op natuurlijke wijze wordt versterkt.<\/p>\n\n\n\n<p>Dit is geen hypothetisch scenario; recente gegevens van het IMF laten zien dat de wereldwijde groei dit jaar naar verwachting rond de 3,2% zal liggen in het derde kwartaal van 2013. Dat is slechts een lichte vertraging ten opzichte van de 3,3% in het derde kwartaal van 2024.<\/p>\n\n\n\n<p>Kortom, de wereldeconomie staat niet op het punt van instorten, maar bevindt zich wel in moeilijk terrein.<\/p>\n\n\n\n<p>Het is alsof je op een snelweg rijdt met een goed wegdek, maar met een onverwachte storm aan de horizon. Je kunt op koers blijven, maar je moet je snelheid, remmen en aandacht aanpassen.<\/p>\n\n\n\n<p>Deze analogie maakt duidelijk waarom dit moment om voorzichtigheid en vastberadenheid vraagt.<\/p>\n\n\n\n<p>Vervolgens kijken we naar de belangrijkste risico&#039;s en kansen, hoe de obstakels verschillen tussen ontwikkelde en opkomende landen en tot slot wat de mogelijke scenario&#039;s in de praktijk zijn voor u, uw bedrijf of uw Latijns-Amerikaanse land.<\/p>\n\n\n\n<h2 class=\"wp-block-heading\">Wereldwijde vooruitzichten: gematigde groei, hoge risico&#039;s<\/h2>\n\n\n\n<p>De laatste editie van het World Economic Outlook (WEO) van het Internationaal Monetair Fonds waarschuwt dat de wereldwijde groei geleidelijk zal vertragen: van 3,3 % in 2024 tot ongeveer 3,2 % in 2025 en 3,1 % in 2026.<\/p>\n\n\n\n<ul>\n<li>In geavanceerde economie\u00ebn wordt verwacht dat de groei in 2025 rond de 1,5 % zal liggen.<\/li>\n\n\n\n<li>In opkomende en ontwikkelingsmarkten worden iets meer dan 4 % verwacht, hoewel de trend duidelijk opwaarts is.<\/li>\n<\/ul>\n\n\n\n<p>Deze groeivertraging betekent niet automatisch dat er sprake is van een recessie. De bewegingsruimte is echter veel kleiner.<\/p>\n\n\n\n<p>Factoren zoals handelsspanningen, problemen met het arbeidsaanbod en een toenemende staatsschuld hebben invloed op de veerkracht.<\/p>\n\n\n\n<p>Zo merkt het rapport op dat \u2018de risico\u2019s vooral neerwaarts gericht zijn\u2019.<\/p>\n\n\n\n<p>Een relevante statistiek: volgens de WEO van oktober 2025 is de geschatte mondiale groei <strong>3.2 %<\/strong> voor dit jaar.<\/p>\n\n\n\n<p>Het beeld dat overblijft is dat van een ballon die zich blijft opblazen, maar met kleine lekkages. Hij blijft in de lucht, maar met extra inspanning en het risico dat hij leegloopt als er nog meer schokken optreden.<\/p>\n\n\n\n<p>In die zin is de titel <strong>\u201cWereldeconomie in 2025: recessie of herstel?\u201d<\/strong> Het is een relevante vraag die om een zorgvuldige analyse vraagt.<\/p>\n\n\n\n<h2 class=\"wp-block-heading\">Factoren die tot een recessie leiden<\/h2>\n\n\n\n<h3 class=\"wp-block-heading\">a) Handelsspanningen en fragmentatie<\/h3>\n\n\n\n<p>De reorganisatie van waardeketens, gecombineerd met hogere tarieven en handelsbarri\u00e8res, zorgen voor onzekerheid. <\/p>\n\n\n\n<p>De WEO waarschuwt dat een te streng handelsbeleid en wereldwijde fragmentatie investeringen kunnen belemmeren.<\/p>\n\n\n\n<h3 class=\"wp-block-heading\">b) Problemen op de arbeidsmarkt en demografie<\/h3>\n\n\n\n<p>Een vergrijzende bevolking, een lagere arbeidsparticipatie en een tekort aan geschoolde arbeidskrachten onder jongeren vormen structurele beperkingen.<\/p>\n\n\n\n<p>Uit het rapport blijkt dat het stimuleren van groei vraagt om het verbeteren van de arbeidsparticipatie van ouderen en vrouwen.<\/p>\n\n\n\n<h3 class=\"wp-block-heading\">c) Hoge schulden en financi\u00eble kwetsbaarheid<\/h3>\n\n\n\n<p>De combinatie van trage groei en hoge schuldenniveaus zorgt ervoor dat veel landen weinig bewegingsruimte hebben in geval van een crisis.<\/p>\n\n\n\n<p>Het IMF waarschuwt dat een financi\u00eble correctie, een scenario dat velen onwaarschijnlijk achten, een latente dreiging blijft.<\/p>\n\n\n\n<h3 class=\"wp-block-heading\">d) Onverwachte schokken: klimaat, geopolitiek, technologie<\/h3>\n\n\n\n<p>Voorbeelden hiervan zijn een regionaal conflict waardoor belangrijke exportstromen verstoord raken of een plotselinge energiecrisis.<\/p>\n\n\n\n<p>In zulke gevallen neemt het risico op een recessie dramatisch toe.<\/p>\n\n\n\n<p>We kunnen dit vergelijken met een fiets die met gunstige wind rijdt: zodra de wind van richting verandert, raakt u het evenwicht kwijt.<\/p>\n\n\n\n<p>Een recessie lijkt dus niet het meest waarschijnlijke scenario in 2025, maar kan niet worden uitgesloten.<\/p>\n\n\n\n<p>En het is juist vanwege dit hoge risiconiveau dat de vraag <strong>\u201cWereldeconomie in 2025: recessie of herstel?\u201d<\/strong> serieus genomen moeten worden.<\/p>\n\n\n\n<h2 class=\"wp-block-heading\">Factoren die herstel bevorderen<\/h2>\n\n\n\n<h3 class=\"wp-block-heading\">a) Aanpassing en veerkracht<\/h3>\n\n\n\n<p>Het feit dat de mondiale groei niet is ingestort (3.2 %) geeft aan dat er sprake is van veerkracht: technologische sectoren, binnenlandse consumptie in opkomende markten en de vermindering van bepaalde handelsbarri\u00e8res dragen hier allemaal aan bij.<\/p>\n\n\n\n<h3 class=\"wp-block-heading\">b) Potentieel voor structurele verandering (AI, digitalisering)<\/h3>\n\n\n\n<p>Uit een recent onderzoek blijkt hoe de invoering van kunstmatige intelligentie (AI) het wereldwijde bruto binnenlands product (bbp) be\u00efnvloedt. Hieruit blijkt dat de productiviteit een boost kan krijgen als de juiste beleidsmaatregelen worden genomen.<\/p>\n\n\n\n<h3 class=\"wp-block-heading\">c) Herstel van de sector na de pandemie<\/h3>\n\n\n\n<p>Sectoren die tijdens de pandemie achterbleven (reizen, vrije tijd, persoonlijke dienstverlening) vertonen tekenen van herstel, waardoor een deel van het &quot;slapende kapitaal&quot; weer tot leven kan worden gewekt.<\/p>\n\n\n\n<h3 class=\"wp-block-heading\">d) Internationale samenwerking en structurele hervormingen<\/h3>\n\n\n\n<p>Als overheden kiezen voor een beter geco\u00f6rdineerd beleid, het verminderen van handelsbelemmeringen en het doorvoeren van productiviteitshervormingen, kunnen ze grote veranderingen teweegbrengen.<\/p>\n\n\n\n<p>In het WEO-rapport wordt vermeld dat \u201cconstructieve actie om een stabiele en voorspelbare handelsomgeving te bevorderen\u201d van cruciaal belang is.<\/p>\n\n\n\n<p>Een concreet voorbeeld: een Latijns-Amerikaans land dat systematisch investeert in digitale infrastructuur en onderwijs in technologische vaardigheden, kan daar veel sneller profijt van hebben dan een land dat alleen vasthoudt aan traditioneel beleid. <\/p>\n\n\n\n<p>Dit is een voorbeeld van hoe herstel versneld kan worden als beslissingen worden genomen in lijn met de mondiale context.<\/p>\n\n\n\n<h2 class=\"wp-block-heading\">4. Mogelijke scenario&#039;s voor 2025 en hun implicaties<\/h2>\n\n\n\n<h3 class=\"wp-block-heading\">Scenario A \u2013 Zachte stagnatie<\/h3>\n\n\n\n<p>In dit geval blijft de groei dicht bij de mondiale 3 %, zonder recessie, maar ook zonder krachtig herstel.<\/p>\n\n\n\n<p>Bedrijven groeien matig, maar de ruimte voor innovatie wordt kleiner.<\/p>\n\n\n\n<p>In dit scenario blijven veel opkomende economie\u00ebn voorop lopen, terwijl de geavanceerde economie\u00ebn licht achterblijven.<\/p>\n\n\n\n<h3 class=\"wp-block-heading\">Scenario B \u2013 Matig slakachtig herstel<\/h3>\n\n\n\n<p>Hier zorgen technologische aanpassingen, productiviteitsverbeteringen en internationale samenwerking ervoor dat de groei wereldwijd kan oplopen tot 3,5 % of meer.<\/p>\n\n\n\n<p>Voor landen met actieve hervormingen betekent dit een toename van buitenlandse investeringen, een toename van de export met toegevoegde waarde en een verbeterde werkgelegenheid.<\/p>\n\n\n\n<h3 class=\"wp-block-heading\">Scenario C \u2013 Lokale of algemene recessie<\/h3>\n\n\n\n<p>Hoewel het wereldwijd onwaarschijnlijk is, zouden bepaalde landen of regio&#039;s in een recessie kunnen terechtkomen. Denk bijvoorbeeld aan economie\u00ebn met een hoge schuldenlast, bankencrises of belangrijke sectoren die getroffen zijn door externe schokken.<\/p>\n\n\n\n<p>De titel <strong>\u201cWereldeconomie in 2025: recessie of herstel?\u201d<\/strong> Dat is hier helemaal relevant: het gaat er niet zozeer om of er een algehele wereldwijde recessie zal komen, maar eerder hoeveel en welke landen buiten de positieve cyclus zullen blijven.<\/p>\n\n\n\n<p>Voor bedrijven die in Latijns-Amerika of Mexico actief zijn, is het daarom van groot belang om er niet zomaar vanuit te gaan dat &#039;de context neutraal is&#039;.<\/p>\n\n\n\n<p>Als u tot de groep economie\u00ebn behoort die zijn blootgesteld aan grondstoffen, toerisme of gevoelige sectoren, moet u rekening houden met scenario B of C, en niet alleen met scenario A.<\/p>\n\n\n\n<h2 class=\"wp-block-heading\">Wat kunnen Latijns-Amerikaanse landen en bedrijven doen?<\/h2>\n\n\n\n<h3 class=\"wp-block-heading\">Voor landen<\/h3>\n\n\n\n<ul>\n<li>Geef prioriteit aan beleid om de productiviteit te verhogen: investeringen in menselijk kapitaal, digitalisering en infrastructuur.<\/li>\n\n\n\n<li>Consolidatie van de overheidsfinanci\u00ebn: toegankelijke schulden, voldoende bewegingsruimte bij externe schokken.<\/li>\n\n\n\n<li>Bevorder open handel en marktdiversificatie om de afhankelijkheid van \u00e9\u00e9n regio te verminderen.<\/li>\n<\/ul>\n\n\n\n<h3 class=\"wp-block-heading\">Voor bedrijven<\/h3>\n\n\n\n<ul>\n<li>Houd rekening met een gematigd groeiscenario: optimaliseer de kosten, zoek nichemarkten en implementeer technologie om uzelf te onderscheiden.<\/li>\n\n\n\n<li>Bouw financi\u00eble veerkracht op: zorg voor liquiditeit, lagere leverage en noodplannen voor recessies.<\/li>\n\n\n\n<li>Zie technologische ontwrichting niet alleen als een bedreiging, maar ook als een kans. Stel je twee Mexicaanse startups voor, waarvan de ene investeert in AI voor logistiek en de andere niet. De eerste kan zijn groei versnellen in een wereld waarin effici\u00ebntie van het grootste belang is.<\/li>\n<\/ul>\n\n\n\n<p>Een bruikbare analogie: een bedrijf is als een zeilboot die op zee vaart met zwakke stromingen en onregelmatige winden.<\/p>\n\n\n\n<p>Als u uw zeilen goed afstelt (technologie), uw romp schoonhoudt (productiviteit) en over actuele kaarten beschikt (economische gegevens), kunt u ook bij weinig wind vooruitkomen.<\/p>\n\n\n\n<p>Degenen die alleen de traditionele route volgen, blijven achter.<\/p>\n\n\n\n<figure class=\"wp-block-gallery aligncenter has-nested-images columns-default is-cropped wp-block-gallery-2 is-layout-flex wp-block-gallery-is-layout-flex\">\n<figure class=\"wp-block-image size-full\"><img loading=\"lazy\" decoding=\"async\" width=\"450\" height=\"250\" data-id=\"10216\" src=\"https:\/\/universofamilia.com\/wp-content\/uploads\/sites\/148\/2025\/10\/Destaque-Novo-Universo-24.jpg\" alt=\"\" class=\"wp-image-10216\" srcset=\"https:\/\/universofamilia.com\/wp-content\/uploads\/sites\/148\/2025\/10\/Destaque-Novo-Universo-24.jpg 450w, https:\/\/universofamilia.com\/wp-content\/uploads\/sites\/148\/2025\/10\/Destaque-Novo-Universo-24-300x167.jpg 300w, https:\/\/universofamilia.com\/wp-content\/uploads\/sites\/148\/2025\/10\/Destaque-Novo-Universo-24-18x10.jpg 18w\" sizes=\"(max-width: 450px) 100vw, 450px\" \/><figcaption class=\"wp-element-caption\">CANVA<\/figcaption><\/figure>\n<\/figure>\n\n\n\n<p>Lees verder:\u00a0<a href=\"https:\/\/universofamilia.com\/nl\/crisis-climatica-global\/\">Wereldwijde klimaatcrisis: de gevolgen hebben al gevolgen voor miljoenen mensen<\/a><\/p>\n\n\n\n<h2 class=\"wp-block-heading\">Staan we voor een recessie of een herstel?<\/h2>\n\n\n\n<p>Het antwoord is: <strong>beide in verschillende doses<\/strong>.<\/p>\n\n\n\n<p>Een wereldwijde recessie is in 2025 niet onvermijdelijk, evenmin als een uitbundig herstel.<\/p>\n\n\n\n<p>We bevinden ons juist op een keerpunt, waarbij veel afhangt van de beslissingen die worden genomen \u2013 zowel op macro-economisch als op bedrijfskundig niveau.<\/p>\n\n\n\n<p>De titel <strong>\u201cWereldeconomie in 2025: recessie of herstel?\u201d<\/strong> bevat die dualiteit.<\/p>\n\n\n\n<p>Als overheden en organisaties met visie te werk gaan, kunnen we een gematigd herstel verwachten.<\/p>\n\n\n\n<p>Als inertie, fragmentatie en onbeheerste schulden de overhand krijgen, kunnen sommige gebieden in een recessie terechtkomen.<\/p>\n\n\n\n<p>Het belangrijkste is om tijdig te handelen en niet pas te reageren wanneer de daling al merkbaar is.<\/p>\n\n\n\n<p>Als een bedrijf of land wacht tot de &quot;storm&quot; toeslaat alvorens actie te ondernemen, zijn ze in het nadeel ten opzichte van bedrijven die de zeilen al hebben bijgezet.<\/p>\n\n\n\n<h2 class=\"wp-block-heading\">Conclusie<\/h2>\n\n\n\n<p>Het jaar 2025 vormt een zeer specifieke uitdaging voor de wereldeconomie.<\/p>\n\n\n\n<p>Met een verwachte wereldwijde groei van rond de 3,2% voor het eerste kwartaal van 2013 zijn we nog lang niet van een explosief herstel verwijderd en staan we ook nog niet op de rand van een ineenstorting.<\/p>\n\n\n\n<p>Maar de marges worden kleiner, de risico&#039;s nemen toe en de kans moet nu worden gegrepen.<\/p>\n\n\n\n<p>De vraag <strong>\u201cWereldeconomie in 2025: recessie of herstel?\u201d<\/strong> Het is niet alleen retoriek; het is een oproep tot actie.<\/p>\n\n\n\n<p>Voor opkomende economie\u00ebn, bedrijven en investeerders is het nu tijd om te plannen.<\/p>\n\n\n\n<p>Het verschil tussen degenen die deze cyclus goed beheersen en degenen die hem onderschatten, kan bepalend zijn voor de komende vijf tot tien jaar, of ze voordeel of vertraging oplopen.<\/p>\n\n\n\n<p>Ik nodig u uit om dit eens te analyseren: vaart u op een boot die zelf de zeilen bijstelt en de romp schoonmaakt, of op een boot die wacht tot de wind vanzelf opsteekt?<\/p>\n\n\n\n<p>Lees verder:\u00a0<a href=\"https:\/\/universofamilia.com\/nl\/el-papel-de-la-tecnologia-en-las-elecciones-internacionales\/\">De rol van technologie bij internationale verkiezingen<\/a><\/p>\n\n\n\n<h2 class=\"wp-block-heading\">Veelgestelde vragen (FAQ)<\/h2>\n\n\n\n<p><strong>Moeten we ons voorbereiden op een wereldwijde recessie in 2025?<\/strong><br>Een recessie is niet onvermijdelijk voor de hele planeet.<\/p>\n\n\n\n<p>Het is echter raadzaam om rekening te houden met een periode van stagnatie of matige groei.<\/p>\n\n\n\n<p>Dat betekent dat de financi\u00ebn, het productieapparaat en de verwachtingen moeten worden aangepast.<\/p>\n\n\n\n<p><strong>Kan Mexico profiteren van het wereldwijde herstel?<\/strong><br>Ja, Mexico kan profiteren door te profiteren van exportmarkten, technologie te omarmen en zichzelf te positioneren in niches met toegevoegde waarde.<\/p>\n\n\n\n<p>Maar het is ook kwetsbaar als het te afhankelijk is van grondstoffen of traditionele sectoren.<\/p>\n\n\n\n<p><strong>Welke sectoren hebben in deze context de beste kans op groei?<\/strong><br><\/p>\n\n\n\n<p>Sectoren die te maken hebben met technologie, digitalisering, hernieuwbare energie, slimme logistiek en exportgerichte productie, hebben meer kans om te excelleren.<\/p>\n\n\n\n<p>Daarentegen kunnen sectoren die sterk afhankelijk zijn van grondstoffen en niet gediversifieerd zijn, achterblijven.<\/p>\n\n\n\n<p><strong>Welke rol speelt internationale samenwerking?<\/strong><br>Het is essentieel. Het verminderen van handelsbarri\u00e8res, het verbeteren van wereldwijde toeleveringsketens en het co\u00f6rdineren van macro-economisch beleid dragen bij aan een gunstiger klimaat voor groei.<\/p>\n\n\n\n<p>Als de fragmentatie toeneemt, wordt de kans op recessie groter.<\/p>\n\n\n\n<p><strong>Wat is de belangrijkste aanbeveling voor een bedrijf in Latijns-Amerika?<\/strong><br><\/p>\n\n\n\n<p>Evalueer uw blootstelling aan internationale risico&#039;s, investeer in technologie en productiviteit, verminder financi\u00eble kwetsbaarheden en streef naar diversificatie van markten.<\/p>\n\n\n\n<p>Ga er niet vanuit dat de cyclus alleen maar gunstige winden met zich meebrengt; bereid je voor op windstoten en windstilte.<\/p>","protected":false},"excerpt":{"rendered":"<p>Analizaremos el panorama del FMI sobre la econom\u00eda mundial en 2025, los factores que apuntan a recesi\u00f3n o recuperaci\u00f3n y sus implicaciones para Am\u00e9rica Latina. Tambi\u00e9n exploraremos qu\u00e9 decisiones estrat\u00e9gicas podr\u00edan marcar la diferencia para los pa\u00edses y las empresas. Con enfoque humano y realista, explicar\u00e9 con claridad por qu\u00e9 la interrogante \u201cInternational Monetary Fund [&hellip;]<\/p>","protected":false},"author":219,"featured_media":10214,"comment_status":"closed","ping_status":"open","sticky":false,"template":"","format":"standard","meta":{"footnotes":""},"categories":[4],"tags":[],"yoast_head":"<!-- This site is optimized with the Yoast SEO plugin v23.3 - https:\/\/yoast.com\/wordpress\/plugins\/seo\/ -->\n<title>Econom\u00eda mundial en 2025: \u00bfrecesi\u00f3n o recuperaci\u00f3n? - Universo Fam\u00edlia<\/title>\n<meta name=\"description\" content=\"Analizaremos el panorama del FMI sobre la econom\u00eda mundial en 2025, los factores que apuntan a recesi\u00f3n o recuperaci\u00f3n y sus implicaciones..\" \/>\n<meta name=\"robots\" content=\"index, follow, max-snippet:-1, max-image-preview:large, max-video-preview:-1\" \/>\n<link rel=\"canonical\" href=\"https:\/\/universofamilia.com\/nl\/economia-mundial-en-2025-recesion-o-recuperacion\/\" \/>\n<meta property=\"og:locale\" content=\"nl_NL\" \/>\n<meta property=\"og:type\" content=\"article\" \/>\n<meta property=\"og:title\" content=\"Econom\u00eda mundial en 2025: \u00bfrecesi\u00f3n o recuperaci\u00f3n? - Universo Fam\u00edlia\" \/>\n<meta property=\"og:description\" content=\"Analizaremos el panorama del FMI sobre la econom\u00eda mundial en 2025, los factores que apuntan a recesi\u00f3n o recuperaci\u00f3n y sus implicaciones..\" \/>\n<meta property=\"og:url\" content=\"https:\/\/universofamilia.com\/nl\/economia-mundial-en-2025-recesion-o-recuperacion\/\" \/>\n<meta property=\"og:site_name\" content=\"Universo Fam\u00edlia\" \/>\n<meta property=\"article:published_time\" content=\"2025-10-27T15:35:00+00:00\" \/>\n<meta property=\"article:modified_time\" content=\"2025-10-27T15:35:18+00:00\" \/>\n<meta property=\"og:image\" content=\"https:\/\/universofamilia.com\/wp-content\/uploads\/sites\/148\/2025\/10\/Destaque-Novo-Universo-23.jpg\" \/>\n\t<meta property=\"og:image:width\" content=\"450\" \/>\n\t<meta property=\"og:image:height\" content=\"250\" \/>\n\t<meta property=\"og:image:type\" content=\"image\/jpeg\" \/>\n<meta name=\"author\" content=\"Matheus Sangaletti\" \/>\n<meta name=\"twitter:card\" content=\"summary_large_image\" \/>\n<meta name=\"twitter:label1\" content=\"Written by\" \/>\n\t<meta name=\"twitter:data1\" content=\"Matheus Sangaletti\" \/>\n\t<meta name=\"twitter:label2\" content=\"Est. reading time\" \/>\n\t<meta name=\"twitter:data2\" content=\"11 minuten\" \/>\n<script type=\"application\/ld+json\" class=\"yoast-schema-graph\">{\"@context\":\"https:\/\/schema.org\",\"@graph\":[{\"@type\":\"WebPage\",\"@id\":\"https:\/\/universofamilia.com\/el\/economia-mundial-en-2025-recesion-o-recuperacion\/\",\"url\":\"https:\/\/universofamilia.com\/el\/economia-mundial-en-2025-recesion-o-recuperacion\/\",\"name\":\"Econom\u00eda mundial en 2025: \u00bfrecesi\u00f3n o recuperaci\u00f3n? - Universo Fam\u00edlia\",\"isPartOf\":{\"@id\":\"https:\/\/universofamilia.com\/el\/#website\"},\"primaryImageOfPage\":{\"@id\":\"https:\/\/universofamilia.com\/el\/economia-mundial-en-2025-recesion-o-recuperacion\/#primaryimage\"},\"image\":{\"@id\":\"https:\/\/universofamilia.com\/el\/economia-mundial-en-2025-recesion-o-recuperacion\/#primaryimage\"},\"thumbnailUrl\":\"https:\/\/universofamilia.com\/wp-content\/uploads\/sites\/148\/2025\/10\/Destaque-Novo-Universo-23.jpg\",\"datePublished\":\"2025-10-27T15:35:00+00:00\",\"dateModified\":\"2025-10-27T15:35:18+00:00\",\"author\":{\"@id\":\"https:\/\/universofamilia.com\/el\/#\/schema\/person\/92fcd07e9b1f4323bf74f3170fc0f78a\"},\"description\":\"Analizaremos el panorama del FMI sobre la econom\u00eda mundial en 2025, los factores que apuntan a recesi\u00f3n o recuperaci\u00f3n y sus implicaciones..\",\"breadcrumb\":{\"@id\":\"https:\/\/universofamilia.com\/el\/economia-mundial-en-2025-recesion-o-recuperacion\/#breadcrumb\"},\"inLanguage\":\"nl\",\"potentialAction\":[{\"@type\":\"ReadAction\",\"target\":[\"https:\/\/universofamilia.com\/el\/economia-mundial-en-2025-recesion-o-recuperacion\/\"]}]},{\"@type\":\"ImageObject\",\"inLanguage\":\"nl\",\"@id\":\"https:\/\/universofamilia.com\/el\/economia-mundial-en-2025-recesion-o-recuperacion\/#primaryimage\",\"url\":\"https:\/\/universofamilia.com\/wp-content\/uploads\/sites\/148\/2025\/10\/Destaque-Novo-Universo-23.jpg\",\"contentUrl\":\"https:\/\/universofamilia.com\/wp-content\/uploads\/sites\/148\/2025\/10\/Destaque-Novo-Universo-23.jpg\",\"width\":450,\"height\":250},{\"@type\":\"BreadcrumbList\",\"@id\":\"https:\/\/universofamilia.com\/el\/economia-mundial-en-2025-recesion-o-recuperacion\/#breadcrumb\",\"itemListElement\":[{\"@type\":\"ListItem\",\"position\":1,\"name\":\"Home\",\"item\":\"https:\/\/universofamilia.com\/el\/\"},{\"@type\":\"ListItem\",\"position\":2,\"name\":\"Econom\u00eda mundial en 2025: \u00bfrecesi\u00f3n o recuperaci\u00f3n?\"}]},{\"@type\":\"WebSite\",\"@id\":\"https:\/\/universofamilia.com\/el\/#website\",\"url\":\"https:\/\/universofamilia.com\/el\/\",\"name\":\"Universo Fam\u00edlia\",\"description\":\"\",\"potentialAction\":[{\"@type\":\"SearchAction\",\"target\":{\"@type\":\"EntryPoint\",\"urlTemplate\":\"https:\/\/universofamilia.com\/el\/?s={search_term_string}\"},\"query-input\":\"required name=search_term_string\"}],\"inLanguage\":\"nl\"},{\"@type\":\"Person\",\"@id\":\"https:\/\/universofamilia.com\/el\/#\/schema\/person\/92fcd07e9b1f4323bf74f3170fc0f78a\",\"name\":\"Matheus Sangaletti\",\"image\":{\"@type\":\"ImageObject\",\"inLanguage\":\"nl\",\"@id\":\"https:\/\/universofamilia.com\/el\/#\/schema\/person\/image\/\",\"url\":\"https:\/\/secure.gravatar.com\/avatar\/280ea957a14a48e6a1ad2133d2cc27c9?s=96&d=mm&r=g\",\"contentUrl\":\"https:\/\/secure.gravatar.com\/avatar\/280ea957a14a48e6a1ad2133d2cc27c9?s=96&d=mm&r=g\",\"caption\":\"Matheus Sangaletti\"},\"url\":\"https:\/\/universofamilia.com\/nl\/author\/matheuss\/\"}]}<\/script>\n<!-- \/ Yoast SEO plugin. -->","yoast_head_json":{"title":"Econom\u00eda mundial en 2025: \u00bfrecesi\u00f3n o recuperaci\u00f3n? - Universo Fam\u00edlia","description":"Analizaremos el panorama del FMI sobre la econom\u00eda mundial en 2025, los factores que apuntan a recesi\u00f3n o recuperaci\u00f3n y sus implicaciones..","robots":{"index":"index","follow":"follow","max-snippet":"max-snippet:-1","max-image-preview":"max-image-preview:large","max-video-preview":"max-video-preview:-1"},"canonical":"https:\/\/universofamilia.com\/nl\/economia-mundial-en-2025-recesion-o-recuperacion\/","og_locale":"nl_NL","og_type":"article","og_title":"Econom\u00eda mundial en 2025: \u00bfrecesi\u00f3n o recuperaci\u00f3n? - Universo Fam\u00edlia","og_description":"Analizaremos el panorama del FMI sobre la econom\u00eda mundial en 2025, los factores que apuntan a recesi\u00f3n o recuperaci\u00f3n y sus implicaciones..","og_url":"https:\/\/universofamilia.com\/nl\/economia-mundial-en-2025-recesion-o-recuperacion\/","og_site_name":"Universo Fam\u00edlia","article_published_time":"2025-10-27T15:35:00+00:00","article_modified_time":"2025-10-27T15:35:18+00:00","og_image":[{"width":450,"height":250,"url":"https:\/\/universofamilia.com\/wp-content\/uploads\/sites\/148\/2025\/10\/Destaque-Novo-Universo-23.jpg","type":"image\/jpeg"}],"author":"Matheus Sangaletti","twitter_card":"summary_large_image","twitter_misc":{"Written by":"Matheus Sangaletti","Est. reading time":"11 minuten"},"schema":{"@context":"https:\/\/schema.org","@graph":[{"@type":"WebPage","@id":"https:\/\/universofamilia.com\/el\/economia-mundial-en-2025-recesion-o-recuperacion\/","url":"https:\/\/universofamilia.com\/el\/economia-mundial-en-2025-recesion-o-recuperacion\/","name":"Econom\u00eda mundial en 2025: \u00bfrecesi\u00f3n o recuperaci\u00f3n? - Universo Fam\u00edlia","isPartOf":{"@id":"https:\/\/universofamilia.com\/el\/#website"},"primaryImageOfPage":{"@id":"https:\/\/universofamilia.com\/el\/economia-mundial-en-2025-recesion-o-recuperacion\/#primaryimage"},"image":{"@id":"https:\/\/universofamilia.com\/el\/economia-mundial-en-2025-recesion-o-recuperacion\/#primaryimage"},"thumbnailUrl":"https:\/\/universofamilia.com\/wp-content\/uploads\/sites\/148\/2025\/10\/Destaque-Novo-Universo-23.jpg","datePublished":"2025-10-27T15:35:00+00:00","dateModified":"2025-10-27T15:35:18+00:00","author":{"@id":"https:\/\/universofamilia.com\/el\/#\/schema\/person\/92fcd07e9b1f4323bf74f3170fc0f78a"},"description":"Analizaremos el panorama del FMI sobre la econom\u00eda mundial en 2025, los factores que apuntan a recesi\u00f3n o recuperaci\u00f3n y sus implicaciones..","breadcrumb":{"@id":"https:\/\/universofamilia.com\/el\/economia-mundial-en-2025-recesion-o-recuperacion\/#breadcrumb"},"inLanguage":"nl","potentialAction":[{"@type":"ReadAction","target":["https:\/\/universofamilia.com\/el\/economia-mundial-en-2025-recesion-o-recuperacion\/"]}]},{"@type":"ImageObject","inLanguage":"nl","@id":"https:\/\/universofamilia.com\/el\/economia-mundial-en-2025-recesion-o-recuperacion\/#primaryimage","url":"https:\/\/universofamilia.com\/wp-content\/uploads\/sites\/148\/2025\/10\/Destaque-Novo-Universo-23.jpg","contentUrl":"https:\/\/universofamilia.com\/wp-content\/uploads\/sites\/148\/2025\/10\/Destaque-Novo-Universo-23.jpg","width":450,"height":250},{"@type":"BreadcrumbList","@id":"https:\/\/universofamilia.com\/el\/economia-mundial-en-2025-recesion-o-recuperacion\/#breadcrumb","itemListElement":[{"@type":"ListItem","position":1,"name":"Home","item":"https:\/\/universofamilia.com\/el\/"},{"@type":"ListItem","position":2,"name":"Econom\u00eda mundial en 2025: \u00bfrecesi\u00f3n o recuperaci\u00f3n?"}]},{"@type":"WebSite","@id":"https:\/\/universofamilia.com\/el\/#website","url":"https:\/\/universofamilia.com\/el\/","name":"Universo Fam\u00edlia","description":"","potentialAction":[{"@type":"SearchAction","target":{"@type":"EntryPoint","urlTemplate":"https:\/\/universofamilia.com\/el\/?s={search_term_string}"},"query-input":"required name=search_term_string"}],"inLanguage":"nl"},{"@type":"Person","@id":"https:\/\/universofamilia.com\/el\/#\/schema\/person\/92fcd07e9b1f4323bf74f3170fc0f78a","name":"Matheus Sangaletti","image":{"@type":"ImageObject","inLanguage":"nl","@id":"https:\/\/universofamilia.com\/el\/#\/schema\/person\/image\/","url":"https:\/\/secure.gravatar.com\/avatar\/280ea957a14a48e6a1ad2133d2cc27c9?s=96&d=mm&r=g","contentUrl":"https:\/\/secure.gravatar.com\/avatar\/280ea957a14a48e6a1ad2133d2cc27c9?s=96&d=mm&r=g","caption":"Matheus Sangaletti"},"url":"https:\/\/universofamilia.com\/nl\/author\/matheuss\/"}]}},"_links":{"self":[{"href":"https:\/\/universofamilia.com\/nl\/wp-json\/wp\/v2\/posts\/10213"}],"collection":[{"href":"https:\/\/universofamilia.com\/nl\/wp-json\/wp\/v2\/posts"}],"about":[{"href":"https:\/\/universofamilia.com\/nl\/wp-json\/wp\/v2\/types\/post"}],"author":[{"embeddable":true,"href":"https:\/\/universofamilia.com\/nl\/wp-json\/wp\/v2\/users\/219"}],"replies":[{"embeddable":true,"href":"https:\/\/universofamilia.com\/nl\/wp-json\/wp\/v2\/comments?post=10213"}],"version-history":[{"count":1,"href":"https:\/\/universofamilia.com\/nl\/wp-json\/wp\/v2\/posts\/10213\/revisions"}],"predecessor-version":[{"id":10217,"href":"https:\/\/universofamilia.com\/nl\/wp-json\/wp\/v2\/posts\/10213\/revisions\/10217"}],"wp:featuredmedia":[{"embeddable":true,"href":"https:\/\/universofamilia.com\/nl\/wp-json\/wp\/v2\/media\/10214"}],"wp:attachment":[{"href":"https:\/\/universofamilia.com\/nl\/wp-json\/wp\/v2\/media?parent=10213"}],"wp:term":[{"taxonomy":"category","embeddable":true,"href":"https:\/\/universofamilia.com\/nl\/wp-json\/wp\/v2\/categories?post=10213"},{"taxonomy":"post_tag","embeddable":true,"href":"https:\/\/universofamilia.com\/nl\/wp-json\/wp\/v2\/tags?post=10213"}],"curies":[{"name":"wp","href":"https:\/\/api.w.org\/{rel}","templated":true}]}}