{"id":10479,"date":"2025-12-29T09:09:19","date_gmt":"2025-12-29T12:09:19","guid":{"rendered":"https:\/\/universofamilia.com\/?p=10479"},"modified":"2025-12-29T09:11:25","modified_gmt":"2025-12-29T12:11:25","slug":"la-salud-mental-en-la-mira","status":"publish","type":"post","link":"https:\/\/universofamilia.com\/nl\/la-salud-mental-en-la-mira\/","title":{"rendered":"Geestelijke gezondheid in de schijnwerpers: de nieuwe wereldwijde uitdaging van de 21e eeuw"},"content":{"rendered":"<p class=\"has-text-align-center\"><strong>Geestelijke gezondheid in de schijnwerpers: de nieuwe wereldwijde uitdaging van de 21e eeuw.<\/strong> Het is niet langer een alarmerende slogan, noch een kwestie die alleen in de medische wereld speelt.<\/p>\n\n\n\n<figure class=\"wp-block-gallery has-nested-images columns-default is-cropped wp-block-gallery-1 is-layout-flex wp-block-gallery-is-layout-flex\">\n<figure class=\"wp-block-image size-full\"><img loading=\"lazy\" decoding=\"async\" width=\"450\" height=\"250\" data-id=\"10481\" src=\"https:\/\/universofamilia.com\/wp-content\/uploads\/sites\/148\/2025\/12\/Destaque-Novo-Universo-20-1.jpg\" alt=\"\" class=\"wp-image-10481\" srcset=\"https:\/\/universofamilia.com\/wp-content\/uploads\/sites\/148\/2025\/12\/Destaque-Novo-Universo-20-1.jpg 450w, https:\/\/universofamilia.com\/wp-content\/uploads\/sites\/148\/2025\/12\/Destaque-Novo-Universo-20-1-300x167.jpg 300w, https:\/\/universofamilia.com\/wp-content\/uploads\/sites\/148\/2025\/12\/Destaque-Novo-Universo-20-1-18x10.jpg 18w\" sizes=\"(max-width: 450px) 100vw, 450px\" \/><figcaption class=\"wp-element-caption\">Geestelijke gezondheid in de schijnwerpers: de nieuwe wereldwijde uitdaging van de 21e eeuw.<\/figcaption><\/figure>\n<\/figure>\n\n\n\n<p class=\"has-text-align-center\">Het werd een maatschappelijke, economische en politieke prioriteit die leeftijden, beroepen en culturen overstijgt.<\/p>\n\n\n\n<p class=\"has-text-align-center\">In 2025 betekent praten over emotioneel welzijn dat we het hebben over productiviteit, relaties, opleiding, technologie en levenskwaliteit.<\/p>\n\n\n\n<p>Voordat we dieper ingaan op de materie, is het nuttig om eerst een korte samenvatting te geven: waarom geestelijke gezondheid vandaag de dag centraal staat in het wereldwijde debat, welke factoren de achteruitgang ervan verklaren en welke impact dit heeft op de economie en het dagelijks leven.<\/p>\n\n\n\n<p>Een belangrijke statistiek, onderbouwd door internationale organisaties, twee praktijkvoorbeelden, een verhelderende analogie, een tabel met actuele uitdagingen en een sectie met veelgestelde vragen.<\/p>\n\n\n\n<h2 class=\"wp-block-heading\"><strong>Waarom geestelijke gezondheid centraal is komen te staan in het wereldwijde gesprek.<\/strong><\/h2>\n\n\n\n<p>Psychologisch welzijn werd decennialang naar de achtergrond verdrongen. De snelle veranderingen van de 21e eeuw dwongen ons echter een probleem onder ogen te zien dat zich in stilte had ontwikkeld.<\/p>\n\n\n\n<p>Intensieve werkritmes, hyperconnectiviteit, economische onzekerheid en ingrijpende maatschappelijke veranderingen cre\u00eberden een complexe voedingsbodem.<\/p>\n\n\n\n<p>In deze context, <strong>Geestelijke gezondheid in de schijnwerpers: de nieuwe wereldwijde uitdaging van de 21e eeuw.<\/strong> Het was niet langer een academische term, maar een alledaagse realiteit geworden.<\/p>\n\n\n\n<p>Overheden, bedrijven en onderwijsinstellingen erkennen tegenwoordig dat het negeren van dit aspect tastbare en kostbare gevolgen heeft.<\/p>\n\n\n\n<h2 class=\"wp-block-heading\"><strong>Een probleem dat geen grenzen of leeftijden kent.<\/strong><\/h2>\n\n\n\n<p>Geestelijke gezondheidsproblemen beperken zich niet tot bepaalde landen of sociale groepen.<\/p>\n\n\n\n<p>Dit is een wijdverbreid fenomeen. Jongeren, volwassenen en ouderen ervaren steeds meer stress, angst en emotionele uitputting.<\/p>\n\n\n\n<p>Volgens gegevens van <strong>Wereldgezondheidsorganisatie (WHO)<\/strong>, ongeveer <strong>Wereldwijd heeft 1 op de 8 mensen te maken met een vorm van psychische stoornis.<\/strong>Dit cijfer weerspiegelt de omvang van de uitdaging en de directe impact ervan op de gezondheidszorg en de wereldeconomie.<\/p>\n\n\n\n<p>Deze gegevens, die in recente rapporten van het agentschap zijn bijgewerkt, bevestigen dat het hier niet om ge\u00efsoleerde gevallen gaat, maar om een structureel probleem.<\/p>\n\n\n\n<h2 class=\"wp-block-heading\"><strong>De stille impact op de economie en de arbeidsmarkt.<\/strong><\/h2>\n\n\n\n<p>Naast individueel leed heeft een slechte geestelijke gezondheid gevolgen voor de productiviteit, leidt het tot meer ziekteverzuim en verhoogt het de zorgkosten.<\/p>\n\n\n\n<p>Bedrijven begonnen te begrijpen dat aandacht voor emotioneel welzijn geen extraatje is, maar een strategische investering.<\/p>\n\n\n\n<p>Tegen 2025 zullen veel organisaties psychologische ondersteuningsprogramma&#039;s, flexibele werktijden en beleid voor digitale ontkoppeling integreren.<\/p>\n\n\n\n<p>Ze doen het niet alleen uit maatschappelijke verantwoordelijkheid, maar ook omdat de resultaten duidelijke verbeteringen in prestaties en betrokkenheid laten zien.<\/p>\n\n\n\n<h2 class=\"wp-block-heading\"><strong>Technologie: zowel bondgenoot als risico<\/strong><\/h2>\n\n\n\n<p>Technologie speelt een ambivalente rol. Enerzijds vergemakkelijkt het de toegang tot informatie, online therapie\u00ebn en ondersteunende gemeenschappen.<\/p>\n\n\n\n<p>Aan de andere kant versterkt het sociale vergelijkingen, overmatige blootstelling en de moeilijkheid om los te komen.<\/p>\n\n\n\n<p>De uitdaging is om digitale hulpmiddelen verstandig te gebruiken.<\/p>\n\n\n\n<p>Het gaat er niet om technologie te demoniseren, maar om gezonde grenzen te stellen die ons in staat stellen de voordelen ervan te benutten zonder ons emotioneel evenwicht te verliezen.<\/p>\n\n\n\n<h2 class=\"wp-block-heading\"><strong>Emotionele opvoeding: een historische schuld<\/strong><\/h2>\n\n\n\n<p>Jarenlang gaven onderwijssystemen prioriteit aan academische inhoud en verwaarloosden ze essenti\u00eble emotionele vaardigheden. Die verwaarlozing eist nu zijn tol.<\/p>\n\n\n\n<p>Emotionele geletterdheid blijkt een dringende noodzaak te zijn.<\/p>\n\n\n\n<p>Door stressmanagement, empathie en zelfbewustzijn al op jonge leeftijd aan te leren, worden niet alleen toekomstige stoornissen voorkomen, maar worden ook veerkrachtigere en bewuster burgers.<\/p>\n\n\n\n<h3 class=\"wp-block-heading\"><strong>Voorbeeld 1<\/strong><\/h3>\n\n\n\n<p>Een openbare school in Latijns-Amerika integreerde wekelijkse workshops over emotionele opvoeding.<\/p>\n\n\n\n<p>Volgens interne rapporten van het onderwijscentrum zijn de conflicten tussen studenten in minder dan een jaar tijd afgenomen en de algehele schoolprestaties verbeterd.<\/p>\n\n\n\n<h2 class=\"wp-block-heading\"><strong>Stigma: de meest hardnekkige vijand<\/strong><\/h2>\n\n\n\n<p>Hoewel het maatschappelijke debat is veranderd, blijft het stigma bestaan. Veel mensen durven geen hulp te vragen uit angst voor veroordeling door anderen of professionals.<\/p>\n\n\n\n<p>Door deze stilte verergeren de symptomen en wordt een effectieve behandeling vertraagd.<\/p>\n\n\n\n<p>Het is essentieel om geestelijke gezondheid zichtbaar te maken als een integraal onderdeel van de algehele gezondheid. Door het gesprek hierover te normaliseren, worden tijd, middelen en in sommige gevallen levens bespaard.<\/p>\n\n\n\n<h2 class=\"wp-block-heading\"><strong>De analogie die helpt om de urgentie te begrijpen<\/strong><\/h2>\n\n\n\n<p>Zorg dragen voor je mentale gezondheid is vergelijkbaar met <strong>het besturingssysteem van een apparaat onderhouden<\/strong>.<\/p>\n\n\n\n<p>Je kunt de beste hardware hebben, maar als de software faalt, wordt het hele systeem traag, instabiel en kwetsbaar. Het negeren van waarschuwingssignalen verslechtert de algehele prestaties alleen maar.<\/p>\n\n\n\n<h2 class=\"wp-block-heading\"><strong>Publiek beleid en collectieve verantwoordelijkheid<\/strong><\/h2>\n\n\n\n<p>Overheden staan voor de uitdaging om alomvattend, toegankelijk en duurzaam beleid te ontwerpen.<\/p>\n\n\n\n<p>Het is niet voldoende om alleen de budgetten te verhogen; co\u00f6rdinatie tussen gezondheidszorg, onderwijs, arbeid en sociale ontwikkeling is noodzakelijk.<\/p>\n\n\n\n<p>Tegelijkertijd ligt de verantwoordelijkheid niet uitsluitend bij de instellingen.<\/p>\n\n\n\n<p>Gemeenschappen, gezinnen en werkomgevingen spelen een fundamentele rol in preventie en ondersteuning.<\/p>\n\n\n\n<h2 class=\"wp-block-heading\"><strong>Tabel: Belangrijkste actuele uitdagingen in de geestelijke gezondheidszorg<\/strong><\/h2>\n\n\n\n<figure class=\"wp-block-table\"><table><thead><tr><th>Wereldwijde uitdaging<\/th><th>Belangrijkste impact<\/th><\/tr><\/thead><tbody><tr><td>Chronische werkstress<\/td><td>Burnout en lage productiviteit<\/td><\/tr><tr><td>Sociale stigmatisering<\/td><td>Gebrek aan vroege diagnose<\/td><\/tr><tr><td>Beperkte toegang tot zorg<\/td><td>Lacunes in de volksgezondheid<\/td><\/tr><tr><td>Overmatig gebruik van technologie<\/td><td>Angst en emotionele ontkoppeling<\/td><\/tr><tr><td>Gebrek aan emotionele opvoeding<\/td><td>Lagere sociale veerkracht<\/td><\/tr><\/tbody><\/table><figcaption class=\"wp-element-caption\">Geestelijke gezondheid in de schijnwerpers: de nieuwe wereldwijde uitdaging van de 21e eeuw.<\/figcaption><\/figure>\n\n\n\n<figure class=\"wp-block-gallery has-nested-images columns-default is-cropped wp-block-gallery-2 is-layout-flex wp-block-gallery-is-layout-flex\">\n<figure class=\"wp-block-image size-full\"><img loading=\"lazy\" decoding=\"async\" width=\"450\" height=\"250\" data-id=\"10482\" src=\"https:\/\/universofamilia.com\/wp-content\/uploads\/sites\/148\/2025\/12\/Destaque-Novo-Universo-21.jpg\" alt=\"\" class=\"wp-image-10482\" srcset=\"https:\/\/universofamilia.com\/wp-content\/uploads\/sites\/148\/2025\/12\/Destaque-Novo-Universo-21.jpg 450w, https:\/\/universofamilia.com\/wp-content\/uploads\/sites\/148\/2025\/12\/Destaque-Novo-Universo-21-300x167.jpg 300w, https:\/\/universofamilia.com\/wp-content\/uploads\/sites\/148\/2025\/12\/Destaque-Novo-Universo-21-18x10.jpg 18w\" sizes=\"(max-width: 450px) 100vw, 450px\" \/><figcaption class=\"wp-element-caption\">Geestelijke gezondheid in de schijnwerpers: de nieuwe wereldwijde uitdaging van de 21e eeuw.<\/figcaption><\/figure>\n<\/figure>\n\n\n\n<p>Lees verder:\u00a0<a href=\"https:\/\/universofamilia.com\/nl\/descubrimientos-cientificos-que-cambiaran-el-futuro\/\">Wetenschappelijke ontdekkingen die de toekomst zullen veranderen<\/a><\/p>\n\n\n\n<h2 class=\"wp-block-heading\"><strong>Het belang van spreken, luisteren en handelen.<\/strong><\/h2>\n\n\n\n<p>Het cre\u00ebren van ruimte voor oprechte dialoog maakt echt een verschil. Luisteren zonder oordeel en het erkennen van emoties versterkt banden en vermindert isolatie.<\/p>\n\n\n\n<p>Bovendien bevordert het een cultuur waarin om hulp vragen niet als een zwakte wordt gezien, maar als een persoonlijke verantwoordelijkheid.<\/p>\n\n\n\n<h3 class=\"wp-block-heading\"><strong>Voorbeeld 2<\/strong><\/h3>\n\n\n\n<p>Een dienstverlenend bedrijf heeft vrijwillige psychologische ondersteuningssessies ingevoerd.<\/p>\n\n\n\n<p>Na zes maanden rapporteerden de teams een grotere samenhang en een afname van de ervaren stress, wat tot uiting kwam in interne beoordelingen van het werkklimaat.<\/p>\n\n\n\n<h2 class=\"wp-block-heading\"><strong>Waarom is deze uitdaging bepalend voor de 21e eeuw?<\/strong><\/h2>\n\n\n\n<p>Omdat de mensheid nog nooit eerder over zoveel informatie beschikte en tegelijkertijd aan zoveel verschillende drukfactoren was blootgesteld.<\/p>\n\n\n\n<p>Globalisering, de klimaatcrisis, technologische veranderingen en geopolitieke spanningen hebben een directe invloed op de emotionele stabiliteit.<\/p>\n\n\n\n<p>Heeft het zin om over vooruitgang te praten als het psychologisch welzijn van mensen wordt verwaarloosd?<\/p>\n\n\n\n<h2 class=\"wp-block-heading\"><strong>Met verantwoordelijkheid naar de toekomst kijken<\/strong><\/h2>\n\n\n\n<p>In 2025, <strong>Geestelijke gezondheid in de schijnwerpers: de nieuwe wereldwijde uitdaging van de 21e eeuw.<\/strong> Het vereist concrete acties, niet alleen toespraken.<\/p>\n\n\n\n<p>Investeringen in preventie, voorlichting en toegang tot behandeling zijn net zo belangrijk als fysieke infrastructuur.<\/p>\n\n\n\n<p>De toekomst zal afhangen van het collectieve vermogen om te erkennen dat geestelijke gezondheid geen luxe is, maar een pijler van duurzame ontwikkeling.<\/p>\n\n\n\n<h2 class=\"wp-block-heading\"><strong>Conclusie<\/strong><\/h2>\n\n\n\n<p>Mentale gezondheid bepaalt hoe we werken, leren, met anderen omgaan en plannen maken voor de toekomst. Het negeren ervan leidt tot steeds hogere menselijke en economische kosten.<\/p>\n\n\n\n<p>Daarentegen opent een serieuze, empathische en strategische aanpak van het probleem de deur naar evenwichtigere en veerkrachtigere samenlevingen.<\/p>\n\n\n\n<p>De uitdaging is aangegaan. De vraag is niet langer \u00f3f we moeten handelen, maar h\u00f3\u00e9 en met welke urgentie.<\/p>\n\n\n\n<p>Lees verder:\u00a0<a href=\"https:\/\/universofamilia.com\/nl\/el-crecimiento-del-comercio-electronico-mundial-en-2025\/\">De groei van de wereldwijde e-commerce in 2025<\/a><\/p>\n\n\n\n<h2 class=\"wp-block-heading\"><strong>Veelgestelde vragen<\/strong><\/h2>\n\n\n\n<p><strong>Is geestelijke gezondheid iets dat alleen door individuen wordt aangegaan?<\/strong><br>Nee. Het gaat om sociale, economische en culturele factoren die collectieve reacties vereisen.<\/p>\n\n\n\n<p><strong>Wordt het zoeken naar psychologische hulp nog steeds afgekeurd?<\/strong><br>Het stigma is afgenomen, maar het bestaat nog steeds in sommige kringen. Openlijk praten helpt om die perceptie te veranderen.<\/p>\n\n\n\n<p><strong>Verslechtert technologie de geestelijke gezondheid?<\/strong><br>Het hangt af van het gebruik. Het kan een hulpmiddel zijn, maar ook een risicofactor als het niet gereguleerd is.<\/p>\n\n\n\n<p><strong>Moeten bedrijven zich met deze kwestie bemoeien?<\/strong><br>Ja. Emotioneel welzijn heeft een directe invloed op de prestaties en duurzaamheid van een organisatie.<\/p>\n\n\n\n<p><strong>Werkt preventie echt?<\/strong><br>Verschillende programma&#039;s tonen aan dat emotionele educatie en vroegtijdige detectie problemen op de lange termijn verminderen.<\/p>\n\n\n\n<p>Het serieus en menselijk aanpakken van mentale gezondheidsproblemen verbetert niet alleen individuele levens, maar herdefinieert ook de koers van de 21e eeuw.<\/p>","protected":false},"excerpt":{"rendered":"<p>La salud mental en la mira: el nuevo desaf\u00edo global del siglo XXI. ya no es una consigna alarmista ni un tema exclusivo del \u00e1mbito m\u00e9dico. Se convirti\u00f3 en una prioridad social, econ\u00f3mica y pol\u00edtica que atraviesa edades, profesiones y culturas. En 2025, hablar de bienestar emocional implica hablar de productividad, v\u00ednculos, educaci\u00f3n, tecnolog\u00eda y [&hellip;]<\/p>","protected":false},"author":219,"featured_media":10480,"comment_status":"closed","ping_status":"open","sticky":false,"template":"","format":"standard","meta":{"footnotes":""},"categories":[4],"tags":[],"yoast_head":"<!-- This site is optimized with the Yoast SEO plugin v23.3 - https:\/\/yoast.com\/wordpress\/plugins\/seo\/ -->\n<title>La salud mental en la mira: el nuevo desaf\u00edo global del siglo XXI - Universo Fam\u00edlia<\/title>\n<meta name=\"description\" content=\"La salud mental en la mira: el nuevo desaf\u00edo global del siglo XXI. ya no es una consigna alarmista ni un tema exclusivo del \u00e1mbito m\u00e9dico.\" \/>\n<meta name=\"robots\" content=\"index, follow, max-snippet:-1, max-image-preview:large, max-video-preview:-1\" \/>\n<link rel=\"canonical\" href=\"https:\/\/universofamilia.com\/nl\/la-salud-mental-en-la-mira\/\" \/>\n<meta property=\"og:locale\" content=\"nl_NL\" \/>\n<meta property=\"og:type\" content=\"article\" \/>\n<meta property=\"og:title\" content=\"La salud mental en la mira: el nuevo desaf\u00edo global del siglo XXI - Universo Fam\u00edlia\" \/>\n<meta property=\"og:description\" content=\"La salud mental en la mira: el nuevo desaf\u00edo global del siglo XXI. ya no es una consigna alarmista ni un tema exclusivo del \u00e1mbito m\u00e9dico.\" \/>\n<meta property=\"og:url\" content=\"https:\/\/universofamilia.com\/nl\/la-salud-mental-en-la-mira\/\" \/>\n<meta property=\"og:site_name\" content=\"Universo Fam\u00edlia\" \/>\n<meta property=\"article:published_time\" content=\"2025-12-29T12:09:19+00:00\" \/>\n<meta property=\"article:modified_time\" content=\"2025-12-29T12:11:25+00:00\" \/>\n<meta property=\"og:image\" content=\"https:\/\/universofamilia.com\/wp-content\/uploads\/sites\/148\/2025\/12\/Destaque-Novo-Universo-20.jpg\" \/>\n\t<meta property=\"og:image:width\" content=\"450\" \/>\n\t<meta property=\"og:image:height\" content=\"250\" \/>\n\t<meta property=\"og:image:type\" content=\"image\/jpeg\" \/>\n<meta name=\"author\" content=\"Matheus Sangaletti\" \/>\n<meta name=\"twitter:card\" content=\"summary_large_image\" \/>\n<meta name=\"twitter:label1\" content=\"Written by\" \/>\n\t<meta name=\"twitter:data1\" content=\"Matheus Sangaletti\" \/>\n\t<meta name=\"twitter:label2\" content=\"Est. reading time\" \/>\n\t<meta name=\"twitter:data2\" content=\"1 minuut\" \/>\n<script type=\"application\/ld+json\" class=\"yoast-schema-graph\">{\"@context\":\"https:\/\/schema.org\",\"@graph\":[{\"@type\":\"WebPage\",\"@id\":\"https:\/\/universofamilia.com\/sr\/la-salud-mental-en-la-mira\/\",\"url\":\"https:\/\/universofamilia.com\/sr\/la-salud-mental-en-la-mira\/\",\"name\":\"La salud mental en la mira: el nuevo desaf\u00edo global del siglo XXI - Universo Fam\u00edlia\",\"isPartOf\":{\"@id\":\"https:\/\/universofamilia.com\/el\/#website\"},\"primaryImageOfPage\":{\"@id\":\"https:\/\/universofamilia.com\/sr\/la-salud-mental-en-la-mira\/#primaryimage\"},\"image\":{\"@id\":\"https:\/\/universofamilia.com\/sr\/la-salud-mental-en-la-mira\/#primaryimage\"},\"thumbnailUrl\":\"https:\/\/universofamilia.com\/wp-content\/uploads\/sites\/148\/2025\/12\/Destaque-Novo-Universo-20.jpg\",\"datePublished\":\"2025-12-29T12:09:19+00:00\",\"dateModified\":\"2025-12-29T12:11:25+00:00\",\"author\":{\"@id\":\"https:\/\/universofamilia.com\/el\/#\/schema\/person\/92fcd07e9b1f4323bf74f3170fc0f78a\"},\"description\":\"La salud mental en la mira: el nuevo desaf\u00edo global del siglo XXI. ya no es una consigna alarmista ni un tema exclusivo del \u00e1mbito m\u00e9dico.\",\"breadcrumb\":{\"@id\":\"https:\/\/universofamilia.com\/sr\/la-salud-mental-en-la-mira\/#breadcrumb\"},\"inLanguage\":\"nl\",\"potentialAction\":[{\"@type\":\"ReadAction\",\"target\":[\"https:\/\/universofamilia.com\/sr\/la-salud-mental-en-la-mira\/\"]}]},{\"@type\":\"ImageObject\",\"inLanguage\":\"nl\",\"@id\":\"https:\/\/universofamilia.com\/sr\/la-salud-mental-en-la-mira\/#primaryimage\",\"url\":\"https:\/\/universofamilia.com\/wp-content\/uploads\/sites\/148\/2025\/12\/Destaque-Novo-Universo-20.jpg\",\"contentUrl\":\"https:\/\/universofamilia.com\/wp-content\/uploads\/sites\/148\/2025\/12\/Destaque-Novo-Universo-20.jpg\",\"width\":450,\"height\":250,\"caption\":\"La salud mental en la mira: el nuevo desaf\u00edo global del siglo XXI.\"},{\"@type\":\"BreadcrumbList\",\"@id\":\"https:\/\/universofamilia.com\/sr\/la-salud-mental-en-la-mira\/#breadcrumb\",\"itemListElement\":[{\"@type\":\"ListItem\",\"position\":1,\"name\":\"Home\",\"item\":\"https:\/\/universofamilia.com\/el\/\"},{\"@type\":\"ListItem\",\"position\":2,\"name\":\"La salud mental en la mira: el nuevo desaf\u00edo global del siglo XXI\"}]},{\"@type\":\"WebSite\",\"@id\":\"https:\/\/universofamilia.com\/el\/#website\",\"url\":\"https:\/\/universofamilia.com\/el\/\",\"name\":\"Universo Fam\u00edlia\",\"description\":\"\",\"potentialAction\":[{\"@type\":\"SearchAction\",\"target\":{\"@type\":\"EntryPoint\",\"urlTemplate\":\"https:\/\/universofamilia.com\/el\/?s={search_term_string}\"},\"query-input\":\"required name=search_term_string\"}],\"inLanguage\":\"nl\"},{\"@type\":\"Person\",\"@id\":\"https:\/\/universofamilia.com\/el\/#\/schema\/person\/92fcd07e9b1f4323bf74f3170fc0f78a\",\"name\":\"Matheus Sangaletti\",\"image\":{\"@type\":\"ImageObject\",\"inLanguage\":\"nl\",\"@id\":\"https:\/\/universofamilia.com\/el\/#\/schema\/person\/image\/\",\"url\":\"https:\/\/secure.gravatar.com\/avatar\/280ea957a14a48e6a1ad2133d2cc27c9?s=96&d=mm&r=g\",\"contentUrl\":\"https:\/\/secure.gravatar.com\/avatar\/280ea957a14a48e6a1ad2133d2cc27c9?s=96&d=mm&r=g\",\"caption\":\"Matheus Sangaletti\"},\"url\":\"https:\/\/universofamilia.com\/nl\/author\/matheuss\/\"}]}<\/script>\n<!-- \/ Yoast SEO plugin. -->","yoast_head_json":{"title":"La salud mental en la mira: el nuevo desaf\u00edo global del siglo XXI - Universo Fam\u00edlia","description":"La salud mental en la mira: el nuevo desaf\u00edo global del siglo XXI. ya no es una consigna alarmista ni un tema exclusivo del \u00e1mbito m\u00e9dico.","robots":{"index":"index","follow":"follow","max-snippet":"max-snippet:-1","max-image-preview":"max-image-preview:large","max-video-preview":"max-video-preview:-1"},"canonical":"https:\/\/universofamilia.com\/nl\/la-salud-mental-en-la-mira\/","og_locale":"nl_NL","og_type":"article","og_title":"La salud mental en la mira: el nuevo desaf\u00edo global del siglo XXI - Universo Fam\u00edlia","og_description":"La salud mental en la mira: el nuevo desaf\u00edo global del siglo XXI. ya no es una consigna alarmista ni un tema exclusivo del \u00e1mbito m\u00e9dico.","og_url":"https:\/\/universofamilia.com\/nl\/la-salud-mental-en-la-mira\/","og_site_name":"Universo Fam\u00edlia","article_published_time":"2025-12-29T12:09:19+00:00","article_modified_time":"2025-12-29T12:11:25+00:00","og_image":[{"width":450,"height":250,"url":"https:\/\/universofamilia.com\/wp-content\/uploads\/sites\/148\/2025\/12\/Destaque-Novo-Universo-20.jpg","type":"image\/jpeg"}],"author":"Matheus Sangaletti","twitter_card":"summary_large_image","twitter_misc":{"Written by":"Matheus Sangaletti","Est. reading time":"1 minuut"},"schema":{"@context":"https:\/\/schema.org","@graph":[{"@type":"WebPage","@id":"https:\/\/universofamilia.com\/sr\/la-salud-mental-en-la-mira\/","url":"https:\/\/universofamilia.com\/sr\/la-salud-mental-en-la-mira\/","name":"La salud mental en la mira: el nuevo desaf\u00edo global del siglo XXI - Universo Fam\u00edlia","isPartOf":{"@id":"https:\/\/universofamilia.com\/el\/#website"},"primaryImageOfPage":{"@id":"https:\/\/universofamilia.com\/sr\/la-salud-mental-en-la-mira\/#primaryimage"},"image":{"@id":"https:\/\/universofamilia.com\/sr\/la-salud-mental-en-la-mira\/#primaryimage"},"thumbnailUrl":"https:\/\/universofamilia.com\/wp-content\/uploads\/sites\/148\/2025\/12\/Destaque-Novo-Universo-20.jpg","datePublished":"2025-12-29T12:09:19+00:00","dateModified":"2025-12-29T12:11:25+00:00","author":{"@id":"https:\/\/universofamilia.com\/el\/#\/schema\/person\/92fcd07e9b1f4323bf74f3170fc0f78a"},"description":"La salud mental en la mira: el nuevo desaf\u00edo global del siglo XXI. ya no es una consigna alarmista ni un tema exclusivo del \u00e1mbito m\u00e9dico.","breadcrumb":{"@id":"https:\/\/universofamilia.com\/sr\/la-salud-mental-en-la-mira\/#breadcrumb"},"inLanguage":"nl","potentialAction":[{"@type":"ReadAction","target":["https:\/\/universofamilia.com\/sr\/la-salud-mental-en-la-mira\/"]}]},{"@type":"ImageObject","inLanguage":"nl","@id":"https:\/\/universofamilia.com\/sr\/la-salud-mental-en-la-mira\/#primaryimage","url":"https:\/\/universofamilia.com\/wp-content\/uploads\/sites\/148\/2025\/12\/Destaque-Novo-Universo-20.jpg","contentUrl":"https:\/\/universofamilia.com\/wp-content\/uploads\/sites\/148\/2025\/12\/Destaque-Novo-Universo-20.jpg","width":450,"height":250,"caption":"La salud mental en la mira: el nuevo desaf\u00edo global del siglo XXI."},{"@type":"BreadcrumbList","@id":"https:\/\/universofamilia.com\/sr\/la-salud-mental-en-la-mira\/#breadcrumb","itemListElement":[{"@type":"ListItem","position":1,"name":"Home","item":"https:\/\/universofamilia.com\/el\/"},{"@type":"ListItem","position":2,"name":"La salud mental en la mira: el nuevo desaf\u00edo global del siglo XXI"}]},{"@type":"WebSite","@id":"https:\/\/universofamilia.com\/el\/#website","url":"https:\/\/universofamilia.com\/el\/","name":"Universo Fam\u00edlia","description":"","potentialAction":[{"@type":"SearchAction","target":{"@type":"EntryPoint","urlTemplate":"https:\/\/universofamilia.com\/el\/?s={search_term_string}"},"query-input":"required name=search_term_string"}],"inLanguage":"nl"},{"@type":"Person","@id":"https:\/\/universofamilia.com\/el\/#\/schema\/person\/92fcd07e9b1f4323bf74f3170fc0f78a","name":"Matheus Sangaletti","image":{"@type":"ImageObject","inLanguage":"nl","@id":"https:\/\/universofamilia.com\/el\/#\/schema\/person\/image\/","url":"https:\/\/secure.gravatar.com\/avatar\/280ea957a14a48e6a1ad2133d2cc27c9?s=96&d=mm&r=g","contentUrl":"https:\/\/secure.gravatar.com\/avatar\/280ea957a14a48e6a1ad2133d2cc27c9?s=96&d=mm&r=g","caption":"Matheus Sangaletti"},"url":"https:\/\/universofamilia.com\/nl\/author\/matheuss\/"}]}},"_links":{"self":[{"href":"https:\/\/universofamilia.com\/nl\/wp-json\/wp\/v2\/posts\/10479"}],"collection":[{"href":"https:\/\/universofamilia.com\/nl\/wp-json\/wp\/v2\/posts"}],"about":[{"href":"https:\/\/universofamilia.com\/nl\/wp-json\/wp\/v2\/types\/post"}],"author":[{"embeddable":true,"href":"https:\/\/universofamilia.com\/nl\/wp-json\/wp\/v2\/users\/219"}],"replies":[{"embeddable":true,"href":"https:\/\/universofamilia.com\/nl\/wp-json\/wp\/v2\/comments?post=10479"}],"version-history":[{"count":2,"href":"https:\/\/universofamilia.com\/nl\/wp-json\/wp\/v2\/posts\/10479\/revisions"}],"predecessor-version":[{"id":10484,"href":"https:\/\/universofamilia.com\/nl\/wp-json\/wp\/v2\/posts\/10479\/revisions\/10484"}],"wp:featuredmedia":[{"embeddable":true,"href":"https:\/\/universofamilia.com\/nl\/wp-json\/wp\/v2\/media\/10480"}],"wp:attachment":[{"href":"https:\/\/universofamilia.com\/nl\/wp-json\/wp\/v2\/media?parent=10479"}],"wp:term":[{"taxonomy":"category","embeddable":true,"href":"https:\/\/universofamilia.com\/nl\/wp-json\/wp\/v2\/categories?post=10479"},{"taxonomy":"post_tag","embeddable":true,"href":"https:\/\/universofamilia.com\/nl\/wp-json\/wp\/v2\/tags?post=10479"}],"curies":[{"name":"wp","href":"https:\/\/api.w.org\/{rel}","templated":true}]}}