{"id":2242,"date":"2023-06-05T19:19:36","date_gmt":"2023-06-05T22:19:36","guid":{"rendered":"https:\/\/universofamilia.com\/?p=2242"},"modified":"2023-06-05T19:19:36","modified_gmt":"2023-06-05T22:19:36","slug":"quais-os-ciclos-do-sono-do-bebe","status":"publish","type":"post","link":"https:\/\/universofamilia.com\/nl\/quais-os-ciclos-do-sono-do-bebe\/","title":{"rendered":"Quais de Baby Sound Cycles"},"content":{"rendered":"<h3 class=\"wp-block-heading\">Wanneer u de slaapcycli van baby&#039;s gebruikt, helpt u uw kleintje om beter te slapen.<\/h3>\n\n\n\n<p>De slaapcyclus van je baby is essentieel voor een gezonde ontwikkeling en zorgt er bovendien voor dat je baby momenten van rust krijgt.<\/p>\n\n\n\n<p>Het kan een hele uitdaging zijn om te begrijpen hoe deze cycli werken en de juiste technieken toe te passen om je baby beter te laten slapen. Maar met geduld en kennis kun je een gezonde slaaproutine voor het hele gezin cre\u00ebren.<\/p>\n\n\n\n<p>In dit artikel bespreken we de verschillende fasen van het horen van een baby en geven we waardevol advies om dat proces te vergemakkelijken.<\/p>\n\n\n\n<h3 class=\"wp-block-heading\">Lees ook:<\/h3>\n\n\n\n<p><a href=\"https:\/\/universofamilia.com\/nl\/meu-bebe-dorme-mal\/\" target=\"_blank\" rel=\"noreferrer noopener\">Mijn baby slaapt slecht, zie 5 veelvoorkomende fouten die je moet vermijden.<\/a><\/p>\n\n\n\n<p><a href=\"https:\/\/universofamilia.com\/nl\/o-que-influencia-o-sono-do-bebe\/\" target=\"_blank\" rel=\"noreferrer noopener\">O Que Invloed geen Sono do B\u00ea | Ber\u00e7o, gedeeld bed of Montessoriana?<\/a><\/p>\n\n\n\n<p><a href=\"https:\/\/universofamilia.com\/nl\/dicas-de-seguranca-para-o-sono-do-bebe-escolha-do-local-posicao-colchao-e-muito-mais\/\" target=\"_blank\" rel=\"noreferrer noopener\">Veiligheidsinstructies voor de babyzoon: veilige plek, positie, matras en nog veel meer<\/a><\/p>\n\n\n\n<h3 class=\"wp-block-heading\">O ciclo do sono do beb\u00ea<\/h3>\n\n\n\n<p>De slaapcyclus van een baby bestaat uit twee hoofdfasen: REM-slaap (Rapid Eye Movement) en non-REM-slaap.<\/p>\n\n\n<div class=\"wp-block-image\">\n<figure class=\"aligncenter size-full\"><img loading=\"lazy\" decoding=\"async\" width=\"800\" height=\"560\" src=\"http:\/\/universofamilia.com\/wp-content\/uploads\/sites\/148\/2023\/06\/POST-BEBE-SEGURANCA-DO-BEBE-O-UNIVERSO-FAMILIA-2.png\" alt=\"\" class=\"wp-image-2244\" srcset=\"https:\/\/universofamilia.com\/wp-content\/uploads\/sites\/148\/2023\/06\/POST-BEBE-SEGURANCA-DO-BEBE-O-UNIVERSO-FAMILIA-2.png 800w, https:\/\/universofamilia.com\/wp-content\/uploads\/sites\/148\/2023\/06\/POST-BEBE-SEGURANCA-DO-BEBE-O-UNIVERSO-FAMILIA-2-300x210.png 300w, https:\/\/universofamilia.com\/wp-content\/uploads\/sites\/148\/2023\/06\/POST-BEBE-SEGURANCA-DO-BEBE-O-UNIVERSO-FAMILIA-2-768x538.png 768w\" sizes=\"(max-width: 800px) 100vw, 800px\" \/><\/figure><\/div>\n\n\n<p>Tijdens de REM-slaap is de hersenactiviteit intenser, terwijl u tijdens de non-REM-slaap dieper en rustiger slaapt.<\/p>\n\n\n\n<h3 class=\"wp-block-heading\">REM-slaap<\/h3>\n\n\n\n<p>REM-slaap is essentieel voor de hersenontwikkeling van de baby. Tijdens deze fase vindt er intense hersenactiviteit plaats, vergelijkbaar met die van twee volwassenen.<\/p>\n\n\n\n<p>Dit is de toestand waarin we dromen. Tijdens de REM-slaap bewegen de ogen van de baby snel van de ene naar de andere kant.<\/p>\n\n\n\n<h3 class=\"wp-block-heading\">Sono n\u00e3o-REM<\/h3>\n\n\n\n<p>Non-REM-slaap wordt gekenmerkt door een tragere hersenactiviteit en bredere hersengolven.<\/p>\n\n\n\n<p>Er zijn drie verschillende stadia van non-REM-slaap, vari\u00ebrend van lichter tot dieper. Het is geen diepere staat, of het kan moeilijker zijn om te onthouden.<\/p>\n\n\n\n<h3 class=\"wp-block-heading\">Dura\u00e7\u00e3o dos ciclos de sono<\/h3>\n\n\n\n<p>De slaapcycli van een baby zijn korter dan die van twee volwassenen. Terwijl een volwassene een complete slaapcyclus in ongeveer 90 minuten kan doorlopen, kunnen baby&#039;s cycli van 50 tot 60 minuten doorlopen.<\/p>\n\n\n\n<p>Dit verschil verklaart waarom baby&#039;s &#039;s nachts vaker met elkaar instemmen.<\/p>\n\n\n\n<h3 class=\"wp-block-heading\">Conclusie<\/h3>\n\n\n\n<p>Inzicht in de geluidscycli van een baby en het toepassen van de juiste technieken kunnen een groot verschil maken in de geluidskwaliteit, zowel voor de baby als voor het land.<\/p>\n\n\n\n<p>Zorg voor een vaste routine, cre\u00eber een omgeving die geschikt is voor sonografie, vermijd overmatige stimulatie voor het slapengaan, besteed aandacht aan de sonografie, bied voldoende voeding en zorg voor comfort en veiligheid met strategie\u00ebn die de sonografie van de baby kunnen helpen verbeteren.<\/p>\n\n\n\n<p>Houd er rekening mee dat elke baby uniek is, dus het kan nodig zijn om de techniek aan te passen aan de individuele behoeften. Wees geduldig en raak niet ontmoedigd als het geluid van uw baby niet meteen stabiliseert.<\/p>\n\n\n\n<p>Naarmate de tijd verstrijkt, is het mogelijk om een gezonde, gezonde routine voor het hele gezin te cre\u00ebren.<\/p>\n\n\n\n<p>Accessoires en kleding nodig, conhe\u00e7a | <a href=\"https:\/\/www.luzbaby.com.br\/\" target=\"_blank\" rel=\"noreferrer noopener\">A Luz Baby is een van de beste winkels voor babyproducten. Klik hier.<\/a><\/p>\n\n\n\n<h3 class=\"wp-block-heading\">Bron voor onderzoek<\/h3>\n\n\n\n<p>Bij het schrijven van een artikel is het altijd belangrijk om betrouwbare bronnen te citeren om de inhoud te verrijken. Hier zijn enkele bronnen die je kunt gebruiken om meer te weten te komen over de slaapcycli van je baby:<\/p>\n\n\n\n<p>American Academy of Pediatrics (AAP): De AAP-website biedt uitgebreide informatie over de gezondheid van kinderen, inclusief artikelen en evidence-based richtlijnen. U kunt de website bezoeken via: https:\/\/www.aap.org\/<\/p>\n\n\n\n<p>Funda\u00e7\u00e3o Nacional do Sono (Nationale Slaapstichting): De Nationale Slaapstichting is een non-profitorganisatie die zich inzet voor de bevordering van slaapgezondheid. Deze website bevat nuttige informatie over kindergeluiden. Ga naar: https:\/\/www.sleepfoundation.org\/<\/p>\n\n\n\n<p>Mayo Clinic: Mayo Clinic is een gerenommeerde medische instelling die betrouwbare informatie biedt over een breed scala aan gezondheidsonderwerpen. Informatie over babysonocycli vindt u op: https:\/\/www.mayoclinic.org\/<\/p>\n\n\n\n<p>Centers for Disease Control and Prevention (CDC): De CDC is een federale instantie in de Verenigde Staten die betrouwbare informatie biedt over gezondheid en welzijn. Deze website bevat nuttige informatie over kindergeluiden. Ga naar: https:\/\/www.cdc.gov\/<\/p>\n\n\n\n<p>Gespecialiseerde boeken: Er zijn veel boeken geschreven door specialisten in babysono die gedetailleerde informatie geven over babysonocycli. Enkele populaire voorbeelden zijn &quot;Solve Your Child&#039;s Sleep Problems&quot; van Richard Ferber en &quot;Healthy Sleep Habits, Happy Child&quot; van Marc Weissbluth.<\/p>\n\n\n\n<p>Zorg er bij het gebruik van deze bronnen voor dat u de informatie correct citeert en de auteursrechten respecteert. Het zoeken naar meerdere bronnen die u vertrouwt en een kritische analyse van de informatie zijn essentieel om de nauwkeurigheid en geloofwaardigheid van uw artikel te garanderen.<\/p>","protected":false},"excerpt":{"rendered":"<p>Wanneer u de slaapcycli van baby&#039;s gebruikt, helpt u uw kleintje om beter te slapen.<\/p>\n<p>De slaapcyclus van je baby is essentieel voor een gezonde ontwikkeling en zorgt er bovendien voor dat je baby momenten van rust krijgt.<\/p>\n<p>Het kan een hele uitdaging zijn om te begrijpen hoe deze cycli werken en de juiste technieken toe te passen om je baby beter te laten slapen. Maar met geduld en kennis kun je een gezonde slaaproutine voor het hele gezin cre\u00ebren.<\/p>\n<p>In dit artikel bespreken we de verschillende fasen van het horen van een baby en geven we waardevol advies om dat proces te vergemakkelijken.<\/p>","protected":false},"author":0,"featured_media":2245,"comment_status":"closed","ping_status":"open","sticky":false,"template":"","format":"standard","meta":{"footnotes":""},"categories":[5],"tags":[560,1437,1448],"yoast_head":"<!-- This site is optimized with the Yoast SEO plugin v23.3 - https:\/\/yoast.com\/wordpress\/plugins\/seo\/ -->\n<title>Quais os Ciclos do Sono do Beb\u00ea - Universo Fam\u00edlia<\/title>\n<meta name=\"description\" content=\"Quais os Ciclos do Sono do Beb\u00ea, entenda e Ajude seu Pequeno a Dormir Melhor.\" \/>\n<meta name=\"robots\" content=\"index, follow, max-snippet:-1, max-image-preview:large, max-video-preview:-1\" \/>\n<link rel=\"canonical\" href=\"https:\/\/universofamilia.com\/nl\/quais-os-ciclos-do-sono-do-bebe\/\" \/>\n<meta property=\"og:locale\" content=\"nl_NL\" \/>\n<meta property=\"og:type\" content=\"article\" \/>\n<meta property=\"og:title\" content=\"Quais os Ciclos do Sono do Beb\u00ea - Universo Fam\u00edlia\" \/>\n<meta property=\"og:description\" content=\"Quais os Ciclos do Sono do Beb\u00ea, entenda e Ajude seu Pequeno a Dormir Melhor.\" \/>\n<meta property=\"og:url\" content=\"https:\/\/universofamilia.com\/nl\/quais-os-ciclos-do-sono-do-bebe\/\" \/>\n<meta property=\"og:site_name\" content=\"Universo Fam\u00edlia\" \/>\n<meta property=\"article:published_time\" content=\"2023-06-05T22:19:36+00:00\" \/>\n<meta property=\"og:image\" content=\"https:\/\/universofamilia.com\/wp-content\/uploads\/sites\/148\/2023\/06\/FOTO-DESTAQUE-ciclos-de-sono-do-bebe-universo-familia-448x350-.png\" \/>\n\t<meta property=\"og:image:width\" content=\"448\" \/>\n\t<meta property=\"og:image:height\" content=\"350\" \/>\n\t<meta property=\"og:image:type\" content=\"image\/png\" \/>\n<meta name=\"twitter:card\" content=\"summary_large_image\" \/>\n<meta name=\"twitter:label1\" content=\"Est. reading time\" \/>\n\t<meta name=\"twitter:data1\" content=\"5 minuten\" \/>\n<script type=\"application\/ld+json\" class=\"yoast-schema-graph\">{\"@context\":\"https:\/\/schema.org\",\"@graph\":[{\"@type\":\"WebPage\",\"@id\":\"https:\/\/universofamilia.com\/zh_hk\/quais-os-ciclos-do-sono-do-bebe\/\",\"url\":\"https:\/\/universofamilia.com\/zh_hk\/quais-os-ciclos-do-sono-do-bebe\/\",\"name\":\"Quais os Ciclos do Sono do Beb\u00ea - Universo Fam\u00edlia\",\"isPartOf\":{\"@id\":\"https:\/\/universofamilia.com\/el\/#website\"},\"primaryImageOfPage\":{\"@id\":\"https:\/\/universofamilia.com\/zh_hk\/quais-os-ciclos-do-sono-do-bebe\/#primaryimage\"},\"image\":{\"@id\":\"https:\/\/universofamilia.com\/zh_hk\/quais-os-ciclos-do-sono-do-bebe\/#primaryimage\"},\"thumbnailUrl\":\"https:\/\/universofamilia.com\/wp-content\/uploads\/sites\/148\/2023\/06\/FOTO-DESTAQUE-ciclos-de-sono-do-bebe-universo-familia-448x350-.png\",\"datePublished\":\"2023-06-05T22:19:36+00:00\",\"dateModified\":\"2023-06-05T22:19:36+00:00\",\"author\":{\"@id\":\"\"},\"description\":\"Quais os Ciclos do Sono do Beb\u00ea, entenda e Ajude seu Pequeno a Dormir Melhor.\",\"breadcrumb\":{\"@id\":\"https:\/\/universofamilia.com\/zh_hk\/quais-os-ciclos-do-sono-do-bebe\/#breadcrumb\"},\"inLanguage\":\"nl\",\"potentialAction\":[{\"@type\":\"ReadAction\",\"target\":[\"https:\/\/universofamilia.com\/zh_hk\/quais-os-ciclos-do-sono-do-bebe\/\"]}]},{\"@type\":\"ImageObject\",\"inLanguage\":\"nl\",\"@id\":\"https:\/\/universofamilia.com\/zh_hk\/quais-os-ciclos-do-sono-do-bebe\/#primaryimage\",\"url\":\"https:\/\/universofamilia.com\/wp-content\/uploads\/sites\/148\/2023\/06\/FOTO-DESTAQUE-ciclos-de-sono-do-bebe-universo-familia-448x350-.png\",\"contentUrl\":\"https:\/\/universofamilia.com\/wp-content\/uploads\/sites\/148\/2023\/06\/FOTO-DESTAQUE-ciclos-de-sono-do-bebe-universo-familia-448x350-.png\",\"width\":448,\"height\":350},{\"@type\":\"BreadcrumbList\",\"@id\":\"https:\/\/universofamilia.com\/zh_hk\/quais-os-ciclos-do-sono-do-bebe\/#breadcrumb\",\"itemListElement\":[{\"@type\":\"ListItem\",\"position\":1,\"name\":\"Home\",\"item\":\"https:\/\/universofamilia.com\/el\/\"},{\"@type\":\"ListItem\",\"position\":2,\"name\":\"Quais os Ciclos do Sono do Beb\u00ea\"}]},{\"@type\":\"WebSite\",\"@id\":\"https:\/\/universofamilia.com\/el\/#website\",\"url\":\"https:\/\/universofamilia.com\/el\/\",\"name\":\"Universo Fam\u00edlia\",\"description\":\"\",\"potentialAction\":[{\"@type\":\"SearchAction\",\"target\":{\"@type\":\"EntryPoint\",\"urlTemplate\":\"https:\/\/universofamilia.com\/el\/?s={search_term_string}\"},\"query-input\":\"required name=search_term_string\"}],\"inLanguage\":\"nl\"}]}<\/script>\n<!-- \/ Yoast SEO plugin. -->","yoast_head_json":{"title":"Quais os Ciclos do Sono do Beb\u00ea - Universo Fam\u00edlia","description":"Quais os Ciclos do Sono do Beb\u00ea, entenda e Ajude seu Pequeno a Dormir Melhor.","robots":{"index":"index","follow":"follow","max-snippet":"max-snippet:-1","max-image-preview":"max-image-preview:large","max-video-preview":"max-video-preview:-1"},"canonical":"https:\/\/universofamilia.com\/nl\/quais-os-ciclos-do-sono-do-bebe\/","og_locale":"nl_NL","og_type":"article","og_title":"Quais os Ciclos do Sono do Beb\u00ea - Universo Fam\u00edlia","og_description":"Quais os Ciclos do Sono do Beb\u00ea, entenda e Ajude seu Pequeno a Dormir Melhor.","og_url":"https:\/\/universofamilia.com\/nl\/quais-os-ciclos-do-sono-do-bebe\/","og_site_name":"Universo Fam\u00edlia","article_published_time":"2023-06-05T22:19:36+00:00","og_image":[{"width":448,"height":350,"url":"https:\/\/universofamilia.com\/wp-content\/uploads\/sites\/148\/2023\/06\/FOTO-DESTAQUE-ciclos-de-sono-do-bebe-universo-familia-448x350-.png","type":"image\/png"}],"twitter_card":"summary_large_image","twitter_misc":{"Est. reading time":"5 minuten"},"schema":{"@context":"https:\/\/schema.org","@graph":[{"@type":"WebPage","@id":"https:\/\/universofamilia.com\/zh_hk\/quais-os-ciclos-do-sono-do-bebe\/","url":"https:\/\/universofamilia.com\/zh_hk\/quais-os-ciclos-do-sono-do-bebe\/","name":"Quais os Ciclos do Sono do Beb\u00ea - Universo Fam\u00edlia","isPartOf":{"@id":"https:\/\/universofamilia.com\/el\/#website"},"primaryImageOfPage":{"@id":"https:\/\/universofamilia.com\/zh_hk\/quais-os-ciclos-do-sono-do-bebe\/#primaryimage"},"image":{"@id":"https:\/\/universofamilia.com\/zh_hk\/quais-os-ciclos-do-sono-do-bebe\/#primaryimage"},"thumbnailUrl":"https:\/\/universofamilia.com\/wp-content\/uploads\/sites\/148\/2023\/06\/FOTO-DESTAQUE-ciclos-de-sono-do-bebe-universo-familia-448x350-.png","datePublished":"2023-06-05T22:19:36+00:00","dateModified":"2023-06-05T22:19:36+00:00","author":{"@id":""},"description":"Quais os Ciclos do Sono do Beb\u00ea, entenda e Ajude seu Pequeno a Dormir Melhor.","breadcrumb":{"@id":"https:\/\/universofamilia.com\/zh_hk\/quais-os-ciclos-do-sono-do-bebe\/#breadcrumb"},"inLanguage":"nl","potentialAction":[{"@type":"ReadAction","target":["https:\/\/universofamilia.com\/zh_hk\/quais-os-ciclos-do-sono-do-bebe\/"]}]},{"@type":"ImageObject","inLanguage":"nl","@id":"https:\/\/universofamilia.com\/zh_hk\/quais-os-ciclos-do-sono-do-bebe\/#primaryimage","url":"https:\/\/universofamilia.com\/wp-content\/uploads\/sites\/148\/2023\/06\/FOTO-DESTAQUE-ciclos-de-sono-do-bebe-universo-familia-448x350-.png","contentUrl":"https:\/\/universofamilia.com\/wp-content\/uploads\/sites\/148\/2023\/06\/FOTO-DESTAQUE-ciclos-de-sono-do-bebe-universo-familia-448x350-.png","width":448,"height":350},{"@type":"BreadcrumbList","@id":"https:\/\/universofamilia.com\/zh_hk\/quais-os-ciclos-do-sono-do-bebe\/#breadcrumb","itemListElement":[{"@type":"ListItem","position":1,"name":"Home","item":"https:\/\/universofamilia.com\/el\/"},{"@type":"ListItem","position":2,"name":"Quais os Ciclos do Sono do Beb\u00ea"}]},{"@type":"WebSite","@id":"https:\/\/universofamilia.com\/el\/#website","url":"https:\/\/universofamilia.com\/el\/","name":"Universo Fam\u00edlia","description":"","potentialAction":[{"@type":"SearchAction","target":{"@type":"EntryPoint","urlTemplate":"https:\/\/universofamilia.com\/el\/?s={search_term_string}"},"query-input":"required name=search_term_string"}],"inLanguage":"nl"}]}},"_links":{"self":[{"href":"https:\/\/universofamilia.com\/nl\/wp-json\/wp\/v2\/posts\/2242"}],"collection":[{"href":"https:\/\/universofamilia.com\/nl\/wp-json\/wp\/v2\/posts"}],"about":[{"href":"https:\/\/universofamilia.com\/nl\/wp-json\/wp\/v2\/types\/post"}],"replies":[{"embeddable":true,"href":"https:\/\/universofamilia.com\/nl\/wp-json\/wp\/v2\/comments?post=2242"}],"version-history":[{"count":0,"href":"https:\/\/universofamilia.com\/nl\/wp-json\/wp\/v2\/posts\/2242\/revisions"}],"wp:featuredmedia":[{"embeddable":true,"href":"https:\/\/universofamilia.com\/nl\/wp-json\/wp\/v2\/media\/2245"}],"wp:attachment":[{"href":"https:\/\/universofamilia.com\/nl\/wp-json\/wp\/v2\/media?parent=2242"}],"wp:term":[{"taxonomy":"category","embeddable":true,"href":"https:\/\/universofamilia.com\/nl\/wp-json\/wp\/v2\/categories?post=2242"},{"taxonomy":"post_tag","embeddable":true,"href":"https:\/\/universofamilia.com\/nl\/wp-json\/wp\/v2\/tags?post=2242"}],"curies":[{"name":"wp","href":"https:\/\/api.w.org\/{rel}","templated":true}]}}