{"id":2760,"date":"2023-06-18T21:39:10","date_gmt":"2023-06-19T00:39:10","guid":{"rendered":"https:\/\/universofamilia.com\/?p=2760"},"modified":"2025-10-05T22:57:48","modified_gmt":"2025-10-06T01:57:48","slug":"posso-utilizar-ar-condicionado-no-quarto-do-bebe","status":"publish","type":"post","link":"https:\/\/universofamilia.com\/nl\/posso-utilizar-ar-condicionado-no-quarto-do-bebe\/","title":{"rendered":"Kan ik de conditioner in de babykamer gebruiken?"},"content":{"rendered":"<p>Een baby thuis krijgen is een geweldige ervaring, maar het brengt ook verschillende zorgen met zich mee voor je land.<\/p>\n\n\n\n<p>Kan ik airconditioning gebruiken in de babykamer? Mensen zijn vaak bang om een airconditioner te gebruiken in een veilige babykamer.<\/p>\n\n\n\n<p>Laten we de voordelen en het onderhoud van dit systeem eens bekijken. Ook kijken we naar de hoogte en locatie die geschikt zijn voor de installatie van het apparaat.<\/p>\n\n\n<div class=\"wp-block-image\">\n<figure class=\"aligncenter size-full\"><img loading=\"lazy\" decoding=\"async\" width=\"550\" height=\"350\" src=\"http:\/\/universofamilia.com\/wp-content\/uploads\/sites\/148\/2023\/06\/POST-ar-condicionado-universo-familia-2.png\" alt=\"\" class=\"wp-image-2762\" srcset=\"https:\/\/universofamilia.com\/wp-content\/uploads\/sites\/148\/2023\/06\/POST-ar-condicionado-universo-familia-2.png 550w, https:\/\/universofamilia.com\/wp-content\/uploads\/sites\/148\/2023\/06\/POST-ar-condicionado-universo-familia-2-300x191.png 300w\" sizes=\"(max-width: 550px) 100vw, 550px\" \/><figcaption class=\"wp-element-caption\"><em>Foto: (reproductie\/internet)<\/em><\/figcaption><\/figure><\/div>\n\n\n<h3 class=\"wp-block-heading\"><strong>Voordelen van het gebruik van airconditioning in de babykamer<\/strong><\/h3>\n\n\n\n<p><strong>Temperatuurregeling<\/strong>:De airconditioning heeft als voordeel dat de kamertemperatuur wordt geregeld. Zo blijft het altijd aangenaam in de babykamer, vooral in de koudere seizoenen van het jaar.<\/p>\n\n\n\n<p>Door de juiste temperatuur te handhaven, kunt u ervoor zorgen dat uw baby rustig en comfortabel kan slapen.<\/p>\n\n\n\n<p><strong>Vermindering van de vochtigheid<\/strong>Naast het regelen van de temperatuur of airconditioning, helpt het ook de luchtvochtigheid te verlagen.<\/p>\n\n\n\n<p>Dit is vooral belangrijk om te voorkomen dat mofos en mijten zich ophopen, wat schadelijk kan zijn voor de luchtwegen van de baby.<\/p>\n\n\n\n<p><strong>Luchtfiltratie<\/strong>:Veel modellen geconditioneerde lucht zijn voorzien van filters die de lucht zuiveren door vervuiling, pollen en andere allergenen die ademhalingsproblemen kunnen veroorzaken, te verwijderen.<\/p>\n\n\n\n<p>Het is bovendien bijzonder heilzaam voor baby&#039;s met gevoelige luchtwegen of allergie\u00ebn.<\/p>\n\n\n\n<p>Leia ook <a href=\"https:\/\/universofamilia.com\/nl\/posso-utilizar-ventilador-no-quarto-do-bebe\/\" target=\"_blank\" rel=\"noreferrer noopener\">Kan ik een ventilator in de babykamer gebruiken?<\/a><\/p>\n\n\n\n<h3 class=\"wp-block-heading\"><strong>Wees voorzichtig bij het gebruik van airconditioning in de babykamer<\/strong><\/h3>\n\n\n\n<p><strong>Regelmatige reiniging van twee filters<\/strong>Om de luchtkwaliteit te garanderen, is het noodzakelijk om regelmatig de twee filters voor geconditioneerde lucht schoon te maken.<\/p>\n\n\n\n<p>Op deze manier wordt de opbouw van vervuiling en allergenen voorkomen en blijft de omgeving van uw baby gezond.<\/p>\n\n\n\n<p><strong>Voldoende temperatuur<\/strong>:Het is belangrijk om de temperatuur te reguleren of te conditioneren op een voor de baby geschikte temperatuur.<\/p>\n\n\n\n<p>Het is aan te raden om de temperatuur tussen 23\u00b0C en 25\u00b0C te houden. Zo blijft het thermisch comfortabel, zelfs als de omgeving erg koud is.<\/p>\n\n\n\n<p><strong>Vermijd directe luchtstromen<\/strong>: Plaats de airconditioner zo dat de luchtstroom niet rechtstreeks de ruimte bereikt waar de baby slaapt.<\/p>\n\n\n\n<p>Het kan ook ademhalingsproblemen of zelfs verkoudheid veroorzaken.<\/p>\n\n\n\n<h3 class=\"wp-block-heading\"><strong>Hoogte en locatie van de toestand in de babykamer<\/strong><\/h3>\n\n\n\n<p>Bij het inrichten of inrichten van de babykamer is het belangrijk om rekening te houden met de hoogte en de juiste locatie. Hier zijn enkele tips:<\/p>\n\n\n\n<p><strong>Ideale hoogte<\/strong>: Installeer of conditioneer op een veilige hoogte, buiten bereik van de baby. Een aanbevolen hoogte is ongeveer 1,8 meter vanaf het plafond.<\/p>\n\n\n\n<p>Zo voorkomt u dat de baby bij het apparaat kan en dat er ongelukken kunnen gebeuren.<\/p>\n\n\n<div class=\"wp-block-image\">\n<figure class=\"aligncenter size-full\"><img loading=\"lazy\" decoding=\"async\" width=\"550\" height=\"350\" src=\"http:\/\/universofamilia.com\/wp-content\/uploads\/sites\/148\/2023\/06\/POST-ar-condicionado-universo-familia-.png\" alt=\"\" class=\"wp-image-2763\" srcset=\"https:\/\/universofamilia.com\/wp-content\/uploads\/sites\/148\/2023\/06\/POST-ar-condicionado-universo-familia-.png 550w, https:\/\/universofamilia.com\/wp-content\/uploads\/sites\/148\/2023\/06\/POST-ar-condicionado-universo-familia--300x191.png 300w\" sizes=\"(max-width: 550px) 100vw, 550px\" \/><figcaption class=\"wp-element-caption\"><em>Foto: (reproductie\/internet)<\/em><\/figcaption><\/figure><\/div>\n\n\n<p><strong>Afstand tot de ber\u00e7o<\/strong>: Zorg ervoor dat de conditioner op een veilige afstand van de basis staat.<\/p>\n\n\n\n<p>Zorg ervoor dat er niet te veel of te dicht bij de baby lucht stroomt, of dat er te veel lucht stroomt. Dit kan ervoor zorgen dat uw baby zich niet prettig voelt tijdens het slapen.<\/p>\n\n\n\n<p><strong>Vermijd obstakels<\/strong>:Zorg ervoor dat er geen voorwerpen zijn die de stroom van de geconditioneerde warmte belemmeren.<\/p>\n\n\n\n<p>Zorg er daarnaast voor dat er rondom het apparaat ruimte vrij is, zodat er voldoende luchtcirculatie in de ruimte is.<\/p>\n\n\n\n<h3 class=\"wp-block-heading\"><strong>Suggestie voor het installeren van airconditioning in de babykamer<\/strong><\/h3>\n\n\n\n<p>Een correcte installatie van het apparaat in de babykamer is essentieel om de werking van het apparaat en de veiligheid van kinderen te garanderen.<\/p>\n\n\n\n<p>Hieronder vindt u richtlijnen voor het uitvoeren van de installatie en welke hoogte geschikt is voor positionering of conditionering:<\/p>\n\n\n\n<p><strong>Huur een professional in<\/strong>: Het wordt aanbevolen om de installatie van de conditie te laten uitvoeren door een gekwalificeerde professional.<\/p>\n\n\n\n<p>Bovendien beschikt deze specialist over de nodige technische kennis om een veilige en vakkundige installatie uit te voeren, waardoor de risico\u2019s tot een minimum beperkt worden en de goede werking van het toestel gegarandeerd is.<\/p>\n\n\n\n<p><strong>Kies muur of raam<\/strong>:Voordat u het apparaat installeert of conditioneert, is het belangrijk dat u besluit of u het apparaat aan een muur of aan een deur wilt bevestigen.<\/p>\n\n\n\n<p>Deze keuze hangt af van de kenmerken van de omgeving en de indeling van de babykamer.<\/p>\n\n\n\n<p><strong>Aanbevolen hoogte<\/strong>De ideale hoogte voor het positioneren of conditioneren van de babykamer is ongeveer 1,8 meter van de kinderkamer. Deze hoogte zorgt ervoor dat de lucht effici\u00ebnt in de ruimte wordt verdeeld, waardoor het thermische comfort van de baby behouden blijft.<\/p>\n\n\n<div class=\"wp-block-image\">\n<figure class=\"aligncenter size-full\"><img loading=\"lazy\" decoding=\"async\" width=\"550\" height=\"350\" src=\"http:\/\/universofamilia.com\/wp-content\/uploads\/sites\/148\/2023\/06\/POST-ar-condicionado-universo-familia-1-1.png\" alt=\"\" class=\"wp-image-2765\" srcset=\"https:\/\/universofamilia.com\/wp-content\/uploads\/sites\/148\/2023\/06\/POST-ar-condicionado-universo-familia-1-1.png 550w, https:\/\/universofamilia.com\/wp-content\/uploads\/sites\/148\/2023\/06\/POST-ar-condicionado-universo-familia-1-1-300x191.png 300w\" sizes=\"(max-width: 550px) 100vw, 550px\" \/><figcaption class=\"wp-element-caption\"><em>Foto: (reproductie\/internet)<\/em><\/figcaption><\/figure><\/div>\n\n\n<p><strong>Vermijd obstakels<\/strong>: Zorg ervoor dat er geen bewegende objecten of obstakels in de buurt van de storing zijn. Deze obstakels kunnen de luchtcirculatie belemmeren en de effici\u00ebntie van het apparaat be\u00efnvloeden.<\/p>\n\n\n\n<p><strong>Luchtstroomrichting<\/strong>: Plaats de airconditioner zo dat de luchtstroom niet rechtstreeks naar de vloer of de slaapplek van de baby wordt gericht. Dit voorkomt ademhalingsproblemen veroorzaakt door directe luchtstromen.<\/p>\n\n\n\n<p><strong>Veilige afstand<\/strong>: Zorg voor een veilige afstand tussen de geconditioneerde en de ber\u00e7o en plaats ze niet te dicht bij elkaar.<\/p>\n\n\n\n<p>Met deze maatregel voorkomen we dat de baby rechtstreeks aan de koude luchtstroom wordt blootgesteld. Zo voorkomen we verkoudheid en ongemak.<\/p>\n\n\n\n<p>Zorg ervoor dat u bij het installeren van de airconditioning altijd de instructies van de fabrikant opvolgt en raadpleeg bij twijfel een gespecialiseerde vakman.<\/p>\n\n\n\n<p>Door te zorgen voor een correcte installatie en positionering of conditionering op de juiste hoogte, cre\u00ebert u een veilige, comfortabele en temperatuurgecontroleerde omgeving voor het welzijn van uw baby.<\/p>\n\n\n\n<h3 class=\"wp-block-heading\"><strong>Conclusie<\/strong><\/h3>\n\n\n\n<p>Het gebruik van airconditioning in de babykamer kan aanzienlijke voordelen hebben, zolang u er goed voor zorgt.<\/p>\n\n\n\n<p>Regel de temperatuur, verlaag de luchtvochtigheid en filter de belangrijkste stappen om een veilige omgeving voor uw baby te cre\u00ebren.<\/p>\n\n\n\n<p>Het is noodzakelijk om de twee filters regelmatig schoon te maken, de temperatuur aan te passen aan de behoeften van de baby en de positie of conditie van de baby op een geschikte manier te bepalen, buiten het bereik van het kind.<\/p>\n\n\n\n<p>Wanneer u deze richtlijnen volgt, kunt u genieten van een prettige en comfortabele omgeving voor uw baby, wat zijn\/haar welzijn en een goede geluidskwaliteit bevordert.<\/p>\n\n\n\n<p>Accessoires en kleding nodig, conhe\u00e7a |&nbsp;<a href=\"https:\/\/www.luzbaby.com.br\/\" target=\"_blank\" rel=\"noreferrer noopener\">A Luz Baby is een van de beste winkels voor babyproducten. Klik hier<\/a><\/p>\n\n\n\n<h3 class=\"wp-block-heading\"><strong>Meer informatie<\/strong><\/h3>\n\n\n\n<p>Voor meer gedetailleerde en uitgebreide informatie over het gebruik van airconditioning in een babykamer, is het raadzaam om aanvullende bronnen te raadplegen en de meningen van specialisten in overweging te nemen.<\/p>\n\n\n\n<p><strong>Hier zijn enkele referenties die u kunt raadplegen:<\/strong><\/p>\n\n\n\n<p><strong>Braziliaanse Vereniging voor Kindergeneeskunde (SBP):<\/strong> SBP is een gerenommeerde instelling die richtlijnen en informatie biedt over kinderopvang. De offici\u00eble website (https:\/\/www.sbp.com.br\/) kan advies geven over het gebruik van airconditioning in de babykamer.<\/p>\n\n\n\n<p><strong>Braziliaanse Vereniging voor Koeling, Airconditioning, Ventilatie en Aquecimento (ABRAVA):<\/strong> ABRAVA is een vereniging die professionals en bedrijven in de airconditioningsector samenbrengt. Deze website (https:\/\/abrava.com.br\/) biedt technische informatie over de juiste installatie van de airconditioning.<\/p>\n\n\n\n<p><strong>Raadpleeg kinderartsen en airconditioningspecialisten<\/strong>:Wanneer u het gebruik van airconditioning in een babykamer bespreekt, is het altijd zinvol om de mening van professionals uit de gezondheidszorg en airconditioningspecialisten te vragen.<\/p>\n\n\n\n<p>Maak een afspraak met de kinderarts van uw kind voor specifiek advies op basis van de medische voorgeschiedenis van uw kind.<\/p>\n\n\n\n<p>U kunt ook een specialist op het gebied van airconditioning raadplegen voor gepersonaliseerde adviezen, afgestemd op de kenmerken van uw omgeving.<\/p>\n\n\n\n<p>Houd er rekening mee dat de ori\u00ebntatie kan vari\u00ebren afhankelijk van de individuele behoeften van de baby en de specifieke omstandigheden van de omgeving.<\/p>\n\n\n\n<p>Daarom is het belangrijk dat u actuele en gepersonaliseerde informatie opvraagt bij betrouwbare en gekwalificeerde professionele bronnen.<\/p>","protected":false},"excerpt":{"rendered":"<p>Een baby thuis krijgen is een ongelooflijke ervaring, maar het roept ook verschillende vragen op voor je land. Kan ik airconditioning gebruiken in de babykamer? Omdat mensen zich vaak zorgen maken over het gebruik van een veilige, geconditioneerde babykamer, gaan we de voordelen en zorg rondom deze vraag onderzoeken, naast [\u2026]<\/p>","protected":false},"author":219,"featured_media":2766,"comment_status":"closed","ping_status":"open","sticky":false,"template":"","format":"standard","meta":{"footnotes":""},"categories":[4],"tags":[486,487,1310],"yoast_head":"<!-- This site is optimized with the Yoast SEO plugin v23.3 - https:\/\/yoast.com\/wordpress\/plugins\/seo\/ -->\n<title>Posso Utilizar Ar Condicionado no Quarto do Beb\u00ea? - Universo Fam\u00edlia<\/title>\n<meta name=\"description\" content=\"Posso Utilizar Ar Condicionado no Quarto do Beb\u00ea? Ter um beb\u00ea em casa \u00e9 uma experi\u00eancia incr\u00edvel, mas tamb\u00e9m traz diversas preocupa\u00e7\u00f5es para\" \/>\n<meta name=\"robots\" content=\"index, follow, max-snippet:-1, max-image-preview:large, max-video-preview:-1\" \/>\n<link rel=\"canonical\" href=\"https:\/\/universofamilia.com\/nl\/posso-utilizar-ar-condicionado-no-quarto-do-bebe\/\" \/>\n<meta property=\"og:locale\" content=\"nl_NL\" \/>\n<meta property=\"og:type\" content=\"article\" \/>\n<meta property=\"og:title\" content=\"Posso Utilizar Ar Condicionado no Quarto do Beb\u00ea? - Universo Fam\u00edlia\" \/>\n<meta property=\"og:description\" content=\"Posso Utilizar Ar Condicionado no Quarto do Beb\u00ea? Ter um beb\u00ea em casa \u00e9 uma experi\u00eancia incr\u00edvel, mas tamb\u00e9m traz diversas preocupa\u00e7\u00f5es para\" \/>\n<meta property=\"og:url\" content=\"https:\/\/universofamilia.com\/nl\/posso-utilizar-ar-condicionado-no-quarto-do-bebe\/\" \/>\n<meta property=\"og:site_name\" content=\"Universo Fam\u00edlia\" \/>\n<meta property=\"article:published_time\" content=\"2023-06-19T00:39:10+00:00\" \/>\n<meta property=\"article:modified_time\" content=\"2025-10-06T01:57:48+00:00\" \/>\n<meta property=\"og:image\" content=\"https:\/\/universofamilia.com\/wp-content\/uploads\/sites\/148\/2023\/06\/FOTO-DESTAQUE-ar-condicionado-universo-familia-.png\" \/>\n\t<meta property=\"og:image:width\" content=\"448\" \/>\n\t<meta property=\"og:image:height\" content=\"350\" \/>\n\t<meta property=\"og:image:type\" content=\"image\/png\" \/>\n<meta name=\"author\" content=\"Matheus Sangaletti\" \/>\n<meta name=\"twitter:card\" content=\"summary_large_image\" \/>\n<meta name=\"twitter:label1\" content=\"Written by\" \/>\n\t<meta name=\"twitter:data1\" content=\"Matheus Sangaletti\" \/>\n\t<meta name=\"twitter:label2\" content=\"Est. reading time\" \/>\n\t<meta name=\"twitter:data2\" content=\"8 minuten\" \/>\n<script type=\"application\/ld+json\" class=\"yoast-schema-graph\">{\"@context\":\"https:\/\/schema.org\",\"@graph\":[{\"@type\":\"WebPage\",\"@id\":\"https:\/\/universofamilia.com\/da\/posso-utilizar-ar-condicionado-no-quarto-do-bebe\/\",\"url\":\"https:\/\/universofamilia.com\/da\/posso-utilizar-ar-condicionado-no-quarto-do-bebe\/\",\"name\":\"Posso Utilizar Ar Condicionado no Quarto do Beb\u00ea? - Universo Fam\u00edlia\",\"isPartOf\":{\"@id\":\"https:\/\/universofamilia.com\/el\/#website\"},\"primaryImageOfPage\":{\"@id\":\"https:\/\/universofamilia.com\/da\/posso-utilizar-ar-condicionado-no-quarto-do-bebe\/#primaryimage\"},\"image\":{\"@id\":\"https:\/\/universofamilia.com\/da\/posso-utilizar-ar-condicionado-no-quarto-do-bebe\/#primaryimage\"},\"thumbnailUrl\":\"https:\/\/universofamilia.com\/wp-content\/uploads\/sites\/148\/2023\/06\/FOTO-DESTAQUE-ar-condicionado-universo-familia-.png\",\"datePublished\":\"2023-06-19T00:39:10+00:00\",\"dateModified\":\"2025-10-06T01:57:48+00:00\",\"author\":{\"@id\":\"https:\/\/universofamilia.com\/el\/#\/schema\/person\/92fcd07e9b1f4323bf74f3170fc0f78a\"},\"description\":\"Posso Utilizar Ar Condicionado no Quarto do Beb\u00ea? Ter um beb\u00ea em casa \u00e9 uma experi\u00eancia incr\u00edvel, mas tamb\u00e9m traz diversas preocupa\u00e7\u00f5es para\",\"breadcrumb\":{\"@id\":\"https:\/\/universofamilia.com\/da\/posso-utilizar-ar-condicionado-no-quarto-do-bebe\/#breadcrumb\"},\"inLanguage\":\"nl\",\"potentialAction\":[{\"@type\":\"ReadAction\",\"target\":[\"https:\/\/universofamilia.com\/da\/posso-utilizar-ar-condicionado-no-quarto-do-bebe\/\"]}]},{\"@type\":\"ImageObject\",\"inLanguage\":\"nl\",\"@id\":\"https:\/\/universofamilia.com\/da\/posso-utilizar-ar-condicionado-no-quarto-do-bebe\/#primaryimage\",\"url\":\"https:\/\/universofamilia.com\/wp-content\/uploads\/sites\/148\/2023\/06\/FOTO-DESTAQUE-ar-condicionado-universo-familia-.png\",\"contentUrl\":\"https:\/\/universofamilia.com\/wp-content\/uploads\/sites\/148\/2023\/06\/FOTO-DESTAQUE-ar-condicionado-universo-familia-.png\",\"width\":448,\"height\":350},{\"@type\":\"BreadcrumbList\",\"@id\":\"https:\/\/universofamilia.com\/da\/posso-utilizar-ar-condicionado-no-quarto-do-bebe\/#breadcrumb\",\"itemListElement\":[{\"@type\":\"ListItem\",\"position\":1,\"name\":\"Home\",\"item\":\"https:\/\/universofamilia.com\/el\/\"},{\"@type\":\"ListItem\",\"position\":2,\"name\":\"Posso Utilizar Ar Condicionado no Quarto do Beb\u00ea?\"}]},{\"@type\":\"WebSite\",\"@id\":\"https:\/\/universofamilia.com\/el\/#website\",\"url\":\"https:\/\/universofamilia.com\/el\/\",\"name\":\"Universo Fam\u00edlia\",\"description\":\"\",\"potentialAction\":[{\"@type\":\"SearchAction\",\"target\":{\"@type\":\"EntryPoint\",\"urlTemplate\":\"https:\/\/universofamilia.com\/el\/?s={search_term_string}\"},\"query-input\":\"required name=search_term_string\"}],\"inLanguage\":\"nl\"},{\"@type\":\"Person\",\"@id\":\"https:\/\/universofamilia.com\/el\/#\/schema\/person\/92fcd07e9b1f4323bf74f3170fc0f78a\",\"name\":\"Matheus Sangaletti\",\"image\":{\"@type\":\"ImageObject\",\"inLanguage\":\"nl\",\"@id\":\"https:\/\/universofamilia.com\/el\/#\/schema\/person\/image\/\",\"url\":\"https:\/\/secure.gravatar.com\/avatar\/280ea957a14a48e6a1ad2133d2cc27c9?s=96&d=mm&r=g\",\"contentUrl\":\"https:\/\/secure.gravatar.com\/avatar\/280ea957a14a48e6a1ad2133d2cc27c9?s=96&d=mm&r=g\",\"caption\":\"Matheus Sangaletti\"},\"url\":\"https:\/\/universofamilia.com\/nl\/author\/matheuss\/\"}]}<\/script>\n<!-- \/ Yoast SEO plugin. -->","yoast_head_json":{"title":"Posso Utilizar Ar Condicionado no Quarto do Beb\u00ea? - Universo Fam\u00edlia","description":"Posso Utilizar Ar Condicionado no Quarto do Beb\u00ea? Ter um beb\u00ea em casa \u00e9 uma experi\u00eancia incr\u00edvel, mas tamb\u00e9m traz diversas preocupa\u00e7\u00f5es para","robots":{"index":"index","follow":"follow","max-snippet":"max-snippet:-1","max-image-preview":"max-image-preview:large","max-video-preview":"max-video-preview:-1"},"canonical":"https:\/\/universofamilia.com\/nl\/posso-utilizar-ar-condicionado-no-quarto-do-bebe\/","og_locale":"nl_NL","og_type":"article","og_title":"Posso Utilizar Ar Condicionado no Quarto do Beb\u00ea? - Universo Fam\u00edlia","og_description":"Posso Utilizar Ar Condicionado no Quarto do Beb\u00ea? Ter um beb\u00ea em casa \u00e9 uma experi\u00eancia incr\u00edvel, mas tamb\u00e9m traz diversas preocupa\u00e7\u00f5es para","og_url":"https:\/\/universofamilia.com\/nl\/posso-utilizar-ar-condicionado-no-quarto-do-bebe\/","og_site_name":"Universo Fam\u00edlia","article_published_time":"2023-06-19T00:39:10+00:00","article_modified_time":"2025-10-06T01:57:48+00:00","og_image":[{"width":448,"height":350,"url":"https:\/\/universofamilia.com\/wp-content\/uploads\/sites\/148\/2023\/06\/FOTO-DESTAQUE-ar-condicionado-universo-familia-.png","type":"image\/png"}],"author":"Matheus Sangaletti","twitter_card":"summary_large_image","twitter_misc":{"Written by":"Matheus Sangaletti","Est. reading time":"8 minuten"},"schema":{"@context":"https:\/\/schema.org","@graph":[{"@type":"WebPage","@id":"https:\/\/universofamilia.com\/da\/posso-utilizar-ar-condicionado-no-quarto-do-bebe\/","url":"https:\/\/universofamilia.com\/da\/posso-utilizar-ar-condicionado-no-quarto-do-bebe\/","name":"Posso Utilizar Ar Condicionado no Quarto do Beb\u00ea? - Universo Fam\u00edlia","isPartOf":{"@id":"https:\/\/universofamilia.com\/el\/#website"},"primaryImageOfPage":{"@id":"https:\/\/universofamilia.com\/da\/posso-utilizar-ar-condicionado-no-quarto-do-bebe\/#primaryimage"},"image":{"@id":"https:\/\/universofamilia.com\/da\/posso-utilizar-ar-condicionado-no-quarto-do-bebe\/#primaryimage"},"thumbnailUrl":"https:\/\/universofamilia.com\/wp-content\/uploads\/sites\/148\/2023\/06\/FOTO-DESTAQUE-ar-condicionado-universo-familia-.png","datePublished":"2023-06-19T00:39:10+00:00","dateModified":"2025-10-06T01:57:48+00:00","author":{"@id":"https:\/\/universofamilia.com\/el\/#\/schema\/person\/92fcd07e9b1f4323bf74f3170fc0f78a"},"description":"Posso Utilizar Ar Condicionado no Quarto do Beb\u00ea? Ter um beb\u00ea em casa \u00e9 uma experi\u00eancia incr\u00edvel, mas tamb\u00e9m traz diversas preocupa\u00e7\u00f5es para","breadcrumb":{"@id":"https:\/\/universofamilia.com\/da\/posso-utilizar-ar-condicionado-no-quarto-do-bebe\/#breadcrumb"},"inLanguage":"nl","potentialAction":[{"@type":"ReadAction","target":["https:\/\/universofamilia.com\/da\/posso-utilizar-ar-condicionado-no-quarto-do-bebe\/"]}]},{"@type":"ImageObject","inLanguage":"nl","@id":"https:\/\/universofamilia.com\/da\/posso-utilizar-ar-condicionado-no-quarto-do-bebe\/#primaryimage","url":"https:\/\/universofamilia.com\/wp-content\/uploads\/sites\/148\/2023\/06\/FOTO-DESTAQUE-ar-condicionado-universo-familia-.png","contentUrl":"https:\/\/universofamilia.com\/wp-content\/uploads\/sites\/148\/2023\/06\/FOTO-DESTAQUE-ar-condicionado-universo-familia-.png","width":448,"height":350},{"@type":"BreadcrumbList","@id":"https:\/\/universofamilia.com\/da\/posso-utilizar-ar-condicionado-no-quarto-do-bebe\/#breadcrumb","itemListElement":[{"@type":"ListItem","position":1,"name":"Home","item":"https:\/\/universofamilia.com\/el\/"},{"@type":"ListItem","position":2,"name":"Posso Utilizar Ar Condicionado no Quarto do Beb\u00ea?"}]},{"@type":"WebSite","@id":"https:\/\/universofamilia.com\/el\/#website","url":"https:\/\/universofamilia.com\/el\/","name":"Universo Fam\u00edlia","description":"","potentialAction":[{"@type":"SearchAction","target":{"@type":"EntryPoint","urlTemplate":"https:\/\/universofamilia.com\/el\/?s={search_term_string}"},"query-input":"required name=search_term_string"}],"inLanguage":"nl"},{"@type":"Person","@id":"https:\/\/universofamilia.com\/el\/#\/schema\/person\/92fcd07e9b1f4323bf74f3170fc0f78a","name":"Matheus Sangaletti","image":{"@type":"ImageObject","inLanguage":"nl","@id":"https:\/\/universofamilia.com\/el\/#\/schema\/person\/image\/","url":"https:\/\/secure.gravatar.com\/avatar\/280ea957a14a48e6a1ad2133d2cc27c9?s=96&d=mm&r=g","contentUrl":"https:\/\/secure.gravatar.com\/avatar\/280ea957a14a48e6a1ad2133d2cc27c9?s=96&d=mm&r=g","caption":"Matheus Sangaletti"},"url":"https:\/\/universofamilia.com\/nl\/author\/matheuss\/"}]}},"_links":{"self":[{"href":"https:\/\/universofamilia.com\/nl\/wp-json\/wp\/v2\/posts\/2760"}],"collection":[{"href":"https:\/\/universofamilia.com\/nl\/wp-json\/wp\/v2\/posts"}],"about":[{"href":"https:\/\/universofamilia.com\/nl\/wp-json\/wp\/v2\/types\/post"}],"author":[{"embeddable":true,"href":"https:\/\/universofamilia.com\/nl\/wp-json\/wp\/v2\/users\/219"}],"replies":[{"embeddable":true,"href":"https:\/\/universofamilia.com\/nl\/wp-json\/wp\/v2\/comments?post=2760"}],"version-history":[{"count":1,"href":"https:\/\/universofamilia.com\/nl\/wp-json\/wp\/v2\/posts\/2760\/revisions"}],"predecessor-version":[{"id":9885,"href":"https:\/\/universofamilia.com\/nl\/wp-json\/wp\/v2\/posts\/2760\/revisions\/9885"}],"wp:featuredmedia":[{"embeddable":true,"href":"https:\/\/universofamilia.com\/nl\/wp-json\/wp\/v2\/media\/2766"}],"wp:attachment":[{"href":"https:\/\/universofamilia.com\/nl\/wp-json\/wp\/v2\/media?parent=2760"}],"wp:term":[{"taxonomy":"category","embeddable":true,"href":"https:\/\/universofamilia.com\/nl\/wp-json\/wp\/v2\/categories?post=2760"},{"taxonomy":"post_tag","embeddable":true,"href":"https:\/\/universofamilia.com\/nl\/wp-json\/wp\/v2\/tags?post=2760"}],"curies":[{"name":"wp","href":"https:\/\/api.w.org\/{rel}","templated":true}]}}