{"id":3622,"date":"2023-08-23T08:00:00","date_gmt":"2023-08-23T11:00:00","guid":{"rendered":"https:\/\/universofamilia.com\/?p=3622"},"modified":"2025-01-22T01:29:10","modified_gmt":"2025-01-22T01:29:10","slug":"cantando-para-nossos-bebes","status":"publish","type":"post","link":"https:\/\/universofamilia.com\/nl\/cantando-para-nossos-bebes\/","title":{"rendered":"Zingen voor onze baby&#039;s: 5 muziekstukken met betoverende teksten en een boeiende oorsprong"},"content":{"rendered":"<p>Zingen voor onze baby&#039;s, 5 liedjes met charmante teksten en een boeiende oorsprong. De kracht van muziek is van onschatbare waarde, vooral als het gaat om het kalmeren en verbinden van onze kleintjes.<\/p>\n\n\n\n<p>Zingen voor baby&#039;s is niet alleen een manier om een emotionele band te cre\u00ebren, maar ook om de cognitieve en emotionele ontwikkeling te stimuleren.<\/p>\n\n\n\n<p>We laten je op een leuke manier vijf populaire liedjes zien die je voor baby&#039;s kunt zingen, inclusief de boeiende teksten en de fascinerende verhalen achter hun oorsprong.<\/p>\n\n\n<div class=\"wp-block-image\">\n<figure class=\"aligncenter size-full\"><img loading=\"lazy\" decoding=\"async\" width=\"550\" height=\"350\" src=\"http:\/\/universofamilia.com\/wp-content\/uploads\/sites\/148\/2023\/08\/POST-Cantando-para-as-criancas-universo-familia-.png\" alt=\"\" class=\"wp-image-3623\" srcset=\"https:\/\/universofamilia.com\/wp-content\/uploads\/sites\/148\/2023\/08\/POST-Cantando-para-as-criancas-universo-familia-.png 550w, https:\/\/universofamilia.com\/wp-content\/uploads\/sites\/148\/2023\/08\/POST-Cantando-para-as-criancas-universo-familia--300x191.png 300w\" sizes=\"(max-width: 550px) 100vw, 550px\" \/><figcaption class=\"wp-element-caption\"><em>Foto: (reproductie\/internet)<\/em><\/figcaption><\/figure><\/div>\n\n\n<h3 class=\"wp-block-heading\">1. \u201cBoa Noite, Amiguinho\u201d \u2013 Een aanhankelijke melodie om te slapen<\/h3>\n\n\n\n<h4 class=\"wp-block-heading\">Oorsprong en betekenis<\/h4>\n\n\n\n<p>De muziek &quot;Boa Noite, Amiguinho&quot; is een traditioneel, betoverend ninarlied. Met een zachte melodie en liefdevolle tekst werd dit lied door kinderen gezongen om hun baby&#039;s te kalmeren voor het slapengaan.<\/p>\n\n\n\n<p>De eenvoud van de woorden en de tederheid van de melodie maken het een geliefde school om genegenheid en rust over te brengen aan de kleintjes.<\/p>\n\n\n\n<h4 class=\"wp-block-heading\">Brief:<\/h4>\n\n\n\n<div class=\"wp-block-columns is-layout-flex wp-container-core-columns-layout-1 wp-block-columns-is-layout-flex\">\n<div class=\"wp-block-column is-layout-flow wp-block-column-is-layout-flow\" style=\"flex-basis:100%\">\n<div class=\"wp-block-group is-layout-constrained wp-block-group-is-layout-constrained\"><div class=\"wp-block-group__inner-container\">\n<p>\u201cBoa noite, amiguinho<\/p>\n\n\n\n<p>Het is tijd om te slapen<\/p>\n\n\n\n<p>A lua j\u00e1 chegou<\/p>\n\n\n\n<p>E as estrelas v\u00e3o continuar<\/p>\n\n\n\n<p>Boa noite, amiguinho<\/p>\n\n\n\n<p>O c\u00e9u j\u00e1 vai se luminosa<\/p>\n\n\n\n<p>Met prachtige sonhos<\/p>\n\n\n\n<p>Que v\u00e3o te empalar\u201d<\/p>\n<\/div><\/div>\n<\/div>\n<\/div>\n\n\n\n<h3 class=\"wp-block-heading\">2. \u201cO Barquinho\u201d \u2013 Zeilen door kalme en serene wateren<\/h3>\n\n\n\n<h4 class=\"wp-block-heading\">Oorsprong en betekenis<\/h4>\n\n\n\n<p>De melodie &quot;O Barquinho&quot; neemt ons mee op een rustige dag door de zee van verbeelding. Deze muziek, die zijn oorsprong vindt in volksliederen, symboliseert de rust en vrede die een boot op kalm water kan uitstralen.<\/p>\n\n\n\n<p>De zachte melodie en rustige tekst zijn een populair liedje om baby&#039;s te kalmeren en serene dromen op te wekken.<\/p>\n\n\n\n<h4 class=\"wp-block-heading\">Brief:<\/h4>\n\n\n\n<div class=\"wp-block-columns is-layout-flex wp-container-core-columns-layout-2 wp-block-columns-is-layout-flex\">\n<div class=\"wp-block-column is-layout-flow wp-block-column-is-layout-flow\" style=\"flex-basis:100%\">\n<div class=\"wp-block-group is-layout-constrained wp-block-group-is-layout-constrained\"><div class=\"wp-block-group__inner-container\">\n<p>\u201cO barquinho vai, een tardinha cai<\/p>\n\n\n\n<p>O sol j\u00e1 vai embora, o dia findou<\/p>\n\n\n\n<p>O barquinho vai, een tardinha cai<\/p>\n\n\n\n<p>\u201cO sol j\u00e1 vai embora, o dia findou\u201d<\/p>\n<\/div><\/div>\n<\/div>\n<\/div>\n\n\n\n<h3 class=\"wp-block-heading\">3. \u201cDorme, nen\u00e9m\u201d \u2013 A Convite para o Soninho Tranquilo<\/h3>\n\n\n\n<h4 class=\"wp-block-heading\">Oorsprong en betekenis<\/h4>\n\n\n\n<p>&quot;Dorme, nen\u00e9m&quot; is een liedje dat rust en troost uitstraalt. Deze melodie, die haar oorsprong vindt in culturele tradities, is een zachte traktatie voor je baby om vredig in slaap te vallen.<\/p>\n\n\n\n<p>De zachte woorden en de omhullende melodie maken deze muziek tot een populaire school over de hele wereld, die liefde en genegenheid overbrengt.<\/p>\n\n\n\n<h4 class=\"wp-block-heading\">Brief:<\/h4>\n\n\n\n<div class=\"wp-block-group is-layout-constrained wp-block-group-is-layout-constrained\"><div class=\"wp-block-group__inner-container\">\n<p>\u201cSlaap, nen\u00e9m, we gaan naar cuca<\/p>\n\n\n\n<p>Papai was voor ro\u00e7a, mama was voor werk<\/p>\n\n\n\n<p>Ga slapen, lieverd, ik ga naar cuca<\/p>\n\n\n\n<p>Papai was voor ro\u00e7a, mama was voor werk<\/p>\n<\/div><\/div>\n\n\n\n<h3 class=\"wp-block-heading\">4. \u201cBorboletinha\u201d \u2013 Een lied van betovering en Brincadeira<\/h3>\n\n\n\n<h4 class=\"wp-block-heading\">Oorsprong en betekenis<\/h4>\n\n\n\n<p>&quot;Borboletinha&quot; is een kinderliedje dat muziek en springen combineert. Met een vrolijke melodie en een tekst die de verbeelding prikkelt, is dit een populair liedje om te zingen voor baby&#039;s.<\/p>\n\n\n\n<p>De verwijzing naar de bel die van bloem naar bloem gaat, is een metafoor voor de ontdekkingstocht en nieuwsgierigheid van opgroeiende kinderen.<\/p>\n\n\n\n<h4 class=\"wp-block-heading\">Brief:<\/h4>\n\n\n\n<div class=\"wp-block-group is-layout-constrained wp-block-group-is-layout-constrained\"><div class=\"wp-block-group__inner-container\">\n<p>\u201cBorboletinha staat in de keuken<\/p>\n\n\n\n<p>Chocolade maken met een peettante<\/p>\n\n\n\n<p>Je doet het, je doet het, je doet het, je doet het<\/p>\n\n\n\n<p>\u201cEen canela \u00e9 quente, gaat die branden?\u201d<\/p>\n<\/div><\/div>\n\n\n\n<h3 class=\"wp-block-heading\">5. \u201cAcalanto\u201d \u2013 Een omringende melodie voor dromen<\/h3>\n\n\n\n<h4 class=\"wp-block-heading\">Oorsprong en betekenis<\/h4>\n\n\n\n<p>&quot;Acalanto&quot; is een kinderliedje dat culturele grenzen overstijgt. Met een omhullende melodie en een tekst die sereniteit uitstraalt, is dit liedje een uiting van liefde en genegenheid van babyverzorgers.<\/p>\n\n\n\n<p>Het woord \u201cacalanto\u201d verwijst naar het proces van verwarmen en verpakken, waardoor deze muziek een logische keuze is voor momenten van rust.<\/p>\n\n\n\n<h4 class=\"wp-block-heading\">Brief:<\/h4>\n\n\n\n<div class=\"wp-block-group is-layout-constrained wp-block-group-is-layout-constrained\"><div class=\"wp-block-group__inner-container\">\n<p>\u2018Slaap, meu menino, meu acalanto<\/p>\n\n\n\n<p>Que a noite vem chegando<\/p>\n\n\n\n<p>O sol vai se deitar<\/p>\n\n\n\n<p>Slaap, mijn jongen, mijn acalanto<\/p>\n\n\n\n<p>Que a noite vem chegando<\/p>\n\n\n\n<p>O sol vai se deitar\u201d<\/p>\n<\/div><\/div>\n\n\n\n<h3 class=\"wp-block-heading\">Conclusie: Een serenade van liefde voor de kleintjes<\/h3>\n\n\n\n<p>Zingen voor baby&#039;s is een traditie vol betekenis en genegenheid. Kinderkamermuziek biedt niet alleen troost, maar schept ook een speciale band tussen verzorgers en baby&#039;s.<\/p>\n\n\n\n<p>Door deze liedjes met boeiende verhalen te zingen, delen we een kostbaar geschenk: muziek die de harten en geesten van onze kleintjes voedt.<\/p>\n\n\n\n<h3 class=\"wp-block-heading\">Veelgestelde vragen<\/h3>\n\n\n\n<h4 class=\"wp-block-heading\">1. Waarom is zingen voor baby&#039;s belangrijk?<\/h4>\n\n\n\n<p>Zingen voor baby&#039;s helpt om een emotionele band te cre\u00ebren, kinderen te kalmeren en hun cognitieve ontwikkeling te stimuleren.<\/p>\n\n\n\n<h4 class=\"wp-block-heading\">2. Is deze muziek specifiek voor een bepaalde cultuur?<\/h4>\n\n\n\n<p>Sommige muzieksoorten hebben een specifieke oorsprong, terwijl andere in verschillende culturen over de hele wereld worden gezongen.<\/p>\n\n\n\n<h4 class=\"wp-block-heading\">3. Hoe kies ik de juiste muziek om voor mijn baby te zingen?<\/h4>\n\n\n\n<p>Kies voor muziek met zachte melodie\u00ebn en rustige teksten. Door de reactie van de baby te observeren, kun je bepalen welke muziek hij of zij het leukst vindt.<\/p>\n\n\n\n<h4 class=\"wp-block-heading\">4. Heeft babymuziek positieve effecten?<\/h4>\n\n\n\n<p>Ja, babymuziek kan helpen om de baby te kalmeren en een ontspannende routine te cre\u00ebren voordat hij gaat slapen.<\/p>\n\n\n\n<h4 class=\"wp-block-heading\">5. Zijn er naast deze muziek nog andere populaire opties om voor baby&#039;s te zingen?<\/h4>\n\n\n\n<p>Ja, er zijn verschillende soorten muziek in verschillende culturen, elk met zijn eigen verhalen en betekenissen.<\/p>\n\n\n\n<p>Al\u00e9m disso, accessoires en kleding nodig, conhe\u00e7a |&nbsp;<a href=\"https:\/\/www.luzbaby.com.br\/\" target=\"_blank\" rel=\"noreferrer noopener\">A Luz Baby is een van de beste winkels voor babyproducten. Klik hier<\/a><\/p>","protected":false},"excerpt":{"rendered":"<p>Cantando para nossos beb\u00eas, 5 m\u00fasicas com letras encantadoras e origens cativantes. O poder da m\u00fasica \u00e9 ineg\u00e1vel, especialmente quando se trata de acalmar e conectar com os nossos pequenos. Cantar para os beb\u00eas n\u00e3o \u00e9 apenas uma maneira de criar la\u00e7os emocionais, mas tamb\u00e9m de estimular o desenvolvimento cognitivo e emocional. De forma divertida, [&hellip;]<\/p>","protected":false},"author":139,"featured_media":3625,"comment_status":"closed","ping_status":"open","sticky":false,"template":"","format":"standard","meta":{"footnotes":""},"categories":[3],"tags":[],"yoast_head":"<!-- This site is optimized with the Yoast SEO plugin v23.3 - https:\/\/yoast.com\/wordpress\/plugins\/seo\/ -->\n<title>Cantando para Nossos Beb\u00eas: 5 M\u00fasicas com Letras Encantadoras e Origens Cativantes - Universo Fam\u00edlia<\/title>\n<meta name=\"description\" content=\"Cantando para nossos beb\u00eas, 5 m\u00fasicas com letras encantadoras e origens cativantes. O poder da m\u00fasica \u00e9 ineg\u00e1vel, especialmente quando se trata de acalmar\" \/>\n<meta name=\"robots\" content=\"index, follow, max-snippet:-1, max-image-preview:large, max-video-preview:-1\" \/>\n<link rel=\"canonical\" href=\"https:\/\/universofamilia.com\/nl\/cantando-para-nossos-bebes\/\" \/>\n<meta property=\"og:locale\" content=\"nl_NL\" \/>\n<meta property=\"og:type\" content=\"article\" \/>\n<meta property=\"og:title\" content=\"Cantando para Nossos Beb\u00eas: 5 M\u00fasicas com Letras Encantadoras e Origens Cativantes - Universo Fam\u00edlia\" \/>\n<meta property=\"og:description\" content=\"Cantando para nossos beb\u00eas, 5 m\u00fasicas com letras encantadoras e origens cativantes. O poder da m\u00fasica \u00e9 ineg\u00e1vel, especialmente quando se trata de acalmar\" \/>\n<meta property=\"og:url\" content=\"https:\/\/universofamilia.com\/nl\/cantando-para-nossos-bebes\/\" \/>\n<meta property=\"og:site_name\" content=\"Universo Fam\u00edlia\" \/>\n<meta property=\"article:published_time\" content=\"2023-08-23T11:00:00+00:00\" \/>\n<meta property=\"article:modified_time\" content=\"2025-01-22T01:29:10+00:00\" \/>\n<meta property=\"og:image\" content=\"https:\/\/universofamilia.com\/wp-content\/uploads\/sites\/148\/2023\/08\/DESTAQUE-cantando-para-as-criancas-universo-familia-.png\" \/>\n\t<meta property=\"og:image:width\" content=\"448\" \/>\n\t<meta property=\"og:image:height\" content=\"350\" \/>\n\t<meta property=\"og:image:type\" content=\"image\/png\" \/>\n<meta name=\"author\" content=\"Pedro Henrique\" \/>\n<meta name=\"twitter:card\" content=\"summary_large_image\" \/>\n<meta name=\"twitter:label1\" content=\"Written by\" \/>\n\t<meta name=\"twitter:data1\" content=\"Pedro Henrique\" \/>\n\t<meta name=\"twitter:label2\" content=\"Est. reading time\" \/>\n\t<meta name=\"twitter:data2\" content=\"5 minuten\" \/>\n<script type=\"application\/ld+json\" class=\"yoast-schema-graph\">{\"@context\":\"https:\/\/schema.org\",\"@graph\":[{\"@type\":\"WebPage\",\"@id\":\"https:\/\/universofamilia.com\/de\/cantando-para-nossos-bebes\/\",\"url\":\"https:\/\/universofamilia.com\/de\/cantando-para-nossos-bebes\/\",\"name\":\"Cantando para Nossos Beb\u00eas: 5 M\u00fasicas com Letras Encantadoras e Origens Cativantes - Universo Fam\u00edlia\",\"isPartOf\":{\"@id\":\"https:\/\/universofamilia.com\/el\/#website\"},\"primaryImageOfPage\":{\"@id\":\"https:\/\/universofamilia.com\/de\/cantando-para-nossos-bebes\/#primaryimage\"},\"image\":{\"@id\":\"https:\/\/universofamilia.com\/de\/cantando-para-nossos-bebes\/#primaryimage\"},\"thumbnailUrl\":\"https:\/\/universofamilia.com\/wp-content\/uploads\/sites\/148\/2023\/08\/DESTAQUE-cantando-para-as-criancas-universo-familia-.png\",\"datePublished\":\"2023-08-23T11:00:00+00:00\",\"dateModified\":\"2025-01-22T01:29:10+00:00\",\"author\":{\"@id\":\"https:\/\/universofamilia.com\/el\/#\/schema\/person\/f07ce98187dd84d31154262e79b3b7ca\"},\"description\":\"Cantando para nossos beb\u00eas, 5 m\u00fasicas com letras encantadoras e origens cativantes. O poder da m\u00fasica \u00e9 ineg\u00e1vel, especialmente quando se trata de acalmar\",\"breadcrumb\":{\"@id\":\"https:\/\/universofamilia.com\/de\/cantando-para-nossos-bebes\/#breadcrumb\"},\"inLanguage\":\"nl\",\"potentialAction\":[{\"@type\":\"ReadAction\",\"target\":[\"https:\/\/universofamilia.com\/de\/cantando-para-nossos-bebes\/\"]}]},{\"@type\":\"ImageObject\",\"inLanguage\":\"nl\",\"@id\":\"https:\/\/universofamilia.com\/de\/cantando-para-nossos-bebes\/#primaryimage\",\"url\":\"https:\/\/universofamilia.com\/wp-content\/uploads\/sites\/148\/2023\/08\/DESTAQUE-cantando-para-as-criancas-universo-familia-.png\",\"contentUrl\":\"https:\/\/universofamilia.com\/wp-content\/uploads\/sites\/148\/2023\/08\/DESTAQUE-cantando-para-as-criancas-universo-familia-.png\",\"width\":448,\"height\":350},{\"@type\":\"BreadcrumbList\",\"@id\":\"https:\/\/universofamilia.com\/de\/cantando-para-nossos-bebes\/#breadcrumb\",\"itemListElement\":[{\"@type\":\"ListItem\",\"position\":1,\"name\":\"Home\",\"item\":\"https:\/\/universofamilia.com\/el\/\"},{\"@type\":\"ListItem\",\"position\":2,\"name\":\"Cantando para Nossos Beb\u00eas: 5 M\u00fasicas com Letras Encantadoras e Origens Cativantes\"}]},{\"@type\":\"WebSite\",\"@id\":\"https:\/\/universofamilia.com\/el\/#website\",\"url\":\"https:\/\/universofamilia.com\/el\/\",\"name\":\"Universo Fam\u00edlia\",\"description\":\"\",\"potentialAction\":[{\"@type\":\"SearchAction\",\"target\":{\"@type\":\"EntryPoint\",\"urlTemplate\":\"https:\/\/universofamilia.com\/el\/?s={search_term_string}\"},\"query-input\":\"required name=search_term_string\"}],\"inLanguage\":\"nl\"},{\"@type\":\"Person\",\"@id\":\"https:\/\/universofamilia.com\/el\/#\/schema\/person\/f07ce98187dd84d31154262e79b3b7ca\",\"name\":\"Pedro Henrique\",\"image\":{\"@type\":\"ImageObject\",\"inLanguage\":\"nl\",\"@id\":\"https:\/\/universofamilia.com\/el\/#\/schema\/person\/image\/\",\"url\":\"https:\/\/secure.gravatar.com\/avatar\/9edfeb808cb4e1599f64d6e45b130154?s=96&d=mm&r=g\",\"contentUrl\":\"https:\/\/secure.gravatar.com\/avatar\/9edfeb808cb4e1599f64d6e45b130154?s=96&d=mm&r=g\",\"caption\":\"Pedro Henrique\"},\"url\":\"https:\/\/universofamilia.com\/nl\/author\/editor01\/\"}]}<\/script>\n<!-- \/ Yoast SEO plugin. -->","yoast_head_json":{"title":"Cantando para Nossos Beb\u00eas: 5 M\u00fasicas com Letras Encantadoras e Origens Cativantes - Universo Fam\u00edlia","description":"Cantando para nossos beb\u00eas, 5 m\u00fasicas com letras encantadoras e origens cativantes. O poder da m\u00fasica \u00e9 ineg\u00e1vel, especialmente quando se trata de acalmar","robots":{"index":"index","follow":"follow","max-snippet":"max-snippet:-1","max-image-preview":"max-image-preview:large","max-video-preview":"max-video-preview:-1"},"canonical":"https:\/\/universofamilia.com\/nl\/cantando-para-nossos-bebes\/","og_locale":"nl_NL","og_type":"article","og_title":"Cantando para Nossos Beb\u00eas: 5 M\u00fasicas com Letras Encantadoras e Origens Cativantes - Universo Fam\u00edlia","og_description":"Cantando para nossos beb\u00eas, 5 m\u00fasicas com letras encantadoras e origens cativantes. O poder da m\u00fasica \u00e9 ineg\u00e1vel, especialmente quando se trata de acalmar","og_url":"https:\/\/universofamilia.com\/nl\/cantando-para-nossos-bebes\/","og_site_name":"Universo Fam\u00edlia","article_published_time":"2023-08-23T11:00:00+00:00","article_modified_time":"2025-01-22T01:29:10+00:00","og_image":[{"width":448,"height":350,"url":"https:\/\/universofamilia.com\/wp-content\/uploads\/sites\/148\/2023\/08\/DESTAQUE-cantando-para-as-criancas-universo-familia-.png","type":"image\/png"}],"author":"Pedro Henrique","twitter_card":"summary_large_image","twitter_misc":{"Written by":"Pedro Henrique","Est. reading time":"5 minuten"},"schema":{"@context":"https:\/\/schema.org","@graph":[{"@type":"WebPage","@id":"https:\/\/universofamilia.com\/de\/cantando-para-nossos-bebes\/","url":"https:\/\/universofamilia.com\/de\/cantando-para-nossos-bebes\/","name":"Cantando para Nossos Beb\u00eas: 5 M\u00fasicas com Letras Encantadoras e Origens Cativantes - Universo Fam\u00edlia","isPartOf":{"@id":"https:\/\/universofamilia.com\/el\/#website"},"primaryImageOfPage":{"@id":"https:\/\/universofamilia.com\/de\/cantando-para-nossos-bebes\/#primaryimage"},"image":{"@id":"https:\/\/universofamilia.com\/de\/cantando-para-nossos-bebes\/#primaryimage"},"thumbnailUrl":"https:\/\/universofamilia.com\/wp-content\/uploads\/sites\/148\/2023\/08\/DESTAQUE-cantando-para-as-criancas-universo-familia-.png","datePublished":"2023-08-23T11:00:00+00:00","dateModified":"2025-01-22T01:29:10+00:00","author":{"@id":"https:\/\/universofamilia.com\/el\/#\/schema\/person\/f07ce98187dd84d31154262e79b3b7ca"},"description":"Cantando para nossos beb\u00eas, 5 m\u00fasicas com letras encantadoras e origens cativantes. O poder da m\u00fasica \u00e9 ineg\u00e1vel, especialmente quando se trata de acalmar","breadcrumb":{"@id":"https:\/\/universofamilia.com\/de\/cantando-para-nossos-bebes\/#breadcrumb"},"inLanguage":"nl","potentialAction":[{"@type":"ReadAction","target":["https:\/\/universofamilia.com\/de\/cantando-para-nossos-bebes\/"]}]},{"@type":"ImageObject","inLanguage":"nl","@id":"https:\/\/universofamilia.com\/de\/cantando-para-nossos-bebes\/#primaryimage","url":"https:\/\/universofamilia.com\/wp-content\/uploads\/sites\/148\/2023\/08\/DESTAQUE-cantando-para-as-criancas-universo-familia-.png","contentUrl":"https:\/\/universofamilia.com\/wp-content\/uploads\/sites\/148\/2023\/08\/DESTAQUE-cantando-para-as-criancas-universo-familia-.png","width":448,"height":350},{"@type":"BreadcrumbList","@id":"https:\/\/universofamilia.com\/de\/cantando-para-nossos-bebes\/#breadcrumb","itemListElement":[{"@type":"ListItem","position":1,"name":"Home","item":"https:\/\/universofamilia.com\/el\/"},{"@type":"ListItem","position":2,"name":"Cantando para Nossos Beb\u00eas: 5 M\u00fasicas com Letras Encantadoras e Origens Cativantes"}]},{"@type":"WebSite","@id":"https:\/\/universofamilia.com\/el\/#website","url":"https:\/\/universofamilia.com\/el\/","name":"Universo Fam\u00edlia","description":"","potentialAction":[{"@type":"SearchAction","target":{"@type":"EntryPoint","urlTemplate":"https:\/\/universofamilia.com\/el\/?s={search_term_string}"},"query-input":"required name=search_term_string"}],"inLanguage":"nl"},{"@type":"Person","@id":"https:\/\/universofamilia.com\/el\/#\/schema\/person\/f07ce98187dd84d31154262e79b3b7ca","name":"Pedro Henrique","image":{"@type":"ImageObject","inLanguage":"nl","@id":"https:\/\/universofamilia.com\/el\/#\/schema\/person\/image\/","url":"https:\/\/secure.gravatar.com\/avatar\/9edfeb808cb4e1599f64d6e45b130154?s=96&d=mm&r=g","contentUrl":"https:\/\/secure.gravatar.com\/avatar\/9edfeb808cb4e1599f64d6e45b130154?s=96&d=mm&r=g","caption":"Pedro Henrique"},"url":"https:\/\/universofamilia.com\/nl\/author\/editor01\/"}]}},"_links":{"self":[{"href":"https:\/\/universofamilia.com\/nl\/wp-json\/wp\/v2\/posts\/3622"}],"collection":[{"href":"https:\/\/universofamilia.com\/nl\/wp-json\/wp\/v2\/posts"}],"about":[{"href":"https:\/\/universofamilia.com\/nl\/wp-json\/wp\/v2\/types\/post"}],"author":[{"embeddable":true,"href":"https:\/\/universofamilia.com\/nl\/wp-json\/wp\/v2\/users\/139"}],"replies":[{"embeddable":true,"href":"https:\/\/universofamilia.com\/nl\/wp-json\/wp\/v2\/comments?post=3622"}],"version-history":[{"count":1,"href":"https:\/\/universofamilia.com\/nl\/wp-json\/wp\/v2\/posts\/3622\/revisions"}],"predecessor-version":[{"id":8285,"href":"https:\/\/universofamilia.com\/nl\/wp-json\/wp\/v2\/posts\/3622\/revisions\/8285"}],"wp:featuredmedia":[{"embeddable":true,"href":"https:\/\/universofamilia.com\/nl\/wp-json\/wp\/v2\/media\/3625"}],"wp:attachment":[{"href":"https:\/\/universofamilia.com\/nl\/wp-json\/wp\/v2\/media?parent=3622"}],"wp:term":[{"taxonomy":"category","embeddable":true,"href":"https:\/\/universofamilia.com\/nl\/wp-json\/wp\/v2\/categories?post=3622"},{"taxonomy":"post_tag","embeddable":true,"href":"https:\/\/universofamilia.com\/nl\/wp-json\/wp\/v2\/tags?post=3622"}],"curies":[{"name":"wp","href":"https:\/\/api.w.org\/{rel}","templated":true}]}}