{"id":3989,"date":"2023-09-22T11:46:13","date_gmt":"2023-09-22T14:46:13","guid":{"rendered":"https:\/\/universofamilia.com\/?p=3989"},"modified":"2025-01-28T14:25:30","modified_gmt":"2025-01-28T14:25:30","slug":"preparacao-para-a-segunda-gravidez","status":"publish","type":"post","link":"https:\/\/universofamilia.com\/nl\/preparacao-para-a-segunda-gravidez\/","title":{"rendered":"Voorbereiding op een tweede zwangerschap"},"content":{"rendered":"<p>Voorbereiding op je tweede zwangerschap. Vraag je je af of je klaar bent voor je tweede jaar? Hier zijn een aantal positieve en negatieve aspecten waar je rekening mee moet houden bij het plannen van je tweede zwangerschap.<\/p>\n\n\n\n<h3 class=\"wp-block-heading\">Stap voor stap:<\/h3>\n\n\n\n<ul>\n<li>Beslissen of je klaar bent voor de tweede film<\/li>\n\n\n\n<li>Voorbereiding op de tweede zwangerschap<\/li>\n\n\n\n<li>Tweede zwangerschap<\/li>\n\n\n\n<li>Omgaan met moeilijkheden tijdens een tweede zwangerschap<\/li>\n\n\n\n<li>Gezondheid tijdens de tweede zwangerschap<\/li>\n\n\n\n<li>Financieel management tijdens de tweede zwangerschap<\/li>\n<\/ul>\n\n\n<div class=\"wp-block-image\">\n<figure class=\"aligncenter size-full\"><img loading=\"lazy\" decoding=\"async\" width=\"960\" height=\"540\" src=\"http:\/\/universofamilia.com\/wp-content\/uploads\/sites\/148\/2023\/09\/P-UNIV-FAMILIA-Preparacao-para-a-Segunda-Gravidez-1-1.png\" alt=\"\" class=\"wp-image-3994\" srcset=\"https:\/\/universofamilia.com\/wp-content\/uploads\/sites\/148\/2023\/09\/P-UNIV-FAMILIA-Preparacao-para-a-Segunda-Gravidez-1-1.png 960w, https:\/\/universofamilia.com\/wp-content\/uploads\/sites\/148\/2023\/09\/P-UNIV-FAMILIA-Preparacao-para-a-Segunda-Gravidez-1-1-300x169.png 300w, https:\/\/universofamilia.com\/wp-content\/uploads\/sites\/148\/2023\/09\/P-UNIV-FAMILIA-Preparacao-para-a-Segunda-Gravidez-1-1-768x432.png 768w\" sizes=\"(max-width: 960px) 100vw, 960px\" \/><\/figure><\/div>\n\n\n<p>Misschien omdat ik me altijd meer kinderen voorstel, of omdat het idee om je kind een teken te geven me onlangs te binnen schoot, is het tijd om na te denken over de tweede baby. Het vooruitzicht van gezinsuitbreiding is spannend, maar ook verontrustend:<\/p>\n\n\n\n<ol style=\"list-style-type:1\">\n<li>Hoe weet je of je echt voorbereid bent?<\/li>\n\n\n\n<li>Is het eerste bestand nog steeds te klein?<\/li>\n\n\n\n<li>Het is de moeite waard om de chaos en uitputting van twee baby&#039;s onder ogen te zien;<\/li>\n\n\n\n<li>Is het beter om nog even te wachten?<\/li>\n<\/ol>\n\n\n\n<p>Er zijn geen definitieve antwoorden, maar het is belangrijk om over deze vragen na te denken om een weloverwogen beslissing te kunnen nemen.<\/p>\n\n\n\n<h3 class=\"wp-block-heading\"><strong>Beslissen of je klaar bent voor de tweede film<\/strong><\/h3>\n\n\n\n<p>Naarmate je baby groeit en transformeert van een baby in zijn armen naar een kind dat loopt en valt, vraag je je misschien af wat het juiste moment is om een tweede kind te krijgen. Omdat deze beslissing voor elk gezin uniek is, kunnen we je helpen bij het bepalen van het beste moment:<\/p>\n\n\n\n<ol style=\"list-style-type:1\">\n<li>Heb je het gevoel dat er een tekort is aan kinderen uit de omliggende gemeenschappen, zodat jij de brincadeiras kunt begeleiden?<\/li>\n\n\n\n<li>Ben je bereid om weer de fase van nachtenlang niet slapen onder ogen te zien, maar ik geef het op of het is laat?<\/li>\n\n\n\n<li>Wilt u de zwangerschap liever spreiden, zodat u optimaal kunt genieten van de kindertijd van elk kind zonder afleidingen?<\/li>\n\n\n\n<li>Vindt u het een goed idee om de kinderen zo ver mogelijk uit elkaar te plaatsen, of vindt u het voldoende om conflicten tussen kinderen te minimaliseren vanwege de vergelijkbare omstandigheden en ontwikkelingsstadia?<\/li>\n<\/ol>\n\n\n\n<h4 class=\"wp-block-heading\"><mark class=\"has-inline-color has-ast-global-color-0-color\">Lees ook:<\/mark><\/h4>\n\n\n<table style=\"border-collapse: collapse;width: 840px;height: 171px\">\n<tbody>\n<tr style=\"height: 21px\">\n<td style=\"width: 18.5759%;height: 21px\"><a href=\"https:\/\/universofamilia.com\/nl\/7-passos-de-como-criar-e-manter-um-orcamento-familiar\/\"><img loading=\"lazy\" decoding=\"async\" class=\"alignnone wp-image-3984 size-medium\" src=\"http:\/\/universofamilia.com\/wp-content\/uploads\/sites\/148\/2023\/09\/L-Universo-Familia-7-Passos-de-Como-Criar-e-Manter-um-Orcamento-Familiar-300x300.png\" alt=\"\" width=\"300\" height=\"300\" srcset=\"https:\/\/universofamilia.com\/wp-content\/uploads\/sites\/148\/2023\/09\/L-Universo-Familia-7-Passos-de-Como-Criar-e-Manter-um-Orcamento-Familiar-300x300.png 300w, https:\/\/universofamilia.com\/wp-content\/uploads\/sites\/148\/2023\/09\/L-Universo-Familia-7-Passos-de-Como-Criar-e-Manter-um-Orcamento-Familiar-150x150.png 150w, https:\/\/universofamilia.com\/wp-content\/uploads\/sites\/148\/2023\/09\/L-Universo-Familia-7-Passos-de-Como-Criar-e-Manter-um-Orcamento-Familiar.png 315w\" sizes=\"(max-width: 300px) 100vw, 300px\" \/><\/a><\/td>\n<td style=\"width: 81.4241%;height: 21px\">\n<h4><span style=\"color: #000000\"><a style=\"color: #000000\" href=\"https:\/\/universofamilia.com\/nl\/7-passos-de-como-criar-e-manter-um-orcamento-familiar\/\" target=\"_blank\" rel=\"noopener\">7 stappen voor het opvoeden en onderhouden van een gezin<\/a><\/span><\/h4>\n<\/td>\n<\/tr>\n<tr style=\"height: 21px\">\n<td style=\"width: 18.5759%;height: 10px\">\u00a0<\/td>\n<td style=\"width: 81.4241%;height: 10px\">\u00a0<\/td>\n<\/tr>\n<tr style=\"height: 21px\">\n<td style=\"width: 18.5759%;height: 21px\">\u00a0<\/td>\n<td style=\"width: 81.4241%;height: 21px\">\u00a0<\/td>\n<\/tr>\n<\/tbody>\n<\/table>\n\n\n<p>Als u op de eerste paar vragen \u2018ja\u2019 hebt geantwoord, is het misschien nog te vroeg om over een tweede vraag na te denken.<\/p>\n\n\n\n<p>Als u de laatste twee vragen met \u2018ja\u2019 beantwoordt, is het misschien een goed idee om nog even te wachten met het plannen van een tweede zwangerschap.<\/p>\n\n\n\n<p>Naast deze overwegingen moeten ook andere factoren worden meegewogen, zoals de financi\u00eble situatie van het gezin, de mogelijkheden voor kinderopvang en professionele verantwoordelijkheden.<\/p>\n\n\n\n<p>Welke keuze u ook maakt, u weet dat elke ruimtekeuze voor de kinderen zijn eigen vreugde en uitdagingen met zich meebrengt. <\/p>\n\n\n\n<p>Als je bijvoorbeeld kinderen in de buurt hebt, kunnen we vanaf nu samen springen en tijd besparen met het zoeken naar activiteiten. Wees echter wel voorbereid op mogelijke rivaliteit tussen kinderen.<\/p>\n\n\n\n<p>Als u er daarentegen voor kiest om de gebeurtenissen meer te spreiden, heeft u het voordeel dat u zich meer op de afzonderlijke bestanden kunt concentreren.<\/p>\n\n\n\n<p>Kinderen uit verre gemeenschappen komen echter mogelijk niet zo dicht bij hun eigen plek. Er is dus geen garantie dat er minder conflicten zullen zijn.<\/p>\n\n\n\n<p>Kortom, de beslissing om een tweede kind te krijgen moet worden genomen op basis van de individuele omstandigheden en niet op basis van wat het beste is voor het gezin.<\/p>\n\n\n\n<h3 class=\"wp-block-heading\"><strong>Voorbereiding op de tweede zwangerschap<\/strong><\/h3>\n\n\n\n<p>Het is belangrijk om in goede conditie te zijn v\u00f3\u00f3r de tweede zwangerschap, en om je zorgen te maken over je gezondheid v\u00f3\u00f3r de komst van het eerste kind. <\/p>\n\n\n\n<p>Dit betekent niet dat u elke dag naar school hoeft (wat lastig kan zijn met een kleine baby), maar het betekent wel dat u uw lichaam de tijd moet geven om voldoende te herstellen van de eerste zwangerschap.<\/p>\n\n\n\n<p>Het American College of Obstetricians and Gynecologists (ACOG) adviseert om gewichtstoename in de eerste zes maanden na de bevalling te vermijden en bij voorkeur minstens 18 maanden te wachten. Dit is de tijd waarin het lichaam zich kan herstellen met vitamines en zich kan herstellen tot de ideale staat voor een nieuwe zwangerschap.<\/p>\n\n\n\n<p>Als u v\u00f3\u00f3r deze periode zwanger wilt worden, is het essentieel om dit met uw arts te bespreken. Als u goed eet, gezond bent en voldoende energie hebt voor een tweede zwangerschap, is er geen belemmering om uw tweede kind te krijgen wanneer u zich er klaar voor voelt.<\/p>\n\n\n<div class=\"wp-block-image\">\n<figure class=\"aligncenter size-full\"><img loading=\"lazy\" decoding=\"async\" width=\"960\" height=\"540\" src=\"http:\/\/universofamilia.com\/wp-content\/uploads\/sites\/148\/2023\/09\/P-UNIV-FAMILIA-Preparacao-para-a-Segunda-Gravidez-1.png\" alt=\"\" class=\"wp-image-3993\" srcset=\"https:\/\/universofamilia.com\/wp-content\/uploads\/sites\/148\/2023\/09\/P-UNIV-FAMILIA-Preparacao-para-a-Segunda-Gravidez-1.png 960w, https:\/\/universofamilia.com\/wp-content\/uploads\/sites\/148\/2023\/09\/P-UNIV-FAMILIA-Preparacao-para-a-Segunda-Gravidez-1-300x169.png 300w, https:\/\/universofamilia.com\/wp-content\/uploads\/sites\/148\/2023\/09\/P-UNIV-FAMILIA-Preparacao-para-a-Segunda-Gravidez-1-768x432.png 768w\" sizes=\"(max-width: 960px) 100vw, 960px\" \/><\/figure><\/div>\n\n\n<h3 class=\"wp-block-heading\"><strong>Tweede zwangerschap<\/strong><\/h3>\n\n\n\n<p>Elke zwangerschap is uniek, zelfs als het de tweede keer is dat je dit meemaakt. Net als bij tweede zwangerschappen zijn er fysiologische verschillen in relaties in de eerste termijn.<\/p>\n\n\n\n<p>Voordat we echter ingaan op de bijzonderheden van de groei van het tweede kind, is het noodzakelijk om opnieuw zwanger te worden.<\/p>\n\n\n\n<p>In sommige gezinnen verloopt de conceptie van een tweede kind net zo soepel als die van een eerste. Er kunnen zich echter ook obstakels voordoen die voor veel mensen een verrassing zijn.<\/p>\n\n\n\n<h3 class=\"wp-block-heading\"><strong>Omgaan met moeilijkheden tijdens een tweede zwangerschap<\/strong><\/h3>\n\n\n\n<p>Secundaire onvruchtbaarheid, dat ontstaat na haargroei zonder dat er kinderen zijn geboren, komt vaker voor dan u zou denken. <\/p>\n\n\n\n<p>Over het algemeen zijn de oorzaken vergelijkbaar met primaire onvruchtbaarheid, zoals leeftijd, gewicht en medische aandoeningen, waaronder endometriose, baarmoederfibromen of polycysteus-ovariumsyndroom.<\/p>\n\n\n\n<p>Om met deze situatie om te gaan, raden wij aan: <strong>raadpleeg een arts als u jonger bent dan 35<\/strong> Jarenlang heb ik geprobeerd en het is me na een jaar proberen niet gelukt om zwanger te worden. Als u ouder bent dan 35 jaar, moet het consult plaatsvinden na zes maanden vruchteloze pogingen.<\/p>\n\n\n\n<p>Ook baarmoederproblemen als gevolg van een zwangerschap of eerdere bevallingen kunnen bijdragen aan secundaire onvruchtbaarheid. <\/p>\n\n\n\n<p>Daarom is het belangrijk <strong>discuss isso com seu m\u00e9dico<\/strong> Voordat u weer probeert aan te komen. Zij kunnen uw kansen op een natuurlijke bevruchting beoordelen, adviseren over mogelijke risicofactoren en indien nodig vruchtbaarheidshulp bieden.<\/p>\n\n\n\n<h3 class=\"wp-block-heading\"><strong>Gezondheid tijdens de tweede zwangerschap<\/strong><\/h3>\n\n\n\n<p>Een tweede zwangerschap kan uw gezondheid op verschillende manieren be\u00efnvloeden en zowel uitdagingen als voordelen met zich meebrengen:<\/p>\n\n\n\n<ul>\n<li>De ervaring van het zorgen voor je eerste kind zorgt ervoor dat je tijdens je tweede zwangerschap fysiek actief blijft, waardoor je geen aparte oefeningen hoeft in te plannen.<\/li>\n\n\n\n<li>Het drukke leven met een sneller geboren kind betekent dat u waarschijnlijk minder tijd heeft om u zorgen te maken over zwangerschapssymptomen.<\/li>\n\n\n\n<li>Ze is al gewend aan het leven van haar moeder en zal daarom niet de schok voelen van de verandering in haar leven die plaatsvond bij haar eerste kind.<\/li>\n<\/ul>\n\n\n\n<h3 class=\"wp-block-heading\"><strong>Financieel management tijdens de tweede zwangerschap<\/strong><\/h3>\n\n\n\n<p>Bij het overwegen van een tweede dossier is het belangrijk om rekening te houden met de financi\u00eble gevolgen.<\/p>\n\n\n\n<p>Or\u00e7amento e Finan\u00e7as:<\/p>\n\n\n\n<ul>\n<li>Als je buitenshuis werkt, denk ik niet dat een tweede onbetaald zwangerschapsverlof financi\u00eble gevolgen heeft of dat je minder tijd aan de tweede baby hoeft te besteden.<\/li>\n\n\n\n<li>Als u huiseigenaar bent, wilt u na een tweede zwangerschap weer aan het werk.<\/li>\n\n\n\n<li>Controleer of er meer familieleden in uw huis wonen of dat u moet verhuizen naar een groter en duurder huis.<\/li>\n\n\n\n<li>Bedenk of u de babyaccessoires die u al hebt, zoals een ber\u00e7o, ketting en kinderwagen, opnieuw kunt gebruiken. Anders moet u een tweede set kopen.<\/li>\n\n\n\n<li>Er is een tweede bestand na extra gewichten, ongeacht de geselecteerde tijd.<\/li>\n<\/ul>\n\n\n\n<p>Wij raden u aan om samen met uw partner een voorlopig familiedocument op te stellen, waarin u kunt vastleggen wat wij op korte en lange termijn financieel kunnen ondersteunen.<\/p>\n\n\n\n<p>Weet dat er geen perfect moment bestaat en dat de beslissing genomen moet worden op basis van de wensen en behoeften van uw gezin dat uit drie of vier personen bestaat.<\/p>\n\n\n\n<blockquote class=\"wp-block-quote\">\n<h5 class=\"wp-block-heading\"><em>Opmerkingen: De materialen en informatie op de Universo Fam\u00edlia-pagina zijn niet bedoeld voor medische diagnose en mogen ook niet als zodanig worden gebruikt. <strong>U dient altijd een arts of een gekwalificeerde zorgverlener te raadplegen over uw werkelijke behoeften.<\/strong>.<\/em><\/h5>\n<\/blockquote>\n\n\n<table style=\"border-collapse: collapse;width: 100%;height: 96px\">\n<tbody>\n<tr style=\"height: 96px\">\n<td style=\"width: 10.1223%;height: 96px\"><a href=\"https:\/\/www.luzbaby.com.br\/\" target=\"_blank\" rel=\"noopener\"><img loading=\"lazy\" decoding=\"async\" class=\"alignnone wp-image-3747\" src=\"http:\/\/universofamilia.com\/wp-content\/uploads\/sites\/148\/2023\/09\/Design-sem-nome-3-300x300.png\" alt=\"\" width=\"106\" height=\"106\" srcset=\"https:\/\/universofamilia.com\/wp-content\/uploads\/sites\/148\/2023\/09\/Design-sem-nome-3-300x300.png 300w, https:\/\/universofamilia.com\/wp-content\/uploads\/sites\/148\/2023\/09\/Design-sem-nome-3-150x150.png 150w, https:\/\/universofamilia.com\/wp-content\/uploads\/sites\/148\/2023\/09\/Design-sem-nome-3.png 315w\" sizes=\"(max-width: 106px) 100vw, 106px\" \/><\/a><\/td>\n<td style=\"width: 89.5168%;height: 96px\">\n<h4><span style=\"color: #000000\"><strong><a style=\"color: #000000\" href=\"https:\/\/www.luzbaby.com.br\/\" target=\"_blank\" rel=\"noreferrer noopener\">Conhe\u00e7a Luz Baby, een van de beste kinderwinkels.<\/a><\/strong><\/span><\/h4>\n<\/td>\n<\/tr>\n<\/tbody>\n<\/table>","protected":false},"excerpt":{"rendered":"<p>Voorbereiding op een tweede zwangerschap. Vraag je je af of je klaar bent voor je tweede film? Hier zijn enkele positieve en negatieve aspecten waar je rekening mee moet houden bij het plannen van je tweede zwangerschap. Stap voor stap: Het lijkt erop dat ik me altijd meer kinderen voorstel, of dat ik onlangs het idee had om mijn [\u2026]<\/p>","protected":false},"author":139,"featured_media":3995,"comment_status":"closed","ping_status":"open","sticky":false,"template":"","format":"standard","meta":{"footnotes":""},"categories":[5],"tags":[],"yoast_head":"<!-- This site is optimized with the Yoast SEO plugin v23.3 - https:\/\/yoast.com\/wordpress\/plugins\/seo\/ -->\n<title>Prepara\u00e7\u00e3o para a Segunda Gravidez - Universo Fam\u00edlia<\/title>\n<meta name=\"description\" content=\"Prepara\u00e7\u00e3o para a segunda gravidez. Est\u00e1 pensando se est\u00e1 preparada (o) para ter o segundo filho? Aqui est\u00e3o alguns aspectos positivos e negativos que voc\u00ea\" \/>\n<meta name=\"robots\" content=\"index, follow, max-snippet:-1, max-image-preview:large, max-video-preview:-1\" \/>\n<link rel=\"canonical\" href=\"https:\/\/universofamilia.com\/nl\/\u09a6\u09cd\u09ac\u09bf\u09a4\u09c0\u09af\u09bc-\u0997\u09b0\u09cd\u09ad\u09be\u09ac\u09b8\u09cd\u09a5\u09be\u09b0-\u09aa\u09cd\u09b0\/\" \/>\n<meta property=\"og:locale\" content=\"nl_NL\" \/>\n<meta property=\"og:type\" content=\"article\" \/>\n<meta property=\"og:title\" content=\"Prepara\u00e7\u00e3o para a Segunda Gravidez - Universo Fam\u00edlia\" \/>\n<meta property=\"og:description\" content=\"Prepara\u00e7\u00e3o para a segunda gravidez. Est\u00e1 pensando se est\u00e1 preparada (o) para ter o segundo filho? Aqui est\u00e3o alguns aspectos positivos e negativos que voc\u00ea\" \/>\n<meta property=\"og:url\" content=\"https:\/\/universofamilia.com\/nl\/\u09a6\u09cd\u09ac\u09bf\u09a4\u09c0\u09af\u09bc-\u0997\u09b0\u09cd\u09ad\u09be\u09ac\u09b8\u09cd\u09a5\u09be\u09b0-\u09aa\u09cd\u09b0\/\" \/>\n<meta property=\"og:site_name\" content=\"Universo Fam\u00edlia\" \/>\n<meta property=\"article:published_time\" content=\"2023-09-22T14:46:13+00:00\" \/>\n<meta property=\"article:modified_time\" content=\"2025-01-28T14:25:30+00:00\" \/>\n<meta property=\"og:image\" content=\"https:\/\/universofamilia.com\/wp-content\/uploads\/sites\/148\/2023\/09\/D-UNIVERSO-FAMILIA-Preparacao-para-a-Segunda-Gravidez.png\" \/>\n\t<meta property=\"og:image:width\" content=\"448\" \/>\n\t<meta property=\"og:image:height\" content=\"350\" \/>\n\t<meta property=\"og:image:type\" content=\"image\/png\" \/>\n<meta name=\"author\" content=\"Pedro Henrique\" \/>\n<meta name=\"twitter:card\" content=\"summary_large_image\" \/>\n<meta name=\"twitter:label1\" content=\"Written by\" \/>\n\t<meta name=\"twitter:data1\" content=\"Pedro Henrique\" \/>\n\t<meta name=\"twitter:label2\" content=\"Est. reading time\" \/>\n\t<meta name=\"twitter:data2\" content=\"8 minuten\" \/>\n<script type=\"application\/ld+json\" class=\"yoast-schema-graph\">{\"@context\":\"https:\/\/schema.org\",\"@graph\":[{\"@type\":\"WebPage\",\"@id\":\"https:\/\/universofamilia.com\/bn\/\u09a6\u09cd\u09ac\u09bf\u09a4\u09c0\u09af\u09bc-\u0997\u09b0\u09cd\u09ad\u09be\u09ac\u09b8\u09cd\u09a5\u09be\u09b0-\u09aa\u09cd\u09b0\/\",\"url\":\"https:\/\/universofamilia.com\/bn\/\u09a6\u09cd\u09ac\u09bf\u09a4\u09c0\u09af\u09bc-\u0997\u09b0\u09cd\u09ad\u09be\u09ac\u09b8\u09cd\u09a5\u09be\u09b0-\u09aa\u09cd\u09b0\/\",\"name\":\"Prepara\u00e7\u00e3o para a Segunda Gravidez - Universo Fam\u00edlia\",\"isPartOf\":{\"@id\":\"https:\/\/universofamilia.com\/el\/#website\"},\"primaryImageOfPage\":{\"@id\":\"https:\/\/universofamilia.com\/bn\/\u09a6\u09cd\u09ac\u09bf\u09a4\u09c0\u09af\u09bc-\u0997\u09b0\u09cd\u09ad\u09be\u09ac\u09b8\u09cd\u09a5\u09be\u09b0-\u09aa\u09cd\u09b0\/#primaryimage\"},\"image\":{\"@id\":\"https:\/\/universofamilia.com\/bn\/\u09a6\u09cd\u09ac\u09bf\u09a4\u09c0\u09af\u09bc-\u0997\u09b0\u09cd\u09ad\u09be\u09ac\u09b8\u09cd\u09a5\u09be\u09b0-\u09aa\u09cd\u09b0\/#primaryimage\"},\"thumbnailUrl\":\"https:\/\/universofamilia.com\/wp-content\/uploads\/sites\/148\/2023\/09\/D-UNIVERSO-FAMILIA-Preparacao-para-a-Segunda-Gravidez.png\",\"datePublished\":\"2023-09-22T14:46:13+00:00\",\"dateModified\":\"2025-01-28T14:25:30+00:00\",\"author\":{\"@id\":\"https:\/\/universofamilia.com\/el\/#\/schema\/person\/f07ce98187dd84d31154262e79b3b7ca\"},\"description\":\"Prepara\u00e7\u00e3o para a segunda gravidez. Est\u00e1 pensando se est\u00e1 preparada (o) para ter o segundo filho? Aqui est\u00e3o alguns aspectos positivos e negativos que voc\u00ea\",\"breadcrumb\":{\"@id\":\"https:\/\/universofamilia.com\/bn\/\u09a6\u09cd\u09ac\u09bf\u09a4\u09c0\u09af\u09bc-\u0997\u09b0\u09cd\u09ad\u09be\u09ac\u09b8\u09cd\u09a5\u09be\u09b0-\u09aa\u09cd\u09b0\/#breadcrumb\"},\"inLanguage\":\"nl\",\"potentialAction\":[{\"@type\":\"ReadAction\",\"target\":[\"https:\/\/universofamilia.com\/bn\/\u09a6\u09cd\u09ac\u09bf\u09a4\u09c0\u09af\u09bc-\u0997\u09b0\u09cd\u09ad\u09be\u09ac\u09b8\u09cd\u09a5\u09be\u09b0-\u09aa\u09cd\u09b0\/\"]}]},{\"@type\":\"ImageObject\",\"inLanguage\":\"nl\",\"@id\":\"https:\/\/universofamilia.com\/bn\/\u09a6\u09cd\u09ac\u09bf\u09a4\u09c0\u09af\u09bc-\u0997\u09b0\u09cd\u09ad\u09be\u09ac\u09b8\u09cd\u09a5\u09be\u09b0-\u09aa\u09cd\u09b0\/#primaryimage\",\"url\":\"https:\/\/universofamilia.com\/wp-content\/uploads\/sites\/148\/2023\/09\/D-UNIVERSO-FAMILIA-Preparacao-para-a-Segunda-Gravidez.png\",\"contentUrl\":\"https:\/\/universofamilia.com\/wp-content\/uploads\/sites\/148\/2023\/09\/D-UNIVERSO-FAMILIA-Preparacao-para-a-Segunda-Gravidez.png\",\"width\":448,\"height\":350},{\"@type\":\"BreadcrumbList\",\"@id\":\"https:\/\/universofamilia.com\/bn\/\u09a6\u09cd\u09ac\u09bf\u09a4\u09c0\u09af\u09bc-\u0997\u09b0\u09cd\u09ad\u09be\u09ac\u09b8\u09cd\u09a5\u09be\u09b0-\u09aa\u09cd\u09b0\/#breadcrumb\",\"itemListElement\":[{\"@type\":\"ListItem\",\"position\":1,\"name\":\"Home\",\"item\":\"https:\/\/universofamilia.com\/el\/\"},{\"@type\":\"ListItem\",\"position\":2,\"name\":\"Prepara\u00e7\u00e3o para a Segunda Gravidez\"}]},{\"@type\":\"WebSite\",\"@id\":\"https:\/\/universofamilia.com\/el\/#website\",\"url\":\"https:\/\/universofamilia.com\/el\/\",\"name\":\"Universo Fam\u00edlia\",\"description\":\"\",\"potentialAction\":[{\"@type\":\"SearchAction\",\"target\":{\"@type\":\"EntryPoint\",\"urlTemplate\":\"https:\/\/universofamilia.com\/el\/?s={search_term_string}\"},\"query-input\":\"required name=search_term_string\"}],\"inLanguage\":\"nl\"},{\"@type\":\"Person\",\"@id\":\"https:\/\/universofamilia.com\/el\/#\/schema\/person\/f07ce98187dd84d31154262e79b3b7ca\",\"name\":\"Pedro Henrique\",\"image\":{\"@type\":\"ImageObject\",\"inLanguage\":\"nl\",\"@id\":\"https:\/\/universofamilia.com\/el\/#\/schema\/person\/image\/\",\"url\":\"https:\/\/secure.gravatar.com\/avatar\/9edfeb808cb4e1599f64d6e45b130154?s=96&d=mm&r=g\",\"contentUrl\":\"https:\/\/secure.gravatar.com\/avatar\/9edfeb808cb4e1599f64d6e45b130154?s=96&d=mm&r=g\",\"caption\":\"Pedro Henrique\"},\"url\":\"https:\/\/universofamilia.com\/nl\/author\/editor01\/\"}]}<\/script>\n<!-- \/ Yoast SEO plugin. -->","yoast_head_json":{"title":"Prepara\u00e7\u00e3o para a Segunda Gravidez - Universo Fam\u00edlia","description":"Prepara\u00e7\u00e3o para a segunda gravidez. Est\u00e1 pensando se est\u00e1 preparada (o) para ter o segundo filho? Aqui est\u00e3o alguns aspectos positivos e negativos que voc\u00ea","robots":{"index":"index","follow":"follow","max-snippet":"max-snippet:-1","max-image-preview":"max-image-preview:large","max-video-preview":"max-video-preview:-1"},"canonical":"https:\/\/universofamilia.com\/nl\/\u09a6\u09cd\u09ac\u09bf\u09a4\u09c0\u09af\u09bc-\u0997\u09b0\u09cd\u09ad\u09be\u09ac\u09b8\u09cd\u09a5\u09be\u09b0-\u09aa\u09cd\u09b0\/","og_locale":"nl_NL","og_type":"article","og_title":"Prepara\u00e7\u00e3o para a Segunda Gravidez - Universo Fam\u00edlia","og_description":"Prepara\u00e7\u00e3o para a segunda gravidez. Est\u00e1 pensando se est\u00e1 preparada (o) para ter o segundo filho? Aqui est\u00e3o alguns aspectos positivos e negativos que voc\u00ea","og_url":"https:\/\/universofamilia.com\/nl\/\u09a6\u09cd\u09ac\u09bf\u09a4\u09c0\u09af\u09bc-\u0997\u09b0\u09cd\u09ad\u09be\u09ac\u09b8\u09cd\u09a5\u09be\u09b0-\u09aa\u09cd\u09b0\/","og_site_name":"Universo Fam\u00edlia","article_published_time":"2023-09-22T14:46:13+00:00","article_modified_time":"2025-01-28T14:25:30+00:00","og_image":[{"width":448,"height":350,"url":"https:\/\/universofamilia.com\/wp-content\/uploads\/sites\/148\/2023\/09\/D-UNIVERSO-FAMILIA-Preparacao-para-a-Segunda-Gravidez.png","type":"image\/png"}],"author":"Pedro Henrique","twitter_card":"summary_large_image","twitter_misc":{"Written by":"Pedro Henrique","Est. reading time":"8 minuten"},"schema":{"@context":"https:\/\/schema.org","@graph":[{"@type":"WebPage","@id":"https:\/\/universofamilia.com\/bn\/\u09a6\u09cd\u09ac\u09bf\u09a4\u09c0\u09af\u09bc-\u0997\u09b0\u09cd\u09ad\u09be\u09ac\u09b8\u09cd\u09a5\u09be\u09b0-\u09aa\u09cd\u09b0\/","url":"https:\/\/universofamilia.com\/bn\/\u09a6\u09cd\u09ac\u09bf\u09a4\u09c0\u09af\u09bc-\u0997\u09b0\u09cd\u09ad\u09be\u09ac\u09b8\u09cd\u09a5\u09be\u09b0-\u09aa\u09cd\u09b0\/","name":"Prepara\u00e7\u00e3o para a Segunda Gravidez - Universo Fam\u00edlia","isPartOf":{"@id":"https:\/\/universofamilia.com\/el\/#website"},"primaryImageOfPage":{"@id":"https:\/\/universofamilia.com\/bn\/\u09a6\u09cd\u09ac\u09bf\u09a4\u09c0\u09af\u09bc-\u0997\u09b0\u09cd\u09ad\u09be\u09ac\u09b8\u09cd\u09a5\u09be\u09b0-\u09aa\u09cd\u09b0\/#primaryimage"},"image":{"@id":"https:\/\/universofamilia.com\/bn\/\u09a6\u09cd\u09ac\u09bf\u09a4\u09c0\u09af\u09bc-\u0997\u09b0\u09cd\u09ad\u09be\u09ac\u09b8\u09cd\u09a5\u09be\u09b0-\u09aa\u09cd\u09b0\/#primaryimage"},"thumbnailUrl":"https:\/\/universofamilia.com\/wp-content\/uploads\/sites\/148\/2023\/09\/D-UNIVERSO-FAMILIA-Preparacao-para-a-Segunda-Gravidez.png","datePublished":"2023-09-22T14:46:13+00:00","dateModified":"2025-01-28T14:25:30+00:00","author":{"@id":"https:\/\/universofamilia.com\/el\/#\/schema\/person\/f07ce98187dd84d31154262e79b3b7ca"},"description":"Prepara\u00e7\u00e3o para a segunda gravidez. Est\u00e1 pensando se est\u00e1 preparada (o) para ter o segundo filho? Aqui est\u00e3o alguns aspectos positivos e negativos que voc\u00ea","breadcrumb":{"@id":"https:\/\/universofamilia.com\/bn\/\u09a6\u09cd\u09ac\u09bf\u09a4\u09c0\u09af\u09bc-\u0997\u09b0\u09cd\u09ad\u09be\u09ac\u09b8\u09cd\u09a5\u09be\u09b0-\u09aa\u09cd\u09b0\/#breadcrumb"},"inLanguage":"nl","potentialAction":[{"@type":"ReadAction","target":["https:\/\/universofamilia.com\/bn\/\u09a6\u09cd\u09ac\u09bf\u09a4\u09c0\u09af\u09bc-\u0997\u09b0\u09cd\u09ad\u09be\u09ac\u09b8\u09cd\u09a5\u09be\u09b0-\u09aa\u09cd\u09b0\/"]}]},{"@type":"ImageObject","inLanguage":"nl","@id":"https:\/\/universofamilia.com\/bn\/\u09a6\u09cd\u09ac\u09bf\u09a4\u09c0\u09af\u09bc-\u0997\u09b0\u09cd\u09ad\u09be\u09ac\u09b8\u09cd\u09a5\u09be\u09b0-\u09aa\u09cd\u09b0\/#primaryimage","url":"https:\/\/universofamilia.com\/wp-content\/uploads\/sites\/148\/2023\/09\/D-UNIVERSO-FAMILIA-Preparacao-para-a-Segunda-Gravidez.png","contentUrl":"https:\/\/universofamilia.com\/wp-content\/uploads\/sites\/148\/2023\/09\/D-UNIVERSO-FAMILIA-Preparacao-para-a-Segunda-Gravidez.png","width":448,"height":350},{"@type":"BreadcrumbList","@id":"https:\/\/universofamilia.com\/bn\/\u09a6\u09cd\u09ac\u09bf\u09a4\u09c0\u09af\u09bc-\u0997\u09b0\u09cd\u09ad\u09be\u09ac\u09b8\u09cd\u09a5\u09be\u09b0-\u09aa\u09cd\u09b0\/#breadcrumb","itemListElement":[{"@type":"ListItem","position":1,"name":"Home","item":"https:\/\/universofamilia.com\/el\/"},{"@type":"ListItem","position":2,"name":"Prepara\u00e7\u00e3o para a Segunda Gravidez"}]},{"@type":"WebSite","@id":"https:\/\/universofamilia.com\/el\/#website","url":"https:\/\/universofamilia.com\/el\/","name":"Universo Fam\u00edlia","description":"","potentialAction":[{"@type":"SearchAction","target":{"@type":"EntryPoint","urlTemplate":"https:\/\/universofamilia.com\/el\/?s={search_term_string}"},"query-input":"required name=search_term_string"}],"inLanguage":"nl"},{"@type":"Person","@id":"https:\/\/universofamilia.com\/el\/#\/schema\/person\/f07ce98187dd84d31154262e79b3b7ca","name":"Pedro Henrique","image":{"@type":"ImageObject","inLanguage":"nl","@id":"https:\/\/universofamilia.com\/el\/#\/schema\/person\/image\/","url":"https:\/\/secure.gravatar.com\/avatar\/9edfeb808cb4e1599f64d6e45b130154?s=96&d=mm&r=g","contentUrl":"https:\/\/secure.gravatar.com\/avatar\/9edfeb808cb4e1599f64d6e45b130154?s=96&d=mm&r=g","caption":"Pedro Henrique"},"url":"https:\/\/universofamilia.com\/nl\/author\/editor01\/"}]}},"_links":{"self":[{"href":"https:\/\/universofamilia.com\/nl\/wp-json\/wp\/v2\/posts\/3989"}],"collection":[{"href":"https:\/\/universofamilia.com\/nl\/wp-json\/wp\/v2\/posts"}],"about":[{"href":"https:\/\/universofamilia.com\/nl\/wp-json\/wp\/v2\/types\/post"}],"author":[{"embeddable":true,"href":"https:\/\/universofamilia.com\/nl\/wp-json\/wp\/v2\/users\/139"}],"replies":[{"embeddable":true,"href":"https:\/\/universofamilia.com\/nl\/wp-json\/wp\/v2\/comments?post=3989"}],"version-history":[{"count":1,"href":"https:\/\/universofamilia.com\/nl\/wp-json\/wp\/v2\/posts\/3989\/revisions"}],"predecessor-version":[{"id":8401,"href":"https:\/\/universofamilia.com\/nl\/wp-json\/wp\/v2\/posts\/3989\/revisions\/8401"}],"wp:featuredmedia":[{"embeddable":true,"href":"https:\/\/universofamilia.com\/nl\/wp-json\/wp\/v2\/media\/3995"}],"wp:attachment":[{"href":"https:\/\/universofamilia.com\/nl\/wp-json\/wp\/v2\/media?parent=3989"}],"wp:term":[{"taxonomy":"category","embeddable":true,"href":"https:\/\/universofamilia.com\/nl\/wp-json\/wp\/v2\/categories?post=3989"},{"taxonomy":"post_tag","embeddable":true,"href":"https:\/\/universofamilia.com\/nl\/wp-json\/wp\/v2\/tags?post=3989"}],"curies":[{"name":"wp","href":"https:\/\/api.w.org\/{rel}","templated":true}]}}