{"id":10068,"date":"2025-10-13T12:28:29","date_gmt":"2025-10-13T15:28:29","guid":{"rendered":"https:\/\/universofamilia.com\/?p=10068"},"modified":"2025-10-13T18:26:17","modified_gmt":"2025-10-13T21:26:17","slug":"crisis-climatica-global","status":"publish","type":"post","link":"https:\/\/universofamilia.com\/pl\/crisis-climatica-global\/","title":{"rendered":"Globalny kryzys klimatyczny: skutki, kt\u00f3re ju\u017c dotykaj\u0105 miliony ludzi"},"content":{"rendered":"<p class=\"has-text-align-center\">Ten <strong>Globalny kryzys klimatyczny: skutki, kt\u00f3re ju\u017c dotykaj\u0105 miliony ludzi<\/strong> sta\u0142o si\u0119 jednym z najpilniejszych wyzwa\u0144 XXI wieku.<\/p>\n\n\n\n<figure class=\"wp-block-gallery aligncenter has-nested-images columns-default is-cropped wp-block-gallery-1 is-layout-flex wp-block-gallery-is-layout-flex\">\n<figure class=\"wp-block-image size-full\"><img loading=\"lazy\" decoding=\"async\" width=\"450\" height=\"250\" data-id=\"10070\" src=\"https:\/\/universofamilia.com\/wp-content\/uploads\/sites\/148\/2025\/10\/Destaque-Novo-Universo-1.jpg\" alt=\"\" class=\"wp-image-10070\" srcset=\"https:\/\/universofamilia.com\/wp-content\/uploads\/sites\/148\/2025\/10\/Destaque-Novo-Universo-1.jpg 450w, https:\/\/universofamilia.com\/wp-content\/uploads\/sites\/148\/2025\/10\/Destaque-Novo-Universo-1-300x167.jpg 300w, https:\/\/universofamilia.com\/wp-content\/uploads\/sites\/148\/2025\/10\/Destaque-Novo-Universo-1-18x10.jpg 18w\" sizes=\"(max-width: 450px) 100vw, 450px\" \/><figcaption class=\"wp-element-caption\">CANVA<\/figcaption><\/figure>\n<\/figure>\n\n\n\n<p>D\u0142ugotrwa\u0142e susze, ekstremalne fale upa\u0142\u00f3w, po\u017cary las\u00f3w, przyspieszone topnienie lodu i masowe migracje to tylko niekt\u00f3re z widocznych skutk\u00f3w.<br><strong>Streszczenie:<\/strong><\/p>\n\n\n\n<ol>\n<li>Co naprawd\u0119 oznacza globalny kryzys klimatyczny<\/li>\n\n\n\n<li>Jak to wp\u0142ywa na miliony ludzi na ca\u0142ym \u015bwiecie<\/li>\n\n\n\n<li>Najbardziej nara\u017cone sektory: s\u0142u\u017cba zdrowia, gospodarka i bezpiecze\u0144stwo \u017cywno\u015bciowe<\/li>\n\n\n\n<li>Aktualne i rzeczywiste przyk\u0142ady wp\u0142ywu na klimat<\/li>\n\n\n\n<li>Co jest robione i co jeszcze powinno by\u0107 zrobione<\/li>\n\n\n\n<li>Wnioski i cz\u0119sto zadawane pytania<\/li>\n<\/ol>\n\n\n\n<h3 class=\"wp-block-heading\"><strong>Co tak naprawd\u0119 oznacza globalny kryzys klimatyczny?<\/strong><\/h3>\n\n\n\n<p>Ten <strong>Globalny kryzys klimatyczny: jego skutki dotykaj\u0105 ju\u017c miliony ludzi<\/strong> Nie chodzi tu tylko o wzrost temperatury.<\/p>\n\n\n\n<p>Jest to zjawisko systemowe, kt\u00f3re zmienia ekosystemy, gospodarki i ca\u0142e spo\u0142eczno\u015bci. Wed\u0142ug <em>Mi\u0119dzyrz\u0105dowy Zesp\u00f3\u0142 ds. Zmian Klimatu (IPCC)<\/em>planeta przekroczy\u0142a ju\u017c \u015bredni wzrost <strong>1,2 \u00b0C<\/strong> w por\u00f3wnaniu do epoki przedindustrialnej.<\/p>\n\n\n\n<p>Cho\u0107 zmiana ta mo\u017ce wydawa\u0107 si\u0119 niewielka, zmieni\u0142a rozk\u0142ad opad\u00f3w, nasili\u0142a huragany i zmniejszy\u0142a dost\u0119pno\u015b\u0107 \u015bwie\u017cej wody.<\/p>\n\n\n\n<p>Aby to zrozumie\u0107, wystarczy wyobrazi\u0107 sobie Ziemi\u0119 jako ludzkie cia\u0142o: gor\u0105czka o jeden stopie\u0144 mo\u017ce wydawa\u0107 si\u0119 niewielka, ale gdy utrzymuje si\u0119 na sta\u0142ym poziomie, os\u0142abia wszystkie niezb\u0119dne systemy.<\/p>\n\n\n\n<p>To jest w\u0142a\u015bnie analogia, kt\u00f3ra wyja\u015bnia obecn\u0105 nier\u00f3wnowag\u0119 klimatyczn\u0105.<\/p>\n\n\n\n<h3 class=\"wp-block-heading\"><strong>Miliony ludzi ju\u017c \u017cyj\u0105 z konsekwencjami.<\/strong> <strong>globalnego kryzysu klimatycznego<\/strong><\/h3>\n\n\n\n<p>W roku 2025 reperkusje te nie b\u0119d\u0105 ju\u017c dotyczy\u0107 przysz\u0142o\u015bci. <\/p>\n\n\n\n<p>Organizacja Narod\u00f3w Zjednoczonych szacuje, \u017ce <strong>ponad 3,6 miliarda ludzi<\/strong> \u017cyj\u0105 w regionach wysoce podatnych na zmiany klimatyczne.<\/p>\n\n\n\n<p>Miasta takie jak Meksyk, S\u00e3o Paulo i Lima zmagaj\u0105 si\u0119 z falami upa\u0142\u00f3w przekraczaj\u0105cymi 40\u00b0C, kt\u00f3rym towarzysz\u0105 ograniczenia w dost\u0119pie do wody.<\/p>\n\n\n\n<p>Obszary wiejskie borykaj\u0105 si\u0119 z jeszcze wi\u0119kszymi problemami: nieurodzaj i pustynnienie zmuszaj\u0105 ca\u0142e rodziny do opuszczenia swoich ziem.<\/p>\n\n\n\n<p>W Afryce Subsaharyjskiej ca\u0142e spo\u0142eczno\u015bci przemieszczaj\u0105 si\u0119 w poszukiwaniu po\u017cywienia i wody; w Ameryce \u015arodkowej migracje klimatyczne staj\u0105 si\u0119 cich\u0105, ale sta\u0142\u0105 rzeczywisto\u015bci\u0105.<\/p>\n\n\n\n<h3 class=\"wp-block-heading\"><strong>Wp\u0142yw na zdrowie, gospodark\u0119 i od\u017cywianie<\/strong><\/h3>\n\n\n\n<p>Globalne ocieplenie ju\u017c teraz ma odczuwalne konsekwencje dla zdrowia publicznego.<\/p>\n\n\n\n<p>\u015awiatowa Organizacja Zdrowia ostrzega, \u017ce choroby przenoszone przez komary, takie jak denga i Zika, rozszerzaj\u0105 sw\u00f3j zasi\u0119g geograficzny.<\/p>\n\n\n\n<p>Z drugiej strony szpitale zmagaj\u0105 si\u0119 ze wzrostem liczby przypadk\u00f3w odwodnienia i wyczerpania cieplnego, zw\u0142aszcza w\u015br\u00f3d os\u00f3b starszych i dzieci.<\/p>\n\n\n\n<p>Gospodarka nie jest wyj\u0105tkiem od tej rzeczywisto\u015bci. Badanie przeprowadzone przez <em>Bank \u015awiatowy<\/em> z 2024 r. ujawni\u0142y, \u017ce straty gospodarcze zwi\u0105zane z kl\u0119skami \u017cywio\u0142owymi osi\u0105gn\u0119\u0142y poziom ponad <strong>380 miliard\u00f3w dolar\u00f3w rocznie<\/strong>.<\/p>\n\n\n\n<p>Najbardziej ucierpia\u0142y sektory turystyki, rolnictwa i rybo\u0142\u00f3wstwa.<\/p>\n\n\n\n<p>Je\u015bli chodzi o bezpiecze\u0144stwo \u017cywno\u015bciowe, zmiany w strukturze opad\u00f3w i wzrost liczby szkodnik\u00f3w w rolnictwie stanowi\u0105 zagro\u017cenie dla produkcji podstawowych zb\u00f3\u017c.<\/p>\n\n\n\n<p>Na przyk\u0142ad w Meksyku w ostatnich latach plony kukurydzy spad\u0142y o 15 % z powodu przed\u0142u\u017caj\u0105cej si\u0119 suszy, zgodnie z danymi <em>FAO<\/em>.<\/p>\n\n\n\n<figure class=\"wp-block-table\"><table><thead><tr><th><strong>Wp\u0142yw klimatu (2025)<\/strong><\/th><th><strong>Najbardziej dotkni\u0119ty region<\/strong><\/th><th><strong>G\u0142\u00f3wna konsekwencja<\/strong><\/th><\/tr><\/thead><tbody><tr><td>D\u0142ugotrwa\u0142e susze<\/td><td>Ameryka \u0141aci\u0144ska i Afryka<\/td><td>Niedobory wody i straty plon\u00f3w<\/td><\/tr><tr><td>Ekstremalne fale upa\u0142\u00f3w<\/td><td>Europa i Ameryka P\u00f3\u0142nocna<\/td><td>Wzrost zachorowa\u0144 na choroby uk\u0142adu oddechowego<\/td><\/tr><tr><td>Powodzie i burze<\/td><td>Azja i Pacyfik<\/td><td>Przemieszczenia i uszkodzenia infrastruktury<\/td><\/tr><tr><td>Topnienie polarne<\/td><td>Arktyka i Antarktyda<\/td><td>Rosn\u0105cy poziom m\u00f3rz<\/td><\/tr><\/tbody><\/table><figcaption class=\"wp-element-caption\">Globalny kryzys klimatyczny: skutki, kt\u00f3re ju\u017c dotykaj\u0105 miliony ludzi<\/figcaption><\/figure>\n\n\n\n<figure class=\"wp-block-gallery aligncenter has-nested-images columns-default is-cropped wp-block-gallery-2 is-layout-flex wp-block-gallery-is-layout-flex\">\n<figure class=\"wp-block-image size-full\"><img loading=\"lazy\" decoding=\"async\" width=\"450\" height=\"250\" data-id=\"10071\" src=\"https:\/\/universofamilia.com\/wp-content\/uploads\/sites\/148\/2025\/10\/Destaque-Novo-Universo-1-1.jpg\" alt=\"\" class=\"wp-image-10071\" srcset=\"https:\/\/universofamilia.com\/wp-content\/uploads\/sites\/148\/2025\/10\/Destaque-Novo-Universo-1-1.jpg 450w, https:\/\/universofamilia.com\/wp-content\/uploads\/sites\/148\/2025\/10\/Destaque-Novo-Universo-1-1-300x167.jpg 300w, https:\/\/universofamilia.com\/wp-content\/uploads\/sites\/148\/2025\/10\/Destaque-Novo-Universo-1-1-18x10.jpg 18w\" sizes=\"(max-width: 450px) 100vw, 450px\" \/><figcaption class=\"wp-element-caption\">CANVA<\/figcaption><\/figure>\n<\/figure>\n\n\n\n<p>Czytaj wi\u0119cej:&nbsp;<a href=\"https:\/\/universofamilia.com\/pl\/los-paises-mas-avanzados-en-regulacion-de-ia-en-2025\/\">Najbardziej zaawansowane kraje w zakresie regulacji dotycz\u0105cych sztucznej inteligencji w 2025 r.<\/a><\/p>\n\n\n\n<h3 class=\"wp-block-heading\"><strong>Dwa przyk\u0142ady pokazuj\u0105ce powag\u0119 sprawy<\/strong><\/h3>\n\n\n\n<p><strong>Przyk\u0142ad 1:<\/strong> W 2024 roku miasto \u0106ennaj w Indiach przez wiele tygodni by\u0142o pozbawione wody pitnej.<\/p>\n\n\n\n<p>Przyczyna: po\u0142\u0105czenie intensywnych susz i nieefektywnego zarz\u0105dzania zasobami.<\/p>\n\n\n\n<p>To, co zacz\u0119\u0142o si\u0119 jako problem lokalny, sta\u0142o si\u0119 globalnym ostrze\u017ceniem o ryzyku zawalenia si\u0119 du\u017cych miast.<\/p>\n\n\n\n<p><strong>Przyk\u0142ad 2:<\/strong> Mieszka\u0144cy meksyka\u0144skiego stanu Chiapas donosz\u0105, \u017ce w ci\u0105gu ostatniej dekady nast\u0105pi\u0142y drastyczne zmiany w rozk\u0142adzie opad\u00f3w.<\/p>\n\n\n\n<p>Tradycyjni plantatorzy kawy niejednokrotnie do\u015bwiadczyli nieurodzaju, co zmusi\u0142o ich do przeniesienia si\u0119 na tereny wy\u017cej po\u0142o\u017cone lub zaj\u0119cia si\u0119 innymi uprawami.<\/p>\n\n\n\n<p>Przypadki te ilustruj\u0105, jak <strong>Globalny kryzys klimatyczny: jego skutki dotykaj\u0105 ju\u017c miliony ludzi<\/strong> Nie jest to zjawisko odleg\u0142e ani teoretyczne: zmienia ono codzienne realia.<\/p>\n\n\n\n<h3 class=\"wp-block-heading\"><strong>Co jest robione, aby ograniczy\u0107 wp\u0142yw<\/strong><\/h3>\n\n\n\n<p>Na szczeblu mi\u0119dzynarodowym porozumienia klimatyczne maj\u0105 na celu powstrzymanie globalnego ocieplenia.<\/p>\n\n\n\n<p>On <em>Porozumienie paryskie<\/em> pozostaje ram\u0105 odniesienia, chocia\u017c zobowi\u0105zania krajowe s\u0105 wci\u0105\u017c niewystarczaj\u0105ce. <\/p>\n\n\n\n<p>W <em>COP29<\/em>, kt\u00f3ra odb\u0119dzie si\u0119 w 2024 r., pa\u0144stwa zostan\u0105 wezwane do zmniejszenia emisji o 45% do 2030 r.<\/p>\n\n\n\n<p>Jednak wyniki s\u0105 mieszane: podczas gdy Unia Europejska przechodzi na energi\u0119 odnawialn\u0105, inne regiony nadal polegaj\u0105 na w\u0119glu i ropie naftowej.<\/p>\n\n\n\n<p>W Ameryce \u0141aci\u0144skiej inicjatywy takie jak <em>Plan dzia\u0142a\u0144 na rzecz klimatu ECLAC<\/em> D\u0105\u017c\u0105 do promowania sprawiedliwej transformacji energetycznej poprzez wspieranie energii s\u0142onecznej i wiatrowej. Na przyk\u0142ad Meksyk zainaugurowa\u0142 w Sonorze jeden z najwi\u0119kszych park\u00f3w s\u0142onecznych w Ameryce \u0141aci\u0144skiej, zdolny do zasilenia ponad miliona dom\u00f3w.<\/p>\n\n\n\n<p>Zmiana na poziomie jednostki zaczyna si\u0119 r\u00f3wnie\u017c w domu. <\/p>\n\n\n\n<p>Ograniczenie spo\u017cycia mi\u0119sa, wyb\u00f3r transportu publicznego lub elektrycznego i wspieranie zr\u00f3wnowa\u017conych marek to drobne dzia\u0142ania o du\u017cym skutkach dla ca\u0142ej spo\u0142eczno\u015bci.<\/p>\n\n\n\n<h3 class=\"wp-block-heading\"><strong>Czy mo\u017cemy odwr\u00f3ci\u0107 globalny kryzys klimatyczny?<\/strong><\/h3>\n\n\n\n<p>To jest wielkie pytanie retoryczne, kt\u00f3re stanowi wyzwanie dla rz\u0105d\u00f3w, przedsi\u0119biorstw i obywateli.<\/p>\n\n\n\n<p>Mimo \u017ce szkody s\u0105 ju\u017c znaczne, eksperci s\u0105 zgodni, \u017ce najpowa\u017cniejsze skutki mo\u017cna jeszcze z\u0142agodzi\u0107, podejmuj\u0105c zdecydowane dzia\u0142ania.<\/p>\n\n\n\n<p>Planeta dysponuje wystarczaj\u0105c\u0105 technologi\u0105, aby przyspieszy\u0107 zielon\u0105 transformacj\u0119, ale brakuje woli politycznej i \u015bwiadomo\u015bci spo\u0142ecznej.<\/p>\n\n\n\n<p>Przysz\u0142o\u015b\u0107 zale\u017ce\u0107 b\u0119dzie od zdolno\u015bci do globalnej wsp\u00f3\u0142pracy i rzeczywistego zaanga\u017cowania w zr\u00f3wnowa\u017cony rozw\u00f3j.<\/p>\n\n\n\n<p>Nie chodzi tylko o ratowanie ekosystem\u00f3w, ale o ochron\u0119 naszego przetrwania jako gatunku.<\/p>\n\n\n\n<h3 class=\"wp-block-heading\"><strong>Wniosek<\/strong><\/h3>\n\n\n\n<p>Ten <strong>Globalny kryzys klimatyczny: jego skutki dotykaj\u0105 ju\u017c miliony ludzi<\/strong> To najwi\u0119kszy dow\u00f3d na to, \u017ce ludzko\u015b\u0107 przekracza granice mo\u017cliwo\u015bci planety.<\/p>\n\n\n\n<p>Nie chodzi o strach, ale o odpowiedzialno\u015b\u0107. Ka\u017cda fala upa\u0142\u00f3w, ka\u017cda pow\u00f3d\u017a i ka\u017cdy po\u017car przypominaj\u0105 nam, \u017ce natura reaguje na nasze dzia\u0142ania.<\/p>\n\n\n\n<p>Zmiany klimatyczne nie s\u0105 odleg\u0142ym zagro\u017ceniem, lecz tera\u017aniejszo\u015bci\u0105, kt\u00f3ra wymaga natychmiastowych dzia\u0142a\u0144.<\/p>\n\n\n\n<p>Wiedza, innowacja i empatia to nasze najlepsze narz\u0119dzia, by si\u0119 z tym zmierzy\u0107. Je\u015bli XX wiek by\u0142 wiekiem industrializacji, XXI wiek musi by\u0107 wiekiem odnowy planety.<\/p>\n\n\n\n<p>Czytaj wi\u0119cej:&nbsp;<a href=\"https:\/\/universofamilia.com\/pl\/inteligencia-artificial-y-politica\/\">Sztuczna inteligencja i polityka<\/a><\/p>\n\n\n\n<h3 class=\"wp-block-heading\"><strong>Cz\u0119sto zadawane pytania<\/strong><\/h3>\n\n\n\n<p><strong>1. Jakie s\u0105 g\u0142\u00f3wne przyczyny globalnego kryzysu klimatycznego?<\/strong><br>Emisja gaz\u00f3w cieplarnianych, g\u0142\u00f3wnie dwutlenku w\u0119gla i metanu, spowodowana spalaniem paliw kopalnych, wylesianiem i intensywnym rolnictwem.<\/p>\n\n\n\n<p><strong>2. Kt\u00f3re regiony \u015bwiata s\u0105 najbardziej nara\u017cone?<\/strong><br>Najwi\u0119ksze ryzyko wyst\u0119puje w Afryce, Ameryce \u0141aci\u0144skiej i Azji Po\u0142udniowo-Wschodniej ze wzgl\u0119du na du\u017ce uzale\u017cnienie od rolnictwa i ograniczon\u0105 infrastruktur\u0119 umo\u017cliwiaj\u0105c\u0105 dostosowanie si\u0119 do zmian klimatu.<\/p>\n\n\n\n<p><strong>3. Co mo\u017ce zrobi\u0107 zwyk\u0142y cz\u0142owiek?<\/strong><br>Oszcz\u0119dzaj energi\u0119, zmniejszaj zu\u017cycie plastiku, poddawaj recyklingowi, wspieraj zielon\u0105 polityk\u0119 i edukuj innych na temat wp\u0142ywu na klimat.<\/p>\n\n\n\n<p>Pojedyncze dzia\u0142ania, pomno\u017cone przez miliony, generuj\u0105 zmiany.<\/p>\n\n\n\n<p><strong>4. Co si\u0119 stanie, je\u015bli nie zostan\u0105 podj\u0119te pilne \u015brodki?<\/strong><br>Do 2100 roku temperatura mo\u017ce wzrosn\u0105\u0107 nawet o 2,8\u00b0C, co doprowadzi do za\u0142amania si\u0119 ekosystem\u00f3w, niedobor\u00f3w \u017cywno\u015bci, masowych migracji i powa\u017cnych skutk\u00f3w gospodarczych.<\/p>\n\n\n\n<p><strong>5. Czy istnieje realna nadzieja na zmian\u0119?<\/strong><br>Tak. Ka\u017cdy <a href=\"https:\/\/universofamilia.com\/pl\/los-paises-mas-avanzados-en-regulacion-de-ia-en-2025\/\">innowacja<\/a> <a href=\"https:\/\/universofamilia.com\/pl\/inteligencia-artificial-y-politica\/\">techniczny<\/a>, ka\u017cda skuteczna polityka klimatyczna i ka\u017cda \u015bwiadoma decyzja maj\u0105 znaczenie.<\/p>\n\n\n\n<p>Zmiana klimatu stanowi wyzwanie, ale tak\u017ce szans\u0119 na zdefiniowanie na nowo relacji pomi\u0119dzy ludzko\u015bci\u0105 a planet\u0105.<\/p>","protected":false},"excerpt":{"rendered":"<p>La crise clim\u00e1tica global: los impactos que ya afectan a millones se ha convertido en uno de los desaf\u00edos m\u00e1s urgentes del siglo XXI. Sequ\u00edas prolongadas, olas de calor extremo, incendios forestales, deshielos acelerados y migraciones masivas son apenas algunas de sus consecuencias visibles.Sumario: \u00bfQu\u00e9 significa realmente la Crisi clim\u00e1tica global? La Crisis clim\u00e1tica global: [&hellip;]<\/p>","protected":false},"author":219,"featured_media":10069,"comment_status":"closed","ping_status":"open","sticky":false,"template":"","format":"standard","meta":{"footnotes":""},"categories":[4],"tags":[],"yoast_head":"<!-- This site is optimized with the Yoast SEO plugin v23.3 - https:\/\/yoast.com\/wordpress\/plugins\/seo\/ -->\n<title>Crisis clim\u00e1tica global: los impactos que ya est\u00e1n afectando a millones - Universo Fam\u00edlia<\/title>\n<meta name=\"description\" content=\"La crise clim\u00e1tica global: los impactos que ya afectan a millones se ha convertido en uno de los desaf\u00edos m\u00e1s urgentes del siglo XXI.\" \/>\n<meta name=\"robots\" content=\"index, follow, max-snippet:-1, max-image-preview:large, max-video-preview:-1\" \/>\n<link rel=\"canonical\" href=\"https:\/\/universofamilia.com\/pl\/crisis-climatica-global\/\" \/>\n<meta property=\"og:locale\" content=\"pl_PL\" \/>\n<meta property=\"og:type\" content=\"article\" \/>\n<meta property=\"og:title\" content=\"Crisis clim\u00e1tica global: los impactos que ya est\u00e1n afectando a millones - Universo Fam\u00edlia\" \/>\n<meta property=\"og:description\" content=\"La crise clim\u00e1tica global: los impactos que ya afectan a millones se ha convertido en uno de los desaf\u00edos m\u00e1s urgentes del siglo XXI.\" \/>\n<meta property=\"og:url\" content=\"https:\/\/universofamilia.com\/pl\/crisis-climatica-global\/\" \/>\n<meta property=\"og:site_name\" content=\"Universo Fam\u00edlia\" \/>\n<meta property=\"article:published_time\" content=\"2025-10-13T15:28:29+00:00\" \/>\n<meta property=\"article:modified_time\" content=\"2025-10-13T21:26:17+00:00\" \/>\n<meta property=\"og:image\" content=\"http:\/\/universofamilia.com\/wp-content\/uploads\/sites\/148\/2025\/10\/Destaque-Novo-Universo.jpg\" \/>\n\t<meta property=\"og:image:width\" content=\"450\" \/>\n\t<meta property=\"og:image:height\" content=\"250\" \/>\n\t<meta property=\"og:image:type\" content=\"image\/jpeg\" \/>\n<meta name=\"author\" content=\"Matheus Sangaletti\" \/>\n<meta name=\"twitter:card\" content=\"summary_large_image\" \/>\n<meta name=\"twitter:label1\" content=\"Written by\" \/>\n\t<meta name=\"twitter:data1\" content=\"Matheus Sangaletti\" \/>\n\t<meta name=\"twitter:label2\" content=\"Est. reading time\" \/>\n\t<meta name=\"twitter:data2\" content=\"8 minut\" \/>\n<script type=\"application\/ld+json\" class=\"yoast-schema-graph\">{\"@context\":\"https:\/\/schema.org\",\"@graph\":[{\"@type\":\"WebPage\",\"@id\":\"http:\/\/universofamilia.com\/crisis-climatica-global\/\",\"url\":\"http:\/\/universofamilia.com\/crisis-climatica-global\/\",\"name\":\"Crisis clim\u00e1tica global: los impactos que ya est\u00e1n afectando a millones - Universo Fam\u00edlia\",\"isPartOf\":{\"@id\":\"https:\/\/universofamilia.com\/el\/#website\"},\"primaryImageOfPage\":{\"@id\":\"http:\/\/universofamilia.com\/crisis-climatica-global\/#primaryimage\"},\"image\":{\"@id\":\"http:\/\/universofamilia.com\/crisis-climatica-global\/#primaryimage\"},\"thumbnailUrl\":\"https:\/\/universofamilia.com\/wp-content\/uploads\/sites\/148\/2025\/10\/Destaque-Novo-Universo.jpg\",\"datePublished\":\"2025-10-13T15:28:29+00:00\",\"dateModified\":\"2025-10-13T21:26:17+00:00\",\"author\":{\"@id\":\"https:\/\/universofamilia.com\/el\/#\/schema\/person\/92fcd07e9b1f4323bf74f3170fc0f78a\"},\"description\":\"La crise clim\u00e1tica global: los impactos que ya afectan a millones se ha convertido en uno de los desaf\u00edos m\u00e1s urgentes del siglo XXI.\",\"breadcrumb\":{\"@id\":\"http:\/\/universofamilia.com\/crisis-climatica-global\/#breadcrumb\"},\"inLanguage\":\"pl-PL\",\"potentialAction\":[{\"@type\":\"ReadAction\",\"target\":[\"http:\/\/universofamilia.com\/crisis-climatica-global\/\"]}]},{\"@type\":\"ImageObject\",\"inLanguage\":\"pl-PL\",\"@id\":\"http:\/\/universofamilia.com\/crisis-climatica-global\/#primaryimage\",\"url\":\"https:\/\/universofamilia.com\/wp-content\/uploads\/sites\/148\/2025\/10\/Destaque-Novo-Universo.jpg\",\"contentUrl\":\"https:\/\/universofamilia.com\/wp-content\/uploads\/sites\/148\/2025\/10\/Destaque-Novo-Universo.jpg\",\"width\":450,\"height\":250},{\"@type\":\"BreadcrumbList\",\"@id\":\"http:\/\/universofamilia.com\/crisis-climatica-global\/#breadcrumb\",\"itemListElement\":[{\"@type\":\"ListItem\",\"position\":1,\"name\":\"Home\",\"item\":\"https:\/\/universofamilia.com\/el\/\"},{\"@type\":\"ListItem\",\"position\":2,\"name\":\"Crisis clim\u00e1tica global: los impactos que ya est\u00e1n afectando a millones\"}]},{\"@type\":\"WebSite\",\"@id\":\"https:\/\/universofamilia.com\/el\/#website\",\"url\":\"https:\/\/universofamilia.com\/el\/\",\"name\":\"Universo Fam\u00edlia\",\"description\":\"\",\"potentialAction\":[{\"@type\":\"SearchAction\",\"target\":{\"@type\":\"EntryPoint\",\"urlTemplate\":\"https:\/\/universofamilia.com\/el\/?s={search_term_string}\"},\"query-input\":\"required name=search_term_string\"}],\"inLanguage\":\"pl-PL\"},{\"@type\":\"Person\",\"@id\":\"https:\/\/universofamilia.com\/el\/#\/schema\/person\/92fcd07e9b1f4323bf74f3170fc0f78a\",\"name\":\"Matheus Sangaletti\",\"image\":{\"@type\":\"ImageObject\",\"inLanguage\":\"pl-PL\",\"@id\":\"https:\/\/universofamilia.com\/el\/#\/schema\/person\/image\/\",\"url\":\"https:\/\/secure.gravatar.com\/avatar\/280ea957a14a48e6a1ad2133d2cc27c9?s=96&d=mm&r=g\",\"contentUrl\":\"https:\/\/secure.gravatar.com\/avatar\/280ea957a14a48e6a1ad2133d2cc27c9?s=96&d=mm&r=g\",\"caption\":\"Matheus Sangaletti\"},\"url\":\"https:\/\/universofamilia.com\/pl\/author\/matheuss\/\"}]}<\/script>\n<!-- \/ Yoast SEO plugin. -->","yoast_head_json":{"title":"Crisis clim\u00e1tica global: los impactos que ya est\u00e1n afectando a millones - Universo Fam\u00edlia","description":"La crise clim\u00e1tica global: los impactos que ya afectan a millones se ha convertido en uno de los desaf\u00edos m\u00e1s urgentes del siglo XXI.","robots":{"index":"index","follow":"follow","max-snippet":"max-snippet:-1","max-image-preview":"max-image-preview:large","max-video-preview":"max-video-preview:-1"},"canonical":"https:\/\/universofamilia.com\/pl\/crisis-climatica-global\/","og_locale":"pl_PL","og_type":"article","og_title":"Crisis clim\u00e1tica global: los impactos que ya est\u00e1n afectando a millones - Universo Fam\u00edlia","og_description":"La crise clim\u00e1tica global: los impactos que ya afectan a millones se ha convertido en uno de los desaf\u00edos m\u00e1s urgentes del siglo XXI.","og_url":"https:\/\/universofamilia.com\/pl\/crisis-climatica-global\/","og_site_name":"Universo Fam\u00edlia","article_published_time":"2025-10-13T15:28:29+00:00","article_modified_time":"2025-10-13T21:26:17+00:00","og_image":[{"width":450,"height":250,"url":"http:\/\/universofamilia.com\/wp-content\/uploads\/sites\/148\/2025\/10\/Destaque-Novo-Universo.jpg","type":"image\/jpeg"}],"author":"Matheus Sangaletti","twitter_card":"summary_large_image","twitter_misc":{"Written by":"Matheus Sangaletti","Est. reading time":"8 minut"},"schema":{"@context":"https:\/\/schema.org","@graph":[{"@type":"WebPage","@id":"http:\/\/universofamilia.com\/crisis-climatica-global\/","url":"http:\/\/universofamilia.com\/crisis-climatica-global\/","name":"Crisis clim\u00e1tica global: los impactos que ya est\u00e1n afectando a millones - Universo Fam\u00edlia","isPartOf":{"@id":"https:\/\/universofamilia.com\/el\/#website"},"primaryImageOfPage":{"@id":"http:\/\/universofamilia.com\/crisis-climatica-global\/#primaryimage"},"image":{"@id":"http:\/\/universofamilia.com\/crisis-climatica-global\/#primaryimage"},"thumbnailUrl":"https:\/\/universofamilia.com\/wp-content\/uploads\/sites\/148\/2025\/10\/Destaque-Novo-Universo.jpg","datePublished":"2025-10-13T15:28:29+00:00","dateModified":"2025-10-13T21:26:17+00:00","author":{"@id":"https:\/\/universofamilia.com\/el\/#\/schema\/person\/92fcd07e9b1f4323bf74f3170fc0f78a"},"description":"La crise clim\u00e1tica global: los impactos que ya afectan a millones se ha convertido en uno de los desaf\u00edos m\u00e1s urgentes del siglo XXI.","breadcrumb":{"@id":"http:\/\/universofamilia.com\/crisis-climatica-global\/#breadcrumb"},"inLanguage":"pl-PL","potentialAction":[{"@type":"ReadAction","target":["http:\/\/universofamilia.com\/crisis-climatica-global\/"]}]},{"@type":"ImageObject","inLanguage":"pl-PL","@id":"http:\/\/universofamilia.com\/crisis-climatica-global\/#primaryimage","url":"https:\/\/universofamilia.com\/wp-content\/uploads\/sites\/148\/2025\/10\/Destaque-Novo-Universo.jpg","contentUrl":"https:\/\/universofamilia.com\/wp-content\/uploads\/sites\/148\/2025\/10\/Destaque-Novo-Universo.jpg","width":450,"height":250},{"@type":"BreadcrumbList","@id":"http:\/\/universofamilia.com\/crisis-climatica-global\/#breadcrumb","itemListElement":[{"@type":"ListItem","position":1,"name":"Home","item":"https:\/\/universofamilia.com\/el\/"},{"@type":"ListItem","position":2,"name":"Crisis clim\u00e1tica global: los impactos que ya est\u00e1n afectando a millones"}]},{"@type":"WebSite","@id":"https:\/\/universofamilia.com\/el\/#website","url":"https:\/\/universofamilia.com\/el\/","name":"Universo Fam\u00edlia","description":"","potentialAction":[{"@type":"SearchAction","target":{"@type":"EntryPoint","urlTemplate":"https:\/\/universofamilia.com\/el\/?s={search_term_string}"},"query-input":"required name=search_term_string"}],"inLanguage":"pl-PL"},{"@type":"Person","@id":"https:\/\/universofamilia.com\/el\/#\/schema\/person\/92fcd07e9b1f4323bf74f3170fc0f78a","name":"Matheus Sangaletti","image":{"@type":"ImageObject","inLanguage":"pl-PL","@id":"https:\/\/universofamilia.com\/el\/#\/schema\/person\/image\/","url":"https:\/\/secure.gravatar.com\/avatar\/280ea957a14a48e6a1ad2133d2cc27c9?s=96&d=mm&r=g","contentUrl":"https:\/\/secure.gravatar.com\/avatar\/280ea957a14a48e6a1ad2133d2cc27c9?s=96&d=mm&r=g","caption":"Matheus Sangaletti"},"url":"https:\/\/universofamilia.com\/pl\/author\/matheuss\/"}]}},"_links":{"self":[{"href":"https:\/\/universofamilia.com\/pl\/wp-json\/wp\/v2\/posts\/10068"}],"collection":[{"href":"https:\/\/universofamilia.com\/pl\/wp-json\/wp\/v2\/posts"}],"about":[{"href":"https:\/\/universofamilia.com\/pl\/wp-json\/wp\/v2\/types\/post"}],"author":[{"embeddable":true,"href":"https:\/\/universofamilia.com\/pl\/wp-json\/wp\/v2\/users\/219"}],"replies":[{"embeddable":true,"href":"https:\/\/universofamilia.com\/pl\/wp-json\/wp\/v2\/comments?post=10068"}],"version-history":[{"count":2,"href":"https:\/\/universofamilia.com\/pl\/wp-json\/wp\/v2\/posts\/10068\/revisions"}],"predecessor-version":[{"id":10122,"href":"https:\/\/universofamilia.com\/pl\/wp-json\/wp\/v2\/posts\/10068\/revisions\/10122"}],"wp:featuredmedia":[{"embeddable":true,"href":"https:\/\/universofamilia.com\/pl\/wp-json\/wp\/v2\/media\/10069"}],"wp:attachment":[{"href":"https:\/\/universofamilia.com\/pl\/wp-json\/wp\/v2\/media?parent=10068"}],"wp:term":[{"taxonomy":"category","embeddable":true,"href":"https:\/\/universofamilia.com\/pl\/wp-json\/wp\/v2\/categories?post=10068"},{"taxonomy":"post_tag","embeddable":true,"href":"https:\/\/universofamilia.com\/pl\/wp-json\/wp\/v2\/tags?post=10068"}],"curies":[{"name":"wp","href":"https:\/\/api.w.org\/{rel}","templated":true}]}}