{"id":10073,"date":"2025-10-13T12:50:28","date_gmt":"2025-10-13T15:50:28","guid":{"rendered":"https:\/\/universofamilia.com\/?p=10073"},"modified":"2025-10-16T15:40:53","modified_gmt":"2025-10-16T18:40:53","slug":"ambiental","status":"publish","type":"post","link":"https:\/\/universofamilia.com\/pl\/ambiental\/","title":{"rendered":"10 zr\u00f3wnowa\u017conych dzia\u0142a\u0144 maj\u0105cych na celu z\u0142agodzenie kryzysu \u015brodowiskowego"},"content":{"rendered":"<p class=\"has-text-align-center\">Ten <strong>10 zr\u00f3wnowa\u017conych dzia\u0142a\u0144 maj\u0105cych na celu ograniczenie skutk\u00f3w kryzysu \u015brodowiskowego<\/strong> sta\u0142y si\u0119 pilnym priorytetem dla ludzko\u015bci.<\/p>\n\n\n\n<figure class=\"wp-block-gallery aligncenter has-nested-images columns-default is-cropped wp-block-gallery-1 is-layout-flex wp-block-gallery-is-layout-flex\">\n<figure class=\"wp-block-image size-full\"><img loading=\"lazy\" decoding=\"async\" width=\"450\" height=\"250\" data-id=\"10075\" src=\"https:\/\/universofamilia.com\/wp-content\/uploads\/sites\/148\/2025\/10\/Destaque-Novo-Universo-2-1.jpg\" alt=\"\" class=\"wp-image-10075\" srcset=\"https:\/\/universofamilia.com\/wp-content\/uploads\/sites\/148\/2025\/10\/Destaque-Novo-Universo-2-1.jpg 450w, https:\/\/universofamilia.com\/wp-content\/uploads\/sites\/148\/2025\/10\/Destaque-Novo-Universo-2-1-300x167.jpg 300w, https:\/\/universofamilia.com\/wp-content\/uploads\/sites\/148\/2025\/10\/Destaque-Novo-Universo-2-1-18x10.jpg 18w\" sizes=\"(max-width: 450px) 100vw, 450px\" \/><figcaption class=\"wp-element-caption\">CANVA<\/figcaption><\/figure>\n<\/figure>\n\n\n\n<p>Degradacja \u015brodowiska, utrata r\u00f3\u017cnorodno\u015bci biologicznej i zmiana klimatu nie s\u0105 ju\u017c problemami przysz\u0142o\u015bci; ich skutki maj\u0105 wp\u0142yw na codzienne \u017cycie milion\u00f3w ludzi w Meksyku i na ca\u0142ym \u015bwiecie.<\/p>\n\n\n\n<p>Od d\u0142ugotrwa\u0142ych susz po ekstremalne fale upa\u0142\u00f3w, oznaki kryzysu ekologicznego staj\u0105 si\u0119 widoczne w naszych miastach i na wsiach.<\/p>\n\n\n\n<p>Przyj\u0119cie zr\u00f3wnowa\u017conych nawyk\u00f3w nie tylko chroni planet\u0119, ale tak\u017ce poprawia jako\u015b\u0107 \u017cycia, wzmacnia lokalne gospodarki i zmniejsza zagro\u017cenia dla zdrowia.<\/p>\n\n\n\n<p>W artykule tym przedstawiono praktyczne i uzasadnione podej\u015bcie, pokazuj\u0105ce, jak indywidualne i zbiorowe decyzje mog\u0105 mie\u0107 znaczenie.<\/p>\n\n\n\n<p><strong>Streszczenie:<\/strong><\/p>\n\n\n\n<ol>\n<li>Pilna potrzeba zr\u00f3wnowa\u017conego rozwoju w roku 2025<\/li>\n\n\n\n<li>10 kluczowych dzia\u0142a\u0144 na rzecz zr\u00f3wnowa\u017conego rozwoju i jak je wdro\u017cy\u0107<\/li>\n\n\n\n<li>Aktualne i rzeczywiste przyk\u0142ady wdro\u017cenia<\/li>\n\n\n\n<li>Korzy\u015bci ekonomiczne, spo\u0142eczne i \u015brodowiskowe wynikaj\u0105ce ze zr\u00f3wnowa\u017conego rozwoju<\/li>\n\n\n\n<li>Jak skutecznie zintegrowa\u0107 te dzia\u0142ania z codziennym \u017cyciem<\/li>\n\n\n\n<li>Wnioski i cz\u0119sto zadawane pytania<\/li>\n<\/ol>\n\n\n\n<h3 class=\"wp-block-heading\"><strong>Pilna potrzeba zr\u00f3wnowa\u017conego rozwoju w roku 2025<\/strong><\/h3>\n\n\n\n<p>Tempo degradacji \u015brodowiska osi\u0105gn\u0119\u0142o alarmuj\u0105cy poziom. Wed\u0142ug <em>Raport o stanie \u015brodowiska na \u015bwiecie 2024<\/em> ONZ, <strong>Ponad 75% ekosystem\u00f3w l\u0105dowych ulega znacznym zmianom<\/strong>a oceany zmagaj\u0105 si\u0119 z rekordowo wysokim poziomem zanieczyszczenia plastikiem i CO\u2082.<\/p>\n\n\n\n<p>Co wi\u0119cej, prognozuje si\u0119, \u017ce je\u017celi nie zostan\u0105 podj\u0119te natychmiastowe dzia\u0142ania, do ko\u0144ca 2030 r. globalna temperatura wzro\u015bnie \u015brednio o 1,5\u00b0C.<\/p>\n\n\n\n<p>Aby lepiej to zrozumie\u0107, wyobra\u017amy sobie planet\u0119 jako \u017cywy organizm: ka\u017cde dzia\u0142anie cz\u0142owieka mo\u017ce by\u0107 lekarstwem lub trucizn\u0105.<\/p>\n\n\n\n<p>Nadmierne emisje, wylesianie i niekontrolowana konsumpcja os\u0142abiaj\u0105 kluczowe systemy \u017cycia, wp\u0142ywaj\u0105c negatywnie na zdrowie, bezpiecze\u0144stwo \u017cywno\u015bciowe i stabilno\u015b\u0107 gospodarcz\u0105.<\/p>\n\n\n\n<p>Zr\u00f3wnowa\u017cony rozw\u00f3j to nie tylko idea\u0142; to strategia przetrwania.<\/p>\n\n\n\n<p>W Meksyku skutki s\u0105 namacalne:<\/p>\n\n\n\n<ul>\n<li>Miasta Meksyk i Monterrey zmagaj\u0105 si\u0119 z falami upa\u0142\u00f3w, podczas kt\u00f3rych temperatury przekraczaj\u0105 40\u00b0C, co dotyka miliony mieszka\u0144c\u00f3w.<\/li>\n\n\n\n<li>W stanach Oaxaca i Chiapas rolnictwo zmaga si\u0119 ze stratami si\u0119gaj\u0105cymi 20% plon\u00f3w z powodu przed\u0142u\u017caj\u0105cej si\u0119 suszy i zmian w intensywno\u015bci opad\u00f3w.<\/li>\n\n\n\n<li>Zanieczyszczenie powietrza w miastach przemys\u0142owych powoduje choroby uk\u0142adu oddechowego, kt\u00f3re szczeg\u00f3lnie dotykaj\u0105 dzieci i osoby starsze.<\/li>\n<\/ul>\n\n\n\n<p>W obliczu tej rzeczywisto\u015bci, <strong>10 zr\u00f3wnowa\u017conych dzia\u0142a\u0144 maj\u0105cych na celu ograniczenie skutk\u00f3w kryzysu \u015brodowiskowego<\/strong> Nie s\u0105 one opcjonalne. S\u0105 konieczne, aby chroni\u0107 \u017cycie i ekosystemy.<\/p>\n\n\n\n<h3 class=\"wp-block-heading\"><strong>10 zr\u00f3wnowa\u017conych dzia\u0142a\u0144 maj\u0105cych na celu ograniczenie skutk\u00f3w kryzysu \u015brodowiskowego<\/strong><\/h3>\n\n\n\n<p>Poni\u017cej znajdziesz konkretne strategie, zaktualizowane informacje, przyk\u0142ady z \u017cycia wzi\u0119te i praktyczne zalecenia dotycz\u0105ce ich wdra\u017cania w \u017cyciu codziennym.<\/p>\n\n\n\n<h4 class=\"wp-block-heading\"><strong>Zmniejsz zu\u017cycie energii<\/strong><\/h4>\n\n\n\n<p>Nadmierne zu\u017cycie energii w znacznym stopniu przyczynia si\u0119 do emisji CO\u2082.<\/p>\n\n\n\n<p>Drobne dzia\u0142ania, takie jak wymiana \u017car\u00f3wek na diody LED, od\u0142\u0105czanie urz\u0105dze\u0144 elektrycznych od zasilania, gdy ich nie u\u017cywasz, i korzystanie z energooszcz\u0119dnych urz\u0105dze\u0144, mog\u0105 znacz\u0105co zmniejszy\u0107 \u015blad w\u0119glowy domu.<\/p>\n\n\n\n<p>W mie\u015bcie Meksyk programy efektywno\u015bci energetycznej pozwoli\u0142y na zwi\u0119kszenie efektywno\u015bci energetycznej ponad <strong>500 000 gospodarstw domowych<\/strong> zmniejszy\u0107 zu\u017cycie energii elektrycznej \u015brednio o 15 % rocznie, generuj\u0105c oszcz\u0119dno\u015bci ekonomiczne i redukuj\u0105c zanieczyszczenie.<\/p>\n\n\n\n<h4 class=\"wp-block-heading\"><strong>Zr\u00f3wnowa\u017cona mobilno\u015b\u0107<\/strong><\/h4>\n\n\n\n<p>Wybieraj\u0105c transport publiczny, rowery lub pojazdy elektryczne nie tylko redukujemy emisj\u0119 zanieczyszcze\u0144, ale tak\u017ce poprawiamy jako\u015b\u0107 \u017cycia w mie\u015bcie.<\/p>\n\n\n\n<p>Miasta takie jak Guadalajara i Monterrey wdro\u017cy\u0142y \u015bcie\u017cki rowerowe i systemy transportu elektrycznego, z kt\u00f3rych codziennie korzysta ponad 1,5 miliona os\u00f3b.<\/p>\n\n\n\n<p>Ponadto zr\u00f3wnowa\u017cona mobilno\u015b\u0107 zmniejsza nat\u0119\u017cenie ruchu, liczb\u0119 wypadk\u00f3w i promuje zdrowe nawyki.<\/p>\n\n\n\n<p>Czy potrafisz sobie wyobrazi\u0107 dzie\u0144, w kt\u00f3rym chodzenie lub jazda na rowerze stan\u0105 si\u0119 norm\u0105, a nie wyj\u0105tkiem?<\/p>\n\n\n\n<h4 class=\"wp-block-heading\"><strong>\u015awiadome jedzenie<\/strong><\/h4>\n\n\n\n<p>Produkcja \u017cywno\u015bci, zw\u0142aszcza mi\u0119sa i nabia\u0142u, odpowiada za oko\u0142o 25 % globalnej emisji gaz\u00f3w cieplarnianych.<\/p>\n\n\n\n<p>Ograniczenie spo\u017cycia mi\u0119sa, wybieranie lokalnych i sezonowych produkt\u00f3w oraz priorytetowe traktowanie upraw warzyw pomaga zmniejszy\u0107 presj\u0119 na ekosystemy i wzmocni\u0107 gospodark\u0119 spo\u0142eczno\u015bci.<\/p>\n\n\n\n<p>W stanie Michoac\u00e1n lokalni rolnicy wprowadzili zr\u00f3\u017cnicowane uprawy i ekologiczne techniki uprawy, co pozwoli\u0142o na zwi\u0119kszenie produkcji warzyw o 30% i ograniczenie stosowania chemicznych pestycyd\u00f3w.<\/p>\n\n\n\n<h4 class=\"wp-block-heading\"><strong>Odpowiedzialne zarz\u0105dzanie wod\u0105<\/strong><\/h4>\n\n\n\n<p>Woda to zas\u00f3b ograniczony, a efektywne gospodarowanie ni\u0105 ma kluczowe znaczenie. Instalowanie urz\u0105dze\u0144 oszcz\u0119dzaj\u0105cych wod\u0119, zbieranie wody deszczowej i naprawa przeciek\u00f3w to podstawowe, ale skuteczne \u015brodki.<\/p>\n\n\n\n<p>W stanie Oaxaca spo\u0142eczno\u015bciom wiejskim uda\u0142o si\u0119 odzyska\u0107 lokalne warstwy wodono\u015bne dzi\u0119ki systemom zbierania wody deszczowej i edukacji lokalnej spo\u0142eczno\u015bci, co poprawi\u0142o dost\u0119pno\u015b\u0107 wody pitnej i zapewni\u0142o ci\u0105g\u0142o\u015b\u0107 rolnictwa.<\/p>\n\n\n\n<h4 class=\"wp-block-heading\"><strong>Redukcja odpad\u00f3w i recykling<\/strong><\/h4>\n\n\n\n<p>Segregacja \u015bmieci, kompostowanie odpad\u00f3w organicznych i ponowne wykorzystywanie materia\u0142\u00f3w zapobiegaj\u0105 trafianiu ton odpad\u00f3w na wysypiska i do ocean\u00f3w.<\/p>\n\n\n\n<p>Zgodnie z <em>Sekretariat \u015arodowiska i Zasob\u00f3w Naturalnych (SEMARNAT)<\/em>Meksyk generuje ponad <strong>45 milion\u00f3w ton odpad\u00f3w sta\u0142ych rocznie<\/strong>, z czego tylko 12% jest poddawane recyklingowi. Wdro\u017cenie polityki segregacji i kompostowania mo\u017ce odwr\u00f3ci\u0107 ten trend.<\/p>\n\n\n\n<h4 class=\"wp-block-heading\"><strong>Odnawialne \u017ar\u00f3d\u0142a energii<\/strong><\/h4>\n\n\n\n<p>Transformacja energetyczna jest kluczem do zmniejszenia zale\u017cno\u015bci od paliw kopalnych.<\/p>\n\n\n\n<p>Monta\u017c paneli s\u0142onecznych, ma\u0142ych turbin wiatrowych i wydajnych system\u00f3w grzewczych znacz\u0105co przyczynia si\u0119 do redukcji emisji.<\/p>\n\n\n\n<p>W 2024 roku Meksyk zainaugurowa\u0142 w Sonorze jeden z najwi\u0119kszych park\u00f3w s\u0142onecznych w Ameryce \u0141aci\u0144skiej, kt\u00f3ry mo\u017ce zasili\u0107 ponad milion dom\u00f3w i unikn\u0105\u0107 emisji ponad <strong>400 000 ton CO\u2082<\/strong> coroczny.<\/p>\n\n\n\n<h4 class=\"wp-block-heading\"><strong>Zalesianie i piel\u0119gnacja teren\u00f3w zielonych<\/strong><\/h4>\n\n\n\n<p>Lasy i tereny zielone reguluj\u0105 klimat, wychwytuj\u0105 CO\u2082 i chroni\u0105 bior\u00f3\u017cnorodno\u015b\u0107.<\/p>\n\n\n\n<p>Sadzenie drzew i ochrona istniej\u0105cych las\u00f3w to bezpo\u015brednie dzia\u0142anie przeciwko degradacji \u015brodowiska.<\/p>\n\n\n\n<p>Od 2022 r. w ramach projektu w Chiapas zasadzono ponad milion drzew na wylesionych obszarach, co pozwoli\u0142o przywr\u00f3ci\u0107 siedliska rodzimym gatunkom i poprawi\u0107 jako\u015b\u0107 powietrza w pobliskich spo\u0142eczno\u015bciach.<\/p>\n\n\n\n<h4 class=\"wp-block-heading\"><strong>Odpowiedzialna konsumpcja<\/strong><\/h4>\n\n\n\n<p>Wybieraj\u0105c produkty o d\u0142ugim okresie trwa\u0142o\u015bci, unikaj\u0105c zb\u0119dnych opakowa\u0144 i stawiaj\u0105c na zr\u00f3wnowa\u017cone marki, wysy\u0142amy rynkowi sygna\u0142: zr\u00f3wnowa\u017cony rozw\u00f3j jest op\u0142acalny i po\u017c\u0105dany przez konsument\u00f3w.<\/p>\n\n\n\n<p>\u015awiadome kupowanie przyczynia si\u0119 r\u00f3wnie\u017c do zmniejszenia ilo\u015bci odpad\u00f3w i wspiera gospodark\u0119 o obiegu zamkni\u0119tym.<\/p>\n\n\n\n<h4 class=\"wp-block-heading\"><strong>Edukacja ekologiczna<\/strong><\/h4>\n\n\n\n<p>Upowszechnianie wiedzy o oddzia\u0142ywaniu na \u015brodowisko, od szk\u00f3\u0142 po spo\u0142eczno\u015bci, podnosi \u015bwiadomo\u015b\u0107 i motywuje do wsp\u00f3lnego dzia\u0142ania.<\/p>\n\n\n\n<p>Warsztaty, kampanie edukacyjne i media spo\u0142eczno\u015bciowe to niezb\u0119dne narz\u0119dzia pozwalaj\u0105ce zwielokrotni\u0107 wp\u0142yw poszczeg\u00f3lnych dzia\u0142a\u0144.<\/p>\n\n\n\n<h4 class=\"wp-block-heading\"><strong>Udzia\u0142 obywatelski i polityczny<\/strong><\/h4>\n\n\n\n<p>G\u0142osowanie za polityk\u0105 ekologiczn\u0105, wspieranie lokalnych inicjatyw i poci\u0105ganie przedsi\u0119biorstw i rz\u0105d\u00f3w do odpowiedzialno\u015bci gwarantuje, \u017ce decyzje strategiczne b\u0119d\u0105 podejmowane priorytetowo z uwzgl\u0119dnieniem zr\u00f3wnowa\u017conego rozwoju.<\/p>\n\n\n\n<p>Presja spo\u0142eczna mo\u017ce przyspieszy\u0107 wdra\u017canie czystej energii, przepis\u00f3w dotycz\u0105cych recyklingu i program\u00f3w ochrony \u015brodowiska.<\/p>\n\n\n\n<h3 class=\"wp-block-heading\"><strong>Aktualne i rzeczywiste przyk\u0142ady wdro\u017cenia<\/strong><\/h3>\n\n\n\n<p><strong>Przyk\u0142ad 1:<\/strong> W 2024 roku sp\u00f3\u0142dzielnia rolnicza w Quer\u00e9taro wdro\u017cy\u0142a regeneracyjne techniki rolnicze.<\/p>\n\n\n\n<p>Dzi\u0119ki temu plony kukurydzy i fasoli wzros\u0142y o 20%, poprawi\u0142a si\u0119 lokalna bior\u00f3\u017cnorodno\u015b\u0107, a erozja gleby zosta\u0142a ograniczona. To dow\u00f3d, \u017ce zr\u00f3wnowa\u017cony rozw\u00f3j mo\u017ce by\u0107 op\u0142acalny i skuteczny.<\/p>\n\n\n\n<p><strong>Przyk\u0142ad 2:<\/strong> W Guadalajarze wprowadzenie transportu elektrycznego i \u015bcie\u017cek rowerowych zwi\u0119kszy\u0142o zr\u00f3wnowa\u017con\u0105 mobilno\u015b\u0107 o 35% w nieca\u0142e trzy lata, co prze\u0142o\u017cy\u0142o si\u0119 na zmniejszenie zanieczyszczenia \u015brodowiska miejskiego i popraw\u0119 zdrowia obywateli.<\/p>\n\n\n\n<p>Te przyk\u0142ady potwierdzaj\u0105, \u017ce <strong>10 zr\u00f3wnowa\u017conych dzia\u0142a\u0144 maj\u0105cych na celu ograniczenie skutk\u00f3w kryzysu \u015brodowiskowego<\/strong> To nie s\u0105 utopie; to wykonalne strategie, kt\u00f3rych rezultaty mo\u017cna sprawdzi\u0107.<\/p>\n\n\n\n<h3 class=\"wp-block-heading\"><strong>Korzy\u015bci ekonomiczne, spo\u0142eczne i \u015brodowiskowe wynikaj\u0105ce ze zr\u00f3wnowa\u017conego rozwoju<\/strong><\/h3>\n\n\n\n<p>Wdra\u017canie zr\u00f3wnowa\u017conych praktyk przynosi wiele korzy\u015bci:<\/p>\n\n\n\n<ul>\n<li><strong>Ekonomiczny:<\/strong> oszcz\u0119dno\u015b\u0107 energii i wody, tworzenie zielonych miejsc pracy i wzmacnianie lokalnych gospodarek.<\/li>\n\n\n\n<li><strong>Spo\u0142eczny:<\/strong> bardziej odporne spo\u0142eczno\u015bci, mniejsze nara\u017cenie na choroby \u015brodowiskowe i wi\u0119ksza sp\u00f3jno\u015b\u0107 spo\u0142eczna.<\/li>\n\n\n\n<li><strong>\u015arodowiskowy:<\/strong> redukcja emisji, ochrona r\u00f3\u017cnorodno\u015bci biologicznej i \u0142agodzenie zmian klimatu.<\/li>\n<\/ul>\n\n\n\n<figure class=\"wp-block-table\"><table><thead><tr><th>Zr\u00f3wnowa\u017cone dzia\u0142anie<\/th><th>G\u0142\u00f3wna korzy\u015b\u0107<\/th><th>Przyk\u0142ad w Meksyku<\/th><\/tr><\/thead><tbody><tr><td>Redukcja energii<\/td><td>Mniejszy \u015blad w\u0119glowy<\/td><td>\u017bar\u00f3wki LED w domach miejskich<\/td><\/tr><tr><td>Zr\u00f3wnowa\u017cona mobilno\u015b\u0107<\/td><td>Czystsze powietrze<\/td><td>\u015acie\u017cki rowerowe i transport elektryczny<\/td><\/tr><tr><td>\u015awiadome jedzenie<\/td><td>Mniej emisji rolniczych<\/td><td>Lokalne rolnictwo i spo\u017cycie ro\u015blin str\u0105czkowych<\/td><\/tr><tr><td>Zarz\u0105dzanie wod\u0105<\/td><td>Dost\u0119pno\u015b\u0107 wody<\/td><td>Zbieranie wody deszczowej w Oaxaca<\/td><\/tr><tr><td>Zalesianie<\/td><td>Ochrona r\u00f3\u017cnorodno\u015bci biologicznej<\/td><td>Sadzenie drzew w Chiapas<\/td><\/tr><\/tbody><\/table><figcaption class=\"wp-element-caption\">10 zr\u00f3wnowa\u017conych dzia\u0142a\u0144 maj\u0105cych na celu ograniczenie skutk\u00f3w kryzysu \u015brodowiskowego<\/figcaption><\/figure>\n\n\n\n<figure class=\"wp-block-gallery aligncenter has-nested-images columns-default is-cropped wp-block-gallery-2 is-layout-flex wp-block-gallery-is-layout-flex\">\n<figure class=\"wp-block-image size-full\"><img loading=\"lazy\" decoding=\"async\" width=\"450\" height=\"250\" data-id=\"10076\" src=\"https:\/\/universofamilia.com\/wp-content\/uploads\/sites\/148\/2025\/10\/Destaque-Novo-Universo-4.jpg\" alt=\"\" class=\"wp-image-10076\" srcset=\"https:\/\/universofamilia.com\/wp-content\/uploads\/sites\/148\/2025\/10\/Destaque-Novo-Universo-4.jpg 450w, https:\/\/universofamilia.com\/wp-content\/uploads\/sites\/148\/2025\/10\/Destaque-Novo-Universo-4-300x167.jpg 300w, https:\/\/universofamilia.com\/wp-content\/uploads\/sites\/148\/2025\/10\/Destaque-Novo-Universo-4-18x10.jpg 18w\" sizes=\"(max-width: 450px) 100vw, 450px\" \/><figcaption class=\"wp-element-caption\">CANVA<\/figcaption><\/figure>\n<\/figure>\n\n\n\n<p>Czytaj wi\u0119cej:&nbsp;<a href=\"https:\/\/universofamilia.com\/pl\/crisis-climatica-global\/\">Globalny kryzys klimatyczny: skutki, kt\u00f3re ju\u017c dotykaj\u0105 miliony ludzi<\/a><\/p>\n\n\n\n<h3 class=\"wp-block-heading\"><strong>Jak zintegrowa\u0107 te dzia\u0142ania z codziennym \u017cyciem<\/strong><\/h3>\n\n\n\n<p>Integracja tych dzia\u0142a\u0144 wymaga zaanga\u017cowania i konsekwencji. Mo\u017cesz:<\/p>\n\n\n\n<ul>\n<li>Przeanalizuj swoje nawyki dotycz\u0105ce zu\u017cycia energii i zmniejsz ilo\u015b\u0107 odpad\u00f3w.<\/li>\n\n\n\n<li>Wybieraj zr\u00f3wnowa\u017cony transport i chod\u017a pieszo, kiedy tylko mo\u017cesz.<\/li>\n\n\n\n<li>Kupuj lokalne i sezonowe produkty, zmniejszaj\u0105c emisj\u0119 spalin i wspieraj\u0105c producent\u00f3w.<\/li>\n\n\n\n<li>Bierz udzia\u0142 w spo\u0142ecznych programach recyklingu i zalesiania.<\/li>\n\n\n\n<li>Edukuj rodzin\u0119 i przyjaci\u00f3\u0142, zwi\u0119kszaj\u0105c wp\u0142yw swoich dzia\u0142a\u0144.<\/li>\n<\/ul>\n\n\n\n<p>Zadaj sobie pytanie: <strong>Co by si\u0119 sta\u0142o, gdyby miliony ludzi podj\u0119\u0142y te same \u015brodki jednocze\u015bnie?<\/strong> Reakcja ta pokazuje si\u0142\u0119 kolektywnych dzia\u0142a\u0144 na rzecz walki ze zmianami klimatycznymi.<\/p>\n\n\n\n<h3 class=\"wp-block-heading\"><strong>Wniosek<\/strong><\/h3>\n\n\n\n<p>Wdro\u017cy\u0107 <strong>10 zr\u00f3wnowa\u017conych dzia\u0142a\u0144 maj\u0105cych na celu ograniczenie skutk\u00f3w kryzysu \u015brodowiskowego<\/strong> To nie tylko obowi\u0105zek wobec \u015brodowiska, ale i inwestycja w nasz\u0105 przysz\u0142o\u015b\u0107.<\/p>\n\n\n\n<p>Dowody naukowe, lokalne przyk\u0142ady i pilna potrzeba rozwi\u0105zania problemu zmian klimatycznych pokazuj\u0105, \u017ce ka\u017cde dzia\u0142anie jednostki ma znaczenie.<\/p>\n\n\n\n<p><a href=\"https:\/\/universofamilia.com\/pl\/inteligencia-artificial-y-politica\/\">Przyj\u0105\u0107<\/a> Zr\u00f3wnowa\u017cone praktyki wzmacniaj\u0105 odporno\u015b\u0107 spo\u0142eczno\u015bci, chroni\u0105 ekosystemy i zapewniaj\u0105 zdrowsz\u0105 przysz\u0142o\u015b\u0107.<\/p>\n\n\n\n<p>Wyzwanie ma charakter globalny, ale rozwi\u0105zanie mo\u017ce by\u0107 r\u00f3wnie dobre: wiedza, wsp\u00f3\u0142praca i \u015bwiadome dzia\u0142anie to narz\u0119dzia do budowania zr\u00f3wnowa\u017conego, sprawiedliwego i odpornego \u015bwiata.<\/p>\n\n\n\n<p>Czytaj wi\u0119cej:&nbsp;<a href=\"https:\/\/universofamilia.com\/pl\/los-paises-mas-avanzados-en-regulacion-de-ia-en-2025\/\">Najbardziej zaawansowane kraje w zakresie regulacji dotycz\u0105cych sztucznej inteligencji w 2025 r.<\/a><\/p>\n\n\n\n<h3 class=\"wp-block-heading\"><strong>Cz\u0119sto zadawane pytania<\/strong><\/h3>\n\n\n\n<p><strong>1. Dlaczego wa\u017cne jest, aby dzia\u0142a\u0107 teraz?<\/strong><br>Degradacja \u015brodowiska i zmiany klimatu post\u0119puj\u0105 szybko, wp\u0142ywaj\u0105c na zdrowie, gospodark\u0119 i bezpiecze\u0144stwo \u017cywno\u015bciowe. Ka\u017cde natychmiastowe dzia\u0142anie ma kumulatywny pozytywny wp\u0142yw.<\/p>\n\n\n\n<p><strong>2. Kt\u00f3re dzia\u0142anie ma najwi\u0119kszy wp\u0142yw?<\/strong><br>Zale\u017cy to od kontekstu, ale zr\u00f3wnowa\u017cona mobilno\u015b\u0107, odnawialne \u017ar\u00f3d\u0142a energii i gospodarka odpadami cz\u0119sto przynosz\u0105 szybkie i wymierne korzy\u015bci.<\/p>\n\n\n\n<p><strong>3. Jak zaanga\u017cowa\u0107 spo\u0142eczno\u015b\u0107?<\/strong><br>Organizuj warsztaty, bierz udzia\u0142 w lokalnych projektach i udost\u0119pniaj informacje na temat zr\u00f3wnowa\u017conego rozwoju w mediach spo\u0142eczno\u015bciowych i szko\u0142ach.<\/p>\n\n\n\n<p><strong>4. Czy bycie zr\u00f3wnowa\u017conym jest drogie?<\/strong><br>Niekt\u00f3re dzia\u0142ania wymagaj\u0105 pocz\u0105tkowej inwestycji, ale generuj\u0105 \u015brednio- i d\u0142ugoterminowe oszcz\u0119dno\u015bci oraz korzy\u015bci \u015brodowiskowe i spo\u0142eczne.<\/p>\n\n\n\n<p><strong>5. Co zrobi\u0107, je\u015bli rz\u0105d nie promuje zielonej polityki?<\/strong><br>Dzia\u0142ania indywidualne i zbiorowe pozostaj\u0105 skuteczne. <\/p>\n\n\n\n<p>Wspieranie inicjatyw spo\u0142ecznych i odpowiedzialnego biznesu mo\u017ce zrekompensowa\u0107 brak natychmiastowej polityki publicznej.<\/p>","protected":false},"excerpt":{"rendered":"<p>Las 10 acciones sustentables para reducir los efectos de la crisis ambiental se han convertido en una prioridad urgente para la humanidad. La degradaci\u00f3n ambiental, la p\u00e9rdida de biodiversidad y el cambio clim\u00e1tico ya no son problemas futuros; sus efectos impactan la vida cotidiana de millones de personas en M\u00e9xico y el mundo. Desde sequ\u00edas [&hellip;]<\/p>","protected":false},"author":219,"featured_media":10074,"comment_status":"closed","ping_status":"open","sticky":false,"template":"","format":"standard","meta":{"footnotes":""},"categories":[4],"tags":[],"yoast_head":"<!-- This site is optimized with the Yoast SEO plugin v23.3 - https:\/\/yoast.com\/wordpress\/plugins\/seo\/ -->\n<title>10 acciones sustentables para reducir la crisis ambiental - Universo Fam\u00edlia<\/title>\n<meta name=\"description\" content=\"Las 10 acciones sustentables para reducir los efectos de la crisis ambiental se han convertido en una prioridad urgente para la humanidad.\" \/>\n<meta name=\"robots\" content=\"index, follow, max-snippet:-1, max-image-preview:large, max-video-preview:-1\" \/>\n<link rel=\"canonical\" href=\"https:\/\/universofamilia.com\/pl\/ambiental\/\" \/>\n<meta property=\"og:locale\" content=\"pl_PL\" \/>\n<meta property=\"og:type\" content=\"article\" \/>\n<meta property=\"og:title\" content=\"10 acciones sustentables para reducir la crisis ambiental - Universo Fam\u00edlia\" \/>\n<meta property=\"og:description\" content=\"Las 10 acciones sustentables para reducir los efectos de la crisis ambiental se han convertido en una prioridad urgente para la humanidad.\" \/>\n<meta property=\"og:url\" content=\"https:\/\/universofamilia.com\/pl\/ambiental\/\" \/>\n<meta property=\"og:site_name\" content=\"Universo Fam\u00edlia\" \/>\n<meta property=\"article:published_time\" content=\"2025-10-13T15:50:28+00:00\" \/>\n<meta property=\"article:modified_time\" content=\"2025-10-16T18:40:53+00:00\" \/>\n<meta property=\"og:image\" content=\"https:\/\/universofamilia.com\/wp-content\/uploads\/sites\/148\/2025\/10\/Destaque-Novo-Universo-2.jpg\" \/>\n\t<meta property=\"og:image:width\" content=\"450\" \/>\n\t<meta property=\"og:image:height\" content=\"250\" \/>\n\t<meta property=\"og:image:type\" content=\"image\/jpeg\" \/>\n<meta name=\"author\" content=\"Matheus Sangaletti\" \/>\n<meta name=\"twitter:card\" content=\"summary_large_image\" \/>\n<meta name=\"twitter:label1\" content=\"Written by\" \/>\n\t<meta name=\"twitter:data1\" content=\"Matheus Sangaletti\" \/>\n\t<meta name=\"twitter:label2\" content=\"Est. reading time\" \/>\n\t<meta name=\"twitter:data2\" content=\"10 minut\" \/>\n<script type=\"application\/ld+json\" class=\"yoast-schema-graph\">{\"@context\":\"https:\/\/schema.org\",\"@graph\":[{\"@type\":\"WebPage\",\"@id\":\"https:\/\/universofamilia.com\/ko\/ambiental\/\",\"url\":\"https:\/\/universofamilia.com\/ko\/ambiental\/\",\"name\":\"10 acciones sustentables para reducir la crisis ambiental - Universo Fam\u00edlia\",\"isPartOf\":{\"@id\":\"https:\/\/universofamilia.com\/el\/#website\"},\"primaryImageOfPage\":{\"@id\":\"https:\/\/universofamilia.com\/ko\/ambiental\/#primaryimage\"},\"image\":{\"@id\":\"https:\/\/universofamilia.com\/ko\/ambiental\/#primaryimage\"},\"thumbnailUrl\":\"https:\/\/universofamilia.com\/wp-content\/uploads\/sites\/148\/2025\/10\/Destaque-Novo-Universo-2.jpg\",\"datePublished\":\"2025-10-13T15:50:28+00:00\",\"dateModified\":\"2025-10-16T18:40:53+00:00\",\"author\":{\"@id\":\"https:\/\/universofamilia.com\/el\/#\/schema\/person\/92fcd07e9b1f4323bf74f3170fc0f78a\"},\"description\":\"Las 10 acciones sustentables para reducir los efectos de la crisis ambiental se han convertido en una prioridad urgente para la humanidad.\",\"breadcrumb\":{\"@id\":\"https:\/\/universofamilia.com\/ko\/ambiental\/#breadcrumb\"},\"inLanguage\":\"pl-PL\",\"potentialAction\":[{\"@type\":\"ReadAction\",\"target\":[\"https:\/\/universofamilia.com\/ko\/ambiental\/\"]}]},{\"@type\":\"ImageObject\",\"inLanguage\":\"pl-PL\",\"@id\":\"https:\/\/universofamilia.com\/ko\/ambiental\/#primaryimage\",\"url\":\"https:\/\/universofamilia.com\/wp-content\/uploads\/sites\/148\/2025\/10\/Destaque-Novo-Universo-2.jpg\",\"contentUrl\":\"https:\/\/universofamilia.com\/wp-content\/uploads\/sites\/148\/2025\/10\/Destaque-Novo-Universo-2.jpg\",\"width\":450,\"height\":250},{\"@type\":\"BreadcrumbList\",\"@id\":\"https:\/\/universofamilia.com\/ko\/ambiental\/#breadcrumb\",\"itemListElement\":[{\"@type\":\"ListItem\",\"position\":1,\"name\":\"Home\",\"item\":\"https:\/\/universofamilia.com\/el\/\"},{\"@type\":\"ListItem\",\"position\":2,\"name\":\"10 acciones sustentables para reducir la crisis ambiental\"}]},{\"@type\":\"WebSite\",\"@id\":\"https:\/\/universofamilia.com\/el\/#website\",\"url\":\"https:\/\/universofamilia.com\/el\/\",\"name\":\"Universo Fam\u00edlia\",\"description\":\"\",\"potentialAction\":[{\"@type\":\"SearchAction\",\"target\":{\"@type\":\"EntryPoint\",\"urlTemplate\":\"https:\/\/universofamilia.com\/el\/?s={search_term_string}\"},\"query-input\":\"required name=search_term_string\"}],\"inLanguage\":\"pl-PL\"},{\"@type\":\"Person\",\"@id\":\"https:\/\/universofamilia.com\/el\/#\/schema\/person\/92fcd07e9b1f4323bf74f3170fc0f78a\",\"name\":\"Matheus Sangaletti\",\"image\":{\"@type\":\"ImageObject\",\"inLanguage\":\"pl-PL\",\"@id\":\"https:\/\/universofamilia.com\/el\/#\/schema\/person\/image\/\",\"url\":\"https:\/\/secure.gravatar.com\/avatar\/280ea957a14a48e6a1ad2133d2cc27c9?s=96&d=mm&r=g\",\"contentUrl\":\"https:\/\/secure.gravatar.com\/avatar\/280ea957a14a48e6a1ad2133d2cc27c9?s=96&d=mm&r=g\",\"caption\":\"Matheus Sangaletti\"},\"url\":\"https:\/\/universofamilia.com\/pl\/author\/matheuss\/\"}]}<\/script>\n<!-- \/ Yoast SEO plugin. -->","yoast_head_json":{"title":"10 acciones sustentables para reducir la crisis ambiental - Universo Fam\u00edlia","description":"Las 10 acciones sustentables para reducir los efectos de la crisis ambiental se han convertido en una prioridad urgente para la humanidad.","robots":{"index":"index","follow":"follow","max-snippet":"max-snippet:-1","max-image-preview":"max-image-preview:large","max-video-preview":"max-video-preview:-1"},"canonical":"https:\/\/universofamilia.com\/pl\/ambiental\/","og_locale":"pl_PL","og_type":"article","og_title":"10 acciones sustentables para reducir la crisis ambiental - Universo Fam\u00edlia","og_description":"Las 10 acciones sustentables para reducir los efectos de la crisis ambiental se han convertido en una prioridad urgente para la humanidad.","og_url":"https:\/\/universofamilia.com\/pl\/ambiental\/","og_site_name":"Universo Fam\u00edlia","article_published_time":"2025-10-13T15:50:28+00:00","article_modified_time":"2025-10-16T18:40:53+00:00","og_image":[{"width":450,"height":250,"url":"https:\/\/universofamilia.com\/wp-content\/uploads\/sites\/148\/2025\/10\/Destaque-Novo-Universo-2.jpg","type":"image\/jpeg"}],"author":"Matheus Sangaletti","twitter_card":"summary_large_image","twitter_misc":{"Written by":"Matheus Sangaletti","Est. reading time":"10 minut"},"schema":{"@context":"https:\/\/schema.org","@graph":[{"@type":"WebPage","@id":"https:\/\/universofamilia.com\/ko\/ambiental\/","url":"https:\/\/universofamilia.com\/ko\/ambiental\/","name":"10 acciones sustentables para reducir la crisis ambiental - Universo Fam\u00edlia","isPartOf":{"@id":"https:\/\/universofamilia.com\/el\/#website"},"primaryImageOfPage":{"@id":"https:\/\/universofamilia.com\/ko\/ambiental\/#primaryimage"},"image":{"@id":"https:\/\/universofamilia.com\/ko\/ambiental\/#primaryimage"},"thumbnailUrl":"https:\/\/universofamilia.com\/wp-content\/uploads\/sites\/148\/2025\/10\/Destaque-Novo-Universo-2.jpg","datePublished":"2025-10-13T15:50:28+00:00","dateModified":"2025-10-16T18:40:53+00:00","author":{"@id":"https:\/\/universofamilia.com\/el\/#\/schema\/person\/92fcd07e9b1f4323bf74f3170fc0f78a"},"description":"Las 10 acciones sustentables para reducir los efectos de la crisis ambiental se han convertido en una prioridad urgente para la humanidad.","breadcrumb":{"@id":"https:\/\/universofamilia.com\/ko\/ambiental\/#breadcrumb"},"inLanguage":"pl-PL","potentialAction":[{"@type":"ReadAction","target":["https:\/\/universofamilia.com\/ko\/ambiental\/"]}]},{"@type":"ImageObject","inLanguage":"pl-PL","@id":"https:\/\/universofamilia.com\/ko\/ambiental\/#primaryimage","url":"https:\/\/universofamilia.com\/wp-content\/uploads\/sites\/148\/2025\/10\/Destaque-Novo-Universo-2.jpg","contentUrl":"https:\/\/universofamilia.com\/wp-content\/uploads\/sites\/148\/2025\/10\/Destaque-Novo-Universo-2.jpg","width":450,"height":250},{"@type":"BreadcrumbList","@id":"https:\/\/universofamilia.com\/ko\/ambiental\/#breadcrumb","itemListElement":[{"@type":"ListItem","position":1,"name":"Home","item":"https:\/\/universofamilia.com\/el\/"},{"@type":"ListItem","position":2,"name":"10 acciones sustentables para reducir la crisis ambiental"}]},{"@type":"WebSite","@id":"https:\/\/universofamilia.com\/el\/#website","url":"https:\/\/universofamilia.com\/el\/","name":"Universo Fam\u00edlia","description":"","potentialAction":[{"@type":"SearchAction","target":{"@type":"EntryPoint","urlTemplate":"https:\/\/universofamilia.com\/el\/?s={search_term_string}"},"query-input":"required name=search_term_string"}],"inLanguage":"pl-PL"},{"@type":"Person","@id":"https:\/\/universofamilia.com\/el\/#\/schema\/person\/92fcd07e9b1f4323bf74f3170fc0f78a","name":"Matheus Sangaletti","image":{"@type":"ImageObject","inLanguage":"pl-PL","@id":"https:\/\/universofamilia.com\/el\/#\/schema\/person\/image\/","url":"https:\/\/secure.gravatar.com\/avatar\/280ea957a14a48e6a1ad2133d2cc27c9?s=96&d=mm&r=g","contentUrl":"https:\/\/secure.gravatar.com\/avatar\/280ea957a14a48e6a1ad2133d2cc27c9?s=96&d=mm&r=g","caption":"Matheus Sangaletti"},"url":"https:\/\/universofamilia.com\/pl\/author\/matheuss\/"}]}},"_links":{"self":[{"href":"https:\/\/universofamilia.com\/pl\/wp-json\/wp\/v2\/posts\/10073"}],"collection":[{"href":"https:\/\/universofamilia.com\/pl\/wp-json\/wp\/v2\/posts"}],"about":[{"href":"https:\/\/universofamilia.com\/pl\/wp-json\/wp\/v2\/types\/post"}],"author":[{"embeddable":true,"href":"https:\/\/universofamilia.com\/pl\/wp-json\/wp\/v2\/users\/219"}],"replies":[{"embeddable":true,"href":"https:\/\/universofamilia.com\/pl\/wp-json\/wp\/v2\/comments?post=10073"}],"version-history":[{"count":2,"href":"https:\/\/universofamilia.com\/pl\/wp-json\/wp\/v2\/posts\/10073\/revisions"}],"predecessor-version":[{"id":10170,"href":"https:\/\/universofamilia.com\/pl\/wp-json\/wp\/v2\/posts\/10073\/revisions\/10170"}],"wp:featuredmedia":[{"embeddable":true,"href":"https:\/\/universofamilia.com\/pl\/wp-json\/wp\/v2\/media\/10074"}],"wp:attachment":[{"href":"https:\/\/universofamilia.com\/pl\/wp-json\/wp\/v2\/media?parent=10073"}],"wp:term":[{"taxonomy":"category","embeddable":true,"href":"https:\/\/universofamilia.com\/pl\/wp-json\/wp\/v2\/categories?post=10073"},{"taxonomy":"post_tag","embeddable":true,"href":"https:\/\/universofamilia.com\/pl\/wp-json\/wp\/v2\/tags?post=10073"}],"curies":[{"name":"wp","href":"https:\/\/api.w.org\/{rel}","templated":true}]}}