{"id":10199,"date":"2025-10-23T14:55:44","date_gmt":"2025-10-23T17:55:44","guid":{"rendered":"https:\/\/universofamilia.com\/?p=10199"},"modified":"2025-10-23T14:55:46","modified_gmt":"2025-10-23T17:55:46","slug":"soft-skills-mas-valoradas-en-2025","status":"publish","type":"post","link":"https:\/\/universofamilia.com\/pl\/soft-skills-mas-valoradas-en-2025\/","title":{"rendered":"Najbardziej cenione umiej\u0119tno\u015bci mi\u0119kkie w 2025 roku"},"content":{"rendered":"<p class=\"has-text-align-center\">W \u015bwiecie pracy, w kt\u00f3rym technologia na nowo definiuje spos\u00f3b, w jaki pracujemy, zrozumienie <strong>Jak rozwija\u0107 najcenniejsze kompetencje mi\u0119kkie w 2025 roku<\/strong> staje si\u0119 niezb\u0119dne dla tych, kt\u00f3rzy chc\u0105 nie tylko przetrwa\u0107, ale i si\u0119 wyr\u00f3\u017cni\u0107.<\/p>\n\n\n\n<figure class=\"wp-block-gallery aligncenter has-nested-images columns-default is-cropped wp-block-gallery-1 is-layout-flex wp-block-gallery-is-layout-flex\">\n<figure class=\"wp-block-image size-full\"><img loading=\"lazy\" decoding=\"async\" width=\"450\" height=\"250\" data-id=\"10201\" src=\"https:\/\/universofamilia.com\/wp-content\/uploads\/sites\/148\/2025\/10\/Destaque-Novo-Universo-20-1.jpg\" alt=\"\" class=\"wp-image-10201\" srcset=\"https:\/\/universofamilia.com\/wp-content\/uploads\/sites\/148\/2025\/10\/Destaque-Novo-Universo-20-1.jpg 450w, https:\/\/universofamilia.com\/wp-content\/uploads\/sites\/148\/2025\/10\/Destaque-Novo-Universo-20-1-300x167.jpg 300w, https:\/\/universofamilia.com\/wp-content\/uploads\/sites\/148\/2025\/10\/Destaque-Novo-Universo-20-1-18x10.jpg 18w\" sizes=\"(max-width: 450px) 100vw, 450px\" \/><figcaption class=\"wp-element-caption\">CANVA<\/figcaption><\/figure>\n<\/figure>\n\n\n\n<p class=\"has-text-align-center\">Automatyzacja, sztuczna inteligencja, globalizacja i modele hybrydowe zmieni\u0142y dynamik\u0119 organizacji.<\/p>\n\n\n\n<p>Dzi\u015b posiadanie dyplomu uko\u0144czenia studi\u00f3w wy\u017cszych lub umiej\u0119tno\u015bci technicznych nie jest ju\u017c gwarancj\u0105 przydatno\u015bci; czynnikiem decyduj\u0105cym s\u0105 kompetencje ludzkie: komunikacja, zdolno\u015b\u0107 adaptacji, my\u015blenie krytyczne i inteligencja emocjonalna, mi\u0119dzy innymi.<\/p>\n\n\n\n<p><\/p>\n\n\n\n<p>W artykule tym przedstawiono dog\u0142\u0119bn\u0105 analiz\u0119 kompetencji mi\u0119kkich, kt\u00f3re b\u0119d\u0105 mia\u0142y znaczenie w tym roku.<\/p>\n\n\n\n<p>Najpierw przyjrzymy si\u0119 ich znaczeniu na dzisiejszym rynku pracy; nast\u0119pnie szczeg\u00f3\u0142owo om\u00f3wimy kluczowe umiej\u0119tno\u015bci, spos\u00f3b ich rozwijania i stosowania; na koniec przedstawimy przyk\u0142ady z \u017cycia wzi\u0119te, os\u00f3b, kt\u00f3re z powodzeniem po\u0142\u0105czy\u0142y te umiej\u0119tno\u015bci; a na koniec odpowiemy na cz\u0119sto zadawane pytania i om\u00f3wimy przysz\u0142e trendy.<\/p>\n\n\n\n<p>Wszystko to opiera si\u0119 na aktualnych danych i odniesieniach ze \u017ar\u00f3de\u0142 wiarygodnych.<\/p>\n\n\n\n<h2 class=\"wp-block-heading\">Znaczenie kompetencji mi\u0119kkich w erze technologicznej<\/h2>\n\n\n\n<p>Podczas gdy umiej\u0119tno\u015bci twarde \u2014 wiedza techniczna, taka jak programowanie, analiza danych czy in\u017cynieria \u2014 s\u0105 niezb\u0119dne, umiej\u0119tno\u015bci mi\u0119kkie to takie, kt\u00f3re pozwalaj\u0105 na efektywne zastosowanie tej wiedzy.<\/p>\n\n\n\n<p>Umiej\u0119tno\u015b\u0107 przewodzenia, komunikowania si\u0119, rozwi\u0105zywania problem\u00f3w i strategicznej wsp\u00f3\u0142pracy to cechy wyr\u00f3\u017cniaj\u0105ce profesjonalist\u00f3w w dynamicznych \u015brodowiskach.<\/p>\n\n\n\n<p>Zgodnie z <strong>Raport o przysz\u0142o\u015bci miejsc pracy 2025<\/strong> \u015awiatowego Forum Ekonomicznego szacuje si\u0119, \u017ce 39 % obecnych umiej\u0119tno\u015bci ulegnie zmianie lub stanie si\u0119 przestarza\u0142ych mi\u0119dzy 2025 a 2030 rokiem.<\/p>\n\n\n\n<p>Oznacza to, \u017ce aby utrzyma\u0107 si\u0119 na rynku, specjali\u015bci musz\u0105 \u0142\u0105czy\u0107 umiej\u0119tno\u015bci techniczne z kompetencjami ludzkimi. <\/p>\n\n\n\n<p><strong>Analogia:<\/strong> Wyobra\u017a sobie, \u017ce jeste\u015b cz\u0142onkiem ekipy ratowniczej dzia\u0142aj\u0105cej w wysokich g\u00f3rach.<\/p>\n\n\n\n<p>Nowoczesne narz\u0119dzia (technologia, oprogramowanie, sprz\u0119t) s\u0105 niezb\u0119dne, ale bez przyw\u00f3dztwa, komunikacji i umiej\u0119tno\u015bci adaptacji nawet najlepszy sprz\u0119t nie gwarantuje sukcesu.<\/p>\n\n\n\n<p>To samo dzieje si\u0119 w miejscu pracy: kompetencje interpersonalne s\u0105 si\u0142\u0105 nap\u0119dow\u0105 korzystania z dost\u0119pnych narz\u0119dzi.<\/p>\n\n\n\n<h2 class=\"wp-block-heading\">10 najbardziej cenionych umiej\u0119tno\u015bci mi\u0119kkich w 2025 roku<\/h2>\n\n\n\n<p>Poni\u017cej rozszerzamy list\u0119 o dziesi\u0119\u0107 kluczowych kompetencji ludzkich, podaj\u0105c praktyczne przyk\u0142ady ich zastosowania:<\/p>\n\n\n\n<h3 class=\"wp-block-heading\">1. Skuteczna komunikacja<\/h3>\n\n\n\n<p>Nie chodzi tylko o poprawn\u0105 mow\u0119 i pisanie, ale o jasne przekazywanie my\u015bli i aktywne s\u0142uchanie.<\/p>\n\n\n\n<p>W roku 2025 skuteczna komunikacja b\u0119dzie kluczowa dla zarz\u0105dzania zespo\u0142ami hybrydowymi i wsp\u00f3\u0142pracy z globalnymi wsp\u00f3\u0142pracownikami.<\/p>\n\n\n\n<p>Firmy takie jak Deloitte podaj\u0105, \u017ce 361% pracodawc\u00f3w uwa\u017ca komunikacj\u0119 za najwa\u017cniejsz\u0105 umiej\u0119tno\u015b\u0107 interpersonaln\u0105 maj\u0105c\u0105 wp\u0142yw na efektywno\u015b\u0107 pracy.<\/p>\n\n\n\n<p><strong>Przyk\u0142ad:<\/strong><\/p>\n\n\n\n<p>Ana, mened\u017cer ds. marketingu cyfrowego, pomaga swojemu globalnemu zespo\u0142owi zrozumie\u0107 cele kampanii za pomoc\u0105 jasnych wytycznych, ci\u0105g\u0142ego feedbacku i ustrukturyzowanych spotka\u0144 wirtualnych.<\/p>\n\n\n\n<p>Twoja komunikacja unika nieporozumie\u0144 i zwi\u0119ksza produktywno\u015b\u0107 dzi\u0119ki 25%.<\/p>\n\n\n\n<h3 class=\"wp-block-heading\">2. Adaptowalno\u015b\u0107 i odporno\u015b\u0107<\/h3>\n\n\n\n<p>Szybko\u015b\u0107 zmian technologicznych wymaga elastycznych specjalist\u00f3w, kt\u00f3rzy potrafi\u0105 radzi\u0107 sobie z niepewno\u015bci\u0105, nie rezygnuj\u0105c z wydajno\u015bci.<\/p>\n\n\n\n<p>Zdolno\u015b\u0107 adaptacji i odporno\u015b\u0107 pozwalaj\u0105 nam podejmowa\u0107 si\u0119 nowych r\u00f3l, integrowa\u0107 narz\u0119dzia cyfrowe i pokonywa\u0107 przeszkody.<\/p>\n\n\n\n<p><strong>Przyk\u0142ad:<\/strong><\/p>\n\n\n\n<p>Carlos, in\u017cynier produkcji, nauczy\u0142 si\u0119 korzysta\u0107 z platform automatyzacji i poprowadzi\u0142 projekt przej\u015bcia na Przemys\u0142 4.0, co pozwoli\u0142o skr\u00f3ci\u0107 czas produkcji o 15% i pokaza\u0107, w jaki spos\u00f3b odporno\u015b\u0107 przek\u0142ada si\u0119 na namacalne rezultaty.<\/p>\n\n\n\n<h3 class=\"wp-block-heading\">3. My\u015blenie krytyczne i rozwi\u0105zywanie problem\u00f3w<\/h3>\n\n\n\n<p>My\u015blenie krytyczne to umiej\u0119tno\u015b\u0107 analizowania sytuacji, kwestionowania za\u0142o\u017ce\u0144 i podejmowania \u015bwiadomych decyzji.<\/p>\n\n\n\n<p>Organizacje ceni\u0105 umiej\u0119tno\u015b\u0107 kreatywnego i skutecznego rozwi\u0105zywania z\u0142o\u017conych problem\u00f3w.<\/p>\n\n\n\n<p><strong>Istotne dane:<\/strong> Badania Hays wskazuj\u0105, \u017ce do 2025 roku umiej\u0119tno\u015b\u0107 krytycznego my\u015blenia b\u0119dzie trzeci\u0105 najbardziej poszukiwan\u0105 umiej\u0119tno\u015bci\u0105 interpersonaln\u0105, zaraz po komunikacji i zdolno\u015bci adaptacji.<\/p>\n\n\n\n<h3 class=\"wp-block-heading\">4. Inteligencja emocjonalna<\/h3>\n\n\n\n<p>Inteligencja emocjonalna pozwala nam rozpoznawa\u0107 i kontrolowa\u0107 w\u0142asne emocje oraz emocje innych, co jest kluczem do kierowania si\u0119 empati\u0105 i podejmowania etycznych decyzji.<\/p>\n\n\n\n<p>Zespo\u0142y kierowane przez lider\u00f3w o wysokiej inteligencji emocjonalnej wykazuj\u0105 nawet o 30% wi\u0119ksze zaanga\u017cowanie w prac\u0119.<\/p>\n\n\n\n<h3 class=\"wp-block-heading\">5. Praca zespo\u0142owa i wsp\u00f3\u0142praca<\/h3>\n\n\n\n<p>Efektywna wsp\u00f3\u0142praca jest niezb\u0119dna w przypadku projekt\u00f3w interdyscyplinarnych i zdalnych.<\/p>\n\n\n\n<p>Umiej\u0119tno\u015b\u0107 dzielenia si\u0119 wiedz\u0105, s\u0142uchania pomys\u0142\u00f3w i proponowania rozwi\u0105za\u0144 przyczynia si\u0119 do wsp\u00f3lnego sukcesu.<\/p>\n\n\n\n<h3 class=\"wp-block-heading\">6. Kreatywno\u015b\u0107 i innowacyjno\u015b\u0107<\/h3>\n\n\n\n<p>Opr\u00f3cz przestrzegania protoko\u0142\u00f3w firmy poszukuj\u0105 os\u00f3b, kt\u00f3re potrafi\u0105 generowa\u0107 oryginalne pomys\u0142y i prze\u0142omowe rozwi\u0105zania.<\/p>\n\n\n\n<p>W \u015bwiecie, w kt\u00f3rym sztuczna inteligencja automatyzuje powtarzalne zadania, ludzka kreatywno\u015b\u0107 staje si\u0119 strategicznym zasobem.<\/p>\n\n\n\n<h3 class=\"wp-block-heading\">7. Zarz\u0105dzanie czasem i produktywno\u015b\u0107<\/h3>\n\n\n\n<p>Praca hybrydowa wymaga wydajno\u015bci.<\/p>\n\n\n\n<p>Ustalanie priorytet\u00f3w zada\u0144, organizacja projekt\u00f3w i samodzielne osi\u0105ganie cel\u00f3w to kluczowe umiej\u0119tno\u015bci, kt\u00f3re bezpo\u015brednio wp\u0142ywaj\u0105 na rentowno\u015b\u0107 przedsi\u0119biorstwa.<\/p>\n\n\n\n<h3 class=\"wp-block-heading\">8. Zdolno\u015b\u0107 do ci\u0105g\u0142ego uczenia si\u0119<\/h3>\n\n\n\n<p>Ci\u0105g\u0142e kszta\u0142cenie jest niezb\u0119dne, aby dostosowywa\u0107 si\u0119 do nowych narz\u0119dzi, metodologii i trend\u00f3w.<\/p>\n\n\n\n<p>Sta\u0142a edukacja gwarantuje przydatno\u015b\u0107 zawodow\u0105 i umiej\u0119tno\u015b\u0107 podejmowania nowych r\u00f3l.<\/p>\n\n\n\n<h3 class=\"wp-block-heading\">9. Przyw\u00f3dztwo inkluzywne<\/h3>\n\n\n\n<p>Kierowanie zr\u00f3\u017cnicowanymi zespo\u0142ami wymaga empatii, wizji i umiej\u0119tno\u015bci motywacyjnych. Lider inkluzywny tworzy \u015brodowisko wsp\u00f3\u0142pracy, innowacji i zaanga\u017cowania.<\/p>\n\n\n\n<h3 class=\"wp-block-heading\">10. Negocjacje i rozwi\u0105zywanie konflikt\u00f3w<\/h3>\n\n\n\n<p>Wiedza o tym, jak osi\u0105ga\u0107 porozumienia, mediatorowa\u0107 w sporach i budowa\u0107 konsensus, jest niezb\u0119dna w z\u0142o\u017conych i konkurencyjnych \u015brodowiskach. <\/p>\n\n\n\n<p>Umiej\u0119tno\u015bci te przyczyniaj\u0105 si\u0119 do utrzymania zdrowych i produktywnych relacji w pracy.<\/p>\n\n\n\n<h2 class=\"wp-block-heading\">Tabela kompetencji mi\u0119kkich i prognozowanego zapotrzebowania w 2025 r.<\/h2>\n\n\n\n<figure class=\"wp-block-table\"><table><thead><tr><th>Umiej\u0119tno\u015bci mi\u0119kkie<\/th><th>Szacowane zapotrzebowanie (%)<\/th><th>Wp\u0142yw na produktywno\u015b\u0107<\/th><\/tr><\/thead><tbody><tr><td>Skuteczna komunikacja<\/td><td>36%<\/td><td>Wysoki<\/td><\/tr><tr><td>Adaptowalno\u015b\u0107 i odporno\u015b\u0107<\/td><td>34%<\/td><td>Bardzo wysoki<\/td><\/tr><tr><td>My\u015blenie krytyczne<\/td><td>32%<\/td><td>Wysoki<\/td><\/tr><tr><td>Inteligencja emocjonalna<\/td><td>30%<\/td><td>Wysoki<\/td><\/tr><tr><td>Praca zespo\u0142owa<\/td><td>28%<\/td><td>\u015arednio-wysoki<\/td><\/tr><tr><td>Kreatywno\u015b\u0107<\/td><td>25%<\/td><td>Wysoki<\/td><\/tr><tr><td>Zarz\u0105dzanie czasem<\/td><td>22%<\/td><td>Przeci\u0119tny<\/td><\/tr><tr><td>Ci\u0105g\u0142a nauka<\/td><td>20%<\/td><td>Przeci\u0119tny<\/td><\/tr><tr><td>Przyw\u00f3dztwo inkluzywne<\/td><td>18%<\/td><td>Przeci\u0119tny<\/td><\/tr><tr><td>Negocjacja<\/td><td>15%<\/td><td>Przeci\u0119tny<\/td><\/tr><\/tbody><\/table><figcaption class=\"wp-element-caption\">\u0179r\u00f3d\u0142o: Hays, \u015awiatowe Forum Ekonomiczne, 2025.<\/figcaption><\/figure>\n\n\n\n<figure class=\"wp-block-gallery aligncenter has-nested-images columns-default is-cropped wp-block-gallery-2 is-layout-flex wp-block-gallery-is-layout-flex\">\n<figure class=\"wp-block-image size-full\"><img loading=\"lazy\" decoding=\"async\" width=\"450\" height=\"250\" data-id=\"10202\" src=\"https:\/\/universofamilia.com\/wp-content\/uploads\/sites\/148\/2025\/10\/Destaque-Novo-Universo-21.jpg\" alt=\"\" class=\"wp-image-10202\" srcset=\"https:\/\/universofamilia.com\/wp-content\/uploads\/sites\/148\/2025\/10\/Destaque-Novo-Universo-21.jpg 450w, https:\/\/universofamilia.com\/wp-content\/uploads\/sites\/148\/2025\/10\/Destaque-Novo-Universo-21-300x167.jpg 300w, https:\/\/universofamilia.com\/wp-content\/uploads\/sites\/148\/2025\/10\/Destaque-Novo-Universo-21-18x10.jpg 18w\" sizes=\"(max-width: 450px) 100vw, 450px\" \/><figcaption class=\"wp-element-caption\">CANVA<\/figcaption><\/figure>\n<\/figure>\n\n\n\n<p>Czytaj wi\u0119cej:\u00a0<a href=\"https:\/\/universofamilia.com\/pl\/el-teletrabajo-en-2025-las-nuevas-tendencias-del-home-office\/\">Telepraca w 2025 roku: Nowe trendy w pracy zdalnej<\/a><\/p>\n\n\n\n<h2 class=\"wp-block-heading\">Jak rozwija\u0107 te umiej\u0119tno\u015bci mi\u0119kkie<\/h2>\n\n\n\n<ol>\n<li><strong>Skuteczna komunikacja:<\/strong> warsztaty z wyst\u0105pie\u0144 publicznych, regularne prezentacje, ocena 360\u00ba.<\/li>\n\n\n\n<li><strong>Zdolno\u015b\u0107 adaptacji:<\/strong> nowe kursy technologiczne, projekty pilota\u017cowe, mentoring.<\/li>\n\n\n\n<li><strong>My\u015blenie krytyczne:<\/strong> analiza przypadk\u00f3w, debaty i \u0107wiczenia rozwi\u0105zywania problem\u00f3w.<\/li>\n\n\n\n<li><strong>Inteligencja emocjonalna:<\/strong> uwa\u017cno\u015b\u0107, coaching i okresowa samoocena.<\/li>\n\n\n\n<li><strong>Praca zespo\u0142owa:<\/strong> udzia\u0142 w projektach wsp\u00f3\u0142pracy i wolontariacie pracowniczym.<\/li>\n\n\n\n<li><strong>Kreatywno\u015b\u0107:<\/strong> przestrzenie do innowacji, burzy m\u00f3zg\u00f3w i szybkiego prototypowania.<\/li>\n\n\n\n<li><strong>Zarz\u0105dzanie czasem:<\/strong> narz\u0119dzia do cyfrowej produktywno\u015bci, planowanie tygodniowe.<\/li>\n\n\n\n<li><strong>Ci\u0105g\u0142a nauka:<\/strong> kursy online, webinaria, czytanie trend\u00f3w.<\/li>\n\n\n\n<li><strong>Przyw\u00f3dztwo inkluzywne:<\/strong> szkolenia z zakresu r\u00f3\u017cnorodno\u015bci, mentoring i feedback zespo\u0142owy.<\/li>\n\n\n\n<li><strong>Negocjacja:<\/strong> odgrywanie r\u00f3l, studia przypadk\u00f3w i symulacje konflikt\u00f3w.<\/li>\n<\/ol>\n\n\n\n<h2 class=\"wp-block-heading\">Sektory, w kt\u00f3rych kompetencje mi\u0119kkie maj\u0105 najwi\u0119kszy wp\u0142yw w Meksyku<\/h2>\n\n\n\n<ul>\n<li><strong>Technologia:<\/strong> wsp\u00f3\u0142praca, zdolno\u015b\u0107 adaptacji i ci\u0105g\u0142a nauka.<\/li>\n\n\n\n<li><strong>Us\u0142ugi finansowe:<\/strong> komunikacja, negocjacje i my\u015blenie krytyczne.<\/li>\n\n\n\n<li><strong>Handel detaliczny i handel:<\/strong> obs\u0142uga klienta, odporno\u015b\u0107 i zarz\u0105dzanie czasem.<\/li>\n\n\n\n<li><strong>Produkcja:<\/strong> praca zespo\u0142owa, rozwi\u0105zywanie problem\u00f3w i przyw\u00f3dztwo inkluzywne.<\/li>\n\n\n\n<li><strong>Doradztwo i edukacja:<\/strong> kreatywno\u015b\u0107, inteligencja emocjonalna i przyw\u00f3dztwo.<\/li>\n<\/ul>\n\n\n\n<h2 class=\"wp-block-heading\">Profesjonalne przyk\u0142ady zastosowa\u0144<\/h2>\n\n\n\n<p><strong>Przyk\u0142ad 1:<\/strong> Laura, specjalistka ds. zasob\u00f3w ludzkich, wdra\u017ca People Analytics, wykorzystuj\u0105c inteligencj\u0119 emocjonaln\u0105 do interpretacji danych dotycz\u0105cych wydajno\u015bci i \u015brodowiska pracy.<\/p>\n\n\n\n<p>Ich podej\u015bcie pozwala na popraw\u0119 retencji talent\u00f3w o 18%.<\/p>\n\n\n\n<p><strong>Przyk\u0142ad 2:<\/strong> Juan, projektant UX, \u0142\u0105czy kreatywno\u015b\u0107 i my\u015blenie krytyczne, aby ulepszy\u0107 do\u015bwiadczenia u\u017cytkownik\u00f3w aplikacji finansowych, zwi\u0119kszaj\u0105c zaanga\u017cowanie i redukuj\u0105c b\u0142\u0119dy nawigacyjne.<\/p>\n\n\n\n<h2 class=\"wp-block-heading\">Strategia integracji kompetencji mi\u0119kkich z karier\u0105<\/h2>\n\n\n\n<ol>\n<li><strong>Samoocena:<\/strong> identyfikuje mocne strony i obszary wymagaj\u0105ce poprawy.<\/li>\n\n\n\n<li><strong>Plan rozwoju:<\/strong> wybierz najbardziej odpowiednie umiej\u0119tno\u015bci w zale\u017cno\u015bci od sektora, w kt\u00f3rym dzia\u0142asz.<\/li>\n\n\n\n<li><strong>Sta\u0142a praktyka:<\/strong> zastosuj zdobyt\u0105 wiedz\u0119 w rzeczywistych projektach.<\/li>\n\n\n\n<li><strong>Widoczno\u015b\u0107:<\/strong> prezentuj swoje umiej\u0119tno\u015bci w sieciach kontakt\u00f3w zawodowych i podczas rozm\u00f3w kwalifikacyjnych.<\/li>\n\n\n\n<li><strong>Ocena okresowa:<\/strong> mierzy post\u0119p i dostosowuje cele do zmian na rynku.<\/li>\n<\/ol>\n\n\n\n<h2 class=\"wp-block-heading\">Trendy, kt\u00f3re b\u0119d\u0105 mia\u0142y wp\u0142yw na kompetencje mi\u0119kkie w 2025 roku<\/h2>\n\n\n\n<ul>\n<li>Sztuczna inteligencja i automatyzacja b\u0119d\u0105 wymaga\u0107 wi\u0119kszej wsp\u00f3\u0142pracy cz\u0142owieka i maszyny.<\/li>\n\n\n\n<li>Zespo\u0142y hybrydowe k\u0142ad\u0105 wi\u0119kszy nacisk na jasn\u0105 komunikacj\u0119 i zarz\u0105dzanie czasem.<\/li>\n\n\n\n<li>R\u00f3\u017cnorodno\u015b\u0107 pokoleniowa i kulturowa wymaga inkluzywnego przyw\u00f3dztwa i empatii.<\/li>\n<\/ul>\n\n\n\n<p>Tendencje te podkre\u015blaj\u0105, \u017ce umiej\u0119tno\u015bci ludzkie nadal b\u0119d\u0105 czynnikiem decyduj\u0105cym, nawet w wysoce technologicznym \u015brodowisku.<\/p>\n\n\n\n<h2 class=\"wp-block-heading\">Wniosek<\/h2>\n\n\n\n<p>Ten <strong>Najbardziej cenione umiej\u0119tno\u015bci mi\u0119kkie w 2025 roku<\/strong> Nie s\u0105 luksusem ani dodatkiem; s\u0105 niezb\u0119dne, aby wyr\u00f3\u017cni\u0107 si\u0119 na zmieniaj\u0105cym si\u0119 rynku pracy. Rozwijanie ich pozwala:<\/p>\n\n\n\n<ul>\n<li>Dostosuj si\u0119 do nowych r\u00f3l i technologii.<\/li>\n\n\n\n<li>Efektywna wsp\u00f3\u0142praca z r\u00f3\u017cnymi zespo\u0142ami.<\/li>\n\n\n\n<li>Podejmuj \u015bwiadome i kreatywne decyzje.<\/li>\n\n\n\n<li>Kieruj si\u0119 empati\u0105 i strategiczn\u0105 wizj\u0105.<\/li>\n<\/ul>\n\n\n\n<p>Inwestowanie w te umiej\u0119tno\u015bci jest inwestycj\u0105 w Twoj\u0105 zawodow\u0105 przysz\u0142o\u015b\u0107, zapewniaj\u0105c\u0105 nie tylko przetrwanie Twojej kariery, ale i jej rozw\u00f3j.<\/p>\n\n\n\n<p>Czytaj wi\u0119cej:<a href=\"https:\/\/universofamilia.com\/pl\/tres-pilares-esenciales-para-una-carrera-robusta\/\">\u00a0Trzy niezb\u0119dne filary solidnej kariery<\/a><\/p>\n\n\n\n<h2 class=\"wp-block-heading\">Cz\u0119sto zadawane pytania<\/h2>\n\n\n\n<p><strong>Dlaczego umiej\u0119tno\u015bci mi\u0119kkie s\u0105 wa\u017cniejsze od umiej\u0119tno\u015bci twardych?<\/strong><br>Poniewa\u017c pozwalaj\u0105 skutecznie stosowa\u0107 wiedz\u0119 techniczn\u0105, dostosowywa\u0107 si\u0119 do zmian i wsp\u00f3\u0142pracowa\u0107 w z\u0142o\u017conych \u015brodowiskach.<\/p>\n\n\n\n<p><strong>Czy umiej\u0119tno\u015bci te mo\u017cna rozwin\u0105\u0107 samodzielnie?<\/strong><br>Tak, dzi\u0119ki ci\u0105g\u0142ej praktyce, opiniom zwrotnym, kursom online i do\u015bwiadczeniom z \u017cycia wzi\u0119tym.<\/p>\n\n\n\n<p><strong>Jaka umiej\u0119tno\u015b\u0107 interpersonalna jest obecnie najbardziej ceniona w Meksyku?<\/strong><br>Wed\u0142ug Haysa i \u015awiatowego Forum Ekonomicznego, na pierwszym miejscu stawia si\u0119 skuteczn\u0105 komunikacj\u0119 i zdolno\u015b\u0107 adaptacji.<\/p>\n\n\n\n<p><strong>Jak mog\u0119 mierzy\u0107 post\u0119py w zakresie umiej\u0119tno\u015bci mi\u0119kkich?<\/strong><br>Poprzez okresowe samooceny, opinie od wsp\u00f3\u0142pracownik\u00f3w i namacalne wyniki projektu.<\/p>\n\n\n\n<p><strong>Kt\u00f3re sektory wymagaj\u0105 najwi\u0119kszej kreatywno\u015bci i innowacyjno\u015bci?<\/strong><br>Technologia, doradztwo, projektowanie, marketing cyfrowy i edukacja to sektory, w kt\u00f3rych zapotrzebowanie na kreatywno\u015b\u0107 jest najwi\u0119ksze.<\/p>","protected":false},"excerpt":{"rendered":"<p>W \u015bwiecie pracy, w kt\u00f3rym technologia na nowo definiuje spos\u00f3b, w jaki pracujemy, zrozumienie, jak wykorzysta\u0107 najcenniejsze kompetencje mi\u0119kkie w 2025 roku, staje si\u0119 niezb\u0119dne dla tych, kt\u00f3rzy chc\u0105 nie tylko przetrwa\u0107, ale i si\u0119 wyr\u00f3\u017cnia\u0107. Automatyzacja, sztuczna inteligencja, globalizacja i modele hybrydowe zmieni\u0142y dynamik\u0119 organizacji. Dzi\u015b posiadanie dyplomu [\u2026]<\/p>","protected":false},"author":219,"featured_media":10200,"comment_status":"closed","ping_status":"open","sticky":false,"template":"","format":"standard","meta":{"footnotes":""},"categories":[5],"tags":[],"yoast_head":"<!-- This site is optimized with the Yoast SEO plugin v23.3 - https:\/\/yoast.com\/wordpress\/plugins\/seo\/ -->\n<title>Soft skills m\u00e1s valoradas en 2025 - Universo Fam\u00edlia<\/title>\n<meta name=\"description\" content=\"En un mundo laboral donde la tecnolog\u00eda redefine la manera de trabajar, entender c\u00f3mo potenciar las soft skills m\u00e1s valoradas en 2025 se...\" \/>\n<meta name=\"robots\" content=\"index, follow, max-snippet:-1, max-image-preview:large, max-video-preview:-1\" \/>\n<link rel=\"canonical\" href=\"https:\/\/universofamilia.com\/pl\/soft-skills-mas-valoradas-en-2025\/\" \/>\n<meta property=\"og:locale\" content=\"pl_PL\" \/>\n<meta property=\"og:type\" content=\"article\" \/>\n<meta property=\"og:title\" content=\"Soft skills m\u00e1s valoradas en 2025 - Universo Fam\u00edlia\" \/>\n<meta property=\"og:description\" content=\"En un mundo laboral donde la tecnolog\u00eda redefine la manera de trabajar, entender c\u00f3mo potenciar las soft skills m\u00e1s valoradas en 2025 se...\" \/>\n<meta property=\"og:url\" content=\"https:\/\/universofamilia.com\/pl\/soft-skills-mas-valoradas-en-2025\/\" \/>\n<meta property=\"og:site_name\" content=\"Universo Fam\u00edlia\" \/>\n<meta property=\"article:published_time\" content=\"2025-10-23T17:55:44+00:00\" \/>\n<meta property=\"article:modified_time\" content=\"2025-10-23T17:55:46+00:00\" \/>\n<meta property=\"og:image\" content=\"https:\/\/universofamilia.com\/wp-content\/uploads\/sites\/148\/2025\/10\/Destaque-Novo-Universo-20.jpg\" \/>\n\t<meta property=\"og:image:width\" content=\"450\" \/>\n\t<meta property=\"og:image:height\" content=\"250\" \/>\n\t<meta property=\"og:image:type\" content=\"image\/jpeg\" \/>\n<meta name=\"author\" content=\"Matheus Sangaletti\" \/>\n<meta name=\"twitter:card\" content=\"summary_large_image\" \/>\n<meta name=\"twitter:label1\" content=\"Written by\" \/>\n\t<meta name=\"twitter:data1\" content=\"Matheus Sangaletti\" \/>\n\t<meta name=\"twitter:label2\" content=\"Est. reading time\" \/>\n\t<meta name=\"twitter:data2\" content=\"9 minut\" \/>\n<script type=\"application\/ld+json\" class=\"yoast-schema-graph\">{\"@context\":\"https:\/\/schema.org\",\"@graph\":[{\"@type\":\"WebPage\",\"@id\":\"https:\/\/universofamilia.com\/sr\/soft-skills-mas-valoradas-en-2025\/\",\"url\":\"https:\/\/universofamilia.com\/sr\/soft-skills-mas-valoradas-en-2025\/\",\"name\":\"Soft skills m\u00e1s valoradas en 2025 - Universo Fam\u00edlia\",\"isPartOf\":{\"@id\":\"https:\/\/universofamilia.com\/el\/#website\"},\"primaryImageOfPage\":{\"@id\":\"https:\/\/universofamilia.com\/sr\/soft-skills-mas-valoradas-en-2025\/#primaryimage\"},\"image\":{\"@id\":\"https:\/\/universofamilia.com\/sr\/soft-skills-mas-valoradas-en-2025\/#primaryimage\"},\"thumbnailUrl\":\"https:\/\/universofamilia.com\/wp-content\/uploads\/sites\/148\/2025\/10\/Destaque-Novo-Universo-20.jpg\",\"datePublished\":\"2025-10-23T17:55:44+00:00\",\"dateModified\":\"2025-10-23T17:55:46+00:00\",\"author\":{\"@id\":\"https:\/\/universofamilia.com\/el\/#\/schema\/person\/92fcd07e9b1f4323bf74f3170fc0f78a\"},\"description\":\"En un mundo laboral donde la tecnolog\u00eda redefine la manera de trabajar, entender c\u00f3mo potenciar las soft skills m\u00e1s valoradas en 2025 se...\",\"breadcrumb\":{\"@id\":\"https:\/\/universofamilia.com\/sr\/soft-skills-mas-valoradas-en-2025\/#breadcrumb\"},\"inLanguage\":\"pl-PL\",\"potentialAction\":[{\"@type\":\"ReadAction\",\"target\":[\"https:\/\/universofamilia.com\/sr\/soft-skills-mas-valoradas-en-2025\/\"]}]},{\"@type\":\"ImageObject\",\"inLanguage\":\"pl-PL\",\"@id\":\"https:\/\/universofamilia.com\/sr\/soft-skills-mas-valoradas-en-2025\/#primaryimage\",\"url\":\"https:\/\/universofamilia.com\/wp-content\/uploads\/sites\/148\/2025\/10\/Destaque-Novo-Universo-20.jpg\",\"contentUrl\":\"https:\/\/universofamilia.com\/wp-content\/uploads\/sites\/148\/2025\/10\/Destaque-Novo-Universo-20.jpg\",\"width\":450,\"height\":250},{\"@type\":\"BreadcrumbList\",\"@id\":\"https:\/\/universofamilia.com\/sr\/soft-skills-mas-valoradas-en-2025\/#breadcrumb\",\"itemListElement\":[{\"@type\":\"ListItem\",\"position\":1,\"name\":\"Home\",\"item\":\"https:\/\/universofamilia.com\/el\/\"},{\"@type\":\"ListItem\",\"position\":2,\"name\":\"Soft skills m\u00e1s valoradas en 2025\"}]},{\"@type\":\"WebSite\",\"@id\":\"https:\/\/universofamilia.com\/el\/#website\",\"url\":\"https:\/\/universofamilia.com\/el\/\",\"name\":\"Universo Fam\u00edlia\",\"description\":\"\",\"potentialAction\":[{\"@type\":\"SearchAction\",\"target\":{\"@type\":\"EntryPoint\",\"urlTemplate\":\"https:\/\/universofamilia.com\/el\/?s={search_term_string}\"},\"query-input\":\"required name=search_term_string\"}],\"inLanguage\":\"pl-PL\"},{\"@type\":\"Person\",\"@id\":\"https:\/\/universofamilia.com\/el\/#\/schema\/person\/92fcd07e9b1f4323bf74f3170fc0f78a\",\"name\":\"Matheus Sangaletti\",\"image\":{\"@type\":\"ImageObject\",\"inLanguage\":\"pl-PL\",\"@id\":\"https:\/\/universofamilia.com\/el\/#\/schema\/person\/image\/\",\"url\":\"https:\/\/secure.gravatar.com\/avatar\/280ea957a14a48e6a1ad2133d2cc27c9?s=96&d=mm&r=g\",\"contentUrl\":\"https:\/\/secure.gravatar.com\/avatar\/280ea957a14a48e6a1ad2133d2cc27c9?s=96&d=mm&r=g\",\"caption\":\"Matheus Sangaletti\"},\"url\":\"https:\/\/universofamilia.com\/pl\/author\/matheuss\/\"}]}<\/script>\n<!-- \/ Yoast SEO plugin. -->","yoast_head_json":{"title":"Soft skills m\u00e1s valoradas en 2025 - Universo Fam\u00edlia","description":"En un mundo laboral donde la tecnolog\u00eda redefine la manera de trabajar, entender c\u00f3mo potenciar las soft skills m\u00e1s valoradas en 2025 se...","robots":{"index":"index","follow":"follow","max-snippet":"max-snippet:-1","max-image-preview":"max-image-preview:large","max-video-preview":"max-video-preview:-1"},"canonical":"https:\/\/universofamilia.com\/pl\/soft-skills-mas-valoradas-en-2025\/","og_locale":"pl_PL","og_type":"article","og_title":"Soft skills m\u00e1s valoradas en 2025 - Universo Fam\u00edlia","og_description":"En un mundo laboral donde la tecnolog\u00eda redefine la manera de trabajar, entender c\u00f3mo potenciar las soft skills m\u00e1s valoradas en 2025 se...","og_url":"https:\/\/universofamilia.com\/pl\/soft-skills-mas-valoradas-en-2025\/","og_site_name":"Universo Fam\u00edlia","article_published_time":"2025-10-23T17:55:44+00:00","article_modified_time":"2025-10-23T17:55:46+00:00","og_image":[{"width":450,"height":250,"url":"https:\/\/universofamilia.com\/wp-content\/uploads\/sites\/148\/2025\/10\/Destaque-Novo-Universo-20.jpg","type":"image\/jpeg"}],"author":"Matheus Sangaletti","twitter_card":"summary_large_image","twitter_misc":{"Written by":"Matheus Sangaletti","Est. reading time":"9 minut"},"schema":{"@context":"https:\/\/schema.org","@graph":[{"@type":"WebPage","@id":"https:\/\/universofamilia.com\/sr\/soft-skills-mas-valoradas-en-2025\/","url":"https:\/\/universofamilia.com\/sr\/soft-skills-mas-valoradas-en-2025\/","name":"Soft skills m\u00e1s valoradas en 2025 - Universo Fam\u00edlia","isPartOf":{"@id":"https:\/\/universofamilia.com\/el\/#website"},"primaryImageOfPage":{"@id":"https:\/\/universofamilia.com\/sr\/soft-skills-mas-valoradas-en-2025\/#primaryimage"},"image":{"@id":"https:\/\/universofamilia.com\/sr\/soft-skills-mas-valoradas-en-2025\/#primaryimage"},"thumbnailUrl":"https:\/\/universofamilia.com\/wp-content\/uploads\/sites\/148\/2025\/10\/Destaque-Novo-Universo-20.jpg","datePublished":"2025-10-23T17:55:44+00:00","dateModified":"2025-10-23T17:55:46+00:00","author":{"@id":"https:\/\/universofamilia.com\/el\/#\/schema\/person\/92fcd07e9b1f4323bf74f3170fc0f78a"},"description":"En un mundo laboral donde la tecnolog\u00eda redefine la manera de trabajar, entender c\u00f3mo potenciar las soft skills m\u00e1s valoradas en 2025 se...","breadcrumb":{"@id":"https:\/\/universofamilia.com\/sr\/soft-skills-mas-valoradas-en-2025\/#breadcrumb"},"inLanguage":"pl-PL","potentialAction":[{"@type":"ReadAction","target":["https:\/\/universofamilia.com\/sr\/soft-skills-mas-valoradas-en-2025\/"]}]},{"@type":"ImageObject","inLanguage":"pl-PL","@id":"https:\/\/universofamilia.com\/sr\/soft-skills-mas-valoradas-en-2025\/#primaryimage","url":"https:\/\/universofamilia.com\/wp-content\/uploads\/sites\/148\/2025\/10\/Destaque-Novo-Universo-20.jpg","contentUrl":"https:\/\/universofamilia.com\/wp-content\/uploads\/sites\/148\/2025\/10\/Destaque-Novo-Universo-20.jpg","width":450,"height":250},{"@type":"BreadcrumbList","@id":"https:\/\/universofamilia.com\/sr\/soft-skills-mas-valoradas-en-2025\/#breadcrumb","itemListElement":[{"@type":"ListItem","position":1,"name":"Home","item":"https:\/\/universofamilia.com\/el\/"},{"@type":"ListItem","position":2,"name":"Soft skills m\u00e1s valoradas en 2025"}]},{"@type":"WebSite","@id":"https:\/\/universofamilia.com\/el\/#website","url":"https:\/\/universofamilia.com\/el\/","name":"Universo Fam\u00edlia","description":"","potentialAction":[{"@type":"SearchAction","target":{"@type":"EntryPoint","urlTemplate":"https:\/\/universofamilia.com\/el\/?s={search_term_string}"},"query-input":"required name=search_term_string"}],"inLanguage":"pl-PL"},{"@type":"Person","@id":"https:\/\/universofamilia.com\/el\/#\/schema\/person\/92fcd07e9b1f4323bf74f3170fc0f78a","name":"Matheus Sangaletti","image":{"@type":"ImageObject","inLanguage":"pl-PL","@id":"https:\/\/universofamilia.com\/el\/#\/schema\/person\/image\/","url":"https:\/\/secure.gravatar.com\/avatar\/280ea957a14a48e6a1ad2133d2cc27c9?s=96&d=mm&r=g","contentUrl":"https:\/\/secure.gravatar.com\/avatar\/280ea957a14a48e6a1ad2133d2cc27c9?s=96&d=mm&r=g","caption":"Matheus Sangaletti"},"url":"https:\/\/universofamilia.com\/pl\/author\/matheuss\/"}]}},"_links":{"self":[{"href":"https:\/\/universofamilia.com\/pl\/wp-json\/wp\/v2\/posts\/10199"}],"collection":[{"href":"https:\/\/universofamilia.com\/pl\/wp-json\/wp\/v2\/posts"}],"about":[{"href":"https:\/\/universofamilia.com\/pl\/wp-json\/wp\/v2\/types\/post"}],"author":[{"embeddable":true,"href":"https:\/\/universofamilia.com\/pl\/wp-json\/wp\/v2\/users\/219"}],"replies":[{"embeddable":true,"href":"https:\/\/universofamilia.com\/pl\/wp-json\/wp\/v2\/comments?post=10199"}],"version-history":[{"count":1,"href":"https:\/\/universofamilia.com\/pl\/wp-json\/wp\/v2\/posts\/10199\/revisions"}],"predecessor-version":[{"id":10203,"href":"https:\/\/universofamilia.com\/pl\/wp-json\/wp\/v2\/posts\/10199\/revisions\/10203"}],"wp:featuredmedia":[{"embeddable":true,"href":"https:\/\/universofamilia.com\/pl\/wp-json\/wp\/v2\/media\/10200"}],"wp:attachment":[{"href":"https:\/\/universofamilia.com\/pl\/wp-json\/wp\/v2\/media?parent=10199"}],"wp:term":[{"taxonomy":"category","embeddable":true,"href":"https:\/\/universofamilia.com\/pl\/wp-json\/wp\/v2\/categories?post=10199"},{"taxonomy":"post_tag","embeddable":true,"href":"https:\/\/universofamilia.com\/pl\/wp-json\/wp\/v2\/tags?post=10199"}],"curies":[{"name":"wp","href":"https:\/\/api.w.org\/{rel}","templated":true}]}}