{"id":10218,"date":"2025-10-27T13:27:29","date_gmt":"2025-10-27T16:27:29","guid":{"rendered":"https:\/\/universofamilia.com\/?p=10218"},"modified":"2025-10-27T13:27:40","modified_gmt":"2025-10-27T16:27:40","slug":"proteccion-familiar-en-tiempos-de-incertidumbre-economica","status":"publish","type":"post","link":"https:\/\/universofamilia.com\/pl\/proteccion-familiar-en-tiempos-de-incertidumbre-economica\/","title":{"rendered":"Ochrona rodziny w czasach niepewno\u015bci gospodarczej"},"content":{"rendered":"<p class=\"has-text-align-center\">W 2025 roku pytanie <strong>\u201eOchrona rodziny w czasach niepewno\u015bci gospodarczej\u201d<\/strong> staje si\u0119 bardziej istotne ni\u017c kiedykolwiek.<\/p>\n\n\n\n<figure class=\"wp-block-gallery aligncenter has-nested-images columns-default is-cropped wp-block-gallery-1 is-layout-flex wp-block-gallery-is-layout-flex\">\n<figure class=\"wp-block-image size-full\"><img loading=\"lazy\" decoding=\"async\" width=\"450\" height=\"250\" data-id=\"10220\" src=\"https:\/\/universofamilia.com\/wp-content\/uploads\/sites\/148\/2025\/10\/Destaque-Novo-Universo-25-1.jpg\" alt=\"\" class=\"wp-image-10220\" srcset=\"https:\/\/universofamilia.com\/wp-content\/uploads\/sites\/148\/2025\/10\/Destaque-Novo-Universo-25-1.jpg 450w, https:\/\/universofamilia.com\/wp-content\/uploads\/sites\/148\/2025\/10\/Destaque-Novo-Universo-25-1-300x167.jpg 300w, https:\/\/universofamilia.com\/wp-content\/uploads\/sites\/148\/2025\/10\/Destaque-Novo-Universo-25-1-18x10.jpg 18w\" sizes=\"(max-width: 450px) 100vw, 450px\" \/><figcaption class=\"wp-element-caption\">CANVA<\/figcaption><\/figure>\n<\/figure>\n\n\n\n<p class=\"has-text-align-center\">Globalna inflacja, niestabilny rynek pracy i niestabilno\u015b\u0107 polityczna w r\u00f3\u017cnych regionach stworzy\u0142y sytuacj\u0119, w kt\u00f3rej planowanie finans\u00f3w rodziny nie jest ju\u017c opcjonalne, lecz stanowi krytyczn\u0105 konieczno\u015b\u0107.<\/p>\n\n\n\n<p class=\"has-text-align-center\">Wed\u0142ug Banku \u015awiatowego szacuje si\u0119, \u017ce inflacja w Ameryce \u0141aci\u0144skiej wyniesie w tym roku \u015brednio 5,8%, co bezpo\u015brednio wp\u0142ynie na si\u0142\u0119 nabywcz\u0105 rodzin.<\/p>\n\n\n\n<p>W artykule tym przedstawiono dog\u0142\u0119bn\u0105 analiz\u0119 i praktyczne strategie, kt\u00f3re pomog\u0105 rodzinom z Meksyku i Ameryki \u0141aci\u0144skiej chroni\u0107 swoje finanse, podejmowa\u0107 m\u0105dre decyzje i wzmacnia\u0107 odporno\u015b\u0107 ekonomiczn\u0105 w obliczu niepewno\u015bci.<\/p>\n\n\n\n<p>Przyjrzymy si\u0119, jak zorganizowa\u0107 bud\u017cet rodzinny, promowa\u0107 edukacj\u0119 finansow\u0105, dywersyfikowa\u0107 dochody, korzysta\u0107 z ubezpiecze\u0144 i wiele wi\u0119cej.<\/p>\n\n\n\n<h2 class=\"wp-block-heading\">Streszczenie<\/h2>\n\n\n\n<p>Aby u\u0142atwi\u0107 Ci lektur\u0119, artyku\u0142 ten skupia si\u0119 na o\u015bmiu kluczowych obszarach:<\/p>\n\n\n\n<ol>\n<li>Utworzenie solidnego funduszu awaryjnego.<\/li>\n\n\n\n<li>Przygotowanie szczeg\u00f3\u0142owego bud\u017cetu rodzinnego.<\/li>\n\n\n\n<li>Edukacja finansowa jako narz\u0119dzie odporno\u015bci.<\/li>\n\n\n\n<li>Dywersyfikacja \u017ar\u00f3de\u0142 dochod\u00f3w.<\/li>\n\n\n\n<li>Wykupienie odpowiedniego ubezpieczenia.<\/li>\n\n\n\n<li>Mentalno\u015b\u0107 oszcz\u0119dzania i odpowiedzialne nawyki.<\/li>\n\n\n\n<li>Profesjonalne doradztwo finansowe.<\/li>\n\n\n\n<li>Elastyczno\u015b\u0107 i zdolno\u015b\u0107 adaptacji do zmian gospodarczych.<\/li>\n<\/ol>\n\n\n\n<p>W tek\u015bcie zamie\u015bcimy praktyczne przyk\u0142ady, analogie i wskaz\u00f3wki, kt\u00f3re pomog\u0105 Ci lepiej zrozumie\u0107, w jaki spos\u00f3b rodziny mog\u0105 podj\u0105\u0107 dzia\u0142ania, aby chroni\u0107 sw\u00f3j dobrobyt ekonomiczny.<\/p>\n\n\n\n<h2 class=\"wp-block-heading\">Utworzenie Funduszu Ochrony Rodziny w Czasach Niepewno\u015bci Gospodarczej<\/h2>\n\n\n\n<p>Pierwszym krokiem w celu zabezpieczenia si\u0119 przed niepewno\u015bci\u0105 gospodarcz\u0105 jest utworzenie funduszu awaryjnego.<\/p>\n\n\n\n<p><\/p>\n\n\n\n<p>Fundusz ten powinien pokry\u0107 podstawowe wydatki w okresie od trzech do sze\u015bciu miesi\u0119cy, w tym wy\u017cywienie, mieszkanie, media i transport.<\/p>\n\n\n\n<p>Dzi\u0119ki takiej poduszce finansowej rodziny mog\u0105 poradzi\u0107 sobie z nieoczekiwanymi zdarzeniami, bez konieczno\u015bci zaci\u0105gania kosztownego zad\u0142u\u017cenia.<\/p>\n\n\n\n<p><strong>Przyk\u0142ad rzeczywisty:<\/strong> Rodzina o \u015brednich dochodach z Meksyku przeznaczy\u0142a 10% swojej miesi\u0119cznej pensji na fundusz awaryjny na dwa lata.<\/p>\n\n\n\n<p>Gdy w 2025 r. inflacja uderzy\u0142a w ceny \u017cywno\u015bci i us\u0142ug, mogli oni utrzyma\u0107 odpowiedni\u0105 jako\u015b\u0107 \u017cycia, nie nara\u017caj\u0105c si\u0119 na szwank swoich zobowi\u0105za\u0144 finansowych.<\/p>\n\n\n\n<p>Oszcz\u0119dzanie nie wymaga posiadania du\u017cych sum pieni\u0119dzy, liczy si\u0119 konsekwencja i dyscyplina.<\/p>\n\n\n\n<p>Automatyzacja przelew\u00f3w na oddzielne konto oszcz\u0119dno\u015bciowe mo\u017ce okaza\u0107 si\u0119 skuteczn\u0105 metod\u0105 zachowania sp\u00f3jno\u015bci.<\/p>\n\n\n\n<h2 class=\"wp-block-heading\">Przygotuj bud\u017cet rodzinny<\/h2>\n\n\n\n<p>Bud\u017cet rodzinny to plan, kt\u00f3ry pozwala skutecznie zarz\u0105dza\u0107 dochodami i wydatkami gospodarstwa domowego.<\/p>\n\n\n\n<p>Aby zrobi\u0107 to poprawnie, nale\u017cy najpierw wypisa\u0107 wszystkie \u017ar\u00f3d\u0142a dochodu, a nast\u0119pnie okre\u015bli\u0107 wszystkie wydatki sta\u0142e i zmienne.<\/p>\n\n\n\n<p><strong>Przyk\u0142ad:<\/strong> Mar\u00eda, matka tr\u00f3jki dzieci z Monterrey, korzysta z arkusza kalkulacyjnego, w kt\u00f3rym co miesi\u0105c dzieli swoje wydatki na jedzenie, transport, edukacj\u0119, rozrywk\u0119 i oszcz\u0119dno\u015bci.<\/p>\n\n\n\n<p>Dzi\u0119ki temu mo\u017cesz wykry\u0107 wycieki got\u00f3wki i przeznaczy\u0107 zasoby na to, co naprawd\u0119 wa\u017cne, np. oszcz\u0119dzanie i inwestowanie w edukacj\u0119 swoich dzieci.<\/p>\n\n\n\n<p>Posiadanie jasnego bud\u017cetu pomaga podejmowa\u0107 \u015bwiadome decyzje i unika\u0107 wpadni\u0119cia w pu\u0142apk\u0119 pochopnych wydatk\u00f3w.<\/p>\n\n\n\n<p>Ponadto zaanga\u017cowanie wszystkich cz\u0142onk\u00f3w rodziny sprzyja edukacji finansowej i wsp\u00f3\u0142odpowiedzialno\u015bci.<\/p>\n\n\n\n<h2 class=\"wp-block-heading\">Promocja edukacji finansowej w domu<\/h2>\n\n\n\n<p>Edukacja finansowa jest niezb\u0119dna, aby cz\u0142onkowie rodziny zrozumieli, jak dzia\u0142aj\u0105 takie poj\u0119cia jak oszcz\u0119dzanie, inwestowanie, inflacja i zad\u0142u\u017cenie.<\/p>\n\n\n\n<p>Nauczanie od najm\u0142odszych lat pomaga dzieciom i nastolatkom wykszta\u0142ci\u0107 odpowiedzialne nawyki, kt\u00f3re b\u0119d\u0105 mia\u0142y pozytywny wp\u0142yw na ich przysz\u0142o\u015b\u0107 ekonomiczn\u0105.<\/p>\n\n\n\n<p><strong>Istotne dane:<\/strong> Wed\u0142ug ECLAC gospodarstwa domowe posiadaj\u0105ce wiedz\u0119 finansow\u0105 wykazuj\u0105 o 25% wi\u0119ksze prawdopodobie\u0144stwo utrzymywania sta\u0142ych oszcz\u0119dno\u015bci i podejmowania \u015bwiadomych decyzji inwestycyjnych (<a>cepal.org<\/a>).<\/p>\n\n\n\n<p>Proste dzia\u0142ania, takie jak anga\u017cowanie dzieci w planowanie bud\u017cetu, nauka por\u00f3wnywania cen lub przydzielanie kieszonkowego na wydatki osobiste, mog\u0105 by\u0107 bardzo skuteczne.<\/p>\n\n\n\n<h2 class=\"wp-block-heading\">Dywersyfikuj \u017ar\u00f3d\u0142a dochodu<\/h2>\n\n\n\n<p>W czasach niepewno\u015bci poleganie na jednym dochodzie wi\u0105\u017ce si\u0119 ze znacznym ryzykiem.<\/p>\n\n\n\n<p>Poszukiwanie nowych \u017ar\u00f3de\u0142 dochodu, takich jak praca na w\u0142asny rachunek, przedsi\u0119biorczo\u015b\u0107 lub drobne inwestycje, mo\u017ce zapewni\u0107 stabilno\u015b\u0107 i zmniejszy\u0107 ryzyko utraty pracy.<\/p>\n\n\n\n<p><strong>Przyk\u0142ad:<\/strong> Luis, in\u017cynier z Guadalajary, opr\u00f3cz swojej g\u0142\u00f3wnej pracy zacz\u0105\u0142 oferowa\u0107 kursy programowania online.<\/p>\n\n\n\n<p>W 2025 roku, w czasie niestabilnej sytuacji na rynku pracy, dodatkowe dochody pozwoli\u0142y jej pokry\u0107 niezb\u0119dne wydatki i kontynuowa\u0107 oszcz\u0119dzanie.<\/p>\n\n\n\n<p>Dywersyfikacja nie tylko chroni rodziny przed kryzysami, ale tak\u017ce otwiera mo\u017cliwo\u015bci rozwijania umiej\u0119tno\u015bci i poszukiwania nowych \u017ar\u00f3de\u0142 wzrostu gospodarczego.<\/p>\n\n\n\n<h2 class=\"wp-block-heading\">Posiada\u0107 odpowiednie ubezpieczenie<\/h2>\n\n\n\n<p>Ubezpieczenie to kluczowe narz\u0119dzie ochrony rodziny przed nieoczekiwanymi zdarzeniami. Zalecane ubezpieczenie obejmuje ubezpieczenie zdrowotne, na \u017cycie, domu i samochodu.<\/p>\n\n\n\n<p>W nag\u0142ych wypadkach polisy ubezpieczeniowe chroni\u0105 rodziny przed konieczno\u015bci\u0105 up\u0142ynnienia oszcz\u0119dno\u015bci lub popadni\u0119cia w d\u0142ugi.<\/p>\n\n\n\n<p><strong>Istotne statystyki:<\/strong> Badanie przeprowadzone przez Meksyka\u0144skie Stowarzyszenie Instytucji Ubezpieczeniowych (AMIS) wskazuje, \u017ce tylko 40% meksyka\u0144skich rodzin posiada odpowiednie ubezpieczenie zdrowotne, co nara\u017ca je na nieprzewidziane wydatki (<a>amis.com.mx<\/a>).<\/p>\n\n\n\n<p>Wyb\u00f3r odpowiedniego ubezpieczenia wi\u0105\u017ce si\u0119 z analiz\u0105 konkretnych potrzeb ka\u017cdej rodziny i ocen\u0105 stosunku koszt\u00f3w do korzy\u015bci ka\u017cdej polisy.<\/p>\n\n\n\n<h2 class=\"wp-block-heading\">Utrzymuj nastawienie na oszcz\u0119dzanie<\/h2>\n\n\n\n<p>Istotne jest przyj\u0119cie nastawienia na ci\u0105g\u0142e oszcz\u0119dzanie, nawet niewielkich kwot.<\/p>\n\n\n\n<p>Automatyzacja wp\u0142at na konta oszcz\u0119dno\u015bciowe, jasne wyznaczanie cel\u00f3w i okresowe przegl\u0105danie wydatk\u00f3w pozwalaj\u0105 zachowa\u0107 rzeczywist\u0105 kontrol\u0119 nad swoimi finansami.<\/p>\n\n\n\n<p>Przydatna analogia: rodzinne oszcz\u0119dno\u015bci s\u0105 jak ogr\u00f3d. Je\u015bli b\u0119d\u0105 regularnie zasiewane i piel\u0119gnowane, b\u0119d\u0105 ros\u0142y i owocowa\u0142y we w\u0142a\u015bciwym czasie.<\/p>\n\n\n\n<p>Zaniedbanie tego mo\u017ce natomiast spowodowa\u0107, \u017ce rodzina w krytycznych momentach zostanie bez \u015brodk\u00f3w.<\/p>\n\n\n\n<figure class=\"wp-block-gallery aligncenter has-nested-images columns-default is-cropped wp-block-gallery-2 is-layout-flex wp-block-gallery-is-layout-flex\">\n<figure class=\"wp-block-image size-full\"><img loading=\"lazy\" decoding=\"async\" width=\"450\" height=\"250\" data-id=\"10221\" src=\"https:\/\/universofamilia.com\/wp-content\/uploads\/sites\/148\/2025\/10\/Destaque-Novo-Universo-26.jpg\" alt=\"\" class=\"wp-image-10221\" srcset=\"https:\/\/universofamilia.com\/wp-content\/uploads\/sites\/148\/2025\/10\/Destaque-Novo-Universo-26.jpg 450w, https:\/\/universofamilia.com\/wp-content\/uploads\/sites\/148\/2025\/10\/Destaque-Novo-Universo-26-300x167.jpg 300w, https:\/\/universofamilia.com\/wp-content\/uploads\/sites\/148\/2025\/10\/Destaque-Novo-Universo-26-18x10.jpg 18w\" sizes=\"(max-width: 450px) 100vw, 450px\" \/><figcaption class=\"wp-element-caption\">CANVA<\/figcaption><\/figure>\n<\/figure>\n\n\n\n<p>Czytaj wi\u0119cej:&nbsp;<a href=\"https:\/\/universofamilia.com\/pl\/economia-mundial-en-2025-recesion-o-recuperacion\/\">Gospodarka \u015bwiatowa w 2025 roku: recesja czy o\u017cywienie?<\/a><\/p>\n\n\n\n<h2 class=\"wp-block-heading\">Zasi\u0119gnij profesjonalnej porady finansowej<\/h2>\n\n\n\n<p>Skorzystanie z profesjonalnej porady pozwoli Ci zoptymalizowa\u0107 zarz\u0105dzanie zasobami, zaplanowa\u0107 inwestycje i podj\u0105\u0107 \u015bwiadome decyzje strategiczne.<\/p>\n\n\n\n<p>Doradcy finansowi mog\u0105 pom\u00f3c w opracowaniu plan\u00f3w oszcz\u0119dno\u015bciowych, zabezpieczeniu inwestycji i stworzeniu strategii podatkowych, kt\u00f3re maksymalizuj\u0105 dobrobyt rodziny.<\/p>\n\n\n\n<p>Nie chodzi tylko o wielki maj\u0105tek; ka\u017cda rodzina mo\u017ce skorzysta\u0107 z pomocy doradcy finansowego, kt\u00f3ry dopasuje strategie do indywidualnego bud\u017cetu i potrzeb gospodarstwa domowego.<\/p>\n\n\n\n<h2 class=\"wp-block-heading\">B\u0105d\u017a elastyczny i dostosuj si\u0119 do zmian<\/h2>\n\n\n\n<p>Odporno\u015b\u0107 gospodarcza zale\u017cy od zdolno\u015bci przystosowania si\u0119 do nowych okoliczno\u015bci.<\/p>\n\n\n\n<p>Dostosowanie bud\u017cetu, zbadanie mo\u017cliwo\u015bci uzyskania dochodu i zmiana nawyk\u00f3w zwi\u0105zanych z wydawaniem pieni\u0119dzy to dzia\u0142ania, kt\u00f3re pozwalaj\u0105 rodzinom stawia\u0107 czo\u0142a niepewno\u015bci z wi\u0119ksz\u0105 pewno\u015bci\u0105 siebie.<\/p>\n\n\n\n<p>W 2025 roku globalna gospodarka przechodzi gwa\u0142towne i ci\u0105g\u0142e zmiany. Elastyczno\u015b\u0107 pozwala przewidywa\u0107 problemy i wykorzystywa\u0107 szanse, kt\u00f3re inni mogliby przeoczy\u0107.<\/p>\n\n\n\n<h2 class=\"wp-block-heading\">Dodatkowe strategie ochrony rodzin<\/h2>\n\n\n\n<ol>\n<li><strong>M\u0105dre zakupy:<\/strong> Por\u00f3wnuj ceny, korzystaj ze zni\u017cek i stawiaj na pierwszym miejscu rzeczywiste potrzeby.<\/li>\n\n\n\n<li><strong>Planowanie edukacyjne:<\/strong> Oce\u0144 alternatywne rozwi\u0105zania edukacyjne, kt\u00f3re optymalizuj\u0105 stosunek koszt\u00f3w do korzy\u015bci bez uszczerbku dla jako\u015bci.<\/li>\n\n\n\n<li><strong>Odpowiedzialne korzystanie z kredytu:<\/strong> Unikaj niepotrzebnych d\u0142ug\u00f3w i w pierwszej kolejno\u015bci sp\u0142acaj d\u0142ugi o wysokim oprocentowaniu.<\/li>\n\n\n\n<li><strong>Inwestycja w umiej\u0119tno\u015bci:<\/strong> Szkol si\u0119 do nowych zawod\u00f3w lub przedsi\u0119wzi\u0119\u0107, kt\u00f3re generuj\u0105 dodatkowy doch\u00f3d.<\/li>\n<\/ol>\n\n\n\n<h2 class=\"wp-block-heading\">Wniosek<\/h2>\n\n\n\n<p>Ochrona rodziny w czasach niepewno\u015bci gospodarczej wymaga kompleksowego podej\u015bcia.<\/p>\n\n\n\n<p>Do podstawowych strategii nale\u017cy utworzenie funduszu awaryjnego, planowanie bud\u017cetu, edukacja finansowa, dywersyfikacja dochod\u00f3w, posiadanie odpowiedniego ubezpieczenia, konsekwentne oszcz\u0119dzanie, korzystanie z porad specjalist\u00f3w i dostosowywanie si\u0119 do zmian.<\/p>\n\n\n\n<p>Pytanie <strong>\u201eOchrona rodziny w czasach niepewno\u015bci gospodarczej\u201d<\/strong> To nie tylko retoryka, to wskaz\u00f3wka co do dzia\u0142ania.<\/p>\n\n\n\n<p>Rodziny, kt\u00f3re wdra\u017caj\u0105 te strategie, maj\u0105 wi\u0119ksze szanse na zachowanie stabilno\u015bci, pewniejsze stawianie czo\u0142a kryzysom i budowanie solidnej przysz\u0142o\u015bci finansowej.<\/p>\n\n\n\n<p>Czytaj wi\u0119cej:&nbsp;<a href=\"https:\/\/universofamilia.com\/pl\/crisis-climatica-global\/\">Globalny kryzys klimatyczny: skutki, kt\u00f3re ju\u017c dotykaj\u0105 miliony ludzi<\/a><\/p>\n\n\n\n<h3 class=\"wp-block-heading\">Cz\u0119sto zadawane pytania<\/h3>\n\n\n\n<p><strong>1. Ile powinienem zaoszcz\u0119dzi\u0107 na fundusz awaryjny?<\/strong><br>Od trzech do sze\u015bciu miesi\u0119cy niezb\u0119dnych wydatk\u00f3w.<\/p>\n\n\n\n<p><strong>2. W jaki spos\u00f3b mog\u0119 zaanga\u017cowa\u0107 moje dzieci w edukacj\u0119 finansow\u0105?<\/strong><br>Daj im kieszonkowe, naucz ich por\u00f3wnywa\u0107 ceny i oszcz\u0119dza\u0107 na osobiste cele.<\/p>\n\n\n\n<p><strong>3. Jakie ubezpieczenie jest niezb\u0119dne?<\/strong><br>Us\u0142ugi w zakresie ochrony zdrowia, \u017cycia, mieszkania i samochodu dostosowane do indywidualnych potrzeb rodziny.<\/p>\n\n\n\n<p><strong>4. Jak dywersyfikowa\u0107 dochody, nie zaniedbuj\u0105c przy tym g\u0142\u00f3wnego zaj\u0119cia?<\/strong><br>Poznaj prac\u0119 na w\u0142asny rachunek, ma\u0142e startupy lub inwestycje o niskim ryzyku, kt\u00f3re nie zajm\u0105 Ci ca\u0142ego czasu.<\/p>\n\n\n\n<p><strong>5. Kiedy nale\u017cy zwr\u00f3ci\u0107 si\u0119 o porad\u0119 do specjalisty?<\/strong><br>Zawsze, gdy chcesz zoptymalizowa\u0107 zasoby, zaplanowa\u0107 inwestycje lub zabezpieczy\u0107 maj\u0105tek rodzinny.<\/p>","protected":false},"excerpt":{"rendered":"<p>W 2025 roku kwestia \u201eochrony rodziny w czasach niepewno\u015bci gospodarczej\u201d staje si\u0119 wa\u017cniejsza ni\u017c kiedykolwiek. Globalna inflacja, niestabilne rynki pracy i niestabilno\u015b\u0107 polityczna w r\u00f3\u017cnych regionach stworzy\u0142y \u015brodowisko, w kt\u00f3rym planowanie finans\u00f3w rodzinnych nie jest ju\u017c opcjonalne, lecz stanowi krytyczn\u0105 konieczno\u015b\u0107. Wed\u0142ug Banku \u015awiatowego [\u2026]<\/p>","protected":false},"author":219,"featured_media":10219,"comment_status":"closed","ping_status":"open","sticky":false,"template":"","format":"standard","meta":{"footnotes":""},"categories":[4],"tags":[],"yoast_head":"<!-- This site is optimized with the Yoast SEO plugin v23.3 - https:\/\/yoast.com\/wordpress\/plugins\/seo\/ -->\n<title>Protecci\u00f3n familiar en tiempos de incertidumbre econ\u00f3mica - Universo Fam\u00edlia<\/title>\n<meta name=\"description\" content=\"En 2025, la pregunta \u201cProtecci\u00f3n familiar en tiempos de incertidumbre econ\u00f3mica\u201d se vuelve m\u00e1s relevante que nunca.\" \/>\n<meta name=\"robots\" content=\"index, follow, max-snippet:-1, max-image-preview:large, max-video-preview:-1\" \/>\n<link rel=\"canonical\" href=\"https:\/\/universofamilia.com\/pl\/proteccion-familiar-en-tiempos-de-incertidumbre-economica\/\" \/>\n<meta property=\"og:locale\" content=\"pl_PL\" \/>\n<meta property=\"og:type\" content=\"article\" \/>\n<meta property=\"og:title\" content=\"Protecci\u00f3n familiar en tiempos de incertidumbre econ\u00f3mica - Universo Fam\u00edlia\" \/>\n<meta property=\"og:description\" content=\"En 2025, la pregunta \u201cProtecci\u00f3n familiar en tiempos de incertidumbre econ\u00f3mica\u201d se vuelve m\u00e1s relevante que nunca.\" \/>\n<meta property=\"og:url\" content=\"https:\/\/universofamilia.com\/pl\/proteccion-familiar-en-tiempos-de-incertidumbre-economica\/\" \/>\n<meta property=\"og:site_name\" content=\"Universo Fam\u00edlia\" \/>\n<meta property=\"article:published_time\" content=\"2025-10-27T16:27:29+00:00\" \/>\n<meta property=\"article:modified_time\" content=\"2025-10-27T16:27:40+00:00\" \/>\n<meta property=\"og:image\" content=\"https:\/\/universofamilia.com\/wp-content\/uploads\/sites\/148\/2025\/10\/Destaque-Novo-Universo-25.jpg\" \/>\n\t<meta property=\"og:image:width\" content=\"450\" \/>\n\t<meta property=\"og:image:height\" content=\"250\" \/>\n\t<meta property=\"og:image:type\" content=\"image\/jpeg\" \/>\n<meta name=\"author\" content=\"Matheus Sangaletti\" \/>\n<meta name=\"twitter:card\" content=\"summary_large_image\" \/>\n<meta name=\"twitter:label1\" content=\"Written by\" \/>\n\t<meta name=\"twitter:data1\" content=\"Matheus Sangaletti\" \/>\n\t<meta name=\"twitter:label2\" content=\"Est. reading time\" \/>\n\t<meta name=\"twitter:data2\" content=\"8 minut\" \/>\n<script type=\"application\/ld+json\" class=\"yoast-schema-graph\">{\"@context\":\"https:\/\/schema.org\",\"@graph\":[{\"@type\":\"WebPage\",\"@id\":\"https:\/\/universofamilia.com\/el\/proteccion-familiar-en-tiempos-de-incertidumbre-economica\/\",\"url\":\"https:\/\/universofamilia.com\/el\/proteccion-familiar-en-tiempos-de-incertidumbre-economica\/\",\"name\":\"Protecci\u00f3n familiar en tiempos de incertidumbre econ\u00f3mica - Universo Fam\u00edlia\",\"isPartOf\":{\"@id\":\"https:\/\/universofamilia.com\/el\/#website\"},\"primaryImageOfPage\":{\"@id\":\"https:\/\/universofamilia.com\/el\/proteccion-familiar-en-tiempos-de-incertidumbre-economica\/#primaryimage\"},\"image\":{\"@id\":\"https:\/\/universofamilia.com\/el\/proteccion-familiar-en-tiempos-de-incertidumbre-economica\/#primaryimage\"},\"thumbnailUrl\":\"https:\/\/universofamilia.com\/wp-content\/uploads\/sites\/148\/2025\/10\/Destaque-Novo-Universo-25.jpg\",\"datePublished\":\"2025-10-27T16:27:29+00:00\",\"dateModified\":\"2025-10-27T16:27:40+00:00\",\"author\":{\"@id\":\"https:\/\/universofamilia.com\/el\/#\/schema\/person\/92fcd07e9b1f4323bf74f3170fc0f78a\"},\"description\":\"En 2025, la pregunta \u201cProtecci\u00f3n familiar en tiempos de incertidumbre econ\u00f3mica\u201d se vuelve m\u00e1s relevante que nunca.\",\"breadcrumb\":{\"@id\":\"https:\/\/universofamilia.com\/el\/proteccion-familiar-en-tiempos-de-incertidumbre-economica\/#breadcrumb\"},\"inLanguage\":\"pl-PL\",\"potentialAction\":[{\"@type\":\"ReadAction\",\"target\":[\"https:\/\/universofamilia.com\/el\/proteccion-familiar-en-tiempos-de-incertidumbre-economica\/\"]}]},{\"@type\":\"ImageObject\",\"inLanguage\":\"pl-PL\",\"@id\":\"https:\/\/universofamilia.com\/el\/proteccion-familiar-en-tiempos-de-incertidumbre-economica\/#primaryimage\",\"url\":\"https:\/\/universofamilia.com\/wp-content\/uploads\/sites\/148\/2025\/10\/Destaque-Novo-Universo-25.jpg\",\"contentUrl\":\"https:\/\/universofamilia.com\/wp-content\/uploads\/sites\/148\/2025\/10\/Destaque-Novo-Universo-25.jpg\",\"width\":450,\"height\":250},{\"@type\":\"BreadcrumbList\",\"@id\":\"https:\/\/universofamilia.com\/el\/proteccion-familiar-en-tiempos-de-incertidumbre-economica\/#breadcrumb\",\"itemListElement\":[{\"@type\":\"ListItem\",\"position\":1,\"name\":\"Home\",\"item\":\"https:\/\/universofamilia.com\/el\/\"},{\"@type\":\"ListItem\",\"position\":2,\"name\":\"Protecci\u00f3n familiar en tiempos de incertidumbre econ\u00f3mica\"}]},{\"@type\":\"WebSite\",\"@id\":\"https:\/\/universofamilia.com\/el\/#website\",\"url\":\"https:\/\/universofamilia.com\/el\/\",\"name\":\"Universo Fam\u00edlia\",\"description\":\"\",\"potentialAction\":[{\"@type\":\"SearchAction\",\"target\":{\"@type\":\"EntryPoint\",\"urlTemplate\":\"https:\/\/universofamilia.com\/el\/?s={search_term_string}\"},\"query-input\":\"required name=search_term_string\"}],\"inLanguage\":\"pl-PL\"},{\"@type\":\"Person\",\"@id\":\"https:\/\/universofamilia.com\/el\/#\/schema\/person\/92fcd07e9b1f4323bf74f3170fc0f78a\",\"name\":\"Matheus Sangaletti\",\"image\":{\"@type\":\"ImageObject\",\"inLanguage\":\"pl-PL\",\"@id\":\"https:\/\/universofamilia.com\/el\/#\/schema\/person\/image\/\",\"url\":\"https:\/\/secure.gravatar.com\/avatar\/280ea957a14a48e6a1ad2133d2cc27c9?s=96&d=mm&r=g\",\"contentUrl\":\"https:\/\/secure.gravatar.com\/avatar\/280ea957a14a48e6a1ad2133d2cc27c9?s=96&d=mm&r=g\",\"caption\":\"Matheus Sangaletti\"},\"url\":\"https:\/\/universofamilia.com\/pl\/author\/matheuss\/\"}]}<\/script>\n<!-- \/ Yoast SEO plugin. -->","yoast_head_json":{"title":"Protecci\u00f3n familiar en tiempos de incertidumbre econ\u00f3mica - Universo Fam\u00edlia","description":"En 2025, la pregunta \u201cProtecci\u00f3n familiar en tiempos de incertidumbre econ\u00f3mica\u201d se vuelve m\u00e1s relevante que nunca.","robots":{"index":"index","follow":"follow","max-snippet":"max-snippet:-1","max-image-preview":"max-image-preview:large","max-video-preview":"max-video-preview:-1"},"canonical":"https:\/\/universofamilia.com\/pl\/proteccion-familiar-en-tiempos-de-incertidumbre-economica\/","og_locale":"pl_PL","og_type":"article","og_title":"Protecci\u00f3n familiar en tiempos de incertidumbre econ\u00f3mica - Universo Fam\u00edlia","og_description":"En 2025, la pregunta \u201cProtecci\u00f3n familiar en tiempos de incertidumbre econ\u00f3mica\u201d se vuelve m\u00e1s relevante que nunca.","og_url":"https:\/\/universofamilia.com\/pl\/proteccion-familiar-en-tiempos-de-incertidumbre-economica\/","og_site_name":"Universo Fam\u00edlia","article_published_time":"2025-10-27T16:27:29+00:00","article_modified_time":"2025-10-27T16:27:40+00:00","og_image":[{"width":450,"height":250,"url":"https:\/\/universofamilia.com\/wp-content\/uploads\/sites\/148\/2025\/10\/Destaque-Novo-Universo-25.jpg","type":"image\/jpeg"}],"author":"Matheus Sangaletti","twitter_card":"summary_large_image","twitter_misc":{"Written by":"Matheus Sangaletti","Est. reading time":"8 minut"},"schema":{"@context":"https:\/\/schema.org","@graph":[{"@type":"WebPage","@id":"https:\/\/universofamilia.com\/el\/proteccion-familiar-en-tiempos-de-incertidumbre-economica\/","url":"https:\/\/universofamilia.com\/el\/proteccion-familiar-en-tiempos-de-incertidumbre-economica\/","name":"Protecci\u00f3n familiar en tiempos de incertidumbre econ\u00f3mica - Universo Fam\u00edlia","isPartOf":{"@id":"https:\/\/universofamilia.com\/el\/#website"},"primaryImageOfPage":{"@id":"https:\/\/universofamilia.com\/el\/proteccion-familiar-en-tiempos-de-incertidumbre-economica\/#primaryimage"},"image":{"@id":"https:\/\/universofamilia.com\/el\/proteccion-familiar-en-tiempos-de-incertidumbre-economica\/#primaryimage"},"thumbnailUrl":"https:\/\/universofamilia.com\/wp-content\/uploads\/sites\/148\/2025\/10\/Destaque-Novo-Universo-25.jpg","datePublished":"2025-10-27T16:27:29+00:00","dateModified":"2025-10-27T16:27:40+00:00","author":{"@id":"https:\/\/universofamilia.com\/el\/#\/schema\/person\/92fcd07e9b1f4323bf74f3170fc0f78a"},"description":"En 2025, la pregunta \u201cProtecci\u00f3n familiar en tiempos de incertidumbre econ\u00f3mica\u201d se vuelve m\u00e1s relevante que nunca.","breadcrumb":{"@id":"https:\/\/universofamilia.com\/el\/proteccion-familiar-en-tiempos-de-incertidumbre-economica\/#breadcrumb"},"inLanguage":"pl-PL","potentialAction":[{"@type":"ReadAction","target":["https:\/\/universofamilia.com\/el\/proteccion-familiar-en-tiempos-de-incertidumbre-economica\/"]}]},{"@type":"ImageObject","inLanguage":"pl-PL","@id":"https:\/\/universofamilia.com\/el\/proteccion-familiar-en-tiempos-de-incertidumbre-economica\/#primaryimage","url":"https:\/\/universofamilia.com\/wp-content\/uploads\/sites\/148\/2025\/10\/Destaque-Novo-Universo-25.jpg","contentUrl":"https:\/\/universofamilia.com\/wp-content\/uploads\/sites\/148\/2025\/10\/Destaque-Novo-Universo-25.jpg","width":450,"height":250},{"@type":"BreadcrumbList","@id":"https:\/\/universofamilia.com\/el\/proteccion-familiar-en-tiempos-de-incertidumbre-economica\/#breadcrumb","itemListElement":[{"@type":"ListItem","position":1,"name":"Home","item":"https:\/\/universofamilia.com\/el\/"},{"@type":"ListItem","position":2,"name":"Protecci\u00f3n familiar en tiempos de incertidumbre econ\u00f3mica"}]},{"@type":"WebSite","@id":"https:\/\/universofamilia.com\/el\/#website","url":"https:\/\/universofamilia.com\/el\/","name":"Universo Fam\u00edlia","description":"","potentialAction":[{"@type":"SearchAction","target":{"@type":"EntryPoint","urlTemplate":"https:\/\/universofamilia.com\/el\/?s={search_term_string}"},"query-input":"required name=search_term_string"}],"inLanguage":"pl-PL"},{"@type":"Person","@id":"https:\/\/universofamilia.com\/el\/#\/schema\/person\/92fcd07e9b1f4323bf74f3170fc0f78a","name":"Matheus Sangaletti","image":{"@type":"ImageObject","inLanguage":"pl-PL","@id":"https:\/\/universofamilia.com\/el\/#\/schema\/person\/image\/","url":"https:\/\/secure.gravatar.com\/avatar\/280ea957a14a48e6a1ad2133d2cc27c9?s=96&d=mm&r=g","contentUrl":"https:\/\/secure.gravatar.com\/avatar\/280ea957a14a48e6a1ad2133d2cc27c9?s=96&d=mm&r=g","caption":"Matheus Sangaletti"},"url":"https:\/\/universofamilia.com\/pl\/author\/matheuss\/"}]}},"_links":{"self":[{"href":"https:\/\/universofamilia.com\/pl\/wp-json\/wp\/v2\/posts\/10218"}],"collection":[{"href":"https:\/\/universofamilia.com\/pl\/wp-json\/wp\/v2\/posts"}],"about":[{"href":"https:\/\/universofamilia.com\/pl\/wp-json\/wp\/v2\/types\/post"}],"author":[{"embeddable":true,"href":"https:\/\/universofamilia.com\/pl\/wp-json\/wp\/v2\/users\/219"}],"replies":[{"embeddable":true,"href":"https:\/\/universofamilia.com\/pl\/wp-json\/wp\/v2\/comments?post=10218"}],"version-history":[{"count":3,"href":"https:\/\/universofamilia.com\/pl\/wp-json\/wp\/v2\/posts\/10218\/revisions"}],"predecessor-version":[{"id":10224,"href":"https:\/\/universofamilia.com\/pl\/wp-json\/wp\/v2\/posts\/10218\/revisions\/10224"}],"wp:featuredmedia":[{"embeddable":true,"href":"https:\/\/universofamilia.com\/pl\/wp-json\/wp\/v2\/media\/10219"}],"wp:attachment":[{"href":"https:\/\/universofamilia.com\/pl\/wp-json\/wp\/v2\/media?parent=10218"}],"wp:term":[{"taxonomy":"category","embeddable":true,"href":"https:\/\/universofamilia.com\/pl\/wp-json\/wp\/v2\/categories?post=10218"},{"taxonomy":"post_tag","embeddable":true,"href":"https:\/\/universofamilia.com\/pl\/wp-json\/wp\/v2\/tags?post=10218"}],"curies":[{"name":"wp","href":"https:\/\/api.w.org\/{rel}","templated":true}]}}