{"id":10390,"date":"2025-11-21T16:03:00","date_gmt":"2025-11-21T19:03:00","guid":{"rendered":"https:\/\/universofamilia.com\/?p=10390"},"modified":"2025-11-21T16:03:03","modified_gmt":"2025-11-21T19:03:03","slug":"paises-lideres-en-energia-solar-y-eolica","status":"publish","type":"post","link":"https:\/\/universofamilia.com\/pl\/paises-lideres-en-energia-solar-y-eolica\/","title":{"rendered":"Wiod\u0105ce kraje w dziedzinie energii s\u0142onecznej i wiatrowej"},"content":{"rendered":"<p class=\"has-text-align-center\">W \u015bwiecie d\u0105\u017c\u0105cym do przyspieszenia przej\u015bcia na czyste i zr\u00f3wnowa\u017cone \u017ar\u00f3d\u0142a energii, <strong>wiod\u0105ce kraje w dziedzinie energii s\u0142onecznej i wiatrowej<\/strong> Staj\u0105 si\u0119 inspiruj\u0105cymi wzorami do na\u015bladowania.<\/p>\n\n\n\n<figure class=\"wp-block-gallery aligncenter has-nested-images columns-default is-cropped wp-block-gallery-1 is-layout-flex wp-block-gallery-is-layout-flex\">\n<figure class=\"wp-block-image size-full\"><img loading=\"lazy\" decoding=\"async\" width=\"450\" height=\"250\" data-id=\"10392\" src=\"https:\/\/universofamilia.com\/wp-content\/uploads\/sites\/148\/2025\/11\/Destaque-Novo-Universo-2-4.jpg\" alt=\"\" class=\"wp-image-10392\" srcset=\"https:\/\/universofamilia.com\/wp-content\/uploads\/sites\/148\/2025\/11\/Destaque-Novo-Universo-2-4.jpg 450w, https:\/\/universofamilia.com\/wp-content\/uploads\/sites\/148\/2025\/11\/Destaque-Novo-Universo-2-4-300x167.jpg 300w, https:\/\/universofamilia.com\/wp-content\/uploads\/sites\/148\/2025\/11\/Destaque-Novo-Universo-2-4-18x10.jpg 18w\" sizes=\"(max-width: 450px) 100vw, 450px\" \/><figcaption class=\"wp-element-caption\">Canva<\/figcaption><\/figure>\n<\/figure>\n\n\n\n<p class=\"has-text-align-center\">W tym artykule analizujemy, o kt\u00f3re pa\u0144stwa chodzi, w jaki spos\u00f3b osi\u0105gn\u0119\u0142y swoj\u0105 pozycj\u0119, jakie strategie stosuj\u0105 i dlaczego ich post\u0119p jest tak istotny dla przysz\u0142o\u015bci energetycznej.<\/p>\n\n\n\n<p>Oto kr\u00f3tkie podsumowanie:<\/p>\n\n\n\n<p><strong>Streszczenie:<\/strong><\/p>\n\n\n\n<p>Globalny przegl\u0105d energii s\u0142onecznej i wiatrowej<\/p>\n\n\n\n<p>Wiod\u0105ce kraje<\/p>\n\n\n\n<p>Typowe czynniki i strategie sukcesu<\/p>\n\n\n\n<p>Wyzwania, z kt\u00f3rymi si\u0119 mierz\u0105<\/p>\n\n\n\n<p>Czego mo\u017cemy si\u0119 od nich nauczy\u0107?<\/p>\n\n\n\n<p>Cz\u0119sto zadawane pytania<\/p>\n\n\n\n<h2 class=\"wp-block-heading\">Przegl\u0105d globalny: rewolucja w dziedzinie odnawialnych \u017ar\u00f3de\u0142 energii<\/h2>\n\n\n\n<p>Zapotrzebowanie na czyst\u0105 energi\u0119 elektryczn\u0105 nigdy nie by\u0142o wy\u017csze.<\/p>\n\n\n\n<p>W 2024 roku \u015bwiat doda\u0142 <strong>550 GW<\/strong> nowych mocy fotowoltaicznych, co zwi\u0119kszy\u0142o globaln\u0105 zainstalowan\u0105 moc do oko\u0142o <strong>2,2 TW<\/strong>Wed\u0142ug Mi\u0119dzynarodowej Agencji Energetycznej.<\/p>\n\n\n\n<p><br>Ponadto energetyka wiatrowa odnotowa\u0142a w 2023 r. rekordowy rok, <strong>116 GW<\/strong> Wed\u0142ug raportu Global Wind Energy Council zainstalowano kolejne.<\/p>\n\n\n\n<p>Liczby te wskazuj\u0105 na wyra\u017an\u0105 tendencj\u0119: rozw\u00f3j odnawialnych \u017ar\u00f3de\u0142 energii, zw\u0142aszcza energii s\u0142onecznej i wiatrowej, osi\u0105ga niespotykan\u0105 dot\u0105d skal\u0119.<\/p>\n\n\n\n<h2 class=\"wp-block-heading\">Kim s\u0105 <strong>wiod\u0105ce kraje w dziedzinie energii s\u0142onecznej i wiatrowej<\/strong>?<\/h2>\n\n\n\n<p>Oto niekt\u00f3re z g\u0142\u00f3wnych narod\u00f3w:<\/p>\n\n\n\n<h3 class=\"wp-block-heading\">1. <strong>Chiny<\/strong><\/h3>\n\n\n\n<p>Chiny wyra\u017anie przoduj\u0105 w obu \u017ar\u00f3d\u0142ach.<\/p>\n\n\n\n<p>W przypadku energii s\u0142onecznej zainstalowana moc osi\u0105gn\u0119\u0142a <strong>887,930 MW<\/strong> do ko\u0144ca 2024 roku.<\/p>\n\n\n\n<p>W energetyce wiatrowej dodaje <strong>521,746 MW<\/strong> zainstalowanych turbin, co plasuje ten kraj na li\u015bcie kraj\u00f3w o najwi\u0119kszej zainstalowanej mocy na \u015bwiecie.<\/p>\n\n\n\n<p>Co wi\u0119cej, wed\u0142ug Global Energy Monitor, prawie <strong>74 % wszystkich projekt\u00f3w solarnych i wiatrowych w budowie na ca\u0142ym \u015bwiecie<\/strong> S\u0105 w Chinach.<\/p>\n\n\n\n<p>Skala ich zaanga\u017cowania jest por\u00f3wnywalna z budow\u0105 setek elektrowni j\u0105drowych rok po roku.<\/p>\n\n\n\n<p>To por\u00f3wnanie brzmi jak analogia:<\/p>\n\n\n\n<p>To tak, jakby azjatycki gigant tworzy\u0142 \u201earmi\u0119 energetyczn\u0105\u201d sk\u0142adaj\u0105c\u0105 si\u0119 z paneli i turbin, zast\u0119puj\u0105c starych \u017co\u0142nierzy korzystaj\u0105cych z paliw kopalnych si\u0142ami odnawialnymi.<\/p>\n\n\n\n<h3 class=\"wp-block-heading\">2. <strong>USA<\/strong><\/h3>\n\n\n\n<p>Ma oko\u0142o <strong>177 470 MW<\/strong> zainstalowanej mocy s\u0142onecznej.<\/p>\n\n\n\n<p>W przypadku energii wiatrowej sumuje si\u0119 to do pewnego stopnia <strong>153,152 MW<\/strong> wed\u0142ug danych z 2024 r.<\/p>\n\n\n\n<p>Cho\u0107 ostatnio wzrost energetyki wiatrowej by\u0142 bardziej umiarkowany, kraj ten nadal odgrywa kluczow\u0105 rol\u0119 w transformacji.<\/p>\n\n\n\n<h3 class=\"wp-block-heading\">3. <strong>Indie<\/strong><\/h3>\n\n\n\n<p>Zainstalowano <strong>97,384 MW<\/strong> moc s\u0142oneczna wed\u0142ug najnowszych danych.<\/p>\n\n\n\n<p>W energetyce wiatrowej r\u00f3wnie\u017c nast\u0105pi\u0142 wzrost: wed\u0142ug Visual Capitalist i raport\u00f3w energetycznych kraj ten jest jednym z pi\u0119ciu kraj\u00f3w o najwi\u0119kszej \u0142\u0105cznej mocy.<\/p>\n\n\n\n<p>Jak wynika z danych Ember, w 2024 r. Indie prze\u015bcign\u0119\u0142y Niemcy pod wzgl\u0119dem \u0142\u0105cznej produkcji energii s\u0142onecznej i wiatrowej.<\/p>\n\n\n\n<h3 class=\"wp-block-heading\">4. <strong>Niemcy<\/strong><\/h3>\n\n\n\n<p>Ma <strong>89,943 MW<\/strong> energii s\u0142onecznej zainstalowanej na koniec 2024 r.<\/p>\n\n\n\n<p>W energetyce wiatrowej Niemcy r\u00f3wnie\u017c nale\u017c\u0105 do lider\u00f3w, z ponad <strong>70 000 MW<\/strong>. <\/p>\n\n\n\n<p>Swoj\u0105 pozycj\u0119 lidera w Europie zawdzi\u0119cza sprzyjaj\u0105cej polityce, systemom wsparcia i du\u017cemu zaanga\u017cowaniu spo\u0142ecznemu w transformacj\u0119 energetyczn\u0105.<\/p>\n\n\n\n<h3 class=\"wp-block-heading\">5. <strong>Brazylia<\/strong><\/h3>\n\n\n\n<p>W dziedzinie energii s\u0142onecznej Brazylia odnotowa\u0142a znaczny wzrost; raporty wskazuj\u0105, \u017ce <strong>53,113 MW<\/strong> zainstalowany.<\/p>\n\n\n\n<p>W energetyce wiatrowej r\u00f3wnie\u017c wida\u0107 du\u017ce post\u0119py, zw\u0142aszcza w p\u00f3\u0142nocno-wschodniej cz\u0119\u015bci kraju, gdzie warunki wiatrowe s\u0105 bardzo korzystne.<\/p>\n\n\n\n<h3 class=\"wp-block-heading\">Tabela por\u00f3wnawcza mocy zainstalowanej (energia s\u0142oneczna i wiatrowa, przybli\u017cony stan na 2024 r.)<\/h3>\n\n\n\n<figure class=\"wp-block-table\"><table><thead><tr><th>Kraj<\/th><th>Moc s\u0142oneczna (MW)<\/th><th>Moc wiatru (MW)<\/th><\/tr><\/thead><tbody><tr><td>Chiny<\/td><td>887 930<\/td><td>521 746<\/td><\/tr><tr><td>USA<\/td><td>177 470<\/td><td>153 152<\/td><\/tr><tr><td>Indie<\/td><td>97 384<\/td><td>~45 000 <em>zgodnie z historycznym wzrostem<\/em><\/td><\/tr><tr><td>Niemcy<\/td><td>89 943<\/td><td>72 823<\/td><\/tr><tr><td>Brazylia<\/td><td>53 113<\/td><td>32 959<\/td><\/tr><\/tbody><\/table><figcaption class=\"wp-element-caption\">Wiod\u0105ce kraje w dziedzinie energii s\u0142onecznej i wiatrowej<\/figcaption><\/figure>\n\n\n\n<figure class=\"wp-block-gallery aligncenter has-nested-images columns-default is-cropped wp-block-gallery-2 is-layout-flex wp-block-gallery-is-layout-flex\">\n<figure class=\"wp-block-image size-full\"><img loading=\"lazy\" decoding=\"async\" width=\"450\" height=\"250\" data-id=\"10393\" src=\"https:\/\/universofamilia.com\/wp-content\/uploads\/sites\/148\/2025\/11\/Destaque-Novo-Universo-3-2.jpg\" alt=\"\" class=\"wp-image-10393\" srcset=\"https:\/\/universofamilia.com\/wp-content\/uploads\/sites\/148\/2025\/11\/Destaque-Novo-Universo-3-2.jpg 450w, https:\/\/universofamilia.com\/wp-content\/uploads\/sites\/148\/2025\/11\/Destaque-Novo-Universo-3-2-300x167.jpg 300w, https:\/\/universofamilia.com\/wp-content\/uploads\/sites\/148\/2025\/11\/Destaque-Novo-Universo-3-2-18x10.jpg 18w\" sizes=\"(max-width: 450px) 100vw, 450px\" \/><figcaption class=\"wp-element-caption\">Canva<\/figcaption><\/figure>\n<\/figure>\n\n\n\n<p>Czytaj wi\u0119cej:\u00a0<a href=\"https:\/\/universofamilia.com\/pl\/descubrimientos-cientificos-que-cambiaran-el-futuro\/\">Odkrycia naukowe, kt\u00f3re zmieni\u0105 przysz\u0142o\u015b\u0107<\/a><\/p>\n\n\n\n<h2 class=\"wp-block-heading\">Co sprawia, \u017ce odnosz\u0105 tak wielkie sukcesy? Czynniki sukcesu<\/h2>\n\n\n\n<p>Analizuj\u0105c te <strong>wiod\u0105ce kraje w dziedzinie energii s\u0142onecznej i wiatrowej<\/strong>Mo\u017cna wyr\u00f3\u017cni\u0107 kilka wsp\u00f3lnych czynnik\u00f3w, kt\u00f3re wyja\u015bniaj\u0105 ich sukces:<\/p>\n\n\n\n<p><strong>Ambitne inwestycje<\/strong><\/p>\n\n\n\n<p>Chiny na przyk\u0142ad nie tylko buduj\u0105 na du\u017c\u0105 skal\u0119, ale robi\u0105 to bardzo szybko, przekraczaj\u0105c cele wyznaczone na rok 2030 ju\u017c w 2024 roku. <\/p>\n\n\n\n<p><strong>Wspieraj\u0105ce polityki i jasne regulacje<\/strong><\/p>\n\n\n\n<p>Niemcy i Stany Zjednoczone wprowadzi\u0142y zach\u0119ty, aukcje energii odnawialnej i ramy prawne, kt\u00f3re maj\u0105 zach\u0119ci\u0107 sektor prywatny do udzia\u0142u.<\/p>\n\n\n\n<p><strong>Infrastruktura technologiczna<\/strong><\/p>\n\n\n\n<p>Rozw\u00f3j fabryk paneli s\u0142onecznych i turbin wiatrowych w po\u0142\u0105czeniu z wydajnymi sieciami przesy\u0142owymi pozwala na szybkie zwi\u0119kszanie mocy produkcyjnych:<\/p>\n\n\n\n<p>Chiny produkuj\u0105 nawet znaczn\u0105 cz\u0119\u015b\u0107 sprz\u0119tu instalowanego na ca\u0142ym \u015bwiecie.<\/p>\n\n\n\n<p><strong>Zaanga\u017cowanie spo\u0142eczne i \u015brodowiskowe<\/strong><\/p>\n\n\n\n<p>W wielu przypadkach spo\u0142ecze\u0144stwa i rz\u0105dy rozumiej\u0105, \u017ce transformacja nie dotyczy wy\u0142\u0105cznie energii, ale tak\u017ce jest d\u017awigni\u0105 dobrobytu, niezale\u017cno\u015bci energetycznej i odporno\u015bci na zmiany klimatu.<\/p>\n\n\n\n<h2 class=\"wp-block-heading\">Wyzwania na horyzoncie<\/h2>\n\n\n\n<p>Pomimo ich przyw\u00f3dztwa, kraje te stoj\u0105 r\u00f3wnie\u017c przed z\u0142o\u017conymi wyzwaniami:<\/p>\n\n\n\n<p><strong>Integracja z sieci\u0105 elektryczn\u0105<\/strong>Wykorzystanie gigawat\u00f3w to jedno, ale zapewnienie wydajnej dystrybucji i magazynowania tej energii to zupe\u0142nie inna sprawa.<\/p>\n\n\n\n<p><strong>Zmienno\u015b\u0107 klimatu<\/strong>Zar\u00f3wno s\u0142o\u0144ce, jak i wiatr podlegaj\u0105 wahaniom, co wymaga rozwi\u0105za\u0144 takich jak magazynowanie na du\u017c\u0105 skal\u0119 lub integracja z innymi czystymi \u017ar\u00f3d\u0142ami energii.<\/p>\n\n\n\n<p><strong>Akceptacja spo\u0142eczna<\/strong>Budowa du\u017cych projekt\u00f3w energii odnawialnej nie zawsze jest \u0142atwa, gdy\u017c mo\u017ce pojawi\u0107 si\u0119 lokalny op\u00f3r ze wzgl\u0119du na u\u017cytkowanie grunt\u00f3w, krajobraz i wp\u0142yw na \u015brodowisko.<\/p>\n\n\n\n<p><strong>Finansowanie d\u0142ugoterminowe<\/strong>Budowa jest kosztowna, lecz utrzymanie dzia\u0142alno\u015bci, konserwacja i modernizacja r\u00f3wnie\u017c wymagaj\u0105 sta\u0142ego kapita\u0142u.<\/p>\n\n\n\n<h2 class=\"wp-block-heading\">Jakie wnioski mo\u017cemy wyci\u0105gn\u0105\u0107 z do\u015bwiadcze\u0144 innych kraj\u00f3w i firm?<\/h2>\n\n\n\n<p><strong>Wizja d\u0142ugoterminowa:<\/strong> Przyw\u00f3dcy przewiduj\u0105 swoj\u0105 przysz\u0142o\u015b\u0107 na ca\u0142e dekady; ich zaanga\u017cowanie nie jest tymczasowe.<\/p>\n\n\n\n<p><strong>Dywersyfikacja \u017ar\u00f3de\u0142 odnawialnych:<\/strong> Po\u0142\u0105czenie energii s\u0142onecznej i wiatrowej umo\u017cliwia zr\u00f3wnowa\u017con\u0105 produkcj\u0119 energii.<\/p>\n\n\n\n<p><strong>Inwestycje w ludzi i technologi\u0119:<\/strong> Nie chodzi tu tylko o panele czy turbiny, ale o ekspert\u00f3w, badania, infrastruktur\u0119 i \u0142a\u0144cuch warto\u015bci.<\/p>\n\n\n\n<p><strong>Wsp\u00f3\u0142praca mi\u0119dzynarodowa:<\/strong> Wsp\u00f3\u0142praca z innymi krajami w celu dzielenia si\u0119 technologi\u0105, finansowaniem i wiedz\u0105 przyspiesza wsp\u00f3lny post\u0119p.<\/p>\n\n\n\n<p>Na przyk\u0142ad ma\u0142y kraj z du\u017c\u0105 ilo\u015bci\u0105 s\u0142o\u0144ca, ale bez rozwini\u0119tego potencja\u0142u technologicznego, m\u00f3g\u0142by nawi\u0105za\u0107 wsp\u00f3\u0142prac\u0119 z liderem takim jak Chiny lub Niemcy, aby przyspieszy\u0107 wdra\u017canie w\u0142asnej energii odnawialnej (pierwszy oryginalny przyk\u0142ad).<\/p>\n\n\n\n<p>Inny przyk\u0142ad: miasto przemys\u0142owe mog\u0142oby po\u0142\u0105czy\u0107 parki s\u0142oneczne na dachach z miejskimi farmami wiatrowymi, na\u015bladuj\u0105c mieszany model stosowany w najbardziej rozwini\u0119tych krajach (drugi oryginalny przyk\u0142ad).<\/p>\n\n\n\n<h2 class=\"wp-block-heading\">Analogia do zrozumienia jego wp\u0142ywu<\/h2>\n\n\n\n<p>Wyobra\u017a sobie wielk\u0105 orkiestr\u0119 symfoniczn\u0105. Ka\u017cdy instrument brzmi pot\u0119\u017cnie sam w sobie, ale gdy wszystkie graj\u0105 razem pod okiem wizjonerskiego dyrygenta, muzyka nabiera rozmachu.<\/p>\n\n\n\n<p>Podobnie, <strong>wiod\u0105ce kraje w dziedzinie energii s\u0142onecznej i wiatrowej<\/strong> Tworz\u0105 energetyczn\u0105 symfoni\u0119:<\/p>\n\n\n\n<p>Panele s\u0142oneczne, turbiny wiatrowe, inteligentne sieci i magazyny energii \u2014 wszystko skoordynowane, by zapewni\u0107 czyst\u0105 harmoni\u0119, kt\u00f3rej potrzebuje nasza planeta.<\/p>\n\n\n\n<h2 class=\"wp-block-heading\">Pytanie retoryczne do refleksji<\/h2>\n\n\n\n<p>Czy\u017c nie jest inspiruj\u0105ce widzie\u0107, jak niekt\u00f3re pa\u0144stwa przekszta\u0142caj\u0105 wiatr i s\u0142o\u0144ce, dwa darmowe \u017cywio\u0142y, w realn\u0105 energi\u0119 potrzebn\u0105 swoim obywatelom i sprzyjaj\u0105c\u0105 rozwojowi, nie polegaj\u0105c przy tym na paliwach kopalnych?<\/p>\n\n\n\n<h2 class=\"wp-block-heading\">Wniosek<\/h2>\n\n\n\n<p>The <strong>wiod\u0105ce kraje w dziedzinie energii s\u0142onecznej i wiatrowej<\/strong> Chiny, Stany Zjednoczone, Indie, Niemcy i Brazylia wyznaczaj\u0105 tempo globalnej transformacji energetycznej.<\/p>\n\n\n\n<p>Dzi\u0119ki ogromnym inwestycjom, jasnej polityce, zaawansowanej technologii i zaanga\u017cowaniu spo\u0142ecznemu osi\u0105gn\u0119li poziom wydajno\u015bci, jakiego nigdy wcze\u015bniej nie widziano.<\/p>\n\n\n\n<p>Jednak jego przyw\u00f3dztwo nie jest pozbawione wyzwa\u0144: zintegrowanie ca\u0142ej tej energii, zapewnienie jej stabilno\u015bci i dotrzymanie kroku wymaga ci\u0105g\u0142ej innowacji.<\/p>\n\n\n\n<p>Ich do\u015bwiadczenie jest \u017ar\u00f3d\u0142em cennych lekcji: d\u0142ugoterminowa wizja, dywersyfikacja, inwestowanie w talenty i infrastruktur\u0119 oraz wsp\u00f3\u0142praca mi\u0119dzynarodowa.<\/p>\n\n\n\n<p>Gdyby wi\u0119cej pa\u0144stw przyj\u0119\u0142o te strategie, \u015bwiat m\u00f3g\u0142by szybciej zmierza\u0107 w kierunku naprawd\u0119 czystej i bezpiecznej przysz\u0142o\u015bci.<\/p>\n\n\n\n<p>Czytaj wi\u0119cej:\u00a0<a href=\"https:\/\/universofamilia.com\/pl\/energias-renovables-en-el-mundo-avances-y-desafios-para-2030\/\">Odnawialne \u017ar\u00f3d\u0142a energii na \u015bwiecie: post\u0119p i wyzwania na rok 2030<\/a><\/p>\n\n\n\n<h2 class=\"wp-block-heading\">Cz\u0119sto zadawane pytania (FAQ)<\/h2>\n\n\n\n<p><strong>Dlaczego Chiny s\u0105 tak daleko na czele je\u015bli chodzi o moce produkcyjne elektrowni s\u0142onecznych i wiatrowych?<\/strong><\/p>\n\n\n\n<p>Chiny \u0142\u0105cz\u0105 w sobie ogromn\u0105 skal\u0119 inwestycji, korzystn\u0105 polityk\u0119, potencja\u0142 przemys\u0142owy umo\u017cliwiaj\u0105cy produkcj\u0119 paneli i turbin, a tak\u017ce dost\u0119pno\u015b\u0107 grunt\u00f3w pod ogromne projekty.<\/p>\n\n\n\n<p><strong>Czy wzrost wykorzystania odnawialnych \u017ar\u00f3de\u0142 energii oznacza, \u017ce ludzie ca\u0142kowicie porzuc\u0105 paliwa kopalne?<\/strong><\/p>\n\n\n\n<p>Niekoniecznie natychmiast. Wiele kraj\u00f3w post\u0119puje r\u00f3wnolegle: nadal korzystaj\u0105 z paliw kopalnych, jednocze\u015bnie rozwijaj\u0105c swoje odnawialne \u017ar\u00f3d\u0142a energii. Przej\u015bcie jest stopniowe.<\/p>\n\n\n\n<p><strong>Jak\u0105 rol\u0119 odgrywaj\u0105 inne, mniejsze kraje?<\/strong><\/p>\n\n\n\n<p>Nawet je\u015bli nie pe\u0142ni\u0105 funkcji przyw\u00f3dczych na skal\u0119 globaln\u0105, wielu z nich potrafi przyj\u0105\u0107 najlepsze praktyki lider\u00f3w:<\/p>\n\n\n\n<p>Aukcje energii odnawialnej, partnerstwa z firmami technologicznymi, integracja z inteligentnymi sieciami i u\u0142atwianie udzia\u0142u obywateli w spo\u0142ecznych projektach solarnych.<\/p>\n\n\n\n<p><strong>W jaki spos\u00f3b finansowane s\u0105 te megaprojekty?<\/strong><\/p>\n\n\n\n<p>\u0141\u0105czone s\u0105 fundusze publiczne, inwestycje prywatne, finansowanie mi\u0119dzynarodowe, zielone obligacje i partnerstwa publiczno-prywatne.<\/p>\n\n\n\n<p><strong>Co mo\u017ce zrobi\u0107 firma lub miasto, aby przy\u0142\u0105czy\u0107 si\u0119 do tej rewolucji?<\/strong><\/p>\n\n\n\n<p>Mo\u017cesz zacz\u0105\u0107 od audyt\u00f3w energetycznych, plan\u00f3w instalacji paneli s\u0142onecznych, wsp\u00f3\u0142pracy z deweloperami odnawialnych \u017ar\u00f3de\u0142 energii, korzystania z zielonych instrument\u00f3w finansowych i promowania korzystnych lokalnych polityk.<\/p>","protected":false},"excerpt":{"rendered":"<p>W \u015bwiecie d\u0105\u017c\u0105cym do przyspieszenia transformacji na czyste i zr\u00f3wnowa\u017cone \u017ar\u00f3d\u0142a energii, wiod\u0105ce kraje w dziedzinie energetyki s\u0142onecznej i wiatrowej staj\u0105 si\u0119 inspiruj\u0105cymi wzorcami do na\u015bladowania. Niniejszy artyku\u0142 analizuje, kt\u00f3re to kraje, jak osi\u0105gn\u0119\u0142y swoj\u0105 pozycj\u0119, jakie strategie stosuj\u0105 i dlaczego ich post\u0119p jest kluczowy dla przysz\u0142o\u015bci energetyki. Poni\u017cej [\u2026]<\/p>","protected":false},"author":219,"featured_media":10391,"comment_status":"closed","ping_status":"open","sticky":false,"template":"","format":"standard","meta":{"footnotes":""},"categories":[4],"tags":[],"yoast_head":"<!-- This site is optimized with the Yoast SEO plugin v23.3 - https:\/\/yoast.com\/wordpress\/plugins\/seo\/ -->\n<title>Pa\u00edses l\u00edderes en energ\u00eda solar y e\u00f3lica - Universo Fam\u00edlia<\/title>\n<meta name=\"description\" content=\"En un mundo que busca acelerar la transici\u00f3n hacia fuentes limpias y sostenibles, los pa\u00edses l\u00edderes en energ\u00eda solar y e\u00f3lica se convierten.\" \/>\n<meta name=\"robots\" content=\"index, follow, max-snippet:-1, max-image-preview:large, max-video-preview:-1\" \/>\n<link rel=\"canonical\" href=\"http:\/\/universofamilia.com\/pl\/paises-lideres-en-energia-solar-y-eolica\/\" \/>\n<meta property=\"og:locale\" content=\"pl_PL\" \/>\n<meta property=\"og:type\" content=\"article\" \/>\n<meta property=\"og:title\" content=\"Pa\u00edses l\u00edderes en energ\u00eda solar y e\u00f3lica - Universo Fam\u00edlia\" \/>\n<meta property=\"og:description\" content=\"En un mundo que busca acelerar la transici\u00f3n hacia fuentes limpias y sostenibles, los pa\u00edses l\u00edderes en energ\u00eda solar y e\u00f3lica se convierten.\" \/>\n<meta property=\"og:url\" content=\"http:\/\/universofamilia.com\/pl\/paises-lideres-en-energia-solar-y-eolica\/\" \/>\n<meta property=\"og:site_name\" content=\"Universo Fam\u00edlia\" \/>\n<meta property=\"article:published_time\" content=\"2025-11-21T19:03:00+00:00\" \/>\n<meta property=\"article:modified_time\" content=\"2025-11-21T19:03:03+00:00\" \/>\n<meta property=\"og:image\" content=\"http:\/\/universofamilia.com\/wp-content\/uploads\/sites\/148\/2025\/11\/Destaque-Novo-Universo-2-3.jpg\" \/>\n\t<meta property=\"og:image:width\" content=\"450\" \/>\n\t<meta property=\"og:image:height\" content=\"250\" \/>\n\t<meta property=\"og:image:type\" content=\"image\/jpeg\" \/>\n<meta name=\"author\" content=\"Matheus Sangaletti\" \/>\n<meta name=\"twitter:card\" content=\"summary_large_image\" \/>\n<meta name=\"twitter:label1\" content=\"Written by\" \/>\n\t<meta name=\"twitter:data1\" content=\"Matheus Sangaletti\" \/>\n\t<meta name=\"twitter:label2\" content=\"Est. reading time\" \/>\n\t<meta name=\"twitter:data2\" content=\"8 minut\" \/>\n<script type=\"application\/ld+json\" class=\"yoast-schema-graph\">{\"@context\":\"https:\/\/schema.org\",\"@graph\":[{\"@type\":\"WebPage\",\"@id\":\"http:\/\/universofamilia.com\/ar\/paises-lideres-en-energia-solar-y-eolica\/\",\"url\":\"http:\/\/universofamilia.com\/ar\/paises-lideres-en-energia-solar-y-eolica\/\",\"name\":\"Pa\u00edses l\u00edderes en energ\u00eda solar y e\u00f3lica - Universo Fam\u00edlia\",\"isPartOf\":{\"@id\":\"https:\/\/universofamilia.com\/el\/#website\"},\"primaryImageOfPage\":{\"@id\":\"http:\/\/universofamilia.com\/ar\/paises-lideres-en-energia-solar-y-eolica\/#primaryimage\"},\"image\":{\"@id\":\"http:\/\/universofamilia.com\/ar\/paises-lideres-en-energia-solar-y-eolica\/#primaryimage\"},\"thumbnailUrl\":\"https:\/\/universofamilia.com\/wp-content\/uploads\/sites\/148\/2025\/11\/Destaque-Novo-Universo-2-3.jpg\",\"datePublished\":\"2025-11-21T19:03:00+00:00\",\"dateModified\":\"2025-11-21T19:03:03+00:00\",\"author\":{\"@id\":\"https:\/\/universofamilia.com\/el\/#\/schema\/person\/92fcd07e9b1f4323bf74f3170fc0f78a\"},\"description\":\"En un mundo que busca acelerar la transici\u00f3n hacia fuentes limpias y sostenibles, los pa\u00edses l\u00edderes en energ\u00eda solar y e\u00f3lica se convierten.\",\"breadcrumb\":{\"@id\":\"http:\/\/universofamilia.com\/ar\/paises-lideres-en-energia-solar-y-eolica\/#breadcrumb\"},\"inLanguage\":\"pl-PL\",\"potentialAction\":[{\"@type\":\"ReadAction\",\"target\":[\"http:\/\/universofamilia.com\/ar\/paises-lideres-en-energia-solar-y-eolica\/\"]}]},{\"@type\":\"ImageObject\",\"inLanguage\":\"pl-PL\",\"@id\":\"http:\/\/universofamilia.com\/ar\/paises-lideres-en-energia-solar-y-eolica\/#primaryimage\",\"url\":\"https:\/\/universofamilia.com\/wp-content\/uploads\/sites\/148\/2025\/11\/Destaque-Novo-Universo-2-3.jpg\",\"contentUrl\":\"https:\/\/universofamilia.com\/wp-content\/uploads\/sites\/148\/2025\/11\/Destaque-Novo-Universo-2-3.jpg\",\"width\":450,\"height\":250},{\"@type\":\"BreadcrumbList\",\"@id\":\"http:\/\/universofamilia.com\/ar\/paises-lideres-en-energia-solar-y-eolica\/#breadcrumb\",\"itemListElement\":[{\"@type\":\"ListItem\",\"position\":1,\"name\":\"Home\",\"item\":\"https:\/\/universofamilia.com\/el\/\"},{\"@type\":\"ListItem\",\"position\":2,\"name\":\"Pa\u00edses l\u00edderes en energ\u00eda solar y e\u00f3lica\"}]},{\"@type\":\"WebSite\",\"@id\":\"https:\/\/universofamilia.com\/el\/#website\",\"url\":\"https:\/\/universofamilia.com\/el\/\",\"name\":\"Universo Fam\u00edlia\",\"description\":\"\",\"potentialAction\":[{\"@type\":\"SearchAction\",\"target\":{\"@type\":\"EntryPoint\",\"urlTemplate\":\"https:\/\/universofamilia.com\/el\/?s={search_term_string}\"},\"query-input\":\"required name=search_term_string\"}],\"inLanguage\":\"pl-PL\"},{\"@type\":\"Person\",\"@id\":\"https:\/\/universofamilia.com\/el\/#\/schema\/person\/92fcd07e9b1f4323bf74f3170fc0f78a\",\"name\":\"Matheus Sangaletti\",\"image\":{\"@type\":\"ImageObject\",\"inLanguage\":\"pl-PL\",\"@id\":\"https:\/\/universofamilia.com\/el\/#\/schema\/person\/image\/\",\"url\":\"https:\/\/secure.gravatar.com\/avatar\/280ea957a14a48e6a1ad2133d2cc27c9?s=96&d=mm&r=g\",\"contentUrl\":\"https:\/\/secure.gravatar.com\/avatar\/280ea957a14a48e6a1ad2133d2cc27c9?s=96&d=mm&r=g\",\"caption\":\"Matheus Sangaletti\"},\"url\":\"https:\/\/universofamilia.com\/pl\/author\/matheuss\/\"}]}<\/script>\n<!-- \/ Yoast SEO plugin. -->","yoast_head_json":{"title":"Pa\u00edses l\u00edderes en energ\u00eda solar y e\u00f3lica - Universo Fam\u00edlia","description":"En un mundo que busca acelerar la transici\u00f3n hacia fuentes limpias y sostenibles, los pa\u00edses l\u00edderes en energ\u00eda solar y e\u00f3lica se convierten.","robots":{"index":"index","follow":"follow","max-snippet":"max-snippet:-1","max-image-preview":"max-image-preview:large","max-video-preview":"max-video-preview:-1"},"canonical":"http:\/\/universofamilia.com\/pl\/paises-lideres-en-energia-solar-y-eolica\/","og_locale":"pl_PL","og_type":"article","og_title":"Pa\u00edses l\u00edderes en energ\u00eda solar y e\u00f3lica - Universo Fam\u00edlia","og_description":"En un mundo que busca acelerar la transici\u00f3n hacia fuentes limpias y sostenibles, los pa\u00edses l\u00edderes en energ\u00eda solar y e\u00f3lica se convierten.","og_url":"http:\/\/universofamilia.com\/pl\/paises-lideres-en-energia-solar-y-eolica\/","og_site_name":"Universo Fam\u00edlia","article_published_time":"2025-11-21T19:03:00+00:00","article_modified_time":"2025-11-21T19:03:03+00:00","og_image":[{"width":450,"height":250,"url":"http:\/\/universofamilia.com\/wp-content\/uploads\/sites\/148\/2025\/11\/Destaque-Novo-Universo-2-3.jpg","type":"image\/jpeg"}],"author":"Matheus Sangaletti","twitter_card":"summary_large_image","twitter_misc":{"Written by":"Matheus Sangaletti","Est. reading time":"8 minut"},"schema":{"@context":"https:\/\/schema.org","@graph":[{"@type":"WebPage","@id":"http:\/\/universofamilia.com\/ar\/paises-lideres-en-energia-solar-y-eolica\/","url":"http:\/\/universofamilia.com\/ar\/paises-lideres-en-energia-solar-y-eolica\/","name":"Pa\u00edses l\u00edderes en energ\u00eda solar y e\u00f3lica - Universo Fam\u00edlia","isPartOf":{"@id":"https:\/\/universofamilia.com\/el\/#website"},"primaryImageOfPage":{"@id":"http:\/\/universofamilia.com\/ar\/paises-lideres-en-energia-solar-y-eolica\/#primaryimage"},"image":{"@id":"http:\/\/universofamilia.com\/ar\/paises-lideres-en-energia-solar-y-eolica\/#primaryimage"},"thumbnailUrl":"https:\/\/universofamilia.com\/wp-content\/uploads\/sites\/148\/2025\/11\/Destaque-Novo-Universo-2-3.jpg","datePublished":"2025-11-21T19:03:00+00:00","dateModified":"2025-11-21T19:03:03+00:00","author":{"@id":"https:\/\/universofamilia.com\/el\/#\/schema\/person\/92fcd07e9b1f4323bf74f3170fc0f78a"},"description":"En un mundo que busca acelerar la transici\u00f3n hacia fuentes limpias y sostenibles, los pa\u00edses l\u00edderes en energ\u00eda solar y e\u00f3lica se convierten.","breadcrumb":{"@id":"http:\/\/universofamilia.com\/ar\/paises-lideres-en-energia-solar-y-eolica\/#breadcrumb"},"inLanguage":"pl-PL","potentialAction":[{"@type":"ReadAction","target":["http:\/\/universofamilia.com\/ar\/paises-lideres-en-energia-solar-y-eolica\/"]}]},{"@type":"ImageObject","inLanguage":"pl-PL","@id":"http:\/\/universofamilia.com\/ar\/paises-lideres-en-energia-solar-y-eolica\/#primaryimage","url":"https:\/\/universofamilia.com\/wp-content\/uploads\/sites\/148\/2025\/11\/Destaque-Novo-Universo-2-3.jpg","contentUrl":"https:\/\/universofamilia.com\/wp-content\/uploads\/sites\/148\/2025\/11\/Destaque-Novo-Universo-2-3.jpg","width":450,"height":250},{"@type":"BreadcrumbList","@id":"http:\/\/universofamilia.com\/ar\/paises-lideres-en-energia-solar-y-eolica\/#breadcrumb","itemListElement":[{"@type":"ListItem","position":1,"name":"Home","item":"https:\/\/universofamilia.com\/el\/"},{"@type":"ListItem","position":2,"name":"Pa\u00edses l\u00edderes en energ\u00eda solar y e\u00f3lica"}]},{"@type":"WebSite","@id":"https:\/\/universofamilia.com\/el\/#website","url":"https:\/\/universofamilia.com\/el\/","name":"Universo Fam\u00edlia","description":"","potentialAction":[{"@type":"SearchAction","target":{"@type":"EntryPoint","urlTemplate":"https:\/\/universofamilia.com\/el\/?s={search_term_string}"},"query-input":"required name=search_term_string"}],"inLanguage":"pl-PL"},{"@type":"Person","@id":"https:\/\/universofamilia.com\/el\/#\/schema\/person\/92fcd07e9b1f4323bf74f3170fc0f78a","name":"Matheus Sangaletti","image":{"@type":"ImageObject","inLanguage":"pl-PL","@id":"https:\/\/universofamilia.com\/el\/#\/schema\/person\/image\/","url":"https:\/\/secure.gravatar.com\/avatar\/280ea957a14a48e6a1ad2133d2cc27c9?s=96&d=mm&r=g","contentUrl":"https:\/\/secure.gravatar.com\/avatar\/280ea957a14a48e6a1ad2133d2cc27c9?s=96&d=mm&r=g","caption":"Matheus Sangaletti"},"url":"https:\/\/universofamilia.com\/pl\/author\/matheuss\/"}]}},"_links":{"self":[{"href":"https:\/\/universofamilia.com\/pl\/wp-json\/wp\/v2\/posts\/10390"}],"collection":[{"href":"https:\/\/universofamilia.com\/pl\/wp-json\/wp\/v2\/posts"}],"about":[{"href":"https:\/\/universofamilia.com\/pl\/wp-json\/wp\/v2\/types\/post"}],"author":[{"embeddable":true,"href":"https:\/\/universofamilia.com\/pl\/wp-json\/wp\/v2\/users\/219"}],"replies":[{"embeddable":true,"href":"https:\/\/universofamilia.com\/pl\/wp-json\/wp\/v2\/comments?post=10390"}],"version-history":[{"count":1,"href":"https:\/\/universofamilia.com\/pl\/wp-json\/wp\/v2\/posts\/10390\/revisions"}],"predecessor-version":[{"id":10394,"href":"https:\/\/universofamilia.com\/pl\/wp-json\/wp\/v2\/posts\/10390\/revisions\/10394"}],"wp:featuredmedia":[{"embeddable":true,"href":"https:\/\/universofamilia.com\/pl\/wp-json\/wp\/v2\/media\/10391"}],"wp:attachment":[{"href":"https:\/\/universofamilia.com\/pl\/wp-json\/wp\/v2\/media?parent=10390"}],"wp:term":[{"taxonomy":"category","embeddable":true,"href":"https:\/\/universofamilia.com\/pl\/wp-json\/wp\/v2\/categories?post=10390"},{"taxonomy":"post_tag","embeddable":true,"href":"https:\/\/universofamilia.com\/pl\/wp-json\/wp\/v2\/tags?post=10390"}],"curies":[{"name":"wp","href":"https:\/\/api.w.org\/{rel}","templated":true}]}}