{"id":2109,"date":"2023-05-31T16:30:11","date_gmt":"2023-05-31T19:30:11","guid":{"rendered":"https:\/\/universofamilia.com\/?p=2109"},"modified":"2023-05-31T16:30:11","modified_gmt":"2023-05-31T19:30:11","slug":"por-que-os-bebes-se-assustam-tanto","status":"publish","type":"post","link":"https:\/\/universofamilia.com\/pl\/por-que-os-bebes-se-assustam-tanto\/","title":{"rendered":"Dlaczego dzieci tak si\u0119 boj\u0105?"},"content":{"rendered":"<p>Dlaczego dzieci tak si\u0119 boj\u0105, poznaj to zjawisko emocjonalne i behawioralne.<\/p>\n\n\n\n<p>Niemowl\u0119ta znane s\u0105 ze swojej ciekawskiej i wra\u017cliwej natury. W pierwszych miesi\u0105cach \u017cycia cz\u0119sto obserwuje si\u0119, \u017ce dzieci \u0142atwo przestraszaj\u0105 si\u0119 pozornie nieszkodliwych bod\u017ac\u00f3w.<\/p>\n\n\n\n<p>Ta reakcja mo\u017ce zaintrygowa\u0107 wiele kraj\u00f3w i opiekun\u00f3w, nasuwaj\u0105c pytanie: dlaczego dzieci tak si\u0119 boj\u0105?<\/p>\n\n\n\n<p>W tym artykule przyjrzymy si\u0119 bli\u017cej temu zjawisku emocjonalnemu i behawioralnemu u niemowl\u0105t, oferuj\u0105c wgl\u0105d w przyczyny ich zachowa\u0144 i udzielaj\u0105c porad, jak pom\u00f3c krajom radzi\u0107 sobie z tego typu sytuacjami.<\/p>\n\n\n\n<h3 class=\"wp-block-heading\">Zobacz tak\u017ce:<\/h3>\n\n\n\n<p><a href=\"https:\/\/universofamilia.com\/pl\/como-aliviar-as-colicas-do-bebe\/\" target=\"_blank\" rel=\"noreferrer noopener\">Jak z\u0142agodzi\u0107 kolk\u0119 u dziecka<\/a><\/p>\n\n\n\n<p><a href=\"https:\/\/universofamilia.com\/pl\/o-que-e-ser-mae\/\" target=\"_blank\" rel=\"noreferrer noopener\">Czym jest bycie matk\u0105?<\/a><\/p>\n\n\n\n<p><a href=\"https:\/\/www.luzbaby.com.br\/\" target=\"_blank\" rel=\"noreferrer noopener\">A Luz Baby to jeden z najlepszych sklep\u00f3w z artyku\u0142ami dla niemowl\u0105t. Kliknij tutaj.<\/a><\/p>\n\n\n<div class=\"wp-block-image\">\n<figure class=\"aligncenter size-full\"><img loading=\"lazy\" decoding=\"async\" width=\"550\" height=\"350\" src=\"http:\/\/universofamilia.com\/wp-content\/uploads\/sites\/148\/2023\/05\/POST-SUSTO-BEBe-universo-familia-.png\" alt=\"\" class=\"wp-image-2110\" srcset=\"https:\/\/universofamilia.com\/wp-content\/uploads\/sites\/148\/2023\/05\/POST-SUSTO-BEBe-universo-familia-.png 550w, https:\/\/universofamilia.com\/wp-content\/uploads\/sites\/148\/2023\/05\/POST-SUSTO-BEBe-universo-familia--300x191.png 300w\" sizes=\"(max-width: 550px) 100vw, 550px\" \/><\/figure><\/div>\n\n\n<h4 class=\"wp-block-heading\">Rozw\u00f3j sensoryczny w pierwszych miesi\u0105cach<\/h4>\n\n\n\n<p>Niemowl\u0119ta przechodz\u0105 intensywny rozw\u00f3j sensoryczny w pierwszych miesi\u0105cach \u017cycia. Ich zmys\u0142y s\u0142uchu, wzroku i tatua\u017cu stale si\u0119 rozwijaj\u0105, co oznacza, \u017ce poznaj\u0105 zupe\u0142nie nowy \u015bwiat.<\/p>\n\n\n\n<p>W rezultacie nawet \u0142agodne i powszechne bod\u017ace mog\u0105 by\u0107 odbierane jako zagra\u017caj\u0105ce dziecku, kt\u00f3re wci\u0105\u017c przyzwyczaja si\u0119 do otoczenia.<\/p>\n\n\n\n<h4 class=\"wp-block-heading\">Mimowolne przestrachy<\/h4>\n\n\n\n<p>Opr\u00f3cz rozwoju sensorycznego, niemowl\u0119ta maj\u0105 r\u00f3wnie\u017c odruch zwany \u201eodruchem wzdrygni\u0119cia\u201d lub \u201eodruchem Moro\u201d. Ten odruch jest mimowoln\u0105 reakcj\u0105 na nag\u0142y bodziec, taki jak g\u0142o\u015bny ha\u0142as lub nag\u0142a zmiana w otoczeniu.<\/p>\n\n\n\n<p>Kiedy dziecko jest czym\u015b takim zaskoczone, potrafi wyci\u0105ga\u0107, otwiera\u0107 i wygina\u0107 ramiona. To odczucie mo\u017ce by\u0107 b\u0142\u0119dnie interpretowane jako strach, ale w rzeczywisto\u015bci jest to automatyczna reakcja niedojrza\u0142ego uk\u0142adu nerwowego dziecka.<\/p>\n\n\n\n<h4 class=\"wp-block-heading\">Percep\u00e7\u00e3o de amea\u00e7a<\/h4>\n\n\n\n<p>Niemowl\u0119ta nieustannie poznaj\u0105 otaczaj\u0105cy je \u015bwiat, a \u015bwiadomo\u015b\u0107 stanowi wa\u017cn\u0105 cz\u0119\u015b\u0107 tego procesu.<\/p>\n\n\n\n<p>Poniewa\u017c nie posiadaj\u0105 zdolno\u015bci rozr\u00f3\u017cniania, co jest naprawd\u0119 niebezpieczne, a co nie, naturalnym jest, \u017ce reaguj\u0105 intensywnie na ka\u017cdy nieznany lub nieoczekiwany bodziec.<\/p>\n\n\n\n<p>Reakcja ta jest form\u0105 samozachowania i mo\u017cna j\u0105 uzna\u0107 za odpowied\u017a ewolucyjn\u0105, kt\u00f3ra pomaga zapewni\u0107 przetrwanie.<\/p>\n\n\n\n<h4 class=\"wp-block-heading\">Influ\u00eancia do ambiente<\/h4>\n\n\n\n<p>\u015arodowisko, w kt\u00f3rym dziecko ro\u015bnie, r\u00f3wnie\u017c odgrywa znacz\u0105c\u0105 rol\u0119 w jego sk\u0142onno\u015bci do l\u0119ku. Chaotyczne otoczenie, z bardzo g\u0142o\u015bnymi d\u017awi\u0119kami i ci\u0105g\u0142ymi bod\u017acami, mo\u017ce sprawi\u0107, \u017ce dziecko b\u0119dzie w stanie ci\u0105g\u0142ego pobudzenia i \u0142atwiej si\u0119 przestraszy.<\/p>\n\n\n\n<p>Z drugiej strony spokojne i bezpieczne otoczenie, z ustalonymi rutynowymi czynno\u015bciami i poczuciem znajomo\u015bci, mo\u017ce pom\u00f3c dziecku poczu\u0107 si\u0119 spokojniej i by\u0107 mniej podatnym na reakcje strachu.<\/p>\n\n\n\n<h4 class=\"wp-block-heading\">Wskaz\u00f3wki dotycz\u0105ce radzenia sobie ze strachem<\/h4>\n\n\n\n<p>Aby pom\u00f3c Ci poradzi\u0107 sobie z cz\u0119stymi obawami, kt\u00f3rych mog\u0105 do\u015bwiadcza\u0107 niemowl\u0119ta, przedstawiamy kilka pomocnych wskaz\u00f3wek:<\/p>\n\n\n\n<p><strong>Zachowa\u0107 spok\u00f3j<\/strong>:Kiedy dziecko si\u0119 boi, wa\u017cne jest, aby w domu panowa\u0142 spok\u00f3j. Niemowl\u0119ta mog\u0105 wyczuwa\u0107 i absorbowa\u0107 niepok\u00f3j dwojga opiekun\u00f3w, a to mo\u017ce nasila\u0107 ich w\u0142asne zdenerwowanie.<\/p>\n\n\n\n<p>Dzi\u0119ki zachowaniu spokoju, kraj przekazuje dziecku poczucie bezpiecze\u0144stwa i spokoju.<\/p>\n\n\n\n<p><strong>Ofere\u00e7a conforto f\u00edsica<\/strong>Przytulanie, delikatne pieszczoty i kontakt fizyczny mog\u0105 przynie\u015b\u0107 dziecku ukojenie po prze\u017cyciu strachu. Pomagaj\u0105 one zbudowa\u0107 poczucie bezpiecze\u0144stwa i ochrony, uspokajaj\u0105 i zmniejszaj\u0105 dyskomfort emocjonalny.<\/p>\n\n\n\n<p><strong>Crie um ambiente seguro<\/strong>Zadbaj o to, aby otoczenie, w kt\u00f3rym dziecko sp\u0119dza wi\u0119kszo\u015b\u0107 czasu, by\u0142o bezpieczne i wolne od nadmiernych bod\u017ac\u00f3w. Ogranicz ha\u0142as, unikaj jasnego \u015bwiat\u0142a i stw\u00f3rz spokojn\u0105, przyjazn\u0105 atmosfer\u0119.<\/p>\n\n\n\n<p>Dzi\u0119ki temu dziecko b\u0119dzie czu\u0142o si\u0119 bezpieczniej i b\u0119dzie mniej podatne na strach.<\/p>\n\n\n\n<p><strong>Stopniowo wprowadzaj nowe bod\u017ace<\/strong>W miar\u0119 rozwoju dziecka wa\u017cne jest stopniowe wystawianie go na nowe bod\u017ace i sytuacje. Wprowadzaj d\u017awi\u0119ki, \u015bwiat\u0142a i faktury w delikatny i kontrolowany spos\u00f3b, pozwalaj\u0105c dziecku powoli si\u0119 do nich przyzwyczai\u0107.<\/p>\n\n\n\n<p>Pomo\u017ce to ograniczy\u0107 wp\u0142yw nowych bod\u017ac\u00f3w i sprzyja\u0107 spokojniejszej adaptacji.<\/p>\n\n\n\n<p><strong>Ustal rutyny i przewidywalno\u015b\u0107<\/strong>Niemowl\u0119ta czuj\u0105 si\u0119 bezpieczniej, gdy maj\u0105 sta\u0142y i przewidywalny rytm dnia. Daje to poczucie kontroli i stabilno\u015bci w otoczeniu.<\/p>\n\n\n\n<p>Ustal sta\u0142e pory karmienia, snu i aktywno\u015bci, aby dziecko wiedzia\u0142o, czego si\u0119 spodziewa\u0107, zmniejszaj\u0105c w ten spos\u00f3b ryzyko przestraszenia.<\/p>\n\n\n\n<h4 class=\"wp-block-heading\">Wniosek<\/h4>\n\n\n\n<p>Cz\u0119ste l\u0119ki, kt\u00f3rych do\u015bwiadczaj\u0105 niemowl\u0119ta, s\u0105 normaln\u0105 cz\u0119\u015bci\u0105 ich rozwoju. Do tej reakcji przyczyniaj\u0105 si\u0119 rozwijaj\u0105ce si\u0119 zmys\u0142y, mimowolne odruchy i percepcja mi\u0142o\u015bci.<\/p>\n\n\n\n<p>Wa\u017cne jest, aby pami\u0119ta\u0107, \u017ce dzieci s\u0105 zale\u017cne od dw\u00f3ch kraj\u00f3w i opiekun\u00f3w, aby czu\u0107 si\u0119 bezpiecznie i chronione.<\/p>\n\n\n\n<p>Rozumiej\u0105c powody, dla kt\u00f3rych niemowl\u0119ta si\u0119 boj\u0105, i stosuj\u0105c techniki radzenia sobie w takich sytuacjach, mo\u017cemy pom\u00f3c naszym dzieciom czu\u0107 si\u0119 spokojniejszymi i bezpieczniejszymi w swoim otoczeniu.<\/p>\n\n\n\n<p>Poprzez zachowanie spokoju, zapewnienie komfortu fizycznego, stworzenie bezpiecznego otoczenia, stopniowe wprowadzanie nowych bod\u017ac\u00f3w i ustalenie zaplanowanych czynno\u015bci, mo\u017cna pom\u00f3c dzieciom lepiej radzi\u0107 sobie ze strachem i wspiera\u0107 zdrowy i emocjonalnie zr\u00f3wnowa\u017cony rozw\u00f3j.<\/p>\n\n\n\n<p>Pami\u0119taj, \u017ce ka\u017cde dziecko jest wyj\u0105tkowe i mo\u017ce inaczej reagowa\u0107 na bod\u017ace. Obserwacja i zrozumienie indywidualnych potrzeb dziecka jest kluczowe dla zapewnienia mu niezb\u0119dnego wsparcia w tych trudnych chwilach.<\/p>\n\n\n\n<h4 class=\"wp-block-heading\">\u0179r\u00f3d\u0142a bada\u0144<\/h4>\n\n\n\n<p>Oto kilka proponowanych czcionek, kt\u00f3rych mo\u017cesz u\u017cy\u0107 w swoich badaniach:<\/p>\n\n\n\n<p><strong>Artyku\u0142y naukowe<\/strong>:Uzyskaj dost\u0119p do naukowych baz danych, takich jak PubMed i Google Scholar, aby znale\u017a\u0107 badania naukowe dotycz\u0105ce rozwoju emocjonalnego i sensorycznego niemowl\u0105t.<\/p>\n\n\n\n<p><strong>Ksi\u0105\u017cki specjalistyczne<\/strong>Szukaj ksi\u0105\u017cek napisanych przez specjalist\u00f3w z zakresu rozwoju dziecka, psychologii lub pediatrii. Przyk\u0142adami odpowiednich tytu\u0142\u00f3w s\u0105 \u201eNauka o rodzicielstwie\u201d Margot Sunderland oraz \u201eCudowne tygodnie\u201d Hetty van de Rijt i Fransa Plooija.<\/p>\n\n\n\n<p><strong>Organiza\u00e7\u00f5es de renome<\/strong>Odwied\u017a strony internetowe organizacji dzia\u0142aj\u0105cych w obszarze zdrowia dziecka, takich jak Ameryka\u0144ska Akademia Pediatrii (AAP) i \u015awiatowa Organizacja Zdrowia (WHO). Instytucje te zazwyczaj publikuj\u0105 zaktualizowane wytyczne i informacje dotycz\u0105ce rozwoju i opieki nad niemowl\u0119tami.<\/p>\n\n\n\n<p>Blogi i zaufane strony: Istnieje wiele blog\u00f3w i stron internetowych, kt\u00f3re dostarczaj\u0105 rzetelnych informacji na temat rozwoju dziecka. Przyk\u0142adami s\u0105 Verywell Family, HealthyChildren.org i BabyCenter.<\/p>\n\n\n\n<p>Certyfikat \u2013 zawsze weryfikuj wiarygodno\u015b\u0107 \u017ar\u00f3de\u0142, z kt\u00f3rych korzystasz, szukaj\u0105c informacji od wykwalifikowanych specjalist\u00f3w z naukowymi podstawami. Ponadto, cytuj\u0105c lub wykorzystuj\u0105c informacje z innych \u017ar\u00f3de\u0142, wa\u017cne jest, aby podawa\u0107 odpowiednie odniesienia, aby unikn\u0105\u0107 plagiatu i oddawa\u0107 lub by\u0107 zobowi\u0105zanym do uznania autorstwa oryginalnych autor\u00f3w.<\/p>","protected":false},"excerpt":{"rendered":"<p>Dlaczego dzieci tak si\u0119 boj\u0105, poznaj to zjawisko emocjonalne i behawioralne.<br \/>\nNiemowl\u0119ta znane s\u0105 ze swojej ciekawskiej i wra\u017cliwej natury. W pierwszych miesi\u0105cach \u017cycia cz\u0119sto obserwuje si\u0119, \u017ce dzieci \u0142atwo przestraszaj\u0105 si\u0119 pozornie nieszkodliwych bod\u017ac\u00f3w.<br \/>\nTa reakcja mo\u017ce zaintrygowa\u0107 wiele kraj\u00f3w i opiekun\u00f3w, nasuwaj\u0105c pytanie: dlaczego dzieci tak si\u0119 boj\u0105?<br \/>\nW tym artykule przyjrzymy si\u0119 bli\u017cej temu zjawisku emocjonalnemu i behawioralnemu u niemowl\u0105t, oferuj\u0105c wgl\u0105d w przyczyny ich zachowa\u0144 i udzielaj\u0105c porad, jak pom\u00f3c krajom radzi\u0107 sobie z tego typu sytuacjami.<\/p>","protected":false},"author":0,"featured_media":2111,"comment_status":"closed","ping_status":"open","sticky":false,"template":"","format":"standard","meta":{"footnotes":""},"categories":[5],"tags":[417,509,1397],"yoast_head":"<!-- This site is optimized with the Yoast SEO plugin v23.3 - https:\/\/yoast.com\/wordpress\/plugins\/seo\/ -->\n<title>Por que os beb\u00eas se assustam tanto - Universo Fam\u00edlia<\/title>\n<meta name=\"description\" content=\"Por que os beb\u00eas se assustam tanto, entenda esse fen\u00f4meno emocional e comportamental.\" \/>\n<meta name=\"robots\" content=\"index, follow, max-snippet:-1, max-image-preview:large, max-video-preview:-1\" \/>\n<link rel=\"canonical\" href=\"https:\/\/universofamilia.com\/pl\/por-que-os-bebes-se-assustam-tanto\/\" \/>\n<meta property=\"og:locale\" content=\"pl_PL\" \/>\n<meta property=\"og:type\" content=\"article\" \/>\n<meta property=\"og:title\" content=\"Por que os beb\u00eas se assustam tanto - Universo Fam\u00edlia\" \/>\n<meta property=\"og:description\" content=\"Por que os beb\u00eas se assustam tanto, entenda esse fen\u00f4meno emocional e comportamental.\" \/>\n<meta property=\"og:url\" content=\"https:\/\/universofamilia.com\/pl\/por-que-os-bebes-se-assustam-tanto\/\" \/>\n<meta property=\"og:site_name\" content=\"Universo Fam\u00edlia\" \/>\n<meta property=\"article:published_time\" content=\"2023-05-31T19:30:11+00:00\" \/>\n<meta property=\"og:image\" content=\"https:\/\/universofamilia.com\/wp-content\/uploads\/sites\/148\/2023\/05\/FOTO-DESTAQUE-SUSTO-BEBE-universo-familia-448x350-.png\" \/>\n\t<meta property=\"og:image:width\" content=\"448\" \/>\n\t<meta property=\"og:image:height\" content=\"350\" \/>\n\t<meta property=\"og:image:type\" content=\"image\/png\" \/>\n<meta name=\"twitter:card\" content=\"summary_large_image\" \/>\n<meta name=\"twitter:label1\" content=\"Est. reading time\" \/>\n\t<meta name=\"twitter:data1\" content=\"6 minut\" \/>\n<script type=\"application\/ld+json\" class=\"yoast-schema-graph\">{\"@context\":\"https:\/\/schema.org\",\"@graph\":[{\"@type\":\"WebPage\",\"@id\":\"https:\/\/universofamilia.com\/ja\/por-que-os-bebes-se-assustam-tanto\/\",\"url\":\"https:\/\/universofamilia.com\/ja\/por-que-os-bebes-se-assustam-tanto\/\",\"name\":\"Por que os beb\u00eas se assustam tanto - Universo Fam\u00edlia\",\"isPartOf\":{\"@id\":\"https:\/\/universofamilia.com\/el\/#website\"},\"primaryImageOfPage\":{\"@id\":\"https:\/\/universofamilia.com\/ja\/por-que-os-bebes-se-assustam-tanto\/#primaryimage\"},\"image\":{\"@id\":\"https:\/\/universofamilia.com\/ja\/por-que-os-bebes-se-assustam-tanto\/#primaryimage\"},\"thumbnailUrl\":\"https:\/\/universofamilia.com\/wp-content\/uploads\/sites\/148\/2023\/05\/FOTO-DESTAQUE-SUSTO-BEBE-universo-familia-448x350-.png\",\"datePublished\":\"2023-05-31T19:30:11+00:00\",\"dateModified\":\"2023-05-31T19:30:11+00:00\",\"author\":{\"@id\":\"\"},\"description\":\"Por que os beb\u00eas se assustam tanto, entenda esse fen\u00f4meno emocional e comportamental.\",\"breadcrumb\":{\"@id\":\"https:\/\/universofamilia.com\/ja\/por-que-os-bebes-se-assustam-tanto\/#breadcrumb\"},\"inLanguage\":\"pl-PL\",\"potentialAction\":[{\"@type\":\"ReadAction\",\"target\":[\"https:\/\/universofamilia.com\/ja\/por-que-os-bebes-se-assustam-tanto\/\"]}]},{\"@type\":\"ImageObject\",\"inLanguage\":\"pl-PL\",\"@id\":\"https:\/\/universofamilia.com\/ja\/por-que-os-bebes-se-assustam-tanto\/#primaryimage\",\"url\":\"https:\/\/universofamilia.com\/wp-content\/uploads\/sites\/148\/2023\/05\/FOTO-DESTAQUE-SUSTO-BEBE-universo-familia-448x350-.png\",\"contentUrl\":\"https:\/\/universofamilia.com\/wp-content\/uploads\/sites\/148\/2023\/05\/FOTO-DESTAQUE-SUSTO-BEBE-universo-familia-448x350-.png\",\"width\":448,\"height\":350},{\"@type\":\"BreadcrumbList\",\"@id\":\"https:\/\/universofamilia.com\/ja\/por-que-os-bebes-se-assustam-tanto\/#breadcrumb\",\"itemListElement\":[{\"@type\":\"ListItem\",\"position\":1,\"name\":\"Home\",\"item\":\"https:\/\/universofamilia.com\/el\/\"},{\"@type\":\"ListItem\",\"position\":2,\"name\":\"Por que os beb\u00eas se assustam tanto\"}]},{\"@type\":\"WebSite\",\"@id\":\"https:\/\/universofamilia.com\/el\/#website\",\"url\":\"https:\/\/universofamilia.com\/el\/\",\"name\":\"Universo Fam\u00edlia\",\"description\":\"\",\"potentialAction\":[{\"@type\":\"SearchAction\",\"target\":{\"@type\":\"EntryPoint\",\"urlTemplate\":\"https:\/\/universofamilia.com\/el\/?s={search_term_string}\"},\"query-input\":\"required name=search_term_string\"}],\"inLanguage\":\"pl-PL\"}]}<\/script>\n<!-- \/ Yoast SEO plugin. -->","yoast_head_json":{"title":"Por que os beb\u00eas se assustam tanto - Universo Fam\u00edlia","description":"Por que os beb\u00eas se assustam tanto, entenda esse fen\u00f4meno emocional e comportamental.","robots":{"index":"index","follow":"follow","max-snippet":"max-snippet:-1","max-image-preview":"max-image-preview:large","max-video-preview":"max-video-preview:-1"},"canonical":"https:\/\/universofamilia.com\/pl\/por-que-os-bebes-se-assustam-tanto\/","og_locale":"pl_PL","og_type":"article","og_title":"Por que os beb\u00eas se assustam tanto - Universo Fam\u00edlia","og_description":"Por que os beb\u00eas se assustam tanto, entenda esse fen\u00f4meno emocional e comportamental.","og_url":"https:\/\/universofamilia.com\/pl\/por-que-os-bebes-se-assustam-tanto\/","og_site_name":"Universo Fam\u00edlia","article_published_time":"2023-05-31T19:30:11+00:00","og_image":[{"width":448,"height":350,"url":"https:\/\/universofamilia.com\/wp-content\/uploads\/sites\/148\/2023\/05\/FOTO-DESTAQUE-SUSTO-BEBE-universo-familia-448x350-.png","type":"image\/png"}],"twitter_card":"summary_large_image","twitter_misc":{"Est. reading time":"6 minut"},"schema":{"@context":"https:\/\/schema.org","@graph":[{"@type":"WebPage","@id":"https:\/\/universofamilia.com\/ja\/por-que-os-bebes-se-assustam-tanto\/","url":"https:\/\/universofamilia.com\/ja\/por-que-os-bebes-se-assustam-tanto\/","name":"Por que os beb\u00eas se assustam tanto - Universo Fam\u00edlia","isPartOf":{"@id":"https:\/\/universofamilia.com\/el\/#website"},"primaryImageOfPage":{"@id":"https:\/\/universofamilia.com\/ja\/por-que-os-bebes-se-assustam-tanto\/#primaryimage"},"image":{"@id":"https:\/\/universofamilia.com\/ja\/por-que-os-bebes-se-assustam-tanto\/#primaryimage"},"thumbnailUrl":"https:\/\/universofamilia.com\/wp-content\/uploads\/sites\/148\/2023\/05\/FOTO-DESTAQUE-SUSTO-BEBE-universo-familia-448x350-.png","datePublished":"2023-05-31T19:30:11+00:00","dateModified":"2023-05-31T19:30:11+00:00","author":{"@id":""},"description":"Por que os beb\u00eas se assustam tanto, entenda esse fen\u00f4meno emocional e comportamental.","breadcrumb":{"@id":"https:\/\/universofamilia.com\/ja\/por-que-os-bebes-se-assustam-tanto\/#breadcrumb"},"inLanguage":"pl-PL","potentialAction":[{"@type":"ReadAction","target":["https:\/\/universofamilia.com\/ja\/por-que-os-bebes-se-assustam-tanto\/"]}]},{"@type":"ImageObject","inLanguage":"pl-PL","@id":"https:\/\/universofamilia.com\/ja\/por-que-os-bebes-se-assustam-tanto\/#primaryimage","url":"https:\/\/universofamilia.com\/wp-content\/uploads\/sites\/148\/2023\/05\/FOTO-DESTAQUE-SUSTO-BEBE-universo-familia-448x350-.png","contentUrl":"https:\/\/universofamilia.com\/wp-content\/uploads\/sites\/148\/2023\/05\/FOTO-DESTAQUE-SUSTO-BEBE-universo-familia-448x350-.png","width":448,"height":350},{"@type":"BreadcrumbList","@id":"https:\/\/universofamilia.com\/ja\/por-que-os-bebes-se-assustam-tanto\/#breadcrumb","itemListElement":[{"@type":"ListItem","position":1,"name":"Home","item":"https:\/\/universofamilia.com\/el\/"},{"@type":"ListItem","position":2,"name":"Por que os beb\u00eas se assustam tanto"}]},{"@type":"WebSite","@id":"https:\/\/universofamilia.com\/el\/#website","url":"https:\/\/universofamilia.com\/el\/","name":"Universo Fam\u00edlia","description":"","potentialAction":[{"@type":"SearchAction","target":{"@type":"EntryPoint","urlTemplate":"https:\/\/universofamilia.com\/el\/?s={search_term_string}"},"query-input":"required name=search_term_string"}],"inLanguage":"pl-PL"}]}},"_links":{"self":[{"href":"https:\/\/universofamilia.com\/pl\/wp-json\/wp\/v2\/posts\/2109"}],"collection":[{"href":"https:\/\/universofamilia.com\/pl\/wp-json\/wp\/v2\/posts"}],"about":[{"href":"https:\/\/universofamilia.com\/pl\/wp-json\/wp\/v2\/types\/post"}],"replies":[{"embeddable":true,"href":"https:\/\/universofamilia.com\/pl\/wp-json\/wp\/v2\/comments?post=2109"}],"version-history":[{"count":0,"href":"https:\/\/universofamilia.com\/pl\/wp-json\/wp\/v2\/posts\/2109\/revisions"}],"wp:featuredmedia":[{"embeddable":true,"href":"https:\/\/universofamilia.com\/pl\/wp-json\/wp\/v2\/media\/2111"}],"wp:attachment":[{"href":"https:\/\/universofamilia.com\/pl\/wp-json\/wp\/v2\/media?parent=2109"}],"wp:term":[{"taxonomy":"category","embeddable":true,"href":"https:\/\/universofamilia.com\/pl\/wp-json\/wp\/v2\/categories?post=2109"},{"taxonomy":"post_tag","embeddable":true,"href":"https:\/\/universofamilia.com\/pl\/wp-json\/wp\/v2\/tags?post=2109"}],"curies":[{"name":"wp","href":"https:\/\/api.w.org\/{rel}","templated":true}]}}