{"id":2207,"date":"2023-06-02T23:02:38","date_gmt":"2023-06-03T02:02:38","guid":{"rendered":"https:\/\/universofamilia.com\/?p=2207"},"modified":"2023-06-02T23:02:38","modified_gmt":"2023-06-03T02:02:38","slug":"dificuldade-de-audicao-em-criancas","status":"publish","type":"post","link":"https:\/\/universofamilia.com\/pl\/dificuldade-de-audicao-em-criancas\/","title":{"rendered":"Trudno\u015bci ze s\u0142uchem u dzieci: objawy, opieka i diagnoza"},"content":{"rendered":"<p>Trudno\u015bci ze s\u0142uchem u dzieci: objawy, opieka i diagnoza. S\u0142uch odgrywa kluczow\u0105 rol\u0119 w rozwoju uczenia si\u0119 dzieci.<\/p>\n\n\n\n<p>Niestety, niekt\u00f3re dzieci maj\u0105 problemy ze s\u0142uchem, co mo\u017ce negatywnie wp\u0142ywa\u0107 na ich jako\u015b\u0107 \u017cycia i wyniki w nauce.<\/p>\n\n\n\n<p>W tym artykule om\u00f3wimy objawy trudno\u015bci ze s\u0142uchem u dzieci, konieczn\u0105 opiek\u0119 i spos\u00f3b postawienia w\u0142a\u015bciwej diagnozy.<\/p>\n\n\n\n<h3 class=\"wp-block-heading\">Zobacz tak\u017ce:<\/h3>\n\n\n\n<p><a href=\"https:\/\/universofamilia.com\/pl\/como-aliviar-as-colicas-do-bebe\/\" target=\"_blank\" rel=\"noreferrer noopener\">Jak z\u0142agodzi\u0107 kolk\u0119 u dziecka<\/a><\/p>\n\n\n\n<p><a href=\"https:\/\/universofamilia.com\/pl\/por-que-os-bebes-se-assustam-tanto\/\" target=\"_blank\" rel=\"noreferrer noopener\">Dlaczego dzieci tak si\u0119 boj\u0105?<\/a><\/p>\n\n\n\n<p><a href=\"https:\/\/www.luzbaby.com.br\/\" target=\"_blank\" rel=\"noreferrer noopener\">A Luz Baby to jeden z najlepszych sklep\u00f3w z artyku\u0142ami dla niemowl\u0105t. Kliknij tutaj.<\/a><\/p>\n\n\n\n<h4 class=\"wp-block-heading\">Objawy trudno\u015bci ze s\u0142uchem u dzieci<\/h4>\n\n\n<div class=\"wp-block-image\">\n<figure class=\"aligncenter size-full\"><img loading=\"lazy\" decoding=\"async\" width=\"550\" height=\"350\" src=\"http:\/\/universofamilia.com\/wp-content\/uploads\/sites\/148\/2023\/06\/POST-DIFICULDADE-DE-OUVIR-universo-familia-2.png\" alt=\"\" class=\"wp-image-2208\" srcset=\"https:\/\/universofamilia.com\/wp-content\/uploads\/sites\/148\/2023\/06\/POST-DIFICULDADE-DE-OUVIR-universo-familia-2.png 550w, https:\/\/universofamilia.com\/wp-content\/uploads\/sites\/148\/2023\/06\/POST-DIFICULDADE-DE-OUVIR-universo-familia-2-300x191.png 300w\" sizes=\"(max-width: 550px) 100vw, 550px\" \/><\/figure><\/div>\n\n\n<p>Rozpoznanie problem\u00f3w ze s\u0142uchem u dzieci mo\u017ce by\u0107 trudne, poniewa\u017c objawy mog\u0105 si\u0119 r\u00f3\u017cni\u0107 w zale\u017cno\u015bci od stopnia nasilenia problemu. Oto kilka typowych objaw\u00f3w, na kt\u00f3re nale\u017cy zwr\u00f3ci\u0107 uwag\u0119:<\/p>\n\n\n\n<p><strong>Op\u00f3\u017aniona mowa<\/strong>:U dzieci z problemami ze s\u0142uchem cz\u0119sto wyst\u0119puj\u0105 znaczne op\u00f3\u017anienia w przyswajaniu j\u0119zyka i jego ca\u0142kowity brak rozwoju.<\/p>\n\n\n\n<p><strong>Trudno\u015bci w przestrzeganiu instrukcji<\/strong>:Je\u015bli dziecko nie reaguje odpowiednio na proste polecenia s\u0142owne lub ma trudno\u015bci ze zrozumieniem i wykonywaniem instrukcji, mo\u017ce to wskazywa\u0107 na problem ze s\u0142uchem.<\/p>\n\n\n\n<p><strong>Zbyt g\u0142o\u015bna telewizja lub radio<\/strong>:Je\u015bli dziecko ma tendencj\u0119 do zwi\u0119kszania g\u0142o\u015bno\u015bci telewizora lub radia do niekomfortowo wysokiego poziomu, mo\u017ce to by\u0107 znak, \u017ce ma problemy ze s\u0142uchem.<\/p>\n\n\n\n<p><strong>Problemy z koncentracj\u0105<\/strong>:Dzieci z problemami ze s\u0142uchem mog\u0105 mie\u0107 trudno\u015bci z koncentracj\u0105 w klasie lub w ha\u0142a\u015bliwym otoczeniu ze wzgl\u0119du na przeci\u0105\u017cenie sensoryczne.<\/p>\n\n\n\n<p><strong>Op\u00f3\u017anienia w rozwoju i braku rozwoju j\u0119zyka<\/strong>:Opr\u00f3cz op\u00f3\u017anionego rozwoju mowy, u dzieci mog\u0105 wyst\u0105pi\u0107 trudno\u015bci z poprawnym wymawianiem s\u0142\u00f3w lub prawid\u0142owym rozumieniem i u\u017cywaniem j\u0119zyk\u00f3w.<\/p>\n\n\n<div class=\"wp-block-image\">\n<figure class=\"aligncenter size-full\"><img loading=\"lazy\" decoding=\"async\" width=\"550\" height=\"350\" src=\"http:\/\/universofamilia.com\/wp-content\/uploads\/sites\/148\/2023\/06\/POST-DIFICULDADE-DE-OUVIR-universo-familia-1.png\" alt=\"\" class=\"wp-image-2209\" srcset=\"https:\/\/universofamilia.com\/wp-content\/uploads\/sites\/148\/2023\/06\/POST-DIFICULDADE-DE-OUVIR-universo-familia-1.png 550w, https:\/\/universofamilia.com\/wp-content\/uploads\/sites\/148\/2023\/06\/POST-DIFICULDADE-DE-OUVIR-universo-familia-1-300x191.png 300w\" sizes=\"(max-width: 550px) 100vw, 550px\" \/><\/figure><\/div>\n\n\n<h4 class=\"wp-block-heading\">Opieka nad dzie\u0107mi z problemami ze s\u0142uchem<\/h4>\n\n\n\n<p>Je\u015bli podejrzewasz, \u017ce Twoje dziecko ma problemy ze s\u0142uchem, wa\u017cne jest, aby w miar\u0119 mo\u017cliwo\u015bci zapewni\u0107 mu odpowiedni\u0105 opiek\u0119. Podsumowuj\u0105c, oto kilka wa\u017cnych \u015brodk\u00f3w, kt\u00f3re nale\u017cy podj\u0105\u0107:<\/p>\n\n\n\n<p><strong>Skonsultuj si\u0119 ze specjalist\u0105<\/strong>: Um\u00f3w si\u0119 na konsultacj\u0119 z otorynolaryngologiem lub logoped\u0105 specjalizuj\u0105cym si\u0119 w s\u0142uchu dzieci\u0119cym. Mog\u0105 oni przeprowadzi\u0107 testy i badania w celu potwierdzenia s\u0142uchu u dzieci i okre\u015blenia stopnia trudno\u015bci.<\/p>\n\n\n\n<p><strong>Sprzyjaj\u0105ce \u015brodowisko<\/strong>: Stw\u00f3rz sprzyjaj\u0105ce \u015brodowisko w domu i w szkole dla dzieci z problemami ze s\u0142uchem. Ogranicz ha\u0142as w tle, m\u00f3w twarz\u0105 do przodu i u\u017cywaj mowy cia\u0142a, aby u\u0142atwi\u0107 komunikacj\u0119.<\/p>\n\n\n\n<p><strong>Wsparcie edukacyjne<\/strong>Dzieci z problemami ze s\u0142uchem mog\u0105 skorzysta\u0107 ze specjalistycznych interwencji edukacyjnych, takich jak zaj\u0119cia w klasach wsparcia czy terapia logopedyczna. Interwencje te mog\u0105 pom\u00f3c w rozwijaniu umiej\u0119tno\u015bci komunikacyjnych i minimalizowaniu wp\u0142ywu niewyuczonych problem\u00f3w ze s\u0142uchem.<\/p>\n\n\n\n<p><strong>Wsparcie emocjonalne<\/strong>:Lidar z problemami ze s\u0142uchem mo\u017ce by\u0107 wyzwaniem zar\u00f3wno dla dzieci, jak i rodzin. Kr\u00f3tko m\u00f3wi\u0105c, kluczowe jest zapewnienie odpowiedniego wsparcia emocjonalnego. Wreszcie, nale\u017cy zadba\u0107 o to, aby dzieci czu\u0142y si\u0119 zrozumiane, zach\u0119cane i doceniane.<\/p>\n\n\n\n<p>Bardzo pomocna mo\u017ce okaza\u0107 si\u0119 r\u00f3wnie\u017c otwarta rozmowa o problemach ze s\u0142uchem i skorzystanie ze wsparcia, np. grup wsparcia lub terapii rodzinnej.<\/p>\n\n\n\n<p><strong>Technologie wspomagaj\u0105ce<\/strong>W wielu przypadkach zastosowanie technologii wspomagaj\u0105cych, takich jak aparaty s\u0142uchowe czy implanty \u015blimakowe, mo\u017ce znacz\u0105co poprawi\u0107 s\u0142uch u dzieci. Nast\u0119pnie nale\u017cy skonsultowa\u0107 si\u0119 ze specjalist\u0105, aby ustali\u0107, kt\u00f3ra opcja jest najodpowiedniejsza dla Twojego dziecka.<\/p>\n\n\n\n<h4 class=\"wp-block-heading\">Diagnostyka zaburze\u0144 s\u0142uchu u dzieci<\/h4>\n\n\n<div class=\"wp-block-image\">\n<figure class=\"aligncenter size-full\"><img loading=\"lazy\" decoding=\"async\" width=\"550\" height=\"350\" src=\"http:\/\/universofamilia.com\/wp-content\/uploads\/sites\/148\/2023\/06\/POST-DIFICULDADE-DE-OUVIR-universo-familia-.png\" alt=\"\" class=\"wp-image-2210\" srcset=\"https:\/\/universofamilia.com\/wp-content\/uploads\/sites\/148\/2023\/06\/POST-DIFICULDADE-DE-OUVIR-universo-familia-.png 550w, https:\/\/universofamilia.com\/wp-content\/uploads\/sites\/148\/2023\/06\/POST-DIFICULDADE-DE-OUVIR-universo-familia--300x191.png 300w\" sizes=\"(max-width: 550px) 100vw, 550px\" \/><\/figure><\/div>\n\n\n<p>Aby postawi\u0107 trafn\u0105 diagnoz\u0119 niedos\u0142uchu u dzieci, konieczne jest przeprowadzenie r\u00f3\u017cnych test\u00f3w i bada\u0144. Oto kilka najcz\u0119\u015bciej stosowanych technik diagnostycznych:<\/p>\n\n\n\n<p><strong>Testy tria\u017cowe s\u0142uchu<\/strong>Te szybkie, nieinwazyjne testy s\u0142u\u017c\u0105 wy\u0142\u0105cznie do identyfikacji potencjalnych problem\u00f3w ze s\u0142uchem u noworodk\u00f3w i ma\u0142ych dzieci. Zazwyczaj polegaj\u0105 one na prezentacji d\u017awi\u0119k\u00f3w i obserwacji reakcji s\u0142uchowych.<\/p>\n\n\n\n<p><strong>Audiometria<\/strong>Audiometria to badanie mierz\u0105ce s\u0142uch i zdolno\u015b\u0107 rozr\u00f3\u017cniania d\u017awi\u0119k\u00f3w. Jest ono przeprowadzane przez audiologa i mo\u017ce by\u0107 dostosowane do osobowo\u015bci i mo\u017cliwo\u015bci dziecka.<\/p>\n\n\n\n<p><strong>S\u0142uchowe potencja\u0142y wywo\u0142ane<\/strong>:Testy te rejestruj\u0105 aktywno\u015b\u0107 elektryczn\u0105 m\u00f3zgu w odpowiedzi na bod\u017ace d\u017awi\u0119kowe. Pomagaj\u0105 oceni\u0107 integralno\u015b\u0107 uk\u0142adu s\u0142uchowego i zidentyfikowa\u0107 ewentualne dysfunkcje.<\/p>\n\n\n\n<p><strong>Wsparcie j\u0119zykowe i rozwojowe<\/strong>Opr\u00f3cz dw\u00f3ch test\u00f3w s\u0142uchowych, wa\u017cne jest przeprowadzenie kompleksowej oceny rozwoju j\u0119zykowego i umiej\u0119tno\u015bci komunikacyjnych dziecka. Mo\u017ce ona obejmowa\u0107 standaryzowane testy, obserwacje kliniczne i kwestionariusze dla danego kraju.<\/p>\n\n\n\n<h4 class=\"wp-block-heading\">Wniosek<\/h4>\n\n\n\n<p>Trudno\u015bci ze s\u0142uchem u dzieci mog\u0105 mie\u0107 znacz\u0105cy wp\u0142yw na ich og\u00f3lny rozw\u00f3j i wyniki w nauce. Nale\u017cy zwraca\u0107 uwag\u0119 na oznaki trudno\u015bci ze s\u0142uchem i w miar\u0119 mo\u017cliwo\u015bci szuka\u0107 odpowiedniej opieki.<\/p>\n\n\n\n<p>Kr\u00f3tko m\u00f3wi\u0105c, konsultacje ze specjalistami, stworzenie sprzyjaj\u0105cego \u015brodowiska, zapewnienie wsparcia edukacyjnego i emocjonalnego, a tak\u017ce wykorzystanie technologii wspomagaj\u0105cych to wa\u017cne \u015brodki, kt\u00f3re mog\u0105 pom\u00f3c dzieciom pokona\u0107 wyzwania zwi\u0105zane z trudno\u015bciami ze s\u0142uchem.<\/p>\n\n\n\n<p>Pois, trafna diagnoza i wczesna interwencja mog\u0105 mie\u0107 znaczenie w rozwoju j\u0119zykowym dzieci, a nie tylko ogranicza\u0107 je, umo\u017cliwiaj\u0105c im osi\u0105gni\u0119cie pe\u0142nego potencja\u0142u.<\/p>\n\n\n<div class=\"wp-block-image\">\n<figure class=\"aligncenter size-full\"><img loading=\"lazy\" decoding=\"async\" width=\"550\" height=\"350\" src=\"http:\/\/universofamilia.com\/wp-content\/uploads\/sites\/148\/2023\/06\/POST-DIFICULDADE-DE-OUVIR-universo-familia-3.png\" alt=\"\" class=\"wp-image-2215\" srcset=\"https:\/\/universofamilia.com\/wp-content\/uploads\/sites\/148\/2023\/06\/POST-DIFICULDADE-DE-OUVIR-universo-familia-3.png 550w, https:\/\/universofamilia.com\/wp-content\/uploads\/sites\/148\/2023\/06\/POST-DIFICULDADE-DE-OUVIR-universo-familia-3-300x191.png 300w\" sizes=\"(max-width: 550px) 100vw, 550px\" \/><\/figure><\/div>\n\n\n<blockquote class=\"wp-block-quote\">\n<h5 class=\"wp-block-heading\"><em>Uwagi: Materia\u0142y i informacje zamieszczone na stronie Universo Fam\u00edlia nie s\u0105 przeznaczone do cel\u00f3w diagnostyki medycznej i nie powinny by\u0107 w tym celu wykorzystywane. <strong>Zawsze nale\u017cy skonsultowa\u0107 si\u0119 z lekarzem lub wykwalifikowanym pracownikiem s\u0142u\u017cby zdrowia, aby pozna\u0107 swoje rzeczywiste potrzeby.<\/strong>.<\/em><\/h5>\n<\/blockquote>\n\n\n\n<h4 class=\"wp-block-heading\">\u0179r\u00f3d\u0142a bada\u0144<\/h4>\n\n\n\n<p>Tworz\u0105c tekst z informacjami na temat trudno\u015bci w s\u0142uchaniu dzieci, wa\u017cne jest, aby opiera\u0107 si\u0119 na wiarygodnych i aktualnych \u017ar\u00f3d\u0142ach. Oto kilka sugerowanych \u017ar\u00f3de\u0142, z kt\u00f3rych mo\u017cesz skorzysta\u0107, aby pog\u0142\u0119bi\u0107 wiedz\u0119 na ten temat:<\/p>\n\n\n\n<p>Ameryka\u0144skie Stowarzyszenie Mowy, J\u0119zyka i S\u0142uchu (ASHA) \u2013 ASHA to organizacja zawodowa, kt\u00f3ra udost\u0119pnia zasoby i informacje na temat mowy, j\u0119zyka i s\u0142uchu. Strona internetowa (https:\/\/www.asha.org\/) zawiera artyku\u0142y, poradniki i badania dotycz\u0105ce problem\u00f3w ze s\u0142uchem u dzieci.<\/p>\n\n\n\n<p>Centra Kontroli i Prewencji Chor\u00f3b (CDC) \u2013 CDC to ameryka\u0144ska agencja ochrony zdrowia, kt\u00f3ra udost\u0119pnia publicznie dost\u0119pne informacje na temat szerokiego zakresu schorze\u0144. Strona internetowa CDC (https:\/\/www.cdc.gov\/) mo\u017ce by\u0107 wiarygodnym \u017ar\u00f3d\u0142em danych statystycznych, wytycznych dotycz\u0105cych tria\u017cu s\u0142uchu oraz informacji na temat wp\u0142ywu niedos\u0142uchu u dzieci.<\/p>\n\n\n\n<p>Ameryka\u0144ska Akademia Pediatrii (AAP) \u2013 AAP to organizacja zajmuj\u0105ca si\u0119 zdrowiem dzieci, kt\u00f3ra zapewnia lekarzom i rodzinom wsparcie kliniczne. Strona internetowa AAP (https:\/\/www.aap.org\/) zawiera informacje na temat oceny, diagnostyki i leczenia niedos\u0142uchu u dzieci.<\/p>\n\n\n\n<p>Narodowy Instytut G\u0142uchoty i Innych Zaburze\u0144 Komunikacyjnych (NIDCD) \u2013 NIDCD to instytut badawczy rz\u0105du Stan\u00f3w Zjednoczonych, kt\u00f3ry koncentruje si\u0119 na zagadnieniach zwi\u0105zanych z zaburzeniami s\u0142uchu, komunikacji i j\u0119zyka. Ponadto strona internetowa NIDCD (https:\/\/www.nidcd.nih.gov\/) oferuje zasoby i aktualne informacje na temat trudno\u015bci ze s\u0142uchem u dzieci.<\/p>\n\n\n\n<p>\u015awiatowa Organizacja Zdrowia (WHO) \u2013 WHO to wyspecjalizowana agencja Organizacji Narod\u00f3w Zjednoczonych, kt\u00f3ra dzia\u0142a na rzecz promowania zdrowia na \u015bwiecie. Strona internetowa WHO (https:\/\/www.who.int\/) zawiera informacje na temat rozpowszechnienia, wp\u0142ywu i strategii interwencji zwi\u0105zanych z problemami ze s\u0142uchem u dzieci na ca\u0142ym \u015bwiecie.<\/p>\n\n\n\n<p>Dlatego te\u017c nale\u017cy zawsze weryfikowa\u0107 wiarygodno\u015b\u0107 \u017ar\u00f3de\u0142, poszukuj\u0105c informacji w organizacjach i instytucjach zajmuj\u0105cych si\u0119 badaniami nad zdrowiem i s\u0142uchem.<\/p>","protected":false},"excerpt":{"rendered":"<p>Trudno\u015bci ze s\u0142uchem u dzieci: objawy, opieka i diagnoza. S\u0142uch odgrywa kluczow\u0105 rol\u0119 w rozwoju uczenia si\u0119 dzieci.<\/p>\n<p>Niestety, niekt\u00f3re dzieci maj\u0105 problemy ze s\u0142uchem, co mo\u017ce negatywnie wp\u0142ywa\u0107 na ich jako\u015b\u0107 \u017cycia i wyniki w nauce.<\/p>\n<p>W tym artykule om\u00f3wimy objawy trudno\u015bci ze s\u0142uchem u dzieci, konieczn\u0105 opiek\u0119 i spos\u00f3b postawienia w\u0142a\u015bciwej diagnozy.<\/p>","protected":false},"author":0,"featured_media":2216,"comment_status":"open","ping_status":"open","sticky":false,"template":"","format":"standard","meta":{"footnotes":""},"categories":[5],"tags":[580,775,1437],"yoast_head":"<!-- This site is optimized with the Yoast SEO plugin v23.3 - https:\/\/yoast.com\/wordpress\/plugins\/seo\/ -->\n<title>Dificuldade de Audi\u00e7\u00e3o em Crian\u00e7as: Sintomas, Cuidados e Diagn\u00f3stico - Universo Fam\u00edlia<\/title>\n<meta name=\"description\" content=\"Dificuldade de Audi\u00e7\u00e3o em Crian\u00e7as,\" \/>\n<meta name=\"robots\" content=\"index, follow, max-snippet:-1, max-image-preview:large, max-video-preview:-1\" \/>\n<link rel=\"canonical\" href=\"https:\/\/universofamilia.com\/pl\/dificuldade-de-audicao-em-criancas\/\" \/>\n<meta property=\"og:locale\" content=\"pl_PL\" \/>\n<meta property=\"og:type\" content=\"article\" \/>\n<meta property=\"og:title\" content=\"Dificuldade de Audi\u00e7\u00e3o em Crian\u00e7as: Sintomas, Cuidados e Diagn\u00f3stico - Universo Fam\u00edlia\" \/>\n<meta property=\"og:description\" content=\"Dificuldade de Audi\u00e7\u00e3o em Crian\u00e7as,\" \/>\n<meta property=\"og:url\" content=\"https:\/\/universofamilia.com\/pl\/dificuldade-de-audicao-em-criancas\/\" \/>\n<meta property=\"og:site_name\" content=\"Universo Fam\u00edlia\" \/>\n<meta property=\"article:published_time\" content=\"2023-06-03T02:02:38+00:00\" \/>\n<meta property=\"og:image\" content=\"https:\/\/universofamilia.com\/wp-content\/uploads\/sites\/148\/2023\/06\/FOTO-DESTAQUE-DIFICULDADE-DE-OUVIR-universo-familia-448x350-1-1.png\" \/>\n\t<meta property=\"og:image:width\" content=\"448\" \/>\n\t<meta property=\"og:image:height\" content=\"350\" \/>\n\t<meta property=\"og:image:type\" content=\"image\/png\" \/>\n<meta name=\"twitter:card\" content=\"summary_large_image\" \/>\n<meta name=\"twitter:label1\" content=\"Est. reading time\" \/>\n\t<meta name=\"twitter:data1\" content=\"7 minut\" \/>\n<script type=\"application\/ld+json\" class=\"yoast-schema-graph\">{\"@context\":\"https:\/\/schema.org\",\"@graph\":[{\"@type\":\"WebPage\",\"@id\":\"https:\/\/universofamilia.com\/bg\/dificuldade-de-audicao-em-criancas\/\",\"url\":\"https:\/\/universofamilia.com\/bg\/dificuldade-de-audicao-em-criancas\/\",\"name\":\"Dificuldade de Audi\u00e7\u00e3o em Crian\u00e7as: Sintomas, Cuidados e Diagn\u00f3stico - Universo Fam\u00edlia\",\"isPartOf\":{\"@id\":\"https:\/\/universofamilia.com\/el\/#website\"},\"primaryImageOfPage\":{\"@id\":\"https:\/\/universofamilia.com\/bg\/dificuldade-de-audicao-em-criancas\/#primaryimage\"},\"image\":{\"@id\":\"https:\/\/universofamilia.com\/bg\/dificuldade-de-audicao-em-criancas\/#primaryimage\"},\"thumbnailUrl\":\"https:\/\/universofamilia.com\/wp-content\/uploads\/sites\/148\/2023\/06\/FOTO-DESTAQUE-DIFICULDADE-DE-OUVIR-universo-familia-448x350-1-1.png\",\"datePublished\":\"2023-06-03T02:02:38+00:00\",\"dateModified\":\"2023-06-03T02:02:38+00:00\",\"author\":{\"@id\":\"\"},\"description\":\"Dificuldade de Audi\u00e7\u00e3o em Crian\u00e7as,\",\"breadcrumb\":{\"@id\":\"https:\/\/universofamilia.com\/bg\/dificuldade-de-audicao-em-criancas\/#breadcrumb\"},\"inLanguage\":\"pl-PL\",\"potentialAction\":[{\"@type\":\"ReadAction\",\"target\":[\"https:\/\/universofamilia.com\/bg\/dificuldade-de-audicao-em-criancas\/\"]}]},{\"@type\":\"ImageObject\",\"inLanguage\":\"pl-PL\",\"@id\":\"https:\/\/universofamilia.com\/bg\/dificuldade-de-audicao-em-criancas\/#primaryimage\",\"url\":\"https:\/\/universofamilia.com\/wp-content\/uploads\/sites\/148\/2023\/06\/FOTO-DESTAQUE-DIFICULDADE-DE-OUVIR-universo-familia-448x350-1-1.png\",\"contentUrl\":\"https:\/\/universofamilia.com\/wp-content\/uploads\/sites\/148\/2023\/06\/FOTO-DESTAQUE-DIFICULDADE-DE-OUVIR-universo-familia-448x350-1-1.png\",\"width\":448,\"height\":350},{\"@type\":\"BreadcrumbList\",\"@id\":\"https:\/\/universofamilia.com\/bg\/dificuldade-de-audicao-em-criancas\/#breadcrumb\",\"itemListElement\":[{\"@type\":\"ListItem\",\"position\":1,\"name\":\"Home\",\"item\":\"https:\/\/universofamilia.com\/el\/\"},{\"@type\":\"ListItem\",\"position\":2,\"name\":\"Dificuldade de Audi\u00e7\u00e3o em Crian\u00e7as: Sintomas, Cuidados e Diagn\u00f3stico\"}]},{\"@type\":\"WebSite\",\"@id\":\"https:\/\/universofamilia.com\/el\/#website\",\"url\":\"https:\/\/universofamilia.com\/el\/\",\"name\":\"Universo Fam\u00edlia\",\"description\":\"\",\"potentialAction\":[{\"@type\":\"SearchAction\",\"target\":{\"@type\":\"EntryPoint\",\"urlTemplate\":\"https:\/\/universofamilia.com\/el\/?s={search_term_string}\"},\"query-input\":\"required name=search_term_string\"}],\"inLanguage\":\"pl-PL\"}]}<\/script>\n<!-- \/ Yoast SEO plugin. -->","yoast_head_json":{"title":"Dificuldade de Audi\u00e7\u00e3o em Crian\u00e7as: Sintomas, Cuidados e Diagn\u00f3stico - Universo Fam\u00edlia","description":"Dificuldade de Audi\u00e7\u00e3o em Crian\u00e7as,","robots":{"index":"index","follow":"follow","max-snippet":"max-snippet:-1","max-image-preview":"max-image-preview:large","max-video-preview":"max-video-preview:-1"},"canonical":"https:\/\/universofamilia.com\/pl\/dificuldade-de-audicao-em-criancas\/","og_locale":"pl_PL","og_type":"article","og_title":"Dificuldade de Audi\u00e7\u00e3o em Crian\u00e7as: Sintomas, Cuidados e Diagn\u00f3stico - Universo Fam\u00edlia","og_description":"Dificuldade de Audi\u00e7\u00e3o em Crian\u00e7as,","og_url":"https:\/\/universofamilia.com\/pl\/dificuldade-de-audicao-em-criancas\/","og_site_name":"Universo Fam\u00edlia","article_published_time":"2023-06-03T02:02:38+00:00","og_image":[{"width":448,"height":350,"url":"https:\/\/universofamilia.com\/wp-content\/uploads\/sites\/148\/2023\/06\/FOTO-DESTAQUE-DIFICULDADE-DE-OUVIR-universo-familia-448x350-1-1.png","type":"image\/png"}],"twitter_card":"summary_large_image","twitter_misc":{"Est. reading time":"7 minut"},"schema":{"@context":"https:\/\/schema.org","@graph":[{"@type":"WebPage","@id":"https:\/\/universofamilia.com\/bg\/dificuldade-de-audicao-em-criancas\/","url":"https:\/\/universofamilia.com\/bg\/dificuldade-de-audicao-em-criancas\/","name":"Dificuldade de Audi\u00e7\u00e3o em Crian\u00e7as: Sintomas, Cuidados e Diagn\u00f3stico - Universo Fam\u00edlia","isPartOf":{"@id":"https:\/\/universofamilia.com\/el\/#website"},"primaryImageOfPage":{"@id":"https:\/\/universofamilia.com\/bg\/dificuldade-de-audicao-em-criancas\/#primaryimage"},"image":{"@id":"https:\/\/universofamilia.com\/bg\/dificuldade-de-audicao-em-criancas\/#primaryimage"},"thumbnailUrl":"https:\/\/universofamilia.com\/wp-content\/uploads\/sites\/148\/2023\/06\/FOTO-DESTAQUE-DIFICULDADE-DE-OUVIR-universo-familia-448x350-1-1.png","datePublished":"2023-06-03T02:02:38+00:00","dateModified":"2023-06-03T02:02:38+00:00","author":{"@id":""},"description":"Dificuldade de Audi\u00e7\u00e3o em Crian\u00e7as,","breadcrumb":{"@id":"https:\/\/universofamilia.com\/bg\/dificuldade-de-audicao-em-criancas\/#breadcrumb"},"inLanguage":"pl-PL","potentialAction":[{"@type":"ReadAction","target":["https:\/\/universofamilia.com\/bg\/dificuldade-de-audicao-em-criancas\/"]}]},{"@type":"ImageObject","inLanguage":"pl-PL","@id":"https:\/\/universofamilia.com\/bg\/dificuldade-de-audicao-em-criancas\/#primaryimage","url":"https:\/\/universofamilia.com\/wp-content\/uploads\/sites\/148\/2023\/06\/FOTO-DESTAQUE-DIFICULDADE-DE-OUVIR-universo-familia-448x350-1-1.png","contentUrl":"https:\/\/universofamilia.com\/wp-content\/uploads\/sites\/148\/2023\/06\/FOTO-DESTAQUE-DIFICULDADE-DE-OUVIR-universo-familia-448x350-1-1.png","width":448,"height":350},{"@type":"BreadcrumbList","@id":"https:\/\/universofamilia.com\/bg\/dificuldade-de-audicao-em-criancas\/#breadcrumb","itemListElement":[{"@type":"ListItem","position":1,"name":"Home","item":"https:\/\/universofamilia.com\/el\/"},{"@type":"ListItem","position":2,"name":"Dificuldade de Audi\u00e7\u00e3o em Crian\u00e7as: Sintomas, Cuidados e Diagn\u00f3stico"}]},{"@type":"WebSite","@id":"https:\/\/universofamilia.com\/el\/#website","url":"https:\/\/universofamilia.com\/el\/","name":"Universo Fam\u00edlia","description":"","potentialAction":[{"@type":"SearchAction","target":{"@type":"EntryPoint","urlTemplate":"https:\/\/universofamilia.com\/el\/?s={search_term_string}"},"query-input":"required name=search_term_string"}],"inLanguage":"pl-PL"}]}},"_links":{"self":[{"href":"https:\/\/universofamilia.com\/pl\/wp-json\/wp\/v2\/posts\/2207"}],"collection":[{"href":"https:\/\/universofamilia.com\/pl\/wp-json\/wp\/v2\/posts"}],"about":[{"href":"https:\/\/universofamilia.com\/pl\/wp-json\/wp\/v2\/types\/post"}],"replies":[{"embeddable":true,"href":"https:\/\/universofamilia.com\/pl\/wp-json\/wp\/v2\/comments?post=2207"}],"version-history":[{"count":0,"href":"https:\/\/universofamilia.com\/pl\/wp-json\/wp\/v2\/posts\/2207\/revisions"}],"wp:featuredmedia":[{"embeddable":true,"href":"https:\/\/universofamilia.com\/pl\/wp-json\/wp\/v2\/media\/2216"}],"wp:attachment":[{"href":"https:\/\/universofamilia.com\/pl\/wp-json\/wp\/v2\/media?parent=2207"}],"wp:term":[{"taxonomy":"category","embeddable":true,"href":"https:\/\/universofamilia.com\/pl\/wp-json\/wp\/v2\/categories?post=2207"},{"taxonomy":"post_tag","embeddable":true,"href":"https:\/\/universofamilia.com\/pl\/wp-json\/wp\/v2\/tags?post=2207"}],"curies":[{"name":"wp","href":"https:\/\/api.w.org\/{rel}","templated":true}]}}