{"id":2227,"date":"2023-06-05T10:43:39","date_gmt":"2023-06-05T13:43:39","guid":{"rendered":"https:\/\/universofamilia.com\/?p=2227"},"modified":"2023-06-05T10:43:39","modified_gmt":"2023-06-05T13:43:39","slug":"o-que-influencia-o-sono-do-bebe","status":"publish","type":"post","link":"https:\/\/universofamilia.com\/pl\/o-que-influencia-o-sono-do-bebe\/","title":{"rendered":"O Que Influence no Sono do Be | Ber\u00e7o, wsp\u00f3lne \u0142\u00f3\u017cko czy Montessoriana?"},"content":{"rendered":"<p>Jaki wp\u0142yw na dziecko: Ber\u00e7o, \u0142\u00f3\u017cko wsp\u00f3lne czy metoda Montessoria\u0144ska?<\/p>\n\n\n\n<p>Albo s\u0105 dwa dzieci, to sprawa niezwykle wa\u017cna dla twojego kraju. Dobry sen jest niezb\u0119dny dla zdrowego rozwoju i dobrego samopoczucia dw\u00f3jki dzieci.<\/p>\n\n\n\n<p>Spo\u015br\u00f3d r\u00f3\u017cnych opcji spania, trzy z nich wyr\u00f3\u017cniaj\u0105 si\u0119 na tle innych: ber\u00e7o, \u0142\u00f3\u017cko wsp\u00f3lne i Montessoriana.<\/p>\n\n\n\n<p>W tym artykule przyjrzymy si\u0119 bli\u017cej ka\u017cdemu z tych rozwi\u0105za\u0144 i przeanalizujemy, jak mog\u0105 one wp\u0142yn\u0105\u0107 na d\u017awi\u0119k wydobywaj\u0105cy si\u0119 z Twojego dziecka.<\/p>\n\n\n\n<h3 class=\"wp-block-heading\">Przeczytaj tak\u017ce:<\/h3>\n\n\n\n<p><a href=\"https:\/\/universofamilia.com\/pl\/meu-bebe-dorme-mal\/\" target=\"_blank\" rel=\"noreferrer noopener\">Moje dziecko \u017ale \u015bpi. Poznaj 5 typowych b\u0142\u0119d\u00f3w, kt\u00f3rych nale\u017cy unika\u0107.<\/a><\/p>\n\n\n\n<p><a href=\"https:\/\/universofamilia.com\/pl\/dicas-de-seguranca-para-o-sono-do-bebe-escolha-do-local-posicao-colchao-e-muito-mais\/\" target=\"_blank\" rel=\"noreferrer noopener sponsored nofollow\">Instrukcje bezpiecze\u0144stwa dla synka: bezpieczne miejsce, pozycja, materac i wiele wi\u0119cej.<\/a><\/p>\n\n\n\n<p><a href=\"https:\/\/www.luzbaby.com.br\/\" target=\"_blank\" rel=\"noreferrer noopener\">A Luz Baby to jeden z najlepszych sklep\u00f3w z artyku\u0142ami dla niemowl\u0105t. Kliknij tutaj.<\/a><\/p>\n\n\n\n<h3 class=\"wp-block-heading\"><strong>Ber\u00e7o: klasyka cichego brzmienia<\/strong><\/h3>\n\n\n\n<p>Baby to tradycyjne \u0142\u00f3\u017ceczko dzieci\u0119ce. Oferuje bezpieczn\u0105 i ograniczon\u0105 przestrze\u0144, zapewniaj\u0105c komfortowe otoczenie.<\/p>\n\n\n<div class=\"wp-block-image\">\n<figure class=\"aligncenter size-full\"><img loading=\"lazy\" decoding=\"async\" width=\"800\" height=\"560\" src=\"http:\/\/universofamilia.com\/wp-content\/uploads\/sites\/148\/2023\/06\/POST-BEBE-INFLUENCIA-DO-SONO-UNIVERSO-FAMILIA-1.png\" alt=\"\" class=\"wp-image-2231\" srcset=\"https:\/\/universofamilia.com\/wp-content\/uploads\/sites\/148\/2023\/06\/POST-BEBE-INFLUENCIA-DO-SONO-UNIVERSO-FAMILIA-1.png 800w, https:\/\/universofamilia.com\/wp-content\/uploads\/sites\/148\/2023\/06\/POST-BEBE-INFLUENCIA-DO-SONO-UNIVERSO-FAMILIA-1-300x210.png 300w, https:\/\/universofamilia.com\/wp-content\/uploads\/sites\/148\/2023\/06\/POST-BEBE-INFLUENCIA-DO-SONO-UNIVERSO-FAMILIA-1-768x538.png 768w\" sizes=\"(max-width: 800px) 100vw, 800px\" \/><\/figure><\/div>\n\n\n<p>Dzi\u0119ki zastosowaniu \u0142\u00f3\u017ceczka, dziecko ma mo\u017cliwo\u015b\u0107 wyrobienia sobie sp\u00f3jnego rytmu nocnego, pomagaj\u0105c dziecku skojarzy\u0107 przestrze\u0144 z dzieckiem.<\/p>\n\n\n\n<p>Wa\u017cne jest, aby zainwestowa\u0107 w dobrej jako\u015bci materac i po\u015bciel dostosowane do potrzeb dziecka.<\/p>\n\n\n\n<h3 class=\"wp-block-heading\"><strong>Wsp\u00f3lne \u0142\u00f3\u017cko: blisko\u015b\u0107 i wygoda<\/strong><\/h3>\n\n\n\n<p>Wsp\u00f3lne \u0142\u00f3\u017cko polega na podzieleniu \u0142\u00f3\u017cka jak dziecko podczas snu. Ta opcja zapewnia blisko\u015b\u0107 i wygod\u0119, pozwalaj\u0105c krajowi na szybk\u0105 obs\u0142ug\u0119 potrzeb dziecka.<\/p>\n\n\n<div class=\"wp-block-image\">\n<figure class=\"aligncenter size-full\"><img loading=\"lazy\" decoding=\"async\" width=\"800\" height=\"560\" src=\"http:\/\/universofamilia.com\/wp-content\/uploads\/sites\/148\/2023\/06\/POST-BEBE-INFLUENCIA-DO-SONO-UNIVERSO-FAMILIA-2.png\" alt=\"\" class=\"wp-image-2232\" srcset=\"https:\/\/universofamilia.com\/wp-content\/uploads\/sites\/148\/2023\/06\/POST-BEBE-INFLUENCIA-DO-SONO-UNIVERSO-FAMILIA-2.png 800w, https:\/\/universofamilia.com\/wp-content\/uploads\/sites\/148\/2023\/06\/POST-BEBE-INFLUENCIA-DO-SONO-UNIVERSO-FAMILIA-2-300x210.png 300w, https:\/\/universofamilia.com\/wp-content\/uploads\/sites\/148\/2023\/06\/POST-BEBE-INFLUENCIA-DO-SONO-UNIVERSO-FAMILIA-2-768x538.png 768w\" sizes=\"(max-width: 800px) 100vw, 800px\" \/><\/figure><\/div>\n\n\n<p>Sta\u0142a obecno\u015b\u0107 dw\u00f3ch pa\u0144stw mo\u017ce pom\u00f3c uspokoi\u0107 dziecko w nocy i u\u0142atwi\u0107 karmienie piersi\u0105.<\/p>\n\n\n\n<p>Wa\u017cne jest jednak podj\u0119cie \u015brodk\u00f3w ostro\u017cno\u015bci, takich jak u\u017cycie du\u017cego lub wystarczaj\u0105co du\u017cego \u0142\u00f3\u017cka oraz zapewnienie dziecku bezpiecznej i odpowiedniej przestrzeni do snu.<\/p>\n\n\n\n<h3 class=\"wp-block-heading\"><strong>\u0141\u00f3\u017cko Montessoria\u0144skie: niezale\u017cno\u015b\u0107 od cedo<\/strong><\/h3>\n\n\n\n<p>\u0141\u00f3\u017cko Montessoriana jest zgodne z filozofi\u0105 Montessori, kt\u00f3ra ceni niezale\u017cno\u015b\u0107 i autonomi\u0119 dzieci. R\u00f3\u017cne rodzaje \u0142\u00f3\u017cek, dziecko ma swobodny dost\u0119p do przestrzeni do spania z cedo, bez poziom\u00f3w i p\u0142otk\u00f3w.<\/p>\n\n\n<div class=\"wp-block-image\">\n<figure class=\"aligncenter size-full\"><img loading=\"lazy\" decoding=\"async\" width=\"800\" height=\"560\" src=\"http:\/\/universofamilia.com\/wp-content\/uploads\/sites\/148\/2023\/06\/POST-BEBE-INFLUENCIA-DO-SONO-UNIVERSO-FAMILIA.png\" alt=\"\" class=\"wp-image-2233\" srcset=\"https:\/\/universofamilia.com\/wp-content\/uploads\/sites\/148\/2023\/06\/POST-BEBE-INFLUENCIA-DO-SONO-UNIVERSO-FAMILIA.png 800w, https:\/\/universofamilia.com\/wp-content\/uploads\/sites\/148\/2023\/06\/POST-BEBE-INFLUENCIA-DO-SONO-UNIVERSO-FAMILIA-300x210.png 300w, https:\/\/universofamilia.com\/wp-content\/uploads\/sites\/148\/2023\/06\/POST-BEBE-INFLUENCIA-DO-SONO-UNIVERSO-FAMILIA-768x538.png 768w\" sizes=\"(max-width: 800px) 100vw, 800px\" \/><\/figure><\/div>\n\n\n<p>Isso pozwala mu rozwija\u0107 umiej\u0119tno\u015bci motoryczne i uczy\u0107 si\u0119 swobodnego poruszania. Jednak wa\u017cne jest, aby zapewni\u0107 dziecku bezpieczne \u015brodowisko, usuwaj\u0105c niebezpieczne przedmioty i unikaj\u0105c wypadk\u00f3w.<\/p>\n\n\n\n<h3 class=\"wp-block-heading\"><strong>Czynniki, kt\u00f3re nale\u017cy wzi\u0105\u0107 pod uwag\u0119 przy \u015bwiadomym wyborze<\/strong><\/h3>\n\n\n\n<p>Podejmuj\u0105c decyzj\u0119, kt\u00f3r\u0105 opcj\u0119 wybra\u0107, nale\u017cy wzi\u0105\u0107 pod uwag\u0119 kilka kluczowych czynnik\u00f3w:<\/p>\n\n\n\n<p><strong>Bezpiecze\u0144stwo<\/strong>: Niezale\u017cnie od wybranej opcji, bezpiecze\u0144stwo dziecka zawsze musi by\u0107 priorytetem. Upewnij si\u0119, \u017ce otoczenie jest wolne od zagro\u017ce\u0144, takich jak lu\u017ane przedmioty, ci\u0119\u017ckie koce lub cokolwiek, co mog\u0142oby udusi\u0107 Twoje dziecko.<\/p>\n\n\n\n<p><strong>Preferencje i potrzeby dziecka<\/strong>: Ka\u017cde dziecko jest wyj\u0105tkowe i nale\u017cy wzi\u0105\u0107 pod uwag\u0119 jego preferencje i potrzeby. Niekt\u00f3re dzieci czuj\u0105 si\u0119 bardziej komfortowo w \u0142\u00f3\u017cku, podczas gdy inne wol\u0105 by\u0107 blisko wsp\u00f3lnego \u0142\u00f3\u017cka. Obserwowanie i rozumienie wskaz\u00f3wek i sygna\u0142\u00f3w dziecka mo\u017ce pom\u00f3c w podejmowaniu decyzji.<\/p>\n\n\n\n<p><strong>Rutyna i konsekwencja<\/strong>:Je\u015bli chodzi o wybran\u0105 opcj\u0119, ustalenie sta\u0142ej rutyny nocnej mo\u017ce by\u0107 korzystne dla dziecka.<\/p>\n\n\n\n<p>Wi\u0105\u017ce si\u0119 to z przestrzeganiem regularnego harmonogramu chodzenia spa\u0107, stworzeniem spokojnego i przyjaznego otoczenia oraz wdra\u017caniem praktyk, kt\u00f3re pomog\u0105 dziecku zrelaksowa\u0107 si\u0119 przed snem, np. porannej k\u0105pieli lub delikatnego masa\u017cu.<\/p>\n\n\n\n<h3 class=\"wp-block-heading\"><strong>Wniosek<\/strong><\/h3>\n\n\n\n<p>Wyb\u00f3r mi\u0119dzy \u0142\u00f3\u017ckiem typu ber\u00e7o, \u0142\u00f3\u017ckiem wsp\u00f3lnym a \u0142\u00f3\u017ckiem Montessoria\u0144skim dla syna dziecka jest decyzj\u0105 osobist\u0105, kt\u00f3r\u0105 nale\u017cy podj\u0105\u0107, bior\u0105c pod uwag\u0119 bezpiecze\u0144stwo, preferencje i indywidualne potrzeby dziecka, a tak\u017ce ustalenie sta\u0142ego rytmu snu.<\/p>\n\n\n\n<p>Ber\u00e7o oferuje ograniczon\u0105 i wy\u015bcie\u0142an\u0105 przestrze\u0144, podczas gdy wsp\u00f3lne \u0142\u00f3\u017cko zapewnia blisko\u015b\u0107 i wygod\u0119 wsi. \u0141\u00f3\u017cko J\u00e1 a Montessoriana promuje niezale\u017cno\u015b\u0107 i autonomi\u0119 od cedo.<\/p>\n\n\n\n<p>Bez wzgl\u0119du na wybran\u0105 opcj\u0119, wa\u017cne jest stworzenie dziecku bezpiecznego i sprzyjaj\u0105cego otoczenia, unikanie ryzyka i przestrzeganie zalece\u0144 dotycz\u0105cych bezpiecze\u0144stwa.<\/p>\n\n\n\n<p>Ostatecznym celem jest zapewnienie Twojemu dziecku spokojnego snu, wspieraj\u0105cego jego zdrowy rozw\u00f3j i dobry og\u00f3lny stan zdrowia.<\/p>\n\n\n\n<h3 class=\"wp-block-heading\">\u0179r\u00f3d\u0142o bada\u0144<\/h3>\n\n\n\n<p>Poni\u017cej znajdziesz kilka sprawdzonych \u017ar\u00f3de\u0142, w kt\u00f3rych znajdziesz dodatkowe informacje na temat d\u017awi\u0119k\u00f3w wydawanych przez dzieci oraz dost\u0119pnych opcji po\u015bcieli, \u0142\u00f3\u017cek wsp\u00f3lnych i \u0142\u00f3\u017cek Montessori:<\/p>\n\n\n\n<p>Ksi\u0105\u017cki specjalizuj\u0105ce si\u0119 w d\u017awi\u0119kach dla dzieci, takie jak \u201eSolu\u00e7\u00f5es para Noites Sem Choro\u201d autorstwa Elizabeth Pantley, \u201eThe No-Cry Sleep Solution\u201d autorstwa Elizabeth Pantley i \u201eThe Montessori Toddler\u201d autorstwa Simone Davies.<\/p>\n\n\n\n<p>Witryny zaufanych organizacji, takich jak Ameryka\u0144ska Akademia Pediatrii (AAP), BabyCenter, Mayo Clinic i National Sleep Foundation.<\/p>\n\n\n\n<p>Skonsultuj si\u0119 z pediatr\u0105 lub specjalist\u0105 ds. rozwoju dziecka, aby uzyska\u0107 spersonalizowan\u0105 porad\u0119 opart\u0105 na dowodach naukowych.<\/p>\n\n\n\n<p>Nale\u017cy pami\u0119ta\u0107, \u017ce zawsze nale\u017cy weryfikowa\u0107 wiarygodno\u015b\u0107 \u017ar\u00f3de\u0142, z kt\u00f3rych korzystano, i szuka\u0107 aktualnych informacji, poniewa\u017c zalecenia mog\u0105 si\u0119 z czasem zmienia\u0107 w zale\u017cno\u015bci od nowych bada\u0144 i odkry\u0107.<\/p>","protected":false},"excerpt":{"rendered":"<p>Jaki wp\u0142yw na dziecko: Ber\u00e7o, \u0142\u00f3\u017cko wsp\u00f3lne czy metoda Montessoria\u0144ska?<br \/>\nAlbo s\u0105 dwa dzieci, to sprawa niezwykle wa\u017cna dla twojego kraju. Dobry sen jest niezb\u0119dny dla zdrowego rozwoju i dobrego samopoczucia dw\u00f3jki dzieci.<br \/>\nSpo\u015br\u00f3d r\u00f3\u017cnych opcji spania, trzy z nich wyr\u00f3\u017cniaj\u0105 si\u0119 na tle innych: ber\u00e7o, \u0142\u00f3\u017cko wsp\u00f3lne i Montessoriana.<br \/>\nW tym artykule przyjrzymy si\u0119 bli\u017cej ka\u017cdemu z tych rozwi\u0105za\u0144 i przeanalizujemy, jak mog\u0105 one wp\u0142yn\u0105\u0107 na d\u017awi\u0119k wydobywaj\u0105cy si\u0119 z Twojego dziecka.<\/p>","protected":false},"author":0,"featured_media":2234,"comment_status":"closed","ping_status":"open","sticky":false,"template":"","format":"standard","meta":{"footnotes":""},"categories":[5],"tags":[938,1062,1437],"yoast_head":"<!-- This site is optimized with the Yoast SEO plugin v23.3 - https:\/\/yoast.com\/wordpress\/plugins\/seo\/ -->\n<title>O Que Influencia no Sono do Beb\u00ea | Ber\u00e7o, Cama Compartilhada ou Montessoriana? - Universo Fam\u00edlia<\/title>\n<meta name=\"description\" content=\"O Que Influencia no Sono do Beb\u00ea: Ber\u00e7o, Cama Compartilhada ou Montessoriana?\" \/>\n<meta name=\"robots\" content=\"index, follow, max-snippet:-1, max-image-preview:large, max-video-preview:-1\" \/>\n<link rel=\"canonical\" href=\"http:\/\/universofamilia.com\/pl\/o-que-influencia-o-sono-do-bebe\/\" \/>\n<meta property=\"og:locale\" content=\"pl_PL\" \/>\n<meta property=\"og:type\" content=\"article\" \/>\n<meta property=\"og:title\" content=\"O Que Influencia no Sono do Beb\u00ea | Ber\u00e7o, Cama Compartilhada ou Montessoriana? - Universo Fam\u00edlia\" \/>\n<meta property=\"og:description\" content=\"O Que Influencia no Sono do Beb\u00ea: Ber\u00e7o, Cama Compartilhada ou Montessoriana?\" \/>\n<meta property=\"og:url\" content=\"http:\/\/universofamilia.com\/pl\/o-que-influencia-o-sono-do-bebe\/\" \/>\n<meta property=\"og:site_name\" content=\"Universo Fam\u00edlia\" \/>\n<meta property=\"article:published_time\" content=\"2023-06-05T13:43:39+00:00\" \/>\n<meta property=\"og:image\" content=\"http:\/\/universofamilia.com\/wp-content\/uploads\/sites\/148\/2023\/06\/FOTO-DESTAQUE-DIFICULDADE-DE-OUVIRDIFICULDADE-DE-DORMIR-universo-familia-448x350-1.png\" \/>\n\t<meta property=\"og:image:width\" content=\"448\" \/>\n\t<meta property=\"og:image:height\" content=\"350\" \/>\n\t<meta property=\"og:image:type\" content=\"image\/png\" \/>\n<meta name=\"twitter:card\" content=\"summary_large_image\" \/>\n<meta name=\"twitter:label1\" content=\"Est. reading time\" \/>\n\t<meta name=\"twitter:data1\" content=\"5 minut\" \/>\n<script type=\"application\/ld+json\" class=\"yoast-schema-graph\">{\"@context\":\"https:\/\/schema.org\",\"@graph\":[{\"@type\":\"WebPage\",\"@id\":\"http:\/\/universofamilia.com\/ja\/o-que-influencia-o-sono-do-bebe\/\",\"url\":\"http:\/\/universofamilia.com\/ja\/o-que-influencia-o-sono-do-bebe\/\",\"name\":\"O Que Influencia no Sono do Beb\u00ea | Ber\u00e7o, Cama Compartilhada ou Montessoriana? - Universo Fam\u00edlia\",\"isPartOf\":{\"@id\":\"https:\/\/universofamilia.com\/el\/#website\"},\"primaryImageOfPage\":{\"@id\":\"http:\/\/universofamilia.com\/ja\/o-que-influencia-o-sono-do-bebe\/#primaryimage\"},\"image\":{\"@id\":\"http:\/\/universofamilia.com\/ja\/o-que-influencia-o-sono-do-bebe\/#primaryimage\"},\"thumbnailUrl\":\"https:\/\/universofamilia.com\/wp-content\/uploads\/sites\/148\/2023\/06\/FOTO-DESTAQUE-DIFICULDADE-DE-OUVIRDIFICULDADE-DE-DORMIR-universo-familia-448x350-1.png\",\"datePublished\":\"2023-06-05T13:43:39+00:00\",\"dateModified\":\"2023-06-05T13:43:39+00:00\",\"author\":{\"@id\":\"\"},\"description\":\"O Que Influencia no Sono do Beb\u00ea: Ber\u00e7o, Cama Compartilhada ou Montessoriana?\",\"breadcrumb\":{\"@id\":\"http:\/\/universofamilia.com\/ja\/o-que-influencia-o-sono-do-bebe\/#breadcrumb\"},\"inLanguage\":\"pl-PL\",\"potentialAction\":[{\"@type\":\"ReadAction\",\"target\":[\"http:\/\/universofamilia.com\/ja\/o-que-influencia-o-sono-do-bebe\/\"]}]},{\"@type\":\"ImageObject\",\"inLanguage\":\"pl-PL\",\"@id\":\"http:\/\/universofamilia.com\/ja\/o-que-influencia-o-sono-do-bebe\/#primaryimage\",\"url\":\"https:\/\/universofamilia.com\/wp-content\/uploads\/sites\/148\/2023\/06\/FOTO-DESTAQUE-DIFICULDADE-DE-OUVIRDIFICULDADE-DE-DORMIR-universo-familia-448x350-1.png\",\"contentUrl\":\"https:\/\/universofamilia.com\/wp-content\/uploads\/sites\/148\/2023\/06\/FOTO-DESTAQUE-DIFICULDADE-DE-OUVIRDIFICULDADE-DE-DORMIR-universo-familia-448x350-1.png\",\"width\":448,\"height\":350},{\"@type\":\"BreadcrumbList\",\"@id\":\"http:\/\/universofamilia.com\/ja\/o-que-influencia-o-sono-do-bebe\/#breadcrumb\",\"itemListElement\":[{\"@type\":\"ListItem\",\"position\":1,\"name\":\"Home\",\"item\":\"https:\/\/universofamilia.com\/el\/\"},{\"@type\":\"ListItem\",\"position\":2,\"name\":\"O Que Influencia no Sono do Beb\u00ea | Ber\u00e7o, Cama Compartilhada ou Montessoriana?\"}]},{\"@type\":\"WebSite\",\"@id\":\"https:\/\/universofamilia.com\/el\/#website\",\"url\":\"https:\/\/universofamilia.com\/el\/\",\"name\":\"Universo Fam\u00edlia\",\"description\":\"\",\"potentialAction\":[{\"@type\":\"SearchAction\",\"target\":{\"@type\":\"EntryPoint\",\"urlTemplate\":\"https:\/\/universofamilia.com\/el\/?s={search_term_string}\"},\"query-input\":\"required name=search_term_string\"}],\"inLanguage\":\"pl-PL\"}]}<\/script>\n<!-- \/ Yoast SEO plugin. -->","yoast_head_json":{"title":"O Que Influencia no Sono do Beb\u00ea | Ber\u00e7o, Cama Compartilhada ou Montessoriana? - Universo Fam\u00edlia","description":"O Que Influencia no Sono do Beb\u00ea: Ber\u00e7o, Cama Compartilhada ou Montessoriana?","robots":{"index":"index","follow":"follow","max-snippet":"max-snippet:-1","max-image-preview":"max-image-preview:large","max-video-preview":"max-video-preview:-1"},"canonical":"http:\/\/universofamilia.com\/pl\/o-que-influencia-o-sono-do-bebe\/","og_locale":"pl_PL","og_type":"article","og_title":"O Que Influencia no Sono do Beb\u00ea | Ber\u00e7o, Cama Compartilhada ou Montessoriana? - Universo Fam\u00edlia","og_description":"O Que Influencia no Sono do Beb\u00ea: Ber\u00e7o, Cama Compartilhada ou Montessoriana?","og_url":"http:\/\/universofamilia.com\/pl\/o-que-influencia-o-sono-do-bebe\/","og_site_name":"Universo Fam\u00edlia","article_published_time":"2023-06-05T13:43:39+00:00","og_image":[{"width":448,"height":350,"url":"http:\/\/universofamilia.com\/wp-content\/uploads\/sites\/148\/2023\/06\/FOTO-DESTAQUE-DIFICULDADE-DE-OUVIRDIFICULDADE-DE-DORMIR-universo-familia-448x350-1.png","type":"image\/png"}],"twitter_card":"summary_large_image","twitter_misc":{"Est. reading time":"5 minut"},"schema":{"@context":"https:\/\/schema.org","@graph":[{"@type":"WebPage","@id":"http:\/\/universofamilia.com\/ja\/o-que-influencia-o-sono-do-bebe\/","url":"http:\/\/universofamilia.com\/ja\/o-que-influencia-o-sono-do-bebe\/","name":"O Que Influencia no Sono do Beb\u00ea | Ber\u00e7o, Cama Compartilhada ou Montessoriana? - Universo Fam\u00edlia","isPartOf":{"@id":"https:\/\/universofamilia.com\/el\/#website"},"primaryImageOfPage":{"@id":"http:\/\/universofamilia.com\/ja\/o-que-influencia-o-sono-do-bebe\/#primaryimage"},"image":{"@id":"http:\/\/universofamilia.com\/ja\/o-que-influencia-o-sono-do-bebe\/#primaryimage"},"thumbnailUrl":"https:\/\/universofamilia.com\/wp-content\/uploads\/sites\/148\/2023\/06\/FOTO-DESTAQUE-DIFICULDADE-DE-OUVIRDIFICULDADE-DE-DORMIR-universo-familia-448x350-1.png","datePublished":"2023-06-05T13:43:39+00:00","dateModified":"2023-06-05T13:43:39+00:00","author":{"@id":""},"description":"O Que Influencia no Sono do Beb\u00ea: Ber\u00e7o, Cama Compartilhada ou Montessoriana?","breadcrumb":{"@id":"http:\/\/universofamilia.com\/ja\/o-que-influencia-o-sono-do-bebe\/#breadcrumb"},"inLanguage":"pl-PL","potentialAction":[{"@type":"ReadAction","target":["http:\/\/universofamilia.com\/ja\/o-que-influencia-o-sono-do-bebe\/"]}]},{"@type":"ImageObject","inLanguage":"pl-PL","@id":"http:\/\/universofamilia.com\/ja\/o-que-influencia-o-sono-do-bebe\/#primaryimage","url":"https:\/\/universofamilia.com\/wp-content\/uploads\/sites\/148\/2023\/06\/FOTO-DESTAQUE-DIFICULDADE-DE-OUVIRDIFICULDADE-DE-DORMIR-universo-familia-448x350-1.png","contentUrl":"https:\/\/universofamilia.com\/wp-content\/uploads\/sites\/148\/2023\/06\/FOTO-DESTAQUE-DIFICULDADE-DE-OUVIRDIFICULDADE-DE-DORMIR-universo-familia-448x350-1.png","width":448,"height":350},{"@type":"BreadcrumbList","@id":"http:\/\/universofamilia.com\/ja\/o-que-influencia-o-sono-do-bebe\/#breadcrumb","itemListElement":[{"@type":"ListItem","position":1,"name":"Home","item":"https:\/\/universofamilia.com\/el\/"},{"@type":"ListItem","position":2,"name":"O Que Influencia no Sono do Beb\u00ea | Ber\u00e7o, Cama Compartilhada ou Montessoriana?"}]},{"@type":"WebSite","@id":"https:\/\/universofamilia.com\/el\/#website","url":"https:\/\/universofamilia.com\/el\/","name":"Universo Fam\u00edlia","description":"","potentialAction":[{"@type":"SearchAction","target":{"@type":"EntryPoint","urlTemplate":"https:\/\/universofamilia.com\/el\/?s={search_term_string}"},"query-input":"required name=search_term_string"}],"inLanguage":"pl-PL"}]}},"_links":{"self":[{"href":"https:\/\/universofamilia.com\/pl\/wp-json\/wp\/v2\/posts\/2227"}],"collection":[{"href":"https:\/\/universofamilia.com\/pl\/wp-json\/wp\/v2\/posts"}],"about":[{"href":"https:\/\/universofamilia.com\/pl\/wp-json\/wp\/v2\/types\/post"}],"replies":[{"embeddable":true,"href":"https:\/\/universofamilia.com\/pl\/wp-json\/wp\/v2\/comments?post=2227"}],"version-history":[{"count":0,"href":"https:\/\/universofamilia.com\/pl\/wp-json\/wp\/v2\/posts\/2227\/revisions"}],"wp:featuredmedia":[{"embeddable":true,"href":"https:\/\/universofamilia.com\/pl\/wp-json\/wp\/v2\/media\/2234"}],"wp:attachment":[{"href":"https:\/\/universofamilia.com\/pl\/wp-json\/wp\/v2\/media?parent=2227"}],"wp:term":[{"taxonomy":"category","embeddable":true,"href":"https:\/\/universofamilia.com\/pl\/wp-json\/wp\/v2\/categories?post=2227"},{"taxonomy":"post_tag","embeddable":true,"href":"https:\/\/universofamilia.com\/pl\/wp-json\/wp\/v2\/tags?post=2227"}],"curies":[{"name":"wp","href":"https:\/\/api.w.org\/{rel}","templated":true}]}}