{"id":2359,"date":"2023-06-10T21:30:12","date_gmt":"2023-06-11T00:30:12","guid":{"rendered":"https:\/\/universofamilia.com\/?p=2359"},"modified":"2025-01-28T15:03:22","modified_gmt":"2025-01-28T15:03:22","slug":"10-dicas-funcionais-para-monta-um-quarto-de-bebe-funcional","status":"publish","type":"post","link":"https:\/\/universofamilia.com\/pl\/10-dicas-funcionais-para-monta-um-quarto-de-bebe-funcional\/","title":{"rendered":"10 praktycznych wskaz\u00f3wek dotycz\u0105cych urz\u0105dzenia pokoju dzieci\u0119cego"},"content":{"rendered":"<p>Bem-vinda (o) ao magiczny moment urz\u0105dzania pokoju dzieci\u0119cego! Zobacz 10 Dicas Funkcjonalne do Monta\u017cu lub Pokoju Dzieci\u0119cego.<\/p>\n\n\n\n<p>W tym przewodniku podzielimy si\u0119 kilkoma niezb\u0119dnymi rzeczami, kt\u00f3re pomog\u0105 Ci stworzy\u0107 funkcjonalne i urocze otoczenie dla Twojego ma\u0142ego skarbu.<\/p>\n\n\n\n<p>Pocz\u0105wszy od wyboru motywu przewodniego, a\u017c po spersonalizowane szczeg\u00f3\u0142y, post\u0119puj zgodnie z naszymi wskaz\u00f3wkami, aby ta przestrze\u0144 by\u0142a wyj\u0105tkowa i zach\u0119caj\u0105ca.<\/p>\n\n\n\n<p>Na koniec otrzymasz bonus, kt\u00f3ry bardzo ci pomo\u017ce.<\/p>\n\n\n<div class=\"wp-block-image\">\n<figure class=\"aligncenter size-full\"><img loading=\"lazy\" decoding=\"async\" width=\"800\" height=\"560\" src=\"http:\/\/universofamilia.com\/wp-content\/uploads\/sites\/148\/2023\/06\/POST-10-Dicas-Funcionais-para-Montar-um-Quarto-de-Bebe-Funcional-UNIVERSO-FAMILIA-5.png\" alt=\"\" class=\"wp-image-2365\" srcset=\"https:\/\/universofamilia.com\/wp-content\/uploads\/sites\/148\/2023\/06\/POST-10-Dicas-Funcionais-para-Montar-um-Quarto-de-Bebe-Funcional-UNIVERSO-FAMILIA-5.png 800w, https:\/\/universofamilia.com\/wp-content\/uploads\/sites\/148\/2023\/06\/POST-10-Dicas-Funcionais-para-Montar-um-Quarto-de-Bebe-Funcional-UNIVERSO-FAMILIA-5-300x210.png 300w, https:\/\/universofamilia.com\/wp-content\/uploads\/sites\/148\/2023\/06\/POST-10-Dicas-Funcionais-para-Montar-um-Quarto-de-Bebe-Funcional-UNIVERSO-FAMILIA-5-768x538.png 768w\" sizes=\"(max-width: 800px) 100vw, 800px\" \/><figcaption class=\"wp-element-caption\"><em>Zdj\u0119cie: (reprodukcja\/internet)<\/em><\/figcaption><\/figure><\/div>\n\n\n<h3 class=\"wp-block-heading\">Przeczytaj tak\u017ce:<\/h3>\n\n\n\n<p><a href=\"https:\/\/universofamilia.com\/pl\/o-que-influencia-o-sono-do-bebe\/\" target=\"_blank\" rel=\"noreferrer noopener\">O Que Influence no Sono do Be | Ber\u00e7o, wsp\u00f3lne \u0142\u00f3\u017cko czy Montessoriana?<\/a><\/p>\n\n\n\n<p><a href=\"https:\/\/universofamilia.com\/pl\/dicas-de-seguranca-para-o-sono-do-bebe-escolha-do-local-posicao-colchao-e-muito-mais\/\" target=\"_blank\" rel=\"noreferrer noopener\">Instrukcje bezpiecze\u0144stwa dla synka: bezpieczne miejsce, pozycja, materac i wiele wi\u0119cej<\/a><\/p>\n\n\n\n<h3 class=\"wp-block-heading\">Wyb\u00f3r motywu i stylu<\/h3>\n\n\n\n<p>Rozpoczynaj\u0105c planowanie pokoju, wa\u017cne jest, aby wybra\u0107 motyw i styl, kt\u00f3re b\u0119d\u0105 odzwierciedla\u0107 harmoni\u0119 i spok\u00f3j.<\/p>\n\n\n\n<p>Dlatego we\u017a pod uwag\u0119 osobowo\u015b\u0107 swojej rodziny i wybierz dekoracj\u0119, kt\u00f3ra b\u0119dzie czaruj\u0105ca i urzeknie Twoj\u0105 ksi\u0119\u017cniczk\u0119.<\/p>\n\n\n\n<h3 class=\"wp-block-heading\">Rdzenie i dekoracje<\/h3>\n\n\n\n<p>Te rdzenie odgrywaj\u0105 kluczow\u0105 rol\u0119 w tworzeniu spokojnego otoczenia. Wybierz delikatne kolory, takie jak pastelowy r\u00f3\u017c, liliowy lub jasnoniebieski, aby pomalowa\u0107 \u015bciany.<\/p>\n\n\n\n<p>Mo\u017cna je \u0142\u0105czy\u0107 z tematycznymi elementami dekoracyjnymi, takimi jak pel\u00facia, chmurki i gwiazdki.<\/p>\n\n\n\n<h3 class=\"wp-block-heading\">Niezb\u0119dne meble<\/h3>\n\n\n<div class=\"wp-block-image\">\n<figure class=\"aligncenter size-full\"><img loading=\"lazy\" decoding=\"async\" width=\"800\" height=\"560\" src=\"http:\/\/universofamilia.com\/wp-content\/uploads\/sites\/148\/2023\/06\/POST-10-Dicas-Funcionais-para-Montar-um-Quarto-de-Bebe-Funcional-UNIVERSO-FAMILIA-1.png\" alt=\"\" class=\"wp-image-2361\" srcset=\"https:\/\/universofamilia.com\/wp-content\/uploads\/sites\/148\/2023\/06\/POST-10-Dicas-Funcionais-para-Montar-um-Quarto-de-Bebe-Funcional-UNIVERSO-FAMILIA-1.png 800w, https:\/\/universofamilia.com\/wp-content\/uploads\/sites\/148\/2023\/06\/POST-10-Dicas-Funcionais-para-Montar-um-Quarto-de-Bebe-Funcional-UNIVERSO-FAMILIA-1-300x210.png 300w, https:\/\/universofamilia.com\/wp-content\/uploads\/sites\/148\/2023\/06\/POST-10-Dicas-Funcionais-para-Montar-um-Quarto-de-Bebe-Funcional-UNIVERSO-FAMILIA-1-768x538.png 768w\" sizes=\"(max-width: 800px) 100vw, 800px\" \/><figcaption class=\"wp-element-caption\"><em>Zdj\u0119cie: (reprodukcja\/internet)<\/em><\/figcaption><\/figure><\/div>\n\n\n<p>Twoje ruchy s\u0105 kluczowe dla funkcjonalno\u015bci pokoju. Zainwestuj w wygodn\u0105 i bezpieczn\u0105 przestrze\u0144 do przechowywania, pojemn\u0105 komod\u0119 do przechowywania ubra\u0144 i sp\u00f3dniczek oraz wieszak na ubrania z przegr\u00f3dkami, aby uporz\u0105dkowa\u0107 rzeczy Twojego dziecka.<\/p>\n\n\n\n<h3 class=\"wp-block-heading\">O\u015bwietlenie i wentylacja<\/h3>\n\n\n\n<p>Odpowiednie o\u015bwietlenie zapewnia przytuln\u0105 i relaksuj\u0105c\u0105 atmosfer\u0119. Wybierz lampy z mi\u0119kkim, regulowanym \u015bwiat\u0142em, idealne na nocne karmienie piersi\u0105.<\/p>\n\n\n\n<p>Upewnij si\u0119 r\u00f3wnie\u017c, \u017ce masz zas\u0142ony lub \u017caluzje blokuj\u0105ce \u015bwiat\u0142o i gwarantuj\u0105ce prywatno\u015b\u0107 Twojemu dziecku.<\/p>\n\n\n\n<h3 class=\"wp-block-heading\">Organizacja i przechowywanie<\/h3>\n\n\n\n<p>Utrzymanie porz\u0105dku w pokoju jest niezb\u0119dne, aby u\u0142atwi\u0107 codzienne \u017cycie z dzieckiem. U\u017cywaj p\u00f3\u0142ek i wn\u0119k, aby eksponowa\u0107 przedmioty dekoracyjne i zabawki. Pude\u0142ka i kosze organizacyjne s\u0105 idealne do przechowywania ubra\u0144, ubra\u0144 i akcesori\u00f3w, dzi\u0119ki czemu wszystko jest w zasi\u0119gu mojej r\u0119ki.<\/p>\n\n\n<div class=\"wp-block-image\">\n<figure class=\"aligncenter size-full\"><img loading=\"lazy\" decoding=\"async\" width=\"800\" height=\"560\" src=\"http:\/\/universofamilia.com\/wp-content\/uploads\/sites\/148\/2023\/06\/POST-10-Dicas-Funcionais-para-Montar-um-Quarto-de-Bebe-Funcional-UNIVERSO-FAMILIA-2.png\" alt=\"\" class=\"wp-image-2362\" srcset=\"https:\/\/universofamilia.com\/wp-content\/uploads\/sites\/148\/2023\/06\/POST-10-Dicas-Funcionais-para-Montar-um-Quarto-de-Bebe-Funcional-UNIVERSO-FAMILIA-2.png 800w, https:\/\/universofamilia.com\/wp-content\/uploads\/sites\/148\/2023\/06\/POST-10-Dicas-Funcionais-para-Montar-um-Quarto-de-Bebe-Funcional-UNIVERSO-FAMILIA-2-300x210.png 300w, https:\/\/universofamilia.com\/wp-content\/uploads\/sites\/148\/2023\/06\/POST-10-Dicas-Funcionais-para-Montar-um-Quarto-de-Bebe-Funcional-UNIVERSO-FAMILIA-2-768x538.png 768w\" sizes=\"(max-width: 800px) 100vw, 800px\" \/><figcaption class=\"wp-element-caption\"><em>Zdj\u0119cie: (reprodukcja\/internet)<\/em><\/figcaption><\/figure><\/div>\n\n\n<h3 class=\"wp-block-heading\">Bezpiecze\u0144stwo i praktyczno\u015b\u0107<\/h3>\n\n\n\n<p>Bezpiecze\u0144stwo dziecka powinno by\u0107 zawsze priorytetem podczas urz\u0105dzania pokoju.<\/p>\n\n\n\n<p>Pami\u0119taj o zamontowaniu zabezpiecze\u0144 gniazdek i blokad bezpiecze\u0144stwa w szufladach i szafkach, a tak\u017ce o usuwaniu mebli o zaokr\u0105glonych kraw\u0119dziach, aby unikn\u0105\u0107 wypadk\u00f3w.<\/p>\n\n\n\n<p>Trzymaj substancje chemiczne i ostre przedmioty poza zasi\u0119giem dziecka, zapewniaj\u0105c mu bezpieczne i praktyczne \u015brodowisko.<\/p>\n\n\n\n<h3 class=\"wp-block-heading\">Szczeg\u00f3\u0142y personalizowane<\/h3>\n\n\n\n<p>Dodaj wyj\u0105tkowych akcent\u00f3w do pokoju swojego dziecka dzi\u0119ki spersonalizowanym detalom<\/p>\n\n\n\n<p>Pois, dekoracyjne obrazy z delikatnymi obrazami, zdj\u0119cia rodzinne i tabliczki z nazw\u0105 Twojego anjinho nadaj\u0105 otoczeniu niepowtarzalny urok. Mi\u0119kkie poduszki i dywany zapewniaj\u0105 wi\u0119c wygod\u0119 i przytulno\u015b\u0107.<\/p>\n\n\n\n<h3 class=\"wp-block-heading\">Sto\u0142\u00f3wka dla karmi\u0105cych piersi\u0105<\/h3>\n\n\n<div class=\"wp-block-image\">\n<figure class=\"aligncenter size-full\"><img loading=\"lazy\" decoding=\"async\" width=\"800\" height=\"560\" src=\"http:\/\/universofamilia.com\/wp-content\/uploads\/sites\/148\/2023\/06\/POST-10-Dicas-Funcionais-para-Montar-um-Quarto-de-Bebe-Funcional-UNIVERSO-FAMILIA-3.png\" alt=\"\" class=\"wp-image-2363\" srcset=\"https:\/\/universofamilia.com\/wp-content\/uploads\/sites\/148\/2023\/06\/POST-10-Dicas-Funcionais-para-Montar-um-Quarto-de-Bebe-Funcional-UNIVERSO-FAMILIA-3.png 800w, https:\/\/universofamilia.com\/wp-content\/uploads\/sites\/148\/2023\/06\/POST-10-Dicas-Funcionais-para-Montar-um-Quarto-de-Bebe-Funcional-UNIVERSO-FAMILIA-3-300x210.png 300w, https:\/\/universofamilia.com\/wp-content\/uploads\/sites\/148\/2023\/06\/POST-10-Dicas-Funcionais-para-Montar-um-Quarto-de-Bebe-Funcional-UNIVERSO-FAMILIA-3-768x538.png 768w\" sizes=\"(max-width: 800px) 100vw, 800px\" \/><figcaption class=\"wp-element-caption\"><em>Zdj\u0119cie: (reprodukcja\/internet)<\/em><\/figcaption><\/figure><\/div>\n\n\n<p>Przygotowanie butelki do karmienia dziecka jest niezb\u0119dne do wzmocnienia wi\u0119zi z dzieckiem. Zainwestuj w wygodny i ergonomiczny fotel, na kt\u00f3rym mo\u017cesz si\u0119 zrelaksowa\u0107 podczas fellatio.<\/p>\n\n\n\n<p>Poduszka do karmienia zapewnia odpowiednie wsparcie dla dziecka, czyni\u0105c ten moment bardziej spokojnym. Kr\u00f3tko m\u00f3wi\u0105c, nie ma mowy o dodawaniu prateleira lub podp\u00f3rki na akcesoria, takie jak butelki i ma\u015bci.<\/p>\n\n\n\n<h3 class=\"wp-block-heading\">Wniosek<\/h3>\n\n\n\n<p>Urz\u0105dzanie pokoju dzieci\u0119cego to ekscytuj\u0105cy moment i rozbija oczekiwania. Post\u0119puj\u0105c zgodnie z tymi 10 krokami, kt\u00f3re dzia\u0142aj\u0105, stworzysz wygodn\u0105, bezpieczn\u0105 i funkcjonaln\u0105 przestrze\u0144 dla swojego ma\u0142ego skarbu.<\/p>\n\n\n\n<p>Assim, wiadomo, \u017ce ka\u017cdy szczeg\u00f3\u0142 ma znaczenie, od mi\u0119kkich rdzeni po praktyczne i spersonalizowane ruchy.<\/p>\n\n\n\n<p>Skorzystaj z tej wyj\u0105tkowej chwili i przygotuj si\u0119 na powitanie swojego dziecka w ciep\u0142ej atmosferze mi\u0142o\u015bci i troski.<\/p>\n\n\n\n<h3 class=\"wp-block-heading\">Bonus \u2013 Najcz\u0119\u015bciej zadawane pytania w\u015br\u00f3d kraj\u00f3w<\/h3>\n\n\n\n<p><strong>1. Jak urz\u0105dzi\u0107 pok\u00f3j dzieci\u0119cy na ma\u0142ej przestrzeni?<\/strong><\/p>\n\n\n\n<p>Aby zoptymalizowa\u0107 przestrze\u0144 w ma\u0142ym pokoju, wybierz meble wielofunkcyjne, takie jak p\u00f3\u0142ki z wbudowanymi szufladami i komody, kt\u00f3re pe\u0142ni\u0105 r\u00f3wnie\u017c funkcj\u0119 jednostki do przechowywania. Na koniec u\u017cyj p\u00f3\u0142ek i wn\u0119k w \u015bcianach, aby zaoszcz\u0119dzi\u0107 miejsce.<\/p>\n\n\n\n<p><strong>2. Jak wa\u017cne jest wybieranie trwa\u0142ych i bezpiecznych pojazd\u00f3w?<\/strong><\/p>\n\n\n\n<p>Trwa\u0142e i bezpieczne ruchy gwarantuj\u0105 bezpiecze\u0144stwo dzieci i d\u0142ugowieczno\u015b\u0107 dw\u00f3ch ruch\u00f3w. Jednocze\u015bnie upewnij si\u0119, \u017ce wybierasz produkty z certyfikatami bezpiecze\u0144stwa i wysokiej jako\u015bci materia\u0142ami, kt\u00f3re s\u0105 odporne na codzienne u\u017cytkowanie.<\/p>\n\n\n\n<p><strong>3. Kt\u00f3re rdzenie s\u0105 najbardziej odpowiednie do pokoju dzieci\u0119cego?<\/strong><\/p>\n\n\n\n<p>Delikatne kolory, takie jak pastelowy r\u00f3\u017c, liliowy, jasnoniebieski i neutralne odcienie, tworz\u0105 spokojn\u0105 i relaksuj\u0105c\u0105 atmosfer\u0119. Unikaj wibruj\u0105cych rdzeni, poniewa\u017c mog\u0105 one zbyt mocno stymulowa\u0107 dziecko.<\/p>\n\n\n\n<p><strong>4. O czym nale\u017cy pami\u0119ta\u0107 przy zak\u0142adaniu cantinho dla piel\u0119gniarek?<\/strong><\/p>\n\n\n\n<p>Wygodny fotel do karmienia piersi\u0105 wymaga ergonomicznego krzes\u0142a, poduszki do karmienia zapewniaj\u0105cej odpowiednie wsparcie oraz krzes\u0142a lub podp\u00f3rki na niezb\u0119dne akcesoria.<\/p>\n\n\n\n<p>Zadbaj zatem o dobre o\u015bwietlenie i ciche miejsce, by stworzy\u0107 atmosfer\u0119 relaksu.<\/p>\n\n\n<div class=\"wp-block-image\">\n<figure class=\"aligncenter size-full\"><img loading=\"lazy\" decoding=\"async\" width=\"800\" height=\"560\" src=\"http:\/\/universofamilia.com\/wp-content\/uploads\/sites\/148\/2023\/06\/POST-10-Dicas-Funcionais-para-Montar-um-Quarto-de-Bebe-Funcional-UNIVERSO-FAMILIA-4.png\" alt=\"\" class=\"wp-image-2364\" srcset=\"https:\/\/universofamilia.com\/wp-content\/uploads\/sites\/148\/2023\/06\/POST-10-Dicas-Funcionais-para-Montar-um-Quarto-de-Bebe-Funcional-UNIVERSO-FAMILIA-4.png 800w, https:\/\/universofamilia.com\/wp-content\/uploads\/sites\/148\/2023\/06\/POST-10-Dicas-Funcionais-para-Montar-um-Quarto-de-Bebe-Funcional-UNIVERSO-FAMILIA-4-300x210.png 300w, https:\/\/universofamilia.com\/wp-content\/uploads\/sites\/148\/2023\/06\/POST-10-Dicas-Funcionais-para-Montar-um-Quarto-de-Bebe-Funcional-UNIVERSO-FAMILIA-4-768x538.png 768w\" sizes=\"(max-width: 800px) 100vw, 800px\" \/><figcaption class=\"wp-element-caption\"><em>Zdj\u0119cie: (reprodukcja\/internet)<\/em><\/figcaption><\/figure><\/div>\n\n\n<p><strong>5. W jaki spos\u00f3b mog\u0119 doda\u0107 spersonalizowane detale do pokoju dzieci\u0119cego?<\/strong><\/p>\n\n\n\n<p>U\u017cyj ozdobnych ramek z delikatnymi obrazami, takimi jak ilustracje lub zdj\u0119cia maj\u0105ce znaczenie dla rodziny.<\/p>\n\n\n\n<p>Mo\u017cesz r\u00f3wnie\u017c spersonalizowa\u0107 pok\u00f3j za pomoc\u0105 tabliczek, takich jak imi\u0119 dziecka, dekoracyjnych naklejek \u015bciennych, a nawet spersonalizowanych mebli. W ten spos\u00f3b te ma\u0142e szczeg\u00f3\u0142y dodaj\u0105 otoczeniu wyj\u0105tkowego i szczeg\u00f3lnego charakteru.<\/p>\n\n\n\n<p>Kr\u00f3tko m\u00f3wi\u0105c, teraz, gdy wykona\u0142e\u015b ju\u017c wszystkie niezb\u0119dne kroki, aby urz\u0105dzi\u0107 funkcjonalny pok\u00f3j dzieci\u0119cy, czas w\u0142o\u017cy\u0107 wi\u0119cej wysi\u0142ku w stworzenie uroczej przestrzeni dla Twojego ma\u0142ego skarbu.<\/p>\n\n\n\n<p>Dlatego podejmuj\u0105c decyzje dotycz\u0105ce dekoracji i wyboru mebli, nale\u017cy wzi\u0105\u0107 pod uwag\u0119 bezpiecze\u0144stwo, praktyczno\u015b\u0107 i osobiste upodobania rodziny. <\/p>\n\n\n\n<p>Wykorzystaj zatem ten wyj\u0105tkowy moment i przygotuj si\u0119 na powitanie swojego dziecka w komfortowym i pe\u0142nym mi\u0142o\u015bci otoczeniu.<\/p>\n\n\n\n<p>Potrzebuj\u0119 akcesori\u00f3w i ubra\u0144, conhe\u00e7a |&nbsp;<a href=\"https:\/\/www.luzbaby.com.br\/\" target=\"_blank\" rel=\"noreferrer noopener\">A Luz Baby to jeden z najlepszych sklep\u00f3w z artyku\u0142ami dla niemowl\u0105t. Kliknij tutaj<\/a><\/p>","protected":false},"excerpt":{"rendered":"<p>Bem-vinda (o) ao magiczny moment urz\u0105dzania pokoju dzieci\u0119cego!<\/p>\n<p>W tym przewodniku podzielimy si\u0119 10 podstawowymi wskaz\u00f3wkami, jak stworzy\u0107 funkcjonalne i urocze otoczenie dla Twojego ma\u0142ego skarbu.<\/p>\n<p>Pocz\u0105wszy od wyboru motywu przewodniego, a\u017c po spersonalizowane szczeg\u00f3\u0142y, post\u0119puj zgodnie z naszymi wskaz\u00f3wkami, aby ta przestrze\u0144 by\u0142a wyj\u0105tkowa i zach\u0119caj\u0105ca.<\/p>\n<p>Na koniec otrzymasz bonus, kt\u00f3ry bardzo ci pomo\u017ce.<\/p>","protected":false},"author":139,"featured_media":2366,"comment_status":"closed","ping_status":"open","sticky":false,"template":"","format":"standard","meta":{"footnotes":""},"categories":[3],"tags":[28,719,773],"yoast_head":"<!-- This site is optimized with the Yoast SEO plugin v23.3 - https:\/\/yoast.com\/wordpress\/plugins\/seo\/ -->\n<title>10 Dicas Funcionais para Montar o Quarto de Beb\u00ea - Universo Fam\u00edlia<\/title>\n<meta name=\"description\" content=\"10 Dicas Funcionais para Montar um Quarto de Beb\u00ea Funcional. Bem-vinda (o) ao momento m\u00e1gico de montar o quarto do seu beb\u00ea\" \/>\n<meta name=\"robots\" content=\"index, follow, max-snippet:-1, max-image-preview:large, max-video-preview:-1\" \/>\n<link rel=\"canonical\" href=\"http:\/\/universofamilia.com\/pl\/10-dicas-funcionais-para-monta-um-quarto-de-bebe-funcional\/\" \/>\n<meta property=\"og:locale\" content=\"pl_PL\" \/>\n<meta property=\"og:type\" content=\"article\" \/>\n<meta property=\"og:title\" content=\"10 Dicas Funcionais para Montar o Quarto de Beb\u00ea - Universo Fam\u00edlia\" \/>\n<meta property=\"og:description\" content=\"10 Dicas Funcionais para Montar um Quarto de Beb\u00ea Funcional. Bem-vinda (o) ao momento m\u00e1gico de montar o quarto do seu beb\u00ea\" \/>\n<meta property=\"og:url\" content=\"http:\/\/universofamilia.com\/pl\/10-dicas-funcionais-para-monta-um-quarto-de-bebe-funcional\/\" \/>\n<meta property=\"og:site_name\" content=\"Universo Fam\u00edlia\" \/>\n<meta property=\"article:published_time\" content=\"2023-06-11T00:30:12+00:00\" \/>\n<meta property=\"article:modified_time\" content=\"2025-01-28T15:03:22+00:00\" \/>\n<meta property=\"og:image\" content=\"http:\/\/universofamilia.com\/wp-content\/uploads\/sites\/148\/2023\/06\/FOTO-DESTAQUE-10-Dicas-Funcionais-para-Montar-um-Quarto-de-Bebe-Funcional-a-universo-familia-448x350-.png\" \/>\n\t<meta property=\"og:image:width\" content=\"448\" \/>\n\t<meta property=\"og:image:height\" content=\"350\" \/>\n\t<meta property=\"og:image:type\" content=\"image\/png\" \/>\n<meta name=\"author\" content=\"Pedro Henrique\" \/>\n<meta name=\"twitter:card\" content=\"summary_large_image\" \/>\n<meta name=\"twitter:label1\" content=\"Written by\" \/>\n\t<meta name=\"twitter:data1\" content=\"Pedro Henrique\" \/>\n\t<meta name=\"twitter:label2\" content=\"Est. reading time\" \/>\n\t<meta name=\"twitter:data2\" content=\"7 minut\" \/>\n<script type=\"application\/ld+json\" class=\"yoast-schema-graph\">{\"@context\":\"https:\/\/schema.org\",\"@graph\":[{\"@type\":\"WebPage\",\"@id\":\"http:\/\/universofamilia.com\/hr\/10-dicas-funcionais-para-monta-um-quarto-de-bebe-funcional\/\",\"url\":\"http:\/\/universofamilia.com\/hr\/10-dicas-funcionais-para-monta-um-quarto-de-bebe-funcional\/\",\"name\":\"10 Dicas Funcionais para Montar o Quarto de Beb\u00ea - Universo Fam\u00edlia\",\"isPartOf\":{\"@id\":\"https:\/\/universofamilia.com\/el\/#website\"},\"primaryImageOfPage\":{\"@id\":\"http:\/\/universofamilia.com\/hr\/10-dicas-funcionais-para-monta-um-quarto-de-bebe-funcional\/#primaryimage\"},\"image\":{\"@id\":\"http:\/\/universofamilia.com\/hr\/10-dicas-funcionais-para-monta-um-quarto-de-bebe-funcional\/#primaryimage\"},\"thumbnailUrl\":\"https:\/\/universofamilia.com\/wp-content\/uploads\/sites\/148\/2023\/06\/FOTO-DESTAQUE-10-Dicas-Funcionais-para-Montar-um-Quarto-de-Bebe-Funcional-a-universo-familia-448x350-.png\",\"datePublished\":\"2023-06-11T00:30:12+00:00\",\"dateModified\":\"2025-01-28T15:03:22+00:00\",\"author\":{\"@id\":\"https:\/\/universofamilia.com\/el\/#\/schema\/person\/f07ce98187dd84d31154262e79b3b7ca\"},\"description\":\"10 Dicas Funcionais para Montar um Quarto de Beb\u00ea Funcional. Bem-vinda (o) ao momento m\u00e1gico de montar o quarto do seu beb\u00ea\",\"breadcrumb\":{\"@id\":\"http:\/\/universofamilia.com\/hr\/10-dicas-funcionais-para-monta-um-quarto-de-bebe-funcional\/#breadcrumb\"},\"inLanguage\":\"pl-PL\",\"potentialAction\":[{\"@type\":\"ReadAction\",\"target\":[\"http:\/\/universofamilia.com\/hr\/10-dicas-funcionais-para-monta-um-quarto-de-bebe-funcional\/\"]}]},{\"@type\":\"ImageObject\",\"inLanguage\":\"pl-PL\",\"@id\":\"http:\/\/universofamilia.com\/hr\/10-dicas-funcionais-para-monta-um-quarto-de-bebe-funcional\/#primaryimage\",\"url\":\"https:\/\/universofamilia.com\/wp-content\/uploads\/sites\/148\/2023\/06\/FOTO-DESTAQUE-10-Dicas-Funcionais-para-Montar-um-Quarto-de-Bebe-Funcional-a-universo-familia-448x350-.png\",\"contentUrl\":\"https:\/\/universofamilia.com\/wp-content\/uploads\/sites\/148\/2023\/06\/FOTO-DESTAQUE-10-Dicas-Funcionais-para-Montar-um-Quarto-de-Bebe-Funcional-a-universo-familia-448x350-.png\",\"width\":448,\"height\":350},{\"@type\":\"BreadcrumbList\",\"@id\":\"http:\/\/universofamilia.com\/hr\/10-dicas-funcionais-para-monta-um-quarto-de-bebe-funcional\/#breadcrumb\",\"itemListElement\":[{\"@type\":\"ListItem\",\"position\":1,\"name\":\"Home\",\"item\":\"https:\/\/universofamilia.com\/el\/\"},{\"@type\":\"ListItem\",\"position\":2,\"name\":\"10 Dicas Funcionais para Montar o Quarto de Beb\u00ea\"}]},{\"@type\":\"WebSite\",\"@id\":\"https:\/\/universofamilia.com\/el\/#website\",\"url\":\"https:\/\/universofamilia.com\/el\/\",\"name\":\"Universo Fam\u00edlia\",\"description\":\"\",\"potentialAction\":[{\"@type\":\"SearchAction\",\"target\":{\"@type\":\"EntryPoint\",\"urlTemplate\":\"https:\/\/universofamilia.com\/el\/?s={search_term_string}\"},\"query-input\":\"required name=search_term_string\"}],\"inLanguage\":\"pl-PL\"},{\"@type\":\"Person\",\"@id\":\"https:\/\/universofamilia.com\/el\/#\/schema\/person\/f07ce98187dd84d31154262e79b3b7ca\",\"name\":\"Pedro Henrique\",\"image\":{\"@type\":\"ImageObject\",\"inLanguage\":\"pl-PL\",\"@id\":\"https:\/\/universofamilia.com\/el\/#\/schema\/person\/image\/\",\"url\":\"https:\/\/secure.gravatar.com\/avatar\/9edfeb808cb4e1599f64d6e45b130154?s=96&d=mm&r=g\",\"contentUrl\":\"https:\/\/secure.gravatar.com\/avatar\/9edfeb808cb4e1599f64d6e45b130154?s=96&d=mm&r=g\",\"caption\":\"Pedro Henrique\"},\"url\":\"https:\/\/universofamilia.com\/pl\/author\/editor01\/\"}]}<\/script>\n<!-- \/ Yoast SEO plugin. -->","yoast_head_json":{"title":"10 Dicas Funcionais para Montar o Quarto de Beb\u00ea - Universo Fam\u00edlia","description":"10 Dicas Funcionais para Montar um Quarto de Beb\u00ea Funcional. Bem-vinda (o) ao momento m\u00e1gico de montar o quarto do seu beb\u00ea","robots":{"index":"index","follow":"follow","max-snippet":"max-snippet:-1","max-image-preview":"max-image-preview:large","max-video-preview":"max-video-preview:-1"},"canonical":"http:\/\/universofamilia.com\/pl\/10-dicas-funcionais-para-monta-um-quarto-de-bebe-funcional\/","og_locale":"pl_PL","og_type":"article","og_title":"10 Dicas Funcionais para Montar o Quarto de Beb\u00ea - Universo Fam\u00edlia","og_description":"10 Dicas Funcionais para Montar um Quarto de Beb\u00ea Funcional. Bem-vinda (o) ao momento m\u00e1gico de montar o quarto do seu beb\u00ea","og_url":"http:\/\/universofamilia.com\/pl\/10-dicas-funcionais-para-monta-um-quarto-de-bebe-funcional\/","og_site_name":"Universo Fam\u00edlia","article_published_time":"2023-06-11T00:30:12+00:00","article_modified_time":"2025-01-28T15:03:22+00:00","og_image":[{"width":448,"height":350,"url":"http:\/\/universofamilia.com\/wp-content\/uploads\/sites\/148\/2023\/06\/FOTO-DESTAQUE-10-Dicas-Funcionais-para-Montar-um-Quarto-de-Bebe-Funcional-a-universo-familia-448x350-.png","type":"image\/png"}],"author":"Pedro Henrique","twitter_card":"summary_large_image","twitter_misc":{"Written by":"Pedro Henrique","Est. reading time":"7 minut"},"schema":{"@context":"https:\/\/schema.org","@graph":[{"@type":"WebPage","@id":"http:\/\/universofamilia.com\/hr\/10-dicas-funcionais-para-monta-um-quarto-de-bebe-funcional\/","url":"http:\/\/universofamilia.com\/hr\/10-dicas-funcionais-para-monta-um-quarto-de-bebe-funcional\/","name":"10 Dicas Funcionais para Montar o Quarto de Beb\u00ea - Universo Fam\u00edlia","isPartOf":{"@id":"https:\/\/universofamilia.com\/el\/#website"},"primaryImageOfPage":{"@id":"http:\/\/universofamilia.com\/hr\/10-dicas-funcionais-para-monta-um-quarto-de-bebe-funcional\/#primaryimage"},"image":{"@id":"http:\/\/universofamilia.com\/hr\/10-dicas-funcionais-para-monta-um-quarto-de-bebe-funcional\/#primaryimage"},"thumbnailUrl":"https:\/\/universofamilia.com\/wp-content\/uploads\/sites\/148\/2023\/06\/FOTO-DESTAQUE-10-Dicas-Funcionais-para-Montar-um-Quarto-de-Bebe-Funcional-a-universo-familia-448x350-.png","datePublished":"2023-06-11T00:30:12+00:00","dateModified":"2025-01-28T15:03:22+00:00","author":{"@id":"https:\/\/universofamilia.com\/el\/#\/schema\/person\/f07ce98187dd84d31154262e79b3b7ca"},"description":"10 Dicas Funcionais para Montar um Quarto de Beb\u00ea Funcional. Bem-vinda (o) ao momento m\u00e1gico de montar o quarto do seu beb\u00ea","breadcrumb":{"@id":"http:\/\/universofamilia.com\/hr\/10-dicas-funcionais-para-monta-um-quarto-de-bebe-funcional\/#breadcrumb"},"inLanguage":"pl-PL","potentialAction":[{"@type":"ReadAction","target":["http:\/\/universofamilia.com\/hr\/10-dicas-funcionais-para-monta-um-quarto-de-bebe-funcional\/"]}]},{"@type":"ImageObject","inLanguage":"pl-PL","@id":"http:\/\/universofamilia.com\/hr\/10-dicas-funcionais-para-monta-um-quarto-de-bebe-funcional\/#primaryimage","url":"https:\/\/universofamilia.com\/wp-content\/uploads\/sites\/148\/2023\/06\/FOTO-DESTAQUE-10-Dicas-Funcionais-para-Montar-um-Quarto-de-Bebe-Funcional-a-universo-familia-448x350-.png","contentUrl":"https:\/\/universofamilia.com\/wp-content\/uploads\/sites\/148\/2023\/06\/FOTO-DESTAQUE-10-Dicas-Funcionais-para-Montar-um-Quarto-de-Bebe-Funcional-a-universo-familia-448x350-.png","width":448,"height":350},{"@type":"BreadcrumbList","@id":"http:\/\/universofamilia.com\/hr\/10-dicas-funcionais-para-monta-um-quarto-de-bebe-funcional\/#breadcrumb","itemListElement":[{"@type":"ListItem","position":1,"name":"Home","item":"https:\/\/universofamilia.com\/el\/"},{"@type":"ListItem","position":2,"name":"10 Dicas Funcionais para Montar o Quarto de Beb\u00ea"}]},{"@type":"WebSite","@id":"https:\/\/universofamilia.com\/el\/#website","url":"https:\/\/universofamilia.com\/el\/","name":"Universo Fam\u00edlia","description":"","potentialAction":[{"@type":"SearchAction","target":{"@type":"EntryPoint","urlTemplate":"https:\/\/universofamilia.com\/el\/?s={search_term_string}"},"query-input":"required name=search_term_string"}],"inLanguage":"pl-PL"},{"@type":"Person","@id":"https:\/\/universofamilia.com\/el\/#\/schema\/person\/f07ce98187dd84d31154262e79b3b7ca","name":"Pedro Henrique","image":{"@type":"ImageObject","inLanguage":"pl-PL","@id":"https:\/\/universofamilia.com\/el\/#\/schema\/person\/image\/","url":"https:\/\/secure.gravatar.com\/avatar\/9edfeb808cb4e1599f64d6e45b130154?s=96&d=mm&r=g","contentUrl":"https:\/\/secure.gravatar.com\/avatar\/9edfeb808cb4e1599f64d6e45b130154?s=96&d=mm&r=g","caption":"Pedro Henrique"},"url":"https:\/\/universofamilia.com\/pl\/author\/editor01\/"}]}},"_links":{"self":[{"href":"https:\/\/universofamilia.com\/pl\/wp-json\/wp\/v2\/posts\/2359"}],"collection":[{"href":"https:\/\/universofamilia.com\/pl\/wp-json\/wp\/v2\/posts"}],"about":[{"href":"https:\/\/universofamilia.com\/pl\/wp-json\/wp\/v2\/types\/post"}],"author":[{"embeddable":true,"href":"https:\/\/universofamilia.com\/pl\/wp-json\/wp\/v2\/users\/139"}],"replies":[{"embeddable":true,"href":"https:\/\/universofamilia.com\/pl\/wp-json\/wp\/v2\/comments?post=2359"}],"version-history":[{"count":1,"href":"https:\/\/universofamilia.com\/pl\/wp-json\/wp\/v2\/posts\/2359\/revisions"}],"predecessor-version":[{"id":8427,"href":"https:\/\/universofamilia.com\/pl\/wp-json\/wp\/v2\/posts\/2359\/revisions\/8427"}],"wp:featuredmedia":[{"embeddable":true,"href":"https:\/\/universofamilia.com\/pl\/wp-json\/wp\/v2\/media\/2366"}],"wp:attachment":[{"href":"https:\/\/universofamilia.com\/pl\/wp-json\/wp\/v2\/media?parent=2359"}],"wp:term":[{"taxonomy":"category","embeddable":true,"href":"https:\/\/universofamilia.com\/pl\/wp-json\/wp\/v2\/categories?post=2359"},{"taxonomy":"post_tag","embeddable":true,"href":"https:\/\/universofamilia.com\/pl\/wp-json\/wp\/v2\/tags?post=2359"}],"curies":[{"name":"wp","href":"https:\/\/api.w.org\/{rel}","templated":true}]}}