{"id":3622,"date":"2023-08-23T08:00:00","date_gmt":"2023-08-23T11:00:00","guid":{"rendered":"https:\/\/universofamilia.com\/?p=3622"},"modified":"2025-01-22T01:29:10","modified_gmt":"2025-01-22T01:29:10","slug":"cantando-para-nossos-bebes","status":"publish","type":"post","link":"https:\/\/universofamilia.com\/pl\/cantando-para-nossos-bebes\/","title":{"rendered":"\u015apiewanie dla naszych dzieci: 5 utwor\u00f3w muzycznych z czaruj\u0105cymi tekstami i fascynuj\u0105cym pochodzeniem"},"content":{"rendered":"<p>\u015apiewanie dla naszych maluch\u00f3w \u2013 5 piosenek z uroczymi tekstami i fascynuj\u0105cym pochodzeniem. Moc muzyki jest nieoceniona, zw\u0142aszcza je\u015bli chodzi o uspokajanie i budowanie wi\u0119zi z naszymi maluchami.<\/p>\n\n\n\n<p>\u015apiewanie dzieciom nie tylko pomaga budowa\u0107 wi\u0119zi emocjonalne, ale tak\u017ce stymuluje ich rozw\u00f3j poznawczy i emocjonalny.<\/p>\n\n\n\n<p>W zabawny spos\u00f3b poka\u017cemy Ci pi\u0119\u0107 popularnych piosenek dla dzieci, a tak\u017ce ich porywaj\u0105ce teksty i fascynuj\u0105ce historie zwi\u0105zane z ich pochodzeniem.<\/p>\n\n\n<div class=\"wp-block-image\">\n<figure class=\"aligncenter size-full\"><img loading=\"lazy\" decoding=\"async\" width=\"550\" height=\"350\" src=\"http:\/\/universofamilia.com\/wp-content\/uploads\/sites\/148\/2023\/08\/POST-Cantando-para-as-criancas-universo-familia-.png\" alt=\"\" class=\"wp-image-3623\" srcset=\"https:\/\/universofamilia.com\/wp-content\/uploads\/sites\/148\/2023\/08\/POST-Cantando-para-as-criancas-universo-familia-.png 550w, https:\/\/universofamilia.com\/wp-content\/uploads\/sites\/148\/2023\/08\/POST-Cantando-para-as-criancas-universo-familia--300x191.png 300w\" sizes=\"(max-width: 550px) 100vw, 550px\" \/><figcaption class=\"wp-element-caption\"><em>Zdj\u0119cie: (reprodukcja\/internet)<\/em><\/figcaption><\/figure><\/div>\n\n\n<h3 class=\"wp-block-heading\">1. \u201eBoa Noite, Amiguinho\u201d \u2013 czu\u0142a melodia do snu<\/h3>\n\n\n\n<h4 class=\"wp-block-heading\">Pochodzenie i znaczenie<\/h4>\n\n\n\n<p>Utw\u00f3r \u201eBoa Noite, Amiguinho\u201d to tradycyjna, zaczarowana pie\u015b\u0144 ninar. Z delikatn\u0105 melodi\u0105 i pe\u0142nymi mi\u0142o\u015bci s\u0142owami, piosenka ta by\u0142a \u015bpiewana przez dzieci, aby uspokoi\u0107 swoje pociechy przed snem.<\/p>\n\n\n\n<p>Prostota s\u0142\u00f3w i delikatno\u015b\u0107 melodii sprawiaj\u0105, \u017ce jest to ulubiona szko\u0142a przekazywania maluchom uczu\u0107 i spokoju.<\/p>\n\n\n\n<h4 class=\"wp-block-heading\">List:<\/h4>\n\n\n\n<div class=\"wp-block-columns is-layout-flex wp-container-core-columns-layout-1 wp-block-columns-is-layout-flex\">\n<div class=\"wp-block-column is-layout-flow wp-block-column-is-layout-flow\" style=\"flex-basis:100%\">\n<div class=\"wp-block-group is-layout-constrained wp-block-group-is-layout-constrained\"><div class=\"wp-block-group__inner-container\">\n<p>\u201eBoa noite, amiguinho\u201d<\/p>\n\n\n\n<p>Czas spa\u0107<\/p>\n\n\n\n<p>A lua j\u00e1 chegou<\/p>\n\n\n\n<p>E as estrelas v\u00e3o continuar<\/p>\n\n\n\n<p>Boa noite, amiguinho<\/p>\n\n\n\n<p>O c\u00e9u j\u00e1 vai se luminosa<\/p>\n\n\n\n<p>Z pi\u0119knymi synami<\/p>\n\n\n\n<p>Que v\u00e3o te empalar\u201d<\/p>\n<\/div><\/div>\n<\/div>\n<\/div>\n\n\n\n<h3 class=\"wp-block-heading\">2. \u201eO Barquinho\u201d \u2013 \u017beglowanie po spokojnych i cichych wodach<\/h3>\n\n\n\n<h4 class=\"wp-block-heading\">Pochodzenie i znaczenie<\/h4>\n\n\n\n<p>Melodia \u201eO Barquinho\u201d zabiera nas w spokojny dzie\u0144 przez morze wyobra\u017ani. Wywodz\u0105ca si\u0119 z pie\u015bni ludowych, muzyka ta symbolizuje spok\u00f3j i cisz\u0119, jakie mo\u017ce odnale\u017a\u0107 \u0142\u00f3d\u017a p\u0142yn\u0105ca po spokojnych wodach.<\/p>\n\n\n\n<p>Jej \u0142agodna melodia i \u0142agodny tekst sta\u0142y si\u0119 popularn\u0105 piosenk\u0105 uspokajaj\u0105c\u0105 dzieci i inspiruj\u0105c\u0105 do spokojnych sn\u00f3w.<\/p>\n\n\n\n<h4 class=\"wp-block-heading\">List:<\/h4>\n\n\n\n<div class=\"wp-block-columns is-layout-flex wp-container-core-columns-layout-2 wp-block-columns-is-layout-flex\">\n<div class=\"wp-block-column is-layout-flow wp-block-column-is-layout-flow\" style=\"flex-basis:100%\">\n<div class=\"wp-block-group is-layout-constrained wp-block-group-is-layout-constrained\"><div class=\"wp-block-group__inner-container\">\n<p>\u201eO barquinho vai, tardinha cai<\/p>\n\n\n\n<p>O sol j\u00e1 vai embora, o dia findou<\/p>\n\n\n\n<p>O barquinho vai, tardinha cai<\/p>\n\n\n\n<p>\u201eO sol j\u00e1 vai embora, o dia findou\u201d<\/p>\n<\/div><\/div>\n<\/div>\n<\/div>\n\n\n\n<h3 class=\"wp-block-heading\">3. \u201eDorme, nen\u00e9m\u201d \u2013 A Convite para o Soninho Tranquilo<\/h3>\n\n\n\n<h4 class=\"wp-block-heading\">Pochodzenie i znaczenie<\/h4>\n\n\n\n<p>\u201eDorme, nen\u00e9m\u201d to piosenka emanuj\u0105ca spokojem i ukojeniem. Wywodz\u0105ca si\u0119 z tradycji kulturowych, melodia ta to delikatny spos\u00f3b na spokojne za\u015bni\u0119cie dziecka.<\/p>\n\n\n\n<p>\u0141agodne s\u0142owa i porywaj\u0105ca melodia sprawiaj\u0105, \u017ce muzyka ta jest popularn\u0105 szko\u0142\u0105 na ca\u0142ym \u015bwiecie, przekazuj\u0105c\u0105 mi\u0142o\u015b\u0107 i uczucie.<\/p>\n\n\n\n<h4 class=\"wp-block-heading\">List:<\/h4>\n\n\n\n<div class=\"wp-block-group is-layout-constrained wp-block-group-is-layout-constrained\"><div class=\"wp-block-group__inner-container\">\n<p>\u201e\u015apij, nen\u00e9m, uderzymy w cuca<\/p>\n\n\n\n<p>Papai by\u0142 dla ro\u00e7a, mama by\u0142a dla pracy<\/p>\n\n\n\n<p>Id\u017a spa\u0107, kochanie, ja id\u0119 na cuca<\/p>\n\n\n\n<p>Papai by\u0142 dla ro\u00e7a, mama by\u0142a dla pracy<\/p>\n<\/div><\/div>\n\n\n\n<h3 class=\"wp-block-heading\">4. \u201eBorboletinha\u201d \u2013 Pie\u015b\u0144 o zakl\u0119ciach i Brincadeira<\/h3>\n\n\n\n<h4 class=\"wp-block-heading\">Pochodzenie i znaczenie<\/h4>\n\n\n\n<p>\u201eBorboletinha\u201d to piosenka dla dzieci, kt\u00f3ra \u0142\u0105czy w sobie muzyk\u0119 i skakanie. Dzi\u0119ki weso\u0142ej melodii i pobudzaj\u0105cemu wyobra\u017ani\u0119 tekstowi, jest to popularna piosenka do \u015bpiewania dla niemowl\u0105t.<\/p>\n\n\n\n<p>Nawi\u0105zanie do ba\u0144ki, kt\u00f3ra przechodzi z kwiatka na kwiatek, jest metafor\u0105 dzieci\u0119cej ciekawo\u015bci i eksploracji zwi\u0105zanej z rozwojem.<\/p>\n\n\n\n<h4 class=\"wp-block-heading\">List:<\/h4>\n\n\n\n<div class=\"wp-block-group is-layout-constrained wp-block-group-is-layout-constrained\"><div class=\"wp-block-group__inner-container\">\n<p>\u201eBorboletinha jest w kuchni<\/p>\n\n\n\n<p>Robienie czekolady z matk\u0105 chrzestn\u0105<\/p>\n\n\n\n<p>Robisz to, robisz to, robisz to, robisz to<\/p>\n\n\n\n<p>\u201eA canela \u00e9 quente, czy si\u0119 spali?\u201d<\/p>\n<\/div><\/div>\n\n\n\n<h3 class=\"wp-block-heading\">5. \u201eAcalanto\u201d \u2013 Otaczaj\u0105ca melodia dla sn\u00f3w<\/h3>\n\n\n\n<h4 class=\"wp-block-heading\">Pochodzenie i znaczenie<\/h4>\n\n\n\n<p>\u201eAcalanto\u201d to piosenka dla dzieci, kt\u00f3ra przekracza granice kulturowe. Dzi\u0119ki porywaj\u0105cej melodii i spokojnemu tekstowi, piosenka ta jest wyrazem mi\u0142o\u015bci i czu\u0142o\u015bci opiekun\u00f3w do dzieci.<\/p>\n\n\n\n<p>S\u0142owo \u201eacalanto\u201d odnosi si\u0119 do procesu podgrzewania i pakowania, co sprawia, \u017ce muzyka ta jest naturalnym wyborem na chwile wyciszenia.<\/p>\n\n\n\n<h4 class=\"wp-block-heading\">List:<\/h4>\n\n\n\n<div class=\"wp-block-group is-layout-constrained wp-block-group-is-layout-constrained\"><div class=\"wp-block-group__inner-container\">\n<p>\u201e\u015apij, meu menino, meu acalanto<\/p>\n\n\n\n<p>Que a noite vem chegando<\/p>\n\n\n\n<p>O sol vai se deitar<\/p>\n\n\n\n<p>\u015apij, m\u00f3j ch\u0142opcze, m\u00f3j acalanto<\/p>\n\n\n\n<p>Que a noite vem chegando<\/p>\n\n\n\n<p>O sol vai se deitar\u201d<\/p>\n<\/div><\/div>\n\n\n\n<h3 class=\"wp-block-heading\">Podsumowanie: Serenada mi\u0142o\u015bci dla maluch\u00f3w<\/h3>\n\n\n\n<p>\u015apiewanie dla niemowl\u0105t to tradycja pe\u0142na znaczenia i czu\u0142o\u015bci. Muzyka w przedszkolu nie tylko zapewnia komfort, ale tak\u017ce buduje szczeg\u00f3ln\u0105 wi\u0119\u017a mi\u0119dzy opiekunami a dzie\u0107mi.<\/p>\n\n\n\n<p>\u015apiewaj\u0105c te piosenki z porywaj\u0105cymi historiami, dzielimy si\u0119 cennym darem \u2013 muzyk\u0105, kt\u00f3ra od\u017cywia serca i umys\u0142y naszych maluch\u00f3w.<\/p>\n\n\n\n<h3 class=\"wp-block-heading\">Cz\u0119sto zadawane pytania<\/h3>\n\n\n\n<h4 class=\"wp-block-heading\">1. Dlaczego \u015bpiewanie dla niemowl\u0105t jest wa\u017cne?<\/h4>\n\n\n\n<p>\u015apiewanie dzieciom pomaga budowa\u0107 wi\u0119zi emocjonalne, uspokaja dzieci i stymuluje ich rozw\u00f3j poznawczy.<\/p>\n\n\n\n<h4 class=\"wp-block-heading\">2. Czy ta muzyka jest specyficzna dla jakiej\u015b kultury?<\/h4>\n\n\n\n<p>Cz\u0119\u015b\u0107 muzyki ma konkretne pochodzenie, inna za\u015b jest \u015bpiewana w r\u00f3\u017cnych kulturach na ca\u0142ym \u015bwiecie.<\/p>\n\n\n\n<h4 class=\"wp-block-heading\">3. Jak wybra\u0107 odpowiedni\u0105 muzyk\u0119 do \u015bpiewania dziecku?<\/h4>\n\n\n\n<p>Wybieraj muzyk\u0119 o \u0142agodnych melodiach i \u0142agodnych tekstach. Obserwacja reakcji dziecka mo\u017ce pom\u00f3c w okre\u015bleniu, kt\u00f3r\u0105 muzyk\u0119 preferuje.<\/p>\n\n\n\n<h4 class=\"wp-block-heading\">4. Czy muzyka dla dzieci ma pozytywny wp\u0142yw?<\/h4>\n\n\n\n<p>Muzyka dla dzieci mo\u017ce pom\u00f3c im si\u0119 uspokoi\u0107 i stworzy\u0107 relaksuj\u0105c\u0105 rutyn\u0119 przed snem.<\/p>\n\n\n\n<h4 class=\"wp-block-heading\">5. Opr\u00f3cz tej muzyki, czy istniej\u0105 inne popularne sposoby \u015bpiewania dzieciom?<\/h4>\n\n\n\n<p>Sim, w r\u00f3\u017cnych kulturach istnieje r\u00f3\u017cnorodna muzyka, a ka\u017cda z nich ma swoje w\u0142asne historie i znaczenia.<\/p>\n\n\n\n<p>Al\u00e9m disso, potrzebuj\u0119 akcesori\u00f3w i odzie\u017cy, conhe\u00e7a |&nbsp;<a href=\"https:\/\/www.luzbaby.com.br\/\" target=\"_blank\" rel=\"noreferrer noopener\">A Luz Baby to jeden z najlepszych sklep\u00f3w z artyku\u0142ami dla niemowl\u0105t. Kliknij tutaj<\/a><\/p>","protected":false},"excerpt":{"rendered":"<p>\u015apiewanie dla naszych maluch\u00f3w \u2013 5 piosenek z uroczymi tekstami i fascynuj\u0105cym pochodzeniem. Moc muzyki jest nieoceniona, zw\u0142aszcza je\u015bli chodzi o uspokajanie i budowanie wi\u0119zi z naszymi maluchami. \u015apiewanie dla niemowl\u0105t to nie tylko spos\u00f3b na budowanie wi\u0119zi emocjonalnych, ale tak\u017ce stymulowanie rozwoju poznawczego i emocjonalnego. W zabawny spos\u00f3b [\u2026]<\/p>","protected":false},"author":139,"featured_media":3625,"comment_status":"closed","ping_status":"open","sticky":false,"template":"","format":"standard","meta":{"footnotes":""},"categories":[3],"tags":[],"yoast_head":"<!-- This site is optimized with the Yoast SEO plugin v23.3 - https:\/\/yoast.com\/wordpress\/plugins\/seo\/ -->\n<title>Cantando para Nossos Beb\u00eas: 5 M\u00fasicas com Letras Encantadoras e Origens Cativantes - Universo Fam\u00edlia<\/title>\n<meta name=\"description\" content=\"Cantando para nossos beb\u00eas, 5 m\u00fasicas com letras encantadoras e origens cativantes. O poder da m\u00fasica \u00e9 ineg\u00e1vel, especialmente quando se trata de acalmar\" \/>\n<meta name=\"robots\" content=\"index, follow, max-snippet:-1, max-image-preview:large, max-video-preview:-1\" \/>\n<link rel=\"canonical\" href=\"https:\/\/universofamilia.com\/pl\/cantando-para-nossos-bebes\/\" \/>\n<meta property=\"og:locale\" content=\"pl_PL\" \/>\n<meta property=\"og:type\" content=\"article\" \/>\n<meta property=\"og:title\" content=\"Cantando para Nossos Beb\u00eas: 5 M\u00fasicas com Letras Encantadoras e Origens Cativantes - Universo Fam\u00edlia\" \/>\n<meta property=\"og:description\" content=\"Cantando para nossos beb\u00eas, 5 m\u00fasicas com letras encantadoras e origens cativantes. O poder da m\u00fasica \u00e9 ineg\u00e1vel, especialmente quando se trata de acalmar\" \/>\n<meta property=\"og:url\" content=\"https:\/\/universofamilia.com\/pl\/cantando-para-nossos-bebes\/\" \/>\n<meta property=\"og:site_name\" content=\"Universo Fam\u00edlia\" \/>\n<meta property=\"article:published_time\" content=\"2023-08-23T11:00:00+00:00\" \/>\n<meta property=\"article:modified_time\" content=\"2025-01-22T01:29:10+00:00\" \/>\n<meta property=\"og:image\" content=\"https:\/\/universofamilia.com\/wp-content\/uploads\/sites\/148\/2023\/08\/DESTAQUE-cantando-para-as-criancas-universo-familia-.png\" \/>\n\t<meta property=\"og:image:width\" content=\"448\" \/>\n\t<meta property=\"og:image:height\" content=\"350\" \/>\n\t<meta property=\"og:image:type\" content=\"image\/png\" \/>\n<meta name=\"author\" content=\"Pedro Henrique\" \/>\n<meta name=\"twitter:card\" content=\"summary_large_image\" \/>\n<meta name=\"twitter:label1\" content=\"Written by\" \/>\n\t<meta name=\"twitter:data1\" content=\"Pedro Henrique\" \/>\n\t<meta name=\"twitter:label2\" content=\"Est. reading time\" \/>\n\t<meta name=\"twitter:data2\" content=\"5 minut\" \/>\n<script type=\"application\/ld+json\" class=\"yoast-schema-graph\">{\"@context\":\"https:\/\/schema.org\",\"@graph\":[{\"@type\":\"WebPage\",\"@id\":\"https:\/\/universofamilia.com\/sr\/cantando-para-nossos-bebes\/\",\"url\":\"https:\/\/universofamilia.com\/sr\/cantando-para-nossos-bebes\/\",\"name\":\"Cantando para Nossos Beb\u00eas: 5 M\u00fasicas com Letras Encantadoras e Origens Cativantes - Universo Fam\u00edlia\",\"isPartOf\":{\"@id\":\"http:\/\/universofamilia.com\/zh_hk\/#website\"},\"primaryImageOfPage\":{\"@id\":\"https:\/\/universofamilia.com\/sr\/cantando-para-nossos-bebes\/#primaryimage\"},\"image\":{\"@id\":\"https:\/\/universofamilia.com\/sr\/cantando-para-nossos-bebes\/#primaryimage\"},\"thumbnailUrl\":\"https:\/\/universofamilia.com\/wp-content\/uploads\/sites\/148\/2023\/08\/DESTAQUE-cantando-para-as-criancas-universo-familia-.png\",\"datePublished\":\"2023-08-23T11:00:00+00:00\",\"dateModified\":\"2025-01-22T01:29:10+00:00\",\"author\":{\"@id\":\"http:\/\/universofamilia.com\/zh_hk\/#\/schema\/person\/f07ce98187dd84d31154262e79b3b7ca\"},\"description\":\"Cantando para nossos beb\u00eas, 5 m\u00fasicas com letras encantadoras e origens cativantes. O poder da m\u00fasica \u00e9 ineg\u00e1vel, especialmente quando se trata de acalmar\",\"breadcrumb\":{\"@id\":\"https:\/\/universofamilia.com\/sr\/cantando-para-nossos-bebes\/#breadcrumb\"},\"inLanguage\":\"pl-PL\",\"potentialAction\":[{\"@type\":\"ReadAction\",\"target\":[\"https:\/\/universofamilia.com\/sr\/cantando-para-nossos-bebes\/\"]}]},{\"@type\":\"ImageObject\",\"inLanguage\":\"pl-PL\",\"@id\":\"https:\/\/universofamilia.com\/sr\/cantando-para-nossos-bebes\/#primaryimage\",\"url\":\"https:\/\/universofamilia.com\/wp-content\/uploads\/sites\/148\/2023\/08\/DESTAQUE-cantando-para-as-criancas-universo-familia-.png\",\"contentUrl\":\"https:\/\/universofamilia.com\/wp-content\/uploads\/sites\/148\/2023\/08\/DESTAQUE-cantando-para-as-criancas-universo-familia-.png\",\"width\":448,\"height\":350},{\"@type\":\"BreadcrumbList\",\"@id\":\"https:\/\/universofamilia.com\/sr\/cantando-para-nossos-bebes\/#breadcrumb\",\"itemListElement\":[{\"@type\":\"ListItem\",\"position\":1,\"name\":\"Home\",\"item\":\"http:\/\/universofamilia.com\/zh_hk\/\"},{\"@type\":\"ListItem\",\"position\":2,\"name\":\"Cantando para Nossos Beb\u00eas: 5 M\u00fasicas com Letras Encantadoras e Origens Cativantes\"}]},{\"@type\":\"WebSite\",\"@id\":\"http:\/\/universofamilia.com\/zh_hk\/#website\",\"url\":\"http:\/\/universofamilia.com\/zh_hk\/\",\"name\":\"Universo Fam\u00edlia\",\"description\":\"\",\"potentialAction\":[{\"@type\":\"SearchAction\",\"target\":{\"@type\":\"EntryPoint\",\"urlTemplate\":\"http:\/\/universofamilia.com\/zh_hk\/?s={search_term_string}\"},\"query-input\":\"required name=search_term_string\"}],\"inLanguage\":\"pl-PL\"},{\"@type\":\"Person\",\"@id\":\"http:\/\/universofamilia.com\/zh_hk\/#\/schema\/person\/f07ce98187dd84d31154262e79b3b7ca\",\"name\":\"Pedro Henrique\",\"image\":{\"@type\":\"ImageObject\",\"inLanguage\":\"pl-PL\",\"@id\":\"http:\/\/universofamilia.com\/zh_hk\/#\/schema\/person\/image\/\",\"url\":\"https:\/\/secure.gravatar.com\/avatar\/9edfeb808cb4e1599f64d6e45b130154?s=96&d=mm&r=g\",\"contentUrl\":\"https:\/\/secure.gravatar.com\/avatar\/9edfeb808cb4e1599f64d6e45b130154?s=96&d=mm&r=g\",\"caption\":\"Pedro Henrique\"},\"url\":\"https:\/\/universofamilia.com\/pl\/author\/editor01\/\"}]}<\/script>\n<!-- \/ Yoast SEO plugin. -->","yoast_head_json":{"title":"Cantando para Nossos Beb\u00eas: 5 M\u00fasicas com Letras Encantadoras e Origens Cativantes - Universo Fam\u00edlia","description":"Cantando para nossos beb\u00eas, 5 m\u00fasicas com letras encantadoras e origens cativantes. O poder da m\u00fasica \u00e9 ineg\u00e1vel, especialmente quando se trata de acalmar","robots":{"index":"index","follow":"follow","max-snippet":"max-snippet:-1","max-image-preview":"max-image-preview:large","max-video-preview":"max-video-preview:-1"},"canonical":"https:\/\/universofamilia.com\/pl\/cantando-para-nossos-bebes\/","og_locale":"pl_PL","og_type":"article","og_title":"Cantando para Nossos Beb\u00eas: 5 M\u00fasicas com Letras Encantadoras e Origens Cativantes - Universo Fam\u00edlia","og_description":"Cantando para nossos beb\u00eas, 5 m\u00fasicas com letras encantadoras e origens cativantes. O poder da m\u00fasica \u00e9 ineg\u00e1vel, especialmente quando se trata de acalmar","og_url":"https:\/\/universofamilia.com\/pl\/cantando-para-nossos-bebes\/","og_site_name":"Universo Fam\u00edlia","article_published_time":"2023-08-23T11:00:00+00:00","article_modified_time":"2025-01-22T01:29:10+00:00","og_image":[{"width":448,"height":350,"url":"https:\/\/universofamilia.com\/wp-content\/uploads\/sites\/148\/2023\/08\/DESTAQUE-cantando-para-as-criancas-universo-familia-.png","type":"image\/png"}],"author":"Pedro Henrique","twitter_card":"summary_large_image","twitter_misc":{"Written by":"Pedro Henrique","Est. reading time":"5 minut"},"schema":{"@context":"https:\/\/schema.org","@graph":[{"@type":"WebPage","@id":"https:\/\/universofamilia.com\/sr\/cantando-para-nossos-bebes\/","url":"https:\/\/universofamilia.com\/sr\/cantando-para-nossos-bebes\/","name":"Cantando para Nossos Beb\u00eas: 5 M\u00fasicas com Letras Encantadoras e Origens Cativantes - Universo Fam\u00edlia","isPartOf":{"@id":"http:\/\/universofamilia.com\/zh_hk\/#website"},"primaryImageOfPage":{"@id":"https:\/\/universofamilia.com\/sr\/cantando-para-nossos-bebes\/#primaryimage"},"image":{"@id":"https:\/\/universofamilia.com\/sr\/cantando-para-nossos-bebes\/#primaryimage"},"thumbnailUrl":"https:\/\/universofamilia.com\/wp-content\/uploads\/sites\/148\/2023\/08\/DESTAQUE-cantando-para-as-criancas-universo-familia-.png","datePublished":"2023-08-23T11:00:00+00:00","dateModified":"2025-01-22T01:29:10+00:00","author":{"@id":"http:\/\/universofamilia.com\/zh_hk\/#\/schema\/person\/f07ce98187dd84d31154262e79b3b7ca"},"description":"Cantando para nossos beb\u00eas, 5 m\u00fasicas com letras encantadoras e origens cativantes. O poder da m\u00fasica \u00e9 ineg\u00e1vel, especialmente quando se trata de acalmar","breadcrumb":{"@id":"https:\/\/universofamilia.com\/sr\/cantando-para-nossos-bebes\/#breadcrumb"},"inLanguage":"pl-PL","potentialAction":[{"@type":"ReadAction","target":["https:\/\/universofamilia.com\/sr\/cantando-para-nossos-bebes\/"]}]},{"@type":"ImageObject","inLanguage":"pl-PL","@id":"https:\/\/universofamilia.com\/sr\/cantando-para-nossos-bebes\/#primaryimage","url":"https:\/\/universofamilia.com\/wp-content\/uploads\/sites\/148\/2023\/08\/DESTAQUE-cantando-para-as-criancas-universo-familia-.png","contentUrl":"https:\/\/universofamilia.com\/wp-content\/uploads\/sites\/148\/2023\/08\/DESTAQUE-cantando-para-as-criancas-universo-familia-.png","width":448,"height":350},{"@type":"BreadcrumbList","@id":"https:\/\/universofamilia.com\/sr\/cantando-para-nossos-bebes\/#breadcrumb","itemListElement":[{"@type":"ListItem","position":1,"name":"Home","item":"http:\/\/universofamilia.com\/zh_hk\/"},{"@type":"ListItem","position":2,"name":"Cantando para Nossos Beb\u00eas: 5 M\u00fasicas com Letras Encantadoras e Origens Cativantes"}]},{"@type":"WebSite","@id":"http:\/\/universofamilia.com\/zh_hk\/#website","url":"http:\/\/universofamilia.com\/zh_hk\/","name":"Universo Fam\u00edlia","description":"","potentialAction":[{"@type":"SearchAction","target":{"@type":"EntryPoint","urlTemplate":"http:\/\/universofamilia.com\/zh_hk\/?s={search_term_string}"},"query-input":"required name=search_term_string"}],"inLanguage":"pl-PL"},{"@type":"Person","@id":"http:\/\/universofamilia.com\/zh_hk\/#\/schema\/person\/f07ce98187dd84d31154262e79b3b7ca","name":"Pedro Henrique","image":{"@type":"ImageObject","inLanguage":"pl-PL","@id":"http:\/\/universofamilia.com\/zh_hk\/#\/schema\/person\/image\/","url":"https:\/\/secure.gravatar.com\/avatar\/9edfeb808cb4e1599f64d6e45b130154?s=96&d=mm&r=g","contentUrl":"https:\/\/secure.gravatar.com\/avatar\/9edfeb808cb4e1599f64d6e45b130154?s=96&d=mm&r=g","caption":"Pedro Henrique"},"url":"https:\/\/universofamilia.com\/pl\/author\/editor01\/"}]}},"_links":{"self":[{"href":"https:\/\/universofamilia.com\/pl\/wp-json\/wp\/v2\/posts\/3622"}],"collection":[{"href":"https:\/\/universofamilia.com\/pl\/wp-json\/wp\/v2\/posts"}],"about":[{"href":"https:\/\/universofamilia.com\/pl\/wp-json\/wp\/v2\/types\/post"}],"author":[{"embeddable":true,"href":"https:\/\/universofamilia.com\/pl\/wp-json\/wp\/v2\/users\/139"}],"replies":[{"embeddable":true,"href":"https:\/\/universofamilia.com\/pl\/wp-json\/wp\/v2\/comments?post=3622"}],"version-history":[{"count":1,"href":"https:\/\/universofamilia.com\/pl\/wp-json\/wp\/v2\/posts\/3622\/revisions"}],"predecessor-version":[{"id":8285,"href":"https:\/\/universofamilia.com\/pl\/wp-json\/wp\/v2\/posts\/3622\/revisions\/8285"}],"wp:featuredmedia":[{"embeddable":true,"href":"https:\/\/universofamilia.com\/pl\/wp-json\/wp\/v2\/media\/3625"}],"wp:attachment":[{"href":"https:\/\/universofamilia.com\/pl\/wp-json\/wp\/v2\/media?parent=3622"}],"wp:term":[{"taxonomy":"category","embeddable":true,"href":"https:\/\/universofamilia.com\/pl\/wp-json\/wp\/v2\/categories?post=3622"},{"taxonomy":"post_tag","embeddable":true,"href":"https:\/\/universofamilia.com\/pl\/wp-json\/wp\/v2\/tags?post=3622"}],"curies":[{"name":"wp","href":"https:\/\/api.w.org\/{rel}","templated":true}]}}