{"id":3989,"date":"2023-09-22T11:46:13","date_gmt":"2023-09-22T14:46:13","guid":{"rendered":"https:\/\/universofamilia.com\/?p=3989"},"modified":"2025-01-28T14:25:30","modified_gmt":"2025-01-28T14:25:30","slug":"preparacao-para-a-segunda-gravidez","status":"publish","type":"post","link":"https:\/\/universofamilia.com\/pl\/preparacao-para-a-segunda-gravidez\/","title":{"rendered":"Przygotowanie do drugiej ci\u0105\u017cy"},"content":{"rendered":"<p>Przygotowania do drugiej ci\u0105\u017cy. Zastanawiasz si\u0119, czy jeste\u015b gotowa na drugi rok? Oto kilka pozytywnych i negatywnych aspekt\u00f3w, kt\u00f3re powinna\u015b wzi\u0105\u0107 pod uwag\u0119, planuj\u0105c drug\u0105 ci\u0105\u017c\u0119.<\/p>\n\n\n\n<h3 class=\"wp-block-heading\">Krok po kroku:<\/h3>\n\n\n\n<ul>\n<li>Decyzja, czy jeste\u015b gotowy na drugi film<\/li>\n\n\n\n<li>Przygotowanie do drugiej ci\u0105\u017cy<\/li>\n\n\n\n<li>Druga ci\u0105\u017ca<\/li>\n\n\n\n<li>Radzenie sobie z trudno\u015bciami w drugiej ci\u0105\u017cy<\/li>\n\n\n\n<li>Zdrowie w drugiej ci\u0105\u017cy<\/li>\n\n\n\n<li>Zarz\u0105dzanie finansami w drugiej ci\u0105\u017cy<\/li>\n<\/ul>\n\n\n<div class=\"wp-block-image\">\n<figure class=\"aligncenter size-full\"><img loading=\"lazy\" decoding=\"async\" width=\"960\" height=\"540\" src=\"http:\/\/universofamilia.com\/wp-content\/uploads\/sites\/148\/2023\/09\/P-UNIV-FAMILIA-Preparacao-para-a-Segunda-Gravidez-1-1.png\" alt=\"\" class=\"wp-image-3994\" srcset=\"https:\/\/universofamilia.com\/wp-content\/uploads\/sites\/148\/2023\/09\/P-UNIV-FAMILIA-Preparacao-para-a-Segunda-Gravidez-1-1.png 960w, https:\/\/universofamilia.com\/wp-content\/uploads\/sites\/148\/2023\/09\/P-UNIV-FAMILIA-Preparacao-para-a-Segunda-Gravidez-1-1-300x169.png 300w, https:\/\/universofamilia.com\/wp-content\/uploads\/sites\/148\/2023\/09\/P-UNIV-FAMILIA-Preparacao-para-a-Segunda-Gravidez-1-1-768x432.png 768w\" sizes=\"(max-width: 960px) 100vw, 960px\" \/><\/figure><\/div>\n\n\n<p>Mo\u017ce dlatego, \u017ce zawsze wyobra\u017cam sobie wi\u0119cej dzieci, a mo\u017ce dlatego, \u017ce ostatnio przyszed\u0142 mi do g\u0142owy pomys\u0142, \u017ceby da\u0107 dziecku znak, \u017ce czas pomy\u015ble\u0107 o drugim dziecku. Perspektywa powi\u0119kszenia rodziny jest ekscytuj\u0105ca, ale i niepokoj\u0105ca:<\/p>\n\n\n\n<ol style=\"list-style-type:1\">\n<li>Jak mo\u017cesz sprawdzi\u0107, czy jeste\u015b naprawd\u0119 przygotowany?<\/li>\n\n\n\n<li>Czy pierwszy plik jest nadal za ma\u0142y?<\/li>\n\n\n\n<li>Warto stawi\u0107 czo\u0142a chaosowi i wyczerpaniu dw\u00f3jki dzieci;<\/li>\n\n\n\n<li>Czy lepiej poczeka\u0107 troch\u0119 d\u0142u\u017cej?<\/li>\n<\/ol>\n\n\n\n<p>Nie ma na to jednoznacznych odpowiedzi, ale wa\u017cne jest, aby zastanowi\u0107 si\u0119 nad tymi pytaniami i podj\u0105\u0107 \u015bwiadom\u0105 decyzj\u0119.<\/p>\n\n\n\n<h3 class=\"wp-block-heading\"><strong>Decyzja, czy jeste\u015b gotowy na drugi film<\/strong><\/h3>\n\n\n\n<p>W miar\u0119 jak Twoje dziecko ro\u015bnie i zmienia si\u0119 z niemowl\u0119cia trzymanego w ramionach w dziecko, kt\u00f3re chodzi i upada, mo\u017cesz zastanawia\u0107 si\u0119, jaki jest w\u0142a\u015bciwy moment na drugie dziecko. Poniewa\u017c ta decyzja jest indywidualna dla ka\u017cdej rodziny, kilka pyta\u0144, kt\u00f3re pomog\u0105 Ci okre\u015bli\u0107 najlepszy moment:<\/p>\n\n\n\n<ol style=\"list-style-type:1\">\n<li>Czy uwa\u017casz, \u017ce brakuje dzieci z okolicznych miejscowo\u015bci, kt\u00f3rym m\u00f3g\u0142by\u015b towarzyszy\u0107 podczas brincadeiras?<\/li>\n\n\n\n<li>Czy jeste\u015b gotowy zmierzy\u0107 si\u0119 raz jeszcze z faz\u0105 nieprzespanych nocy, ale ja si\u0119 poddaj\u0119 albo jest ju\u017c za p\u00f3\u017ano?<\/li>\n\n\n\n<li>Czy wolisz roz\u0142o\u017cy\u0107 ci\u0105\u017c\u0119 w czasie, aby w pe\u0142ni cieszy\u0107 si\u0119 dzieci\u0144stwem ka\u017cdego dziecka, bez rozpraszaczy?<\/li>\n\n\n\n<li>Czy podoba Ci si\u0119 pomys\u0142 zachowania odpowiednich odst\u0119p\u00f3w mi\u0119dzy dzie\u0107mi, czy te\u017c wystarczaj\u0105cych, aby zminimalizowa\u0107 konflikty mi\u0119dzy nimi ze wzgl\u0119du na bardzo podobne warunki i etapy rozwoju?<\/li>\n<\/ol>\n\n\n\n<h4 class=\"wp-block-heading\"><mark class=\"has-inline-color has-ast-global-color-0-color\">Przeczytaj tak\u017ce:<\/mark><\/h4>\n\n\n<table style=\"border-collapse: collapse;width: 840px;height: 171px\">\n<tbody>\n<tr style=\"height: 21px\">\n<td style=\"width: 18.5759%;height: 21px\"><a href=\"https:\/\/universofamilia.com\/pl\/7-passos-de-como-criar-e-manter-um-orcamento-familiar\/\"><img loading=\"lazy\" decoding=\"async\" class=\"alignnone wp-image-3984 size-medium\" src=\"http:\/\/universofamilia.com\/wp-content\/uploads\/sites\/148\/2023\/09\/L-Universo-Familia-7-Passos-de-Como-Criar-e-Manter-um-Orcamento-Familiar-300x300.png\" alt=\"\" width=\"300\" height=\"300\" srcset=\"https:\/\/universofamilia.com\/wp-content\/uploads\/sites\/148\/2023\/09\/L-Universo-Familia-7-Passos-de-Como-Criar-e-Manter-um-Orcamento-Familiar-300x300.png 300w, https:\/\/universofamilia.com\/wp-content\/uploads\/sites\/148\/2023\/09\/L-Universo-Familia-7-Passos-de-Como-Criar-e-Manter-um-Orcamento-Familiar-150x150.png 150w, https:\/\/universofamilia.com\/wp-content\/uploads\/sites\/148\/2023\/09\/L-Universo-Familia-7-Passos-de-Como-Criar-e-Manter-um-Orcamento-Familiar.png 315w\" sizes=\"(max-width: 300px) 100vw, 300px\" \/><\/a><\/td>\n<td style=\"width: 81.4241%;height: 21px\">\n<h4><span style=\"color: #000000\"><a style=\"color: #000000\" href=\"https:\/\/universofamilia.com\/pl\/7-passos-de-como-criar-e-manter-um-orcamento-familiar\/\" target=\"_blank\" rel=\"noopener\">7 krok\u00f3w, jak wychowa\u0107 i utrzyma\u0107 rodzin\u0119 Or\u00e7amento<\/a><\/span><\/h4>\n<\/td>\n<\/tr>\n<tr style=\"height: 21px\">\n<td style=\"width: 18.5759%;height: 10px\">\u00a0<\/td>\n<td style=\"width: 81.4241%;height: 10px\">\u00a0<\/td>\n<\/tr>\n<tr style=\"height: 21px\">\n<td style=\"width: 18.5759%;height: 21px\">\u00a0<\/td>\n<td style=\"width: 81.4241%;height: 21px\">\u00a0<\/td>\n<\/tr>\n<\/tbody>\n<\/table>\n\n\n<p>Je\u015bli odpowiedzia\u0142e\u015b twierdz\u0105co na pierwsze kilka pyta\u0144, by\u0107 mo\u017ce jest za wcze\u015bnie, \u017ceby my\u015ble\u0107 o zadaniu kolejnego pytania.<\/p>\n\n\n\n<p>Je\u015bli jednak na dwa ostatnie pytania odpowied\u017a brzmi \u201etak\u201d, dobrym pomys\u0142em mo\u017ce by\u0107 odczekanie troch\u0119 d\u0142u\u017cej, zanim zacznie si\u0119 planowa\u0107 drug\u0105 ci\u0105\u017c\u0119.<\/p>\n\n\n\n<p>Wiadomo, \u017ce opr\u00f3cz tych rozwa\u017ca\u0144 nale\u017cy bra\u0107 pod uwag\u0119 r\u00f3wnie\u017c inne czynniki, takie jak sytuacja finansowa rodziny, mo\u017cliwo\u015bci opieki nad dzie\u0107mi i obowi\u0105zki zawodowe.<\/p>\n\n\n\n<p>Bez wzgl\u0119du na to, jak\u0105 decyzj\u0119 podejmiesz, wiesz, \u017ce ka\u017cda opcja przestrzeni dla dzieci niesie ze sob\u0105 w\u0142asne rado\u015bci i wyzwania. <\/p>\n\n\n\n<p>Na przyk\u0142ad, je\u015bli masz dzieci w pobliskich miejscowo\u015bciach, mo\u017cemy od teraz cieszy\u0107 si\u0119 wsp\u00f3lnym skakaniem, oszcz\u0119dzaj\u0105c czas na szukanie aktywno\u015bci. B\u0105d\u017a jednak przygotowany na mo\u017cliw\u0105 rywalizacj\u0119 mi\u0119dzy dzie\u0107mi.<\/p>\n\n\n\n<p>Z drugiej strony, je\u015bli zdecydujesz si\u0119 na wi\u0119ksze roz\u0142o\u017cenie wydarze\u0144 w czasie, b\u0119dziesz mie\u0107 mo\u017cliwo\u015b\u0107 bardziej indywidualnego skoncentrowania si\u0119 na ka\u017cdym pliku.<\/p>\n\n\n\n<p>Jednak dzieci pochodz\u0105ce ze spo\u0142eczno\u015bci, w kt\u00f3rych \u017cyj\u0105, s\u0105 oddalone od siebie, wi\u0119c nie ma gwarancji, \u017ce b\u0119dzie mniej konflikt\u00f3w.<\/p>\n\n\n\n<p>Kr\u00f3tko m\u00f3wi\u0105c, decyzja o posiadaniu drugiego dziecka powinna by\u0107 podejmowana na podstawie indywidualnych okoliczno\u015bci, a nie tego, co jest najlepsze dla rodziny.<\/p>\n\n\n\n<h3 class=\"wp-block-heading\"><strong>Przygotowanie do drugiej ci\u0105\u017cy<\/strong><\/h3>\n\n\n\n<p>Wa\u017cne jest, aby by\u0107 w dobrej formie przed drug\u0105 ci\u0105\u017c\u0105, a tak\u017ce, aby martwi\u0107 si\u0119 o swoje zdrowie przed narodzinami pierwszego dziecka. <\/p>\n\n\n\n<p>Nie wi\u0105\u017ce si\u0119 to z konieczno\u015bci\u0105 codziennego ucz\u0119szczania do szko\u0142y (co mo\u017ce by\u0107 trudne, je\u015bli masz ma\u0142e dziecko), ale oznacza konieczno\u015b\u0107 umo\u017cliwienia organizmowi odpowiedniej regeneracji po pierwszej ci\u0105\u017cy.<\/p>\n\n\n\n<p>Ameryka\u0144skie Kolegium Po\u0142o\u017cnik\u00f3w i Ginekolog\u00f3w (ACOG) zaleca unikanie przybierania na wadze w ci\u0105gu pierwszych sze\u015bciu miesi\u0119cy po porodzie i, najlepiej, odczekanie co najmniej 18 miesi\u0119cy. To czas, w kt\u00f3rym organizm uzupe\u0142nia niedobory witamin i powraca do idealnej kondycji przed kolejn\u0105 ci\u0105\u017c\u0105.<\/p>\n\n\n\n<p>Je\u015bli chcesz zaj\u015b\u0107 w ci\u0105\u017c\u0119 przed tym okresem, koniecznie porozmawiaj o tym z lekarzem. Je\u015bli dobrze si\u0119 od\u017cywiasz, cieszysz si\u0119 dobrym zdrowiem i masz wystarczaj\u0105co du\u017co energii, aby zaj\u015b\u0107 w drug\u0105 ci\u0105\u017c\u0119, nie ma przeszk\u00f3d, aby urodzi\u0107 drugie dziecko, kiedy poczujesz si\u0119 na to gotowa.<\/p>\n\n\n<div class=\"wp-block-image\">\n<figure class=\"aligncenter size-full\"><img loading=\"lazy\" decoding=\"async\" width=\"960\" height=\"540\" src=\"http:\/\/universofamilia.com\/wp-content\/uploads\/sites\/148\/2023\/09\/P-UNIV-FAMILIA-Preparacao-para-a-Segunda-Gravidez-1.png\" alt=\"\" class=\"wp-image-3993\" srcset=\"https:\/\/universofamilia.com\/wp-content\/uploads\/sites\/148\/2023\/09\/P-UNIV-FAMILIA-Preparacao-para-a-Segunda-Gravidez-1.png 960w, https:\/\/universofamilia.com\/wp-content\/uploads\/sites\/148\/2023\/09\/P-UNIV-FAMILIA-Preparacao-para-a-Segunda-Gravidez-1-300x169.png 300w, https:\/\/universofamilia.com\/wp-content\/uploads\/sites\/148\/2023\/09\/P-UNIV-FAMILIA-Preparacao-para-a-Segunda-Gravidez-1-768x432.png 768w\" sizes=\"(max-width: 960px) 100vw, 960px\" \/><\/figure><\/div>\n\n\n<h3 class=\"wp-block-heading\"><strong>Druga ci\u0105\u017ca<\/strong><\/h3>\n\n\n\n<p>Ka\u017cda ci\u0105\u017ca jest wyj\u0105tkowa, nawet je\u015bli przechodzisz przez to po raz drugi. W przypadku drugiej ci\u0105\u017cy, w zwi\u0105zkach z pierwszym partnerem wyst\u0119puj\u0105 r\u00f3\u017cnice fizjologiczne.<\/p>\n\n\n\n<p>Zanim jednak zajmiemy si\u0119 szczeg\u00f3\u0142ami rozwoju drugiego dziecka, konieczne jest ponowne pocz\u0119cie.<\/p>\n\n\n\n<p>W niekt\u00f3rych domach pocz\u0119cie drugiego dziecka przychodzi r\u00f3wnie \u0142atwo, jak pierwszego. Mog\u0105 jednak pojawi\u0107 si\u0119 r\u00f3wnie\u017c przeszkody, kt\u00f3re dla wielu os\u00f3b s\u0105 zaskoczeniem.<\/p>\n\n\n\n<h3 class=\"wp-block-heading\"><strong>Radzenie sobie z trudno\u015bciami w drugiej ci\u0105\u017cy<\/strong><\/h3>\n\n\n\n<p>Wt\u00f3rna niep\u0142odno\u015b\u0107, kt\u00f3ra pojawia si\u0119, gdy w\u0142osy zaczynaj\u0105 rosn\u0105\u0107, a nie ma si\u0119 dziecka, jest cz\u0119stsza, ni\u017c mog\u0142oby si\u0119 wydawa\u0107. <\/p>\n\n\n\n<p>Zazwyczaj przyczyny s\u0105 podobne do przyczyn niep\u0142odno\u015bci pierwotnej i nale\u017c\u0105 do nich wiek, masa cia\u0142a oraz schorzenia, w tym endometrioza, mi\u0119\u015bniaki macicy lub zesp\u00f3\u0142 policystycznych jajnik\u00f3w.<\/p>\n\n\n\n<p>Aby poradzi\u0107 sobie z t\u0105 sytuacj\u0105, zalecamy <strong>skonsultuj si\u0119 z lekarzem, je\u015bli masz mniej ni\u017c 35 lat<\/strong> lat i nie uda\u0142o mi si\u0119 zaj\u015b\u0107 w ci\u0105\u017c\u0119 po roku stara\u0144. Je\u015bli masz ponad 35 lat, konsultacja musi odby\u0107 si\u0119 po sze\u015bciu miesi\u0105cach bezskutecznych stara\u0144.<\/p>\n\n\n\n<p>Ponadto problemy maciczne wynikaj\u0105ce z ci\u0105\u017cy lub poprzednich porod\u00f3w mog\u0105 przyczyni\u0107 si\u0119 do wt\u00f3rnej niep\u0142odno\u015bci. <\/p>\n\n\n\n<p>Dlatego wa\u017cne jest <strong>discuss isso com seu m\u00e9dico<\/strong> Zanim ponownie spr\u00f3bujesz przyty\u0107. Mog\u0105 oceni\u0107 Twoje szanse na naturalne pocz\u0119cie, doradzi\u0107 w sprawie mo\u017cliwych czynnik\u00f3w ryzyka i w razie potrzeby zapewni\u0107 pomoc w zaj\u015bciu w ci\u0105\u017c\u0119.<\/p>\n\n\n\n<h3 class=\"wp-block-heading\"><strong>Zdrowie w drugiej ci\u0105\u017cy<\/strong><\/h3>\n\n\n\n<p>Druga ci\u0105\u017ca mo\u017ce mie\u0107 r\u00f3\u017cny wp\u0142yw na zdrowie, nios\u0105c ze sob\u0105 zar\u00f3wno wyzwania, jak i korzy\u015bci:<\/p>\n\n\n\n<ul>\n<li>Do\u015bwiadczenie zwi\u0105zane z opiek\u0105 nad pierwszym dzieckiem pozwoli Ci zachowa\u0107 aktywno\u015b\u0107 fizyczn\u0105 r\u00f3wnie\u017c podczas drugiej ci\u0105\u017cy, eliminuj\u0105c potrzeb\u0119 planowania oddzielnych \u0107wicze\u0144.<\/li>\n\n\n\n<li>\u017bycie w ci\u0105g\u0142ym napi\u0119ciu, gdy dziecko przychodzi na \u015bwiat szybciej, oznacza, \u017ce prawdopodobnie b\u0119dziesz mia\u0142a mniej czasu na martwienie si\u0119 objawami ci\u0105\u017cy.<\/li>\n\n\n\n<li>Jest ju\u017c przyzwyczajona do \u017cycia swojej matki, wi\u0119c nie odczuje szoku zwi\u0105zanego ze zmian\u0105 \u017cycia, jaka nast\u0105pi\u0142a wraz z narodzinami pierwszego dziecka.<\/li>\n<\/ul>\n\n\n\n<h3 class=\"wp-block-heading\"><strong>Zarz\u0105dzanie finansami w drugiej ci\u0105\u017cy<\/strong><\/h3>\n\n\n\n<p>Rozwa\u017caj\u0105c za\u0142o\u017cenie drugiego aktu, nale\u017cy wzi\u0105\u0107 pod uwag\u0119 konsekwencje finansowe.<\/p>\n\n\n\n<p>Or\u00e7amento e Finan\u00e7as:<\/p>\n\n\n\n<ul>\n<li>Je\u015bli pracujesz poza domem, my\u015bl\u0119, \u017ce drugi niep\u0142atny urlop macierzy\u0144ski lub zmniejszenie czasu po\u015bwi\u0119canego drugiemu dziecku nie b\u0119dzie mia\u0142o \u017cadnych skutk\u00f3w finansowych.<\/li>\n\n\n\n<li>Je\u015bli jeste\u015b w\u0142a\u015bcicielk\u0105 domu i chcia\u0142aby\u015b wr\u00f3ci\u0107 do pracy po drugiej ci\u0105\u017cy.<\/li>\n\n\n\n<li>Sprawd\u017a, czy w Twoim domu mieszka wi\u0119cej cz\u0142onk\u00f3w rodziny, czy te\u017c konieczna b\u0119dzie przeprowadzka do wi\u0119kszego i dro\u017cszego domu.<\/li>\n\n\n\n<li>Zastan\u00f3w si\u0119, czy mo\u017cesz ponownie wykorzysta\u0107 akcesoria dla dziecka, kt\u00f3re ju\u017c posiadasz, na przyk\u0142ad noside\u0142ko, \u0142a\u0144cuszek i w\u00f3zek, czy te\u017c konieczny b\u0119dzie zakup drugiego zestawu.<\/li>\n\n\n\n<li>Po dodatkowych ci\u0119\u017carach istnieje drugi plik, niezale\u017cnie od wybranego czasu.<\/li>\n<\/ul>\n\n\n\n<p>Zaleca si\u0119, aby wsp\u00f3lnie z partnerem przygotowa\u0107 wst\u0119pny dokument rodzinny, kt\u00f3ry pozwoli okre\u015bli\u0107, na co mo\u017cemy sobie pozwoli\u0107 finansowo w perspektywie kr\u00f3tkoterminowej i d\u0142ugoterminowej.<\/p>\n\n\n\n<p>Nale\u017cy pami\u0119ta\u0107, \u017ce nie ma jednego idealnego momentu i \u017ce decyzj\u0119 nale\u017cy podj\u0105\u0107 na podstawie potrzeb i \u017cycze\u0144 rodziny sk\u0142adaj\u0105cej si\u0119 z trzech lub czterech os\u00f3b.<\/p>\n\n\n\n<blockquote class=\"wp-block-quote\">\n<h5 class=\"wp-block-heading\"><em>Uwagi: Materia\u0142y i informacje zamieszczone na stronie Universo Fam\u00edlia nie s\u0105 przeznaczone do cel\u00f3w diagnostyki medycznej i nie powinny by\u0107 w tym celu wykorzystywane. <strong>Zawsze nale\u017cy skonsultowa\u0107 si\u0119 z lekarzem lub wykwalifikowanym pracownikiem s\u0142u\u017cby zdrowia, aby pozna\u0107 swoje rzeczywiste potrzeby.<\/strong>.<\/em><\/h5>\n<\/blockquote>\n\n\n<table style=\"border-collapse: collapse;width: 100%;height: 96px\">\n<tbody>\n<tr style=\"height: 96px\">\n<td style=\"width: 10.1223%;height: 96px\"><a href=\"https:\/\/www.luzbaby.com.br\/\" target=\"_blank\" rel=\"noopener\"><img loading=\"lazy\" decoding=\"async\" class=\"alignnone wp-image-3747\" src=\"http:\/\/universofamilia.com\/wp-content\/uploads\/sites\/148\/2023\/09\/Design-sem-nome-3-300x300.png\" alt=\"\" width=\"106\" height=\"106\" srcset=\"https:\/\/universofamilia.com\/wp-content\/uploads\/sites\/148\/2023\/09\/Design-sem-nome-3-300x300.png 300w, https:\/\/universofamilia.com\/wp-content\/uploads\/sites\/148\/2023\/09\/Design-sem-nome-3-150x150.png 150w, https:\/\/universofamilia.com\/wp-content\/uploads\/sites\/148\/2023\/09\/Design-sem-nome-3.png 315w\" sizes=\"(max-width: 106px) 100vw, 106px\" \/><\/a><\/td>\n<td style=\"width: 89.5168%;height: 96px\">\n<h4><span style=\"color: #000000\"><strong><a style=\"color: #000000\" href=\"https:\/\/www.luzbaby.com.br\/\" target=\"_blank\" rel=\"noreferrer noopener\">Conhe\u00e7a Luz Baby, jeden z najlepszych sklep\u00f3w z artyku\u0142ami dla niemowl\u0105t.<\/a><\/strong><\/span><\/h4>\n<\/td>\n<\/tr>\n<\/tbody>\n<\/table>","protected":false},"excerpt":{"rendered":"<p>Prepara\u00e7\u00e3o para a segunda gravidez. Est\u00e1 pensando se est\u00e1 preparada (o) para ter o segundo filho? Aqui est\u00e3o alguns aspectos positivos e negativos que voc\u00ea deve levar em conta ao planejar sua segunda gravidez. Passo a Passo: Seja porque sempre imaginou ter mais filhos ou porque recentemente a ideia de dar um irm\u00e3o ao seu [&hellip;]<\/p>","protected":false},"author":139,"featured_media":3995,"comment_status":"closed","ping_status":"open","sticky":false,"template":"","format":"standard","meta":{"footnotes":""},"categories":[5],"tags":[],"yoast_head":"<!-- This site is optimized with the Yoast SEO plugin v23.3 - https:\/\/yoast.com\/wordpress\/plugins\/seo\/ -->\n<title>Prepara\u00e7\u00e3o para a Segunda Gravidez - Universo Fam\u00edlia<\/title>\n<meta name=\"description\" content=\"Prepara\u00e7\u00e3o para a segunda gravidez. Est\u00e1 pensando se est\u00e1 preparada (o) para ter o segundo filho? Aqui est\u00e3o alguns aspectos positivos e negativos que voc\u00ea\" \/>\n<meta name=\"robots\" content=\"index, follow, max-snippet:-1, max-image-preview:large, max-video-preview:-1\" \/>\n<link rel=\"canonical\" href=\"https:\/\/universofamilia.com\/pl\/\u09a6\u09cd\u09ac\u09bf\u09a4\u09c0\u09af\u09bc-\u0997\u09b0\u09cd\u09ad\u09be\u09ac\u09b8\u09cd\u09a5\u09be\u09b0-\u09aa\u09cd\u09b0\/\" \/>\n<meta property=\"og:locale\" content=\"pl_PL\" \/>\n<meta property=\"og:type\" content=\"article\" \/>\n<meta property=\"og:title\" content=\"Prepara\u00e7\u00e3o para a Segunda Gravidez - Universo Fam\u00edlia\" \/>\n<meta property=\"og:description\" content=\"Prepara\u00e7\u00e3o para a segunda gravidez. Est\u00e1 pensando se est\u00e1 preparada (o) para ter o segundo filho? Aqui est\u00e3o alguns aspectos positivos e negativos que voc\u00ea\" \/>\n<meta property=\"og:url\" content=\"https:\/\/universofamilia.com\/pl\/\u09a6\u09cd\u09ac\u09bf\u09a4\u09c0\u09af\u09bc-\u0997\u09b0\u09cd\u09ad\u09be\u09ac\u09b8\u09cd\u09a5\u09be\u09b0-\u09aa\u09cd\u09b0\/\" \/>\n<meta property=\"og:site_name\" content=\"Universo Fam\u00edlia\" \/>\n<meta property=\"article:published_time\" content=\"2023-09-22T14:46:13+00:00\" \/>\n<meta property=\"article:modified_time\" content=\"2025-01-28T14:25:30+00:00\" \/>\n<meta property=\"og:image\" content=\"https:\/\/universofamilia.com\/wp-content\/uploads\/sites\/148\/2023\/09\/D-UNIVERSO-FAMILIA-Preparacao-para-a-Segunda-Gravidez.png\" \/>\n\t<meta property=\"og:image:width\" content=\"448\" \/>\n\t<meta property=\"og:image:height\" content=\"350\" \/>\n\t<meta property=\"og:image:type\" content=\"image\/png\" \/>\n<meta name=\"author\" content=\"Pedro Henrique\" \/>\n<meta name=\"twitter:card\" content=\"summary_large_image\" \/>\n<meta name=\"twitter:label1\" content=\"Written by\" \/>\n\t<meta name=\"twitter:data1\" content=\"Pedro Henrique\" \/>\n\t<meta name=\"twitter:label2\" content=\"Est. reading time\" \/>\n\t<meta name=\"twitter:data2\" content=\"8 minut\" \/>\n<script type=\"application\/ld+json\" class=\"yoast-schema-graph\">{\"@context\":\"https:\/\/schema.org\",\"@graph\":[{\"@type\":\"WebPage\",\"@id\":\"https:\/\/universofamilia.com\/bn\/\u09a6\u09cd\u09ac\u09bf\u09a4\u09c0\u09af\u09bc-\u0997\u09b0\u09cd\u09ad\u09be\u09ac\u09b8\u09cd\u09a5\u09be\u09b0-\u09aa\u09cd\u09b0\/\",\"url\":\"https:\/\/universofamilia.com\/bn\/\u09a6\u09cd\u09ac\u09bf\u09a4\u09c0\u09af\u09bc-\u0997\u09b0\u09cd\u09ad\u09be\u09ac\u09b8\u09cd\u09a5\u09be\u09b0-\u09aa\u09cd\u09b0\/\",\"name\":\"Prepara\u00e7\u00e3o para a Segunda Gravidez - Universo Fam\u00edlia\",\"isPartOf\":{\"@id\":\"https:\/\/universofamilia.com\/el\/#website\"},\"primaryImageOfPage\":{\"@id\":\"https:\/\/universofamilia.com\/bn\/\u09a6\u09cd\u09ac\u09bf\u09a4\u09c0\u09af\u09bc-\u0997\u09b0\u09cd\u09ad\u09be\u09ac\u09b8\u09cd\u09a5\u09be\u09b0-\u09aa\u09cd\u09b0\/#primaryimage\"},\"image\":{\"@id\":\"https:\/\/universofamilia.com\/bn\/\u09a6\u09cd\u09ac\u09bf\u09a4\u09c0\u09af\u09bc-\u0997\u09b0\u09cd\u09ad\u09be\u09ac\u09b8\u09cd\u09a5\u09be\u09b0-\u09aa\u09cd\u09b0\/#primaryimage\"},\"thumbnailUrl\":\"https:\/\/universofamilia.com\/wp-content\/uploads\/sites\/148\/2023\/09\/D-UNIVERSO-FAMILIA-Preparacao-para-a-Segunda-Gravidez.png\",\"datePublished\":\"2023-09-22T14:46:13+00:00\",\"dateModified\":\"2025-01-28T14:25:30+00:00\",\"author\":{\"@id\":\"https:\/\/universofamilia.com\/el\/#\/schema\/person\/f07ce98187dd84d31154262e79b3b7ca\"},\"description\":\"Prepara\u00e7\u00e3o para a segunda gravidez. Est\u00e1 pensando se est\u00e1 preparada (o) para ter o segundo filho? Aqui est\u00e3o alguns aspectos positivos e negativos que voc\u00ea\",\"breadcrumb\":{\"@id\":\"https:\/\/universofamilia.com\/bn\/\u09a6\u09cd\u09ac\u09bf\u09a4\u09c0\u09af\u09bc-\u0997\u09b0\u09cd\u09ad\u09be\u09ac\u09b8\u09cd\u09a5\u09be\u09b0-\u09aa\u09cd\u09b0\/#breadcrumb\"},\"inLanguage\":\"pl-PL\",\"potentialAction\":[{\"@type\":\"ReadAction\",\"target\":[\"https:\/\/universofamilia.com\/bn\/\u09a6\u09cd\u09ac\u09bf\u09a4\u09c0\u09af\u09bc-\u0997\u09b0\u09cd\u09ad\u09be\u09ac\u09b8\u09cd\u09a5\u09be\u09b0-\u09aa\u09cd\u09b0\/\"]}]},{\"@type\":\"ImageObject\",\"inLanguage\":\"pl-PL\",\"@id\":\"https:\/\/universofamilia.com\/bn\/\u09a6\u09cd\u09ac\u09bf\u09a4\u09c0\u09af\u09bc-\u0997\u09b0\u09cd\u09ad\u09be\u09ac\u09b8\u09cd\u09a5\u09be\u09b0-\u09aa\u09cd\u09b0\/#primaryimage\",\"url\":\"https:\/\/universofamilia.com\/wp-content\/uploads\/sites\/148\/2023\/09\/D-UNIVERSO-FAMILIA-Preparacao-para-a-Segunda-Gravidez.png\",\"contentUrl\":\"https:\/\/universofamilia.com\/wp-content\/uploads\/sites\/148\/2023\/09\/D-UNIVERSO-FAMILIA-Preparacao-para-a-Segunda-Gravidez.png\",\"width\":448,\"height\":350},{\"@type\":\"BreadcrumbList\",\"@id\":\"https:\/\/universofamilia.com\/bn\/\u09a6\u09cd\u09ac\u09bf\u09a4\u09c0\u09af\u09bc-\u0997\u09b0\u09cd\u09ad\u09be\u09ac\u09b8\u09cd\u09a5\u09be\u09b0-\u09aa\u09cd\u09b0\/#breadcrumb\",\"itemListElement\":[{\"@type\":\"ListItem\",\"position\":1,\"name\":\"Home\",\"item\":\"https:\/\/universofamilia.com\/el\/\"},{\"@type\":\"ListItem\",\"position\":2,\"name\":\"Prepara\u00e7\u00e3o para a Segunda Gravidez\"}]},{\"@type\":\"WebSite\",\"@id\":\"https:\/\/universofamilia.com\/el\/#website\",\"url\":\"https:\/\/universofamilia.com\/el\/\",\"name\":\"Universo Fam\u00edlia\",\"description\":\"\",\"potentialAction\":[{\"@type\":\"SearchAction\",\"target\":{\"@type\":\"EntryPoint\",\"urlTemplate\":\"https:\/\/universofamilia.com\/el\/?s={search_term_string}\"},\"query-input\":\"required name=search_term_string\"}],\"inLanguage\":\"pl-PL\"},{\"@type\":\"Person\",\"@id\":\"https:\/\/universofamilia.com\/el\/#\/schema\/person\/f07ce98187dd84d31154262e79b3b7ca\",\"name\":\"Pedro Henrique\",\"image\":{\"@type\":\"ImageObject\",\"inLanguage\":\"pl-PL\",\"@id\":\"https:\/\/universofamilia.com\/el\/#\/schema\/person\/image\/\",\"url\":\"https:\/\/secure.gravatar.com\/avatar\/9edfeb808cb4e1599f64d6e45b130154?s=96&d=mm&r=g\",\"contentUrl\":\"https:\/\/secure.gravatar.com\/avatar\/9edfeb808cb4e1599f64d6e45b130154?s=96&d=mm&r=g\",\"caption\":\"Pedro Henrique\"},\"url\":\"https:\/\/universofamilia.com\/pl\/author\/editor01\/\"}]}<\/script>\n<!-- \/ Yoast SEO plugin. -->","yoast_head_json":{"title":"Prepara\u00e7\u00e3o para a Segunda Gravidez - Universo Fam\u00edlia","description":"Prepara\u00e7\u00e3o para a segunda gravidez. Est\u00e1 pensando se est\u00e1 preparada (o) para ter o segundo filho? Aqui est\u00e3o alguns aspectos positivos e negativos que voc\u00ea","robots":{"index":"index","follow":"follow","max-snippet":"max-snippet:-1","max-image-preview":"max-image-preview:large","max-video-preview":"max-video-preview:-1"},"canonical":"https:\/\/universofamilia.com\/pl\/\u09a6\u09cd\u09ac\u09bf\u09a4\u09c0\u09af\u09bc-\u0997\u09b0\u09cd\u09ad\u09be\u09ac\u09b8\u09cd\u09a5\u09be\u09b0-\u09aa\u09cd\u09b0\/","og_locale":"pl_PL","og_type":"article","og_title":"Prepara\u00e7\u00e3o para a Segunda Gravidez - Universo Fam\u00edlia","og_description":"Prepara\u00e7\u00e3o para a segunda gravidez. Est\u00e1 pensando se est\u00e1 preparada (o) para ter o segundo filho? Aqui est\u00e3o alguns aspectos positivos e negativos que voc\u00ea","og_url":"https:\/\/universofamilia.com\/pl\/\u09a6\u09cd\u09ac\u09bf\u09a4\u09c0\u09af\u09bc-\u0997\u09b0\u09cd\u09ad\u09be\u09ac\u09b8\u09cd\u09a5\u09be\u09b0-\u09aa\u09cd\u09b0\/","og_site_name":"Universo Fam\u00edlia","article_published_time":"2023-09-22T14:46:13+00:00","article_modified_time":"2025-01-28T14:25:30+00:00","og_image":[{"width":448,"height":350,"url":"https:\/\/universofamilia.com\/wp-content\/uploads\/sites\/148\/2023\/09\/D-UNIVERSO-FAMILIA-Preparacao-para-a-Segunda-Gravidez.png","type":"image\/png"}],"author":"Pedro Henrique","twitter_card":"summary_large_image","twitter_misc":{"Written by":"Pedro Henrique","Est. reading time":"8 minut"},"schema":{"@context":"https:\/\/schema.org","@graph":[{"@type":"WebPage","@id":"https:\/\/universofamilia.com\/bn\/\u09a6\u09cd\u09ac\u09bf\u09a4\u09c0\u09af\u09bc-\u0997\u09b0\u09cd\u09ad\u09be\u09ac\u09b8\u09cd\u09a5\u09be\u09b0-\u09aa\u09cd\u09b0\/","url":"https:\/\/universofamilia.com\/bn\/\u09a6\u09cd\u09ac\u09bf\u09a4\u09c0\u09af\u09bc-\u0997\u09b0\u09cd\u09ad\u09be\u09ac\u09b8\u09cd\u09a5\u09be\u09b0-\u09aa\u09cd\u09b0\/","name":"Prepara\u00e7\u00e3o para a Segunda Gravidez - Universo Fam\u00edlia","isPartOf":{"@id":"https:\/\/universofamilia.com\/el\/#website"},"primaryImageOfPage":{"@id":"https:\/\/universofamilia.com\/bn\/\u09a6\u09cd\u09ac\u09bf\u09a4\u09c0\u09af\u09bc-\u0997\u09b0\u09cd\u09ad\u09be\u09ac\u09b8\u09cd\u09a5\u09be\u09b0-\u09aa\u09cd\u09b0\/#primaryimage"},"image":{"@id":"https:\/\/universofamilia.com\/bn\/\u09a6\u09cd\u09ac\u09bf\u09a4\u09c0\u09af\u09bc-\u0997\u09b0\u09cd\u09ad\u09be\u09ac\u09b8\u09cd\u09a5\u09be\u09b0-\u09aa\u09cd\u09b0\/#primaryimage"},"thumbnailUrl":"https:\/\/universofamilia.com\/wp-content\/uploads\/sites\/148\/2023\/09\/D-UNIVERSO-FAMILIA-Preparacao-para-a-Segunda-Gravidez.png","datePublished":"2023-09-22T14:46:13+00:00","dateModified":"2025-01-28T14:25:30+00:00","author":{"@id":"https:\/\/universofamilia.com\/el\/#\/schema\/person\/f07ce98187dd84d31154262e79b3b7ca"},"description":"Prepara\u00e7\u00e3o para a segunda gravidez. Est\u00e1 pensando se est\u00e1 preparada (o) para ter o segundo filho? Aqui est\u00e3o alguns aspectos positivos e negativos que voc\u00ea","breadcrumb":{"@id":"https:\/\/universofamilia.com\/bn\/\u09a6\u09cd\u09ac\u09bf\u09a4\u09c0\u09af\u09bc-\u0997\u09b0\u09cd\u09ad\u09be\u09ac\u09b8\u09cd\u09a5\u09be\u09b0-\u09aa\u09cd\u09b0\/#breadcrumb"},"inLanguage":"pl-PL","potentialAction":[{"@type":"ReadAction","target":["https:\/\/universofamilia.com\/bn\/\u09a6\u09cd\u09ac\u09bf\u09a4\u09c0\u09af\u09bc-\u0997\u09b0\u09cd\u09ad\u09be\u09ac\u09b8\u09cd\u09a5\u09be\u09b0-\u09aa\u09cd\u09b0\/"]}]},{"@type":"ImageObject","inLanguage":"pl-PL","@id":"https:\/\/universofamilia.com\/bn\/\u09a6\u09cd\u09ac\u09bf\u09a4\u09c0\u09af\u09bc-\u0997\u09b0\u09cd\u09ad\u09be\u09ac\u09b8\u09cd\u09a5\u09be\u09b0-\u09aa\u09cd\u09b0\/#primaryimage","url":"https:\/\/universofamilia.com\/wp-content\/uploads\/sites\/148\/2023\/09\/D-UNIVERSO-FAMILIA-Preparacao-para-a-Segunda-Gravidez.png","contentUrl":"https:\/\/universofamilia.com\/wp-content\/uploads\/sites\/148\/2023\/09\/D-UNIVERSO-FAMILIA-Preparacao-para-a-Segunda-Gravidez.png","width":448,"height":350},{"@type":"BreadcrumbList","@id":"https:\/\/universofamilia.com\/bn\/\u09a6\u09cd\u09ac\u09bf\u09a4\u09c0\u09af\u09bc-\u0997\u09b0\u09cd\u09ad\u09be\u09ac\u09b8\u09cd\u09a5\u09be\u09b0-\u09aa\u09cd\u09b0\/#breadcrumb","itemListElement":[{"@type":"ListItem","position":1,"name":"Home","item":"https:\/\/universofamilia.com\/el\/"},{"@type":"ListItem","position":2,"name":"Prepara\u00e7\u00e3o para a Segunda Gravidez"}]},{"@type":"WebSite","@id":"https:\/\/universofamilia.com\/el\/#website","url":"https:\/\/universofamilia.com\/el\/","name":"Universo Fam\u00edlia","description":"","potentialAction":[{"@type":"SearchAction","target":{"@type":"EntryPoint","urlTemplate":"https:\/\/universofamilia.com\/el\/?s={search_term_string}"},"query-input":"required name=search_term_string"}],"inLanguage":"pl-PL"},{"@type":"Person","@id":"https:\/\/universofamilia.com\/el\/#\/schema\/person\/f07ce98187dd84d31154262e79b3b7ca","name":"Pedro Henrique","image":{"@type":"ImageObject","inLanguage":"pl-PL","@id":"https:\/\/universofamilia.com\/el\/#\/schema\/person\/image\/","url":"https:\/\/secure.gravatar.com\/avatar\/9edfeb808cb4e1599f64d6e45b130154?s=96&d=mm&r=g","contentUrl":"https:\/\/secure.gravatar.com\/avatar\/9edfeb808cb4e1599f64d6e45b130154?s=96&d=mm&r=g","caption":"Pedro Henrique"},"url":"https:\/\/universofamilia.com\/pl\/author\/editor01\/"}]}},"_links":{"self":[{"href":"https:\/\/universofamilia.com\/pl\/wp-json\/wp\/v2\/posts\/3989"}],"collection":[{"href":"https:\/\/universofamilia.com\/pl\/wp-json\/wp\/v2\/posts"}],"about":[{"href":"https:\/\/universofamilia.com\/pl\/wp-json\/wp\/v2\/types\/post"}],"author":[{"embeddable":true,"href":"https:\/\/universofamilia.com\/pl\/wp-json\/wp\/v2\/users\/139"}],"replies":[{"embeddable":true,"href":"https:\/\/universofamilia.com\/pl\/wp-json\/wp\/v2\/comments?post=3989"}],"version-history":[{"count":1,"href":"https:\/\/universofamilia.com\/pl\/wp-json\/wp\/v2\/posts\/3989\/revisions"}],"predecessor-version":[{"id":8401,"href":"https:\/\/universofamilia.com\/pl\/wp-json\/wp\/v2\/posts\/3989\/revisions\/8401"}],"wp:featuredmedia":[{"embeddable":true,"href":"https:\/\/universofamilia.com\/pl\/wp-json\/wp\/v2\/media\/3995"}],"wp:attachment":[{"href":"https:\/\/universofamilia.com\/pl\/wp-json\/wp\/v2\/media?parent=3989"}],"wp:term":[{"taxonomy":"category","embeddable":true,"href":"https:\/\/universofamilia.com\/pl\/wp-json\/wp\/v2\/categories?post=3989"},{"taxonomy":"post_tag","embeddable":true,"href":"https:\/\/universofamilia.com\/pl\/wp-json\/wp\/v2\/tags?post=3989"}],"curies":[{"name":"wp","href":"https:\/\/api.w.org\/{rel}","templated":true}]}}