{"id":5350,"date":"2024-03-06T19:27:12","date_gmt":"2024-03-06T19:27:12","guid":{"rendered":"https:\/\/universofamilia.com\/?p=5350"},"modified":"2025-12-26T16:27:22","modified_gmt":"2025-12-26T19:27:22","slug":"descubre-tu-nuevo-estilo-con-app-de-corte-de-cabello-y-color","status":"publish","type":"post","link":"https:\/\/universofamilia.com\/pl\/descubre-tu-nuevo-estilo-con-app-de-corte-de-cabello-y-color\/","title":{"rendered":"\ud83c\udf1fOdkryj sw\u00f3j nowy styl dzi\u0119ki aplikacji do strzy\u017cenia i koloryzacji w\u0142os\u00f3w!"},"content":{"rendered":"<h2 class=\"wp-block-heading\">\ud83d\ude80 <strong>Ewolucja technologiczna na wyci\u0105gni\u0119cie r\u0119ki<\/strong>.\ud83c\udf1f<strong>Odkryj sw\u00f3j nowy styl z aplikacj\u0105 Haircut and Color! <\/strong>\ud83c\udf1f<\/h2>\n\n\n\n<p>Od czasu pojawienia si\u0119 pierwszych aplikacji po\u015bwi\u0119conych urodzie technologia rewolucjonizuje spos\u00f3b, w jaki dbamy o siebie.<\/p>\n\n\n\n<p>A je\u015bli chodzi o wyb\u00f3r nowej fryzury lub koloru w\u0142os\u00f3w, wyb\u00f3r nie m\u00f3g\u0142by by\u0107 bardziej ekscytuj\u0105cy!<\/p>\n\n\n\n<p>\ud83d\udc87\u200d\u2640\ufe0f\ud83d\udc87\u200d\u2642\ufe0f Dzi\u0119ki \u0142atwo\u015bci obs\u0142ugi smartfon\u00f3w mo\u017cna teraz poznawa\u0107 r\u00f3\u017cne style, nie wychodz\u0105c z domu.<\/p>\n\n\n\n<p>To jak wirtualny salon kosmetyczny na wyci\u0105gni\u0119cie r\u0119ki! A co najlepsze? To \u015bwietna zabawa! \ud83d\ude0e<\/p>\n\n\n\n<h2 class=\"wp-block-heading\">\ud83c\udfa8 <strong>Eksploracja \u015bwiata mo\u017cliwo\u015bci<\/strong><\/h2>\n\n\n\n<p>Wyb\u00f3r nowej fryzury lub koloru w\u0142os\u00f3w mo\u017ce by\u0107 ekscytuj\u0105cym do\u015bwiadczeniem, ale czasami trudno jest zwizualizowa\u0107 sobie efekt ko\u0144cowy.<\/p>\n\n\n\n<p>Tu w\u0142a\u015bnie pojawiaj\u0105 si\u0119 aplikacje kosmetyczne, dzi\u0119ki kt\u00f3rym ca\u0142y proces staje si\u0119 prostszy i bardziej ekscytuj\u0105cy ni\u017c kiedykolwiek!<\/p>\n\n\n\n<p>\ud83c\udf08 Wystarczy kilka klikni\u0119\u0107, aby odkry\u0107 bogat\u0105 bibliotek\u0119 styl\u00f3w, od ponadczasowych klasyk\u00f3w po najnowsze trendy. I to nie wszystko!<\/p>\n\n\n\n<p>Mo\u017cesz r\u00f3wnie\u017c dostosowa\u0107 szczeg\u00f3\u0142y, takie jak obj\u0119to\u015b\u0107, faktur\u0119 i po\u0142ysk, aby mie\u0107 pewno\u015b\u0107, \u017ce Tw\u00f3j nowy wygl\u0105d b\u0119dzie dla Ciebie idealny. \u2728<\/p>\n\n\n\n<h2 class=\"wp-block-heading\">Zobacz tak\u017ce<\/h2>\n\n\n\n<ul class=\"has-medium-font-size\">\n<li class=\"has-medium-font-size\">\ud83d\udd0d\ud83d\udd75\ufe0f\u200d\u2640\ufe0f\ud83d\udd12 <a href=\"https:\/\/universofamilia.com\/pl\/5338\/las-aplicaciones-que-han-revolucionado-el-supermercado\/\">Aplikacje, kt\u00f3re zrewolucjonizowa\u0142y supermarkety!<\/a><\/li>\n\n\n\n<li class=\"has-medium-font-size\">\ud83d\udcf8\ud83d\uddbc\ufe0f\ud83d\udcf1 <a href=\"https:\/\/universofamilia.com\/pl\/5099\/restaurar-fotos-eliminadas-en-el-telefono-movil\/\">Przywracanie usuni\u0119tych zdj\u0119\u0107 na telefonie kom\u00f3rkowym<\/a><\/li>\n\n\n\n<li class=\"has-medium-font-size\">\ud83d\udc91\u26ea\ufe0f\ud83d\udcd6 <a href=\"https:\/\/universofamilia.com\/pl\/5105\/noviazgo-cristiano-para-toda-la-vida\/\">Chrze\u015bcija\u0144skie randki na ca\u0142e \u017cycie<\/a><\/li>\n<\/ul>\n\n\n\n<h2 class=\"wp-block-heading\">\ud83d\udcf1 <strong>Poznaj niesamowite aplikacje!<\/strong><\/h2>\n\n\n\n<p>Porozmawiajmy teraz o trzech aplikacjach, kt\u00f3re zmieniaj\u0105 zasady gry, je\u015bli chodzi o eksperymentowanie z fryzurami i kolorami.<\/p>\n\n\n\n<p>Przygotuj si\u0119 na zaskoczenie mo\u017cliwo\u015bciami! \ud83d\udcab<\/p>\n\n\n\n<h3 class=\"wp-block-heading\">\ud83c\udf1f <strong>Nie uwierzysz w wyniki!<\/strong><\/h3>\n\n\n\n<p>Po sp\u0119dzeniu wielu godzin na wypr\u00f3bowywaniu r\u00f3\u017cnych styl\u00f3w nadszed\u0142 czas, aby sprawdzi\u0107, co u\u017cytkownicy m\u00f3wi\u0105 o tych niesamowitych aplikacjach.<\/p>\n\n\n<div class=\"wp-block-image\">\n<figure class=\"aligncenter size-full\"><img loading=\"lazy\" decoding=\"async\" width=\"550\" height=\"350\" src=\"http:\/\/universofamilia.com\/wp-content\/uploads\/sites\/148\/2024\/03\/P-550x350-1-2.jpg\" alt=\"\" class=\"wp-image-5351\" srcset=\"https:\/\/universofamilia.com\/wp-content\/uploads\/sites\/148\/2024\/03\/P-550x350-1-2.jpg 550w, https:\/\/universofamilia.com\/wp-content\/uploads\/sites\/148\/2024\/03\/P-550x350-1-2-300x191.jpg 300w\" sizes=\"(max-width: 550px) 100vw, 550px\" \/><figcaption class=\"wp-element-caption\">\ud83c\udf1fOdkryj sw\u00f3j nowy styl dzi\u0119ki aplikacji do strzy\u017cenia i koloryzacji w\u0142os\u00f3w!<\/figcaption><\/figure><\/div>\n\n\n<p>Oto trzy pozytywne historie, kt\u00f3re zainspiruj\u0105 Ci\u0119 do wypr\u00f3bowania nowych stylizacji: \ud83d\ude0d<\/p>\n\n\n\n<ol>\n<li><strong>YouCam Makeup<\/strong>: \u201eUwielbiam t\u0119 aplikacj\u0119! Jest super\u0142atwa w obs\u0142udze i oferuje ogromny wyb\u00f3r fryzur. Mog\u0142am wypr\u00f3bowa\u0107 kilka ci\u0119\u0107 i kolor\u00f3w przed wizyt\u0105 w salonie i zdecydowa\u0107, kt\u00f3ry b\u0119dzie dla mnie najlepszy!\u201d<\/li>\n\n\n\n<li><strong>Zmiana fryzury<\/strong>\u201eBardzo przydatna aplikacja, kt\u00f3ra pozwala mi zobaczy\u0107, jak r\u00f3\u017cne fryzury na mnie wygl\u0105daj\u0105. Podoba\u0142a mi si\u0119 mo\u017cliwo\u015b\u0107 por\u00f3wnywania fryzur obok siebie i udost\u0119pniania zdj\u0119\u0107 znajomym\u201d.<\/li>\n\n\n\n<li><strong>Metamorfoza w\u0142os\u00f3w<\/strong>\u201eTechnologia rozszerzonej rzeczywisto\u015bci jest niesamowita! Mog\u0142am zobaczy\u0107, jak realistycznie b\u0119d\u0105 wygl\u0105da\u0107 ci\u0119cia i kolory. Aplikacja oferuje r\u00f3wnie\u017c porady dotycz\u0105ce piel\u0119gnacji w\u0142os\u00f3w, co okaza\u0142o si\u0119 bardzo pomocne\u201d.<\/li>\n<\/ol>\n\n\n\n<h3 class=\"wp-block-heading\">\ud83d\udca1 <strong>Wa\u017cne wskaz\u00f3wki, jak osi\u0105gn\u0105\u0107 sukces!<\/strong><\/h3>\n\n\n\n<p>Zanim zanurzysz si\u0119 w tym ekscytuj\u0105cym do\u015bwiadczeniu, oto kilka rzeczy, o kt\u00f3rych warto pami\u0119ta\u0107:<\/p>\n\n\n\n<p>\u2013 Efekty mog\u0105 si\u0119 r\u00f3\u017cni\u0107 w zale\u017cno\u015bci od jako\u015bci zdj\u0119cia i o\u015bwietlenia. \u2013 Wybieraj\u0105c nowe ci\u0119cie lub kolor, we\u017a pod uwag\u0119 kszta\u0142t twarzy, faktur\u0119 w\u0142os\u00f3w i osobisty styl.<\/p>\n\n\n\n<h2 class=\"wp-block-heading\">\ud83d\udcf2 <strong>Czas pobra\u0107 i zab\u0142ysn\u0105\u0107!<\/strong><\/h2>\n\n\n\n<p>Teraz, gdy jeste\u015b gotowy rozpocz\u0105\u0107 swoj\u0105 podr\u00f3\u017c ku transformacji, nie tra\u0107 czasu i pobierz te niesamowite aplikacje ju\u017c teraz!<\/p>\n\n\n\n<ul>\n<li><strong>YouCam Makeup<\/strong>: <a href=\"https:\/\/apps.apple.com\/br\/app\/youcam-makeup-editor-de-fotos\/id863844475\">Link dla iOS<\/a> | <a href=\"https:\/\/play.google.com\/store\/apps\/details?id=com.cyberlink.youcammakeup\">Link dla Androida<\/a><\/li>\n\n\n\n<li><strong>Zmiana fryzury<\/strong>: <a href=\"https:\/\/apps.apple.com\/br\/app\/hairstyle-changer-makeup-art\/id1536112807\">Link dla iOS<\/a> | <a href=\"https:\/\/play.google.com\/store\/apps\/details?id=salon.haircolor.womanhairstyle.hairstylechanger&amp;hl=pt_BR&amp;gl=US\">Link dla Androida<\/a><\/li>\n\n\n\n<li><strong>Metamorfoza w\u0142os\u00f3w<\/strong>: <a href=\"https:\/\/apps.apple.com\/tr\/developer\/modiface\/id308030250\">Link dla iOS<\/a> | <a href=\"https:\/\/play.google.com\/store\/apps\/details?id=hairstyle.colorChanger.haircut_salon&amp;hl=en\">Link dla Androida<\/a><\/li>\n<\/ul>\n\n\n\n<p>\ud83d\udc87\u200d\u2642\ufe0f\ud83d\udc87\u200d\u2640\ufe0f <strong>Gotowy na radykaln\u0105 zmian\u0119? Pobierz teraz i odkryj sw\u00f3j nowy wygl\u0105d!<\/strong> \ud83d\udc87\u200d\u2640\ufe0f\ud83d\udc87\u200d\u2642\ufe0f<\/p>","protected":false},"excerpt":{"rendered":"<p>\ud83d\ude80 Evoluci\u00f3n Tecnol\u00f3gica en la Palma de tu Mano.\ud83c\udf1fDescubre Tu Nuevo Estilo con App de Corte de Cabello y Color! \ud83c\udf1f Desde el surgimiento de las primeras aplicaciones de belleza, la tecnolog\u00eda ha estado revolucionando la forma en que nos cuidamos. Y cuando se trata de elegir un nuevo corte de cabello o color, \u00a1la [&hellip;]<\/p>","protected":false},"author":219,"featured_media":5351,"comment_status":"closed","ping_status":"open","sticky":false,"template":"","format":"standard","meta":{"footnotes":""},"categories":[3],"tags":[387,1591],"yoast_head":"<!-- This site is optimized with the Yoast SEO plugin v23.3 - https:\/\/yoast.com\/wordpress\/plugins\/seo\/ -->\n<title>\ud83c\udf1fDescubre Tu Nuevo Estilo con App de Corte de Cabello y Color! - Universo Fam\u00edlia<\/title>\n<meta name=\"description\" content=\"\ud83c\udf1fDescubre Tu Nuevo Estilo con App de Corte de Cabello y Color! \ud83d\ude80 Evoluci\u00f3n Tecnol\u00f3gica en la Palma de tu Mano \ud83c\udf1f\" \/>\n<meta name=\"robots\" content=\"index, follow, max-snippet:-1, max-image-preview:large, max-video-preview:-1\" \/>\n<link rel=\"canonical\" href=\"https:\/\/universofamilia.com\/pl\/descubre-tu-nuevo-estilo-con-app-de-corte-de-cabello-y-color\/\" \/>\n<meta property=\"og:locale\" content=\"pl_PL\" \/>\n<meta property=\"og:type\" content=\"article\" \/>\n<meta property=\"og:title\" content=\"\ud83c\udf1fDescubre Tu Nuevo Estilo con App de Corte de Cabello y Color! - Universo Fam\u00edlia\" \/>\n<meta property=\"og:description\" content=\"\ud83c\udf1fDescubre Tu Nuevo Estilo con App de Corte de Cabello y Color! \ud83d\ude80 Evoluci\u00f3n Tecnol\u00f3gica en la Palma de tu Mano \ud83c\udf1f\" \/>\n<meta property=\"og:url\" content=\"https:\/\/universofamilia.com\/pl\/descubre-tu-nuevo-estilo-con-app-de-corte-de-cabello-y-color\/\" \/>\n<meta property=\"og:site_name\" content=\"Universo Fam\u00edlia\" \/>\n<meta property=\"article:published_time\" content=\"2024-03-06T19:27:12+00:00\" \/>\n<meta property=\"article:modified_time\" content=\"2025-12-26T19:27:22+00:00\" \/>\n<meta property=\"og:image\" content=\"https:\/\/universofamilia.com\/wp-content\/uploads\/sites\/148\/2024\/03\/P-550x350-1-2.jpg\" \/>\n\t<meta property=\"og:image:width\" content=\"550\" \/>\n\t<meta property=\"og:image:height\" content=\"350\" \/>\n\t<meta property=\"og:image:type\" content=\"image\/jpeg\" \/>\n<meta name=\"author\" content=\"Matheus Sangaletti\" \/>\n<meta name=\"twitter:card\" content=\"summary_large_image\" \/>\n<meta name=\"twitter:label1\" content=\"Written by\" \/>\n\t<meta name=\"twitter:data1\" content=\"Matheus Sangaletti\" \/>\n\t<meta name=\"twitter:label2\" content=\"Est. reading time\" \/>\n\t<meta name=\"twitter:data2\" content=\"4 minuty\" \/>\n<script type=\"application\/ld+json\" class=\"yoast-schema-graph\">{\"@context\":\"https:\/\/schema.org\",\"@graph\":[{\"@type\":\"WebPage\",\"@id\":\"https:\/\/universofamilia.com\/hr\/descubre-tu-nuevo-estilo-con-app-de-corte-de-cabello-y-color\/\",\"url\":\"https:\/\/universofamilia.com\/hr\/descubre-tu-nuevo-estilo-con-app-de-corte-de-cabello-y-color\/\",\"name\":\"\ud83c\udf1fDescubre Tu Nuevo Estilo con App de Corte de Cabello y Color! - Universo Fam\u00edlia\",\"isPartOf\":{\"@id\":\"https:\/\/universofamilia.com\/el\/#website\"},\"primaryImageOfPage\":{\"@id\":\"https:\/\/universofamilia.com\/hr\/descubre-tu-nuevo-estilo-con-app-de-corte-de-cabello-y-color\/#primaryimage\"},\"image\":{\"@id\":\"https:\/\/universofamilia.com\/hr\/descubre-tu-nuevo-estilo-con-app-de-corte-de-cabello-y-color\/#primaryimage\"},\"thumbnailUrl\":\"https:\/\/universofamilia.com\/wp-content\/uploads\/sites\/148\/2024\/03\/P-550x350-1-2.jpg\",\"datePublished\":\"2024-03-06T19:27:12+00:00\",\"dateModified\":\"2025-12-26T19:27:22+00:00\",\"author\":{\"@id\":\"https:\/\/universofamilia.com\/el\/#\/schema\/person\/92fcd07e9b1f4323bf74f3170fc0f78a\"},\"description\":\"\ud83c\udf1fDescubre Tu Nuevo Estilo con App de Corte de Cabello y Color! \ud83d\ude80 Evoluci\u00f3n Tecnol\u00f3gica en la Palma de tu Mano \ud83c\udf1f\",\"breadcrumb\":{\"@id\":\"https:\/\/universofamilia.com\/hr\/descubre-tu-nuevo-estilo-con-app-de-corte-de-cabello-y-color\/#breadcrumb\"},\"inLanguage\":\"pl-PL\",\"potentialAction\":[{\"@type\":\"ReadAction\",\"target\":[\"https:\/\/universofamilia.com\/hr\/descubre-tu-nuevo-estilo-con-app-de-corte-de-cabello-y-color\/\"]}]},{\"@type\":\"ImageObject\",\"inLanguage\":\"pl-PL\",\"@id\":\"https:\/\/universofamilia.com\/hr\/descubre-tu-nuevo-estilo-con-app-de-corte-de-cabello-y-color\/#primaryimage\",\"url\":\"https:\/\/universofamilia.com\/wp-content\/uploads\/sites\/148\/2024\/03\/P-550x350-1-2.jpg\",\"contentUrl\":\"https:\/\/universofamilia.com\/wp-content\/uploads\/sites\/148\/2024\/03\/P-550x350-1-2.jpg\",\"width\":550,\"height\":350,\"caption\":\"\ud83c\udf1fDescubre Tu Nuevo Estilo con App de Corte de Cabello y Color!\"},{\"@type\":\"BreadcrumbList\",\"@id\":\"https:\/\/universofamilia.com\/hr\/descubre-tu-nuevo-estilo-con-app-de-corte-de-cabello-y-color\/#breadcrumb\",\"itemListElement\":[{\"@type\":\"ListItem\",\"position\":1,\"name\":\"Home\",\"item\":\"https:\/\/universofamilia.com\/el\/\"},{\"@type\":\"ListItem\",\"position\":2,\"name\":\"\ud83c\udf1fDescubre Tu Nuevo Estilo con App de Corte de Cabello y Color!\"}]},{\"@type\":\"WebSite\",\"@id\":\"https:\/\/universofamilia.com\/el\/#website\",\"url\":\"https:\/\/universofamilia.com\/el\/\",\"name\":\"Universo Fam\u00edlia\",\"description\":\"\",\"potentialAction\":[{\"@type\":\"SearchAction\",\"target\":{\"@type\":\"EntryPoint\",\"urlTemplate\":\"https:\/\/universofamilia.com\/el\/?s={search_term_string}\"},\"query-input\":\"required name=search_term_string\"}],\"inLanguage\":\"pl-PL\"},{\"@type\":\"Person\",\"@id\":\"https:\/\/universofamilia.com\/el\/#\/schema\/person\/92fcd07e9b1f4323bf74f3170fc0f78a\",\"name\":\"Matheus Sangaletti\",\"image\":{\"@type\":\"ImageObject\",\"inLanguage\":\"pl-PL\",\"@id\":\"https:\/\/universofamilia.com\/el\/#\/schema\/person\/image\/\",\"url\":\"https:\/\/secure.gravatar.com\/avatar\/280ea957a14a48e6a1ad2133d2cc27c9?s=96&d=mm&r=g\",\"contentUrl\":\"https:\/\/secure.gravatar.com\/avatar\/280ea957a14a48e6a1ad2133d2cc27c9?s=96&d=mm&r=g\",\"caption\":\"Matheus Sangaletti\"},\"url\":\"https:\/\/universofamilia.com\/pl\/author\/matheuss\/\"}]}<\/script>\n<!-- \/ Yoast SEO plugin. -->","yoast_head_json":{"title":"\ud83c\udf1fDescubre Tu Nuevo Estilo con App de Corte de Cabello y Color! - Universo Fam\u00edlia","description":"\ud83c\udf1fDescubre Tu Nuevo Estilo con App de Corte de Cabello y Color! \ud83d\ude80 Evoluci\u00f3n Tecnol\u00f3gica en la Palma de tu Mano \ud83c\udf1f","robots":{"index":"index","follow":"follow","max-snippet":"max-snippet:-1","max-image-preview":"max-image-preview:large","max-video-preview":"max-video-preview:-1"},"canonical":"https:\/\/universofamilia.com\/pl\/descubre-tu-nuevo-estilo-con-app-de-corte-de-cabello-y-color\/","og_locale":"pl_PL","og_type":"article","og_title":"\ud83c\udf1fDescubre Tu Nuevo Estilo con App de Corte de Cabello y Color! - Universo Fam\u00edlia","og_description":"\ud83c\udf1fDescubre Tu Nuevo Estilo con App de Corte de Cabello y Color! \ud83d\ude80 Evoluci\u00f3n Tecnol\u00f3gica en la Palma de tu Mano \ud83c\udf1f","og_url":"https:\/\/universofamilia.com\/pl\/descubre-tu-nuevo-estilo-con-app-de-corte-de-cabello-y-color\/","og_site_name":"Universo Fam\u00edlia","article_published_time":"2024-03-06T19:27:12+00:00","article_modified_time":"2025-12-26T19:27:22+00:00","og_image":[{"width":550,"height":350,"url":"https:\/\/universofamilia.com\/wp-content\/uploads\/sites\/148\/2024\/03\/P-550x350-1-2.jpg","type":"image\/jpeg"}],"author":"Matheus Sangaletti","twitter_card":"summary_large_image","twitter_misc":{"Written by":"Matheus Sangaletti","Est. reading time":"4 minuty"},"schema":{"@context":"https:\/\/schema.org","@graph":[{"@type":"WebPage","@id":"https:\/\/universofamilia.com\/hr\/descubre-tu-nuevo-estilo-con-app-de-corte-de-cabello-y-color\/","url":"https:\/\/universofamilia.com\/hr\/descubre-tu-nuevo-estilo-con-app-de-corte-de-cabello-y-color\/","name":"\ud83c\udf1fDescubre Tu Nuevo Estilo con App de Corte de Cabello y Color! - Universo Fam\u00edlia","isPartOf":{"@id":"https:\/\/universofamilia.com\/el\/#website"},"primaryImageOfPage":{"@id":"https:\/\/universofamilia.com\/hr\/descubre-tu-nuevo-estilo-con-app-de-corte-de-cabello-y-color\/#primaryimage"},"image":{"@id":"https:\/\/universofamilia.com\/hr\/descubre-tu-nuevo-estilo-con-app-de-corte-de-cabello-y-color\/#primaryimage"},"thumbnailUrl":"https:\/\/universofamilia.com\/wp-content\/uploads\/sites\/148\/2024\/03\/P-550x350-1-2.jpg","datePublished":"2024-03-06T19:27:12+00:00","dateModified":"2025-12-26T19:27:22+00:00","author":{"@id":"https:\/\/universofamilia.com\/el\/#\/schema\/person\/92fcd07e9b1f4323bf74f3170fc0f78a"},"description":"\ud83c\udf1fDescubre Tu Nuevo Estilo con App de Corte de Cabello y Color! \ud83d\ude80 Evoluci\u00f3n Tecnol\u00f3gica en la Palma de tu Mano \ud83c\udf1f","breadcrumb":{"@id":"https:\/\/universofamilia.com\/hr\/descubre-tu-nuevo-estilo-con-app-de-corte-de-cabello-y-color\/#breadcrumb"},"inLanguage":"pl-PL","potentialAction":[{"@type":"ReadAction","target":["https:\/\/universofamilia.com\/hr\/descubre-tu-nuevo-estilo-con-app-de-corte-de-cabello-y-color\/"]}]},{"@type":"ImageObject","inLanguage":"pl-PL","@id":"https:\/\/universofamilia.com\/hr\/descubre-tu-nuevo-estilo-con-app-de-corte-de-cabello-y-color\/#primaryimage","url":"https:\/\/universofamilia.com\/wp-content\/uploads\/sites\/148\/2024\/03\/P-550x350-1-2.jpg","contentUrl":"https:\/\/universofamilia.com\/wp-content\/uploads\/sites\/148\/2024\/03\/P-550x350-1-2.jpg","width":550,"height":350,"caption":"\ud83c\udf1fDescubre Tu Nuevo Estilo con App de Corte de Cabello y Color!"},{"@type":"BreadcrumbList","@id":"https:\/\/universofamilia.com\/hr\/descubre-tu-nuevo-estilo-con-app-de-corte-de-cabello-y-color\/#breadcrumb","itemListElement":[{"@type":"ListItem","position":1,"name":"Home","item":"https:\/\/universofamilia.com\/el\/"},{"@type":"ListItem","position":2,"name":"\ud83c\udf1fDescubre Tu Nuevo Estilo con App de Corte de Cabello y Color!"}]},{"@type":"WebSite","@id":"https:\/\/universofamilia.com\/el\/#website","url":"https:\/\/universofamilia.com\/el\/","name":"Universo Fam\u00edlia","description":"","potentialAction":[{"@type":"SearchAction","target":{"@type":"EntryPoint","urlTemplate":"https:\/\/universofamilia.com\/el\/?s={search_term_string}"},"query-input":"required name=search_term_string"}],"inLanguage":"pl-PL"},{"@type":"Person","@id":"https:\/\/universofamilia.com\/el\/#\/schema\/person\/92fcd07e9b1f4323bf74f3170fc0f78a","name":"Matheus Sangaletti","image":{"@type":"ImageObject","inLanguage":"pl-PL","@id":"https:\/\/universofamilia.com\/el\/#\/schema\/person\/image\/","url":"https:\/\/secure.gravatar.com\/avatar\/280ea957a14a48e6a1ad2133d2cc27c9?s=96&d=mm&r=g","contentUrl":"https:\/\/secure.gravatar.com\/avatar\/280ea957a14a48e6a1ad2133d2cc27c9?s=96&d=mm&r=g","caption":"Matheus Sangaletti"},"url":"https:\/\/universofamilia.com\/pl\/author\/matheuss\/"}]}},"_links":{"self":[{"href":"https:\/\/universofamilia.com\/pl\/wp-json\/wp\/v2\/posts\/5350"}],"collection":[{"href":"https:\/\/universofamilia.com\/pl\/wp-json\/wp\/v2\/posts"}],"about":[{"href":"https:\/\/universofamilia.com\/pl\/wp-json\/wp\/v2\/types\/post"}],"author":[{"embeddable":true,"href":"https:\/\/universofamilia.com\/pl\/wp-json\/wp\/v2\/users\/219"}],"replies":[{"embeddable":true,"href":"https:\/\/universofamilia.com\/pl\/wp-json\/wp\/v2\/comments?post=5350"}],"version-history":[{"count":1,"href":"https:\/\/universofamilia.com\/pl\/wp-json\/wp\/v2\/posts\/5350\/revisions"}],"predecessor-version":[{"id":10477,"href":"https:\/\/universofamilia.com\/pl\/wp-json\/wp\/v2\/posts\/5350\/revisions\/10477"}],"wp:featuredmedia":[{"embeddable":true,"href":"https:\/\/universofamilia.com\/pl\/wp-json\/wp\/v2\/media\/5351"}],"wp:attachment":[{"href":"https:\/\/universofamilia.com\/pl\/wp-json\/wp\/v2\/media?parent=5350"}],"wp:term":[{"taxonomy":"category","embeddable":true,"href":"https:\/\/universofamilia.com\/pl\/wp-json\/wp\/v2\/categories?post=5350"},{"taxonomy":"post_tag","embeddable":true,"href":"https:\/\/universofamilia.com\/pl\/wp-json\/wp\/v2\/tags?post=5350"}],"curies":[{"name":"wp","href":"https:\/\/api.w.org\/{rel}","templated":true}]}}